{"id":10702,"date":"2023-03-27T08:00:00","date_gmt":"2023-03-27T07:00:00","guid":{"rendered":"https:\/\/mrm-style.com\/sr\/?p=10702"},"modified":"2023-04-10T19:22:33","modified_gmt":"2023-04-10T18:22:33","slug":"pisma-iz-nemacke-berlin-kulturni-centar-i-obecani-raj-za-kupoholicare","status":"publish","type":"post","link":"https:\/\/mrm-style.com\/sr\/pisma-iz-nemacke-berlin-kulturni-centar-i-obecani-raj-za-kupoholicare\/","title":{"rendered":"Pisma iz Nema\u010dke: Berlin, kulturni centar i obe\u0107ani raj za kupoholi\u010dare&#8230;"},"content":{"rendered":"\n<p>Dragi moji ljubitelji putovanja i modni znalci, dobrodo\u0161li u novu pri\u010du na Mr.M blogu! Po\u0161to sam dobio dosta va\u0161ih poruka nakon objavljenog <strong><em><a href=\"https:\/\/mrm-style.com\/sr\/nisantasi-luksuzni-vodic-za-bajkovitu-kupovinu-u-istanbulu\/\" target=\"_blank\" rel=\"noreferrer noopener\">vodi\u010da za kupovinu u Istanbulu<\/a><\/em><\/strong>, re\u0161io sam da vas obradujem jo\u0161 jednim sli\u010dnim sadr\u017eajem iz grada koji do\u017eivljavam kao svoj drugi dom jer sam proveo svoje najlep\u0161e godine u prestonici Nema\u010dke &#8211; Berlinu.<\/p>\n\n\n<div class=\"wp-block-image\">\n<figure class=\"aligncenter size-full\"><a href=\"https:\/\/mrm-style.com\/sr\/wp-content\/uploads\/2023\/04\/Pisma-iz-Nemac\u030cke-Berlin-kulturni-centar-i-obec\u0301ani-raj-za-kupoholic\u030care...-Mr.M-by-Marko-Tadic\u0301-mrmbymarkotadic35.jpg\"><img loading=\"lazy\" decoding=\"async\" width=\"2400\" height=\"1600\" src=\"https:\/\/mrm-style.com\/sr\/wp-content\/uploads\/2023\/04\/Pisma-iz-Nemac\u030cke-Berlin-kulturni-centar-i-obec\u0301ani-raj-za-kupoholic\u030care...-Mr.M-by-Marko-Tadic\u0301-mrmbymarkotadic35.jpg\" alt=\"\" class=\"wp-image-10738\" srcset=\"https:\/\/mrm-style.com\/sr\/wp-content\/uploads\/2023\/04\/Pisma-iz-Nemac\u030cke-Berlin-kulturni-centar-i-obec\u0301ani-raj-za-kupoholic\u030care...-Mr.M-by-Marko-Tadic\u0301-mrmbymarkotadic35.jpg 2400w, https:\/\/mrm-style.com\/sr\/wp-content\/uploads\/2023\/04\/Pisma-iz-Nemac\u030cke-Berlin-kulturni-centar-i-obec\u0301ani-raj-za-kupoholic\u030care...-Mr.M-by-Marko-Tadic\u0301-mrmbymarkotadic35-300x200.jpg 300w, https:\/\/mrm-style.com\/sr\/wp-content\/uploads\/2023\/04\/Pisma-iz-Nemac\u030cke-Berlin-kulturni-centar-i-obec\u0301ani-raj-za-kupoholic\u030care...-Mr.M-by-Marko-Tadic\u0301-mrmbymarkotadic35-1024x683.jpg 1024w, https:\/\/mrm-style.com\/sr\/wp-content\/uploads\/2023\/04\/Pisma-iz-Nemac\u030cke-Berlin-kulturni-centar-i-obec\u0301ani-raj-za-kupoholic\u030care...-Mr.M-by-Marko-Tadic\u0301-mrmbymarkotadic35-768x512.jpg 768w, https:\/\/mrm-style.com\/sr\/wp-content\/uploads\/2023\/04\/Pisma-iz-Nemac\u030cke-Berlin-kulturni-centar-i-obec\u0301ani-raj-za-kupoholic\u030care...-Mr.M-by-Marko-Tadic\u0301-mrmbymarkotadic35-1536x1024.jpg 1536w, https:\/\/mrm-style.com\/sr\/wp-content\/uploads\/2023\/04\/Pisma-iz-Nemac\u030cke-Berlin-kulturni-centar-i-obec\u0301ani-raj-za-kupoholic\u030care...-Mr.M-by-Marko-Tadic\u0301-mrmbymarkotadic35-2048x1365.jpg 2048w, https:\/\/mrm-style.com\/sr\/wp-content\/uploads\/2023\/04\/Pisma-iz-Nemac\u030cke-Berlin-kulturni-centar-i-obec\u0301ani-raj-za-kupoholic\u030care...-Mr.M-by-Marko-Tadic\u0301-mrmbymarkotadic35-1440x960.jpg 1440w, https:\/\/mrm-style.com\/sr\/wp-content\/uploads\/2023\/04\/Pisma-iz-Nemac\u030cke-Berlin-kulturni-centar-i-obec\u0301ani-raj-za-kupoholic\u030care...-Mr.M-by-Marko-Tadic\u0301-mrmbymarkotadic35-800x533.jpg 800w, https:\/\/mrm-style.com\/sr\/wp-content\/uploads\/2023\/04\/Pisma-iz-Nemac\u030cke-Berlin-kulturni-centar-i-obec\u0301ani-raj-za-kupoholic\u030care...-Mr.M-by-Marko-Tadic\u0301-mrmbymarkotadic35-550x367.jpg 550w, https:\/\/mrm-style.com\/sr\/wp-content\/uploads\/2023\/04\/Pisma-iz-Nemac\u030cke-Berlin-kulturni-centar-i-obec\u0301ani-raj-za-kupoholic\u030care...-Mr.M-by-Marko-Tadic\u0301-mrmbymarkotadic35-1920x1280.jpg 1920w, https:\/\/mrm-style.com\/sr\/wp-content\/uploads\/2023\/04\/Pisma-iz-Nemac\u030cke-Berlin-kulturni-centar-i-obec\u0301ani-raj-za-kupoholic\u030care...-Mr.M-by-Marko-Tadic\u0301-mrmbymarkotadic35-1620x1080.jpg 1620w, https:\/\/mrm-style.com\/sr\/wp-content\/uploads\/2023\/04\/Pisma-iz-Nemac\u030cke-Berlin-kulturni-centar-i-obec\u0301ani-raj-za-kupoholic\u030care...-Mr.M-by-Marko-Tadic\u0301-mrmbymarkotadic35-900x600.jpg 900w\" sizes=\"auto, (max-width: 2400px) 100vw, 2400px\" \/><\/a><\/figure>\n<\/div>\n\n\n<p>Berlin je ina\u010de poznat kao evropska prestonica najve\u0107ih i najva\u017enijih kulturnih de\u0161avanja i da je pored toga poznat kao prestonica urbane uli\u010dne mode i pored toga ponosno nosi epitet evropske prestonice koja apsolutno nikad ne spava zbog burnog i bogatog no\u0107nog \u017eivota. Znate da sam uvek iskren, \u0161to se ti\u010de no\u0107nog \u017eivota nisam neki najbolji vodi\u010d, ali \u0161to se ti\u010de znamenitosti i dobre kupovine, tu sam najbolji savetnik, pa sam zbog toga re\u0161io da sa vama podelim neke detalje o Berlinu.<\/p>\n\n\n<div class=\"wp-block-image\">\n<figure class=\"aligncenter size-full\"><a href=\"https:\/\/mrm-style.com\/sr\/wp-content\/uploads\/2023\/04\/Pisma-iz-Nemac\u030cke-Berlin-kulturni-centar-i-obec\u0301ani-raj-za-kupoholic\u030care...-Mr.M-by-Marko-Tadic\u0301-mrmbymarkotadic3.jpg\"><img loading=\"lazy\" decoding=\"async\" width=\"2400\" height=\"1600\" src=\"https:\/\/mrm-style.com\/sr\/wp-content\/uploads\/2023\/04\/Pisma-iz-Nemac\u030cke-Berlin-kulturni-centar-i-obec\u0301ani-raj-za-kupoholic\u030care...-Mr.M-by-Marko-Tadic\u0301-mrmbymarkotadic3.jpg\" alt=\"\" class=\"wp-image-10706\" srcset=\"https:\/\/mrm-style.com\/sr\/wp-content\/uploads\/2023\/04\/Pisma-iz-Nemac\u030cke-Berlin-kulturni-centar-i-obec\u0301ani-raj-za-kupoholic\u030care...-Mr.M-by-Marko-Tadic\u0301-mrmbymarkotadic3.jpg 2400w, https:\/\/mrm-style.com\/sr\/wp-content\/uploads\/2023\/04\/Pisma-iz-Nemac\u030cke-Berlin-kulturni-centar-i-obec\u0301ani-raj-za-kupoholic\u030care...-Mr.M-by-Marko-Tadic\u0301-mrmbymarkotadic3-300x200.jpg 300w, https:\/\/mrm-style.com\/sr\/wp-content\/uploads\/2023\/04\/Pisma-iz-Nemac\u030cke-Berlin-kulturni-centar-i-obec\u0301ani-raj-za-kupoholic\u030care...-Mr.M-by-Marko-Tadic\u0301-mrmbymarkotadic3-1024x683.jpg 1024w, https:\/\/mrm-style.com\/sr\/wp-content\/uploads\/2023\/04\/Pisma-iz-Nemac\u030cke-Berlin-kulturni-centar-i-obec\u0301ani-raj-za-kupoholic\u030care...-Mr.M-by-Marko-Tadic\u0301-mrmbymarkotadic3-768x512.jpg 768w, https:\/\/mrm-style.com\/sr\/wp-content\/uploads\/2023\/04\/Pisma-iz-Nemac\u030cke-Berlin-kulturni-centar-i-obec\u0301ani-raj-za-kupoholic\u030care...-Mr.M-by-Marko-Tadic\u0301-mrmbymarkotadic3-1536x1024.jpg 1536w, https:\/\/mrm-style.com\/sr\/wp-content\/uploads\/2023\/04\/Pisma-iz-Nemac\u030cke-Berlin-kulturni-centar-i-obec\u0301ani-raj-za-kupoholic\u030care...-Mr.M-by-Marko-Tadic\u0301-mrmbymarkotadic3-2048x1365.jpg 2048w, https:\/\/mrm-style.com\/sr\/wp-content\/uploads\/2023\/04\/Pisma-iz-Nemac\u030cke-Berlin-kulturni-centar-i-obec\u0301ani-raj-za-kupoholic\u030care...-Mr.M-by-Marko-Tadic\u0301-mrmbymarkotadic3-1440x960.jpg 1440w, https:\/\/mrm-style.com\/sr\/wp-content\/uploads\/2023\/04\/Pisma-iz-Nemac\u030cke-Berlin-kulturni-centar-i-obec\u0301ani-raj-za-kupoholic\u030care...-Mr.M-by-Marko-Tadic\u0301-mrmbymarkotadic3-800x533.jpg 800w, https:\/\/mrm-style.com\/sr\/wp-content\/uploads\/2023\/04\/Pisma-iz-Nemac\u030cke-Berlin-kulturni-centar-i-obec\u0301ani-raj-za-kupoholic\u030care...-Mr.M-by-Marko-Tadic\u0301-mrmbymarkotadic3-550x367.jpg 550w, https:\/\/mrm-style.com\/sr\/wp-content\/uploads\/2023\/04\/Pisma-iz-Nemac\u030cke-Berlin-kulturni-centar-i-obec\u0301ani-raj-za-kupoholic\u030care...-Mr.M-by-Marko-Tadic\u0301-mrmbymarkotadic3-1920x1280.jpg 1920w, https:\/\/mrm-style.com\/sr\/wp-content\/uploads\/2023\/04\/Pisma-iz-Nemac\u030cke-Berlin-kulturni-centar-i-obec\u0301ani-raj-za-kupoholic\u030care...-Mr.M-by-Marko-Tadic\u0301-mrmbymarkotadic3-1620x1080.jpg 1620w, https:\/\/mrm-style.com\/sr\/wp-content\/uploads\/2023\/04\/Pisma-iz-Nemac\u030cke-Berlin-kulturni-centar-i-obec\u0301ani-raj-za-kupoholic\u030care...-Mr.M-by-Marko-Tadic\u0301-mrmbymarkotadic3-900x600.jpg 900w\" sizes=\"auto, (max-width: 2400px) 100vw, 2400px\" \/><\/a><\/figure>\n<\/div>\n\n\n<p>Za sve oni koji nisu upoznati sa gradskom raspodelom grada Berlina, ova metropola ima &#8220;dva centra&#8221; &#8211; isto\u010dni i zapadni deo grada. Da biste se lak\u0161e orijentisali, samo imajte na umu da se najve\u0107i deo znamenitosti nalazi u Isto\u010dnom delu grada kod Brandenbur\u0161ke kapije i to je na neki nakin kulturno jezgro grada, dok je zapadni deo grada nekako \u017eivahan i moderan, mesto gde \u0107ete prona\u0107i dobra mesta za kupovinu i restorane. Ova dva dela grada godinama uspe\u0161no povezuje gradska linija autobusa broj 100 i to vam je najbolja limuzina iz koje mo\u017eete upoznati grad. <\/p>\n\n\n<div class=\"wp-block-image\">\n<figure class=\"aligncenter size-full\"><a href=\"https:\/\/mrm-style.com\/sr\/wp-content\/uploads\/2023\/04\/Pisma-iz-Nemac\u030cke-Berlin-kulturni-centar-i-obec\u0301ani-raj-za-kupoholic\u030care...-Mr.M-by-Marko-Tadic\u0301-mrmbymarkotadic26.jpg\"><img loading=\"lazy\" decoding=\"async\" width=\"2400\" height=\"1600\" src=\"https:\/\/mrm-style.com\/sr\/wp-content\/uploads\/2023\/04\/Pisma-iz-Nemac\u030cke-Berlin-kulturni-centar-i-obec\u0301ani-raj-za-kupoholic\u030care...-Mr.M-by-Marko-Tadic\u0301-mrmbymarkotadic26.jpg\" alt=\"\" class=\"wp-image-10729\" srcset=\"https:\/\/mrm-style.com\/sr\/wp-content\/uploads\/2023\/04\/Pisma-iz-Nemac\u030cke-Berlin-kulturni-centar-i-obec\u0301ani-raj-za-kupoholic\u030care...-Mr.M-by-Marko-Tadic\u0301-mrmbymarkotadic26.jpg 2400w, https:\/\/mrm-style.com\/sr\/wp-content\/uploads\/2023\/04\/Pisma-iz-Nemac\u030cke-Berlin-kulturni-centar-i-obec\u0301ani-raj-za-kupoholic\u030care...-Mr.M-by-Marko-Tadic\u0301-mrmbymarkotadic26-300x200.jpg 300w, https:\/\/mrm-style.com\/sr\/wp-content\/uploads\/2023\/04\/Pisma-iz-Nemac\u030cke-Berlin-kulturni-centar-i-obec\u0301ani-raj-za-kupoholic\u030care...-Mr.M-by-Marko-Tadic\u0301-mrmbymarkotadic26-1024x683.jpg 1024w, https:\/\/mrm-style.com\/sr\/wp-content\/uploads\/2023\/04\/Pisma-iz-Nemac\u030cke-Berlin-kulturni-centar-i-obec\u0301ani-raj-za-kupoholic\u030care...-Mr.M-by-Marko-Tadic\u0301-mrmbymarkotadic26-768x512.jpg 768w, https:\/\/mrm-style.com\/sr\/wp-content\/uploads\/2023\/04\/Pisma-iz-Nemac\u030cke-Berlin-kulturni-centar-i-obec\u0301ani-raj-za-kupoholic\u030care...-Mr.M-by-Marko-Tadic\u0301-mrmbymarkotadic26-1536x1024.jpg 1536w, https:\/\/mrm-style.com\/sr\/wp-content\/uploads\/2023\/04\/Pisma-iz-Nemac\u030cke-Berlin-kulturni-centar-i-obec\u0301ani-raj-za-kupoholic\u030care...-Mr.M-by-Marko-Tadic\u0301-mrmbymarkotadic26-2048x1365.jpg 2048w, https:\/\/mrm-style.com\/sr\/wp-content\/uploads\/2023\/04\/Pisma-iz-Nemac\u030cke-Berlin-kulturni-centar-i-obec\u0301ani-raj-za-kupoholic\u030care...-Mr.M-by-Marko-Tadic\u0301-mrmbymarkotadic26-1440x960.jpg 1440w, https:\/\/mrm-style.com\/sr\/wp-content\/uploads\/2023\/04\/Pisma-iz-Nemac\u030cke-Berlin-kulturni-centar-i-obec\u0301ani-raj-za-kupoholic\u030care...-Mr.M-by-Marko-Tadic\u0301-mrmbymarkotadic26-800x533.jpg 800w, https:\/\/mrm-style.com\/sr\/wp-content\/uploads\/2023\/04\/Pisma-iz-Nemac\u030cke-Berlin-kulturni-centar-i-obec\u0301ani-raj-za-kupoholic\u030care...-Mr.M-by-Marko-Tadic\u0301-mrmbymarkotadic26-550x367.jpg 550w, https:\/\/mrm-style.com\/sr\/wp-content\/uploads\/2023\/04\/Pisma-iz-Nemac\u030cke-Berlin-kulturni-centar-i-obec\u0301ani-raj-za-kupoholic\u030care...-Mr.M-by-Marko-Tadic\u0301-mrmbymarkotadic26-1920x1280.jpg 1920w, https:\/\/mrm-style.com\/sr\/wp-content\/uploads\/2023\/04\/Pisma-iz-Nemac\u030cke-Berlin-kulturni-centar-i-obec\u0301ani-raj-za-kupoholic\u030care...-Mr.M-by-Marko-Tadic\u0301-mrmbymarkotadic26-1620x1080.jpg 1620w, https:\/\/mrm-style.com\/sr\/wp-content\/uploads\/2023\/04\/Pisma-iz-Nemac\u030cke-Berlin-kulturni-centar-i-obec\u0301ani-raj-za-kupoholic\u030care...-Mr.M-by-Marko-Tadic\u0301-mrmbymarkotadic26-900x600.jpg 900w\" sizes=\"auto, (max-width: 2400px) 100vw, 2400px\" \/><\/a><\/figure>\n<\/div>\n\n\n<p>Berlin je izuzetno jednostavan grad za snala\u017eenje, Nemci su izuzetno ljubazni i ho\u0107e da pomognu turistima, samo nemojte koristiti nema\u010dki jezik ako ga ne znate najbolje, jer oni to shvataju kao veliku uvredu, bolje pri\u010dajte na engleskom, pre \u0107e vam iza\u0107i u susret, iako mo\u017eda stariji ljudi ne govore engleski, ali \u0107e se potruditi da vam pomognu. Oni dosta cene svoj jezik i ne vole kada im se skrnavi deo njihovog nacionalnog identiteta. \u0160to se ti\u010de javnog prevoza, dobro je organizovan i povezan, tako da mo\u017eete lako do\u0107i od ta\u010dke A do ta\u010dke B gde god da po\u017eelite u prestonici Nema\u010dke.<\/p>\n\n\n\n<p>Berlin je svetska metropola i poznati grad zabave, tako da \u0107e vas uvek do\u010dekati ra\u0161irenih ruku sa mno\u0161tvo novog sadr\u017eaja i verujem da \u0107e svako prona\u0107i adekvatan sadr\u017eaj za sebe i da Berlin nikog ne ostavlja ravnodu\u0161nim.<\/p>\n\n\n<div class=\"wp-block-image\">\n<figure class=\"aligncenter size-full\"><a href=\"https:\/\/mrm-style.com\/sr\/wp-content\/uploads\/2023\/04\/Pisma-iz-Nemac\u030cke-Berlin-kulturni-centar-i-obec\u0301ani-raj-za-kupoholic\u030care...-Mr.M-by-Marko-Tadic\u0301-mrmbymarkotadic23.jpg\"><img loading=\"lazy\" decoding=\"async\" width=\"2400\" height=\"1600\" src=\"https:\/\/mrm-style.com\/sr\/wp-content\/uploads\/2023\/04\/Pisma-iz-Nemac\u030cke-Berlin-kulturni-centar-i-obec\u0301ani-raj-za-kupoholic\u030care...-Mr.M-by-Marko-Tadic\u0301-mrmbymarkotadic23.jpg\" alt=\"\" class=\"wp-image-10726\" srcset=\"https:\/\/mrm-style.com\/sr\/wp-content\/uploads\/2023\/04\/Pisma-iz-Nemac\u030cke-Berlin-kulturni-centar-i-obec\u0301ani-raj-za-kupoholic\u030care...-Mr.M-by-Marko-Tadic\u0301-mrmbymarkotadic23.jpg 2400w, https:\/\/mrm-style.com\/sr\/wp-content\/uploads\/2023\/04\/Pisma-iz-Nemac\u030cke-Berlin-kulturni-centar-i-obec\u0301ani-raj-za-kupoholic\u030care...-Mr.M-by-Marko-Tadic\u0301-mrmbymarkotadic23-300x200.jpg 300w, https:\/\/mrm-style.com\/sr\/wp-content\/uploads\/2023\/04\/Pisma-iz-Nemac\u030cke-Berlin-kulturni-centar-i-obec\u0301ani-raj-za-kupoholic\u030care...-Mr.M-by-Marko-Tadic\u0301-mrmbymarkotadic23-1024x683.jpg 1024w, https:\/\/mrm-style.com\/sr\/wp-content\/uploads\/2023\/04\/Pisma-iz-Nemac\u030cke-Berlin-kulturni-centar-i-obec\u0301ani-raj-za-kupoholic\u030care...-Mr.M-by-Marko-Tadic\u0301-mrmbymarkotadic23-768x512.jpg 768w, https:\/\/mrm-style.com\/sr\/wp-content\/uploads\/2023\/04\/Pisma-iz-Nemac\u030cke-Berlin-kulturni-centar-i-obec\u0301ani-raj-za-kupoholic\u030care...-Mr.M-by-Marko-Tadic\u0301-mrmbymarkotadic23-1536x1024.jpg 1536w, https:\/\/mrm-style.com\/sr\/wp-content\/uploads\/2023\/04\/Pisma-iz-Nemac\u030cke-Berlin-kulturni-centar-i-obec\u0301ani-raj-za-kupoholic\u030care...-Mr.M-by-Marko-Tadic\u0301-mrmbymarkotadic23-2048x1365.jpg 2048w, https:\/\/mrm-style.com\/sr\/wp-content\/uploads\/2023\/04\/Pisma-iz-Nemac\u030cke-Berlin-kulturni-centar-i-obec\u0301ani-raj-za-kupoholic\u030care...-Mr.M-by-Marko-Tadic\u0301-mrmbymarkotadic23-1440x960.jpg 1440w, https:\/\/mrm-style.com\/sr\/wp-content\/uploads\/2023\/04\/Pisma-iz-Nemac\u030cke-Berlin-kulturni-centar-i-obec\u0301ani-raj-za-kupoholic\u030care...-Mr.M-by-Marko-Tadic\u0301-mrmbymarkotadic23-800x533.jpg 800w, https:\/\/mrm-style.com\/sr\/wp-content\/uploads\/2023\/04\/Pisma-iz-Nemac\u030cke-Berlin-kulturni-centar-i-obec\u0301ani-raj-za-kupoholic\u030care...-Mr.M-by-Marko-Tadic\u0301-mrmbymarkotadic23-550x367.jpg 550w, https:\/\/mrm-style.com\/sr\/wp-content\/uploads\/2023\/04\/Pisma-iz-Nemac\u030cke-Berlin-kulturni-centar-i-obec\u0301ani-raj-za-kupoholic\u030care...-Mr.M-by-Marko-Tadic\u0301-mrmbymarkotadic23-1920x1280.jpg 1920w, https:\/\/mrm-style.com\/sr\/wp-content\/uploads\/2023\/04\/Pisma-iz-Nemac\u030cke-Berlin-kulturni-centar-i-obec\u0301ani-raj-za-kupoholic\u030care...-Mr.M-by-Marko-Tadic\u0301-mrmbymarkotadic23-1620x1080.jpg 1620w, https:\/\/mrm-style.com\/sr\/wp-content\/uploads\/2023\/04\/Pisma-iz-Nemac\u030cke-Berlin-kulturni-centar-i-obec\u0301ani-raj-za-kupoholic\u030care...-Mr.M-by-Marko-Tadic\u0301-mrmbymarkotadic23-900x600.jpg 900w\" sizes=\"auto, (max-width: 2400px) 100vw, 2400px\" \/><\/a><\/figure>\n<\/div>\n\n\n<p><strong>ISTO\u010cNI BERLIN<\/strong><\/p>\n\n\n\n<p>Isto\u010dni Berlin je poznat po velikom broju muzeju i poznatim znamenitostima poput Brandenbur\u0161ke kapije i Berlinski televizijski toranj koji se nalazi negde na pola puta izme\u0111u Alexandar Platza i Mitte dela grada (gradskog jezgra).<\/p>\n\n\n\n<p>\u0160ta mo\u017eete videti u ovom delu grada?<\/p>\n\n\n\n<ol class=\"wp-block-list\"><li><strong><a href=\"https:\/\/www.visitberlin.de\/en\/checkpoint-charlie\" target=\"_blank\" rel=\"noreferrer noopener\">Kontrolni Punkt \u010carli<\/a><\/strong> (<em>Checkpoint Charlie<\/em>) &#8211; Ovo je najbolja polazna ta\u010dka za obilazak nekada\u0161njeg komunisti\u010dkog isto\u010dnog dela Berlina. Do ponovnog ujedinjenja 1989. godine, jedini legalni na\u010din da se pre\u0111e granica u Isto\u010dnom Berlinu i da se iza\u0111e iz nje bio je prolazak kroz zvani\u010dne kontrolne punktove. Kontrolni punkt \u010carli bio je najva\u017eniji od svih kontrolnih punktova jer je slu\u017eio kao jedina ulazna i odlazna ta\u010dka za diplomate, novinare i strane posetioce, odnosno ne-nemce. U blizini ovog punkta se nalazi i muzej ku\u0107a u koja sadr\u017ei artefakte koji su se koristili za bekstvo preko, ispod i kroz Berlinski zid, uklju\u010dujuc\u0301i automobile za bekstvo, balone na vruc\u0301i vazduh, pa \u010dak i mini-podmornice.<\/li><li><strong><a href=\"https:\/\/www.visitberlin.de\/en\/event\/world-trabis\" target=\"_blank\" rel=\"noreferrer noopener\">Trabi Muzej<\/a><\/strong> &#8211; Trabant (s ljubavlju Nemci vole da ga skra\u0107eno nazivaju Trabi) nije bio mo\u017eda jedini automobil na putevima Isto\u010dne Nema\u010dke tokom Hladnog rata, ali je bio najpoznatiji automobil proizveden i posedovan od strane ljudi u Isto\u010dnoj Nema\u010dkoj. Posedovanje Trabija bilo je vi\u0161e od samo prevoznog sredstva. Automobili su predstavljali slobodu kretanja ljudima koji su \u017eiveli u totalitarnoj dr\u017eavi. Ovaj automobil je bio prili\u010dno kompaktan, ali poku\u0161aji bekstva su ponekad uklju\u010divali skrivanje u prtlja\u017eniku automobila. Trabi je vi\u0161e od automobila, on je bezvremenski simbol borbe Isto\u010dne Nema\u010dke za slobodu svake vrste.<\/li><li><strong><a href=\"https:\/\/www.visitberlin.de\/en\/brandenburg-gate\" target=\"_blank\" rel=\"noreferrer noopener\">Brandenbur\u0161ka Kapija<\/a><\/strong><\/li><li><strong><a href=\"https:\/\/www.visitberlin.de\/en\/berlin-cathedral\" target=\"_blank\" rel=\"noreferrer noopener\">Berlinski Dom<\/a><\/strong><\/li><li><strong><a href=\"https:\/\/www.visitberlin.de\/en\/ansichtssachen\" target=\"_blank\" rel=\"noreferrer noopener\">Reichtag<\/a><\/strong> &#8211; zgrada Parlamenta, koja poseduje modernu staklenu kupolu sa koje se pru\u017ea bo\u017eanstven pogled na grad. Raspitajte se u vezi posete, znam da su uvek velike gu\u017eve, bio sam jednom tokom mog vi\u0161egodi\u0161njeg \u017eivota u Berlinu. Uvek su prisutne velike gu\u017eve, zato budite strpljivi.<\/li><li><strong><a href=\"https:\/\/www.visitberlin.de\/en\/berlin-wall-memorial\" target=\"_blank\" rel=\"noreferrer noopener\">Berlinski Zid<\/a><\/strong> &#8211; Memorijalni kompleks se prote\u017ee 1,3 km zajedno sa nekoliko lokaliteta na prostoru gde se nekada nalazio Berlinski Zid. Bernauer ulica je izabrana za Memorijal jer je najve\u0107i simbol podeljenog grada.<\/li><li><strong><a href=\"https:\/\/www.visitberlin.de\/en\/museum-island-in-berlin\" target=\"_blank\" rel=\"noreferrer noopener\">Ostrvo Muzeja<\/a><\/strong> &#8211; Nalazi se na UNESCO-voj listi svetskog nasle\u0111a, ostrvo se nalazi na reci \u0160preja i na njemu se nalazi 5 muzeja: Stari Muzej (Altes Museum), Novi Muzej (Neues Museum), Stara Nacionalna Galerija, Muzej Bode i Pergamski Muzej. Svaki muzej je jedinstven i poseta ovom kompleksu je individualne preferencije, tako da u zavisnosti od va\u0161ih interesovanja mo\u017eete provesti od 3 do 5 sati, dok je moja sestra ostala skoro ceo dan po\u0161to je ona zaljubljenik u umetnost.<\/li><li><strong>Humboltov Forum<\/strong> &#8211; novootvoreni kultrno-umetni\u010dki kompleks.<\/li><\/ol>\n\n\n<div class=\"wp-block-image\">\n<figure class=\"aligncenter size-full\"><a href=\"https:\/\/mrm-style.com\/sr\/wp-content\/uploads\/2023\/04\/Pisma-iz-Nemac\u030cke-Berlin-kulturni-centar-i-obec\u0301ani-raj-za-kupoholic\u030care...-Mr.M-by-Marko-Tadic\u0301-mrmbymarkotadic24.jpg\"><img loading=\"lazy\" decoding=\"async\" width=\"2400\" height=\"1600\" src=\"https:\/\/mrm-style.com\/sr\/wp-content\/uploads\/2023\/04\/Pisma-iz-Nemac\u030cke-Berlin-kulturni-centar-i-obec\u0301ani-raj-za-kupoholic\u030care...-Mr.M-by-Marko-Tadic\u0301-mrmbymarkotadic24.jpg\" alt=\"\" class=\"wp-image-10727\" srcset=\"https:\/\/mrm-style.com\/sr\/wp-content\/uploads\/2023\/04\/Pisma-iz-Nemac\u030cke-Berlin-kulturni-centar-i-obec\u0301ani-raj-za-kupoholic\u030care...-Mr.M-by-Marko-Tadic\u0301-mrmbymarkotadic24.jpg 2400w, https:\/\/mrm-style.com\/sr\/wp-content\/uploads\/2023\/04\/Pisma-iz-Nemac\u030cke-Berlin-kulturni-centar-i-obec\u0301ani-raj-za-kupoholic\u030care...-Mr.M-by-Marko-Tadic\u0301-mrmbymarkotadic24-300x200.jpg 300w, https:\/\/mrm-style.com\/sr\/wp-content\/uploads\/2023\/04\/Pisma-iz-Nemac\u030cke-Berlin-kulturni-centar-i-obec\u0301ani-raj-za-kupoholic\u030care...-Mr.M-by-Marko-Tadic\u0301-mrmbymarkotadic24-1024x683.jpg 1024w, https:\/\/mrm-style.com\/sr\/wp-content\/uploads\/2023\/04\/Pisma-iz-Nemac\u030cke-Berlin-kulturni-centar-i-obec\u0301ani-raj-za-kupoholic\u030care...-Mr.M-by-Marko-Tadic\u0301-mrmbymarkotadic24-768x512.jpg 768w, https:\/\/mrm-style.com\/sr\/wp-content\/uploads\/2023\/04\/Pisma-iz-Nemac\u030cke-Berlin-kulturni-centar-i-obec\u0301ani-raj-za-kupoholic\u030care...-Mr.M-by-Marko-Tadic\u0301-mrmbymarkotadic24-1536x1024.jpg 1536w, https:\/\/mrm-style.com\/sr\/wp-content\/uploads\/2023\/04\/Pisma-iz-Nemac\u030cke-Berlin-kulturni-centar-i-obec\u0301ani-raj-za-kupoholic\u030care...-Mr.M-by-Marko-Tadic\u0301-mrmbymarkotadic24-2048x1365.jpg 2048w, https:\/\/mrm-style.com\/sr\/wp-content\/uploads\/2023\/04\/Pisma-iz-Nemac\u030cke-Berlin-kulturni-centar-i-obec\u0301ani-raj-za-kupoholic\u030care...-Mr.M-by-Marko-Tadic\u0301-mrmbymarkotadic24-1440x960.jpg 1440w, https:\/\/mrm-style.com\/sr\/wp-content\/uploads\/2023\/04\/Pisma-iz-Nemac\u030cke-Berlin-kulturni-centar-i-obec\u0301ani-raj-za-kupoholic\u030care...-Mr.M-by-Marko-Tadic\u0301-mrmbymarkotadic24-800x533.jpg 800w, https:\/\/mrm-style.com\/sr\/wp-content\/uploads\/2023\/04\/Pisma-iz-Nemac\u030cke-Berlin-kulturni-centar-i-obec\u0301ani-raj-za-kupoholic\u030care...-Mr.M-by-Marko-Tadic\u0301-mrmbymarkotadic24-550x367.jpg 550w, https:\/\/mrm-style.com\/sr\/wp-content\/uploads\/2023\/04\/Pisma-iz-Nemac\u030cke-Berlin-kulturni-centar-i-obec\u0301ani-raj-za-kupoholic\u030care...-Mr.M-by-Marko-Tadic\u0301-mrmbymarkotadic24-1920x1280.jpg 1920w, https:\/\/mrm-style.com\/sr\/wp-content\/uploads\/2023\/04\/Pisma-iz-Nemac\u030cke-Berlin-kulturni-centar-i-obec\u0301ani-raj-za-kupoholic\u030care...-Mr.M-by-Marko-Tadic\u0301-mrmbymarkotadic24-1620x1080.jpg 1620w, https:\/\/mrm-style.com\/sr\/wp-content\/uploads\/2023\/04\/Pisma-iz-Nemac\u030cke-Berlin-kulturni-centar-i-obec\u0301ani-raj-za-kupoholic\u030care...-Mr.M-by-Marko-Tadic\u0301-mrmbymarkotadic24-900x600.jpg 900w\" sizes=\"auto, (max-width: 2400px) 100vw, 2400px\" \/><\/a><\/figure>\n<\/div>\n\n\n<p>Od ovih 8 navedenih stavki, 7 od 8 (sve osim Muzejskog Ostrva) mo\u017eete posetiti za jedan dan, 4-5 sati je sasvim dovoljno, dok muzeji u sklopu Ostrva Muzeja zahtevaju vi\u0161e vremena, zbog toga \u0107u re\u0107i da je za obilazak ovog dela grada potrebno izdvojiti ceo dan ili dva, ako \u017eelite da u\u017eivate u trenutku bez ose\u0107aja \u017eurbe.<\/p>\n\n\n\n<p>\u0160to se ti\u010de kupovine u Isto\u010dnom Berlinu imate nekoliko zanimljivih ulica, robnih ku\u0107a i prodavnica koje bih izdvojio:<\/p>\n\n\n\n<ol class=\"wp-block-list\"><li><strong><a href=\"https:\/\/www.visitberlin.de\/en\/mall-berlin\" target=\"_blank\" rel=\"noreferrer noopener\">Mall of Berlin<\/a><\/strong>, najpoznatiji tr\u017eni centar u Berlinu. Mo\u017eete brzo i jednostavno do\u0107i pe\u0161ke od Brandenbur\u0161ke kapije do ovog tr\u017enog centra i usput posetiti Memorijalni deo koji je posve\u0107en genocidu Jevreja. Muzej je na otvorenom i budite obazrivi tokom slikanja.<\/li><li><a href=\"https:\/\/www.visitberlin.de\/en\/unter-den-linden\" target=\"_blank\" rel=\"noreferrer noopener\"><strong>Unter den Linden<\/strong> <\/a>&#8211; ulica za kupovinu u samom srcu Berlina iz koje u svakom momentu imate pogled na Brandenbur\u0161ku kapiju ili na Berlinski televizijski toranj. Ovde mo\u017eete videti neke od svetskih modnih brendova, ali i zavr\u0161iti kupovinu suvenira. <\/li><li><strong><a href=\"https:\/\/www.visitberlin.de\/en\/friedrichstrasse\" target=\"_blank\" rel=\"noreferrer noopener\">Friedrichstra\u00dfe<\/a><\/strong> &#8211; Fridrih\u0161trase je jedna od popre\u010dnih ulica, glavne ulice Unter den Linden, ovde mo\u017eete prona\u0107i poznate svetske brendove poput Hugo Boss, Massimo Dutti, Karl Lagerfeld i drugih.<\/li><li><strong><em><a href=\"https:\/\/www.visitberlin.de\/en\/galeries-lafayette\" target=\"_blank\" rel=\"noreferrer noopener\">Galeries Lafayette<\/a><\/em><\/strong>, poznata francuska robna ku\u0107a nalazi se u Fridrih\u0161trase.<\/li><li>U blizini Alexander Platz-a imate veliki broj zanimljivih ulica za kupovinu<\/li><li><strong><a href=\"https:\/\/www.visitberlin.de\/en\/tk-maxx\" target=\"_blank\" rel=\"noreferrer noopener\">TK Maxx<\/a><\/strong>, raj za kupoholi\u010dare, raspon marki od poznatih brendova uli\u010dne mode do luksuznih svetskih modnih brendova po izuzetno niskim cenama. Verujte mi da se isplati posetiti ovu radnju i ovaj lanac radnji je poznat po Nema\u010dkoj, Evropi i Ujedinjenom Kraljevstvu.<\/li><\/ol>\n\n\n<div class=\"wp-block-image\">\n<figure class=\"aligncenter size-full\"><a href=\"https:\/\/mrm-style.com\/sr\/wp-content\/uploads\/2023\/04\/Pisma-iz-Nemac\u030cke-Berlin-kulturni-centar-i-obec\u0301ani-raj-za-kupoholic\u030care...-Mr.M-by-Marko-Tadic\u0301-mrmbymarkotadic22.jpg\"><img loading=\"lazy\" decoding=\"async\" width=\"2400\" height=\"1600\" src=\"https:\/\/mrm-style.com\/sr\/wp-content\/uploads\/2023\/04\/Pisma-iz-Nemac\u030cke-Berlin-kulturni-centar-i-obec\u0301ani-raj-za-kupoholic\u030care...-Mr.M-by-Marko-Tadic\u0301-mrmbymarkotadic22.jpg\" alt=\"\" class=\"wp-image-10725\" srcset=\"https:\/\/mrm-style.com\/sr\/wp-content\/uploads\/2023\/04\/Pisma-iz-Nemac\u030cke-Berlin-kulturni-centar-i-obec\u0301ani-raj-za-kupoholic\u030care...-Mr.M-by-Marko-Tadic\u0301-mrmbymarkotadic22.jpg 2400w, https:\/\/mrm-style.com\/sr\/wp-content\/uploads\/2023\/04\/Pisma-iz-Nemac\u030cke-Berlin-kulturni-centar-i-obec\u0301ani-raj-za-kupoholic\u030care...-Mr.M-by-Marko-Tadic\u0301-mrmbymarkotadic22-300x200.jpg 300w, https:\/\/mrm-style.com\/sr\/wp-content\/uploads\/2023\/04\/Pisma-iz-Nemac\u030cke-Berlin-kulturni-centar-i-obec\u0301ani-raj-za-kupoholic\u030care...-Mr.M-by-Marko-Tadic\u0301-mrmbymarkotadic22-1024x683.jpg 1024w, https:\/\/mrm-style.com\/sr\/wp-content\/uploads\/2023\/04\/Pisma-iz-Nemac\u030cke-Berlin-kulturni-centar-i-obec\u0301ani-raj-za-kupoholic\u030care...-Mr.M-by-Marko-Tadic\u0301-mrmbymarkotadic22-768x512.jpg 768w, https:\/\/mrm-style.com\/sr\/wp-content\/uploads\/2023\/04\/Pisma-iz-Nemac\u030cke-Berlin-kulturni-centar-i-obec\u0301ani-raj-za-kupoholic\u030care...-Mr.M-by-Marko-Tadic\u0301-mrmbymarkotadic22-1536x1024.jpg 1536w, https:\/\/mrm-style.com\/sr\/wp-content\/uploads\/2023\/04\/Pisma-iz-Nemac\u030cke-Berlin-kulturni-centar-i-obec\u0301ani-raj-za-kupoholic\u030care...-Mr.M-by-Marko-Tadic\u0301-mrmbymarkotadic22-2048x1365.jpg 2048w, https:\/\/mrm-style.com\/sr\/wp-content\/uploads\/2023\/04\/Pisma-iz-Nemac\u030cke-Berlin-kulturni-centar-i-obec\u0301ani-raj-za-kupoholic\u030care...-Mr.M-by-Marko-Tadic\u0301-mrmbymarkotadic22-1440x960.jpg 1440w, https:\/\/mrm-style.com\/sr\/wp-content\/uploads\/2023\/04\/Pisma-iz-Nemac\u030cke-Berlin-kulturni-centar-i-obec\u0301ani-raj-za-kupoholic\u030care...-Mr.M-by-Marko-Tadic\u0301-mrmbymarkotadic22-800x533.jpg 800w, https:\/\/mrm-style.com\/sr\/wp-content\/uploads\/2023\/04\/Pisma-iz-Nemac\u030cke-Berlin-kulturni-centar-i-obec\u0301ani-raj-za-kupoholic\u030care...-Mr.M-by-Marko-Tadic\u0301-mrmbymarkotadic22-550x367.jpg 550w, https:\/\/mrm-style.com\/sr\/wp-content\/uploads\/2023\/04\/Pisma-iz-Nemac\u030cke-Berlin-kulturni-centar-i-obec\u0301ani-raj-za-kupoholic\u030care...-Mr.M-by-Marko-Tadic\u0301-mrmbymarkotadic22-1920x1280.jpg 1920w, https:\/\/mrm-style.com\/sr\/wp-content\/uploads\/2023\/04\/Pisma-iz-Nemac\u030cke-Berlin-kulturni-centar-i-obec\u0301ani-raj-za-kupoholic\u030care...-Mr.M-by-Marko-Tadic\u0301-mrmbymarkotadic22-1620x1080.jpg 1620w, https:\/\/mrm-style.com\/sr\/wp-content\/uploads\/2023\/04\/Pisma-iz-Nemac\u030cke-Berlin-kulturni-centar-i-obec\u0301ani-raj-za-kupoholic\u030care...-Mr.M-by-Marko-Tadic\u0301-mrmbymarkotadic22-900x600.jpg 900w\" sizes=\"auto, (max-width: 2400px) 100vw, 2400px\" \/><\/a><\/figure>\n<\/div>\n\n\n<p>Moje najomiljenije znamenitosti u Isto\u010dnom Berlinu su Berlinski Dom, Alexander Platz, Brandenbur\u0161ka kapija i Ostrvo Muzeja.<\/p>\n\n\n\n<p><strong><em><a href=\"https:\/\/www.visitberlin.de\/en\/berlin-cathedral\" target=\"_blank\" rel=\"noreferrer noopener\">Berlinska katedrala<\/a><\/em><\/strong> (Berliner Dom), poznata i kao Evan\u0111eoska vrhovna parohijska i saborna crkva, je monumentalna nema\u010dka evangelisti\u010dka crkva i dinasti\u010dka grobnica (Kuc\u0301a Hoencolerna) na Muzejskom ostrvu u centru Berlina. Imajuc\u0301i svoje poreklo kao kapela zamka za Berlinsku palatu, nekoliko objekata je slu\u017eilo za sme\u0161taj crkve od 15. veka. <\/p>\n\n\n<div class=\"wp-block-image\">\n<figure class=\"aligncenter size-full\"><a href=\"https:\/\/mrm-style.com\/sr\/wp-content\/uploads\/2023\/04\/Pisma-iz-Nemac\u030cke-Berlin-kulturni-centar-i-obec\u0301ani-raj-za-kupoholic\u030care...-Mr.M-by-Marko-Tadic\u0301-mrmbymarkotadic18.jpg\"><img loading=\"lazy\" decoding=\"async\" width=\"2400\" height=\"1600\" src=\"https:\/\/mrm-style.com\/sr\/wp-content\/uploads\/2023\/04\/Pisma-iz-Nemac\u030cke-Berlin-kulturni-centar-i-obec\u0301ani-raj-za-kupoholic\u030care...-Mr.M-by-Marko-Tadic\u0301-mrmbymarkotadic18.jpg\" alt=\"\" class=\"wp-image-10721\" srcset=\"https:\/\/mrm-style.com\/sr\/wp-content\/uploads\/2023\/04\/Pisma-iz-Nemac\u030cke-Berlin-kulturni-centar-i-obec\u0301ani-raj-za-kupoholic\u030care...-Mr.M-by-Marko-Tadic\u0301-mrmbymarkotadic18.jpg 2400w, https:\/\/mrm-style.com\/sr\/wp-content\/uploads\/2023\/04\/Pisma-iz-Nemac\u030cke-Berlin-kulturni-centar-i-obec\u0301ani-raj-za-kupoholic\u030care...-Mr.M-by-Marko-Tadic\u0301-mrmbymarkotadic18-300x200.jpg 300w, https:\/\/mrm-style.com\/sr\/wp-content\/uploads\/2023\/04\/Pisma-iz-Nemac\u030cke-Berlin-kulturni-centar-i-obec\u0301ani-raj-za-kupoholic\u030care...-Mr.M-by-Marko-Tadic\u0301-mrmbymarkotadic18-1024x683.jpg 1024w, https:\/\/mrm-style.com\/sr\/wp-content\/uploads\/2023\/04\/Pisma-iz-Nemac\u030cke-Berlin-kulturni-centar-i-obec\u0301ani-raj-za-kupoholic\u030care...-Mr.M-by-Marko-Tadic\u0301-mrmbymarkotadic18-768x512.jpg 768w, https:\/\/mrm-style.com\/sr\/wp-content\/uploads\/2023\/04\/Pisma-iz-Nemac\u030cke-Berlin-kulturni-centar-i-obec\u0301ani-raj-za-kupoholic\u030care...-Mr.M-by-Marko-Tadic\u0301-mrmbymarkotadic18-1536x1024.jpg 1536w, https:\/\/mrm-style.com\/sr\/wp-content\/uploads\/2023\/04\/Pisma-iz-Nemac\u030cke-Berlin-kulturni-centar-i-obec\u0301ani-raj-za-kupoholic\u030care...-Mr.M-by-Marko-Tadic\u0301-mrmbymarkotadic18-2048x1365.jpg 2048w, https:\/\/mrm-style.com\/sr\/wp-content\/uploads\/2023\/04\/Pisma-iz-Nemac\u030cke-Berlin-kulturni-centar-i-obec\u0301ani-raj-za-kupoholic\u030care...-Mr.M-by-Marko-Tadic\u0301-mrmbymarkotadic18-1440x960.jpg 1440w, https:\/\/mrm-style.com\/sr\/wp-content\/uploads\/2023\/04\/Pisma-iz-Nemac\u030cke-Berlin-kulturni-centar-i-obec\u0301ani-raj-za-kupoholic\u030care...-Mr.M-by-Marko-Tadic\u0301-mrmbymarkotadic18-800x533.jpg 800w, https:\/\/mrm-style.com\/sr\/wp-content\/uploads\/2023\/04\/Pisma-iz-Nemac\u030cke-Berlin-kulturni-centar-i-obec\u0301ani-raj-za-kupoholic\u030care...-Mr.M-by-Marko-Tadic\u0301-mrmbymarkotadic18-550x367.jpg 550w, https:\/\/mrm-style.com\/sr\/wp-content\/uploads\/2023\/04\/Pisma-iz-Nemac\u030cke-Berlin-kulturni-centar-i-obec\u0301ani-raj-za-kupoholic\u030care...-Mr.M-by-Marko-Tadic\u0301-mrmbymarkotadic18-1920x1280.jpg 1920w, https:\/\/mrm-style.com\/sr\/wp-content\/uploads\/2023\/04\/Pisma-iz-Nemac\u030cke-Berlin-kulturni-centar-i-obec\u0301ani-raj-za-kupoholic\u030care...-Mr.M-by-Marko-Tadic\u0301-mrmbymarkotadic18-1620x1080.jpg 1620w, https:\/\/mrm-style.com\/sr\/wp-content\/uploads\/2023\/04\/Pisma-iz-Nemac\u030cke-Berlin-kulturni-centar-i-obec\u0301ani-raj-za-kupoholic\u030care...-Mr.M-by-Marko-Tadic\u0301-mrmbymarkotadic18-900x600.jpg 900w\" sizes=\"auto, (max-width: 2400px) 100vw, 2400px\" \/><\/a><\/figure>\n<\/div>\n\n<div class=\"wp-block-image\">\n<figure class=\"aligncenter size-full\"><a href=\"https:\/\/mrm-style.com\/sr\/wp-content\/uploads\/2023\/04\/Pisma-iz-Nemac\u030cke-Berlin-kulturni-centar-i-obec\u0301ani-raj-za-kupoholic\u030care...-Mr.M-by-Marko-Tadic\u0301-mrmbymarkotadic20.jpg\"><img loading=\"lazy\" decoding=\"async\" width=\"2400\" height=\"1600\" src=\"https:\/\/mrm-style.com\/sr\/wp-content\/uploads\/2023\/04\/Pisma-iz-Nemac\u030cke-Berlin-kulturni-centar-i-obec\u0301ani-raj-za-kupoholic\u030care...-Mr.M-by-Marko-Tadic\u0301-mrmbymarkotadic20.jpg\" alt=\"\" class=\"wp-image-10723\" srcset=\"https:\/\/mrm-style.com\/sr\/wp-content\/uploads\/2023\/04\/Pisma-iz-Nemac\u030cke-Berlin-kulturni-centar-i-obec\u0301ani-raj-za-kupoholic\u030care...-Mr.M-by-Marko-Tadic\u0301-mrmbymarkotadic20.jpg 2400w, https:\/\/mrm-style.com\/sr\/wp-content\/uploads\/2023\/04\/Pisma-iz-Nemac\u030cke-Berlin-kulturni-centar-i-obec\u0301ani-raj-za-kupoholic\u030care...-Mr.M-by-Marko-Tadic\u0301-mrmbymarkotadic20-300x200.jpg 300w, https:\/\/mrm-style.com\/sr\/wp-content\/uploads\/2023\/04\/Pisma-iz-Nemac\u030cke-Berlin-kulturni-centar-i-obec\u0301ani-raj-za-kupoholic\u030care...-Mr.M-by-Marko-Tadic\u0301-mrmbymarkotadic20-1024x683.jpg 1024w, https:\/\/mrm-style.com\/sr\/wp-content\/uploads\/2023\/04\/Pisma-iz-Nemac\u030cke-Berlin-kulturni-centar-i-obec\u0301ani-raj-za-kupoholic\u030care...-Mr.M-by-Marko-Tadic\u0301-mrmbymarkotadic20-768x512.jpg 768w, https:\/\/mrm-style.com\/sr\/wp-content\/uploads\/2023\/04\/Pisma-iz-Nemac\u030cke-Berlin-kulturni-centar-i-obec\u0301ani-raj-za-kupoholic\u030care...-Mr.M-by-Marko-Tadic\u0301-mrmbymarkotadic20-1536x1024.jpg 1536w, https:\/\/mrm-style.com\/sr\/wp-content\/uploads\/2023\/04\/Pisma-iz-Nemac\u030cke-Berlin-kulturni-centar-i-obec\u0301ani-raj-za-kupoholic\u030care...-Mr.M-by-Marko-Tadic\u0301-mrmbymarkotadic20-2048x1365.jpg 2048w, https:\/\/mrm-style.com\/sr\/wp-content\/uploads\/2023\/04\/Pisma-iz-Nemac\u030cke-Berlin-kulturni-centar-i-obec\u0301ani-raj-za-kupoholic\u030care...-Mr.M-by-Marko-Tadic\u0301-mrmbymarkotadic20-1440x960.jpg 1440w, https:\/\/mrm-style.com\/sr\/wp-content\/uploads\/2023\/04\/Pisma-iz-Nemac\u030cke-Berlin-kulturni-centar-i-obec\u0301ani-raj-za-kupoholic\u030care...-Mr.M-by-Marko-Tadic\u0301-mrmbymarkotadic20-800x533.jpg 800w, https:\/\/mrm-style.com\/sr\/wp-content\/uploads\/2023\/04\/Pisma-iz-Nemac\u030cke-Berlin-kulturni-centar-i-obec\u0301ani-raj-za-kupoholic\u030care...-Mr.M-by-Marko-Tadic\u0301-mrmbymarkotadic20-550x367.jpg 550w, https:\/\/mrm-style.com\/sr\/wp-content\/uploads\/2023\/04\/Pisma-iz-Nemac\u030cke-Berlin-kulturni-centar-i-obec\u0301ani-raj-za-kupoholic\u030care...-Mr.M-by-Marko-Tadic\u0301-mrmbymarkotadic20-1920x1280.jpg 1920w, https:\/\/mrm-style.com\/sr\/wp-content\/uploads\/2023\/04\/Pisma-iz-Nemac\u030cke-Berlin-kulturni-centar-i-obec\u0301ani-raj-za-kupoholic\u030care...-Mr.M-by-Marko-Tadic\u0301-mrmbymarkotadic20-1620x1080.jpg 1620w, https:\/\/mrm-style.com\/sr\/wp-content\/uploads\/2023\/04\/Pisma-iz-Nemac\u030cke-Berlin-kulturni-centar-i-obec\u0301ani-raj-za-kupoholic\u030care...-Mr.M-by-Marko-Tadic\u0301-mrmbymarkotadic20-900x600.jpg 900w\" sizes=\"auto, (max-width: 2400px) 100vw, 2400px\" \/><\/a><\/figure>\n<\/div>\n\n<div class=\"wp-block-image\">\n<figure class=\"aligncenter size-full\"><a href=\"https:\/\/mrm-style.com\/sr\/wp-content\/uploads\/2023\/04\/Pisma-iz-Nemac\u030cke-Berlin-kulturni-centar-i-obec\u0301ani-raj-za-kupoholic\u030care...-Mr.M-by-Marko-Tadic\u0301-mrmbymarkotadic21.jpg\"><img loading=\"lazy\" decoding=\"async\" width=\"1600\" height=\"2400\" src=\"https:\/\/mrm-style.com\/sr\/wp-content\/uploads\/2023\/04\/Pisma-iz-Nemac\u030cke-Berlin-kulturni-centar-i-obec\u0301ani-raj-za-kupoholic\u030care...-Mr.M-by-Marko-Tadic\u0301-mrmbymarkotadic21.jpg\" alt=\"\" class=\"wp-image-10724\" srcset=\"https:\/\/mrm-style.com\/sr\/wp-content\/uploads\/2023\/04\/Pisma-iz-Nemac\u030cke-Berlin-kulturni-centar-i-obec\u0301ani-raj-za-kupoholic\u030care...-Mr.M-by-Marko-Tadic\u0301-mrmbymarkotadic21.jpg 1600w, https:\/\/mrm-style.com\/sr\/wp-content\/uploads\/2023\/04\/Pisma-iz-Nemac\u030cke-Berlin-kulturni-centar-i-obec\u0301ani-raj-za-kupoholic\u030care...-Mr.M-by-Marko-Tadic\u0301-mrmbymarkotadic21-200x300.jpg 200w, https:\/\/mrm-style.com\/sr\/wp-content\/uploads\/2023\/04\/Pisma-iz-Nemac\u030cke-Berlin-kulturni-centar-i-obec\u0301ani-raj-za-kupoholic\u030care...-Mr.M-by-Marko-Tadic\u0301-mrmbymarkotadic21-683x1024.jpg 683w, https:\/\/mrm-style.com\/sr\/wp-content\/uploads\/2023\/04\/Pisma-iz-Nemac\u030cke-Berlin-kulturni-centar-i-obec\u0301ani-raj-za-kupoholic\u030care...-Mr.M-by-Marko-Tadic\u0301-mrmbymarkotadic21-768x1152.jpg 768w, https:\/\/mrm-style.com\/sr\/wp-content\/uploads\/2023\/04\/Pisma-iz-Nemac\u030cke-Berlin-kulturni-centar-i-obec\u0301ani-raj-za-kupoholic\u030care...-Mr.M-by-Marko-Tadic\u0301-mrmbymarkotadic21-1024x1536.jpg 1024w, https:\/\/mrm-style.com\/sr\/wp-content\/uploads\/2023\/04\/Pisma-iz-Nemac\u030cke-Berlin-kulturni-centar-i-obec\u0301ani-raj-za-kupoholic\u030care...-Mr.M-by-Marko-Tadic\u0301-mrmbymarkotadic21-1365x2048.jpg 1365w, https:\/\/mrm-style.com\/sr\/wp-content\/uploads\/2023\/04\/Pisma-iz-Nemac\u030cke-Berlin-kulturni-centar-i-obec\u0301ani-raj-za-kupoholic\u030care...-Mr.M-by-Marko-Tadic\u0301-mrmbymarkotadic21-1440x2160.jpg 1440w, https:\/\/mrm-style.com\/sr\/wp-content\/uploads\/2023\/04\/Pisma-iz-Nemac\u030cke-Berlin-kulturni-centar-i-obec\u0301ani-raj-za-kupoholic\u030care...-Mr.M-by-Marko-Tadic\u0301-mrmbymarkotadic21-800x1200.jpg 800w, https:\/\/mrm-style.com\/sr\/wp-content\/uploads\/2023\/04\/Pisma-iz-Nemac\u030cke-Berlin-kulturni-centar-i-obec\u0301ani-raj-za-kupoholic\u030care...-Mr.M-by-Marko-Tadic\u0301-mrmbymarkotadic21-550x825.jpg 550w, https:\/\/mrm-style.com\/sr\/wp-content\/uploads\/2023\/04\/Pisma-iz-Nemac\u030cke-Berlin-kulturni-centar-i-obec\u0301ani-raj-za-kupoholic\u030care...-Mr.M-by-Marko-Tadic\u0301-mrmbymarkotadic21-720x1080.jpg 720w, https:\/\/mrm-style.com\/sr\/wp-content\/uploads\/2023\/04\/Pisma-iz-Nemac\u030cke-Berlin-kulturni-centar-i-obec\u0301ani-raj-za-kupoholic\u030care...-Mr.M-by-Marko-Tadic\u0301-mrmbymarkotadic21-400x600.jpg 400w\" sizes=\"auto, (max-width: 1600px) 100vw, 1600px\" \/><\/a><\/figure>\n<\/div>\n\n\n<p>Sada\u0161nja saborna crkva gra\u0111ena je od 1894. do 1905. godine po naredbi cara Vilijama II prema planovima Julija Ra\u0161dorfa u stilu renesanse i baroka. Navedena zgrada je najvec\u0301a protestantska crkva u Nema\u010dkoj i jedna od najva\u017enijih dinasti\u010dkih grobnica u Evropi. Pored crkvenih slu\u017ebi, katedrala se koristi za dr\u017eavne sve\u010danosti, koncerte i druge doga\u0111aje.<\/p>\n\n\n<div class=\"wp-block-image\">\n<figure class=\"aligncenter size-full\"><a href=\"https:\/\/mrm-style.com\/sr\/wp-content\/uploads\/2023\/04\/Pisma-iz-Nemac\u030cke-Berlin-kulturni-centar-i-obec\u0301ani-raj-za-kupoholic\u030care...-Mr.M-by-Marko-Tadic\u0301-mrmbymarkotadic27.jpg\"><img loading=\"lazy\" decoding=\"async\" width=\"2400\" height=\"1600\" src=\"https:\/\/mrm-style.com\/sr\/wp-content\/uploads\/2023\/04\/Pisma-iz-Nemac\u030cke-Berlin-kulturni-centar-i-obec\u0301ani-raj-za-kupoholic\u030care...-Mr.M-by-Marko-Tadic\u0301-mrmbymarkotadic27.jpg\" alt=\"\" class=\"wp-image-10730\" srcset=\"https:\/\/mrm-style.com\/sr\/wp-content\/uploads\/2023\/04\/Pisma-iz-Nemac\u030cke-Berlin-kulturni-centar-i-obec\u0301ani-raj-za-kupoholic\u030care...-Mr.M-by-Marko-Tadic\u0301-mrmbymarkotadic27.jpg 2400w, https:\/\/mrm-style.com\/sr\/wp-content\/uploads\/2023\/04\/Pisma-iz-Nemac\u030cke-Berlin-kulturni-centar-i-obec\u0301ani-raj-za-kupoholic\u030care...-Mr.M-by-Marko-Tadic\u0301-mrmbymarkotadic27-300x200.jpg 300w, https:\/\/mrm-style.com\/sr\/wp-content\/uploads\/2023\/04\/Pisma-iz-Nemac\u030cke-Berlin-kulturni-centar-i-obec\u0301ani-raj-za-kupoholic\u030care...-Mr.M-by-Marko-Tadic\u0301-mrmbymarkotadic27-1024x683.jpg 1024w, https:\/\/mrm-style.com\/sr\/wp-content\/uploads\/2023\/04\/Pisma-iz-Nemac\u030cke-Berlin-kulturni-centar-i-obec\u0301ani-raj-za-kupoholic\u030care...-Mr.M-by-Marko-Tadic\u0301-mrmbymarkotadic27-768x512.jpg 768w, https:\/\/mrm-style.com\/sr\/wp-content\/uploads\/2023\/04\/Pisma-iz-Nemac\u030cke-Berlin-kulturni-centar-i-obec\u0301ani-raj-za-kupoholic\u030care...-Mr.M-by-Marko-Tadic\u0301-mrmbymarkotadic27-1536x1024.jpg 1536w, https:\/\/mrm-style.com\/sr\/wp-content\/uploads\/2023\/04\/Pisma-iz-Nemac\u030cke-Berlin-kulturni-centar-i-obec\u0301ani-raj-za-kupoholic\u030care...-Mr.M-by-Marko-Tadic\u0301-mrmbymarkotadic27-2048x1365.jpg 2048w, https:\/\/mrm-style.com\/sr\/wp-content\/uploads\/2023\/04\/Pisma-iz-Nemac\u030cke-Berlin-kulturni-centar-i-obec\u0301ani-raj-za-kupoholic\u030care...-Mr.M-by-Marko-Tadic\u0301-mrmbymarkotadic27-1440x960.jpg 1440w, https:\/\/mrm-style.com\/sr\/wp-content\/uploads\/2023\/04\/Pisma-iz-Nemac\u030cke-Berlin-kulturni-centar-i-obec\u0301ani-raj-za-kupoholic\u030care...-Mr.M-by-Marko-Tadic\u0301-mrmbymarkotadic27-800x533.jpg 800w, https:\/\/mrm-style.com\/sr\/wp-content\/uploads\/2023\/04\/Pisma-iz-Nemac\u030cke-Berlin-kulturni-centar-i-obec\u0301ani-raj-za-kupoholic\u030care...-Mr.M-by-Marko-Tadic\u0301-mrmbymarkotadic27-550x367.jpg 550w, https:\/\/mrm-style.com\/sr\/wp-content\/uploads\/2023\/04\/Pisma-iz-Nemac\u030cke-Berlin-kulturni-centar-i-obec\u0301ani-raj-za-kupoholic\u030care...-Mr.M-by-Marko-Tadic\u0301-mrmbymarkotadic27-1920x1280.jpg 1920w, https:\/\/mrm-style.com\/sr\/wp-content\/uploads\/2023\/04\/Pisma-iz-Nemac\u030cke-Berlin-kulturni-centar-i-obec\u0301ani-raj-za-kupoholic\u030care...-Mr.M-by-Marko-Tadic\u0301-mrmbymarkotadic27-1620x1080.jpg 1620w, https:\/\/mrm-style.com\/sr\/wp-content\/uploads\/2023\/04\/Pisma-iz-Nemac\u030cke-Berlin-kulturni-centar-i-obec\u0301ani-raj-za-kupoholic\u030care...-Mr.M-by-Marko-Tadic\u0301-mrmbymarkotadic27-900x600.jpg 900w\" sizes=\"auto, (max-width: 2400px) 100vw, 2400px\" \/><\/a><\/figure>\n<\/div>\n\n\n<p><strong><em><a href=\"https:\/\/www.visitberlin.de\/en\/museum-island-in-berlin\" target=\"_blank\" rel=\"noreferrer noopener\">Ostrvo muzeja<\/a><\/em><\/strong> je takozvano za kompleks me\u0111unarodno zna\u010dajnih muzeja, koji su svi deo Berlinskih dr\u017eavnih muzeja, koji zauzimaju severni deo ostrva:<\/p>\n\n\n\n<p>Stari muzej nazvan je Konigliches Museum kada je izgra\u0111en 3. avgusta 1830. godine, dok nije preimenovan 1841. godine Muzej je zavr\u0161en po nalogu Karla Fridriha \u0160inkela. Neues Museum (Novi muzej) zavr\u0161en je 1859. godine prema planovima Fridriha Avgusta \u0160tulera, \u0160inkelovog u\u010denika. Uni\u0161tena u Drugom svetskom ratu, ponovo je izgra\u0111ena pod upravom Dejvida \u010ciperfilda za Egipatski muzej u Berlinu i ponovo otvorena 2009. godine. Alte Nationalgalerie (Stara nacionalna galerija) zavr\u0161ena je 1876. godine, tako\u0111e prema nacrtima Fridriha Avgusta \u0160tulera, da bi ugostila kolekciju umetnosti iz 19. veka koju je donirao bankar Joahim H. V. Vagener.<\/p>\n\n\n<div class=\"wp-block-image\">\n<figure class=\"aligncenter size-full\"><a href=\"https:\/\/mrm-style.com\/sr\/wp-content\/uploads\/2023\/04\/Pisma-iz-Nemac\u030cke-Berlin-kulturni-centar-i-obec\u0301ani-raj-za-kupoholic\u030care...-Mr.M-by-Marko-Tadic\u0301-mrmbymarkotadic33.jpg\"><img loading=\"lazy\" decoding=\"async\" width=\"2400\" height=\"1600\" src=\"https:\/\/mrm-style.com\/sr\/wp-content\/uploads\/2023\/04\/Pisma-iz-Nemac\u030cke-Berlin-kulturni-centar-i-obec\u0301ani-raj-za-kupoholic\u030care...-Mr.M-by-Marko-Tadic\u0301-mrmbymarkotadic33.jpg\" alt=\"\" class=\"wp-image-10736\" srcset=\"https:\/\/mrm-style.com\/sr\/wp-content\/uploads\/2023\/04\/Pisma-iz-Nemac\u030cke-Berlin-kulturni-centar-i-obec\u0301ani-raj-za-kupoholic\u030care...-Mr.M-by-Marko-Tadic\u0301-mrmbymarkotadic33.jpg 2400w, https:\/\/mrm-style.com\/sr\/wp-content\/uploads\/2023\/04\/Pisma-iz-Nemac\u030cke-Berlin-kulturni-centar-i-obec\u0301ani-raj-za-kupoholic\u030care...-Mr.M-by-Marko-Tadic\u0301-mrmbymarkotadic33-300x200.jpg 300w, https:\/\/mrm-style.com\/sr\/wp-content\/uploads\/2023\/04\/Pisma-iz-Nemac\u030cke-Berlin-kulturni-centar-i-obec\u0301ani-raj-za-kupoholic\u030care...-Mr.M-by-Marko-Tadic\u0301-mrmbymarkotadic33-1024x683.jpg 1024w, https:\/\/mrm-style.com\/sr\/wp-content\/uploads\/2023\/04\/Pisma-iz-Nemac\u030cke-Berlin-kulturni-centar-i-obec\u0301ani-raj-za-kupoholic\u030care...-Mr.M-by-Marko-Tadic\u0301-mrmbymarkotadic33-768x512.jpg 768w, https:\/\/mrm-style.com\/sr\/wp-content\/uploads\/2023\/04\/Pisma-iz-Nemac\u030cke-Berlin-kulturni-centar-i-obec\u0301ani-raj-za-kupoholic\u030care...-Mr.M-by-Marko-Tadic\u0301-mrmbymarkotadic33-1536x1024.jpg 1536w, https:\/\/mrm-style.com\/sr\/wp-content\/uploads\/2023\/04\/Pisma-iz-Nemac\u030cke-Berlin-kulturni-centar-i-obec\u0301ani-raj-za-kupoholic\u030care...-Mr.M-by-Marko-Tadic\u0301-mrmbymarkotadic33-2048x1365.jpg 2048w, https:\/\/mrm-style.com\/sr\/wp-content\/uploads\/2023\/04\/Pisma-iz-Nemac\u030cke-Berlin-kulturni-centar-i-obec\u0301ani-raj-za-kupoholic\u030care...-Mr.M-by-Marko-Tadic\u0301-mrmbymarkotadic33-1440x960.jpg 1440w, https:\/\/mrm-style.com\/sr\/wp-content\/uploads\/2023\/04\/Pisma-iz-Nemac\u030cke-Berlin-kulturni-centar-i-obec\u0301ani-raj-za-kupoholic\u030care...-Mr.M-by-Marko-Tadic\u0301-mrmbymarkotadic33-800x533.jpg 800w, https:\/\/mrm-style.com\/sr\/wp-content\/uploads\/2023\/04\/Pisma-iz-Nemac\u030cke-Berlin-kulturni-centar-i-obec\u0301ani-raj-za-kupoholic\u030care...-Mr.M-by-Marko-Tadic\u0301-mrmbymarkotadic33-550x367.jpg 550w, https:\/\/mrm-style.com\/sr\/wp-content\/uploads\/2023\/04\/Pisma-iz-Nemac\u030cke-Berlin-kulturni-centar-i-obec\u0301ani-raj-za-kupoholic\u030care...-Mr.M-by-Marko-Tadic\u0301-mrmbymarkotadic33-1920x1280.jpg 1920w, https:\/\/mrm-style.com\/sr\/wp-content\/uploads\/2023\/04\/Pisma-iz-Nemac\u030cke-Berlin-kulturni-centar-i-obec\u0301ani-raj-za-kupoholic\u030care...-Mr.M-by-Marko-Tadic\u0301-mrmbymarkotadic33-1620x1080.jpg 1620w, https:\/\/mrm-style.com\/sr\/wp-content\/uploads\/2023\/04\/Pisma-iz-Nemac\u030cke-Berlin-kulturni-centar-i-obec\u0301ani-raj-za-kupoholic\u030care...-Mr.M-by-Marko-Tadic\u0301-mrmbymarkotadic33-900x600.jpg 900w\" sizes=\"auto, (max-width: 2400px) 100vw, 2400px\" \/><\/a><\/figure>\n<\/div>\n\n\n<p>Muzej Bode na severnom delu ostrva, otvoren 1904. godine i tada nazvan Muzej Kajzer Fridrih. U njemu su izlo\u017eene zbirke skulptura i kasnoanti\u010dka i vizantijska umetnost. Pergamonski muzej, izgra\u0111en 1930. godine, sadr\u017ei vi\u0161e rekonstruisanih ogromnih i istorijski zna\u010dajnih gra\u0111evina kao \u0161to su Pergamonski oltar i Vavilonska kapija I\u0161tar. Humbolt forum otvoren je krajem 2020. godine u Berlinskoj palati preko puta Lustgarten parka i obuhvata Etnolo\u0161ki muzej Berlina i Muzej azijske umetnosti; obe su institucije naslednice Komore drevne pruske umetnosti, koja se tako\u0111e nalazila u Berlinskoj palati i koja je osnovana sredinom 16. veka.<\/p>\n\n\n\n<p>Muzejski kompleks je 1999. godine dodat na Uneskovu listu svetske ba\u0161tine zbog svog jedinstvenog svedo\u010danstva o evoluciji muzeja kao dru\u0161tvenog i kulturnog fenomena i odgovarajuc\u0301em razvoju muzejske arhitekture.<\/p>\n\n\n<div class=\"wp-block-image\">\n<figure class=\"aligncenter size-full\"><a href=\"https:\/\/mrm-style.com\/sr\/wp-content\/uploads\/2023\/04\/Pisma-iz-Nemac\u030cke-Berlin-kulturni-centar-i-obec\u0301ani-raj-za-kupoholic\u030care...-Mr.M-by-Marko-Tadic\u0301-mrmbymarkotadic28.jpg\"><img loading=\"lazy\" decoding=\"async\" width=\"2400\" height=\"1600\" src=\"https:\/\/mrm-style.com\/sr\/wp-content\/uploads\/2023\/04\/Pisma-iz-Nemac\u030cke-Berlin-kulturni-centar-i-obec\u0301ani-raj-za-kupoholic\u030care...-Mr.M-by-Marko-Tadic\u0301-mrmbymarkotadic28.jpg\" alt=\"\" class=\"wp-image-10731\" srcset=\"https:\/\/mrm-style.com\/sr\/wp-content\/uploads\/2023\/04\/Pisma-iz-Nemac\u030cke-Berlin-kulturni-centar-i-obec\u0301ani-raj-za-kupoholic\u030care...-Mr.M-by-Marko-Tadic\u0301-mrmbymarkotadic28.jpg 2400w, https:\/\/mrm-style.com\/sr\/wp-content\/uploads\/2023\/04\/Pisma-iz-Nemac\u030cke-Berlin-kulturni-centar-i-obec\u0301ani-raj-za-kupoholic\u030care...-Mr.M-by-Marko-Tadic\u0301-mrmbymarkotadic28-300x200.jpg 300w, https:\/\/mrm-style.com\/sr\/wp-content\/uploads\/2023\/04\/Pisma-iz-Nemac\u030cke-Berlin-kulturni-centar-i-obec\u0301ani-raj-za-kupoholic\u030care...-Mr.M-by-Marko-Tadic\u0301-mrmbymarkotadic28-1024x683.jpg 1024w, https:\/\/mrm-style.com\/sr\/wp-content\/uploads\/2023\/04\/Pisma-iz-Nemac\u030cke-Berlin-kulturni-centar-i-obec\u0301ani-raj-za-kupoholic\u030care...-Mr.M-by-Marko-Tadic\u0301-mrmbymarkotadic28-768x512.jpg 768w, https:\/\/mrm-style.com\/sr\/wp-content\/uploads\/2023\/04\/Pisma-iz-Nemac\u030cke-Berlin-kulturni-centar-i-obec\u0301ani-raj-za-kupoholic\u030care...-Mr.M-by-Marko-Tadic\u0301-mrmbymarkotadic28-1536x1024.jpg 1536w, https:\/\/mrm-style.com\/sr\/wp-content\/uploads\/2023\/04\/Pisma-iz-Nemac\u030cke-Berlin-kulturni-centar-i-obec\u0301ani-raj-za-kupoholic\u030care...-Mr.M-by-Marko-Tadic\u0301-mrmbymarkotadic28-2048x1365.jpg 2048w, https:\/\/mrm-style.com\/sr\/wp-content\/uploads\/2023\/04\/Pisma-iz-Nemac\u030cke-Berlin-kulturni-centar-i-obec\u0301ani-raj-za-kupoholic\u030care...-Mr.M-by-Marko-Tadic\u0301-mrmbymarkotadic28-1440x960.jpg 1440w, https:\/\/mrm-style.com\/sr\/wp-content\/uploads\/2023\/04\/Pisma-iz-Nemac\u030cke-Berlin-kulturni-centar-i-obec\u0301ani-raj-za-kupoholic\u030care...-Mr.M-by-Marko-Tadic\u0301-mrmbymarkotadic28-800x533.jpg 800w, https:\/\/mrm-style.com\/sr\/wp-content\/uploads\/2023\/04\/Pisma-iz-Nemac\u030cke-Berlin-kulturni-centar-i-obec\u0301ani-raj-za-kupoholic\u030care...-Mr.M-by-Marko-Tadic\u0301-mrmbymarkotadic28-550x367.jpg 550w, https:\/\/mrm-style.com\/sr\/wp-content\/uploads\/2023\/04\/Pisma-iz-Nemac\u030cke-Berlin-kulturni-centar-i-obec\u0301ani-raj-za-kupoholic\u030care...-Mr.M-by-Marko-Tadic\u0301-mrmbymarkotadic28-1920x1280.jpg 1920w, https:\/\/mrm-style.com\/sr\/wp-content\/uploads\/2023\/04\/Pisma-iz-Nemac\u030cke-Berlin-kulturni-centar-i-obec\u0301ani-raj-za-kupoholic\u030care...-Mr.M-by-Marko-Tadic\u0301-mrmbymarkotadic28-1620x1080.jpg 1620w, https:\/\/mrm-style.com\/sr\/wp-content\/uploads\/2023\/04\/Pisma-iz-Nemac\u030cke-Berlin-kulturni-centar-i-obec\u0301ani-raj-za-kupoholic\u030care...-Mr.M-by-Marko-Tadic\u0301-mrmbymarkotadic28-900x600.jpg 900w\" sizes=\"auto, (max-width: 2400px) 100vw, 2400px\" \/><\/a><\/figure>\n<\/div>\n\n<div class=\"wp-block-image\">\n<figure class=\"aligncenter size-full\"><a href=\"https:\/\/mrm-style.com\/sr\/wp-content\/uploads\/2023\/04\/Pisma-iz-Nemac\u030cke-Berlin-kulturni-centar-i-obec\u0301ani-raj-za-kupoholic\u030care...-Mr.M-by-Marko-Tadic\u0301-mrmbymarkotadic29.jpg\"><img loading=\"lazy\" decoding=\"async\" width=\"1600\" height=\"2400\" src=\"https:\/\/mrm-style.com\/sr\/wp-content\/uploads\/2023\/04\/Pisma-iz-Nemac\u030cke-Berlin-kulturni-centar-i-obec\u0301ani-raj-za-kupoholic\u030care...-Mr.M-by-Marko-Tadic\u0301-mrmbymarkotadic29.jpg\" alt=\"\" class=\"wp-image-10732\" srcset=\"https:\/\/mrm-style.com\/sr\/wp-content\/uploads\/2023\/04\/Pisma-iz-Nemac\u030cke-Berlin-kulturni-centar-i-obec\u0301ani-raj-za-kupoholic\u030care...-Mr.M-by-Marko-Tadic\u0301-mrmbymarkotadic29.jpg 1600w, https:\/\/mrm-style.com\/sr\/wp-content\/uploads\/2023\/04\/Pisma-iz-Nemac\u030cke-Berlin-kulturni-centar-i-obec\u0301ani-raj-za-kupoholic\u030care...-Mr.M-by-Marko-Tadic\u0301-mrmbymarkotadic29-200x300.jpg 200w, https:\/\/mrm-style.com\/sr\/wp-content\/uploads\/2023\/04\/Pisma-iz-Nemac\u030cke-Berlin-kulturni-centar-i-obec\u0301ani-raj-za-kupoholic\u030care...-Mr.M-by-Marko-Tadic\u0301-mrmbymarkotadic29-683x1024.jpg 683w, https:\/\/mrm-style.com\/sr\/wp-content\/uploads\/2023\/04\/Pisma-iz-Nemac\u030cke-Berlin-kulturni-centar-i-obec\u0301ani-raj-za-kupoholic\u030care...-Mr.M-by-Marko-Tadic\u0301-mrmbymarkotadic29-768x1152.jpg 768w, https:\/\/mrm-style.com\/sr\/wp-content\/uploads\/2023\/04\/Pisma-iz-Nemac\u030cke-Berlin-kulturni-centar-i-obec\u0301ani-raj-za-kupoholic\u030care...-Mr.M-by-Marko-Tadic\u0301-mrmbymarkotadic29-1024x1536.jpg 1024w, https:\/\/mrm-style.com\/sr\/wp-content\/uploads\/2023\/04\/Pisma-iz-Nemac\u030cke-Berlin-kulturni-centar-i-obec\u0301ani-raj-za-kupoholic\u030care...-Mr.M-by-Marko-Tadic\u0301-mrmbymarkotadic29-1365x2048.jpg 1365w, https:\/\/mrm-style.com\/sr\/wp-content\/uploads\/2023\/04\/Pisma-iz-Nemac\u030cke-Berlin-kulturni-centar-i-obec\u0301ani-raj-za-kupoholic\u030care...-Mr.M-by-Marko-Tadic\u0301-mrmbymarkotadic29-1440x2160.jpg 1440w, https:\/\/mrm-style.com\/sr\/wp-content\/uploads\/2023\/04\/Pisma-iz-Nemac\u030cke-Berlin-kulturni-centar-i-obec\u0301ani-raj-za-kupoholic\u030care...-Mr.M-by-Marko-Tadic\u0301-mrmbymarkotadic29-800x1200.jpg 800w, https:\/\/mrm-style.com\/sr\/wp-content\/uploads\/2023\/04\/Pisma-iz-Nemac\u030cke-Berlin-kulturni-centar-i-obec\u0301ani-raj-za-kupoholic\u030care...-Mr.M-by-Marko-Tadic\u0301-mrmbymarkotadic29-550x825.jpg 550w, https:\/\/mrm-style.com\/sr\/wp-content\/uploads\/2023\/04\/Pisma-iz-Nemac\u030cke-Berlin-kulturni-centar-i-obec\u0301ani-raj-za-kupoholic\u030care...-Mr.M-by-Marko-Tadic\u0301-mrmbymarkotadic29-720x1080.jpg 720w, https:\/\/mrm-style.com\/sr\/wp-content\/uploads\/2023\/04\/Pisma-iz-Nemac\u030cke-Berlin-kulturni-centar-i-obec\u0301ani-raj-za-kupoholic\u030care...-Mr.M-by-Marko-Tadic\u0301-mrmbymarkotadic29-400x600.jpg 400w\" sizes=\"auto, (max-width: 1600px) 100vw, 1600px\" \/><\/a><\/figure>\n<\/div>\n\n<div class=\"wp-block-image\">\n<figure class=\"aligncenter size-full\"><a href=\"https:\/\/mrm-style.com\/sr\/wp-content\/uploads\/2023\/04\/Pisma-iz-Nemac\u030cke-Berlin-kulturni-centar-i-obec\u0301ani-raj-za-kupoholic\u030care...-Mr.M-by-Marko-Tadic\u0301-mrmbymarkotadic30.jpg\"><img loading=\"lazy\" decoding=\"async\" width=\"1600\" height=\"2400\" src=\"https:\/\/mrm-style.com\/sr\/wp-content\/uploads\/2023\/04\/Pisma-iz-Nemac\u030cke-Berlin-kulturni-centar-i-obec\u0301ani-raj-za-kupoholic\u030care...-Mr.M-by-Marko-Tadic\u0301-mrmbymarkotadic30.jpg\" alt=\"\" class=\"wp-image-10733\" srcset=\"https:\/\/mrm-style.com\/sr\/wp-content\/uploads\/2023\/04\/Pisma-iz-Nemac\u030cke-Berlin-kulturni-centar-i-obec\u0301ani-raj-za-kupoholic\u030care...-Mr.M-by-Marko-Tadic\u0301-mrmbymarkotadic30.jpg 1600w, https:\/\/mrm-style.com\/sr\/wp-content\/uploads\/2023\/04\/Pisma-iz-Nemac\u030cke-Berlin-kulturni-centar-i-obec\u0301ani-raj-za-kupoholic\u030care...-Mr.M-by-Marko-Tadic\u0301-mrmbymarkotadic30-200x300.jpg 200w, https:\/\/mrm-style.com\/sr\/wp-content\/uploads\/2023\/04\/Pisma-iz-Nemac\u030cke-Berlin-kulturni-centar-i-obec\u0301ani-raj-za-kupoholic\u030care...-Mr.M-by-Marko-Tadic\u0301-mrmbymarkotadic30-683x1024.jpg 683w, https:\/\/mrm-style.com\/sr\/wp-content\/uploads\/2023\/04\/Pisma-iz-Nemac\u030cke-Berlin-kulturni-centar-i-obec\u0301ani-raj-za-kupoholic\u030care...-Mr.M-by-Marko-Tadic\u0301-mrmbymarkotadic30-768x1152.jpg 768w, https:\/\/mrm-style.com\/sr\/wp-content\/uploads\/2023\/04\/Pisma-iz-Nemac\u030cke-Berlin-kulturni-centar-i-obec\u0301ani-raj-za-kupoholic\u030care...-Mr.M-by-Marko-Tadic\u0301-mrmbymarkotadic30-1024x1536.jpg 1024w, https:\/\/mrm-style.com\/sr\/wp-content\/uploads\/2023\/04\/Pisma-iz-Nemac\u030cke-Berlin-kulturni-centar-i-obec\u0301ani-raj-za-kupoholic\u030care...-Mr.M-by-Marko-Tadic\u0301-mrmbymarkotadic30-1365x2048.jpg 1365w, https:\/\/mrm-style.com\/sr\/wp-content\/uploads\/2023\/04\/Pisma-iz-Nemac\u030cke-Berlin-kulturni-centar-i-obec\u0301ani-raj-za-kupoholic\u030care...-Mr.M-by-Marko-Tadic\u0301-mrmbymarkotadic30-1440x2160.jpg 1440w, https:\/\/mrm-style.com\/sr\/wp-content\/uploads\/2023\/04\/Pisma-iz-Nemac\u030cke-Berlin-kulturni-centar-i-obec\u0301ani-raj-za-kupoholic\u030care...-Mr.M-by-Marko-Tadic\u0301-mrmbymarkotadic30-800x1200.jpg 800w, https:\/\/mrm-style.com\/sr\/wp-content\/uploads\/2023\/04\/Pisma-iz-Nemac\u030cke-Berlin-kulturni-centar-i-obec\u0301ani-raj-za-kupoholic\u030care...-Mr.M-by-Marko-Tadic\u0301-mrmbymarkotadic30-550x825.jpg 550w, https:\/\/mrm-style.com\/sr\/wp-content\/uploads\/2023\/04\/Pisma-iz-Nemac\u030cke-Berlin-kulturni-centar-i-obec\u0301ani-raj-za-kupoholic\u030care...-Mr.M-by-Marko-Tadic\u0301-mrmbymarkotadic30-720x1080.jpg 720w, https:\/\/mrm-style.com\/sr\/wp-content\/uploads\/2023\/04\/Pisma-iz-Nemac\u030cke-Berlin-kulturni-centar-i-obec\u0301ani-raj-za-kupoholic\u030care...-Mr.M-by-Marko-Tadic\u0301-mrmbymarkotadic30-400x600.jpg 400w\" sizes=\"auto, (max-width: 1600px) 100vw, 1600px\" \/><\/a><\/figure>\n<\/div>\n\n\n<p><strong><em><a href=\"https:\/\/www.visitberlin.de\/en\/alexanderplatz\" target=\"_blank\" rel=\"noreferrer noopener\">Aleksanderplac<\/a><\/em><\/strong> je veliki javni trg i saobrac\u0301ajno \u010dvori\u0161te u centralnom berlinskom okrugu Mite. Trg je dobio ime po ruskom caru Aleksandru I, \u0161to tako\u0111e ozna\u010dava vec\u0301e naselje koje se prote\u017ee od Mollstrasse na severoistoku do Spandauer Stra\u00dfe i Rotes Rathaus na jugozapadu.<\/p>\n\n\n<div class=\"wp-block-image\">\n<figure class=\"aligncenter size-full\"><a href=\"https:\/\/mrm-style.com\/sr\/wp-content\/uploads\/2023\/04\/Pisma-iz-Nemac\u030cke-Berlin-kulturni-centar-i-obec\u0301ani-raj-za-kupoholic\u030care...-Mr.M-by-Marko-Tadic\u0301-mrmbymarkotadic17.jpg\"><img loading=\"lazy\" decoding=\"async\" width=\"2400\" height=\"1600\" src=\"https:\/\/mrm-style.com\/sr\/wp-content\/uploads\/2023\/04\/Pisma-iz-Nemac\u030cke-Berlin-kulturni-centar-i-obec\u0301ani-raj-za-kupoholic\u030care...-Mr.M-by-Marko-Tadic\u0301-mrmbymarkotadic17.jpg\" alt=\"\" class=\"wp-image-10720\" srcset=\"https:\/\/mrm-style.com\/sr\/wp-content\/uploads\/2023\/04\/Pisma-iz-Nemac\u030cke-Berlin-kulturni-centar-i-obec\u0301ani-raj-za-kupoholic\u030care...-Mr.M-by-Marko-Tadic\u0301-mrmbymarkotadic17.jpg 2400w, https:\/\/mrm-style.com\/sr\/wp-content\/uploads\/2023\/04\/Pisma-iz-Nemac\u030cke-Berlin-kulturni-centar-i-obec\u0301ani-raj-za-kupoholic\u030care...-Mr.M-by-Marko-Tadic\u0301-mrmbymarkotadic17-300x200.jpg 300w, https:\/\/mrm-style.com\/sr\/wp-content\/uploads\/2023\/04\/Pisma-iz-Nemac\u030cke-Berlin-kulturni-centar-i-obec\u0301ani-raj-za-kupoholic\u030care...-Mr.M-by-Marko-Tadic\u0301-mrmbymarkotadic17-1024x683.jpg 1024w, https:\/\/mrm-style.com\/sr\/wp-content\/uploads\/2023\/04\/Pisma-iz-Nemac\u030cke-Berlin-kulturni-centar-i-obec\u0301ani-raj-za-kupoholic\u030care...-Mr.M-by-Marko-Tadic\u0301-mrmbymarkotadic17-768x512.jpg 768w, https:\/\/mrm-style.com\/sr\/wp-content\/uploads\/2023\/04\/Pisma-iz-Nemac\u030cke-Berlin-kulturni-centar-i-obec\u0301ani-raj-za-kupoholic\u030care...-Mr.M-by-Marko-Tadic\u0301-mrmbymarkotadic17-1536x1024.jpg 1536w, https:\/\/mrm-style.com\/sr\/wp-content\/uploads\/2023\/04\/Pisma-iz-Nemac\u030cke-Berlin-kulturni-centar-i-obec\u0301ani-raj-za-kupoholic\u030care...-Mr.M-by-Marko-Tadic\u0301-mrmbymarkotadic17-2048x1365.jpg 2048w, https:\/\/mrm-style.com\/sr\/wp-content\/uploads\/2023\/04\/Pisma-iz-Nemac\u030cke-Berlin-kulturni-centar-i-obec\u0301ani-raj-za-kupoholic\u030care...-Mr.M-by-Marko-Tadic\u0301-mrmbymarkotadic17-1440x960.jpg 1440w, https:\/\/mrm-style.com\/sr\/wp-content\/uploads\/2023\/04\/Pisma-iz-Nemac\u030cke-Berlin-kulturni-centar-i-obec\u0301ani-raj-za-kupoholic\u030care...-Mr.M-by-Marko-Tadic\u0301-mrmbymarkotadic17-800x533.jpg 800w, https:\/\/mrm-style.com\/sr\/wp-content\/uploads\/2023\/04\/Pisma-iz-Nemac\u030cke-Berlin-kulturni-centar-i-obec\u0301ani-raj-za-kupoholic\u030care...-Mr.M-by-Marko-Tadic\u0301-mrmbymarkotadic17-550x367.jpg 550w, https:\/\/mrm-style.com\/sr\/wp-content\/uploads\/2023\/04\/Pisma-iz-Nemac\u030cke-Berlin-kulturni-centar-i-obec\u0301ani-raj-za-kupoholic\u030care...-Mr.M-by-Marko-Tadic\u0301-mrmbymarkotadic17-1920x1280.jpg 1920w, https:\/\/mrm-style.com\/sr\/wp-content\/uploads\/2023\/04\/Pisma-iz-Nemac\u030cke-Berlin-kulturni-centar-i-obec\u0301ani-raj-za-kupoholic\u030care...-Mr.M-by-Marko-Tadic\u0301-mrmbymarkotadic17-1620x1080.jpg 1620w, https:\/\/mrm-style.com\/sr\/wp-content\/uploads\/2023\/04\/Pisma-iz-Nemac\u030cke-Berlin-kulturni-centar-i-obec\u0301ani-raj-za-kupoholic\u030care...-Mr.M-by-Marko-Tadic\u0301-mrmbymarkotadic17-900x600.jpg 900w\" sizes=\"auto, (max-width: 2400px) 100vw, 2400px\" \/><\/a><\/figure>\n<\/div>\n\n<div class=\"wp-block-image\">\n<figure class=\"aligncenter size-full\"><a href=\"https:\/\/mrm-style.com\/sr\/wp-content\/uploads\/2023\/04\/Pisma-iz-Nemac\u030cke-Berlin-kulturni-centar-i-obec\u0301ani-raj-za-kupoholic\u030care...-Mr.M-by-Marko-Tadic\u0301-mrmbymarkotadic16.jpg\"><img loading=\"lazy\" decoding=\"async\" width=\"2400\" height=\"1600\" src=\"https:\/\/mrm-style.com\/sr\/wp-content\/uploads\/2023\/04\/Pisma-iz-Nemac\u030cke-Berlin-kulturni-centar-i-obec\u0301ani-raj-za-kupoholic\u030care...-Mr.M-by-Marko-Tadic\u0301-mrmbymarkotadic16.jpg\" alt=\"\" class=\"wp-image-10719\" srcset=\"https:\/\/mrm-style.com\/sr\/wp-content\/uploads\/2023\/04\/Pisma-iz-Nemac\u030cke-Berlin-kulturni-centar-i-obec\u0301ani-raj-za-kupoholic\u030care...-Mr.M-by-Marko-Tadic\u0301-mrmbymarkotadic16.jpg 2400w, https:\/\/mrm-style.com\/sr\/wp-content\/uploads\/2023\/04\/Pisma-iz-Nemac\u030cke-Berlin-kulturni-centar-i-obec\u0301ani-raj-za-kupoholic\u030care...-Mr.M-by-Marko-Tadic\u0301-mrmbymarkotadic16-300x200.jpg 300w, https:\/\/mrm-style.com\/sr\/wp-content\/uploads\/2023\/04\/Pisma-iz-Nemac\u030cke-Berlin-kulturni-centar-i-obec\u0301ani-raj-za-kupoholic\u030care...-Mr.M-by-Marko-Tadic\u0301-mrmbymarkotadic16-1024x683.jpg 1024w, https:\/\/mrm-style.com\/sr\/wp-content\/uploads\/2023\/04\/Pisma-iz-Nemac\u030cke-Berlin-kulturni-centar-i-obec\u0301ani-raj-za-kupoholic\u030care...-Mr.M-by-Marko-Tadic\u0301-mrmbymarkotadic16-768x512.jpg 768w, https:\/\/mrm-style.com\/sr\/wp-content\/uploads\/2023\/04\/Pisma-iz-Nemac\u030cke-Berlin-kulturni-centar-i-obec\u0301ani-raj-za-kupoholic\u030care...-Mr.M-by-Marko-Tadic\u0301-mrmbymarkotadic16-1536x1024.jpg 1536w, https:\/\/mrm-style.com\/sr\/wp-content\/uploads\/2023\/04\/Pisma-iz-Nemac\u030cke-Berlin-kulturni-centar-i-obec\u0301ani-raj-za-kupoholic\u030care...-Mr.M-by-Marko-Tadic\u0301-mrmbymarkotadic16-2048x1365.jpg 2048w, https:\/\/mrm-style.com\/sr\/wp-content\/uploads\/2023\/04\/Pisma-iz-Nemac\u030cke-Berlin-kulturni-centar-i-obec\u0301ani-raj-za-kupoholic\u030care...-Mr.M-by-Marko-Tadic\u0301-mrmbymarkotadic16-1440x960.jpg 1440w, https:\/\/mrm-style.com\/sr\/wp-content\/uploads\/2023\/04\/Pisma-iz-Nemac\u030cke-Berlin-kulturni-centar-i-obec\u0301ani-raj-za-kupoholic\u030care...-Mr.M-by-Marko-Tadic\u0301-mrmbymarkotadic16-800x533.jpg 800w, https:\/\/mrm-style.com\/sr\/wp-content\/uploads\/2023\/04\/Pisma-iz-Nemac\u030cke-Berlin-kulturni-centar-i-obec\u0301ani-raj-za-kupoholic\u030care...-Mr.M-by-Marko-Tadic\u0301-mrmbymarkotadic16-550x367.jpg 550w, https:\/\/mrm-style.com\/sr\/wp-content\/uploads\/2023\/04\/Pisma-iz-Nemac\u030cke-Berlin-kulturni-centar-i-obec\u0301ani-raj-za-kupoholic\u030care...-Mr.M-by-Marko-Tadic\u0301-mrmbymarkotadic16-1920x1280.jpg 1920w, https:\/\/mrm-style.com\/sr\/wp-content\/uploads\/2023\/04\/Pisma-iz-Nemac\u030cke-Berlin-kulturni-centar-i-obec\u0301ani-raj-za-kupoholic\u030care...-Mr.M-by-Marko-Tadic\u0301-mrmbymarkotadic16-1620x1080.jpg 1620w, https:\/\/mrm-style.com\/sr\/wp-content\/uploads\/2023\/04\/Pisma-iz-Nemac\u030cke-Berlin-kulturni-centar-i-obec\u0301ani-raj-za-kupoholic\u030care...-Mr.M-by-Marko-Tadic\u0301-mrmbymarkotadic16-900x600.jpg 900w\" sizes=\"auto, (max-width: 2400px) 100vw, 2400px\" \/><\/a><\/figure>\n<\/div>\n\n\n<p>Aleksanderplac je navodno najposec\u0301enije podru\u010dje Berlina, pobedom nad Fridrih\u0161trase i Siti Vest. To je popularna polazna ta\u010dka za turiste, sa mnogim atrakcijama, uklju\u010dujuc\u0301i Fernsehturm (TV toranj), Nikolajev kvart i Rotes Rathaus (\u201eCrvena gradska ve\u0107nica\u201c) koji se nalaze u blizini. Aleksanderplac je i dalje jedna od glavnih komercijalnih zona Berlina, gde se nalaze razli\u010diti tr\u017eni centri, robne kuc\u0301e i druge velike maloprodajne lokacije.<\/p>\n\n\n<div class=\"wp-block-image\">\n<figure class=\"aligncenter size-full\"><a href=\"https:\/\/mrm-style.com\/sr\/wp-content\/uploads\/2023\/04\/Pisma-iz-Nemac\u030cke-Berlin-kulturni-centar-i-obec\u0301ani-raj-za-kupoholic\u030care...-Mr.M-by-Marko-Tadic\u0301-mrmbymarkotadic31.jpg\"><img loading=\"lazy\" decoding=\"async\" width=\"2400\" height=\"1600\" src=\"https:\/\/mrm-style.com\/sr\/wp-content\/uploads\/2023\/04\/Pisma-iz-Nemac\u030cke-Berlin-kulturni-centar-i-obec\u0301ani-raj-za-kupoholic\u030care...-Mr.M-by-Marko-Tadic\u0301-mrmbymarkotadic31.jpg\" alt=\"\" class=\"wp-image-10734\" srcset=\"https:\/\/mrm-style.com\/sr\/wp-content\/uploads\/2023\/04\/Pisma-iz-Nemac\u030cke-Berlin-kulturni-centar-i-obec\u0301ani-raj-za-kupoholic\u030care...-Mr.M-by-Marko-Tadic\u0301-mrmbymarkotadic31.jpg 2400w, https:\/\/mrm-style.com\/sr\/wp-content\/uploads\/2023\/04\/Pisma-iz-Nemac\u030cke-Berlin-kulturni-centar-i-obec\u0301ani-raj-za-kupoholic\u030care...-Mr.M-by-Marko-Tadic\u0301-mrmbymarkotadic31-300x200.jpg 300w, https:\/\/mrm-style.com\/sr\/wp-content\/uploads\/2023\/04\/Pisma-iz-Nemac\u030cke-Berlin-kulturni-centar-i-obec\u0301ani-raj-za-kupoholic\u030care...-Mr.M-by-Marko-Tadic\u0301-mrmbymarkotadic31-1024x683.jpg 1024w, https:\/\/mrm-style.com\/sr\/wp-content\/uploads\/2023\/04\/Pisma-iz-Nemac\u030cke-Berlin-kulturni-centar-i-obec\u0301ani-raj-za-kupoholic\u030care...-Mr.M-by-Marko-Tadic\u0301-mrmbymarkotadic31-768x512.jpg 768w, https:\/\/mrm-style.com\/sr\/wp-content\/uploads\/2023\/04\/Pisma-iz-Nemac\u030cke-Berlin-kulturni-centar-i-obec\u0301ani-raj-za-kupoholic\u030care...-Mr.M-by-Marko-Tadic\u0301-mrmbymarkotadic31-1536x1024.jpg 1536w, https:\/\/mrm-style.com\/sr\/wp-content\/uploads\/2023\/04\/Pisma-iz-Nemac\u030cke-Berlin-kulturni-centar-i-obec\u0301ani-raj-za-kupoholic\u030care...-Mr.M-by-Marko-Tadic\u0301-mrmbymarkotadic31-2048x1365.jpg 2048w, https:\/\/mrm-style.com\/sr\/wp-content\/uploads\/2023\/04\/Pisma-iz-Nemac\u030cke-Berlin-kulturni-centar-i-obec\u0301ani-raj-za-kupoholic\u030care...-Mr.M-by-Marko-Tadic\u0301-mrmbymarkotadic31-1440x960.jpg 1440w, https:\/\/mrm-style.com\/sr\/wp-content\/uploads\/2023\/04\/Pisma-iz-Nemac\u030cke-Berlin-kulturni-centar-i-obec\u0301ani-raj-za-kupoholic\u030care...-Mr.M-by-Marko-Tadic\u0301-mrmbymarkotadic31-800x533.jpg 800w, https:\/\/mrm-style.com\/sr\/wp-content\/uploads\/2023\/04\/Pisma-iz-Nemac\u030cke-Berlin-kulturni-centar-i-obec\u0301ani-raj-za-kupoholic\u030care...-Mr.M-by-Marko-Tadic\u0301-mrmbymarkotadic31-550x367.jpg 550w, https:\/\/mrm-style.com\/sr\/wp-content\/uploads\/2023\/04\/Pisma-iz-Nemac\u030cke-Berlin-kulturni-centar-i-obec\u0301ani-raj-za-kupoholic\u030care...-Mr.M-by-Marko-Tadic\u0301-mrmbymarkotadic31-1920x1280.jpg 1920w, https:\/\/mrm-style.com\/sr\/wp-content\/uploads\/2023\/04\/Pisma-iz-Nemac\u030cke-Berlin-kulturni-centar-i-obec\u0301ani-raj-za-kupoholic\u030care...-Mr.M-by-Marko-Tadic\u0301-mrmbymarkotadic31-1620x1080.jpg 1620w, https:\/\/mrm-style.com\/sr\/wp-content\/uploads\/2023\/04\/Pisma-iz-Nemac\u030cke-Berlin-kulturni-centar-i-obec\u0301ani-raj-za-kupoholic\u030care...-Mr.M-by-Marko-Tadic\u0301-mrmbymarkotadic31-900x600.jpg 900w\" sizes=\"auto, (max-width: 2400px) 100vw, 2400px\" \/><\/a><\/figure>\n<\/div>\n\n\n<p><strong>ZAPADNI BERLIN<\/strong><\/p>\n\n\n\n<p>Za mnoge, Krojcberg je jedini biv\u0161i okrug Zapadnog Berlina u kome se ne\u0161to de\u0161ava. Ali za one koji borave ili \u017eele da posete zapadni deo grada, jo\u0161 uvek ima mnogo u ponudi\u2026<\/p>\n\n\n\n<ul class=\"wp-block-list\"><li><strong><a href=\"https:\/\/www.visitberlin.de\/en\/charlottenburg-palace-old-palace\" target=\"_blank\" rel=\"noreferrer noopener\">Charlottenburg Palace<\/a><\/strong> (\u0160arlotenburg Palata) &#8211; Izgra\u0111ena 1699. godine od strane izbornog lista Fridriha III kao letnju palatu, palata \u0160arlotenburg je najve\u0107a kraljevska palata u gradu Berlinu (kraljevska porodica je odlu\u010dila da izgradi ve\u0107inu svojih palata u obli\u017enjem gradu Potsdamu, nema\u010dkoj verziji Versaja). Unutar palate danas se nalazi ogromna zbirka francuskih slika iz 18. veka (najve\u0107a van Francuske), barokna Stara palata i Novo krilo, koju je dodao svestrani Fridrih Veliki sredinom 1700-ih.<\/li><\/ul>\n\n\n\n<ul class=\"wp-block-list\"><li><strong><a href=\"https:\/\/www.visitberlin.de\/en\/kaiser-wilhelm-memorial-church\" target=\"_blank\" rel=\"noreferrer noopener\">Memorijalna crkva Kajzera Vilhelma<\/a><\/strong> &#8211; Ovu crkvu, udaljenu od Zoologischer Garten S i stanice U bahn-a, izme\u0111u 1891. i 1895. godine sagradio je Kajzer Vilhelm II. Kajzer je \u017eeleo da proslavi slavu i veli\u010danstvo svog dede, prvog nema\u010dkog kajzera, Vilhelma I, i posvetio mu je crkvu (Vilhelm II nije voleo svog oca, Fridriha III, neizmerno, tako da ne postoji Memorijalna crkva Kajzera Fridriha).<\/li><\/ul>\n\n\n\n<ul class=\"wp-block-list\"><li><strong><a href=\"https:\/\/www.visitberlin.de\/en\/zoo-berlin\" target=\"_blank\" rel=\"noreferrer noopener\">Berlinski Zolo\u0161ki Vrt<\/a><\/strong> &#8211; Najstariji zoolo\u0161ki vrt u Nema\u010dkoj, Berlinski zoolo\u0161ki vrt otvorio je svoja vrata 1844. godine i najposec\u0301eniji je zoolo\u0161ki vrt u Evropi. Sa dobrim razlogom &#8211; ovo je jedno fantasti\u010dno mesto! \u017divotinje se dr\u017ee u sredinama koje najbli\u017ee odgovaraju njihovom prirodnom stani\u0161tu i zbog toga zoolo\u0161ki vrt ima uspe\u0161an program uzgajanja. Zoolo\u0161ki vrt je skoro potpuno uni\u0161ten tokom Drugog svetskog rata, a pre\u017eivelo je samo 90 \u017eivotinja od preko 3.000 jedinki koliko ih je bilo pre rata. Sam zoolo\u0161ki vrt bio je poslednje upori\u0161te nema\u010dke vojske na kraju rata.<\/li><\/ul>\n\n\n\n<ul class=\"wp-block-list\"><li><strong><a href=\"https:\/\/www.visitberlin.de\/en\/tiergarten\" target=\"_blank\" rel=\"noreferrer noopener\">Tiergarten<\/a><\/strong> &#8211; Berlin je grad zelenih povr\u0161ina, a Tiergarten je najpopularniji berlinski park u centru grada. Izgra\u0111en kao lovi\u0161te za kraljevsku porodicu 1600-ih godina, park od 255 hektara ovih dana je dom spomenika, restorana i pivskih ba\u0161ta, a \u0161etnja od zapadnog kraja do druge strane c\u0301e vas odvesti pored Sieggessaule (Pobedni\u010dkog stuba ) i dovesti vas do Brandenbur\u0161ke kapije.<\/li><\/ul>\n\n\n<div class=\"wp-block-image\">\n<figure class=\"aligncenter size-full\"><a href=\"https:\/\/mrm-style.com\/sr\/wp-content\/uploads\/2023\/04\/Pisma-iz-Nemac\u030cke-Berlin-kulturni-centar-i-obec\u0301ani-raj-za-kupoholic\u030care...-Mr.M-by-Marko-Tadic\u0301-mrmbymarkotadic6.jpg\"><img loading=\"lazy\" decoding=\"async\" width=\"2400\" height=\"1600\" src=\"https:\/\/mrm-style.com\/sr\/wp-content\/uploads\/2023\/04\/Pisma-iz-Nemac\u030cke-Berlin-kulturni-centar-i-obec\u0301ani-raj-za-kupoholic\u030care...-Mr.M-by-Marko-Tadic\u0301-mrmbymarkotadic6.jpg\" alt=\"\" class=\"wp-image-10709\" srcset=\"https:\/\/mrm-style.com\/sr\/wp-content\/uploads\/2023\/04\/Pisma-iz-Nemac\u030cke-Berlin-kulturni-centar-i-obec\u0301ani-raj-za-kupoholic\u030care...-Mr.M-by-Marko-Tadic\u0301-mrmbymarkotadic6.jpg 2400w, https:\/\/mrm-style.com\/sr\/wp-content\/uploads\/2023\/04\/Pisma-iz-Nemac\u030cke-Berlin-kulturni-centar-i-obec\u0301ani-raj-za-kupoholic\u030care...-Mr.M-by-Marko-Tadic\u0301-mrmbymarkotadic6-300x200.jpg 300w, https:\/\/mrm-style.com\/sr\/wp-content\/uploads\/2023\/04\/Pisma-iz-Nemac\u030cke-Berlin-kulturni-centar-i-obec\u0301ani-raj-za-kupoholic\u030care...-Mr.M-by-Marko-Tadic\u0301-mrmbymarkotadic6-1024x683.jpg 1024w, https:\/\/mrm-style.com\/sr\/wp-content\/uploads\/2023\/04\/Pisma-iz-Nemac\u030cke-Berlin-kulturni-centar-i-obec\u0301ani-raj-za-kupoholic\u030care...-Mr.M-by-Marko-Tadic\u0301-mrmbymarkotadic6-768x512.jpg 768w, https:\/\/mrm-style.com\/sr\/wp-content\/uploads\/2023\/04\/Pisma-iz-Nemac\u030cke-Berlin-kulturni-centar-i-obec\u0301ani-raj-za-kupoholic\u030care...-Mr.M-by-Marko-Tadic\u0301-mrmbymarkotadic6-1536x1024.jpg 1536w, https:\/\/mrm-style.com\/sr\/wp-content\/uploads\/2023\/04\/Pisma-iz-Nemac\u030cke-Berlin-kulturni-centar-i-obec\u0301ani-raj-za-kupoholic\u030care...-Mr.M-by-Marko-Tadic\u0301-mrmbymarkotadic6-2048x1365.jpg 2048w, https:\/\/mrm-style.com\/sr\/wp-content\/uploads\/2023\/04\/Pisma-iz-Nemac\u030cke-Berlin-kulturni-centar-i-obec\u0301ani-raj-za-kupoholic\u030care...-Mr.M-by-Marko-Tadic\u0301-mrmbymarkotadic6-1440x960.jpg 1440w, https:\/\/mrm-style.com\/sr\/wp-content\/uploads\/2023\/04\/Pisma-iz-Nemac\u030cke-Berlin-kulturni-centar-i-obec\u0301ani-raj-za-kupoholic\u030care...-Mr.M-by-Marko-Tadic\u0301-mrmbymarkotadic6-800x533.jpg 800w, https:\/\/mrm-style.com\/sr\/wp-content\/uploads\/2023\/04\/Pisma-iz-Nemac\u030cke-Berlin-kulturni-centar-i-obec\u0301ani-raj-za-kupoholic\u030care...-Mr.M-by-Marko-Tadic\u0301-mrmbymarkotadic6-550x367.jpg 550w, https:\/\/mrm-style.com\/sr\/wp-content\/uploads\/2023\/04\/Pisma-iz-Nemac\u030cke-Berlin-kulturni-centar-i-obec\u0301ani-raj-za-kupoholic\u030care...-Mr.M-by-Marko-Tadic\u0301-mrmbymarkotadic6-1920x1280.jpg 1920w, https:\/\/mrm-style.com\/sr\/wp-content\/uploads\/2023\/04\/Pisma-iz-Nemac\u030cke-Berlin-kulturni-centar-i-obec\u0301ani-raj-za-kupoholic\u030care...-Mr.M-by-Marko-Tadic\u0301-mrmbymarkotadic6-1620x1080.jpg 1620w, https:\/\/mrm-style.com\/sr\/wp-content\/uploads\/2023\/04\/Pisma-iz-Nemac\u030cke-Berlin-kulturni-centar-i-obec\u0301ani-raj-za-kupoholic\u030care...-Mr.M-by-Marko-Tadic\u0301-mrmbymarkotadic6-900x600.jpg 900w\" sizes=\"auto, (max-width: 2400px) 100vw, 2400px\" \/><\/a><\/figure>\n<\/div>\n\n\n<p>Na po\u010detku ovog posta sam spomenuo da je Zapadni Berlin poznat kao najbolja destinacija za kupovinu, pa \u0107u iskoristiti priliku da podelim sa vama neke zanimljive adrese za kupovinu u ovom delu grada.<\/p>\n\n\n\n<p><strong><a href=\"https:\/\/www.visitberlin.de\/en\/kurfurstendamm\" target=\"_blank\" rel=\"noreferrer noopener\">Kurfurstendamm<\/a><\/strong> (skra\u0107eno: Ku&#8217;damm) je jedna od najpoznatijih avenija u Berlinu. Ulica je dobila ime po nekada\u0161njem Kurfurstenu (princu) Brandenburga. \u0160iroki, dugi bulevar se mo\u017ee smatrati Jelisejskim poljima u Berlinu i oivi\u010den je prodavnicama, kuc\u0301ama, hotelima i restoranima. Konkretno, mnogi modni brendovi ovde imaju svoje prodavnice, kao i izlo\u017ebene salone nekoliko proizvo\u0111a\u010da automobila, poznatih restorana i luksuznih hotela.<\/p>\n\n\n<div class=\"wp-block-image\">\n<figure class=\"aligncenter size-full\"><a href=\"https:\/\/mrm-style.com\/sr\/wp-content\/uploads\/2023\/04\/Pisma-iz-Nemac\u030cke-Berlin-kulturni-centar-i-obec\u0301ani-raj-za-kupoholic\u030care...-Mr.M-by-Marko-Tadic\u0301-mrmbymarkotadic11.jpg\"><img loading=\"lazy\" decoding=\"async\" width=\"2137\" height=\"1600\" src=\"https:\/\/mrm-style.com\/sr\/wp-content\/uploads\/2023\/04\/Pisma-iz-Nemac\u030cke-Berlin-kulturni-centar-i-obec\u0301ani-raj-za-kupoholic\u030care...-Mr.M-by-Marko-Tadic\u0301-mrmbymarkotadic11.jpg\" alt=\"\" class=\"wp-image-10714\" srcset=\"https:\/\/mrm-style.com\/sr\/wp-content\/uploads\/2023\/04\/Pisma-iz-Nemac\u030cke-Berlin-kulturni-centar-i-obec\u0301ani-raj-za-kupoholic\u030care...-Mr.M-by-Marko-Tadic\u0301-mrmbymarkotadic11.jpg 2137w, https:\/\/mrm-style.com\/sr\/wp-content\/uploads\/2023\/04\/Pisma-iz-Nemac\u030cke-Berlin-kulturni-centar-i-obec\u0301ani-raj-za-kupoholic\u030care...-Mr.M-by-Marko-Tadic\u0301-mrmbymarkotadic11-300x225.jpg 300w, https:\/\/mrm-style.com\/sr\/wp-content\/uploads\/2023\/04\/Pisma-iz-Nemac\u030cke-Berlin-kulturni-centar-i-obec\u0301ani-raj-za-kupoholic\u030care...-Mr.M-by-Marko-Tadic\u0301-mrmbymarkotadic11-1024x767.jpg 1024w, https:\/\/mrm-style.com\/sr\/wp-content\/uploads\/2023\/04\/Pisma-iz-Nemac\u030cke-Berlin-kulturni-centar-i-obec\u0301ani-raj-za-kupoholic\u030care...-Mr.M-by-Marko-Tadic\u0301-mrmbymarkotadic11-768x575.jpg 768w, https:\/\/mrm-style.com\/sr\/wp-content\/uploads\/2023\/04\/Pisma-iz-Nemac\u030cke-Berlin-kulturni-centar-i-obec\u0301ani-raj-za-kupoholic\u030care...-Mr.M-by-Marko-Tadic\u0301-mrmbymarkotadic11-1536x1150.jpg 1536w, https:\/\/mrm-style.com\/sr\/wp-content\/uploads\/2023\/04\/Pisma-iz-Nemac\u030cke-Berlin-kulturni-centar-i-obec\u0301ani-raj-za-kupoholic\u030care...-Mr.M-by-Marko-Tadic\u0301-mrmbymarkotadic11-2048x1533.jpg 2048w, https:\/\/mrm-style.com\/sr\/wp-content\/uploads\/2023\/04\/Pisma-iz-Nemac\u030cke-Berlin-kulturni-centar-i-obec\u0301ani-raj-za-kupoholic\u030care...-Mr.M-by-Marko-Tadic\u0301-mrmbymarkotadic11-1440x1078.jpg 1440w, https:\/\/mrm-style.com\/sr\/wp-content\/uploads\/2023\/04\/Pisma-iz-Nemac\u030cke-Berlin-kulturni-centar-i-obec\u0301ani-raj-za-kupoholic\u030care...-Mr.M-by-Marko-Tadic\u0301-mrmbymarkotadic11-800x599.jpg 800w, https:\/\/mrm-style.com\/sr\/wp-content\/uploads\/2023\/04\/Pisma-iz-Nemac\u030cke-Berlin-kulturni-centar-i-obec\u0301ani-raj-za-kupoholic\u030care...-Mr.M-by-Marko-Tadic\u0301-mrmbymarkotadic11-550x412.jpg 550w, https:\/\/mrm-style.com\/sr\/wp-content\/uploads\/2023\/04\/Pisma-iz-Nemac\u030cke-Berlin-kulturni-centar-i-obec\u0301ani-raj-za-kupoholic\u030care...-Mr.M-by-Marko-Tadic\u0301-mrmbymarkotadic11-1920x1438.jpg 1920w, https:\/\/mrm-style.com\/sr\/wp-content\/uploads\/2023\/04\/Pisma-iz-Nemac\u030cke-Berlin-kulturni-centar-i-obec\u0301ani-raj-za-kupoholic\u030care...-Mr.M-by-Marko-Tadic\u0301-mrmbymarkotadic11-1442x1080.jpg 1442w, https:\/\/mrm-style.com\/sr\/wp-content\/uploads\/2023\/04\/Pisma-iz-Nemac\u030cke-Berlin-kulturni-centar-i-obec\u0301ani-raj-za-kupoholic\u030care...-Mr.M-by-Marko-Tadic\u0301-mrmbymarkotadic11-801x600.jpg 801w\" sizes=\"auto, (max-width: 2137px) 100vw, 2137px\" \/><\/a><\/figure>\n<\/div>\n\n<div class=\"wp-block-image\">\n<figure class=\"aligncenter size-full\"><a href=\"https:\/\/mrm-style.com\/sr\/wp-content\/uploads\/2023\/04\/Pisma-iz-Nemac\u030cke-Berlin-kulturni-centar-i-obec\u0301ani-raj-za-kupoholic\u030care...-Mr.M-by-Marko-Tadic\u0301-mrmbymarkotadic13.jpg\"><img loading=\"lazy\" decoding=\"async\" width=\"1600\" height=\"2400\" src=\"https:\/\/mrm-style.com\/sr\/wp-content\/uploads\/2023\/04\/Pisma-iz-Nemac\u030cke-Berlin-kulturni-centar-i-obec\u0301ani-raj-za-kupoholic\u030care...-Mr.M-by-Marko-Tadic\u0301-mrmbymarkotadic13.jpg\" alt=\"\" class=\"wp-image-10716\" srcset=\"https:\/\/mrm-style.com\/sr\/wp-content\/uploads\/2023\/04\/Pisma-iz-Nemac\u030cke-Berlin-kulturni-centar-i-obec\u0301ani-raj-za-kupoholic\u030care...-Mr.M-by-Marko-Tadic\u0301-mrmbymarkotadic13.jpg 1600w, https:\/\/mrm-style.com\/sr\/wp-content\/uploads\/2023\/04\/Pisma-iz-Nemac\u030cke-Berlin-kulturni-centar-i-obec\u0301ani-raj-za-kupoholic\u030care...-Mr.M-by-Marko-Tadic\u0301-mrmbymarkotadic13-200x300.jpg 200w, https:\/\/mrm-style.com\/sr\/wp-content\/uploads\/2023\/04\/Pisma-iz-Nemac\u030cke-Berlin-kulturni-centar-i-obec\u0301ani-raj-za-kupoholic\u030care...-Mr.M-by-Marko-Tadic\u0301-mrmbymarkotadic13-683x1024.jpg 683w, https:\/\/mrm-style.com\/sr\/wp-content\/uploads\/2023\/04\/Pisma-iz-Nemac\u030cke-Berlin-kulturni-centar-i-obec\u0301ani-raj-za-kupoholic\u030care...-Mr.M-by-Marko-Tadic\u0301-mrmbymarkotadic13-768x1152.jpg 768w, https:\/\/mrm-style.com\/sr\/wp-content\/uploads\/2023\/04\/Pisma-iz-Nemac\u030cke-Berlin-kulturni-centar-i-obec\u0301ani-raj-za-kupoholic\u030care...-Mr.M-by-Marko-Tadic\u0301-mrmbymarkotadic13-1024x1536.jpg 1024w, https:\/\/mrm-style.com\/sr\/wp-content\/uploads\/2023\/04\/Pisma-iz-Nemac\u030cke-Berlin-kulturni-centar-i-obec\u0301ani-raj-za-kupoholic\u030care...-Mr.M-by-Marko-Tadic\u0301-mrmbymarkotadic13-1365x2048.jpg 1365w, https:\/\/mrm-style.com\/sr\/wp-content\/uploads\/2023\/04\/Pisma-iz-Nemac\u030cke-Berlin-kulturni-centar-i-obec\u0301ani-raj-za-kupoholic\u030care...-Mr.M-by-Marko-Tadic\u0301-mrmbymarkotadic13-1440x2160.jpg 1440w, https:\/\/mrm-style.com\/sr\/wp-content\/uploads\/2023\/04\/Pisma-iz-Nemac\u030cke-Berlin-kulturni-centar-i-obec\u0301ani-raj-za-kupoholic\u030care...-Mr.M-by-Marko-Tadic\u0301-mrmbymarkotadic13-800x1200.jpg 800w, https:\/\/mrm-style.com\/sr\/wp-content\/uploads\/2023\/04\/Pisma-iz-Nemac\u030cke-Berlin-kulturni-centar-i-obec\u0301ani-raj-za-kupoholic\u030care...-Mr.M-by-Marko-Tadic\u0301-mrmbymarkotadic13-550x825.jpg 550w, https:\/\/mrm-style.com\/sr\/wp-content\/uploads\/2023\/04\/Pisma-iz-Nemac\u030cke-Berlin-kulturni-centar-i-obec\u0301ani-raj-za-kupoholic\u030care...-Mr.M-by-Marko-Tadic\u0301-mrmbymarkotadic13-720x1080.jpg 720w, https:\/\/mrm-style.com\/sr\/wp-content\/uploads\/2023\/04\/Pisma-iz-Nemac\u030cke-Berlin-kulturni-centar-i-obec\u0301ani-raj-za-kupoholic\u030care...-Mr.M-by-Marko-Tadic\u0301-mrmbymarkotadic13-400x600.jpg 400w\" sizes=\"auto, (max-width: 1600px) 100vw, 1600px\" \/><\/a><\/figure>\n<\/div>\n\n\n<p>Za razliku od susednih ulica, Kudamm se razvio iz istorijskog puta od kordura koji su postavili markgrofovi Brandenburga da bi stigao do lova\u010dke kuc\u0301e Grunevald, koja je podignuta oko 1542. godine po nalogu izbornog lista Hoencolerna Joahima II Hektora. Iako je ta\u010dan datum izgradnje nepoznat, neimenovani nasip koji vodi od Stadtschloss-a kroz mo\u010dvarno podru\u010dje izme\u0111u naselja \u0160arlotenburg (tada nazvan Lietzov) i Vilmersdorf do Grunevalda vec\u0301 je prikazan na mapi iz 1685. godine. Ime Churfursten Damm se prvi put pominje izme\u0111u 1767. i 1787. godine. Danas je ovo presti\u017eni centar luksuznih modnih brendova i luksuznih dobara.<\/p>\n\n\n<div class=\"wp-block-image\">\n<figure class=\"aligncenter size-full\"><a href=\"https:\/\/mrm-style.com\/sr\/wp-content\/uploads\/2023\/04\/Pisma-iz-Nemac\u030cke-Berlin-kulturni-centar-i-obec\u0301ani-raj-za-kupoholic\u030care...-Mr.M-by-Marko-Tadic\u0301-mrmbymarkotadic9.jpg\"><img loading=\"lazy\" decoding=\"async\" width=\"2400\" height=\"1600\" src=\"https:\/\/mrm-style.com\/sr\/wp-content\/uploads\/2023\/04\/Pisma-iz-Nemac\u030cke-Berlin-kulturni-centar-i-obec\u0301ani-raj-za-kupoholic\u030care...-Mr.M-by-Marko-Tadic\u0301-mrmbymarkotadic9.jpg\" alt=\"\" class=\"wp-image-10712\" srcset=\"https:\/\/mrm-style.com\/sr\/wp-content\/uploads\/2023\/04\/Pisma-iz-Nemac\u030cke-Berlin-kulturni-centar-i-obec\u0301ani-raj-za-kupoholic\u030care...-Mr.M-by-Marko-Tadic\u0301-mrmbymarkotadic9.jpg 2400w, https:\/\/mrm-style.com\/sr\/wp-content\/uploads\/2023\/04\/Pisma-iz-Nemac\u030cke-Berlin-kulturni-centar-i-obec\u0301ani-raj-za-kupoholic\u030care...-Mr.M-by-Marko-Tadic\u0301-mrmbymarkotadic9-300x200.jpg 300w, https:\/\/mrm-style.com\/sr\/wp-content\/uploads\/2023\/04\/Pisma-iz-Nemac\u030cke-Berlin-kulturni-centar-i-obec\u0301ani-raj-za-kupoholic\u030care...-Mr.M-by-Marko-Tadic\u0301-mrmbymarkotadic9-1024x683.jpg 1024w, https:\/\/mrm-style.com\/sr\/wp-content\/uploads\/2023\/04\/Pisma-iz-Nemac\u030cke-Berlin-kulturni-centar-i-obec\u0301ani-raj-za-kupoholic\u030care...-Mr.M-by-Marko-Tadic\u0301-mrmbymarkotadic9-768x512.jpg 768w, https:\/\/mrm-style.com\/sr\/wp-content\/uploads\/2023\/04\/Pisma-iz-Nemac\u030cke-Berlin-kulturni-centar-i-obec\u0301ani-raj-za-kupoholic\u030care...-Mr.M-by-Marko-Tadic\u0301-mrmbymarkotadic9-1536x1024.jpg 1536w, https:\/\/mrm-style.com\/sr\/wp-content\/uploads\/2023\/04\/Pisma-iz-Nemac\u030cke-Berlin-kulturni-centar-i-obec\u0301ani-raj-za-kupoholic\u030care...-Mr.M-by-Marko-Tadic\u0301-mrmbymarkotadic9-2048x1365.jpg 2048w, https:\/\/mrm-style.com\/sr\/wp-content\/uploads\/2023\/04\/Pisma-iz-Nemac\u030cke-Berlin-kulturni-centar-i-obec\u0301ani-raj-za-kupoholic\u030care...-Mr.M-by-Marko-Tadic\u0301-mrmbymarkotadic9-1440x960.jpg 1440w, https:\/\/mrm-style.com\/sr\/wp-content\/uploads\/2023\/04\/Pisma-iz-Nemac\u030cke-Berlin-kulturni-centar-i-obec\u0301ani-raj-za-kupoholic\u030care...-Mr.M-by-Marko-Tadic\u0301-mrmbymarkotadic9-800x533.jpg 800w, https:\/\/mrm-style.com\/sr\/wp-content\/uploads\/2023\/04\/Pisma-iz-Nemac\u030cke-Berlin-kulturni-centar-i-obec\u0301ani-raj-za-kupoholic\u030care...-Mr.M-by-Marko-Tadic\u0301-mrmbymarkotadic9-550x367.jpg 550w, https:\/\/mrm-style.com\/sr\/wp-content\/uploads\/2023\/04\/Pisma-iz-Nemac\u030cke-Berlin-kulturni-centar-i-obec\u0301ani-raj-za-kupoholic\u030care...-Mr.M-by-Marko-Tadic\u0301-mrmbymarkotadic9-1920x1280.jpg 1920w, https:\/\/mrm-style.com\/sr\/wp-content\/uploads\/2023\/04\/Pisma-iz-Nemac\u030cke-Berlin-kulturni-centar-i-obec\u0301ani-raj-za-kupoholic\u030care...-Mr.M-by-Marko-Tadic\u0301-mrmbymarkotadic9-1620x1080.jpg 1620w, https:\/\/mrm-style.com\/sr\/wp-content\/uploads\/2023\/04\/Pisma-iz-Nemac\u030cke-Berlin-kulturni-centar-i-obec\u0301ani-raj-za-kupoholic\u030care...-Mr.M-by-Marko-Tadic\u0301-mrmbymarkotadic9-900x600.jpg 900w\" sizes=\"auto, (max-width: 2400px) 100vw, 2400px\" \/><\/a><\/figure>\n<\/div>\n\n<div class=\"wp-block-image\">\n<figure class=\"aligncenter size-full\"><a href=\"https:\/\/mrm-style.com\/sr\/wp-content\/uploads\/2023\/04\/Pisma-iz-Nemac\u030cke-Berlin-kulturni-centar-i-obec\u0301ani-raj-za-kupoholic\u030care...-Mr.M-by-Marko-Tadic\u0301-mrmbymarkotadic10.jpg\"><img loading=\"lazy\" decoding=\"async\" width=\"1600\" height=\"2400\" src=\"https:\/\/mrm-style.com\/sr\/wp-content\/uploads\/2023\/04\/Pisma-iz-Nemac\u030cke-Berlin-kulturni-centar-i-obec\u0301ani-raj-za-kupoholic\u030care...-Mr.M-by-Marko-Tadic\u0301-mrmbymarkotadic10.jpg\" alt=\"\" class=\"wp-image-10713\" srcset=\"https:\/\/mrm-style.com\/sr\/wp-content\/uploads\/2023\/04\/Pisma-iz-Nemac\u030cke-Berlin-kulturni-centar-i-obec\u0301ani-raj-za-kupoholic\u030care...-Mr.M-by-Marko-Tadic\u0301-mrmbymarkotadic10.jpg 1600w, https:\/\/mrm-style.com\/sr\/wp-content\/uploads\/2023\/04\/Pisma-iz-Nemac\u030cke-Berlin-kulturni-centar-i-obec\u0301ani-raj-za-kupoholic\u030care...-Mr.M-by-Marko-Tadic\u0301-mrmbymarkotadic10-200x300.jpg 200w, https:\/\/mrm-style.com\/sr\/wp-content\/uploads\/2023\/04\/Pisma-iz-Nemac\u030cke-Berlin-kulturni-centar-i-obec\u0301ani-raj-za-kupoholic\u030care...-Mr.M-by-Marko-Tadic\u0301-mrmbymarkotadic10-683x1024.jpg 683w, https:\/\/mrm-style.com\/sr\/wp-content\/uploads\/2023\/04\/Pisma-iz-Nemac\u030cke-Berlin-kulturni-centar-i-obec\u0301ani-raj-za-kupoholic\u030care...-Mr.M-by-Marko-Tadic\u0301-mrmbymarkotadic10-768x1152.jpg 768w, https:\/\/mrm-style.com\/sr\/wp-content\/uploads\/2023\/04\/Pisma-iz-Nemac\u030cke-Berlin-kulturni-centar-i-obec\u0301ani-raj-za-kupoholic\u030care...-Mr.M-by-Marko-Tadic\u0301-mrmbymarkotadic10-1024x1536.jpg 1024w, https:\/\/mrm-style.com\/sr\/wp-content\/uploads\/2023\/04\/Pisma-iz-Nemac\u030cke-Berlin-kulturni-centar-i-obec\u0301ani-raj-za-kupoholic\u030care...-Mr.M-by-Marko-Tadic\u0301-mrmbymarkotadic10-1365x2048.jpg 1365w, https:\/\/mrm-style.com\/sr\/wp-content\/uploads\/2023\/04\/Pisma-iz-Nemac\u030cke-Berlin-kulturni-centar-i-obec\u0301ani-raj-za-kupoholic\u030care...-Mr.M-by-Marko-Tadic\u0301-mrmbymarkotadic10-1440x2160.jpg 1440w, https:\/\/mrm-style.com\/sr\/wp-content\/uploads\/2023\/04\/Pisma-iz-Nemac\u030cke-Berlin-kulturni-centar-i-obec\u0301ani-raj-za-kupoholic\u030care...-Mr.M-by-Marko-Tadic\u0301-mrmbymarkotadic10-800x1200.jpg 800w, https:\/\/mrm-style.com\/sr\/wp-content\/uploads\/2023\/04\/Pisma-iz-Nemac\u030cke-Berlin-kulturni-centar-i-obec\u0301ani-raj-za-kupoholic\u030care...-Mr.M-by-Marko-Tadic\u0301-mrmbymarkotadic10-550x825.jpg 550w, https:\/\/mrm-style.com\/sr\/wp-content\/uploads\/2023\/04\/Pisma-iz-Nemac\u030cke-Berlin-kulturni-centar-i-obec\u0301ani-raj-za-kupoholic\u030care...-Mr.M-by-Marko-Tadic\u0301-mrmbymarkotadic10-720x1080.jpg 720w, https:\/\/mrm-style.com\/sr\/wp-content\/uploads\/2023\/04\/Pisma-iz-Nemac\u030cke-Berlin-kulturni-centar-i-obec\u0301ani-raj-za-kupoholic\u030care...-Mr.M-by-Marko-Tadic\u0301-mrmbymarkotadic10-400x600.jpg 400w\" sizes=\"auto, (max-width: 1600px) 100vw, 1600px\" \/><\/a><\/figure>\n<\/div>\n\n\n<p>Druga destinacija za kupovinu u Zapadnom Berlinu je <strong><em><a href=\"https:\/\/www.visitberlin.de\/en\/kurfurstendamm-tauentzienstrasse\" target=\"_blank\" rel=\"noreferrer noopener\">Tauentzien\u0161trase<\/a><\/em><\/strong> (skra\u0107eno Tauentzien) je glavna trgova\u010dka ulica u oblasti Siti Vest u Berlinu. Sa du\u017einom od oko 500 m, prolazi izme\u0111u dva va\u017ena trga, Vitenbergplaca na istoku i Brajt\u0161ajdplaca na zapadu, gde ga nastavlja bulevar Kurfirstendam. Dok isto\u010dna polovina pripada okrugu \u0160eneberg, zapadni deo (iza Nirnberger \u0161trase) je u \u0160arlotenburgu. Ovde se nalaze dve najpoznatije robne ku\u0107e KaDeWe i Peek &amp; Cloppenburg.<\/p>\n\n\n\n<p><strong><a href=\"https:\/\/www.visitberlin.de\/en\/kadewe\" target=\"_blank\" rel=\"noreferrer noopener\">Kaufhaus des Westens<\/a> <\/strong>(na nema\u010dkom &#8216;Robna kuc\u0301a Zapada&#8217;), skrac\u0301eno KaDeWe je najpoznatija luksuzna robna kuc\u0301a u Berlinu. Sa preko 60.000 kvadratnih metara maloprodajnog prostora i vi\u0161e od 380.000 dostupnih artikala, to je druga najvec\u0301a robna kuc\u0301a u Evropi posle Harrodsa u Londonu. Svakog dana privla\u010di 40.000 do 50.000 posetilaca. Prodavnica se nalazi u Tauentzienstra\u00dfe, glavnoj trgova\u010dkoj ulici, izme\u0111u Vittenbergplatz-a i Breitscheidplatz-a, u blizini srca biv\u0161eg Zapadnog Berlina. Tehni\u010dki se nalazi na krajnjem severozapadu ju\u017enog berlinskog susedstva \u0160eneberg.<\/p>\n\n\n<div class=\"wp-block-image\">\n<figure class=\"aligncenter size-full\"><a href=\"https:\/\/mrm-style.com\/sr\/wp-content\/uploads\/2023\/04\/Pisma-iz-Nemac\u030cke-Berlin-kulturni-centar-i-obec\u0301ani-raj-za-kupoholic\u030care...-Mr.M-by-Marko-Tadic\u0301-mrmbymarkotadic7.jpg\"><img loading=\"lazy\" decoding=\"async\" width=\"2400\" height=\"1600\" src=\"https:\/\/mrm-style.com\/sr\/wp-content\/uploads\/2023\/04\/Pisma-iz-Nemac\u030cke-Berlin-kulturni-centar-i-obec\u0301ani-raj-za-kupoholic\u030care...-Mr.M-by-Marko-Tadic\u0301-mrmbymarkotadic7.jpg\" alt=\"\" class=\"wp-image-10710\" srcset=\"https:\/\/mrm-style.com\/sr\/wp-content\/uploads\/2023\/04\/Pisma-iz-Nemac\u030cke-Berlin-kulturni-centar-i-obec\u0301ani-raj-za-kupoholic\u030care...-Mr.M-by-Marko-Tadic\u0301-mrmbymarkotadic7.jpg 2400w, https:\/\/mrm-style.com\/sr\/wp-content\/uploads\/2023\/04\/Pisma-iz-Nemac\u030cke-Berlin-kulturni-centar-i-obec\u0301ani-raj-za-kupoholic\u030care...-Mr.M-by-Marko-Tadic\u0301-mrmbymarkotadic7-300x200.jpg 300w, https:\/\/mrm-style.com\/sr\/wp-content\/uploads\/2023\/04\/Pisma-iz-Nemac\u030cke-Berlin-kulturni-centar-i-obec\u0301ani-raj-za-kupoholic\u030care...-Mr.M-by-Marko-Tadic\u0301-mrmbymarkotadic7-1024x683.jpg 1024w, https:\/\/mrm-style.com\/sr\/wp-content\/uploads\/2023\/04\/Pisma-iz-Nemac\u030cke-Berlin-kulturni-centar-i-obec\u0301ani-raj-za-kupoholic\u030care...-Mr.M-by-Marko-Tadic\u0301-mrmbymarkotadic7-768x512.jpg 768w, https:\/\/mrm-style.com\/sr\/wp-content\/uploads\/2023\/04\/Pisma-iz-Nemac\u030cke-Berlin-kulturni-centar-i-obec\u0301ani-raj-za-kupoholic\u030care...-Mr.M-by-Marko-Tadic\u0301-mrmbymarkotadic7-1536x1024.jpg 1536w, https:\/\/mrm-style.com\/sr\/wp-content\/uploads\/2023\/04\/Pisma-iz-Nemac\u030cke-Berlin-kulturni-centar-i-obec\u0301ani-raj-za-kupoholic\u030care...-Mr.M-by-Marko-Tadic\u0301-mrmbymarkotadic7-2048x1365.jpg 2048w, https:\/\/mrm-style.com\/sr\/wp-content\/uploads\/2023\/04\/Pisma-iz-Nemac\u030cke-Berlin-kulturni-centar-i-obec\u0301ani-raj-za-kupoholic\u030care...-Mr.M-by-Marko-Tadic\u0301-mrmbymarkotadic7-1440x960.jpg 1440w, https:\/\/mrm-style.com\/sr\/wp-content\/uploads\/2023\/04\/Pisma-iz-Nemac\u030cke-Berlin-kulturni-centar-i-obec\u0301ani-raj-za-kupoholic\u030care...-Mr.M-by-Marko-Tadic\u0301-mrmbymarkotadic7-800x533.jpg 800w, https:\/\/mrm-style.com\/sr\/wp-content\/uploads\/2023\/04\/Pisma-iz-Nemac\u030cke-Berlin-kulturni-centar-i-obec\u0301ani-raj-za-kupoholic\u030care...-Mr.M-by-Marko-Tadic\u0301-mrmbymarkotadic7-550x367.jpg 550w, https:\/\/mrm-style.com\/sr\/wp-content\/uploads\/2023\/04\/Pisma-iz-Nemac\u030cke-Berlin-kulturni-centar-i-obec\u0301ani-raj-za-kupoholic\u030care...-Mr.M-by-Marko-Tadic\u0301-mrmbymarkotadic7-1920x1280.jpg 1920w, https:\/\/mrm-style.com\/sr\/wp-content\/uploads\/2023\/04\/Pisma-iz-Nemac\u030cke-Berlin-kulturni-centar-i-obec\u0301ani-raj-za-kupoholic\u030care...-Mr.M-by-Marko-Tadic\u0301-mrmbymarkotadic7-1620x1080.jpg 1620w, https:\/\/mrm-style.com\/sr\/wp-content\/uploads\/2023\/04\/Pisma-iz-Nemac\u030cke-Berlin-kulturni-centar-i-obec\u0301ani-raj-za-kupoholic\u030care...-Mr.M-by-Marko-Tadic\u0301-mrmbymarkotadic7-900x600.jpg 900w\" sizes=\"auto, (max-width: 2400px) 100vw, 2400px\" \/><\/a><\/figure>\n<\/div>\n\n\n<p>Od skoro u ovoj prodavnici mo\u017eete prona\u0107i \u010duveni Zalando Outlet, pravi raj za kupoholi\u010dare gde mo\u017eete prona\u0107i ode\u0107u, obu\u0107u i modne dodatke za odrasle i decu. Ovde je zaista mogu\u0107e prona\u0107i apsolutno sve, po znatno sni\u017eenim cenama nego u klasi\u010dnim radnjama, dok je izbor brendova raznolik i mogu\u0107e je prona\u0107i komade brendova za sva\u010diji d\u017eep.<\/p>\n\n\n<div class=\"wp-block-image\">\n<figure class=\"aligncenter size-full\"><a href=\"https:\/\/mrm-style.com\/sr\/wp-content\/uploads\/2023\/04\/Pisma-iz-Nemac\u030cke-Berlin-kulturni-centar-i-obec\u0301ani-raj-za-kupoholic\u030care...-Mr.M-by-Marko-Tadic\u0301-mrmbymarkotadic14.jpg\"><img loading=\"lazy\" decoding=\"async\" width=\"2400\" height=\"1600\" src=\"https:\/\/mrm-style.com\/sr\/wp-content\/uploads\/2023\/04\/Pisma-iz-Nemac\u030cke-Berlin-kulturni-centar-i-obec\u0301ani-raj-za-kupoholic\u030care...-Mr.M-by-Marko-Tadic\u0301-mrmbymarkotadic14.jpg\" alt=\"\" class=\"wp-image-10717\" srcset=\"https:\/\/mrm-style.com\/sr\/wp-content\/uploads\/2023\/04\/Pisma-iz-Nemac\u030cke-Berlin-kulturni-centar-i-obec\u0301ani-raj-za-kupoholic\u030care...-Mr.M-by-Marko-Tadic\u0301-mrmbymarkotadic14.jpg 2400w, https:\/\/mrm-style.com\/sr\/wp-content\/uploads\/2023\/04\/Pisma-iz-Nemac\u030cke-Berlin-kulturni-centar-i-obec\u0301ani-raj-za-kupoholic\u030care...-Mr.M-by-Marko-Tadic\u0301-mrmbymarkotadic14-300x200.jpg 300w, https:\/\/mrm-style.com\/sr\/wp-content\/uploads\/2023\/04\/Pisma-iz-Nemac\u030cke-Berlin-kulturni-centar-i-obec\u0301ani-raj-za-kupoholic\u030care...-Mr.M-by-Marko-Tadic\u0301-mrmbymarkotadic14-1024x683.jpg 1024w, https:\/\/mrm-style.com\/sr\/wp-content\/uploads\/2023\/04\/Pisma-iz-Nemac\u030cke-Berlin-kulturni-centar-i-obec\u0301ani-raj-za-kupoholic\u030care...-Mr.M-by-Marko-Tadic\u0301-mrmbymarkotadic14-768x512.jpg 768w, https:\/\/mrm-style.com\/sr\/wp-content\/uploads\/2023\/04\/Pisma-iz-Nemac\u030cke-Berlin-kulturni-centar-i-obec\u0301ani-raj-za-kupoholic\u030care...-Mr.M-by-Marko-Tadic\u0301-mrmbymarkotadic14-1536x1024.jpg 1536w, https:\/\/mrm-style.com\/sr\/wp-content\/uploads\/2023\/04\/Pisma-iz-Nemac\u030cke-Berlin-kulturni-centar-i-obec\u0301ani-raj-za-kupoholic\u030care...-Mr.M-by-Marko-Tadic\u0301-mrmbymarkotadic14-2048x1365.jpg 2048w, https:\/\/mrm-style.com\/sr\/wp-content\/uploads\/2023\/04\/Pisma-iz-Nemac\u030cke-Berlin-kulturni-centar-i-obec\u0301ani-raj-za-kupoholic\u030care...-Mr.M-by-Marko-Tadic\u0301-mrmbymarkotadic14-1440x960.jpg 1440w, https:\/\/mrm-style.com\/sr\/wp-content\/uploads\/2023\/04\/Pisma-iz-Nemac\u030cke-Berlin-kulturni-centar-i-obec\u0301ani-raj-za-kupoholic\u030care...-Mr.M-by-Marko-Tadic\u0301-mrmbymarkotadic14-800x533.jpg 800w, https:\/\/mrm-style.com\/sr\/wp-content\/uploads\/2023\/04\/Pisma-iz-Nemac\u030cke-Berlin-kulturni-centar-i-obec\u0301ani-raj-za-kupoholic\u030care...-Mr.M-by-Marko-Tadic\u0301-mrmbymarkotadic14-550x367.jpg 550w, https:\/\/mrm-style.com\/sr\/wp-content\/uploads\/2023\/04\/Pisma-iz-Nemac\u030cke-Berlin-kulturni-centar-i-obec\u0301ani-raj-za-kupoholic\u030care...-Mr.M-by-Marko-Tadic\u0301-mrmbymarkotadic14-1920x1280.jpg 1920w, https:\/\/mrm-style.com\/sr\/wp-content\/uploads\/2023\/04\/Pisma-iz-Nemac\u030cke-Berlin-kulturni-centar-i-obec\u0301ani-raj-za-kupoholic\u030care...-Mr.M-by-Marko-Tadic\u0301-mrmbymarkotadic14-1620x1080.jpg 1620w, https:\/\/mrm-style.com\/sr\/wp-content\/uploads\/2023\/04\/Pisma-iz-Nemac\u030cke-Berlin-kulturni-centar-i-obec\u0301ani-raj-za-kupoholic\u030care...-Mr.M-by-Marko-Tadic\u0301-mrmbymarkotadic14-900x600.jpg 900w\" sizes=\"auto, (max-width: 2400px) 100vw, 2400px\" \/><\/a><\/figure>\n<\/div>\n\n\n<p>Ljudi ka\u017eu da crvena boja priziva sre\u0107u i privla\u010di pozitivnu energiju, zbog toga sam se odlu\u010dio na svoje putovanje u Berlin povedem svoj&nbsp;<em><strong><a rel=\"noreferrer noopener\" href=\"https:\/\/us.fpm.it\/dettaglio-prodotto\/spinner-53\/2\/\" target=\"_blank\">FPM Milano Bank Spinner 53<\/a><\/strong><\/em>&nbsp;crni kabinski kofer sa crvenim ko\u017enim detaljima koji mi je doneo sre\u0107u ove godine. Ne samo da je prakti\u010dan, lagan, ve\u0107 je i fotogeni\u010dan kofer za koji su me mnogi ljudi pitali na aerodromu u Berlinu gde sam ga kupio.<\/p>\n\n\n\n<p><em><strong><a href=\"https:\/\/www.fpm.it\/\">FPM Milano<\/a><\/strong><\/em>\u00a0prtljag putnicima nudi prakti\u010dnost i stil, sve to uklopljeno u jedan kofer i ran\u010deve. Dizajniran od strane Marka Sadlera, ovi lagani koferi sa aluminijumskim omota\u010dem i oja\u010dani inspirisani su starinskim kov\u010dezima, namenski napravljeni da vam pru\u017ee izdr\u017eljivost koja vam je potrebna na putovanjima. Kombinacija materijala Avante-Garde i motiva italijanskog dizajna, daju ovim FPM koferima robustan i siguran izgled.<\/p>\n\n\n<div class=\"wp-block-image\">\n<figure class=\"aligncenter size-full\"><a href=\"https:\/\/mrm-style.com\/sr\/wp-content\/uploads\/2023\/04\/Pisma-iz-Nemac\u030cke-Berlin-kulturni-centar-i-obec\u0301ani-raj-za-kupoholic\u030care...-Mr.M-by-Marko-Tadic\u0301-mrmbymarkotadic0.jpg\"><img loading=\"lazy\" decoding=\"async\" width=\"1600\" height=\"2400\" src=\"https:\/\/mrm-style.com\/sr\/wp-content\/uploads\/2023\/04\/Pisma-iz-Nemac\u030cke-Berlin-kulturni-centar-i-obec\u0301ani-raj-za-kupoholic\u030care...-Mr.M-by-Marko-Tadic\u0301-mrmbymarkotadic0.jpg\" alt=\"\" class=\"wp-image-10703\" srcset=\"https:\/\/mrm-style.com\/sr\/wp-content\/uploads\/2023\/04\/Pisma-iz-Nemac\u030cke-Berlin-kulturni-centar-i-obec\u0301ani-raj-za-kupoholic\u030care...-Mr.M-by-Marko-Tadic\u0301-mrmbymarkotadic0.jpg 1600w, https:\/\/mrm-style.com\/sr\/wp-content\/uploads\/2023\/04\/Pisma-iz-Nemac\u030cke-Berlin-kulturni-centar-i-obec\u0301ani-raj-za-kupoholic\u030care...-Mr.M-by-Marko-Tadic\u0301-mrmbymarkotadic0-200x300.jpg 200w, https:\/\/mrm-style.com\/sr\/wp-content\/uploads\/2023\/04\/Pisma-iz-Nemac\u030cke-Berlin-kulturni-centar-i-obec\u0301ani-raj-za-kupoholic\u030care...-Mr.M-by-Marko-Tadic\u0301-mrmbymarkotadic0-683x1024.jpg 683w, https:\/\/mrm-style.com\/sr\/wp-content\/uploads\/2023\/04\/Pisma-iz-Nemac\u030cke-Berlin-kulturni-centar-i-obec\u0301ani-raj-za-kupoholic\u030care...-Mr.M-by-Marko-Tadic\u0301-mrmbymarkotadic0-768x1152.jpg 768w, https:\/\/mrm-style.com\/sr\/wp-content\/uploads\/2023\/04\/Pisma-iz-Nemac\u030cke-Berlin-kulturni-centar-i-obec\u0301ani-raj-za-kupoholic\u030care...-Mr.M-by-Marko-Tadic\u0301-mrmbymarkotadic0-1024x1536.jpg 1024w, https:\/\/mrm-style.com\/sr\/wp-content\/uploads\/2023\/04\/Pisma-iz-Nemac\u030cke-Berlin-kulturni-centar-i-obec\u0301ani-raj-za-kupoholic\u030care...-Mr.M-by-Marko-Tadic\u0301-mrmbymarkotadic0-1365x2048.jpg 1365w, https:\/\/mrm-style.com\/sr\/wp-content\/uploads\/2023\/04\/Pisma-iz-Nemac\u030cke-Berlin-kulturni-centar-i-obec\u0301ani-raj-za-kupoholic\u030care...-Mr.M-by-Marko-Tadic\u0301-mrmbymarkotadic0-1440x2160.jpg 1440w, https:\/\/mrm-style.com\/sr\/wp-content\/uploads\/2023\/04\/Pisma-iz-Nemac\u030cke-Berlin-kulturni-centar-i-obec\u0301ani-raj-za-kupoholic\u030care...-Mr.M-by-Marko-Tadic\u0301-mrmbymarkotadic0-800x1200.jpg 800w, https:\/\/mrm-style.com\/sr\/wp-content\/uploads\/2023\/04\/Pisma-iz-Nemac\u030cke-Berlin-kulturni-centar-i-obec\u0301ani-raj-za-kupoholic\u030care...-Mr.M-by-Marko-Tadic\u0301-mrmbymarkotadic0-550x825.jpg 550w, https:\/\/mrm-style.com\/sr\/wp-content\/uploads\/2023\/04\/Pisma-iz-Nemac\u030cke-Berlin-kulturni-centar-i-obec\u0301ani-raj-za-kupoholic\u030care...-Mr.M-by-Marko-Tadic\u0301-mrmbymarkotadic0-720x1080.jpg 720w, https:\/\/mrm-style.com\/sr\/wp-content\/uploads\/2023\/04\/Pisma-iz-Nemac\u030cke-Berlin-kulturni-centar-i-obec\u0301ani-raj-za-kupoholic\u030care...-Mr.M-by-Marko-Tadic\u0301-mrmbymarkotadic0-400x600.jpg 400w\" sizes=\"auto, (max-width: 1600px) 100vw, 1600px\" \/><\/a><\/figure>\n<\/div>\n\n<div class=\"wp-block-image\">\n<figure class=\"aligncenter size-full\"><a href=\"https:\/\/mrm-style.com\/sr\/wp-content\/uploads\/2023\/04\/Pisma-iz-Nemac\u030cke-Berlin-kulturni-centar-i-obec\u0301ani-raj-za-kupoholic\u030care...-Mr.M-by-Marko-Tadic\u0301-mrmbymarkotadic1.jpg\"><img loading=\"lazy\" decoding=\"async\" width=\"2400\" height=\"1600\" src=\"https:\/\/mrm-style.com\/sr\/wp-content\/uploads\/2023\/04\/Pisma-iz-Nemac\u030cke-Berlin-kulturni-centar-i-obec\u0301ani-raj-za-kupoholic\u030care...-Mr.M-by-Marko-Tadic\u0301-mrmbymarkotadic1.jpg\" alt=\"\" class=\"wp-image-10704\" srcset=\"https:\/\/mrm-style.com\/sr\/wp-content\/uploads\/2023\/04\/Pisma-iz-Nemac\u030cke-Berlin-kulturni-centar-i-obec\u0301ani-raj-za-kupoholic\u030care...-Mr.M-by-Marko-Tadic\u0301-mrmbymarkotadic1.jpg 2400w, https:\/\/mrm-style.com\/sr\/wp-content\/uploads\/2023\/04\/Pisma-iz-Nemac\u030cke-Berlin-kulturni-centar-i-obec\u0301ani-raj-za-kupoholic\u030care...-Mr.M-by-Marko-Tadic\u0301-mrmbymarkotadic1-300x200.jpg 300w, https:\/\/mrm-style.com\/sr\/wp-content\/uploads\/2023\/04\/Pisma-iz-Nemac\u030cke-Berlin-kulturni-centar-i-obec\u0301ani-raj-za-kupoholic\u030care...-Mr.M-by-Marko-Tadic\u0301-mrmbymarkotadic1-1024x683.jpg 1024w, https:\/\/mrm-style.com\/sr\/wp-content\/uploads\/2023\/04\/Pisma-iz-Nemac\u030cke-Berlin-kulturni-centar-i-obec\u0301ani-raj-za-kupoholic\u030care...-Mr.M-by-Marko-Tadic\u0301-mrmbymarkotadic1-768x512.jpg 768w, https:\/\/mrm-style.com\/sr\/wp-content\/uploads\/2023\/04\/Pisma-iz-Nemac\u030cke-Berlin-kulturni-centar-i-obec\u0301ani-raj-za-kupoholic\u030care...-Mr.M-by-Marko-Tadic\u0301-mrmbymarkotadic1-1536x1024.jpg 1536w, https:\/\/mrm-style.com\/sr\/wp-content\/uploads\/2023\/04\/Pisma-iz-Nemac\u030cke-Berlin-kulturni-centar-i-obec\u0301ani-raj-za-kupoholic\u030care...-Mr.M-by-Marko-Tadic\u0301-mrmbymarkotadic1-2048x1365.jpg 2048w, https:\/\/mrm-style.com\/sr\/wp-content\/uploads\/2023\/04\/Pisma-iz-Nemac\u030cke-Berlin-kulturni-centar-i-obec\u0301ani-raj-za-kupoholic\u030care...-Mr.M-by-Marko-Tadic\u0301-mrmbymarkotadic1-1440x960.jpg 1440w, https:\/\/mrm-style.com\/sr\/wp-content\/uploads\/2023\/04\/Pisma-iz-Nemac\u030cke-Berlin-kulturni-centar-i-obec\u0301ani-raj-za-kupoholic\u030care...-Mr.M-by-Marko-Tadic\u0301-mrmbymarkotadic1-800x533.jpg 800w, https:\/\/mrm-style.com\/sr\/wp-content\/uploads\/2023\/04\/Pisma-iz-Nemac\u030cke-Berlin-kulturni-centar-i-obec\u0301ani-raj-za-kupoholic\u030care...-Mr.M-by-Marko-Tadic\u0301-mrmbymarkotadic1-550x367.jpg 550w, https:\/\/mrm-style.com\/sr\/wp-content\/uploads\/2023\/04\/Pisma-iz-Nemac\u030cke-Berlin-kulturni-centar-i-obec\u0301ani-raj-za-kupoholic\u030care...-Mr.M-by-Marko-Tadic\u0301-mrmbymarkotadic1-1920x1280.jpg 1920w, https:\/\/mrm-style.com\/sr\/wp-content\/uploads\/2023\/04\/Pisma-iz-Nemac\u030cke-Berlin-kulturni-centar-i-obec\u0301ani-raj-za-kupoholic\u030care...-Mr.M-by-Marko-Tadic\u0301-mrmbymarkotadic1-1620x1080.jpg 1620w, https:\/\/mrm-style.com\/sr\/wp-content\/uploads\/2023\/04\/Pisma-iz-Nemac\u030cke-Berlin-kulturni-centar-i-obec\u0301ani-raj-za-kupoholic\u030care...-Mr.M-by-Marko-Tadic\u0301-mrmbymarkotadic1-900x600.jpg 900w\" sizes=\"auto, (max-width: 2400px) 100vw, 2400px\" \/><\/a><\/figure>\n<\/div>\n\n\n<p>U dana\u0161njem postu predstavljam vam moj novi\u00a0<em><strong><a rel=\"noreferrer noopener\" href=\"https:\/\/us.fpm.it\/dettaglio-prodotto\/spinner-53\/2\/\" target=\"_blank\">Bank Spinner 53<\/a><\/strong><\/em>\u00a0kabinski kofer iz kolekcije\u00a0<em><strong><a href=\"https:\/\/fpm.it\/collections\/bank\/2\/\">Bank<\/a><\/strong><\/em>, kolekcija koja je u celosti napravljena u Italiji, idealne za ljude kako iz poslovnog sveta i tako za one one koji \u017eele da u\u017eivaju maksimalno u svom odmoru i slobodnom vremenu, napravljeni da zadovolje svaku prakti\u010dnu, funkcionalnu ili estetsku potrebu. Prakti\u010dan unutra\u0161nji d\u017eep vam omogu\u0107ava da punite tablet i pametni telefon bilo kada i svuda. Moderna, elegantna linija ran\u010deva, izra\u0111eni od visokokvalitetnog i vodootpornog najlona s posebnom pa\u017enjom na ko\u017ene i metalne detalje.<\/p>\n\n\n<div class=\"wp-block-image\">\n<figure class=\"aligncenter size-full\"><a href=\"https:\/\/mrm-style.com\/sr\/wp-content\/uploads\/2023\/04\/Pisma-iz-Nemac\u030cke-Berlin-kulturni-centar-i-obec\u0301ani-raj-za-kupoholic\u030care...-Mr.M-by-Marko-Tadic\u0301-mrmbymarkotadic2.jpg\"><img loading=\"lazy\" decoding=\"async\" width=\"1600\" height=\"2497\" src=\"https:\/\/mrm-style.com\/sr\/wp-content\/uploads\/2023\/04\/Pisma-iz-Nemac\u030cke-Berlin-kulturni-centar-i-obec\u0301ani-raj-za-kupoholic\u030care...-Mr.M-by-Marko-Tadic\u0301-mrmbymarkotadic2.jpg\" alt=\"\" class=\"wp-image-10705\" srcset=\"https:\/\/mrm-style.com\/sr\/wp-content\/uploads\/2023\/04\/Pisma-iz-Nemac\u030cke-Berlin-kulturni-centar-i-obec\u0301ani-raj-za-kupoholic\u030care...-Mr.M-by-Marko-Tadic\u0301-mrmbymarkotadic2.jpg 1600w, https:\/\/mrm-style.com\/sr\/wp-content\/uploads\/2023\/04\/Pisma-iz-Nemac\u030cke-Berlin-kulturni-centar-i-obec\u0301ani-raj-za-kupoholic\u030care...-Mr.M-by-Marko-Tadic\u0301-mrmbymarkotadic2-192x300.jpg 192w, https:\/\/mrm-style.com\/sr\/wp-content\/uploads\/2023\/04\/Pisma-iz-Nemac\u030cke-Berlin-kulturni-centar-i-obec\u0301ani-raj-za-kupoholic\u030care...-Mr.M-by-Marko-Tadic\u0301-mrmbymarkotadic2-656x1024.jpg 656w, https:\/\/mrm-style.com\/sr\/wp-content\/uploads\/2023\/04\/Pisma-iz-Nemac\u030cke-Berlin-kulturni-centar-i-obec\u0301ani-raj-za-kupoholic\u030care...-Mr.M-by-Marko-Tadic\u0301-mrmbymarkotadic2-768x1199.jpg 768w, https:\/\/mrm-style.com\/sr\/wp-content\/uploads\/2023\/04\/Pisma-iz-Nemac\u030cke-Berlin-kulturni-centar-i-obec\u0301ani-raj-za-kupoholic\u030care...-Mr.M-by-Marko-Tadic\u0301-mrmbymarkotadic2-984x1536.jpg 984w, https:\/\/mrm-style.com\/sr\/wp-content\/uploads\/2023\/04\/Pisma-iz-Nemac\u030cke-Berlin-kulturni-centar-i-obec\u0301ani-raj-za-kupoholic\u030care...-Mr.M-by-Marko-Tadic\u0301-mrmbymarkotadic2-1312x2048.jpg 1312w, https:\/\/mrm-style.com\/sr\/wp-content\/uploads\/2023\/04\/Pisma-iz-Nemac\u030cke-Berlin-kulturni-centar-i-obec\u0301ani-raj-za-kupoholic\u030care...-Mr.M-by-Marko-Tadic\u0301-mrmbymarkotadic2-1440x2247.jpg 1440w, https:\/\/mrm-style.com\/sr\/wp-content\/uploads\/2023\/04\/Pisma-iz-Nemac\u030cke-Berlin-kulturni-centar-i-obec\u0301ani-raj-za-kupoholic\u030care...-Mr.M-by-Marko-Tadic\u0301-mrmbymarkotadic2-800x1249.jpg 800w, https:\/\/mrm-style.com\/sr\/wp-content\/uploads\/2023\/04\/Pisma-iz-Nemac\u030cke-Berlin-kulturni-centar-i-obec\u0301ani-raj-za-kupoholic\u030care...-Mr.M-by-Marko-Tadic\u0301-mrmbymarkotadic2-550x858.jpg 550w, https:\/\/mrm-style.com\/sr\/wp-content\/uploads\/2023\/04\/Pisma-iz-Nemac\u030cke-Berlin-kulturni-centar-i-obec\u0301ani-raj-za-kupoholic\u030care...-Mr.M-by-Marko-Tadic\u0301-mrmbymarkotadic2-692x1080.jpg 692w, https:\/\/mrm-style.com\/sr\/wp-content\/uploads\/2023\/04\/Pisma-iz-Nemac\u030cke-Berlin-kulturni-centar-i-obec\u0301ani-raj-za-kupoholic\u030care...-Mr.M-by-Marko-Tadic\u0301-mrmbymarkotadic2-384x600.jpg 384w\" sizes=\"auto, (max-width: 1600px) 100vw, 1600px\" \/><\/a><\/figure>\n<\/div>\n\n\n<p>Personalizacija od aluminijuma podse\u0107a na inovativnu kreativnost FPM Bank kolekcije. Ovaj kofer sam obogatio crvenim detaljima \u2013&nbsp;<strong><em><a href=\"https:\/\/fpm.it\/dettaglio-prodotto\/leather-handle\/14\/\" target=\"_blank\" rel=\"noreferrer noopener\">ko\u017ene dr\u0161ke<\/a><\/em><\/strong>&nbsp;u koralno crvenoj boji, kao i&nbsp;<strong><em><a href=\"https:\/\/fpm.it\/dettaglio-prodotto\/address-tag\/82\/\" target=\"_blank\" rel=\"noreferrer noopener\">oznaka za adresu<\/a><\/em><\/strong>&nbsp;od iste boje. Mo\u017eete izabrati svoju omiljenu boju i verujem da \u0107ete kao i ja imati vi\u0161e favorita.<\/p>\n\n\n\n<p>Ako \u017eelite da budete u toku i da saznate koje sve modele kofera i modnih dodataka FPM Milano brend ima u svojoj ponudi posetite njihovu zvani\u010dnu\u00a0<em><strong><a href=\"https:\/\/www.fpm.it\/\">online prodavnicu<\/a><\/strong><\/em>\u00a0i zapratite ih na dru\u0161tvenim mre\u017eama\u00a0<strong><em><a href=\"https:\/\/www.facebook.com\/FPM.Milano\">Fejsbuk<\/a><\/em><\/strong>\u00a0i\u00a0<strong><em><a href=\"https:\/\/instagram.com\/fpm_milano\/\">Instagram<\/a><\/em><\/strong>.<\/p>\n\n\n<div class=\"wp-block-image\">\n<figure class=\"aligncenter size-full\"><a href=\"https:\/\/mrm-style.com\/sr\/wp-content\/uploads\/2023\/04\/Pisma-iz-Nemac\u030cke-Berlin-kulturni-centar-i-obec\u0301ani-raj-za-kupoholic\u030care...-Mr.M-by-Marko-Tadic\u0301-mrmbymarkotadic4.jpg\"><img loading=\"lazy\" decoding=\"async\" width=\"2400\" height=\"1600\" src=\"https:\/\/mrm-style.com\/sr\/wp-content\/uploads\/2023\/04\/Pisma-iz-Nemac\u030cke-Berlin-kulturni-centar-i-obec\u0301ani-raj-za-kupoholic\u030care...-Mr.M-by-Marko-Tadic\u0301-mrmbymarkotadic4.jpg\" alt=\"\" class=\"wp-image-10707\" srcset=\"https:\/\/mrm-style.com\/sr\/wp-content\/uploads\/2023\/04\/Pisma-iz-Nemac\u030cke-Berlin-kulturni-centar-i-obec\u0301ani-raj-za-kupoholic\u030care...-Mr.M-by-Marko-Tadic\u0301-mrmbymarkotadic4.jpg 2400w, https:\/\/mrm-style.com\/sr\/wp-content\/uploads\/2023\/04\/Pisma-iz-Nemac\u030cke-Berlin-kulturni-centar-i-obec\u0301ani-raj-za-kupoholic\u030care...-Mr.M-by-Marko-Tadic\u0301-mrmbymarkotadic4-300x200.jpg 300w, https:\/\/mrm-style.com\/sr\/wp-content\/uploads\/2023\/04\/Pisma-iz-Nemac\u030cke-Berlin-kulturni-centar-i-obec\u0301ani-raj-za-kupoholic\u030care...-Mr.M-by-Marko-Tadic\u0301-mrmbymarkotadic4-1024x683.jpg 1024w, https:\/\/mrm-style.com\/sr\/wp-content\/uploads\/2023\/04\/Pisma-iz-Nemac\u030cke-Berlin-kulturni-centar-i-obec\u0301ani-raj-za-kupoholic\u030care...-Mr.M-by-Marko-Tadic\u0301-mrmbymarkotadic4-768x512.jpg 768w, https:\/\/mrm-style.com\/sr\/wp-content\/uploads\/2023\/04\/Pisma-iz-Nemac\u030cke-Berlin-kulturni-centar-i-obec\u0301ani-raj-za-kupoholic\u030care...-Mr.M-by-Marko-Tadic\u0301-mrmbymarkotadic4-1536x1024.jpg 1536w, https:\/\/mrm-style.com\/sr\/wp-content\/uploads\/2023\/04\/Pisma-iz-Nemac\u030cke-Berlin-kulturni-centar-i-obec\u0301ani-raj-za-kupoholic\u030care...-Mr.M-by-Marko-Tadic\u0301-mrmbymarkotadic4-2048x1365.jpg 2048w, https:\/\/mrm-style.com\/sr\/wp-content\/uploads\/2023\/04\/Pisma-iz-Nemac\u030cke-Berlin-kulturni-centar-i-obec\u0301ani-raj-za-kupoholic\u030care...-Mr.M-by-Marko-Tadic\u0301-mrmbymarkotadic4-1440x960.jpg 1440w, https:\/\/mrm-style.com\/sr\/wp-content\/uploads\/2023\/04\/Pisma-iz-Nemac\u030cke-Berlin-kulturni-centar-i-obec\u0301ani-raj-za-kupoholic\u030care...-Mr.M-by-Marko-Tadic\u0301-mrmbymarkotadic4-800x533.jpg 800w, https:\/\/mrm-style.com\/sr\/wp-content\/uploads\/2023\/04\/Pisma-iz-Nemac\u030cke-Berlin-kulturni-centar-i-obec\u0301ani-raj-za-kupoholic\u030care...-Mr.M-by-Marko-Tadic\u0301-mrmbymarkotadic4-550x367.jpg 550w, https:\/\/mrm-style.com\/sr\/wp-content\/uploads\/2023\/04\/Pisma-iz-Nemac\u030cke-Berlin-kulturni-centar-i-obec\u0301ani-raj-za-kupoholic\u030care...-Mr.M-by-Marko-Tadic\u0301-mrmbymarkotadic4-1920x1280.jpg 1920w, https:\/\/mrm-style.com\/sr\/wp-content\/uploads\/2023\/04\/Pisma-iz-Nemac\u030cke-Berlin-kulturni-centar-i-obec\u0301ani-raj-za-kupoholic\u030care...-Mr.M-by-Marko-Tadic\u0301-mrmbymarkotadic4-1620x1080.jpg 1620w, https:\/\/mrm-style.com\/sr\/wp-content\/uploads\/2023\/04\/Pisma-iz-Nemac\u030cke-Berlin-kulturni-centar-i-obec\u0301ani-raj-za-kupoholic\u030care...-Mr.M-by-Marko-Tadic\u0301-mrmbymarkotadic4-900x600.jpg 900w\" sizes=\"auto, (max-width: 2400px) 100vw, 2400px\" \/><\/a><\/figure>\n<\/div>\n\n<div class=\"wp-block-image\">\n<figure class=\"aligncenter size-full\"><a href=\"https:\/\/mrm-style.com\/sr\/wp-content\/uploads\/2023\/04\/Pisma-iz-Nemac\u030cke-Berlin-kulturni-centar-i-obec\u0301ani-raj-za-kupoholic\u030care...-Mr.M-by-Marko-Tadic\u0301-mrmbymarkotadic5.jpg\"><img loading=\"lazy\" decoding=\"async\" width=\"2400\" height=\"1600\" src=\"https:\/\/mrm-style.com\/sr\/wp-content\/uploads\/2023\/04\/Pisma-iz-Nemac\u030cke-Berlin-kulturni-centar-i-obec\u0301ani-raj-za-kupoholic\u030care...-Mr.M-by-Marko-Tadic\u0301-mrmbymarkotadic5.jpg\" alt=\"\" class=\"wp-image-10708\" srcset=\"https:\/\/mrm-style.com\/sr\/wp-content\/uploads\/2023\/04\/Pisma-iz-Nemac\u030cke-Berlin-kulturni-centar-i-obec\u0301ani-raj-za-kupoholic\u030care...-Mr.M-by-Marko-Tadic\u0301-mrmbymarkotadic5.jpg 2400w, https:\/\/mrm-style.com\/sr\/wp-content\/uploads\/2023\/04\/Pisma-iz-Nemac\u030cke-Berlin-kulturni-centar-i-obec\u0301ani-raj-za-kupoholic\u030care...-Mr.M-by-Marko-Tadic\u0301-mrmbymarkotadic5-300x200.jpg 300w, https:\/\/mrm-style.com\/sr\/wp-content\/uploads\/2023\/04\/Pisma-iz-Nemac\u030cke-Berlin-kulturni-centar-i-obec\u0301ani-raj-za-kupoholic\u030care...-Mr.M-by-Marko-Tadic\u0301-mrmbymarkotadic5-1024x683.jpg 1024w, https:\/\/mrm-style.com\/sr\/wp-content\/uploads\/2023\/04\/Pisma-iz-Nemac\u030cke-Berlin-kulturni-centar-i-obec\u0301ani-raj-za-kupoholic\u030care...-Mr.M-by-Marko-Tadic\u0301-mrmbymarkotadic5-768x512.jpg 768w, https:\/\/mrm-style.com\/sr\/wp-content\/uploads\/2023\/04\/Pisma-iz-Nemac\u030cke-Berlin-kulturni-centar-i-obec\u0301ani-raj-za-kupoholic\u030care...-Mr.M-by-Marko-Tadic\u0301-mrmbymarkotadic5-1536x1024.jpg 1536w, https:\/\/mrm-style.com\/sr\/wp-content\/uploads\/2023\/04\/Pisma-iz-Nemac\u030cke-Berlin-kulturni-centar-i-obec\u0301ani-raj-za-kupoholic\u030care...-Mr.M-by-Marko-Tadic\u0301-mrmbymarkotadic5-2048x1365.jpg 2048w, https:\/\/mrm-style.com\/sr\/wp-content\/uploads\/2023\/04\/Pisma-iz-Nemac\u030cke-Berlin-kulturni-centar-i-obec\u0301ani-raj-za-kupoholic\u030care...-Mr.M-by-Marko-Tadic\u0301-mrmbymarkotadic5-1440x960.jpg 1440w, https:\/\/mrm-style.com\/sr\/wp-content\/uploads\/2023\/04\/Pisma-iz-Nemac\u030cke-Berlin-kulturni-centar-i-obec\u0301ani-raj-za-kupoholic\u030care...-Mr.M-by-Marko-Tadic\u0301-mrmbymarkotadic5-800x533.jpg 800w, https:\/\/mrm-style.com\/sr\/wp-content\/uploads\/2023\/04\/Pisma-iz-Nemac\u030cke-Berlin-kulturni-centar-i-obec\u0301ani-raj-za-kupoholic\u030care...-Mr.M-by-Marko-Tadic\u0301-mrmbymarkotadic5-550x367.jpg 550w, https:\/\/mrm-style.com\/sr\/wp-content\/uploads\/2023\/04\/Pisma-iz-Nemac\u030cke-Berlin-kulturni-centar-i-obec\u0301ani-raj-za-kupoholic\u030care...-Mr.M-by-Marko-Tadic\u0301-mrmbymarkotadic5-1920x1280.jpg 1920w, https:\/\/mrm-style.com\/sr\/wp-content\/uploads\/2023\/04\/Pisma-iz-Nemac\u030cke-Berlin-kulturni-centar-i-obec\u0301ani-raj-za-kupoholic\u030care...-Mr.M-by-Marko-Tadic\u0301-mrmbymarkotadic5-1620x1080.jpg 1620w, https:\/\/mrm-style.com\/sr\/wp-content\/uploads\/2023\/04\/Pisma-iz-Nemac\u030cke-Berlin-kulturni-centar-i-obec\u0301ani-raj-za-kupoholic\u030care...-Mr.M-by-Marko-Tadic\u0301-mrmbymarkotadic5-900x600.jpg 900w\" sizes=\"auto, (max-width: 2400px) 100vw, 2400px\" \/><\/a><\/figure>\n<\/div>\n\n\n<p>Dragi moji pustolovi i ljubitelji mode, do\u0161li smo do kraja ovog specijalnog putopisa i kratkog vodi\u010da za kupovinu u Berlinu gde smo imali prilike da u\u017eivamo u lepoti znamenitosti i kupovine u prestonici Nema\u010dke. Dana\u0161nji putopis ne bi bio mogu\u0107 bez nesebi\u010dne pomo\u0107i nema\u010dke \u017eeleznice \u2013\u00a0<strong><em><a rel=\"noreferrer noopener\" href=\"https:\/\/www.bahn.com\/en\" target=\"_blank\">Deutsche Bahn<\/a> &#8211; DB<\/em><\/strong>\u00a0u saradnji sa\u00a0<strong><em><a rel=\"noreferrer noopener\" href=\"https:\/\/www.visitberlin.de\/en\" target=\"_blank\">Visit Berlin<\/a><\/em><\/strong>\u00a0koji su omogu\u0107ili da osetim duh i lepotu kulture i tradicije Berlina. Naravno kao i uvek potrudio sam se da vam prenesem svoje utiske o ovom neobi\u010dnom iskustvu iz Berlina.<\/p>\n\n\n\n<p>Kako se vama dopao ovaj moj vodi\u010d za kupovinu u Berlinu? Da li ste imali priliku do sada da posetite urbanu prestonicu Nema\u010dke?<\/p>\n\n\n\n<p>Ako imate neko pitanje, komentar, sugestiju ili poruku za mene mo\u017eete mi napisati dole u komentarima. Naravno, kao i uvek mo\u017eete me kontaktirati putem maila ili dru\u0161tvenih mre\u017ea, sve adrese mo\u017eete prona\u0107i na stranici&nbsp;<em><strong><a href=\"https:\/\/mrm-style.com\/sr\/kontakt\/\">KONTAKT<\/a>.<\/strong><\/em>&nbsp;Vidimo se na istom mestu za par dana, sa nekom novom pri\u010dom!<\/p>\n\n\n\n<p><em>Blogerski pozdrav iz Berlina,<\/em><\/p>\n\n\n\n<p><strong>Mr.M<\/strong><\/p>\n\n\n<div class=\"wp-block-image\">\n<figure class=\"aligncenter size-full\"><a href=\"https:\/\/mrm-style.com\/sr\/wp-content\/uploads\/2023\/04\/Pisma-iz-Nemac\u030cke-Berlin-kulturni-centar-i-obec\u0301ani-raj-za-kupoholic\u030care...-Mr.M-by-Marko-Tadic\u0301-mrmbymarkotadic34.jpg\"><img loading=\"lazy\" decoding=\"async\" width=\"1600\" height=\"2400\" src=\"https:\/\/mrm-style.com\/sr\/wp-content\/uploads\/2023\/04\/Pisma-iz-Nemac\u030cke-Berlin-kulturni-centar-i-obec\u0301ani-raj-za-kupoholic\u030care...-Mr.M-by-Marko-Tadic\u0301-mrmbymarkotadic34.jpg\" alt=\"\" class=\"wp-image-10737\" srcset=\"https:\/\/mrm-style.com\/sr\/wp-content\/uploads\/2023\/04\/Pisma-iz-Nemac\u030cke-Berlin-kulturni-centar-i-obec\u0301ani-raj-za-kupoholic\u030care...-Mr.M-by-Marko-Tadic\u0301-mrmbymarkotadic34.jpg 1600w, https:\/\/mrm-style.com\/sr\/wp-content\/uploads\/2023\/04\/Pisma-iz-Nemac\u030cke-Berlin-kulturni-centar-i-obec\u0301ani-raj-za-kupoholic\u030care...-Mr.M-by-Marko-Tadic\u0301-mrmbymarkotadic34-200x300.jpg 200w, https:\/\/mrm-style.com\/sr\/wp-content\/uploads\/2023\/04\/Pisma-iz-Nemac\u030cke-Berlin-kulturni-centar-i-obec\u0301ani-raj-za-kupoholic\u030care...-Mr.M-by-Marko-Tadic\u0301-mrmbymarkotadic34-683x1024.jpg 683w, https:\/\/mrm-style.com\/sr\/wp-content\/uploads\/2023\/04\/Pisma-iz-Nemac\u030cke-Berlin-kulturni-centar-i-obec\u0301ani-raj-za-kupoholic\u030care...-Mr.M-by-Marko-Tadic\u0301-mrmbymarkotadic34-768x1152.jpg 768w, https:\/\/mrm-style.com\/sr\/wp-content\/uploads\/2023\/04\/Pisma-iz-Nemac\u030cke-Berlin-kulturni-centar-i-obec\u0301ani-raj-za-kupoholic\u030care...-Mr.M-by-Marko-Tadic\u0301-mrmbymarkotadic34-1024x1536.jpg 1024w, https:\/\/mrm-style.com\/sr\/wp-content\/uploads\/2023\/04\/Pisma-iz-Nemac\u030cke-Berlin-kulturni-centar-i-obec\u0301ani-raj-za-kupoholic\u030care...-Mr.M-by-Marko-Tadic\u0301-mrmbymarkotadic34-1365x2048.jpg 1365w, https:\/\/mrm-style.com\/sr\/wp-content\/uploads\/2023\/04\/Pisma-iz-Nemac\u030cke-Berlin-kulturni-centar-i-obec\u0301ani-raj-za-kupoholic\u030care...-Mr.M-by-Marko-Tadic\u0301-mrmbymarkotadic34-1440x2160.jpg 1440w, https:\/\/mrm-style.com\/sr\/wp-content\/uploads\/2023\/04\/Pisma-iz-Nemac\u030cke-Berlin-kulturni-centar-i-obec\u0301ani-raj-za-kupoholic\u030care...-Mr.M-by-Marko-Tadic\u0301-mrmbymarkotadic34-800x1200.jpg 800w, https:\/\/mrm-style.com\/sr\/wp-content\/uploads\/2023\/04\/Pisma-iz-Nemac\u030cke-Berlin-kulturni-centar-i-obec\u0301ani-raj-za-kupoholic\u030care...-Mr.M-by-Marko-Tadic\u0301-mrmbymarkotadic34-550x825.jpg 550w, https:\/\/mrm-style.com\/sr\/wp-content\/uploads\/2023\/04\/Pisma-iz-Nemac\u030cke-Berlin-kulturni-centar-i-obec\u0301ani-raj-za-kupoholic\u030care...-Mr.M-by-Marko-Tadic\u0301-mrmbymarkotadic34-720x1080.jpg 720w, https:\/\/mrm-style.com\/sr\/wp-content\/uploads\/2023\/04\/Pisma-iz-Nemac\u030cke-Berlin-kulturni-centar-i-obec\u0301ani-raj-za-kupoholic\u030care...-Mr.M-by-Marko-Tadic\u0301-mrmbymarkotadic34-400x600.jpg 400w\" sizes=\"auto, (max-width: 1600px) 100vw, 1600px\" \/><\/a><\/figure>\n<\/div>\n\n\n<p class=\"has-text-align-center\"><strong><em>Ovaj post je sponzorisan od strane nacionalne nema\u010dke \u017eeleznice\u00a0<a rel=\"noreferrer noopener\" href=\"https:\/\/www.bahn.com\/en\" target=\"_blank\">DB<\/a> i\u00a0<a href=\"https:\/\/www.visitberlin.de\/en\" target=\"_blank\" rel=\"noreferrer noopener\">Visit Berlin<\/a>,\u00a0kao i drugih lokalnih partnera. Ovaj post predstavlja moju li\u010dnu i iskrenu recenziju do\u017eivljaja destinacije.<\/em><\/strong><\/p>\n","protected":false},"excerpt":{"rendered":"<p>Dragi moji ljubitelji putovanja i modni znalci, dobrodo\u0161li u novu pri\u010du na Mr.M blogu! Po\u0161to sam dobio dosta va\u0161ih poruka nakon objavljenog vodi\u010da za kupovinu u Istanbulu, re\u0161io sam da vas obradujem jo\u0161 jednim sli\u010dnim sadr\u017eajem iz grada koji do\u017eivljavam kao svoj drugi dom jer sam proveo svoje najlep\u0161e godine u prestonici Nema\u010dke &#8211; Berlinu. Berlin je ina\u010de poznat kao evropska prestonica najve\u0107ih i najva\u017enijih kulturnih de\u0161avanja i da je pored toga poznat kao prestonica urbane uli\u010dne mode i pored toga ponosno nosi epitet evropske prestonice koja apsolutno nikad ne&#8230; <span class=\"more\"><a class=\"more-link\" href=\"https:\/\/mrm-style.com\/sr\/pisma-iz-nemacke-berlin-kulturni-centar-i-obecani-raj-za-kupoholicare\/\">Read More<\/a><\/span><\/p>\n","protected":false},"author":1,"featured_media":10721,"comment_status":"open","ping_status":"open","sticky":false,"template":"","format":"standard","meta":{"om_disable_all_campaigns":false,"_monsterinsights_skip_tracking":false,"_monsterinsights_sitenote_active":false,"_monsterinsights_sitenote_note":"","_monsterinsights_sitenote_category":0,"footnotes":""},"categories":[2,9,8],"tags":[131,5350,133,7952,76,56,54,55,2331,3862,1825,2392,77,2391,8644],"class_list":["post-10702","post","type-post","status-publish","format-standard","has-post-thumbnail","hentry","category-avanture","category-putovanja","category-saveti","tag-berlin","tag-deutsche-bahn","tag-deutschland","tag-fpm-milano","tag-kupovina","tag-marko-tadic","tag-mr-m","tag-mr-m-by-marko-tadic","tag-mrmbymarkotadic","tag-mrmbymarkotadic-instagram","tag-nemacka","tag-prica-o-berlinu","tag-putovanja","tag-visit-berlin","tag-vodic-za-kupovinu"],"aioseo_notices":[],"_links":{"self":[{"href":"https:\/\/mrm-style.com\/sr\/wp-json\/wp\/v2\/posts\/10702","targetHints":{"allow":["GET"]}}],"collection":[{"href":"https:\/\/mrm-style.com\/sr\/wp-json\/wp\/v2\/posts"}],"about":[{"href":"https:\/\/mrm-style.com\/sr\/wp-json\/wp\/v2\/types\/post"}],"author":[{"embeddable":true,"href":"https:\/\/mrm-style.com\/sr\/wp-json\/wp\/v2\/users\/1"}],"replies":[{"embeddable":true,"href":"https:\/\/mrm-style.com\/sr\/wp-json\/wp\/v2\/comments?post=10702"}],"version-history":[{"count":12,"href":"https:\/\/mrm-style.com\/sr\/wp-json\/wp\/v2\/posts\/10702\/revisions"}],"predecessor-version":[{"id":10750,"href":"https:\/\/mrm-style.com\/sr\/wp-json\/wp\/v2\/posts\/10702\/revisions\/10750"}],"wp:featuredmedia":[{"embeddable":true,"href":"https:\/\/mrm-style.com\/sr\/wp-json\/wp\/v2\/media\/10721"}],"wp:attachment":[{"href":"https:\/\/mrm-style.com\/sr\/wp-json\/wp\/v2\/media?parent=10702"}],"wp:term":[{"taxonomy":"category","embeddable":true,"href":"https:\/\/mrm-style.com\/sr\/wp-json\/wp\/v2\/categories?post=10702"},{"taxonomy":"post_tag","embeddable":true,"href":"https:\/\/mrm-style.com\/sr\/wp-json\/wp\/v2\/tags?post=10702"}],"curies":[{"name":"wp","href":"https:\/\/api.w.org\/{rel}","templated":true}]}}