{"id":11482,"date":"2023-06-16T08:00:00","date_gmt":"2023-06-16T07:00:00","guid":{"rendered":"https:\/\/mrm-style.com\/sr\/?p=11482"},"modified":"2024-04-03T06:57:07","modified_gmt":"2024-04-03T05:57:07","slug":"pisma-sa-kube-havana-najsareniji-biser-kariba","status":"publish","type":"post","link":"https:\/\/mrm-style.com\/sr\/pisma-sa-kube-havana-najsareniji-biser-kariba\/","title":{"rendered":"Pisma sa Kube: Havana, naj\u0161areniji biser Kariba&#8230;"},"content":{"rendered":"\n<p>Dragi moji pustolovi i ljubitelji neobi\u010dnih putovanja, dobrodo\u0161li u novu seriju putopisa na Mr.M blogu. Jun mesec \u0107e biti posve\u0107en jednoj neobi\u010dnoj ostrvskoj zemlji u Karibima, zemlja koja je poznata po duvanu i rumu &#8211; Kuba. Na samom po\u010detku ove serije putopisa \u017eeleo bih da se zahvalim turisti\u010dkoj agenciji <strong><em><a rel=\"noreferrer noopener\" href=\"https:\/\/diskodrugarputovanja.rs\/\" target=\"_blank\">Disko Travel<\/a><\/em><\/strong> poznatija pod imenom <strong><em>Disko Drugar Putovanja<\/em><\/strong>, koja je vi\u0161e od turisti\u010dke agencije to je prava putuju\u0107a porodica koja pru\u017ea neverovatno iskustvo. Ovo je moj prvi put da sara\u0111ujem sa turisti\u010dkom agencijom sa na\u0161ih prostora i moram priznati da je bilo jedno neobi\u010dno iskustvo. Uz njihovu pomo\u0107 su nastali putopisi sa Kube i modne pri\u010de koje \u0107ete imati priliku \u010ditati ovog juna i jula, a iskreno se nadam da \u0107ete u\u017eivati u novoj avanturi. <\/p>\n\n\n\n<p>\u017delite putovanje koje \u0107ete pamtiti celog \u017eivota? Pogledajte Disko Travel <strong><em><a rel=\"noreferrer noopener\" href=\"https:\/\/diskodrugarputovanja.rs\/putovanja\/daleke-destinacije\/\" target=\"_blank\">aran\u017emane za daleke destinacije<\/a><\/em><\/strong> i izaberite svoju avanturu o kojoj ste samo mogli da ma\u0161tate, samo ne zaboravite svoju kameru i telefon da zabele\u017eite nezaboravne trenutke sa Zanzibara, Balija, Tajlanda, Kube i drugih destinacija na koje vas mo\u017ee odvesti Disko Drugar putovanja.<\/p>\n\n\n<div class=\"wp-block-image\">\n<figure class=\"aligncenter size-full\"><a href=\"https:\/\/mrm-style.com\/sr\/wp-content\/uploads\/2023\/06\/Pisma-sa-Kube-Havana-najs\u030careniji-biser-Kariba...-Mr.M-by-Marko-Tadic\u0301-mrmbymarkotadic0.jpg\"><img loading=\"lazy\" decoding=\"async\" width=\"2400\" height=\"1600\" src=\"https:\/\/mrm-style.com\/sr\/wp-content\/uploads\/2023\/06\/Pisma-sa-Kube-Havana-najs\u030careniji-biser-Kariba...-Mr.M-by-Marko-Tadic\u0301-mrmbymarkotadic0.jpg\" alt=\"\" class=\"wp-image-11483\" srcset=\"https:\/\/mrm-style.com\/sr\/wp-content\/uploads\/2023\/06\/Pisma-sa-Kube-Havana-najs\u030careniji-biser-Kariba...-Mr.M-by-Marko-Tadic\u0301-mrmbymarkotadic0.jpg 2400w, https:\/\/mrm-style.com\/sr\/wp-content\/uploads\/2023\/06\/Pisma-sa-Kube-Havana-najs\u030careniji-biser-Kariba...-Mr.M-by-Marko-Tadic\u0301-mrmbymarkotadic0-300x200.jpg 300w, https:\/\/mrm-style.com\/sr\/wp-content\/uploads\/2023\/06\/Pisma-sa-Kube-Havana-najs\u030careniji-biser-Kariba...-Mr.M-by-Marko-Tadic\u0301-mrmbymarkotadic0-1024x683.jpg 1024w, https:\/\/mrm-style.com\/sr\/wp-content\/uploads\/2023\/06\/Pisma-sa-Kube-Havana-najs\u030careniji-biser-Kariba...-Mr.M-by-Marko-Tadic\u0301-mrmbymarkotadic0-768x512.jpg 768w, https:\/\/mrm-style.com\/sr\/wp-content\/uploads\/2023\/06\/Pisma-sa-Kube-Havana-najs\u030careniji-biser-Kariba...-Mr.M-by-Marko-Tadic\u0301-mrmbymarkotadic0-1536x1024.jpg 1536w, https:\/\/mrm-style.com\/sr\/wp-content\/uploads\/2023\/06\/Pisma-sa-Kube-Havana-najs\u030careniji-biser-Kariba...-Mr.M-by-Marko-Tadic\u0301-mrmbymarkotadic0-2048x1365.jpg 2048w, https:\/\/mrm-style.com\/sr\/wp-content\/uploads\/2023\/06\/Pisma-sa-Kube-Havana-najs\u030careniji-biser-Kariba...-Mr.M-by-Marko-Tadic\u0301-mrmbymarkotadic0-1440x960.jpg 1440w, https:\/\/mrm-style.com\/sr\/wp-content\/uploads\/2023\/06\/Pisma-sa-Kube-Havana-najs\u030careniji-biser-Kariba...-Mr.M-by-Marko-Tadic\u0301-mrmbymarkotadic0-800x533.jpg 800w, https:\/\/mrm-style.com\/sr\/wp-content\/uploads\/2023\/06\/Pisma-sa-Kube-Havana-najs\u030careniji-biser-Kariba...-Mr.M-by-Marko-Tadic\u0301-mrmbymarkotadic0-550x367.jpg 550w, https:\/\/mrm-style.com\/sr\/wp-content\/uploads\/2023\/06\/Pisma-sa-Kube-Havana-najs\u030careniji-biser-Kariba...-Mr.M-by-Marko-Tadic\u0301-mrmbymarkotadic0-1920x1280.jpg 1920w, https:\/\/mrm-style.com\/sr\/wp-content\/uploads\/2023\/06\/Pisma-sa-Kube-Havana-najs\u030careniji-biser-Kariba...-Mr.M-by-Marko-Tadic\u0301-mrmbymarkotadic0-1620x1080.jpg 1620w, https:\/\/mrm-style.com\/sr\/wp-content\/uploads\/2023\/06\/Pisma-sa-Kube-Havana-najs\u030careniji-biser-Kariba...-Mr.M-by-Marko-Tadic\u0301-mrmbymarkotadic0-900x600.jpg 900w\" sizes=\"auto, (max-width: 2400px) 100vw, 2400px\" \/><\/a><\/figure>\n<\/div>\n\n\n<p>Kako do Kube? Najbolji i najbr\u017ei na\u010din da do\u0111ete do Havane je preko Grada Svetlosti uz avio prevoznika <strong><em><a href=\"https:\/\/wwws.airfrance.fr\/en\" target=\"_blank\" rel=\"noreferrer noopener\">Air France<\/a><\/em><\/strong>. \u010cak i pored bogate mre\u017ee letova KLM grupa pokriva gotovo ceo svet, Beograd je veoma va\u017ena destinacija za Air France. Naime, od samog osnivanja Air France-a 1933. godine, ova avio-kompanija leti za Beograd. Siguran sam da se pitate koliko je tada trajao let Pariz &#8211; Beograd? Zanimljivost je da je jedan dnevni let 1936. godine sa aerodroma Pariz-Le Bur\u017ee polazio je u pola sedam ujutru, stajao u Strazburu u 8.35, Nirnbergu u 11.10, Pragu u 12.40, Be\u010du u 14.15, Budimpe\u0161ti u 15.35, dok je u Beograd stizao u 17.25. Zaklju\u010dak: let od Pariza do Beograda je trajao skoro 11 sati, mnogo du\u017ee nego moj let do Havane! \ud83d\ude42<\/p>\n\n\n\n<p>KLM grupa, osnovana 2004. godine, sastoji se od tri nezavisne avio-kompanije Air France, KLM Royal Dutch Airlines i Transavia. KLM grupa ima jedan program lojalnosti <strong><em><a href=\"https:\/\/www.flyingblue.com\/\" target=\"_blank\" rel=\"noreferrer noopener\">FLYING BLUE<\/a><\/em><\/strong> koji je od izuzetne va\u017enosti za sve \u010deste putnike KLM i Air France avio-kompanija. Kada postanete \u010dlan ovog programa lojalnosti&nbsp;i po\u010dnete sa sakupljanjem milja svaki put kada letite kompanijama Air France i KLM ili \u010dlanicama Sky Team alijanse imate priliku da ostvarite brojne pogodnosti, a kako va\u0161 status raste, sa njim se pove\u0107avaju i va\u0161i benefiti. \u010clanstvo je&nbsp;potpuno besplatno, a milje koje zaradite mo\u017eete tro\u0161iti kao novac i njima pla\u0107ati dodatne usluge na letu, na zemlji, usluge mnogobrojnih partnera poput hotela i rent-a-car agencija, ali i same avio-karte, za vi\u0161e informacija o ovom programu lojalnosti pro\u010ditajte na <strong><em><a rel=\"noreferrer noopener\" href=\"https:\/\/www.flyingblue.com\/\" target=\"_blank\">LINKU<\/a><\/em><\/strong>.<\/p>\n\n\n<div class=\"wp-block-image\">\n<figure class=\"aligncenter size-full\"><a href=\"https:\/\/mrm-style.com\/sr\/wp-content\/uploads\/2023\/06\/Pisma-sa-Kube-Havana-najs\u030careniji-biser-Kariba...-Mr.M-by-Marko-Tadic\u0301-mrmbymarkotadic1.jpg\"><img loading=\"lazy\" decoding=\"async\" width=\"1600\" height=\"2400\" src=\"https:\/\/mrm-style.com\/sr\/wp-content\/uploads\/2023\/06\/Pisma-sa-Kube-Havana-najs\u030careniji-biser-Kariba...-Mr.M-by-Marko-Tadic\u0301-mrmbymarkotadic1.jpg\" alt=\"\" class=\"wp-image-11484\" srcset=\"https:\/\/mrm-style.com\/sr\/wp-content\/uploads\/2023\/06\/Pisma-sa-Kube-Havana-najs\u030careniji-biser-Kariba...-Mr.M-by-Marko-Tadic\u0301-mrmbymarkotadic1.jpg 1600w, https:\/\/mrm-style.com\/sr\/wp-content\/uploads\/2023\/06\/Pisma-sa-Kube-Havana-najs\u030careniji-biser-Kariba...-Mr.M-by-Marko-Tadic\u0301-mrmbymarkotadic1-200x300.jpg 200w, https:\/\/mrm-style.com\/sr\/wp-content\/uploads\/2023\/06\/Pisma-sa-Kube-Havana-najs\u030careniji-biser-Kariba...-Mr.M-by-Marko-Tadic\u0301-mrmbymarkotadic1-683x1024.jpg 683w, https:\/\/mrm-style.com\/sr\/wp-content\/uploads\/2023\/06\/Pisma-sa-Kube-Havana-najs\u030careniji-biser-Kariba...-Mr.M-by-Marko-Tadic\u0301-mrmbymarkotadic1-768x1152.jpg 768w, https:\/\/mrm-style.com\/sr\/wp-content\/uploads\/2023\/06\/Pisma-sa-Kube-Havana-najs\u030careniji-biser-Kariba...-Mr.M-by-Marko-Tadic\u0301-mrmbymarkotadic1-1024x1536.jpg 1024w, https:\/\/mrm-style.com\/sr\/wp-content\/uploads\/2023\/06\/Pisma-sa-Kube-Havana-najs\u030careniji-biser-Kariba...-Mr.M-by-Marko-Tadic\u0301-mrmbymarkotadic1-1365x2048.jpg 1365w, https:\/\/mrm-style.com\/sr\/wp-content\/uploads\/2023\/06\/Pisma-sa-Kube-Havana-najs\u030careniji-biser-Kariba...-Mr.M-by-Marko-Tadic\u0301-mrmbymarkotadic1-1440x2160.jpg 1440w, https:\/\/mrm-style.com\/sr\/wp-content\/uploads\/2023\/06\/Pisma-sa-Kube-Havana-najs\u030careniji-biser-Kariba...-Mr.M-by-Marko-Tadic\u0301-mrmbymarkotadic1-800x1200.jpg 800w, https:\/\/mrm-style.com\/sr\/wp-content\/uploads\/2023\/06\/Pisma-sa-Kube-Havana-najs\u030careniji-biser-Kariba...-Mr.M-by-Marko-Tadic\u0301-mrmbymarkotadic1-550x825.jpg 550w, https:\/\/mrm-style.com\/sr\/wp-content\/uploads\/2023\/06\/Pisma-sa-Kube-Havana-najs\u030careniji-biser-Kariba...-Mr.M-by-Marko-Tadic\u0301-mrmbymarkotadic1-720x1080.jpg 720w, https:\/\/mrm-style.com\/sr\/wp-content\/uploads\/2023\/06\/Pisma-sa-Kube-Havana-najs\u030careniji-biser-Kariba...-Mr.M-by-Marko-Tadic\u0301-mrmbymarkotadic1-400x600.jpg 400w\" sizes=\"auto, (max-width: 1600px) 100vw, 1600px\" \/><\/a><\/figure>\n<\/div>\n\n<div class=\"wp-block-image\">\n<figure class=\"aligncenter size-full\"><a href=\"https:\/\/mrm-style.com\/sr\/wp-content\/uploads\/2023\/06\/Pisma-sa-Kube-Havana-najs\u030careniji-biser-Kariba...-Mr.M-by-Marko-Tadic\u0301-mrmbymarkotadic2.jpg\"><img loading=\"lazy\" decoding=\"async\" width=\"2400\" height=\"1600\" src=\"https:\/\/mrm-style.com\/sr\/wp-content\/uploads\/2023\/06\/Pisma-sa-Kube-Havana-najs\u030careniji-biser-Kariba...-Mr.M-by-Marko-Tadic\u0301-mrmbymarkotadic2.jpg\" alt=\"\" class=\"wp-image-11485\" srcset=\"https:\/\/mrm-style.com\/sr\/wp-content\/uploads\/2023\/06\/Pisma-sa-Kube-Havana-najs\u030careniji-biser-Kariba...-Mr.M-by-Marko-Tadic\u0301-mrmbymarkotadic2.jpg 2400w, https:\/\/mrm-style.com\/sr\/wp-content\/uploads\/2023\/06\/Pisma-sa-Kube-Havana-najs\u030careniji-biser-Kariba...-Mr.M-by-Marko-Tadic\u0301-mrmbymarkotadic2-300x200.jpg 300w, https:\/\/mrm-style.com\/sr\/wp-content\/uploads\/2023\/06\/Pisma-sa-Kube-Havana-najs\u030careniji-biser-Kariba...-Mr.M-by-Marko-Tadic\u0301-mrmbymarkotadic2-1024x683.jpg 1024w, https:\/\/mrm-style.com\/sr\/wp-content\/uploads\/2023\/06\/Pisma-sa-Kube-Havana-najs\u030careniji-biser-Kariba...-Mr.M-by-Marko-Tadic\u0301-mrmbymarkotadic2-768x512.jpg 768w, https:\/\/mrm-style.com\/sr\/wp-content\/uploads\/2023\/06\/Pisma-sa-Kube-Havana-najs\u030careniji-biser-Kariba...-Mr.M-by-Marko-Tadic\u0301-mrmbymarkotadic2-1536x1024.jpg 1536w, https:\/\/mrm-style.com\/sr\/wp-content\/uploads\/2023\/06\/Pisma-sa-Kube-Havana-najs\u030careniji-biser-Kariba...-Mr.M-by-Marko-Tadic\u0301-mrmbymarkotadic2-2048x1365.jpg 2048w, https:\/\/mrm-style.com\/sr\/wp-content\/uploads\/2023\/06\/Pisma-sa-Kube-Havana-najs\u030careniji-biser-Kariba...-Mr.M-by-Marko-Tadic\u0301-mrmbymarkotadic2-1440x960.jpg 1440w, https:\/\/mrm-style.com\/sr\/wp-content\/uploads\/2023\/06\/Pisma-sa-Kube-Havana-najs\u030careniji-biser-Kariba...-Mr.M-by-Marko-Tadic\u0301-mrmbymarkotadic2-800x533.jpg 800w, https:\/\/mrm-style.com\/sr\/wp-content\/uploads\/2023\/06\/Pisma-sa-Kube-Havana-najs\u030careniji-biser-Kariba...-Mr.M-by-Marko-Tadic\u0301-mrmbymarkotadic2-550x367.jpg 550w, https:\/\/mrm-style.com\/sr\/wp-content\/uploads\/2023\/06\/Pisma-sa-Kube-Havana-najs\u030careniji-biser-Kariba...-Mr.M-by-Marko-Tadic\u0301-mrmbymarkotadic2-1920x1280.jpg 1920w, https:\/\/mrm-style.com\/sr\/wp-content\/uploads\/2023\/06\/Pisma-sa-Kube-Havana-najs\u030careniji-biser-Kariba...-Mr.M-by-Marko-Tadic\u0301-mrmbymarkotadic2-1620x1080.jpg 1620w, https:\/\/mrm-style.com\/sr\/wp-content\/uploads\/2023\/06\/Pisma-sa-Kube-Havana-najs\u030careniji-biser-Kariba...-Mr.M-by-Marko-Tadic\u0301-mrmbymarkotadic2-900x600.jpg 900w\" sizes=\"auto, (max-width: 2400px) 100vw, 2400px\" \/><\/a><\/figure>\n<\/div>\n\n\n<p>Kada sam pro\u010ditao program putovanja za Kubu koji je sastavila <strong><em><a rel=\"noreferrer noopener\" href=\"https:\/\/diskodrugarputovanja.rs\/\" target=\"_blank\">Disko Travel<\/a><\/em><\/strong> dru\u017eina bio sam veoma uzbu\u0111en \u0161to \u0107u provesti nekoliko sati u mom omiljenom gradu u Evropi &#8211; Parizu. Ako se odlu\u010dite za ovaj program obavezno iskoristite priliku da posetite Pariz, nemojte da se optere\u0107ujete vremenom, ve\u0107 zaka\u017eite svoje Uber vozilo i u\u017eivajte u \u010darima Pariza bar na par sati. <\/p>\n\n\n<div class=\"wp-block-image\">\n<figure class=\"aligncenter size-full\"><a href=\"https:\/\/mrm-style.com\/sr\/wp-content\/uploads\/2023\/06\/Pisma-sa-Kube-Havana-najs\u030careniji-biser-Kariba...-Mr.M-by-Marko-Tadic\u0301-mrmbymarkotadic3.jpg\"><img loading=\"lazy\" decoding=\"async\" width=\"2400\" height=\"1600\" src=\"https:\/\/mrm-style.com\/sr\/wp-content\/uploads\/2023\/06\/Pisma-sa-Kube-Havana-najs\u030careniji-biser-Kariba...-Mr.M-by-Marko-Tadic\u0301-mrmbymarkotadic3.jpg\" alt=\"\" class=\"wp-image-11486\" srcset=\"https:\/\/mrm-style.com\/sr\/wp-content\/uploads\/2023\/06\/Pisma-sa-Kube-Havana-najs\u030careniji-biser-Kariba...-Mr.M-by-Marko-Tadic\u0301-mrmbymarkotadic3.jpg 2400w, https:\/\/mrm-style.com\/sr\/wp-content\/uploads\/2023\/06\/Pisma-sa-Kube-Havana-najs\u030careniji-biser-Kariba...-Mr.M-by-Marko-Tadic\u0301-mrmbymarkotadic3-300x200.jpg 300w, https:\/\/mrm-style.com\/sr\/wp-content\/uploads\/2023\/06\/Pisma-sa-Kube-Havana-najs\u030careniji-biser-Kariba...-Mr.M-by-Marko-Tadic\u0301-mrmbymarkotadic3-1024x683.jpg 1024w, https:\/\/mrm-style.com\/sr\/wp-content\/uploads\/2023\/06\/Pisma-sa-Kube-Havana-najs\u030careniji-biser-Kariba...-Mr.M-by-Marko-Tadic\u0301-mrmbymarkotadic3-768x512.jpg 768w, https:\/\/mrm-style.com\/sr\/wp-content\/uploads\/2023\/06\/Pisma-sa-Kube-Havana-najs\u030careniji-biser-Kariba...-Mr.M-by-Marko-Tadic\u0301-mrmbymarkotadic3-1536x1024.jpg 1536w, https:\/\/mrm-style.com\/sr\/wp-content\/uploads\/2023\/06\/Pisma-sa-Kube-Havana-najs\u030careniji-biser-Kariba...-Mr.M-by-Marko-Tadic\u0301-mrmbymarkotadic3-2048x1365.jpg 2048w, https:\/\/mrm-style.com\/sr\/wp-content\/uploads\/2023\/06\/Pisma-sa-Kube-Havana-najs\u030careniji-biser-Kariba...-Mr.M-by-Marko-Tadic\u0301-mrmbymarkotadic3-1440x960.jpg 1440w, https:\/\/mrm-style.com\/sr\/wp-content\/uploads\/2023\/06\/Pisma-sa-Kube-Havana-najs\u030careniji-biser-Kariba...-Mr.M-by-Marko-Tadic\u0301-mrmbymarkotadic3-800x533.jpg 800w, https:\/\/mrm-style.com\/sr\/wp-content\/uploads\/2023\/06\/Pisma-sa-Kube-Havana-najs\u030careniji-biser-Kariba...-Mr.M-by-Marko-Tadic\u0301-mrmbymarkotadic3-550x367.jpg 550w, https:\/\/mrm-style.com\/sr\/wp-content\/uploads\/2023\/06\/Pisma-sa-Kube-Havana-najs\u030careniji-biser-Kariba...-Mr.M-by-Marko-Tadic\u0301-mrmbymarkotadic3-1920x1280.jpg 1920w, https:\/\/mrm-style.com\/sr\/wp-content\/uploads\/2023\/06\/Pisma-sa-Kube-Havana-najs\u030careniji-biser-Kariba...-Mr.M-by-Marko-Tadic\u0301-mrmbymarkotadic3-1620x1080.jpg 1620w, https:\/\/mrm-style.com\/sr\/wp-content\/uploads\/2023\/06\/Pisma-sa-Kube-Havana-najs\u030careniji-biser-Kariba...-Mr.M-by-Marko-Tadic\u0301-mrmbymarkotadic3-900x600.jpg 900w\" sizes=\"auto, (max-width: 2400px) 100vw, 2400px\" \/><\/a><\/figure>\n<\/div>\n\n\n<p>Pro\u0161etajte se avenijama, u\u017eivajte u lepotama izloga najpoznatijih svetskih ku\u0107a i obavezno kupite adaptere za struju koji su potrebni ako \u017eelite da koristite svoje elektronske ure\u0111aje na Kubi. Samo potra\u017eite Fnac u Parizu ili njihovu prodavnicu na aerodromu i mo\u017eete slobodno da se opustite. Naravno, pored toga ne zaboravite da kupite sprej za komarce, ali onaj posebni za egzoti\u010dne vrste da biste za\u0161titili sebe i svoje najdra\u017ee na ovom dalekom putovanju. Ako ste obavili kupovinu, onda mo\u017eete bezbri\u017eno da sednete u ba\u0161tu nekog od brojnih kafea i u\u017eivate u jutarnjem kapu\u0107inu i kroasanu.<\/p>\n\n\n<div class=\"wp-block-image\">\n<figure class=\"aligncenter size-full\"><a href=\"https:\/\/mrm-style.com\/sr\/wp-content\/uploads\/2023\/06\/Pisma-sa-Kube-Havana-najs\u030careniji-biser-Kariba...-Mr.M-by-Marko-Tadic\u0301-mrmbymarkotadic4.jpg\"><img loading=\"lazy\" decoding=\"async\" width=\"2400\" height=\"1600\" src=\"https:\/\/mrm-style.com\/sr\/wp-content\/uploads\/2023\/06\/Pisma-sa-Kube-Havana-najs\u030careniji-biser-Kariba...-Mr.M-by-Marko-Tadic\u0301-mrmbymarkotadic4.jpg\" alt=\"\" class=\"wp-image-11487\" srcset=\"https:\/\/mrm-style.com\/sr\/wp-content\/uploads\/2023\/06\/Pisma-sa-Kube-Havana-najs\u030careniji-biser-Kariba...-Mr.M-by-Marko-Tadic\u0301-mrmbymarkotadic4.jpg 2400w, https:\/\/mrm-style.com\/sr\/wp-content\/uploads\/2023\/06\/Pisma-sa-Kube-Havana-najs\u030careniji-biser-Kariba...-Mr.M-by-Marko-Tadic\u0301-mrmbymarkotadic4-300x200.jpg 300w, https:\/\/mrm-style.com\/sr\/wp-content\/uploads\/2023\/06\/Pisma-sa-Kube-Havana-najs\u030careniji-biser-Kariba...-Mr.M-by-Marko-Tadic\u0301-mrmbymarkotadic4-1024x683.jpg 1024w, https:\/\/mrm-style.com\/sr\/wp-content\/uploads\/2023\/06\/Pisma-sa-Kube-Havana-najs\u030careniji-biser-Kariba...-Mr.M-by-Marko-Tadic\u0301-mrmbymarkotadic4-768x512.jpg 768w, https:\/\/mrm-style.com\/sr\/wp-content\/uploads\/2023\/06\/Pisma-sa-Kube-Havana-najs\u030careniji-biser-Kariba...-Mr.M-by-Marko-Tadic\u0301-mrmbymarkotadic4-1536x1024.jpg 1536w, https:\/\/mrm-style.com\/sr\/wp-content\/uploads\/2023\/06\/Pisma-sa-Kube-Havana-najs\u030careniji-biser-Kariba...-Mr.M-by-Marko-Tadic\u0301-mrmbymarkotadic4-2048x1365.jpg 2048w, https:\/\/mrm-style.com\/sr\/wp-content\/uploads\/2023\/06\/Pisma-sa-Kube-Havana-najs\u030careniji-biser-Kariba...-Mr.M-by-Marko-Tadic\u0301-mrmbymarkotadic4-1440x960.jpg 1440w, https:\/\/mrm-style.com\/sr\/wp-content\/uploads\/2023\/06\/Pisma-sa-Kube-Havana-najs\u030careniji-biser-Kariba...-Mr.M-by-Marko-Tadic\u0301-mrmbymarkotadic4-800x533.jpg 800w, https:\/\/mrm-style.com\/sr\/wp-content\/uploads\/2023\/06\/Pisma-sa-Kube-Havana-najs\u030careniji-biser-Kariba...-Mr.M-by-Marko-Tadic\u0301-mrmbymarkotadic4-550x367.jpg 550w, https:\/\/mrm-style.com\/sr\/wp-content\/uploads\/2023\/06\/Pisma-sa-Kube-Havana-najs\u030careniji-biser-Kariba...-Mr.M-by-Marko-Tadic\u0301-mrmbymarkotadic4-1920x1280.jpg 1920w, https:\/\/mrm-style.com\/sr\/wp-content\/uploads\/2023\/06\/Pisma-sa-Kube-Havana-najs\u030careniji-biser-Kariba...-Mr.M-by-Marko-Tadic\u0301-mrmbymarkotadic4-1620x1080.jpg 1620w, https:\/\/mrm-style.com\/sr\/wp-content\/uploads\/2023\/06\/Pisma-sa-Kube-Havana-najs\u030careniji-biser-Kariba...-Mr.M-by-Marko-Tadic\u0301-mrmbymarkotadic4-900x600.jpg 900w\" sizes=\"auto, (max-width: 2400px) 100vw, 2400px\" \/><\/a><\/figure>\n<\/div>\n\n\n<p>Nakon predivnog Pariza, spremite sa za jedan potpuno druga\u010diji kontrast boja i dru\u0161tvenog ure\u0111enja koje nemate priliku da vidite u Evropi. Let Pariz &#8211; Havana traje oko 10 sati i potrudite se da obezbedite sebi komfor jer je to na ovim dugim letovima od izuzetne va\u017enosti. Kada sletite u Havanu, dolazite u zonu tropske klime i budite spremni kada iza\u0111ete na aerodrom u Havani i iskoristite svoje znanje \u0161panskog jezika koje smo svi mi godinama dobro nau\u010dili uz serije poput Kasandra, Rubi, Esmeralda i drugih. Kubanci su izuzetno prijatan i gostoljubiv narod, osvoji\u0107ete njihovo srce samo je potrebno da izgovorite &#8220;Hola!&#8221; i va\u0161a avantura na Kubi je zvani\u010dno po\u010dela.<\/p>\n\n\n<div class=\"wp-block-image\">\n<figure class=\"aligncenter size-full\"><a href=\"https:\/\/mrm-style.com\/sr\/wp-content\/uploads\/2023\/06\/Pisma-sa-Kube-Havana-najs\u030careniji-biser-Kariba...-Mr.M-by-Marko-Tadic\u0301-mrmbymarkotadic5.jpg\"><img loading=\"lazy\" decoding=\"async\" width=\"2400\" height=\"1600\" src=\"https:\/\/mrm-style.com\/sr\/wp-content\/uploads\/2023\/06\/Pisma-sa-Kube-Havana-najs\u030careniji-biser-Kariba...-Mr.M-by-Marko-Tadic\u0301-mrmbymarkotadic5.jpg\" alt=\"\" class=\"wp-image-11488\" srcset=\"https:\/\/mrm-style.com\/sr\/wp-content\/uploads\/2023\/06\/Pisma-sa-Kube-Havana-najs\u030careniji-biser-Kariba...-Mr.M-by-Marko-Tadic\u0301-mrmbymarkotadic5.jpg 2400w, https:\/\/mrm-style.com\/sr\/wp-content\/uploads\/2023\/06\/Pisma-sa-Kube-Havana-najs\u030careniji-biser-Kariba...-Mr.M-by-Marko-Tadic\u0301-mrmbymarkotadic5-300x200.jpg 300w, https:\/\/mrm-style.com\/sr\/wp-content\/uploads\/2023\/06\/Pisma-sa-Kube-Havana-najs\u030careniji-biser-Kariba...-Mr.M-by-Marko-Tadic\u0301-mrmbymarkotadic5-1024x683.jpg 1024w, https:\/\/mrm-style.com\/sr\/wp-content\/uploads\/2023\/06\/Pisma-sa-Kube-Havana-najs\u030careniji-biser-Kariba...-Mr.M-by-Marko-Tadic\u0301-mrmbymarkotadic5-768x512.jpg 768w, https:\/\/mrm-style.com\/sr\/wp-content\/uploads\/2023\/06\/Pisma-sa-Kube-Havana-najs\u030careniji-biser-Kariba...-Mr.M-by-Marko-Tadic\u0301-mrmbymarkotadic5-1536x1024.jpg 1536w, https:\/\/mrm-style.com\/sr\/wp-content\/uploads\/2023\/06\/Pisma-sa-Kube-Havana-najs\u030careniji-biser-Kariba...-Mr.M-by-Marko-Tadic\u0301-mrmbymarkotadic5-2048x1365.jpg 2048w, https:\/\/mrm-style.com\/sr\/wp-content\/uploads\/2023\/06\/Pisma-sa-Kube-Havana-najs\u030careniji-biser-Kariba...-Mr.M-by-Marko-Tadic\u0301-mrmbymarkotadic5-1440x960.jpg 1440w, https:\/\/mrm-style.com\/sr\/wp-content\/uploads\/2023\/06\/Pisma-sa-Kube-Havana-najs\u030careniji-biser-Kariba...-Mr.M-by-Marko-Tadic\u0301-mrmbymarkotadic5-800x533.jpg 800w, https:\/\/mrm-style.com\/sr\/wp-content\/uploads\/2023\/06\/Pisma-sa-Kube-Havana-najs\u030careniji-biser-Kariba...-Mr.M-by-Marko-Tadic\u0301-mrmbymarkotadic5-550x367.jpg 550w, https:\/\/mrm-style.com\/sr\/wp-content\/uploads\/2023\/06\/Pisma-sa-Kube-Havana-najs\u030careniji-biser-Kariba...-Mr.M-by-Marko-Tadic\u0301-mrmbymarkotadic5-1920x1280.jpg 1920w, https:\/\/mrm-style.com\/sr\/wp-content\/uploads\/2023\/06\/Pisma-sa-Kube-Havana-najs\u030careniji-biser-Kariba...-Mr.M-by-Marko-Tadic\u0301-mrmbymarkotadic5-1620x1080.jpg 1620w, https:\/\/mrm-style.com\/sr\/wp-content\/uploads\/2023\/06\/Pisma-sa-Kube-Havana-najs\u030careniji-biser-Kariba...-Mr.M-by-Marko-Tadic\u0301-mrmbymarkotadic5-900x600.jpg 900w\" sizes=\"auto, (max-width: 2400px) 100vw, 2400px\" \/><\/a><\/figure>\n<\/div>\n\n\n<p>Svi aran\u017emani koji organizuje <strong><em><a rel=\"noreferrer noopener\" href=\"https:\/\/diskodrugarputovanja.rs\/\" target=\"_blank\">Disko Travel<\/a><\/em><\/strong> turisti\u010dka agencija za Kubu obuhvataju posetu Havani, Varaderu i Trinidadu, tako da \u0107ete biti u prilici da upoznate ovu ostrvsku zemlju na najbolji mogu\u0107i na\u010din. Dana\u0161nji post \u0107e biti posve\u0107en prestonici Kube &#8211; Havani i ovo je ujedno prvi deo pri\u010de o \u0161arenom biseru Kariba.<\/p>\n\n\n\n<p>Sada \u0107u vam re\u0107i ne\u0161to malo vi\u0161e o zemlji koju \u0107emo zajedno posetiti na Mr.M blogu narednih nekoliko nedelja. Kuba, zvani\u010dni naziv Republika Kuba je ostrvska dr\u017eava koja obuhvata ostrvo Kubu, kao i Isla de la Huventud i nekoliko manjih arhipelaga. Kuba se nalazi na mestu gde se spajaju severno Karipsko more, Meksi\u010dki zaliv i Atlantski okean. Kuba se nalazi isto\u010dno od poluostrva Jukatan (Meksiko), ju\u017eno od ameri\u010dke dr\u017eave Floride i Bahama, zapadno od Hispanjole (Haiti\/Dominikanska Republika) i severno od Jamajke i Kajmanskih ostrva. Havana je najve\u0107i grad i glavni grad; drugi veliki gradovi su Santiago de Cuba i Camaguei. Zvani\u010dna povr\u0161ina Republike Kube iznosi 110.000 km2, bez teritorijalnih voda, ali ukupno 350.000 km2 uklju\u010duju\u0107i ekskluzivnu ekonomsku zonu. Kuba je druga zemlja po broju stanovnika na Karibima, posle Haitija, sa preko 11 miliona stanovnika.<\/p>\n\n\n<div class=\"wp-block-image\">\n<figure class=\"aligncenter size-full\"><a href=\"https:\/\/mrm-style.com\/sr\/wp-content\/uploads\/2023\/06\/Pisma-sa-Kube-Havana-najs\u030careniji-biser-Kariba...-Mr.M-by-Marko-Tadic\u0301-mrmbymarkotadic6.jpg\"><img loading=\"lazy\" decoding=\"async\" width=\"1600\" height=\"2400\" src=\"https:\/\/mrm-style.com\/sr\/wp-content\/uploads\/2023\/06\/Pisma-sa-Kube-Havana-najs\u030careniji-biser-Kariba...-Mr.M-by-Marko-Tadic\u0301-mrmbymarkotadic6.jpg\" alt=\"\" class=\"wp-image-11489\" srcset=\"https:\/\/mrm-style.com\/sr\/wp-content\/uploads\/2023\/06\/Pisma-sa-Kube-Havana-najs\u030careniji-biser-Kariba...-Mr.M-by-Marko-Tadic\u0301-mrmbymarkotadic6.jpg 1600w, https:\/\/mrm-style.com\/sr\/wp-content\/uploads\/2023\/06\/Pisma-sa-Kube-Havana-najs\u030careniji-biser-Kariba...-Mr.M-by-Marko-Tadic\u0301-mrmbymarkotadic6-200x300.jpg 200w, https:\/\/mrm-style.com\/sr\/wp-content\/uploads\/2023\/06\/Pisma-sa-Kube-Havana-najs\u030careniji-biser-Kariba...-Mr.M-by-Marko-Tadic\u0301-mrmbymarkotadic6-683x1024.jpg 683w, https:\/\/mrm-style.com\/sr\/wp-content\/uploads\/2023\/06\/Pisma-sa-Kube-Havana-najs\u030careniji-biser-Kariba...-Mr.M-by-Marko-Tadic\u0301-mrmbymarkotadic6-768x1152.jpg 768w, https:\/\/mrm-style.com\/sr\/wp-content\/uploads\/2023\/06\/Pisma-sa-Kube-Havana-najs\u030careniji-biser-Kariba...-Mr.M-by-Marko-Tadic\u0301-mrmbymarkotadic6-1024x1536.jpg 1024w, https:\/\/mrm-style.com\/sr\/wp-content\/uploads\/2023\/06\/Pisma-sa-Kube-Havana-najs\u030careniji-biser-Kariba...-Mr.M-by-Marko-Tadic\u0301-mrmbymarkotadic6-1365x2048.jpg 1365w, https:\/\/mrm-style.com\/sr\/wp-content\/uploads\/2023\/06\/Pisma-sa-Kube-Havana-najs\u030careniji-biser-Kariba...-Mr.M-by-Marko-Tadic\u0301-mrmbymarkotadic6-1440x2160.jpg 1440w, https:\/\/mrm-style.com\/sr\/wp-content\/uploads\/2023\/06\/Pisma-sa-Kube-Havana-najs\u030careniji-biser-Kariba...-Mr.M-by-Marko-Tadic\u0301-mrmbymarkotadic6-800x1200.jpg 800w, https:\/\/mrm-style.com\/sr\/wp-content\/uploads\/2023\/06\/Pisma-sa-Kube-Havana-najs\u030careniji-biser-Kariba...-Mr.M-by-Marko-Tadic\u0301-mrmbymarkotadic6-550x825.jpg 550w, https:\/\/mrm-style.com\/sr\/wp-content\/uploads\/2023\/06\/Pisma-sa-Kube-Havana-najs\u030careniji-biser-Kariba...-Mr.M-by-Marko-Tadic\u0301-mrmbymarkotadic6-720x1080.jpg 720w, https:\/\/mrm-style.com\/sr\/wp-content\/uploads\/2023\/06\/Pisma-sa-Kube-Havana-najs\u030careniji-biser-Kariba...-Mr.M-by-Marko-Tadic\u0301-mrmbymarkotadic6-400x600.jpg 400w\" sizes=\"auto, (max-width: 1600px) 100vw, 1600px\" \/><\/a><\/figure>\n<\/div>\n\n\n<p>Havana je glavni i najve\u0107i grad Kube, \u010dini srce provincije La Habana. Havana je glavna luka i trgova\u010dki centar zemlje. Grad ima populaciju od skoro 2.5 miliona stanovnika i prostire se na ukupno 730 km2, \u0161to ga \u010dini najve\u0107im gradom po povr\u0161ini, najnaseljenijim gradom i \u010detvrtim po veli\u010dini metropolitansko podru\u010dje u Karipskom regionu. Kako je nastala Havana? Grad Havanu su osnovali \u0160panci u 16. veku. Slu\u017eio je kao odsko\u010dna daska za \u0161pansko osvajanje Amerike, postaju\u0107i stajali\u0161te za \u0161panske galije koji su se vra\u0107ali u \u0160paniju. Filip II od \u0160panije dodelio je Havani titulu prestonice 1607. godine. Zidovi kao i utvr\u0111enja podignuti su da bi za\u0161titili grad. Grad je centar kubanske vlade i dom je raznih ministarstava, sedi\u0161ta preduze\u0107a i preko 100 diplomatskih kancelarija. <\/p>\n\n\n<div class=\"wp-block-image\">\n<figure class=\"aligncenter size-full\"><a href=\"https:\/\/mrm-style.com\/sr\/wp-content\/uploads\/2023\/06\/Pisma-sa-Kube-Havana-najs\u030careniji-biser-Kariba...-Mr.M-by-Marko-Tadic\u0301-mrmbymarkotadic10.jpg\"><img loading=\"lazy\" decoding=\"async\" width=\"1600\" height=\"2400\" src=\"https:\/\/mrm-style.com\/sr\/wp-content\/uploads\/2023\/06\/Pisma-sa-Kube-Havana-najs\u030careniji-biser-Kariba...-Mr.M-by-Marko-Tadic\u0301-mrmbymarkotadic10.jpg\" alt=\"\" class=\"wp-image-11493\" srcset=\"https:\/\/mrm-style.com\/sr\/wp-content\/uploads\/2023\/06\/Pisma-sa-Kube-Havana-najs\u030careniji-biser-Kariba...-Mr.M-by-Marko-Tadic\u0301-mrmbymarkotadic10.jpg 1600w, https:\/\/mrm-style.com\/sr\/wp-content\/uploads\/2023\/06\/Pisma-sa-Kube-Havana-najs\u030careniji-biser-Kariba...-Mr.M-by-Marko-Tadic\u0301-mrmbymarkotadic10-200x300.jpg 200w, https:\/\/mrm-style.com\/sr\/wp-content\/uploads\/2023\/06\/Pisma-sa-Kube-Havana-najs\u030careniji-biser-Kariba...-Mr.M-by-Marko-Tadic\u0301-mrmbymarkotadic10-683x1024.jpg 683w, https:\/\/mrm-style.com\/sr\/wp-content\/uploads\/2023\/06\/Pisma-sa-Kube-Havana-najs\u030careniji-biser-Kariba...-Mr.M-by-Marko-Tadic\u0301-mrmbymarkotadic10-768x1152.jpg 768w, https:\/\/mrm-style.com\/sr\/wp-content\/uploads\/2023\/06\/Pisma-sa-Kube-Havana-najs\u030careniji-biser-Kariba...-Mr.M-by-Marko-Tadic\u0301-mrmbymarkotadic10-1024x1536.jpg 1024w, https:\/\/mrm-style.com\/sr\/wp-content\/uploads\/2023\/06\/Pisma-sa-Kube-Havana-najs\u030careniji-biser-Kariba...-Mr.M-by-Marko-Tadic\u0301-mrmbymarkotadic10-1365x2048.jpg 1365w, https:\/\/mrm-style.com\/sr\/wp-content\/uploads\/2023\/06\/Pisma-sa-Kube-Havana-najs\u030careniji-biser-Kariba...-Mr.M-by-Marko-Tadic\u0301-mrmbymarkotadic10-1440x2160.jpg 1440w, https:\/\/mrm-style.com\/sr\/wp-content\/uploads\/2023\/06\/Pisma-sa-Kube-Havana-najs\u030careniji-biser-Kariba...-Mr.M-by-Marko-Tadic\u0301-mrmbymarkotadic10-800x1200.jpg 800w, https:\/\/mrm-style.com\/sr\/wp-content\/uploads\/2023\/06\/Pisma-sa-Kube-Havana-najs\u030careniji-biser-Kariba...-Mr.M-by-Marko-Tadic\u0301-mrmbymarkotadic10-550x825.jpg 550w, https:\/\/mrm-style.com\/sr\/wp-content\/uploads\/2023\/06\/Pisma-sa-Kube-Havana-najs\u030careniji-biser-Kariba...-Mr.M-by-Marko-Tadic\u0301-mrmbymarkotadic10-720x1080.jpg 720w, https:\/\/mrm-style.com\/sr\/wp-content\/uploads\/2023\/06\/Pisma-sa-Kube-Havana-najs\u030careniji-biser-Kariba...-Mr.M-by-Marko-Tadic\u0301-mrmbymarkotadic10-400x600.jpg 400w\" sizes=\"auto, (max-width: 1600px) 100vw, 1600px\" \/><\/a><\/figure>\n<\/div>\n\n<div class=\"wp-block-image\">\n<figure class=\"aligncenter size-full\"><a href=\"https:\/\/mrm-style.com\/sr\/wp-content\/uploads\/2023\/06\/Pisma-sa-Kube-Havana-najs\u030careniji-biser-Kariba...-Mr.M-by-Marko-Tadic\u0301-mrmbymarkotadic8.jpg\"><img loading=\"lazy\" decoding=\"async\" width=\"2400\" height=\"1600\" src=\"https:\/\/mrm-style.com\/sr\/wp-content\/uploads\/2023\/06\/Pisma-sa-Kube-Havana-najs\u030careniji-biser-Kariba...-Mr.M-by-Marko-Tadic\u0301-mrmbymarkotadic8.jpg\" alt=\"\" class=\"wp-image-11491\" srcset=\"https:\/\/mrm-style.com\/sr\/wp-content\/uploads\/2023\/06\/Pisma-sa-Kube-Havana-najs\u030careniji-biser-Kariba...-Mr.M-by-Marko-Tadic\u0301-mrmbymarkotadic8.jpg 2400w, https:\/\/mrm-style.com\/sr\/wp-content\/uploads\/2023\/06\/Pisma-sa-Kube-Havana-najs\u030careniji-biser-Kariba...-Mr.M-by-Marko-Tadic\u0301-mrmbymarkotadic8-300x200.jpg 300w, https:\/\/mrm-style.com\/sr\/wp-content\/uploads\/2023\/06\/Pisma-sa-Kube-Havana-najs\u030careniji-biser-Kariba...-Mr.M-by-Marko-Tadic\u0301-mrmbymarkotadic8-1024x683.jpg 1024w, https:\/\/mrm-style.com\/sr\/wp-content\/uploads\/2023\/06\/Pisma-sa-Kube-Havana-najs\u030careniji-biser-Kariba...-Mr.M-by-Marko-Tadic\u0301-mrmbymarkotadic8-768x512.jpg 768w, https:\/\/mrm-style.com\/sr\/wp-content\/uploads\/2023\/06\/Pisma-sa-Kube-Havana-najs\u030careniji-biser-Kariba...-Mr.M-by-Marko-Tadic\u0301-mrmbymarkotadic8-1536x1024.jpg 1536w, https:\/\/mrm-style.com\/sr\/wp-content\/uploads\/2023\/06\/Pisma-sa-Kube-Havana-najs\u030careniji-biser-Kariba...-Mr.M-by-Marko-Tadic\u0301-mrmbymarkotadic8-2048x1365.jpg 2048w, https:\/\/mrm-style.com\/sr\/wp-content\/uploads\/2023\/06\/Pisma-sa-Kube-Havana-najs\u030careniji-biser-Kariba...-Mr.M-by-Marko-Tadic\u0301-mrmbymarkotadic8-1440x960.jpg 1440w, https:\/\/mrm-style.com\/sr\/wp-content\/uploads\/2023\/06\/Pisma-sa-Kube-Havana-najs\u030careniji-biser-Kariba...-Mr.M-by-Marko-Tadic\u0301-mrmbymarkotadic8-800x533.jpg 800w, https:\/\/mrm-style.com\/sr\/wp-content\/uploads\/2023\/06\/Pisma-sa-Kube-Havana-najs\u030careniji-biser-Kariba...-Mr.M-by-Marko-Tadic\u0301-mrmbymarkotadic8-550x367.jpg 550w, https:\/\/mrm-style.com\/sr\/wp-content\/uploads\/2023\/06\/Pisma-sa-Kube-Havana-najs\u030careniji-biser-Kariba...-Mr.M-by-Marko-Tadic\u0301-mrmbymarkotadic8-1920x1280.jpg 1920w, https:\/\/mrm-style.com\/sr\/wp-content\/uploads\/2023\/06\/Pisma-sa-Kube-Havana-najs\u030careniji-biser-Kariba...-Mr.M-by-Marko-Tadic\u0301-mrmbymarkotadic8-1620x1080.jpg 1620w, https:\/\/mrm-style.com\/sr\/wp-content\/uploads\/2023\/06\/Pisma-sa-Kube-Havana-najs\u030careniji-biser-Kariba...-Mr.M-by-Marko-Tadic\u0301-mrmbymarkotadic8-900x600.jpg 900w\" sizes=\"auto, (max-width: 2400px) 100vw, 2400px\" \/><\/a><\/figure>\n<\/div>\n\n\n<p>Savremena Havana se u su\u0161tini mo\u017ee opisati kao tri grada u jednom: Stara Havana, Vedado i novije prigradske \u010detvrti. Grad se prostire uglavnom na zapad i jug od zaliva, u koji se ulazi kroz uski zaliv i koji se deli na tri glavne luke: Marimelena, Gvanabakoa i Antares. Reka Almendares prolazi kroz grad od juga ka severu, ulaze\u0107i u moreuz Floride nekoliko milja zapadno od zaliva. Zanimljivost je da Havana privla\u010di preko milion turista godi\u0161nje. Stara Havana (stari deo grada) je progla\u0161ena UNESCO-vom svetskom ba\u0161tinom 1982. godine. Grad je tako\u0111e poznat po svojoj istoriji, kulturi, arhitekturi i brojnim spomenicima.<\/p>\n\n\n<div class=\"wp-block-image\">\n<figure class=\"aligncenter size-full\"><a href=\"https:\/\/mrm-style.com\/sr\/wp-content\/uploads\/2023\/06\/Pisma-sa-Kube-Havana-najs\u030careniji-biser-Kariba...-Mr.M-by-Marko-Tadic\u0301-mrmbymarkotadic7.jpg\"><img loading=\"lazy\" decoding=\"async\" width=\"2400\" height=\"1600\" src=\"https:\/\/mrm-style.com\/sr\/wp-content\/uploads\/2023\/06\/Pisma-sa-Kube-Havana-najs\u030careniji-biser-Kariba...-Mr.M-by-Marko-Tadic\u0301-mrmbymarkotadic7.jpg\" alt=\"\" class=\"wp-image-11490\" srcset=\"https:\/\/mrm-style.com\/sr\/wp-content\/uploads\/2023\/06\/Pisma-sa-Kube-Havana-najs\u030careniji-biser-Kariba...-Mr.M-by-Marko-Tadic\u0301-mrmbymarkotadic7.jpg 2400w, https:\/\/mrm-style.com\/sr\/wp-content\/uploads\/2023\/06\/Pisma-sa-Kube-Havana-najs\u030careniji-biser-Kariba...-Mr.M-by-Marko-Tadic\u0301-mrmbymarkotadic7-300x200.jpg 300w, https:\/\/mrm-style.com\/sr\/wp-content\/uploads\/2023\/06\/Pisma-sa-Kube-Havana-najs\u030careniji-biser-Kariba...-Mr.M-by-Marko-Tadic\u0301-mrmbymarkotadic7-1024x683.jpg 1024w, https:\/\/mrm-style.com\/sr\/wp-content\/uploads\/2023\/06\/Pisma-sa-Kube-Havana-najs\u030careniji-biser-Kariba...-Mr.M-by-Marko-Tadic\u0301-mrmbymarkotadic7-768x512.jpg 768w, https:\/\/mrm-style.com\/sr\/wp-content\/uploads\/2023\/06\/Pisma-sa-Kube-Havana-najs\u030careniji-biser-Kariba...-Mr.M-by-Marko-Tadic\u0301-mrmbymarkotadic7-1536x1024.jpg 1536w, https:\/\/mrm-style.com\/sr\/wp-content\/uploads\/2023\/06\/Pisma-sa-Kube-Havana-najs\u030careniji-biser-Kariba...-Mr.M-by-Marko-Tadic\u0301-mrmbymarkotadic7-2048x1365.jpg 2048w, https:\/\/mrm-style.com\/sr\/wp-content\/uploads\/2023\/06\/Pisma-sa-Kube-Havana-najs\u030careniji-biser-Kariba...-Mr.M-by-Marko-Tadic\u0301-mrmbymarkotadic7-1440x960.jpg 1440w, https:\/\/mrm-style.com\/sr\/wp-content\/uploads\/2023\/06\/Pisma-sa-Kube-Havana-najs\u030careniji-biser-Kariba...-Mr.M-by-Marko-Tadic\u0301-mrmbymarkotadic7-800x533.jpg 800w, https:\/\/mrm-style.com\/sr\/wp-content\/uploads\/2023\/06\/Pisma-sa-Kube-Havana-najs\u030careniji-biser-Kariba...-Mr.M-by-Marko-Tadic\u0301-mrmbymarkotadic7-550x367.jpg 550w, https:\/\/mrm-style.com\/sr\/wp-content\/uploads\/2023\/06\/Pisma-sa-Kube-Havana-najs\u030careniji-biser-Kariba...-Mr.M-by-Marko-Tadic\u0301-mrmbymarkotadic7-1920x1280.jpg 1920w, https:\/\/mrm-style.com\/sr\/wp-content\/uploads\/2023\/06\/Pisma-sa-Kube-Havana-najs\u030careniji-biser-Kariba...-Mr.M-by-Marko-Tadic\u0301-mrmbymarkotadic7-1620x1080.jpg 1620w, https:\/\/mrm-style.com\/sr\/wp-content\/uploads\/2023\/06\/Pisma-sa-Kube-Havana-najs\u030careniji-biser-Kariba...-Mr.M-by-Marko-Tadic\u0301-mrmbymarkotadic7-900x600.jpg 900w\" sizes=\"auto, (max-width: 2400px) 100vw, 2400px\" \/><\/a><\/figure>\n<\/div>\n\n\n<p>Havana ima razli\u010dite stilove arhitekture, od dvoraca izgra\u0111enih u 16. veku, do modernisti\u010dkih visokih zgrada. Sada\u0161nje stanje mnogih gra\u0111evina se pogor\u0161alo od 1959. godine ili su \u010dak mnoge i sru\u0161ene, uklju\u010duju\u0107i ru\u0161enje Plaza del Vapor, koju je 1835. godine izgradio arhitekta Palacio de la Markesa de Viljalba Eugenio Rajneri Sorentino, otac Eugenija Rajnerija Piedre, arhitekte El Capitolio iz 1929. godine. Plaza del Vapor je sru\u0161ena 1959. godine od strane nove, revolucionarne vlade. Zbog te\u0161ke finansijske situacije u zemlji do\u0161lo je do brojnih uru\u0161avanja zgrada \u0161irom grada koje su dovele do te\u0161kih povreda i smrti lokalnog stanovni\u0161tva zbog neodr\u017eavanja.<\/p>\n\n\n<div class=\"wp-block-image\">\n<figure class=\"aligncenter size-full\"><a href=\"https:\/\/mrm-style.com\/sr\/wp-content\/uploads\/2023\/06\/Pisma-sa-Kube-Havana-najs\u030careniji-biser-Kariba...-Mr.M-by-Marko-Tadic\u0301-mrmbymarkotadic11.jpg\"><img loading=\"lazy\" decoding=\"async\" width=\"2400\" height=\"1600\" src=\"https:\/\/mrm-style.com\/sr\/wp-content\/uploads\/2023\/06\/Pisma-sa-Kube-Havana-najs\u030careniji-biser-Kariba...-Mr.M-by-Marko-Tadic\u0301-mrmbymarkotadic11.jpg\" alt=\"\" class=\"wp-image-11494\" srcset=\"https:\/\/mrm-style.com\/sr\/wp-content\/uploads\/2023\/06\/Pisma-sa-Kube-Havana-najs\u030careniji-biser-Kariba...-Mr.M-by-Marko-Tadic\u0301-mrmbymarkotadic11.jpg 2400w, https:\/\/mrm-style.com\/sr\/wp-content\/uploads\/2023\/06\/Pisma-sa-Kube-Havana-najs\u030careniji-biser-Kariba...-Mr.M-by-Marko-Tadic\u0301-mrmbymarkotadic11-300x200.jpg 300w, https:\/\/mrm-style.com\/sr\/wp-content\/uploads\/2023\/06\/Pisma-sa-Kube-Havana-najs\u030careniji-biser-Kariba...-Mr.M-by-Marko-Tadic\u0301-mrmbymarkotadic11-1024x683.jpg 1024w, https:\/\/mrm-style.com\/sr\/wp-content\/uploads\/2023\/06\/Pisma-sa-Kube-Havana-najs\u030careniji-biser-Kariba...-Mr.M-by-Marko-Tadic\u0301-mrmbymarkotadic11-768x512.jpg 768w, https:\/\/mrm-style.com\/sr\/wp-content\/uploads\/2023\/06\/Pisma-sa-Kube-Havana-najs\u030careniji-biser-Kariba...-Mr.M-by-Marko-Tadic\u0301-mrmbymarkotadic11-1536x1024.jpg 1536w, https:\/\/mrm-style.com\/sr\/wp-content\/uploads\/2023\/06\/Pisma-sa-Kube-Havana-najs\u030careniji-biser-Kariba...-Mr.M-by-Marko-Tadic\u0301-mrmbymarkotadic11-2048x1365.jpg 2048w, https:\/\/mrm-style.com\/sr\/wp-content\/uploads\/2023\/06\/Pisma-sa-Kube-Havana-najs\u030careniji-biser-Kariba...-Mr.M-by-Marko-Tadic\u0301-mrmbymarkotadic11-1440x960.jpg 1440w, https:\/\/mrm-style.com\/sr\/wp-content\/uploads\/2023\/06\/Pisma-sa-Kube-Havana-najs\u030careniji-biser-Kariba...-Mr.M-by-Marko-Tadic\u0301-mrmbymarkotadic11-800x533.jpg 800w, https:\/\/mrm-style.com\/sr\/wp-content\/uploads\/2023\/06\/Pisma-sa-Kube-Havana-najs\u030careniji-biser-Kariba...-Mr.M-by-Marko-Tadic\u0301-mrmbymarkotadic11-550x367.jpg 550w, https:\/\/mrm-style.com\/sr\/wp-content\/uploads\/2023\/06\/Pisma-sa-Kube-Havana-najs\u030careniji-biser-Kariba...-Mr.M-by-Marko-Tadic\u0301-mrmbymarkotadic11-1920x1280.jpg 1920w, https:\/\/mrm-style.com\/sr\/wp-content\/uploads\/2023\/06\/Pisma-sa-Kube-Havana-najs\u030careniji-biser-Kariba...-Mr.M-by-Marko-Tadic\u0301-mrmbymarkotadic11-1620x1080.jpg 1620w, https:\/\/mrm-style.com\/sr\/wp-content\/uploads\/2023\/06\/Pisma-sa-Kube-Havana-najs\u030careniji-biser-Kariba...-Mr.M-by-Marko-Tadic\u0301-mrmbymarkotadic11-900x600.jpg 900w\" sizes=\"auto, (max-width: 2400px) 100vw, 2400px\" \/><\/a><\/figure>\n<\/div>\n\n\n<p>Sa iskusnim Disco Travel vodi\u010dem na srpskom jeziku i lokalnim vodi\u010dem na engleskom jeziku va\u0161 prvi susret sa Havanom \u0107e biti obilazak stari deo Havane (La Habana Vieja). To je jedan od najbolje o\u010duvanih kolonijalisti\u010dkih kompleksa u Americi i nalazi se pod za\u0161titom UNESCO-a jo\u0161 od 1982. godine. Stara Havana je najve\u0107im delom pe\u0161a\u010dka zona, istovremeno i turisti\u010dki najpose\u0107eniji deo grada. Tu se nalazi dosta parkova, trgova i uskih ulica. Sa svih strana bi\u0107ete okru\u017eeni starim gra\u0111evinama, obojenim u \u017eivahne boje. <\/p>\n\n\n<div class=\"wp-block-image\">\n<figure class=\"aligncenter size-full\"><a href=\"https:\/\/mrm-style.com\/sr\/wp-content\/uploads\/2023\/06\/Pisma-sa-Kube-Havana-najs\u030careniji-biser-Kariba...-Mr.M-by-Marko-Tadic\u0301-mrmbymarkotadic38.jpg\"><img loading=\"lazy\" decoding=\"async\" width=\"2400\" height=\"1600\" src=\"https:\/\/mrm-style.com\/sr\/wp-content\/uploads\/2023\/06\/Pisma-sa-Kube-Havana-najs\u030careniji-biser-Kariba...-Mr.M-by-Marko-Tadic\u0301-mrmbymarkotadic38.jpg\" alt=\"\" class=\"wp-image-11521\" srcset=\"https:\/\/mrm-style.com\/sr\/wp-content\/uploads\/2023\/06\/Pisma-sa-Kube-Havana-najs\u030careniji-biser-Kariba...-Mr.M-by-Marko-Tadic\u0301-mrmbymarkotadic38.jpg 2400w, https:\/\/mrm-style.com\/sr\/wp-content\/uploads\/2023\/06\/Pisma-sa-Kube-Havana-najs\u030careniji-biser-Kariba...-Mr.M-by-Marko-Tadic\u0301-mrmbymarkotadic38-300x200.jpg 300w, https:\/\/mrm-style.com\/sr\/wp-content\/uploads\/2023\/06\/Pisma-sa-Kube-Havana-najs\u030careniji-biser-Kariba...-Mr.M-by-Marko-Tadic\u0301-mrmbymarkotadic38-1024x683.jpg 1024w, https:\/\/mrm-style.com\/sr\/wp-content\/uploads\/2023\/06\/Pisma-sa-Kube-Havana-najs\u030careniji-biser-Kariba...-Mr.M-by-Marko-Tadic\u0301-mrmbymarkotadic38-768x512.jpg 768w, https:\/\/mrm-style.com\/sr\/wp-content\/uploads\/2023\/06\/Pisma-sa-Kube-Havana-najs\u030careniji-biser-Kariba...-Mr.M-by-Marko-Tadic\u0301-mrmbymarkotadic38-1536x1024.jpg 1536w, https:\/\/mrm-style.com\/sr\/wp-content\/uploads\/2023\/06\/Pisma-sa-Kube-Havana-najs\u030careniji-biser-Kariba...-Mr.M-by-Marko-Tadic\u0301-mrmbymarkotadic38-2048x1365.jpg 2048w, https:\/\/mrm-style.com\/sr\/wp-content\/uploads\/2023\/06\/Pisma-sa-Kube-Havana-najs\u030careniji-biser-Kariba...-Mr.M-by-Marko-Tadic\u0301-mrmbymarkotadic38-1440x960.jpg 1440w, https:\/\/mrm-style.com\/sr\/wp-content\/uploads\/2023\/06\/Pisma-sa-Kube-Havana-najs\u030careniji-biser-Kariba...-Mr.M-by-Marko-Tadic\u0301-mrmbymarkotadic38-800x533.jpg 800w, https:\/\/mrm-style.com\/sr\/wp-content\/uploads\/2023\/06\/Pisma-sa-Kube-Havana-najs\u030careniji-biser-Kariba...-Mr.M-by-Marko-Tadic\u0301-mrmbymarkotadic38-550x367.jpg 550w, https:\/\/mrm-style.com\/sr\/wp-content\/uploads\/2023\/06\/Pisma-sa-Kube-Havana-najs\u030careniji-biser-Kariba...-Mr.M-by-Marko-Tadic\u0301-mrmbymarkotadic38-1920x1280.jpg 1920w, https:\/\/mrm-style.com\/sr\/wp-content\/uploads\/2023\/06\/Pisma-sa-Kube-Havana-najs\u030careniji-biser-Kariba...-Mr.M-by-Marko-Tadic\u0301-mrmbymarkotadic38-1620x1080.jpg 1620w, https:\/\/mrm-style.com\/sr\/wp-content\/uploads\/2023\/06\/Pisma-sa-Kube-Havana-najs\u030careniji-biser-Kariba...-Mr.M-by-Marko-Tadic\u0301-mrmbymarkotadic38-900x600.jpg 900w\" sizes=\"auto, (max-width: 2400px) 100vw, 2400px\" \/><\/a><\/figure>\n<\/div>\n\n<div class=\"wp-block-image\">\n<figure class=\"aligncenter size-full\"><a href=\"https:\/\/mrm-style.com\/sr\/wp-content\/uploads\/2023\/06\/Pisma-sa-Kube-Havana-najs\u030careniji-biser-Kariba...-Mr.M-by-Marko-Tadic\u0301-mrmbymarkotadic40.jpg\"><img loading=\"lazy\" decoding=\"async\" width=\"2400\" height=\"1600\" src=\"https:\/\/mrm-style.com\/sr\/wp-content\/uploads\/2023\/06\/Pisma-sa-Kube-Havana-najs\u030careniji-biser-Kariba...-Mr.M-by-Marko-Tadic\u0301-mrmbymarkotadic40.jpg\" alt=\"\" class=\"wp-image-11523\" srcset=\"https:\/\/mrm-style.com\/sr\/wp-content\/uploads\/2023\/06\/Pisma-sa-Kube-Havana-najs\u030careniji-biser-Kariba...-Mr.M-by-Marko-Tadic\u0301-mrmbymarkotadic40.jpg 2400w, https:\/\/mrm-style.com\/sr\/wp-content\/uploads\/2023\/06\/Pisma-sa-Kube-Havana-najs\u030careniji-biser-Kariba...-Mr.M-by-Marko-Tadic\u0301-mrmbymarkotadic40-300x200.jpg 300w, https:\/\/mrm-style.com\/sr\/wp-content\/uploads\/2023\/06\/Pisma-sa-Kube-Havana-najs\u030careniji-biser-Kariba...-Mr.M-by-Marko-Tadic\u0301-mrmbymarkotadic40-1024x683.jpg 1024w, https:\/\/mrm-style.com\/sr\/wp-content\/uploads\/2023\/06\/Pisma-sa-Kube-Havana-najs\u030careniji-biser-Kariba...-Mr.M-by-Marko-Tadic\u0301-mrmbymarkotadic40-768x512.jpg 768w, https:\/\/mrm-style.com\/sr\/wp-content\/uploads\/2023\/06\/Pisma-sa-Kube-Havana-najs\u030careniji-biser-Kariba...-Mr.M-by-Marko-Tadic\u0301-mrmbymarkotadic40-1536x1024.jpg 1536w, https:\/\/mrm-style.com\/sr\/wp-content\/uploads\/2023\/06\/Pisma-sa-Kube-Havana-najs\u030careniji-biser-Kariba...-Mr.M-by-Marko-Tadic\u0301-mrmbymarkotadic40-2048x1365.jpg 2048w, https:\/\/mrm-style.com\/sr\/wp-content\/uploads\/2023\/06\/Pisma-sa-Kube-Havana-najs\u030careniji-biser-Kariba...-Mr.M-by-Marko-Tadic\u0301-mrmbymarkotadic40-1440x960.jpg 1440w, https:\/\/mrm-style.com\/sr\/wp-content\/uploads\/2023\/06\/Pisma-sa-Kube-Havana-najs\u030careniji-biser-Kariba...-Mr.M-by-Marko-Tadic\u0301-mrmbymarkotadic40-800x533.jpg 800w, https:\/\/mrm-style.com\/sr\/wp-content\/uploads\/2023\/06\/Pisma-sa-Kube-Havana-najs\u030careniji-biser-Kariba...-Mr.M-by-Marko-Tadic\u0301-mrmbymarkotadic40-550x367.jpg 550w, https:\/\/mrm-style.com\/sr\/wp-content\/uploads\/2023\/06\/Pisma-sa-Kube-Havana-najs\u030careniji-biser-Kariba...-Mr.M-by-Marko-Tadic\u0301-mrmbymarkotadic40-1920x1280.jpg 1920w, https:\/\/mrm-style.com\/sr\/wp-content\/uploads\/2023\/06\/Pisma-sa-Kube-Havana-najs\u030careniji-biser-Kariba...-Mr.M-by-Marko-Tadic\u0301-mrmbymarkotadic40-1620x1080.jpg 1620w, https:\/\/mrm-style.com\/sr\/wp-content\/uploads\/2023\/06\/Pisma-sa-Kube-Havana-najs\u030careniji-biser-Kariba...-Mr.M-by-Marko-Tadic\u0301-mrmbymarkotadic40-900x600.jpg 900w\" sizes=\"auto, (max-width: 2400px) 100vw, 2400px\" \/><\/a><\/figure>\n<\/div>\n\n<div class=\"wp-block-image\">\n<figure class=\"aligncenter size-full\"><a href=\"https:\/\/mrm-style.com\/sr\/wp-content\/uploads\/2023\/06\/Pisma-sa-Kube-Havana-najs\u030careniji-biser-Kariba...-Mr.M-by-Marko-Tadic\u0301-mrmbymarkotadic41.jpg\"><img loading=\"lazy\" decoding=\"async\" width=\"2400\" height=\"1600\" src=\"https:\/\/mrm-style.com\/sr\/wp-content\/uploads\/2023\/06\/Pisma-sa-Kube-Havana-najs\u030careniji-biser-Kariba...-Mr.M-by-Marko-Tadic\u0301-mrmbymarkotadic41.jpg\" alt=\"\" class=\"wp-image-11524\" srcset=\"https:\/\/mrm-style.com\/sr\/wp-content\/uploads\/2023\/06\/Pisma-sa-Kube-Havana-najs\u030careniji-biser-Kariba...-Mr.M-by-Marko-Tadic\u0301-mrmbymarkotadic41.jpg 2400w, https:\/\/mrm-style.com\/sr\/wp-content\/uploads\/2023\/06\/Pisma-sa-Kube-Havana-najs\u030careniji-biser-Kariba...-Mr.M-by-Marko-Tadic\u0301-mrmbymarkotadic41-300x200.jpg 300w, https:\/\/mrm-style.com\/sr\/wp-content\/uploads\/2023\/06\/Pisma-sa-Kube-Havana-najs\u030careniji-biser-Kariba...-Mr.M-by-Marko-Tadic\u0301-mrmbymarkotadic41-1024x683.jpg 1024w, https:\/\/mrm-style.com\/sr\/wp-content\/uploads\/2023\/06\/Pisma-sa-Kube-Havana-najs\u030careniji-biser-Kariba...-Mr.M-by-Marko-Tadic\u0301-mrmbymarkotadic41-768x512.jpg 768w, https:\/\/mrm-style.com\/sr\/wp-content\/uploads\/2023\/06\/Pisma-sa-Kube-Havana-najs\u030careniji-biser-Kariba...-Mr.M-by-Marko-Tadic\u0301-mrmbymarkotadic41-1536x1024.jpg 1536w, https:\/\/mrm-style.com\/sr\/wp-content\/uploads\/2023\/06\/Pisma-sa-Kube-Havana-najs\u030careniji-biser-Kariba...-Mr.M-by-Marko-Tadic\u0301-mrmbymarkotadic41-2048x1365.jpg 2048w, https:\/\/mrm-style.com\/sr\/wp-content\/uploads\/2023\/06\/Pisma-sa-Kube-Havana-najs\u030careniji-biser-Kariba...-Mr.M-by-Marko-Tadic\u0301-mrmbymarkotadic41-1440x960.jpg 1440w, https:\/\/mrm-style.com\/sr\/wp-content\/uploads\/2023\/06\/Pisma-sa-Kube-Havana-najs\u030careniji-biser-Kariba...-Mr.M-by-Marko-Tadic\u0301-mrmbymarkotadic41-800x533.jpg 800w, https:\/\/mrm-style.com\/sr\/wp-content\/uploads\/2023\/06\/Pisma-sa-Kube-Havana-najs\u030careniji-biser-Kariba...-Mr.M-by-Marko-Tadic\u0301-mrmbymarkotadic41-550x367.jpg 550w, https:\/\/mrm-style.com\/sr\/wp-content\/uploads\/2023\/06\/Pisma-sa-Kube-Havana-najs\u030careniji-biser-Kariba...-Mr.M-by-Marko-Tadic\u0301-mrmbymarkotadic41-1920x1280.jpg 1920w, https:\/\/mrm-style.com\/sr\/wp-content\/uploads\/2023\/06\/Pisma-sa-Kube-Havana-najs\u030careniji-biser-Kariba...-Mr.M-by-Marko-Tadic\u0301-mrmbymarkotadic41-1620x1080.jpg 1620w, https:\/\/mrm-style.com\/sr\/wp-content\/uploads\/2023\/06\/Pisma-sa-Kube-Havana-najs\u030careniji-biser-Kariba...-Mr.M-by-Marko-Tadic\u0301-mrmbymarkotadic41-900x600.jpg 900w\" sizes=\"auto, (max-width: 2400px) 100vw, 2400px\" \/><\/a><\/figure>\n<\/div>\n\n\n<p>Mo\u017eete primetiti da je boja sa fasade izlizana i da su zidovi zgrada ispucali, ali starost zgrada nikako ne naru\u0161ava njihovu lepotu. \u0160etamo do Plaza de Armas, jedan od najstarijih i najva\u017enijih trgova u kubanskoj istoriji. Izgra\u0111en je po\u010detkom XVI veka, nedavno nakon \u0161to je Havana osnovana. U centru trga nalazi se mermerna statua Karlosa Manuela de Sespedesa, nacionalnog heroja i borca za nezavisnost Kube. Onda sledi obilazak Muzeja revolucije. Ranije je ova gra\u0111evina predstavljala predsedni\u010dku palatu gde je boravio i Flugencio Batista koji je upravo Kubanskom revolucijom zba\u010den sa vlasti.<\/p>\n\n\n<div class=\"wp-block-image\">\n<figure class=\"aligncenter size-full\"><a href=\"https:\/\/mrm-style.com\/sr\/wp-content\/uploads\/2023\/06\/Pisma-sa-Kube-Havana-najs\u030careniji-biser-Kariba...-Mr.M-by-Marko-Tadic\u0301-mrmbymarkotadic45.jpg\"><img loading=\"lazy\" decoding=\"async\" width=\"1600\" height=\"2400\" src=\"https:\/\/mrm-style.com\/sr\/wp-content\/uploads\/2023\/06\/Pisma-sa-Kube-Havana-najs\u030careniji-biser-Kariba...-Mr.M-by-Marko-Tadic\u0301-mrmbymarkotadic45.jpg\" alt=\"\" class=\"wp-image-11528\" srcset=\"https:\/\/mrm-style.com\/sr\/wp-content\/uploads\/2023\/06\/Pisma-sa-Kube-Havana-najs\u030careniji-biser-Kariba...-Mr.M-by-Marko-Tadic\u0301-mrmbymarkotadic45.jpg 1600w, https:\/\/mrm-style.com\/sr\/wp-content\/uploads\/2023\/06\/Pisma-sa-Kube-Havana-najs\u030careniji-biser-Kariba...-Mr.M-by-Marko-Tadic\u0301-mrmbymarkotadic45-200x300.jpg 200w, https:\/\/mrm-style.com\/sr\/wp-content\/uploads\/2023\/06\/Pisma-sa-Kube-Havana-najs\u030careniji-biser-Kariba...-Mr.M-by-Marko-Tadic\u0301-mrmbymarkotadic45-683x1024.jpg 683w, https:\/\/mrm-style.com\/sr\/wp-content\/uploads\/2023\/06\/Pisma-sa-Kube-Havana-najs\u030careniji-biser-Kariba...-Mr.M-by-Marko-Tadic\u0301-mrmbymarkotadic45-768x1152.jpg 768w, https:\/\/mrm-style.com\/sr\/wp-content\/uploads\/2023\/06\/Pisma-sa-Kube-Havana-najs\u030careniji-biser-Kariba...-Mr.M-by-Marko-Tadic\u0301-mrmbymarkotadic45-1024x1536.jpg 1024w, https:\/\/mrm-style.com\/sr\/wp-content\/uploads\/2023\/06\/Pisma-sa-Kube-Havana-najs\u030careniji-biser-Kariba...-Mr.M-by-Marko-Tadic\u0301-mrmbymarkotadic45-1365x2048.jpg 1365w, https:\/\/mrm-style.com\/sr\/wp-content\/uploads\/2023\/06\/Pisma-sa-Kube-Havana-najs\u030careniji-biser-Kariba...-Mr.M-by-Marko-Tadic\u0301-mrmbymarkotadic45-1440x2160.jpg 1440w, https:\/\/mrm-style.com\/sr\/wp-content\/uploads\/2023\/06\/Pisma-sa-Kube-Havana-najs\u030careniji-biser-Kariba...-Mr.M-by-Marko-Tadic\u0301-mrmbymarkotadic45-800x1200.jpg 800w, https:\/\/mrm-style.com\/sr\/wp-content\/uploads\/2023\/06\/Pisma-sa-Kube-Havana-najs\u030careniji-biser-Kariba...-Mr.M-by-Marko-Tadic\u0301-mrmbymarkotadic45-550x825.jpg 550w, https:\/\/mrm-style.com\/sr\/wp-content\/uploads\/2023\/06\/Pisma-sa-Kube-Havana-najs\u030careniji-biser-Kariba...-Mr.M-by-Marko-Tadic\u0301-mrmbymarkotadic45-720x1080.jpg 720w, https:\/\/mrm-style.com\/sr\/wp-content\/uploads\/2023\/06\/Pisma-sa-Kube-Havana-najs\u030careniji-biser-Kariba...-Mr.M-by-Marko-Tadic\u0301-mrmbymarkotadic45-400x600.jpg 400w\" sizes=\"auto, (max-width: 1600px) 100vw, 1600px\" \/><\/a><\/figure>\n<\/div>\n\n\n<p>\u0160etnja se nastavlja do katedrale San Kristobal na trgu Plaza de la Catedral. Zanimljivo je da su se u ovoj katedrali \u010duvali posmrtni ostaci Kristofera Kolumba od 1796. do 1898. godine, nakon \u010dega su preba\u010deni u Seviljsku katedralu u \u0160paniji. Vredna pa\u017enje je i kapelica El Template u kojoj je Havana i osnovana. Ako \u017eelite da upoznate Havanu i osetite pravi duh Havane potrudite se obi\u0111ete jo\u0161 neke ve\u0107e znamenitosti kao \u0161to su muzej grada Havane \u2013 Palacio de los Capitanes Generales, muzej ruma, takozvani Havana klub, Kubansku fabriku umetnosti \u2013 mesto gde se odr\u017eavaju izlo\u017ebe, svirke i filmske projekcije. <\/p>\n\n\n<div class=\"wp-block-image\">\n<figure class=\"aligncenter size-full\"><a href=\"https:\/\/mrm-style.com\/sr\/wp-content\/uploads\/2023\/06\/Pisma-sa-Kube-Havana-najs\u030careniji-biser-Kariba...-Mr.M-by-Marko-Tadic\u0301-mrmbymarkotadic44.jpg\"><img loading=\"lazy\" decoding=\"async\" width=\"2400\" height=\"1600\" src=\"https:\/\/mrm-style.com\/sr\/wp-content\/uploads\/2023\/06\/Pisma-sa-Kube-Havana-najs\u030careniji-biser-Kariba...-Mr.M-by-Marko-Tadic\u0301-mrmbymarkotadic44.jpg\" alt=\"\" class=\"wp-image-11527\" srcset=\"https:\/\/mrm-style.com\/sr\/wp-content\/uploads\/2023\/06\/Pisma-sa-Kube-Havana-najs\u030careniji-biser-Kariba...-Mr.M-by-Marko-Tadic\u0301-mrmbymarkotadic44.jpg 2400w, https:\/\/mrm-style.com\/sr\/wp-content\/uploads\/2023\/06\/Pisma-sa-Kube-Havana-najs\u030careniji-biser-Kariba...-Mr.M-by-Marko-Tadic\u0301-mrmbymarkotadic44-300x200.jpg 300w, https:\/\/mrm-style.com\/sr\/wp-content\/uploads\/2023\/06\/Pisma-sa-Kube-Havana-najs\u030careniji-biser-Kariba...-Mr.M-by-Marko-Tadic\u0301-mrmbymarkotadic44-1024x683.jpg 1024w, https:\/\/mrm-style.com\/sr\/wp-content\/uploads\/2023\/06\/Pisma-sa-Kube-Havana-najs\u030careniji-biser-Kariba...-Mr.M-by-Marko-Tadic\u0301-mrmbymarkotadic44-768x512.jpg 768w, https:\/\/mrm-style.com\/sr\/wp-content\/uploads\/2023\/06\/Pisma-sa-Kube-Havana-najs\u030careniji-biser-Kariba...-Mr.M-by-Marko-Tadic\u0301-mrmbymarkotadic44-1536x1024.jpg 1536w, https:\/\/mrm-style.com\/sr\/wp-content\/uploads\/2023\/06\/Pisma-sa-Kube-Havana-najs\u030careniji-biser-Kariba...-Mr.M-by-Marko-Tadic\u0301-mrmbymarkotadic44-2048x1365.jpg 2048w, https:\/\/mrm-style.com\/sr\/wp-content\/uploads\/2023\/06\/Pisma-sa-Kube-Havana-najs\u030careniji-biser-Kariba...-Mr.M-by-Marko-Tadic\u0301-mrmbymarkotadic44-1440x960.jpg 1440w, https:\/\/mrm-style.com\/sr\/wp-content\/uploads\/2023\/06\/Pisma-sa-Kube-Havana-najs\u030careniji-biser-Kariba...-Mr.M-by-Marko-Tadic\u0301-mrmbymarkotadic44-800x533.jpg 800w, https:\/\/mrm-style.com\/sr\/wp-content\/uploads\/2023\/06\/Pisma-sa-Kube-Havana-najs\u030careniji-biser-Kariba...-Mr.M-by-Marko-Tadic\u0301-mrmbymarkotadic44-550x367.jpg 550w, https:\/\/mrm-style.com\/sr\/wp-content\/uploads\/2023\/06\/Pisma-sa-Kube-Havana-najs\u030careniji-biser-Kariba...-Mr.M-by-Marko-Tadic\u0301-mrmbymarkotadic44-1920x1280.jpg 1920w, https:\/\/mrm-style.com\/sr\/wp-content\/uploads\/2023\/06\/Pisma-sa-Kube-Havana-najs\u030careniji-biser-Kariba...-Mr.M-by-Marko-Tadic\u0301-mrmbymarkotadic44-1620x1080.jpg 1620w, https:\/\/mrm-style.com\/sr\/wp-content\/uploads\/2023\/06\/Pisma-sa-Kube-Havana-najs\u030careniji-biser-Kariba...-Mr.M-by-Marko-Tadic\u0301-mrmbymarkotadic44-900x600.jpg 900w\" sizes=\"auto, (max-width: 2400px) 100vw, 2400px\" \/><\/a><\/figure>\n<\/div>\n\n<div class=\"wp-block-image\">\n<figure class=\"aligncenter size-full\"><a href=\"https:\/\/mrm-style.com\/sr\/wp-content\/uploads\/2023\/06\/Pisma-sa-Kube-Havana-najs\u030careniji-biser-Kariba...-Mr.M-by-Marko-Tadic\u0301-mrmbymarkotadic42.jpg\"><img loading=\"lazy\" decoding=\"async\" width=\"2288\" height=\"1600\" src=\"https:\/\/mrm-style.com\/sr\/wp-content\/uploads\/2023\/06\/Pisma-sa-Kube-Havana-najs\u030careniji-biser-Kariba...-Mr.M-by-Marko-Tadic\u0301-mrmbymarkotadic42.jpg\" alt=\"\" class=\"wp-image-11525\" srcset=\"https:\/\/mrm-style.com\/sr\/wp-content\/uploads\/2023\/06\/Pisma-sa-Kube-Havana-najs\u030careniji-biser-Kariba...-Mr.M-by-Marko-Tadic\u0301-mrmbymarkotadic42.jpg 2288w, https:\/\/mrm-style.com\/sr\/wp-content\/uploads\/2023\/06\/Pisma-sa-Kube-Havana-najs\u030careniji-biser-Kariba...-Mr.M-by-Marko-Tadic\u0301-mrmbymarkotadic42-300x210.jpg 300w, https:\/\/mrm-style.com\/sr\/wp-content\/uploads\/2023\/06\/Pisma-sa-Kube-Havana-najs\u030careniji-biser-Kariba...-Mr.M-by-Marko-Tadic\u0301-mrmbymarkotadic42-1024x716.jpg 1024w, https:\/\/mrm-style.com\/sr\/wp-content\/uploads\/2023\/06\/Pisma-sa-Kube-Havana-najs\u030careniji-biser-Kariba...-Mr.M-by-Marko-Tadic\u0301-mrmbymarkotadic42-768x537.jpg 768w, https:\/\/mrm-style.com\/sr\/wp-content\/uploads\/2023\/06\/Pisma-sa-Kube-Havana-najs\u030careniji-biser-Kariba...-Mr.M-by-Marko-Tadic\u0301-mrmbymarkotadic42-1536x1074.jpg 1536w, https:\/\/mrm-style.com\/sr\/wp-content\/uploads\/2023\/06\/Pisma-sa-Kube-Havana-najs\u030careniji-biser-Kariba...-Mr.M-by-Marko-Tadic\u0301-mrmbymarkotadic42-2048x1432.jpg 2048w, https:\/\/mrm-style.com\/sr\/wp-content\/uploads\/2023\/06\/Pisma-sa-Kube-Havana-najs\u030careniji-biser-Kariba...-Mr.M-by-Marko-Tadic\u0301-mrmbymarkotadic42-1440x1007.jpg 1440w, https:\/\/mrm-style.com\/sr\/wp-content\/uploads\/2023\/06\/Pisma-sa-Kube-Havana-najs\u030careniji-biser-Kariba...-Mr.M-by-Marko-Tadic\u0301-mrmbymarkotadic42-800x559.jpg 800w, https:\/\/mrm-style.com\/sr\/wp-content\/uploads\/2023\/06\/Pisma-sa-Kube-Havana-najs\u030careniji-biser-Kariba...-Mr.M-by-Marko-Tadic\u0301-mrmbymarkotadic42-550x385.jpg 550w, https:\/\/mrm-style.com\/sr\/wp-content\/uploads\/2023\/06\/Pisma-sa-Kube-Havana-najs\u030careniji-biser-Kariba...-Mr.M-by-Marko-Tadic\u0301-mrmbymarkotadic42-1920x1343.jpg 1920w, https:\/\/mrm-style.com\/sr\/wp-content\/uploads\/2023\/06\/Pisma-sa-Kube-Havana-najs\u030careniji-biser-Kariba...-Mr.M-by-Marko-Tadic\u0301-mrmbymarkotadic42-1544x1080.jpg 1544w, https:\/\/mrm-style.com\/sr\/wp-content\/uploads\/2023\/06\/Pisma-sa-Kube-Havana-najs\u030careniji-biser-Kariba...-Mr.M-by-Marko-Tadic\u0301-mrmbymarkotadic42-858x600.jpg 858w\" sizes=\"auto, (max-width: 2288px) 100vw, 2288px\" \/><\/a><\/figure>\n<\/div>\n\n<div class=\"wp-block-image\">\n<figure class=\"aligncenter size-full\"><a href=\"https:\/\/mrm-style.com\/sr\/wp-content\/uploads\/2023\/06\/Pisma-sa-Kube-Havana-najs\u030careniji-biser-Kariba...-Mr.M-by-Marko-Tadic\u0301-mrmbymarkotadic43.jpg\"><img loading=\"lazy\" decoding=\"async\" width=\"1600\" height=\"2400\" src=\"https:\/\/mrm-style.com\/sr\/wp-content\/uploads\/2023\/06\/Pisma-sa-Kube-Havana-najs\u030careniji-biser-Kariba...-Mr.M-by-Marko-Tadic\u0301-mrmbymarkotadic43.jpg\" alt=\"\" class=\"wp-image-11526\" srcset=\"https:\/\/mrm-style.com\/sr\/wp-content\/uploads\/2023\/06\/Pisma-sa-Kube-Havana-najs\u030careniji-biser-Kariba...-Mr.M-by-Marko-Tadic\u0301-mrmbymarkotadic43.jpg 1600w, https:\/\/mrm-style.com\/sr\/wp-content\/uploads\/2023\/06\/Pisma-sa-Kube-Havana-najs\u030careniji-biser-Kariba...-Mr.M-by-Marko-Tadic\u0301-mrmbymarkotadic43-200x300.jpg 200w, https:\/\/mrm-style.com\/sr\/wp-content\/uploads\/2023\/06\/Pisma-sa-Kube-Havana-najs\u030careniji-biser-Kariba...-Mr.M-by-Marko-Tadic\u0301-mrmbymarkotadic43-683x1024.jpg 683w, https:\/\/mrm-style.com\/sr\/wp-content\/uploads\/2023\/06\/Pisma-sa-Kube-Havana-najs\u030careniji-biser-Kariba...-Mr.M-by-Marko-Tadic\u0301-mrmbymarkotadic43-768x1152.jpg 768w, https:\/\/mrm-style.com\/sr\/wp-content\/uploads\/2023\/06\/Pisma-sa-Kube-Havana-najs\u030careniji-biser-Kariba...-Mr.M-by-Marko-Tadic\u0301-mrmbymarkotadic43-1024x1536.jpg 1024w, https:\/\/mrm-style.com\/sr\/wp-content\/uploads\/2023\/06\/Pisma-sa-Kube-Havana-najs\u030careniji-biser-Kariba...-Mr.M-by-Marko-Tadic\u0301-mrmbymarkotadic43-1365x2048.jpg 1365w, https:\/\/mrm-style.com\/sr\/wp-content\/uploads\/2023\/06\/Pisma-sa-Kube-Havana-najs\u030careniji-biser-Kariba...-Mr.M-by-Marko-Tadic\u0301-mrmbymarkotadic43-1440x2160.jpg 1440w, https:\/\/mrm-style.com\/sr\/wp-content\/uploads\/2023\/06\/Pisma-sa-Kube-Havana-najs\u030careniji-biser-Kariba...-Mr.M-by-Marko-Tadic\u0301-mrmbymarkotadic43-800x1200.jpg 800w, https:\/\/mrm-style.com\/sr\/wp-content\/uploads\/2023\/06\/Pisma-sa-Kube-Havana-najs\u030careniji-biser-Kariba...-Mr.M-by-Marko-Tadic\u0301-mrmbymarkotadic43-550x825.jpg 550w, https:\/\/mrm-style.com\/sr\/wp-content\/uploads\/2023\/06\/Pisma-sa-Kube-Havana-najs\u030careniji-biser-Kariba...-Mr.M-by-Marko-Tadic\u0301-mrmbymarkotadic43-720x1080.jpg 720w, https:\/\/mrm-style.com\/sr\/wp-content\/uploads\/2023\/06\/Pisma-sa-Kube-Havana-najs\u030careniji-biser-Kariba...-Mr.M-by-Marko-Tadic\u0301-mrmbymarkotadic43-400x600.jpg 400w\" sizes=\"auto, (max-width: 1600px) 100vw, 1600px\" \/><\/a><\/figure>\n<\/div>\n\n\n<p>Ako \u017eelite da se vratite u zlatna doba Havane, preporu\u010dujem vam da uplatite fakultativni izlet panoramsko razgledanje Havane i vo\u017enja kabrioletima. Bi\u0107ete u prilici da se vozite ulicama Havane uz Malekon, \u0161tetali\u0161te dugo 8 kilometara, jednog od glavnog simbola Havane. Tu se pru\u017ea prelep pogled na raznobojne ku\u0107ice razli\u010ditih stilova, a sa druge strane vide\u0107ete tirkizno more. Na \u0161etali\u0161tu se obi\u010dno okupljaju umetnici, boemi i parovi koji dolaze da sa\u010dekaju upe\u010datljiv zalazak sunca.<\/p>\n\n\n<div class=\"wp-block-image\">\n<figure class=\"aligncenter size-full\"><a href=\"https:\/\/mrm-style.com\/sr\/wp-content\/uploads\/2023\/06\/Pisma-sa-Kube-Havana-najs\u030careniji-biser-Kariba...-Mr.M-by-Marko-Tadic\u0301-mrmbymarkotadic14.jpg\"><img loading=\"lazy\" decoding=\"async\" width=\"2400\" height=\"1600\" src=\"https:\/\/mrm-style.com\/sr\/wp-content\/uploads\/2023\/06\/Pisma-sa-Kube-Havana-najs\u030careniji-biser-Kariba...-Mr.M-by-Marko-Tadic\u0301-mrmbymarkotadic14.jpg\" alt=\"\" class=\"wp-image-11497\" srcset=\"https:\/\/mrm-style.com\/sr\/wp-content\/uploads\/2023\/06\/Pisma-sa-Kube-Havana-najs\u030careniji-biser-Kariba...-Mr.M-by-Marko-Tadic\u0301-mrmbymarkotadic14.jpg 2400w, https:\/\/mrm-style.com\/sr\/wp-content\/uploads\/2023\/06\/Pisma-sa-Kube-Havana-najs\u030careniji-biser-Kariba...-Mr.M-by-Marko-Tadic\u0301-mrmbymarkotadic14-300x200.jpg 300w, https:\/\/mrm-style.com\/sr\/wp-content\/uploads\/2023\/06\/Pisma-sa-Kube-Havana-najs\u030careniji-biser-Kariba...-Mr.M-by-Marko-Tadic\u0301-mrmbymarkotadic14-1024x683.jpg 1024w, https:\/\/mrm-style.com\/sr\/wp-content\/uploads\/2023\/06\/Pisma-sa-Kube-Havana-najs\u030careniji-biser-Kariba...-Mr.M-by-Marko-Tadic\u0301-mrmbymarkotadic14-768x512.jpg 768w, https:\/\/mrm-style.com\/sr\/wp-content\/uploads\/2023\/06\/Pisma-sa-Kube-Havana-najs\u030careniji-biser-Kariba...-Mr.M-by-Marko-Tadic\u0301-mrmbymarkotadic14-1536x1024.jpg 1536w, https:\/\/mrm-style.com\/sr\/wp-content\/uploads\/2023\/06\/Pisma-sa-Kube-Havana-najs\u030careniji-biser-Kariba...-Mr.M-by-Marko-Tadic\u0301-mrmbymarkotadic14-2048x1365.jpg 2048w, https:\/\/mrm-style.com\/sr\/wp-content\/uploads\/2023\/06\/Pisma-sa-Kube-Havana-najs\u030careniji-biser-Kariba...-Mr.M-by-Marko-Tadic\u0301-mrmbymarkotadic14-1440x960.jpg 1440w, https:\/\/mrm-style.com\/sr\/wp-content\/uploads\/2023\/06\/Pisma-sa-Kube-Havana-najs\u030careniji-biser-Kariba...-Mr.M-by-Marko-Tadic\u0301-mrmbymarkotadic14-800x533.jpg 800w, https:\/\/mrm-style.com\/sr\/wp-content\/uploads\/2023\/06\/Pisma-sa-Kube-Havana-najs\u030careniji-biser-Kariba...-Mr.M-by-Marko-Tadic\u0301-mrmbymarkotadic14-550x367.jpg 550w, https:\/\/mrm-style.com\/sr\/wp-content\/uploads\/2023\/06\/Pisma-sa-Kube-Havana-najs\u030careniji-biser-Kariba...-Mr.M-by-Marko-Tadic\u0301-mrmbymarkotadic14-1920x1280.jpg 1920w, https:\/\/mrm-style.com\/sr\/wp-content\/uploads\/2023\/06\/Pisma-sa-Kube-Havana-najs\u030careniji-biser-Kariba...-Mr.M-by-Marko-Tadic\u0301-mrmbymarkotadic14-1620x1080.jpg 1620w, https:\/\/mrm-style.com\/sr\/wp-content\/uploads\/2023\/06\/Pisma-sa-Kube-Havana-najs\u030careniji-biser-Kariba...-Mr.M-by-Marko-Tadic\u0301-mrmbymarkotadic14-900x600.jpg 900w\" sizes=\"auto, (max-width: 2400px) 100vw, 2400px\" \/><\/a><\/figure>\n<\/div>\n\n<div class=\"wp-block-image\">\n<figure class=\"aligncenter size-full\"><a href=\"https:\/\/mrm-style.com\/sr\/wp-content\/uploads\/2023\/06\/Pisma-sa-Kube-Havana-najs\u030careniji-biser-Kariba...-Mr.M-by-Marko-Tadic\u0301-mrmbymarkotadic20.jpg\"><img loading=\"lazy\" decoding=\"async\" width=\"2400\" height=\"1600\" src=\"https:\/\/mrm-style.com\/sr\/wp-content\/uploads\/2023\/06\/Pisma-sa-Kube-Havana-najs\u030careniji-biser-Kariba...-Mr.M-by-Marko-Tadic\u0301-mrmbymarkotadic20.jpg\" alt=\"\" class=\"wp-image-11503\" srcset=\"https:\/\/mrm-style.com\/sr\/wp-content\/uploads\/2023\/06\/Pisma-sa-Kube-Havana-najs\u030careniji-biser-Kariba...-Mr.M-by-Marko-Tadic\u0301-mrmbymarkotadic20.jpg 2400w, https:\/\/mrm-style.com\/sr\/wp-content\/uploads\/2023\/06\/Pisma-sa-Kube-Havana-najs\u030careniji-biser-Kariba...-Mr.M-by-Marko-Tadic\u0301-mrmbymarkotadic20-300x200.jpg 300w, https:\/\/mrm-style.com\/sr\/wp-content\/uploads\/2023\/06\/Pisma-sa-Kube-Havana-najs\u030careniji-biser-Kariba...-Mr.M-by-Marko-Tadic\u0301-mrmbymarkotadic20-1024x683.jpg 1024w, https:\/\/mrm-style.com\/sr\/wp-content\/uploads\/2023\/06\/Pisma-sa-Kube-Havana-najs\u030careniji-biser-Kariba...-Mr.M-by-Marko-Tadic\u0301-mrmbymarkotadic20-768x512.jpg 768w, https:\/\/mrm-style.com\/sr\/wp-content\/uploads\/2023\/06\/Pisma-sa-Kube-Havana-najs\u030careniji-biser-Kariba...-Mr.M-by-Marko-Tadic\u0301-mrmbymarkotadic20-1536x1024.jpg 1536w, https:\/\/mrm-style.com\/sr\/wp-content\/uploads\/2023\/06\/Pisma-sa-Kube-Havana-najs\u030careniji-biser-Kariba...-Mr.M-by-Marko-Tadic\u0301-mrmbymarkotadic20-2048x1365.jpg 2048w, https:\/\/mrm-style.com\/sr\/wp-content\/uploads\/2023\/06\/Pisma-sa-Kube-Havana-najs\u030careniji-biser-Kariba...-Mr.M-by-Marko-Tadic\u0301-mrmbymarkotadic20-1440x960.jpg 1440w, https:\/\/mrm-style.com\/sr\/wp-content\/uploads\/2023\/06\/Pisma-sa-Kube-Havana-najs\u030careniji-biser-Kariba...-Mr.M-by-Marko-Tadic\u0301-mrmbymarkotadic20-800x533.jpg 800w, https:\/\/mrm-style.com\/sr\/wp-content\/uploads\/2023\/06\/Pisma-sa-Kube-Havana-najs\u030careniji-biser-Kariba...-Mr.M-by-Marko-Tadic\u0301-mrmbymarkotadic20-550x367.jpg 550w, https:\/\/mrm-style.com\/sr\/wp-content\/uploads\/2023\/06\/Pisma-sa-Kube-Havana-najs\u030careniji-biser-Kariba...-Mr.M-by-Marko-Tadic\u0301-mrmbymarkotadic20-1920x1280.jpg 1920w, https:\/\/mrm-style.com\/sr\/wp-content\/uploads\/2023\/06\/Pisma-sa-Kube-Havana-najs\u030careniji-biser-Kariba...-Mr.M-by-Marko-Tadic\u0301-mrmbymarkotadic20-1620x1080.jpg 1620w, https:\/\/mrm-style.com\/sr\/wp-content\/uploads\/2023\/06\/Pisma-sa-Kube-Havana-najs\u030careniji-biser-Kariba...-Mr.M-by-Marko-Tadic\u0301-mrmbymarkotadic20-900x600.jpg 900w\" sizes=\"auto, (max-width: 2400px) 100vw, 2400px\" \/><\/a><\/figure>\n<\/div>\n\n<div class=\"wp-block-image\">\n<figure class=\"aligncenter size-full\"><a href=\"https:\/\/mrm-style.com\/sr\/wp-content\/uploads\/2023\/06\/Pisma-sa-Kube-Havana-najs\u030careniji-biser-Kariba...-Mr.M-by-Marko-Tadic\u0301-mrmbymarkotadic17.jpg\"><img loading=\"lazy\" decoding=\"async\" width=\"2400\" height=\"1600\" src=\"https:\/\/mrm-style.com\/sr\/wp-content\/uploads\/2023\/06\/Pisma-sa-Kube-Havana-najs\u030careniji-biser-Kariba...-Mr.M-by-Marko-Tadic\u0301-mrmbymarkotadic17.jpg\" alt=\"\" class=\"wp-image-11500\" srcset=\"https:\/\/mrm-style.com\/sr\/wp-content\/uploads\/2023\/06\/Pisma-sa-Kube-Havana-najs\u030careniji-biser-Kariba...-Mr.M-by-Marko-Tadic\u0301-mrmbymarkotadic17.jpg 2400w, https:\/\/mrm-style.com\/sr\/wp-content\/uploads\/2023\/06\/Pisma-sa-Kube-Havana-najs\u030careniji-biser-Kariba...-Mr.M-by-Marko-Tadic\u0301-mrmbymarkotadic17-300x200.jpg 300w, https:\/\/mrm-style.com\/sr\/wp-content\/uploads\/2023\/06\/Pisma-sa-Kube-Havana-najs\u030careniji-biser-Kariba...-Mr.M-by-Marko-Tadic\u0301-mrmbymarkotadic17-1024x683.jpg 1024w, https:\/\/mrm-style.com\/sr\/wp-content\/uploads\/2023\/06\/Pisma-sa-Kube-Havana-najs\u030careniji-biser-Kariba...-Mr.M-by-Marko-Tadic\u0301-mrmbymarkotadic17-768x512.jpg 768w, https:\/\/mrm-style.com\/sr\/wp-content\/uploads\/2023\/06\/Pisma-sa-Kube-Havana-najs\u030careniji-biser-Kariba...-Mr.M-by-Marko-Tadic\u0301-mrmbymarkotadic17-1536x1024.jpg 1536w, https:\/\/mrm-style.com\/sr\/wp-content\/uploads\/2023\/06\/Pisma-sa-Kube-Havana-najs\u030careniji-biser-Kariba...-Mr.M-by-Marko-Tadic\u0301-mrmbymarkotadic17-2048x1365.jpg 2048w, https:\/\/mrm-style.com\/sr\/wp-content\/uploads\/2023\/06\/Pisma-sa-Kube-Havana-najs\u030careniji-biser-Kariba...-Mr.M-by-Marko-Tadic\u0301-mrmbymarkotadic17-1440x960.jpg 1440w, https:\/\/mrm-style.com\/sr\/wp-content\/uploads\/2023\/06\/Pisma-sa-Kube-Havana-najs\u030careniji-biser-Kariba...-Mr.M-by-Marko-Tadic\u0301-mrmbymarkotadic17-800x533.jpg 800w, https:\/\/mrm-style.com\/sr\/wp-content\/uploads\/2023\/06\/Pisma-sa-Kube-Havana-najs\u030careniji-biser-Kariba...-Mr.M-by-Marko-Tadic\u0301-mrmbymarkotadic17-550x367.jpg 550w, https:\/\/mrm-style.com\/sr\/wp-content\/uploads\/2023\/06\/Pisma-sa-Kube-Havana-najs\u030careniji-biser-Kariba...-Mr.M-by-Marko-Tadic\u0301-mrmbymarkotadic17-1920x1280.jpg 1920w, https:\/\/mrm-style.com\/sr\/wp-content\/uploads\/2023\/06\/Pisma-sa-Kube-Havana-najs\u030careniji-biser-Kariba...-Mr.M-by-Marko-Tadic\u0301-mrmbymarkotadic17-1620x1080.jpg 1620w, https:\/\/mrm-style.com\/sr\/wp-content\/uploads\/2023\/06\/Pisma-sa-Kube-Havana-najs\u030careniji-biser-Kariba...-Mr.M-by-Marko-Tadic\u0301-mrmbymarkotadic17-900x600.jpg 900w\" sizes=\"auto, (max-width: 2400px) 100vw, 2400px\" \/><\/a><\/figure>\n<\/div>\n\n\n<p>Tokom ovog izleta Disko Travel dru\u017eina se zaustavlja na trgu Revolucije kako bi napravili autenti\u010dne slike. Nakon toga nastavljamo sa razgledanjem Avenue of the President, Havana Univerziteta i Malecona. Nakon obilaska modernog dela Havane uputi\u0107emo se u stari deo Havane koji je pod za\u0161titom Unesca i obi\u0107i Veliki Teatar, Central Park, Capitol, Avenidu Del Prado i zavr\u0161iti razgledanje Moroa.<\/p>\n\n\n<div class=\"wp-block-image\">\n<figure class=\"aligncenter size-full\"><a href=\"https:\/\/mrm-style.com\/sr\/wp-content\/uploads\/2023\/06\/Pisma-sa-Kube-Havana-najs\u030careniji-biser-Kariba...-Mr.M-by-Marko-Tadic\u0301-mrmbymarkotadic21.jpg\"><img loading=\"lazy\" decoding=\"async\" width=\"2500\" height=\"1540\" src=\"https:\/\/mrm-style.com\/sr\/wp-content\/uploads\/2023\/06\/Pisma-sa-Kube-Havana-najs\u030careniji-biser-Kariba...-Mr.M-by-Marko-Tadic\u0301-mrmbymarkotadic21.jpg\" alt=\"\" class=\"wp-image-11504\" srcset=\"https:\/\/mrm-style.com\/sr\/wp-content\/uploads\/2023\/06\/Pisma-sa-Kube-Havana-najs\u030careniji-biser-Kariba...-Mr.M-by-Marko-Tadic\u0301-mrmbymarkotadic21.jpg 2500w, https:\/\/mrm-style.com\/sr\/wp-content\/uploads\/2023\/06\/Pisma-sa-Kube-Havana-najs\u030careniji-biser-Kariba...-Mr.M-by-Marko-Tadic\u0301-mrmbymarkotadic21-300x185.jpg 300w, https:\/\/mrm-style.com\/sr\/wp-content\/uploads\/2023\/06\/Pisma-sa-Kube-Havana-najs\u030careniji-biser-Kariba...-Mr.M-by-Marko-Tadic\u0301-mrmbymarkotadic21-1024x631.jpg 1024w, https:\/\/mrm-style.com\/sr\/wp-content\/uploads\/2023\/06\/Pisma-sa-Kube-Havana-najs\u030careniji-biser-Kariba...-Mr.M-by-Marko-Tadic\u0301-mrmbymarkotadic21-768x473.jpg 768w, https:\/\/mrm-style.com\/sr\/wp-content\/uploads\/2023\/06\/Pisma-sa-Kube-Havana-najs\u030careniji-biser-Kariba...-Mr.M-by-Marko-Tadic\u0301-mrmbymarkotadic21-1536x946.jpg 1536w, https:\/\/mrm-style.com\/sr\/wp-content\/uploads\/2023\/06\/Pisma-sa-Kube-Havana-najs\u030careniji-biser-Kariba...-Mr.M-by-Marko-Tadic\u0301-mrmbymarkotadic21-2048x1262.jpg 2048w, https:\/\/mrm-style.com\/sr\/wp-content\/uploads\/2023\/06\/Pisma-sa-Kube-Havana-najs\u030careniji-biser-Kariba...-Mr.M-by-Marko-Tadic\u0301-mrmbymarkotadic21-1440x887.jpg 1440w, https:\/\/mrm-style.com\/sr\/wp-content\/uploads\/2023\/06\/Pisma-sa-Kube-Havana-najs\u030careniji-biser-Kariba...-Mr.M-by-Marko-Tadic\u0301-mrmbymarkotadic21-800x493.jpg 800w, https:\/\/mrm-style.com\/sr\/wp-content\/uploads\/2023\/06\/Pisma-sa-Kube-Havana-najs\u030careniji-biser-Kariba...-Mr.M-by-Marko-Tadic\u0301-mrmbymarkotadic21-550x339.jpg 550w, https:\/\/mrm-style.com\/sr\/wp-content\/uploads\/2023\/06\/Pisma-sa-Kube-Havana-najs\u030careniji-biser-Kariba...-Mr.M-by-Marko-Tadic\u0301-mrmbymarkotadic21-1920x1183.jpg 1920w, https:\/\/mrm-style.com\/sr\/wp-content\/uploads\/2023\/06\/Pisma-sa-Kube-Havana-najs\u030careniji-biser-Kariba...-Mr.M-by-Marko-Tadic\u0301-mrmbymarkotadic21-1753x1080.jpg 1753w, https:\/\/mrm-style.com\/sr\/wp-content\/uploads\/2023\/06\/Pisma-sa-Kube-Havana-najs\u030careniji-biser-Kariba...-Mr.M-by-Marko-Tadic\u0301-mrmbymarkotadic21-974x600.jpg 974w\" sizes=\"auto, (max-width: 2500px) 100vw, 2500px\" \/><\/a><\/figure>\n<\/div>\n\n<div class=\"wp-block-image\">\n<figure class=\"aligncenter size-full\"><a href=\"https:\/\/mrm-style.com\/sr\/wp-content\/uploads\/2023\/06\/Pisma-sa-Kube-Havana-najs\u030careniji-biser-Kariba...-Mr.M-by-Marko-Tadic\u0301-mrmbymarkotadic22.jpg\"><img loading=\"lazy\" decoding=\"async\" width=\"2400\" height=\"1600\" src=\"https:\/\/mrm-style.com\/sr\/wp-content\/uploads\/2023\/06\/Pisma-sa-Kube-Havana-najs\u030careniji-biser-Kariba...-Mr.M-by-Marko-Tadic\u0301-mrmbymarkotadic22.jpg\" alt=\"\" class=\"wp-image-11505\" srcset=\"https:\/\/mrm-style.com\/sr\/wp-content\/uploads\/2023\/06\/Pisma-sa-Kube-Havana-najs\u030careniji-biser-Kariba...-Mr.M-by-Marko-Tadic\u0301-mrmbymarkotadic22.jpg 2400w, https:\/\/mrm-style.com\/sr\/wp-content\/uploads\/2023\/06\/Pisma-sa-Kube-Havana-najs\u030careniji-biser-Kariba...-Mr.M-by-Marko-Tadic\u0301-mrmbymarkotadic22-300x200.jpg 300w, https:\/\/mrm-style.com\/sr\/wp-content\/uploads\/2023\/06\/Pisma-sa-Kube-Havana-najs\u030careniji-biser-Kariba...-Mr.M-by-Marko-Tadic\u0301-mrmbymarkotadic22-1024x683.jpg 1024w, https:\/\/mrm-style.com\/sr\/wp-content\/uploads\/2023\/06\/Pisma-sa-Kube-Havana-najs\u030careniji-biser-Kariba...-Mr.M-by-Marko-Tadic\u0301-mrmbymarkotadic22-768x512.jpg 768w, https:\/\/mrm-style.com\/sr\/wp-content\/uploads\/2023\/06\/Pisma-sa-Kube-Havana-najs\u030careniji-biser-Kariba...-Mr.M-by-Marko-Tadic\u0301-mrmbymarkotadic22-1536x1024.jpg 1536w, https:\/\/mrm-style.com\/sr\/wp-content\/uploads\/2023\/06\/Pisma-sa-Kube-Havana-najs\u030careniji-biser-Kariba...-Mr.M-by-Marko-Tadic\u0301-mrmbymarkotadic22-2048x1365.jpg 2048w, https:\/\/mrm-style.com\/sr\/wp-content\/uploads\/2023\/06\/Pisma-sa-Kube-Havana-najs\u030careniji-biser-Kariba...-Mr.M-by-Marko-Tadic\u0301-mrmbymarkotadic22-1440x960.jpg 1440w, https:\/\/mrm-style.com\/sr\/wp-content\/uploads\/2023\/06\/Pisma-sa-Kube-Havana-najs\u030careniji-biser-Kariba...-Mr.M-by-Marko-Tadic\u0301-mrmbymarkotadic22-800x533.jpg 800w, https:\/\/mrm-style.com\/sr\/wp-content\/uploads\/2023\/06\/Pisma-sa-Kube-Havana-najs\u030careniji-biser-Kariba...-Mr.M-by-Marko-Tadic\u0301-mrmbymarkotadic22-550x367.jpg 550w, https:\/\/mrm-style.com\/sr\/wp-content\/uploads\/2023\/06\/Pisma-sa-Kube-Havana-najs\u030careniji-biser-Kariba...-Mr.M-by-Marko-Tadic\u0301-mrmbymarkotadic22-1920x1280.jpg 1920w, https:\/\/mrm-style.com\/sr\/wp-content\/uploads\/2023\/06\/Pisma-sa-Kube-Havana-najs\u030careniji-biser-Kariba...-Mr.M-by-Marko-Tadic\u0301-mrmbymarkotadic22-1620x1080.jpg 1620w, https:\/\/mrm-style.com\/sr\/wp-content\/uploads\/2023\/06\/Pisma-sa-Kube-Havana-najs\u030careniji-biser-Kariba...-Mr.M-by-Marko-Tadic\u0301-mrmbymarkotadic22-900x600.jpg 900w\" sizes=\"auto, (max-width: 2400px) 100vw, 2400px\" \/><\/a><\/figure>\n<\/div>\n\n<div class=\"wp-block-image\">\n<figure class=\"aligncenter size-full\"><a href=\"https:\/\/mrm-style.com\/sr\/wp-content\/uploads\/2023\/06\/Pisma-sa-Kube-Havana-najs\u030careniji-biser-Kariba...-Mr.M-by-Marko-Tadic\u0301-mrmbymarkotadic23.jpg\"><img loading=\"lazy\" decoding=\"async\" width=\"2400\" height=\"1600\" src=\"https:\/\/mrm-style.com\/sr\/wp-content\/uploads\/2023\/06\/Pisma-sa-Kube-Havana-najs\u030careniji-biser-Kariba...-Mr.M-by-Marko-Tadic\u0301-mrmbymarkotadic23.jpg\" alt=\"\" class=\"wp-image-11506\" srcset=\"https:\/\/mrm-style.com\/sr\/wp-content\/uploads\/2023\/06\/Pisma-sa-Kube-Havana-najs\u030careniji-biser-Kariba...-Mr.M-by-Marko-Tadic\u0301-mrmbymarkotadic23.jpg 2400w, https:\/\/mrm-style.com\/sr\/wp-content\/uploads\/2023\/06\/Pisma-sa-Kube-Havana-najs\u030careniji-biser-Kariba...-Mr.M-by-Marko-Tadic\u0301-mrmbymarkotadic23-300x200.jpg 300w, https:\/\/mrm-style.com\/sr\/wp-content\/uploads\/2023\/06\/Pisma-sa-Kube-Havana-najs\u030careniji-biser-Kariba...-Mr.M-by-Marko-Tadic\u0301-mrmbymarkotadic23-1024x683.jpg 1024w, https:\/\/mrm-style.com\/sr\/wp-content\/uploads\/2023\/06\/Pisma-sa-Kube-Havana-najs\u030careniji-biser-Kariba...-Mr.M-by-Marko-Tadic\u0301-mrmbymarkotadic23-768x512.jpg 768w, https:\/\/mrm-style.com\/sr\/wp-content\/uploads\/2023\/06\/Pisma-sa-Kube-Havana-najs\u030careniji-biser-Kariba...-Mr.M-by-Marko-Tadic\u0301-mrmbymarkotadic23-1536x1024.jpg 1536w, https:\/\/mrm-style.com\/sr\/wp-content\/uploads\/2023\/06\/Pisma-sa-Kube-Havana-najs\u030careniji-biser-Kariba...-Mr.M-by-Marko-Tadic\u0301-mrmbymarkotadic23-2048x1365.jpg 2048w, https:\/\/mrm-style.com\/sr\/wp-content\/uploads\/2023\/06\/Pisma-sa-Kube-Havana-najs\u030careniji-biser-Kariba...-Mr.M-by-Marko-Tadic\u0301-mrmbymarkotadic23-1440x960.jpg 1440w, https:\/\/mrm-style.com\/sr\/wp-content\/uploads\/2023\/06\/Pisma-sa-Kube-Havana-najs\u030careniji-biser-Kariba...-Mr.M-by-Marko-Tadic\u0301-mrmbymarkotadic23-800x533.jpg 800w, https:\/\/mrm-style.com\/sr\/wp-content\/uploads\/2023\/06\/Pisma-sa-Kube-Havana-najs\u030careniji-biser-Kariba...-Mr.M-by-Marko-Tadic\u0301-mrmbymarkotadic23-550x367.jpg 550w, https:\/\/mrm-style.com\/sr\/wp-content\/uploads\/2023\/06\/Pisma-sa-Kube-Havana-najs\u030careniji-biser-Kariba...-Mr.M-by-Marko-Tadic\u0301-mrmbymarkotadic23-1920x1280.jpg 1920w, https:\/\/mrm-style.com\/sr\/wp-content\/uploads\/2023\/06\/Pisma-sa-Kube-Havana-najs\u030careniji-biser-Kariba...-Mr.M-by-Marko-Tadic\u0301-mrmbymarkotadic23-1620x1080.jpg 1620w, https:\/\/mrm-style.com\/sr\/wp-content\/uploads\/2023\/06\/Pisma-sa-Kube-Havana-najs\u030careniji-biser-Kariba...-Mr.M-by-Marko-Tadic\u0301-mrmbymarkotadic23-900x600.jpg 900w\" sizes=\"auto, (max-width: 2400px) 100vw, 2400px\" \/><\/a><\/figure>\n<\/div>\n\n<div class=\"wp-block-image\">\n<figure class=\"aligncenter size-full\"><a href=\"https:\/\/mrm-style.com\/sr\/wp-content\/uploads\/2023\/06\/Pisma-sa-Kube-Havana-najs\u030careniji-biser-Kariba...-Mr.M-by-Marko-Tadic\u0301-mrmbymarkotadic25.jpg\"><img loading=\"lazy\" decoding=\"async\" width=\"2400\" height=\"1600\" src=\"https:\/\/mrm-style.com\/sr\/wp-content\/uploads\/2023\/06\/Pisma-sa-Kube-Havana-najs\u030careniji-biser-Kariba...-Mr.M-by-Marko-Tadic\u0301-mrmbymarkotadic25.jpg\" alt=\"\" class=\"wp-image-11508\" srcset=\"https:\/\/mrm-style.com\/sr\/wp-content\/uploads\/2023\/06\/Pisma-sa-Kube-Havana-najs\u030careniji-biser-Kariba...-Mr.M-by-Marko-Tadic\u0301-mrmbymarkotadic25.jpg 2400w, https:\/\/mrm-style.com\/sr\/wp-content\/uploads\/2023\/06\/Pisma-sa-Kube-Havana-najs\u030careniji-biser-Kariba...-Mr.M-by-Marko-Tadic\u0301-mrmbymarkotadic25-300x200.jpg 300w, https:\/\/mrm-style.com\/sr\/wp-content\/uploads\/2023\/06\/Pisma-sa-Kube-Havana-najs\u030careniji-biser-Kariba...-Mr.M-by-Marko-Tadic\u0301-mrmbymarkotadic25-1024x683.jpg 1024w, https:\/\/mrm-style.com\/sr\/wp-content\/uploads\/2023\/06\/Pisma-sa-Kube-Havana-najs\u030careniji-biser-Kariba...-Mr.M-by-Marko-Tadic\u0301-mrmbymarkotadic25-768x512.jpg 768w, https:\/\/mrm-style.com\/sr\/wp-content\/uploads\/2023\/06\/Pisma-sa-Kube-Havana-najs\u030careniji-biser-Kariba...-Mr.M-by-Marko-Tadic\u0301-mrmbymarkotadic25-1536x1024.jpg 1536w, https:\/\/mrm-style.com\/sr\/wp-content\/uploads\/2023\/06\/Pisma-sa-Kube-Havana-najs\u030careniji-biser-Kariba...-Mr.M-by-Marko-Tadic\u0301-mrmbymarkotadic25-2048x1365.jpg 2048w, https:\/\/mrm-style.com\/sr\/wp-content\/uploads\/2023\/06\/Pisma-sa-Kube-Havana-najs\u030careniji-biser-Kariba...-Mr.M-by-Marko-Tadic\u0301-mrmbymarkotadic25-1440x960.jpg 1440w, https:\/\/mrm-style.com\/sr\/wp-content\/uploads\/2023\/06\/Pisma-sa-Kube-Havana-najs\u030careniji-biser-Kariba...-Mr.M-by-Marko-Tadic\u0301-mrmbymarkotadic25-800x533.jpg 800w, https:\/\/mrm-style.com\/sr\/wp-content\/uploads\/2023\/06\/Pisma-sa-Kube-Havana-najs\u030careniji-biser-Kariba...-Mr.M-by-Marko-Tadic\u0301-mrmbymarkotadic25-550x367.jpg 550w, https:\/\/mrm-style.com\/sr\/wp-content\/uploads\/2023\/06\/Pisma-sa-Kube-Havana-najs\u030careniji-biser-Kariba...-Mr.M-by-Marko-Tadic\u0301-mrmbymarkotadic25-1920x1280.jpg 1920w, https:\/\/mrm-style.com\/sr\/wp-content\/uploads\/2023\/06\/Pisma-sa-Kube-Havana-najs\u030careniji-biser-Kariba...-Mr.M-by-Marko-Tadic\u0301-mrmbymarkotadic25-1620x1080.jpg 1620w, https:\/\/mrm-style.com\/sr\/wp-content\/uploads\/2023\/06\/Pisma-sa-Kube-Havana-najs\u030careniji-biser-Kariba...-Mr.M-by-Marko-Tadic\u0301-mrmbymarkotadic25-900x600.jpg 900w\" sizes=\"auto, (max-width: 2400px) 100vw, 2400px\" \/><\/a><\/figure>\n<\/div>\n\n\n<p>Plaza de la Revolucion &#8211; \u201eTrg revolucije\u201c, je op\u0161tina i trg u Havani na Kubi. Op\u0161tina, jedna od 15 koje formiraju grad, prote\u017ee se od trga do mora na Malekon i obuhvata okrug Vedado. Lokacija spomenika dogovorena je prema mi\u0161ljenju Fulhencija Batiste u Loma de Los Catalanes, uzimaju\u0107i u obzir studije urbanizacije arhitekte Jean-Claude Nicolas Forestier-a iz 1926. godine koje su ukazivale na lokaciju kao idealno za ve\u0107i grad. Avenije su bile zami\u0161ljene tako da pove\u017eu Vedado sa Serom i Hesusom del Monteom, kako su planirali arhitekti Otero, Varela i Labatur. Bio bi kao centar sistema avenija i trgova, okru\u017een velikim javnim zgradama, kao \u0161to su Narodna biblioteka, razna ministarstva, muzej, \u0160kola likovnih umetnosti i dr. Upravo je to u\u010dinjeno da se izrodi \u010duveni Plaza \u010civica, \u0161to je njeno pravo ime.<\/p>\n\n\n<div class=\"wp-block-image\">\n<figure class=\"aligncenter size-full\"><a href=\"https:\/\/mrm-style.com\/sr\/wp-content\/uploads\/2023\/06\/Pisma-sa-Kube-Havana-najs\u030careniji-biser-Kariba...-Mr.M-by-Marko-Tadic\u0301-mrmbymarkotadic24.jpg\"><img loading=\"lazy\" decoding=\"async\" width=\"2400\" height=\"1600\" src=\"https:\/\/mrm-style.com\/sr\/wp-content\/uploads\/2023\/06\/Pisma-sa-Kube-Havana-najs\u030careniji-biser-Kariba...-Mr.M-by-Marko-Tadic\u0301-mrmbymarkotadic24.jpg\" alt=\"\" class=\"wp-image-11507\" srcset=\"https:\/\/mrm-style.com\/sr\/wp-content\/uploads\/2023\/06\/Pisma-sa-Kube-Havana-najs\u030careniji-biser-Kariba...-Mr.M-by-Marko-Tadic\u0301-mrmbymarkotadic24.jpg 2400w, https:\/\/mrm-style.com\/sr\/wp-content\/uploads\/2023\/06\/Pisma-sa-Kube-Havana-najs\u030careniji-biser-Kariba...-Mr.M-by-Marko-Tadic\u0301-mrmbymarkotadic24-300x200.jpg 300w, https:\/\/mrm-style.com\/sr\/wp-content\/uploads\/2023\/06\/Pisma-sa-Kube-Havana-najs\u030careniji-biser-Kariba...-Mr.M-by-Marko-Tadic\u0301-mrmbymarkotadic24-1024x683.jpg 1024w, https:\/\/mrm-style.com\/sr\/wp-content\/uploads\/2023\/06\/Pisma-sa-Kube-Havana-najs\u030careniji-biser-Kariba...-Mr.M-by-Marko-Tadic\u0301-mrmbymarkotadic24-768x512.jpg 768w, https:\/\/mrm-style.com\/sr\/wp-content\/uploads\/2023\/06\/Pisma-sa-Kube-Havana-najs\u030careniji-biser-Kariba...-Mr.M-by-Marko-Tadic\u0301-mrmbymarkotadic24-1536x1024.jpg 1536w, https:\/\/mrm-style.com\/sr\/wp-content\/uploads\/2023\/06\/Pisma-sa-Kube-Havana-najs\u030careniji-biser-Kariba...-Mr.M-by-Marko-Tadic\u0301-mrmbymarkotadic24-2048x1365.jpg 2048w, https:\/\/mrm-style.com\/sr\/wp-content\/uploads\/2023\/06\/Pisma-sa-Kube-Havana-najs\u030careniji-biser-Kariba...-Mr.M-by-Marko-Tadic\u0301-mrmbymarkotadic24-1440x960.jpg 1440w, https:\/\/mrm-style.com\/sr\/wp-content\/uploads\/2023\/06\/Pisma-sa-Kube-Havana-najs\u030careniji-biser-Kariba...-Mr.M-by-Marko-Tadic\u0301-mrmbymarkotadic24-800x533.jpg 800w, https:\/\/mrm-style.com\/sr\/wp-content\/uploads\/2023\/06\/Pisma-sa-Kube-Havana-najs\u030careniji-biser-Kariba...-Mr.M-by-Marko-Tadic\u0301-mrmbymarkotadic24-550x367.jpg 550w, https:\/\/mrm-style.com\/sr\/wp-content\/uploads\/2023\/06\/Pisma-sa-Kube-Havana-najs\u030careniji-biser-Kariba...-Mr.M-by-Marko-Tadic\u0301-mrmbymarkotadic24-1920x1280.jpg 1920w, https:\/\/mrm-style.com\/sr\/wp-content\/uploads\/2023\/06\/Pisma-sa-Kube-Havana-najs\u030careniji-biser-Kariba...-Mr.M-by-Marko-Tadic\u0301-mrmbymarkotadic24-1620x1080.jpg 1620w, https:\/\/mrm-style.com\/sr\/wp-content\/uploads\/2023\/06\/Pisma-sa-Kube-Havana-najs\u030careniji-biser-Kariba...-Mr.M-by-Marko-Tadic\u0301-mrmbymarkotadic24-900x600.jpg 900w\" sizes=\"auto, (max-width: 2400px) 100vw, 2400px\" \/><\/a><\/figure>\n<\/div>\n\n\n<p>Ovaj projekat je zami\u0161ljen kao deo talasa arhitektonskih i infrastrukturnih radova koje je sprovela vlada Fulhencija Batiste. Plaza Civica, kako se prvobitno zvala, izgra\u0111ena je tokom decenije 1950-ih i bila je deo starog i ambicioznog projekta koji je te\u017eio da Plaza Civica postane centar gradske saobra\u0107ajnice sa \u010detiri avenije koje bi povezivale glavne ta\u010dke grada. polaze\u0107i od njega. Trg i spomen obele\u017eje zavr\u0161eni su 1959. godine i prvobitno se zvao Plaza \u010civica. Lift omogu\u0107ava pristup vrhu spomenika na 109 m jednoj od najvi\u0161ih ta\u010daka u gradu.<\/p>\n\n\n<div class=\"wp-block-image\">\n<figure class=\"aligncenter size-full\"><a href=\"https:\/\/mrm-style.com\/sr\/wp-content\/uploads\/2023\/06\/Pisma-sa-Kube-Havana-najs\u030careniji-biser-Kariba...-Mr.M-by-Marko-Tadic\u0301-mrmbymarkotadic26.jpg\"><img loading=\"lazy\" decoding=\"async\" width=\"1600\" height=\"2400\" src=\"https:\/\/mrm-style.com\/sr\/wp-content\/uploads\/2023\/06\/Pisma-sa-Kube-Havana-najs\u030careniji-biser-Kariba...-Mr.M-by-Marko-Tadic\u0301-mrmbymarkotadic26.jpg\" alt=\"\" class=\"wp-image-11509\" srcset=\"https:\/\/mrm-style.com\/sr\/wp-content\/uploads\/2023\/06\/Pisma-sa-Kube-Havana-najs\u030careniji-biser-Kariba...-Mr.M-by-Marko-Tadic\u0301-mrmbymarkotadic26.jpg 1600w, https:\/\/mrm-style.com\/sr\/wp-content\/uploads\/2023\/06\/Pisma-sa-Kube-Havana-najs\u030careniji-biser-Kariba...-Mr.M-by-Marko-Tadic\u0301-mrmbymarkotadic26-200x300.jpg 200w, https:\/\/mrm-style.com\/sr\/wp-content\/uploads\/2023\/06\/Pisma-sa-Kube-Havana-najs\u030careniji-biser-Kariba...-Mr.M-by-Marko-Tadic\u0301-mrmbymarkotadic26-683x1024.jpg 683w, https:\/\/mrm-style.com\/sr\/wp-content\/uploads\/2023\/06\/Pisma-sa-Kube-Havana-najs\u030careniji-biser-Kariba...-Mr.M-by-Marko-Tadic\u0301-mrmbymarkotadic26-768x1152.jpg 768w, https:\/\/mrm-style.com\/sr\/wp-content\/uploads\/2023\/06\/Pisma-sa-Kube-Havana-najs\u030careniji-biser-Kariba...-Mr.M-by-Marko-Tadic\u0301-mrmbymarkotadic26-1024x1536.jpg 1024w, https:\/\/mrm-style.com\/sr\/wp-content\/uploads\/2023\/06\/Pisma-sa-Kube-Havana-najs\u030careniji-biser-Kariba...-Mr.M-by-Marko-Tadic\u0301-mrmbymarkotadic26-1365x2048.jpg 1365w, https:\/\/mrm-style.com\/sr\/wp-content\/uploads\/2023\/06\/Pisma-sa-Kube-Havana-najs\u030careniji-biser-Kariba...-Mr.M-by-Marko-Tadic\u0301-mrmbymarkotadic26-1440x2160.jpg 1440w, https:\/\/mrm-style.com\/sr\/wp-content\/uploads\/2023\/06\/Pisma-sa-Kube-Havana-najs\u030careniji-biser-Kariba...-Mr.M-by-Marko-Tadic\u0301-mrmbymarkotadic26-800x1200.jpg 800w, https:\/\/mrm-style.com\/sr\/wp-content\/uploads\/2023\/06\/Pisma-sa-Kube-Havana-najs\u030careniji-biser-Kariba...-Mr.M-by-Marko-Tadic\u0301-mrmbymarkotadic26-550x825.jpg 550w, https:\/\/mrm-style.com\/sr\/wp-content\/uploads\/2023\/06\/Pisma-sa-Kube-Havana-najs\u030careniji-biser-Kariba...-Mr.M-by-Marko-Tadic\u0301-mrmbymarkotadic26-720x1080.jpg 720w, https:\/\/mrm-style.com\/sr\/wp-content\/uploads\/2023\/06\/Pisma-sa-Kube-Havana-najs\u030careniji-biser-Kariba...-Mr.M-by-Marko-Tadic\u0301-mrmbymarkotadic26-400x600.jpg 400w\" sizes=\"auto, (max-width: 1600px) 100vw, 1600px\" \/><\/a><\/figure>\n<\/div>\n\n\n<p>Trg Revolucije je 60. najve\u0107i gradski trg na svetu, povr\u0161ine 72.000 kvadratnih metara. Trg je zna\u010dajan po tome \u0161to se odr\u017eavaju mnogi politi\u010dki skupovi, a Fidel Kastro i druge politi\u010dke li\u010dnosti se na ovom su se obra\u0107ali Kubancima. Fidel Kastro se obratio vi\u0161e od milion Kubanaca u mnogim va\u017enim prilikama, kao \u0161to su 1. maj i 26. jul svake godine. Papa Jovan Pavle II, tokom svoje prve posete pape 1998. godine i papa Franja 2015. godine, odr\u017eali su velike mise tamo tokom papskih poseta Kubi. Trgom dominira Memorijal Hozea Martija, koji ima kulu visoku 109 m i statuu od 18 m. <\/p>\n\n\n\n<p>Narodna biblioteka, mnoga vladina ministarstva i druge zgrade nalaze se oko samog trga. Iza spomenika se nalazi Palata revolucije, sedi\u0161te kubanske vlade i Komunisti\u010dke partije. Nasuprot spomenika su kancelarije ministarstava unutra\u0161njih poslova i komunikacija, na \u010dijim se fasadama nalaze odgovaraju\u0107i \u010deli\u010dni spomen-obele\u017eja dvojici najva\u017enijih preminulih heroja Kubanske revolucije: \u010ce Gevari, sa citatom \u201eHasta la Victoria Siempre\u201c (Uvek napred do pobede) i Kamilo Sjenfuegos sa citatom \u201eVas bien, Fidel\u201c (Dobro ti ide, Fidel). Tako\u0111e je mesto nekoliko kulturnih institucija.<\/p>\n\n\n<div class=\"wp-block-image\">\n<figure class=\"aligncenter size-full\"><a href=\"https:\/\/mrm-style.com\/sr\/wp-content\/uploads\/2023\/06\/Pisma-sa-Kube-Havana-najs\u030careniji-biser-Kariba...-Mr.M-by-Marko-Tadic\u0301-mrmbymarkotadic16.jpg\"><img loading=\"lazy\" decoding=\"async\" width=\"2400\" height=\"1600\" src=\"https:\/\/mrm-style.com\/sr\/wp-content\/uploads\/2023\/06\/Pisma-sa-Kube-Havana-najs\u030careniji-biser-Kariba...-Mr.M-by-Marko-Tadic\u0301-mrmbymarkotadic16.jpg\" alt=\"\" class=\"wp-image-11499\" srcset=\"https:\/\/mrm-style.com\/sr\/wp-content\/uploads\/2023\/06\/Pisma-sa-Kube-Havana-najs\u030careniji-biser-Kariba...-Mr.M-by-Marko-Tadic\u0301-mrmbymarkotadic16.jpg 2400w, https:\/\/mrm-style.com\/sr\/wp-content\/uploads\/2023\/06\/Pisma-sa-Kube-Havana-najs\u030careniji-biser-Kariba...-Mr.M-by-Marko-Tadic\u0301-mrmbymarkotadic16-300x200.jpg 300w, https:\/\/mrm-style.com\/sr\/wp-content\/uploads\/2023\/06\/Pisma-sa-Kube-Havana-najs\u030careniji-biser-Kariba...-Mr.M-by-Marko-Tadic\u0301-mrmbymarkotadic16-1024x683.jpg 1024w, https:\/\/mrm-style.com\/sr\/wp-content\/uploads\/2023\/06\/Pisma-sa-Kube-Havana-najs\u030careniji-biser-Kariba...-Mr.M-by-Marko-Tadic\u0301-mrmbymarkotadic16-768x512.jpg 768w, https:\/\/mrm-style.com\/sr\/wp-content\/uploads\/2023\/06\/Pisma-sa-Kube-Havana-najs\u030careniji-biser-Kariba...-Mr.M-by-Marko-Tadic\u0301-mrmbymarkotadic16-1536x1024.jpg 1536w, https:\/\/mrm-style.com\/sr\/wp-content\/uploads\/2023\/06\/Pisma-sa-Kube-Havana-najs\u030careniji-biser-Kariba...-Mr.M-by-Marko-Tadic\u0301-mrmbymarkotadic16-2048x1365.jpg 2048w, https:\/\/mrm-style.com\/sr\/wp-content\/uploads\/2023\/06\/Pisma-sa-Kube-Havana-najs\u030careniji-biser-Kariba...-Mr.M-by-Marko-Tadic\u0301-mrmbymarkotadic16-1440x960.jpg 1440w, https:\/\/mrm-style.com\/sr\/wp-content\/uploads\/2023\/06\/Pisma-sa-Kube-Havana-najs\u030careniji-biser-Kariba...-Mr.M-by-Marko-Tadic\u0301-mrmbymarkotadic16-800x533.jpg 800w, https:\/\/mrm-style.com\/sr\/wp-content\/uploads\/2023\/06\/Pisma-sa-Kube-Havana-najs\u030careniji-biser-Kariba...-Mr.M-by-Marko-Tadic\u0301-mrmbymarkotadic16-550x367.jpg 550w, https:\/\/mrm-style.com\/sr\/wp-content\/uploads\/2023\/06\/Pisma-sa-Kube-Havana-najs\u030careniji-biser-Kariba...-Mr.M-by-Marko-Tadic\u0301-mrmbymarkotadic16-1920x1280.jpg 1920w, https:\/\/mrm-style.com\/sr\/wp-content\/uploads\/2023\/06\/Pisma-sa-Kube-Havana-najs\u030careniji-biser-Kariba...-Mr.M-by-Marko-Tadic\u0301-mrmbymarkotadic16-1620x1080.jpg 1620w, https:\/\/mrm-style.com\/sr\/wp-content\/uploads\/2023\/06\/Pisma-sa-Kube-Havana-najs\u030careniji-biser-Kariba...-Mr.M-by-Marko-Tadic\u0301-mrmbymarkotadic16-900x600.jpg 900w\" sizes=\"auto, (max-width: 2400px) 100vw, 2400px\" \/><\/a><\/figure>\n<\/div>\n\n<div class=\"wp-block-image\">\n<figure class=\"aligncenter size-full\"><a href=\"https:\/\/mrm-style.com\/sr\/wp-content\/uploads\/2023\/06\/Pisma-sa-Kube-Havana-najs\u030careniji-biser-Kariba...-Mr.M-by-Marko-Tadic\u0301-mrmbymarkotadic13.jpg\"><img loading=\"lazy\" decoding=\"async\" width=\"2400\" height=\"1600\" src=\"https:\/\/mrm-style.com\/sr\/wp-content\/uploads\/2023\/06\/Pisma-sa-Kube-Havana-najs\u030careniji-biser-Kariba...-Mr.M-by-Marko-Tadic\u0301-mrmbymarkotadic13.jpg\" alt=\"\" class=\"wp-image-11496\" srcset=\"https:\/\/mrm-style.com\/sr\/wp-content\/uploads\/2023\/06\/Pisma-sa-Kube-Havana-najs\u030careniji-biser-Kariba...-Mr.M-by-Marko-Tadic\u0301-mrmbymarkotadic13.jpg 2400w, https:\/\/mrm-style.com\/sr\/wp-content\/uploads\/2023\/06\/Pisma-sa-Kube-Havana-najs\u030careniji-biser-Kariba...-Mr.M-by-Marko-Tadic\u0301-mrmbymarkotadic13-300x200.jpg 300w, https:\/\/mrm-style.com\/sr\/wp-content\/uploads\/2023\/06\/Pisma-sa-Kube-Havana-najs\u030careniji-biser-Kariba...-Mr.M-by-Marko-Tadic\u0301-mrmbymarkotadic13-1024x683.jpg 1024w, https:\/\/mrm-style.com\/sr\/wp-content\/uploads\/2023\/06\/Pisma-sa-Kube-Havana-najs\u030careniji-biser-Kariba...-Mr.M-by-Marko-Tadic\u0301-mrmbymarkotadic13-768x512.jpg 768w, https:\/\/mrm-style.com\/sr\/wp-content\/uploads\/2023\/06\/Pisma-sa-Kube-Havana-najs\u030careniji-biser-Kariba...-Mr.M-by-Marko-Tadic\u0301-mrmbymarkotadic13-1536x1024.jpg 1536w, https:\/\/mrm-style.com\/sr\/wp-content\/uploads\/2023\/06\/Pisma-sa-Kube-Havana-najs\u030careniji-biser-Kariba...-Mr.M-by-Marko-Tadic\u0301-mrmbymarkotadic13-2048x1365.jpg 2048w, https:\/\/mrm-style.com\/sr\/wp-content\/uploads\/2023\/06\/Pisma-sa-Kube-Havana-najs\u030careniji-biser-Kariba...-Mr.M-by-Marko-Tadic\u0301-mrmbymarkotadic13-1440x960.jpg 1440w, https:\/\/mrm-style.com\/sr\/wp-content\/uploads\/2023\/06\/Pisma-sa-Kube-Havana-najs\u030careniji-biser-Kariba...-Mr.M-by-Marko-Tadic\u0301-mrmbymarkotadic13-800x533.jpg 800w, https:\/\/mrm-style.com\/sr\/wp-content\/uploads\/2023\/06\/Pisma-sa-Kube-Havana-najs\u030careniji-biser-Kariba...-Mr.M-by-Marko-Tadic\u0301-mrmbymarkotadic13-550x367.jpg 550w, https:\/\/mrm-style.com\/sr\/wp-content\/uploads\/2023\/06\/Pisma-sa-Kube-Havana-najs\u030careniji-biser-Kariba...-Mr.M-by-Marko-Tadic\u0301-mrmbymarkotadic13-1920x1280.jpg 1920w, https:\/\/mrm-style.com\/sr\/wp-content\/uploads\/2023\/06\/Pisma-sa-Kube-Havana-najs\u030careniji-biser-Kariba...-Mr.M-by-Marko-Tadic\u0301-mrmbymarkotadic13-1620x1080.jpg 1620w, https:\/\/mrm-style.com\/sr\/wp-content\/uploads\/2023\/06\/Pisma-sa-Kube-Havana-najs\u030careniji-biser-Kariba...-Mr.M-by-Marko-Tadic\u0301-mrmbymarkotadic13-900x600.jpg 900w\" sizes=\"auto, (max-width: 2400px) 100vw, 2400px\" \/><\/a><\/figure>\n<\/div>\n\n\n<p>Hotel Nacional de Cuba je istorijski hotel u \u0161panskom eklekti\u010dnom stilu u Havani, na Kubi, otvoren 1930. godine. Sme\u0161ten na obali mora u \u010detvrti Vedado, nalazi se na brdu Taganana, pru\u017eaju\u0107i fantasti\u010dan pogled na more i grad. Progla\u0161en je nacionalnim spomenikom i dodeljen mu je status se\u0107anja sveta na nacionalnom nivou koji mu je dodelila Organizacija Ujedinjenih nacija za obrazovanje, nauku i kulturu (UNESCO). <\/p>\n\n\n\n<p>U ba\u0161ti hotela jo\u0161 uvek se mogu videti dva topa baterije Santa Klara koji su pripadali odbrambenom sistemu Havane na kraju \u0161panskog kolonijalnog perioda, a sada su zajedno sa Starom Havanom uvr\u0161teni na Uneskovu listu sveta Mesta ba\u0161tine. <\/p>\n\n\n<div class=\"wp-block-image\">\n<figure class=\"aligncenter size-full\"><a href=\"https:\/\/mrm-style.com\/sr\/wp-content\/uploads\/2023\/06\/Pisma-sa-Kube-Havana-najs\u030careniji-biser-Kariba...-Mr.M-by-Marko-Tadic\u0301-mrmbymarkotadic27.jpg\"><img loading=\"lazy\" decoding=\"async\" width=\"2400\" height=\"1600\" src=\"https:\/\/mrm-style.com\/sr\/wp-content\/uploads\/2023\/06\/Pisma-sa-Kube-Havana-najs\u030careniji-biser-Kariba...-Mr.M-by-Marko-Tadic\u0301-mrmbymarkotadic27.jpg\" alt=\"\" class=\"wp-image-11510\" srcset=\"https:\/\/mrm-style.com\/sr\/wp-content\/uploads\/2023\/06\/Pisma-sa-Kube-Havana-najs\u030careniji-biser-Kariba...-Mr.M-by-Marko-Tadic\u0301-mrmbymarkotadic27.jpg 2400w, https:\/\/mrm-style.com\/sr\/wp-content\/uploads\/2023\/06\/Pisma-sa-Kube-Havana-najs\u030careniji-biser-Kariba...-Mr.M-by-Marko-Tadic\u0301-mrmbymarkotadic27-300x200.jpg 300w, https:\/\/mrm-style.com\/sr\/wp-content\/uploads\/2023\/06\/Pisma-sa-Kube-Havana-najs\u030careniji-biser-Kariba...-Mr.M-by-Marko-Tadic\u0301-mrmbymarkotadic27-1024x683.jpg 1024w, https:\/\/mrm-style.com\/sr\/wp-content\/uploads\/2023\/06\/Pisma-sa-Kube-Havana-najs\u030careniji-biser-Kariba...-Mr.M-by-Marko-Tadic\u0301-mrmbymarkotadic27-768x512.jpg 768w, https:\/\/mrm-style.com\/sr\/wp-content\/uploads\/2023\/06\/Pisma-sa-Kube-Havana-najs\u030careniji-biser-Kariba...-Mr.M-by-Marko-Tadic\u0301-mrmbymarkotadic27-1536x1024.jpg 1536w, https:\/\/mrm-style.com\/sr\/wp-content\/uploads\/2023\/06\/Pisma-sa-Kube-Havana-najs\u030careniji-biser-Kariba...-Mr.M-by-Marko-Tadic\u0301-mrmbymarkotadic27-2048x1365.jpg 2048w, https:\/\/mrm-style.com\/sr\/wp-content\/uploads\/2023\/06\/Pisma-sa-Kube-Havana-najs\u030careniji-biser-Kariba...-Mr.M-by-Marko-Tadic\u0301-mrmbymarkotadic27-1440x960.jpg 1440w, https:\/\/mrm-style.com\/sr\/wp-content\/uploads\/2023\/06\/Pisma-sa-Kube-Havana-najs\u030careniji-biser-Kariba...-Mr.M-by-Marko-Tadic\u0301-mrmbymarkotadic27-800x533.jpg 800w, https:\/\/mrm-style.com\/sr\/wp-content\/uploads\/2023\/06\/Pisma-sa-Kube-Havana-najs\u030careniji-biser-Kariba...-Mr.M-by-Marko-Tadic\u0301-mrmbymarkotadic27-550x367.jpg 550w, https:\/\/mrm-style.com\/sr\/wp-content\/uploads\/2023\/06\/Pisma-sa-Kube-Havana-najs\u030careniji-biser-Kariba...-Mr.M-by-Marko-Tadic\u0301-mrmbymarkotadic27-1920x1280.jpg 1920w, https:\/\/mrm-style.com\/sr\/wp-content\/uploads\/2023\/06\/Pisma-sa-Kube-Havana-najs\u030careniji-biser-Kariba...-Mr.M-by-Marko-Tadic\u0301-mrmbymarkotadic27-1620x1080.jpg 1620w, https:\/\/mrm-style.com\/sr\/wp-content\/uploads\/2023\/06\/Pisma-sa-Kube-Havana-najs\u030careniji-biser-Kariba...-Mr.M-by-Marko-Tadic\u0301-mrmbymarkotadic27-900x600.jpg 900w\" sizes=\"auto, (max-width: 2400px) 100vw, 2400px\" \/><\/a><\/figure>\n<\/div>\n\n<div class=\"wp-block-image\">\n<figure class=\"aligncenter size-full\"><a href=\"https:\/\/mrm-style.com\/sr\/wp-content\/uploads\/2023\/06\/Pisma-sa-Kube-Havana-najs\u030careniji-biser-Kariba...-Mr.M-by-Marko-Tadic\u0301-mrmbymarkotadic28.jpg\"><img loading=\"lazy\" decoding=\"async\" width=\"2400\" height=\"1600\" src=\"https:\/\/mrm-style.com\/sr\/wp-content\/uploads\/2023\/06\/Pisma-sa-Kube-Havana-najs\u030careniji-biser-Kariba...-Mr.M-by-Marko-Tadic\u0301-mrmbymarkotadic28.jpg\" alt=\"\" class=\"wp-image-11511\" srcset=\"https:\/\/mrm-style.com\/sr\/wp-content\/uploads\/2023\/06\/Pisma-sa-Kube-Havana-najs\u030careniji-biser-Kariba...-Mr.M-by-Marko-Tadic\u0301-mrmbymarkotadic28.jpg 2400w, https:\/\/mrm-style.com\/sr\/wp-content\/uploads\/2023\/06\/Pisma-sa-Kube-Havana-najs\u030careniji-biser-Kariba...-Mr.M-by-Marko-Tadic\u0301-mrmbymarkotadic28-300x200.jpg 300w, https:\/\/mrm-style.com\/sr\/wp-content\/uploads\/2023\/06\/Pisma-sa-Kube-Havana-najs\u030careniji-biser-Kariba...-Mr.M-by-Marko-Tadic\u0301-mrmbymarkotadic28-1024x683.jpg 1024w, https:\/\/mrm-style.com\/sr\/wp-content\/uploads\/2023\/06\/Pisma-sa-Kube-Havana-najs\u030careniji-biser-Kariba...-Mr.M-by-Marko-Tadic\u0301-mrmbymarkotadic28-768x512.jpg 768w, https:\/\/mrm-style.com\/sr\/wp-content\/uploads\/2023\/06\/Pisma-sa-Kube-Havana-najs\u030careniji-biser-Kariba...-Mr.M-by-Marko-Tadic\u0301-mrmbymarkotadic28-1536x1024.jpg 1536w, https:\/\/mrm-style.com\/sr\/wp-content\/uploads\/2023\/06\/Pisma-sa-Kube-Havana-najs\u030careniji-biser-Kariba...-Mr.M-by-Marko-Tadic\u0301-mrmbymarkotadic28-2048x1365.jpg 2048w, https:\/\/mrm-style.com\/sr\/wp-content\/uploads\/2023\/06\/Pisma-sa-Kube-Havana-najs\u030careniji-biser-Kariba...-Mr.M-by-Marko-Tadic\u0301-mrmbymarkotadic28-1440x960.jpg 1440w, https:\/\/mrm-style.com\/sr\/wp-content\/uploads\/2023\/06\/Pisma-sa-Kube-Havana-najs\u030careniji-biser-Kariba...-Mr.M-by-Marko-Tadic\u0301-mrmbymarkotadic28-800x533.jpg 800w, https:\/\/mrm-style.com\/sr\/wp-content\/uploads\/2023\/06\/Pisma-sa-Kube-Havana-najs\u030careniji-biser-Kariba...-Mr.M-by-Marko-Tadic\u0301-mrmbymarkotadic28-550x367.jpg 550w, https:\/\/mrm-style.com\/sr\/wp-content\/uploads\/2023\/06\/Pisma-sa-Kube-Havana-najs\u030careniji-biser-Kariba...-Mr.M-by-Marko-Tadic\u0301-mrmbymarkotadic28-1920x1280.jpg 1920w, https:\/\/mrm-style.com\/sr\/wp-content\/uploads\/2023\/06\/Pisma-sa-Kube-Havana-najs\u030careniji-biser-Kariba...-Mr.M-by-Marko-Tadic\u0301-mrmbymarkotadic28-1620x1080.jpg 1620w, https:\/\/mrm-style.com\/sr\/wp-content\/uploads\/2023\/06\/Pisma-sa-Kube-Havana-najs\u030careniji-biser-Kariba...-Mr.M-by-Marko-Tadic\u0301-mrmbymarkotadic28-900x600.jpg 900w\" sizes=\"auto, (max-width: 2400px) 100vw, 2400px\" \/><\/a><\/figure>\n<\/div>\n\n\n<p>U svoje 92 godine veli\u010danstveni Hotel Nacional de Cuba bio je svedok nekih od najva\u017enijih doga\u0111aja u istoriji Kube koji povezuju republikansku i revolucionarnu etapu, a ima i dugu listu poznatih gostiju, me\u0111u kojima su Geri Kuper, D\u017eoni Vajsmuler, Baster Kiton, Erol Flin, vojvode od Vindzora i Hoze Raul Kapablanka 1930-ih, Fred Aster, Rita Hejvort, Vinston \u010cer\u010dil, kao i italijansko-ameri\u010dki mafija\u0161ki bosovi i meksi\u010dke filmske zvezde poput Marije Feliks, Horhe Negrete i Agustin Lara 1940-ih i Marlon Brando, Frenk Sinatra, Ava Gardner, Net King Kol i Volt Dizni 1950-ih, Jurij Gagarin, Gabrijel Garsija Markes, \u017dan-Pol Sartr i njegova supruga, Fidel Kastro i Ernesto \u201e\u010ce\u201d Gevara 1960-ih. <\/p>\n\n\n<div class=\"wp-block-image\">\n<figure class=\"aligncenter size-full\"><a href=\"https:\/\/mrm-style.com\/sr\/wp-content\/uploads\/2023\/06\/Pisma-sa-Kube-Havana-najs\u030careniji-biser-Kariba...-Mr.M-by-Marko-Tadic\u0301-mrmbymarkotadic29.jpg\"><img loading=\"lazy\" decoding=\"async\" width=\"2400\" height=\"1600\" src=\"https:\/\/mrm-style.com\/sr\/wp-content\/uploads\/2023\/06\/Pisma-sa-Kube-Havana-najs\u030careniji-biser-Kariba...-Mr.M-by-Marko-Tadic\u0301-mrmbymarkotadic29.jpg\" alt=\"\" class=\"wp-image-11512\" srcset=\"https:\/\/mrm-style.com\/sr\/wp-content\/uploads\/2023\/06\/Pisma-sa-Kube-Havana-najs\u030careniji-biser-Kariba...-Mr.M-by-Marko-Tadic\u0301-mrmbymarkotadic29.jpg 2400w, https:\/\/mrm-style.com\/sr\/wp-content\/uploads\/2023\/06\/Pisma-sa-Kube-Havana-najs\u030careniji-biser-Kariba...-Mr.M-by-Marko-Tadic\u0301-mrmbymarkotadic29-300x200.jpg 300w, https:\/\/mrm-style.com\/sr\/wp-content\/uploads\/2023\/06\/Pisma-sa-Kube-Havana-najs\u030careniji-biser-Kariba...-Mr.M-by-Marko-Tadic\u0301-mrmbymarkotadic29-1024x683.jpg 1024w, https:\/\/mrm-style.com\/sr\/wp-content\/uploads\/2023\/06\/Pisma-sa-Kube-Havana-najs\u030careniji-biser-Kariba...-Mr.M-by-Marko-Tadic\u0301-mrmbymarkotadic29-768x512.jpg 768w, https:\/\/mrm-style.com\/sr\/wp-content\/uploads\/2023\/06\/Pisma-sa-Kube-Havana-najs\u030careniji-biser-Kariba...-Mr.M-by-Marko-Tadic\u0301-mrmbymarkotadic29-1536x1024.jpg 1536w, https:\/\/mrm-style.com\/sr\/wp-content\/uploads\/2023\/06\/Pisma-sa-Kube-Havana-najs\u030careniji-biser-Kariba...-Mr.M-by-Marko-Tadic\u0301-mrmbymarkotadic29-2048x1365.jpg 2048w, https:\/\/mrm-style.com\/sr\/wp-content\/uploads\/2023\/06\/Pisma-sa-Kube-Havana-najs\u030careniji-biser-Kariba...-Mr.M-by-Marko-Tadic\u0301-mrmbymarkotadic29-1440x960.jpg 1440w, https:\/\/mrm-style.com\/sr\/wp-content\/uploads\/2023\/06\/Pisma-sa-Kube-Havana-najs\u030careniji-biser-Kariba...-Mr.M-by-Marko-Tadic\u0301-mrmbymarkotadic29-800x533.jpg 800w, https:\/\/mrm-style.com\/sr\/wp-content\/uploads\/2023\/06\/Pisma-sa-Kube-Havana-najs\u030careniji-biser-Kariba...-Mr.M-by-Marko-Tadic\u0301-mrmbymarkotadic29-550x367.jpg 550w, https:\/\/mrm-style.com\/sr\/wp-content\/uploads\/2023\/06\/Pisma-sa-Kube-Havana-najs\u030careniji-biser-Kariba...-Mr.M-by-Marko-Tadic\u0301-mrmbymarkotadic29-1920x1280.jpg 1920w, https:\/\/mrm-style.com\/sr\/wp-content\/uploads\/2023\/06\/Pisma-sa-Kube-Havana-najs\u030careniji-biser-Kariba...-Mr.M-by-Marko-Tadic\u0301-mrmbymarkotadic29-1620x1080.jpg 1620w, https:\/\/mrm-style.com\/sr\/wp-content\/uploads\/2023\/06\/Pisma-sa-Kube-Havana-najs\u030careniji-biser-Kariba...-Mr.M-by-Marko-Tadic\u0301-mrmbymarkotadic29-900x600.jpg 900w\" sizes=\"auto, (max-width: 2400px) 100vw, 2400px\" \/><\/a><\/figure>\n<\/div>\n\n<div class=\"wp-block-image\">\n<figure class=\"aligncenter size-full\"><a href=\"https:\/\/mrm-style.com\/sr\/wp-content\/uploads\/2023\/06\/Pisma-sa-Kube-Havana-najs\u030careniji-biser-Kariba...-Mr.M-by-Marko-Tadic\u0301-mrmbymarkotadic32.jpg\"><img loading=\"lazy\" decoding=\"async\" width=\"2400\" height=\"1600\" src=\"https:\/\/mrm-style.com\/sr\/wp-content\/uploads\/2023\/06\/Pisma-sa-Kube-Havana-najs\u030careniji-biser-Kariba...-Mr.M-by-Marko-Tadic\u0301-mrmbymarkotadic32.jpg\" alt=\"\" class=\"wp-image-11515\" srcset=\"https:\/\/mrm-style.com\/sr\/wp-content\/uploads\/2023\/06\/Pisma-sa-Kube-Havana-najs\u030careniji-biser-Kariba...-Mr.M-by-Marko-Tadic\u0301-mrmbymarkotadic32.jpg 2400w, https:\/\/mrm-style.com\/sr\/wp-content\/uploads\/2023\/06\/Pisma-sa-Kube-Havana-najs\u030careniji-biser-Kariba...-Mr.M-by-Marko-Tadic\u0301-mrmbymarkotadic32-300x200.jpg 300w, https:\/\/mrm-style.com\/sr\/wp-content\/uploads\/2023\/06\/Pisma-sa-Kube-Havana-najs\u030careniji-biser-Kariba...-Mr.M-by-Marko-Tadic\u0301-mrmbymarkotadic32-1024x683.jpg 1024w, https:\/\/mrm-style.com\/sr\/wp-content\/uploads\/2023\/06\/Pisma-sa-Kube-Havana-najs\u030careniji-biser-Kariba...-Mr.M-by-Marko-Tadic\u0301-mrmbymarkotadic32-768x512.jpg 768w, https:\/\/mrm-style.com\/sr\/wp-content\/uploads\/2023\/06\/Pisma-sa-Kube-Havana-najs\u030careniji-biser-Kariba...-Mr.M-by-Marko-Tadic\u0301-mrmbymarkotadic32-1536x1024.jpg 1536w, https:\/\/mrm-style.com\/sr\/wp-content\/uploads\/2023\/06\/Pisma-sa-Kube-Havana-najs\u030careniji-biser-Kariba...-Mr.M-by-Marko-Tadic\u0301-mrmbymarkotadic32-2048x1365.jpg 2048w, https:\/\/mrm-style.com\/sr\/wp-content\/uploads\/2023\/06\/Pisma-sa-Kube-Havana-najs\u030careniji-biser-Kariba...-Mr.M-by-Marko-Tadic\u0301-mrmbymarkotadic32-1440x960.jpg 1440w, https:\/\/mrm-style.com\/sr\/wp-content\/uploads\/2023\/06\/Pisma-sa-Kube-Havana-najs\u030careniji-biser-Kariba...-Mr.M-by-Marko-Tadic\u0301-mrmbymarkotadic32-800x533.jpg 800w, https:\/\/mrm-style.com\/sr\/wp-content\/uploads\/2023\/06\/Pisma-sa-Kube-Havana-najs\u030careniji-biser-Kariba...-Mr.M-by-Marko-Tadic\u0301-mrmbymarkotadic32-550x367.jpg 550w, https:\/\/mrm-style.com\/sr\/wp-content\/uploads\/2023\/06\/Pisma-sa-Kube-Havana-najs\u030careniji-biser-Kariba...-Mr.M-by-Marko-Tadic\u0301-mrmbymarkotadic32-1920x1280.jpg 1920w, https:\/\/mrm-style.com\/sr\/wp-content\/uploads\/2023\/06\/Pisma-sa-Kube-Havana-najs\u030careniji-biser-Kariba...-Mr.M-by-Marko-Tadic\u0301-mrmbymarkotadic32-1620x1080.jpg 1620w, https:\/\/mrm-style.com\/sr\/wp-content\/uploads\/2023\/06\/Pisma-sa-Kube-Havana-najs\u030careniji-biser-Kariba...-Mr.M-by-Marko-Tadic\u0301-mrmbymarkotadic32-900x600.jpg 900w\" sizes=\"auto, (max-width: 2400px) 100vw, 2400px\" \/><\/a><\/figure>\n<\/div>\n\n\n<p>Od 1979. godine do danas, bio je mesto odr\u017eavanja Me\u0111unarodnog festivala latinoameri\u010dkog filma, postaju\u0107i mesto susreta savremenih glumaca i filmskih stvaralaca kao \u0161to su Robert de Niro, Robert Redford, Frensis Ford Kopola, Deni Glover, Stiven Spilberg, Imanol Arijas, D\u017eeraldin \u010caplin, Kevin Kostner i Glorija Pires. Stotine poznatih li\u010dnosti, a me\u0111u njima i vi\u0161e od 100 \u0161efova dr\u017eava, bili su gosti hotela, njihove fotografije, kao i istorijski objekti izlo\u017eeni su u Ku\u0107i slavnih, mestu koje morate videti kada ste u glavnom gradu Kube.<\/p>\n\n\n<div class=\"wp-block-image\">\n<figure class=\"aligncenter size-full\"><a href=\"https:\/\/mrm-style.com\/sr\/wp-content\/uploads\/2023\/06\/Pisma-sa-Kube-Havana-najs\u030careniji-biser-Kariba...-Mr.M-by-Marko-Tadic\u0301-mrmbymarkotadic30.jpg\"><img loading=\"lazy\" decoding=\"async\" width=\"2400\" height=\"1600\" src=\"https:\/\/mrm-style.com\/sr\/wp-content\/uploads\/2023\/06\/Pisma-sa-Kube-Havana-najs\u030careniji-biser-Kariba...-Mr.M-by-Marko-Tadic\u0301-mrmbymarkotadic30.jpg\" alt=\"\" class=\"wp-image-11513\" srcset=\"https:\/\/mrm-style.com\/sr\/wp-content\/uploads\/2023\/06\/Pisma-sa-Kube-Havana-najs\u030careniji-biser-Kariba...-Mr.M-by-Marko-Tadic\u0301-mrmbymarkotadic30.jpg 2400w, https:\/\/mrm-style.com\/sr\/wp-content\/uploads\/2023\/06\/Pisma-sa-Kube-Havana-najs\u030careniji-biser-Kariba...-Mr.M-by-Marko-Tadic\u0301-mrmbymarkotadic30-300x200.jpg 300w, https:\/\/mrm-style.com\/sr\/wp-content\/uploads\/2023\/06\/Pisma-sa-Kube-Havana-najs\u030careniji-biser-Kariba...-Mr.M-by-Marko-Tadic\u0301-mrmbymarkotadic30-1024x683.jpg 1024w, https:\/\/mrm-style.com\/sr\/wp-content\/uploads\/2023\/06\/Pisma-sa-Kube-Havana-najs\u030careniji-biser-Kariba...-Mr.M-by-Marko-Tadic\u0301-mrmbymarkotadic30-768x512.jpg 768w, https:\/\/mrm-style.com\/sr\/wp-content\/uploads\/2023\/06\/Pisma-sa-Kube-Havana-najs\u030careniji-biser-Kariba...-Mr.M-by-Marko-Tadic\u0301-mrmbymarkotadic30-1536x1024.jpg 1536w, https:\/\/mrm-style.com\/sr\/wp-content\/uploads\/2023\/06\/Pisma-sa-Kube-Havana-najs\u030careniji-biser-Kariba...-Mr.M-by-Marko-Tadic\u0301-mrmbymarkotadic30-2048x1365.jpg 2048w, https:\/\/mrm-style.com\/sr\/wp-content\/uploads\/2023\/06\/Pisma-sa-Kube-Havana-najs\u030careniji-biser-Kariba...-Mr.M-by-Marko-Tadic\u0301-mrmbymarkotadic30-1440x960.jpg 1440w, https:\/\/mrm-style.com\/sr\/wp-content\/uploads\/2023\/06\/Pisma-sa-Kube-Havana-najs\u030careniji-biser-Kariba...-Mr.M-by-Marko-Tadic\u0301-mrmbymarkotadic30-800x533.jpg 800w, https:\/\/mrm-style.com\/sr\/wp-content\/uploads\/2023\/06\/Pisma-sa-Kube-Havana-najs\u030careniji-biser-Kariba...-Mr.M-by-Marko-Tadic\u0301-mrmbymarkotadic30-550x367.jpg 550w, https:\/\/mrm-style.com\/sr\/wp-content\/uploads\/2023\/06\/Pisma-sa-Kube-Havana-najs\u030careniji-biser-Kariba...-Mr.M-by-Marko-Tadic\u0301-mrmbymarkotadic30-1920x1280.jpg 1920w, https:\/\/mrm-style.com\/sr\/wp-content\/uploads\/2023\/06\/Pisma-sa-Kube-Havana-najs\u030careniji-biser-Kariba...-Mr.M-by-Marko-Tadic\u0301-mrmbymarkotadic30-1620x1080.jpg 1620w, https:\/\/mrm-style.com\/sr\/wp-content\/uploads\/2023\/06\/Pisma-sa-Kube-Havana-najs\u030careniji-biser-Kariba...-Mr.M-by-Marko-Tadic\u0301-mrmbymarkotadic30-900x600.jpg 900w\" sizes=\"auto, (max-width: 2400px) 100vw, 2400px\" \/><\/a><\/figure>\n<\/div>\n\n<div class=\"wp-block-image\">\n<figure class=\"aligncenter size-full\"><a href=\"https:\/\/mrm-style.com\/sr\/wp-content\/uploads\/2023\/06\/Pisma-sa-Kube-Havana-najs\u030careniji-biser-Kariba...-Mr.M-by-Marko-Tadic\u0301-mrmbymarkotadic31.jpg\"><img loading=\"lazy\" decoding=\"async\" width=\"2400\" height=\"1600\" src=\"https:\/\/mrm-style.com\/sr\/wp-content\/uploads\/2023\/06\/Pisma-sa-Kube-Havana-najs\u030careniji-biser-Kariba...-Mr.M-by-Marko-Tadic\u0301-mrmbymarkotadic31.jpg\" alt=\"\" class=\"wp-image-11514\" srcset=\"https:\/\/mrm-style.com\/sr\/wp-content\/uploads\/2023\/06\/Pisma-sa-Kube-Havana-najs\u030careniji-biser-Kariba...-Mr.M-by-Marko-Tadic\u0301-mrmbymarkotadic31.jpg 2400w, https:\/\/mrm-style.com\/sr\/wp-content\/uploads\/2023\/06\/Pisma-sa-Kube-Havana-najs\u030careniji-biser-Kariba...-Mr.M-by-Marko-Tadic\u0301-mrmbymarkotadic31-300x200.jpg 300w, https:\/\/mrm-style.com\/sr\/wp-content\/uploads\/2023\/06\/Pisma-sa-Kube-Havana-najs\u030careniji-biser-Kariba...-Mr.M-by-Marko-Tadic\u0301-mrmbymarkotadic31-1024x683.jpg 1024w, https:\/\/mrm-style.com\/sr\/wp-content\/uploads\/2023\/06\/Pisma-sa-Kube-Havana-najs\u030careniji-biser-Kariba...-Mr.M-by-Marko-Tadic\u0301-mrmbymarkotadic31-768x512.jpg 768w, https:\/\/mrm-style.com\/sr\/wp-content\/uploads\/2023\/06\/Pisma-sa-Kube-Havana-najs\u030careniji-biser-Kariba...-Mr.M-by-Marko-Tadic\u0301-mrmbymarkotadic31-1536x1024.jpg 1536w, https:\/\/mrm-style.com\/sr\/wp-content\/uploads\/2023\/06\/Pisma-sa-Kube-Havana-najs\u030careniji-biser-Kariba...-Mr.M-by-Marko-Tadic\u0301-mrmbymarkotadic31-2048x1365.jpg 2048w, https:\/\/mrm-style.com\/sr\/wp-content\/uploads\/2023\/06\/Pisma-sa-Kube-Havana-najs\u030careniji-biser-Kariba...-Mr.M-by-Marko-Tadic\u0301-mrmbymarkotadic31-1440x960.jpg 1440w, https:\/\/mrm-style.com\/sr\/wp-content\/uploads\/2023\/06\/Pisma-sa-Kube-Havana-najs\u030careniji-biser-Kariba...-Mr.M-by-Marko-Tadic\u0301-mrmbymarkotadic31-800x533.jpg 800w, https:\/\/mrm-style.com\/sr\/wp-content\/uploads\/2023\/06\/Pisma-sa-Kube-Havana-najs\u030careniji-biser-Kariba...-Mr.M-by-Marko-Tadic\u0301-mrmbymarkotadic31-550x367.jpg 550w, https:\/\/mrm-style.com\/sr\/wp-content\/uploads\/2023\/06\/Pisma-sa-Kube-Havana-najs\u030careniji-biser-Kariba...-Mr.M-by-Marko-Tadic\u0301-mrmbymarkotadic31-1920x1280.jpg 1920w, https:\/\/mrm-style.com\/sr\/wp-content\/uploads\/2023\/06\/Pisma-sa-Kube-Havana-najs\u030careniji-biser-Kariba...-Mr.M-by-Marko-Tadic\u0301-mrmbymarkotadic31-1620x1080.jpg 1620w, https:\/\/mrm-style.com\/sr\/wp-content\/uploads\/2023\/06\/Pisma-sa-Kube-Havana-najs\u030careniji-biser-Kariba...-Mr.M-by-Marko-Tadic\u0301-mrmbymarkotadic31-900x600.jpg 900w\" sizes=\"auto, (max-width: 2400px) 100vw, 2400px\" \/><\/a><\/figure>\n<\/div>\n\n\n<p>El Capitolio ili zgrada Nacionalnog kapitola (Capitolio Nacional de La Habana) je javna gra\u0111evina u srcu Havane. Zgradu je naru\u010dio kubanski predsednik Gerardo Ma\u010dado i gra\u0111ena je od 1926. do 1929. godine pod upravom Eugenija Rajnerija Piedre. Nalazi se na ulicama Paseo del Prado, Dragones, Industria i San Jose u samom centru Havane. Zgrada Kapitola Havane izgra\u0111ena je na zemlji\u0161tu koje je bilo \u017eelezni\u010dki terminal i nekada je pripadalo \u017eeleznici Viljanueva. Projekat je po\u010deo u aprilu 1926. godine, za vreme administracije Gerarda Ma\u010dada. Izgradnju je nadgledala ameri\u010dka firma Purdi and Henderson. <\/p>\n\n\n<div class=\"wp-block-image\">\n<figure class=\"aligncenter size-full\"><a href=\"https:\/\/mrm-style.com\/sr\/wp-content\/uploads\/2023\/06\/Pisma-sa-Kube-Havana-najs\u030careniji-biser-Kariba...-Mr.M-by-Marko-Tadic\u0301-mrmbymarkotadic59.jpg\"><img loading=\"lazy\" decoding=\"async\" width=\"2400\" height=\"1600\" src=\"https:\/\/mrm-style.com\/sr\/wp-content\/uploads\/2023\/06\/Pisma-sa-Kube-Havana-najs\u030careniji-biser-Kariba...-Mr.M-by-Marko-Tadic\u0301-mrmbymarkotadic59.jpg\" alt=\"\" class=\"wp-image-11541\" srcset=\"https:\/\/mrm-style.com\/sr\/wp-content\/uploads\/2023\/06\/Pisma-sa-Kube-Havana-najs\u030careniji-biser-Kariba...-Mr.M-by-Marko-Tadic\u0301-mrmbymarkotadic59.jpg 2400w, https:\/\/mrm-style.com\/sr\/wp-content\/uploads\/2023\/06\/Pisma-sa-Kube-Havana-najs\u030careniji-biser-Kariba...-Mr.M-by-Marko-Tadic\u0301-mrmbymarkotadic59-300x200.jpg 300w, https:\/\/mrm-style.com\/sr\/wp-content\/uploads\/2023\/06\/Pisma-sa-Kube-Havana-najs\u030careniji-biser-Kariba...-Mr.M-by-Marko-Tadic\u0301-mrmbymarkotadic59-1024x683.jpg 1024w, https:\/\/mrm-style.com\/sr\/wp-content\/uploads\/2023\/06\/Pisma-sa-Kube-Havana-najs\u030careniji-biser-Kariba...-Mr.M-by-Marko-Tadic\u0301-mrmbymarkotadic59-768x512.jpg 768w, https:\/\/mrm-style.com\/sr\/wp-content\/uploads\/2023\/06\/Pisma-sa-Kube-Havana-najs\u030careniji-biser-Kariba...-Mr.M-by-Marko-Tadic\u0301-mrmbymarkotadic59-1536x1024.jpg 1536w, https:\/\/mrm-style.com\/sr\/wp-content\/uploads\/2023\/06\/Pisma-sa-Kube-Havana-najs\u030careniji-biser-Kariba...-Mr.M-by-Marko-Tadic\u0301-mrmbymarkotadic59-2048x1365.jpg 2048w, https:\/\/mrm-style.com\/sr\/wp-content\/uploads\/2023\/06\/Pisma-sa-Kube-Havana-najs\u030careniji-biser-Kariba...-Mr.M-by-Marko-Tadic\u0301-mrmbymarkotadic59-1440x960.jpg 1440w, https:\/\/mrm-style.com\/sr\/wp-content\/uploads\/2023\/06\/Pisma-sa-Kube-Havana-najs\u030careniji-biser-Kariba...-Mr.M-by-Marko-Tadic\u0301-mrmbymarkotadic59-800x533.jpg 800w, https:\/\/mrm-style.com\/sr\/wp-content\/uploads\/2023\/06\/Pisma-sa-Kube-Havana-najs\u030careniji-biser-Kariba...-Mr.M-by-Marko-Tadic\u0301-mrmbymarkotadic59-550x367.jpg 550w, https:\/\/mrm-style.com\/sr\/wp-content\/uploads\/2023\/06\/Pisma-sa-Kube-Havana-najs\u030careniji-biser-Kariba...-Mr.M-by-Marko-Tadic\u0301-mrmbymarkotadic59-1920x1280.jpg 1920w, https:\/\/mrm-style.com\/sr\/wp-content\/uploads\/2023\/06\/Pisma-sa-Kube-Havana-najs\u030careniji-biser-Kariba...-Mr.M-by-Marko-Tadic\u0301-mrmbymarkotadic59-1620x1080.jpg 1620w, https:\/\/mrm-style.com\/sr\/wp-content\/uploads\/2023\/06\/Pisma-sa-Kube-Havana-najs\u030careniji-biser-Kariba...-Mr.M-by-Marko-Tadic\u0301-mrmbymarkotadic59-900x600.jpg 900w\" sizes=\"auto, (max-width: 2400px) 100vw, 2400px\" \/><\/a><\/figure>\n<\/div>\n\n\n<p>Pre Kubanske revolucije 1959. godine, Kongres je bio sme\u0161ten u zgradi, Kongres je ukinut i raspu\u0161ten nakon Kubanske revolucije 1959. godine i zgrada je dotrajala. Iako se njegov dizajn \u010desto poredi sa Kapitolom Sjedinjenih Dr\u017eava, on nije replika lokalci tvrde da je sli\u010dan onom u Va\u0161ingtonu, ali metar vi\u0161e, metar \u0161ire i metar du\u017ee, kao i mnogo bogatije detaljima. Da bi zavr\u0161ili njegovu izgradnju bilo im je potrebno vi\u0161e od 5000 radnika, 3 godine, 3 meseca i 20 dana, kao i pribli\u017eno 17 miliona ameri\u010dkih dolara. Zavr\u0161ena 1929. godine, bila je najvi\u0161a zgrada u Havani do 1950-ih. U njemu se nalazi tre\u0107a po veli\u010dini unutra\u0161nja statua na svetu.<\/p>\n\n\n<div class=\"wp-block-image\">\n<figure class=\"aligncenter size-full\"><a href=\"https:\/\/mrm-style.com\/sr\/wp-content\/uploads\/2023\/06\/Pisma-sa-Kube-Havana-najs\u030careniji-biser-Kariba...-Mr.M-by-Marko-Tadic\u0301-mrmbymarkotadic60.jpg\"><img loading=\"lazy\" decoding=\"async\" width=\"1600\" height=\"2400\" src=\"https:\/\/mrm-style.com\/sr\/wp-content\/uploads\/2023\/06\/Pisma-sa-Kube-Havana-najs\u030careniji-biser-Kariba...-Mr.M-by-Marko-Tadic\u0301-mrmbymarkotadic60.jpg\" alt=\"\" class=\"wp-image-11542\" srcset=\"https:\/\/mrm-style.com\/sr\/wp-content\/uploads\/2023\/06\/Pisma-sa-Kube-Havana-najs\u030careniji-biser-Kariba...-Mr.M-by-Marko-Tadic\u0301-mrmbymarkotadic60.jpg 1600w, https:\/\/mrm-style.com\/sr\/wp-content\/uploads\/2023\/06\/Pisma-sa-Kube-Havana-najs\u030careniji-biser-Kariba...-Mr.M-by-Marko-Tadic\u0301-mrmbymarkotadic60-200x300.jpg 200w, https:\/\/mrm-style.com\/sr\/wp-content\/uploads\/2023\/06\/Pisma-sa-Kube-Havana-najs\u030careniji-biser-Kariba...-Mr.M-by-Marko-Tadic\u0301-mrmbymarkotadic60-683x1024.jpg 683w, https:\/\/mrm-style.com\/sr\/wp-content\/uploads\/2023\/06\/Pisma-sa-Kube-Havana-najs\u030careniji-biser-Kariba...-Mr.M-by-Marko-Tadic\u0301-mrmbymarkotadic60-768x1152.jpg 768w, https:\/\/mrm-style.com\/sr\/wp-content\/uploads\/2023\/06\/Pisma-sa-Kube-Havana-najs\u030careniji-biser-Kariba...-Mr.M-by-Marko-Tadic\u0301-mrmbymarkotadic60-1024x1536.jpg 1024w, https:\/\/mrm-style.com\/sr\/wp-content\/uploads\/2023\/06\/Pisma-sa-Kube-Havana-najs\u030careniji-biser-Kariba...-Mr.M-by-Marko-Tadic\u0301-mrmbymarkotadic60-1365x2048.jpg 1365w, https:\/\/mrm-style.com\/sr\/wp-content\/uploads\/2023\/06\/Pisma-sa-Kube-Havana-najs\u030careniji-biser-Kariba...-Mr.M-by-Marko-Tadic\u0301-mrmbymarkotadic60-1440x2160.jpg 1440w, https:\/\/mrm-style.com\/sr\/wp-content\/uploads\/2023\/06\/Pisma-sa-Kube-Havana-najs\u030careniji-biser-Kariba...-Mr.M-by-Marko-Tadic\u0301-mrmbymarkotadic60-800x1200.jpg 800w, https:\/\/mrm-style.com\/sr\/wp-content\/uploads\/2023\/06\/Pisma-sa-Kube-Havana-najs\u030careniji-biser-Kariba...-Mr.M-by-Marko-Tadic\u0301-mrmbymarkotadic60-550x825.jpg 550w, https:\/\/mrm-style.com\/sr\/wp-content\/uploads\/2023\/06\/Pisma-sa-Kube-Havana-najs\u030careniji-biser-Kariba...-Mr.M-by-Marko-Tadic\u0301-mrmbymarkotadic60-720x1080.jpg 720w, https:\/\/mrm-style.com\/sr\/wp-content\/uploads\/2023\/06\/Pisma-sa-Kube-Havana-najs\u030careniji-biser-Kariba...-Mr.M-by-Marko-Tadic\u0301-mrmbymarkotadic60-400x600.jpg 400w\" sizes=\"auto, (max-width: 1600px) 100vw, 1600px\" \/><\/a><\/figure>\n<\/div>\n\n\n<h5 class=\"wp-block-heading\">Vinjales &#8211; dolina duvana (fakultativan izlet)<\/h5>\n\n\n\n<p>Tokom ovog celodnevnog izleta imate priliku da obi\u0111ete dolinu Vinjales koja se nalazi u provinciji Pinar del Rio i poznata je po najve\u0107oj proizvodnji duvana na Kubi. Glavna odlika doline su kre\u010dnja\u010dke formacije \u2013 mogotes koje kao glave \u0161e\u0107era skrivene pod bujnom vegetacijom izranjaju svuda unaokolo. Prva stanica je &nbsp;vidikovac Los Hazmines (Los Jazmines) sa kojeg se pru\u017ea nesvakida\u0161nji pogled na dolinu.&nbsp;<\/p>\n\n\n<div class=\"wp-block-image\">\n<figure class=\"aligncenter size-full\"><a href=\"https:\/\/mrm-style.com\/sr\/wp-content\/uploads\/2023\/06\/Pisma-sa-Kube-Havana-najs\u030careniji-biser-Kariba...-Mr.M-by-Marko-Tadic\u0301-mrmbymarkotadic52.jpg\"><img loading=\"lazy\" decoding=\"async\" width=\"2400\" height=\"1600\" src=\"https:\/\/mrm-style.com\/sr\/wp-content\/uploads\/2023\/06\/Pisma-sa-Kube-Havana-najs\u030careniji-biser-Kariba...-Mr.M-by-Marko-Tadic\u0301-mrmbymarkotadic52.jpg\" alt=\"\" class=\"wp-image-11535\" srcset=\"https:\/\/mrm-style.com\/sr\/wp-content\/uploads\/2023\/06\/Pisma-sa-Kube-Havana-najs\u030careniji-biser-Kariba...-Mr.M-by-Marko-Tadic\u0301-mrmbymarkotadic52.jpg 2400w, https:\/\/mrm-style.com\/sr\/wp-content\/uploads\/2023\/06\/Pisma-sa-Kube-Havana-najs\u030careniji-biser-Kariba...-Mr.M-by-Marko-Tadic\u0301-mrmbymarkotadic52-300x200.jpg 300w, https:\/\/mrm-style.com\/sr\/wp-content\/uploads\/2023\/06\/Pisma-sa-Kube-Havana-najs\u030careniji-biser-Kariba...-Mr.M-by-Marko-Tadic\u0301-mrmbymarkotadic52-1024x683.jpg 1024w, https:\/\/mrm-style.com\/sr\/wp-content\/uploads\/2023\/06\/Pisma-sa-Kube-Havana-najs\u030careniji-biser-Kariba...-Mr.M-by-Marko-Tadic\u0301-mrmbymarkotadic52-768x512.jpg 768w, https:\/\/mrm-style.com\/sr\/wp-content\/uploads\/2023\/06\/Pisma-sa-Kube-Havana-najs\u030careniji-biser-Kariba...-Mr.M-by-Marko-Tadic\u0301-mrmbymarkotadic52-1536x1024.jpg 1536w, https:\/\/mrm-style.com\/sr\/wp-content\/uploads\/2023\/06\/Pisma-sa-Kube-Havana-najs\u030careniji-biser-Kariba...-Mr.M-by-Marko-Tadic\u0301-mrmbymarkotadic52-2048x1365.jpg 2048w, https:\/\/mrm-style.com\/sr\/wp-content\/uploads\/2023\/06\/Pisma-sa-Kube-Havana-najs\u030careniji-biser-Kariba...-Mr.M-by-Marko-Tadic\u0301-mrmbymarkotadic52-1440x960.jpg 1440w, https:\/\/mrm-style.com\/sr\/wp-content\/uploads\/2023\/06\/Pisma-sa-Kube-Havana-najs\u030careniji-biser-Kariba...-Mr.M-by-Marko-Tadic\u0301-mrmbymarkotadic52-800x533.jpg 800w, https:\/\/mrm-style.com\/sr\/wp-content\/uploads\/2023\/06\/Pisma-sa-Kube-Havana-najs\u030careniji-biser-Kariba...-Mr.M-by-Marko-Tadic\u0301-mrmbymarkotadic52-550x367.jpg 550w, https:\/\/mrm-style.com\/sr\/wp-content\/uploads\/2023\/06\/Pisma-sa-Kube-Havana-najs\u030careniji-biser-Kariba...-Mr.M-by-Marko-Tadic\u0301-mrmbymarkotadic52-1920x1280.jpg 1920w, https:\/\/mrm-style.com\/sr\/wp-content\/uploads\/2023\/06\/Pisma-sa-Kube-Havana-najs\u030careniji-biser-Kariba...-Mr.M-by-Marko-Tadic\u0301-mrmbymarkotadic52-1620x1080.jpg 1620w, https:\/\/mrm-style.com\/sr\/wp-content\/uploads\/2023\/06\/Pisma-sa-Kube-Havana-najs\u030careniji-biser-Kariba...-Mr.M-by-Marko-Tadic\u0301-mrmbymarkotadic52-900x600.jpg 900w\" sizes=\"auto, (max-width: 2400px) 100vw, 2400px\" \/><\/a><\/figure>\n<\/div>\n\n<div class=\"wp-block-image\">\n<figure class=\"aligncenter size-full\"><a href=\"https:\/\/mrm-style.com\/sr\/wp-content\/uploads\/2023\/06\/Pisma-sa-Kube-Havana-najs\u030careniji-biser-Kariba...-Mr.M-by-Marko-Tadic\u0301-mrmbymarkotadic54.jpg\"><img loading=\"lazy\" decoding=\"async\" width=\"1600\" height=\"2400\" src=\"https:\/\/mrm-style.com\/sr\/wp-content\/uploads\/2023\/06\/Pisma-sa-Kube-Havana-najs\u030careniji-biser-Kariba...-Mr.M-by-Marko-Tadic\u0301-mrmbymarkotadic54.jpg\" alt=\"\" class=\"wp-image-11537\" srcset=\"https:\/\/mrm-style.com\/sr\/wp-content\/uploads\/2023\/06\/Pisma-sa-Kube-Havana-najs\u030careniji-biser-Kariba...-Mr.M-by-Marko-Tadic\u0301-mrmbymarkotadic54.jpg 1600w, https:\/\/mrm-style.com\/sr\/wp-content\/uploads\/2023\/06\/Pisma-sa-Kube-Havana-najs\u030careniji-biser-Kariba...-Mr.M-by-Marko-Tadic\u0301-mrmbymarkotadic54-200x300.jpg 200w, https:\/\/mrm-style.com\/sr\/wp-content\/uploads\/2023\/06\/Pisma-sa-Kube-Havana-najs\u030careniji-biser-Kariba...-Mr.M-by-Marko-Tadic\u0301-mrmbymarkotadic54-683x1024.jpg 683w, https:\/\/mrm-style.com\/sr\/wp-content\/uploads\/2023\/06\/Pisma-sa-Kube-Havana-najs\u030careniji-biser-Kariba...-Mr.M-by-Marko-Tadic\u0301-mrmbymarkotadic54-768x1152.jpg 768w, https:\/\/mrm-style.com\/sr\/wp-content\/uploads\/2023\/06\/Pisma-sa-Kube-Havana-najs\u030careniji-biser-Kariba...-Mr.M-by-Marko-Tadic\u0301-mrmbymarkotadic54-1024x1536.jpg 1024w, https:\/\/mrm-style.com\/sr\/wp-content\/uploads\/2023\/06\/Pisma-sa-Kube-Havana-najs\u030careniji-biser-Kariba...-Mr.M-by-Marko-Tadic\u0301-mrmbymarkotadic54-1365x2048.jpg 1365w, https:\/\/mrm-style.com\/sr\/wp-content\/uploads\/2023\/06\/Pisma-sa-Kube-Havana-najs\u030careniji-biser-Kariba...-Mr.M-by-Marko-Tadic\u0301-mrmbymarkotadic54-1440x2160.jpg 1440w, https:\/\/mrm-style.com\/sr\/wp-content\/uploads\/2023\/06\/Pisma-sa-Kube-Havana-najs\u030careniji-biser-Kariba...-Mr.M-by-Marko-Tadic\u0301-mrmbymarkotadic54-800x1200.jpg 800w, https:\/\/mrm-style.com\/sr\/wp-content\/uploads\/2023\/06\/Pisma-sa-Kube-Havana-najs\u030careniji-biser-Kariba...-Mr.M-by-Marko-Tadic\u0301-mrmbymarkotadic54-550x825.jpg 550w, https:\/\/mrm-style.com\/sr\/wp-content\/uploads\/2023\/06\/Pisma-sa-Kube-Havana-najs\u030careniji-biser-Kariba...-Mr.M-by-Marko-Tadic\u0301-mrmbymarkotadic54-720x1080.jpg 720w, https:\/\/mrm-style.com\/sr\/wp-content\/uploads\/2023\/06\/Pisma-sa-Kube-Havana-najs\u030careniji-biser-Kariba...-Mr.M-by-Marko-Tadic\u0301-mrmbymarkotadic54-400x600.jpg 400w\" sizes=\"auto, (max-width: 1600px) 100vw, 1600px\" \/><\/a><\/figure>\n<\/div>\n\n<div class=\"wp-block-image\">\n<figure class=\"aligncenter size-full\"><a href=\"https:\/\/mrm-style.com\/sr\/wp-content\/uploads\/2023\/06\/Pisma-sa-Kube-Havana-najs\u030careniji-biser-Kariba...-Mr.M-by-Marko-Tadic\u0301-mrmbymarkotadic55.jpg\"><img loading=\"lazy\" decoding=\"async\" width=\"2400\" height=\"1600\" src=\"https:\/\/mrm-style.com\/sr\/wp-content\/uploads\/2023\/06\/Pisma-sa-Kube-Havana-najs\u030careniji-biser-Kariba...-Mr.M-by-Marko-Tadic\u0301-mrmbymarkotadic55.jpg\" alt=\"\" class=\"wp-image-11538\" srcset=\"https:\/\/mrm-style.com\/sr\/wp-content\/uploads\/2023\/06\/Pisma-sa-Kube-Havana-najs\u030careniji-biser-Kariba...-Mr.M-by-Marko-Tadic\u0301-mrmbymarkotadic55.jpg 2400w, https:\/\/mrm-style.com\/sr\/wp-content\/uploads\/2023\/06\/Pisma-sa-Kube-Havana-najs\u030careniji-biser-Kariba...-Mr.M-by-Marko-Tadic\u0301-mrmbymarkotadic55-300x200.jpg 300w, https:\/\/mrm-style.com\/sr\/wp-content\/uploads\/2023\/06\/Pisma-sa-Kube-Havana-najs\u030careniji-biser-Kariba...-Mr.M-by-Marko-Tadic\u0301-mrmbymarkotadic55-1024x683.jpg 1024w, https:\/\/mrm-style.com\/sr\/wp-content\/uploads\/2023\/06\/Pisma-sa-Kube-Havana-najs\u030careniji-biser-Kariba...-Mr.M-by-Marko-Tadic\u0301-mrmbymarkotadic55-768x512.jpg 768w, https:\/\/mrm-style.com\/sr\/wp-content\/uploads\/2023\/06\/Pisma-sa-Kube-Havana-najs\u030careniji-biser-Kariba...-Mr.M-by-Marko-Tadic\u0301-mrmbymarkotadic55-1536x1024.jpg 1536w, https:\/\/mrm-style.com\/sr\/wp-content\/uploads\/2023\/06\/Pisma-sa-Kube-Havana-najs\u030careniji-biser-Kariba...-Mr.M-by-Marko-Tadic\u0301-mrmbymarkotadic55-2048x1365.jpg 2048w, https:\/\/mrm-style.com\/sr\/wp-content\/uploads\/2023\/06\/Pisma-sa-Kube-Havana-najs\u030careniji-biser-Kariba...-Mr.M-by-Marko-Tadic\u0301-mrmbymarkotadic55-1440x960.jpg 1440w, https:\/\/mrm-style.com\/sr\/wp-content\/uploads\/2023\/06\/Pisma-sa-Kube-Havana-najs\u030careniji-biser-Kariba...-Mr.M-by-Marko-Tadic\u0301-mrmbymarkotadic55-800x533.jpg 800w, https:\/\/mrm-style.com\/sr\/wp-content\/uploads\/2023\/06\/Pisma-sa-Kube-Havana-najs\u030careniji-biser-Kariba...-Mr.M-by-Marko-Tadic\u0301-mrmbymarkotadic55-550x367.jpg 550w, https:\/\/mrm-style.com\/sr\/wp-content\/uploads\/2023\/06\/Pisma-sa-Kube-Havana-najs\u030careniji-biser-Kariba...-Mr.M-by-Marko-Tadic\u0301-mrmbymarkotadic55-1920x1280.jpg 1920w, https:\/\/mrm-style.com\/sr\/wp-content\/uploads\/2023\/06\/Pisma-sa-Kube-Havana-najs\u030careniji-biser-Kariba...-Mr.M-by-Marko-Tadic\u0301-mrmbymarkotadic55-1620x1080.jpg 1620w, https:\/\/mrm-style.com\/sr\/wp-content\/uploads\/2023\/06\/Pisma-sa-Kube-Havana-najs\u030careniji-biser-Kariba...-Mr.M-by-Marko-Tadic\u0301-mrmbymarkotadic55-900x600.jpg 900w\" sizes=\"auto, (max-width: 2400px) 100vw, 2400px\" \/><\/a><\/figure>\n<\/div>\n\n<div class=\"wp-block-image\">\n<figure class=\"aligncenter size-full\"><a href=\"https:\/\/mrm-style.com\/sr\/wp-content\/uploads\/2023\/06\/Pisma-sa-Kube-Havana-najs\u030careniji-biser-Kariba...-Mr.M-by-Marko-Tadic\u0301-mrmbymarkotadic57.jpg\"><img loading=\"lazy\" decoding=\"async\" width=\"1600\" height=\"2400\" src=\"https:\/\/mrm-style.com\/sr\/wp-content\/uploads\/2023\/06\/Pisma-sa-Kube-Havana-najs\u030careniji-biser-Kariba...-Mr.M-by-Marko-Tadic\u0301-mrmbymarkotadic57.jpg\" alt=\"\" class=\"wp-image-11539\" srcset=\"https:\/\/mrm-style.com\/sr\/wp-content\/uploads\/2023\/06\/Pisma-sa-Kube-Havana-najs\u030careniji-biser-Kariba...-Mr.M-by-Marko-Tadic\u0301-mrmbymarkotadic57.jpg 1600w, https:\/\/mrm-style.com\/sr\/wp-content\/uploads\/2023\/06\/Pisma-sa-Kube-Havana-najs\u030careniji-biser-Kariba...-Mr.M-by-Marko-Tadic\u0301-mrmbymarkotadic57-200x300.jpg 200w, https:\/\/mrm-style.com\/sr\/wp-content\/uploads\/2023\/06\/Pisma-sa-Kube-Havana-najs\u030careniji-biser-Kariba...-Mr.M-by-Marko-Tadic\u0301-mrmbymarkotadic57-683x1024.jpg 683w, https:\/\/mrm-style.com\/sr\/wp-content\/uploads\/2023\/06\/Pisma-sa-Kube-Havana-najs\u030careniji-biser-Kariba...-Mr.M-by-Marko-Tadic\u0301-mrmbymarkotadic57-768x1152.jpg 768w, https:\/\/mrm-style.com\/sr\/wp-content\/uploads\/2023\/06\/Pisma-sa-Kube-Havana-najs\u030careniji-biser-Kariba...-Mr.M-by-Marko-Tadic\u0301-mrmbymarkotadic57-1024x1536.jpg 1024w, https:\/\/mrm-style.com\/sr\/wp-content\/uploads\/2023\/06\/Pisma-sa-Kube-Havana-najs\u030careniji-biser-Kariba...-Mr.M-by-Marko-Tadic\u0301-mrmbymarkotadic57-1365x2048.jpg 1365w, https:\/\/mrm-style.com\/sr\/wp-content\/uploads\/2023\/06\/Pisma-sa-Kube-Havana-najs\u030careniji-biser-Kariba...-Mr.M-by-Marko-Tadic\u0301-mrmbymarkotadic57-1440x2160.jpg 1440w, https:\/\/mrm-style.com\/sr\/wp-content\/uploads\/2023\/06\/Pisma-sa-Kube-Havana-najs\u030careniji-biser-Kariba...-Mr.M-by-Marko-Tadic\u0301-mrmbymarkotadic57-800x1200.jpg 800w, https:\/\/mrm-style.com\/sr\/wp-content\/uploads\/2023\/06\/Pisma-sa-Kube-Havana-najs\u030careniji-biser-Kariba...-Mr.M-by-Marko-Tadic\u0301-mrmbymarkotadic57-550x825.jpg 550w, https:\/\/mrm-style.com\/sr\/wp-content\/uploads\/2023\/06\/Pisma-sa-Kube-Havana-najs\u030careniji-biser-Kariba...-Mr.M-by-Marko-Tadic\u0301-mrmbymarkotadic57-720x1080.jpg 720w, https:\/\/mrm-style.com\/sr\/wp-content\/uploads\/2023\/06\/Pisma-sa-Kube-Havana-najs\u030careniji-biser-Kariba...-Mr.M-by-Marko-Tadic\u0301-mrmbymarkotadic57-400x600.jpg 400w\" sizes=\"auto, (max-width: 1600px) 100vw, 1600px\" \/><\/a><\/figure>\n<\/div>\n\n\n<p>Nakon vidikovca nastavljate put do pe\u0107ine Cueva del Indio (Pe\u0107ine Indijanaca) gde \u0107ete i\u0107i u vo\u017enju \u010damcima i videti vrlo interesantne formacije stena.&nbsp;Sledi poseta seoskom doma\u0107instvu koje se bavi proizvodnjom duvana. Dok slu\u0161ate interesantnu pri\u010du o proizvodnji duvana, \u017eena doma\u0107ina vas poslu\u017euje kafom i tompusom. Nakon \u0161to ste nau\u010dili dosta o duvanu nastavljate sa istra\u017eivanjem okoline i u\u017eivamo u netaknutoj prirodi na ru\u010dku koji su vam spremili ljubazni lokalci.<\/p>\n\n\n<div class=\"wp-block-image\">\n<figure class=\"aligncenter size-full\"><a href=\"https:\/\/mrm-style.com\/sr\/wp-content\/uploads\/2023\/06\/Pisma-sa-Kube-Havana-najs\u030careniji-biser-Kariba...-Mr.M-by-Marko-Tadic\u0301-mrmbymarkotadic47.jpg\"><img loading=\"lazy\" decoding=\"async\" width=\"2400\" height=\"1600\" src=\"https:\/\/mrm-style.com\/sr\/wp-content\/uploads\/2023\/06\/Pisma-sa-Kube-Havana-najs\u030careniji-biser-Kariba...-Mr.M-by-Marko-Tadic\u0301-mrmbymarkotadic47.jpg\" alt=\"\" class=\"wp-image-11530\" srcset=\"https:\/\/mrm-style.com\/sr\/wp-content\/uploads\/2023\/06\/Pisma-sa-Kube-Havana-najs\u030careniji-biser-Kariba...-Mr.M-by-Marko-Tadic\u0301-mrmbymarkotadic47.jpg 2400w, https:\/\/mrm-style.com\/sr\/wp-content\/uploads\/2023\/06\/Pisma-sa-Kube-Havana-najs\u030careniji-biser-Kariba...-Mr.M-by-Marko-Tadic\u0301-mrmbymarkotadic47-300x200.jpg 300w, https:\/\/mrm-style.com\/sr\/wp-content\/uploads\/2023\/06\/Pisma-sa-Kube-Havana-najs\u030careniji-biser-Kariba...-Mr.M-by-Marko-Tadic\u0301-mrmbymarkotadic47-1024x683.jpg 1024w, https:\/\/mrm-style.com\/sr\/wp-content\/uploads\/2023\/06\/Pisma-sa-Kube-Havana-najs\u030careniji-biser-Kariba...-Mr.M-by-Marko-Tadic\u0301-mrmbymarkotadic47-768x512.jpg 768w, https:\/\/mrm-style.com\/sr\/wp-content\/uploads\/2023\/06\/Pisma-sa-Kube-Havana-najs\u030careniji-biser-Kariba...-Mr.M-by-Marko-Tadic\u0301-mrmbymarkotadic47-1536x1024.jpg 1536w, https:\/\/mrm-style.com\/sr\/wp-content\/uploads\/2023\/06\/Pisma-sa-Kube-Havana-najs\u030careniji-biser-Kariba...-Mr.M-by-Marko-Tadic\u0301-mrmbymarkotadic47-2048x1365.jpg 2048w, https:\/\/mrm-style.com\/sr\/wp-content\/uploads\/2023\/06\/Pisma-sa-Kube-Havana-najs\u030careniji-biser-Kariba...-Mr.M-by-Marko-Tadic\u0301-mrmbymarkotadic47-1440x960.jpg 1440w, https:\/\/mrm-style.com\/sr\/wp-content\/uploads\/2023\/06\/Pisma-sa-Kube-Havana-najs\u030careniji-biser-Kariba...-Mr.M-by-Marko-Tadic\u0301-mrmbymarkotadic47-800x533.jpg 800w, https:\/\/mrm-style.com\/sr\/wp-content\/uploads\/2023\/06\/Pisma-sa-Kube-Havana-najs\u030careniji-biser-Kariba...-Mr.M-by-Marko-Tadic\u0301-mrmbymarkotadic47-550x367.jpg 550w, https:\/\/mrm-style.com\/sr\/wp-content\/uploads\/2023\/06\/Pisma-sa-Kube-Havana-najs\u030careniji-biser-Kariba...-Mr.M-by-Marko-Tadic\u0301-mrmbymarkotadic47-1920x1280.jpg 1920w, https:\/\/mrm-style.com\/sr\/wp-content\/uploads\/2023\/06\/Pisma-sa-Kube-Havana-najs\u030careniji-biser-Kariba...-Mr.M-by-Marko-Tadic\u0301-mrmbymarkotadic47-1620x1080.jpg 1620w, https:\/\/mrm-style.com\/sr\/wp-content\/uploads\/2023\/06\/Pisma-sa-Kube-Havana-najs\u030careniji-biser-Kariba...-Mr.M-by-Marko-Tadic\u0301-mrmbymarkotadic47-900x600.jpg 900w\" sizes=\"auto, (max-width: 2400px) 100vw, 2400px\" \/><\/a><\/figure>\n<\/div>\n\n<div class=\"wp-block-image\">\n<figure class=\"aligncenter size-full\"><a href=\"https:\/\/mrm-style.com\/sr\/wp-content\/uploads\/2023\/06\/Pisma-sa-Kube-Havana-najs\u030careniji-biser-Kariba...-Mr.M-by-Marko-Tadic\u0301-mrmbymarkotadic49.jpg\"><img loading=\"lazy\" decoding=\"async\" width=\"2400\" height=\"1600\" src=\"https:\/\/mrm-style.com\/sr\/wp-content\/uploads\/2023\/06\/Pisma-sa-Kube-Havana-najs\u030careniji-biser-Kariba...-Mr.M-by-Marko-Tadic\u0301-mrmbymarkotadic49.jpg\" alt=\"\" class=\"wp-image-11532\" srcset=\"https:\/\/mrm-style.com\/sr\/wp-content\/uploads\/2023\/06\/Pisma-sa-Kube-Havana-najs\u030careniji-biser-Kariba...-Mr.M-by-Marko-Tadic\u0301-mrmbymarkotadic49.jpg 2400w, https:\/\/mrm-style.com\/sr\/wp-content\/uploads\/2023\/06\/Pisma-sa-Kube-Havana-najs\u030careniji-biser-Kariba...-Mr.M-by-Marko-Tadic\u0301-mrmbymarkotadic49-300x200.jpg 300w, https:\/\/mrm-style.com\/sr\/wp-content\/uploads\/2023\/06\/Pisma-sa-Kube-Havana-najs\u030careniji-biser-Kariba...-Mr.M-by-Marko-Tadic\u0301-mrmbymarkotadic49-1024x683.jpg 1024w, https:\/\/mrm-style.com\/sr\/wp-content\/uploads\/2023\/06\/Pisma-sa-Kube-Havana-najs\u030careniji-biser-Kariba...-Mr.M-by-Marko-Tadic\u0301-mrmbymarkotadic49-768x512.jpg 768w, https:\/\/mrm-style.com\/sr\/wp-content\/uploads\/2023\/06\/Pisma-sa-Kube-Havana-najs\u030careniji-biser-Kariba...-Mr.M-by-Marko-Tadic\u0301-mrmbymarkotadic49-1536x1024.jpg 1536w, https:\/\/mrm-style.com\/sr\/wp-content\/uploads\/2023\/06\/Pisma-sa-Kube-Havana-najs\u030careniji-biser-Kariba...-Mr.M-by-Marko-Tadic\u0301-mrmbymarkotadic49-2048x1365.jpg 2048w, https:\/\/mrm-style.com\/sr\/wp-content\/uploads\/2023\/06\/Pisma-sa-Kube-Havana-najs\u030careniji-biser-Kariba...-Mr.M-by-Marko-Tadic\u0301-mrmbymarkotadic49-1440x960.jpg 1440w, https:\/\/mrm-style.com\/sr\/wp-content\/uploads\/2023\/06\/Pisma-sa-Kube-Havana-najs\u030careniji-biser-Kariba...-Mr.M-by-Marko-Tadic\u0301-mrmbymarkotadic49-800x533.jpg 800w, https:\/\/mrm-style.com\/sr\/wp-content\/uploads\/2023\/06\/Pisma-sa-Kube-Havana-najs\u030careniji-biser-Kariba...-Mr.M-by-Marko-Tadic\u0301-mrmbymarkotadic49-550x367.jpg 550w, https:\/\/mrm-style.com\/sr\/wp-content\/uploads\/2023\/06\/Pisma-sa-Kube-Havana-najs\u030careniji-biser-Kariba...-Mr.M-by-Marko-Tadic\u0301-mrmbymarkotadic49-1920x1280.jpg 1920w, https:\/\/mrm-style.com\/sr\/wp-content\/uploads\/2023\/06\/Pisma-sa-Kube-Havana-najs\u030careniji-biser-Kariba...-Mr.M-by-Marko-Tadic\u0301-mrmbymarkotadic49-1620x1080.jpg 1620w, https:\/\/mrm-style.com\/sr\/wp-content\/uploads\/2023\/06\/Pisma-sa-Kube-Havana-najs\u030careniji-biser-Kariba...-Mr.M-by-Marko-Tadic\u0301-mrmbymarkotadic49-900x600.jpg 900w\" sizes=\"auto, (max-width: 2400px) 100vw, 2400px\" \/><\/a><\/figure>\n<\/div>\n\n<div class=\"wp-block-image\">\n<figure class=\"aligncenter size-full\"><a href=\"https:\/\/mrm-style.com\/sr\/wp-content\/uploads\/2023\/06\/Pisma-sa-Kube-Havana-najs\u030careniji-biser-Kariba...-Mr.M-by-Marko-Tadic\u0301-mrmbymarkotadic50.jpg\"><img loading=\"lazy\" decoding=\"async\" width=\"2400\" height=\"1600\" src=\"https:\/\/mrm-style.com\/sr\/wp-content\/uploads\/2023\/06\/Pisma-sa-Kube-Havana-najs\u030careniji-biser-Kariba...-Mr.M-by-Marko-Tadic\u0301-mrmbymarkotadic50.jpg\" alt=\"\" class=\"wp-image-11533\" srcset=\"https:\/\/mrm-style.com\/sr\/wp-content\/uploads\/2023\/06\/Pisma-sa-Kube-Havana-najs\u030careniji-biser-Kariba...-Mr.M-by-Marko-Tadic\u0301-mrmbymarkotadic50.jpg 2400w, https:\/\/mrm-style.com\/sr\/wp-content\/uploads\/2023\/06\/Pisma-sa-Kube-Havana-najs\u030careniji-biser-Kariba...-Mr.M-by-Marko-Tadic\u0301-mrmbymarkotadic50-300x200.jpg 300w, https:\/\/mrm-style.com\/sr\/wp-content\/uploads\/2023\/06\/Pisma-sa-Kube-Havana-najs\u030careniji-biser-Kariba...-Mr.M-by-Marko-Tadic\u0301-mrmbymarkotadic50-1024x683.jpg 1024w, https:\/\/mrm-style.com\/sr\/wp-content\/uploads\/2023\/06\/Pisma-sa-Kube-Havana-najs\u030careniji-biser-Kariba...-Mr.M-by-Marko-Tadic\u0301-mrmbymarkotadic50-768x512.jpg 768w, https:\/\/mrm-style.com\/sr\/wp-content\/uploads\/2023\/06\/Pisma-sa-Kube-Havana-najs\u030careniji-biser-Kariba...-Mr.M-by-Marko-Tadic\u0301-mrmbymarkotadic50-1536x1024.jpg 1536w, https:\/\/mrm-style.com\/sr\/wp-content\/uploads\/2023\/06\/Pisma-sa-Kube-Havana-najs\u030careniji-biser-Kariba...-Mr.M-by-Marko-Tadic\u0301-mrmbymarkotadic50-2048x1365.jpg 2048w, https:\/\/mrm-style.com\/sr\/wp-content\/uploads\/2023\/06\/Pisma-sa-Kube-Havana-najs\u030careniji-biser-Kariba...-Mr.M-by-Marko-Tadic\u0301-mrmbymarkotadic50-1440x960.jpg 1440w, https:\/\/mrm-style.com\/sr\/wp-content\/uploads\/2023\/06\/Pisma-sa-Kube-Havana-najs\u030careniji-biser-Kariba...-Mr.M-by-Marko-Tadic\u0301-mrmbymarkotadic50-800x533.jpg 800w, https:\/\/mrm-style.com\/sr\/wp-content\/uploads\/2023\/06\/Pisma-sa-Kube-Havana-najs\u030careniji-biser-Kariba...-Mr.M-by-Marko-Tadic\u0301-mrmbymarkotadic50-550x367.jpg 550w, https:\/\/mrm-style.com\/sr\/wp-content\/uploads\/2023\/06\/Pisma-sa-Kube-Havana-najs\u030careniji-biser-Kariba...-Mr.M-by-Marko-Tadic\u0301-mrmbymarkotadic50-1920x1280.jpg 1920w, https:\/\/mrm-style.com\/sr\/wp-content\/uploads\/2023\/06\/Pisma-sa-Kube-Havana-najs\u030careniji-biser-Kariba...-Mr.M-by-Marko-Tadic\u0301-mrmbymarkotadic50-1620x1080.jpg 1620w, https:\/\/mrm-style.com\/sr\/wp-content\/uploads\/2023\/06\/Pisma-sa-Kube-Havana-najs\u030careniji-biser-Kariba...-Mr.M-by-Marko-Tadic\u0301-mrmbymarkotadic50-900x600.jpg 900w\" sizes=\"auto, (max-width: 2400px) 100vw, 2400px\" \/><\/a><\/figure>\n<\/div>\n\n<div class=\"wp-block-image\">\n<figure class=\"aligncenter size-full\"><a href=\"https:\/\/mrm-style.com\/sr\/wp-content\/uploads\/2023\/06\/Pisma-sa-Kube-Havana-najs\u030careniji-biser-Kariba...-Mr.M-by-Marko-Tadic\u0301-mrmbymarkotadic51.jpg\"><img loading=\"lazy\" decoding=\"async\" width=\"1600\" height=\"2400\" src=\"https:\/\/mrm-style.com\/sr\/wp-content\/uploads\/2023\/06\/Pisma-sa-Kube-Havana-najs\u030careniji-biser-Kariba...-Mr.M-by-Marko-Tadic\u0301-mrmbymarkotadic51.jpg\" alt=\"\" class=\"wp-image-11534\" srcset=\"https:\/\/mrm-style.com\/sr\/wp-content\/uploads\/2023\/06\/Pisma-sa-Kube-Havana-najs\u030careniji-biser-Kariba...-Mr.M-by-Marko-Tadic\u0301-mrmbymarkotadic51.jpg 1600w, https:\/\/mrm-style.com\/sr\/wp-content\/uploads\/2023\/06\/Pisma-sa-Kube-Havana-najs\u030careniji-biser-Kariba...-Mr.M-by-Marko-Tadic\u0301-mrmbymarkotadic51-200x300.jpg 200w, https:\/\/mrm-style.com\/sr\/wp-content\/uploads\/2023\/06\/Pisma-sa-Kube-Havana-najs\u030careniji-biser-Kariba...-Mr.M-by-Marko-Tadic\u0301-mrmbymarkotadic51-683x1024.jpg 683w, https:\/\/mrm-style.com\/sr\/wp-content\/uploads\/2023\/06\/Pisma-sa-Kube-Havana-najs\u030careniji-biser-Kariba...-Mr.M-by-Marko-Tadic\u0301-mrmbymarkotadic51-768x1152.jpg 768w, https:\/\/mrm-style.com\/sr\/wp-content\/uploads\/2023\/06\/Pisma-sa-Kube-Havana-najs\u030careniji-biser-Kariba...-Mr.M-by-Marko-Tadic\u0301-mrmbymarkotadic51-1024x1536.jpg 1024w, https:\/\/mrm-style.com\/sr\/wp-content\/uploads\/2023\/06\/Pisma-sa-Kube-Havana-najs\u030careniji-biser-Kariba...-Mr.M-by-Marko-Tadic\u0301-mrmbymarkotadic51-1365x2048.jpg 1365w, https:\/\/mrm-style.com\/sr\/wp-content\/uploads\/2023\/06\/Pisma-sa-Kube-Havana-najs\u030careniji-biser-Kariba...-Mr.M-by-Marko-Tadic\u0301-mrmbymarkotadic51-1440x2160.jpg 1440w, https:\/\/mrm-style.com\/sr\/wp-content\/uploads\/2023\/06\/Pisma-sa-Kube-Havana-najs\u030careniji-biser-Kariba...-Mr.M-by-Marko-Tadic\u0301-mrmbymarkotadic51-800x1200.jpg 800w, https:\/\/mrm-style.com\/sr\/wp-content\/uploads\/2023\/06\/Pisma-sa-Kube-Havana-najs\u030careniji-biser-Kariba...-Mr.M-by-Marko-Tadic\u0301-mrmbymarkotadic51-550x825.jpg 550w, https:\/\/mrm-style.com\/sr\/wp-content\/uploads\/2023\/06\/Pisma-sa-Kube-Havana-najs\u030careniji-biser-Kariba...-Mr.M-by-Marko-Tadic\u0301-mrmbymarkotadic51-720x1080.jpg 720w, https:\/\/mrm-style.com\/sr\/wp-content\/uploads\/2023\/06\/Pisma-sa-Kube-Havana-najs\u030careniji-biser-Kariba...-Mr.M-by-Marko-Tadic\u0301-mrmbymarkotadic51-400x600.jpg 400w\" sizes=\"auto, (max-width: 1600px) 100vw, 1600px\" \/><\/a><\/figure>\n<\/div>\n\n\n<p>Dragi moji pustolovi, do\u0161li smo do kraja ovog prvog specijalnog putopisa u seriji putopisa o Kubi gde smo imali prilike da u\u017eivamo u lepoti ove neobi\u010dne zemlje u Karibima. Dana\u0161nji putopis ne bi bio mogu\u0107 bez nesebi\u010dne pomo\u0107i turisti\u010dke agencije <strong><em><a rel=\"noreferrer noopener\" href=\"https:\/\/diskodrugarputovanja.rs\/\" target=\"_blank\">Disko Travel<\/a><\/em><\/strong> u saradnji sa lokalnim partnerima koji su omogu\u0107ili da osetim duh i lepotu kubanske kulture i tradicije. Naravno kao i uvek potrudio sam se da vam prenesem svoje utiske o ovom neobi\u010dnom iskustvu iz Kube.<\/p>\n\n\n<div class=\"wp-block-image\">\n<figure class=\"aligncenter size-full\"><a href=\"https:\/\/mrm-style.com\/sr\/wp-content\/uploads\/2023\/06\/Pisma-sa-Kube-Havana-najs\u030careniji-biser-Kariba...-Mr.M-by-Marko-Tadic\u0301-mrmbymarkotadic34.jpg\"><img loading=\"lazy\" decoding=\"async\" width=\"2400\" height=\"1600\" src=\"https:\/\/mrm-style.com\/sr\/wp-content\/uploads\/2023\/06\/Pisma-sa-Kube-Havana-najs\u030careniji-biser-Kariba...-Mr.M-by-Marko-Tadic\u0301-mrmbymarkotadic34.jpg\" alt=\"\" class=\"wp-image-11517\" srcset=\"https:\/\/mrm-style.com\/sr\/wp-content\/uploads\/2023\/06\/Pisma-sa-Kube-Havana-najs\u030careniji-biser-Kariba...-Mr.M-by-Marko-Tadic\u0301-mrmbymarkotadic34.jpg 2400w, https:\/\/mrm-style.com\/sr\/wp-content\/uploads\/2023\/06\/Pisma-sa-Kube-Havana-najs\u030careniji-biser-Kariba...-Mr.M-by-Marko-Tadic\u0301-mrmbymarkotadic34-300x200.jpg 300w, https:\/\/mrm-style.com\/sr\/wp-content\/uploads\/2023\/06\/Pisma-sa-Kube-Havana-najs\u030careniji-biser-Kariba...-Mr.M-by-Marko-Tadic\u0301-mrmbymarkotadic34-1024x683.jpg 1024w, https:\/\/mrm-style.com\/sr\/wp-content\/uploads\/2023\/06\/Pisma-sa-Kube-Havana-najs\u030careniji-biser-Kariba...-Mr.M-by-Marko-Tadic\u0301-mrmbymarkotadic34-768x512.jpg 768w, https:\/\/mrm-style.com\/sr\/wp-content\/uploads\/2023\/06\/Pisma-sa-Kube-Havana-najs\u030careniji-biser-Kariba...-Mr.M-by-Marko-Tadic\u0301-mrmbymarkotadic34-1536x1024.jpg 1536w, https:\/\/mrm-style.com\/sr\/wp-content\/uploads\/2023\/06\/Pisma-sa-Kube-Havana-najs\u030careniji-biser-Kariba...-Mr.M-by-Marko-Tadic\u0301-mrmbymarkotadic34-2048x1365.jpg 2048w, https:\/\/mrm-style.com\/sr\/wp-content\/uploads\/2023\/06\/Pisma-sa-Kube-Havana-najs\u030careniji-biser-Kariba...-Mr.M-by-Marko-Tadic\u0301-mrmbymarkotadic34-1440x960.jpg 1440w, https:\/\/mrm-style.com\/sr\/wp-content\/uploads\/2023\/06\/Pisma-sa-Kube-Havana-najs\u030careniji-biser-Kariba...-Mr.M-by-Marko-Tadic\u0301-mrmbymarkotadic34-800x533.jpg 800w, https:\/\/mrm-style.com\/sr\/wp-content\/uploads\/2023\/06\/Pisma-sa-Kube-Havana-najs\u030careniji-biser-Kariba...-Mr.M-by-Marko-Tadic\u0301-mrmbymarkotadic34-550x367.jpg 550w, https:\/\/mrm-style.com\/sr\/wp-content\/uploads\/2023\/06\/Pisma-sa-Kube-Havana-najs\u030careniji-biser-Kariba...-Mr.M-by-Marko-Tadic\u0301-mrmbymarkotadic34-1920x1280.jpg 1920w, https:\/\/mrm-style.com\/sr\/wp-content\/uploads\/2023\/06\/Pisma-sa-Kube-Havana-najs\u030careniji-biser-Kariba...-Mr.M-by-Marko-Tadic\u0301-mrmbymarkotadic34-1620x1080.jpg 1620w, https:\/\/mrm-style.com\/sr\/wp-content\/uploads\/2023\/06\/Pisma-sa-Kube-Havana-najs\u030careniji-biser-Kariba...-Mr.M-by-Marko-Tadic\u0301-mrmbymarkotadic34-900x600.jpg 900w\" sizes=\"auto, (max-width: 2400px) 100vw, 2400px\" \/><\/a><\/figure>\n<\/div>\n\n\n<p>\u010covek je bogat u du\u0161i ako je uspeo da istra\u017ei svet i meni je drago da uvek uspem da prona\u0111em partnere mojih projekata koji mi poma\u017eu da otkrijem nove i neobi\u010dne destinacije na jedan sasvim druga\u010diji na\u010din.<\/p>\n\n\n\n<p>\u010cast mi je da imam priliku da sara\u0111ujem sa brojim kompanijama i privrednicima u sektoru turizma i \u017eeleo bih jo\u0161 jednom da se zahvalim <strong><em><a rel=\"noreferrer noopener\" href=\"https:\/\/diskodrugarputovanja.rs\/\" target=\"_blank\">Disko Travel<\/a> <\/em><\/strong>turisti\u010dkoj agenciji na ovoj neverovatnoj avanturi i \u0161to su mi omogu\u0107ili da na jedan sasvim druga\u010diji na\u010din osetim lepote ove neobi\u010dne kubanske kulture.<\/p>\n\n\n\n<p class=\"has-text-align-center\"><strong>Kontakt informacije Disko Travel agencije (Disko Drugar Putovanja)<\/strong>:<\/p>\n\n\n\n<p class=\"has-text-align-center\">Telefon: +381 60 490 6900<\/p>\n\n\n\n<p class=\"has-text-align-center\">Mejl adresa: <a href=\"mailto:info@diskodrugarputovanja.rs\">info@diskodrugarputovanja.rs<\/a><\/p>\n\n\n\n<p class=\"has-text-align-center\">Adresa agencije: Strahinji\u0107a Bana 22, 11000 Beograd<\/p>\n\n\n\n<p class=\"has-text-align-center\"><strong><em>INSTAGRAM: <a rel=\"noreferrer noopener\" href=\"https:\/\/www.instagram.com\/diskodrugarputovanja\/\" target=\"_blank\">@DISKODRUGARPUTOVANJA<\/a><\/em><\/strong><\/p>\n\n\n\n<p class=\"has-text-align-center\"><strong><em>FACEBOOK STRANICA: <a rel=\"noreferrer noopener\" href=\"https:\/\/www.facebook.com\/DiskoDrugarPutovanja\" target=\"_blank\">DISKO DRUGAR PUTOVANJA<\/a><\/em><\/strong><\/p>\n\n\n<div class=\"wp-block-image\">\n<figure class=\"aligncenter size-full\"><a href=\"https:\/\/mrm-style.com\/sr\/wp-content\/uploads\/2023\/06\/Pisma-sa-Kube-Havana-najs\u030careniji-biser-Kariba...-Mr.M-by-Marko-Tadic\u0301-mrmbymarkotadic39.jpg\"><img loading=\"lazy\" decoding=\"async\" width=\"2400\" height=\"1600\" src=\"https:\/\/mrm-style.com\/sr\/wp-content\/uploads\/2023\/06\/Pisma-sa-Kube-Havana-najs\u030careniji-biser-Kariba...-Mr.M-by-Marko-Tadic\u0301-mrmbymarkotadic39.jpg\" alt=\"\" class=\"wp-image-11522\" srcset=\"https:\/\/mrm-style.com\/sr\/wp-content\/uploads\/2023\/06\/Pisma-sa-Kube-Havana-najs\u030careniji-biser-Kariba...-Mr.M-by-Marko-Tadic\u0301-mrmbymarkotadic39.jpg 2400w, https:\/\/mrm-style.com\/sr\/wp-content\/uploads\/2023\/06\/Pisma-sa-Kube-Havana-najs\u030careniji-biser-Kariba...-Mr.M-by-Marko-Tadic\u0301-mrmbymarkotadic39-300x200.jpg 300w, https:\/\/mrm-style.com\/sr\/wp-content\/uploads\/2023\/06\/Pisma-sa-Kube-Havana-najs\u030careniji-biser-Kariba...-Mr.M-by-Marko-Tadic\u0301-mrmbymarkotadic39-1024x683.jpg 1024w, https:\/\/mrm-style.com\/sr\/wp-content\/uploads\/2023\/06\/Pisma-sa-Kube-Havana-najs\u030careniji-biser-Kariba...-Mr.M-by-Marko-Tadic\u0301-mrmbymarkotadic39-768x512.jpg 768w, https:\/\/mrm-style.com\/sr\/wp-content\/uploads\/2023\/06\/Pisma-sa-Kube-Havana-najs\u030careniji-biser-Kariba...-Mr.M-by-Marko-Tadic\u0301-mrmbymarkotadic39-1536x1024.jpg 1536w, https:\/\/mrm-style.com\/sr\/wp-content\/uploads\/2023\/06\/Pisma-sa-Kube-Havana-najs\u030careniji-biser-Kariba...-Mr.M-by-Marko-Tadic\u0301-mrmbymarkotadic39-2048x1365.jpg 2048w, https:\/\/mrm-style.com\/sr\/wp-content\/uploads\/2023\/06\/Pisma-sa-Kube-Havana-najs\u030careniji-biser-Kariba...-Mr.M-by-Marko-Tadic\u0301-mrmbymarkotadic39-1440x960.jpg 1440w, https:\/\/mrm-style.com\/sr\/wp-content\/uploads\/2023\/06\/Pisma-sa-Kube-Havana-najs\u030careniji-biser-Kariba...-Mr.M-by-Marko-Tadic\u0301-mrmbymarkotadic39-800x533.jpg 800w, https:\/\/mrm-style.com\/sr\/wp-content\/uploads\/2023\/06\/Pisma-sa-Kube-Havana-najs\u030careniji-biser-Kariba...-Mr.M-by-Marko-Tadic\u0301-mrmbymarkotadic39-550x367.jpg 550w, https:\/\/mrm-style.com\/sr\/wp-content\/uploads\/2023\/06\/Pisma-sa-Kube-Havana-najs\u030careniji-biser-Kariba...-Mr.M-by-Marko-Tadic\u0301-mrmbymarkotadic39-1920x1280.jpg 1920w, https:\/\/mrm-style.com\/sr\/wp-content\/uploads\/2023\/06\/Pisma-sa-Kube-Havana-najs\u030careniji-biser-Kariba...-Mr.M-by-Marko-Tadic\u0301-mrmbymarkotadic39-1620x1080.jpg 1620w, https:\/\/mrm-style.com\/sr\/wp-content\/uploads\/2023\/06\/Pisma-sa-Kube-Havana-najs\u030careniji-biser-Kariba...-Mr.M-by-Marko-Tadic\u0301-mrmbymarkotadic39-900x600.jpg 900w\" sizes=\"auto, (max-width: 2400px) 100vw, 2400px\" \/><\/a><\/figure>\n<\/div>\n\n<div class=\"wp-block-image\">\n<figure class=\"aligncenter size-full\"><a href=\"https:\/\/mrm-style.com\/sr\/wp-content\/uploads\/2023\/06\/Pisma-sa-Kube-Havana-najs\u030careniji-biser-Kariba...-Mr.M-by-Marko-Tadic\u0301-mrmbymarkotadic37.jpg\"><img loading=\"lazy\" decoding=\"async\" width=\"1600\" height=\"2400\" src=\"https:\/\/mrm-style.com\/sr\/wp-content\/uploads\/2023\/06\/Pisma-sa-Kube-Havana-najs\u030careniji-biser-Kariba...-Mr.M-by-Marko-Tadic\u0301-mrmbymarkotadic37.jpg\" alt=\"\" class=\"wp-image-11520\" srcset=\"https:\/\/mrm-style.com\/sr\/wp-content\/uploads\/2023\/06\/Pisma-sa-Kube-Havana-najs\u030careniji-biser-Kariba...-Mr.M-by-Marko-Tadic\u0301-mrmbymarkotadic37.jpg 1600w, https:\/\/mrm-style.com\/sr\/wp-content\/uploads\/2023\/06\/Pisma-sa-Kube-Havana-najs\u030careniji-biser-Kariba...-Mr.M-by-Marko-Tadic\u0301-mrmbymarkotadic37-200x300.jpg 200w, https:\/\/mrm-style.com\/sr\/wp-content\/uploads\/2023\/06\/Pisma-sa-Kube-Havana-najs\u030careniji-biser-Kariba...-Mr.M-by-Marko-Tadic\u0301-mrmbymarkotadic37-683x1024.jpg 683w, https:\/\/mrm-style.com\/sr\/wp-content\/uploads\/2023\/06\/Pisma-sa-Kube-Havana-najs\u030careniji-biser-Kariba...-Mr.M-by-Marko-Tadic\u0301-mrmbymarkotadic37-768x1152.jpg 768w, https:\/\/mrm-style.com\/sr\/wp-content\/uploads\/2023\/06\/Pisma-sa-Kube-Havana-najs\u030careniji-biser-Kariba...-Mr.M-by-Marko-Tadic\u0301-mrmbymarkotadic37-1024x1536.jpg 1024w, https:\/\/mrm-style.com\/sr\/wp-content\/uploads\/2023\/06\/Pisma-sa-Kube-Havana-najs\u030careniji-biser-Kariba...-Mr.M-by-Marko-Tadic\u0301-mrmbymarkotadic37-1365x2048.jpg 1365w, https:\/\/mrm-style.com\/sr\/wp-content\/uploads\/2023\/06\/Pisma-sa-Kube-Havana-najs\u030careniji-biser-Kariba...-Mr.M-by-Marko-Tadic\u0301-mrmbymarkotadic37-1440x2160.jpg 1440w, https:\/\/mrm-style.com\/sr\/wp-content\/uploads\/2023\/06\/Pisma-sa-Kube-Havana-najs\u030careniji-biser-Kariba...-Mr.M-by-Marko-Tadic\u0301-mrmbymarkotadic37-800x1200.jpg 800w, https:\/\/mrm-style.com\/sr\/wp-content\/uploads\/2023\/06\/Pisma-sa-Kube-Havana-najs\u030careniji-biser-Kariba...-Mr.M-by-Marko-Tadic\u0301-mrmbymarkotadic37-550x825.jpg 550w, https:\/\/mrm-style.com\/sr\/wp-content\/uploads\/2023\/06\/Pisma-sa-Kube-Havana-najs\u030careniji-biser-Kariba...-Mr.M-by-Marko-Tadic\u0301-mrmbymarkotadic37-720x1080.jpg 720w, https:\/\/mrm-style.com\/sr\/wp-content\/uploads\/2023\/06\/Pisma-sa-Kube-Havana-najs\u030careniji-biser-Kariba...-Mr.M-by-Marko-Tadic\u0301-mrmbymarkotadic37-400x600.jpg 400w\" sizes=\"auto, (max-width: 1600px) 100vw, 1600px\" \/><\/a><\/figure>\n<\/div>\n\n\n<p>Kako se vama dopala ova moja pri\u010da o Kubi i predstavljanje prestonice Havane koja krasi srce ove neobi\u010dne zemlje u Karibima? Da li ste imali priliku do sada da posetite Kubu?<\/p>\n\n\n\n<p>Ako imate neko pitanje, komentar, sugestiju ili poruku za mene mo\u017eete mi napisati dole u komentarima. Naravno, kao i uvek mo\u017eete me kontaktirati putem maila ili dru\u0161tvenih mre\u017ea, sve adrese mo\u017eete prona\u0107i na stranici&nbsp;<em><strong><a href=\"https:\/\/mrm-style.com\/sr\/kontakt\/\">KONTAKT<\/a>.<\/strong><\/em>&nbsp;Vidimo se na istom mestu za par dana, sa nekom novom pri\u010dom!<\/p>\n\n\n\n<p>U narednim pri\u010dama sa Kube otkri\u0107emo neke druge zanimljive znamenitosti koje biste trebali posetiti ako vas put navede u ovu daleku zemlju!<\/p>\n\n\n\n<p><em>Blogerski pozdrav iz Havane,<\/em><\/p>\n\n\n\n<p><strong>Mr.M<\/strong><\/p>\n\n\n<div class=\"wp-block-image\">\n<figure class=\"aligncenter size-full\"><a href=\"https:\/\/mrm-style.com\/sr\/wp-content\/uploads\/2023\/06\/Pisma-sa-Kube-Havana-najs\u030careniji-biser-Kariba...-Mr.M-by-Marko-Tadic\u0301-mrmbymarkotadic12.jpg\"><img loading=\"lazy\" decoding=\"async\" width=\"2400\" height=\"1600\" src=\"https:\/\/mrm-style.com\/sr\/wp-content\/uploads\/2023\/06\/Pisma-sa-Kube-Havana-najs\u030careniji-biser-Kariba...-Mr.M-by-Marko-Tadic\u0301-mrmbymarkotadic12.jpg\" alt=\"\" class=\"wp-image-11495\" srcset=\"https:\/\/mrm-style.com\/sr\/wp-content\/uploads\/2023\/06\/Pisma-sa-Kube-Havana-najs\u030careniji-biser-Kariba...-Mr.M-by-Marko-Tadic\u0301-mrmbymarkotadic12.jpg 2400w, https:\/\/mrm-style.com\/sr\/wp-content\/uploads\/2023\/06\/Pisma-sa-Kube-Havana-najs\u030careniji-biser-Kariba...-Mr.M-by-Marko-Tadic\u0301-mrmbymarkotadic12-300x200.jpg 300w, https:\/\/mrm-style.com\/sr\/wp-content\/uploads\/2023\/06\/Pisma-sa-Kube-Havana-najs\u030careniji-biser-Kariba...-Mr.M-by-Marko-Tadic\u0301-mrmbymarkotadic12-1024x683.jpg 1024w, https:\/\/mrm-style.com\/sr\/wp-content\/uploads\/2023\/06\/Pisma-sa-Kube-Havana-najs\u030careniji-biser-Kariba...-Mr.M-by-Marko-Tadic\u0301-mrmbymarkotadic12-768x512.jpg 768w, https:\/\/mrm-style.com\/sr\/wp-content\/uploads\/2023\/06\/Pisma-sa-Kube-Havana-najs\u030careniji-biser-Kariba...-Mr.M-by-Marko-Tadic\u0301-mrmbymarkotadic12-1536x1024.jpg 1536w, https:\/\/mrm-style.com\/sr\/wp-content\/uploads\/2023\/06\/Pisma-sa-Kube-Havana-najs\u030careniji-biser-Kariba...-Mr.M-by-Marko-Tadic\u0301-mrmbymarkotadic12-2048x1365.jpg 2048w, https:\/\/mrm-style.com\/sr\/wp-content\/uploads\/2023\/06\/Pisma-sa-Kube-Havana-najs\u030careniji-biser-Kariba...-Mr.M-by-Marko-Tadic\u0301-mrmbymarkotadic12-1440x960.jpg 1440w, https:\/\/mrm-style.com\/sr\/wp-content\/uploads\/2023\/06\/Pisma-sa-Kube-Havana-najs\u030careniji-biser-Kariba...-Mr.M-by-Marko-Tadic\u0301-mrmbymarkotadic12-800x533.jpg 800w, https:\/\/mrm-style.com\/sr\/wp-content\/uploads\/2023\/06\/Pisma-sa-Kube-Havana-najs\u030careniji-biser-Kariba...-Mr.M-by-Marko-Tadic\u0301-mrmbymarkotadic12-550x367.jpg 550w, https:\/\/mrm-style.com\/sr\/wp-content\/uploads\/2023\/06\/Pisma-sa-Kube-Havana-najs\u030careniji-biser-Kariba...-Mr.M-by-Marko-Tadic\u0301-mrmbymarkotadic12-1920x1280.jpg 1920w, https:\/\/mrm-style.com\/sr\/wp-content\/uploads\/2023\/06\/Pisma-sa-Kube-Havana-najs\u030careniji-biser-Kariba...-Mr.M-by-Marko-Tadic\u0301-mrmbymarkotadic12-1620x1080.jpg 1620w, https:\/\/mrm-style.com\/sr\/wp-content\/uploads\/2023\/06\/Pisma-sa-Kube-Havana-najs\u030careniji-biser-Kariba...-Mr.M-by-Marko-Tadic\u0301-mrmbymarkotadic12-900x600.jpg 900w\" sizes=\"auto, (max-width: 2400px) 100vw, 2400px\" \/><\/a><\/figure>\n<\/div>\n\n\n<p class=\"has-text-align-center\"><strong><em>Ovaj post je sponzorisan od strane turisti\u010dke agencije <a rel=\"noreferrer noopener\" href=\"https:\/\/diskodrugarputovanja.rs\/\" target=\"_blank\">Disco Travel<\/a> i avio prevoznika <a href=\"https:\/\/wwws.airfrance.rs\/\" target=\"_blank\" rel=\"noreferrer noopener\">Air France<\/a> kao i drugih lokalnih partnera. Ovaj post predstavlja moju li\u010dnu i iskrenu recenziju do\u017eivljaja destinacije.<\/em><\/strong><\/p>\n","protected":false},"excerpt":{"rendered":"<p>Dragi moji pustolovi i ljubitelji neobi\u010dnih putovanja, dobrodo\u0161li u novu seriju putopisa na Mr.M blogu. Jun mesec \u0107e biti posve\u0107en jednoj neobi\u010dnoj ostrvskoj zemlji u Karibima, zemlja koja je poznata po duvanu i rumu &#8211; Kuba. Na samom po\u010detku ove serije putopisa \u017eeleo bih da se zahvalim turisti\u010dkoj agenciji Disko Travel poznatija pod imenom Disko Drugar Putovanja, koja je vi\u0161e od turisti\u010dke agencije to je prava putuju\u0107a porodica koja pru\u017ea neverovatno iskustvo. Ovo je moj prvi put da sara\u0111ujem sa turisti\u010dkom agencijom sa na\u0161ih prostora i moram priznati da je&#8230; <span class=\"more\"><a class=\"more-link\" href=\"https:\/\/mrm-style.com\/sr\/pisma-sa-kube-havana-najsareniji-biser-kariba\/\">Read More<\/a><\/span><\/p>\n","protected":false},"author":1,"featured_media":11529,"comment_status":"open","ping_status":"open","sticky":false,"template":"","format":"standard","meta":{"om_disable_all_campaigns":false,"_monsterinsights_skip_tracking":false,"_monsterinsights_sitenote_active":false,"_monsterinsights_sitenote_note":"","_monsterinsights_sitenote_category":0,"footnotes":""},"categories":[2,9],"tags":[3685,5292,8698,8697,8696,8694,8695,3769,56,54,55,2331,3862,8491,3180,8699,2307,77,3394],"class_list":["post-11482","post","type-post","status-publish","format-standard","has-post-thumbnail","hentry","category-avanture","category-putovanja","tag-air-france","tag-daleka-putovanja","tag-disco-drugar-putovanja","tag-disco-travel","tag-havana","tag-karibi","tag-kuba","tag-lepota-putovanja","tag-marko-tadic","tag-mr-m","tag-mr-m-by-marko-tadic","tag-mrmbymarkotadic","tag-mrmbymarkotadic-instagram","tag-neobicna-putovanja","tag-odmor","tag-pariz","tag-putopis","tag-putovanja","tag-putovanje"],"aioseo_notices":[],"_links":{"self":[{"href":"https:\/\/mrm-style.com\/sr\/wp-json\/wp\/v2\/posts\/11482","targetHints":{"allow":["GET"]}}],"collection":[{"href":"https:\/\/mrm-style.com\/sr\/wp-json\/wp\/v2\/posts"}],"about":[{"href":"https:\/\/mrm-style.com\/sr\/wp-json\/wp\/v2\/types\/post"}],"author":[{"embeddable":true,"href":"https:\/\/mrm-style.com\/sr\/wp-json\/wp\/v2\/users\/1"}],"replies":[{"embeddable":true,"href":"https:\/\/mrm-style.com\/sr\/wp-json\/wp\/v2\/comments?post=11482"}],"version-history":[{"count":13,"href":"https:\/\/mrm-style.com\/sr\/wp-json\/wp\/v2\/posts\/11482\/revisions"}],"predecessor-version":[{"id":13114,"href":"https:\/\/mrm-style.com\/sr\/wp-json\/wp\/v2\/posts\/11482\/revisions\/13114"}],"wp:featuredmedia":[{"embeddable":true,"href":"https:\/\/mrm-style.com\/sr\/wp-json\/wp\/v2\/media\/11529"}],"wp:attachment":[{"href":"https:\/\/mrm-style.com\/sr\/wp-json\/wp\/v2\/media?parent=11482"}],"wp:term":[{"taxonomy":"category","embeddable":true,"href":"https:\/\/mrm-style.com\/sr\/wp-json\/wp\/v2\/categories?post=11482"},{"taxonomy":"post_tag","embeddable":true,"href":"https:\/\/mrm-style.com\/sr\/wp-json\/wp\/v2\/tags?post=11482"}],"curies":[{"name":"wp","href":"https:\/\/api.w.org\/{rel}","templated":true}]}}