{"id":13284,"date":"2024-05-03T08:00:00","date_gmt":"2024-05-03T07:00:00","guid":{"rendered":"https:\/\/mrm-style.com\/sr\/?p=13284"},"modified":"2024-05-05T13:29:43","modified_gmt":"2024-05-05T12:29:43","slug":"modni-dnevnik-gospode-mame-zasto-svi-jos-uvek-volimo-dior","status":"publish","type":"post","link":"https:\/\/mrm-style.com\/sr\/modni-dnevnik-gospode-mame-zasto-svi-jos-uvek-volimo-dior\/","title":{"rendered":"Modni Dnevnik Gospo\u0111e Mame: Za\u0161to svi jo\u0161 uvek volimo Dior?"},"content":{"rendered":"\n<p>Dragi moji ljubitelji mode, dobrodo\u0161li u moju novu modnu pri\u010du na stranicama Mr.M bloga. Zaista mi je drago da vam se dopada moje vi\u0111enje mode i \u0161to inspiri\u0161em mnoge \u017eene u najboljim godinama da promene mi\u0161ljenje i unesu neke novine u svoj \u017eivot. Danas \u0107u se potruditi da vam predstavim neke nove modne novitete koji su pristigli u moj garderober.<\/p>\n\n\n\n<p>Dana\u0161nji post zapo\u010dinjem odgovor na pitanje koje ste mogli pro\u010ditati u samom naslovu ovog posta. Postoji jedan vrlo dobar razlog za\u0161to ljubitelji mode jo\u0161 uvek vole ovaj neprikosnoven francuski brend luksuzne visoke &#8220;haute couture&#8221; mode \u2013 <strong><em><a rel=\"noreferrer noopener\" href=\"https:\/\/www.dior.com\" data-type=\"link\" data-id=\"https:\/\/www.dior.com\" target=\"_blank\">Christian Dior<\/a> (Kristijan Dior), <\/em><\/strong>danas poznatiji kao rebrendiran naziv<strong><em> <a rel=\"noreferrer noopener\" href=\"https:\/\/www.dior.com\" data-type=\"link\" data-id=\"https:\/\/www.dior.com\" target=\"_blank\">DIOR<\/a><\/em><\/strong>. Moj dana\u0161nji zadatak je bio da kreiram jednu neobi\u010dnu, nesvakida\u0161nju, svedenu, a ujedno i prefinjenu modnu odevnu kombinaciju sa <strong><em><a href=\"https:\/\/www.mytheresa.com\/\" target=\"_blank\" rel=\"noreferrer noopener\">MYTHERESA<\/a><\/em><\/strong> platformom za kupovinu.<\/p>\n\n\n\n<p>Dior je jedna od retkih modnih ku\u0107a koja je zasnovana na idealima \u017eenske lepote i klasi\u010dne, bezvremenske mode, tokom decenija je evoluirala je u jedan neobi\u010dan smeo, feministi\u010dki i mo\u0107an dizajn, koji je ostao na neki na\u010din dosledan svojim korenima. U dana\u0161njem postu, potrudi\u0107u se da vam napi\u0161em ne\u0161to vi\u0161e o istoriji Diora i kako je ovaj francuski brend izrastao u ono \u0161to je danas.<\/p>\n\n\n\n<p>Verujem da su mnogi od vas \u010duli za MYTHERESA platformu za kupovinu na Mr.M blogu, ali \u017eelela bih da vas bolje upoznam sa ovim elektronskim modnim rajem. <strong><em><a href=\"https:\/\/www.mytheresa.com\/\" target=\"_blank\" rel=\"noreferrer noopener\">MYTHERESA<\/a><\/em><\/strong> je jedna od vode\u0107ih globalnih platformi za luksuznu e-trgovinu koja posluje u preko 130 zemalja. Osnovana kao butik 1987. godine, MYTHERESA je pokrenuta onlajn 2006. godine i nudi konfekcijske proizvode, cipele, torbe i dodatke za \u017eene, mu\u0161karce i decu, kao i proizvode za \u017eivotni stil.<\/p>\n\n\n<div class=\"wp-block-image\">\n<figure class=\"aligncenter size-full\"><a href=\"https:\/\/mrm-style.com\/sr\/wp-content\/uploads\/2024\/05\/Modni-Dnevnik-Gospode-Mame-Zasto-svi-jos-uvek-volimo-Dior-Mr.M-by-Marko-Tadic-Ruzica-Tadic-mrmbymarkotadic20.jpg\"><img loading=\"lazy\" decoding=\"async\" width=\"1600\" height=\"2400\" src=\"https:\/\/mrm-style.com\/sr\/wp-content\/uploads\/2024\/05\/Modni-Dnevnik-Gospode-Mame-Zasto-svi-jos-uvek-volimo-Dior-Mr.M-by-Marko-Tadic-Ruzica-Tadic-mrmbymarkotadic20.jpg\" alt=\"\" class=\"wp-image-13305\" srcset=\"https:\/\/mrm-style.com\/sr\/wp-content\/uploads\/2024\/05\/Modni-Dnevnik-Gospode-Mame-Zasto-svi-jos-uvek-volimo-Dior-Mr.M-by-Marko-Tadic-Ruzica-Tadic-mrmbymarkotadic20.jpg 1600w, https:\/\/mrm-style.com\/sr\/wp-content\/uploads\/2024\/05\/Modni-Dnevnik-Gospode-Mame-Zasto-svi-jos-uvek-volimo-Dior-Mr.M-by-Marko-Tadic-Ruzica-Tadic-mrmbymarkotadic20-200x300.jpg 200w, https:\/\/mrm-style.com\/sr\/wp-content\/uploads\/2024\/05\/Modni-Dnevnik-Gospode-Mame-Zasto-svi-jos-uvek-volimo-Dior-Mr.M-by-Marko-Tadic-Ruzica-Tadic-mrmbymarkotadic20-683x1024.jpg 683w, https:\/\/mrm-style.com\/sr\/wp-content\/uploads\/2024\/05\/Modni-Dnevnik-Gospode-Mame-Zasto-svi-jos-uvek-volimo-Dior-Mr.M-by-Marko-Tadic-Ruzica-Tadic-mrmbymarkotadic20-768x1152.jpg 768w, https:\/\/mrm-style.com\/sr\/wp-content\/uploads\/2024\/05\/Modni-Dnevnik-Gospode-Mame-Zasto-svi-jos-uvek-volimo-Dior-Mr.M-by-Marko-Tadic-Ruzica-Tadic-mrmbymarkotadic20-1024x1536.jpg 1024w, https:\/\/mrm-style.com\/sr\/wp-content\/uploads\/2024\/05\/Modni-Dnevnik-Gospode-Mame-Zasto-svi-jos-uvek-volimo-Dior-Mr.M-by-Marko-Tadic-Ruzica-Tadic-mrmbymarkotadic20-1365x2048.jpg 1365w, https:\/\/mrm-style.com\/sr\/wp-content\/uploads\/2024\/05\/Modni-Dnevnik-Gospode-Mame-Zasto-svi-jos-uvek-volimo-Dior-Mr.M-by-Marko-Tadic-Ruzica-Tadic-mrmbymarkotadic20-1440x2160.jpg 1440w, https:\/\/mrm-style.com\/sr\/wp-content\/uploads\/2024\/05\/Modni-Dnevnik-Gospode-Mame-Zasto-svi-jos-uvek-volimo-Dior-Mr.M-by-Marko-Tadic-Ruzica-Tadic-mrmbymarkotadic20-800x1200.jpg 800w, https:\/\/mrm-style.com\/sr\/wp-content\/uploads\/2024\/05\/Modni-Dnevnik-Gospode-Mame-Zasto-svi-jos-uvek-volimo-Dior-Mr.M-by-Marko-Tadic-Ruzica-Tadic-mrmbymarkotadic20-550x825.jpg 550w, https:\/\/mrm-style.com\/sr\/wp-content\/uploads\/2024\/05\/Modni-Dnevnik-Gospode-Mame-Zasto-svi-jos-uvek-volimo-Dior-Mr.M-by-Marko-Tadic-Ruzica-Tadic-mrmbymarkotadic20-720x1080.jpg 720w, https:\/\/mrm-style.com\/sr\/wp-content\/uploads\/2024\/05\/Modni-Dnevnik-Gospode-Mame-Zasto-svi-jos-uvek-volimo-Dior-Mr.M-by-Marko-Tadic-Ruzica-Tadic-mrmbymarkotadic20-400x600.jpg 400w\" sizes=\"auto, (max-width: 1600px) 100vw, 1600px\" \/><\/a><\/figure>\n<\/div>\n\n<div class=\"wp-block-image\">\n<figure class=\"aligncenter size-full\"><a href=\"https:\/\/mrm-style.com\/sr\/wp-content\/uploads\/2024\/05\/Modni-Dnevnik-Gospode-Mame-Zasto-svi-jos-uvek-volimo-Dior-Mr.M-by-Marko-Tadic-Ruzica-Tadic-mrmbymarkotadic21.jpg\"><img loading=\"lazy\" decoding=\"async\" width=\"1600\" height=\"2400\" src=\"https:\/\/mrm-style.com\/sr\/wp-content\/uploads\/2024\/05\/Modni-Dnevnik-Gospode-Mame-Zasto-svi-jos-uvek-volimo-Dior-Mr.M-by-Marko-Tadic-Ruzica-Tadic-mrmbymarkotadic21.jpg\" alt=\"\" class=\"wp-image-13306\" srcset=\"https:\/\/mrm-style.com\/sr\/wp-content\/uploads\/2024\/05\/Modni-Dnevnik-Gospode-Mame-Zasto-svi-jos-uvek-volimo-Dior-Mr.M-by-Marko-Tadic-Ruzica-Tadic-mrmbymarkotadic21.jpg 1600w, https:\/\/mrm-style.com\/sr\/wp-content\/uploads\/2024\/05\/Modni-Dnevnik-Gospode-Mame-Zasto-svi-jos-uvek-volimo-Dior-Mr.M-by-Marko-Tadic-Ruzica-Tadic-mrmbymarkotadic21-200x300.jpg 200w, https:\/\/mrm-style.com\/sr\/wp-content\/uploads\/2024\/05\/Modni-Dnevnik-Gospode-Mame-Zasto-svi-jos-uvek-volimo-Dior-Mr.M-by-Marko-Tadic-Ruzica-Tadic-mrmbymarkotadic21-683x1024.jpg 683w, https:\/\/mrm-style.com\/sr\/wp-content\/uploads\/2024\/05\/Modni-Dnevnik-Gospode-Mame-Zasto-svi-jos-uvek-volimo-Dior-Mr.M-by-Marko-Tadic-Ruzica-Tadic-mrmbymarkotadic21-768x1152.jpg 768w, https:\/\/mrm-style.com\/sr\/wp-content\/uploads\/2024\/05\/Modni-Dnevnik-Gospode-Mame-Zasto-svi-jos-uvek-volimo-Dior-Mr.M-by-Marko-Tadic-Ruzica-Tadic-mrmbymarkotadic21-1024x1536.jpg 1024w, https:\/\/mrm-style.com\/sr\/wp-content\/uploads\/2024\/05\/Modni-Dnevnik-Gospode-Mame-Zasto-svi-jos-uvek-volimo-Dior-Mr.M-by-Marko-Tadic-Ruzica-Tadic-mrmbymarkotadic21-1365x2048.jpg 1365w, https:\/\/mrm-style.com\/sr\/wp-content\/uploads\/2024\/05\/Modni-Dnevnik-Gospode-Mame-Zasto-svi-jos-uvek-volimo-Dior-Mr.M-by-Marko-Tadic-Ruzica-Tadic-mrmbymarkotadic21-1440x2160.jpg 1440w, https:\/\/mrm-style.com\/sr\/wp-content\/uploads\/2024\/05\/Modni-Dnevnik-Gospode-Mame-Zasto-svi-jos-uvek-volimo-Dior-Mr.M-by-Marko-Tadic-Ruzica-Tadic-mrmbymarkotadic21-800x1200.jpg 800w, https:\/\/mrm-style.com\/sr\/wp-content\/uploads\/2024\/05\/Modni-Dnevnik-Gospode-Mame-Zasto-svi-jos-uvek-volimo-Dior-Mr.M-by-Marko-Tadic-Ruzica-Tadic-mrmbymarkotadic21-550x825.jpg 550w, https:\/\/mrm-style.com\/sr\/wp-content\/uploads\/2024\/05\/Modni-Dnevnik-Gospode-Mame-Zasto-svi-jos-uvek-volimo-Dior-Mr.M-by-Marko-Tadic-Ruzica-Tadic-mrmbymarkotadic21-720x1080.jpg 720w, https:\/\/mrm-style.com\/sr\/wp-content\/uploads\/2024\/05\/Modni-Dnevnik-Gospode-Mame-Zasto-svi-jos-uvek-volimo-Dior-Mr.M-by-Marko-Tadic-Ruzica-Tadic-mrmbymarkotadic21-400x600.jpg 400w\" sizes=\"auto, (max-width: 1600px) 100vw, 1600px\" \/><\/a><\/figure>\n<\/div>\n\n\n<p><strong><em><a href=\"https:\/\/www.mytheresa.com\/\" target=\"_blank\" rel=\"noreferrer noopener\">MYTHERESA<\/a><\/em><\/strong> onlajn prodavnicu su 2006. osnovali Susanne i Christoph Botschen i povezana je sa multi-brend prodavnicom u Minhenu (koja se ranije zvala THERESA prodavnica). Tokom 2014. godine, radnju THERESA i mytheresa.com kupio je ameri\u010dki luksuzni trgovac Neiman Marcus za 150 miliona evra, daju\u0107i Neimanu Markusu ve\u0107i pristup me\u0111unarodnim kupcima i oja\u010davaju\u0107i njihovu tehnologiju e-trgovine.<\/p>\n\n\n\n<p>Tokom bankrota Neimana Markusa 2020. godine, kompanija je zapo\u010dela proces izdvajanja Mytheresa kao nezavisnog entiteta. U januaru 2019. Mytheresa je pokrenula kategoriju de\u010dije ode\u0107e, a u januaru 2020. godine lansirani su Mytheresa Men. U maju 2022. usledila je nova kategorija ku\u0107nog pribora i na\u010dina \u017eivota. U 2022. godini, Mytheresa je pro\u0161irila svoju luksuznu ponudu na proizvode za dekoraciju doma i \u017eivotnog stila.<\/p>\n\n\n\n<p>Novitet koji su prezentovali ove godine je lansiranje sertifikovanih polovnih satova od preko 25 luksuznih brendova, kao \u0161to su Audemars Piguet i Cartier, u saradnji sa \u0161vajcarskom kompanijom za nakit i satove Bucherer. Kao globalni trgovac na malo, Mytheresa radi na 8 jezika: engleskom, nema\u010dkom, francuskom, italijanskom, \u0161panskom, arapskom, kineskom i korejskom.<\/p>\n\n\n\n<p>U dana\u0161njem postu vide\u0107ete neke modne komade brendova koje mo\u017eete prona\u0107i na <strong><em><a href=\"https:\/\/www.mytheresa.com\/\" target=\"_blank\" rel=\"noreferrer noopener\">MYTHERESA<\/a><\/em><\/strong> online platformi za kupovinu, poput: <strong><em><a rel=\"noreferrer noopener\" href=\"https:\/\/www.dior.com\" data-type=\"link\" data-id=\"https:\/\/www.dior.com\" target=\"_blank\">DIOR<\/a><\/em><\/strong>, <strong><em><a rel=\"noreferrer noopener\" href=\"http:\/\/www.rogervivier.com\" data-type=\"link\" data-id=\"www.rogervivier.com\" target=\"_blank\">Roger Vivier<\/a> i <a rel=\"noreferrer noopener\" href=\"http:\/\/www.cartier.com\" data-type=\"link\" data-id=\"www.cartier.com\" target=\"_blank\">Cartier<\/a><\/em><\/strong>.<\/p>\n\n\n<div class=\"wp-block-image\">\n<figure class=\"aligncenter size-full\"><a href=\"https:\/\/mrm-style.com\/sr\/wp-content\/uploads\/2024\/05\/Modni-Dnevnik-Gospode-Mame-Zasto-svi-jos-uvek-volimo-Dior-Mr.M-by-Marko-Tadic-Ruzica-Tadic-mrmbymarkotadic22.jpg\"><img loading=\"lazy\" decoding=\"async\" width=\"1600\" height=\"2400\" src=\"https:\/\/mrm-style.com\/sr\/wp-content\/uploads\/2024\/05\/Modni-Dnevnik-Gospode-Mame-Zasto-svi-jos-uvek-volimo-Dior-Mr.M-by-Marko-Tadic-Ruzica-Tadic-mrmbymarkotadic22.jpg\" alt=\"\" class=\"wp-image-13307\" srcset=\"https:\/\/mrm-style.com\/sr\/wp-content\/uploads\/2024\/05\/Modni-Dnevnik-Gospode-Mame-Zasto-svi-jos-uvek-volimo-Dior-Mr.M-by-Marko-Tadic-Ruzica-Tadic-mrmbymarkotadic22.jpg 1600w, https:\/\/mrm-style.com\/sr\/wp-content\/uploads\/2024\/05\/Modni-Dnevnik-Gospode-Mame-Zasto-svi-jos-uvek-volimo-Dior-Mr.M-by-Marko-Tadic-Ruzica-Tadic-mrmbymarkotadic22-200x300.jpg 200w, https:\/\/mrm-style.com\/sr\/wp-content\/uploads\/2024\/05\/Modni-Dnevnik-Gospode-Mame-Zasto-svi-jos-uvek-volimo-Dior-Mr.M-by-Marko-Tadic-Ruzica-Tadic-mrmbymarkotadic22-683x1024.jpg 683w, https:\/\/mrm-style.com\/sr\/wp-content\/uploads\/2024\/05\/Modni-Dnevnik-Gospode-Mame-Zasto-svi-jos-uvek-volimo-Dior-Mr.M-by-Marko-Tadic-Ruzica-Tadic-mrmbymarkotadic22-768x1152.jpg 768w, https:\/\/mrm-style.com\/sr\/wp-content\/uploads\/2024\/05\/Modni-Dnevnik-Gospode-Mame-Zasto-svi-jos-uvek-volimo-Dior-Mr.M-by-Marko-Tadic-Ruzica-Tadic-mrmbymarkotadic22-1024x1536.jpg 1024w, https:\/\/mrm-style.com\/sr\/wp-content\/uploads\/2024\/05\/Modni-Dnevnik-Gospode-Mame-Zasto-svi-jos-uvek-volimo-Dior-Mr.M-by-Marko-Tadic-Ruzica-Tadic-mrmbymarkotadic22-1365x2048.jpg 1365w, https:\/\/mrm-style.com\/sr\/wp-content\/uploads\/2024\/05\/Modni-Dnevnik-Gospode-Mame-Zasto-svi-jos-uvek-volimo-Dior-Mr.M-by-Marko-Tadic-Ruzica-Tadic-mrmbymarkotadic22-1440x2160.jpg 1440w, https:\/\/mrm-style.com\/sr\/wp-content\/uploads\/2024\/05\/Modni-Dnevnik-Gospode-Mame-Zasto-svi-jos-uvek-volimo-Dior-Mr.M-by-Marko-Tadic-Ruzica-Tadic-mrmbymarkotadic22-800x1200.jpg 800w, https:\/\/mrm-style.com\/sr\/wp-content\/uploads\/2024\/05\/Modni-Dnevnik-Gospode-Mame-Zasto-svi-jos-uvek-volimo-Dior-Mr.M-by-Marko-Tadic-Ruzica-Tadic-mrmbymarkotadic22-550x825.jpg 550w, https:\/\/mrm-style.com\/sr\/wp-content\/uploads\/2024\/05\/Modni-Dnevnik-Gospode-Mame-Zasto-svi-jos-uvek-volimo-Dior-Mr.M-by-Marko-Tadic-Ruzica-Tadic-mrmbymarkotadic22-720x1080.jpg 720w, https:\/\/mrm-style.com\/sr\/wp-content\/uploads\/2024\/05\/Modni-Dnevnik-Gospode-Mame-Zasto-svi-jos-uvek-volimo-Dior-Mr.M-by-Marko-Tadic-Ruzica-Tadic-mrmbymarkotadic22-400x600.jpg 400w\" sizes=\"auto, (max-width: 1600px) 100vw, 1600px\" \/><\/a><\/figure>\n<\/div>\n\n<div class=\"wp-block-image\">\n<figure class=\"aligncenter size-full\"><a href=\"https:\/\/mrm-style.com\/sr\/wp-content\/uploads\/2024\/05\/Modni-Dnevnik-Gospode-Mame-Zasto-svi-jos-uvek-volimo-Dior-Mr.M-by-Marko-Tadic-Ruzica-Tadic-mrmbymarkotadic17.jpg\"><img loading=\"lazy\" decoding=\"async\" width=\"2400\" height=\"1600\" src=\"https:\/\/mrm-style.com\/sr\/wp-content\/uploads\/2024\/05\/Modni-Dnevnik-Gospode-Mame-Zasto-svi-jos-uvek-volimo-Dior-Mr.M-by-Marko-Tadic-Ruzica-Tadic-mrmbymarkotadic17.jpg\" alt=\"\" class=\"wp-image-13302\" srcset=\"https:\/\/mrm-style.com\/sr\/wp-content\/uploads\/2024\/05\/Modni-Dnevnik-Gospode-Mame-Zasto-svi-jos-uvek-volimo-Dior-Mr.M-by-Marko-Tadic-Ruzica-Tadic-mrmbymarkotadic17.jpg 2400w, https:\/\/mrm-style.com\/sr\/wp-content\/uploads\/2024\/05\/Modni-Dnevnik-Gospode-Mame-Zasto-svi-jos-uvek-volimo-Dior-Mr.M-by-Marko-Tadic-Ruzica-Tadic-mrmbymarkotadic17-300x200.jpg 300w, https:\/\/mrm-style.com\/sr\/wp-content\/uploads\/2024\/05\/Modni-Dnevnik-Gospode-Mame-Zasto-svi-jos-uvek-volimo-Dior-Mr.M-by-Marko-Tadic-Ruzica-Tadic-mrmbymarkotadic17-1024x683.jpg 1024w, https:\/\/mrm-style.com\/sr\/wp-content\/uploads\/2024\/05\/Modni-Dnevnik-Gospode-Mame-Zasto-svi-jos-uvek-volimo-Dior-Mr.M-by-Marko-Tadic-Ruzica-Tadic-mrmbymarkotadic17-768x512.jpg 768w, https:\/\/mrm-style.com\/sr\/wp-content\/uploads\/2024\/05\/Modni-Dnevnik-Gospode-Mame-Zasto-svi-jos-uvek-volimo-Dior-Mr.M-by-Marko-Tadic-Ruzica-Tadic-mrmbymarkotadic17-1536x1024.jpg 1536w, https:\/\/mrm-style.com\/sr\/wp-content\/uploads\/2024\/05\/Modni-Dnevnik-Gospode-Mame-Zasto-svi-jos-uvek-volimo-Dior-Mr.M-by-Marko-Tadic-Ruzica-Tadic-mrmbymarkotadic17-2048x1365.jpg 2048w, https:\/\/mrm-style.com\/sr\/wp-content\/uploads\/2024\/05\/Modni-Dnevnik-Gospode-Mame-Zasto-svi-jos-uvek-volimo-Dior-Mr.M-by-Marko-Tadic-Ruzica-Tadic-mrmbymarkotadic17-1440x960.jpg 1440w, https:\/\/mrm-style.com\/sr\/wp-content\/uploads\/2024\/05\/Modni-Dnevnik-Gospode-Mame-Zasto-svi-jos-uvek-volimo-Dior-Mr.M-by-Marko-Tadic-Ruzica-Tadic-mrmbymarkotadic17-800x533.jpg 800w, https:\/\/mrm-style.com\/sr\/wp-content\/uploads\/2024\/05\/Modni-Dnevnik-Gospode-Mame-Zasto-svi-jos-uvek-volimo-Dior-Mr.M-by-Marko-Tadic-Ruzica-Tadic-mrmbymarkotadic17-550x367.jpg 550w, https:\/\/mrm-style.com\/sr\/wp-content\/uploads\/2024\/05\/Modni-Dnevnik-Gospode-Mame-Zasto-svi-jos-uvek-volimo-Dior-Mr.M-by-Marko-Tadic-Ruzica-Tadic-mrmbymarkotadic17-1920x1280.jpg 1920w, https:\/\/mrm-style.com\/sr\/wp-content\/uploads\/2024\/05\/Modni-Dnevnik-Gospode-Mame-Zasto-svi-jos-uvek-volimo-Dior-Mr.M-by-Marko-Tadic-Ruzica-Tadic-mrmbymarkotadic17-1620x1080.jpg 1620w, https:\/\/mrm-style.com\/sr\/wp-content\/uploads\/2024\/05\/Modni-Dnevnik-Gospode-Mame-Zasto-svi-jos-uvek-volimo-Dior-Mr.M-by-Marko-Tadic-Ruzica-Tadic-mrmbymarkotadic17-900x600.jpg 900w\" sizes=\"auto, (max-width: 2400px) 100vw, 2400px\" \/><\/a><\/figure>\n<\/div>\n\n\n<p>Da se vratimo na brend koji je tema dana\u0161nje modne pri\u010de. <strong><em><a href=\"https:\/\/www.dior.com\" data-type=\"link\" data-id=\"https:\/\/www.dior.com\" target=\"_blank\" rel=\"noreferrer noopener\">Dior<\/a><\/em><\/strong> kao francuski brend, koji datira iz 1940-ih, pru\u017ea ljubiteljima mode \u0161irom sveta neke od najlep\u0161ih odevnih predmeta, bilo da se radi o konfekciji za koktel ili haute couture haljini na crvenom tepihu ili luksuznih svakodnevnih komada koji \u0107e zasigurno privu\u0107i pa\u017enju svih ljudi koji vas ugledaju. Ovaj vanvremenski brend je tako\u0111e izdr\u017eao test vremena, razvijaju\u0107i se sa svakim kreativnim liderom koji je pro\u0161ao kroz njegova vrata. Modna ku\u0107a je ugostila neke od najneverovatnijih talenata u industriji i \u010dvrsto verujem da \u0107e to nastaviti \u010diniti godinama koje dolaze.<\/p>\n\n\n\n<p><em>Kada i gde je zapo\u010deta modna avantura zvana <strong><a href=\"https:\/\/www.dior.com\" data-type=\"link\" data-id=\"https:\/\/www.dior.com\" target=\"_blank\" rel=\"noreferrer noopener\">Christian Dior<\/a><\/strong>?<\/em> Iako je nezvani\u010dno stvoren 1946. godine, brend Dior u svojim podacima navodi da je 1947. godina njihovog po\u010detka, jer je tada debitovala prva kolekcija modne ku\u0107e. Christian Dior je pokrenuo brend u Parizu sa radnjom u \u010duvenoj ulici Avenija Montaigne 30. Zanimljiv podatak je da je bilo potrebno manje od tri meseca od stvaranja brenda da bi se prikazala prva kolekcija 12. februara 1947. godine. <\/p>\n\n\n\n<p>Gospodin Dior je gajio duboku ljubav i po\u0161tovanje prema umetnosti i vodio je umetni\u010dku galeriju u Francuskoj pre nego \u0161to je u\u0161ao u modu. Nakon \u0161to je zatvorio svoju galeriju tokom Velike depresije, radio je kod modnog dizajnera Roberta Pigueta i tada\u0161njeg modnog dizajnera Luciena Lelonga. Dior je ipak bio spreman da svoj rad bude prikazan, \u0161to ga je dovelo do toga da stvori sopstvenu modnu ku\u0107u 1946. godine, a ro\u0111en je Kristijan Dior.<\/p>\n\n\n<div class=\"wp-block-image\">\n<figure class=\"aligncenter size-full\"><a href=\"https:\/\/mrm-style.com\/sr\/wp-content\/uploads\/2024\/05\/Modni-Dnevnik-Gospode-Mame-Zasto-svi-jos-uvek-volimo-Dior-Mr.M-by-Marko-Tadic-Ruzica-Tadic-mrmbymarkotadic4.jpg\"><img loading=\"lazy\" decoding=\"async\" width=\"2400\" height=\"1600\" src=\"https:\/\/mrm-style.com\/sr\/wp-content\/uploads\/2024\/05\/Modni-Dnevnik-Gospode-Mame-Zasto-svi-jos-uvek-volimo-Dior-Mr.M-by-Marko-Tadic-Ruzica-Tadic-mrmbymarkotadic4.jpg\" alt=\"\" class=\"wp-image-13289\" srcset=\"https:\/\/mrm-style.com\/sr\/wp-content\/uploads\/2024\/05\/Modni-Dnevnik-Gospode-Mame-Zasto-svi-jos-uvek-volimo-Dior-Mr.M-by-Marko-Tadic-Ruzica-Tadic-mrmbymarkotadic4.jpg 2400w, https:\/\/mrm-style.com\/sr\/wp-content\/uploads\/2024\/05\/Modni-Dnevnik-Gospode-Mame-Zasto-svi-jos-uvek-volimo-Dior-Mr.M-by-Marko-Tadic-Ruzica-Tadic-mrmbymarkotadic4-300x200.jpg 300w, https:\/\/mrm-style.com\/sr\/wp-content\/uploads\/2024\/05\/Modni-Dnevnik-Gospode-Mame-Zasto-svi-jos-uvek-volimo-Dior-Mr.M-by-Marko-Tadic-Ruzica-Tadic-mrmbymarkotadic4-1024x683.jpg 1024w, https:\/\/mrm-style.com\/sr\/wp-content\/uploads\/2024\/05\/Modni-Dnevnik-Gospode-Mame-Zasto-svi-jos-uvek-volimo-Dior-Mr.M-by-Marko-Tadic-Ruzica-Tadic-mrmbymarkotadic4-768x512.jpg 768w, https:\/\/mrm-style.com\/sr\/wp-content\/uploads\/2024\/05\/Modni-Dnevnik-Gospode-Mame-Zasto-svi-jos-uvek-volimo-Dior-Mr.M-by-Marko-Tadic-Ruzica-Tadic-mrmbymarkotadic4-1536x1024.jpg 1536w, https:\/\/mrm-style.com\/sr\/wp-content\/uploads\/2024\/05\/Modni-Dnevnik-Gospode-Mame-Zasto-svi-jos-uvek-volimo-Dior-Mr.M-by-Marko-Tadic-Ruzica-Tadic-mrmbymarkotadic4-2048x1365.jpg 2048w, https:\/\/mrm-style.com\/sr\/wp-content\/uploads\/2024\/05\/Modni-Dnevnik-Gospode-Mame-Zasto-svi-jos-uvek-volimo-Dior-Mr.M-by-Marko-Tadic-Ruzica-Tadic-mrmbymarkotadic4-1440x960.jpg 1440w, https:\/\/mrm-style.com\/sr\/wp-content\/uploads\/2024\/05\/Modni-Dnevnik-Gospode-Mame-Zasto-svi-jos-uvek-volimo-Dior-Mr.M-by-Marko-Tadic-Ruzica-Tadic-mrmbymarkotadic4-800x533.jpg 800w, https:\/\/mrm-style.com\/sr\/wp-content\/uploads\/2024\/05\/Modni-Dnevnik-Gospode-Mame-Zasto-svi-jos-uvek-volimo-Dior-Mr.M-by-Marko-Tadic-Ruzica-Tadic-mrmbymarkotadic4-550x367.jpg 550w, https:\/\/mrm-style.com\/sr\/wp-content\/uploads\/2024\/05\/Modni-Dnevnik-Gospode-Mame-Zasto-svi-jos-uvek-volimo-Dior-Mr.M-by-Marko-Tadic-Ruzica-Tadic-mrmbymarkotadic4-1920x1280.jpg 1920w, https:\/\/mrm-style.com\/sr\/wp-content\/uploads\/2024\/05\/Modni-Dnevnik-Gospode-Mame-Zasto-svi-jos-uvek-volimo-Dior-Mr.M-by-Marko-Tadic-Ruzica-Tadic-mrmbymarkotadic4-1620x1080.jpg 1620w, https:\/\/mrm-style.com\/sr\/wp-content\/uploads\/2024\/05\/Modni-Dnevnik-Gospode-Mame-Zasto-svi-jos-uvek-volimo-Dior-Mr.M-by-Marko-Tadic-Ruzica-Tadic-mrmbymarkotadic4-900x600.jpg 900w\" sizes=\"auto, (max-width: 2400px) 100vw, 2400px\" \/><\/a><\/figure>\n<\/div>\n\n\n<p>Ubrzo je Dior postao globalno poznat modni brend. Otvorio je prodavnicu na uglu Pete avenije i 57. ulice u Njujorku 1948. godine, \u010dime je Dior prvi put zvani\u010dno do\u0161ao na ameri\u010dko tr\u017ei\u0161te. Sa globalnim lansiranjem stigla je i pro\u0161irena kolekcija. Dior je po\u010deo sa svojim mirisnim notama, uvode\u0107i Miss Dior, koji je posvetio svojoj sestri. Otprilike u to vreme Dior je shvatio da njegov brend treba da pru\u017ei celokupno modno iskustvo da bi nastavio svoju idejnu viziju i promenio dizajn svog brenda. <\/p>\n\n\n\n<p>Svaki <strong><em><a href=\"https:\/\/www.dior.com\" data-type=\"link\" data-id=\"https:\/\/www.dior.com\" target=\"_blank\" rel=\"noreferrer noopener\">Dior<\/a><\/em><\/strong> kupac mogao je da ima kapute, cipele, \u0161e\u0161ire i svaki drugi komad neophodan da u potpunosti uhvati novi &#8220;modni talas&#8221; od glave do pete. Brend Dior je nastavio da raste, a sam Dior je nastavio da obla\u010di najve\u0107e zvezde tog vremena. \u010cak je i kreirao sa \u010duvenu Marlen Ditrih za njenu ulogu iz 1950. godine u filmu Alfreda Hi\u010dkoka &#8220;Strah na sceni&#8221;. Njegove kreacije su ostali stalni deo njenog ormana, kao i mnoge drugih diva kasnih 40-ih i ranih 50-ih godina pro\u0161log veka.<\/p>\n\n\n<div class=\"wp-block-image\">\n<figure class=\"aligncenter size-full\"><a href=\"https:\/\/mrm-style.com\/sr\/wp-content\/uploads\/2024\/05\/Modni-Dnevnik-Gospode-Mame-Zasto-svi-jos-uvek-volimo-Dior-Mr.M-by-Marko-Tadic-Ruzica-Tadic-mrmbymarkotadic7.jpg\"><img loading=\"lazy\" decoding=\"async\" width=\"1600\" height=\"2400\" src=\"https:\/\/mrm-style.com\/sr\/wp-content\/uploads\/2024\/05\/Modni-Dnevnik-Gospode-Mame-Zasto-svi-jos-uvek-volimo-Dior-Mr.M-by-Marko-Tadic-Ruzica-Tadic-mrmbymarkotadic7.jpg\" alt=\"\" class=\"wp-image-13292\" srcset=\"https:\/\/mrm-style.com\/sr\/wp-content\/uploads\/2024\/05\/Modni-Dnevnik-Gospode-Mame-Zasto-svi-jos-uvek-volimo-Dior-Mr.M-by-Marko-Tadic-Ruzica-Tadic-mrmbymarkotadic7.jpg 1600w, https:\/\/mrm-style.com\/sr\/wp-content\/uploads\/2024\/05\/Modni-Dnevnik-Gospode-Mame-Zasto-svi-jos-uvek-volimo-Dior-Mr.M-by-Marko-Tadic-Ruzica-Tadic-mrmbymarkotadic7-200x300.jpg 200w, https:\/\/mrm-style.com\/sr\/wp-content\/uploads\/2024\/05\/Modni-Dnevnik-Gospode-Mame-Zasto-svi-jos-uvek-volimo-Dior-Mr.M-by-Marko-Tadic-Ruzica-Tadic-mrmbymarkotadic7-683x1024.jpg 683w, https:\/\/mrm-style.com\/sr\/wp-content\/uploads\/2024\/05\/Modni-Dnevnik-Gospode-Mame-Zasto-svi-jos-uvek-volimo-Dior-Mr.M-by-Marko-Tadic-Ruzica-Tadic-mrmbymarkotadic7-768x1152.jpg 768w, https:\/\/mrm-style.com\/sr\/wp-content\/uploads\/2024\/05\/Modni-Dnevnik-Gospode-Mame-Zasto-svi-jos-uvek-volimo-Dior-Mr.M-by-Marko-Tadic-Ruzica-Tadic-mrmbymarkotadic7-1024x1536.jpg 1024w, https:\/\/mrm-style.com\/sr\/wp-content\/uploads\/2024\/05\/Modni-Dnevnik-Gospode-Mame-Zasto-svi-jos-uvek-volimo-Dior-Mr.M-by-Marko-Tadic-Ruzica-Tadic-mrmbymarkotadic7-1365x2048.jpg 1365w, https:\/\/mrm-style.com\/sr\/wp-content\/uploads\/2024\/05\/Modni-Dnevnik-Gospode-Mame-Zasto-svi-jos-uvek-volimo-Dior-Mr.M-by-Marko-Tadic-Ruzica-Tadic-mrmbymarkotadic7-1440x2160.jpg 1440w, https:\/\/mrm-style.com\/sr\/wp-content\/uploads\/2024\/05\/Modni-Dnevnik-Gospode-Mame-Zasto-svi-jos-uvek-volimo-Dior-Mr.M-by-Marko-Tadic-Ruzica-Tadic-mrmbymarkotadic7-800x1200.jpg 800w, https:\/\/mrm-style.com\/sr\/wp-content\/uploads\/2024\/05\/Modni-Dnevnik-Gospode-Mame-Zasto-svi-jos-uvek-volimo-Dior-Mr.M-by-Marko-Tadic-Ruzica-Tadic-mrmbymarkotadic7-550x825.jpg 550w, https:\/\/mrm-style.com\/sr\/wp-content\/uploads\/2024\/05\/Modni-Dnevnik-Gospode-Mame-Zasto-svi-jos-uvek-volimo-Dior-Mr.M-by-Marko-Tadic-Ruzica-Tadic-mrmbymarkotadic7-720x1080.jpg 720w, https:\/\/mrm-style.com\/sr\/wp-content\/uploads\/2024\/05\/Modni-Dnevnik-Gospode-Mame-Zasto-svi-jos-uvek-volimo-Dior-Mr.M-by-Marko-Tadic-Ruzica-Tadic-mrmbymarkotadic7-400x600.jpg 400w\" sizes=\"auto, (max-width: 1600px) 100vw, 1600px\" \/><\/a><\/figure>\n<\/div>\n\n\n<h2 class=\"wp-block-heading has-text-align-center\"><strong>OUTFIT<\/strong><\/h2>\n\n\n\n<p class=\"has-text-align-center\"><em>Perika<\/em>: <strong><a href=\"https:\/\/www.perike-in.rs\/\" target=\"_blank\" rel=\"noreferrer noopener\">Perike IN<\/a><\/strong><\/p>\n\n\n\n<p class=\"has-text-align-center\"><em>Haljina:<\/em> <strong><a href=\"https:\/\/world.maxmara.com\/\" data-type=\"link\" data-id=\"https:\/\/world.maxmara.com\/\" target=\"_blank\" rel=\"noreferrer noopener\">Max Mara<\/a><\/strong><\/p>\n\n\n\n<p class=\"has-text-align-center\"><em>Torba:<\/em> <strong><a href=\"https:\/\/www.dior.com\/en_int\" target=\"_blank\" rel=\"noreferrer noopener\">DIOR<\/a><\/strong><\/p>\n\n\n\n<p class=\"has-text-align-center\"><em>Nao\u010dare za sunce:<\/em><strong> <a href=\"https:\/\/www.cartier.com\" data-type=\"link\" data-id=\"https:\/\/www.cartier.com\">Cartier<\/a><\/strong> <em>via<\/em> <strong><a rel=\"noreferrer noopener\" href=\"https:\/\/www.mytheresa.com\/de\/de\/damen\/designer\/magda-butrym\" target=\"_blank\">MYTHERESA<\/a><\/strong><\/p>\n\n\n\n<p class=\"has-text-align-center\"><em>Bro\u0161:<\/em><strong> Vintage komad iz li\u010dne kolekcije<\/strong> <\/p>\n\n\n\n<p class=\"has-text-align-center\"><em>Biserna ogrlica:<\/em> <strong><a href=\"https:\/\/yokolondon.com\/products\/classic-18k-gold-akoya-pearl-necklace?variant=47580157378871\" data-type=\"link\" data-id=\"https:\/\/yokolondon.com\/products\/classic-18k-gold-akoya-pearl-necklace?variant=47580157378871\" target=\"_blank\" rel=\"noreferrer noopener\">YOKO London<\/a><\/strong><\/p>\n\n\n\n<p class=\"has-text-align-center\"><em>Baletanke:<\/em><strong> <a href=\"https:\/\/www.rogervivier.com\" data-type=\"link\" data-id=\"https:\/\/www.rogervivier.com\" target=\"_blank\" rel=\"noreferrer noopener\">Roger Vivier<\/a><\/strong> <em>via<\/em> <strong><em><a href=\"https:\/\/www.mytheresa.com\/fr\/en\/women\/designers\/roger-vivier\" data-type=\"link\" data-id=\"https:\/\/www.mytheresa.com\/fr\/en\/women\/designers\/roger-vivier\" target=\"_blank\" rel=\"noreferrer noopener\">MYTHERESA<\/a><\/em><\/strong><\/p>\n\n\n<div class=\"wp-block-image\">\n<figure class=\"aligncenter size-full\"><a href=\"https:\/\/mrm-style.com\/sr\/wp-content\/uploads\/2024\/05\/Modni-Dnevnik-Gospode-Mame-Zasto-svi-jos-uvek-volimo-Dior-Mr.M-by-Marko-Tadic-Ruzica-Tadic-mrmbymarkotadic12.jpg\"><img loading=\"lazy\" decoding=\"async\" width=\"2500\" height=\"1443\" src=\"https:\/\/mrm-style.com\/sr\/wp-content\/uploads\/2024\/05\/Modni-Dnevnik-Gospode-Mame-Zasto-svi-jos-uvek-volimo-Dior-Mr.M-by-Marko-Tadic-Ruzica-Tadic-mrmbymarkotadic12.jpg\" alt=\"\" class=\"wp-image-13297\" srcset=\"https:\/\/mrm-style.com\/sr\/wp-content\/uploads\/2024\/05\/Modni-Dnevnik-Gospode-Mame-Zasto-svi-jos-uvek-volimo-Dior-Mr.M-by-Marko-Tadic-Ruzica-Tadic-mrmbymarkotadic12.jpg 2500w, https:\/\/mrm-style.com\/sr\/wp-content\/uploads\/2024\/05\/Modni-Dnevnik-Gospode-Mame-Zasto-svi-jos-uvek-volimo-Dior-Mr.M-by-Marko-Tadic-Ruzica-Tadic-mrmbymarkotadic12-300x173.jpg 300w, https:\/\/mrm-style.com\/sr\/wp-content\/uploads\/2024\/05\/Modni-Dnevnik-Gospode-Mame-Zasto-svi-jos-uvek-volimo-Dior-Mr.M-by-Marko-Tadic-Ruzica-Tadic-mrmbymarkotadic12-1024x591.jpg 1024w, https:\/\/mrm-style.com\/sr\/wp-content\/uploads\/2024\/05\/Modni-Dnevnik-Gospode-Mame-Zasto-svi-jos-uvek-volimo-Dior-Mr.M-by-Marko-Tadic-Ruzica-Tadic-mrmbymarkotadic12-768x443.jpg 768w, https:\/\/mrm-style.com\/sr\/wp-content\/uploads\/2024\/05\/Modni-Dnevnik-Gospode-Mame-Zasto-svi-jos-uvek-volimo-Dior-Mr.M-by-Marko-Tadic-Ruzica-Tadic-mrmbymarkotadic12-1536x887.jpg 1536w, https:\/\/mrm-style.com\/sr\/wp-content\/uploads\/2024\/05\/Modni-Dnevnik-Gospode-Mame-Zasto-svi-jos-uvek-volimo-Dior-Mr.M-by-Marko-Tadic-Ruzica-Tadic-mrmbymarkotadic12-2048x1182.jpg 2048w, https:\/\/mrm-style.com\/sr\/wp-content\/uploads\/2024\/05\/Modni-Dnevnik-Gospode-Mame-Zasto-svi-jos-uvek-volimo-Dior-Mr.M-by-Marko-Tadic-Ruzica-Tadic-mrmbymarkotadic12-1440x831.jpg 1440w, https:\/\/mrm-style.com\/sr\/wp-content\/uploads\/2024\/05\/Modni-Dnevnik-Gospode-Mame-Zasto-svi-jos-uvek-volimo-Dior-Mr.M-by-Marko-Tadic-Ruzica-Tadic-mrmbymarkotadic12-800x462.jpg 800w, https:\/\/mrm-style.com\/sr\/wp-content\/uploads\/2024\/05\/Modni-Dnevnik-Gospode-Mame-Zasto-svi-jos-uvek-volimo-Dior-Mr.M-by-Marko-Tadic-Ruzica-Tadic-mrmbymarkotadic12-550x317.jpg 550w, https:\/\/mrm-style.com\/sr\/wp-content\/uploads\/2024\/05\/Modni-Dnevnik-Gospode-Mame-Zasto-svi-jos-uvek-volimo-Dior-Mr.M-by-Marko-Tadic-Ruzica-Tadic-mrmbymarkotadic12-1920x1108.jpg 1920w, https:\/\/mrm-style.com\/sr\/wp-content\/uploads\/2024\/05\/Modni-Dnevnik-Gospode-Mame-Zasto-svi-jos-uvek-volimo-Dior-Mr.M-by-Marko-Tadic-Ruzica-Tadic-mrmbymarkotadic12-1871x1080.jpg 1871w, https:\/\/mrm-style.com\/sr\/wp-content\/uploads\/2024\/05\/Modni-Dnevnik-Gospode-Mame-Zasto-svi-jos-uvek-volimo-Dior-Mr.M-by-Marko-Tadic-Ruzica-Tadic-mrmbymarkotadic12-1040x600.jpg 1040w\" sizes=\"auto, (max-width: 2500px) 100vw, 2500px\" \/><\/a><\/figure>\n<\/div>\n\n\n<p>Kristijan Dior je umro 1957. godine od posledica ogromnog sr\u010danog udara u 52. godini \u017eivota. Ceo svet mode \u017ealio je zbog gubitka ikone industrije koja je prerano nestala sa modne scene. Da bi odr\u017eao du\u0161u brenda nakon Diorove smrti, gospodin Yves Saint Laurent (Iv Sen Loran) je preuzeo ulogu umetni\u010dkog direktora brenda. Ovaj 21-godi\u0161njak je nastavio Diorovo nasle\u0111e, u velikoj meri zadr\u017eavaju\u0107i originalnu kreativnu viziju netaknutom. Me\u0111utim, nastojao je da brend dovede u mek\u0161u siluetu, olabaviv\u0161i zategnute strukove i ispustiv\u0161i deo strukture. Nove kolekcije su bile nekad nepogre\u0161ivo pogo\u0111ene ili \u010dist proma\u0161aj sve dok je industrija poku\u0161avala da prona\u0111e nekog drugog da vodi brend Christian Dior. Kada je Iv Sen Loran pozvan da slu\u017ei u francuskoj vojsci 1960. godine, oslobo\u0111en je brenda.<\/p>\n\n\n\n<p><em>Koja je pri\u010da <strong><a href=\"https:\/\/www.dior.com\/en_int\/fashion\/womens-fashion\/bags\/lady-dior\" data-type=\"link\" data-id=\"https:\/\/www.dior.com\/en_int\/fashion\/womens-fashion\/bags\/lady-dior\" target=\"_blank\" rel=\"noreferrer noopener\">Lady Dior torbe<\/a><\/strong>?<\/em> Ova zvezda francuske modne ku\u0107e Dior je ro\u0111ena 1995. godine, ova torba se prvi put pojavila na ruci lejdi Dajane, princeze od Velsa na nenjom putovanju u Pariz. Pre tog trenutka, ova Dior torba nije imala ime, ali je zbog istorijskog trenutka sa ovom torbom na njenoj ruci dobila savr\u0161eno ime: Lady Dior (Lejdi Dior).<\/p>\n\n\n\n<p>Ova torba predstavlja svedo\u010danstvo izuzetnog ukusa u Dior ateljeima, Lady Dior torba je nastavak nasle\u0111a Christian Dior-a, svaki element je pa\u017eljivo izra\u0111en, u skladu sa nasle\u0111em ku\u0107e. Metalne priveske koje padaju sa kai\u0161a inspirisane su amajlijama koje je toliko voleo, a \u0161avovi sa potpisom je poznato sa stolica Napoleona III na kojima bi sedeli gosti na revijama Dior na pisti: nit istorije provla\u010di se kroz svaku od njih.<\/p>\n\n\n\n<p>Lady Dior torba koju vidite u dana\u0161njem postu je mini verzija i izra\u0111ena je od ko\u017ee pravog pitona u pastelnim braon &#8211; zlatnim tonovima sa zlatnim metalnim detaljima.<\/p>\n\n\n\n<p>Ako \u017eelite da budete u toku i da saznate koje sve novitete nam sprema <strong><em><a rel=\"noreferrer noopener\" href=\"https:\/\/www.dior.com\" data-type=\"link\" data-id=\"https:\/\/www.dior.com\" target=\"_blank\">DIOR<\/a><\/em><\/strong> ove modne sezone, zapratite ovu modnu ku\u0107u na dru\u0161tvenim mre\u017eama&nbsp;<strong><em><a rel=\"noreferrer noopener\" href=\"https:\/\/www.facebook.com\/Dior\/\" data-type=\"link\" data-id=\"https:\/\/www.facebook.com\/Dior\/\" target=\"_blank\">Fejsbuk<\/a><\/em><\/strong>&nbsp;i&nbsp;<strong><em><a rel=\"noreferrer noopener\" href=\"https:\/\/www.instagram.com\/dior\/\" data-type=\"link\" data-id=\"https:\/\/www.instagram.com\/dior\/\" target=\"_blank\">Instagram<\/a><\/em><\/strong>.<\/p>\n\n\n<div class=\"wp-block-image\">\n<figure class=\"aligncenter size-full\"><a href=\"https:\/\/mrm-style.com\/sr\/wp-content\/uploads\/2024\/05\/Modni-Dnevnik-Gospode-Mame-Zasto-svi-jos-uvek-volimo-Dior-Mr.M-by-Marko-Tadic-Ruzica-Tadic-mrmbymarkotadic5.jpg\"><img loading=\"lazy\" decoding=\"async\" width=\"1600\" height=\"2400\" src=\"https:\/\/mrm-style.com\/sr\/wp-content\/uploads\/2024\/05\/Modni-Dnevnik-Gospode-Mame-Zasto-svi-jos-uvek-volimo-Dior-Mr.M-by-Marko-Tadic-Ruzica-Tadic-mrmbymarkotadic5.jpg\" alt=\"\" class=\"wp-image-13290\" srcset=\"https:\/\/mrm-style.com\/sr\/wp-content\/uploads\/2024\/05\/Modni-Dnevnik-Gospode-Mame-Zasto-svi-jos-uvek-volimo-Dior-Mr.M-by-Marko-Tadic-Ruzica-Tadic-mrmbymarkotadic5.jpg 1600w, https:\/\/mrm-style.com\/sr\/wp-content\/uploads\/2024\/05\/Modni-Dnevnik-Gospode-Mame-Zasto-svi-jos-uvek-volimo-Dior-Mr.M-by-Marko-Tadic-Ruzica-Tadic-mrmbymarkotadic5-200x300.jpg 200w, https:\/\/mrm-style.com\/sr\/wp-content\/uploads\/2024\/05\/Modni-Dnevnik-Gospode-Mame-Zasto-svi-jos-uvek-volimo-Dior-Mr.M-by-Marko-Tadic-Ruzica-Tadic-mrmbymarkotadic5-683x1024.jpg 683w, https:\/\/mrm-style.com\/sr\/wp-content\/uploads\/2024\/05\/Modni-Dnevnik-Gospode-Mame-Zasto-svi-jos-uvek-volimo-Dior-Mr.M-by-Marko-Tadic-Ruzica-Tadic-mrmbymarkotadic5-768x1152.jpg 768w, https:\/\/mrm-style.com\/sr\/wp-content\/uploads\/2024\/05\/Modni-Dnevnik-Gospode-Mame-Zasto-svi-jos-uvek-volimo-Dior-Mr.M-by-Marko-Tadic-Ruzica-Tadic-mrmbymarkotadic5-1024x1536.jpg 1024w, https:\/\/mrm-style.com\/sr\/wp-content\/uploads\/2024\/05\/Modni-Dnevnik-Gospode-Mame-Zasto-svi-jos-uvek-volimo-Dior-Mr.M-by-Marko-Tadic-Ruzica-Tadic-mrmbymarkotadic5-1365x2048.jpg 1365w, https:\/\/mrm-style.com\/sr\/wp-content\/uploads\/2024\/05\/Modni-Dnevnik-Gospode-Mame-Zasto-svi-jos-uvek-volimo-Dior-Mr.M-by-Marko-Tadic-Ruzica-Tadic-mrmbymarkotadic5-1440x2160.jpg 1440w, https:\/\/mrm-style.com\/sr\/wp-content\/uploads\/2024\/05\/Modni-Dnevnik-Gospode-Mame-Zasto-svi-jos-uvek-volimo-Dior-Mr.M-by-Marko-Tadic-Ruzica-Tadic-mrmbymarkotadic5-800x1200.jpg 800w, https:\/\/mrm-style.com\/sr\/wp-content\/uploads\/2024\/05\/Modni-Dnevnik-Gospode-Mame-Zasto-svi-jos-uvek-volimo-Dior-Mr.M-by-Marko-Tadic-Ruzica-Tadic-mrmbymarkotadic5-550x825.jpg 550w, https:\/\/mrm-style.com\/sr\/wp-content\/uploads\/2024\/05\/Modni-Dnevnik-Gospode-Mame-Zasto-svi-jos-uvek-volimo-Dior-Mr.M-by-Marko-Tadic-Ruzica-Tadic-mrmbymarkotadic5-720x1080.jpg 720w, https:\/\/mrm-style.com\/sr\/wp-content\/uploads\/2024\/05\/Modni-Dnevnik-Gospode-Mame-Zasto-svi-jos-uvek-volimo-Dior-Mr.M-by-Marko-Tadic-Ruzica-Tadic-mrmbymarkotadic5-400x600.jpg 400w\" sizes=\"auto, (max-width: 1600px) 100vw, 1600px\" \/><\/a><\/figure>\n<\/div>\n\n<div class=\"wp-block-image\">\n<figure class=\"aligncenter size-full\"><a href=\"https:\/\/mrm-style.com\/sr\/wp-content\/uploads\/2024\/05\/Modni-Dnevnik-Gospode-Mame-Zasto-svi-jos-uvek-volimo-Dior-Mr.M-by-Marko-Tadic-Ruzica-Tadic-mrmbymarkotadic13.jpg\"><img loading=\"lazy\" decoding=\"async\" width=\"2400\" height=\"1600\" src=\"https:\/\/mrm-style.com\/sr\/wp-content\/uploads\/2024\/05\/Modni-Dnevnik-Gospode-Mame-Zasto-svi-jos-uvek-volimo-Dior-Mr.M-by-Marko-Tadic-Ruzica-Tadic-mrmbymarkotadic13.jpg\" alt=\"\" class=\"wp-image-13298\" srcset=\"https:\/\/mrm-style.com\/sr\/wp-content\/uploads\/2024\/05\/Modni-Dnevnik-Gospode-Mame-Zasto-svi-jos-uvek-volimo-Dior-Mr.M-by-Marko-Tadic-Ruzica-Tadic-mrmbymarkotadic13.jpg 2400w, https:\/\/mrm-style.com\/sr\/wp-content\/uploads\/2024\/05\/Modni-Dnevnik-Gospode-Mame-Zasto-svi-jos-uvek-volimo-Dior-Mr.M-by-Marko-Tadic-Ruzica-Tadic-mrmbymarkotadic13-300x200.jpg 300w, https:\/\/mrm-style.com\/sr\/wp-content\/uploads\/2024\/05\/Modni-Dnevnik-Gospode-Mame-Zasto-svi-jos-uvek-volimo-Dior-Mr.M-by-Marko-Tadic-Ruzica-Tadic-mrmbymarkotadic13-1024x683.jpg 1024w, https:\/\/mrm-style.com\/sr\/wp-content\/uploads\/2024\/05\/Modni-Dnevnik-Gospode-Mame-Zasto-svi-jos-uvek-volimo-Dior-Mr.M-by-Marko-Tadic-Ruzica-Tadic-mrmbymarkotadic13-768x512.jpg 768w, https:\/\/mrm-style.com\/sr\/wp-content\/uploads\/2024\/05\/Modni-Dnevnik-Gospode-Mame-Zasto-svi-jos-uvek-volimo-Dior-Mr.M-by-Marko-Tadic-Ruzica-Tadic-mrmbymarkotadic13-1536x1024.jpg 1536w, https:\/\/mrm-style.com\/sr\/wp-content\/uploads\/2024\/05\/Modni-Dnevnik-Gospode-Mame-Zasto-svi-jos-uvek-volimo-Dior-Mr.M-by-Marko-Tadic-Ruzica-Tadic-mrmbymarkotadic13-2048x1365.jpg 2048w, https:\/\/mrm-style.com\/sr\/wp-content\/uploads\/2024\/05\/Modni-Dnevnik-Gospode-Mame-Zasto-svi-jos-uvek-volimo-Dior-Mr.M-by-Marko-Tadic-Ruzica-Tadic-mrmbymarkotadic13-1440x960.jpg 1440w, https:\/\/mrm-style.com\/sr\/wp-content\/uploads\/2024\/05\/Modni-Dnevnik-Gospode-Mame-Zasto-svi-jos-uvek-volimo-Dior-Mr.M-by-Marko-Tadic-Ruzica-Tadic-mrmbymarkotadic13-800x533.jpg 800w, https:\/\/mrm-style.com\/sr\/wp-content\/uploads\/2024\/05\/Modni-Dnevnik-Gospode-Mame-Zasto-svi-jos-uvek-volimo-Dior-Mr.M-by-Marko-Tadic-Ruzica-Tadic-mrmbymarkotadic13-550x367.jpg 550w, https:\/\/mrm-style.com\/sr\/wp-content\/uploads\/2024\/05\/Modni-Dnevnik-Gospode-Mame-Zasto-svi-jos-uvek-volimo-Dior-Mr.M-by-Marko-Tadic-Ruzica-Tadic-mrmbymarkotadic13-1920x1280.jpg 1920w, https:\/\/mrm-style.com\/sr\/wp-content\/uploads\/2024\/05\/Modni-Dnevnik-Gospode-Mame-Zasto-svi-jos-uvek-volimo-Dior-Mr.M-by-Marko-Tadic-Ruzica-Tadic-mrmbymarkotadic13-1620x1080.jpg 1620w, https:\/\/mrm-style.com\/sr\/wp-content\/uploads\/2024\/05\/Modni-Dnevnik-Gospode-Mame-Zasto-svi-jos-uvek-volimo-Dior-Mr.M-by-Marko-Tadic-Ruzica-Tadic-mrmbymarkotadic13-900x600.jpg 900w\" sizes=\"auto, (max-width: 2400px) 100vw, 2400px\" \/><\/a><\/figure>\n<\/div>\n\n\n<p>Naravno, komad koji je potreban svakoj \u017eeni sa stilom i koji vam poma\u017ee da se \u201csakrijete\u201d od sveta kada vam je odmor potreban \u2013 nao\u010dare! Ovaj \u010duveni Panth\u00e8re de Cartier model nao\u010dara za sunce je ve\u010dan model, komad koji se mo\u017ee preneti i na generacije koje dolaze! Zahvaljujem se <strong><em><a href=\"https:\/\/www.mytheresa.com\/fr\/en\/women\/designers\/cartier-eyewear-collection\" data-type=\"link\" data-id=\"https:\/\/www.mytheresa.com\/fr\/en\/women\/designers\/cartier-eyewear-collection\" target=\"_blank\" rel=\"noreferrer noopener\">MYTHERESA<\/a><\/em><\/strong> timu na divnom poklonu.<\/p>\n\n\n\n<p>Odre\u0111ene modele ramova opti\u010dkih i nao\u010dara za sunce iz Cartier kolekcije mo\u017eete prona\u0107i i na <strong><em><a href=\"https:\/\/www.mytheresa.com\/fr\/en\/women\/designers\/cartier-eyewear-collection\" data-type=\"link\" data-id=\"https:\/\/www.mytheresa.com\/fr\/en\/women\/designers\/cartier-eyewear-collection\" target=\"_blank\" rel=\"noreferrer noopener\">MYTHERESA<\/a><\/em><\/strong> elektronskoj platformi za kupovinu.<\/p>\n\n\n\n<p>Ako \u017eelite da budete u toku i da saznate koje sve novitete nam sprema <strong><em><a href=\"http:\/\/www.cartier.com\" data-type=\"link\" data-id=\"www.cartier.com\" target=\"_blank\" rel=\"noreferrer noopener\">Cartier<\/a><\/em><\/strong> ove modne sezone, zapratite ovu modnu ku\u0107u na dru\u0161tvenim mre\u017eama&nbsp;<strong><em><a href=\"https:\/\/www.facebook.com\/Cartier\" data-type=\"link\" data-id=\"https:\/\/www.facebook.com\/Cartier\" target=\"_blank\" rel=\"noreferrer noopener\">Fejsbuk<\/a><\/em><\/strong>&nbsp;i&nbsp;<strong><em><a href=\"https:\/\/www.instagram.com\/cartier\/\" data-type=\"link\" data-id=\"https:\/\/www.instagram.com\/cartier\/\" target=\"_blank\" rel=\"noreferrer noopener\">Instagram<\/a><\/em><\/strong>.<\/p>\n\n\n<div class=\"wp-block-image\">\n<figure class=\"aligncenter size-full\"><a href=\"https:\/\/mrm-style.com\/sr\/wp-content\/uploads\/2024\/05\/Modni-Dnevnik-Gospode-Mame-Zasto-svi-jos-uvek-volimo-Dior-Mr.M-by-Marko-Tadic-Ruzica-Tadic-mrmbymarkotadic2.jpg\"><img loading=\"lazy\" decoding=\"async\" width=\"1600\" height=\"2400\" src=\"https:\/\/mrm-style.com\/sr\/wp-content\/uploads\/2024\/05\/Modni-Dnevnik-Gospode-Mame-Zasto-svi-jos-uvek-volimo-Dior-Mr.M-by-Marko-Tadic-Ruzica-Tadic-mrmbymarkotadic2.jpg\" alt=\"\" class=\"wp-image-13287\" srcset=\"https:\/\/mrm-style.com\/sr\/wp-content\/uploads\/2024\/05\/Modni-Dnevnik-Gospode-Mame-Zasto-svi-jos-uvek-volimo-Dior-Mr.M-by-Marko-Tadic-Ruzica-Tadic-mrmbymarkotadic2.jpg 1600w, https:\/\/mrm-style.com\/sr\/wp-content\/uploads\/2024\/05\/Modni-Dnevnik-Gospode-Mame-Zasto-svi-jos-uvek-volimo-Dior-Mr.M-by-Marko-Tadic-Ruzica-Tadic-mrmbymarkotadic2-200x300.jpg 200w, https:\/\/mrm-style.com\/sr\/wp-content\/uploads\/2024\/05\/Modni-Dnevnik-Gospode-Mame-Zasto-svi-jos-uvek-volimo-Dior-Mr.M-by-Marko-Tadic-Ruzica-Tadic-mrmbymarkotadic2-683x1024.jpg 683w, https:\/\/mrm-style.com\/sr\/wp-content\/uploads\/2024\/05\/Modni-Dnevnik-Gospode-Mame-Zasto-svi-jos-uvek-volimo-Dior-Mr.M-by-Marko-Tadic-Ruzica-Tadic-mrmbymarkotadic2-768x1152.jpg 768w, https:\/\/mrm-style.com\/sr\/wp-content\/uploads\/2024\/05\/Modni-Dnevnik-Gospode-Mame-Zasto-svi-jos-uvek-volimo-Dior-Mr.M-by-Marko-Tadic-Ruzica-Tadic-mrmbymarkotadic2-1024x1536.jpg 1024w, https:\/\/mrm-style.com\/sr\/wp-content\/uploads\/2024\/05\/Modni-Dnevnik-Gospode-Mame-Zasto-svi-jos-uvek-volimo-Dior-Mr.M-by-Marko-Tadic-Ruzica-Tadic-mrmbymarkotadic2-1365x2048.jpg 1365w, https:\/\/mrm-style.com\/sr\/wp-content\/uploads\/2024\/05\/Modni-Dnevnik-Gospode-Mame-Zasto-svi-jos-uvek-volimo-Dior-Mr.M-by-Marko-Tadic-Ruzica-Tadic-mrmbymarkotadic2-1440x2160.jpg 1440w, https:\/\/mrm-style.com\/sr\/wp-content\/uploads\/2024\/05\/Modni-Dnevnik-Gospode-Mame-Zasto-svi-jos-uvek-volimo-Dior-Mr.M-by-Marko-Tadic-Ruzica-Tadic-mrmbymarkotadic2-800x1200.jpg 800w, https:\/\/mrm-style.com\/sr\/wp-content\/uploads\/2024\/05\/Modni-Dnevnik-Gospode-Mame-Zasto-svi-jos-uvek-volimo-Dior-Mr.M-by-Marko-Tadic-Ruzica-Tadic-mrmbymarkotadic2-550x825.jpg 550w, https:\/\/mrm-style.com\/sr\/wp-content\/uploads\/2024\/05\/Modni-Dnevnik-Gospode-Mame-Zasto-svi-jos-uvek-volimo-Dior-Mr.M-by-Marko-Tadic-Ruzica-Tadic-mrmbymarkotadic2-720x1080.jpg 720w, https:\/\/mrm-style.com\/sr\/wp-content\/uploads\/2024\/05\/Modni-Dnevnik-Gospode-Mame-Zasto-svi-jos-uvek-volimo-Dior-Mr.M-by-Marko-Tadic-Ruzica-Tadic-mrmbymarkotadic2-400x600.jpg 400w\" sizes=\"auto, (max-width: 1600px) 100vw, 1600px\" \/><\/a><\/figure>\n<\/div>\n\n<div class=\"wp-block-image\">\n<figure class=\"aligncenter size-full\"><a href=\"https:\/\/mrm-style.com\/sr\/wp-content\/uploads\/2024\/05\/Modni-Dnevnik-Gospode-Mame-Zasto-svi-jos-uvek-volimo-Dior-Mr.M-by-Marko-Tadic-Ruzica-Tadic-mrmbymarkotadic14.jpg\"><img loading=\"lazy\" decoding=\"async\" width=\"2400\" height=\"1600\" src=\"https:\/\/mrm-style.com\/sr\/wp-content\/uploads\/2024\/05\/Modni-Dnevnik-Gospode-Mame-Zasto-svi-jos-uvek-volimo-Dior-Mr.M-by-Marko-Tadic-Ruzica-Tadic-mrmbymarkotadic14.jpg\" alt=\"\" class=\"wp-image-13299\" srcset=\"https:\/\/mrm-style.com\/sr\/wp-content\/uploads\/2024\/05\/Modni-Dnevnik-Gospode-Mame-Zasto-svi-jos-uvek-volimo-Dior-Mr.M-by-Marko-Tadic-Ruzica-Tadic-mrmbymarkotadic14.jpg 2400w, https:\/\/mrm-style.com\/sr\/wp-content\/uploads\/2024\/05\/Modni-Dnevnik-Gospode-Mame-Zasto-svi-jos-uvek-volimo-Dior-Mr.M-by-Marko-Tadic-Ruzica-Tadic-mrmbymarkotadic14-300x200.jpg 300w, https:\/\/mrm-style.com\/sr\/wp-content\/uploads\/2024\/05\/Modni-Dnevnik-Gospode-Mame-Zasto-svi-jos-uvek-volimo-Dior-Mr.M-by-Marko-Tadic-Ruzica-Tadic-mrmbymarkotadic14-1024x683.jpg 1024w, https:\/\/mrm-style.com\/sr\/wp-content\/uploads\/2024\/05\/Modni-Dnevnik-Gospode-Mame-Zasto-svi-jos-uvek-volimo-Dior-Mr.M-by-Marko-Tadic-Ruzica-Tadic-mrmbymarkotadic14-768x512.jpg 768w, https:\/\/mrm-style.com\/sr\/wp-content\/uploads\/2024\/05\/Modni-Dnevnik-Gospode-Mame-Zasto-svi-jos-uvek-volimo-Dior-Mr.M-by-Marko-Tadic-Ruzica-Tadic-mrmbymarkotadic14-1536x1024.jpg 1536w, https:\/\/mrm-style.com\/sr\/wp-content\/uploads\/2024\/05\/Modni-Dnevnik-Gospode-Mame-Zasto-svi-jos-uvek-volimo-Dior-Mr.M-by-Marko-Tadic-Ruzica-Tadic-mrmbymarkotadic14-2048x1365.jpg 2048w, https:\/\/mrm-style.com\/sr\/wp-content\/uploads\/2024\/05\/Modni-Dnevnik-Gospode-Mame-Zasto-svi-jos-uvek-volimo-Dior-Mr.M-by-Marko-Tadic-Ruzica-Tadic-mrmbymarkotadic14-1440x960.jpg 1440w, https:\/\/mrm-style.com\/sr\/wp-content\/uploads\/2024\/05\/Modni-Dnevnik-Gospode-Mame-Zasto-svi-jos-uvek-volimo-Dior-Mr.M-by-Marko-Tadic-Ruzica-Tadic-mrmbymarkotadic14-800x533.jpg 800w, https:\/\/mrm-style.com\/sr\/wp-content\/uploads\/2024\/05\/Modni-Dnevnik-Gospode-Mame-Zasto-svi-jos-uvek-volimo-Dior-Mr.M-by-Marko-Tadic-Ruzica-Tadic-mrmbymarkotadic14-550x367.jpg 550w, https:\/\/mrm-style.com\/sr\/wp-content\/uploads\/2024\/05\/Modni-Dnevnik-Gospode-Mame-Zasto-svi-jos-uvek-volimo-Dior-Mr.M-by-Marko-Tadic-Ruzica-Tadic-mrmbymarkotadic14-1920x1280.jpg 1920w, https:\/\/mrm-style.com\/sr\/wp-content\/uploads\/2024\/05\/Modni-Dnevnik-Gospode-Mame-Zasto-svi-jos-uvek-volimo-Dior-Mr.M-by-Marko-Tadic-Ruzica-Tadic-mrmbymarkotadic14-1620x1080.jpg 1620w, https:\/\/mrm-style.com\/sr\/wp-content\/uploads\/2024\/05\/Modni-Dnevnik-Gospode-Mame-Zasto-svi-jos-uvek-volimo-Dior-Mr.M-by-Marko-Tadic-Ruzica-Tadic-mrmbymarkotadic14-900x600.jpg 900w\" sizes=\"auto, (max-width: 2400px) 100vw, 2400px\" \/><\/a><\/figure>\n<\/div>\n\n\n<p>Jo\u0161 jedan lep modni novitet koji sam dobila od <strong><em><a rel=\"noreferrer noopener\" href=\"https:\/\/www.mytheresa.com\/fr\/en\/women\/designers\/roger-vivier\" data-type=\"link\" data-id=\"https:\/\/www.mytheresa.com\/fr\/en\/women\/designers\/roger-vivier\" target=\"_blank\">MYTHERESA<\/a><\/em><\/strong> tima su ove prekrasne <strong><em><a rel=\"noreferrer noopener\" href=\"https:\/\/www.rogervivier.com\" data-type=\"link\" data-id=\"https:\/\/www.rogervivier.com\" target=\"_blank\">Roger Vivier<\/a><\/em><\/strong> baletanke. Roger Henri Vivier je bio francuski modni dizajner koji se specijalizovao za cipele. Najpoznatiji je po kreiranju moderne \u0161tikle sa stilettoom i po postavljanju hromirane kop\u010de na elegantnu crnu cipelu visoke pete, koja je postala obavezna modna poslastica za mnoge poznate li\u010dnosti i zvezde 50-ih i 60-ih. Njegova brend je nazvao po sebi &#8211; <strong><em><a rel=\"noreferrer noopener\" href=\"https:\/\/www.rogervivier.com\" data-type=\"link\" data-id=\"https:\/\/www.rogervivier.com\" target=\"_blank\">Roger Vivier<\/a><\/em><\/strong>. Italijanska modna grupa <strong><em><a rel=\"noreferrer noopener\" href=\"https:\/\/www.todsgroup.com\/en\" data-type=\"link\" data-id=\"https:\/\/www.todsgroup.com\/en\" target=\"_blank\">Tod&#8217;s SpA<\/a><\/em><\/strong> kupila je luksuzni brend <strong><em><a rel=\"noreferrer noopener\" href=\"https:\/\/www.rogervivier.com\" data-type=\"link\" data-id=\"https:\/\/www.rogervivier.com\" target=\"_blank\">Roger Vivier<\/a><\/em><\/strong>, dodaju\u0107i etiketu zaslu\u017enu za stvaranje \u0161tikle.<\/p>\n\n\n<div class=\"wp-block-image\">\n<figure class=\"aligncenter size-full\"><a href=\"https:\/\/mrm-style.com\/sr\/wp-content\/uploads\/2024\/05\/Modni-Dnevnik-Gospode-Mame-Zasto-svi-jos-uvek-volimo-Dior-Mr.M-by-Marko-Tadic-Ruzica-Tadic-mrmbymarkotadic15.jpg\"><img loading=\"lazy\" decoding=\"async\" width=\"2400\" height=\"1600\" src=\"https:\/\/mrm-style.com\/sr\/wp-content\/uploads\/2024\/05\/Modni-Dnevnik-Gospode-Mame-Zasto-svi-jos-uvek-volimo-Dior-Mr.M-by-Marko-Tadic-Ruzica-Tadic-mrmbymarkotadic15.jpg\" alt=\"\" class=\"wp-image-13300\" srcset=\"https:\/\/mrm-style.com\/sr\/wp-content\/uploads\/2024\/05\/Modni-Dnevnik-Gospode-Mame-Zasto-svi-jos-uvek-volimo-Dior-Mr.M-by-Marko-Tadic-Ruzica-Tadic-mrmbymarkotadic15.jpg 2400w, https:\/\/mrm-style.com\/sr\/wp-content\/uploads\/2024\/05\/Modni-Dnevnik-Gospode-Mame-Zasto-svi-jos-uvek-volimo-Dior-Mr.M-by-Marko-Tadic-Ruzica-Tadic-mrmbymarkotadic15-300x200.jpg 300w, https:\/\/mrm-style.com\/sr\/wp-content\/uploads\/2024\/05\/Modni-Dnevnik-Gospode-Mame-Zasto-svi-jos-uvek-volimo-Dior-Mr.M-by-Marko-Tadic-Ruzica-Tadic-mrmbymarkotadic15-1024x683.jpg 1024w, https:\/\/mrm-style.com\/sr\/wp-content\/uploads\/2024\/05\/Modni-Dnevnik-Gospode-Mame-Zasto-svi-jos-uvek-volimo-Dior-Mr.M-by-Marko-Tadic-Ruzica-Tadic-mrmbymarkotadic15-768x512.jpg 768w, https:\/\/mrm-style.com\/sr\/wp-content\/uploads\/2024\/05\/Modni-Dnevnik-Gospode-Mame-Zasto-svi-jos-uvek-volimo-Dior-Mr.M-by-Marko-Tadic-Ruzica-Tadic-mrmbymarkotadic15-1536x1024.jpg 1536w, https:\/\/mrm-style.com\/sr\/wp-content\/uploads\/2024\/05\/Modni-Dnevnik-Gospode-Mame-Zasto-svi-jos-uvek-volimo-Dior-Mr.M-by-Marko-Tadic-Ruzica-Tadic-mrmbymarkotadic15-2048x1365.jpg 2048w, https:\/\/mrm-style.com\/sr\/wp-content\/uploads\/2024\/05\/Modni-Dnevnik-Gospode-Mame-Zasto-svi-jos-uvek-volimo-Dior-Mr.M-by-Marko-Tadic-Ruzica-Tadic-mrmbymarkotadic15-1440x960.jpg 1440w, https:\/\/mrm-style.com\/sr\/wp-content\/uploads\/2024\/05\/Modni-Dnevnik-Gospode-Mame-Zasto-svi-jos-uvek-volimo-Dior-Mr.M-by-Marko-Tadic-Ruzica-Tadic-mrmbymarkotadic15-800x533.jpg 800w, https:\/\/mrm-style.com\/sr\/wp-content\/uploads\/2024\/05\/Modni-Dnevnik-Gospode-Mame-Zasto-svi-jos-uvek-volimo-Dior-Mr.M-by-Marko-Tadic-Ruzica-Tadic-mrmbymarkotadic15-550x367.jpg 550w, https:\/\/mrm-style.com\/sr\/wp-content\/uploads\/2024\/05\/Modni-Dnevnik-Gospode-Mame-Zasto-svi-jos-uvek-volimo-Dior-Mr.M-by-Marko-Tadic-Ruzica-Tadic-mrmbymarkotadic15-1920x1280.jpg 1920w, https:\/\/mrm-style.com\/sr\/wp-content\/uploads\/2024\/05\/Modni-Dnevnik-Gospode-Mame-Zasto-svi-jos-uvek-volimo-Dior-Mr.M-by-Marko-Tadic-Ruzica-Tadic-mrmbymarkotadic15-1620x1080.jpg 1620w, https:\/\/mrm-style.com\/sr\/wp-content\/uploads\/2024\/05\/Modni-Dnevnik-Gospode-Mame-Zasto-svi-jos-uvek-volimo-Dior-Mr.M-by-Marko-Tadic-Ruzica-Tadic-mrmbymarkotadic15-900x600.jpg 900w\" sizes=\"auto, (max-width: 2400px) 100vw, 2400px\" \/><\/a><\/figure>\n<\/div>\n\n\n<p>Odre\u0111ene modele obu\u0107e i modnih dodataka &#8211; torbi iz Roger Vivier kolekcije mo\u017eete prona\u0107i i na <strong><em><a href=\"https:\/\/www.mytheresa.com\/fr\/en\/women\/designers\/roger-vivier\" data-type=\"link\" data-id=\"https:\/\/www.mytheresa.com\/fr\/en\/women\/designers\/roger-vivier\" target=\"_blank\" rel=\"noreferrer noopener\">MYTHERESA<\/a><\/em><\/strong> elektronskoj platformi za kupovinu.<\/p>\n\n\n\n<p>Ako \u017eelite da budete u toku i da saznate koje sve novitete nam sprema <strong><em><a href=\"https:\/\/www.rogervivier.com\" data-type=\"link\" data-id=\"https:\/\/www.rogervivier.com\" target=\"_blank\" rel=\"noreferrer noopener\">Roger Vivier<\/a><\/em><\/strong> ove modne sezone, zapratite ovaj brend na dru\u0161tvenim mre\u017eama&nbsp;<strong><em><a href=\"https:\/\/www.facebook.com\/rogervivier\" data-type=\"link\" data-id=\"https:\/\/www.facebook.com\/rogervivier\" target=\"_blank\" rel=\"noreferrer noopener\">Fejsbuk<\/a><\/em><\/strong>&nbsp;i&nbsp;<strong><em><a href=\"https:\/\/www.instagram.com\/rogervivier\/\" data-type=\"link\" data-id=\"https:\/\/www.instagram.com\/rogervivier\/\" target=\"_blank\" rel=\"noreferrer noopener\">Instagram<\/a><\/em><\/strong>.<\/p>\n\n\n<div class=\"wp-block-image\">\n<figure class=\"aligncenter size-full\"><a href=\"https:\/\/mrm-style.com\/sr\/wp-content\/uploads\/2024\/05\/Modni-Dnevnik-Gospode-Mame-Zasto-svi-jos-uvek-volimo-Dior-Mr.M-by-Marko-Tadic-Ruzica-Tadic-mrmbymarkotadic0.jpg\"><img loading=\"lazy\" decoding=\"async\" width=\"1600\" height=\"2400\" src=\"https:\/\/mrm-style.com\/sr\/wp-content\/uploads\/2024\/05\/Modni-Dnevnik-Gospode-Mame-Zasto-svi-jos-uvek-volimo-Dior-Mr.M-by-Marko-Tadic-Ruzica-Tadic-mrmbymarkotadic0.jpg\" alt=\"\" class=\"wp-image-13285\" srcset=\"https:\/\/mrm-style.com\/sr\/wp-content\/uploads\/2024\/05\/Modni-Dnevnik-Gospode-Mame-Zasto-svi-jos-uvek-volimo-Dior-Mr.M-by-Marko-Tadic-Ruzica-Tadic-mrmbymarkotadic0.jpg 1600w, https:\/\/mrm-style.com\/sr\/wp-content\/uploads\/2024\/05\/Modni-Dnevnik-Gospode-Mame-Zasto-svi-jos-uvek-volimo-Dior-Mr.M-by-Marko-Tadic-Ruzica-Tadic-mrmbymarkotadic0-200x300.jpg 200w, https:\/\/mrm-style.com\/sr\/wp-content\/uploads\/2024\/05\/Modni-Dnevnik-Gospode-Mame-Zasto-svi-jos-uvek-volimo-Dior-Mr.M-by-Marko-Tadic-Ruzica-Tadic-mrmbymarkotadic0-683x1024.jpg 683w, https:\/\/mrm-style.com\/sr\/wp-content\/uploads\/2024\/05\/Modni-Dnevnik-Gospode-Mame-Zasto-svi-jos-uvek-volimo-Dior-Mr.M-by-Marko-Tadic-Ruzica-Tadic-mrmbymarkotadic0-768x1152.jpg 768w, https:\/\/mrm-style.com\/sr\/wp-content\/uploads\/2024\/05\/Modni-Dnevnik-Gospode-Mame-Zasto-svi-jos-uvek-volimo-Dior-Mr.M-by-Marko-Tadic-Ruzica-Tadic-mrmbymarkotadic0-1024x1536.jpg 1024w, https:\/\/mrm-style.com\/sr\/wp-content\/uploads\/2024\/05\/Modni-Dnevnik-Gospode-Mame-Zasto-svi-jos-uvek-volimo-Dior-Mr.M-by-Marko-Tadic-Ruzica-Tadic-mrmbymarkotadic0-1365x2048.jpg 1365w, https:\/\/mrm-style.com\/sr\/wp-content\/uploads\/2024\/05\/Modni-Dnevnik-Gospode-Mame-Zasto-svi-jos-uvek-volimo-Dior-Mr.M-by-Marko-Tadic-Ruzica-Tadic-mrmbymarkotadic0-1440x2160.jpg 1440w, https:\/\/mrm-style.com\/sr\/wp-content\/uploads\/2024\/05\/Modni-Dnevnik-Gospode-Mame-Zasto-svi-jos-uvek-volimo-Dior-Mr.M-by-Marko-Tadic-Ruzica-Tadic-mrmbymarkotadic0-800x1200.jpg 800w, https:\/\/mrm-style.com\/sr\/wp-content\/uploads\/2024\/05\/Modni-Dnevnik-Gospode-Mame-Zasto-svi-jos-uvek-volimo-Dior-Mr.M-by-Marko-Tadic-Ruzica-Tadic-mrmbymarkotadic0-550x825.jpg 550w, https:\/\/mrm-style.com\/sr\/wp-content\/uploads\/2024\/05\/Modni-Dnevnik-Gospode-Mame-Zasto-svi-jos-uvek-volimo-Dior-Mr.M-by-Marko-Tadic-Ruzica-Tadic-mrmbymarkotadic0-720x1080.jpg 720w, https:\/\/mrm-style.com\/sr\/wp-content\/uploads\/2024\/05\/Modni-Dnevnik-Gospode-Mame-Zasto-svi-jos-uvek-volimo-Dior-Mr.M-by-Marko-Tadic-Ruzica-Tadic-mrmbymarkotadic0-400x600.jpg 400w\" sizes=\"auto, (max-width: 1600px) 100vw, 1600px\" \/><\/a><\/figure>\n<\/div>\n\n<div class=\"wp-block-image\">\n<figure class=\"aligncenter size-full\"><a href=\"https:\/\/mrm-style.com\/sr\/wp-content\/uploads\/2024\/05\/Modni-Dnevnik-Gospode-Mame-Zasto-svi-jos-uvek-volimo-Dior-Mr.M-by-Marko-Tadic-Ruzica-Tadic-mrmbymarkotadic11.jpg\"><img loading=\"lazy\" decoding=\"async\" width=\"2400\" height=\"1600\" src=\"https:\/\/mrm-style.com\/sr\/wp-content\/uploads\/2024\/05\/Modni-Dnevnik-Gospode-Mame-Zasto-svi-jos-uvek-volimo-Dior-Mr.M-by-Marko-Tadic-Ruzica-Tadic-mrmbymarkotadic11.jpg\" alt=\"\" class=\"wp-image-13296\" srcset=\"https:\/\/mrm-style.com\/sr\/wp-content\/uploads\/2024\/05\/Modni-Dnevnik-Gospode-Mame-Zasto-svi-jos-uvek-volimo-Dior-Mr.M-by-Marko-Tadic-Ruzica-Tadic-mrmbymarkotadic11.jpg 2400w, https:\/\/mrm-style.com\/sr\/wp-content\/uploads\/2024\/05\/Modni-Dnevnik-Gospode-Mame-Zasto-svi-jos-uvek-volimo-Dior-Mr.M-by-Marko-Tadic-Ruzica-Tadic-mrmbymarkotadic11-300x200.jpg 300w, https:\/\/mrm-style.com\/sr\/wp-content\/uploads\/2024\/05\/Modni-Dnevnik-Gospode-Mame-Zasto-svi-jos-uvek-volimo-Dior-Mr.M-by-Marko-Tadic-Ruzica-Tadic-mrmbymarkotadic11-1024x683.jpg 1024w, https:\/\/mrm-style.com\/sr\/wp-content\/uploads\/2024\/05\/Modni-Dnevnik-Gospode-Mame-Zasto-svi-jos-uvek-volimo-Dior-Mr.M-by-Marko-Tadic-Ruzica-Tadic-mrmbymarkotadic11-768x512.jpg 768w, https:\/\/mrm-style.com\/sr\/wp-content\/uploads\/2024\/05\/Modni-Dnevnik-Gospode-Mame-Zasto-svi-jos-uvek-volimo-Dior-Mr.M-by-Marko-Tadic-Ruzica-Tadic-mrmbymarkotadic11-1536x1024.jpg 1536w, https:\/\/mrm-style.com\/sr\/wp-content\/uploads\/2024\/05\/Modni-Dnevnik-Gospode-Mame-Zasto-svi-jos-uvek-volimo-Dior-Mr.M-by-Marko-Tadic-Ruzica-Tadic-mrmbymarkotadic11-2048x1365.jpg 2048w, https:\/\/mrm-style.com\/sr\/wp-content\/uploads\/2024\/05\/Modni-Dnevnik-Gospode-Mame-Zasto-svi-jos-uvek-volimo-Dior-Mr.M-by-Marko-Tadic-Ruzica-Tadic-mrmbymarkotadic11-1440x960.jpg 1440w, https:\/\/mrm-style.com\/sr\/wp-content\/uploads\/2024\/05\/Modni-Dnevnik-Gospode-Mame-Zasto-svi-jos-uvek-volimo-Dior-Mr.M-by-Marko-Tadic-Ruzica-Tadic-mrmbymarkotadic11-800x533.jpg 800w, https:\/\/mrm-style.com\/sr\/wp-content\/uploads\/2024\/05\/Modni-Dnevnik-Gospode-Mame-Zasto-svi-jos-uvek-volimo-Dior-Mr.M-by-Marko-Tadic-Ruzica-Tadic-mrmbymarkotadic11-550x367.jpg 550w, https:\/\/mrm-style.com\/sr\/wp-content\/uploads\/2024\/05\/Modni-Dnevnik-Gospode-Mame-Zasto-svi-jos-uvek-volimo-Dior-Mr.M-by-Marko-Tadic-Ruzica-Tadic-mrmbymarkotadic11-1920x1280.jpg 1920w, https:\/\/mrm-style.com\/sr\/wp-content\/uploads\/2024\/05\/Modni-Dnevnik-Gospode-Mame-Zasto-svi-jos-uvek-volimo-Dior-Mr.M-by-Marko-Tadic-Ruzica-Tadic-mrmbymarkotadic11-1620x1080.jpg 1620w, https:\/\/mrm-style.com\/sr\/wp-content\/uploads\/2024\/05\/Modni-Dnevnik-Gospode-Mame-Zasto-svi-jos-uvek-volimo-Dior-Mr.M-by-Marko-Tadic-Ruzica-Tadic-mrmbymarkotadic11-900x600.jpg 900w\" sizes=\"auto, (max-width: 2400px) 100vw, 2400px\" \/><\/a><\/figure>\n<\/div>\n\n\n<p>Modno osve\u0161\u0107ene \u017eene ponekad \u017eele da ostvare utisak da su pomalo nesta\u0161ne ili neozbiljne, \u010dime bi pokazale svetu da su ujedno moderne i bezbri\u017ene. Ovaj bro\u0161 od gu\u0161tera opto\u010den dijamantima je savr\u0161en primer nakita proizvedenog tokom Viktorijanskog estetskog perioda. Napravljen od 18-karatnog zlata sa rezanim dijamantima koji opona\u0161aju ljuske, ima divnu krivinu, daju\u0107i prili\u010dan ose\u0107aj delu kao da je spreman da vam sko\u010di pravo na rame i pridru\u017ei vam se u blistavoj \u0161etnji u gradom! Kupila sam ga davno pre mo\u017eda 20-tak godina u jednoj staroj zlatari u Londonu. Zlatara je imala divan izlog pun bro\u0161eva iz \u017eivotinjskog carstva i ja sam prosto morala da ga kupim. <\/p>\n\n\n\n<p>Drugi komad nakita su biseri koje prosto obo\u017eavam. U saradnji sa <strong><em><a rel=\"noreferrer noopener\" href=\"https:\/\/yokolondon.com\/\" data-type=\"link\" data-id=\"https:\/\/yokolondon.com\/\" target=\"_blank\">YOKO London<\/a><\/em><\/strong> vode\u0107im luksuznim juvelirom bisera. Brend osnovan 1973. godine, evoluirao tokom tri generacije porodice Hakimian. Njihov nezasitni tim putuje \u0161irom sveta kako bi nabavio najfinije bisere na svetu, od kojih se mnogi mogu pohvaliti jedinstvenim prirodnim bojama i izuzetnim veli\u010dinama. Njihovi nadareni dizajneri i zanatlije rade zajedno u njihovoj radionici u Londonu kako bi kreirali komade koji prate sve trendove u svetu nakita, kombinuju\u0107i savremenu estetiku sa bezvremenskom elegancijom. <\/p>\n\n\n<div class=\"wp-block-image\">\n<figure class=\"aligncenter size-full\"><a href=\"https:\/\/mrm-style.com\/sr\/wp-content\/uploads\/2024\/05\/Modni-Dnevnik-Gospode-Mame-Zasto-svi-jos-uvek-volimo-Dior-Mr.M-by-Marko-Tadic-Ruzica-Tadic-mrmbymarkotadic1.jpg\"><img loading=\"lazy\" decoding=\"async\" width=\"2400\" height=\"1600\" src=\"https:\/\/mrm-style.com\/sr\/wp-content\/uploads\/2024\/05\/Modni-Dnevnik-Gospode-Mame-Zasto-svi-jos-uvek-volimo-Dior-Mr.M-by-Marko-Tadic-Ruzica-Tadic-mrmbymarkotadic1.jpg\" alt=\"\" class=\"wp-image-13286\" srcset=\"https:\/\/mrm-style.com\/sr\/wp-content\/uploads\/2024\/05\/Modni-Dnevnik-Gospode-Mame-Zasto-svi-jos-uvek-volimo-Dior-Mr.M-by-Marko-Tadic-Ruzica-Tadic-mrmbymarkotadic1.jpg 2400w, https:\/\/mrm-style.com\/sr\/wp-content\/uploads\/2024\/05\/Modni-Dnevnik-Gospode-Mame-Zasto-svi-jos-uvek-volimo-Dior-Mr.M-by-Marko-Tadic-Ruzica-Tadic-mrmbymarkotadic1-300x200.jpg 300w, https:\/\/mrm-style.com\/sr\/wp-content\/uploads\/2024\/05\/Modni-Dnevnik-Gospode-Mame-Zasto-svi-jos-uvek-volimo-Dior-Mr.M-by-Marko-Tadic-Ruzica-Tadic-mrmbymarkotadic1-1024x683.jpg 1024w, https:\/\/mrm-style.com\/sr\/wp-content\/uploads\/2024\/05\/Modni-Dnevnik-Gospode-Mame-Zasto-svi-jos-uvek-volimo-Dior-Mr.M-by-Marko-Tadic-Ruzica-Tadic-mrmbymarkotadic1-768x512.jpg 768w, https:\/\/mrm-style.com\/sr\/wp-content\/uploads\/2024\/05\/Modni-Dnevnik-Gospode-Mame-Zasto-svi-jos-uvek-volimo-Dior-Mr.M-by-Marko-Tadic-Ruzica-Tadic-mrmbymarkotadic1-1536x1024.jpg 1536w, https:\/\/mrm-style.com\/sr\/wp-content\/uploads\/2024\/05\/Modni-Dnevnik-Gospode-Mame-Zasto-svi-jos-uvek-volimo-Dior-Mr.M-by-Marko-Tadic-Ruzica-Tadic-mrmbymarkotadic1-2048x1365.jpg 2048w, https:\/\/mrm-style.com\/sr\/wp-content\/uploads\/2024\/05\/Modni-Dnevnik-Gospode-Mame-Zasto-svi-jos-uvek-volimo-Dior-Mr.M-by-Marko-Tadic-Ruzica-Tadic-mrmbymarkotadic1-1440x960.jpg 1440w, https:\/\/mrm-style.com\/sr\/wp-content\/uploads\/2024\/05\/Modni-Dnevnik-Gospode-Mame-Zasto-svi-jos-uvek-volimo-Dior-Mr.M-by-Marko-Tadic-Ruzica-Tadic-mrmbymarkotadic1-800x533.jpg 800w, https:\/\/mrm-style.com\/sr\/wp-content\/uploads\/2024\/05\/Modni-Dnevnik-Gospode-Mame-Zasto-svi-jos-uvek-volimo-Dior-Mr.M-by-Marko-Tadic-Ruzica-Tadic-mrmbymarkotadic1-550x367.jpg 550w, https:\/\/mrm-style.com\/sr\/wp-content\/uploads\/2024\/05\/Modni-Dnevnik-Gospode-Mame-Zasto-svi-jos-uvek-volimo-Dior-Mr.M-by-Marko-Tadic-Ruzica-Tadic-mrmbymarkotadic1-1920x1280.jpg 1920w, https:\/\/mrm-style.com\/sr\/wp-content\/uploads\/2024\/05\/Modni-Dnevnik-Gospode-Mame-Zasto-svi-jos-uvek-volimo-Dior-Mr.M-by-Marko-Tadic-Ruzica-Tadic-mrmbymarkotadic1-1620x1080.jpg 1620w, https:\/\/mrm-style.com\/sr\/wp-content\/uploads\/2024\/05\/Modni-Dnevnik-Gospode-Mame-Zasto-svi-jos-uvek-volimo-Dior-Mr.M-by-Marko-Tadic-Ruzica-Tadic-mrmbymarkotadic1-900x600.jpg 900w\" sizes=\"auto, (max-width: 2400px) 100vw, 2400px\" \/><\/a><\/figure>\n<\/div>\n\n<div class=\"wp-block-image\">\n<figure class=\"aligncenter size-full\"><a href=\"https:\/\/mrm-style.com\/sr\/wp-content\/uploads\/2024\/05\/Modni-Dnevnik-Gospode-Mame-Zasto-svi-jos-uvek-volimo-Dior-Mr.M-by-Marko-Tadic-Ruzica-Tadic-mrmbymarkotadic18.jpg\"><img loading=\"lazy\" decoding=\"async\" width=\"2500\" height=\"1398\" src=\"https:\/\/mrm-style.com\/sr\/wp-content\/uploads\/2024\/05\/Modni-Dnevnik-Gospode-Mame-Zasto-svi-jos-uvek-volimo-Dior-Mr.M-by-Marko-Tadic-Ruzica-Tadic-mrmbymarkotadic18.jpg\" alt=\"\" class=\"wp-image-13303\" srcset=\"https:\/\/mrm-style.com\/sr\/wp-content\/uploads\/2024\/05\/Modni-Dnevnik-Gospode-Mame-Zasto-svi-jos-uvek-volimo-Dior-Mr.M-by-Marko-Tadic-Ruzica-Tadic-mrmbymarkotadic18.jpg 2500w, https:\/\/mrm-style.com\/sr\/wp-content\/uploads\/2024\/05\/Modni-Dnevnik-Gospode-Mame-Zasto-svi-jos-uvek-volimo-Dior-Mr.M-by-Marko-Tadic-Ruzica-Tadic-mrmbymarkotadic18-300x168.jpg 300w, https:\/\/mrm-style.com\/sr\/wp-content\/uploads\/2024\/05\/Modni-Dnevnik-Gospode-Mame-Zasto-svi-jos-uvek-volimo-Dior-Mr.M-by-Marko-Tadic-Ruzica-Tadic-mrmbymarkotadic18-1024x573.jpg 1024w, https:\/\/mrm-style.com\/sr\/wp-content\/uploads\/2024\/05\/Modni-Dnevnik-Gospode-Mame-Zasto-svi-jos-uvek-volimo-Dior-Mr.M-by-Marko-Tadic-Ruzica-Tadic-mrmbymarkotadic18-768x429.jpg 768w, https:\/\/mrm-style.com\/sr\/wp-content\/uploads\/2024\/05\/Modni-Dnevnik-Gospode-Mame-Zasto-svi-jos-uvek-volimo-Dior-Mr.M-by-Marko-Tadic-Ruzica-Tadic-mrmbymarkotadic18-1536x859.jpg 1536w, https:\/\/mrm-style.com\/sr\/wp-content\/uploads\/2024\/05\/Modni-Dnevnik-Gospode-Mame-Zasto-svi-jos-uvek-volimo-Dior-Mr.M-by-Marko-Tadic-Ruzica-Tadic-mrmbymarkotadic18-2048x1145.jpg 2048w, https:\/\/mrm-style.com\/sr\/wp-content\/uploads\/2024\/05\/Modni-Dnevnik-Gospode-Mame-Zasto-svi-jos-uvek-volimo-Dior-Mr.M-by-Marko-Tadic-Ruzica-Tadic-mrmbymarkotadic18-1440x805.jpg 1440w, https:\/\/mrm-style.com\/sr\/wp-content\/uploads\/2024\/05\/Modni-Dnevnik-Gospode-Mame-Zasto-svi-jos-uvek-volimo-Dior-Mr.M-by-Marko-Tadic-Ruzica-Tadic-mrmbymarkotadic18-800x447.jpg 800w, https:\/\/mrm-style.com\/sr\/wp-content\/uploads\/2024\/05\/Modni-Dnevnik-Gospode-Mame-Zasto-svi-jos-uvek-volimo-Dior-Mr.M-by-Marko-Tadic-Ruzica-Tadic-mrmbymarkotadic18-550x308.jpg 550w, https:\/\/mrm-style.com\/sr\/wp-content\/uploads\/2024\/05\/Modni-Dnevnik-Gospode-Mame-Zasto-svi-jos-uvek-volimo-Dior-Mr.M-by-Marko-Tadic-Ruzica-Tadic-mrmbymarkotadic18-1920x1074.jpg 1920w, https:\/\/mrm-style.com\/sr\/wp-content\/uploads\/2024\/05\/Modni-Dnevnik-Gospode-Mame-Zasto-svi-jos-uvek-volimo-Dior-Mr.M-by-Marko-Tadic-Ruzica-Tadic-mrmbymarkotadic18-1931x1080.jpg 1931w, https:\/\/mrm-style.com\/sr\/wp-content\/uploads\/2024\/05\/Modni-Dnevnik-Gospode-Mame-Zasto-svi-jos-uvek-volimo-Dior-Mr.M-by-Marko-Tadic-Ruzica-Tadic-mrmbymarkotadic18-1073x600.jpg 1073w\" sizes=\"auto, (max-width: 2500px) 100vw, 2500px\" \/><\/a><\/figure>\n<\/div>\n\n\n<p>Svaki biser je ru\u010dno odabran za svaki dizajn, a kreacije su zamr\u0161eno izra\u0111ene kako bi proslavile zadivljuju\u0107u lepotu ovih dragocenih dragulja. Poznato je da njihov posve\u0107eni tim provede i do godinu dana u pronala\u017eenju jednog bisera koji je savr\u0161en po veli\u010dini, boji i kvalitetu da zavr\u0161i jedan dizajn. <\/p>\n\n\n\n<p>Ova <strong><em><a href=\"https:\/\/yokolondon.com\/products\/classic-18k-gold-akoya-pearl-necklace?variant=47580157378871\" data-type=\"link\" data-id=\"https:\/\/yokolondon.com\/products\/classic-18k-gold-akoya-pearl-necklace?variant=47580157378871\" target=\"_blank\" rel=\"noreferrer noopener\">klasi\u010dna biserna ogrlica<\/a><\/em><\/strong> ima upe\u010datljiv niz japanskih Akoia bisera od 6 mm pri\u010dvr\u0161\u0107enih na kugli\u010dnu kop\u010du od 18-karatnog \u017eutog zlata. Bezvremenski komad, ova ogrlica \u0107e dodati da\u0161ak glamura svakoj ode\u0107i sa kojom se kombinuje. Svaki biser je savr\u0161eno uskla\u0111en i ru\u010dno nanizan od strane stru\u010dnjaka iz Velike Britanije.<\/p>\n\n\n\n<p>Ako \u017eelite da budete u toku i da saznate koje sve novitete nam sprema <strong><em><a href=\"https:\/\/yokolondon.com\/\" data-type=\"link\" data-id=\"https:\/\/yokolondon.com\/\" target=\"_blank\" rel=\"noreferrer noopener\">YOKO London<\/a><\/em><\/strong> ove sezone, zapratite ovu vode\u0107u juvelernicu bisera na dru\u0161tvenim mre\u017eama&nbsp;<strong><em><a href=\"https:\/\/www.facebook.com\/yokolondonpearls\/\" data-type=\"link\" data-id=\"https:\/\/www.facebook.com\/yokolondonpearls\/\" target=\"_blank\" rel=\"noreferrer noopener\">Fejsbuk<\/a><\/em><\/strong>&nbsp;i&nbsp;<strong><em><a href=\"https:\/\/www.instagram.com\/yokolondonpearls\/\" data-type=\"link\" data-id=\"https:\/\/www.instagram.com\/yokolondonpearls\/\" target=\"_blank\" rel=\"noreferrer noopener\">Instagram<\/a><\/em><\/strong>.<\/p>\n\n\n<div class=\"wp-block-image\">\n<figure class=\"aligncenter size-full\"><a href=\"https:\/\/mrm-style.com\/sr\/wp-content\/uploads\/2024\/05\/Modni-Dnevnik-Gospode-Mame-Zasto-svi-jos-uvek-volimo-Dior-Mr.M-by-Marko-Tadic-Ruzica-Tadic-mrmbymarkotadic19.jpg\"><img loading=\"lazy\" decoding=\"async\" width=\"2400\" height=\"1600\" src=\"https:\/\/mrm-style.com\/sr\/wp-content\/uploads\/2024\/05\/Modni-Dnevnik-Gospode-Mame-Zasto-svi-jos-uvek-volimo-Dior-Mr.M-by-Marko-Tadic-Ruzica-Tadic-mrmbymarkotadic19.jpg\" alt=\"\" class=\"wp-image-13304\" srcset=\"https:\/\/mrm-style.com\/sr\/wp-content\/uploads\/2024\/05\/Modni-Dnevnik-Gospode-Mame-Zasto-svi-jos-uvek-volimo-Dior-Mr.M-by-Marko-Tadic-Ruzica-Tadic-mrmbymarkotadic19.jpg 2400w, https:\/\/mrm-style.com\/sr\/wp-content\/uploads\/2024\/05\/Modni-Dnevnik-Gospode-Mame-Zasto-svi-jos-uvek-volimo-Dior-Mr.M-by-Marko-Tadic-Ruzica-Tadic-mrmbymarkotadic19-300x200.jpg 300w, https:\/\/mrm-style.com\/sr\/wp-content\/uploads\/2024\/05\/Modni-Dnevnik-Gospode-Mame-Zasto-svi-jos-uvek-volimo-Dior-Mr.M-by-Marko-Tadic-Ruzica-Tadic-mrmbymarkotadic19-1024x683.jpg 1024w, https:\/\/mrm-style.com\/sr\/wp-content\/uploads\/2024\/05\/Modni-Dnevnik-Gospode-Mame-Zasto-svi-jos-uvek-volimo-Dior-Mr.M-by-Marko-Tadic-Ruzica-Tadic-mrmbymarkotadic19-768x512.jpg 768w, https:\/\/mrm-style.com\/sr\/wp-content\/uploads\/2024\/05\/Modni-Dnevnik-Gospode-Mame-Zasto-svi-jos-uvek-volimo-Dior-Mr.M-by-Marko-Tadic-Ruzica-Tadic-mrmbymarkotadic19-1536x1024.jpg 1536w, https:\/\/mrm-style.com\/sr\/wp-content\/uploads\/2024\/05\/Modni-Dnevnik-Gospode-Mame-Zasto-svi-jos-uvek-volimo-Dior-Mr.M-by-Marko-Tadic-Ruzica-Tadic-mrmbymarkotadic19-2048x1365.jpg 2048w, https:\/\/mrm-style.com\/sr\/wp-content\/uploads\/2024\/05\/Modni-Dnevnik-Gospode-Mame-Zasto-svi-jos-uvek-volimo-Dior-Mr.M-by-Marko-Tadic-Ruzica-Tadic-mrmbymarkotadic19-1440x960.jpg 1440w, https:\/\/mrm-style.com\/sr\/wp-content\/uploads\/2024\/05\/Modni-Dnevnik-Gospode-Mame-Zasto-svi-jos-uvek-volimo-Dior-Mr.M-by-Marko-Tadic-Ruzica-Tadic-mrmbymarkotadic19-800x533.jpg 800w, https:\/\/mrm-style.com\/sr\/wp-content\/uploads\/2024\/05\/Modni-Dnevnik-Gospode-Mame-Zasto-svi-jos-uvek-volimo-Dior-Mr.M-by-Marko-Tadic-Ruzica-Tadic-mrmbymarkotadic19-550x367.jpg 550w, https:\/\/mrm-style.com\/sr\/wp-content\/uploads\/2024\/05\/Modni-Dnevnik-Gospode-Mame-Zasto-svi-jos-uvek-volimo-Dior-Mr.M-by-Marko-Tadic-Ruzica-Tadic-mrmbymarkotadic19-1920x1280.jpg 1920w, https:\/\/mrm-style.com\/sr\/wp-content\/uploads\/2024\/05\/Modni-Dnevnik-Gospode-Mame-Zasto-svi-jos-uvek-volimo-Dior-Mr.M-by-Marko-Tadic-Ruzica-Tadic-mrmbymarkotadic19-1620x1080.jpg 1620w, https:\/\/mrm-style.com\/sr\/wp-content\/uploads\/2024\/05\/Modni-Dnevnik-Gospode-Mame-Zasto-svi-jos-uvek-volimo-Dior-Mr.M-by-Marko-Tadic-Ruzica-Tadic-mrmbymarkotadic19-900x600.jpg 900w\" sizes=\"auto, (max-width: 2400px) 100vw, 2400px\" \/><\/a><\/figure>\n<\/div>\n\n\n<p><strong><em><a href=\"http:\/\/www.maxmara.com\" target=\"_blank\" rel=\"noreferrer noopener\">Max Mara<\/a><\/em><\/strong> je svetski poznati italijanski modni brend. Osnovao ga je 1951. godine u Re\u0111o Emiliji gospodin Achille Maramotti. Ovaj legendarni brend sponzori\u0161e i dodeljuje umetni\u010dku nagradu Max Mara za \u017eene. Achille Maramotti je po\u010deo da kreira garderobu 1947. godine, a zvani\u010dno je osnovao modnu ku\u0107u Max Mara 1951. godine. Kako je nastalo ime brenda?<\/p>\n\n\n\n<p>Druga re\u010d brenda \u2013 \u201cMara\u201d je nastala od njegovog prezimena, dok se \u201cMax\u201d odnosio na grofa Max, lokalnu legendu, koji je retko kad bio trezan, ali uvek sa stilom \u017eiveo sa stilom! Gospodin Maramotti je bio jedan od prvih koji je uvideo da budu\u0107nost \u017eenske mode le\u017ei u masovnoj proizvodnji ode\u0107e dizajnerskog kvaliteta. Tako\u0111e je \u017eeleo da istakne svoj brend Max Mara na sam vrh ispred imena pojedinih dizajnera, iako je anga\u017eovao Karla Lagerfelda, \u017dan-\u0160arla de Kastelbajaka, Dolce &amp; Gabbana, Narcisa Rodrigeza i Anne Mari Beretu. Kompanija se i dan danas nalazi u rukama porodice i predstavlja jedan od najboljih porodi\u010dnih modnih biznisa u svetu.<\/p>\n\n\n\n<p><strong><em><a rel=\"noreferrer noopener\" href=\"http:\/\/www.maxmara.com\" target=\"_blank\">Max Mara<\/a><\/em><\/strong> grupa u svom modnom carstvu ima 35 brendova, od kojih je Max Mara brend i dan danas ostao srce kompanije. Ostali brendovi uklju\u010duju Sportmax, Sportmax Code, Weekend Max Mara, Marella, Pennyblack, iBlues, MAX&amp;Co. i Marina Rinaldi. Zanimljiva informacija je da je Marina Rinaldi brend, osnovan 1980. godine i nazvan po prabaki gospodina Maramotija.<\/p>\n\n\n<div class=\"wp-block-image\">\n<figure class=\"aligncenter size-full\"><a href=\"https:\/\/mrm-style.com\/sr\/wp-content\/uploads\/2024\/05\/Modni-Dnevnik-Gospode-Mame-Zasto-svi-jos-uvek-volimo-Dior-Mr.M-by-Marko-Tadic-Ruzica-Tadic-mrmbymarkotadic9.jpg\"><img loading=\"lazy\" decoding=\"async\" width=\"1600\" height=\"2400\" src=\"https:\/\/mrm-style.com\/sr\/wp-content\/uploads\/2024\/05\/Modni-Dnevnik-Gospode-Mame-Zasto-svi-jos-uvek-volimo-Dior-Mr.M-by-Marko-Tadic-Ruzica-Tadic-mrmbymarkotadic9.jpg\" alt=\"\" class=\"wp-image-13294\" srcset=\"https:\/\/mrm-style.com\/sr\/wp-content\/uploads\/2024\/05\/Modni-Dnevnik-Gospode-Mame-Zasto-svi-jos-uvek-volimo-Dior-Mr.M-by-Marko-Tadic-Ruzica-Tadic-mrmbymarkotadic9.jpg 1600w, https:\/\/mrm-style.com\/sr\/wp-content\/uploads\/2024\/05\/Modni-Dnevnik-Gospode-Mame-Zasto-svi-jos-uvek-volimo-Dior-Mr.M-by-Marko-Tadic-Ruzica-Tadic-mrmbymarkotadic9-200x300.jpg 200w, https:\/\/mrm-style.com\/sr\/wp-content\/uploads\/2024\/05\/Modni-Dnevnik-Gospode-Mame-Zasto-svi-jos-uvek-volimo-Dior-Mr.M-by-Marko-Tadic-Ruzica-Tadic-mrmbymarkotadic9-683x1024.jpg 683w, https:\/\/mrm-style.com\/sr\/wp-content\/uploads\/2024\/05\/Modni-Dnevnik-Gospode-Mame-Zasto-svi-jos-uvek-volimo-Dior-Mr.M-by-Marko-Tadic-Ruzica-Tadic-mrmbymarkotadic9-768x1152.jpg 768w, https:\/\/mrm-style.com\/sr\/wp-content\/uploads\/2024\/05\/Modni-Dnevnik-Gospode-Mame-Zasto-svi-jos-uvek-volimo-Dior-Mr.M-by-Marko-Tadic-Ruzica-Tadic-mrmbymarkotadic9-1024x1536.jpg 1024w, https:\/\/mrm-style.com\/sr\/wp-content\/uploads\/2024\/05\/Modni-Dnevnik-Gospode-Mame-Zasto-svi-jos-uvek-volimo-Dior-Mr.M-by-Marko-Tadic-Ruzica-Tadic-mrmbymarkotadic9-1365x2048.jpg 1365w, https:\/\/mrm-style.com\/sr\/wp-content\/uploads\/2024\/05\/Modni-Dnevnik-Gospode-Mame-Zasto-svi-jos-uvek-volimo-Dior-Mr.M-by-Marko-Tadic-Ruzica-Tadic-mrmbymarkotadic9-1440x2160.jpg 1440w, https:\/\/mrm-style.com\/sr\/wp-content\/uploads\/2024\/05\/Modni-Dnevnik-Gospode-Mame-Zasto-svi-jos-uvek-volimo-Dior-Mr.M-by-Marko-Tadic-Ruzica-Tadic-mrmbymarkotadic9-800x1200.jpg 800w, https:\/\/mrm-style.com\/sr\/wp-content\/uploads\/2024\/05\/Modni-Dnevnik-Gospode-Mame-Zasto-svi-jos-uvek-volimo-Dior-Mr.M-by-Marko-Tadic-Ruzica-Tadic-mrmbymarkotadic9-550x825.jpg 550w, https:\/\/mrm-style.com\/sr\/wp-content\/uploads\/2024\/05\/Modni-Dnevnik-Gospode-Mame-Zasto-svi-jos-uvek-volimo-Dior-Mr.M-by-Marko-Tadic-Ruzica-Tadic-mrmbymarkotadic9-720x1080.jpg 720w, https:\/\/mrm-style.com\/sr\/wp-content\/uploads\/2024\/05\/Modni-Dnevnik-Gospode-Mame-Zasto-svi-jos-uvek-volimo-Dior-Mr.M-by-Marko-Tadic-Ruzica-Tadic-mrmbymarkotadic9-400x600.jpg 400w\" sizes=\"auto, (max-width: 1600px) 100vw, 1600px\" \/><\/a><\/figure>\n<\/div>\n\n\n<p><strong><em><a rel=\"noreferrer noopener\" href=\"https:\/\/world.maxmara.com\/\" target=\"_blank\">Max Mara<\/a><\/em><\/strong> je moj omiljen brend jer apsolutno ispunjava moje kriterijume koje imam kada je garderoba u pitanju, a to su: kvalitet, zanimljivi modeli i krojevi, dobar odabir materijala, kao i fino\u0107a obrade istih. Danas sam odlu\u010dila da vam poka\u017eem moj omiljeni komad iz najnovije Max Mara kolekcije za Prole\u0107e &#8211; Leto 2024: bezvremensku haljinu neobi\u010dnog kroja izra\u0111enu od satena.<\/p>\n\n\n\n<p>Mnogo mi se dopada nova kolekcija ove italijanske modne ku\u0107e i drago mi je da imamo lepu saradnju. U nekom narednom postu tokom ove letnje sezone potrudi\u0107u se da vam stilizujem jo\u0161 koji put ovu predivnu haljinu koju sam dobila od mojih dragih prijatelja iz Max Mara Nema\u010dka.<\/p>\n\n\n\n<p>Ako \u017eelite da saznate ne\u0161to vi\u0161e o italijanskoj modnoj ku\u0107i <strong><em><a rel=\"noreferrer noopener\" href=\"https:\/\/world.maxmara.com\/\" target=\"_blank\">Max Mara<\/a><\/em><\/strong> i otkrijete \u0161ta je porodica Maramoti spremila za novu modnu sezonu, posetite njihovu <strong><a rel=\"noreferrer noopener\" href=\"https:\/\/world.maxmara.com\/\" target=\"_blank\">zvani\u010dnu&nbsp;internet prodavnicu<\/a><\/strong>&nbsp;i zapratite ih na dru\u0161tvenim mre\u017eama&nbsp;<strong><em><a rel=\"noreferrer noopener\" href=\"https:\/\/www.facebook.com\/maxmara\" target=\"_blank\">Fejsbuk<\/a><\/em><\/strong>&nbsp;i&nbsp;<strong><em><a rel=\"noreferrer noopener\" href=\"https:\/\/www.instagram.com\/maxmara\/\" target=\"_blank\">Instagram<\/a><\/em><\/strong>.<\/p>\n\n\n<div class=\"wp-block-image\">\n<figure class=\"aligncenter size-full\"><a href=\"https:\/\/mrm-style.com\/sr\/wp-content\/uploads\/2024\/05\/Modni-Dnevnik-Gospode-Mame-Zasto-svi-jos-uvek-volimo-Dior-Mr.M-by-Marko-Tadic-Ruzica-Tadic-mrmbymarkotadic8.jpg\"><img loading=\"lazy\" decoding=\"async\" width=\"1600\" height=\"2400\" src=\"https:\/\/mrm-style.com\/sr\/wp-content\/uploads\/2024\/05\/Modni-Dnevnik-Gospode-Mame-Zasto-svi-jos-uvek-volimo-Dior-Mr.M-by-Marko-Tadic-Ruzica-Tadic-mrmbymarkotadic8.jpg\" alt=\"\" class=\"wp-image-13293\" srcset=\"https:\/\/mrm-style.com\/sr\/wp-content\/uploads\/2024\/05\/Modni-Dnevnik-Gospode-Mame-Zasto-svi-jos-uvek-volimo-Dior-Mr.M-by-Marko-Tadic-Ruzica-Tadic-mrmbymarkotadic8.jpg 1600w, https:\/\/mrm-style.com\/sr\/wp-content\/uploads\/2024\/05\/Modni-Dnevnik-Gospode-Mame-Zasto-svi-jos-uvek-volimo-Dior-Mr.M-by-Marko-Tadic-Ruzica-Tadic-mrmbymarkotadic8-200x300.jpg 200w, https:\/\/mrm-style.com\/sr\/wp-content\/uploads\/2024\/05\/Modni-Dnevnik-Gospode-Mame-Zasto-svi-jos-uvek-volimo-Dior-Mr.M-by-Marko-Tadic-Ruzica-Tadic-mrmbymarkotadic8-683x1024.jpg 683w, https:\/\/mrm-style.com\/sr\/wp-content\/uploads\/2024\/05\/Modni-Dnevnik-Gospode-Mame-Zasto-svi-jos-uvek-volimo-Dior-Mr.M-by-Marko-Tadic-Ruzica-Tadic-mrmbymarkotadic8-768x1152.jpg 768w, https:\/\/mrm-style.com\/sr\/wp-content\/uploads\/2024\/05\/Modni-Dnevnik-Gospode-Mame-Zasto-svi-jos-uvek-volimo-Dior-Mr.M-by-Marko-Tadic-Ruzica-Tadic-mrmbymarkotadic8-1024x1536.jpg 1024w, https:\/\/mrm-style.com\/sr\/wp-content\/uploads\/2024\/05\/Modni-Dnevnik-Gospode-Mame-Zasto-svi-jos-uvek-volimo-Dior-Mr.M-by-Marko-Tadic-Ruzica-Tadic-mrmbymarkotadic8-1365x2048.jpg 1365w, https:\/\/mrm-style.com\/sr\/wp-content\/uploads\/2024\/05\/Modni-Dnevnik-Gospode-Mame-Zasto-svi-jos-uvek-volimo-Dior-Mr.M-by-Marko-Tadic-Ruzica-Tadic-mrmbymarkotadic8-1440x2160.jpg 1440w, https:\/\/mrm-style.com\/sr\/wp-content\/uploads\/2024\/05\/Modni-Dnevnik-Gospode-Mame-Zasto-svi-jos-uvek-volimo-Dior-Mr.M-by-Marko-Tadic-Ruzica-Tadic-mrmbymarkotadic8-800x1200.jpg 800w, https:\/\/mrm-style.com\/sr\/wp-content\/uploads\/2024\/05\/Modni-Dnevnik-Gospode-Mame-Zasto-svi-jos-uvek-volimo-Dior-Mr.M-by-Marko-Tadic-Ruzica-Tadic-mrmbymarkotadic8-550x825.jpg 550w, https:\/\/mrm-style.com\/sr\/wp-content\/uploads\/2024\/05\/Modni-Dnevnik-Gospode-Mame-Zasto-svi-jos-uvek-volimo-Dior-Mr.M-by-Marko-Tadic-Ruzica-Tadic-mrmbymarkotadic8-720x1080.jpg 720w, https:\/\/mrm-style.com\/sr\/wp-content\/uploads\/2024\/05\/Modni-Dnevnik-Gospode-Mame-Zasto-svi-jos-uvek-volimo-Dior-Mr.M-by-Marko-Tadic-Ruzica-Tadic-mrmbymarkotadic8-400x600.jpg 400w\" sizes=\"auto, (max-width: 1600px) 100vw, 1600px\" \/><\/a><\/figure>\n<\/div>\n\n\n<p>Uvek sam se divila \u017eenama sa du\u017eom i negovanom kosom, ali na\u017ealost ja sam ceo \u017eivot imala kratku kosu, ali sam uz pomo\u0107 <strong><em><a href=\"https:\/\/www.perike-in.rs\/\" target=\"_blank\" rel=\"noreferrer noopener\">Perike In<\/a><\/em><\/strong> uspela da ispunim svoj dugogodi\u0161nji san i veoma sam sre\u0107na zbog toga. Perike su danas postale trend, jer no\u0161enje perike vam otvara niz novih mogu\u0107nosti da eksperimenti\u0161ete i izmenite sebe, bez potrebe da u\u010dinite neku trajnu promenu na va\u0161oj prirodnoj kosi.<\/p>\n\n\n\n<p>Tako\u0111e pored estetske transformacije, perike vam mogu pru\u017eiti dobru za\u0161titu od \u010destog tretiranja i toplote, \u010duvaju\u0107i va\u0161u prirodnu kosu zdravom. <strong><em><a rel=\"noreferrer noopener\" href=\"https:\/\/www.perike-in.rs\/\" target=\"_blank\">Perike In<\/a><\/em><\/strong> prodaje perike, umetke i tupea renomiranog nema\u010dkog brenda, <strong><em><a rel=\"noreferrer noopener\" href=\"https:\/\/www.ellenwille.com\/\" target=\"_blank\">Ellen Wille<\/a><\/em><\/strong>. Njihov asortiman odlikuje vrhunski kvalitet, kao i veliki izbor modela i boja. Perike In ispunjava o\u010dekivanja i najzahtevnijih kupaca. Uverena sam da \u0107e svako \u0107e prona\u0107i ne\u0161to po svom ukusu.<\/p>\n\n\n\n<p><strong><em><a rel=\"noreferrer noopener\" href=\"https:\/\/www.perike-in.rs\/\" target=\"_blank\">Perike In<\/a><\/em><\/strong> vam nudi veliki izbor razli\u010ditih kolekcija od prirodne i sinteti\u010dke dlake, a Raquel Welch, HairSociety, HairPower,&nbsp;Perucci i Changes&nbsp;su samo neke od njih. Pored perika, umetaka i tupea u Perike In mo\u017eete nabaviti i proizvode za odr\u017eavanje. Na raspolaganju su vam posebno dizajnirani \u010de\u0161ljevi i \u010detke, kao i veliki izbor kozmeti\u010dkih preparata za negu i odr\u017eavanje perika. Tako\u0111e u ponudi Perike In mo\u017eete prona\u0107i Ellen\u2019s Headwear kolekciju koja obuhvata marame, turbane i kape. Pomo\u0107u njih \u0107ete biti prime\u0107eni i upam\u0107eni kao osoba od stila.<\/p>\n\n\n<div class=\"wp-block-image\">\n<figure class=\"aligncenter size-full\"><a href=\"https:\/\/mrm-style.com\/sr\/wp-content\/uploads\/2024\/05\/Modni-Dnevnik-Gospode-Mame-Zasto-svi-jos-uvek-volimo-Dior-Mr.M-by-Marko-Tadic-Ruzica-Tadic-mrmbymarkotadic3.jpg\"><img loading=\"lazy\" decoding=\"async\" width=\"2400\" height=\"1600\" src=\"https:\/\/mrm-style.com\/sr\/wp-content\/uploads\/2024\/05\/Modni-Dnevnik-Gospode-Mame-Zasto-svi-jos-uvek-volimo-Dior-Mr.M-by-Marko-Tadic-Ruzica-Tadic-mrmbymarkotadic3.jpg\" alt=\"\" class=\"wp-image-13288\" srcset=\"https:\/\/mrm-style.com\/sr\/wp-content\/uploads\/2024\/05\/Modni-Dnevnik-Gospode-Mame-Zasto-svi-jos-uvek-volimo-Dior-Mr.M-by-Marko-Tadic-Ruzica-Tadic-mrmbymarkotadic3.jpg 2400w, https:\/\/mrm-style.com\/sr\/wp-content\/uploads\/2024\/05\/Modni-Dnevnik-Gospode-Mame-Zasto-svi-jos-uvek-volimo-Dior-Mr.M-by-Marko-Tadic-Ruzica-Tadic-mrmbymarkotadic3-300x200.jpg 300w, https:\/\/mrm-style.com\/sr\/wp-content\/uploads\/2024\/05\/Modni-Dnevnik-Gospode-Mame-Zasto-svi-jos-uvek-volimo-Dior-Mr.M-by-Marko-Tadic-Ruzica-Tadic-mrmbymarkotadic3-1024x683.jpg 1024w, https:\/\/mrm-style.com\/sr\/wp-content\/uploads\/2024\/05\/Modni-Dnevnik-Gospode-Mame-Zasto-svi-jos-uvek-volimo-Dior-Mr.M-by-Marko-Tadic-Ruzica-Tadic-mrmbymarkotadic3-768x512.jpg 768w, https:\/\/mrm-style.com\/sr\/wp-content\/uploads\/2024\/05\/Modni-Dnevnik-Gospode-Mame-Zasto-svi-jos-uvek-volimo-Dior-Mr.M-by-Marko-Tadic-Ruzica-Tadic-mrmbymarkotadic3-1536x1024.jpg 1536w, https:\/\/mrm-style.com\/sr\/wp-content\/uploads\/2024\/05\/Modni-Dnevnik-Gospode-Mame-Zasto-svi-jos-uvek-volimo-Dior-Mr.M-by-Marko-Tadic-Ruzica-Tadic-mrmbymarkotadic3-2048x1365.jpg 2048w, https:\/\/mrm-style.com\/sr\/wp-content\/uploads\/2024\/05\/Modni-Dnevnik-Gospode-Mame-Zasto-svi-jos-uvek-volimo-Dior-Mr.M-by-Marko-Tadic-Ruzica-Tadic-mrmbymarkotadic3-1440x960.jpg 1440w, https:\/\/mrm-style.com\/sr\/wp-content\/uploads\/2024\/05\/Modni-Dnevnik-Gospode-Mame-Zasto-svi-jos-uvek-volimo-Dior-Mr.M-by-Marko-Tadic-Ruzica-Tadic-mrmbymarkotadic3-800x533.jpg 800w, https:\/\/mrm-style.com\/sr\/wp-content\/uploads\/2024\/05\/Modni-Dnevnik-Gospode-Mame-Zasto-svi-jos-uvek-volimo-Dior-Mr.M-by-Marko-Tadic-Ruzica-Tadic-mrmbymarkotadic3-550x367.jpg 550w, https:\/\/mrm-style.com\/sr\/wp-content\/uploads\/2024\/05\/Modni-Dnevnik-Gospode-Mame-Zasto-svi-jos-uvek-volimo-Dior-Mr.M-by-Marko-Tadic-Ruzica-Tadic-mrmbymarkotadic3-1920x1280.jpg 1920w, https:\/\/mrm-style.com\/sr\/wp-content\/uploads\/2024\/05\/Modni-Dnevnik-Gospode-Mame-Zasto-svi-jos-uvek-volimo-Dior-Mr.M-by-Marko-Tadic-Ruzica-Tadic-mrmbymarkotadic3-1620x1080.jpg 1620w, https:\/\/mrm-style.com\/sr\/wp-content\/uploads\/2024\/05\/Modni-Dnevnik-Gospode-Mame-Zasto-svi-jos-uvek-volimo-Dior-Mr.M-by-Marko-Tadic-Ruzica-Tadic-mrmbymarkotadic3-900x600.jpg 900w\" sizes=\"auto, (max-width: 2400px) 100vw, 2400px\" \/><\/a><\/figure>\n<\/div>\n\n\n<p>Nadam se da ste u\u017eivali u mojoj dana\u0161njoj modnoj pri\u010di. Uskoro \u0107u vam prikazati i ostale prole\u0107ne odevne kombinacije koje vam mogu poslu\u017eiti kao inspiracija za novu modnu sezonu. Vidimo se za par dana na istom mestu, sa nekom novom zanimljivom pri\u010dom. Potrudi\u0107u se da ne bude velikih pauza i nadam se da razumete razlog mog neo\u010dekivanog odsustva, ali bi\u0107e vremena da sve nadoknadimo i sigurna sam da \u0107u ispuniti va\u0161a o\u010dekivanja.<\/p>\n\n\n\n<p><strong><em>Posebna napomena: Sve moje fotografije iz dana\u0161njeg posta su posebno obra\u0111ene kako bi ispunile o\u010dekivanja prijatelja bloga, kao i samih \u010ditalaca uz po\u0161tovanje estetike i smernica modne fotografije. Na\u017ealost, operacije zatezanja lica i vrata nisu protekle dobro i zbog nemara lekarskog tima iz Egipta sam pretrpela ozbiljne estetske i zdravstvene posledice. U dogovoru sa mojim pravnim timom<\/em><\/strong> <em><strong>napisala sam post sa svim detaljima koji se nalazi na engleskom sajtu Mr.M<\/strong><\/em>.<\/p>\n\n\n\n<p><em>Srda\u010dan pozdrav,<\/em><\/p>\n\n\n\n<p><strong>Ru\u017eica<\/strong><\/p>\n\n\n<div class=\"wp-block-image\">\n<figure class=\"aligncenter size-full\"><a href=\"https:\/\/mrm-style.com\/sr\/wp-content\/uploads\/2024\/05\/Modni-Dnevnik-Gospode-Mame-Zasto-svi-jos-uvek-volimo-Dior-Mr.M-by-Marko-Tadic-Ruzica-Tadic-mrmbymarkotadic0.jpg\"><img loading=\"lazy\" decoding=\"async\" width=\"1600\" height=\"2400\" src=\"https:\/\/mrm-style.com\/sr\/wp-content\/uploads\/2024\/05\/Modni-Dnevnik-Gospode-Mame-Zasto-svi-jos-uvek-volimo-Dior-Mr.M-by-Marko-Tadic-Ruzica-Tadic-mrmbymarkotadic0.jpg\" alt=\"\" class=\"wp-image-13285\" srcset=\"https:\/\/mrm-style.com\/sr\/wp-content\/uploads\/2024\/05\/Modni-Dnevnik-Gospode-Mame-Zasto-svi-jos-uvek-volimo-Dior-Mr.M-by-Marko-Tadic-Ruzica-Tadic-mrmbymarkotadic0.jpg 1600w, https:\/\/mrm-style.com\/sr\/wp-content\/uploads\/2024\/05\/Modni-Dnevnik-Gospode-Mame-Zasto-svi-jos-uvek-volimo-Dior-Mr.M-by-Marko-Tadic-Ruzica-Tadic-mrmbymarkotadic0-200x300.jpg 200w, https:\/\/mrm-style.com\/sr\/wp-content\/uploads\/2024\/05\/Modni-Dnevnik-Gospode-Mame-Zasto-svi-jos-uvek-volimo-Dior-Mr.M-by-Marko-Tadic-Ruzica-Tadic-mrmbymarkotadic0-683x1024.jpg 683w, https:\/\/mrm-style.com\/sr\/wp-content\/uploads\/2024\/05\/Modni-Dnevnik-Gospode-Mame-Zasto-svi-jos-uvek-volimo-Dior-Mr.M-by-Marko-Tadic-Ruzica-Tadic-mrmbymarkotadic0-768x1152.jpg 768w, https:\/\/mrm-style.com\/sr\/wp-content\/uploads\/2024\/05\/Modni-Dnevnik-Gospode-Mame-Zasto-svi-jos-uvek-volimo-Dior-Mr.M-by-Marko-Tadic-Ruzica-Tadic-mrmbymarkotadic0-1024x1536.jpg 1024w, https:\/\/mrm-style.com\/sr\/wp-content\/uploads\/2024\/05\/Modni-Dnevnik-Gospode-Mame-Zasto-svi-jos-uvek-volimo-Dior-Mr.M-by-Marko-Tadic-Ruzica-Tadic-mrmbymarkotadic0-1365x2048.jpg 1365w, https:\/\/mrm-style.com\/sr\/wp-content\/uploads\/2024\/05\/Modni-Dnevnik-Gospode-Mame-Zasto-svi-jos-uvek-volimo-Dior-Mr.M-by-Marko-Tadic-Ruzica-Tadic-mrmbymarkotadic0-1440x2160.jpg 1440w, https:\/\/mrm-style.com\/sr\/wp-content\/uploads\/2024\/05\/Modni-Dnevnik-Gospode-Mame-Zasto-svi-jos-uvek-volimo-Dior-Mr.M-by-Marko-Tadic-Ruzica-Tadic-mrmbymarkotadic0-800x1200.jpg 800w, https:\/\/mrm-style.com\/sr\/wp-content\/uploads\/2024\/05\/Modni-Dnevnik-Gospode-Mame-Zasto-svi-jos-uvek-volimo-Dior-Mr.M-by-Marko-Tadic-Ruzica-Tadic-mrmbymarkotadic0-550x825.jpg 550w, https:\/\/mrm-style.com\/sr\/wp-content\/uploads\/2024\/05\/Modni-Dnevnik-Gospode-Mame-Zasto-svi-jos-uvek-volimo-Dior-Mr.M-by-Marko-Tadic-Ruzica-Tadic-mrmbymarkotadic0-720x1080.jpg 720w, https:\/\/mrm-style.com\/sr\/wp-content\/uploads\/2024\/05\/Modni-Dnevnik-Gospode-Mame-Zasto-svi-jos-uvek-volimo-Dior-Mr.M-by-Marko-Tadic-Ruzica-Tadic-mrmbymarkotadic0-400x600.jpg 400w\" sizes=\"auto, (max-width: 1600px) 100vw, 1600px\" \/><\/a><\/figure>\n<\/div>\n\n\n<p class=\"has-text-align-center\"><strong><em>Ovaj post je sponzorisan od strane &nbsp;brendova <a rel=\"noreferrer noopener\" href=\"https:\/\/www.perike-in.rs\/\" target=\"_blank\">Perike IN<\/a>, <a rel=\"noreferrer noopener\" href=\"https:\/\/world.maxmara.com\/\" data-type=\"link\" data-id=\"https:\/\/world.maxmara.com\/\" target=\"_blank\">Max Mara<\/a>, <a href=\"https:\/\/www.dior.com\/\" data-type=\"link\" data-id=\"https:\/\/www.dior.com\/\" target=\"_blank\" rel=\"noreferrer noopener\">DIOR<\/a>, <a href=\"https:\/\/www.rogervivier.com\" data-type=\"link\" data-id=\"https:\/\/www.rogervivier.com\" target=\"_blank\" rel=\"noreferrer noopener\">Roger Vivier<\/a>, <a href=\"https:\/\/www.cartier.com\" data-type=\"link\" data-id=\"https:\/\/www.cartier.com\" target=\"_blank\" rel=\"noreferrer noopener\">Cartier<\/a> brendovima u saradnji sa <a rel=\"noreferrer noopener\" href=\"https:\/\/www.mytheresa.com\/de\/de\/damen\" target=\"_blank\">MYTHERESA<\/a> platformom za kupovinu, kao i <a href=\"https:\/\/yokolondon.com\/\" data-type=\"link\" data-id=\"https:\/\/yokolondon.com\/\">YOKO London<\/a> brendova. Ovaj post predstavlja moju li\u010dnu i iskrenu recenziju njihovih proizvoda<\/em><\/strong>.<\/p>\n","protected":false},"excerpt":{"rendered":"<p>Dragi moji ljubitelji mode, dobrodo\u0161li u moju novu modnu pri\u010du na stranicama Mr.M bloga. Zaista mi je drago da vam se dopada moje vi\u0111enje mode i \u0161to inspiri\u0161em mnoge \u017eene u najboljim godinama da promene mi\u0161ljenje i unesu neke novine u svoj \u017eivot. Danas \u0107u se potruditi da vam predstavim neke nove modne novitete koji su pristigli u moj garderober. Dana\u0161nji post zapo\u010dinjem odgovor na pitanje koje ste mogli pro\u010ditati u samom naslovu ovog posta. Postoji jedan vrlo dobar razlog za\u0161to ljubitelji mode jo\u0161 uvek vole ovaj neprikosnoven francuski brend&#8230; <span class=\"more\"><a class=\"more-link\" href=\"https:\/\/mrm-style.com\/sr\/modni-dnevnik-gospode-mame-zasto-svi-jos-uvek-volimo-dior\/\">Read More<\/a><\/span><\/p>\n","protected":false},"author":2,"featured_media":13289,"comment_status":"open","ping_status":"open","sticky":false,"template":"","format":"standard","meta":{"om_disable_all_campaigns":false,"_monsterinsights_skip_tracking":false,"_monsterinsights_sitenote_active":false,"_monsterinsights_sitenote_note":"","_monsterinsights_sitenote_category":0,"footnotes":""},"categories":[8625,52,159],"tags":[8765,8620,122,8760,8733,8627,8626,5719,8763,3826,6481,8261,56,8619,89,8631,54,55,2331,3862,6708,8746,8762,8764,8755,90,8761,8749,8630,8632,8629],"class_list":["post-13284","post","type-post","status-publish","format-standard","has-post-thumbnail","hentry","category-gospodja-mama","category-moda","category-outfit-post","tag-biseri","tag-cartier","tag-christian-dior","tag-dior","tag-francuska-moda","tag-gospoda-mama","tag-gospodetina","tag-italijanska-moda","tag-letnja-haljina","tag-letnji-stil","tag-luksuzan-nakit","tag-luksuzna-moda","tag-marko-tadic","tag-max-mara","tag-moda","tag-moda-za-zene","tag-mr-m","tag-mr-m-by-marko-tadic","tag-mrmbymarkotadic","tag-mrmbymarkotadic-instagram","tag-mytheresa","tag-perike-in","tag-prefinjenost","tag-roger-vivier","tag-ruzica-tadic-2","tag-stil","tag-stil-za-zene","tag-yoko-london","tag-zenska-kolekcija","tag-zenska-obuca","tag-zenska-odeca"],"aioseo_notices":[],"_links":{"self":[{"href":"https:\/\/mrm-style.com\/sr\/wp-json\/wp\/v2\/posts\/13284","targetHints":{"allow":["GET"]}}],"collection":[{"href":"https:\/\/mrm-style.com\/sr\/wp-json\/wp\/v2\/posts"}],"about":[{"href":"https:\/\/mrm-style.com\/sr\/wp-json\/wp\/v2\/types\/post"}],"author":[{"embeddable":true,"href":"https:\/\/mrm-style.com\/sr\/wp-json\/wp\/v2\/users\/2"}],"replies":[{"embeddable":true,"href":"https:\/\/mrm-style.com\/sr\/wp-json\/wp\/v2\/comments?post=13284"}],"version-history":[{"count":10,"href":"https:\/\/mrm-style.com\/sr\/wp-json\/wp\/v2\/posts\/13284\/revisions"}],"predecessor-version":[{"id":13318,"href":"https:\/\/mrm-style.com\/sr\/wp-json\/wp\/v2\/posts\/13284\/revisions\/13318"}],"wp:featuredmedia":[{"embeddable":true,"href":"https:\/\/mrm-style.com\/sr\/wp-json\/wp\/v2\/media\/13289"}],"wp:attachment":[{"href":"https:\/\/mrm-style.com\/sr\/wp-json\/wp\/v2\/media?parent=13284"}],"wp:term":[{"taxonomy":"category","embeddable":true,"href":"https:\/\/mrm-style.com\/sr\/wp-json\/wp\/v2\/categories?post=13284"},{"taxonomy":"post_tag","embeddable":true,"href":"https:\/\/mrm-style.com\/sr\/wp-json\/wp\/v2\/tags?post=13284"}],"curies":[{"name":"wp","href":"https:\/\/api.w.org\/{rel}","templated":true}]}}