{"id":1803,"date":"2017-02-06T11:57:15","date_gmt":"2017-02-06T11:57:15","guid":{"rendered":"https:\/\/mrm-style.com\/?p=1803"},"modified":"2017-09-09T11:10:37","modified_gmt":"2017-09-09T11:10:37","slug":"nemas-stila-nemas-ukusa-ne-brini-preziveces","status":"publish","type":"post","link":"https:\/\/mrm-style.com\/sr\/nemas-stila-nemas-ukusa-ne-brini-preziveces\/","title":{"rendered":"Nema\u0161 stila, nema\u0161 ukusa&#8230; Ne brini, pre\u017eive\u0107e\u0161!"},"content":{"rendered":"<p><img loading=\"lazy\" decoding=\"async\" class=\"size-full wp-image-1804 aligncenter\" src=\"https:\/\/mrm-style.com\/wp-content\/uploads\/2017\/09\/Nemas-Stila-Nemas-Ukusa.png\" alt=\"\" width=\"560\" height=\"315\" srcset=\"https:\/\/mrm-style.com\/sr\/wp-content\/uploads\/2017\/09\/Nemas-Stila-Nemas-Ukusa.png 560w, https:\/\/mrm-style.com\/sr\/wp-content\/uploads\/2017\/09\/Nemas-Stila-Nemas-Ukusa-300x169.png 300w, https:\/\/mrm-style.com\/sr\/wp-content\/uploads\/2017\/09\/Nemas-Stila-Nemas-Ukusa-550x309.png 550w\" sizes=\"auto, (max-width: 560px) 100vw, 560px\" \/><\/p>\n<p>\u0106ao svima!<\/p>\n<p>Od samog po\u010detka rada na mom blogu, ja sam dobijao pitanja tipa: &#8220;Da li imam stila? Da li imam ukusa? Da li sam u trendu?&#8221; I svaki put sam se trudio da ljudima objasnim da su ta pitanja i vi\u0161e nego suvi\u0161na i da svako od nas ima ne\u0161to u sebi \u0161to poru\u010duje DA! Ja imam stila&#8230; DA! Ja imam ukusa&#8230;<\/p>\n<p><em><strong>Za\u0161to je ljudima potrebno da ih neko ocenjuje?<\/strong><\/em> Da li je to nedostatak vere u sebe i svoje izbore ili je to pak samo na\u010din da se tra\u017ei ne\u010dija podr\u0161ka ili odobrenje?<\/p>\n<p>Ja sam od onih osoba koje se trude da uvek prvo vide pozitivne strane, ako kojim slu\u010dajem postoje i negativne, nekako to uputim kao sugestiju, a ne da izigravam stra\u0161nog &#8220;fe\u0161n&#8221; sudiju koji \u0107e se ose\u0107ati bolje ako nekog kazni&#8230; Ljudi imaju dosta lo\u0161u predstavu o tome ko su ustvari blogeri, i \u0161ta je na\u0161e zanimanje i da nije sve tako divno i ru\u017ei\u010dasto u na\u0161em svetu i da ne padaju tek tako stvari sa neba i da te svi zovu da nosi\u0161 njihove krpice i da izigrava\u0161 modnu ikonu&#8230; Odmah \u0107u vam re\u0107i da to nije tako!<\/p>\n<p>&nbsp;<\/p>\n<p><img loading=\"lazy\" decoding=\"async\" class=\"size-full wp-image-1805 aligncenter\" src=\"https:\/\/mrm-style.com\/wp-content\/uploads\/2017\/09\/Nemas-Stila-Nemas-Ukusa-2.png\" alt=\"\" width=\"851\" height=\"315\" srcset=\"https:\/\/mrm-style.com\/sr\/wp-content\/uploads\/2017\/09\/Nemas-Stila-Nemas-Ukusa-2.png 851w, https:\/\/mrm-style.com\/sr\/wp-content\/uploads\/2017\/09\/Nemas-Stila-Nemas-Ukusa-2-300x111.png 300w, https:\/\/mrm-style.com\/sr\/wp-content\/uploads\/2017\/09\/Nemas-Stila-Nemas-Ukusa-2-768x284.png 768w, https:\/\/mrm-style.com\/sr\/wp-content\/uploads\/2017\/09\/Nemas-Stila-Nemas-Ukusa-2-800x296.png 800w, https:\/\/mrm-style.com\/sr\/wp-content\/uploads\/2017\/09\/Nemas-Stila-Nemas-Ukusa-2-550x204.png 550w\" sizes=\"auto, (max-width: 851px) 100vw, 851px\" \/><\/p>\n<p>&nbsp;<\/p>\n<div class=\"paragraph\">Blogeri su pre svega ljudi, obi\u010dni ljudi, koji rade i obavljaju sve poslove kao i sav normalan svet, i svoje slobodno vreme (ako nemaju decu ili neke druge bitnije obaveze) usmere na svoj blog. <em><strong>Zar je to lo\u0161e?<\/strong><\/em> Neko ko radi od 9 do 5 i posle napornog dana na poslu, i ko zna kakve je sve probleme imao na poslu i posle svega toga ima bar koliko toliko pozitivne energije u sebi da radi na svom blogu i da se nekako opusti&#8230;<\/div>\n<div class=\"paragraph\"><\/div>\n<div class=\"paragraph\">\n<p>Naravno postoje i mladji ljudi poput u\u010denika i studenata koji imaju vi\u0161e slobodnog vremena, pa poku\u0161avaju da od sebe izgrade ne\u0161to. <em><strong>Da li je to lo\u0161e?<\/strong><\/em> Ako je va\u0161 odgovor da, onda stvarno treba da se zapitate gde je nestalo ono malo dete u vama, koje je sanjarilo i samo tra\u017ei da ga neko razume.Malo sam skrenuo sa teme, ali temu o blogerima \u0107u se potruditi da obradim vi\u0161e slede\u0107i put&#8230; Ja iskreno vi\u0161e volim pitanja: &#8220;\u0160ta je moda\/stil ili \u2026.?&#8221; jer tada su ljudi spremni da nau\u010de ne\u0161to vi\u0161e, i da \u010duju neko dodatno mi\u0161ljenje.<\/p>\n<p><strong>Zapamtite da niko od nas nije <u>savr\u0161en<\/u><\/strong>, pa i meni se dogodilo mali milion puta da se mo\u017eda nisam obukao kako treba, ali ja sam sebi bio i vi\u0161e nego dobar&#8230;<\/p>\n<p>Ukus je ne\u0161to sa \u010dim se ra\u0111a\u0161, i svako ga ima! Stil je ne\u0161to \u0161to se mo\u017ee promeniti, pa sigurno i vi\u0161e puta za vreme jedne sezone, da ne pri\u010dam za dalje. Svi smo mi modne ikone na svoj na\u010din i bitnije je znati kako nositi ne\u0161to i prosto da nau\u010dite da verujete sebi, jer je to najbolje oru\u017eje za dalje borbe, to je potrebno i za druge stvari u \u017eivotu.<\/p>\n<\/div>\n<p><img loading=\"lazy\" decoding=\"async\" class=\"size-full wp-image-1806 aligncenter\" src=\"https:\/\/mrm-style.com\/wp-content\/uploads\/2017\/09\/Nemas-Stila-Nemas-Ukusa-3.png\" alt=\"\" width=\"470\" height=\"394\" srcset=\"https:\/\/mrm-style.com\/sr\/wp-content\/uploads\/2017\/09\/Nemas-Stila-Nemas-Ukusa-3.png 470w, https:\/\/mrm-style.com\/sr\/wp-content\/uploads\/2017\/09\/Nemas-Stila-Nemas-Ukusa-3-300x251.png 300w\" sizes=\"auto, (max-width: 470px) 100vw, 470px\" \/><\/p>\n<p>&nbsp;<\/p>\n<div class=\"paragraph\">Znam koliko je lepo \u010ditati sve te modne magazine i videti sve te lepe stvari, ali nekad magazini u svetu umeju da i vi\u0161e nego \u0161to je potrebno &#8220;bombarduju&#8221; brendiranim stvarima i onda se prose\u010dan mu\u0161karac ili prose\u010dna devojka\/\u017eena ubeda\u010di \u0161to ona nema dovoljno novca da kupi neku skupu stvar, kod mu\u0161karaca je to ve\u0107inom skupo Hugo Boss odelo, ili neki dobar sat, dok je to kod \u017eena neprevazi\u0111ena Chanel torba, i retko koji magazin (stvarno \u010dast izuzecima) da neku jeftiniju alternativu. Kod nas u Srbiji je mo\u017eda malo bolja situacija, jer su na\u0161i editori svesni da je prose\u010dna plata oko 300 evra (iskreno ja sam \u010duo i da je 250 evra) i svojim \u010ditaocima daju jeftinija re\u0161enja kako mogu da &#8220;iskopiraju&#8221; ne\u010diju modnu kombinaciju i da ne\u0161to sli\u010dno mogu prona\u0107i u nekim na\u0161im doma\u0107im modnim ku\u0107ama poput: Mone. Legend-a ili AMC (Afrodita Mode Collection) ili pak u nekim stranim modnim ku\u0107ama koje su pristupa\u010dne ve\u0107ini stanovni\u0161tva poput H&amp;M, Zare itd&#8230;Verujte da je jedino bitno da se \u010dovek dobro ose\u0107a u onome \u0161to je na njemu i da naravno, to ume da iznese.<\/div>\n<div class=\"paragraph\"><\/div>\n<div class=\"paragraph\">\n<p>O ukusima, kako se ka\u017ee, ne treba raspravljati, ali i ukus mora imati svoju odmerenost. \u010citanje, pra\u0107enje stru\u010dnjaka iz oblasti mode i edukacija su po tom pitanju od velike pomo\u0107i, zato ne treba upu\u0107ivati negativne komentare onima koji se trude da vam pomognu. \ud83d\ude09<\/p>\n<p>&nbsp;<\/p>\n<p>Pozdrav,<\/p>\n<p>Mr.M<\/p>\n<p><img loading=\"lazy\" decoding=\"async\" class=\"size-full wp-image-1807 aligncenter\" src=\"https:\/\/mrm-style.com\/wp-content\/uploads\/2017\/09\/Nemas-Stila-Nemas-Ukusa-4.png\" alt=\"\" width=\"828\" height=\"315\" srcset=\"https:\/\/mrm-style.com\/sr\/wp-content\/uploads\/2017\/09\/Nemas-Stila-Nemas-Ukusa-4.png 828w, https:\/\/mrm-style.com\/sr\/wp-content\/uploads\/2017\/09\/Nemas-Stila-Nemas-Ukusa-4-300x114.png 300w, https:\/\/mrm-style.com\/sr\/wp-content\/uploads\/2017\/09\/Nemas-Stila-Nemas-Ukusa-4-768x292.png 768w, https:\/\/mrm-style.com\/sr\/wp-content\/uploads\/2017\/09\/Nemas-Stila-Nemas-Ukusa-4-800x304.png 800w, https:\/\/mrm-style.com\/sr\/wp-content\/uploads\/2017\/09\/Nemas-Stila-Nemas-Ukusa-4-550x209.png 550w\" sizes=\"auto, (max-width: 828px) 100vw, 828px\" \/><\/p>\n<\/div>\n<p>Za sve vrste predloga, sugestija i pitanja mo\u017eete me kontaktirati putem dru\u0161tvenih mre\u017ea. Sa velikim is\u010dekivanjem o\u010dekujem va\u0161e komentare.<\/p>\n","protected":false},"excerpt":{"rendered":"<p>\u0106ao svima! Od samog po\u010detka rada na mom blogu, ja sam dobijao pitanja tipa: &#8220;Da li imam stila? Da li imam ukusa? Da li sam u trendu?&#8221; I svaki put sam se trudio da ljudima objasnim da su ta pitanja i vi\u0161e nego suvi\u0161na i da svako od nas ima ne\u0161to u sebi \u0161to poru\u010duje DA! Ja imam stila&#8230; DA! Ja imam ukusa&#8230; Za\u0161to je ljudima potrebno da ih neko ocenjuje? Da li je to nedostatak vere u sebe i svoje izbore ili je to pak samo na\u010din da se&#8230; <span class=\"more\"><a class=\"more-link\" href=\"https:\/\/mrm-style.com\/sr\/nemas-stila-nemas-ukusa-ne-brini-preziveces\/\">Read More<\/a><\/span><\/p>\n","protected":false},"author":1,"featured_media":1804,"comment_status":"open","ping_status":"open","sticky":false,"template":"","format":"standard","meta":{"om_disable_all_campaigns":false,"_monsterinsights_skip_tracking":false,"_monsterinsights_sitenote_active":false,"_monsterinsights_sitenote_note":"","_monsterinsights_sitenote_category":0,"footnotes":""},"categories":[53,52,8],"tags":[99,56,89,54,55,125,100,66,90,124],"class_list":["post-1803","post","type-post","status-publish","format-standard","has-post-thumbnail","hentry","category-lifestyle","category-moda","category-saveti","tag-beograd","tag-marko-tadic","tag-moda","tag-mr-m","tag-mr-m-by-marko-tadic","tag-oblacenje","tag-saveti","tag-srbija","tag-stil","tag-ukus"],"aioseo_notices":[],"_links":{"self":[{"href":"https:\/\/mrm-style.com\/sr\/wp-json\/wp\/v2\/posts\/1803","targetHints":{"allow":["GET"]}}],"collection":[{"href":"https:\/\/mrm-style.com\/sr\/wp-json\/wp\/v2\/posts"}],"about":[{"href":"https:\/\/mrm-style.com\/sr\/wp-json\/wp\/v2\/types\/post"}],"author":[{"embeddable":true,"href":"https:\/\/mrm-style.com\/sr\/wp-json\/wp\/v2\/users\/1"}],"replies":[{"embeddable":true,"href":"https:\/\/mrm-style.com\/sr\/wp-json\/wp\/v2\/comments?post=1803"}],"version-history":[{"count":1,"href":"https:\/\/mrm-style.com\/sr\/wp-json\/wp\/v2\/posts\/1803\/revisions"}],"predecessor-version":[{"id":1808,"href":"https:\/\/mrm-style.com\/sr\/wp-json\/wp\/v2\/posts\/1803\/revisions\/1808"}],"wp:featuredmedia":[{"embeddable":true,"href":"https:\/\/mrm-style.com\/sr\/wp-json\/wp\/v2\/media\/1804"}],"wp:attachment":[{"href":"https:\/\/mrm-style.com\/sr\/wp-json\/wp\/v2\/media?parent=1803"}],"wp:term":[{"taxonomy":"category","embeddable":true,"href":"https:\/\/mrm-style.com\/sr\/wp-json\/wp\/v2\/categories?post=1803"},{"taxonomy":"post_tag","embeddable":true,"href":"https:\/\/mrm-style.com\/sr\/wp-json\/wp\/v2\/tags?post=1803"}],"curies":[{"name":"wp","href":"https:\/\/api.w.org\/{rel}","templated":true}]}}