{"id":19533,"date":"2026-04-03T08:00:00","date_gmt":"2026-04-03T07:00:00","guid":{"rendered":"https:\/\/mrm-style.com\/sr\/?p=19533"},"modified":"2026-03-22T19:01:01","modified_gmt":"2026-03-22T18:01:01","slug":"emporio-armani-prefinjena-italijanska-ulicna-elegancija-u-briselu","status":"publish","type":"post","link":"https:\/\/mrm-style.com\/sr\/emporio-armani-prefinjena-italijanska-ulicna-elegancija-u-briselu\/","title":{"rendered":"Emporio Armani: Prefinjena italijanska uli\u010dna elegancija u Briselu"},"content":{"rendered":"\n<p>Dragi moji ljubitelji mode, dobrodo\u0161li u jo\u0161 jednu modnu avanturu na Mr.M blogu! Kada putujete uvek prosto napravite neke odre\u0111ene podele gradova. Postoje neki gradovi koji vas prosto privuku zbog izuzetne arhitekture, a sa druge strane postoje i gradovi koji vas privuku zbog svoje neobi\u010dne atmosfere. Moram priznati da Brisel pripada obema grupama istovremeno. Kada sam odlu\u010dio da upravo tamo napravim ovu modnu pri\u010du, nisam mogao ni da zamislim koliko \u0107e se sam grad savr\u0161eno uklopiti u ono \u0161to sam nameravao da ispri\u010dam. Jer ovo nije samo pri\u010da o ode\u0107i, ovo je pri\u010da o dva potpuno razli\u010dita sveta mode koji su se, ba\u0161 kao vijugave linije briselske secesije, savr\u0161eno isprepletali u jednu celinu. Italija i Francuska. Milano i Nica. Emporio Armani i Fa\u00e7onnable. Svako od ovih imena nosi te\u017einu decenija kroja\u010dke tradicije, a zajedno \u010dine outfit koji sam nosio tog posebnog dana u belgijskoj prestonici. Dozvolite mi da vas provedem kroz svaki detalj, svaku nit i svaku pri\u010du koja stoji iza ovih komada.<\/p>\n\n\n<div class=\"wp-block-image\">\n<figure class=\"aligncenter size-full\"><a href=\"https:\/\/mrm-style.com\/sr\/wp-content\/uploads\/2026\/03\/Emporio-Armani-Prefinjena-italijanska-ulicna-elegancija-u-Briselu-Mr.M-by-Marko-Tadic-mrmbymarkotadic9.jpg\"><img loading=\"lazy\" decoding=\"async\" width=\"1600\" height=\"2400\" src=\"https:\/\/mrm-style.com\/sr\/wp-content\/uploads\/2026\/03\/Emporio-Armani-Prefinjena-italijanska-ulicna-elegancija-u-Briselu-Mr.M-by-Marko-Tadic-mrmbymarkotadic9.jpg\" alt=\"\" class=\"wp-image-19542\" srcset=\"https:\/\/mrm-style.com\/sr\/wp-content\/uploads\/2026\/03\/Emporio-Armani-Prefinjena-italijanska-ulicna-elegancija-u-Briselu-Mr.M-by-Marko-Tadic-mrmbymarkotadic9.jpg 1600w, https:\/\/mrm-style.com\/sr\/wp-content\/uploads\/2026\/03\/Emporio-Armani-Prefinjena-italijanska-ulicna-elegancija-u-Briselu-Mr.M-by-Marko-Tadic-mrmbymarkotadic9-200x300.jpg 200w, https:\/\/mrm-style.com\/sr\/wp-content\/uploads\/2026\/03\/Emporio-Armani-Prefinjena-italijanska-ulicna-elegancija-u-Briselu-Mr.M-by-Marko-Tadic-mrmbymarkotadic9-683x1024.jpg 683w, https:\/\/mrm-style.com\/sr\/wp-content\/uploads\/2026\/03\/Emporio-Armani-Prefinjena-italijanska-ulicna-elegancija-u-Briselu-Mr.M-by-Marko-Tadic-mrmbymarkotadic9-768x1152.jpg 768w, https:\/\/mrm-style.com\/sr\/wp-content\/uploads\/2026\/03\/Emporio-Armani-Prefinjena-italijanska-ulicna-elegancija-u-Briselu-Mr.M-by-Marko-Tadic-mrmbymarkotadic9-1024x1536.jpg 1024w, https:\/\/mrm-style.com\/sr\/wp-content\/uploads\/2026\/03\/Emporio-Armani-Prefinjena-italijanska-ulicna-elegancija-u-Briselu-Mr.M-by-Marko-Tadic-mrmbymarkotadic9-1365x2048.jpg 1365w, https:\/\/mrm-style.com\/sr\/wp-content\/uploads\/2026\/03\/Emporio-Armani-Prefinjena-italijanska-ulicna-elegancija-u-Briselu-Mr.M-by-Marko-Tadic-mrmbymarkotadic9-1440x2160.jpg 1440w, https:\/\/mrm-style.com\/sr\/wp-content\/uploads\/2026\/03\/Emporio-Armani-Prefinjena-italijanska-ulicna-elegancija-u-Briselu-Mr.M-by-Marko-Tadic-mrmbymarkotadic9-800x1200.jpg 800w, https:\/\/mrm-style.com\/sr\/wp-content\/uploads\/2026\/03\/Emporio-Armani-Prefinjena-italijanska-ulicna-elegancija-u-Briselu-Mr.M-by-Marko-Tadic-mrmbymarkotadic9-550x825.jpg 550w, https:\/\/mrm-style.com\/sr\/wp-content\/uploads\/2026\/03\/Emporio-Armani-Prefinjena-italijanska-ulicna-elegancija-u-Briselu-Mr.M-by-Marko-Tadic-mrmbymarkotadic9-720x1080.jpg 720w, https:\/\/mrm-style.com\/sr\/wp-content\/uploads\/2026\/03\/Emporio-Armani-Prefinjena-italijanska-ulicna-elegancija-u-Briselu-Mr.M-by-Marko-Tadic-mrmbymarkotadic9-400x600.jpg 400w\" sizes=\"auto, (max-width: 1600px) 100vw, 1600px\" \/><\/a><\/figure>\n<\/div>\n\n<div class=\"wp-block-image\">\n<figure class=\"aligncenter size-full\"><a href=\"https:\/\/mrm-style.com\/sr\/wp-content\/uploads\/2026\/03\/Emporio-Armani-Prefinjena-italijanska-ulicna-elegancija-u-Briselu-Mr.M-by-Marko-Tadic-mrmbymarkotadic15.jpg\"><img loading=\"lazy\" decoding=\"async\" width=\"2500\" height=\"1238\" src=\"https:\/\/mrm-style.com\/sr\/wp-content\/uploads\/2026\/03\/Emporio-Armani-Prefinjena-italijanska-ulicna-elegancija-u-Briselu-Mr.M-by-Marko-Tadic-mrmbymarkotadic15.jpg\" alt=\"\" class=\"wp-image-19548\" srcset=\"https:\/\/mrm-style.com\/sr\/wp-content\/uploads\/2026\/03\/Emporio-Armani-Prefinjena-italijanska-ulicna-elegancija-u-Briselu-Mr.M-by-Marko-Tadic-mrmbymarkotadic15.jpg 2500w, https:\/\/mrm-style.com\/sr\/wp-content\/uploads\/2026\/03\/Emporio-Armani-Prefinjena-italijanska-ulicna-elegancija-u-Briselu-Mr.M-by-Marko-Tadic-mrmbymarkotadic15-300x149.jpg 300w, https:\/\/mrm-style.com\/sr\/wp-content\/uploads\/2026\/03\/Emporio-Armani-Prefinjena-italijanska-ulicna-elegancija-u-Briselu-Mr.M-by-Marko-Tadic-mrmbymarkotadic15-1024x507.jpg 1024w, https:\/\/mrm-style.com\/sr\/wp-content\/uploads\/2026\/03\/Emporio-Armani-Prefinjena-italijanska-ulicna-elegancija-u-Briselu-Mr.M-by-Marko-Tadic-mrmbymarkotadic15-768x380.jpg 768w, https:\/\/mrm-style.com\/sr\/wp-content\/uploads\/2026\/03\/Emporio-Armani-Prefinjena-italijanska-ulicna-elegancija-u-Briselu-Mr.M-by-Marko-Tadic-mrmbymarkotadic15-1536x761.jpg 1536w, https:\/\/mrm-style.com\/sr\/wp-content\/uploads\/2026\/03\/Emporio-Armani-Prefinjena-italijanska-ulicna-elegancija-u-Briselu-Mr.M-by-Marko-Tadic-mrmbymarkotadic15-2048x1014.jpg 2048w, https:\/\/mrm-style.com\/sr\/wp-content\/uploads\/2026\/03\/Emporio-Armani-Prefinjena-italijanska-ulicna-elegancija-u-Briselu-Mr.M-by-Marko-Tadic-mrmbymarkotadic15-1440x713.jpg 1440w, https:\/\/mrm-style.com\/sr\/wp-content\/uploads\/2026\/03\/Emporio-Armani-Prefinjena-italijanska-ulicna-elegancija-u-Briselu-Mr.M-by-Marko-Tadic-mrmbymarkotadic15-800x396.jpg 800w, https:\/\/mrm-style.com\/sr\/wp-content\/uploads\/2026\/03\/Emporio-Armani-Prefinjena-italijanska-ulicna-elegancija-u-Briselu-Mr.M-by-Marko-Tadic-mrmbymarkotadic15-550x272.jpg 550w, https:\/\/mrm-style.com\/sr\/wp-content\/uploads\/2026\/03\/Emporio-Armani-Prefinjena-italijanska-ulicna-elegancija-u-Briselu-Mr.M-by-Marko-Tadic-mrmbymarkotadic15-1920x951.jpg 1920w, https:\/\/mrm-style.com\/sr\/wp-content\/uploads\/2026\/03\/Emporio-Armani-Prefinjena-italijanska-ulicna-elegancija-u-Briselu-Mr.M-by-Marko-Tadic-mrmbymarkotadic15-1212x600.jpg 1212w\" sizes=\"auto, (max-width: 2500px) 100vw, 2500px\" \/><\/a><\/figure>\n<\/div>\n\n\n<h2 class=\"wp-block-heading\">Brisel kao modna pista: Grad koji inspiri\u0161e<\/h2>\n\n\n\n<p>Belgijska prestonica retko se pominje u istom smislu kao \u0161to je to slu\u010daj sa Parizom ili Milanom kada je moda u pitanju. Me\u0111utim, upravo taj grad ve\u0107 vi\u0161e od jednog veka slu\u017ei kao raskrsnica umetni\u010dkih pokreta koji su oblikovali \u010ditavu Evropu. Davne 1893. godine arhitekta Viktor Orta zavr\u0161io je \u010duvenu ku\u0107u Tasel, delo koje se smatra osniva\u010dkim kamenom pokreta secesije. Od tog trenutka Brisel je postao prestonica tog umetni\u010dkog pravca, sa skoro hiljadu zgrada u tom stilu koje i danas krase njegove ulice.<\/p>\n\n\n\n<p>\u0160etaju\u0107i kroz \u010detvrti Ikel i Sen \u017dil, \u010dovek na svakom koraku nailazi na fasade sa vijugavim linijama, biljnim motivima u kovanom gvo\u017e\u0111u i vitra\u017ee koji pretvaraju obi\u010dnu dnevnu svetlost u ne\u0161to gotovo \u010darobno. Upravo ta estetika, spoj elegancije i funkcionalnosti, ukrasa i su\u0161tine savr\u0161eno odra\u017eava filozofiju koju sam \u017eeleo da prenesem ovim outfitom. Kao \u0161to je secesija brisala granice izme\u0111u umetnosti i svakodnevnog \u017eivota, tako i dobro osmi\u0161ljen outfit bri\u0161e granicu izme\u0111u komfora i stila.<\/p>\n\n\n\n<p>Brisel je, osim toga i sedi\u0161te evropskih institucija, grad u kome se susre\u0107u kulture, jezici i tradicije \u010ditavog kontinenta. Ovde se kosmopolitski duh ose\u0107a na svakom trgu, u svakom bifeu, u svakoj galeriji. Upravo taj spoj starog i novog, formalnog i opu\u0161tenog, \u010dini ga idealnom pozadinom za modni sadr\u017eaj koji se obra\u0107a mu\u0161karcu sa istan\u010danim ukusom za prefinjenu i sofisticiranu svakodnevnu modu.<\/p>\n\n\n<div class=\"wp-block-image\">\n<figure class=\"aligncenter size-full\"><a href=\"https:\/\/mrm-style.com\/sr\/wp-content\/uploads\/2026\/03\/Emporio-Armani-Prefinjena-italijanska-ulicna-elegancija-u-Briselu-Mr.M-by-Marko-Tadic-mrmbymarkotadic12.jpg\"><img loading=\"lazy\" decoding=\"async\" width=\"2400\" height=\"1600\" src=\"https:\/\/mrm-style.com\/sr\/wp-content\/uploads\/2026\/03\/Emporio-Armani-Prefinjena-italijanska-ulicna-elegancija-u-Briselu-Mr.M-by-Marko-Tadic-mrmbymarkotadic12.jpg\" alt=\"\" class=\"wp-image-19545\" srcset=\"https:\/\/mrm-style.com\/sr\/wp-content\/uploads\/2026\/03\/Emporio-Armani-Prefinjena-italijanska-ulicna-elegancija-u-Briselu-Mr.M-by-Marko-Tadic-mrmbymarkotadic12.jpg 2400w, https:\/\/mrm-style.com\/sr\/wp-content\/uploads\/2026\/03\/Emporio-Armani-Prefinjena-italijanska-ulicna-elegancija-u-Briselu-Mr.M-by-Marko-Tadic-mrmbymarkotadic12-300x200.jpg 300w, https:\/\/mrm-style.com\/sr\/wp-content\/uploads\/2026\/03\/Emporio-Armani-Prefinjena-italijanska-ulicna-elegancija-u-Briselu-Mr.M-by-Marko-Tadic-mrmbymarkotadic12-1024x683.jpg 1024w, https:\/\/mrm-style.com\/sr\/wp-content\/uploads\/2026\/03\/Emporio-Armani-Prefinjena-italijanska-ulicna-elegancija-u-Briselu-Mr.M-by-Marko-Tadic-mrmbymarkotadic12-768x512.jpg 768w, https:\/\/mrm-style.com\/sr\/wp-content\/uploads\/2026\/03\/Emporio-Armani-Prefinjena-italijanska-ulicna-elegancija-u-Briselu-Mr.M-by-Marko-Tadic-mrmbymarkotadic12-1536x1024.jpg 1536w, https:\/\/mrm-style.com\/sr\/wp-content\/uploads\/2026\/03\/Emporio-Armani-Prefinjena-italijanska-ulicna-elegancija-u-Briselu-Mr.M-by-Marko-Tadic-mrmbymarkotadic12-2048x1365.jpg 2048w, https:\/\/mrm-style.com\/sr\/wp-content\/uploads\/2026\/03\/Emporio-Armani-Prefinjena-italijanska-ulicna-elegancija-u-Briselu-Mr.M-by-Marko-Tadic-mrmbymarkotadic12-1440x960.jpg 1440w, https:\/\/mrm-style.com\/sr\/wp-content\/uploads\/2026\/03\/Emporio-Armani-Prefinjena-italijanska-ulicna-elegancija-u-Briselu-Mr.M-by-Marko-Tadic-mrmbymarkotadic12-800x533.jpg 800w, https:\/\/mrm-style.com\/sr\/wp-content\/uploads\/2026\/03\/Emporio-Armani-Prefinjena-italijanska-ulicna-elegancija-u-Briselu-Mr.M-by-Marko-Tadic-mrmbymarkotadic12-550x367.jpg 550w, https:\/\/mrm-style.com\/sr\/wp-content\/uploads\/2026\/03\/Emporio-Armani-Prefinjena-italijanska-ulicna-elegancija-u-Briselu-Mr.M-by-Marko-Tadic-mrmbymarkotadic12-1920x1280.jpg 1920w, https:\/\/mrm-style.com\/sr\/wp-content\/uploads\/2026\/03\/Emporio-Armani-Prefinjena-italijanska-ulicna-elegancija-u-Briselu-Mr.M-by-Marko-Tadic-mrmbymarkotadic12-1620x1080.jpg 1620w, https:\/\/mrm-style.com\/sr\/wp-content\/uploads\/2026\/03\/Emporio-Armani-Prefinjena-italijanska-ulicna-elegancija-u-Briselu-Mr.M-by-Marko-Tadic-mrmbymarkotadic12-900x600.jpg 900w\" sizes=\"auto, (max-width: 2400px) 100vw, 2400px\" \/><\/a><\/figure>\n<\/div>\n\n\n<h2 class=\"wp-block-heading\">Emporio Armani: Italijansko nasle\u0111e jednog vizionara<\/h2>\n\n\n\n<p>Da bismo razumeli <strong><a href=\"https:\/\/www.armani.com\" target=\"_blank\" rel=\"noopener\" title=\"\">Emporio Armani<\/a><\/strong>, moramo se najpre vratiti na samog tvorca &#8211; \u0110or\u0111a Armanija. Ro\u0111en 1934. godine u Pja\u010denci, u severnoj Italiji, Armani je prvobitno studirao medicinu na Univerzitetu u Milanu. Posle tri godine studija i obaveznog vojnog roka, sudbina ga je odvela u sasvim drugom pravcu. Godine 1957. po\u010deo je da radi kao izlaga\u010d u izlogu i prodavac u milanskoj robnoj ku\u0107i La Rina\u0161ente, gde je izo\u0161trio oko za tkanine i kroj.<\/p>\n\n\n\n<p>Tamo je nau\u010dio kako da prika\u017ee ode\u0107u na na\u010din koji privla\u010di pa\u017enju i budi \u017eelju. Potom je pre\u0161ao u atelje Nina \u010cerutija, gde je projektovao mu\u0161ku ode\u0107u. To iskustvo bilo je presudno, nau\u010dilo ga je preciznosti kroja i dubini poznavanja materijala koja \u0107e kasnije postati za\u0161titni znaci njegovog rada. Kasnije 1975. godine, zajedno sa svojim poslovnim partnerom i \u017eivotnim saputnikom Ser\u0111om Galeotijem, osnovao je ku\u0107u Giorgio Armani. Prema nekim izvorima, po\u010detni kapital dobili su prodajom svog automobila marke folksvagen. Tako je po\u010dela jedna od najupe\u010datljivijih pri\u010da u istoriji mode.<\/p>\n\n\n\n<p>Armanijeva revolucija le\u017eala je u njegovom pristupu: omek\u0161ao je sliku mu\u0161karca i oja\u010dao sliku \u017eene. Koristio je \u017eenske tkanine za mu\u0161ku ode\u0107u i stvorio takozvano odelo mo\u0107i za \u017eene. Njegov minimalisti\u010dki, dekonstruisani pristup siluetama, naro\u010dito sakoima i odelima, redefinisao je eleganciju u savremenoj formi. Film Ameri\u010dki \u017eigolo iz 1980. godine, u kome je Ri\u010dard Gir nosio Armanijeve kreacije, u\u010dvrstio je tu vezu izme\u0111u mode i zavodljivosti za \u010ditavu jednu generaciju.<\/p>\n\n\n<div class=\"wp-block-image\">\n<figure class=\"aligncenter size-full\"><a href=\"https:\/\/mrm-style.com\/sr\/wp-content\/uploads\/2026\/03\/Emporio-Armani-Prefinjena-italijanska-ulicna-elegancija-u-Briselu-Mr.M-by-Marko-Tadic-mrmbymarkotadic3.jpg\"><img loading=\"lazy\" decoding=\"async\" width=\"1600\" height=\"2400\" src=\"https:\/\/mrm-style.com\/sr\/wp-content\/uploads\/2026\/03\/Emporio-Armani-Prefinjena-italijanska-ulicna-elegancija-u-Briselu-Mr.M-by-Marko-Tadic-mrmbymarkotadic3.jpg\" alt=\"\" class=\"wp-image-19536\" srcset=\"https:\/\/mrm-style.com\/sr\/wp-content\/uploads\/2026\/03\/Emporio-Armani-Prefinjena-italijanska-ulicna-elegancija-u-Briselu-Mr.M-by-Marko-Tadic-mrmbymarkotadic3.jpg 1600w, https:\/\/mrm-style.com\/sr\/wp-content\/uploads\/2026\/03\/Emporio-Armani-Prefinjena-italijanska-ulicna-elegancija-u-Briselu-Mr.M-by-Marko-Tadic-mrmbymarkotadic3-200x300.jpg 200w, https:\/\/mrm-style.com\/sr\/wp-content\/uploads\/2026\/03\/Emporio-Armani-Prefinjena-italijanska-ulicna-elegancija-u-Briselu-Mr.M-by-Marko-Tadic-mrmbymarkotadic3-683x1024.jpg 683w, https:\/\/mrm-style.com\/sr\/wp-content\/uploads\/2026\/03\/Emporio-Armani-Prefinjena-italijanska-ulicna-elegancija-u-Briselu-Mr.M-by-Marko-Tadic-mrmbymarkotadic3-768x1152.jpg 768w, https:\/\/mrm-style.com\/sr\/wp-content\/uploads\/2026\/03\/Emporio-Armani-Prefinjena-italijanska-ulicna-elegancija-u-Briselu-Mr.M-by-Marko-Tadic-mrmbymarkotadic3-1024x1536.jpg 1024w, https:\/\/mrm-style.com\/sr\/wp-content\/uploads\/2026\/03\/Emporio-Armani-Prefinjena-italijanska-ulicna-elegancija-u-Briselu-Mr.M-by-Marko-Tadic-mrmbymarkotadic3-1365x2048.jpg 1365w, https:\/\/mrm-style.com\/sr\/wp-content\/uploads\/2026\/03\/Emporio-Armani-Prefinjena-italijanska-ulicna-elegancija-u-Briselu-Mr.M-by-Marko-Tadic-mrmbymarkotadic3-1440x2160.jpg 1440w, https:\/\/mrm-style.com\/sr\/wp-content\/uploads\/2026\/03\/Emporio-Armani-Prefinjena-italijanska-ulicna-elegancija-u-Briselu-Mr.M-by-Marko-Tadic-mrmbymarkotadic3-800x1200.jpg 800w, https:\/\/mrm-style.com\/sr\/wp-content\/uploads\/2026\/03\/Emporio-Armani-Prefinjena-italijanska-ulicna-elegancija-u-Briselu-Mr.M-by-Marko-Tadic-mrmbymarkotadic3-550x825.jpg 550w, https:\/\/mrm-style.com\/sr\/wp-content\/uploads\/2026\/03\/Emporio-Armani-Prefinjena-italijanska-ulicna-elegancija-u-Briselu-Mr.M-by-Marko-Tadic-mrmbymarkotadic3-720x1080.jpg 720w, https:\/\/mrm-style.com\/sr\/wp-content\/uploads\/2026\/03\/Emporio-Armani-Prefinjena-italijanska-ulicna-elegancija-u-Briselu-Mr.M-by-Marko-Tadic-mrmbymarkotadic3-400x600.jpg 400w\" sizes=\"auto, (max-width: 1600px) 100vw, 1600px\" \/><\/a><\/figure>\n<\/div>\n\n<div class=\"wp-block-image\">\n<figure class=\"aligncenter size-full\"><a href=\"https:\/\/mrm-style.com\/sr\/wp-content\/uploads\/2026\/03\/Emporio-Armani-Prefinjena-italijanska-ulicna-elegancija-u-Briselu-Mr.M-by-Marko-Tadic-mrmbymarkotadic11.jpg\"><img loading=\"lazy\" decoding=\"async\" width=\"1600\" height=\"2400\" src=\"https:\/\/mrm-style.com\/sr\/wp-content\/uploads\/2026\/03\/Emporio-Armani-Prefinjena-italijanska-ulicna-elegancija-u-Briselu-Mr.M-by-Marko-Tadic-mrmbymarkotadic11.jpg\" alt=\"\" class=\"wp-image-19544\" srcset=\"https:\/\/mrm-style.com\/sr\/wp-content\/uploads\/2026\/03\/Emporio-Armani-Prefinjena-italijanska-ulicna-elegancija-u-Briselu-Mr.M-by-Marko-Tadic-mrmbymarkotadic11.jpg 1600w, https:\/\/mrm-style.com\/sr\/wp-content\/uploads\/2026\/03\/Emporio-Armani-Prefinjena-italijanska-ulicna-elegancija-u-Briselu-Mr.M-by-Marko-Tadic-mrmbymarkotadic11-200x300.jpg 200w, https:\/\/mrm-style.com\/sr\/wp-content\/uploads\/2026\/03\/Emporio-Armani-Prefinjena-italijanska-ulicna-elegancija-u-Briselu-Mr.M-by-Marko-Tadic-mrmbymarkotadic11-683x1024.jpg 683w, https:\/\/mrm-style.com\/sr\/wp-content\/uploads\/2026\/03\/Emporio-Armani-Prefinjena-italijanska-ulicna-elegancija-u-Briselu-Mr.M-by-Marko-Tadic-mrmbymarkotadic11-768x1152.jpg 768w, https:\/\/mrm-style.com\/sr\/wp-content\/uploads\/2026\/03\/Emporio-Armani-Prefinjena-italijanska-ulicna-elegancija-u-Briselu-Mr.M-by-Marko-Tadic-mrmbymarkotadic11-1024x1536.jpg 1024w, https:\/\/mrm-style.com\/sr\/wp-content\/uploads\/2026\/03\/Emporio-Armani-Prefinjena-italijanska-ulicna-elegancija-u-Briselu-Mr.M-by-Marko-Tadic-mrmbymarkotadic11-1365x2048.jpg 1365w, https:\/\/mrm-style.com\/sr\/wp-content\/uploads\/2026\/03\/Emporio-Armani-Prefinjena-italijanska-ulicna-elegancija-u-Briselu-Mr.M-by-Marko-Tadic-mrmbymarkotadic11-1440x2160.jpg 1440w, https:\/\/mrm-style.com\/sr\/wp-content\/uploads\/2026\/03\/Emporio-Armani-Prefinjena-italijanska-ulicna-elegancija-u-Briselu-Mr.M-by-Marko-Tadic-mrmbymarkotadic11-800x1200.jpg 800w, https:\/\/mrm-style.com\/sr\/wp-content\/uploads\/2026\/03\/Emporio-Armani-Prefinjena-italijanska-ulicna-elegancija-u-Briselu-Mr.M-by-Marko-Tadic-mrmbymarkotadic11-550x825.jpg 550w, https:\/\/mrm-style.com\/sr\/wp-content\/uploads\/2026\/03\/Emporio-Armani-Prefinjena-italijanska-ulicna-elegancija-u-Briselu-Mr.M-by-Marko-Tadic-mrmbymarkotadic11-720x1080.jpg 720w, https:\/\/mrm-style.com\/sr\/wp-content\/uploads\/2026\/03\/Emporio-Armani-Prefinjena-italijanska-ulicna-elegancija-u-Briselu-Mr.M-by-Marko-Tadic-mrmbymarkotadic11-400x600.jpg 400w\" sizes=\"auto, (max-width: 1600px) 100vw, 1600px\" \/><\/a><\/figure>\n<\/div>\n\n\n<h2 class=\"wp-block-heading\">Ra\u0111anje Emporija: Uli\u010dna moda za sve generacije<\/h2>\n\n\n\n<p><strong><a href=\"https:\/\/www.armani.com\/\" target=\"_blank\" rel=\"noopener\" title=\"\">Emporio Armani<\/a><\/strong> pojavio se 1981. godine iz vrlo konkretne potrebe. Sam Armani je jednom prilikom objasnio da je video prazninu na tr\u017ei\u0161tu gde su mladi ljudi su \u017eudeli za ne\u010dim sve\u017eim i novim, a on je to \u017eeleo da im ponudi. Re\u010d emporio na italijanskom zna\u010di emporijum ili prodavnica raznovrsnih proizvoda, i upravo taj naziv savr\u0161eno opisuje ideju brenda: mesto gde svako mo\u017ee prona\u0107i ne\u0161to za sebe, po pristupa\u010dnijoj ceni od glavne linije, ali sa istim istan\u010danim ukusom i prefinjenim stilom.<\/p>\n\n\n\n<p>Logo brenda u vidu podeljenog orla horizontalnim linijama sa inicijalima dizajnera, nastao je gotovo slu\u010dajno. Armani je u jednom razgovoru za italijanski Vog ispri\u010dao kako ga je nacrtao dok je telefonirao sa Galeotijem, koji je hitno tra\u017eio odluku o logotipu. Nacrtao je ne\u0161to bez mnogo razmi\u0161ljanja, a taj spontani crte\u017e postao je jedan od najprepoznatljivijih simbola u svetu mode. Zanimljivo je da orao gleda na istok, \u0161to je navelo mnoge na tuma\u010denje da je to po\u010dast ameri\u010dkom tr\u017ei\u0161tu, ali sam Armani je to demantovao, re\u010d je bila o \u010distoj intuiciji.<\/p>\n\n\n<div class=\"wp-block-image\">\n<figure class=\"aligncenter size-full\"><a href=\"https:\/\/mrm-style.com\/sr\/wp-content\/uploads\/2026\/03\/Emporio-Armani-Prefinjena-italijanska-ulicna-elegancija-u-Briselu-Mr.M-by-Marko-Tadic-mrmbymarkotadic24.jpg\"><img loading=\"lazy\" decoding=\"async\" width=\"1600\" height=\"2400\" src=\"https:\/\/mrm-style.com\/sr\/wp-content\/uploads\/2026\/03\/Emporio-Armani-Prefinjena-italijanska-ulicna-elegancija-u-Briselu-Mr.M-by-Marko-Tadic-mrmbymarkotadic24.jpg\" alt=\"\" class=\"wp-image-19557\" srcset=\"https:\/\/mrm-style.com\/sr\/wp-content\/uploads\/2026\/03\/Emporio-Armani-Prefinjena-italijanska-ulicna-elegancija-u-Briselu-Mr.M-by-Marko-Tadic-mrmbymarkotadic24.jpg 1600w, https:\/\/mrm-style.com\/sr\/wp-content\/uploads\/2026\/03\/Emporio-Armani-Prefinjena-italijanska-ulicna-elegancija-u-Briselu-Mr.M-by-Marko-Tadic-mrmbymarkotadic24-200x300.jpg 200w, https:\/\/mrm-style.com\/sr\/wp-content\/uploads\/2026\/03\/Emporio-Armani-Prefinjena-italijanska-ulicna-elegancija-u-Briselu-Mr.M-by-Marko-Tadic-mrmbymarkotadic24-683x1024.jpg 683w, https:\/\/mrm-style.com\/sr\/wp-content\/uploads\/2026\/03\/Emporio-Armani-Prefinjena-italijanska-ulicna-elegancija-u-Briselu-Mr.M-by-Marko-Tadic-mrmbymarkotadic24-768x1152.jpg 768w, https:\/\/mrm-style.com\/sr\/wp-content\/uploads\/2026\/03\/Emporio-Armani-Prefinjena-italijanska-ulicna-elegancija-u-Briselu-Mr.M-by-Marko-Tadic-mrmbymarkotadic24-1024x1536.jpg 1024w, https:\/\/mrm-style.com\/sr\/wp-content\/uploads\/2026\/03\/Emporio-Armani-Prefinjena-italijanska-ulicna-elegancija-u-Briselu-Mr.M-by-Marko-Tadic-mrmbymarkotadic24-1365x2048.jpg 1365w, https:\/\/mrm-style.com\/sr\/wp-content\/uploads\/2026\/03\/Emporio-Armani-Prefinjena-italijanska-ulicna-elegancija-u-Briselu-Mr.M-by-Marko-Tadic-mrmbymarkotadic24-1440x2160.jpg 1440w, https:\/\/mrm-style.com\/sr\/wp-content\/uploads\/2026\/03\/Emporio-Armani-Prefinjena-italijanska-ulicna-elegancija-u-Briselu-Mr.M-by-Marko-Tadic-mrmbymarkotadic24-800x1200.jpg 800w, https:\/\/mrm-style.com\/sr\/wp-content\/uploads\/2026\/03\/Emporio-Armani-Prefinjena-italijanska-ulicna-elegancija-u-Briselu-Mr.M-by-Marko-Tadic-mrmbymarkotadic24-550x825.jpg 550w, https:\/\/mrm-style.com\/sr\/wp-content\/uploads\/2026\/03\/Emporio-Armani-Prefinjena-italijanska-ulicna-elegancija-u-Briselu-Mr.M-by-Marko-Tadic-mrmbymarkotadic24-720x1080.jpg 720w, https:\/\/mrm-style.com\/sr\/wp-content\/uploads\/2026\/03\/Emporio-Armani-Prefinjena-italijanska-ulicna-elegancija-u-Briselu-Mr.M-by-Marko-Tadic-mrmbymarkotadic24-400x600.jpg 400w\" sizes=\"auto, (max-width: 1600px) 100vw, 1600px\" \/><\/a><\/figure>\n<\/div>\n\n<div class=\"wp-block-image\">\n<figure class=\"aligncenter size-full\"><a href=\"https:\/\/mrm-style.com\/sr\/wp-content\/uploads\/2026\/03\/Emporio-Armani-Prefinjena-italijanska-ulicna-elegancija-u-Briselu-Mr.M-by-Marko-Tadic-mrmbymarkotadic14.jpg\"><img loading=\"lazy\" decoding=\"async\" width=\"2400\" height=\"1600\" src=\"https:\/\/mrm-style.com\/sr\/wp-content\/uploads\/2026\/03\/Emporio-Armani-Prefinjena-italijanska-ulicna-elegancija-u-Briselu-Mr.M-by-Marko-Tadic-mrmbymarkotadic14.jpg\" alt=\"\" class=\"wp-image-19547\" srcset=\"https:\/\/mrm-style.com\/sr\/wp-content\/uploads\/2026\/03\/Emporio-Armani-Prefinjena-italijanska-ulicna-elegancija-u-Briselu-Mr.M-by-Marko-Tadic-mrmbymarkotadic14.jpg 2400w, https:\/\/mrm-style.com\/sr\/wp-content\/uploads\/2026\/03\/Emporio-Armani-Prefinjena-italijanska-ulicna-elegancija-u-Briselu-Mr.M-by-Marko-Tadic-mrmbymarkotadic14-300x200.jpg 300w, https:\/\/mrm-style.com\/sr\/wp-content\/uploads\/2026\/03\/Emporio-Armani-Prefinjena-italijanska-ulicna-elegancija-u-Briselu-Mr.M-by-Marko-Tadic-mrmbymarkotadic14-1024x683.jpg 1024w, https:\/\/mrm-style.com\/sr\/wp-content\/uploads\/2026\/03\/Emporio-Armani-Prefinjena-italijanska-ulicna-elegancija-u-Briselu-Mr.M-by-Marko-Tadic-mrmbymarkotadic14-768x512.jpg 768w, https:\/\/mrm-style.com\/sr\/wp-content\/uploads\/2026\/03\/Emporio-Armani-Prefinjena-italijanska-ulicna-elegancija-u-Briselu-Mr.M-by-Marko-Tadic-mrmbymarkotadic14-1536x1024.jpg 1536w, https:\/\/mrm-style.com\/sr\/wp-content\/uploads\/2026\/03\/Emporio-Armani-Prefinjena-italijanska-ulicna-elegancija-u-Briselu-Mr.M-by-Marko-Tadic-mrmbymarkotadic14-2048x1365.jpg 2048w, https:\/\/mrm-style.com\/sr\/wp-content\/uploads\/2026\/03\/Emporio-Armani-Prefinjena-italijanska-ulicna-elegancija-u-Briselu-Mr.M-by-Marko-Tadic-mrmbymarkotadic14-1440x960.jpg 1440w, https:\/\/mrm-style.com\/sr\/wp-content\/uploads\/2026\/03\/Emporio-Armani-Prefinjena-italijanska-ulicna-elegancija-u-Briselu-Mr.M-by-Marko-Tadic-mrmbymarkotadic14-800x533.jpg 800w, https:\/\/mrm-style.com\/sr\/wp-content\/uploads\/2026\/03\/Emporio-Armani-Prefinjena-italijanska-ulicna-elegancija-u-Briselu-Mr.M-by-Marko-Tadic-mrmbymarkotadic14-550x367.jpg 550w, https:\/\/mrm-style.com\/sr\/wp-content\/uploads\/2026\/03\/Emporio-Armani-Prefinjena-italijanska-ulicna-elegancija-u-Briselu-Mr.M-by-Marko-Tadic-mrmbymarkotadic14-1920x1280.jpg 1920w, https:\/\/mrm-style.com\/sr\/wp-content\/uploads\/2026\/03\/Emporio-Armani-Prefinjena-italijanska-ulicna-elegancija-u-Briselu-Mr.M-by-Marko-Tadic-mrmbymarkotadic14-1620x1080.jpg 1620w, https:\/\/mrm-style.com\/sr\/wp-content\/uploads\/2026\/03\/Emporio-Armani-Prefinjena-italijanska-ulicna-elegancija-u-Briselu-Mr.M-by-Marko-Tadic-mrmbymarkotadic14-900x600.jpg 900w\" sizes=\"auto, (max-width: 2400px) 100vw, 2400px\" \/><\/a><\/figure>\n<\/div>\n\n\n<p><strong><a href=\"https:\/\/www.armani.com\/\" target=\"_blank\" rel=\"noopener\" title=\"\">Emporio Armani<\/a><\/strong> i istoimena glavna linija bile su jedine dve kolekcije gotove ode\u0107e koje je Armani li\u010dno osmi\u0161ljavao i obe su imale istaknuto mesto na Nedelji mode u Milanu. Kroz decenije, kampanje ovog brenda krasila su neka od najpoznatijih lica sveta od Dejvida Bekama i Kristijana Ronalda do Megan Foks i Rijane. Restrukturiranjem brenda 2017. godine, linije Armani Collezioni i Armani Jeans integrisane su upravo u Emporio Armani, \u010dime je ova linija dodatno oja\u010dala svoj polo\u017eaj unutar modnog carstva.<\/p>\n\n\n\n<h2 class=\"wp-block-heading\">Giorgio Armani: Nasle\u0111e koje \u017eivi dalje<\/h2>\n\n\n\n<p>\u0110or\u0111o Armani preminuo je 4. septembra 2025. godine u svom domu u Milanu, u devedeset prvoj godini \u017eivota. Bio je to kraj jedne ere, ali nikako i kraj modne pri\u010de. \u010covek koji je zapo\u010deo karijeru kao izlaga\u010d u izlogu, a zavr\u0161io je kao tvorac modnog carstva sa vi\u0161e od 500 prodavnica \u0161irom sveta, ostavio je za sobom nasle\u0111e koje daleko prevazilazi ode\u0107u. Njegov poslednji \u010din bio je odobravanje kolekcije za proslavu pedesete godi\u0161njice brenda, svega nekoliko dana pre smrti.<\/p>\n\n\n\n<p>Porodica i zaposleni preuzeli su upravljanje kompanijom prema planu koji je pa\u017eljivo osmislio za \u017eivota. Sve butike zatvorene su na dan sahrane u znak se\u0107anja, uklju\u010duju\u0107i i \u010ditav grad Milano. Upravo ta \u010dinjenica govori koliko je duboko ovaj \u010dovek uticao ne samo na industriju, ve\u0107 i na identitet jednog grada. Kada danas nosim Armani komade, ose\u0107am tu te\u017einu nasle\u0111a i odgovornost da se prema svakom komadu odnosim sa po\u0161tovanjem koje zaslu\u017euje.<\/p>\n\n\n\n<h2 class=\"wp-block-heading\">Emporio Armani pantalone sa trodimenzionalnim efektom: Umetnost vrhunskog trikota\u017enog majstorstva<\/h2>\n\n\n\n<p>Prvi <strong><a href=\"https:\/\/www.armani.com\/en-wx\/emporio-armani\/experience\/\" target=\"_blank\" rel=\"noopener\" title=\"\">Emporio Armani<\/a><\/strong> komad u ovom outfitu jesu pantalone od me\u0161avine vunenog i d\u017eersi pletiva sa efektom trodimenzionalne teksture. Tamno plave boje, sa elasti\u010dnim svojstvima koja omogu\u0107avaju potpunu slobodu kretanja, ove pantalone savr\u0161en su primer onoga \u0161to Armani grupa radi decenijama, spaja vizuelnu privla\u010dnost sa prakti\u010dno\u0161\u0107u no\u0161enja. Me\u0161avina vune i d\u017eersija daje im strukturu koja dr\u017ei formu tokom \u010ditavog dana, a opet pru\u017ea meko\u0107u koja podse\u0107a na ku\u0107nu garderobu.<\/p>\n\n\n\n<p>Trodimenzionalni efekat pletenine posebno dolazi do izra\u017eaja na prirodnom svetlu, \u0161to sam i sam primetio dok sam se \u0161etao briselskim ulicama. Svaka promena ugla svetlosti otkrivala je novu dimenziju teksture, poput igre senki na fasadama secesijskih zgrada oko mene. To je upravo ona vrsta detalja koja razlikuje masovnu proizvodnju od promi\u0161ljenog dizajna. Cena ovih pantalona je 510 evra, \u0161to ih svrstava u kategoriju ulaganja u garderobu koje se vi\u0161estruko isplati.<\/p>\n\n\n<div class=\"wp-block-image\">\n<figure class=\"aligncenter size-full\"><a href=\"https:\/\/mrm-style.com\/sr\/wp-content\/uploads\/2026\/03\/Emporio-Armani-Prefinjena-italijanska-ulicna-elegancija-u-Briselu-Mr.M-by-Marko-Tadic-mrmbymarkotadic5.jpg\"><img loading=\"lazy\" decoding=\"async\" width=\"1600\" height=\"2400\" src=\"https:\/\/mrm-style.com\/sr\/wp-content\/uploads\/2026\/03\/Emporio-Armani-Prefinjena-italijanska-ulicna-elegancija-u-Briselu-Mr.M-by-Marko-Tadic-mrmbymarkotadic5.jpg\" alt=\"\" class=\"wp-image-19538\" srcset=\"https:\/\/mrm-style.com\/sr\/wp-content\/uploads\/2026\/03\/Emporio-Armani-Prefinjena-italijanska-ulicna-elegancija-u-Briselu-Mr.M-by-Marko-Tadic-mrmbymarkotadic5.jpg 1600w, https:\/\/mrm-style.com\/sr\/wp-content\/uploads\/2026\/03\/Emporio-Armani-Prefinjena-italijanska-ulicna-elegancija-u-Briselu-Mr.M-by-Marko-Tadic-mrmbymarkotadic5-200x300.jpg 200w, https:\/\/mrm-style.com\/sr\/wp-content\/uploads\/2026\/03\/Emporio-Armani-Prefinjena-italijanska-ulicna-elegancija-u-Briselu-Mr.M-by-Marko-Tadic-mrmbymarkotadic5-683x1024.jpg 683w, https:\/\/mrm-style.com\/sr\/wp-content\/uploads\/2026\/03\/Emporio-Armani-Prefinjena-italijanska-ulicna-elegancija-u-Briselu-Mr.M-by-Marko-Tadic-mrmbymarkotadic5-768x1152.jpg 768w, https:\/\/mrm-style.com\/sr\/wp-content\/uploads\/2026\/03\/Emporio-Armani-Prefinjena-italijanska-ulicna-elegancija-u-Briselu-Mr.M-by-Marko-Tadic-mrmbymarkotadic5-1024x1536.jpg 1024w, https:\/\/mrm-style.com\/sr\/wp-content\/uploads\/2026\/03\/Emporio-Armani-Prefinjena-italijanska-ulicna-elegancija-u-Briselu-Mr.M-by-Marko-Tadic-mrmbymarkotadic5-1365x2048.jpg 1365w, https:\/\/mrm-style.com\/sr\/wp-content\/uploads\/2026\/03\/Emporio-Armani-Prefinjena-italijanska-ulicna-elegancija-u-Briselu-Mr.M-by-Marko-Tadic-mrmbymarkotadic5-1440x2160.jpg 1440w, https:\/\/mrm-style.com\/sr\/wp-content\/uploads\/2026\/03\/Emporio-Armani-Prefinjena-italijanska-ulicna-elegancija-u-Briselu-Mr.M-by-Marko-Tadic-mrmbymarkotadic5-800x1200.jpg 800w, https:\/\/mrm-style.com\/sr\/wp-content\/uploads\/2026\/03\/Emporio-Armani-Prefinjena-italijanska-ulicna-elegancija-u-Briselu-Mr.M-by-Marko-Tadic-mrmbymarkotadic5-550x825.jpg 550w, https:\/\/mrm-style.com\/sr\/wp-content\/uploads\/2026\/03\/Emporio-Armani-Prefinjena-italijanska-ulicna-elegancija-u-Briselu-Mr.M-by-Marko-Tadic-mrmbymarkotadic5-720x1080.jpg 720w, https:\/\/mrm-style.com\/sr\/wp-content\/uploads\/2026\/03\/Emporio-Armani-Prefinjena-italijanska-ulicna-elegancija-u-Briselu-Mr.M-by-Marko-Tadic-mrmbymarkotadic5-400x600.jpg 400w\" sizes=\"auto, (max-width: 1600px) 100vw, 1600px\" \/><\/a><\/figure>\n<\/div>\n\n<div class=\"wp-block-image\">\n<figure class=\"aligncenter size-full\"><a href=\"https:\/\/mrm-style.com\/sr\/wp-content\/uploads\/2026\/03\/Emporio-Armani-Prefinjena-italijanska-ulicna-elegancija-u-Briselu-Mr.M-by-Marko-Tadic-mrmbymarkotadic19.jpg\"><img loading=\"lazy\" decoding=\"async\" width=\"1600\" height=\"2400\" src=\"https:\/\/mrm-style.com\/sr\/wp-content\/uploads\/2026\/03\/Emporio-Armani-Prefinjena-italijanska-ulicna-elegancija-u-Briselu-Mr.M-by-Marko-Tadic-mrmbymarkotadic19.jpg\" alt=\"\" class=\"wp-image-19552\" srcset=\"https:\/\/mrm-style.com\/sr\/wp-content\/uploads\/2026\/03\/Emporio-Armani-Prefinjena-italijanska-ulicna-elegancija-u-Briselu-Mr.M-by-Marko-Tadic-mrmbymarkotadic19.jpg 1600w, https:\/\/mrm-style.com\/sr\/wp-content\/uploads\/2026\/03\/Emporio-Armani-Prefinjena-italijanska-ulicna-elegancija-u-Briselu-Mr.M-by-Marko-Tadic-mrmbymarkotadic19-200x300.jpg 200w, https:\/\/mrm-style.com\/sr\/wp-content\/uploads\/2026\/03\/Emporio-Armani-Prefinjena-italijanska-ulicna-elegancija-u-Briselu-Mr.M-by-Marko-Tadic-mrmbymarkotadic19-683x1024.jpg 683w, https:\/\/mrm-style.com\/sr\/wp-content\/uploads\/2026\/03\/Emporio-Armani-Prefinjena-italijanska-ulicna-elegancija-u-Briselu-Mr.M-by-Marko-Tadic-mrmbymarkotadic19-768x1152.jpg 768w, https:\/\/mrm-style.com\/sr\/wp-content\/uploads\/2026\/03\/Emporio-Armani-Prefinjena-italijanska-ulicna-elegancija-u-Briselu-Mr.M-by-Marko-Tadic-mrmbymarkotadic19-1024x1536.jpg 1024w, https:\/\/mrm-style.com\/sr\/wp-content\/uploads\/2026\/03\/Emporio-Armani-Prefinjena-italijanska-ulicna-elegancija-u-Briselu-Mr.M-by-Marko-Tadic-mrmbymarkotadic19-1365x2048.jpg 1365w, https:\/\/mrm-style.com\/sr\/wp-content\/uploads\/2026\/03\/Emporio-Armani-Prefinjena-italijanska-ulicna-elegancija-u-Briselu-Mr.M-by-Marko-Tadic-mrmbymarkotadic19-1440x2160.jpg 1440w, https:\/\/mrm-style.com\/sr\/wp-content\/uploads\/2026\/03\/Emporio-Armani-Prefinjena-italijanska-ulicna-elegancija-u-Briselu-Mr.M-by-Marko-Tadic-mrmbymarkotadic19-800x1200.jpg 800w, https:\/\/mrm-style.com\/sr\/wp-content\/uploads\/2026\/03\/Emporio-Armani-Prefinjena-italijanska-ulicna-elegancija-u-Briselu-Mr.M-by-Marko-Tadic-mrmbymarkotadic19-550x825.jpg 550w, https:\/\/mrm-style.com\/sr\/wp-content\/uploads\/2026\/03\/Emporio-Armani-Prefinjena-italijanska-ulicna-elegancija-u-Briselu-Mr.M-by-Marko-Tadic-mrmbymarkotadic19-720x1080.jpg 720w, https:\/\/mrm-style.com\/sr\/wp-content\/uploads\/2026\/03\/Emporio-Armani-Prefinjena-italijanska-ulicna-elegancija-u-Briselu-Mr.M-by-Marko-Tadic-mrmbymarkotadic19-400x600.jpg 400w\" sizes=\"auto, (max-width: 1600px) 100vw, 1600px\" \/><\/a><\/figure>\n<\/div>\n\n\n<h2 class=\"wp-block-heading\">Emporio Armani d\u017eemper iz kolekcije Icon: Devi\u010danska vuna u slu\u017ebi elegancije<\/h2>\n\n\n\n<p>Drugi klju\u010dni komad iz <strong><a href=\"https:\/\/www.armani.com\/en-wx\/emporio-armani\/experience\/\" target=\"_blank\" rel=\"noopener\" title=\"\">Emporio Armani<\/a><\/strong> ponude je d\u017eemper sa polo kragnom iz kultne kolekcije Icon. Izra\u0111en od devi\u010danske vune, ovaj d\u017eemper odlikuje se reljefnim pletivom koje daje utisak sofisticirane jednostavnosti. Bela boja nagla\u0161ava \u010disto\u0107u linija i kvalitet materijala, dok polo kragna pru\u017ea onaj dodatni stepen formalnosti koji ga \u010dini pogodnim i za poslovne i za opu\u0161tene prilike. Devi\u010danska vuna, kao materijal, ima izuzetna termoregulaciona svojstva, greje kada je hladno, a hladi kada je toplo.<\/p>\n\n\n\n<p>Kolekcija Icon predstavlja srce Emporio Armani identiteta, komade koji su osmi\u0161ljeni da traju sezonama, pa \u010dak i godinama. To su odevni predmeti koji ne podle\u017eu prolaznim trendovima, ve\u0107 slu\u017ee kao oslonac svake garderobe. Reljefno pletivo na ovom d\u017eemperu daje mu karakter bez potrebe za izrazitim \u0161arama ili grafi\u010dkim elementima. Jednostavnost je ovde svesna stilska odluka, a ne odsustvo ideja. Upravo to je ono \u0161to je Armani oduvek propovedao: manje je uvek vi\u0161e.<\/p>\n\n\n<div class=\"wp-block-image\">\n<figure class=\"aligncenter size-full\"><a href=\"https:\/\/mrm-style.com\/sr\/wp-content\/uploads\/2026\/03\/Emporio-Armani-Prefinjena-italijanska-ulicna-elegancija-u-Briselu-Mr.M-by-Marko-Tadic-mrmbymarkotadic23.jpg\"><img loading=\"lazy\" decoding=\"async\" width=\"1600\" height=\"2400\" src=\"https:\/\/mrm-style.com\/sr\/wp-content\/uploads\/2026\/03\/Emporio-Armani-Prefinjena-italijanska-ulicna-elegancija-u-Briselu-Mr.M-by-Marko-Tadic-mrmbymarkotadic23.jpg\" alt=\"\" class=\"wp-image-19556\" srcset=\"https:\/\/mrm-style.com\/sr\/wp-content\/uploads\/2026\/03\/Emporio-Armani-Prefinjena-italijanska-ulicna-elegancija-u-Briselu-Mr.M-by-Marko-Tadic-mrmbymarkotadic23.jpg 1600w, https:\/\/mrm-style.com\/sr\/wp-content\/uploads\/2026\/03\/Emporio-Armani-Prefinjena-italijanska-ulicna-elegancija-u-Briselu-Mr.M-by-Marko-Tadic-mrmbymarkotadic23-200x300.jpg 200w, https:\/\/mrm-style.com\/sr\/wp-content\/uploads\/2026\/03\/Emporio-Armani-Prefinjena-italijanska-ulicna-elegancija-u-Briselu-Mr.M-by-Marko-Tadic-mrmbymarkotadic23-683x1024.jpg 683w, https:\/\/mrm-style.com\/sr\/wp-content\/uploads\/2026\/03\/Emporio-Armani-Prefinjena-italijanska-ulicna-elegancija-u-Briselu-Mr.M-by-Marko-Tadic-mrmbymarkotadic23-768x1152.jpg 768w, https:\/\/mrm-style.com\/sr\/wp-content\/uploads\/2026\/03\/Emporio-Armani-Prefinjena-italijanska-ulicna-elegancija-u-Briselu-Mr.M-by-Marko-Tadic-mrmbymarkotadic23-1024x1536.jpg 1024w, https:\/\/mrm-style.com\/sr\/wp-content\/uploads\/2026\/03\/Emporio-Armani-Prefinjena-italijanska-ulicna-elegancija-u-Briselu-Mr.M-by-Marko-Tadic-mrmbymarkotadic23-1365x2048.jpg 1365w, https:\/\/mrm-style.com\/sr\/wp-content\/uploads\/2026\/03\/Emporio-Armani-Prefinjena-italijanska-ulicna-elegancija-u-Briselu-Mr.M-by-Marko-Tadic-mrmbymarkotadic23-1440x2160.jpg 1440w, https:\/\/mrm-style.com\/sr\/wp-content\/uploads\/2026\/03\/Emporio-Armani-Prefinjena-italijanska-ulicna-elegancija-u-Briselu-Mr.M-by-Marko-Tadic-mrmbymarkotadic23-800x1200.jpg 800w, https:\/\/mrm-style.com\/sr\/wp-content\/uploads\/2026\/03\/Emporio-Armani-Prefinjena-italijanska-ulicna-elegancija-u-Briselu-Mr.M-by-Marko-Tadic-mrmbymarkotadic23-550x825.jpg 550w, https:\/\/mrm-style.com\/sr\/wp-content\/uploads\/2026\/03\/Emporio-Armani-Prefinjena-italijanska-ulicna-elegancija-u-Briselu-Mr.M-by-Marko-Tadic-mrmbymarkotadic23-720x1080.jpg 720w, https:\/\/mrm-style.com\/sr\/wp-content\/uploads\/2026\/03\/Emporio-Armani-Prefinjena-italijanska-ulicna-elegancija-u-Briselu-Mr.M-by-Marko-Tadic-mrmbymarkotadic23-400x600.jpg 400w\" sizes=\"auto, (max-width: 1600px) 100vw, 1600px\" \/><\/a><\/figure>\n<\/div>\n\n<div class=\"wp-block-image\">\n<figure class=\"aligncenter size-full\"><a href=\"https:\/\/mrm-style.com\/sr\/wp-content\/uploads\/2026\/03\/Emporio-Armani-Prefinjena-italijanska-ulicna-elegancija-u-Briselu-Mr.M-by-Marko-Tadic-mrmbymarkotadic26.jpg\"><img loading=\"lazy\" decoding=\"async\" width=\"2400\" height=\"1600\" src=\"https:\/\/mrm-style.com\/sr\/wp-content\/uploads\/2026\/03\/Emporio-Armani-Prefinjena-italijanska-ulicna-elegancija-u-Briselu-Mr.M-by-Marko-Tadic-mrmbymarkotadic26.jpg\" alt=\"\" class=\"wp-image-19559\" srcset=\"https:\/\/mrm-style.com\/sr\/wp-content\/uploads\/2026\/03\/Emporio-Armani-Prefinjena-italijanska-ulicna-elegancija-u-Briselu-Mr.M-by-Marko-Tadic-mrmbymarkotadic26.jpg 2400w, https:\/\/mrm-style.com\/sr\/wp-content\/uploads\/2026\/03\/Emporio-Armani-Prefinjena-italijanska-ulicna-elegancija-u-Briselu-Mr.M-by-Marko-Tadic-mrmbymarkotadic26-300x200.jpg 300w, https:\/\/mrm-style.com\/sr\/wp-content\/uploads\/2026\/03\/Emporio-Armani-Prefinjena-italijanska-ulicna-elegancija-u-Briselu-Mr.M-by-Marko-Tadic-mrmbymarkotadic26-1024x683.jpg 1024w, https:\/\/mrm-style.com\/sr\/wp-content\/uploads\/2026\/03\/Emporio-Armani-Prefinjena-italijanska-ulicna-elegancija-u-Briselu-Mr.M-by-Marko-Tadic-mrmbymarkotadic26-768x512.jpg 768w, https:\/\/mrm-style.com\/sr\/wp-content\/uploads\/2026\/03\/Emporio-Armani-Prefinjena-italijanska-ulicna-elegancija-u-Briselu-Mr.M-by-Marko-Tadic-mrmbymarkotadic26-1536x1024.jpg 1536w, https:\/\/mrm-style.com\/sr\/wp-content\/uploads\/2026\/03\/Emporio-Armani-Prefinjena-italijanska-ulicna-elegancija-u-Briselu-Mr.M-by-Marko-Tadic-mrmbymarkotadic26-2048x1365.jpg 2048w, https:\/\/mrm-style.com\/sr\/wp-content\/uploads\/2026\/03\/Emporio-Armani-Prefinjena-italijanska-ulicna-elegancija-u-Briselu-Mr.M-by-Marko-Tadic-mrmbymarkotadic26-1440x960.jpg 1440w, https:\/\/mrm-style.com\/sr\/wp-content\/uploads\/2026\/03\/Emporio-Armani-Prefinjena-italijanska-ulicna-elegancija-u-Briselu-Mr.M-by-Marko-Tadic-mrmbymarkotadic26-800x533.jpg 800w, https:\/\/mrm-style.com\/sr\/wp-content\/uploads\/2026\/03\/Emporio-Armani-Prefinjena-italijanska-ulicna-elegancija-u-Briselu-Mr.M-by-Marko-Tadic-mrmbymarkotadic26-550x367.jpg 550w, https:\/\/mrm-style.com\/sr\/wp-content\/uploads\/2026\/03\/Emporio-Armani-Prefinjena-italijanska-ulicna-elegancija-u-Briselu-Mr.M-by-Marko-Tadic-mrmbymarkotadic26-1920x1280.jpg 1920w, https:\/\/mrm-style.com\/sr\/wp-content\/uploads\/2026\/03\/Emporio-Armani-Prefinjena-italijanska-ulicna-elegancija-u-Briselu-Mr.M-by-Marko-Tadic-mrmbymarkotadic26-1620x1080.jpg 1620w, https:\/\/mrm-style.com\/sr\/wp-content\/uploads\/2026\/03\/Emporio-Armani-Prefinjena-italijanska-ulicna-elegancija-u-Briselu-Mr.M-by-Marko-Tadic-mrmbymarkotadic26-900x600.jpg 900w\" sizes=\"auto, (max-width: 2400px) 100vw, 2400px\" \/><\/a><\/figure>\n<\/div>\n\n\n<h2 class=\"wp-block-heading\">Emporio Armani patike sa ekolo\u0161kim predznakom budu\u0107nosti u svakom koraku<\/h2>\n\n\n\n<p>Tre\u0107i <strong><a href=\"https:\/\/www.armani.com\/en-wx\/emporio-armani\/experience\/\" target=\"_blank\" rel=\"noopener\" title=\"\">Emporio Armani<\/a><\/strong> komad u ovom outfitu su patike iz ASV linije, napravljene od recikliranog najlona sa detaljima od regenerisane safijano ko\u017ee. Oznaka ASV ozna\u010dava Armani Sustainability Values, \u010dime brend jasno stavlja do znanja da budu\u0107nost mode ne mo\u017ee zaobi\u0107i pitanje odr\u017eivosti. Ovo nije samo marketin\u0161ka pri\u010da, Armani grupa je jo\u0161 1996. godine predstavila prve farmerke od recikliranog denima na Sajmu inovacija u Muzeju nauke i tehnologije u Milanu.<\/p>\n\n\n\n<p>Najlon kori\u0161\u0107en u ovim patikama dobijen je iz pretpotro\u0161a\u010dkog i postpotro\u0161a\u010dkog otpada, uklju\u010duju\u0107i ribarske mre\u017ee izvu\u010dene iz mora i plasti\u010dne fla\u0161e. Safijano detalji nastali su od regenerisane ko\u017ee, \u0161to zna\u010di da nijedan nov \u017eivotinjski materijal nije kori\u0161\u0107en u njihovoj izradi. Grupa je potpisnica Modnog pakta, dokumenta koji su potpisale vode\u0107e me\u0111unarodne modne ku\u0107e na samitu G7 u avgustu 2019. godine, sa ciljem za\u0161tite planete. Cena ovih patika je 260 evra, \u0161to ih \u010dini pristupa\u010dnom kapijom u svet odgovorne luksuzne mode.<\/p>\n\n\n\n<p>Bela boja patika savr\u0161eno se nadovezuje na beli d\u017eemper, stvaraju\u0107i vizuelnu vertikalu koja izdu\u017euje siluetu. Istovremeno, kontrast sa tamno plavim pantalonama daje outfitu dubinu i dinamiku. Ovo je klasi\u010dan primer kako se tri komada istog brenda mogu kombinovati bez opasnosti od monotonije, upravo zahvaljuju\u0107i raznolikosti tekstura i materijala.<\/p>\n\n\n<div class=\"wp-block-image\">\n<figure class=\"aligncenter size-full\"><a href=\"https:\/\/mrm-style.com\/sr\/wp-content\/uploads\/2026\/03\/Emporio-Armani-Prefinjena-italijanska-ulicna-elegancija-u-Briselu-Mr.M-by-Marko-Tadic-mrmbymarkotadic22.jpg\"><img loading=\"lazy\" decoding=\"async\" width=\"1600\" height=\"2400\" src=\"https:\/\/mrm-style.com\/sr\/wp-content\/uploads\/2026\/03\/Emporio-Armani-Prefinjena-italijanska-ulicna-elegancija-u-Briselu-Mr.M-by-Marko-Tadic-mrmbymarkotadic22.jpg\" alt=\"\" class=\"wp-image-19555\" srcset=\"https:\/\/mrm-style.com\/sr\/wp-content\/uploads\/2026\/03\/Emporio-Armani-Prefinjena-italijanska-ulicna-elegancija-u-Briselu-Mr.M-by-Marko-Tadic-mrmbymarkotadic22.jpg 1600w, https:\/\/mrm-style.com\/sr\/wp-content\/uploads\/2026\/03\/Emporio-Armani-Prefinjena-italijanska-ulicna-elegancija-u-Briselu-Mr.M-by-Marko-Tadic-mrmbymarkotadic22-200x300.jpg 200w, https:\/\/mrm-style.com\/sr\/wp-content\/uploads\/2026\/03\/Emporio-Armani-Prefinjena-italijanska-ulicna-elegancija-u-Briselu-Mr.M-by-Marko-Tadic-mrmbymarkotadic22-683x1024.jpg 683w, https:\/\/mrm-style.com\/sr\/wp-content\/uploads\/2026\/03\/Emporio-Armani-Prefinjena-italijanska-ulicna-elegancija-u-Briselu-Mr.M-by-Marko-Tadic-mrmbymarkotadic22-768x1152.jpg 768w, https:\/\/mrm-style.com\/sr\/wp-content\/uploads\/2026\/03\/Emporio-Armani-Prefinjena-italijanska-ulicna-elegancija-u-Briselu-Mr.M-by-Marko-Tadic-mrmbymarkotadic22-1024x1536.jpg 1024w, https:\/\/mrm-style.com\/sr\/wp-content\/uploads\/2026\/03\/Emporio-Armani-Prefinjena-italijanska-ulicna-elegancija-u-Briselu-Mr.M-by-Marko-Tadic-mrmbymarkotadic22-1365x2048.jpg 1365w, https:\/\/mrm-style.com\/sr\/wp-content\/uploads\/2026\/03\/Emporio-Armani-Prefinjena-italijanska-ulicna-elegancija-u-Briselu-Mr.M-by-Marko-Tadic-mrmbymarkotadic22-1440x2160.jpg 1440w, https:\/\/mrm-style.com\/sr\/wp-content\/uploads\/2026\/03\/Emporio-Armani-Prefinjena-italijanska-ulicna-elegancija-u-Briselu-Mr.M-by-Marko-Tadic-mrmbymarkotadic22-800x1200.jpg 800w, https:\/\/mrm-style.com\/sr\/wp-content\/uploads\/2026\/03\/Emporio-Armani-Prefinjena-italijanska-ulicna-elegancija-u-Briselu-Mr.M-by-Marko-Tadic-mrmbymarkotadic22-550x825.jpg 550w, https:\/\/mrm-style.com\/sr\/wp-content\/uploads\/2026\/03\/Emporio-Armani-Prefinjena-italijanska-ulicna-elegancija-u-Briselu-Mr.M-by-Marko-Tadic-mrmbymarkotadic22-720x1080.jpg 720w, https:\/\/mrm-style.com\/sr\/wp-content\/uploads\/2026\/03\/Emporio-Armani-Prefinjena-italijanska-ulicna-elegancija-u-Briselu-Mr.M-by-Marko-Tadic-mrmbymarkotadic22-400x600.jpg 400w\" sizes=\"auto, (max-width: 1600px) 100vw, 1600px\" \/><\/a><\/figure>\n<\/div>\n\n<div class=\"wp-block-image\">\n<figure class=\"aligncenter size-full\"><a href=\"https:\/\/mrm-style.com\/sr\/wp-content\/uploads\/2026\/03\/Emporio-Armani-Prefinjena-italijanska-ulicna-elegancija-u-Briselu-Mr.M-by-Marko-Tadic-mrmbymarkotadic20.jpg\"><img loading=\"lazy\" decoding=\"async\" width=\"2400\" height=\"1600\" src=\"https:\/\/mrm-style.com\/sr\/wp-content\/uploads\/2026\/03\/Emporio-Armani-Prefinjena-italijanska-ulicna-elegancija-u-Briselu-Mr.M-by-Marko-Tadic-mrmbymarkotadic20.jpg\" alt=\"\" class=\"wp-image-19553\" srcset=\"https:\/\/mrm-style.com\/sr\/wp-content\/uploads\/2026\/03\/Emporio-Armani-Prefinjena-italijanska-ulicna-elegancija-u-Briselu-Mr.M-by-Marko-Tadic-mrmbymarkotadic20.jpg 2400w, https:\/\/mrm-style.com\/sr\/wp-content\/uploads\/2026\/03\/Emporio-Armani-Prefinjena-italijanska-ulicna-elegancija-u-Briselu-Mr.M-by-Marko-Tadic-mrmbymarkotadic20-300x200.jpg 300w, https:\/\/mrm-style.com\/sr\/wp-content\/uploads\/2026\/03\/Emporio-Armani-Prefinjena-italijanska-ulicna-elegancija-u-Briselu-Mr.M-by-Marko-Tadic-mrmbymarkotadic20-1024x683.jpg 1024w, https:\/\/mrm-style.com\/sr\/wp-content\/uploads\/2026\/03\/Emporio-Armani-Prefinjena-italijanska-ulicna-elegancija-u-Briselu-Mr.M-by-Marko-Tadic-mrmbymarkotadic20-768x512.jpg 768w, https:\/\/mrm-style.com\/sr\/wp-content\/uploads\/2026\/03\/Emporio-Armani-Prefinjena-italijanska-ulicna-elegancija-u-Briselu-Mr.M-by-Marko-Tadic-mrmbymarkotadic20-1536x1024.jpg 1536w, https:\/\/mrm-style.com\/sr\/wp-content\/uploads\/2026\/03\/Emporio-Armani-Prefinjena-italijanska-ulicna-elegancija-u-Briselu-Mr.M-by-Marko-Tadic-mrmbymarkotadic20-2048x1365.jpg 2048w, https:\/\/mrm-style.com\/sr\/wp-content\/uploads\/2026\/03\/Emporio-Armani-Prefinjena-italijanska-ulicna-elegancija-u-Briselu-Mr.M-by-Marko-Tadic-mrmbymarkotadic20-1440x960.jpg 1440w, https:\/\/mrm-style.com\/sr\/wp-content\/uploads\/2026\/03\/Emporio-Armani-Prefinjena-italijanska-ulicna-elegancija-u-Briselu-Mr.M-by-Marko-Tadic-mrmbymarkotadic20-800x533.jpg 800w, https:\/\/mrm-style.com\/sr\/wp-content\/uploads\/2026\/03\/Emporio-Armani-Prefinjena-italijanska-ulicna-elegancija-u-Briselu-Mr.M-by-Marko-Tadic-mrmbymarkotadic20-550x367.jpg 550w, https:\/\/mrm-style.com\/sr\/wp-content\/uploads\/2026\/03\/Emporio-Armani-Prefinjena-italijanska-ulicna-elegancija-u-Briselu-Mr.M-by-Marko-Tadic-mrmbymarkotadic20-1920x1280.jpg 1920w, https:\/\/mrm-style.com\/sr\/wp-content\/uploads\/2026\/03\/Emporio-Armani-Prefinjena-italijanska-ulicna-elegancija-u-Briselu-Mr.M-by-Marko-Tadic-mrmbymarkotadic20-1620x1080.jpg 1620w, https:\/\/mrm-style.com\/sr\/wp-content\/uploads\/2026\/03\/Emporio-Armani-Prefinjena-italijanska-ulicna-elegancija-u-Briselu-Mr.M-by-Marko-Tadic-mrmbymarkotadic20-900x600.jpg 900w\" sizes=\"auto, (max-width: 2400px) 100vw, 2400px\" \/><\/a><\/figure>\n<\/div>\n\n\n<h1 class=\"wp-block-heading has-text-align-center\"><strong>OUTFIT<\/strong><\/h1>\n\n\n\n<p class=\"has-text-align-center\"><em>Monton jakna:&nbsp;<\/em><strong><a href=\"https:\/\/www.faconnable.com\/eu\/en_de\/pd\/suede-shearling-blouson-jacket-FM400420.html?color=585\" target=\"_blank\" rel=\"noreferrer noopener\">Fa\u00e7onnable<\/a><\/strong><\/p>\n\n\n\n<p class=\"has-text-align-center\"><em>D\u017eemper:<\/em>\u00a0<strong><a href=\"https:\/\/www.armani.com\/en-wx\/emporio-armani\/experience\/\" target=\"_blank\" rel=\"noopener\" title=\"\">Emporio Armani<\/a><\/strong><\/p>\n\n\n\n<p class=\"has-text-align-center\"><em>Pantalone:<\/em>\u00a0<strong><a href=\"https:\/\/www.armani.com\/en-wx\/emporio-armani\/experience\/\" target=\"_blank\" rel=\"noopener\" title=\"\">Emporio Armani<\/a><\/strong><\/p>\n\n\n\n<p class=\"has-text-align-center\"><em>Patike:<\/em>&nbsp;<strong><a href=\"https:\/\/www.armani.com\/en-de\/emporio-armani\/asv-recycled-nylon-sneakers-with-regenerated-saffiano-details-cod-X4X630-XN877-M801\/\" target=\"_blank\" rel=\"noreferrer noopener\">Emporio Armani<\/a><\/strong><\/p>\n\n\n<div class=\"wp-block-image\">\n<figure class=\"aligncenter size-full\"><a href=\"https:\/\/mrm-style.com\/sr\/wp-content\/uploads\/2026\/03\/Emporio-Armani-Prefinjena-italijanska-ulicna-elegancija-u-Briselu-Mr.M-by-Marko-Tadic-mrmbymarkotadic6.jpg\"><img loading=\"lazy\" decoding=\"async\" width=\"1600\" height=\"1943\" src=\"https:\/\/mrm-style.com\/sr\/wp-content\/uploads\/2026\/03\/Emporio-Armani-Prefinjena-italijanska-ulicna-elegancija-u-Briselu-Mr.M-by-Marko-Tadic-mrmbymarkotadic6.jpg\" alt=\"\" class=\"wp-image-19539\" srcset=\"https:\/\/mrm-style.com\/sr\/wp-content\/uploads\/2026\/03\/Emporio-Armani-Prefinjena-italijanska-ulicna-elegancija-u-Briselu-Mr.M-by-Marko-Tadic-mrmbymarkotadic6.jpg 1600w, https:\/\/mrm-style.com\/sr\/wp-content\/uploads\/2026\/03\/Emporio-Armani-Prefinjena-italijanska-ulicna-elegancija-u-Briselu-Mr.M-by-Marko-Tadic-mrmbymarkotadic6-247x300.jpg 247w, https:\/\/mrm-style.com\/sr\/wp-content\/uploads\/2026\/03\/Emporio-Armani-Prefinjena-italijanska-ulicna-elegancija-u-Briselu-Mr.M-by-Marko-Tadic-mrmbymarkotadic6-843x1024.jpg 843w, https:\/\/mrm-style.com\/sr\/wp-content\/uploads\/2026\/03\/Emporio-Armani-Prefinjena-italijanska-ulicna-elegancija-u-Briselu-Mr.M-by-Marko-Tadic-mrmbymarkotadic6-768x933.jpg 768w, https:\/\/mrm-style.com\/sr\/wp-content\/uploads\/2026\/03\/Emporio-Armani-Prefinjena-italijanska-ulicna-elegancija-u-Briselu-Mr.M-by-Marko-Tadic-mrmbymarkotadic6-1265x1536.jpg 1265w, https:\/\/mrm-style.com\/sr\/wp-content\/uploads\/2026\/03\/Emporio-Armani-Prefinjena-italijanska-ulicna-elegancija-u-Briselu-Mr.M-by-Marko-Tadic-mrmbymarkotadic6-1440x1749.jpg 1440w, https:\/\/mrm-style.com\/sr\/wp-content\/uploads\/2026\/03\/Emporio-Armani-Prefinjena-italijanska-ulicna-elegancija-u-Briselu-Mr.M-by-Marko-Tadic-mrmbymarkotadic6-800x972.jpg 800w, https:\/\/mrm-style.com\/sr\/wp-content\/uploads\/2026\/03\/Emporio-Armani-Prefinjena-italijanska-ulicna-elegancija-u-Briselu-Mr.M-by-Marko-Tadic-mrmbymarkotadic6-550x668.jpg 550w, https:\/\/mrm-style.com\/sr\/wp-content\/uploads\/2026\/03\/Emporio-Armani-Prefinjena-italijanska-ulicna-elegancija-u-Briselu-Mr.M-by-Marko-Tadic-mrmbymarkotadic6-889x1080.jpg 889w, https:\/\/mrm-style.com\/sr\/wp-content\/uploads\/2026\/03\/Emporio-Armani-Prefinjena-italijanska-ulicna-elegancija-u-Briselu-Mr.M-by-Marko-Tadic-mrmbymarkotadic6-494x600.jpg 494w\" sizes=\"auto, (max-width: 1600px) 100vw, 1600px\" \/><\/a><\/figure>\n<\/div>\n\n<div class=\"wp-block-image\">\n<figure class=\"aligncenter size-full\"><a href=\"https:\/\/mrm-style.com\/sr\/wp-content\/uploads\/2026\/03\/Emporio-Armani-Prefinjena-italijanska-ulicna-elegancija-u-Briselu-Mr.M-by-Marko-Tadic-mrmbymarkotadic27.jpg\"><img loading=\"lazy\" decoding=\"async\" width=\"2400\" height=\"1600\" src=\"https:\/\/mrm-style.com\/sr\/wp-content\/uploads\/2026\/03\/Emporio-Armani-Prefinjena-italijanska-ulicna-elegancija-u-Briselu-Mr.M-by-Marko-Tadic-mrmbymarkotadic27.jpg\" alt=\"\" class=\"wp-image-19560\" srcset=\"https:\/\/mrm-style.com\/sr\/wp-content\/uploads\/2026\/03\/Emporio-Armani-Prefinjena-italijanska-ulicna-elegancija-u-Briselu-Mr.M-by-Marko-Tadic-mrmbymarkotadic27.jpg 2400w, https:\/\/mrm-style.com\/sr\/wp-content\/uploads\/2026\/03\/Emporio-Armani-Prefinjena-italijanska-ulicna-elegancija-u-Briselu-Mr.M-by-Marko-Tadic-mrmbymarkotadic27-300x200.jpg 300w, https:\/\/mrm-style.com\/sr\/wp-content\/uploads\/2026\/03\/Emporio-Armani-Prefinjena-italijanska-ulicna-elegancija-u-Briselu-Mr.M-by-Marko-Tadic-mrmbymarkotadic27-1024x683.jpg 1024w, https:\/\/mrm-style.com\/sr\/wp-content\/uploads\/2026\/03\/Emporio-Armani-Prefinjena-italijanska-ulicna-elegancija-u-Briselu-Mr.M-by-Marko-Tadic-mrmbymarkotadic27-768x512.jpg 768w, https:\/\/mrm-style.com\/sr\/wp-content\/uploads\/2026\/03\/Emporio-Armani-Prefinjena-italijanska-ulicna-elegancija-u-Briselu-Mr.M-by-Marko-Tadic-mrmbymarkotadic27-1536x1024.jpg 1536w, https:\/\/mrm-style.com\/sr\/wp-content\/uploads\/2026\/03\/Emporio-Armani-Prefinjena-italijanska-ulicna-elegancija-u-Briselu-Mr.M-by-Marko-Tadic-mrmbymarkotadic27-2048x1365.jpg 2048w, https:\/\/mrm-style.com\/sr\/wp-content\/uploads\/2026\/03\/Emporio-Armani-Prefinjena-italijanska-ulicna-elegancija-u-Briselu-Mr.M-by-Marko-Tadic-mrmbymarkotadic27-1440x960.jpg 1440w, https:\/\/mrm-style.com\/sr\/wp-content\/uploads\/2026\/03\/Emporio-Armani-Prefinjena-italijanska-ulicna-elegancija-u-Briselu-Mr.M-by-Marko-Tadic-mrmbymarkotadic27-800x533.jpg 800w, https:\/\/mrm-style.com\/sr\/wp-content\/uploads\/2026\/03\/Emporio-Armani-Prefinjena-italijanska-ulicna-elegancija-u-Briselu-Mr.M-by-Marko-Tadic-mrmbymarkotadic27-550x367.jpg 550w, https:\/\/mrm-style.com\/sr\/wp-content\/uploads\/2026\/03\/Emporio-Armani-Prefinjena-italijanska-ulicna-elegancija-u-Briselu-Mr.M-by-Marko-Tadic-mrmbymarkotadic27-1920x1280.jpg 1920w, https:\/\/mrm-style.com\/sr\/wp-content\/uploads\/2026\/03\/Emporio-Armani-Prefinjena-italijanska-ulicna-elegancija-u-Briselu-Mr.M-by-Marko-Tadic-mrmbymarkotadic27-1620x1080.jpg 1620w, https:\/\/mrm-style.com\/sr\/wp-content\/uploads\/2026\/03\/Emporio-Armani-Prefinjena-italijanska-ulicna-elegancija-u-Briselu-Mr.M-by-Marko-Tadic-mrmbymarkotadic27-900x600.jpg 900w\" sizes=\"auto, (max-width: 2400px) 100vw, 2400px\" \/><\/a><\/figure>\n<\/div>\n\n\n<h2 class=\"wp-block-heading\">Fa\u00e7onnable: Duh Francuske Rivijere u srcu Brisela<\/h2>\n\n\n\n<p>Kruna \u010ditavog outfita je monton jakna od prevrnute ko\u017ee brenda <strong><a href=\"https:\/\/www.faconnable.com\" target=\"_blank\" rel=\"noopener\" title=\"\">Fa\u00e7onnable<\/a><\/strong>. Da bismo shvatili za\u0161to je ovaj komad toliko poseban, moramo se vratiti u Nicu, na jug Francuske, u davnu 1950. godinu. Te godine je majstor kroja\u010d \u017dan Goldberg otvorio malu radnju u ulici Parade, gde je \u0161io odela i smokinge po meri. Njegov kvalitet brzo je privukao pa\u017enju filmskih zvezda koje su dolazile na obli\u017enji festival u Kanu. Legendarni glumci poput Kerija Granta i Tonija Kartisa obla\u010dili su se upravo kod Goldberga, u njegovom prepoznatljivom stilu koji je spajao klasi\u010dan kroj sa modernim zaokretom.<\/p>\n\n\n\n<p>Godine 1961. sin Albert Goldberg preuzeo je radionicu i doneo klju\u010dne promene. Posle posete njujor\u0161koj prodavnici Bruks Bradersa, odlu\u010dio je da pre\u0111e na gotovu ode\u0107u i preimenovao je firmu u <strong><a href=\"https:\/\/www.faconnable.com\/eu\/en_de\/\" target=\"_blank\" rel=\"noopener\" title=\"\">Fa\u00e7onnable<\/a><\/strong>, re\u010d izvedenu iz francuskog glagola fa\u00e7onner koji zna\u010di oblikovati ili stvarati. Albert Goldberg smatra se za\u010detnikom pojma sportski \u0161ik i to \u010ditavu deceniju pre Ralfa Lorena i Kalvina Klajna. Brend se brzo pro\u0161irio kroz Monte Karlo, Kan, Sen Trope, Lion, Marsej i Pariz, nose\u0107i duh Azurne obale gde god bi stigao.<\/p>\n\n\n\n<p>Fa\u00e7onnable je 2000. godine prodat ameri\u010dkom lancu Nordstrom za 170 miliona dolara, a 2007. godine libanskom privatnom fondu M1 Group za preko 210 miliona dolara. Uprkos raznim promenama vlasni\u0161tva, sedi\u0161te dizajna i proizvodnje ostalo je u Nici, \u010duvaju\u0107i francusko nasle\u0111e brenda. Danas Fa\u00e7onnable i dalje predstavlja ono \u0161to je oduvek bio: rafinirani izraz mediteranskog \u017eivotnog stila u kome se klasi\u010dni krojevi susre\u0107u sa vedrinom i lako\u0107om obale.<\/p>\n\n\n<div class=\"wp-block-image\">\n<figure class=\"aligncenter size-full\"><a href=\"https:\/\/mrm-style.com\/sr\/wp-content\/uploads\/2026\/03\/Emporio-Armani-Prefinjena-italijanska-ulicna-elegancija-u-Briselu-Mr.M-by-Marko-Tadic-mrmbymarkotadic10.jpg\"><img loading=\"lazy\" decoding=\"async\" width=\"1600\" height=\"2400\" src=\"https:\/\/mrm-style.com\/sr\/wp-content\/uploads\/2026\/03\/Emporio-Armani-Prefinjena-italijanska-ulicna-elegancija-u-Briselu-Mr.M-by-Marko-Tadic-mrmbymarkotadic10.jpg\" alt=\"\" class=\"wp-image-19543\" srcset=\"https:\/\/mrm-style.com\/sr\/wp-content\/uploads\/2026\/03\/Emporio-Armani-Prefinjena-italijanska-ulicna-elegancija-u-Briselu-Mr.M-by-Marko-Tadic-mrmbymarkotadic10.jpg 1600w, https:\/\/mrm-style.com\/sr\/wp-content\/uploads\/2026\/03\/Emporio-Armani-Prefinjena-italijanska-ulicna-elegancija-u-Briselu-Mr.M-by-Marko-Tadic-mrmbymarkotadic10-200x300.jpg 200w, https:\/\/mrm-style.com\/sr\/wp-content\/uploads\/2026\/03\/Emporio-Armani-Prefinjena-italijanska-ulicna-elegancija-u-Briselu-Mr.M-by-Marko-Tadic-mrmbymarkotadic10-683x1024.jpg 683w, https:\/\/mrm-style.com\/sr\/wp-content\/uploads\/2026\/03\/Emporio-Armani-Prefinjena-italijanska-ulicna-elegancija-u-Briselu-Mr.M-by-Marko-Tadic-mrmbymarkotadic10-768x1152.jpg 768w, https:\/\/mrm-style.com\/sr\/wp-content\/uploads\/2026\/03\/Emporio-Armani-Prefinjena-italijanska-ulicna-elegancija-u-Briselu-Mr.M-by-Marko-Tadic-mrmbymarkotadic10-1024x1536.jpg 1024w, https:\/\/mrm-style.com\/sr\/wp-content\/uploads\/2026\/03\/Emporio-Armani-Prefinjena-italijanska-ulicna-elegancija-u-Briselu-Mr.M-by-Marko-Tadic-mrmbymarkotadic10-1365x2048.jpg 1365w, https:\/\/mrm-style.com\/sr\/wp-content\/uploads\/2026\/03\/Emporio-Armani-Prefinjena-italijanska-ulicna-elegancija-u-Briselu-Mr.M-by-Marko-Tadic-mrmbymarkotadic10-1440x2160.jpg 1440w, https:\/\/mrm-style.com\/sr\/wp-content\/uploads\/2026\/03\/Emporio-Armani-Prefinjena-italijanska-ulicna-elegancija-u-Briselu-Mr.M-by-Marko-Tadic-mrmbymarkotadic10-800x1200.jpg 800w, https:\/\/mrm-style.com\/sr\/wp-content\/uploads\/2026\/03\/Emporio-Armani-Prefinjena-italijanska-ulicna-elegancija-u-Briselu-Mr.M-by-Marko-Tadic-mrmbymarkotadic10-550x825.jpg 550w, https:\/\/mrm-style.com\/sr\/wp-content\/uploads\/2026\/03\/Emporio-Armani-Prefinjena-italijanska-ulicna-elegancija-u-Briselu-Mr.M-by-Marko-Tadic-mrmbymarkotadic10-720x1080.jpg 720w, https:\/\/mrm-style.com\/sr\/wp-content\/uploads\/2026\/03\/Emporio-Armani-Prefinjena-italijanska-ulicna-elegancija-u-Briselu-Mr.M-by-Marko-Tadic-mrmbymarkotadic10-400x600.jpg 400w\" sizes=\"auto, (max-width: 1600px) 100vw, 1600px\" \/><\/a><\/figure>\n<\/div>\n\n<div class=\"wp-block-image\">\n<figure class=\"aligncenter size-full\"><a href=\"https:\/\/mrm-style.com\/sr\/wp-content\/uploads\/2026\/03\/Emporio-Armani-Prefinjena-italijanska-ulicna-elegancija-u-Briselu-Mr.M-by-Marko-Tadic-mrmbymarkotadic25.jpg\"><img loading=\"lazy\" decoding=\"async\" width=\"2484\" height=\"1600\" src=\"https:\/\/mrm-style.com\/sr\/wp-content\/uploads\/2026\/03\/Emporio-Armani-Prefinjena-italijanska-ulicna-elegancija-u-Briselu-Mr.M-by-Marko-Tadic-mrmbymarkotadic25.jpg\" alt=\"\" class=\"wp-image-19558\" srcset=\"https:\/\/mrm-style.com\/sr\/wp-content\/uploads\/2026\/03\/Emporio-Armani-Prefinjena-italijanska-ulicna-elegancija-u-Briselu-Mr.M-by-Marko-Tadic-mrmbymarkotadic25.jpg 2484w, https:\/\/mrm-style.com\/sr\/wp-content\/uploads\/2026\/03\/Emporio-Armani-Prefinjena-italijanska-ulicna-elegancija-u-Briselu-Mr.M-by-Marko-Tadic-mrmbymarkotadic25-300x193.jpg 300w, https:\/\/mrm-style.com\/sr\/wp-content\/uploads\/2026\/03\/Emporio-Armani-Prefinjena-italijanska-ulicna-elegancija-u-Briselu-Mr.M-by-Marko-Tadic-mrmbymarkotadic25-1024x660.jpg 1024w, https:\/\/mrm-style.com\/sr\/wp-content\/uploads\/2026\/03\/Emporio-Armani-Prefinjena-italijanska-ulicna-elegancija-u-Briselu-Mr.M-by-Marko-Tadic-mrmbymarkotadic25-768x495.jpg 768w, https:\/\/mrm-style.com\/sr\/wp-content\/uploads\/2026\/03\/Emporio-Armani-Prefinjena-italijanska-ulicna-elegancija-u-Briselu-Mr.M-by-Marko-Tadic-mrmbymarkotadic25-1536x989.jpg 1536w, https:\/\/mrm-style.com\/sr\/wp-content\/uploads\/2026\/03\/Emporio-Armani-Prefinjena-italijanska-ulicna-elegancija-u-Briselu-Mr.M-by-Marko-Tadic-mrmbymarkotadic25-2048x1319.jpg 2048w, https:\/\/mrm-style.com\/sr\/wp-content\/uploads\/2026\/03\/Emporio-Armani-Prefinjena-italijanska-ulicna-elegancija-u-Briselu-Mr.M-by-Marko-Tadic-mrmbymarkotadic25-1440x928.jpg 1440w, https:\/\/mrm-style.com\/sr\/wp-content\/uploads\/2026\/03\/Emporio-Armani-Prefinjena-italijanska-ulicna-elegancija-u-Briselu-Mr.M-by-Marko-Tadic-mrmbymarkotadic25-800x515.jpg 800w, https:\/\/mrm-style.com\/sr\/wp-content\/uploads\/2026\/03\/Emporio-Armani-Prefinjena-italijanska-ulicna-elegancija-u-Briselu-Mr.M-by-Marko-Tadic-mrmbymarkotadic25-550x354.jpg 550w, https:\/\/mrm-style.com\/sr\/wp-content\/uploads\/2026\/03\/Emporio-Armani-Prefinjena-italijanska-ulicna-elegancija-u-Briselu-Mr.M-by-Marko-Tadic-mrmbymarkotadic25-1920x1237.jpg 1920w, https:\/\/mrm-style.com\/sr\/wp-content\/uploads\/2026\/03\/Emporio-Armani-Prefinjena-italijanska-ulicna-elegancija-u-Briselu-Mr.M-by-Marko-Tadic-mrmbymarkotadic25-1677x1080.jpg 1677w, https:\/\/mrm-style.com\/sr\/wp-content\/uploads\/2026\/03\/Emporio-Armani-Prefinjena-italijanska-ulicna-elegancija-u-Briselu-Mr.M-by-Marko-Tadic-mrmbymarkotadic25-932x600.jpg 932w\" sizes=\"auto, (max-width: 2484px) 100vw, 2484px\" \/><\/a><\/figure>\n<\/div>\n\n\n<h2 class=\"wp-block-heading\">Fa\u00e7onnable monton jakna: Majstorstvo prevrnute ko\u017ee<\/h2>\n\n\n\n<p>Ova jakna od prevrnute ko\u017ee sa postavlja\u010dem od \u0161panske merino vune pravi je dragulj. Stilski oblikovana u formi bombera, sa duplim rajsfer\u0161lusom i bo\u010dnim d\u017eepovima sa brendiranim dugmadima, ona spaja robusnost sa prefinjenom meko\u0107om. Merino vuna na unutra\u0161njoj strani i oko kragne pru\u017ea izuzetan ose\u0107aj topline bez nepotrebne te\u017eine. Bru\u0161ena ko\u017ea sa spoljne strane odi\u0161e luksuzom koji ne vi\u010de, ve\u0107 tiho govori.<\/p>\n\n\n\n<p>Prepoznatljivi zigzag \u0161tepovi ispod kragne i utisnut logo na spoljnoj traci govore o pa\u017enji prema detaljima koja je za\u0161titni znak ku\u0107e Fa\u00e7onnable jo\u0161 od vremena \u017dana Goldberga. Ova jakna se ne pere niti pegla, zahteva ne\u017eno hemijsko \u010di\u0161\u0107enje, \u0161to je uobi\u010dajeno za komade ovog ranga. Prvobitna cena od 1190 evra svedo\u010di o vrsti zanatstva koje ulazi u njenu izradu. Materijal je stoprocentna prevrnuta jagnje\u0107a ko\u017ea, \u0161to je \u010dini jednom od onih stvari koje vremenom samo dobijaju na karakteru.<\/p>\n\n\n\n<p>U kontekstu \u010ditavog outfita, ova jakna obavlja funkciju povezuju\u0107eg elementa koji ujedinjuje sve ostale komade. Tamno plava boja uskla\u0111ena je sa Armani pantalonama, dok meko\u0107a materijala pravi kontrast sa strukturiranim pletivom d\u017eempera. Monton jakna je komad koji se nosi od jeseni do prole\u0107a, a u primorskim gradovima \u010dak i tokom hladnijih letnjih ve\u010deri. To je upravo onaj tip ulaganja koji opravdava svaki ulo\u017eeni cent.<\/p>\n\n\n<div class=\"wp-block-image\">\n<figure class=\"aligncenter size-full\"><a href=\"https:\/\/mrm-style.com\/sr\/wp-content\/uploads\/2026\/03\/Emporio-Armani-Prefinjena-italijanska-ulicna-elegancija-u-Briselu-Mr.M-by-Marko-Tadic-mrmbymarkotadic4.jpg\"><img loading=\"lazy\" decoding=\"async\" width=\"2400\" height=\"1600\" src=\"https:\/\/mrm-style.com\/sr\/wp-content\/uploads\/2026\/03\/Emporio-Armani-Prefinjena-italijanska-ulicna-elegancija-u-Briselu-Mr.M-by-Marko-Tadic-mrmbymarkotadic4.jpg\" alt=\"\" class=\"wp-image-19537\" srcset=\"https:\/\/mrm-style.com\/sr\/wp-content\/uploads\/2026\/03\/Emporio-Armani-Prefinjena-italijanska-ulicna-elegancija-u-Briselu-Mr.M-by-Marko-Tadic-mrmbymarkotadic4.jpg 2400w, https:\/\/mrm-style.com\/sr\/wp-content\/uploads\/2026\/03\/Emporio-Armani-Prefinjena-italijanska-ulicna-elegancija-u-Briselu-Mr.M-by-Marko-Tadic-mrmbymarkotadic4-300x200.jpg 300w, https:\/\/mrm-style.com\/sr\/wp-content\/uploads\/2026\/03\/Emporio-Armani-Prefinjena-italijanska-ulicna-elegancija-u-Briselu-Mr.M-by-Marko-Tadic-mrmbymarkotadic4-1024x683.jpg 1024w, https:\/\/mrm-style.com\/sr\/wp-content\/uploads\/2026\/03\/Emporio-Armani-Prefinjena-italijanska-ulicna-elegancija-u-Briselu-Mr.M-by-Marko-Tadic-mrmbymarkotadic4-768x512.jpg 768w, https:\/\/mrm-style.com\/sr\/wp-content\/uploads\/2026\/03\/Emporio-Armani-Prefinjena-italijanska-ulicna-elegancija-u-Briselu-Mr.M-by-Marko-Tadic-mrmbymarkotadic4-1536x1024.jpg 1536w, https:\/\/mrm-style.com\/sr\/wp-content\/uploads\/2026\/03\/Emporio-Armani-Prefinjena-italijanska-ulicna-elegancija-u-Briselu-Mr.M-by-Marko-Tadic-mrmbymarkotadic4-2048x1365.jpg 2048w, https:\/\/mrm-style.com\/sr\/wp-content\/uploads\/2026\/03\/Emporio-Armani-Prefinjena-italijanska-ulicna-elegancija-u-Briselu-Mr.M-by-Marko-Tadic-mrmbymarkotadic4-1440x960.jpg 1440w, https:\/\/mrm-style.com\/sr\/wp-content\/uploads\/2026\/03\/Emporio-Armani-Prefinjena-italijanska-ulicna-elegancija-u-Briselu-Mr.M-by-Marko-Tadic-mrmbymarkotadic4-800x533.jpg 800w, https:\/\/mrm-style.com\/sr\/wp-content\/uploads\/2026\/03\/Emporio-Armani-Prefinjena-italijanska-ulicna-elegancija-u-Briselu-Mr.M-by-Marko-Tadic-mrmbymarkotadic4-550x367.jpg 550w, https:\/\/mrm-style.com\/sr\/wp-content\/uploads\/2026\/03\/Emporio-Armani-Prefinjena-italijanska-ulicna-elegancija-u-Briselu-Mr.M-by-Marko-Tadic-mrmbymarkotadic4-1920x1280.jpg 1920w, https:\/\/mrm-style.com\/sr\/wp-content\/uploads\/2026\/03\/Emporio-Armani-Prefinjena-italijanska-ulicna-elegancija-u-Briselu-Mr.M-by-Marko-Tadic-mrmbymarkotadic4-1620x1080.jpg 1620w, https:\/\/mrm-style.com\/sr\/wp-content\/uploads\/2026\/03\/Emporio-Armani-Prefinjena-italijanska-ulicna-elegancija-u-Briselu-Mr.M-by-Marko-Tadic-mrmbymarkotadic4-900x600.jpg 900w\" sizes=\"auto, (max-width: 2400px) 100vw, 2400px\" \/><\/a><\/figure>\n<\/div>\n\n<div class=\"wp-block-image\">\n<figure class=\"aligncenter size-full\"><a href=\"https:\/\/mrm-style.com\/sr\/wp-content\/uploads\/2026\/03\/Emporio-Armani-Prefinjena-italijanska-ulicna-elegancija-u-Briselu-Mr.M-by-Marko-Tadic-mrmbymarkotadic16.jpg\"><img loading=\"lazy\" decoding=\"async\" width=\"2500\" height=\"1257\" src=\"https:\/\/mrm-style.com\/sr\/wp-content\/uploads\/2026\/03\/Emporio-Armani-Prefinjena-italijanska-ulicna-elegancija-u-Briselu-Mr.M-by-Marko-Tadic-mrmbymarkotadic16.jpg\" alt=\"\" class=\"wp-image-19549\" srcset=\"https:\/\/mrm-style.com\/sr\/wp-content\/uploads\/2026\/03\/Emporio-Armani-Prefinjena-italijanska-ulicna-elegancija-u-Briselu-Mr.M-by-Marko-Tadic-mrmbymarkotadic16.jpg 2500w, https:\/\/mrm-style.com\/sr\/wp-content\/uploads\/2026\/03\/Emporio-Armani-Prefinjena-italijanska-ulicna-elegancija-u-Briselu-Mr.M-by-Marko-Tadic-mrmbymarkotadic16-300x151.jpg 300w, https:\/\/mrm-style.com\/sr\/wp-content\/uploads\/2026\/03\/Emporio-Armani-Prefinjena-italijanska-ulicna-elegancija-u-Briselu-Mr.M-by-Marko-Tadic-mrmbymarkotadic16-1024x515.jpg 1024w, https:\/\/mrm-style.com\/sr\/wp-content\/uploads\/2026\/03\/Emporio-Armani-Prefinjena-italijanska-ulicna-elegancija-u-Briselu-Mr.M-by-Marko-Tadic-mrmbymarkotadic16-768x386.jpg 768w, https:\/\/mrm-style.com\/sr\/wp-content\/uploads\/2026\/03\/Emporio-Armani-Prefinjena-italijanska-ulicna-elegancija-u-Briselu-Mr.M-by-Marko-Tadic-mrmbymarkotadic16-1536x772.jpg 1536w, https:\/\/mrm-style.com\/sr\/wp-content\/uploads\/2026\/03\/Emporio-Armani-Prefinjena-italijanska-ulicna-elegancija-u-Briselu-Mr.M-by-Marko-Tadic-mrmbymarkotadic16-2048x1030.jpg 2048w, https:\/\/mrm-style.com\/sr\/wp-content\/uploads\/2026\/03\/Emporio-Armani-Prefinjena-italijanska-ulicna-elegancija-u-Briselu-Mr.M-by-Marko-Tadic-mrmbymarkotadic16-1440x724.jpg 1440w, https:\/\/mrm-style.com\/sr\/wp-content\/uploads\/2026\/03\/Emporio-Armani-Prefinjena-italijanska-ulicna-elegancija-u-Briselu-Mr.M-by-Marko-Tadic-mrmbymarkotadic16-800x402.jpg 800w, https:\/\/mrm-style.com\/sr\/wp-content\/uploads\/2026\/03\/Emporio-Armani-Prefinjena-italijanska-ulicna-elegancija-u-Briselu-Mr.M-by-Marko-Tadic-mrmbymarkotadic16-550x277.jpg 550w, https:\/\/mrm-style.com\/sr\/wp-content\/uploads\/2026\/03\/Emporio-Armani-Prefinjena-italijanska-ulicna-elegancija-u-Briselu-Mr.M-by-Marko-Tadic-mrmbymarkotadic16-1920x965.jpg 1920w, https:\/\/mrm-style.com\/sr\/wp-content\/uploads\/2026\/03\/Emporio-Armani-Prefinjena-italijanska-ulicna-elegancija-u-Briselu-Mr.M-by-Marko-Tadic-mrmbymarkotadic16-1193x600.jpg 1193w\" sizes=\"auto, (max-width: 2500px) 100vw, 2500px\" \/><\/a><\/figure>\n<\/div>\n\n\n<h2 class=\"wp-block-heading\">Kako sam kombinovao dva sveta mode u Briselu<\/h2>\n\n\n\n<p>Me\u0161anje brendova u jednom outfitu zahteva razumevanje njihovih zajedni\u010dkih vrednosti. Emporio Armani i Fa\u00e7onnable na prvi pogled izgledaju kao neobi\u010dan par: jedan iz Milana, drugi iz Nice, jedan deo ogromnog modnog carstva, drugi manji porodi\u010dni brend sa istorijom haute couture zanatstva. Me\u0111utim, oba brenda dele istu su\u0161tinsku filozofiju: kvalitetni materijali, \u010diste linije, bezvremenska elegancija i po\u0161tovanje prema \u010doveku koji nosi njihovu ode\u0107u.<\/p>\n\n\n\n<p>Klju\u010d uspe\u0161ne kombinacije le\u017ei u harmoniji boja i tekstura. Tamno plava kao vode\u0107a boja povezuje pantalone i jaknu, dok bela boja d\u017eempera i patika unosi sve\u017einu i kontrast. Teksturalno, imamo \u010detiri razli\u010dita do\u017eivljaja: trodimenzionalno pletivo pantalona, reljefnu devi\u010dansku vunu d\u017eempera, bru\u0161enu ko\u017eu sa merino vunom jakne i glatki reciklirani najlon patika. Svaki materijal pri\u010da svoju pri\u010du, ali zajedno \u010dine koherentan narativ o mu\u0161karcu koji zna \u0161ta \u017eeli i ne tr\u010di slepo za trendovima.<\/p>\n\n\n<div class=\"wp-block-image\">\n<figure class=\"aligncenter size-full\"><a href=\"https:\/\/mrm-style.com\/sr\/wp-content\/uploads\/2026\/03\/Emporio-Armani-Prefinjena-italijanska-ulicna-elegancija-u-Briselu-Mr.M-by-Marko-Tadic-mrmbymarkotadic7.jpg\"><img loading=\"lazy\" decoding=\"async\" width=\"1600\" height=\"2400\" src=\"https:\/\/mrm-style.com\/sr\/wp-content\/uploads\/2026\/03\/Emporio-Armani-Prefinjena-italijanska-ulicna-elegancija-u-Briselu-Mr.M-by-Marko-Tadic-mrmbymarkotadic7.jpg\" alt=\"\" class=\"wp-image-19540\" srcset=\"https:\/\/mrm-style.com\/sr\/wp-content\/uploads\/2026\/03\/Emporio-Armani-Prefinjena-italijanska-ulicna-elegancija-u-Briselu-Mr.M-by-Marko-Tadic-mrmbymarkotadic7.jpg 1600w, https:\/\/mrm-style.com\/sr\/wp-content\/uploads\/2026\/03\/Emporio-Armani-Prefinjena-italijanska-ulicna-elegancija-u-Briselu-Mr.M-by-Marko-Tadic-mrmbymarkotadic7-200x300.jpg 200w, https:\/\/mrm-style.com\/sr\/wp-content\/uploads\/2026\/03\/Emporio-Armani-Prefinjena-italijanska-ulicna-elegancija-u-Briselu-Mr.M-by-Marko-Tadic-mrmbymarkotadic7-683x1024.jpg 683w, https:\/\/mrm-style.com\/sr\/wp-content\/uploads\/2026\/03\/Emporio-Armani-Prefinjena-italijanska-ulicna-elegancija-u-Briselu-Mr.M-by-Marko-Tadic-mrmbymarkotadic7-768x1152.jpg 768w, https:\/\/mrm-style.com\/sr\/wp-content\/uploads\/2026\/03\/Emporio-Armani-Prefinjena-italijanska-ulicna-elegancija-u-Briselu-Mr.M-by-Marko-Tadic-mrmbymarkotadic7-1024x1536.jpg 1024w, https:\/\/mrm-style.com\/sr\/wp-content\/uploads\/2026\/03\/Emporio-Armani-Prefinjena-italijanska-ulicna-elegancija-u-Briselu-Mr.M-by-Marko-Tadic-mrmbymarkotadic7-1365x2048.jpg 1365w, https:\/\/mrm-style.com\/sr\/wp-content\/uploads\/2026\/03\/Emporio-Armani-Prefinjena-italijanska-ulicna-elegancija-u-Briselu-Mr.M-by-Marko-Tadic-mrmbymarkotadic7-1440x2160.jpg 1440w, https:\/\/mrm-style.com\/sr\/wp-content\/uploads\/2026\/03\/Emporio-Armani-Prefinjena-italijanska-ulicna-elegancija-u-Briselu-Mr.M-by-Marko-Tadic-mrmbymarkotadic7-800x1200.jpg 800w, https:\/\/mrm-style.com\/sr\/wp-content\/uploads\/2026\/03\/Emporio-Armani-Prefinjena-italijanska-ulicna-elegancija-u-Briselu-Mr.M-by-Marko-Tadic-mrmbymarkotadic7-550x825.jpg 550w, https:\/\/mrm-style.com\/sr\/wp-content\/uploads\/2026\/03\/Emporio-Armani-Prefinjena-italijanska-ulicna-elegancija-u-Briselu-Mr.M-by-Marko-Tadic-mrmbymarkotadic7-720x1080.jpg 720w, https:\/\/mrm-style.com\/sr\/wp-content\/uploads\/2026\/03\/Emporio-Armani-Prefinjena-italijanska-ulicna-elegancija-u-Briselu-Mr.M-by-Marko-Tadic-mrmbymarkotadic7-400x600.jpg 400w\" sizes=\"auto, (max-width: 1600px) 100vw, 1600px\" \/><\/a><\/figure>\n<\/div>\n\n<div class=\"wp-block-image\">\n<figure class=\"aligncenter size-full\"><a href=\"https:\/\/mrm-style.com\/sr\/wp-content\/uploads\/2026\/03\/Emporio-Armani-Prefinjena-italijanska-ulicna-elegancija-u-Briselu-Mr.M-by-Marko-Tadic-mrmbymarkotadic18.jpg\"><img loading=\"lazy\" decoding=\"async\" width=\"1600\" height=\"2400\" src=\"https:\/\/mrm-style.com\/sr\/wp-content\/uploads\/2026\/03\/Emporio-Armani-Prefinjena-italijanska-ulicna-elegancija-u-Briselu-Mr.M-by-Marko-Tadic-mrmbymarkotadic18.jpg\" alt=\"\" class=\"wp-image-19551\" srcset=\"https:\/\/mrm-style.com\/sr\/wp-content\/uploads\/2026\/03\/Emporio-Armani-Prefinjena-italijanska-ulicna-elegancija-u-Briselu-Mr.M-by-Marko-Tadic-mrmbymarkotadic18.jpg 1600w, https:\/\/mrm-style.com\/sr\/wp-content\/uploads\/2026\/03\/Emporio-Armani-Prefinjena-italijanska-ulicna-elegancija-u-Briselu-Mr.M-by-Marko-Tadic-mrmbymarkotadic18-200x300.jpg 200w, https:\/\/mrm-style.com\/sr\/wp-content\/uploads\/2026\/03\/Emporio-Armani-Prefinjena-italijanska-ulicna-elegancija-u-Briselu-Mr.M-by-Marko-Tadic-mrmbymarkotadic18-683x1024.jpg 683w, https:\/\/mrm-style.com\/sr\/wp-content\/uploads\/2026\/03\/Emporio-Armani-Prefinjena-italijanska-ulicna-elegancija-u-Briselu-Mr.M-by-Marko-Tadic-mrmbymarkotadic18-768x1152.jpg 768w, https:\/\/mrm-style.com\/sr\/wp-content\/uploads\/2026\/03\/Emporio-Armani-Prefinjena-italijanska-ulicna-elegancija-u-Briselu-Mr.M-by-Marko-Tadic-mrmbymarkotadic18-1024x1536.jpg 1024w, https:\/\/mrm-style.com\/sr\/wp-content\/uploads\/2026\/03\/Emporio-Armani-Prefinjena-italijanska-ulicna-elegancija-u-Briselu-Mr.M-by-Marko-Tadic-mrmbymarkotadic18-1365x2048.jpg 1365w, https:\/\/mrm-style.com\/sr\/wp-content\/uploads\/2026\/03\/Emporio-Armani-Prefinjena-italijanska-ulicna-elegancija-u-Briselu-Mr.M-by-Marko-Tadic-mrmbymarkotadic18-1440x2160.jpg 1440w, https:\/\/mrm-style.com\/sr\/wp-content\/uploads\/2026\/03\/Emporio-Armani-Prefinjena-italijanska-ulicna-elegancija-u-Briselu-Mr.M-by-Marko-Tadic-mrmbymarkotadic18-800x1200.jpg 800w, https:\/\/mrm-style.com\/sr\/wp-content\/uploads\/2026\/03\/Emporio-Armani-Prefinjena-italijanska-ulicna-elegancija-u-Briselu-Mr.M-by-Marko-Tadic-mrmbymarkotadic18-550x825.jpg 550w, https:\/\/mrm-style.com\/sr\/wp-content\/uploads\/2026\/03\/Emporio-Armani-Prefinjena-italijanska-ulicna-elegancija-u-Briselu-Mr.M-by-Marko-Tadic-mrmbymarkotadic18-720x1080.jpg 720w, https:\/\/mrm-style.com\/sr\/wp-content\/uploads\/2026\/03\/Emporio-Armani-Prefinjena-italijanska-ulicna-elegancija-u-Briselu-Mr.M-by-Marko-Tadic-mrmbymarkotadic18-400x600.jpg 400w\" sizes=\"auto, (max-width: 1600px) 100vw, 1600px\" \/><\/a><\/figure>\n<\/div>\n\n\n<h2 class=\"wp-block-heading\">Briselska \u0161etnja: Gde se moda i arhitektura susre\u0107u<\/h2>\n\n\n\n<p>Slike za ovu pri\u010du nastale su u srcu Brisela, gde je svaki kut ponudio novu vizuelnu dimenziju. Brisel je grad koji nagra\u0111uje pa\u017eljivog posmatra\u010da onoga ko zastane, pogleda nagore i primeti detalj koji drugi propu\u0161taju. Upravo ta vrsta pa\u017eljivosti preslikava se na odnos prema garderobi. Dobar outfit, poput dobre arhitekture, ne tra\u017ei da bude prime\u0107en nasilno. Umesto toga, on privla\u010di pogled suptilno\u0161\u0107u proporcija i kvalitetom izrade.<\/p>\n\n\n\n<p>Hodaju\u0107i pokraj zgrada Viktora Orte, razmi\u0161ljao sam o tome kako su secesijski umetnici te\u017eili da umetnost bude prisutna u svakom aspektu svakodnevnog \u017eivota od name\u0161taja do kvaka na vratima. Sli\u010dno tome, brendovi poput Emporio Armanija i Fa\u00e7onnablea te\u017ee da ode\u0107a ne bude samo funkcionalna, ve\u0107 i izraz li\u010dnog identiteta. U tom smislu, modni blog post koji je nastao u Briselu nije slu\u010dajnost. Ovaj grad, sa svojim jedinstvenim spojem kulturnog nasle\u0111a i kosmopolitske sada\u0161njosti, savr\u0161ena je metafora za stil koji cenim.<\/p>\n\n\n<div class=\"wp-block-image\">\n<figure class=\"aligncenter size-full\"><a href=\"https:\/\/mrm-style.com\/sr\/wp-content\/uploads\/2026\/03\/Emporio-Armani-Prefinjena-italijanska-ulicna-elegancija-u-Briselu-Mr.M-by-Marko-Tadic-mrmbymarkotadic7.jpg\"><img loading=\"lazy\" decoding=\"async\" width=\"1600\" height=\"2400\" src=\"https:\/\/mrm-style.com\/sr\/wp-content\/uploads\/2026\/03\/Emporio-Armani-Prefinjena-italijanska-ulicna-elegancija-u-Briselu-Mr.M-by-Marko-Tadic-mrmbymarkotadic7.jpg\" alt=\"\" class=\"wp-image-19540\" srcset=\"https:\/\/mrm-style.com\/sr\/wp-content\/uploads\/2026\/03\/Emporio-Armani-Prefinjena-italijanska-ulicna-elegancija-u-Briselu-Mr.M-by-Marko-Tadic-mrmbymarkotadic7.jpg 1600w, https:\/\/mrm-style.com\/sr\/wp-content\/uploads\/2026\/03\/Emporio-Armani-Prefinjena-italijanska-ulicna-elegancija-u-Briselu-Mr.M-by-Marko-Tadic-mrmbymarkotadic7-200x300.jpg 200w, https:\/\/mrm-style.com\/sr\/wp-content\/uploads\/2026\/03\/Emporio-Armani-Prefinjena-italijanska-ulicna-elegancija-u-Briselu-Mr.M-by-Marko-Tadic-mrmbymarkotadic7-683x1024.jpg 683w, https:\/\/mrm-style.com\/sr\/wp-content\/uploads\/2026\/03\/Emporio-Armani-Prefinjena-italijanska-ulicna-elegancija-u-Briselu-Mr.M-by-Marko-Tadic-mrmbymarkotadic7-768x1152.jpg 768w, https:\/\/mrm-style.com\/sr\/wp-content\/uploads\/2026\/03\/Emporio-Armani-Prefinjena-italijanska-ulicna-elegancija-u-Briselu-Mr.M-by-Marko-Tadic-mrmbymarkotadic7-1024x1536.jpg 1024w, https:\/\/mrm-style.com\/sr\/wp-content\/uploads\/2026\/03\/Emporio-Armani-Prefinjena-italijanska-ulicna-elegancija-u-Briselu-Mr.M-by-Marko-Tadic-mrmbymarkotadic7-1365x2048.jpg 1365w, https:\/\/mrm-style.com\/sr\/wp-content\/uploads\/2026\/03\/Emporio-Armani-Prefinjena-italijanska-ulicna-elegancija-u-Briselu-Mr.M-by-Marko-Tadic-mrmbymarkotadic7-1440x2160.jpg 1440w, https:\/\/mrm-style.com\/sr\/wp-content\/uploads\/2026\/03\/Emporio-Armani-Prefinjena-italijanska-ulicna-elegancija-u-Briselu-Mr.M-by-Marko-Tadic-mrmbymarkotadic7-800x1200.jpg 800w, https:\/\/mrm-style.com\/sr\/wp-content\/uploads\/2026\/03\/Emporio-Armani-Prefinjena-italijanska-ulicna-elegancija-u-Briselu-Mr.M-by-Marko-Tadic-mrmbymarkotadic7-550x825.jpg 550w, https:\/\/mrm-style.com\/sr\/wp-content\/uploads\/2026\/03\/Emporio-Armani-Prefinjena-italijanska-ulicna-elegancija-u-Briselu-Mr.M-by-Marko-Tadic-mrmbymarkotadic7-720x1080.jpg 720w, https:\/\/mrm-style.com\/sr\/wp-content\/uploads\/2026\/03\/Emporio-Armani-Prefinjena-italijanska-ulicna-elegancija-u-Briselu-Mr.M-by-Marko-Tadic-mrmbymarkotadic7-400x600.jpg 400w\" sizes=\"auto, (max-width: 1600px) 100vw, 1600px\" \/><\/a><\/figure>\n<\/div>\n\n\n<h2 class=\"wp-block-heading\">Filozofija pametnog ulaganja u garderobu<\/h2>\n\n\n\n<p>Svi komadi u ovom outfitu dele jednu zajedni\u010dku osobinu: dugove\u010dnost. Nijedan od njih nije kupljen zato \u0161to je moderan ove sezone, ve\u0107 zato \u0161to \u0107e biti relevantan i za pet godina. Monton jakna od prevrnute ko\u017ee tokom vremena i pa\u017eljivog \u010duvanja se patinira i dobija na karakteru. Vuneni d\u017eemper sa polo kragnom funkcioni\u0161e jednako dobro ispod sakoa ili samostalno. Pantalone sa trodimenzionalnom teksturom mogu se kombinovati sa ko\u0161uljom za formalniji izgled ili sa majicama za opu\u0161teniji pristup.<\/p>\n\n\n\n<p>Patike od recikliranog najlona, pak, predstavljaju korak napred u razmi\u0161ljanju o tome \u0161ta luksuz uop\u0161te zna\u010di u savremenom svetu. Sam Armani je govorio da je filozofija koja je u osnovi njegovog brenda oduvek bila odr\u017eivost, nude\u0107i ode\u0107u koja traje i mo\u017ee se nositi godinama. Pitanje etike, prema njegovim re\u010dima, dolazi \u010dak i pre strategije. Ta misao posebno odzvanja danas, kada se \u010ditava industrija suo\u010dava sa potrebom za promenom.<\/p>\n\n\n\n<p>Pristup manje je vi\u0161e ne odnosi se samo na dizajn ve\u0107 i na broj komada u ormaru. Bolje je imati dvadeset komada koji savr\u0161eno funkci\u0161u zajedno nego stotinu koji stoje neiskori\u0161\u0107eni. Ovaj outfit je \u017eivi dokaz tog principa koji \u010dine \u010detiri komada, dva brenda, jedna koherentna pri\u010da.<\/p>\n\n\n<div class=\"wp-block-image\">\n<figure class=\"aligncenter size-full\"><a href=\"https:\/\/mrm-style.com\/sr\/wp-content\/uploads\/2026\/03\/Emporio-Armani-Prefinjena-italijanska-ulicna-elegancija-u-Briselu-Mr.M-by-Marko-Tadic-mrmbymarkotadic2.jpg\"><img loading=\"lazy\" decoding=\"async\" width=\"1600\" height=\"2400\" src=\"https:\/\/mrm-style.com\/sr\/wp-content\/uploads\/2026\/03\/Emporio-Armani-Prefinjena-italijanska-ulicna-elegancija-u-Briselu-Mr.M-by-Marko-Tadic-mrmbymarkotadic2.jpg\" alt=\"\" class=\"wp-image-19535\" srcset=\"https:\/\/mrm-style.com\/sr\/wp-content\/uploads\/2026\/03\/Emporio-Armani-Prefinjena-italijanska-ulicna-elegancija-u-Briselu-Mr.M-by-Marko-Tadic-mrmbymarkotadic2.jpg 1600w, https:\/\/mrm-style.com\/sr\/wp-content\/uploads\/2026\/03\/Emporio-Armani-Prefinjena-italijanska-ulicna-elegancija-u-Briselu-Mr.M-by-Marko-Tadic-mrmbymarkotadic2-200x300.jpg 200w, https:\/\/mrm-style.com\/sr\/wp-content\/uploads\/2026\/03\/Emporio-Armani-Prefinjena-italijanska-ulicna-elegancija-u-Briselu-Mr.M-by-Marko-Tadic-mrmbymarkotadic2-683x1024.jpg 683w, https:\/\/mrm-style.com\/sr\/wp-content\/uploads\/2026\/03\/Emporio-Armani-Prefinjena-italijanska-ulicna-elegancija-u-Briselu-Mr.M-by-Marko-Tadic-mrmbymarkotadic2-768x1152.jpg 768w, https:\/\/mrm-style.com\/sr\/wp-content\/uploads\/2026\/03\/Emporio-Armani-Prefinjena-italijanska-ulicna-elegancija-u-Briselu-Mr.M-by-Marko-Tadic-mrmbymarkotadic2-1024x1536.jpg 1024w, https:\/\/mrm-style.com\/sr\/wp-content\/uploads\/2026\/03\/Emporio-Armani-Prefinjena-italijanska-ulicna-elegancija-u-Briselu-Mr.M-by-Marko-Tadic-mrmbymarkotadic2-1365x2048.jpg 1365w, https:\/\/mrm-style.com\/sr\/wp-content\/uploads\/2026\/03\/Emporio-Armani-Prefinjena-italijanska-ulicna-elegancija-u-Briselu-Mr.M-by-Marko-Tadic-mrmbymarkotadic2-1440x2160.jpg 1440w, https:\/\/mrm-style.com\/sr\/wp-content\/uploads\/2026\/03\/Emporio-Armani-Prefinjena-italijanska-ulicna-elegancija-u-Briselu-Mr.M-by-Marko-Tadic-mrmbymarkotadic2-800x1200.jpg 800w, https:\/\/mrm-style.com\/sr\/wp-content\/uploads\/2026\/03\/Emporio-Armani-Prefinjena-italijanska-ulicna-elegancija-u-Briselu-Mr.M-by-Marko-Tadic-mrmbymarkotadic2-550x825.jpg 550w, https:\/\/mrm-style.com\/sr\/wp-content\/uploads\/2026\/03\/Emporio-Armani-Prefinjena-italijanska-ulicna-elegancija-u-Briselu-Mr.M-by-Marko-Tadic-mrmbymarkotadic2-720x1080.jpg 720w, https:\/\/mrm-style.com\/sr\/wp-content\/uploads\/2026\/03\/Emporio-Armani-Prefinjena-italijanska-ulicna-elegancija-u-Briselu-Mr.M-by-Marko-Tadic-mrmbymarkotadic2-400x600.jpg 400w\" sizes=\"auto, (max-width: 1600px) 100vw, 1600px\" \/><\/a><\/figure>\n<\/div>\n\n\n<h2 class=\"wp-block-heading\">Veza izme\u0111u Brisela, Milana i Nice<\/h2>\n\n\n\n<p>Ako Brisel zamislimo kao pozornicu, Milano bi bio proslavljeni re\u017eiser, a Nica vi\u0161estruko nagra\u0111ivani scenograf. Ova tri grada, svaki na svoj na\u010din, oblikovala su ono \u0161to danas smatramo evropskom elegancijom. Milano je dao svetu dekonstruisani sako i ideju da odelo ne mora da ste\u017ee da bi bilo lepo i privla\u010dno. Nica je sa druge strane ponudila opu\u0161tenu mediteransku estetiku u kojoj se sportski kroj susre\u0107e sa visokom modom. Brisel je, sa svoje strane, bio kolevka umetni\u010dkog pokreta koji je proklamovao da lepota pripada svakodnevnom \u017eivotu.<\/p>\n\n\n\n<p>Upravo na tom trouglu po\u010diva ovaj outfit. Armani pantalone, d\u017eemper i patike nose sa sobom duh milanske radionice, gde se svaki \u0161av pa\u017eljivo planira mesecima unapred. Fa\u00e7onnable jakna od prevrnute ko\u017ee donosi toplinu ju\u017enofrancuskog priobalja, gde je zanatstvo krojenja generacijama preno\u0161eno sa oca na sina. Brisel, kao mesto gde su ove fotografije nastale, zatvara krug i podse\u0107a nas da je moda, u svojoj najboljoj formi, uvek bila vid primenjene umetnosti.<\/p>\n\n\n\n<h2 class=\"wp-block-heading\">Za\u0161to je ovaj outfit vi\u0161e od obi\u010dne ode\u0107e?<\/h2>\n\n\n\n<p>Svaki put kada biram \u0161ta \u0107u obu\u0107i za slikanje, razmi\u0161ljam o pri\u010di koju \u017eelim da ispri\u010dam, poruci koju \u017eelim da prenesem ljudima koji \u0107e pro\u010ditati moju modnu pri\u010du. Ovoga puta pri\u010da je bila o susretu dve velike tradicije: italijanske preciznosti i francuske lako\u0107e. Bila je o gradu koji je stvorio umetni\u010dki pokret zasnovan na ideji da lepota mora biti prisutna svuda oko nas. Bila je o brendovima \u010diji osniva\u010di su zapo\u010deli sa gotovo ni\u010dim, a ostavili trag koji traje decenijama posle njih.<\/p>\n\n\n\n<p>\u0110or\u0111o Armani je jednom rekao da je njegovo jedino \u017ealjenje u \u017eivotu bilo to \u0161to je previ\u0161e sati proveo rade\u0107i, a premalo sa prijateljima i porodicom. Ta izjava me podse\u0107a da moda, koliko god bila lepa, uvek treba da slu\u017ei \u017eivotu, a ne obrnuto. Stoga, slede\u0107i put kada budete birali \u0161ta \u0107ete obu\u0107i, setite se da nije re\u010d samo o brendu ili ceni. Re\u010d je o tome kako se ose\u0107ate u svojoj ko\u017ei, o pri\u010dama koje nosite sa sobom i o mestima koja vas nadahnjuju.Brisel me nau\u010dio da elegancija ne mora biti napadna i prenagla\u0161ena. Ba\u0161 kao i secesijske fasade koje se tiho smenjuju na ulicama ovog grada, pravi stil prepoznaje se u detaljima koje prime\u0107uju samo oni koji znaju gde da pogledaju. Nadam se da ste u ovom tekstu prona\u0161li ne\u0161to od tog tihog luksuza koji me inspiri\u0161e svaki dan. Do slede\u0107e modne pri\u010de i slede\u0107eg grada, \u010duvajte se od prolaznih trendova brze mode i budite autenti\u010dni, ne zaboravite da obu\u010dete svoje omiljene odevne komade sa dobrom namerom da poka\u017eete svetu ko ste bez da progovorite.<\/p>\n\n\n\n<p>Kako vam se dopao moj dana\u0161nji outfit? Zaista sam se potrudio da pripremim ovaj post sa puno ljubavi i nadam se da vam se svi\u0111a! Ako imate bilo kakvih pitanja, komentara, sugestija ili poruka za mene, mo\u017eete mi pisati ispod u komentarima. Naravno, kao i uvek, mo\u017eete me kontaktirati putem elektronske po\u0161te ili dru\u0161tvenih mre\u017ea koje mo\u017eete prona\u0107i na stranici&nbsp;<strong><a href=\"https:\/\/mrm-style.com\/sr\/kontakt\/\" target=\"_blank\" rel=\"noreferrer noopener\">KONTAKT<\/a><\/strong>. Vidimo se uskoro u novim modnim avanturama na Mr.M blogu!<\/p>\n\n\n\n<p><em>Srda\u010dan blogerski pozdrav iz Brisela<\/em>,<\/p>\n\n\n\n<p><strong>Mr.M<\/strong><\/p>\n\n\n<div class=\"wp-block-image\">\n<figure class=\"aligncenter size-full\"><a href=\"https:\/\/mrm-style.com\/sr\/wp-content\/uploads\/2026\/03\/Emporio-Armani-Prefinjena-italijanska-ulicna-elegancija-u-Briselu-Mr.M-by-Marko-Tadic-mrmbymarkotadic1.jpg\"><img loading=\"lazy\" decoding=\"async\" width=\"1600\" height=\"2234\" src=\"https:\/\/mrm-style.com\/sr\/wp-content\/uploads\/2026\/03\/Emporio-Armani-Prefinjena-italijanska-ulicna-elegancija-u-Briselu-Mr.M-by-Marko-Tadic-mrmbymarkotadic1.jpg\" alt=\"\" class=\"wp-image-19534\" srcset=\"https:\/\/mrm-style.com\/sr\/wp-content\/uploads\/2026\/03\/Emporio-Armani-Prefinjena-italijanska-ulicna-elegancija-u-Briselu-Mr.M-by-Marko-Tadic-mrmbymarkotadic1.jpg 1600w, https:\/\/mrm-style.com\/sr\/wp-content\/uploads\/2026\/03\/Emporio-Armani-Prefinjena-italijanska-ulicna-elegancija-u-Briselu-Mr.M-by-Marko-Tadic-mrmbymarkotadic1-215x300.jpg 215w, https:\/\/mrm-style.com\/sr\/wp-content\/uploads\/2026\/03\/Emporio-Armani-Prefinjena-italijanska-ulicna-elegancija-u-Briselu-Mr.M-by-Marko-Tadic-mrmbymarkotadic1-733x1024.jpg 733w, https:\/\/mrm-style.com\/sr\/wp-content\/uploads\/2026\/03\/Emporio-Armani-Prefinjena-italijanska-ulicna-elegancija-u-Briselu-Mr.M-by-Marko-Tadic-mrmbymarkotadic1-768x1072.jpg 768w, https:\/\/mrm-style.com\/sr\/wp-content\/uploads\/2026\/03\/Emporio-Armani-Prefinjena-italijanska-ulicna-elegancija-u-Briselu-Mr.M-by-Marko-Tadic-mrmbymarkotadic1-1100x1536.jpg 1100w, https:\/\/mrm-style.com\/sr\/wp-content\/uploads\/2026\/03\/Emporio-Armani-Prefinjena-italijanska-ulicna-elegancija-u-Briselu-Mr.M-by-Marko-Tadic-mrmbymarkotadic1-1467x2048.jpg 1467w, https:\/\/mrm-style.com\/sr\/wp-content\/uploads\/2026\/03\/Emporio-Armani-Prefinjena-italijanska-ulicna-elegancija-u-Briselu-Mr.M-by-Marko-Tadic-mrmbymarkotadic1-1440x2011.jpg 1440w, https:\/\/mrm-style.com\/sr\/wp-content\/uploads\/2026\/03\/Emporio-Armani-Prefinjena-italijanska-ulicna-elegancija-u-Briselu-Mr.M-by-Marko-Tadic-mrmbymarkotadic1-800x1117.jpg 800w, https:\/\/mrm-style.com\/sr\/wp-content\/uploads\/2026\/03\/Emporio-Armani-Prefinjena-italijanska-ulicna-elegancija-u-Briselu-Mr.M-by-Marko-Tadic-mrmbymarkotadic1-550x768.jpg 550w, https:\/\/mrm-style.com\/sr\/wp-content\/uploads\/2026\/03\/Emporio-Armani-Prefinjena-italijanska-ulicna-elegancija-u-Briselu-Mr.M-by-Marko-Tadic-mrmbymarkotadic1-774x1080.jpg 774w, https:\/\/mrm-style.com\/sr\/wp-content\/uploads\/2026\/03\/Emporio-Armani-Prefinjena-italijanska-ulicna-elegancija-u-Briselu-Mr.M-by-Marko-Tadic-mrmbymarkotadic1-430x600.jpg 430w\" sizes=\"auto, (max-width: 1600px) 100vw, 1600px\" \/><\/a><\/figure>\n<\/div>\n\n<div class=\"wp-block-image\">\n<figure class=\"aligncenter size-full\"><a href=\"https:\/\/mrm-style.com\/sr\/wp-content\/uploads\/2026\/03\/Emporio-Armani-Prefinjena-italijanska-ulicna-elegancija-u-Briselu-Mr.M-by-Marko-Tadic-mrmbymarkotadic21.jpg\"><img loading=\"lazy\" decoding=\"async\" width=\"2400\" height=\"1600\" src=\"https:\/\/mrm-style.com\/sr\/wp-content\/uploads\/2026\/03\/Emporio-Armani-Prefinjena-italijanska-ulicna-elegancija-u-Briselu-Mr.M-by-Marko-Tadic-mrmbymarkotadic21.jpg\" alt=\"\" class=\"wp-image-19554\" srcset=\"https:\/\/mrm-style.com\/sr\/wp-content\/uploads\/2026\/03\/Emporio-Armani-Prefinjena-italijanska-ulicna-elegancija-u-Briselu-Mr.M-by-Marko-Tadic-mrmbymarkotadic21.jpg 2400w, https:\/\/mrm-style.com\/sr\/wp-content\/uploads\/2026\/03\/Emporio-Armani-Prefinjena-italijanska-ulicna-elegancija-u-Briselu-Mr.M-by-Marko-Tadic-mrmbymarkotadic21-300x200.jpg 300w, https:\/\/mrm-style.com\/sr\/wp-content\/uploads\/2026\/03\/Emporio-Armani-Prefinjena-italijanska-ulicna-elegancija-u-Briselu-Mr.M-by-Marko-Tadic-mrmbymarkotadic21-1024x683.jpg 1024w, https:\/\/mrm-style.com\/sr\/wp-content\/uploads\/2026\/03\/Emporio-Armani-Prefinjena-italijanska-ulicna-elegancija-u-Briselu-Mr.M-by-Marko-Tadic-mrmbymarkotadic21-768x512.jpg 768w, https:\/\/mrm-style.com\/sr\/wp-content\/uploads\/2026\/03\/Emporio-Armani-Prefinjena-italijanska-ulicna-elegancija-u-Briselu-Mr.M-by-Marko-Tadic-mrmbymarkotadic21-1536x1024.jpg 1536w, https:\/\/mrm-style.com\/sr\/wp-content\/uploads\/2026\/03\/Emporio-Armani-Prefinjena-italijanska-ulicna-elegancija-u-Briselu-Mr.M-by-Marko-Tadic-mrmbymarkotadic21-2048x1365.jpg 2048w, https:\/\/mrm-style.com\/sr\/wp-content\/uploads\/2026\/03\/Emporio-Armani-Prefinjena-italijanska-ulicna-elegancija-u-Briselu-Mr.M-by-Marko-Tadic-mrmbymarkotadic21-1440x960.jpg 1440w, https:\/\/mrm-style.com\/sr\/wp-content\/uploads\/2026\/03\/Emporio-Armani-Prefinjena-italijanska-ulicna-elegancija-u-Briselu-Mr.M-by-Marko-Tadic-mrmbymarkotadic21-800x533.jpg 800w, https:\/\/mrm-style.com\/sr\/wp-content\/uploads\/2026\/03\/Emporio-Armani-Prefinjena-italijanska-ulicna-elegancija-u-Briselu-Mr.M-by-Marko-Tadic-mrmbymarkotadic21-550x367.jpg 550w, https:\/\/mrm-style.com\/sr\/wp-content\/uploads\/2026\/03\/Emporio-Armani-Prefinjena-italijanska-ulicna-elegancija-u-Briselu-Mr.M-by-Marko-Tadic-mrmbymarkotadic21-1920x1280.jpg 1920w, https:\/\/mrm-style.com\/sr\/wp-content\/uploads\/2026\/03\/Emporio-Armani-Prefinjena-italijanska-ulicna-elegancija-u-Briselu-Mr.M-by-Marko-Tadic-mrmbymarkotadic21-1620x1080.jpg 1620w, https:\/\/mrm-style.com\/sr\/wp-content\/uploads\/2026\/03\/Emporio-Armani-Prefinjena-italijanska-ulicna-elegancija-u-Briselu-Mr.M-by-Marko-Tadic-mrmbymarkotadic21-900x600.jpg 900w\" sizes=\"auto, (max-width: 2400px) 100vw, 2400px\" \/><\/a><\/figure>\n<\/div>\n\n\n<p class=\"has-text-align-center\"><strong><em>Ovaj post je sponzorisan od strane\u00a0<a href=\"https:\/\/www.faconnable.com\" target=\"_blank\" rel=\"noreferrer noopener\">Fa\u00e7onnable<\/a> i\u00a0<a href=\"https:\/\/www.armani.com\/en-de\/emporio-armani\/experience\/\" target=\"_blank\" rel=\"noreferrer noopener\">Emporio Armani<\/a>\u00a0brendova. Ovaj post predstavlja moju li\u010dnu i iskrenu recenziju proizvoda.<\/em><\/strong><\/p>\n","protected":false},"excerpt":{"rendered":"<p>Dragi moji ljubitelji mode, dobrodo\u0161li u jo\u0161 jednu modnu avanturu na Mr.M blogu! Kada putujete uvek prosto napravite neke odre\u0111ene podele gradova. Postoje neki gradovi koji vas prosto privuku zbog izuzetne arhitekture, a sa druge strane postoje i gradovi koji vas privuku zbog svoje neobi\u010dne atmosfere. Moram priznati da Brisel pripada obema grupama istovremeno. Kada sam odlu\u010dio da upravo tamo napravim ovu modnu pri\u010du, nisam mogao ni da zamislim koliko \u0107e se sam grad savr\u0161eno uklopiti u ono \u0161to sam nameravao da ispri\u010dam. Jer ovo nije samo pri\u010da o ode\u0107i,&#8230; <span class=\"more\"><a class=\"more-link\" href=\"https:\/\/mrm-style.com\/sr\/emporio-armani-prefinjena-italijanska-ulicna-elegancija-u-briselu\/\">Read More<\/a><\/span><\/p>\n","protected":false},"author":1,"featured_media":19548,"comment_status":"open","ping_status":"open","sticky":false,"template":"","format":"standard","meta":{"om_disable_all_campaigns":false,"_monsterinsights_skip_tracking":false,"_monsterinsights_sitenote_active":false,"_monsterinsights_sitenote_note":"","_monsterinsights_sitenote_category":0,"footnotes":""},"categories":[52,159],"tags":[10230,10233,10235,8855,126,10228,10227,10169,10236,9551,9558,10175,10234,10229,9796,9580,9731,8975,9372,9744,56,1075,10231,1117,10237,54,9601,55,9280,2331,3862,9525,9543,8793,9279,9352,9748,8978,9545,10232],"class_list":["post-19533","post","type-post","status-publish","format-standard","has-post-thumbnail","hentry","category-moda","category-outfit-post","tag-armani-dzemper-od-vune","tag-armani-naslede-giorgio-armani","tag-elegantni-muski-outfit","tag-elegantno-oblacenje-za-muskarce","tag-emporio-armani","tag-emporio-armani-muska-moda","tag-emporio-armani-outfit","tag-emporio-armani-patike","tag-emporio-armani-stil","tag-faconnable","tag-faconnable-jakna","tag-faconnable-monton","tag-faconnable-nica-francuska","tag-francuski-sik","tag-italijanska-elegancija","tag-italijanska-muska-moda","tag-kvalitetna-muska-garderoba","tag-luksuzna-muska-garderoba","tag-luksuzna-muska-moda","tag-luksuzni-brendovi-za-muskarce","tag-marko-tadic","tag-modni-blog","tag-modni-blog-za-muskarce","tag-modni-bloger","tag-modni-saveti-za-muskarce","tag-mr-m","tag-mr-m-by-marko-tadic-2","tag-mr-m-by-marko-tadic","tag-mr-m-by-marko-tadic-blog","tag-mrmbymarkotadic","tag-mrmbymarkotadic-instagram","tag-muska-elegancija","tag-muska-elegancija-srbija","tag-muska-garderoba","tag-muska-luksuzna-moda","tag-muska-moda-luksuz","tag-muska-moda-posle-30","tag-muska-moda-za-putovanja","tag-muska-sofisticiranost","tag-muski-outfit-ideje"],"aioseo_notices":[],"_links":{"self":[{"href":"https:\/\/mrm-style.com\/sr\/wp-json\/wp\/v2\/posts\/19533","targetHints":{"allow":["GET"]}}],"collection":[{"href":"https:\/\/mrm-style.com\/sr\/wp-json\/wp\/v2\/posts"}],"about":[{"href":"https:\/\/mrm-style.com\/sr\/wp-json\/wp\/v2\/types\/post"}],"author":[{"embeddable":true,"href":"https:\/\/mrm-style.com\/sr\/wp-json\/wp\/v2\/users\/1"}],"replies":[{"embeddable":true,"href":"https:\/\/mrm-style.com\/sr\/wp-json\/wp\/v2\/comments?post=19533"}],"version-history":[{"count":4,"href":"https:\/\/mrm-style.com\/sr\/wp-json\/wp\/v2\/posts\/19533\/revisions"}],"predecessor-version":[{"id":19564,"href":"https:\/\/mrm-style.com\/sr\/wp-json\/wp\/v2\/posts\/19533\/revisions\/19564"}],"wp:featuredmedia":[{"embeddable":true,"href":"https:\/\/mrm-style.com\/sr\/wp-json\/wp\/v2\/media\/19548"}],"wp:attachment":[{"href":"https:\/\/mrm-style.com\/sr\/wp-json\/wp\/v2\/media?parent=19533"}],"wp:term":[{"taxonomy":"category","embeddable":true,"href":"https:\/\/mrm-style.com\/sr\/wp-json\/wp\/v2\/categories?post=19533"},{"taxonomy":"post_tag","embeddable":true,"href":"https:\/\/mrm-style.com\/sr\/wp-json\/wp\/v2\/tags?post=19533"}],"curies":[{"name":"wp","href":"https:\/\/api.w.org\/{rel}","templated":true}]}}