{"id":20678,"date":"2026-07-07T08:00:00","date_gmt":"2026-07-07T07:00:00","guid":{"rendered":"https:\/\/mrm-style.com\/sr\/?p=20678"},"modified":"2026-07-12T09:01:37","modified_gmt":"2026-07-12T08:01:37","slug":"giorgio-armani-vanvremenska-elegancija-u-bez-tonovima","status":"publish","type":"post","link":"https:\/\/mrm-style.com\/sr\/giorgio-armani-vanvremenska-elegancija-u-bez-tonovima\/","title":{"rendered":"Giorgio Armani: Vanvremenska elegancija u be\u017e tonovima"},"content":{"rendered":"\n<p>Dragi moji ljubitelji mode, dobrodo\u0161li u novu modnu pri\u010du na Mr.M blogu. Danas vas vodim u modnu \u0161etnju kroz park carskog dvorca \u0160enbrun u Be\u010du, u dru\u0161tvu legendarne italijanske modne ku\u0107e <strong><a href=\"https:\/\/www.armani.com\" target=\"_blank\" rel=\"noopener\" title=\"\">Giorgio Armani<\/a><\/strong>. Neka jutra jednostavno tra\u017ee da se ovekove\u010de, a moje be\u010dko jutro dobilo je najlep\u0161i mogu\u0107i: lagani uspon uz brdo iza palate, sve do Gloriette, kamene krune carskog vrta koja ve\u0107 dva i po veka gleda na grad. Upravo tamo nastale su fotografije za moju dana\u0161nju modnu pri\u010du.<\/p>\n\n\n\n<p>Posle toliko godina rada na Mr.M blogu i dalje dobijam brojna pitanja kako uspevam da odr\u017eim elegantan izgled tokom putovanja. Iskreno, sve zavisi od same destinacije, ali nekako uvek uspem da se sna\u0111em. Bude, dodu\u0161e, i poneki pogled radoznalog turiste: \u0161ta li ja to radim i za\u0161to veliki objektiv slika ba\u0161 mene? Ni ovo iskustvo u Be\u010du nije bilo izuzetak. A \u0161to se ti\u010de odgovora na to ve\u010dito pitanje ipak je uvek isti: pa\u017eljivo planiranje i komadi koji dobro podnose put uz lako odr\u017eavanje.<\/p>\n\n\n<div class=\"wp-block-image\">\n<figure class=\"aligncenter size-full\"><a href=\"https:\/\/mrm-style.com\/sr\/wp-content\/uploads\/2026\/07\/Giorgio-Armani-vanvremenska-elegancija-u-bez-tonovima-Mr.M-by-Marko-Tadic-mrmbymarkotadic11.jpg\"><img loading=\"lazy\" decoding=\"async\" width=\"1600\" height=\"2400\" src=\"https:\/\/mrm-style.com\/sr\/wp-content\/uploads\/2026\/07\/Giorgio-Armani-vanvremenska-elegancija-u-bez-tonovima-Mr.M-by-Marko-Tadic-mrmbymarkotadic11.jpg\" alt=\"Marko Tadi\u0107, osniva\u010d Mr.M bloga, u be\u017e Giorgio Armani kombinaciji i Herno bisernoj jakni ispred Gloriette u dvorcu \u0160enbrun u Be\u010du.\" class=\"wp-image-20689\" srcset=\"https:\/\/mrm-style.com\/sr\/wp-content\/uploads\/2026\/07\/Giorgio-Armani-vanvremenska-elegancija-u-bez-tonovima-Mr.M-by-Marko-Tadic-mrmbymarkotadic11.jpg 1600w, https:\/\/mrm-style.com\/sr\/wp-content\/uploads\/2026\/07\/Giorgio-Armani-vanvremenska-elegancija-u-bez-tonovima-Mr.M-by-Marko-Tadic-mrmbymarkotadic11-200x300.jpg 200w, https:\/\/mrm-style.com\/sr\/wp-content\/uploads\/2026\/07\/Giorgio-Armani-vanvremenska-elegancija-u-bez-tonovima-Mr.M-by-Marko-Tadic-mrmbymarkotadic11-683x1024.jpg 683w, https:\/\/mrm-style.com\/sr\/wp-content\/uploads\/2026\/07\/Giorgio-Armani-vanvremenska-elegancija-u-bez-tonovima-Mr.M-by-Marko-Tadic-mrmbymarkotadic11-768x1152.jpg 768w, https:\/\/mrm-style.com\/sr\/wp-content\/uploads\/2026\/07\/Giorgio-Armani-vanvremenska-elegancija-u-bez-tonovima-Mr.M-by-Marko-Tadic-mrmbymarkotadic11-1024x1536.jpg 1024w, https:\/\/mrm-style.com\/sr\/wp-content\/uploads\/2026\/07\/Giorgio-Armani-vanvremenska-elegancija-u-bez-tonovima-Mr.M-by-Marko-Tadic-mrmbymarkotadic11-1365x2048.jpg 1365w, https:\/\/mrm-style.com\/sr\/wp-content\/uploads\/2026\/07\/Giorgio-Armani-vanvremenska-elegancija-u-bez-tonovima-Mr.M-by-Marko-Tadic-mrmbymarkotadic11-1440x2160.jpg 1440w, https:\/\/mrm-style.com\/sr\/wp-content\/uploads\/2026\/07\/Giorgio-Armani-vanvremenska-elegancija-u-bez-tonovima-Mr.M-by-Marko-Tadic-mrmbymarkotadic11-800x1200.jpg 800w, https:\/\/mrm-style.com\/sr\/wp-content\/uploads\/2026\/07\/Giorgio-Armani-vanvremenska-elegancija-u-bez-tonovima-Mr.M-by-Marko-Tadic-mrmbymarkotadic11-550x825.jpg 550w, https:\/\/mrm-style.com\/sr\/wp-content\/uploads\/2026\/07\/Giorgio-Armani-vanvremenska-elegancija-u-bez-tonovima-Mr.M-by-Marko-Tadic-mrmbymarkotadic11-720x1080.jpg 720w, https:\/\/mrm-style.com\/sr\/wp-content\/uploads\/2026\/07\/Giorgio-Armani-vanvremenska-elegancija-u-bez-tonovima-Mr.M-by-Marko-Tadic-mrmbymarkotadic11-400x600.jpg 400w\" sizes=\"auto, (max-width: 1600px) 100vw, 1600px\" \/><\/a><\/figure>\n<\/div>\n\n\n<p>Ovog puta odabrao sam kombinaciju u koju sam utkao sve \u0161to cenim kod zrelog mu\u0161kog stila. Osnovu \u010dine dva komada ku\u0107e Giorgio Armani: rolka od ka\u0161mira i svile u ne\u017enoj be\u017e nijansi i \u0161iroke pantalone be\u017e-drap boje. Preko njih ide sjajna biserna jakna italijanske ku\u0107e Herno, model La Giacca u bisernom jajnom be\u017e tonu. Na nogama su Santoni Oly patike od tamnobraon prevrnute ko\u017ee, a na licu okrugle FA\u00c7ONNABLE nao\u010dare za sunce.<\/p>\n\n\n\n<p>Zvu\u010di jednostavno? I jeste. Me\u0111utim, upravo u toj jednostavnosti krije se najvi\u0161e rada. Be\u017e od glave do pete opra\u0161ta malo, a tra\u017ei mnogo: pravu meru nijansi, materijala i kroja. Zato \u0107u vam u ovom tekstu ispri\u010dati pri\u010du o svakom komadu, o ljudima koji stoje iza ovih ku\u0107a i o jednoj neobi\u010dnoj podudarnosti brojeva koja povezuje modu i istoriju. Pre toga, red je da se poklonimo doma\u0107inu ove fotografske \u0161etnje.<\/p>\n\n\n<div class=\"wp-block-image\">\n<figure class=\"aligncenter size-full\"><a href=\"https:\/\/mrm-style.com\/sr\/wp-content\/uploads\/2026\/07\/Giorgio-Armani-vanvremenska-elegancija-u-bez-tonovima-Mr.M-by-Marko-Tadic-mrmbymarkotadic3.jpg\"><img loading=\"lazy\" decoding=\"async\" width=\"2400\" height=\"1600\" src=\"https:\/\/mrm-style.com\/sr\/wp-content\/uploads\/2026\/07\/Giorgio-Armani-vanvremenska-elegancija-u-bez-tonovima-Mr.M-by-Marko-Tadic-mrmbymarkotadic3.jpg\" alt=\"Marko Tadi\u0107, osniva\u010d Mr.M bloga, nasmejan u Herno La Giacca Chantilly jakni i Giorgio Armani rolci ispod Gloriette u Be\u010du\" class=\"wp-image-20681\" srcset=\"https:\/\/mrm-style.com\/sr\/wp-content\/uploads\/2026\/07\/Giorgio-Armani-vanvremenska-elegancija-u-bez-tonovima-Mr.M-by-Marko-Tadic-mrmbymarkotadic3.jpg 2400w, https:\/\/mrm-style.com\/sr\/wp-content\/uploads\/2026\/07\/Giorgio-Armani-vanvremenska-elegancija-u-bez-tonovima-Mr.M-by-Marko-Tadic-mrmbymarkotadic3-300x200.jpg 300w, https:\/\/mrm-style.com\/sr\/wp-content\/uploads\/2026\/07\/Giorgio-Armani-vanvremenska-elegancija-u-bez-tonovima-Mr.M-by-Marko-Tadic-mrmbymarkotadic3-1024x683.jpg 1024w, https:\/\/mrm-style.com\/sr\/wp-content\/uploads\/2026\/07\/Giorgio-Armani-vanvremenska-elegancija-u-bez-tonovima-Mr.M-by-Marko-Tadic-mrmbymarkotadic3-768x512.jpg 768w, https:\/\/mrm-style.com\/sr\/wp-content\/uploads\/2026\/07\/Giorgio-Armani-vanvremenska-elegancija-u-bez-tonovima-Mr.M-by-Marko-Tadic-mrmbymarkotadic3-1536x1024.jpg 1536w, https:\/\/mrm-style.com\/sr\/wp-content\/uploads\/2026\/07\/Giorgio-Armani-vanvremenska-elegancija-u-bez-tonovima-Mr.M-by-Marko-Tadic-mrmbymarkotadic3-2048x1365.jpg 2048w, https:\/\/mrm-style.com\/sr\/wp-content\/uploads\/2026\/07\/Giorgio-Armani-vanvremenska-elegancija-u-bez-tonovima-Mr.M-by-Marko-Tadic-mrmbymarkotadic3-1440x960.jpg 1440w, https:\/\/mrm-style.com\/sr\/wp-content\/uploads\/2026\/07\/Giorgio-Armani-vanvremenska-elegancija-u-bez-tonovima-Mr.M-by-Marko-Tadic-mrmbymarkotadic3-800x533.jpg 800w, https:\/\/mrm-style.com\/sr\/wp-content\/uploads\/2026\/07\/Giorgio-Armani-vanvremenska-elegancija-u-bez-tonovima-Mr.M-by-Marko-Tadic-mrmbymarkotadic3-550x367.jpg 550w, https:\/\/mrm-style.com\/sr\/wp-content\/uploads\/2026\/07\/Giorgio-Armani-vanvremenska-elegancija-u-bez-tonovima-Mr.M-by-Marko-Tadic-mrmbymarkotadic3-1920x1280.jpg 1920w, https:\/\/mrm-style.com\/sr\/wp-content\/uploads\/2026\/07\/Giorgio-Armani-vanvremenska-elegancija-u-bez-tonovima-Mr.M-by-Marko-Tadic-mrmbymarkotadic3-1620x1080.jpg 1620w, https:\/\/mrm-style.com\/sr\/wp-content\/uploads\/2026\/07\/Giorgio-Armani-vanvremenska-elegancija-u-bez-tonovima-Mr.M-by-Marko-Tadic-mrmbymarkotadic3-900x600.jpg 900w\" sizes=\"auto, (max-width: 2400px) 100vw, 2400px\" \/><\/a><\/figure>\n<\/div>\n\n<div class=\"wp-block-image\">\n<figure class=\"aligncenter size-full\"><a href=\"https:\/\/mrm-style.com\/sr\/wp-content\/uploads\/2026\/07\/Giorgio-Armani-vanvremenska-elegancija-u-bez-tonovima-Mr.M-by-Marko-Tadic-mrmbymarkotadic6.jpg\"><img loading=\"lazy\" decoding=\"async\" width=\"1600\" height=\"2400\" src=\"https:\/\/mrm-style.com\/sr\/wp-content\/uploads\/2026\/07\/Giorgio-Armani-vanvremenska-elegancija-u-bez-tonovima-Mr.M-by-Marko-Tadic-mrmbymarkotadic6.jpg\" alt=\"Marko Tadi\u0107, osniva\u010d Mr.M bloga, \u0161eta \u0161ljun\u010danom stazom u Giorgio Armani stilu, dok se iza njega pru\u017ea kolonada Gloriette u \u0160enbrunu\" class=\"wp-image-20684\" srcset=\"https:\/\/mrm-style.com\/sr\/wp-content\/uploads\/2026\/07\/Giorgio-Armani-vanvremenska-elegancija-u-bez-tonovima-Mr.M-by-Marko-Tadic-mrmbymarkotadic6.jpg 1600w, https:\/\/mrm-style.com\/sr\/wp-content\/uploads\/2026\/07\/Giorgio-Armani-vanvremenska-elegancija-u-bez-tonovima-Mr.M-by-Marko-Tadic-mrmbymarkotadic6-200x300.jpg 200w, https:\/\/mrm-style.com\/sr\/wp-content\/uploads\/2026\/07\/Giorgio-Armani-vanvremenska-elegancija-u-bez-tonovima-Mr.M-by-Marko-Tadic-mrmbymarkotadic6-683x1024.jpg 683w, https:\/\/mrm-style.com\/sr\/wp-content\/uploads\/2026\/07\/Giorgio-Armani-vanvremenska-elegancija-u-bez-tonovima-Mr.M-by-Marko-Tadic-mrmbymarkotadic6-768x1152.jpg 768w, https:\/\/mrm-style.com\/sr\/wp-content\/uploads\/2026\/07\/Giorgio-Armani-vanvremenska-elegancija-u-bez-tonovima-Mr.M-by-Marko-Tadic-mrmbymarkotadic6-1024x1536.jpg 1024w, https:\/\/mrm-style.com\/sr\/wp-content\/uploads\/2026\/07\/Giorgio-Armani-vanvremenska-elegancija-u-bez-tonovima-Mr.M-by-Marko-Tadic-mrmbymarkotadic6-1365x2048.jpg 1365w, https:\/\/mrm-style.com\/sr\/wp-content\/uploads\/2026\/07\/Giorgio-Armani-vanvremenska-elegancija-u-bez-tonovima-Mr.M-by-Marko-Tadic-mrmbymarkotadic6-1440x2160.jpg 1440w, https:\/\/mrm-style.com\/sr\/wp-content\/uploads\/2026\/07\/Giorgio-Armani-vanvremenska-elegancija-u-bez-tonovima-Mr.M-by-Marko-Tadic-mrmbymarkotadic6-800x1200.jpg 800w, https:\/\/mrm-style.com\/sr\/wp-content\/uploads\/2026\/07\/Giorgio-Armani-vanvremenska-elegancija-u-bez-tonovima-Mr.M-by-Marko-Tadic-mrmbymarkotadic6-550x825.jpg 550w, https:\/\/mrm-style.com\/sr\/wp-content\/uploads\/2026\/07\/Giorgio-Armani-vanvremenska-elegancija-u-bez-tonovima-Mr.M-by-Marko-Tadic-mrmbymarkotadic6-720x1080.jpg 720w, https:\/\/mrm-style.com\/sr\/wp-content\/uploads\/2026\/07\/Giorgio-Armani-vanvremenska-elegancija-u-bez-tonovima-Mr.M-by-Marko-Tadic-mrmbymarkotadic6-400x600.jpg 400w\" sizes=\"auto, (max-width: 1600px) 100vw, 1600px\" \/><\/a><\/figure>\n<\/div>\n\n\n<h2 class=\"wp-block-heading\">Gloriette: Impozantni vidikovac iznad Be\u010da<\/h2>\n\n\n\n<p>\u0160enbrun je vekovima bio letnja rezidencija Habzburgovaca. Sama palata ima \u010dak 1.441 prostoriju, a ime je dobila po \u201elepom izvoru&#8221; sa kog je dvor nekada pio vodu. Iza palate prostire se veliki barokni vrt, a teren se zatim penje ka brdu visokom oko \u0161ezdeset metara. Na njegovom vrhu stoji Gloriette, najve\u0107a gra\u0111evina te vrste na svetu.<\/p>\n\n\n\n<p>Carica Marija Terezija naru\u010dila ju je kao \u201ehram slave&#8221;, spomenik pravednom ratu koji vodi ka miru. Arhitekta Johan Ferdinand Hecendorf fon Hoenberg zavr\u0161io ju je 1775. godine, kao poslednju veliku gra\u0111evinu u vrtu. Zanimljivo je da je carica tra\u017eila i \u0161tedljivo re\u0161enje. Veliki deo kamena stigao je sa napu\u0161tenog dvorca Nojgebojde, pa je stara gra\u0111a dobila novi, slavniji \u017eivot. Na vrhu gra\u0111evine i danas stoji latinski natpis posve\u0107en caru Josifu II i carici Mariji Tereziji, a nad njim bdi mo\u0107ni carski orao na zlatnoj kugli. Taj natpis vide\u0107ete i na nekoliko mojih fotografija.<\/p>\n\n\n<div class=\"wp-block-image\">\n<figure class=\"aligncenter size-full\"><a href=\"https:\/\/mrm-style.com\/sr\/wp-content\/uploads\/2026\/07\/Giorgio-Armani-vanvremenska-elegancija-u-bez-tonovima-Mr.M-by-Marko-Tadic-mrmbymarkotadic10.jpg\"><img loading=\"lazy\" decoding=\"async\" width=\"2400\" height=\"1600\" src=\"https:\/\/mrm-style.com\/sr\/wp-content\/uploads\/2026\/07\/Giorgio-Armani-vanvremenska-elegancija-u-bez-tonovima-Mr.M-by-Marko-Tadic-mrmbymarkotadic10.jpg\" alt=\"Marko Tadi\u0107, osniva\u010d Mr.M bloga, stoji ispred cele fasade Gloriette u \u0160enbrunu u be\u017e prole\u0107noj mu\u0161koj kombinaciji\" class=\"wp-image-20688\" srcset=\"https:\/\/mrm-style.com\/sr\/wp-content\/uploads\/2026\/07\/Giorgio-Armani-vanvremenska-elegancija-u-bez-tonovima-Mr.M-by-Marko-Tadic-mrmbymarkotadic10.jpg 2400w, https:\/\/mrm-style.com\/sr\/wp-content\/uploads\/2026\/07\/Giorgio-Armani-vanvremenska-elegancija-u-bez-tonovima-Mr.M-by-Marko-Tadic-mrmbymarkotadic10-300x200.jpg 300w, https:\/\/mrm-style.com\/sr\/wp-content\/uploads\/2026\/07\/Giorgio-Armani-vanvremenska-elegancija-u-bez-tonovima-Mr.M-by-Marko-Tadic-mrmbymarkotadic10-1024x683.jpg 1024w, https:\/\/mrm-style.com\/sr\/wp-content\/uploads\/2026\/07\/Giorgio-Armani-vanvremenska-elegancija-u-bez-tonovima-Mr.M-by-Marko-Tadic-mrmbymarkotadic10-768x512.jpg 768w, https:\/\/mrm-style.com\/sr\/wp-content\/uploads\/2026\/07\/Giorgio-Armani-vanvremenska-elegancija-u-bez-tonovima-Mr.M-by-Marko-Tadic-mrmbymarkotadic10-1536x1024.jpg 1536w, https:\/\/mrm-style.com\/sr\/wp-content\/uploads\/2026\/07\/Giorgio-Armani-vanvremenska-elegancija-u-bez-tonovima-Mr.M-by-Marko-Tadic-mrmbymarkotadic10-2048x1365.jpg 2048w, https:\/\/mrm-style.com\/sr\/wp-content\/uploads\/2026\/07\/Giorgio-Armani-vanvremenska-elegancija-u-bez-tonovima-Mr.M-by-Marko-Tadic-mrmbymarkotadic10-1440x960.jpg 1440w, https:\/\/mrm-style.com\/sr\/wp-content\/uploads\/2026\/07\/Giorgio-Armani-vanvremenska-elegancija-u-bez-tonovima-Mr.M-by-Marko-Tadic-mrmbymarkotadic10-800x533.jpg 800w, https:\/\/mrm-style.com\/sr\/wp-content\/uploads\/2026\/07\/Giorgio-Armani-vanvremenska-elegancija-u-bez-tonovima-Mr.M-by-Marko-Tadic-mrmbymarkotadic10-550x367.jpg 550w, https:\/\/mrm-style.com\/sr\/wp-content\/uploads\/2026\/07\/Giorgio-Armani-vanvremenska-elegancija-u-bez-tonovima-Mr.M-by-Marko-Tadic-mrmbymarkotadic10-1920x1280.jpg 1920w, https:\/\/mrm-style.com\/sr\/wp-content\/uploads\/2026\/07\/Giorgio-Armani-vanvremenska-elegancija-u-bez-tonovima-Mr.M-by-Marko-Tadic-mrmbymarkotadic10-1620x1080.jpg 1620w, https:\/\/mrm-style.com\/sr\/wp-content\/uploads\/2026\/07\/Giorgio-Armani-vanvremenska-elegancija-u-bez-tonovima-Mr.M-by-Marko-Tadic-mrmbymarkotadic10-900x600.jpg 900w\" sizes=\"auto, (max-width: 2400px) 100vw, 2400px\" \/><\/a><\/figure>\n<\/div>\n\n\n<p>Gra\u0111evina je do\u017eivela mnogo toga. Car Franc Jozef koristio je zastakljenu sredi\u0161nju dvoranu kao trpezariju za doru\u010dak. Tokom Drugog svetskog rata bomba je o\u0161tetila isto\u010dno krilo, a velika obnova usledila je 1994. i 1995. godine. Danas se u sredi\u0161njem delu nalazi kafe Gloriette, dok krovna terasa nudi mo\u017eda najlep\u0161i pogled na Be\u010d. Vredi znati i da je car Josif II otvorio park za javnost jo\u0161 1779. godine, decenijama pre sli\u010dnih evropskih rezidencija. Od 1996. godine ceo kompleks nalazi se na UNESKO listi svetske ba\u0161tine.<\/p>\n\n\n\n<p>Kada stanete ispod tih arkada u ranim jutarnjim satima, pre navale posetilaca, osetite posebnu ti\u0161inu. Ba\u0161 u toj ti\u0161ini snimili smo ovu kombinaciju.<\/p>\n\n\n\n<h2 class=\"wp-block-heading\"><strong>1775. i 1975: Dva veka, jedna pri\u010da o eleganciji<\/strong><\/h2>\n\n\n\n<p>Dok sam pripremao ovaj tekst za dana\u0161nju modnu pri\u010du, primetio sam podudarnost koja mi se odmah dopala. Gloriette je zavr\u0161ena 1775. godine. Ta\u010dno dva veka kasnije, 1975. godine, <strong><a href=\"https:\/\/www.armani.com\" target=\"_blank\" rel=\"noopener\" title=\"\">Giorgio Armani<\/a><\/strong> osnovao je svoju modnu ku\u0107u u Milanu. Iste te godine Andrea Santoni otvorio je obu\u0107arsku radionicu u italijanskoj pokrajini Marke. I to nije sve. Upravo je 1975. ku\u0107a Fa\u00e7onnable, u saradnji sa predionicom Loro Piana, razvila \u201eFa\u00e7orain&#8221;, nevidljivu membranu koja vunu i ka\u0161mir \u010dini otpornim na vetar i ki\u0161u.<\/p>\n\n\n\n<p>Dakle, tri od \u010detiri ku\u0107e koje nosim na ovim fotografijama vezuju svoju klju\u010dnu godinu za 1975. A kamena pozadina iza mene slavi 1775. Slu\u010dajnost? Naravno. Ipak, volim ovakve podudatnosti u istoriji. One podse\u0107aju da prave vrednosti, bilo da su od kamena ili od ka\u0161mira, nastaju sa namerom da traju generacijama. Upravo o takvim vrednostima govori i ostatak ove pri\u010de.<\/p>\n\n\n<div class=\"wp-block-image\">\n<figure class=\"aligncenter size-full\"><a href=\"https:\/\/mrm-style.com\/sr\/wp-content\/uploads\/2026\/07\/Giorgio-Armani-vanvremenska-elegancija-u-bez-tonovima-Mr.M-by-Marko-Tadic-mrmbymarkotadic7.jpg\"><img loading=\"lazy\" decoding=\"async\" width=\"1600\" height=\"2400\" src=\"https:\/\/mrm-style.com\/sr\/wp-content\/uploads\/2026\/07\/Giorgio-Armani-vanvremenska-elegancija-u-bez-tonovima-Mr.M-by-Marko-Tadic-mrmbymarkotadic7.jpg\" alt=\"\" class=\"wp-image-20685\" srcset=\"https:\/\/mrm-style.com\/sr\/wp-content\/uploads\/2026\/07\/Giorgio-Armani-vanvremenska-elegancija-u-bez-tonovima-Mr.M-by-Marko-Tadic-mrmbymarkotadic7.jpg 1600w, https:\/\/mrm-style.com\/sr\/wp-content\/uploads\/2026\/07\/Giorgio-Armani-vanvremenska-elegancija-u-bez-tonovima-Mr.M-by-Marko-Tadic-mrmbymarkotadic7-200x300.jpg 200w, https:\/\/mrm-style.com\/sr\/wp-content\/uploads\/2026\/07\/Giorgio-Armani-vanvremenska-elegancija-u-bez-tonovima-Mr.M-by-Marko-Tadic-mrmbymarkotadic7-683x1024.jpg 683w, https:\/\/mrm-style.com\/sr\/wp-content\/uploads\/2026\/07\/Giorgio-Armani-vanvremenska-elegancija-u-bez-tonovima-Mr.M-by-Marko-Tadic-mrmbymarkotadic7-768x1152.jpg 768w, https:\/\/mrm-style.com\/sr\/wp-content\/uploads\/2026\/07\/Giorgio-Armani-vanvremenska-elegancija-u-bez-tonovima-Mr.M-by-Marko-Tadic-mrmbymarkotadic7-1024x1536.jpg 1024w, https:\/\/mrm-style.com\/sr\/wp-content\/uploads\/2026\/07\/Giorgio-Armani-vanvremenska-elegancija-u-bez-tonovima-Mr.M-by-Marko-Tadic-mrmbymarkotadic7-1365x2048.jpg 1365w, https:\/\/mrm-style.com\/sr\/wp-content\/uploads\/2026\/07\/Giorgio-Armani-vanvremenska-elegancija-u-bez-tonovima-Mr.M-by-Marko-Tadic-mrmbymarkotadic7-1440x2160.jpg 1440w, https:\/\/mrm-style.com\/sr\/wp-content\/uploads\/2026\/07\/Giorgio-Armani-vanvremenska-elegancija-u-bez-tonovima-Mr.M-by-Marko-Tadic-mrmbymarkotadic7-800x1200.jpg 800w, https:\/\/mrm-style.com\/sr\/wp-content\/uploads\/2026\/07\/Giorgio-Armani-vanvremenska-elegancija-u-bez-tonovima-Mr.M-by-Marko-Tadic-mrmbymarkotadic7-550x825.jpg 550w, https:\/\/mrm-style.com\/sr\/wp-content\/uploads\/2026\/07\/Giorgio-Armani-vanvremenska-elegancija-u-bez-tonovima-Mr.M-by-Marko-Tadic-mrmbymarkotadic7-720x1080.jpg 720w, https:\/\/mrm-style.com\/sr\/wp-content\/uploads\/2026\/07\/Giorgio-Armani-vanvremenska-elegancija-u-bez-tonovima-Mr.M-by-Marko-Tadic-mrmbymarkotadic7-400x600.jpg 400w\" sizes=\"auto, (max-width: 1600px) 100vw, 1600px\" \/><\/a><\/figure>\n<\/div>\n\n<div class=\"wp-block-image\">\n<figure class=\"aligncenter size-full\"><a href=\"https:\/\/mrm-style.com\/sr\/wp-content\/uploads\/2026\/07\/Giorgio-Armani-vanvremenska-elegancija-u-bez-tonovima-Mr.M-by-Marko-Tadic-mrmbymarkotadic16.jpg\"><img loading=\"lazy\" decoding=\"async\" width=\"1600\" height=\"2400\" src=\"https:\/\/mrm-style.com\/sr\/wp-content\/uploads\/2026\/07\/Giorgio-Armani-vanvremenska-elegancija-u-bez-tonovima-Mr.M-by-Marko-Tadic-mrmbymarkotadic16.jpg\" alt=\"FA\u00c7ONNABLE okrugle nao\u010dare za sunce u boji svetlog roga oka\u010dene o d\u017eep Giorgio Armani be\u017e pantalona Marka Tadi\u0107a sa Mr.M bloga\" class=\"wp-image-20694\" srcset=\"https:\/\/mrm-style.com\/sr\/wp-content\/uploads\/2026\/07\/Giorgio-Armani-vanvremenska-elegancija-u-bez-tonovima-Mr.M-by-Marko-Tadic-mrmbymarkotadic16.jpg 1600w, https:\/\/mrm-style.com\/sr\/wp-content\/uploads\/2026\/07\/Giorgio-Armani-vanvremenska-elegancija-u-bez-tonovima-Mr.M-by-Marko-Tadic-mrmbymarkotadic16-200x300.jpg 200w, https:\/\/mrm-style.com\/sr\/wp-content\/uploads\/2026\/07\/Giorgio-Armani-vanvremenska-elegancija-u-bez-tonovima-Mr.M-by-Marko-Tadic-mrmbymarkotadic16-683x1024.jpg 683w, https:\/\/mrm-style.com\/sr\/wp-content\/uploads\/2026\/07\/Giorgio-Armani-vanvremenska-elegancija-u-bez-tonovima-Mr.M-by-Marko-Tadic-mrmbymarkotadic16-768x1152.jpg 768w, https:\/\/mrm-style.com\/sr\/wp-content\/uploads\/2026\/07\/Giorgio-Armani-vanvremenska-elegancija-u-bez-tonovima-Mr.M-by-Marko-Tadic-mrmbymarkotadic16-1024x1536.jpg 1024w, https:\/\/mrm-style.com\/sr\/wp-content\/uploads\/2026\/07\/Giorgio-Armani-vanvremenska-elegancija-u-bez-tonovima-Mr.M-by-Marko-Tadic-mrmbymarkotadic16-1365x2048.jpg 1365w, https:\/\/mrm-style.com\/sr\/wp-content\/uploads\/2026\/07\/Giorgio-Armani-vanvremenska-elegancija-u-bez-tonovima-Mr.M-by-Marko-Tadic-mrmbymarkotadic16-1440x2160.jpg 1440w, https:\/\/mrm-style.com\/sr\/wp-content\/uploads\/2026\/07\/Giorgio-Armani-vanvremenska-elegancija-u-bez-tonovima-Mr.M-by-Marko-Tadic-mrmbymarkotadic16-800x1200.jpg 800w, https:\/\/mrm-style.com\/sr\/wp-content\/uploads\/2026\/07\/Giorgio-Armani-vanvremenska-elegancija-u-bez-tonovima-Mr.M-by-Marko-Tadic-mrmbymarkotadic16-550x825.jpg 550w, https:\/\/mrm-style.com\/sr\/wp-content\/uploads\/2026\/07\/Giorgio-Armani-vanvremenska-elegancija-u-bez-tonovima-Mr.M-by-Marko-Tadic-mrmbymarkotadic16-720x1080.jpg 720w, https:\/\/mrm-style.com\/sr\/wp-content\/uploads\/2026\/07\/Giorgio-Armani-vanvremenska-elegancija-u-bez-tonovima-Mr.M-by-Marko-Tadic-mrmbymarkotadic16-400x600.jpg 400w\" sizes=\"auto, (max-width: 1600px) 100vw, 1600px\" \/><\/a><\/figure>\n<\/div>\n\n\n<h2 class=\"wp-block-heading\"><strong>Be\u017e od glave do pete: Tajna bezvremenskog stila<\/strong><\/h2>\n\n\n\n<p>Jednobojne kombinacije u svetlim tonovima izgledaju jednostavno samo na prvi pogled. Be\u017e, naime, nije jedna boja nego \u010ditava porodica: od slonova\u010de i \u0161ampanjca, preko peska i biserne, do drap boje i svetlog kamena. Tajna dobre celine le\u017ei u tome da nijanse budu bliske, ali ne i potpuno iste. Kada se tonovi razlikuju za pola koraka, oko dobija dubinu umesto dosade.<\/p>\n\n\n\n<p>Drugi klju\u010d je tekstura. Na ovim fotografijama radi nekoliko razli\u010ditih povr\u0161ina: biserni sjaj pro\u0161ivene jakne, reljefno pletivo rolke, glatka vunena tkanina pantalona i mekani somotski izgled prevrnute ko\u017ee na patikama. Svaka od njih hvata svetlost druga\u010dije. Zato kombinacija deluje bogato iako koristi samo jednu paletu.<\/p>\n\n\n\n<p>Tre\u0107i klju\u010d je jedna tamnija ta\u010dka koja sve prizemljuje. Tu ulogu ovde igraju tamnobraon patike i nao\u010dare u boji svetlog roga. Bez njih bi svetla celina delovala razliveno. Sa njima dobija okvir i ritam.<\/p>\n\n\n\n<p>Postoji i \u010detvrti razlog za\u0161to volim be\u017e: izuzetno laska mu\u0161karcu sa stilom. Svetli tonovi uz lice deluju sve\u017eije i mek\u0161e od o\u0161tre crne. Uz to, ovakva paleta odli\u010dno prati prosedu kosu i ten koji je video mnogo sunca i mnogo \u017eivota. Elegancija odre\u0111enih godina ne tra\u017ei da budete napadni bojama. Tra\u017ei da ih prosto razumete.<\/p>\n\n\n<div class=\"wp-block-image\">\n<figure class=\"aligncenter size-full\"><a href=\"https:\/\/mrm-style.com\/sr\/wp-content\/uploads\/2026\/07\/Giorgio-Armani-vanvremenska-elegancija-u-bez-tonovima-Mr.M-by-Marko-Tadic-mrmbymarkotadic15.jpg\"><img loading=\"lazy\" decoding=\"async\" width=\"1600\" height=\"2400\" src=\"https:\/\/mrm-style.com\/sr\/wp-content\/uploads\/2026\/07\/Giorgio-Armani-vanvremenska-elegancija-u-bez-tonovima-Mr.M-by-Marko-Tadic-mrmbymarkotadic15.jpg\" alt=\"Krupni kadar Herno La Giacca Chantilly pro\u0161ivene perjane jakne u bisernoj be\u017e nijansi koju nosi Marko Tadi\u0107, osniva\u010d Mr.M bloga, u \u0160enbrunu\" class=\"wp-image-20693\" srcset=\"https:\/\/mrm-style.com\/sr\/wp-content\/uploads\/2026\/07\/Giorgio-Armani-vanvremenska-elegancija-u-bez-tonovima-Mr.M-by-Marko-Tadic-mrmbymarkotadic15.jpg 1600w, https:\/\/mrm-style.com\/sr\/wp-content\/uploads\/2026\/07\/Giorgio-Armani-vanvremenska-elegancija-u-bez-tonovima-Mr.M-by-Marko-Tadic-mrmbymarkotadic15-200x300.jpg 200w, https:\/\/mrm-style.com\/sr\/wp-content\/uploads\/2026\/07\/Giorgio-Armani-vanvremenska-elegancija-u-bez-tonovima-Mr.M-by-Marko-Tadic-mrmbymarkotadic15-683x1024.jpg 683w, https:\/\/mrm-style.com\/sr\/wp-content\/uploads\/2026\/07\/Giorgio-Armani-vanvremenska-elegancija-u-bez-tonovima-Mr.M-by-Marko-Tadic-mrmbymarkotadic15-768x1152.jpg 768w, https:\/\/mrm-style.com\/sr\/wp-content\/uploads\/2026\/07\/Giorgio-Armani-vanvremenska-elegancija-u-bez-tonovima-Mr.M-by-Marko-Tadic-mrmbymarkotadic15-1024x1536.jpg 1024w, https:\/\/mrm-style.com\/sr\/wp-content\/uploads\/2026\/07\/Giorgio-Armani-vanvremenska-elegancija-u-bez-tonovima-Mr.M-by-Marko-Tadic-mrmbymarkotadic15-1365x2048.jpg 1365w, https:\/\/mrm-style.com\/sr\/wp-content\/uploads\/2026\/07\/Giorgio-Armani-vanvremenska-elegancija-u-bez-tonovima-Mr.M-by-Marko-Tadic-mrmbymarkotadic15-1440x2160.jpg 1440w, https:\/\/mrm-style.com\/sr\/wp-content\/uploads\/2026\/07\/Giorgio-Armani-vanvremenska-elegancija-u-bez-tonovima-Mr.M-by-Marko-Tadic-mrmbymarkotadic15-800x1200.jpg 800w, https:\/\/mrm-style.com\/sr\/wp-content\/uploads\/2026\/07\/Giorgio-Armani-vanvremenska-elegancija-u-bez-tonovima-Mr.M-by-Marko-Tadic-mrmbymarkotadic15-550x825.jpg 550w, https:\/\/mrm-style.com\/sr\/wp-content\/uploads\/2026\/07\/Giorgio-Armani-vanvremenska-elegancija-u-bez-tonovima-Mr.M-by-Marko-Tadic-mrmbymarkotadic15-720x1080.jpg 720w, https:\/\/mrm-style.com\/sr\/wp-content\/uploads\/2026\/07\/Giorgio-Armani-vanvremenska-elegancija-u-bez-tonovima-Mr.M-by-Marko-Tadic-mrmbymarkotadic15-400x600.jpg 400w\" sizes=\"auto, (max-width: 1600px) 100vw, 1600px\" \/><\/a><\/figure>\n<\/div>\n\n<div class=\"wp-block-image\">\n<figure class=\"aligncenter size-full\"><a href=\"https:\/\/mrm-style.com\/sr\/wp-content\/uploads\/2026\/07\/Giorgio-Armani-vanvremenska-elegancija-u-bez-tonovima-Mr.M-by-Marko-Tadic-mrmbymarkotadic20.jpg\"><img loading=\"lazy\" decoding=\"async\" width=\"1600\" height=\"2400\" src=\"https:\/\/mrm-style.com\/sr\/wp-content\/uploads\/2026\/07\/Giorgio-Armani-vanvremenska-elegancija-u-bez-tonovima-Mr.M-by-Marko-Tadic-mrmbymarkotadic20.jpg\" alt=\"Detalj Giorgio Armani \u0161irokih be\u017e pantalona i Santoni Oly patika od braon prevrnute ko\u017ee koje nosi Marko Tadi\u0107, osniva\u010d Mr.M bloga, u Be\u010du\" class=\"wp-image-20698\" srcset=\"https:\/\/mrm-style.com\/sr\/wp-content\/uploads\/2026\/07\/Giorgio-Armani-vanvremenska-elegancija-u-bez-tonovima-Mr.M-by-Marko-Tadic-mrmbymarkotadic20.jpg 1600w, https:\/\/mrm-style.com\/sr\/wp-content\/uploads\/2026\/07\/Giorgio-Armani-vanvremenska-elegancija-u-bez-tonovima-Mr.M-by-Marko-Tadic-mrmbymarkotadic20-200x300.jpg 200w, https:\/\/mrm-style.com\/sr\/wp-content\/uploads\/2026\/07\/Giorgio-Armani-vanvremenska-elegancija-u-bez-tonovima-Mr.M-by-Marko-Tadic-mrmbymarkotadic20-683x1024.jpg 683w, https:\/\/mrm-style.com\/sr\/wp-content\/uploads\/2026\/07\/Giorgio-Armani-vanvremenska-elegancija-u-bez-tonovima-Mr.M-by-Marko-Tadic-mrmbymarkotadic20-768x1152.jpg 768w, https:\/\/mrm-style.com\/sr\/wp-content\/uploads\/2026\/07\/Giorgio-Armani-vanvremenska-elegancija-u-bez-tonovima-Mr.M-by-Marko-Tadic-mrmbymarkotadic20-1024x1536.jpg 1024w, https:\/\/mrm-style.com\/sr\/wp-content\/uploads\/2026\/07\/Giorgio-Armani-vanvremenska-elegancija-u-bez-tonovima-Mr.M-by-Marko-Tadic-mrmbymarkotadic20-1365x2048.jpg 1365w, https:\/\/mrm-style.com\/sr\/wp-content\/uploads\/2026\/07\/Giorgio-Armani-vanvremenska-elegancija-u-bez-tonovima-Mr.M-by-Marko-Tadic-mrmbymarkotadic20-1440x2160.jpg 1440w, https:\/\/mrm-style.com\/sr\/wp-content\/uploads\/2026\/07\/Giorgio-Armani-vanvremenska-elegancija-u-bez-tonovima-Mr.M-by-Marko-Tadic-mrmbymarkotadic20-800x1200.jpg 800w, https:\/\/mrm-style.com\/sr\/wp-content\/uploads\/2026\/07\/Giorgio-Armani-vanvremenska-elegancija-u-bez-tonovima-Mr.M-by-Marko-Tadic-mrmbymarkotadic20-550x825.jpg 550w, https:\/\/mrm-style.com\/sr\/wp-content\/uploads\/2026\/07\/Giorgio-Armani-vanvremenska-elegancija-u-bez-tonovima-Mr.M-by-Marko-Tadic-mrmbymarkotadic20-720x1080.jpg 720w, https:\/\/mrm-style.com\/sr\/wp-content\/uploads\/2026\/07\/Giorgio-Armani-vanvremenska-elegancija-u-bez-tonovima-Mr.M-by-Marko-Tadic-mrmbymarkotadic20-400x600.jpg 400w\" sizes=\"auto, (max-width: 1600px) 100vw, 1600px\" \/><\/a><\/figure>\n<\/div>\n\n\n<h2 class=\"wp-block-heading\"><strong>\u0160enbrunsko \u017euto: Za\u0161to je ova boja za\u0161titni znak palate \u0160enbrun<\/strong><\/h2>\n\n\n\n<p>Priznajem i jednu malu tajnu: paletu ove kombinacije nije birao samo moj ukus, ve\u0107 i sama lokacija. Fasade \u0160enbruna i Gloriette obojene su u \u010duveno \u201e\u0161enbrunsko \u017euto&#8221;, topli oker ton koji je vremenom postao sinonim za habzbur\u0161ku arhitekturu. Ta boja je toliko srasla sa carstvom da je i danas prepoznajete na zdanjima \u0161irom nekada\u0161nje monarhije.<\/p>\n\n\n\n<p>Uz takvu pozadinu, jaki kontrasti bi se sva\u0111ali sa kadrom. Be\u017e, biserna i drap, naprotiv, nastavljaju razgovor koji je po\u010deo kamen: topli svetli tonovi uz topli svetli kamen, uz zeleni tepih trave kao jedini jak akcenat. Zato na fotografijama sve deluje kao jedna celina, kao da je kombinacija oduvek pripadala ovom mestu.<\/p>\n\n\n\n<p>Tu je i svetlost. Aprilsko jutro u Be\u010du daje mekano, nisko sunce koje se odbija od \u0161ljunka i vode, pa biserna jakna zablista, a prevrnuta ko\u017ea patika dobije dubinu. Kada planirate sopstvena putovanja i fotografije, razmi\u0161ljajte na isti na\u010din: prvo mesto i svetlost, zatim garderoba. Ode\u0107a koja sara\u0111uje sa okru\u017eenjem uvek izgleda skuplje od one koja se sa njim nadvikuje.<\/p>\n\n\n<div class=\"wp-block-image\">\n<figure class=\"aligncenter size-full\"><a href=\"https:\/\/mrm-style.com\/sr\/wp-content\/uploads\/2026\/07\/Giorgio-Armani-vanvremenska-elegancija-u-bez-tonovima-Mr.M-by-Marko-Tadic-mrmbymarkotadic4.jpg\"><img loading=\"lazy\" decoding=\"async\" width=\"2400\" height=\"1600\" src=\"https:\/\/mrm-style.com\/sr\/wp-content\/uploads\/2026\/07\/Giorgio-Armani-vanvremenska-elegancija-u-bez-tonovima-Mr.M-by-Marko-Tadic-mrmbymarkotadic4.jpg\" alt=\"Marko Tadi\u0107, osniva\u010d Mr.M bloga, u krem Giorgio Armani rolci od ka\u0161mira i svile i Herno jakni ispred lukova Gloriette u Be\u010du\" class=\"wp-image-20682\" srcset=\"https:\/\/mrm-style.com\/sr\/wp-content\/uploads\/2026\/07\/Giorgio-Armani-vanvremenska-elegancija-u-bez-tonovima-Mr.M-by-Marko-Tadic-mrmbymarkotadic4.jpg 2400w, https:\/\/mrm-style.com\/sr\/wp-content\/uploads\/2026\/07\/Giorgio-Armani-vanvremenska-elegancija-u-bez-tonovima-Mr.M-by-Marko-Tadic-mrmbymarkotadic4-300x200.jpg 300w, https:\/\/mrm-style.com\/sr\/wp-content\/uploads\/2026\/07\/Giorgio-Armani-vanvremenska-elegancija-u-bez-tonovima-Mr.M-by-Marko-Tadic-mrmbymarkotadic4-1024x683.jpg 1024w, https:\/\/mrm-style.com\/sr\/wp-content\/uploads\/2026\/07\/Giorgio-Armani-vanvremenska-elegancija-u-bez-tonovima-Mr.M-by-Marko-Tadic-mrmbymarkotadic4-768x512.jpg 768w, https:\/\/mrm-style.com\/sr\/wp-content\/uploads\/2026\/07\/Giorgio-Armani-vanvremenska-elegancija-u-bez-tonovima-Mr.M-by-Marko-Tadic-mrmbymarkotadic4-1536x1024.jpg 1536w, https:\/\/mrm-style.com\/sr\/wp-content\/uploads\/2026\/07\/Giorgio-Armani-vanvremenska-elegancija-u-bez-tonovima-Mr.M-by-Marko-Tadic-mrmbymarkotadic4-2048x1365.jpg 2048w, https:\/\/mrm-style.com\/sr\/wp-content\/uploads\/2026\/07\/Giorgio-Armani-vanvremenska-elegancija-u-bez-tonovima-Mr.M-by-Marko-Tadic-mrmbymarkotadic4-1440x960.jpg 1440w, https:\/\/mrm-style.com\/sr\/wp-content\/uploads\/2026\/07\/Giorgio-Armani-vanvremenska-elegancija-u-bez-tonovima-Mr.M-by-Marko-Tadic-mrmbymarkotadic4-800x533.jpg 800w, https:\/\/mrm-style.com\/sr\/wp-content\/uploads\/2026\/07\/Giorgio-Armani-vanvremenska-elegancija-u-bez-tonovima-Mr.M-by-Marko-Tadic-mrmbymarkotadic4-550x367.jpg 550w, https:\/\/mrm-style.com\/sr\/wp-content\/uploads\/2026\/07\/Giorgio-Armani-vanvremenska-elegancija-u-bez-tonovima-Mr.M-by-Marko-Tadic-mrmbymarkotadic4-1920x1280.jpg 1920w, https:\/\/mrm-style.com\/sr\/wp-content\/uploads\/2026\/07\/Giorgio-Armani-vanvremenska-elegancija-u-bez-tonovima-Mr.M-by-Marko-Tadic-mrmbymarkotadic4-1620x1080.jpg 1620w, https:\/\/mrm-style.com\/sr\/wp-content\/uploads\/2026\/07\/Giorgio-Armani-vanvremenska-elegancija-u-bez-tonovima-Mr.M-by-Marko-Tadic-mrmbymarkotadic4-900x600.jpg 900w\" sizes=\"auto, (max-width: 2400px) 100vw, 2400px\" \/><\/a><\/figure>\n<\/div>\n\n<div class=\"wp-block-image\">\n<figure class=\"aligncenter size-full\"><a href=\"https:\/\/mrm-style.com\/sr\/wp-content\/uploads\/2026\/07\/Giorgio-Armani-vanvremenska-elegancija-u-bez-tonovima-Mr.M-by-Marko-Tadic-mrmbymarkotadic5.jpg\"><img loading=\"lazy\" decoding=\"async\" width=\"1600\" height=\"2400\" src=\"https:\/\/mrm-style.com\/sr\/wp-content\/uploads\/2026\/07\/Giorgio-Armani-vanvremenska-elegancija-u-bez-tonovima-Mr.M-by-Marko-Tadic-mrmbymarkotadic5.jpg\" alt=\"Profil Marka Tadi\u0107a, osniva\u010da Mr.M bloga, u Herno La Giacca jakni i Armani pantalonama pored jezerceta ispod Gloriette\" class=\"wp-image-20683\" srcset=\"https:\/\/mrm-style.com\/sr\/wp-content\/uploads\/2026\/07\/Giorgio-Armani-vanvremenska-elegancija-u-bez-tonovima-Mr.M-by-Marko-Tadic-mrmbymarkotadic5.jpg 1600w, https:\/\/mrm-style.com\/sr\/wp-content\/uploads\/2026\/07\/Giorgio-Armani-vanvremenska-elegancija-u-bez-tonovima-Mr.M-by-Marko-Tadic-mrmbymarkotadic5-200x300.jpg 200w, https:\/\/mrm-style.com\/sr\/wp-content\/uploads\/2026\/07\/Giorgio-Armani-vanvremenska-elegancija-u-bez-tonovima-Mr.M-by-Marko-Tadic-mrmbymarkotadic5-683x1024.jpg 683w, https:\/\/mrm-style.com\/sr\/wp-content\/uploads\/2026\/07\/Giorgio-Armani-vanvremenska-elegancija-u-bez-tonovima-Mr.M-by-Marko-Tadic-mrmbymarkotadic5-768x1152.jpg 768w, https:\/\/mrm-style.com\/sr\/wp-content\/uploads\/2026\/07\/Giorgio-Armani-vanvremenska-elegancija-u-bez-tonovima-Mr.M-by-Marko-Tadic-mrmbymarkotadic5-1024x1536.jpg 1024w, https:\/\/mrm-style.com\/sr\/wp-content\/uploads\/2026\/07\/Giorgio-Armani-vanvremenska-elegancija-u-bez-tonovima-Mr.M-by-Marko-Tadic-mrmbymarkotadic5-1365x2048.jpg 1365w, https:\/\/mrm-style.com\/sr\/wp-content\/uploads\/2026\/07\/Giorgio-Armani-vanvremenska-elegancija-u-bez-tonovima-Mr.M-by-Marko-Tadic-mrmbymarkotadic5-1440x2160.jpg 1440w, https:\/\/mrm-style.com\/sr\/wp-content\/uploads\/2026\/07\/Giorgio-Armani-vanvremenska-elegancija-u-bez-tonovima-Mr.M-by-Marko-Tadic-mrmbymarkotadic5-800x1200.jpg 800w, https:\/\/mrm-style.com\/sr\/wp-content\/uploads\/2026\/07\/Giorgio-Armani-vanvremenska-elegancija-u-bez-tonovima-Mr.M-by-Marko-Tadic-mrmbymarkotadic5-550x825.jpg 550w, https:\/\/mrm-style.com\/sr\/wp-content\/uploads\/2026\/07\/Giorgio-Armani-vanvremenska-elegancija-u-bez-tonovima-Mr.M-by-Marko-Tadic-mrmbymarkotadic5-720x1080.jpg 720w, https:\/\/mrm-style.com\/sr\/wp-content\/uploads\/2026\/07\/Giorgio-Armani-vanvremenska-elegancija-u-bez-tonovima-Mr.M-by-Marko-Tadic-mrmbymarkotadic5-400x600.jpg 400w\" sizes=\"auto, (max-width: 1600px) 100vw, 1600px\" \/><\/a><\/figure>\n<\/div>\n\n\n<h2 class=\"wp-block-heading\"><strong>Giorgio Armani: Vizija koja je promenila mu\u0161ki sako<\/strong><\/h2>\n\n\n\n<p>Pri\u010da o Armaniju je pri\u010da o strpljenju i kasnom, ali neverovatnom uspehu. <strong><a href=\"https:\/\/www.armani.com\" target=\"_blank\" rel=\"noopener\" title=\"\">Giorgio Armani<\/a><\/strong> ro\u0111en je 1934. godine u Pja\u010denci. Modni put po\u010deo je skromno, kao kupac i dekorater u milanskoj robnoj ku\u0107i La Rinascente. Godine 1964. primetio ga je Nino \u010ceruti i poverio mu dizajn mu\u0161ke linije. Tamo je mladi Armani upoznao princip koji \u0107e kasnije usavr\u0161iti do savr\u0161enstva: sako bez krutih postava i podstava, koji prati telo umesto da ga ste\u017ee.<\/p>\n\n\n\n<p>Uz podr\u0161ku \u017eivotnog i poslovnog partnera Ser\u0111a Galeotija, Armani je 1975. godine osnovao sopstvenu ku\u0107u. Imao je tada ve\u0107 \u010detrdeset jednu godinu. Ameri\u010dki uspeh stigao je brzo: njujor\u0161ki Barnijs uvrstio je njegovu mu\u0161ku kolekciju ve\u0107 1976. godine. Pravi planetarni proboj donela je 1980. godina i film \u201eAmeri\u010dki \u017eigolo&#8221;, u kom je Ri\u010dard Gir nosio upravo Armanijeve meke sakoe. Holivud se zaljubio na prvi pogled. Uticaj je vremenom postao toliki da je \u010dasopis Women&#8217;s Wear Daily dodelu Oskara 1990. godine nazvao \u201eArmani Awards&#8221;.<\/p>\n\n\n<div class=\"wp-block-image\">\n<figure class=\"aligncenter size-full\"><a href=\"https:\/\/mrm-style.com\/sr\/wp-content\/uploads\/2026\/07\/Giorgio-Armani-vanvremenska-elegancija-u-bez-tonovima-Mr.M-by-Marko-Tadic-mrmbymarkotadic9.jpg\"><img loading=\"lazy\" decoding=\"async\" width=\"2400\" height=\"1600\" src=\"https:\/\/mrm-style.com\/sr\/wp-content\/uploads\/2026\/07\/Giorgio-Armani-vanvremenska-elegancija-u-bez-tonovima-Mr.M-by-Marko-Tadic-mrmbymarkotadic9.jpg\" alt=\"Marko Tadi\u0107, osniva\u010d Mr.M bloga, stoji sa rukama u d\u017eepovima u be\u017e mu\u0161koj kombinaciji ispred kolonade Gloriette u Be\u010du\" class=\"wp-image-20687\" srcset=\"https:\/\/mrm-style.com\/sr\/wp-content\/uploads\/2026\/07\/Giorgio-Armani-vanvremenska-elegancija-u-bez-tonovima-Mr.M-by-Marko-Tadic-mrmbymarkotadic9.jpg 2400w, https:\/\/mrm-style.com\/sr\/wp-content\/uploads\/2026\/07\/Giorgio-Armani-vanvremenska-elegancija-u-bez-tonovima-Mr.M-by-Marko-Tadic-mrmbymarkotadic9-300x200.jpg 300w, https:\/\/mrm-style.com\/sr\/wp-content\/uploads\/2026\/07\/Giorgio-Armani-vanvremenska-elegancija-u-bez-tonovima-Mr.M-by-Marko-Tadic-mrmbymarkotadic9-1024x683.jpg 1024w, https:\/\/mrm-style.com\/sr\/wp-content\/uploads\/2026\/07\/Giorgio-Armani-vanvremenska-elegancija-u-bez-tonovima-Mr.M-by-Marko-Tadic-mrmbymarkotadic9-768x512.jpg 768w, https:\/\/mrm-style.com\/sr\/wp-content\/uploads\/2026\/07\/Giorgio-Armani-vanvremenska-elegancija-u-bez-tonovima-Mr.M-by-Marko-Tadic-mrmbymarkotadic9-1536x1024.jpg 1536w, https:\/\/mrm-style.com\/sr\/wp-content\/uploads\/2026\/07\/Giorgio-Armani-vanvremenska-elegancija-u-bez-tonovima-Mr.M-by-Marko-Tadic-mrmbymarkotadic9-2048x1365.jpg 2048w, https:\/\/mrm-style.com\/sr\/wp-content\/uploads\/2026\/07\/Giorgio-Armani-vanvremenska-elegancija-u-bez-tonovima-Mr.M-by-Marko-Tadic-mrmbymarkotadic9-1440x960.jpg 1440w, https:\/\/mrm-style.com\/sr\/wp-content\/uploads\/2026\/07\/Giorgio-Armani-vanvremenska-elegancija-u-bez-tonovima-Mr.M-by-Marko-Tadic-mrmbymarkotadic9-800x533.jpg 800w, https:\/\/mrm-style.com\/sr\/wp-content\/uploads\/2026\/07\/Giorgio-Armani-vanvremenska-elegancija-u-bez-tonovima-Mr.M-by-Marko-Tadic-mrmbymarkotadic9-550x367.jpg 550w, https:\/\/mrm-style.com\/sr\/wp-content\/uploads\/2026\/07\/Giorgio-Armani-vanvremenska-elegancija-u-bez-tonovima-Mr.M-by-Marko-Tadic-mrmbymarkotadic9-1920x1280.jpg 1920w, https:\/\/mrm-style.com\/sr\/wp-content\/uploads\/2026\/07\/Giorgio-Armani-vanvremenska-elegancija-u-bez-tonovima-Mr.M-by-Marko-Tadic-mrmbymarkotadic9-1620x1080.jpg 1620w, https:\/\/mrm-style.com\/sr\/wp-content\/uploads\/2026\/07\/Giorgio-Armani-vanvremenska-elegancija-u-bez-tonovima-Mr.M-by-Marko-Tadic-mrmbymarkotadic9-900x600.jpg 900w\" sizes=\"auto, (max-width: 2400px) 100vw, 2400px\" \/><\/a><\/figure>\n<\/div>\n\n<div class=\"wp-block-image\">\n<figure class=\"aligncenter size-full\"><a href=\"https:\/\/mrm-style.com\/sr\/wp-content\/uploads\/2026\/07\/Giorgio-Armani-vanvremenska-elegancija-u-bez-tonovima-Mr.M-by-Marko-Tadic-mrmbymarkotadic19.jpg\"><img loading=\"lazy\" decoding=\"async\" width=\"1600\" height=\"2400\" src=\"https:\/\/mrm-style.com\/sr\/wp-content\/uploads\/2026\/07\/Giorgio-Armani-vanvremenska-elegancija-u-bez-tonovima-Mr.M-by-Marko-Tadic-mrmbymarkotadic19.jpg\" alt=\"Bo\u010dni prikaz Giorgio Armani \u0161irokih pantalona sa faltama i Santoni patika od prevrnute ko\u017ee, u stilizaciji Marka Tadi\u0107a, osniva\u010da Mr.M bloga, u parku \u0160enbrun\" class=\"wp-image-20697\" srcset=\"https:\/\/mrm-style.com\/sr\/wp-content\/uploads\/2026\/07\/Giorgio-Armani-vanvremenska-elegancija-u-bez-tonovima-Mr.M-by-Marko-Tadic-mrmbymarkotadic19.jpg 1600w, https:\/\/mrm-style.com\/sr\/wp-content\/uploads\/2026\/07\/Giorgio-Armani-vanvremenska-elegancija-u-bez-tonovima-Mr.M-by-Marko-Tadic-mrmbymarkotadic19-200x300.jpg 200w, https:\/\/mrm-style.com\/sr\/wp-content\/uploads\/2026\/07\/Giorgio-Armani-vanvremenska-elegancija-u-bez-tonovima-Mr.M-by-Marko-Tadic-mrmbymarkotadic19-683x1024.jpg 683w, https:\/\/mrm-style.com\/sr\/wp-content\/uploads\/2026\/07\/Giorgio-Armani-vanvremenska-elegancija-u-bez-tonovima-Mr.M-by-Marko-Tadic-mrmbymarkotadic19-768x1152.jpg 768w, https:\/\/mrm-style.com\/sr\/wp-content\/uploads\/2026\/07\/Giorgio-Armani-vanvremenska-elegancija-u-bez-tonovima-Mr.M-by-Marko-Tadic-mrmbymarkotadic19-1024x1536.jpg 1024w, https:\/\/mrm-style.com\/sr\/wp-content\/uploads\/2026\/07\/Giorgio-Armani-vanvremenska-elegancija-u-bez-tonovima-Mr.M-by-Marko-Tadic-mrmbymarkotadic19-1365x2048.jpg 1365w, https:\/\/mrm-style.com\/sr\/wp-content\/uploads\/2026\/07\/Giorgio-Armani-vanvremenska-elegancija-u-bez-tonovima-Mr.M-by-Marko-Tadic-mrmbymarkotadic19-1440x2160.jpg 1440w, https:\/\/mrm-style.com\/sr\/wp-content\/uploads\/2026\/07\/Giorgio-Armani-vanvremenska-elegancija-u-bez-tonovima-Mr.M-by-Marko-Tadic-mrmbymarkotadic19-800x1200.jpg 800w, https:\/\/mrm-style.com\/sr\/wp-content\/uploads\/2026\/07\/Giorgio-Armani-vanvremenska-elegancija-u-bez-tonovima-Mr.M-by-Marko-Tadic-mrmbymarkotadic19-550x825.jpg 550w, https:\/\/mrm-style.com\/sr\/wp-content\/uploads\/2026\/07\/Giorgio-Armani-vanvremenska-elegancija-u-bez-tonovima-Mr.M-by-Marko-Tadic-mrmbymarkotadic19-720x1080.jpg 720w, https:\/\/mrm-style.com\/sr\/wp-content\/uploads\/2026\/07\/Giorgio-Armani-vanvremenska-elegancija-u-bez-tonovima-Mr.M-by-Marko-Tadic-mrmbymarkotadic19-400x600.jpg 400w\" sizes=\"auto, (max-width: 1600px) 100vw, 1600px\" \/><\/a><\/figure>\n<\/div>\n\n\n<p>Armaniju dugujemo i jednu boju. Spojio je sivu i be\u017e u ton koji je svet upoznao kao \u201egreige&#8221;. Ta tiha, dimljena nijansa postala je njegov potpis, a moje pantalone na ovim fotografijama nose upravo taj duh. Voleo bih da ova pri\u010da ima samo vedar ton, ali istorija je odlu\u010dila druga\u010dije. Giorgio Armani preminuo je 4. septembra 2025. godine u Milanu, u devedeset drugoj godini, ba\u0161 u godini kada je njegova ku\u0107a slavila pola veka postojanja. Do poslednjeg dana ostao je jedini vlasnik svog carstva, \u0161to je u dana\u0161njem svetu velikih koncerna gotovo neverovatno. Mu\u0161ku liniju danas vodi njegov dugogodi\u0161nji saradnik Leo del Orko, \u010duvar istog mirnog rukopisa.<\/p>\n\n\n\n<p>Kada obu\u010dem Armanijev komad, ne mislim na etiketu. Mislim na ideju da ode\u0107a treba da slu\u017ei \u010doveku, a ne obrnuto.<\/p>\n\n\n<div class=\"wp-block-image\">\n<figure class=\"aligncenter size-full\"><a href=\"https:\/\/mrm-style.com\/sr\/wp-content\/uploads\/2026\/07\/Giorgio-Armani-vanvremenska-elegancija-u-bez-tonovima-Mr.M-by-Marko-Tadic-mrmbymarkotadic17.jpg\"><img loading=\"lazy\" decoding=\"async\" width=\"2400\" height=\"1600\" src=\"https:\/\/mrm-style.com\/sr\/wp-content\/uploads\/2026\/07\/Giorgio-Armani-vanvremenska-elegancija-u-bez-tonovima-Mr.M-by-Marko-Tadic-mrmbymarkotadic17.jpg\" alt=\"Marko Tadi\u0107, osniva\u010d Mr.M bloga, nosi Herno jaknu preko ramena u krem Giorgio Armani rolci u \u0160enbrunu\" class=\"wp-image-20695\" srcset=\"https:\/\/mrm-style.com\/sr\/wp-content\/uploads\/2026\/07\/Giorgio-Armani-vanvremenska-elegancija-u-bez-tonovima-Mr.M-by-Marko-Tadic-mrmbymarkotadic17.jpg 2400w, https:\/\/mrm-style.com\/sr\/wp-content\/uploads\/2026\/07\/Giorgio-Armani-vanvremenska-elegancija-u-bez-tonovima-Mr.M-by-Marko-Tadic-mrmbymarkotadic17-300x200.jpg 300w, https:\/\/mrm-style.com\/sr\/wp-content\/uploads\/2026\/07\/Giorgio-Armani-vanvremenska-elegancija-u-bez-tonovima-Mr.M-by-Marko-Tadic-mrmbymarkotadic17-1024x683.jpg 1024w, https:\/\/mrm-style.com\/sr\/wp-content\/uploads\/2026\/07\/Giorgio-Armani-vanvremenska-elegancija-u-bez-tonovima-Mr.M-by-Marko-Tadic-mrmbymarkotadic17-768x512.jpg 768w, https:\/\/mrm-style.com\/sr\/wp-content\/uploads\/2026\/07\/Giorgio-Armani-vanvremenska-elegancija-u-bez-tonovima-Mr.M-by-Marko-Tadic-mrmbymarkotadic17-1536x1024.jpg 1536w, https:\/\/mrm-style.com\/sr\/wp-content\/uploads\/2026\/07\/Giorgio-Armani-vanvremenska-elegancija-u-bez-tonovima-Mr.M-by-Marko-Tadic-mrmbymarkotadic17-2048x1365.jpg 2048w, https:\/\/mrm-style.com\/sr\/wp-content\/uploads\/2026\/07\/Giorgio-Armani-vanvremenska-elegancija-u-bez-tonovima-Mr.M-by-Marko-Tadic-mrmbymarkotadic17-1440x960.jpg 1440w, https:\/\/mrm-style.com\/sr\/wp-content\/uploads\/2026\/07\/Giorgio-Armani-vanvremenska-elegancija-u-bez-tonovima-Mr.M-by-Marko-Tadic-mrmbymarkotadic17-800x533.jpg 800w, https:\/\/mrm-style.com\/sr\/wp-content\/uploads\/2026\/07\/Giorgio-Armani-vanvremenska-elegancija-u-bez-tonovima-Mr.M-by-Marko-Tadic-mrmbymarkotadic17-550x367.jpg 550w, https:\/\/mrm-style.com\/sr\/wp-content\/uploads\/2026\/07\/Giorgio-Armani-vanvremenska-elegancija-u-bez-tonovima-Mr.M-by-Marko-Tadic-mrmbymarkotadic17-1920x1280.jpg 1920w, https:\/\/mrm-style.com\/sr\/wp-content\/uploads\/2026\/07\/Giorgio-Armani-vanvremenska-elegancija-u-bez-tonovima-Mr.M-by-Marko-Tadic-mrmbymarkotadic17-1620x1080.jpg 1620w, https:\/\/mrm-style.com\/sr\/wp-content\/uploads\/2026\/07\/Giorgio-Armani-vanvremenska-elegancija-u-bez-tonovima-Mr.M-by-Marko-Tadic-mrmbymarkotadic17-900x600.jpg 900w\" sizes=\"auto, (max-width: 2400px) 100vw, 2400px\" \/><\/a><\/figure>\n<\/div>\n\n\n<h2 class=\"wp-block-heading\"><strong>Giorgio Armani rolka od ka\u0161mira i svile: Luksuz koji se ose\u0107a pod prstima<\/strong><\/h2>\n\n\n\n<p>Prvi <strong><a href=\"https:\/\/www.armani.com\" target=\"_blank\" rel=\"noopener\" title=\"\">Armanijev<\/a><\/strong> komad u ovoj kombinaciji je rolka u nijansi slonova\u010de, pletena od me\u0161avine ka\u0161mira i svile. Na fotografijama iz blizine vide\u0107ete njenu najlep\u0161u osobinu: reljefni ru\u010dni rad, talasastu strukturu koja se pru\u017ea celom povr\u0161inom. Takvo pletivo hvata svetlost u sitnim senkama, pa jednobojni komad nikada ne deluje ravno.<\/p>\n\n\n\n<p>Me\u0161avina vlakana ovde ima jasnu logiku. Ka\u0161mir daje toplinu i onaj mekani, gotovo pahuljasti dodir. Svila, s druge strane, donosi diskretni sjaj, \u010dvrstinu i lep\u0161i pad. Zajedno stvaraju pletivo koje greje bez te\u017eine, \u0161to ga \u010dini savr\u0161enim za prole\u0107ne dane kakav je bio ovaj be\u010dki.<\/p>\n\n\n<div class=\"wp-block-image\">\n<figure class=\"aligncenter size-full\"><a href=\"https:\/\/mrm-style.com\/sr\/wp-content\/uploads\/2026\/07\/Giorgio-Armani-vanvremenska-elegancija-u-bez-tonovima-Mr.M-by-Marko-Tadic-mrmbymarkotadic18.jpg\"><img loading=\"lazy\" decoding=\"async\" width=\"2500\" height=\"967\" src=\"https:\/\/mrm-style.com\/sr\/wp-content\/uploads\/2026\/07\/Giorgio-Armani-vanvremenska-elegancija-u-bez-tonovima-Mr.M-by-Marko-Tadic-mrmbymarkotadic18.jpg\" alt=\"\" class=\"wp-image-20696\" srcset=\"https:\/\/mrm-style.com\/sr\/wp-content\/uploads\/2026\/07\/Giorgio-Armani-vanvremenska-elegancija-u-bez-tonovima-Mr.M-by-Marko-Tadic-mrmbymarkotadic18.jpg 2500w, https:\/\/mrm-style.com\/sr\/wp-content\/uploads\/2026\/07\/Giorgio-Armani-vanvremenska-elegancija-u-bez-tonovima-Mr.M-by-Marko-Tadic-mrmbymarkotadic18-300x116.jpg 300w, https:\/\/mrm-style.com\/sr\/wp-content\/uploads\/2026\/07\/Giorgio-Armani-vanvremenska-elegancija-u-bez-tonovima-Mr.M-by-Marko-Tadic-mrmbymarkotadic18-1024x396.jpg 1024w, https:\/\/mrm-style.com\/sr\/wp-content\/uploads\/2026\/07\/Giorgio-Armani-vanvremenska-elegancija-u-bez-tonovima-Mr.M-by-Marko-Tadic-mrmbymarkotadic18-768x297.jpg 768w, https:\/\/mrm-style.com\/sr\/wp-content\/uploads\/2026\/07\/Giorgio-Armani-vanvremenska-elegancija-u-bez-tonovima-Mr.M-by-Marko-Tadic-mrmbymarkotadic18-1536x594.jpg 1536w, https:\/\/mrm-style.com\/sr\/wp-content\/uploads\/2026\/07\/Giorgio-Armani-vanvremenska-elegancija-u-bez-tonovima-Mr.M-by-Marko-Tadic-mrmbymarkotadic18-2048x792.jpg 2048w, https:\/\/mrm-style.com\/sr\/wp-content\/uploads\/2026\/07\/Giorgio-Armani-vanvremenska-elegancija-u-bez-tonovima-Mr.M-by-Marko-Tadic-mrmbymarkotadic18-1440x557.jpg 1440w, https:\/\/mrm-style.com\/sr\/wp-content\/uploads\/2026\/07\/Giorgio-Armani-vanvremenska-elegancija-u-bez-tonovima-Mr.M-by-Marko-Tadic-mrmbymarkotadic18-800x309.jpg 800w, https:\/\/mrm-style.com\/sr\/wp-content\/uploads\/2026\/07\/Giorgio-Armani-vanvremenska-elegancija-u-bez-tonovima-Mr.M-by-Marko-Tadic-mrmbymarkotadic18-550x213.jpg 550w, https:\/\/mrm-style.com\/sr\/wp-content\/uploads\/2026\/07\/Giorgio-Armani-vanvremenska-elegancija-u-bez-tonovima-Mr.M-by-Marko-Tadic-mrmbymarkotadic18-1920x743.jpg 1920w, https:\/\/mrm-style.com\/sr\/wp-content\/uploads\/2026\/07\/Giorgio-Armani-vanvremenska-elegancija-u-bez-tonovima-Mr.M-by-Marko-Tadic-mrmbymarkotadic18-1551x600.jpg 1551w\" sizes=\"auto, (max-width: 2500px) 100vw, 2500px\" \/><\/a><\/figure>\n<\/div>\n\n\n<p>Rol kragna ima jo\u0161 jednu vrlinu o kojoj se retko govori: uokviruje lice kao dobar okvir sliku. Mu\u0161karcu mojih godina to prija vi\u0161e od dubokog izreza. Uz to, visoka kragna dozvoljava da jakna ostane otkop\u010dana, a da celina i dalje deluje dovr\u0161eno.<\/p>\n\n\n\n<p>Nega ovakvog komada je jednostavna, ali obavezna. Ka\u0161mir sa svilom perem retko, hladno i ru\u010dno, a su\u0161im polo\u017eeno na pe\u0161kiru. Posle no\u0161enja ostavim mu dan odmora. Dobro pletivo je poput dobrog prijatelja: uzvra\u0107a onoliko pa\u017enje koliko mu poklonite.<\/p>\n\n\n\n<h2 class=\"wp-block-heading\"><strong>Giorgio Armani \u0161iroke pantalone: Povratak bezvremenskog kroja<\/strong><\/h2>\n\n\n\n<p>Drugi <strong><a href=\"https:\/\/www.armani.com\" target=\"_blank\" rel=\"noopener\" title=\"\">Armanijev<\/a><\/strong> komad su \u0161iroke pantalone u be\u017e-drap melan\u017eu, sa duplim faltama i visokim strukom. Ako ste pratili mu\u0161ka modna de\u0161avanja poslednjih sezona, znate da se \u0161irina vratila na velika vrata. Meni je ta vest posebno draga. \u0160iroki kroj je, naime, Armanijeva mati\u010dna teritorija jo\u0161 od osamdesetih godina, kada je njegov opu\u0161teni sako sa \u0161irokim pantalonama definisao izgled uspe\u0161nog mu\u0161karca.<\/p>\n\n\n\n<p>Za\u0161to \u0161iroki kroj radi tako dobro? Prvo, zbog pada. Kvalitetna vunena tkanina pada sa visokog struka u jednoj neprekinutoj liniji, pa noga izgleda du\u017ee. Drugo, zbog udobnosti. Dupla falta daje prostor pri sedenju i hodu, \u0161to na putovanjima zna\u010di vi\u0161e nego bilo koji modni detalj. Tre\u0107e, zbog dr\u017eanja. U ovakvim pantalonama jednostavno stojite uspravnije, a ruke prirodno nalaze put do d\u017eepova, \u0161to se vidi i na fotografijama.<\/p>\n\n\n\n<p>Postoji, ipak, granica izme\u0111u \u0161iroko krojenog i aljkavog. Nju \u010duvaju tri stvari. Ivica mora biti ispeglana u o\u0161tru liniju. Du\u017eina mora biti ta\u010dna: nogavica treba tek da dodirne obu\u0107u, bez gomilanja tkanine. Tkanina mora imati telo, jer se meki i tanki materijali u ovom kroju gube. Armanijeve pantalone ispunjavaju sva tri uslova, pa \u0161irina deluje gospodski, a ne pozajmljeno iz tu\u0111eg ormara.<\/p>\n\n\n<div class=\"wp-block-image\">\n<figure class=\"aligncenter size-full\"><a href=\"https:\/\/mrm-style.com\/sr\/wp-content\/uploads\/2026\/07\/Giorgio-Armani-vanvremenska-elegancija-u-bez-tonovima-Mr.M-by-Marko-Tadic-mrmbymarkotadic29.jpg\"><img loading=\"lazy\" decoding=\"async\" width=\"1600\" height=\"2400\" src=\"https:\/\/mrm-style.com\/sr\/wp-content\/uploads\/2026\/07\/Giorgio-Armani-vanvremenska-elegancija-u-bez-tonovima-Mr.M-by-Marko-Tadic-mrmbymarkotadic29.jpg\" alt=\"\" class=\"wp-image-20707\" srcset=\"https:\/\/mrm-style.com\/sr\/wp-content\/uploads\/2026\/07\/Giorgio-Armani-vanvremenska-elegancija-u-bez-tonovima-Mr.M-by-Marko-Tadic-mrmbymarkotadic29.jpg 1600w, https:\/\/mrm-style.com\/sr\/wp-content\/uploads\/2026\/07\/Giorgio-Armani-vanvremenska-elegancija-u-bez-tonovima-Mr.M-by-Marko-Tadic-mrmbymarkotadic29-200x300.jpg 200w, https:\/\/mrm-style.com\/sr\/wp-content\/uploads\/2026\/07\/Giorgio-Armani-vanvremenska-elegancija-u-bez-tonovima-Mr.M-by-Marko-Tadic-mrmbymarkotadic29-683x1024.jpg 683w, https:\/\/mrm-style.com\/sr\/wp-content\/uploads\/2026\/07\/Giorgio-Armani-vanvremenska-elegancija-u-bez-tonovima-Mr.M-by-Marko-Tadic-mrmbymarkotadic29-768x1152.jpg 768w, https:\/\/mrm-style.com\/sr\/wp-content\/uploads\/2026\/07\/Giorgio-Armani-vanvremenska-elegancija-u-bez-tonovima-Mr.M-by-Marko-Tadic-mrmbymarkotadic29-1024x1536.jpg 1024w, https:\/\/mrm-style.com\/sr\/wp-content\/uploads\/2026\/07\/Giorgio-Armani-vanvremenska-elegancija-u-bez-tonovima-Mr.M-by-Marko-Tadic-mrmbymarkotadic29-1365x2048.jpg 1365w, https:\/\/mrm-style.com\/sr\/wp-content\/uploads\/2026\/07\/Giorgio-Armani-vanvremenska-elegancija-u-bez-tonovima-Mr.M-by-Marko-Tadic-mrmbymarkotadic29-1440x2160.jpg 1440w, https:\/\/mrm-style.com\/sr\/wp-content\/uploads\/2026\/07\/Giorgio-Armani-vanvremenska-elegancija-u-bez-tonovima-Mr.M-by-Marko-Tadic-mrmbymarkotadic29-800x1200.jpg 800w, https:\/\/mrm-style.com\/sr\/wp-content\/uploads\/2026\/07\/Giorgio-Armani-vanvremenska-elegancija-u-bez-tonovima-Mr.M-by-Marko-Tadic-mrmbymarkotadic29-550x825.jpg 550w, https:\/\/mrm-style.com\/sr\/wp-content\/uploads\/2026\/07\/Giorgio-Armani-vanvremenska-elegancija-u-bez-tonovima-Mr.M-by-Marko-Tadic-mrmbymarkotadic29-720x1080.jpg 720w, https:\/\/mrm-style.com\/sr\/wp-content\/uploads\/2026\/07\/Giorgio-Armani-vanvremenska-elegancija-u-bez-tonovima-Mr.M-by-Marko-Tadic-mrmbymarkotadic29-400x600.jpg 400w\" sizes=\"auto, (max-width: 1600px) 100vw, 1600px\" \/><\/a><\/figure>\n<\/div>\n\n<div class=\"wp-block-image\">\n<figure class=\"aligncenter size-full\"><a href=\"https:\/\/mrm-style.com\/sr\/wp-content\/uploads\/2026\/07\/Giorgio-Armani-vanvremenska-elegancija-u-bez-tonovima-Mr.M-by-Marko-Tadic-mrmbymarkotadic26.jpg\"><img loading=\"lazy\" decoding=\"async\" width=\"2400\" height=\"1600\" src=\"https:\/\/mrm-style.com\/sr\/wp-content\/uploads\/2026\/07\/Giorgio-Armani-vanvremenska-elegancija-u-bez-tonovima-Mr.M-by-Marko-Tadic-mrmbymarkotadic26.jpg\" alt=\"Marko Tadi\u0107, osniva\u010d Mr.M bloga, u opu\u0161tenoj bo\u010dnoj pozi u be\u017e mu\u0161koj kombinaciji u Giorgio Armani stilu ispod Gloriette u Be\u010du\" class=\"wp-image-20704\" srcset=\"https:\/\/mrm-style.com\/sr\/wp-content\/uploads\/2026\/07\/Giorgio-Armani-vanvremenska-elegancija-u-bez-tonovima-Mr.M-by-Marko-Tadic-mrmbymarkotadic26.jpg 2400w, https:\/\/mrm-style.com\/sr\/wp-content\/uploads\/2026\/07\/Giorgio-Armani-vanvremenska-elegancija-u-bez-tonovima-Mr.M-by-Marko-Tadic-mrmbymarkotadic26-300x200.jpg 300w, https:\/\/mrm-style.com\/sr\/wp-content\/uploads\/2026\/07\/Giorgio-Armani-vanvremenska-elegancija-u-bez-tonovima-Mr.M-by-Marko-Tadic-mrmbymarkotadic26-1024x683.jpg 1024w, https:\/\/mrm-style.com\/sr\/wp-content\/uploads\/2026\/07\/Giorgio-Armani-vanvremenska-elegancija-u-bez-tonovima-Mr.M-by-Marko-Tadic-mrmbymarkotadic26-768x512.jpg 768w, https:\/\/mrm-style.com\/sr\/wp-content\/uploads\/2026\/07\/Giorgio-Armani-vanvremenska-elegancija-u-bez-tonovima-Mr.M-by-Marko-Tadic-mrmbymarkotadic26-1536x1024.jpg 1536w, https:\/\/mrm-style.com\/sr\/wp-content\/uploads\/2026\/07\/Giorgio-Armani-vanvremenska-elegancija-u-bez-tonovima-Mr.M-by-Marko-Tadic-mrmbymarkotadic26-2048x1365.jpg 2048w, https:\/\/mrm-style.com\/sr\/wp-content\/uploads\/2026\/07\/Giorgio-Armani-vanvremenska-elegancija-u-bez-tonovima-Mr.M-by-Marko-Tadic-mrmbymarkotadic26-1440x960.jpg 1440w, https:\/\/mrm-style.com\/sr\/wp-content\/uploads\/2026\/07\/Giorgio-Armani-vanvremenska-elegancija-u-bez-tonovima-Mr.M-by-Marko-Tadic-mrmbymarkotadic26-800x533.jpg 800w, https:\/\/mrm-style.com\/sr\/wp-content\/uploads\/2026\/07\/Giorgio-Armani-vanvremenska-elegancija-u-bez-tonovima-Mr.M-by-Marko-Tadic-mrmbymarkotadic26-550x367.jpg 550w, https:\/\/mrm-style.com\/sr\/wp-content\/uploads\/2026\/07\/Giorgio-Armani-vanvremenska-elegancija-u-bez-tonovima-Mr.M-by-Marko-Tadic-mrmbymarkotadic26-1920x1280.jpg 1920w, https:\/\/mrm-style.com\/sr\/wp-content\/uploads\/2026\/07\/Giorgio-Armani-vanvremenska-elegancija-u-bez-tonovima-Mr.M-by-Marko-Tadic-mrmbymarkotadic26-1620x1080.jpg 1620w, https:\/\/mrm-style.com\/sr\/wp-content\/uploads\/2026\/07\/Giorgio-Armani-vanvremenska-elegancija-u-bez-tonovima-Mr.M-by-Marko-Tadic-mrmbymarkotadic26-900x600.jpg 900w\" sizes=\"auto, (max-width: 2400px) 100vw, 2400px\" \/><\/a><\/figure>\n<\/div>\n\n\n<h1 class=\"wp-block-heading has-text-align-center\"><strong>OUTFIT<\/strong><\/h1>\n\n\n\n<p class=\"has-text-align-center\"><em>Jakna:<\/em>\u00a0<strong><a href=\"https:\/\/www.herno.com\/en\/men\/outerwear\/blazers\/la-giacca-chantilly-PI001ULE12456Z1985.html\" target=\"_blank\" rel=\"noopener\" title=\"\">Herno<\/a><\/strong><\/p>\n\n\n\n<p class=\"has-text-align-center\"><em>Rolka:<\/em> <strong><a href=\"https:\/\/www.armani.com\" target=\"_blank\" rel=\"noopener\" title=\"\">Giorgio Armani<\/a><\/strong><\/p>\n\n\n\n<p class=\"has-text-align-center\"><em>Pantalone:<\/em>\u00a0<strong><a href=\"https:\/\/www.armani.com\" target=\"_blank\" rel=\"noopener\" title=\"\">Giorgio Armani<\/a><\/strong><\/p>\n\n\n\n<p class=\"has-text-align-center\"><em>Nao\u010dare za sunce:<\/em> <strong><a href=\"https:\/\/www.faconnable.com\" target=\"_blank\" rel=\"noopener\" title=\"\">FA\u00c7ONNABLE<\/a><\/strong><\/p>\n\n\n\n<p class=\"has-text-align-center\"><em>Patike:<\/em>\u00a0<strong><a href=\"https:\/\/www.santonishoes.com\" target=\"_blank\" rel=\"noopener\" title=\"\">Santoni<\/a><\/strong><\/p>\n\n\n<div class=\"wp-block-image\">\n<figure class=\"aligncenter size-full\"><a href=\"https:\/\/mrm-style.com\/sr\/wp-content\/uploads\/2026\/07\/Giorgio-Armani-vanvremenska-elegancija-u-bez-tonovima-Mr.M-by-Marko-Tadic-mrmbymarkotadic34.jpg\"><img loading=\"lazy\" decoding=\"async\" width=\"1600\" height=\"2400\" src=\"https:\/\/mrm-style.com\/sr\/wp-content\/uploads\/2026\/07\/Giorgio-Armani-vanvremenska-elegancija-u-bez-tonovima-Mr.M-by-Marko-Tadic-mrmbymarkotadic34.jpg\" alt=\"\" class=\"wp-image-20712\" srcset=\"https:\/\/mrm-style.com\/sr\/wp-content\/uploads\/2026\/07\/Giorgio-Armani-vanvremenska-elegancija-u-bez-tonovima-Mr.M-by-Marko-Tadic-mrmbymarkotadic34.jpg 1600w, https:\/\/mrm-style.com\/sr\/wp-content\/uploads\/2026\/07\/Giorgio-Armani-vanvremenska-elegancija-u-bez-tonovima-Mr.M-by-Marko-Tadic-mrmbymarkotadic34-200x300.jpg 200w, https:\/\/mrm-style.com\/sr\/wp-content\/uploads\/2026\/07\/Giorgio-Armani-vanvremenska-elegancija-u-bez-tonovima-Mr.M-by-Marko-Tadic-mrmbymarkotadic34-683x1024.jpg 683w, https:\/\/mrm-style.com\/sr\/wp-content\/uploads\/2026\/07\/Giorgio-Armani-vanvremenska-elegancija-u-bez-tonovima-Mr.M-by-Marko-Tadic-mrmbymarkotadic34-768x1152.jpg 768w, https:\/\/mrm-style.com\/sr\/wp-content\/uploads\/2026\/07\/Giorgio-Armani-vanvremenska-elegancija-u-bez-tonovima-Mr.M-by-Marko-Tadic-mrmbymarkotadic34-1024x1536.jpg 1024w, https:\/\/mrm-style.com\/sr\/wp-content\/uploads\/2026\/07\/Giorgio-Armani-vanvremenska-elegancija-u-bez-tonovima-Mr.M-by-Marko-Tadic-mrmbymarkotadic34-1365x2048.jpg 1365w, https:\/\/mrm-style.com\/sr\/wp-content\/uploads\/2026\/07\/Giorgio-Armani-vanvremenska-elegancija-u-bez-tonovima-Mr.M-by-Marko-Tadic-mrmbymarkotadic34-1440x2160.jpg 1440w, https:\/\/mrm-style.com\/sr\/wp-content\/uploads\/2026\/07\/Giorgio-Armani-vanvremenska-elegancija-u-bez-tonovima-Mr.M-by-Marko-Tadic-mrmbymarkotadic34-800x1200.jpg 800w, https:\/\/mrm-style.com\/sr\/wp-content\/uploads\/2026\/07\/Giorgio-Armani-vanvremenska-elegancija-u-bez-tonovima-Mr.M-by-Marko-Tadic-mrmbymarkotadic34-550x825.jpg 550w, https:\/\/mrm-style.com\/sr\/wp-content\/uploads\/2026\/07\/Giorgio-Armani-vanvremenska-elegancija-u-bez-tonovima-Mr.M-by-Marko-Tadic-mrmbymarkotadic34-720x1080.jpg 720w, https:\/\/mrm-style.com\/sr\/wp-content\/uploads\/2026\/07\/Giorgio-Armani-vanvremenska-elegancija-u-bez-tonovima-Mr.M-by-Marko-Tadic-mrmbymarkotadic34-400x600.jpg 400w\" sizes=\"auto, (max-width: 1600px) 100vw, 1600px\" \/><\/a><\/figure>\n<\/div>\n\n<div class=\"wp-block-image\">\n<figure class=\"aligncenter size-full\"><a href=\"https:\/\/mrm-style.com\/sr\/wp-content\/uploads\/2026\/07\/Giorgio-Armani-vanvremenska-elegancija-u-bez-tonovima-Mr.M-by-Marko-Tadic-mrmbymarkotadic35.jpg\"><img loading=\"lazy\" decoding=\"async\" width=\"2400\" height=\"1600\" src=\"https:\/\/mrm-style.com\/sr\/wp-content\/uploads\/2026\/07\/Giorgio-Armani-vanvremenska-elegancija-u-bez-tonovima-Mr.M-by-Marko-Tadic-mrmbymarkotadic35.jpg\" alt=\"\" class=\"wp-image-20713\" srcset=\"https:\/\/mrm-style.com\/sr\/wp-content\/uploads\/2026\/07\/Giorgio-Armani-vanvremenska-elegancija-u-bez-tonovima-Mr.M-by-Marko-Tadic-mrmbymarkotadic35.jpg 2400w, https:\/\/mrm-style.com\/sr\/wp-content\/uploads\/2026\/07\/Giorgio-Armani-vanvremenska-elegancija-u-bez-tonovima-Mr.M-by-Marko-Tadic-mrmbymarkotadic35-300x200.jpg 300w, https:\/\/mrm-style.com\/sr\/wp-content\/uploads\/2026\/07\/Giorgio-Armani-vanvremenska-elegancija-u-bez-tonovima-Mr.M-by-Marko-Tadic-mrmbymarkotadic35-1024x683.jpg 1024w, https:\/\/mrm-style.com\/sr\/wp-content\/uploads\/2026\/07\/Giorgio-Armani-vanvremenska-elegancija-u-bez-tonovima-Mr.M-by-Marko-Tadic-mrmbymarkotadic35-768x512.jpg 768w, https:\/\/mrm-style.com\/sr\/wp-content\/uploads\/2026\/07\/Giorgio-Armani-vanvremenska-elegancija-u-bez-tonovima-Mr.M-by-Marko-Tadic-mrmbymarkotadic35-1536x1024.jpg 1536w, https:\/\/mrm-style.com\/sr\/wp-content\/uploads\/2026\/07\/Giorgio-Armani-vanvremenska-elegancija-u-bez-tonovima-Mr.M-by-Marko-Tadic-mrmbymarkotadic35-2048x1365.jpg 2048w, https:\/\/mrm-style.com\/sr\/wp-content\/uploads\/2026\/07\/Giorgio-Armani-vanvremenska-elegancija-u-bez-tonovima-Mr.M-by-Marko-Tadic-mrmbymarkotadic35-1440x960.jpg 1440w, https:\/\/mrm-style.com\/sr\/wp-content\/uploads\/2026\/07\/Giorgio-Armani-vanvremenska-elegancija-u-bez-tonovima-Mr.M-by-Marko-Tadic-mrmbymarkotadic35-800x533.jpg 800w, https:\/\/mrm-style.com\/sr\/wp-content\/uploads\/2026\/07\/Giorgio-Armani-vanvremenska-elegancija-u-bez-tonovima-Mr.M-by-Marko-Tadic-mrmbymarkotadic35-550x367.jpg 550w, https:\/\/mrm-style.com\/sr\/wp-content\/uploads\/2026\/07\/Giorgio-Armani-vanvremenska-elegancija-u-bez-tonovima-Mr.M-by-Marko-Tadic-mrmbymarkotadic35-1920x1280.jpg 1920w, https:\/\/mrm-style.com\/sr\/wp-content\/uploads\/2026\/07\/Giorgio-Armani-vanvremenska-elegancija-u-bez-tonovima-Mr.M-by-Marko-Tadic-mrmbymarkotadic35-1620x1080.jpg 1620w, https:\/\/mrm-style.com\/sr\/wp-content\/uploads\/2026\/07\/Giorgio-Armani-vanvremenska-elegancija-u-bez-tonovima-Mr.M-by-Marko-Tadic-mrmbymarkotadic35-900x600.jpg 900w\" sizes=\"auto, (max-width: 2400px) 100vw, 2400px\" \/><\/a><\/figure>\n<\/div>\n\n\n<h2 class=\"wp-block-heading\"><strong>Herno jakna: Italijanska elegancija ro\u0111ena pored jezera Maggiore<\/strong><\/h2>\n\n\n\n<p>Sada dolazimo do komada koji je na fotografijama najvi\u0161e privukao pa\u017enju: sjajne biserne jakne. Nju potpisuje <strong><a href=\"https:\/\/www.herno.com\/en\/\" target=\"_blank\" rel=\"noopener\" title=\"\">Herno<\/a><\/strong>, ku\u0107a \u010dija pri\u010da po\u010dinje 1948. godine u mestu Leza na obali jezera Ma\u0111ore. \u0110uzepe Marenci, koji je pre toga godinama radio za proizvo\u0111a\u010da aviona Siai-Marketi, ostao je posle rata bez posla. Zajedno sa suprugom Alesandrom Dianom pokrenuo je proizvodnju kabanica od pamuka obra\u0111enog ricinusovim uljem, i to uljem preostalim iz napu\u0161tenih ratnih aviona. Od vi\u0161ka rata napravili su \u0161tit od ki\u0161e. Te\u0161ko je zamisliti lep\u0161i po\u010detak jedne modne pri\u010de.<\/p>\n\n\n\n<p>Ime ku\u0107e tako\u0111e krije lepu sitnicu. Reka Erno proti\u010de pored fabrike i uliva se u jezero Ma\u0111ore. \u0110uzepe je imenu reke dodao slovo H, kao oma\u017e vodi, hemijskoj formuli H2O, elementu koji je odredio i klimu i sudbinu tog kraja. Ki\u0161ovito podneblje pretvorio je u poslovnu priliku, a vlagu jezera u razlog za savr\u0161enu za\u0161titnu ode\u0107u.<\/p>\n\n\n\n<p>Ku\u0107a je ve\u0107 sredinom pedesetih godina uvela ru\u010dno tkane ka\u0161mirske kapute, a krajem \u0161ezdesetih krenula put Japana, decenijama pre mnogih ve\u0107ih imena. Od 2005. godine kompaniju vodi sin osniva\u010da, Klaudio Marenci, \u010dovek koji je porodi\u010dnu radionicu pretvorio u svetsko ime. Pod njegovim vo\u0111stvom sedi\u0161te u Lezi postalo je energetski samostalno zahvaljuju\u0107i solarnim panelima, a zgrade su obrasle zelenilom kako bi se stopile sa pejza\u017eom. Moto ku\u0107e glasi \u201efunkcionalnost iznad estetike&#8221;. U prevodu: lepota mora da radi, a ne samo da izgleda.<\/p>\n\n\n<div class=\"wp-block-image\">\n<figure class=\"aligncenter size-full\"><a href=\"https:\/\/mrm-style.com\/sr\/wp-content\/uploads\/2026\/07\/Giorgio-Armani-vanvremenska-elegancija-u-bez-tonovima-Mr.M-by-Marko-Tadic-mrmbymarkotadic14.jpg\"><img loading=\"lazy\" decoding=\"async\" width=\"1600\" height=\"2400\" src=\"https:\/\/mrm-style.com\/sr\/wp-content\/uploads\/2026\/07\/Giorgio-Armani-vanvremenska-elegancija-u-bez-tonovima-Mr.M-by-Marko-Tadic-mrmbymarkotadic14.jpg\" alt=\"Marko Tadi\u0107, osniva\u010d Mr.M bloga, nasmejan u bisernoj Herno perjanoj jakni i okruglim FA\u00c7ONNABLE nao\u010darima pored jezerceta kod Gloriette u Be\u010du\" class=\"wp-image-20692\" srcset=\"https:\/\/mrm-style.com\/sr\/wp-content\/uploads\/2026\/07\/Giorgio-Armani-vanvremenska-elegancija-u-bez-tonovima-Mr.M-by-Marko-Tadic-mrmbymarkotadic14.jpg 1600w, https:\/\/mrm-style.com\/sr\/wp-content\/uploads\/2026\/07\/Giorgio-Armani-vanvremenska-elegancija-u-bez-tonovima-Mr.M-by-Marko-Tadic-mrmbymarkotadic14-200x300.jpg 200w, https:\/\/mrm-style.com\/sr\/wp-content\/uploads\/2026\/07\/Giorgio-Armani-vanvremenska-elegancija-u-bez-tonovima-Mr.M-by-Marko-Tadic-mrmbymarkotadic14-683x1024.jpg 683w, https:\/\/mrm-style.com\/sr\/wp-content\/uploads\/2026\/07\/Giorgio-Armani-vanvremenska-elegancija-u-bez-tonovima-Mr.M-by-Marko-Tadic-mrmbymarkotadic14-768x1152.jpg 768w, https:\/\/mrm-style.com\/sr\/wp-content\/uploads\/2026\/07\/Giorgio-Armani-vanvremenska-elegancija-u-bez-tonovima-Mr.M-by-Marko-Tadic-mrmbymarkotadic14-1024x1536.jpg 1024w, https:\/\/mrm-style.com\/sr\/wp-content\/uploads\/2026\/07\/Giorgio-Armani-vanvremenska-elegancija-u-bez-tonovima-Mr.M-by-Marko-Tadic-mrmbymarkotadic14-1365x2048.jpg 1365w, https:\/\/mrm-style.com\/sr\/wp-content\/uploads\/2026\/07\/Giorgio-Armani-vanvremenska-elegancija-u-bez-tonovima-Mr.M-by-Marko-Tadic-mrmbymarkotadic14-1440x2160.jpg 1440w, https:\/\/mrm-style.com\/sr\/wp-content\/uploads\/2026\/07\/Giorgio-Armani-vanvremenska-elegancija-u-bez-tonovima-Mr.M-by-Marko-Tadic-mrmbymarkotadic14-800x1200.jpg 800w, https:\/\/mrm-style.com\/sr\/wp-content\/uploads\/2026\/07\/Giorgio-Armani-vanvremenska-elegancija-u-bez-tonovima-Mr.M-by-Marko-Tadic-mrmbymarkotadic14-550x825.jpg 550w, https:\/\/mrm-style.com\/sr\/wp-content\/uploads\/2026\/07\/Giorgio-Armani-vanvremenska-elegancija-u-bez-tonovima-Mr.M-by-Marko-Tadic-mrmbymarkotadic14-720x1080.jpg 720w, https:\/\/mrm-style.com\/sr\/wp-content\/uploads\/2026\/07\/Giorgio-Armani-vanvremenska-elegancija-u-bez-tonovima-Mr.M-by-Marko-Tadic-mrmbymarkotadic14-400x600.jpg 400w\" sizes=\"auto, (max-width: 1600px) 100vw, 1600px\" \/><\/a><\/figure>\n<\/div>\n\n<div class=\"wp-block-image\">\n<figure class=\"aligncenter size-full\"><a href=\"https:\/\/mrm-style.com\/sr\/wp-content\/uploads\/2026\/07\/Giorgio-Armani-vanvremenska-elegancija-u-bez-tonovima-Mr.M-by-Marko-Tadic-mrmbymarkotadic13.jpg\"><img loading=\"lazy\" decoding=\"async\" width=\"2454\" height=\"1600\" src=\"https:\/\/mrm-style.com\/sr\/wp-content\/uploads\/2026\/07\/Giorgio-Armani-vanvremenska-elegancija-u-bez-tonovima-Mr.M-by-Marko-Tadic-mrmbymarkotadic13.jpg\" alt=\"Detalj biserno be\u017e Herno La Giacca Chantilly perjane jakne sa d\u017eepovima na preklop, koju nosi Marko Tadi\u0107, osniva\u010d Mr.M bloga, u Be\u010du\" class=\"wp-image-20691\" srcset=\"https:\/\/mrm-style.com\/sr\/wp-content\/uploads\/2026\/07\/Giorgio-Armani-vanvremenska-elegancija-u-bez-tonovima-Mr.M-by-Marko-Tadic-mrmbymarkotadic13.jpg 2454w, https:\/\/mrm-style.com\/sr\/wp-content\/uploads\/2026\/07\/Giorgio-Armani-vanvremenska-elegancija-u-bez-tonovima-Mr.M-by-Marko-Tadic-mrmbymarkotadic13-300x196.jpg 300w, https:\/\/mrm-style.com\/sr\/wp-content\/uploads\/2026\/07\/Giorgio-Armani-vanvremenska-elegancija-u-bez-tonovima-Mr.M-by-Marko-Tadic-mrmbymarkotadic13-1024x668.jpg 1024w, https:\/\/mrm-style.com\/sr\/wp-content\/uploads\/2026\/07\/Giorgio-Armani-vanvremenska-elegancija-u-bez-tonovima-Mr.M-by-Marko-Tadic-mrmbymarkotadic13-768x501.jpg 768w, https:\/\/mrm-style.com\/sr\/wp-content\/uploads\/2026\/07\/Giorgio-Armani-vanvremenska-elegancija-u-bez-tonovima-Mr.M-by-Marko-Tadic-mrmbymarkotadic13-1536x1001.jpg 1536w, https:\/\/mrm-style.com\/sr\/wp-content\/uploads\/2026\/07\/Giorgio-Armani-vanvremenska-elegancija-u-bez-tonovima-Mr.M-by-Marko-Tadic-mrmbymarkotadic13-2048x1335.jpg 2048w, https:\/\/mrm-style.com\/sr\/wp-content\/uploads\/2026\/07\/Giorgio-Armani-vanvremenska-elegancija-u-bez-tonovima-Mr.M-by-Marko-Tadic-mrmbymarkotadic13-1440x939.jpg 1440w, https:\/\/mrm-style.com\/sr\/wp-content\/uploads\/2026\/07\/Giorgio-Armani-vanvremenska-elegancija-u-bez-tonovima-Mr.M-by-Marko-Tadic-mrmbymarkotadic13-800x522.jpg 800w, https:\/\/mrm-style.com\/sr\/wp-content\/uploads\/2026\/07\/Giorgio-Armani-vanvremenska-elegancija-u-bez-tonovima-Mr.M-by-Marko-Tadic-mrmbymarkotadic13-550x359.jpg 550w, https:\/\/mrm-style.com\/sr\/wp-content\/uploads\/2026\/07\/Giorgio-Armani-vanvremenska-elegancija-u-bez-tonovima-Mr.M-by-Marko-Tadic-mrmbymarkotadic13-1920x1252.jpg 1920w, https:\/\/mrm-style.com\/sr\/wp-content\/uploads\/2026\/07\/Giorgio-Armani-vanvremenska-elegancija-u-bez-tonovima-Mr.M-by-Marko-Tadic-mrmbymarkotadic13-1656x1080.jpg 1656w, https:\/\/mrm-style.com\/sr\/wp-content\/uploads\/2026\/07\/Giorgio-Armani-vanvremenska-elegancija-u-bez-tonovima-Mr.M-by-Marko-Tadic-mrmbymarkotadic13-920x600.jpg 920w\" sizes=\"auto, (max-width: 2454px) 100vw, 2454px\" \/><\/a><\/figure>\n<\/div>\n\n\n<h2 class=\"wp-block-heading\"><strong>La Giacca Chantilly: Sako koji krije toplinu perjane jakne<\/strong><\/h2>\n\n\n\n<p>Model koji nosim zove se <strong><a href=\"https:\/\/www.herno.com\/en\/men\/outerwear\/blazers\/la-giacca-chantilly-PI001ULE12456Z1985.html\" target=\"_blank\" rel=\"noopener\" title=\"\">La Giacca<\/a><\/strong>, u nijansi Chantilly. Ve\u0107 samo ime, \u201ejakna&#8221; sa odre\u0111enim \u010dlanom, govori koliko je Herno ozbiljno shvatio zadatak. Ovo je njihov odgovor na ve\u010dito pitanje mu\u0161karca u pokretu: kako da budem utopljen, a da ne izgledam kao da idem na skijanje?<\/p>\n\n\n\n<p>Odgovor je duhovit i pametan: perjana jakna krojena kao sako. La Giacca ima revere, dugmad i d\u017eepove sa preklopima, dakle celu gramatiku klasi\u010dnog sakoa. Ispod te gramatike, me\u0111utim, radi savremena tehnika. \u0160koljka je od reciklirane najlonske mikrovlaknaste tkanine sa vodoodbojnom obradom, a punjenje \u010dini devedeset odsto paperja i deset odsto perja. Rezultat je toplota bez ikakve te\u017eine. Kada jaknu prebacim preko ramena, jedva ose\u0107am da postoji, \u0161to se lepo vidi na fotografijama pored jezerceta.<\/p>\n\n\n<div class=\"wp-block-image\">\n<figure class=\"aligncenter size-full\"><a href=\"https:\/\/mrm-style.com\/sr\/wp-content\/uploads\/2026\/07\/Giorgio-Armani-vanvremenska-elegancija-u-bez-tonovima-Mr.M-by-Marko-Tadic-mrmbymarkotadic1.jpg\"><img loading=\"lazy\" decoding=\"async\" width=\"2400\" height=\"1600\" src=\"https:\/\/mrm-style.com\/sr\/wp-content\/uploads\/2026\/07\/Giorgio-Armani-vanvremenska-elegancija-u-bez-tonovima-Mr.M-by-Marko-Tadic-mrmbymarkotadic1.jpg\" alt=\"Marko Tadi\u0107, osniva\u010d Mr.M bloga, hoda ka objektivu u kompletnoj be\u017e kombinaciji u Giorgio Armani stilu kod Gloriette u \u0160enbrunu\" class=\"wp-image-20679\" srcset=\"https:\/\/mrm-style.com\/sr\/wp-content\/uploads\/2026\/07\/Giorgio-Armani-vanvremenska-elegancija-u-bez-tonovima-Mr.M-by-Marko-Tadic-mrmbymarkotadic1.jpg 2400w, https:\/\/mrm-style.com\/sr\/wp-content\/uploads\/2026\/07\/Giorgio-Armani-vanvremenska-elegancija-u-bez-tonovima-Mr.M-by-Marko-Tadic-mrmbymarkotadic1-300x200.jpg 300w, https:\/\/mrm-style.com\/sr\/wp-content\/uploads\/2026\/07\/Giorgio-Armani-vanvremenska-elegancija-u-bez-tonovima-Mr.M-by-Marko-Tadic-mrmbymarkotadic1-1024x683.jpg 1024w, https:\/\/mrm-style.com\/sr\/wp-content\/uploads\/2026\/07\/Giorgio-Armani-vanvremenska-elegancija-u-bez-tonovima-Mr.M-by-Marko-Tadic-mrmbymarkotadic1-768x512.jpg 768w, https:\/\/mrm-style.com\/sr\/wp-content\/uploads\/2026\/07\/Giorgio-Armani-vanvremenska-elegancija-u-bez-tonovima-Mr.M-by-Marko-Tadic-mrmbymarkotadic1-1536x1024.jpg 1536w, https:\/\/mrm-style.com\/sr\/wp-content\/uploads\/2026\/07\/Giorgio-Armani-vanvremenska-elegancija-u-bez-tonovima-Mr.M-by-Marko-Tadic-mrmbymarkotadic1-2048x1365.jpg 2048w, https:\/\/mrm-style.com\/sr\/wp-content\/uploads\/2026\/07\/Giorgio-Armani-vanvremenska-elegancija-u-bez-tonovima-Mr.M-by-Marko-Tadic-mrmbymarkotadic1-1440x960.jpg 1440w, https:\/\/mrm-style.com\/sr\/wp-content\/uploads\/2026\/07\/Giorgio-Armani-vanvremenska-elegancija-u-bez-tonovima-Mr.M-by-Marko-Tadic-mrmbymarkotadic1-800x533.jpg 800w, https:\/\/mrm-style.com\/sr\/wp-content\/uploads\/2026\/07\/Giorgio-Armani-vanvremenska-elegancija-u-bez-tonovima-Mr.M-by-Marko-Tadic-mrmbymarkotadic1-550x367.jpg 550w, https:\/\/mrm-style.com\/sr\/wp-content\/uploads\/2026\/07\/Giorgio-Armani-vanvremenska-elegancija-u-bez-tonovima-Mr.M-by-Marko-Tadic-mrmbymarkotadic1-1920x1280.jpg 1920w, https:\/\/mrm-style.com\/sr\/wp-content\/uploads\/2026\/07\/Giorgio-Armani-vanvremenska-elegancija-u-bez-tonovima-Mr.M-by-Marko-Tadic-mrmbymarkotadic1-1620x1080.jpg 1620w, https:\/\/mrm-style.com\/sr\/wp-content\/uploads\/2026\/07\/Giorgio-Armani-vanvremenska-elegancija-u-bez-tonovima-Mr.M-by-Marko-Tadic-mrmbymarkotadic1-900x600.jpg 900w\" sizes=\"auto, (max-width: 2400px) 100vw, 2400px\" \/><\/a><\/figure>\n<\/div>\n\n<div class=\"wp-block-image\">\n<figure class=\"aligncenter size-full\"><a href=\"https:\/\/mrm-style.com\/sr\/wp-content\/uploads\/2026\/07\/Giorgio-Armani-vanvremenska-elegancija-u-bez-tonovima-Mr.M-by-Marko-Tadic-mrmbymarkotadic12.jpg\"><img loading=\"lazy\" decoding=\"async\" width=\"2400\" height=\"1600\" src=\"https:\/\/mrm-style.com\/sr\/wp-content\/uploads\/2026\/07\/Giorgio-Armani-vanvremenska-elegancija-u-bez-tonovima-Mr.M-by-Marko-Tadic-mrmbymarkotadic12.jpg\" alt=\"\" class=\"wp-image-20690\" srcset=\"https:\/\/mrm-style.com\/sr\/wp-content\/uploads\/2026\/07\/Giorgio-Armani-vanvremenska-elegancija-u-bez-tonovima-Mr.M-by-Marko-Tadic-mrmbymarkotadic12.jpg 2400w, https:\/\/mrm-style.com\/sr\/wp-content\/uploads\/2026\/07\/Giorgio-Armani-vanvremenska-elegancija-u-bez-tonovima-Mr.M-by-Marko-Tadic-mrmbymarkotadic12-300x200.jpg 300w, https:\/\/mrm-style.com\/sr\/wp-content\/uploads\/2026\/07\/Giorgio-Armani-vanvremenska-elegancija-u-bez-tonovima-Mr.M-by-Marko-Tadic-mrmbymarkotadic12-1024x683.jpg 1024w, https:\/\/mrm-style.com\/sr\/wp-content\/uploads\/2026\/07\/Giorgio-Armani-vanvremenska-elegancija-u-bez-tonovima-Mr.M-by-Marko-Tadic-mrmbymarkotadic12-768x512.jpg 768w, https:\/\/mrm-style.com\/sr\/wp-content\/uploads\/2026\/07\/Giorgio-Armani-vanvremenska-elegancija-u-bez-tonovima-Mr.M-by-Marko-Tadic-mrmbymarkotadic12-1536x1024.jpg 1536w, https:\/\/mrm-style.com\/sr\/wp-content\/uploads\/2026\/07\/Giorgio-Armani-vanvremenska-elegancija-u-bez-tonovima-Mr.M-by-Marko-Tadic-mrmbymarkotadic12-2048x1365.jpg 2048w, https:\/\/mrm-style.com\/sr\/wp-content\/uploads\/2026\/07\/Giorgio-Armani-vanvremenska-elegancija-u-bez-tonovima-Mr.M-by-Marko-Tadic-mrmbymarkotadic12-1440x960.jpg 1440w, https:\/\/mrm-style.com\/sr\/wp-content\/uploads\/2026\/07\/Giorgio-Armani-vanvremenska-elegancija-u-bez-tonovima-Mr.M-by-Marko-Tadic-mrmbymarkotadic12-800x533.jpg 800w, https:\/\/mrm-style.com\/sr\/wp-content\/uploads\/2026\/07\/Giorgio-Armani-vanvremenska-elegancija-u-bez-tonovima-Mr.M-by-Marko-Tadic-mrmbymarkotadic12-550x367.jpg 550w, https:\/\/mrm-style.com\/sr\/wp-content\/uploads\/2026\/07\/Giorgio-Armani-vanvremenska-elegancija-u-bez-tonovima-Mr.M-by-Marko-Tadic-mrmbymarkotadic12-1920x1280.jpg 1920w, https:\/\/mrm-style.com\/sr\/wp-content\/uploads\/2026\/07\/Giorgio-Armani-vanvremenska-elegancija-u-bez-tonovima-Mr.M-by-Marko-Tadic-mrmbymarkotadic12-1620x1080.jpg 1620w, https:\/\/mrm-style.com\/sr\/wp-content\/uploads\/2026\/07\/Giorgio-Armani-vanvremenska-elegancija-u-bez-tonovima-Mr.M-by-Marko-Tadic-mrmbymarkotadic12-900x600.jpg 900w\" sizes=\"auto, (max-width: 2400px) 100vw, 2400px\" \/><\/a><\/figure>\n<\/div>\n\n\n<p>Poseban adut je odvojivi \u0161titnik za grudi sa dvosmernim rajsfer\u0161lusom. Kada zahladi ili dune vetar sa brda, zakop\u010dam ga i dobijem za\u0161titu do grla. Kada otopli, skinem ga i jakna postane laki prole\u0107ni sako. Dva komada u jednom, bez ijednog suvi\u0161nog detalja.<\/p>\n\n\n\n<p>Nijansa Chantilly zaslu\u017euje posebnu re\u010denicu. To je topli biserni ton koji na suncu dobija sedefasti odsjaj, pa se divno sla\u017ee i sa slonova\u010dom rolke i sa drapom pantalona. Uz to, ovakva jakna je idealan saputnik: staje u ru\u010dni prtljag, ne gu\u017eva se i podnosi i grad i prirodu. Za \u010doveka koji \u017eivi na relaciji izme\u0111u gradova, to je investicija, a ne tro\u0161ak.<\/p>\n\n\n\n<h2 class=\"wp-block-heading\"><strong>Santoni cipele: Pola veka ru\u010dnog rada iz italijanske regije Marke<\/strong><\/h2>\n\n\n\n<p>Za obu\u0107u je ovog puta bila zadu\u017eena ku\u0107a <strong><a href=\"https:\/\/www.santonishoes.com\" target=\"_blank\" rel=\"noopener\" title=\"\">Santoni<\/a><\/strong>. Njena pri\u010da po\u010dinje 1975. godine u gradi\u0107u Koridonija, u pokrajini Marke, kraju koji Italijani vekovima zovu obu\u0107arskim srcem zemlje. Majstor Andrea Santoni, posle dvadeset godina rada u obu\u0107arskoj industriji, otvorio je sopstvenu radionicu u gara\u017ei porodi\u010dne ku\u0107e, uz podr\u0161ku supruge Roze i svega nekoliko zaposlenih. Cilj je bio jasan i tvrdoglav: praviti cipele najvi\u0161eg mogu\u0107eg kvaliteta, gotovo u celini ru\u010dno, za ljude koji razliku umeju da prepoznaju.<\/p>\n\n\n\n<p>Ta tvrdoglavost se isplatila. Santoni je danas jedno od najcenjenijih imena svetske obu\u0107e, a ku\u0107u vodi Andrein sin \u0110uzepe, koji je preuzeo kormilo jo\u0161 devedesetih godina. Za\u0161titni znak ostala je ru\u010dna tehnika bojenja u slojevima, takozvana velatura, kojom majstori \u010detkicom grade dubinu tona, pa nijedan par nije potpuno isti. Prepoznatljiv je i narand\u017easti pe\u010dat na \u0111onu, mali blesak boje na ina\u010de odmerenim cipelama.<\/p>\n\n\n\n<p>Godina u kojoj nastaje ovaj tekst posebno je sve\u010dana za ku\u0107u: Santoni je 2025. proslavio pola veka postojanja, uz rasko\u0161nu monografiju \u201eSantoni Meraviglia&#8221; u izdanju ku\u0107e Assouline. Zanimljivo je i da u fabrici u Koridoniji svi zaposleni i danas ru\u010daju zajedno, za istim stolovima, kao velika porodica. A kada znate da su iz iste radionice iza\u0161le i ko\u017ene narukvice za satove IWC Schaffhausen, jasno vam je koliko se tu dr\u017ei do preciznosti.<\/p>\n\n\n<div class=\"wp-block-image\">\n<figure class=\"aligncenter size-full\"><a href=\"https:\/\/mrm-style.com\/sr\/wp-content\/uploads\/2026\/07\/Giorgio-Armani-vanvremenska-elegancija-u-bez-tonovima-Mr.M-by-Marko-Tadic-mrmbymarkotadic24.jpg\"><img loading=\"lazy\" decoding=\"async\" width=\"1600\" height=\"2400\" src=\"https:\/\/mrm-style.com\/sr\/wp-content\/uploads\/2026\/07\/Giorgio-Armani-vanvremenska-elegancija-u-bez-tonovima-Mr.M-by-Marko-Tadic-mrmbymarkotadic24.jpg\" alt=\"\" class=\"wp-image-20702\" srcset=\"https:\/\/mrm-style.com\/sr\/wp-content\/uploads\/2026\/07\/Giorgio-Armani-vanvremenska-elegancija-u-bez-tonovima-Mr.M-by-Marko-Tadic-mrmbymarkotadic24.jpg 1600w, https:\/\/mrm-style.com\/sr\/wp-content\/uploads\/2026\/07\/Giorgio-Armani-vanvremenska-elegancija-u-bez-tonovima-Mr.M-by-Marko-Tadic-mrmbymarkotadic24-200x300.jpg 200w, https:\/\/mrm-style.com\/sr\/wp-content\/uploads\/2026\/07\/Giorgio-Armani-vanvremenska-elegancija-u-bez-tonovima-Mr.M-by-Marko-Tadic-mrmbymarkotadic24-683x1024.jpg 683w, https:\/\/mrm-style.com\/sr\/wp-content\/uploads\/2026\/07\/Giorgio-Armani-vanvremenska-elegancija-u-bez-tonovima-Mr.M-by-Marko-Tadic-mrmbymarkotadic24-768x1152.jpg 768w, https:\/\/mrm-style.com\/sr\/wp-content\/uploads\/2026\/07\/Giorgio-Armani-vanvremenska-elegancija-u-bez-tonovima-Mr.M-by-Marko-Tadic-mrmbymarkotadic24-1024x1536.jpg 1024w, https:\/\/mrm-style.com\/sr\/wp-content\/uploads\/2026\/07\/Giorgio-Armani-vanvremenska-elegancija-u-bez-tonovima-Mr.M-by-Marko-Tadic-mrmbymarkotadic24-1365x2048.jpg 1365w, https:\/\/mrm-style.com\/sr\/wp-content\/uploads\/2026\/07\/Giorgio-Armani-vanvremenska-elegancija-u-bez-tonovima-Mr.M-by-Marko-Tadic-mrmbymarkotadic24-1440x2160.jpg 1440w, https:\/\/mrm-style.com\/sr\/wp-content\/uploads\/2026\/07\/Giorgio-Armani-vanvremenska-elegancija-u-bez-tonovima-Mr.M-by-Marko-Tadic-mrmbymarkotadic24-800x1200.jpg 800w, https:\/\/mrm-style.com\/sr\/wp-content\/uploads\/2026\/07\/Giorgio-Armani-vanvremenska-elegancija-u-bez-tonovima-Mr.M-by-Marko-Tadic-mrmbymarkotadic24-550x825.jpg 550w, https:\/\/mrm-style.com\/sr\/wp-content\/uploads\/2026\/07\/Giorgio-Armani-vanvremenska-elegancija-u-bez-tonovima-Mr.M-by-Marko-Tadic-mrmbymarkotadic24-720x1080.jpg 720w, https:\/\/mrm-style.com\/sr\/wp-content\/uploads\/2026\/07\/Giorgio-Armani-vanvremenska-elegancija-u-bez-tonovima-Mr.M-by-Marko-Tadic-mrmbymarkotadic24-400x600.jpg 400w\" sizes=\"auto, (max-width: 1600px) 100vw, 1600px\" \/><\/a><\/figure>\n<\/div>\n\n<div class=\"wp-block-image\">\n<figure class=\"aligncenter size-full\"><a href=\"https:\/\/mrm-style.com\/sr\/wp-content\/uploads\/2026\/07\/Giorgio-Armani-vanvremenska-elegancija-u-bez-tonovima-Mr.M-by-Marko-Tadic-mrmbymarkotadic21.jpg\"><img loading=\"lazy\" decoding=\"async\" width=\"2400\" height=\"1600\" src=\"https:\/\/mrm-style.com\/sr\/wp-content\/uploads\/2026\/07\/Giorgio-Armani-vanvremenska-elegancija-u-bez-tonovima-Mr.M-by-Marko-Tadic-mrmbymarkotadic21.jpg\" alt=\"\" class=\"wp-image-20699\" srcset=\"https:\/\/mrm-style.com\/sr\/wp-content\/uploads\/2026\/07\/Giorgio-Armani-vanvremenska-elegancija-u-bez-tonovima-Mr.M-by-Marko-Tadic-mrmbymarkotadic21.jpg 2400w, https:\/\/mrm-style.com\/sr\/wp-content\/uploads\/2026\/07\/Giorgio-Armani-vanvremenska-elegancija-u-bez-tonovima-Mr.M-by-Marko-Tadic-mrmbymarkotadic21-300x200.jpg 300w, https:\/\/mrm-style.com\/sr\/wp-content\/uploads\/2026\/07\/Giorgio-Armani-vanvremenska-elegancija-u-bez-tonovima-Mr.M-by-Marko-Tadic-mrmbymarkotadic21-1024x683.jpg 1024w, https:\/\/mrm-style.com\/sr\/wp-content\/uploads\/2026\/07\/Giorgio-Armani-vanvremenska-elegancija-u-bez-tonovima-Mr.M-by-Marko-Tadic-mrmbymarkotadic21-768x512.jpg 768w, https:\/\/mrm-style.com\/sr\/wp-content\/uploads\/2026\/07\/Giorgio-Armani-vanvremenska-elegancija-u-bez-tonovima-Mr.M-by-Marko-Tadic-mrmbymarkotadic21-1536x1024.jpg 1536w, https:\/\/mrm-style.com\/sr\/wp-content\/uploads\/2026\/07\/Giorgio-Armani-vanvremenska-elegancija-u-bez-tonovima-Mr.M-by-Marko-Tadic-mrmbymarkotadic21-2048x1365.jpg 2048w, https:\/\/mrm-style.com\/sr\/wp-content\/uploads\/2026\/07\/Giorgio-Armani-vanvremenska-elegancija-u-bez-tonovima-Mr.M-by-Marko-Tadic-mrmbymarkotadic21-1440x960.jpg 1440w, https:\/\/mrm-style.com\/sr\/wp-content\/uploads\/2026\/07\/Giorgio-Armani-vanvremenska-elegancija-u-bez-tonovima-Mr.M-by-Marko-Tadic-mrmbymarkotadic21-800x533.jpg 800w, https:\/\/mrm-style.com\/sr\/wp-content\/uploads\/2026\/07\/Giorgio-Armani-vanvremenska-elegancija-u-bez-tonovima-Mr.M-by-Marko-Tadic-mrmbymarkotadic21-550x367.jpg 550w, https:\/\/mrm-style.com\/sr\/wp-content\/uploads\/2026\/07\/Giorgio-Armani-vanvremenska-elegancija-u-bez-tonovima-Mr.M-by-Marko-Tadic-mrmbymarkotadic21-1920x1280.jpg 1920w, https:\/\/mrm-style.com\/sr\/wp-content\/uploads\/2026\/07\/Giorgio-Armani-vanvremenska-elegancija-u-bez-tonovima-Mr.M-by-Marko-Tadic-mrmbymarkotadic21-1620x1080.jpg 1620w, https:\/\/mrm-style.com\/sr\/wp-content\/uploads\/2026\/07\/Giorgio-Armani-vanvremenska-elegancija-u-bez-tonovima-Mr.M-by-Marko-Tadic-mrmbymarkotadic21-900x600.jpg 900w\" sizes=\"auto, (max-width: 2400px) 100vw, 2400px\" \/><\/a><\/figure>\n<\/div>\n\n\n<h2 class=\"wp-block-heading\"><strong>Santoni Oly patike: Retro teniski duh u modernom italijanskom dizajnu<\/strong><\/h2>\n\n\n\n<p>Model koji nosim zove se Oly, iz linije DBS Oly, i predstavlja <strong><a href=\"https:\/\/www.santonishoes.com\" target=\"_blank\" rel=\"noopener\" title=\"\">Santonijev<\/a><\/strong> odgovor na svetski povratak niskih patika starog kova. Inspiracija dolazi iz arhive: klasi\u010dna teniska patika sedamdesetih godina, sa niskim profilom, oblim vrhom i \u0111onom u boji meda. Na taj kostur ku\u0107a je nakalemila sve svoje znanje o ko\u017ei.<\/p>\n\n\n\n<p>Gornji\u0161te je od prevrnute ko\u017ee sa blagom teksturom, ru\u010dno sen\u010dene tako da ton prelazi iz svetlijeg u tamniji. Moj par je u dubokoj tamnobraon nijansi, koja na suncu otkriva tople crvenkaste podtonove. Detalji na bo\u010dnim stranama nastaju posebnim postupkom termi\u010dkog presovanja, pa se crte\u017e vidi kao reljef, bez ijednog suvi\u0161nog \u0161ava. Sa strane se nazire i motiv dvostruke kop\u010de, pozdrav \u010duvenim sve\u010danim cipelama iste ku\u0107e.<\/p>\n\n\n<div class=\"wp-block-image\">\n<figure class=\"aligncenter size-full\"><a href=\"https:\/\/mrm-style.com\/sr\/wp-content\/uploads\/2026\/07\/Giorgio-Armani-vanvremenska-elegancija-u-bez-tonovima-Mr.M-by-Marko-Tadic-mrmbymarkotadic22.jpg\"><img loading=\"lazy\" decoding=\"async\" width=\"2400\" height=\"1600\" src=\"https:\/\/mrm-style.com\/sr\/wp-content\/uploads\/2026\/07\/Giorgio-Armani-vanvremenska-elegancija-u-bez-tonovima-Mr.M-by-Marko-Tadic-mrmbymarkotadic22.jpg\" alt=\"Santoni Oly patike od braon prevrnute ko\u017ee u prekr\u0161tenoj pozi, koje nosi Marko Tadi\u0107 sa Mr.M bloga, dok se Gloriette nazire u pozadini\" class=\"wp-image-20700\" srcset=\"https:\/\/mrm-style.com\/sr\/wp-content\/uploads\/2026\/07\/Giorgio-Armani-vanvremenska-elegancija-u-bez-tonovima-Mr.M-by-Marko-Tadic-mrmbymarkotadic22.jpg 2400w, https:\/\/mrm-style.com\/sr\/wp-content\/uploads\/2026\/07\/Giorgio-Armani-vanvremenska-elegancija-u-bez-tonovima-Mr.M-by-Marko-Tadic-mrmbymarkotadic22-300x200.jpg 300w, https:\/\/mrm-style.com\/sr\/wp-content\/uploads\/2026\/07\/Giorgio-Armani-vanvremenska-elegancija-u-bez-tonovima-Mr.M-by-Marko-Tadic-mrmbymarkotadic22-1024x683.jpg 1024w, https:\/\/mrm-style.com\/sr\/wp-content\/uploads\/2026\/07\/Giorgio-Armani-vanvremenska-elegancija-u-bez-tonovima-Mr.M-by-Marko-Tadic-mrmbymarkotadic22-768x512.jpg 768w, https:\/\/mrm-style.com\/sr\/wp-content\/uploads\/2026\/07\/Giorgio-Armani-vanvremenska-elegancija-u-bez-tonovima-Mr.M-by-Marko-Tadic-mrmbymarkotadic22-1536x1024.jpg 1536w, https:\/\/mrm-style.com\/sr\/wp-content\/uploads\/2026\/07\/Giorgio-Armani-vanvremenska-elegancija-u-bez-tonovima-Mr.M-by-Marko-Tadic-mrmbymarkotadic22-2048x1365.jpg 2048w, https:\/\/mrm-style.com\/sr\/wp-content\/uploads\/2026\/07\/Giorgio-Armani-vanvremenska-elegancija-u-bez-tonovima-Mr.M-by-Marko-Tadic-mrmbymarkotadic22-1440x960.jpg 1440w, https:\/\/mrm-style.com\/sr\/wp-content\/uploads\/2026\/07\/Giorgio-Armani-vanvremenska-elegancija-u-bez-tonovima-Mr.M-by-Marko-Tadic-mrmbymarkotadic22-800x533.jpg 800w, https:\/\/mrm-style.com\/sr\/wp-content\/uploads\/2026\/07\/Giorgio-Armani-vanvremenska-elegancija-u-bez-tonovima-Mr.M-by-Marko-Tadic-mrmbymarkotadic22-550x367.jpg 550w, https:\/\/mrm-style.com\/sr\/wp-content\/uploads\/2026\/07\/Giorgio-Armani-vanvremenska-elegancija-u-bez-tonovima-Mr.M-by-Marko-Tadic-mrmbymarkotadic22-1920x1280.jpg 1920w, https:\/\/mrm-style.com\/sr\/wp-content\/uploads\/2026\/07\/Giorgio-Armani-vanvremenska-elegancija-u-bez-tonovima-Mr.M-by-Marko-Tadic-mrmbymarkotadic22-1620x1080.jpg 1620w, https:\/\/mrm-style.com\/sr\/wp-content\/uploads\/2026\/07\/Giorgio-Armani-vanvremenska-elegancija-u-bez-tonovima-Mr.M-by-Marko-Tadic-mrmbymarkotadic22-900x600.jpg 900w\" sizes=\"auto, (max-width: 2400px) 100vw, 2400px\" \/><\/a><\/figure>\n<\/div>\n\n\n<p>Za\u0161to patike uz Armanijeve pantalone od vune? Zato \u0161to upravo taj spoj defini\u0161e dana\u0161nju mu\u0161ku eleganciju. Sve\u010dana cipela bi ovu kombinaciju odvela u kancelariju, a gruba sportska patika bi je sru\u0161ila. Prefinjena patika od prevrnute ko\u017ee poga\u0111a sredinu: opu\u0161tena je dovoljno za \u0161etnju parkom, a otmena dovoljno za ve\u010deru posle nje. Uz to, gumeni \u0111on pra\u0161ta kilometre \u0161enbrunskog \u0161ljunka, \u0161to moja stopala umeju da cene.<\/p>\n\n\n\n<p>Mali savet za prevrnutu ko\u017eu: pre prvog no\u0161enja obavezno je za\u0161titite sprejom za impregnaciju, a posle svake \u0161etnje pre\u0111ite \u010detkom preko povr\u0161ine. Tih pet minuta pa\u017enje produ\u017ei\u0107e \u017eivot patikama za godine.<\/p>\n\n\n\n<h2 class=\"wp-block-heading\"><strong>Fa\u00e7onnable: Francuski stil ro\u0111en na Azurnoj obali<\/strong><\/h2>\n\n\n\n<p>Poslednji detalj sti\u017ee iz Francuske i nosi u sebi miris mora. Ku\u0107u <strong><a href=\"https:\/\/www.faconnable.com\" target=\"_blank\" rel=\"noopener\" title=\"\">Fa\u00e7onnable<\/a><\/strong> osnovao je 1950. godine majstor kroja\u010d \u017dan Goldberg, otvoriv\u0161i radnju u ulici Paradis u Nici. Ako ste \u010ditali moja \u201ePisma iz Francuske&#8221;, mo\u017eda se se\u0107ate da sam upravo tom ulicom \u0161etao tokom boravka na Azurnoj obali. Zbog toga ove nao\u010dare nosim sa posebnom simpatijom.<\/p>\n\n\n\n<p>Goldbergova radnja brzo je postala tajna adresa filmskih zvezda koje su dolazile na festival u Kanu. Po njegovoj meri odevali su se, izme\u0111u ostalih, Keri Grant i Toni Kertis. Godine 1961. posao je preuzeo sin Alber, koji je radionicu preveo u svet konfekcije i dao joj dana\u0161nje ime, izvedeno od glagola \u201efa\u00e7onner&#8221;, \u0161to zna\u010di oblikovati. Butici su 1973. nikli du\u017e cele obale: u Monte Karlu, Kanu i Sen Tropeu. Kolekcija nao\u010dara stigla je krajem osamdesetih godina i od tada je stalni deo ponude ku\u0107e, koja danas posluje u okviru grupe M1.<\/p>\n\n\n\n<p>Moj model je okrugao, u toploj nijansi svetlog roga, sa zelenkastim staklima. Okrugli oblik ima dugu intelektualnu tradiciju, ali ovde deluje pre svega opu\u0161teno i mediteranski. Ton okvira ponavlja boju patika, pa gornji i donji deo kombinacije razgovaraju istim jezikom. Upravo takve sitne veze razlikuju promi\u0161ljenu celinu od nasumi\u010dno obu\u010dene ode\u0107e.<\/p>\n\n\n<div class=\"wp-block-image\">\n<figure class=\"aligncenter size-full\"><a href=\"https:\/\/mrm-style.com\/sr\/wp-content\/uploads\/2026\/07\/Giorgio-Armani-vanvremenska-elegancija-u-bez-tonovima-Mr.M-by-Marko-Tadic-mrmbymarkotadic32.jpg\"><img loading=\"lazy\" decoding=\"async\" width=\"1600\" height=\"2400\" src=\"https:\/\/mrm-style.com\/sr\/wp-content\/uploads\/2026\/07\/Giorgio-Armani-vanvremenska-elegancija-u-bez-tonovima-Mr.M-by-Marko-Tadic-mrmbymarkotadic32.jpg\" alt=\"Marko Tadi\u0107, osniva\u010d Mr.M bloga, sedi na kamenim stepenicama Gloriette u Herno jakni i be\u017e Giorgio Armani kombinaciji\" class=\"wp-image-20710\" srcset=\"https:\/\/mrm-style.com\/sr\/wp-content\/uploads\/2026\/07\/Giorgio-Armani-vanvremenska-elegancija-u-bez-tonovima-Mr.M-by-Marko-Tadic-mrmbymarkotadic32.jpg 1600w, https:\/\/mrm-style.com\/sr\/wp-content\/uploads\/2026\/07\/Giorgio-Armani-vanvremenska-elegancija-u-bez-tonovima-Mr.M-by-Marko-Tadic-mrmbymarkotadic32-200x300.jpg 200w, https:\/\/mrm-style.com\/sr\/wp-content\/uploads\/2026\/07\/Giorgio-Armani-vanvremenska-elegancija-u-bez-tonovima-Mr.M-by-Marko-Tadic-mrmbymarkotadic32-683x1024.jpg 683w, https:\/\/mrm-style.com\/sr\/wp-content\/uploads\/2026\/07\/Giorgio-Armani-vanvremenska-elegancija-u-bez-tonovima-Mr.M-by-Marko-Tadic-mrmbymarkotadic32-768x1152.jpg 768w, https:\/\/mrm-style.com\/sr\/wp-content\/uploads\/2026\/07\/Giorgio-Armani-vanvremenska-elegancija-u-bez-tonovima-Mr.M-by-Marko-Tadic-mrmbymarkotadic32-1024x1536.jpg 1024w, https:\/\/mrm-style.com\/sr\/wp-content\/uploads\/2026\/07\/Giorgio-Armani-vanvremenska-elegancija-u-bez-tonovima-Mr.M-by-Marko-Tadic-mrmbymarkotadic32-1365x2048.jpg 1365w, https:\/\/mrm-style.com\/sr\/wp-content\/uploads\/2026\/07\/Giorgio-Armani-vanvremenska-elegancija-u-bez-tonovima-Mr.M-by-Marko-Tadic-mrmbymarkotadic32-1440x2160.jpg 1440w, https:\/\/mrm-style.com\/sr\/wp-content\/uploads\/2026\/07\/Giorgio-Armani-vanvremenska-elegancija-u-bez-tonovima-Mr.M-by-Marko-Tadic-mrmbymarkotadic32-800x1200.jpg 800w, https:\/\/mrm-style.com\/sr\/wp-content\/uploads\/2026\/07\/Giorgio-Armani-vanvremenska-elegancija-u-bez-tonovima-Mr.M-by-Marko-Tadic-mrmbymarkotadic32-550x825.jpg 550w, https:\/\/mrm-style.com\/sr\/wp-content\/uploads\/2026\/07\/Giorgio-Armani-vanvremenska-elegancija-u-bez-tonovima-Mr.M-by-Marko-Tadic-mrmbymarkotadic32-720x1080.jpg 720w, https:\/\/mrm-style.com\/sr\/wp-content\/uploads\/2026\/07\/Giorgio-Armani-vanvremenska-elegancija-u-bez-tonovima-Mr.M-by-Marko-Tadic-mrmbymarkotadic32-400x600.jpg 400w\" sizes=\"auto, (max-width: 1600px) 100vw, 1600px\" \/><\/a><\/figure>\n<\/div>\n\n<div class=\"wp-block-image\">\n<figure class=\"aligncenter size-full\"><a href=\"https:\/\/mrm-style.com\/sr\/wp-content\/uploads\/2026\/07\/Giorgio-Armani-vanvremenska-elegancija-u-bez-tonovima-Mr.M-by-Marko-Tadic-mrmbymarkotadic36.jpg\"><img loading=\"lazy\" decoding=\"async\" width=\"2400\" height=\"1600\" src=\"https:\/\/mrm-style.com\/sr\/wp-content\/uploads\/2026\/07\/Giorgio-Armani-vanvremenska-elegancija-u-bez-tonovima-Mr.M-by-Marko-Tadic-mrmbymarkotadic36.jpg\" alt=\"\" class=\"wp-image-20714\" srcset=\"https:\/\/mrm-style.com\/sr\/wp-content\/uploads\/2026\/07\/Giorgio-Armani-vanvremenska-elegancija-u-bez-tonovima-Mr.M-by-Marko-Tadic-mrmbymarkotadic36.jpg 2400w, https:\/\/mrm-style.com\/sr\/wp-content\/uploads\/2026\/07\/Giorgio-Armani-vanvremenska-elegancija-u-bez-tonovima-Mr.M-by-Marko-Tadic-mrmbymarkotadic36-300x200.jpg 300w, https:\/\/mrm-style.com\/sr\/wp-content\/uploads\/2026\/07\/Giorgio-Armani-vanvremenska-elegancija-u-bez-tonovima-Mr.M-by-Marko-Tadic-mrmbymarkotadic36-1024x683.jpg 1024w, https:\/\/mrm-style.com\/sr\/wp-content\/uploads\/2026\/07\/Giorgio-Armani-vanvremenska-elegancija-u-bez-tonovima-Mr.M-by-Marko-Tadic-mrmbymarkotadic36-768x512.jpg 768w, https:\/\/mrm-style.com\/sr\/wp-content\/uploads\/2026\/07\/Giorgio-Armani-vanvremenska-elegancija-u-bez-tonovima-Mr.M-by-Marko-Tadic-mrmbymarkotadic36-1536x1024.jpg 1536w, https:\/\/mrm-style.com\/sr\/wp-content\/uploads\/2026\/07\/Giorgio-Armani-vanvremenska-elegancija-u-bez-tonovima-Mr.M-by-Marko-Tadic-mrmbymarkotadic36-2048x1365.jpg 2048w, https:\/\/mrm-style.com\/sr\/wp-content\/uploads\/2026\/07\/Giorgio-Armani-vanvremenska-elegancija-u-bez-tonovima-Mr.M-by-Marko-Tadic-mrmbymarkotadic36-1440x960.jpg 1440w, https:\/\/mrm-style.com\/sr\/wp-content\/uploads\/2026\/07\/Giorgio-Armani-vanvremenska-elegancija-u-bez-tonovima-Mr.M-by-Marko-Tadic-mrmbymarkotadic36-800x533.jpg 800w, https:\/\/mrm-style.com\/sr\/wp-content\/uploads\/2026\/07\/Giorgio-Armani-vanvremenska-elegancija-u-bez-tonovima-Mr.M-by-Marko-Tadic-mrmbymarkotadic36-550x367.jpg 550w, https:\/\/mrm-style.com\/sr\/wp-content\/uploads\/2026\/07\/Giorgio-Armani-vanvremenska-elegancija-u-bez-tonovima-Mr.M-by-Marko-Tadic-mrmbymarkotadic36-1920x1280.jpg 1920w, https:\/\/mrm-style.com\/sr\/wp-content\/uploads\/2026\/07\/Giorgio-Armani-vanvremenska-elegancija-u-bez-tonovima-Mr.M-by-Marko-Tadic-mrmbymarkotadic36-1620x1080.jpg 1620w, https:\/\/mrm-style.com\/sr\/wp-content\/uploads\/2026\/07\/Giorgio-Armani-vanvremenska-elegancija-u-bez-tonovima-Mr.M-by-Marko-Tadic-mrmbymarkotadic36-900x600.jpg 900w\" sizes=\"auto, (max-width: 2400px) 100vw, 2400px\" \/><\/a><\/figure>\n<\/div>\n\n\n<h2 class=\"wp-block-heading\"><strong>Kako da kreirate sli\u010dnu kombinaciju u Giorgio Armani stilu<\/strong>?<\/h2>\n\n\n\n<p>Dobra vest glasi: za ovakav izgled nisu presudna imena, ve\u0107 pravila. Njih je pet i lako se pamte.<\/p>\n\n\n\n<p>Prvo, dr\u017eite se tri bliske nijanse iste porodice boja. Ovde su to slonova\u010da, biserna i drap. Kada birate komade, prislonite ih jedan uz drugi na dnevnom svetlu, jer ve\u0161ta\u010dko osvetljenje ume da prevari.<\/p>\n\n\n\n<p>Drugo, me\u0161ajte teksture. Sjaj uz mat, reljef uz glatko, pletivo uz tkaninu. Jednobojna kombinacija bez razlike u teksturama izgleda kao pid\u017eama, ma koliko skupa bila.<\/p>\n\n\n\n<p>Tre\u0107e, dodajte jednu tamniju ta\u010dku koja sve dr\u017ei na zemlji. Kod mene su to patike i nao\u010dare. Kod vas to mo\u017ee biti kai\u0161, torba ili sat sa braon kai\u0161em.<\/p>\n\n\n<div class=\"wp-block-image\">\n<figure class=\"aligncenter size-full\"><a href=\"https:\/\/mrm-style.com\/sr\/wp-content\/uploads\/2026\/07\/Giorgio-Armani-vanvremenska-elegancija-u-bez-tonovima-Mr.M-by-Marko-Tadic-mrmbymarkotadic28.jpg\"><img loading=\"lazy\" decoding=\"async\" width=\"1600\" height=\"2400\" src=\"https:\/\/mrm-style.com\/sr\/wp-content\/uploads\/2026\/07\/Giorgio-Armani-vanvremenska-elegancija-u-bez-tonovima-Mr.M-by-Marko-Tadic-mrmbymarkotadic28.jpg\" alt=\"Marko Tadi\u0107, osniva\u010d Mr.M bloga, stoji uz klesani kameni zid Gloriette u lepr\u0161avoj Herno La Giacca jakni\" class=\"wp-image-20706\" srcset=\"https:\/\/mrm-style.com\/sr\/wp-content\/uploads\/2026\/07\/Giorgio-Armani-vanvremenska-elegancija-u-bez-tonovima-Mr.M-by-Marko-Tadic-mrmbymarkotadic28.jpg 1600w, https:\/\/mrm-style.com\/sr\/wp-content\/uploads\/2026\/07\/Giorgio-Armani-vanvremenska-elegancija-u-bez-tonovima-Mr.M-by-Marko-Tadic-mrmbymarkotadic28-200x300.jpg 200w, https:\/\/mrm-style.com\/sr\/wp-content\/uploads\/2026\/07\/Giorgio-Armani-vanvremenska-elegancija-u-bez-tonovima-Mr.M-by-Marko-Tadic-mrmbymarkotadic28-683x1024.jpg 683w, https:\/\/mrm-style.com\/sr\/wp-content\/uploads\/2026\/07\/Giorgio-Armani-vanvremenska-elegancija-u-bez-tonovima-Mr.M-by-Marko-Tadic-mrmbymarkotadic28-768x1152.jpg 768w, https:\/\/mrm-style.com\/sr\/wp-content\/uploads\/2026\/07\/Giorgio-Armani-vanvremenska-elegancija-u-bez-tonovima-Mr.M-by-Marko-Tadic-mrmbymarkotadic28-1024x1536.jpg 1024w, https:\/\/mrm-style.com\/sr\/wp-content\/uploads\/2026\/07\/Giorgio-Armani-vanvremenska-elegancija-u-bez-tonovima-Mr.M-by-Marko-Tadic-mrmbymarkotadic28-1365x2048.jpg 1365w, https:\/\/mrm-style.com\/sr\/wp-content\/uploads\/2026\/07\/Giorgio-Armani-vanvremenska-elegancija-u-bez-tonovima-Mr.M-by-Marko-Tadic-mrmbymarkotadic28-1440x2160.jpg 1440w, https:\/\/mrm-style.com\/sr\/wp-content\/uploads\/2026\/07\/Giorgio-Armani-vanvremenska-elegancija-u-bez-tonovima-Mr.M-by-Marko-Tadic-mrmbymarkotadic28-800x1200.jpg 800w, https:\/\/mrm-style.com\/sr\/wp-content\/uploads\/2026\/07\/Giorgio-Armani-vanvremenska-elegancija-u-bez-tonovima-Mr.M-by-Marko-Tadic-mrmbymarkotadic28-550x825.jpg 550w, https:\/\/mrm-style.com\/sr\/wp-content\/uploads\/2026\/07\/Giorgio-Armani-vanvremenska-elegancija-u-bez-tonovima-Mr.M-by-Marko-Tadic-mrmbymarkotadic28-720x1080.jpg 720w, https:\/\/mrm-style.com\/sr\/wp-content\/uploads\/2026\/07\/Giorgio-Armani-vanvremenska-elegancija-u-bez-tonovima-Mr.M-by-Marko-Tadic-mrmbymarkotadic28-400x600.jpg 400w\" sizes=\"auto, (max-width: 1600px) 100vw, 1600px\" \/><\/a><\/figure>\n<\/div>\n\n\n<p>\u010cetvrto, pazite na proporcije. \u0160iroke pantalone tra\u017ee gornji deo koji se zavr\u0161ava na kuku, poput ove jakne. Duga\u010dak kaput preko \u0161irokih nogavica progutao bi figuru.<\/p>\n\n\n\n<p>Peto, ne zaboravite \u010darape. Na krupnim kadrovima vide\u0107ete da nosim \u010darape u \u010dokolada nijansi. Taj mali potez povezuje braon patike sa svetlim pantalonama i pokazuje da je o svakom santimetru neko razmi\u0161ljao. \u010carapa je poslednja prilika za tihi akcenat, pa je nemojte prepustiti slu\u010daju.<\/p>\n\n\n\n<p>Moje \u0161esto posebno pravilo, kupujte re\u0111e, a bolje. Svaki komad sa ovih fotografija radi\u0107e u desetinama drugih kombinacija: rolka uz sivo odelo, jakna preko farmerki, patike uz lanene pantalone leti. Kada cenu podelite brojem no\u0161enja, prava investicija uvek pobedi jeftinu kupovinu. To je su\u0161tina filozofije koju godinama zastupam na ovom blogu: ormar treba graditi kao biblioteku, pa\u017eljivo i za ceo \u017eivot.<\/p>\n\n\n<div class=\"wp-block-image\">\n<figure class=\"aligncenter size-full\"><a href=\"https:\/\/mrm-style.com\/sr\/wp-content\/uploads\/2026\/07\/Giorgio-Armani-vanvremenska-elegancija-u-bez-tonovima-Mr.M-by-Marko-Tadic-mrmbymarkotadic31.jpg\"><img loading=\"lazy\" decoding=\"async\" width=\"1512\" height=\"2500\" src=\"https:\/\/mrm-style.com\/sr\/wp-content\/uploads\/2026\/07\/Giorgio-Armani-vanvremenska-elegancija-u-bez-tonovima-Mr.M-by-Marko-Tadic-mrmbymarkotadic31.jpg\" alt=\"\" class=\"wp-image-20709\" srcset=\"https:\/\/mrm-style.com\/sr\/wp-content\/uploads\/2026\/07\/Giorgio-Armani-vanvremenska-elegancija-u-bez-tonovima-Mr.M-by-Marko-Tadic-mrmbymarkotadic31.jpg 1512w, https:\/\/mrm-style.com\/sr\/wp-content\/uploads\/2026\/07\/Giorgio-Armani-vanvremenska-elegancija-u-bez-tonovima-Mr.M-by-Marko-Tadic-mrmbymarkotadic31-181x300.jpg 181w, https:\/\/mrm-style.com\/sr\/wp-content\/uploads\/2026\/07\/Giorgio-Armani-vanvremenska-elegancija-u-bez-tonovima-Mr.M-by-Marko-Tadic-mrmbymarkotadic31-619x1024.jpg 619w, https:\/\/mrm-style.com\/sr\/wp-content\/uploads\/2026\/07\/Giorgio-Armani-vanvremenska-elegancija-u-bez-tonovima-Mr.M-by-Marko-Tadic-mrmbymarkotadic31-768x1270.jpg 768w, https:\/\/mrm-style.com\/sr\/wp-content\/uploads\/2026\/07\/Giorgio-Armani-vanvremenska-elegancija-u-bez-tonovima-Mr.M-by-Marko-Tadic-mrmbymarkotadic31-929x1536.jpg 929w, https:\/\/mrm-style.com\/sr\/wp-content\/uploads\/2026\/07\/Giorgio-Armani-vanvremenska-elegancija-u-bez-tonovima-Mr.M-by-Marko-Tadic-mrmbymarkotadic31-1239x2048.jpg 1239w, https:\/\/mrm-style.com\/sr\/wp-content\/uploads\/2026\/07\/Giorgio-Armani-vanvremenska-elegancija-u-bez-tonovima-Mr.M-by-Marko-Tadic-mrmbymarkotadic31-1440x2381.jpg 1440w, https:\/\/mrm-style.com\/sr\/wp-content\/uploads\/2026\/07\/Giorgio-Armani-vanvremenska-elegancija-u-bez-tonovima-Mr.M-by-Marko-Tadic-mrmbymarkotadic31-800x1323.jpg 800w, https:\/\/mrm-style.com\/sr\/wp-content\/uploads\/2026\/07\/Giorgio-Armani-vanvremenska-elegancija-u-bez-tonovima-Mr.M-by-Marko-Tadic-mrmbymarkotadic31-550x909.jpg 550w, https:\/\/mrm-style.com\/sr\/wp-content\/uploads\/2026\/07\/Giorgio-Armani-vanvremenska-elegancija-u-bez-tonovima-Mr.M-by-Marko-Tadic-mrmbymarkotadic31-653x1080.jpg 653w, https:\/\/mrm-style.com\/sr\/wp-content\/uploads\/2026\/07\/Giorgio-Armani-vanvremenska-elegancija-u-bez-tonovima-Mr.M-by-Marko-Tadic-mrmbymarkotadic31-363x600.jpg 363w\" sizes=\"auto, (max-width: 1512px) 100vw, 1512px\" \/><\/a><\/figure>\n<\/div>\n\n<div class=\"wp-block-image\">\n<figure class=\"aligncenter size-full\"><a href=\"https:\/\/mrm-style.com\/sr\/wp-content\/uploads\/2026\/07\/Giorgio-Armani-vanvremenska-elegancija-u-bez-tonovima-Mr.M-by-Marko-Tadic-mrmbymarkotadic30.jpg\"><img loading=\"lazy\" decoding=\"async\" width=\"1600\" height=\"2400\" src=\"https:\/\/mrm-style.com\/sr\/wp-content\/uploads\/2026\/07\/Giorgio-Armani-vanvremenska-elegancija-u-bez-tonovima-Mr.M-by-Marko-Tadic-mrmbymarkotadic30.jpg\" alt=\"\" class=\"wp-image-20708\" srcset=\"https:\/\/mrm-style.com\/sr\/wp-content\/uploads\/2026\/07\/Giorgio-Armani-vanvremenska-elegancija-u-bez-tonovima-Mr.M-by-Marko-Tadic-mrmbymarkotadic30.jpg 1600w, https:\/\/mrm-style.com\/sr\/wp-content\/uploads\/2026\/07\/Giorgio-Armani-vanvremenska-elegancija-u-bez-tonovima-Mr.M-by-Marko-Tadic-mrmbymarkotadic30-200x300.jpg 200w, https:\/\/mrm-style.com\/sr\/wp-content\/uploads\/2026\/07\/Giorgio-Armani-vanvremenska-elegancija-u-bez-tonovima-Mr.M-by-Marko-Tadic-mrmbymarkotadic30-683x1024.jpg 683w, https:\/\/mrm-style.com\/sr\/wp-content\/uploads\/2026\/07\/Giorgio-Armani-vanvremenska-elegancija-u-bez-tonovima-Mr.M-by-Marko-Tadic-mrmbymarkotadic30-768x1152.jpg 768w, https:\/\/mrm-style.com\/sr\/wp-content\/uploads\/2026\/07\/Giorgio-Armani-vanvremenska-elegancija-u-bez-tonovima-Mr.M-by-Marko-Tadic-mrmbymarkotadic30-1024x1536.jpg 1024w, https:\/\/mrm-style.com\/sr\/wp-content\/uploads\/2026\/07\/Giorgio-Armani-vanvremenska-elegancija-u-bez-tonovima-Mr.M-by-Marko-Tadic-mrmbymarkotadic30-1365x2048.jpg 1365w, https:\/\/mrm-style.com\/sr\/wp-content\/uploads\/2026\/07\/Giorgio-Armani-vanvremenska-elegancija-u-bez-tonovima-Mr.M-by-Marko-Tadic-mrmbymarkotadic30-1440x2160.jpg 1440w, https:\/\/mrm-style.com\/sr\/wp-content\/uploads\/2026\/07\/Giorgio-Armani-vanvremenska-elegancija-u-bez-tonovima-Mr.M-by-Marko-Tadic-mrmbymarkotadic30-800x1200.jpg 800w, https:\/\/mrm-style.com\/sr\/wp-content\/uploads\/2026\/07\/Giorgio-Armani-vanvremenska-elegancija-u-bez-tonovima-Mr.M-by-Marko-Tadic-mrmbymarkotadic30-550x825.jpg 550w, https:\/\/mrm-style.com\/sr\/wp-content\/uploads\/2026\/07\/Giorgio-Armani-vanvremenska-elegancija-u-bez-tonovima-Mr.M-by-Marko-Tadic-mrmbymarkotadic30-720x1080.jpg 720w, https:\/\/mrm-style.com\/sr\/wp-content\/uploads\/2026\/07\/Giorgio-Armani-vanvremenska-elegancija-u-bez-tonovima-Mr.M-by-Marko-Tadic-mrmbymarkotadic30-400x600.jpg 400w\" sizes=\"auto, (max-width: 1600px) 100vw, 1600px\" \/><\/a><\/figure>\n<\/div>\n\n\n<h2 class=\"wp-block-heading\"><strong>Gloriette u Be\u010du: Mali vodi\u010d za posetu ovom istorijskom dragulju<\/strong><\/h2>\n\n\n\n<p>Za kraj, nekoliko prakti\u010dnih saveta ako vas put nanese u Be\u010d, jer verujem da ho\u0107e.<\/p>\n\n\n\n<p>Do \u0160enbruna najlak\u0161e sti\u017eete metroom, linijom U4 do stanice Sch\u00f6nbrunn. Ulaz u park je besplatan, a to va\u017ei i za uspon do Gloriette. Od Neptunove fontane u dnu vrta do vrha brda treba vam petnaestak minuta laganog hoda krivudavom stazom. Uspon je blag, ali za njega ipak preporu\u010dujem udobnu obu\u0107u. Moje Santoni patike polo\u017eile su ispit bez primedbe.<\/p>\n\n\n\n<p>Dolazite rano. Fotografije iz ovog teksta nastale su pre devet ujutru, dok je park jo\u0161 pripadao trka\u010dima, penzionerima i pokojoj veverici. Ve\u0107 oko podneva red za fotografisanje ispred arkada ume da bude du\u017ei od reda za kafu.<\/p>\n\n\n<div class=\"wp-block-image\">\n<figure class=\"aligncenter size-full\"><a href=\"https:\/\/mrm-style.com\/sr\/wp-content\/uploads\/2026\/07\/Giorgio-Armani-vanvremenska-elegancija-u-bez-tonovima-Mr.M-by-Marko-Tadic-mrmbymarkotadic23.jpg\"><img loading=\"lazy\" decoding=\"async\" width=\"1600\" height=\"2400\" src=\"https:\/\/mrm-style.com\/sr\/wp-content\/uploads\/2026\/07\/Giorgio-Armani-vanvremenska-elegancija-u-bez-tonovima-Mr.M-by-Marko-Tadic-mrmbymarkotadic23.jpg\" alt=\"\" class=\"wp-image-20701\" srcset=\"https:\/\/mrm-style.com\/sr\/wp-content\/uploads\/2026\/07\/Giorgio-Armani-vanvremenska-elegancija-u-bez-tonovima-Mr.M-by-Marko-Tadic-mrmbymarkotadic23.jpg 1600w, https:\/\/mrm-style.com\/sr\/wp-content\/uploads\/2026\/07\/Giorgio-Armani-vanvremenska-elegancija-u-bez-tonovima-Mr.M-by-Marko-Tadic-mrmbymarkotadic23-200x300.jpg 200w, https:\/\/mrm-style.com\/sr\/wp-content\/uploads\/2026\/07\/Giorgio-Armani-vanvremenska-elegancija-u-bez-tonovima-Mr.M-by-Marko-Tadic-mrmbymarkotadic23-683x1024.jpg 683w, https:\/\/mrm-style.com\/sr\/wp-content\/uploads\/2026\/07\/Giorgio-Armani-vanvremenska-elegancija-u-bez-tonovima-Mr.M-by-Marko-Tadic-mrmbymarkotadic23-768x1152.jpg 768w, https:\/\/mrm-style.com\/sr\/wp-content\/uploads\/2026\/07\/Giorgio-Armani-vanvremenska-elegancija-u-bez-tonovima-Mr.M-by-Marko-Tadic-mrmbymarkotadic23-1024x1536.jpg 1024w, https:\/\/mrm-style.com\/sr\/wp-content\/uploads\/2026\/07\/Giorgio-Armani-vanvremenska-elegancija-u-bez-tonovima-Mr.M-by-Marko-Tadic-mrmbymarkotadic23-1365x2048.jpg 1365w, https:\/\/mrm-style.com\/sr\/wp-content\/uploads\/2026\/07\/Giorgio-Armani-vanvremenska-elegancija-u-bez-tonovima-Mr.M-by-Marko-Tadic-mrmbymarkotadic23-1440x2160.jpg 1440w, https:\/\/mrm-style.com\/sr\/wp-content\/uploads\/2026\/07\/Giorgio-Armani-vanvremenska-elegancija-u-bez-tonovima-Mr.M-by-Marko-Tadic-mrmbymarkotadic23-800x1200.jpg 800w, https:\/\/mrm-style.com\/sr\/wp-content\/uploads\/2026\/07\/Giorgio-Armani-vanvremenska-elegancija-u-bez-tonovima-Mr.M-by-Marko-Tadic-mrmbymarkotadic23-550x825.jpg 550w, https:\/\/mrm-style.com\/sr\/wp-content\/uploads\/2026\/07\/Giorgio-Armani-vanvremenska-elegancija-u-bez-tonovima-Mr.M-by-Marko-Tadic-mrmbymarkotadic23-720x1080.jpg 720w, https:\/\/mrm-style.com\/sr\/wp-content\/uploads\/2026\/07\/Giorgio-Armani-vanvremenska-elegancija-u-bez-tonovima-Mr.M-by-Marko-Tadic-mrmbymarkotadic23-400x600.jpg 400w\" sizes=\"auto, (max-width: 1600px) 100vw, 1600px\" \/><\/a><\/figure>\n<\/div>\n\n<div class=\"wp-block-image\">\n<figure class=\"aligncenter size-full\"><a href=\"https:\/\/mrm-style.com\/sr\/wp-content\/uploads\/2026\/07\/Giorgio-Armani-vanvremenska-elegancija-u-bez-tonovima-Mr.M-by-Marko-Tadic-mrmbymarkotadic25.jpg\"><img loading=\"lazy\" decoding=\"async\" width=\"1600\" height=\"2400\" src=\"https:\/\/mrm-style.com\/sr\/wp-content\/uploads\/2026\/07\/Giorgio-Armani-vanvremenska-elegancija-u-bez-tonovima-Mr.M-by-Marko-Tadic-mrmbymarkotadic25.jpg\" alt=\"Krupni kadar reljefne Giorgio Armani rolke od ka\u0161mira i svile u boji slonova\u010de koju nosi Marko Tadi\u0107, osniva\u010d Mr.M bloga\" class=\"wp-image-20703\" srcset=\"https:\/\/mrm-style.com\/sr\/wp-content\/uploads\/2026\/07\/Giorgio-Armani-vanvremenska-elegancija-u-bez-tonovima-Mr.M-by-Marko-Tadic-mrmbymarkotadic25.jpg 1600w, https:\/\/mrm-style.com\/sr\/wp-content\/uploads\/2026\/07\/Giorgio-Armani-vanvremenska-elegancija-u-bez-tonovima-Mr.M-by-Marko-Tadic-mrmbymarkotadic25-200x300.jpg 200w, https:\/\/mrm-style.com\/sr\/wp-content\/uploads\/2026\/07\/Giorgio-Armani-vanvremenska-elegancija-u-bez-tonovima-Mr.M-by-Marko-Tadic-mrmbymarkotadic25-683x1024.jpg 683w, https:\/\/mrm-style.com\/sr\/wp-content\/uploads\/2026\/07\/Giorgio-Armani-vanvremenska-elegancija-u-bez-tonovima-Mr.M-by-Marko-Tadic-mrmbymarkotadic25-768x1152.jpg 768w, https:\/\/mrm-style.com\/sr\/wp-content\/uploads\/2026\/07\/Giorgio-Armani-vanvremenska-elegancija-u-bez-tonovima-Mr.M-by-Marko-Tadic-mrmbymarkotadic25-1024x1536.jpg 1024w, https:\/\/mrm-style.com\/sr\/wp-content\/uploads\/2026\/07\/Giorgio-Armani-vanvremenska-elegancija-u-bez-tonovima-Mr.M-by-Marko-Tadic-mrmbymarkotadic25-1365x2048.jpg 1365w, https:\/\/mrm-style.com\/sr\/wp-content\/uploads\/2026\/07\/Giorgio-Armani-vanvremenska-elegancija-u-bez-tonovima-Mr.M-by-Marko-Tadic-mrmbymarkotadic25-1440x2160.jpg 1440w, https:\/\/mrm-style.com\/sr\/wp-content\/uploads\/2026\/07\/Giorgio-Armani-vanvremenska-elegancija-u-bez-tonovima-Mr.M-by-Marko-Tadic-mrmbymarkotadic25-800x1200.jpg 800w, https:\/\/mrm-style.com\/sr\/wp-content\/uploads\/2026\/07\/Giorgio-Armani-vanvremenska-elegancija-u-bez-tonovima-Mr.M-by-Marko-Tadic-mrmbymarkotadic25-550x825.jpg 550w, https:\/\/mrm-style.com\/sr\/wp-content\/uploads\/2026\/07\/Giorgio-Armani-vanvremenska-elegancija-u-bez-tonovima-Mr.M-by-Marko-Tadic-mrmbymarkotadic25-720x1080.jpg 720w, https:\/\/mrm-style.com\/sr\/wp-content\/uploads\/2026\/07\/Giorgio-Armani-vanvremenska-elegancija-u-bez-tonovima-Mr.M-by-Marko-Tadic-mrmbymarkotadic25-400x600.jpg 400w\" sizes=\"auto, (max-width: 1600px) 100vw, 1600px\" \/><\/a><\/figure>\n<\/div>\n\n\n<p>Kafu, uzgred, popijte ba\u0161 tu. Kafe Gloriette radi u nekada\u0161njoj zastakljenoj dvorani u kojoj je car Franc Jozef doru\u010dkovao, pa doru\u010dak na tom mestu ima poseban ukus. Ko \u017eeli jo\u0161 lep\u0161i pogled, uz kartu se penje na krovnu terasu, sa koje se vide i palata i ceo Be\u010d, sve do tornja katedrale u daljini.<\/p>\n\n\n\n<p>Ako imate ceo dan, ne stajte na Glorietti. U parku vas \u010dekaju lavirint od \u017eivice, Palmina ku\u0107a iz 1882. godine i zoolo\u0161ki vrt osnovan jo\u0161 1752. godine, najstariji na svetu koji radi bez prekida. \u0160enbrun tako lako pretvori jedno prepodne u celodnevni izlet, pa isplanirajte i pauzu za ru\u010dak.<\/p>\n\n\n\n<p>I na kraju, podignite pogled ka natpisu iznad arkada. Ta posveta caru i carici stoji tu od 1775. godine i mirno posmatra svaku modu koja pro\u0111e ispod nje. Malo \u0161ta \u010doveka bolje nau\u010di skromnosti.<\/p>\n\n\n<div class=\"wp-block-image\">\n<figure class=\"aligncenter size-full\"><a href=\"https:\/\/mrm-style.com\/sr\/wp-content\/uploads\/2026\/07\/Giorgio-Armani-vanvremenska-elegancija-u-bez-tonovima-Mr.M-by-Marko-Tadic-mrmbymarkotadic2.jpg\"><img loading=\"lazy\" decoding=\"async\" width=\"2400\" height=\"1600\" src=\"https:\/\/mrm-style.com\/sr\/wp-content\/uploads\/2026\/07\/Giorgio-Armani-vanvremenska-elegancija-u-bez-tonovima-Mr.M-by-Marko-Tadic-mrmbymarkotadic2.jpg\" alt=\"Marko Tadi\u0107, osniva\u010d Mr.M bloga, osmehuje se preko ramena u bisernoj Herno perjanoj jakni pored jezerceta kod Gloriette u \u0160enbrunu\" class=\"wp-image-20680\" srcset=\"https:\/\/mrm-style.com\/sr\/wp-content\/uploads\/2026\/07\/Giorgio-Armani-vanvremenska-elegancija-u-bez-tonovima-Mr.M-by-Marko-Tadic-mrmbymarkotadic2.jpg 2400w, https:\/\/mrm-style.com\/sr\/wp-content\/uploads\/2026\/07\/Giorgio-Armani-vanvremenska-elegancija-u-bez-tonovima-Mr.M-by-Marko-Tadic-mrmbymarkotadic2-300x200.jpg 300w, https:\/\/mrm-style.com\/sr\/wp-content\/uploads\/2026\/07\/Giorgio-Armani-vanvremenska-elegancija-u-bez-tonovima-Mr.M-by-Marko-Tadic-mrmbymarkotadic2-1024x683.jpg 1024w, https:\/\/mrm-style.com\/sr\/wp-content\/uploads\/2026\/07\/Giorgio-Armani-vanvremenska-elegancija-u-bez-tonovima-Mr.M-by-Marko-Tadic-mrmbymarkotadic2-768x512.jpg 768w, https:\/\/mrm-style.com\/sr\/wp-content\/uploads\/2026\/07\/Giorgio-Armani-vanvremenska-elegancija-u-bez-tonovima-Mr.M-by-Marko-Tadic-mrmbymarkotadic2-1536x1024.jpg 1536w, https:\/\/mrm-style.com\/sr\/wp-content\/uploads\/2026\/07\/Giorgio-Armani-vanvremenska-elegancija-u-bez-tonovima-Mr.M-by-Marko-Tadic-mrmbymarkotadic2-2048x1365.jpg 2048w, https:\/\/mrm-style.com\/sr\/wp-content\/uploads\/2026\/07\/Giorgio-Armani-vanvremenska-elegancija-u-bez-tonovima-Mr.M-by-Marko-Tadic-mrmbymarkotadic2-1440x960.jpg 1440w, https:\/\/mrm-style.com\/sr\/wp-content\/uploads\/2026\/07\/Giorgio-Armani-vanvremenska-elegancija-u-bez-tonovima-Mr.M-by-Marko-Tadic-mrmbymarkotadic2-800x533.jpg 800w, https:\/\/mrm-style.com\/sr\/wp-content\/uploads\/2026\/07\/Giorgio-Armani-vanvremenska-elegancija-u-bez-tonovima-Mr.M-by-Marko-Tadic-mrmbymarkotadic2-550x367.jpg 550w, https:\/\/mrm-style.com\/sr\/wp-content\/uploads\/2026\/07\/Giorgio-Armani-vanvremenska-elegancija-u-bez-tonovima-Mr.M-by-Marko-Tadic-mrmbymarkotadic2-1920x1280.jpg 1920w, https:\/\/mrm-style.com\/sr\/wp-content\/uploads\/2026\/07\/Giorgio-Armani-vanvremenska-elegancija-u-bez-tonovima-Mr.M-by-Marko-Tadic-mrmbymarkotadic2-1620x1080.jpg 1620w, https:\/\/mrm-style.com\/sr\/wp-content\/uploads\/2026\/07\/Giorgio-Armani-vanvremenska-elegancija-u-bez-tonovima-Mr.M-by-Marko-Tadic-mrmbymarkotadic2-900x600.jpg 900w\" sizes=\"auto, (max-width: 2400px) 100vw, 2400px\" \/><\/a><\/figure>\n<\/div>\n\n\n<h2 class=\"wp-block-heading\"><strong>Za\u0161to je Be\u010d savr\u0161ena modna pista za Giorgio Armani stil<\/strong>?<\/h2>\n\n\n\n<p>Kada pogledam ove fotografije, vidim ta\u010dno ono \u010demu te\u017eim poslednjih godina: modna harmonija i mir. Nijedan komad se ne isti\u010de posebno, a celina se sama po sebi ipak pamti. Armanijeva rolka i pantalone daju liniju, Herno jakna toplinu i svetlost, Santoni patike korak, a FA\u00c7ONNABLE nao\u010dare ta\u010dku na kraju ove modne re\u010denice. Iza svega stoje porodi\u010dne ku\u0107e koje decenijama rade isti posao, samo sve bolje.<\/p>\n\n\n\n<p>Sam maestro Armani sa\u017eeo je to jednom re\u010denicom koju \u010desto ponavljam: \u201eElegancija ne zna\u010di biti prime\u0107en, ve\u0107 ostati upam\u0107en.&#8221; Ispred gra\u0111evine stare dva i po veka, ta misao zvu\u010di ta\u010dnije nego igde. Be\u010d me je jo\u0161 jednom podsetio da prava rasko\u0161 nema potrebu da se dokazuje. Ona samo traje.<\/p>\n\n\n\n<p>Kako vam se dopao moj dana\u0161nji outfit? Zaista sam se potrudio da pripremim ovaj post sa puno ljubavi i nadam se da vam se svi\u0111a! Ako imate bilo kakvih pitanja, komentara, sugestija ili poruka za mene, mo\u017eete mi pisati ispod u komentarima. Naravno, kao i uvek, mo\u017eete me kontaktirati putem elektronske po\u0161te ili dru\u0161tvenih mre\u017ea koje mo\u017eete prona\u0107i na stranici\u00a0<strong><a href=\"https:\/\/mrm-style.com\/sr\/kontakt\/\" target=\"_blank\" rel=\"noreferrer noopener\">KONTAKT<\/a><\/strong>. Vidimo se uskoro u novim modnim avanturama na Mr.M blogu!<\/p>\n\n\n\n<p>Vidimo se u slede\u0107em pismu iz Evrope. Do tada, birajte pa\u017eljivo i u\u017eivajte u odevnim kombinacija koje nosite.<\/p>\n\n\n\n<p><em>Srda\u010dni blogerski pozdrav iz Be\u010da,<\/em><\/p>\n\n\n\n<p><strong>Mr.M<\/strong><\/p>\n\n\n<div class=\"wp-block-image\">\n<figure class=\"aligncenter size-full\"><a href=\"https:\/\/mrm-style.com\/sr\/wp-content\/uploads\/2026\/07\/Giorgio-Armani-vanvremenska-elegancija-u-bez-tonovima-Mr.M-by-Marko-Tadic-mrmbymarkotadic27.jpg\"><img loading=\"lazy\" decoding=\"async\" width=\"2400\" height=\"1600\" src=\"https:\/\/mrm-style.com\/sr\/wp-content\/uploads\/2026\/07\/Giorgio-Armani-vanvremenska-elegancija-u-bez-tonovima-Mr.M-by-Marko-Tadic-mrmbymarkotadic27.jpg\" alt=\"Portret iz donjeg rakursa: Marko Tadi\u0107, osniva\u010d Mr.M bloga, osmehuje se uz balustradu Gloriette u bisernoj Herno perjanoj jakni\" class=\"wp-image-20705\" srcset=\"https:\/\/mrm-style.com\/sr\/wp-content\/uploads\/2026\/07\/Giorgio-Armani-vanvremenska-elegancija-u-bez-tonovima-Mr.M-by-Marko-Tadic-mrmbymarkotadic27.jpg 2400w, https:\/\/mrm-style.com\/sr\/wp-content\/uploads\/2026\/07\/Giorgio-Armani-vanvremenska-elegancija-u-bez-tonovima-Mr.M-by-Marko-Tadic-mrmbymarkotadic27-300x200.jpg 300w, https:\/\/mrm-style.com\/sr\/wp-content\/uploads\/2026\/07\/Giorgio-Armani-vanvremenska-elegancija-u-bez-tonovima-Mr.M-by-Marko-Tadic-mrmbymarkotadic27-1024x683.jpg 1024w, https:\/\/mrm-style.com\/sr\/wp-content\/uploads\/2026\/07\/Giorgio-Armani-vanvremenska-elegancija-u-bez-tonovima-Mr.M-by-Marko-Tadic-mrmbymarkotadic27-768x512.jpg 768w, https:\/\/mrm-style.com\/sr\/wp-content\/uploads\/2026\/07\/Giorgio-Armani-vanvremenska-elegancija-u-bez-tonovima-Mr.M-by-Marko-Tadic-mrmbymarkotadic27-1536x1024.jpg 1536w, https:\/\/mrm-style.com\/sr\/wp-content\/uploads\/2026\/07\/Giorgio-Armani-vanvremenska-elegancija-u-bez-tonovima-Mr.M-by-Marko-Tadic-mrmbymarkotadic27-2048x1365.jpg 2048w, https:\/\/mrm-style.com\/sr\/wp-content\/uploads\/2026\/07\/Giorgio-Armani-vanvremenska-elegancija-u-bez-tonovima-Mr.M-by-Marko-Tadic-mrmbymarkotadic27-1440x960.jpg 1440w, https:\/\/mrm-style.com\/sr\/wp-content\/uploads\/2026\/07\/Giorgio-Armani-vanvremenska-elegancija-u-bez-tonovima-Mr.M-by-Marko-Tadic-mrmbymarkotadic27-800x533.jpg 800w, https:\/\/mrm-style.com\/sr\/wp-content\/uploads\/2026\/07\/Giorgio-Armani-vanvremenska-elegancija-u-bez-tonovima-Mr.M-by-Marko-Tadic-mrmbymarkotadic27-550x367.jpg 550w, https:\/\/mrm-style.com\/sr\/wp-content\/uploads\/2026\/07\/Giorgio-Armani-vanvremenska-elegancija-u-bez-tonovima-Mr.M-by-Marko-Tadic-mrmbymarkotadic27-1920x1280.jpg 1920w, https:\/\/mrm-style.com\/sr\/wp-content\/uploads\/2026\/07\/Giorgio-Armani-vanvremenska-elegancija-u-bez-tonovima-Mr.M-by-Marko-Tadic-mrmbymarkotadic27-1620x1080.jpg 1620w, https:\/\/mrm-style.com\/sr\/wp-content\/uploads\/2026\/07\/Giorgio-Armani-vanvremenska-elegancija-u-bez-tonovima-Mr.M-by-Marko-Tadic-mrmbymarkotadic27-900x600.jpg 900w\" sizes=\"auto, (max-width: 2400px) 100vw, 2400px\" \/><\/a><\/figure>\n<\/div>\n\n<div class=\"wp-block-image\">\n<figure class=\"aligncenter size-full\"><a href=\"https:\/\/mrm-style.com\/sr\/wp-content\/uploads\/2026\/07\/Giorgio-Armani-vanvremenska-elegancija-u-bez-tonovima-Mr.M-by-Marko-Tadic-mrmbymarkotadic33.jpg\"><img loading=\"lazy\" decoding=\"async\" width=\"2400\" height=\"1600\" src=\"https:\/\/mrm-style.com\/sr\/wp-content\/uploads\/2026\/07\/Giorgio-Armani-vanvremenska-elegancija-u-bez-tonovima-Mr.M-by-Marko-Tadic-mrmbymarkotadic33.jpg\" alt=\"\" class=\"wp-image-20711\" srcset=\"https:\/\/mrm-style.com\/sr\/wp-content\/uploads\/2026\/07\/Giorgio-Armani-vanvremenska-elegancija-u-bez-tonovima-Mr.M-by-Marko-Tadic-mrmbymarkotadic33.jpg 2400w, https:\/\/mrm-style.com\/sr\/wp-content\/uploads\/2026\/07\/Giorgio-Armani-vanvremenska-elegancija-u-bez-tonovima-Mr.M-by-Marko-Tadic-mrmbymarkotadic33-300x200.jpg 300w, https:\/\/mrm-style.com\/sr\/wp-content\/uploads\/2026\/07\/Giorgio-Armani-vanvremenska-elegancija-u-bez-tonovima-Mr.M-by-Marko-Tadic-mrmbymarkotadic33-1024x683.jpg 1024w, https:\/\/mrm-style.com\/sr\/wp-content\/uploads\/2026\/07\/Giorgio-Armani-vanvremenska-elegancija-u-bez-tonovima-Mr.M-by-Marko-Tadic-mrmbymarkotadic33-768x512.jpg 768w, https:\/\/mrm-style.com\/sr\/wp-content\/uploads\/2026\/07\/Giorgio-Armani-vanvremenska-elegancija-u-bez-tonovima-Mr.M-by-Marko-Tadic-mrmbymarkotadic33-1536x1024.jpg 1536w, https:\/\/mrm-style.com\/sr\/wp-content\/uploads\/2026\/07\/Giorgio-Armani-vanvremenska-elegancija-u-bez-tonovima-Mr.M-by-Marko-Tadic-mrmbymarkotadic33-2048x1365.jpg 2048w, https:\/\/mrm-style.com\/sr\/wp-content\/uploads\/2026\/07\/Giorgio-Armani-vanvremenska-elegancija-u-bez-tonovima-Mr.M-by-Marko-Tadic-mrmbymarkotadic33-1440x960.jpg 1440w, https:\/\/mrm-style.com\/sr\/wp-content\/uploads\/2026\/07\/Giorgio-Armani-vanvremenska-elegancija-u-bez-tonovima-Mr.M-by-Marko-Tadic-mrmbymarkotadic33-800x533.jpg 800w, https:\/\/mrm-style.com\/sr\/wp-content\/uploads\/2026\/07\/Giorgio-Armani-vanvremenska-elegancija-u-bez-tonovima-Mr.M-by-Marko-Tadic-mrmbymarkotadic33-550x367.jpg 550w, https:\/\/mrm-style.com\/sr\/wp-content\/uploads\/2026\/07\/Giorgio-Armani-vanvremenska-elegancija-u-bez-tonovima-Mr.M-by-Marko-Tadic-mrmbymarkotadic33-1920x1280.jpg 1920w, https:\/\/mrm-style.com\/sr\/wp-content\/uploads\/2026\/07\/Giorgio-Armani-vanvremenska-elegancija-u-bez-tonovima-Mr.M-by-Marko-Tadic-mrmbymarkotadic33-1620x1080.jpg 1620w, https:\/\/mrm-style.com\/sr\/wp-content\/uploads\/2026\/07\/Giorgio-Armani-vanvremenska-elegancija-u-bez-tonovima-Mr.M-by-Marko-Tadic-mrmbymarkotadic33-900x600.jpg 900w\" sizes=\"auto, (max-width: 2400px) 100vw, 2400px\" \/><\/a><\/figure>\n<\/div>\n\n\n<p class=\"has-text-align-center\"><strong><em>Ovaj post je sponzorisan od strane\u00a0<a href=\"https:\/\/www.armani.com\/de-de\/giorgio-armani\/experience\/\" target=\"_blank\" rel=\"noreferrer noopener\">Giorgio Armani<\/a>,\u00a0<a href=\"https:\/\/www.herno.com\/en\/\" target=\"_blank\" rel=\"noreferrer noopener\">Herno<\/a>, <a href=\"https:\/\/www.santonishoes.com\" target=\"_blank\" rel=\"noopener\" title=\"\">Santoni<\/a> i <a href=\"https:\/\/www.faconnable.com\" target=\"_blank\" rel=\"noopener\" title=\"\">FA\u00c7ONNABLE<\/a> brendova. Ovaj post predstavlja moju li\u010dnu i iskrenu recenziju proizvoda.<\/em><\/strong><\/p>\n","protected":false},"excerpt":{"rendered":"<p>Dragi moji ljubitelji mode, dobrodo\u0161li u novu modnu pri\u010du na Mr.M blogu. Danas vas vodim u modnu \u0161etnju kroz park carskog dvorca \u0160enbrun u Be\u010du, u dru\u0161tvu legendarne italijanske modne ku\u0107e Giorgio Armani. Neka jutra jednostavno tra\u017ee da se ovekove\u010de, a moje be\u010dko jutro dobilo je najlep\u0161i mogu\u0107i: lagani uspon uz brdo iza palate, sve do Gloriette, kamene krune carskog vrta koja ve\u0107 dva i po veka gleda na grad. Upravo tamo nastale su fotografije za moju dana\u0161nju modnu pri\u010du. Posle toliko godina rada na Mr.M blogu i dalje dobijam&#8230; <span class=\"more\"><a class=\"more-link\" href=\"https:\/\/mrm-style.com\/sr\/giorgio-armani-vanvremenska-elegancija-u-bez-tonovima\/\">Read More<\/a><\/span><\/p>\n","protected":false},"author":1,"featured_media":20688,"comment_status":"open","ping_status":"open","sticky":false,"template":"","format":"standard","meta":{"om_disable_all_campaigns":false,"_monsterinsights_skip_tracking":false,"_monsterinsights_sitenote_active":false,"_monsterinsights_sitenote_note":"","_monsterinsights_sitenote_category":0,"footnotes":""},"categories":[52,159],"tags":[10233,10607,4538,10601,10365,10600],"class_list":["post-20678","post","type-post","status-publish","format-standard","has-post-thumbnail","hentry","category-moda","category-outfit-post","tag-armani-naslede-giorgio-armani","tag-bez-muska-kombinacija","tag-giorgio-armani","tag-giorgio-armani-muska-moda","tag-giorgio-armani-rolka","tag-giorgio-armani-stil"],"aioseo_notices":[],"_links":{"self":[{"href":"https:\/\/mrm-style.com\/sr\/wp-json\/wp\/v2\/posts\/20678","targetHints":{"allow":["GET"]}}],"collection":[{"href":"https:\/\/mrm-style.com\/sr\/wp-json\/wp\/v2\/posts"}],"about":[{"href":"https:\/\/mrm-style.com\/sr\/wp-json\/wp\/v2\/types\/post"}],"author":[{"embeddable":true,"href":"https:\/\/mrm-style.com\/sr\/wp-json\/wp\/v2\/users\/1"}],"replies":[{"embeddable":true,"href":"https:\/\/mrm-style.com\/sr\/wp-json\/wp\/v2\/comments?post=20678"}],"version-history":[{"count":2,"href":"https:\/\/mrm-style.com\/sr\/wp-json\/wp\/v2\/posts\/20678\/revisions"}],"predecessor-version":[{"id":20716,"href":"https:\/\/mrm-style.com\/sr\/wp-json\/wp\/v2\/posts\/20678\/revisions\/20716"}],"wp:featuredmedia":[{"embeddable":true,"href":"https:\/\/mrm-style.com\/sr\/wp-json\/wp\/v2\/media\/20688"}],"wp:attachment":[{"href":"https:\/\/mrm-style.com\/sr\/wp-json\/wp\/v2\/media?parent=20678"}],"wp:term":[{"taxonomy":"category","embeddable":true,"href":"https:\/\/mrm-style.com\/sr\/wp-json\/wp\/v2\/categories?post=20678"},{"taxonomy":"post_tag","embeddable":true,"href":"https:\/\/mrm-style.com\/sr\/wp-json\/wp\/v2\/tags?post=20678"}],"curies":[{"name":"wp","href":"https:\/\/api.w.org\/{rel}","templated":true}]}}