{"id":3099,"date":"2018-07-22T10:59:19","date_gmt":"2018-07-22T09:59:19","guid":{"rendered":"https:\/\/mrm-style.com\/sr\/?p=3099"},"modified":"2018-07-22T10:59:19","modified_gmt":"2018-07-22T09:59:19","slug":"pisma-iz-maroka-modna-prica-iz-esauire","status":"publish","type":"post","link":"https:\/\/mrm-style.com\/sr\/pisma-iz-maroka-modna-prica-iz-esauire\/","title":{"rendered":"Pisma iz Maroka: Modna pri\u010da iz Esauire"},"content":{"rendered":"<p>Zdravo svima, kako ste mi danas? Da li ste spremni za novu pri\u010du iz dalekog Maroka? Danas \u0107u vam predstaviti drugi grad koji sam posetio u ovoj predivnoj zemlji. Dobro do\u0161li u Esauiru! Esauira je jedan \u017eivopisan ribarski gradi\u0107. Zbog klimatskih uslova, dobio je simpati\u010dan nadimak &#8220;Grad Vetrova&#8221;. Postoji vrlo zanimljiv festival koji se organizuje svake godine u jesen i posve\u0107en je svim ljubiteljima zmajeva. Ovaj put nisam imao priliku da osetim taj adrenalin, ali sam u\u017eivao u prelepim slikama koje su mi pokazali na\u0161i vodi\u010di iz Turisti\u010dke organizacije ovog grada.<\/p>\n<p>Saznao sam jo\u0161 par zanimljivosti o ovom neobi\u010dnom gradu. Da li ste znali da je ovaj grad pre nosio portugalski naziv Mogador, \u0161to na berberskom jeziku zna\u010di zid, jer je portugalski Mogador bio sna\u017eno utvr\u0111en. Upravo zbog tih zidina, Esauira se na\u0161la na UNESCO-voj listi svetske ba\u0161tine u Africi 2001. godine. Na po\u010detku ovog posta \u017eeleo bih da se zahvalim mojim prijateljima iz <a href=\"https:\/\/visitmorocco.com\/en\"><em><strong>Turisti\u010dke organizacije Kraljevine Maroka<\/strong><\/em><\/a> na ovom divnom putovanju i avanturi koju \u0107u pamtiti!<\/p>\n<p>&nbsp;<\/p>\n<p><a href=\"https:\/\/mrm-style.com\/sr\/wp-content\/uploads\/2018\/07\/Pisma-iz-Maroka-Modna-prica-iz-Esauire-by-Mr.M-by-Marko-Tadic-9.jpg\"><img loading=\"lazy\" decoding=\"async\" class=\"aligncenter wp-image-3107 size-full\" src=\"https:\/\/mrm-style.com\/sr\/wp-content\/uploads\/2018\/07\/Pisma-iz-Maroka-Modna-prica-iz-Esauire-by-Mr.M-by-Marko-Tadic-9.jpg\" alt=\"\" width=\"1746\" height=\"1700\" srcset=\"https:\/\/mrm-style.com\/sr\/wp-content\/uploads\/2018\/07\/Pisma-iz-Maroka-Modna-prica-iz-Esauire-by-Mr.M-by-Marko-Tadic-9.jpg 1746w, https:\/\/mrm-style.com\/sr\/wp-content\/uploads\/2018\/07\/Pisma-iz-Maroka-Modna-prica-iz-Esauire-by-Mr.M-by-Marko-Tadic-9-300x292.jpg 300w, https:\/\/mrm-style.com\/sr\/wp-content\/uploads\/2018\/07\/Pisma-iz-Maroka-Modna-prica-iz-Esauire-by-Mr.M-by-Marko-Tadic-9-768x748.jpg 768w, https:\/\/mrm-style.com\/sr\/wp-content\/uploads\/2018\/07\/Pisma-iz-Maroka-Modna-prica-iz-Esauire-by-Mr.M-by-Marko-Tadic-9-1024x997.jpg 1024w, https:\/\/mrm-style.com\/sr\/wp-content\/uploads\/2018\/07\/Pisma-iz-Maroka-Modna-prica-iz-Esauire-by-Mr.M-by-Marko-Tadic-9-1440x1402.jpg 1440w, https:\/\/mrm-style.com\/sr\/wp-content\/uploads\/2018\/07\/Pisma-iz-Maroka-Modna-prica-iz-Esauire-by-Mr.M-by-Marko-Tadic-9-800x779.jpg 800w, https:\/\/mrm-style.com\/sr\/wp-content\/uploads\/2018\/07\/Pisma-iz-Maroka-Modna-prica-iz-Esauire-by-Mr.M-by-Marko-Tadic-9-550x536.jpg 550w, https:\/\/mrm-style.com\/sr\/wp-content\/uploads\/2018\/07\/Pisma-iz-Maroka-Modna-prica-iz-Esauire-by-Mr.M-by-Marko-Tadic-9-1109x1080.jpg 1109w, https:\/\/mrm-style.com\/sr\/wp-content\/uploads\/2018\/07\/Pisma-iz-Maroka-Modna-prica-iz-Esauire-by-Mr.M-by-Marko-Tadic-9-616x600.jpg 616w\" sizes=\"auto, (max-width: 1746px) 100vw, 1746px\" \/><\/a><\/p>\n<p>&nbsp;<\/p>\n<p>Put od Marake\u0161a do ovog primorskog mesta je bilo vrlo zanimljivo za mene&#8230; Samo \u0107u re\u0107i &#8220;Drvo koza&#8221; u slede\u0107em postu \u0107ete imati priliku da vidite kako to zaista izgleda. Zaista je o\u010daravaju\u0107e kada posle peska i pustinje odjednom ugledate Atlanski okean. Pejza\u017e za pam\u0107enje! Mo\u017eda smo Saul i ja bili malo umorni od puta, ali nam je bilo potrebno dvadesetak minuta da se &#8220;resetujemo&#8221; i spremimo za novu avanturu. Kada sam ugledao to jutarnje sunce, prosto sam morao da se presvu\u010dem, znao sam da \u0107u sigurno napraviti nove slike za modni post.<\/p>\n<p>&nbsp;<\/p>\n<p><a href=\"https:\/\/mrm-style.com\/sr\/wp-content\/uploads\/2018\/07\/Pisma-iz-Maroka-Modna-prica-iz-Esauire-by-Mr.M-by-Marko-Tadic-2.jpg\"><img loading=\"lazy\" decoding=\"async\" class=\"aligncenter wp-image-3100 size-full\" src=\"https:\/\/mrm-style.com\/sr\/wp-content\/uploads\/2018\/07\/Pisma-iz-Maroka-Modna-prica-iz-Esauire-by-Mr.M-by-Marko-Tadic-2.jpg\" alt=\"\" width=\"1500\" height=\"2250\" srcset=\"https:\/\/mrm-style.com\/sr\/wp-content\/uploads\/2018\/07\/Pisma-iz-Maroka-Modna-prica-iz-Esauire-by-Mr.M-by-Marko-Tadic-2.jpg 1500w, https:\/\/mrm-style.com\/sr\/wp-content\/uploads\/2018\/07\/Pisma-iz-Maroka-Modna-prica-iz-Esauire-by-Mr.M-by-Marko-Tadic-2-200x300.jpg 200w, https:\/\/mrm-style.com\/sr\/wp-content\/uploads\/2018\/07\/Pisma-iz-Maroka-Modna-prica-iz-Esauire-by-Mr.M-by-Marko-Tadic-2-768x1152.jpg 768w, https:\/\/mrm-style.com\/sr\/wp-content\/uploads\/2018\/07\/Pisma-iz-Maroka-Modna-prica-iz-Esauire-by-Mr.M-by-Marko-Tadic-2-683x1024.jpg 683w, https:\/\/mrm-style.com\/sr\/wp-content\/uploads\/2018\/07\/Pisma-iz-Maroka-Modna-prica-iz-Esauire-by-Mr.M-by-Marko-Tadic-2-1440x2160.jpg 1440w, https:\/\/mrm-style.com\/sr\/wp-content\/uploads\/2018\/07\/Pisma-iz-Maroka-Modna-prica-iz-Esauire-by-Mr.M-by-Marko-Tadic-2-800x1200.jpg 800w, https:\/\/mrm-style.com\/sr\/wp-content\/uploads\/2018\/07\/Pisma-iz-Maroka-Modna-prica-iz-Esauire-by-Mr.M-by-Marko-Tadic-2-550x825.jpg 550w, https:\/\/mrm-style.com\/sr\/wp-content\/uploads\/2018\/07\/Pisma-iz-Maroka-Modna-prica-iz-Esauire-by-Mr.M-by-Marko-Tadic-2-720x1080.jpg 720w, https:\/\/mrm-style.com\/sr\/wp-content\/uploads\/2018\/07\/Pisma-iz-Maroka-Modna-prica-iz-Esauire-by-Mr.M-by-Marko-Tadic-2-400x600.jpg 400w\" sizes=\"auto, (max-width: 1500px) 100vw, 1500px\" \/><\/a><\/p>\n<p>&nbsp;<\/p>\n<p>Fasade su u plavim klasi\u010dnim primorskim tonovima i sreo sam dosta \u010detvorono\u017enih prijatelja i ljubitelja ribe &#8211; ma\u010dke. Ma\u010dke u\u017eivaju u ovom mestu velike privilegije. \u017ditelji ovog grada prosto obo\u017eavaju \u017eivotinje, pa \u010dak i svaki uli\u010dni prodavac ima svoju ma\u010dku koja mu pravi dru\u0161tvo, pa \u010dak i na visokim temperaturama. To su prava prijateljstva!<\/p>\n<p>&nbsp;<\/p>\n<p><a href=\"https:\/\/mrm-style.com\/sr\/wp-content\/uploads\/2018\/07\/Pisma-iz-Maroka-Modna-prica-iz-Esauire-by-Mr.M-by-Marko-Tadic-4.jpg\"><img loading=\"lazy\" decoding=\"async\" class=\"aligncenter wp-image-3102 size-full\" src=\"https:\/\/mrm-style.com\/sr\/wp-content\/uploads\/2018\/07\/Pisma-iz-Maroka-Modna-prica-iz-Esauire-by-Mr.M-by-Marko-Tadic-4.jpg\" alt=\"\" width=\"3482\" height=\"1500\" srcset=\"https:\/\/mrm-style.com\/sr\/wp-content\/uploads\/2018\/07\/Pisma-iz-Maroka-Modna-prica-iz-Esauire-by-Mr.M-by-Marko-Tadic-4.jpg 3482w, https:\/\/mrm-style.com\/sr\/wp-content\/uploads\/2018\/07\/Pisma-iz-Maroka-Modna-prica-iz-Esauire-by-Mr.M-by-Marko-Tadic-4-300x129.jpg 300w, https:\/\/mrm-style.com\/sr\/wp-content\/uploads\/2018\/07\/Pisma-iz-Maroka-Modna-prica-iz-Esauire-by-Mr.M-by-Marko-Tadic-4-768x331.jpg 768w, https:\/\/mrm-style.com\/sr\/wp-content\/uploads\/2018\/07\/Pisma-iz-Maroka-Modna-prica-iz-Esauire-by-Mr.M-by-Marko-Tadic-4-1024x441.jpg 1024w, https:\/\/mrm-style.com\/sr\/wp-content\/uploads\/2018\/07\/Pisma-iz-Maroka-Modna-prica-iz-Esauire-by-Mr.M-by-Marko-Tadic-4-1440x620.jpg 1440w, https:\/\/mrm-style.com\/sr\/wp-content\/uploads\/2018\/07\/Pisma-iz-Maroka-Modna-prica-iz-Esauire-by-Mr.M-by-Marko-Tadic-4-800x345.jpg 800w, https:\/\/mrm-style.com\/sr\/wp-content\/uploads\/2018\/07\/Pisma-iz-Maroka-Modna-prica-iz-Esauire-by-Mr.M-by-Marko-Tadic-4-550x237.jpg 550w, https:\/\/mrm-style.com\/sr\/wp-content\/uploads\/2018\/07\/Pisma-iz-Maroka-Modna-prica-iz-Esauire-by-Mr.M-by-Marko-Tadic-4-1920x827.jpg 1920w, https:\/\/mrm-style.com\/sr\/wp-content\/uploads\/2018\/07\/Pisma-iz-Maroka-Modna-prica-iz-Esauire-by-Mr.M-by-Marko-Tadic-4-1393x600.jpg 1393w\" sizes=\"auto, (max-width: 3482px) 100vw, 3482px\" \/><\/a><\/p>\n<p>&nbsp;<\/p>\n<p>Uspeo sam da uskladim svoju odevnu kombinaciju sa primorskim duhom ovog marokanskog grada. Kao \u0161to vidite \u010dak sam pro\u0161etao i pijacom koja je bila zatvorena jer smo isuvi\u0161e rano do\u0161li i krenuli sa svojim aktivnostima. Osmeh je najbolji na\u010din da se zapo\u010dne novi dan, ne \u0161kodi ni na prazan stomak! \ud83d\ude42<\/p>\n<p>&nbsp;<\/p>\n<p><a href=\"https:\/\/mrm-style.com\/sr\/wp-content\/uploads\/2018\/07\/Pisma-iz-Maroka-Modna-prica-iz-Esauire-by-Mr.M-by-Marko-Tadic-5.jpg\"><img loading=\"lazy\" decoding=\"async\" class=\"aligncenter wp-image-3103 size-full\" src=\"https:\/\/mrm-style.com\/sr\/wp-content\/uploads\/2018\/07\/Pisma-iz-Maroka-Modna-prica-iz-Esauire-by-Mr.M-by-Marko-Tadic-5.jpg\" alt=\"\" width=\"1600\" height=\"2400\" srcset=\"https:\/\/mrm-style.com\/sr\/wp-content\/uploads\/2018\/07\/Pisma-iz-Maroka-Modna-prica-iz-Esauire-by-Mr.M-by-Marko-Tadic-5.jpg 1600w, https:\/\/mrm-style.com\/sr\/wp-content\/uploads\/2018\/07\/Pisma-iz-Maroka-Modna-prica-iz-Esauire-by-Mr.M-by-Marko-Tadic-5-200x300.jpg 200w, https:\/\/mrm-style.com\/sr\/wp-content\/uploads\/2018\/07\/Pisma-iz-Maroka-Modna-prica-iz-Esauire-by-Mr.M-by-Marko-Tadic-5-768x1152.jpg 768w, https:\/\/mrm-style.com\/sr\/wp-content\/uploads\/2018\/07\/Pisma-iz-Maroka-Modna-prica-iz-Esauire-by-Mr.M-by-Marko-Tadic-5-683x1024.jpg 683w, https:\/\/mrm-style.com\/sr\/wp-content\/uploads\/2018\/07\/Pisma-iz-Maroka-Modna-prica-iz-Esauire-by-Mr.M-by-Marko-Tadic-5-1440x2160.jpg 1440w, https:\/\/mrm-style.com\/sr\/wp-content\/uploads\/2018\/07\/Pisma-iz-Maroka-Modna-prica-iz-Esauire-by-Mr.M-by-Marko-Tadic-5-800x1200.jpg 800w, https:\/\/mrm-style.com\/sr\/wp-content\/uploads\/2018\/07\/Pisma-iz-Maroka-Modna-prica-iz-Esauire-by-Mr.M-by-Marko-Tadic-5-550x825.jpg 550w, https:\/\/mrm-style.com\/sr\/wp-content\/uploads\/2018\/07\/Pisma-iz-Maroka-Modna-prica-iz-Esauire-by-Mr.M-by-Marko-Tadic-5-720x1080.jpg 720w, https:\/\/mrm-style.com\/sr\/wp-content\/uploads\/2018\/07\/Pisma-iz-Maroka-Modna-prica-iz-Esauire-by-Mr.M-by-Marko-Tadic-5-400x600.jpg 400w\" sizes=\"auto, (max-width: 1600px) 100vw, 1600px\" \/><\/a><\/p>\n<p>&nbsp;<\/p>\n<p>Esauira (Esaura) je neobi\u010dan grad, ulice su sli\u010dne i imao sam ose\u0107aj da se vrtim u krug dok nisam opet iskoristio svoju sposobnost snala\u017eenja u prostoru pa sam uz malu pomo\u0107 ma\u010daka koje su pravile dru\u0161tvo svojim vlasnicima, uli\u010dnim prodavcima na ulici uspeo da u\u017eivam u ulicama ovog neobi\u010dnog grada.<\/p>\n<p>&nbsp;<\/p>\n<p><a href=\"https:\/\/mrm-style.com\/sr\/wp-content\/uploads\/2018\/07\/Pisma-iz-Maroka-Modna-prica-iz-Esauire-by-Mr.M-by-Marko-Tadic-6.jpg\"><img loading=\"lazy\" decoding=\"async\" class=\"aligncenter wp-image-3104 size-full\" src=\"https:\/\/mrm-style.com\/sr\/wp-content\/uploads\/2018\/07\/Pisma-iz-Maroka-Modna-prica-iz-Esauire-by-Mr.M-by-Marko-Tadic-6.jpg\" alt=\"\" width=\"1800\" height=\"2700\" srcset=\"https:\/\/mrm-style.com\/sr\/wp-content\/uploads\/2018\/07\/Pisma-iz-Maroka-Modna-prica-iz-Esauire-by-Mr.M-by-Marko-Tadic-6.jpg 1800w, https:\/\/mrm-style.com\/sr\/wp-content\/uploads\/2018\/07\/Pisma-iz-Maroka-Modna-prica-iz-Esauire-by-Mr.M-by-Marko-Tadic-6-200x300.jpg 200w, https:\/\/mrm-style.com\/sr\/wp-content\/uploads\/2018\/07\/Pisma-iz-Maroka-Modna-prica-iz-Esauire-by-Mr.M-by-Marko-Tadic-6-768x1152.jpg 768w, https:\/\/mrm-style.com\/sr\/wp-content\/uploads\/2018\/07\/Pisma-iz-Maroka-Modna-prica-iz-Esauire-by-Mr.M-by-Marko-Tadic-6-683x1024.jpg 683w, https:\/\/mrm-style.com\/sr\/wp-content\/uploads\/2018\/07\/Pisma-iz-Maroka-Modna-prica-iz-Esauire-by-Mr.M-by-Marko-Tadic-6-1440x2160.jpg 1440w, https:\/\/mrm-style.com\/sr\/wp-content\/uploads\/2018\/07\/Pisma-iz-Maroka-Modna-prica-iz-Esauire-by-Mr.M-by-Marko-Tadic-6-800x1200.jpg 800w, https:\/\/mrm-style.com\/sr\/wp-content\/uploads\/2018\/07\/Pisma-iz-Maroka-Modna-prica-iz-Esauire-by-Mr.M-by-Marko-Tadic-6-550x825.jpg 550w, https:\/\/mrm-style.com\/sr\/wp-content\/uploads\/2018\/07\/Pisma-iz-Maroka-Modna-prica-iz-Esauire-by-Mr.M-by-Marko-Tadic-6-720x1080.jpg 720w, https:\/\/mrm-style.com\/sr\/wp-content\/uploads\/2018\/07\/Pisma-iz-Maroka-Modna-prica-iz-Esauire-by-Mr.M-by-Marko-Tadic-6-400x600.jpg 400w\" sizes=\"auto, (max-width: 1800px) 100vw, 1800px\" \/><\/a><\/p>\n<p>&nbsp;<\/p>\n<p>\u010covek kojeg vidite pored mene je bio na\u0161 vodi\u010d tog dana u Esauiri, on je ovde ro\u0111en pa nam je \u010dak i pokazao ulicu u kojoj je ro\u0111en i ispri\u010dao jednu kratku pri\u010du u svom detinjstvu i kako izgleda odrastanje u Esauri. Vrlo zanimljiva pri\u010da, malo neobi\u010dna za nas iz Evrope, ali vrlo pou\u010dna. Po\u0161to je tog dana bila odlu\u010duju\u0107a utakmica za reprezentaciju Argentine na Svetskom prvenstvu, pa su mislili da na\u0161 vodi\u010d navija za Argentinu. Marokanci su ina\u010de vrlo komunikativan i veseo narod, svako \u0107e izdvojiti par minuta da popri\u010da sa vama na ulici (pod uslovom da znate francuski ili da nai\u0111ete na osobu koja zna engleski).<\/p>\n<p>&nbsp;<\/p>\n<p><a href=\"https:\/\/mrm-style.com\/sr\/wp-content\/uploads\/2018\/07\/Pisma-iz-Maroka-Modna-prica-iz-Esauire-by-Mr.M-by-Marko-Tadic-3.jpg\"><img loading=\"lazy\" decoding=\"async\" class=\"aligncenter wp-image-3101 size-full\" src=\"https:\/\/mrm-style.com\/sr\/wp-content\/uploads\/2018\/07\/Pisma-iz-Maroka-Modna-prica-iz-Esauire-by-Mr.M-by-Marko-Tadic-3.jpg\" alt=\"\" width=\"1800\" height=\"2700\" srcset=\"https:\/\/mrm-style.com\/sr\/wp-content\/uploads\/2018\/07\/Pisma-iz-Maroka-Modna-prica-iz-Esauire-by-Mr.M-by-Marko-Tadic-3.jpg 1800w, https:\/\/mrm-style.com\/sr\/wp-content\/uploads\/2018\/07\/Pisma-iz-Maroka-Modna-prica-iz-Esauire-by-Mr.M-by-Marko-Tadic-3-200x300.jpg 200w, https:\/\/mrm-style.com\/sr\/wp-content\/uploads\/2018\/07\/Pisma-iz-Maroka-Modna-prica-iz-Esauire-by-Mr.M-by-Marko-Tadic-3-768x1152.jpg 768w, https:\/\/mrm-style.com\/sr\/wp-content\/uploads\/2018\/07\/Pisma-iz-Maroka-Modna-prica-iz-Esauire-by-Mr.M-by-Marko-Tadic-3-683x1024.jpg 683w, https:\/\/mrm-style.com\/sr\/wp-content\/uploads\/2018\/07\/Pisma-iz-Maroka-Modna-prica-iz-Esauire-by-Mr.M-by-Marko-Tadic-3-1440x2160.jpg 1440w, https:\/\/mrm-style.com\/sr\/wp-content\/uploads\/2018\/07\/Pisma-iz-Maroka-Modna-prica-iz-Esauire-by-Mr.M-by-Marko-Tadic-3-800x1200.jpg 800w, https:\/\/mrm-style.com\/sr\/wp-content\/uploads\/2018\/07\/Pisma-iz-Maroka-Modna-prica-iz-Esauire-by-Mr.M-by-Marko-Tadic-3-550x825.jpg 550w, https:\/\/mrm-style.com\/sr\/wp-content\/uploads\/2018\/07\/Pisma-iz-Maroka-Modna-prica-iz-Esauire-by-Mr.M-by-Marko-Tadic-3-720x1080.jpg 720w, https:\/\/mrm-style.com\/sr\/wp-content\/uploads\/2018\/07\/Pisma-iz-Maroka-Modna-prica-iz-Esauire-by-Mr.M-by-Marko-Tadic-3-400x600.jpg 400w\" sizes=\"auto, (max-width: 1800px) 100vw, 1800px\" \/><\/a><\/p>\n<p>&nbsp;<\/p>\n<p>Ovo je ulica u kojoj je odrastao na\u0161 vodi\u010d, pokazivao mi je gde su se nalazile prostorije gde su njihove majke i bake spremale hleb po\u0161to nisu imali kuhinje u svojim malim stanovima. Imali su posebne prostorije gde su mesili i pekli hleb, a posebne prostorije za pranje ve\u0161a. Svako je imao svoj termin i to su svi uvek po\u0161tovali. Zajedno u jednom kom\u0161iluku su \u017eivele jevrejske i muslimanske porodice i vera im nije smetala da imaju dobre odnose.<\/p>\n<p>&nbsp;<\/p>\n<p><a href=\"https:\/\/mrm-style.com\/sr\/wp-content\/uploads\/2018\/07\/Pisma-iz-Maroka-Modna-prica-iz-Esauire-by-Mr.M-by-Marko-Tadic-8.jpg\"><img loading=\"lazy\" decoding=\"async\" class=\"aligncenter wp-image-3106 size-full\" src=\"https:\/\/mrm-style.com\/sr\/wp-content\/uploads\/2018\/07\/Pisma-iz-Maroka-Modna-prica-iz-Esauire-by-Mr.M-by-Marko-Tadic-8.jpg\" alt=\"\" width=\"1600\" height=\"2397\" srcset=\"https:\/\/mrm-style.com\/sr\/wp-content\/uploads\/2018\/07\/Pisma-iz-Maroka-Modna-prica-iz-Esauire-by-Mr.M-by-Marko-Tadic-8.jpg 1600w, https:\/\/mrm-style.com\/sr\/wp-content\/uploads\/2018\/07\/Pisma-iz-Maroka-Modna-prica-iz-Esauire-by-Mr.M-by-Marko-Tadic-8-200x300.jpg 200w, https:\/\/mrm-style.com\/sr\/wp-content\/uploads\/2018\/07\/Pisma-iz-Maroka-Modna-prica-iz-Esauire-by-Mr.M-by-Marko-Tadic-8-768x1151.jpg 768w, https:\/\/mrm-style.com\/sr\/wp-content\/uploads\/2018\/07\/Pisma-iz-Maroka-Modna-prica-iz-Esauire-by-Mr.M-by-Marko-Tadic-8-684x1024.jpg 684w, https:\/\/mrm-style.com\/sr\/wp-content\/uploads\/2018\/07\/Pisma-iz-Maroka-Modna-prica-iz-Esauire-by-Mr.M-by-Marko-Tadic-8-1440x2157.jpg 1440w, https:\/\/mrm-style.com\/sr\/wp-content\/uploads\/2018\/07\/Pisma-iz-Maroka-Modna-prica-iz-Esauire-by-Mr.M-by-Marko-Tadic-8-800x1199.jpg 800w, https:\/\/mrm-style.com\/sr\/wp-content\/uploads\/2018\/07\/Pisma-iz-Maroka-Modna-prica-iz-Esauire-by-Mr.M-by-Marko-Tadic-8-550x824.jpg 550w, https:\/\/mrm-style.com\/sr\/wp-content\/uploads\/2018\/07\/Pisma-iz-Maroka-Modna-prica-iz-Esauire-by-Mr.M-by-Marko-Tadic-8-721x1080.jpg 721w, https:\/\/mrm-style.com\/sr\/wp-content\/uploads\/2018\/07\/Pisma-iz-Maroka-Modna-prica-iz-Esauire-by-Mr.M-by-Marko-Tadic-8-401x600.jpg 401w\" sizes=\"auto, (max-width: 1600px) 100vw, 1600px\" \/><\/a><\/p>\n<p>&nbsp;<\/p>\n<p>Nakon obilaska grada, bili smo u prilici da posetimo okolne vinograde. Bilo je vrlo zanimljivo i mali Marko je kona\u010dno ne\u0161to vi\u0161e nau\u010dio o vinu. Ako je osmeh malo kriv, oprostite mi pala je \u010da\u0161a vina, a ja nisam navikao da pijem! \ud83d\ude00 Iskoristio sam priliku i slikao modne detalje u ovom divnom ambijentu.<\/p>\n<p>&nbsp;<\/p>\n<p><a href=\"https:\/\/mrm-style.com\/sr\/wp-content\/uploads\/2018\/07\/Pisma-iz-Maroka-Modna-prica-iz-Esauire-by-Mr.M-by-Marko-Tadic-7.jpg\"><img loading=\"lazy\" decoding=\"async\" class=\"aligncenter wp-image-3105 size-full\" src=\"https:\/\/mrm-style.com\/sr\/wp-content\/uploads\/2018\/07\/Pisma-iz-Maroka-Modna-prica-iz-Esauire-by-Mr.M-by-Marko-Tadic-7.jpg\" alt=\"\" width=\"2248\" height=\"1500\" srcset=\"https:\/\/mrm-style.com\/sr\/wp-content\/uploads\/2018\/07\/Pisma-iz-Maroka-Modna-prica-iz-Esauire-by-Mr.M-by-Marko-Tadic-7.jpg 2248w, https:\/\/mrm-style.com\/sr\/wp-content\/uploads\/2018\/07\/Pisma-iz-Maroka-Modna-prica-iz-Esauire-by-Mr.M-by-Marko-Tadic-7-300x200.jpg 300w, https:\/\/mrm-style.com\/sr\/wp-content\/uploads\/2018\/07\/Pisma-iz-Maroka-Modna-prica-iz-Esauire-by-Mr.M-by-Marko-Tadic-7-768x512.jpg 768w, https:\/\/mrm-style.com\/sr\/wp-content\/uploads\/2018\/07\/Pisma-iz-Maroka-Modna-prica-iz-Esauire-by-Mr.M-by-Marko-Tadic-7-1024x683.jpg 1024w, https:\/\/mrm-style.com\/sr\/wp-content\/uploads\/2018\/07\/Pisma-iz-Maroka-Modna-prica-iz-Esauire-by-Mr.M-by-Marko-Tadic-7-1440x961.jpg 1440w, https:\/\/mrm-style.com\/sr\/wp-content\/uploads\/2018\/07\/Pisma-iz-Maroka-Modna-prica-iz-Esauire-by-Mr.M-by-Marko-Tadic-7-800x534.jpg 800w, https:\/\/mrm-style.com\/sr\/wp-content\/uploads\/2018\/07\/Pisma-iz-Maroka-Modna-prica-iz-Esauire-by-Mr.M-by-Marko-Tadic-7-550x367.jpg 550w, https:\/\/mrm-style.com\/sr\/wp-content\/uploads\/2018\/07\/Pisma-iz-Maroka-Modna-prica-iz-Esauire-by-Mr.M-by-Marko-Tadic-7-1920x1281.jpg 1920w, https:\/\/mrm-style.com\/sr\/wp-content\/uploads\/2018\/07\/Pisma-iz-Maroka-Modna-prica-iz-Esauire-by-Mr.M-by-Marko-Tadic-7-1619x1080.jpg 1619w, https:\/\/mrm-style.com\/sr\/wp-content\/uploads\/2018\/07\/Pisma-iz-Maroka-Modna-prica-iz-Esauire-by-Mr.M-by-Marko-Tadic-7-899x600.jpg 899w\" sizes=\"auto, (max-width: 2248px) 100vw, 2248px\" \/><\/a><\/p>\n<p>&nbsp;<\/p>\n<p>Moram priznati da sam u\u017eivao i hteo bih da se zahvalim <a href=\"https:\/\/www.valdargan.com\/fr\/\"><em><strong>VAL D&#8217;ARGAN<\/strong><\/em><\/a> vinariji na gostoprimstvu i da sam saznao dosta novih i korisnih stvari o proizvodnji vina, koje \u0107u sa vama podeliti u narednom postu. Verujte mi da \u0107ete se iznenaditi!<\/p>\n<p>&nbsp;<\/p>\n<p><a href=\"https:\/\/mrm-style.com\/sr\/wp-content\/uploads\/2018\/07\/Pisma-iz-Maroka-Modna-prica-iz-Esauire-by-Mr.M-by-Marko-Tadic.jpg\"><img loading=\"lazy\" decoding=\"async\" class=\"aligncenter wp-image-3109 size-full\" src=\"https:\/\/mrm-style.com\/sr\/wp-content\/uploads\/2018\/07\/Pisma-iz-Maroka-Modna-prica-iz-Esauire-by-Mr.M-by-Marko-Tadic.jpg\" alt=\"\" width=\"2830\" height=\"1500\" srcset=\"https:\/\/mrm-style.com\/sr\/wp-content\/uploads\/2018\/07\/Pisma-iz-Maroka-Modna-prica-iz-Esauire-by-Mr.M-by-Marko-Tadic.jpg 2830w, https:\/\/mrm-style.com\/sr\/wp-content\/uploads\/2018\/07\/Pisma-iz-Maroka-Modna-prica-iz-Esauire-by-Mr.M-by-Marko-Tadic-300x159.jpg 300w, https:\/\/mrm-style.com\/sr\/wp-content\/uploads\/2018\/07\/Pisma-iz-Maroka-Modna-prica-iz-Esauire-by-Mr.M-by-Marko-Tadic-768x407.jpg 768w, https:\/\/mrm-style.com\/sr\/wp-content\/uploads\/2018\/07\/Pisma-iz-Maroka-Modna-prica-iz-Esauire-by-Mr.M-by-Marko-Tadic-1024x543.jpg 1024w, https:\/\/mrm-style.com\/sr\/wp-content\/uploads\/2018\/07\/Pisma-iz-Maroka-Modna-prica-iz-Esauire-by-Mr.M-by-Marko-Tadic-1440x763.jpg 1440w, https:\/\/mrm-style.com\/sr\/wp-content\/uploads\/2018\/07\/Pisma-iz-Maroka-Modna-prica-iz-Esauire-by-Mr.M-by-Marko-Tadic-800x424.jpg 800w, https:\/\/mrm-style.com\/sr\/wp-content\/uploads\/2018\/07\/Pisma-iz-Maroka-Modna-prica-iz-Esauire-by-Mr.M-by-Marko-Tadic-550x292.jpg 550w, https:\/\/mrm-style.com\/sr\/wp-content\/uploads\/2018\/07\/Pisma-iz-Maroka-Modna-prica-iz-Esauire-by-Mr.M-by-Marko-Tadic-1920x1018.jpg 1920w, https:\/\/mrm-style.com\/sr\/wp-content\/uploads\/2018\/07\/Pisma-iz-Maroka-Modna-prica-iz-Esauire-by-Mr.M-by-Marko-Tadic-2038x1080.jpg 2038w, https:\/\/mrm-style.com\/sr\/wp-content\/uploads\/2018\/07\/Pisma-iz-Maroka-Modna-prica-iz-Esauire-by-Mr.M-by-Marko-Tadic-1132x600.jpg 1132w\" sizes=\"auto, (max-width: 2830px) 100vw, 2830px\" \/><\/a><\/p>\n<h3><\/h3>\n<h3 style=\"text-align: center;\">OUTFIT<\/h3>\n<p class=\"selectionShareable\" style=\"text-align: center;\"><em>Majica:\u00a0<\/em><strong>Zara<\/strong><\/p>\n<p class=\"selectionShareable\" style=\"text-align: center;\"><em>Pantalone:<\/em>\u00a0<strong>Dolce &amp; Gabbana<\/strong><\/p>\n<p class=\"selectionShareable\" style=\"text-align: center;\"><em>Ranac:<\/em>\u00a0<strong>Louis Vuitton<\/strong><\/p>\n<p class=\"selectionShareable\" style=\"text-align: center;\"><em>Mokasine: <a href=\"http:\/\/www.tods.com\/de_de\/\"><strong>Tod&#8217;s for Ferrari<\/strong><\/a><\/em><strong>\u00a0<\/strong><\/p>\n<p>&nbsp;<\/p>\n<p style=\"text-align: center;\"><em>Fotograf<\/em>: <a href=\"https:\/\/www.saaggophoto.com\"><strong>Saul Aguilar<\/strong><\/a> &#8211; <em>Instagram:<\/em> <a href=\"http:\/\/www.instagram.com\/saaggo\/\"><strong>@saaggo<\/strong><\/a><\/p>\n<p class=\"selectionShareable\" style=\"text-align: center;\"><em>Fotoaparati:<\/em> <a href=\"https:\/\/www.sony.de\/electronics\/wechselobjektivkameras\/ilce-7r\"><strong>Sony Alpha 7r<\/strong><\/a> i <a href=\"https:\/\/www.canon.de\/cameras\/eos-5d-mark-iv\/\"><strong>Canon EOS 5D Mark IV<\/strong><\/a><\/p>\n<p>&nbsp;<\/p>\n<p class=\"selectionShareable\">Dragi moji do\u0161li smo do kraja ovog drugog posta iz Maroka, vreme uvek proleti kada se \u010dovek lepo zabavlja! Ne brinite za par dana \u0107u objaviti novi post gde \u0107emo nastaviti zajedno da u\u017eivamo u \u010darima putovanja i nastavljamo avanturu kroz Esauiru.<\/p>\n<p class=\"selectionShareable\">Kako se vama dopao ova moja letnja kombinacija? Voleo bih da \u010dujem va\u0161e mi\u0161ljenje! Ako imate neko pitanje, komentar, sugestiju ili poruku za mene mo\u017eete mi napisati dole u komentarima. Naravno, kao i do sad uvek me mo\u017eete kontaktirati putem maila ili dru\u0161tvenih mre\u017ea i to mo\u017eete prona\u0107i na stranici\u00a0<a href=\"https:\/\/mrm-style.com\/sr\/kontakt\/\"><strong>KONTAKT<\/strong><\/a>. Vidimo se na istom mestu za par dana!<\/p>\n<p class=\"selectionShareable\"><em>Blogerski pozdrav,<\/em><\/p>\n<p class=\"selectionShareable\"><strong>Mr.M<\/strong><\/p>\n<p>&nbsp;<\/p>\n<p><a href=\"https:\/\/mrm-style.com\/sr\/wp-content\/uploads\/2018\/07\/Pisma-iz-Maroka-Modna-prica-iz-Esauire-by-Mr.M-by-Marko-Tadic-10.jpg\"><img loading=\"lazy\" decoding=\"async\" class=\"aligncenter wp-image-3108 size-full\" src=\"https:\/\/mrm-style.com\/sr\/wp-content\/uploads\/2018\/07\/Pisma-iz-Maroka-Modna-prica-iz-Esauire-by-Mr.M-by-Marko-Tadic-10.jpg\" alt=\"\" width=\"2248\" height=\"1500\" srcset=\"https:\/\/mrm-style.com\/sr\/wp-content\/uploads\/2018\/07\/Pisma-iz-Maroka-Modna-prica-iz-Esauire-by-Mr.M-by-Marko-Tadic-10.jpg 2248w, https:\/\/mrm-style.com\/sr\/wp-content\/uploads\/2018\/07\/Pisma-iz-Maroka-Modna-prica-iz-Esauire-by-Mr.M-by-Marko-Tadic-10-300x200.jpg 300w, https:\/\/mrm-style.com\/sr\/wp-content\/uploads\/2018\/07\/Pisma-iz-Maroka-Modna-prica-iz-Esauire-by-Mr.M-by-Marko-Tadic-10-768x512.jpg 768w, https:\/\/mrm-style.com\/sr\/wp-content\/uploads\/2018\/07\/Pisma-iz-Maroka-Modna-prica-iz-Esauire-by-Mr.M-by-Marko-Tadic-10-1024x683.jpg 1024w, https:\/\/mrm-style.com\/sr\/wp-content\/uploads\/2018\/07\/Pisma-iz-Maroka-Modna-prica-iz-Esauire-by-Mr.M-by-Marko-Tadic-10-1440x961.jpg 1440w, https:\/\/mrm-style.com\/sr\/wp-content\/uploads\/2018\/07\/Pisma-iz-Maroka-Modna-prica-iz-Esauire-by-Mr.M-by-Marko-Tadic-10-800x534.jpg 800w, https:\/\/mrm-style.com\/sr\/wp-content\/uploads\/2018\/07\/Pisma-iz-Maroka-Modna-prica-iz-Esauire-by-Mr.M-by-Marko-Tadic-10-550x367.jpg 550w, https:\/\/mrm-style.com\/sr\/wp-content\/uploads\/2018\/07\/Pisma-iz-Maroka-Modna-prica-iz-Esauire-by-Mr.M-by-Marko-Tadic-10-1920x1281.jpg 1920w, https:\/\/mrm-style.com\/sr\/wp-content\/uploads\/2018\/07\/Pisma-iz-Maroka-Modna-prica-iz-Esauire-by-Mr.M-by-Marko-Tadic-10-1619x1080.jpg 1619w, https:\/\/mrm-style.com\/sr\/wp-content\/uploads\/2018\/07\/Pisma-iz-Maroka-Modna-prica-iz-Esauire-by-Mr.M-by-Marko-Tadic-10-899x600.jpg 899w\" sizes=\"auto, (max-width: 2248px) 100vw, 2248px\" \/><\/a><\/p>\n<h5 style=\"text-align: center;\">Ovaj post je sponzorisan od strane <a href=\"https:\/\/visitmorocco.com\/en\">Turisti\u010dke organizacije Maroka<\/a>, <a href=\"https:\/\/www.visitmorocco.com\/en\/travel\/essaouira-mogador\">Turisti\u010dke organizacije grada Esauira<\/a>, vinarije <a href=\"https:\/\/www.valdargan.com\/fr\/\">VAL D&#8217;ARGAN<\/a> i kompanije <a href=\"https:\/\/www.todsgroup.com\/en\">Tod&#8217;s Group S.p.A<\/a>. Za izradu ovih fotografija kori\u0161\u0107eni su <a href=\"https:\/\/www.sony.de\/electronics\/wechselobjektivkameras\/ilce-7r\">Sony Alpha 7r<\/a> i <a href=\"https:\/\/www.canon.de\/cameras\/eos-5d-mark-iv\/\">Canon EOS 5D Mark IV<\/a>.<\/h5>\n<p>&nbsp;<\/p>\n<p>&nbsp;<\/p>\n","protected":false},"excerpt":{"rendered":"<p>Zdravo svima, kako ste mi danas? Da li ste spremni za novu pri\u010du iz dalekog Maroka? Danas \u0107u vam predstaviti drugi grad koji sam posetio u ovoj predivnoj zemlji. Dobro do\u0161li u Esauiru! Esauira je jedan \u017eivopisan ribarski gradi\u0107. Zbog klimatskih uslova, dobio je simpati\u010dan nadimak &#8220;Grad Vetrova&#8221;. Postoji vrlo zanimljiv festival koji se organizuje svake godine u jesen i posve\u0107en je svim ljubiteljima zmajeva. Ovaj put nisam imao priliku da osetim taj adrenalin, ali sam u\u017eivao u prelepim slikama koje su mi pokazali na\u0161i vodi\u010di iz Turisti\u010dke organizacije ovog&#8230; <span class=\"more\"><a class=\"more-link\" href=\"https:\/\/mrm-style.com\/sr\/pisma-iz-maroka-modna-prica-iz-esauire\/\">Read More<\/a><\/span><\/p>\n","protected":false},"author":1,"featured_media":3102,"comment_status":"open","ping_status":"open","sticky":false,"template":"","format":"standard","meta":{"om_disable_all_campaigns":false,"_monsterinsights_skip_tracking":false,"_monsterinsights_sitenote_active":false,"_monsterinsights_sitenote_note":"","_monsterinsights_sitenote_category":0,"footnotes":""},"categories":[52,159],"tags":[2305,2333,2332,129,56,2300,54,55,2331,77,2336,2335,2334,1682,1928,1927,141,57],"class_list":["post-3099","post","type-post","status-publish","format-standard","has-post-thumbnail","hentry","category-moda","category-outfit-post","tag-afrika","tag-dolce-gabbana","tag-esauira","tag-louis-vuitton","tag-marko-tadic","tag-maroko","tag-mr-m","tag-mr-m-by-marko-tadic","tag-mrmbymarkotadic","tag-putovanja","tag-saaggo","tag-saaggophoto","tag-saul-aguilar","tag-sony","tag-sony-alpha-7r","tag-sony-deutschland","tag-tods","tag-zara"],"aioseo_notices":[],"_links":{"self":[{"href":"https:\/\/mrm-style.com\/sr\/wp-json\/wp\/v2\/posts\/3099","targetHints":{"allow":["GET"]}}],"collection":[{"href":"https:\/\/mrm-style.com\/sr\/wp-json\/wp\/v2\/posts"}],"about":[{"href":"https:\/\/mrm-style.com\/sr\/wp-json\/wp\/v2\/types\/post"}],"author":[{"embeddable":true,"href":"https:\/\/mrm-style.com\/sr\/wp-json\/wp\/v2\/users\/1"}],"replies":[{"embeddable":true,"href":"https:\/\/mrm-style.com\/sr\/wp-json\/wp\/v2\/comments?post=3099"}],"version-history":[{"count":1,"href":"https:\/\/mrm-style.com\/sr\/wp-json\/wp\/v2\/posts\/3099\/revisions"}],"predecessor-version":[{"id":3110,"href":"https:\/\/mrm-style.com\/sr\/wp-json\/wp\/v2\/posts\/3099\/revisions\/3110"}],"wp:featuredmedia":[{"embeddable":true,"href":"https:\/\/mrm-style.com\/sr\/wp-json\/wp\/v2\/media\/3102"}],"wp:attachment":[{"href":"https:\/\/mrm-style.com\/sr\/wp-json\/wp\/v2\/media?parent=3099"}],"wp:term":[{"taxonomy":"category","embeddable":true,"href":"https:\/\/mrm-style.com\/sr\/wp-json\/wp\/v2\/categories?post=3099"},{"taxonomy":"post_tag","embeddable":true,"href":"https:\/\/mrm-style.com\/sr\/wp-json\/wp\/v2\/tags?post=3099"}],"curies":[{"name":"wp","href":"https:\/\/api.w.org\/{rel}","templated":true}]}}