{"id":3350,"date":"2018-10-04T20:34:35","date_gmt":"2018-10-04T19:34:35","guid":{"rendered":"https:\/\/mrm-style.com\/sr\/?p=3350"},"modified":"2018-10-04T23:14:27","modified_gmt":"2018-10-04T22:14:27","slug":"minhen-jedna-bavarska-prica-o-gradu-pereca","status":"publish","type":"post","link":"https:\/\/mrm-style.com\/sr\/minhen-jedna-bavarska-prica-o-gradu-pereca\/","title":{"rendered":"Minhen: Jedna bavarska pri\u010da o gradu pereca"},"content":{"rendered":"<p>Zdravo svima! Dragi moji pustolovi vreme je za novi post! Siguran sam da su vam pomalo nedostajale moje pri\u010de sa putovanja zato sam vam danas spremio jednu malu zanimljivu pri\u010dicu o gradu pereca (i dobrog piva) za koji sam siguran da ste svi \u010duli. Dobro do\u0161li u Mihen! Minhen je glavni grad savezne pokrajine Bavarske. Nakon Berlina i Hamburga, Minhen je tre\u0107i grad po veli\u010dini u Nema\u010dkoj. \u0160ta mislite koliko stanovnika u\u017eiva svakodnevno u slasnim \u0111akonijama poput pereca i popije koju \u010da\u0161u vi\u0161e piva? Ne znate? Niste sigurni? Razmislite malo&#8230; Dobro, dao sam vam \u0161ansu da poga\u0111ate, sad budite iskreni da recite da li ste bili blizu &#8211; 1,45 hajde prizna\u0107emo odgovor 1,5 miliona, ali ako gledamo sa okolinom grad Minhen broji skoro 2 miliona du\u0161a.<\/p>\n<p>&nbsp;<\/p>\n<p><a href=\"https:\/\/mrm-style.com\/sr\/wp-content\/uploads\/2018\/10\/Minhen-Jedna-bavarska-prica-o-gradu-pereca-by-Mr.M-by-Marko-Tadic-2.jpg\"><img loading=\"lazy\" decoding=\"async\" class=\"aligncenter wp-image-3352 size-full\" src=\"https:\/\/mrm-style.com\/sr\/wp-content\/uploads\/2018\/10\/Minhen-Jedna-bavarska-prica-o-gradu-pereca-by-Mr.M-by-Marko-Tadic-2.jpg\" alt=\"\" width=\"1800\" height=\"2822\" srcset=\"https:\/\/mrm-style.com\/sr\/wp-content\/uploads\/2018\/10\/Minhen-Jedna-bavarska-prica-o-gradu-pereca-by-Mr.M-by-Marko-Tadic-2.jpg 1800w, https:\/\/mrm-style.com\/sr\/wp-content\/uploads\/2018\/10\/Minhen-Jedna-bavarska-prica-o-gradu-pereca-by-Mr.M-by-Marko-Tadic-2-191x300.jpg 191w, https:\/\/mrm-style.com\/sr\/wp-content\/uploads\/2018\/10\/Minhen-Jedna-bavarska-prica-o-gradu-pereca-by-Mr.M-by-Marko-Tadic-2-768x1204.jpg 768w, https:\/\/mrm-style.com\/sr\/wp-content\/uploads\/2018\/10\/Minhen-Jedna-bavarska-prica-o-gradu-pereca-by-Mr.M-by-Marko-Tadic-2-653x1024.jpg 653w, https:\/\/mrm-style.com\/sr\/wp-content\/uploads\/2018\/10\/Minhen-Jedna-bavarska-prica-o-gradu-pereca-by-Mr.M-by-Marko-Tadic-2-1440x2258.jpg 1440w, https:\/\/mrm-style.com\/sr\/wp-content\/uploads\/2018\/10\/Minhen-Jedna-bavarska-prica-o-gradu-pereca-by-Mr.M-by-Marko-Tadic-2-800x1254.jpg 800w, https:\/\/mrm-style.com\/sr\/wp-content\/uploads\/2018\/10\/Minhen-Jedna-bavarska-prica-o-gradu-pereca-by-Mr.M-by-Marko-Tadic-2-550x862.jpg 550w, https:\/\/mrm-style.com\/sr\/wp-content\/uploads\/2018\/10\/Minhen-Jedna-bavarska-prica-o-gradu-pereca-by-Mr.M-by-Marko-Tadic-2-689x1080.jpg 689w, https:\/\/mrm-style.com\/sr\/wp-content\/uploads\/2018\/10\/Minhen-Jedna-bavarska-prica-o-gradu-pereca-by-Mr.M-by-Marko-Tadic-2-383x600.jpg 383w\" sizes=\"auto, (max-width: 1800px) 100vw, 1800px\" \/><\/a><\/p>\n<p>&nbsp;<\/p>\n<p>Ko su stanovnici Minhena? Neke statistike ka\u017eu da tre\u0107inu stanovni\u0161tva \u010dine stranci, neke statistike sa druge strane pokazuju da polovinu stanovni\u0161tva ovog \u017eivopisnog grada u Bavarskoj \u010dine stranci. Ne morate da puno da razmi\u0161ljate o strukturi stanovni\u0161tva jer ve\u0107inu \u010dine Turci, Jugosloveni i Italijani. Sli\u010dna je struktura u Berlinu, samo ruku na srce Jugoslovena je tamo mnogo, mnogo manje.<\/p>\n<p>Ja sam imao priliku da u\u017eivam u ovom gradu uz nesebi\u010dnu mojih prijatelja iz <a href=\"https:\/\/www.munich.travel\/en-gb\"><strong><em>Turisti\u010dke organizacije grada Minhena<\/em><\/strong><\/a> i nacionalne \u017eeleznice iz Nema\u010dke &#8211; <a href=\"https:\/\/www.bahn.de\/p\/view\/index.shtml\"><strong><em>Deutche Bahn<\/em><\/strong><\/a>, koji su pomogli da se mali Marko transportuje iz Ciriha nazad do Nema\u010dke, pa je re\u0161io pre nego \u0161to se vrati ku\u0107i svrati malo i u\u017eiva u bavarskom peciju. Hvala vam dragi moji prijatelja od srca i hvala mojim vodi\u010dima koji su istrpeli sva moja pitanja, nadam se da vam nisam bio previ\u0161e naporan! \ud83d\ude42<\/p>\n<p>&nbsp;<\/p>\n<p><a href=\"https:\/\/mrm-style.com\/sr\/wp-content\/uploads\/2018\/10\/Minhen-Jedna-bavarska-prica-o-gradu-pereca-by-Mr.M-by-Marko-Tadic-3.jpg\"><img loading=\"lazy\" decoding=\"async\" class=\"aligncenter wp-image-3353 size-full\" src=\"https:\/\/mrm-style.com\/sr\/wp-content\/uploads\/2018\/10\/Minhen-Jedna-bavarska-prica-o-gradu-pereca-by-Mr.M-by-Marko-Tadic-3.jpg\" alt=\"\" width=\"2428\" height=\"1800\" srcset=\"https:\/\/mrm-style.com\/sr\/wp-content\/uploads\/2018\/10\/Minhen-Jedna-bavarska-prica-o-gradu-pereca-by-Mr.M-by-Marko-Tadic-3.jpg 2428w, https:\/\/mrm-style.com\/sr\/wp-content\/uploads\/2018\/10\/Minhen-Jedna-bavarska-prica-o-gradu-pereca-by-Mr.M-by-Marko-Tadic-3-300x222.jpg 300w, https:\/\/mrm-style.com\/sr\/wp-content\/uploads\/2018\/10\/Minhen-Jedna-bavarska-prica-o-gradu-pereca-by-Mr.M-by-Marko-Tadic-3-768x569.jpg 768w, https:\/\/mrm-style.com\/sr\/wp-content\/uploads\/2018\/10\/Minhen-Jedna-bavarska-prica-o-gradu-pereca-by-Mr.M-by-Marko-Tadic-3-1024x759.jpg 1024w, https:\/\/mrm-style.com\/sr\/wp-content\/uploads\/2018\/10\/Minhen-Jedna-bavarska-prica-o-gradu-pereca-by-Mr.M-by-Marko-Tadic-3-1440x1068.jpg 1440w, https:\/\/mrm-style.com\/sr\/wp-content\/uploads\/2018\/10\/Minhen-Jedna-bavarska-prica-o-gradu-pereca-by-Mr.M-by-Marko-Tadic-3-800x593.jpg 800w, https:\/\/mrm-style.com\/sr\/wp-content\/uploads\/2018\/10\/Minhen-Jedna-bavarska-prica-o-gradu-pereca-by-Mr.M-by-Marko-Tadic-3-550x408.jpg 550w, https:\/\/mrm-style.com\/sr\/wp-content\/uploads\/2018\/10\/Minhen-Jedna-bavarska-prica-o-gradu-pereca-by-Mr.M-by-Marko-Tadic-3-1920x1423.jpg 1920w, https:\/\/mrm-style.com\/sr\/wp-content\/uploads\/2018\/10\/Minhen-Jedna-bavarska-prica-o-gradu-pereca-by-Mr.M-by-Marko-Tadic-3-1457x1080.jpg 1457w, https:\/\/mrm-style.com\/sr\/wp-content\/uploads\/2018\/10\/Minhen-Jedna-bavarska-prica-o-gradu-pereca-by-Mr.M-by-Marko-Tadic-3-809x600.jpg 809w\" sizes=\"auto, (max-width: 2428px) 100vw, 2428px\" \/><\/a><\/p>\n<p>&nbsp;<\/p>\n<p>Minhen je idealan grad za istra\u017eivanje ako ste veliki ljubitelj obilaska grada pe\u0161ke jer je ve\u0107ina grada pretvoreno u pe\u0161a\u010dku zonu. Ja sam bio tamo u Avgustu i bile su velike vru\u0107ine i jo\u0161 ve\u0107e rasprodaje pa se moj fotograf stalno \u017ealio na lo\u0161e uslove rada i &#8220;zlostavljanja&#8221; u Zarinim prodavnicama. Zahvaljujem se na strpljenju i moram priznati da sam presre\u0107an \u0161to sam zadr\u017eao fotografa! \ud83d\ude00<\/p>\n<p>Minhen je pravi grad hedonizma, sigurno se pitate za\u0161to? Malopre sam vam pomenuo strukturu stanovni\u0161tva, sa jedne strane imamo ljude iz Nema\u010dke koji osvajaju turiste sa \u010duvenim bavarskim pecivom, bilo slano ili slatko sve se u slast pojede! Sa druge strane imamo mnogobrojne ljude iz Turske koji su sa sobom doneli preukusne bakvalve, bureke i druge turske specijalitete. Ako volite sve ove specijalitete, mo\u017eete slobodno da se oprostite od lepe i vitke linije.<\/p>\n<p>&nbsp;<\/p>\n<p><a href=\"https:\/\/mrm-style.com\/sr\/wp-content\/uploads\/2018\/10\/Minhen-Jedna-bavarska-prica-o-gradu-pereca-by-Mr.M-by-Marko-Tadic-4.jpg\"><img loading=\"lazy\" decoding=\"async\" class=\"aligncenter wp-image-3354 size-full\" src=\"https:\/\/mrm-style.com\/sr\/wp-content\/uploads\/2018\/10\/Minhen-Jedna-bavarska-prica-o-gradu-pereca-by-Mr.M-by-Marko-Tadic-4.jpg\" alt=\"\" width=\"1800\" height=\"3046\" srcset=\"https:\/\/mrm-style.com\/sr\/wp-content\/uploads\/2018\/10\/Minhen-Jedna-bavarska-prica-o-gradu-pereca-by-Mr.M-by-Marko-Tadic-4.jpg 1800w, https:\/\/mrm-style.com\/sr\/wp-content\/uploads\/2018\/10\/Minhen-Jedna-bavarska-prica-o-gradu-pereca-by-Mr.M-by-Marko-Tadic-4-177x300.jpg 177w, https:\/\/mrm-style.com\/sr\/wp-content\/uploads\/2018\/10\/Minhen-Jedna-bavarska-prica-o-gradu-pereca-by-Mr.M-by-Marko-Tadic-4-768x1300.jpg 768w, https:\/\/mrm-style.com\/sr\/wp-content\/uploads\/2018\/10\/Minhen-Jedna-bavarska-prica-o-gradu-pereca-by-Mr.M-by-Marko-Tadic-4-605x1024.jpg 605w, https:\/\/mrm-style.com\/sr\/wp-content\/uploads\/2018\/10\/Minhen-Jedna-bavarska-prica-o-gradu-pereca-by-Mr.M-by-Marko-Tadic-4-1440x2437.jpg 1440w, https:\/\/mrm-style.com\/sr\/wp-content\/uploads\/2018\/10\/Minhen-Jedna-bavarska-prica-o-gradu-pereca-by-Mr.M-by-Marko-Tadic-4-800x1354.jpg 800w, https:\/\/mrm-style.com\/sr\/wp-content\/uploads\/2018\/10\/Minhen-Jedna-bavarska-prica-o-gradu-pereca-by-Mr.M-by-Marko-Tadic-4-550x931.jpg 550w, https:\/\/mrm-style.com\/sr\/wp-content\/uploads\/2018\/10\/Minhen-Jedna-bavarska-prica-o-gradu-pereca-by-Mr.M-by-Marko-Tadic-4-638x1080.jpg 638w, https:\/\/mrm-style.com\/sr\/wp-content\/uploads\/2018\/10\/Minhen-Jedna-bavarska-prica-o-gradu-pereca-by-Mr.M-by-Marko-Tadic-4-355x600.jpg 355w\" sizes=\"auto, (max-width: 1800px) 100vw, 1800px\" \/><\/a><\/p>\n<p>&nbsp;<\/p>\n<p>Po prvi put sam prona\u0161ao inspiraciju u slu\u010dajnim prolaznicima &#8211; turistima koji sede na stepenicama i odmaraju svoju napa\u0107enu istra\u017eiva\u010dku du\u0161u. Razumem ih u potpunosti i ja imam sliku sa ovih stepenica, ali sam bilo toliko lep na 37 stepeni, mokar i sve\u017e da to nije ba\u0161 bilo reprezentativno pa se nismo trudili da sredimo tu sliku! \ud83d\ude00<\/p>\n<p>U vreme moje posete Minhenu, grad se ranovirao jer su se ubrzano spremali za novu turisti\u010dku sezonu. Grad nije bio pust, naprotiv bio je pun pustolova koji su iskoristili svoj godi\u0161nji odmor da posete ovaj neobi\u010dni grad.<\/p>\n<p>&nbsp;<\/p>\n<p><a href=\"https:\/\/mrm-style.com\/sr\/wp-content\/uploads\/2018\/10\/Minhen-Jedna-bavarska-prica-o-gradu-pereca-by-Mr.M-by-Marko-Tadic-6.jpg\"><img loading=\"lazy\" decoding=\"async\" class=\"aligncenter wp-image-3356 size-full\" src=\"https:\/\/mrm-style.com\/sr\/wp-content\/uploads\/2018\/10\/Minhen-Jedna-bavarska-prica-o-gradu-pereca-by-Mr.M-by-Marko-Tadic-6.jpg\" alt=\"\" width=\"1800\" height=\"2573\" srcset=\"https:\/\/mrm-style.com\/sr\/wp-content\/uploads\/2018\/10\/Minhen-Jedna-bavarska-prica-o-gradu-pereca-by-Mr.M-by-Marko-Tadic-6.jpg 1800w, https:\/\/mrm-style.com\/sr\/wp-content\/uploads\/2018\/10\/Minhen-Jedna-bavarska-prica-o-gradu-pereca-by-Mr.M-by-Marko-Tadic-6-210x300.jpg 210w, https:\/\/mrm-style.com\/sr\/wp-content\/uploads\/2018\/10\/Minhen-Jedna-bavarska-prica-o-gradu-pereca-by-Mr.M-by-Marko-Tadic-6-768x1098.jpg 768w, https:\/\/mrm-style.com\/sr\/wp-content\/uploads\/2018\/10\/Minhen-Jedna-bavarska-prica-o-gradu-pereca-by-Mr.M-by-Marko-Tadic-6-716x1024.jpg 716w, https:\/\/mrm-style.com\/sr\/wp-content\/uploads\/2018\/10\/Minhen-Jedna-bavarska-prica-o-gradu-pereca-by-Mr.M-by-Marko-Tadic-6-1440x2058.jpg 1440w, https:\/\/mrm-style.com\/sr\/wp-content\/uploads\/2018\/10\/Minhen-Jedna-bavarska-prica-o-gradu-pereca-by-Mr.M-by-Marko-Tadic-6-800x1144.jpg 800w, https:\/\/mrm-style.com\/sr\/wp-content\/uploads\/2018\/10\/Minhen-Jedna-bavarska-prica-o-gradu-pereca-by-Mr.M-by-Marko-Tadic-6-550x786.jpg 550w, https:\/\/mrm-style.com\/sr\/wp-content\/uploads\/2018\/10\/Minhen-Jedna-bavarska-prica-o-gradu-pereca-by-Mr.M-by-Marko-Tadic-6-756x1080.jpg 756w, https:\/\/mrm-style.com\/sr\/wp-content\/uploads\/2018\/10\/Minhen-Jedna-bavarska-prica-o-gradu-pereca-by-Mr.M-by-Marko-Tadic-6-420x600.jpg 420w\" sizes=\"auto, (max-width: 1800px) 100vw, 1800px\" \/><\/a><\/p>\n<p>&nbsp;<\/p>\n<p>Ako imate priliku da posetite Minhen, bez ikakvog razmi\u0161ljanja u\u010dinite to jer sam siguran da \u0107e ovaj grad ispuniti sva va\u0161a o\u010dekivanja. Prave ljubitelje arhitekture, odu\u0161evi\u0107e rasko\u0161 fasada i savr\u0161eno uklopljeni tonovi fasada koju nadopunjuje kaldrma. Ako ste kao ja veliki ljubitelj hrane i slatkih zadovoljstava ovo je savr\u0161en grad za vas! Hrana je na svakom koraku, potro\u0161i\u0107ete mo\u017eda koji dinar, evro vi\u0161e, ali pamti\u0107ete slatku perecu koju ste jeli na glavnom trgu u Minhenu. Mene umalo da napadnu gladni golubovi, iskreno volim \u017eivotinje i ho\u0107u da ih nahranim, ali onaj gladni bloger u meni kada &#8220;proradi&#8221; bolje da ne ratuju sa mnom! \ud83d\ude42<\/p>\n<p>&nbsp;<\/p>\n<p><a href=\"https:\/\/mrm-style.com\/sr\/wp-content\/uploads\/2018\/10\/Minhen-Jedna-bavarska-prica-o-gradu-pereca-by-Mr.M-by-Marko-Tadic-5.jpg\"><img loading=\"lazy\" decoding=\"async\" class=\"aligncenter wp-image-3355 size-full\" src=\"https:\/\/mrm-style.com\/sr\/wp-content\/uploads\/2018\/10\/Minhen-Jedna-bavarska-prica-o-gradu-pereca-by-Mr.M-by-Marko-Tadic-5.jpg\" alt=\"\" width=\"2751\" height=\"1800\" srcset=\"https:\/\/mrm-style.com\/sr\/wp-content\/uploads\/2018\/10\/Minhen-Jedna-bavarska-prica-o-gradu-pereca-by-Mr.M-by-Marko-Tadic-5.jpg 2751w, https:\/\/mrm-style.com\/sr\/wp-content\/uploads\/2018\/10\/Minhen-Jedna-bavarska-prica-o-gradu-pereca-by-Mr.M-by-Marko-Tadic-5-300x196.jpg 300w, https:\/\/mrm-style.com\/sr\/wp-content\/uploads\/2018\/10\/Minhen-Jedna-bavarska-prica-o-gradu-pereca-by-Mr.M-by-Marko-Tadic-5-768x503.jpg 768w, https:\/\/mrm-style.com\/sr\/wp-content\/uploads\/2018\/10\/Minhen-Jedna-bavarska-prica-o-gradu-pereca-by-Mr.M-by-Marko-Tadic-5-1024x670.jpg 1024w, https:\/\/mrm-style.com\/sr\/wp-content\/uploads\/2018\/10\/Minhen-Jedna-bavarska-prica-o-gradu-pereca-by-Mr.M-by-Marko-Tadic-5-1440x942.jpg 1440w, https:\/\/mrm-style.com\/sr\/wp-content\/uploads\/2018\/10\/Minhen-Jedna-bavarska-prica-o-gradu-pereca-by-Mr.M-by-Marko-Tadic-5-800x523.jpg 800w, https:\/\/mrm-style.com\/sr\/wp-content\/uploads\/2018\/10\/Minhen-Jedna-bavarska-prica-o-gradu-pereca-by-Mr.M-by-Marko-Tadic-5-550x360.jpg 550w, https:\/\/mrm-style.com\/sr\/wp-content\/uploads\/2018\/10\/Minhen-Jedna-bavarska-prica-o-gradu-pereca-by-Mr.M-by-Marko-Tadic-5-1920x1256.jpg 1920w, https:\/\/mrm-style.com\/sr\/wp-content\/uploads\/2018\/10\/Minhen-Jedna-bavarska-prica-o-gradu-pereca-by-Mr.M-by-Marko-Tadic-5-1651x1080.jpg 1651w, https:\/\/mrm-style.com\/sr\/wp-content\/uploads\/2018\/10\/Minhen-Jedna-bavarska-prica-o-gradu-pereca-by-Mr.M-by-Marko-Tadic-5-917x600.jpg 917w\" sizes=\"auto, (max-width: 2751px) 100vw, 2751px\" \/><\/a><\/p>\n<p>&nbsp;<\/p>\n<p>\u0160to se ti\u010de kupovine, lako je prona\u0107i sve prodavnice samo \u0161to ja nisam imao puno sre\u0107e pa su se neke prodavnice zatvorile ili su ih preselili zbog renoviranja fasada zgrada u kojima su se trenutno radnje nalazile. Po\u0161to sam ja jadan celo leto jurio Zaru po Nema\u010dkoj i njihova \u010duvena sni\u017eenja fotograf mi je o\u010digledno pogre\u0161no \u010ditao mapu pa smo i\u0161li nekim &#8220;specijalnim&#8221; putevima do Zarinih radnji i pro\u0161li pored skoro svih znamenitosti u gradu pa smo na\u0161li samo JEDNU Zarinu radnju. Ja radim po principu pamti, pa vrati sada kada krene nova sezona putovanja mislim da \u0107e fotograf prvi utr\u010davati u radnje da se ogreje. Do\u0111e na kraju i mojih &#8220;pet minuta&#8221;! \ud83d\ude42<\/p>\n<p>&nbsp;<\/p>\n<p><a href=\"https:\/\/mrm-style.com\/sr\/wp-content\/uploads\/2018\/10\/Minhen-Jedna-bavarska-prica-o-gradu-pereca-by-Mr.M-by-Marko-Tadic-7.jpg\"><img loading=\"lazy\" decoding=\"async\" class=\"aligncenter wp-image-3357 size-full\" src=\"https:\/\/mrm-style.com\/sr\/wp-content\/uploads\/2018\/10\/Minhen-Jedna-bavarska-prica-o-gradu-pereca-by-Mr.M-by-Marko-Tadic-7.jpg\" alt=\"\" width=\"1800\" height=\"2699\" srcset=\"https:\/\/mrm-style.com\/sr\/wp-content\/uploads\/2018\/10\/Minhen-Jedna-bavarska-prica-o-gradu-pereca-by-Mr.M-by-Marko-Tadic-7.jpg 1800w, https:\/\/mrm-style.com\/sr\/wp-content\/uploads\/2018\/10\/Minhen-Jedna-bavarska-prica-o-gradu-pereca-by-Mr.M-by-Marko-Tadic-7-200x300.jpg 200w, https:\/\/mrm-style.com\/sr\/wp-content\/uploads\/2018\/10\/Minhen-Jedna-bavarska-prica-o-gradu-pereca-by-Mr.M-by-Marko-Tadic-7-768x1152.jpg 768w, https:\/\/mrm-style.com\/sr\/wp-content\/uploads\/2018\/10\/Minhen-Jedna-bavarska-prica-o-gradu-pereca-by-Mr.M-by-Marko-Tadic-7-683x1024.jpg 683w, https:\/\/mrm-style.com\/sr\/wp-content\/uploads\/2018\/10\/Minhen-Jedna-bavarska-prica-o-gradu-pereca-by-Mr.M-by-Marko-Tadic-7-1440x2159.jpg 1440w, https:\/\/mrm-style.com\/sr\/wp-content\/uploads\/2018\/10\/Minhen-Jedna-bavarska-prica-o-gradu-pereca-by-Mr.M-by-Marko-Tadic-7-800x1200.jpg 800w, https:\/\/mrm-style.com\/sr\/wp-content\/uploads\/2018\/10\/Minhen-Jedna-bavarska-prica-o-gradu-pereca-by-Mr.M-by-Marko-Tadic-7-550x825.jpg 550w, https:\/\/mrm-style.com\/sr\/wp-content\/uploads\/2018\/10\/Minhen-Jedna-bavarska-prica-o-gradu-pereca-by-Mr.M-by-Marko-Tadic-7-720x1080.jpg 720w, https:\/\/mrm-style.com\/sr\/wp-content\/uploads\/2018\/10\/Minhen-Jedna-bavarska-prica-o-gradu-pereca-by-Mr.M-by-Marko-Tadic-7-400x600.jpg 400w\" sizes=\"auto, (max-width: 1800px) 100vw, 1800px\" \/><\/a><\/p>\n<p>&nbsp;<\/p>\n<p>Minhen je tako\u0111e poznat i po \u010duvenom Oktoberfestu koji tradicionalno po\u010dinje krajem Septembra i traje do kraja prve nedelje Oktobra. Ja nisam imao prilike da posetim taj doga\u0111aj, ali sam \u010duo iskustva drugih ljudi koji su odu\u0161evljeni duhom samog doga\u0111aja i legenda ka\u017ee da tih dana umesto vode, pivo te\u010de ulicama Minhena i da sve fasade postaju ukusne poput pereca. Voleo bih da mi neko potvrdi ovaj mit! Ko je iskusio Oktoberfest u Minhenu neka slobodno napi\u0161e svoje iskustvo u komentarima. Voleo bih da \u010dujem sve o toj magiji koju taj doga\u0111aj nosi sa sobom.<\/p>\n<p>&nbsp;<\/p>\n<p><a href=\"https:\/\/mrm-style.com\/sr\/wp-content\/uploads\/2018\/10\/Minhen-Jedna-bavarska-prica-o-gradu-pereca-by-Mr.M-by-Marko-Tadic-8.jpg\"><img loading=\"lazy\" decoding=\"async\" class=\"aligncenter wp-image-3358 size-full\" src=\"https:\/\/mrm-style.com\/sr\/wp-content\/uploads\/2018\/10\/Minhen-Jedna-bavarska-prica-o-gradu-pereca-by-Mr.M-by-Marko-Tadic-8.jpg\" alt=\"\" width=\"1800\" height=\"2028\" srcset=\"https:\/\/mrm-style.com\/sr\/wp-content\/uploads\/2018\/10\/Minhen-Jedna-bavarska-prica-o-gradu-pereca-by-Mr.M-by-Marko-Tadic-8.jpg 1800w, https:\/\/mrm-style.com\/sr\/wp-content\/uploads\/2018\/10\/Minhen-Jedna-bavarska-prica-o-gradu-pereca-by-Mr.M-by-Marko-Tadic-8-266x300.jpg 266w, https:\/\/mrm-style.com\/sr\/wp-content\/uploads\/2018\/10\/Minhen-Jedna-bavarska-prica-o-gradu-pereca-by-Mr.M-by-Marko-Tadic-8-768x865.jpg 768w, https:\/\/mrm-style.com\/sr\/wp-content\/uploads\/2018\/10\/Minhen-Jedna-bavarska-prica-o-gradu-pereca-by-Mr.M-by-Marko-Tadic-8-909x1024.jpg 909w, https:\/\/mrm-style.com\/sr\/wp-content\/uploads\/2018\/10\/Minhen-Jedna-bavarska-prica-o-gradu-pereca-by-Mr.M-by-Marko-Tadic-8-1440x1622.jpg 1440w, https:\/\/mrm-style.com\/sr\/wp-content\/uploads\/2018\/10\/Minhen-Jedna-bavarska-prica-o-gradu-pereca-by-Mr.M-by-Marko-Tadic-8-800x901.jpg 800w, https:\/\/mrm-style.com\/sr\/wp-content\/uploads\/2018\/10\/Minhen-Jedna-bavarska-prica-o-gradu-pereca-by-Mr.M-by-Marko-Tadic-8-550x620.jpg 550w, https:\/\/mrm-style.com\/sr\/wp-content\/uploads\/2018\/10\/Minhen-Jedna-bavarska-prica-o-gradu-pereca-by-Mr.M-by-Marko-Tadic-8-959x1080.jpg 959w, https:\/\/mrm-style.com\/sr\/wp-content\/uploads\/2018\/10\/Minhen-Jedna-bavarska-prica-o-gradu-pereca-by-Mr.M-by-Marko-Tadic-8-533x600.jpg 533w\" sizes=\"auto, (max-width: 1800px) 100vw, 1800px\" \/><\/a><\/p>\n<p>&nbsp;<\/p>\n<p class=\"selectionShareable\">Dragi moji do\u0161li smo do kraja ovog posta, vreme uvek proleti kada se \u010dovek lepo zabavlja! Ne brinite za par dana \u0107u objaviti novi post gde \u0107emo nastaviti zajedno da u\u017eivamo u \u010darima putovanja i zapo\u010dinjemo na\u0161u avanturu u Italiji. Pokaza\u0107u vam \u0161ta su to za mene spremili moji prijatelji iz <a href=\"https:\/\/www.mcarthurglen.com\/hr\/outlets\/it\/noventa\/stores\/\"><strong><em>McArthurGlen Noventa Di Piave outlet<\/em><\/strong><\/a> centra i kako sam se ja proveo na slavlju koje su priredili za 10. ro\u0111endan Noventa outleta. Za kraj ovog posta bih \u017eeleo da vas obavestim da je ovo zvani\u010dno i zadnji putopis na mom blogu za ovu letnju sezonu i da sa postovima iz Italije otvaramo novu sezonu na Mr.M by Marko Tadi\u0107 blogu.<\/p>\n<p class=\"selectionShareable\">Kako se vama dopala ova moja vesla pri\u010da o gradu pereca i gde ulicama za vreme Oktober festa ulicama te\u010de dragocena te\u010dnost koju svi mi mu\u0161karci obo\u017eavamo &#8211; pivo? Voleo bih da \u010dujem va\u0161e mi\u0161ljenje! Ako imate neko pitanje, komentar, sugestiju ili poruku za mene mo\u017eete mi napisati dole u komentarima. Naravno, kao i do sad uvek me mo\u017eete kontaktirati putem maila ili dru\u0161tvenih mre\u017ea i to mo\u017eete prona\u0107i na stranici\u00a0<a href=\"https:\/\/mrm-style.com\/sr\/kontakt\/\"><strong>KONTAKT<\/strong><\/a>. Vidimo se na istom mestu za par dana!<\/p>\n<p class=\"selectionShareable\"><em>Blogerski pozdrav,<\/em><\/p>\n<p class=\"selectionShareable\"><strong>Mr.M<\/strong><\/p>\n<p>&nbsp;<\/p>\n<p><a href=\"https:\/\/mrm-style.com\/sr\/wp-content\/uploads\/2018\/10\/Minhen-Jedna-bavarska-prica-o-gradu-pereca-by-Mr.M-by-Marko-Tadic.jpg\"><img loading=\"lazy\" decoding=\"async\" class=\"aligncenter wp-image-3351 size-full\" src=\"https:\/\/mrm-style.com\/sr\/wp-content\/uploads\/2018\/10\/Minhen-Jedna-bavarska-prica-o-gradu-pereca-by-Mr.M-by-Marko-Tadic.jpg\" alt=\"\" width=\"2848\" height=\"1800\" srcset=\"https:\/\/mrm-style.com\/sr\/wp-content\/uploads\/2018\/10\/Minhen-Jedna-bavarska-prica-o-gradu-pereca-by-Mr.M-by-Marko-Tadic.jpg 2848w, https:\/\/mrm-style.com\/sr\/wp-content\/uploads\/2018\/10\/Minhen-Jedna-bavarska-prica-o-gradu-pereca-by-Mr.M-by-Marko-Tadic-300x190.jpg 300w, https:\/\/mrm-style.com\/sr\/wp-content\/uploads\/2018\/10\/Minhen-Jedna-bavarska-prica-o-gradu-pereca-by-Mr.M-by-Marko-Tadic-768x485.jpg 768w, https:\/\/mrm-style.com\/sr\/wp-content\/uploads\/2018\/10\/Minhen-Jedna-bavarska-prica-o-gradu-pereca-by-Mr.M-by-Marko-Tadic-1024x647.jpg 1024w, https:\/\/mrm-style.com\/sr\/wp-content\/uploads\/2018\/10\/Minhen-Jedna-bavarska-prica-o-gradu-pereca-by-Mr.M-by-Marko-Tadic-1440x910.jpg 1440w, https:\/\/mrm-style.com\/sr\/wp-content\/uploads\/2018\/10\/Minhen-Jedna-bavarska-prica-o-gradu-pereca-by-Mr.M-by-Marko-Tadic-800x506.jpg 800w, https:\/\/mrm-style.com\/sr\/wp-content\/uploads\/2018\/10\/Minhen-Jedna-bavarska-prica-o-gradu-pereca-by-Mr.M-by-Marko-Tadic-550x348.jpg 550w, https:\/\/mrm-style.com\/sr\/wp-content\/uploads\/2018\/10\/Minhen-Jedna-bavarska-prica-o-gradu-pereca-by-Mr.M-by-Marko-Tadic-1920x1213.jpg 1920w, https:\/\/mrm-style.com\/sr\/wp-content\/uploads\/2018\/10\/Minhen-Jedna-bavarska-prica-o-gradu-pereca-by-Mr.M-by-Marko-Tadic-1709x1080.jpg 1709w, https:\/\/mrm-style.com\/sr\/wp-content\/uploads\/2018\/10\/Minhen-Jedna-bavarska-prica-o-gradu-pereca-by-Mr.M-by-Marko-Tadic-949x600.jpg 949w\" sizes=\"auto, (max-width: 2848px) 100vw, 2848px\" \/><\/a><\/p>\n<p>&nbsp;<\/p>\n<h5 style=\"text-align: center;\">Ovaj post je sponzorisan od strane <a href=\"https:\/\/www.munich.travel\/en-gb\">Turisti\u010dke organizacije grada Mihena<\/a> i Nacionalnog nema\u010dkog prevoznika kompanija\u00a0<a href=\"https:\/\/www.bahn.de\/p\/view\/index.shtml\">Deutsche Bahn<\/a>. Za izradu ovih fotografija kori\u0161\u0107en je <a href=\"https:\/\/www.sony.de\/electronics\/wechselobjektivkameras\/ilce-7rm2\">Sony Alpha 7r Mark II<\/a>.<\/h5>\n","protected":false},"excerpt":{"rendered":"<p>Zdravo svima! Dragi moji pustolovi vreme je za novi post! Siguran sam da su vam pomalo nedostajale moje pri\u010de sa putovanja zato sam vam danas spremio jednu malu zanimljivu pri\u010dicu o gradu pereca (i dobrog piva) za koji sam siguran da ste svi \u010duli. Dobro do\u0161li u Mihen! Minhen je glavni grad savezne pokrajine Bavarske. Nakon Berlina i Hamburga, Minhen je tre\u0107i grad po veli\u010dini u Nema\u010dkoj. \u0160ta mislite koliko stanovnika u\u017eiva svakodnevno u slasnim \u0111akonijama poput pereca i popije koju \u010da\u0161u vi\u0161e piva? Ne znate? Niste sigurni? Razmislite malo&#8230;&#8230; <span class=\"more\"><a class=\"more-link\" href=\"https:\/\/mrm-style.com\/sr\/minhen-jedna-bavarska-prica-o-gradu-pereca\/\">Read More<\/a><\/span><\/p>\n","protected":false},"author":1,"featured_media":3355,"comment_status":"open","ping_status":"open","sticky":false,"template":"","format":"standard","meta":{"om_disable_all_campaigns":false,"_monsterinsights_skip_tracking":false,"_monsterinsights_sitenote_active":false,"_monsterinsights_sitenote_note":"","_monsterinsights_sitenote_category":0,"footnotes":""},"categories":[2,9],"tags":[1684,2780,56,2779,54,55,2331,1825,2781,2782,77,1682,2449,1927,1168],"class_list":["post-3350","post","type-post","status-publish","format-standard","has-post-thumbnail","hentry","category-avanture","category-putovanja","tag-avantura","tag-bavarska","tag-marko-tadic","tag-minhen","tag-mr-m","tag-mr-m-by-marko-tadic","tag-mrmbymarkotadic","tag-nemacka","tag-oktoberfest","tag-perece","tag-putovanja","tag-sony","tag-sony-alpha-7r-mark-ii","tag-sony-deutschland","tag-zabava"],"aioseo_notices":[],"_links":{"self":[{"href":"https:\/\/mrm-style.com\/sr\/wp-json\/wp\/v2\/posts\/3350","targetHints":{"allow":["GET"]}}],"collection":[{"href":"https:\/\/mrm-style.com\/sr\/wp-json\/wp\/v2\/posts"}],"about":[{"href":"https:\/\/mrm-style.com\/sr\/wp-json\/wp\/v2\/types\/post"}],"author":[{"embeddable":true,"href":"https:\/\/mrm-style.com\/sr\/wp-json\/wp\/v2\/users\/1"}],"replies":[{"embeddable":true,"href":"https:\/\/mrm-style.com\/sr\/wp-json\/wp\/v2\/comments?post=3350"}],"version-history":[{"count":3,"href":"https:\/\/mrm-style.com\/sr\/wp-json\/wp\/v2\/posts\/3350\/revisions"}],"predecessor-version":[{"id":3361,"href":"https:\/\/mrm-style.com\/sr\/wp-json\/wp\/v2\/posts\/3350\/revisions\/3361"}],"wp:featuredmedia":[{"embeddable":true,"href":"https:\/\/mrm-style.com\/sr\/wp-json\/wp\/v2\/media\/3355"}],"wp:attachment":[{"href":"https:\/\/mrm-style.com\/sr\/wp-json\/wp\/v2\/media?parent=3350"}],"wp:term":[{"taxonomy":"category","embeddable":true,"href":"https:\/\/mrm-style.com\/sr\/wp-json\/wp\/v2\/categories?post=3350"},{"taxonomy":"post_tag","embeddable":true,"href":"https:\/\/mrm-style.com\/sr\/wp-json\/wp\/v2\/tags?post=3350"}],"curies":[{"name":"wp","href":"https:\/\/api.w.org\/{rel}","templated":true}]}}