{"id":3394,"date":"2018-10-17T12:10:45","date_gmt":"2018-10-17T11:10:45","guid":{"rendered":"https:\/\/mrm-style.com\/sr\/?p=3394"},"modified":"2018-10-23T14:00:12","modified_gmt":"2018-10-23T13:00:12","slug":"moje-modne-uspomene","status":"publish","type":"post","link":"https:\/\/mrm-style.com\/sr\/moje-modne-uspomene\/","title":{"rendered":"Moje (modne) uspomene&#8230;"},"content":{"rendered":"<p>Zdravo svima! Dragi moji kako ste mi danas? Moram priznati da me je ovo malo hladnije vreme u Helsinkiju podstaklo da napi\u0161em ovaj post. Dosta vas me posle skoro svakog modnog posta pitalo kako uspem da budem tako &#8220;sre\u0111en&#8221; za put i koliko garderobe obi\u010dno nosim na put. Re\u0161io sam da kona\u010dno odgovorim na neka pitanja.<\/p>\n<p>&nbsp;<\/p>\n<p><a href=\"https:\/\/mrm-style.com\/sr\/wp-content\/uploads\/2018\/10\/Moje-modne-uspomene-Mr.M-by-Marko-Tadic-5.jpg\"><img loading=\"lazy\" decoding=\"async\" class=\"aligncenter wp-image-3403 size-full\" src=\"https:\/\/mrm-style.com\/sr\/wp-content\/uploads\/2018\/10\/Moje-modne-uspomene-Mr.M-by-Marko-Tadic-5.jpg\" alt=\"\" width=\"4273\" height=\"3656\" srcset=\"https:\/\/mrm-style.com\/sr\/wp-content\/uploads\/2018\/10\/Moje-modne-uspomene-Mr.M-by-Marko-Tadic-5.jpg 4273w, https:\/\/mrm-style.com\/sr\/wp-content\/uploads\/2018\/10\/Moje-modne-uspomene-Mr.M-by-Marko-Tadic-5-300x257.jpg 300w, https:\/\/mrm-style.com\/sr\/wp-content\/uploads\/2018\/10\/Moje-modne-uspomene-Mr.M-by-Marko-Tadic-5-768x657.jpg 768w, https:\/\/mrm-style.com\/sr\/wp-content\/uploads\/2018\/10\/Moje-modne-uspomene-Mr.M-by-Marko-Tadic-5-1024x876.jpg 1024w, https:\/\/mrm-style.com\/sr\/wp-content\/uploads\/2018\/10\/Moje-modne-uspomene-Mr.M-by-Marko-Tadic-5-1440x1232.jpg 1440w, https:\/\/mrm-style.com\/sr\/wp-content\/uploads\/2018\/10\/Moje-modne-uspomene-Mr.M-by-Marko-Tadic-5-800x684.jpg 800w, https:\/\/mrm-style.com\/sr\/wp-content\/uploads\/2018\/10\/Moje-modne-uspomene-Mr.M-by-Marko-Tadic-5-550x471.jpg 550w, https:\/\/mrm-style.com\/sr\/wp-content\/uploads\/2018\/10\/Moje-modne-uspomene-Mr.M-by-Marko-Tadic-5-1920x1643.jpg 1920w, https:\/\/mrm-style.com\/sr\/wp-content\/uploads\/2018\/10\/Moje-modne-uspomene-Mr.M-by-Marko-Tadic-5-1262x1080.jpg 1262w, https:\/\/mrm-style.com\/sr\/wp-content\/uploads\/2018\/10\/Moje-modne-uspomene-Mr.M-by-Marko-Tadic-5-701x600.jpg 701w\" sizes=\"auto, (max-width: 4273px) 100vw, 4273px\" \/><\/a><\/p>\n<p>&nbsp;<\/p>\n<p>Ja sam kao i svaka druga normalna osoba, imao sam dosta padova i uspoma i u samom po\u010detku moje blogerske karijere pravio sam mnogo gre\u0161aka. Blog me je nau\u010dio da treba da budem prakti\u010dan i da nosim \u0161to je mogu\u0107e manje garderobe, da bude pa\u017eljivo birana i da ne pretrpavam svoj kofer.<\/p>\n<p>&nbsp;<\/p>\n<p><a href=\"https:\/\/mrm-style.com\/sr\/wp-content\/uploads\/2018\/10\/Moje-modne-uspomene-Mr.M-by-Marko-Tadic-2.jpg\"><img loading=\"lazy\" decoding=\"async\" class=\"aligncenter wp-image-3400 size-full\" src=\"https:\/\/mrm-style.com\/sr\/wp-content\/uploads\/2018\/10\/Moje-modne-uspomene-Mr.M-by-Marko-Tadic-2.jpg\" alt=\"\" width=\"3648\" height=\"2432\" srcset=\"https:\/\/mrm-style.com\/sr\/wp-content\/uploads\/2018\/10\/Moje-modne-uspomene-Mr.M-by-Marko-Tadic-2.jpg 3648w, https:\/\/mrm-style.com\/sr\/wp-content\/uploads\/2018\/10\/Moje-modne-uspomene-Mr.M-by-Marko-Tadic-2-300x200.jpg 300w, https:\/\/mrm-style.com\/sr\/wp-content\/uploads\/2018\/10\/Moje-modne-uspomene-Mr.M-by-Marko-Tadic-2-768x512.jpg 768w, https:\/\/mrm-style.com\/sr\/wp-content\/uploads\/2018\/10\/Moje-modne-uspomene-Mr.M-by-Marko-Tadic-2-1024x683.jpg 1024w, https:\/\/mrm-style.com\/sr\/wp-content\/uploads\/2018\/10\/Moje-modne-uspomene-Mr.M-by-Marko-Tadic-2-1440x960.jpg 1440w, https:\/\/mrm-style.com\/sr\/wp-content\/uploads\/2018\/10\/Moje-modne-uspomene-Mr.M-by-Marko-Tadic-2-800x533.jpg 800w, https:\/\/mrm-style.com\/sr\/wp-content\/uploads\/2018\/10\/Moje-modne-uspomene-Mr.M-by-Marko-Tadic-2-550x367.jpg 550w, https:\/\/mrm-style.com\/sr\/wp-content\/uploads\/2018\/10\/Moje-modne-uspomene-Mr.M-by-Marko-Tadic-2-1920x1280.jpg 1920w, https:\/\/mrm-style.com\/sr\/wp-content\/uploads\/2018\/10\/Moje-modne-uspomene-Mr.M-by-Marko-Tadic-2-1620x1080.jpg 1620w, https:\/\/mrm-style.com\/sr\/wp-content\/uploads\/2018\/10\/Moje-modne-uspomene-Mr.M-by-Marko-Tadic-2-900x600.jpg 900w\" sizes=\"auto, (max-width: 3648px) 100vw, 3648px\" \/><\/a><\/p>\n<p>&nbsp;<\/p>\n<p>Kada sam krenuo u Indiju, po\u0161to je bio u pitanju Februar mesec, nisam imao ideju konkretno \u0161ta bih trebao da ponesem tamo pa sam ja &#8220;elegantno&#8221; sa sobom poneo, ni\u0161ta manje nego 30 kilograma prtljaga jer je bilo prelazno vreme. To je u prevodu skoro 5 modnih kombinacija i 4 para cipela. Rezultat: PREVI\u0160E! Od silne te ode\u0107e ja sam nosio samo dve odevne kombinacije i troje patika. Ljudi uglavnom pogre\u0161e u pakovanju ode\u0107e za putovanja kada je u pitanju onaj \u010duveni prelazni period izme\u0111u &#8220;zime i prole\u0107a&#8221; i &#8220;jesena i zime&#8221;&#8230; Nikad ne znate kada \u0107e pasti ki\u0161a ili jednostavno zahladneti, da li \u0107e biti ja\u010deg vetra i ostalih vremenskih nepogoda.<\/p>\n<p>&nbsp;<\/p>\n<p><a href=\"https:\/\/mrm-style.com\/sr\/wp-content\/uploads\/2018\/10\/Moje-modne-uspomene-Mr.M-by-Marko-Tadic-11.jpg\"><img loading=\"lazy\" decoding=\"async\" class=\"aligncenter wp-image-3396 size-full\" src=\"https:\/\/mrm-style.com\/sr\/wp-content\/uploads\/2018\/10\/Moje-modne-uspomene-Mr.M-by-Marko-Tadic-11.jpg\" alt=\"\" width=\"4864\" height=\"3648\" srcset=\"https:\/\/mrm-style.com\/sr\/wp-content\/uploads\/2018\/10\/Moje-modne-uspomene-Mr.M-by-Marko-Tadic-11.jpg 4864w, https:\/\/mrm-style.com\/sr\/wp-content\/uploads\/2018\/10\/Moje-modne-uspomene-Mr.M-by-Marko-Tadic-11-300x225.jpg 300w, https:\/\/mrm-style.com\/sr\/wp-content\/uploads\/2018\/10\/Moje-modne-uspomene-Mr.M-by-Marko-Tadic-11-768x576.jpg 768w, https:\/\/mrm-style.com\/sr\/wp-content\/uploads\/2018\/10\/Moje-modne-uspomene-Mr.M-by-Marko-Tadic-11-1024x768.jpg 1024w, https:\/\/mrm-style.com\/sr\/wp-content\/uploads\/2018\/10\/Moje-modne-uspomene-Mr.M-by-Marko-Tadic-11-1440x1080.jpg 1440w, https:\/\/mrm-style.com\/sr\/wp-content\/uploads\/2018\/10\/Moje-modne-uspomene-Mr.M-by-Marko-Tadic-11-800x600.jpg 800w, https:\/\/mrm-style.com\/sr\/wp-content\/uploads\/2018\/10\/Moje-modne-uspomene-Mr.M-by-Marko-Tadic-11-550x413.jpg 550w, https:\/\/mrm-style.com\/sr\/wp-content\/uploads\/2018\/10\/Moje-modne-uspomene-Mr.M-by-Marko-Tadic-11-1920x1440.jpg 1920w\" sizes=\"auto, (max-width: 4864px) 100vw, 4864px\" \/><\/a><\/p>\n<p>&nbsp;<\/p>\n<p>Tako sam ja u daleku Indiju poneo skoro ode\u0107u za sva 4 godi\u0161nja doba, pod parolom \u0161to je sigurno, sigurno je! Samo da se ne razbolim na putu, to je najiskrenije moja najve\u0107a no\u0107na mora, verujem kao i ve\u0107ini ljudi. Prehlada mo\u017ee uni\u0161titi raspolo\u017eenje na putu i usporiti \u010doveka, a meni kao blogeru bi to bila i dodatna prepreka za uspe\u0161no obavljanje svakodnevnih poslova na putovanju.<\/p>\n<p>Prvi savet: Kada putujete na dalje destinacije u tom nekom prelaznom periodu, najbolje bi bilo da ponesete neke tanje dukseve, stvari od malo debljeg pamuka i tanje jakne. Na taj na\u010din \u0107ete izbe\u0107i onaj \u010duveni efekat &#8220;kuvanja&#8221; i ne\u0107ete imati problema sa preznojavanjem. Ja \u010dim se malo oznojim, pritom dune neki vetar ja ve\u0107 imam prve simptome prehlade.<\/p>\n<p>&nbsp;<\/p>\n<p><a href=\"https:\/\/mrm-style.com\/sr\/wp-content\/uploads\/2018\/10\/Moje-modne-uspomene-Mr.M-by-Marko-Tadic-12.jpg\"><img loading=\"lazy\" decoding=\"async\" class=\"aligncenter wp-image-3399 size-full\" src=\"https:\/\/mrm-style.com\/sr\/wp-content\/uploads\/2018\/10\/Moje-modne-uspomene-Mr.M-by-Marko-Tadic-12.jpg\" alt=\"\" width=\"4082\" height=\"3648\" srcset=\"https:\/\/mrm-style.com\/sr\/wp-content\/uploads\/2018\/10\/Moje-modne-uspomene-Mr.M-by-Marko-Tadic-12.jpg 4082w, https:\/\/mrm-style.com\/sr\/wp-content\/uploads\/2018\/10\/Moje-modne-uspomene-Mr.M-by-Marko-Tadic-12-300x268.jpg 300w, https:\/\/mrm-style.com\/sr\/wp-content\/uploads\/2018\/10\/Moje-modne-uspomene-Mr.M-by-Marko-Tadic-12-768x686.jpg 768w, https:\/\/mrm-style.com\/sr\/wp-content\/uploads\/2018\/10\/Moje-modne-uspomene-Mr.M-by-Marko-Tadic-12-1024x915.jpg 1024w, https:\/\/mrm-style.com\/sr\/wp-content\/uploads\/2018\/10\/Moje-modne-uspomene-Mr.M-by-Marko-Tadic-12-1440x1287.jpg 1440w, https:\/\/mrm-style.com\/sr\/wp-content\/uploads\/2018\/10\/Moje-modne-uspomene-Mr.M-by-Marko-Tadic-12-800x715.jpg 800w, https:\/\/mrm-style.com\/sr\/wp-content\/uploads\/2018\/10\/Moje-modne-uspomene-Mr.M-by-Marko-Tadic-12-550x492.jpg 550w, https:\/\/mrm-style.com\/sr\/wp-content\/uploads\/2018\/10\/Moje-modne-uspomene-Mr.M-by-Marko-Tadic-12-1920x1716.jpg 1920w, https:\/\/mrm-style.com\/sr\/wp-content\/uploads\/2018\/10\/Moje-modne-uspomene-Mr.M-by-Marko-Tadic-12-1208x1080.jpg 1208w, https:\/\/mrm-style.com\/sr\/wp-content\/uploads\/2018\/10\/Moje-modne-uspomene-Mr.M-by-Marko-Tadic-12-671x600.jpg 671w\" sizes=\"auto, (max-width: 4082px) 100vw, 4082px\" \/><\/a><\/p>\n<p>&nbsp;<\/p>\n<p>\u017divot u koferima nekad ume da bude jako stresan i nepredvidiv, ali \u010dovek se navikne. Nije lako organizmu da se navikne na velike klimatske razlike, zato bi trebali da pru\u017eite svom organizmu adekvatnu neku i da obratite pa\u017enju na imunitet. Organizmu je potrebna dodatna doza energije da &#8220;pregura&#8221; dan na putovanju, posebno kada ste \u017eeljni da sve vidite u \u0161to kra\u0107em vremenskom periodu.<\/p>\n<p>Zato je potrebno da se odmarate \u0161to je vi\u0161e mogu\u0107e i nema puno &#8220;provoda&#8221; &#8211; \u017eurki na putovanjima. Iscrpljujete svoj organizam bespotrebno i sutradan ne\u0107ete biti u mogu\u0107nosti da zapo\u010dnete svoj dan. Minimum 9 do 10 sati sna je potrebno da biste svoj organizam privikli na novonastalu situaciju. \u017dao mi je dragi moji &#8220;party manijaci&#8221;, ali tako je! Sre\u0107om, ja nemam problem sa tim, ali sam primetio da neke moje kolege iz inostranstva ne vole da propo\u0161taju no\u0107ni provod, pa ujutru nisu ba\u0161 sigurni gde se nalaze.<\/p>\n<p>&nbsp;<\/p>\n<p><a href=\"https:\/\/mrm-style.com\/sr\/wp-content\/uploads\/2018\/10\/Moje-modne-uspomene-Mr.M-by-Marko-Tadic-10.jpg\"><img loading=\"lazy\" decoding=\"async\" class=\"aligncenter wp-image-3408 size-full\" src=\"https:\/\/mrm-style.com\/sr\/wp-content\/uploads\/2018\/10\/Moje-modne-uspomene-Mr.M-by-Marko-Tadic-10.jpg\" alt=\"\" width=\"1690\" height=\"1500\" srcset=\"https:\/\/mrm-style.com\/sr\/wp-content\/uploads\/2018\/10\/Moje-modne-uspomene-Mr.M-by-Marko-Tadic-10.jpg 1690w, https:\/\/mrm-style.com\/sr\/wp-content\/uploads\/2018\/10\/Moje-modne-uspomene-Mr.M-by-Marko-Tadic-10-300x266.jpg 300w, https:\/\/mrm-style.com\/sr\/wp-content\/uploads\/2018\/10\/Moje-modne-uspomene-Mr.M-by-Marko-Tadic-10-768x682.jpg 768w, https:\/\/mrm-style.com\/sr\/wp-content\/uploads\/2018\/10\/Moje-modne-uspomene-Mr.M-by-Marko-Tadic-10-1024x909.jpg 1024w, https:\/\/mrm-style.com\/sr\/wp-content\/uploads\/2018\/10\/Moje-modne-uspomene-Mr.M-by-Marko-Tadic-10-1440x1278.jpg 1440w, https:\/\/mrm-style.com\/sr\/wp-content\/uploads\/2018\/10\/Moje-modne-uspomene-Mr.M-by-Marko-Tadic-10-800x710.jpg 800w, https:\/\/mrm-style.com\/sr\/wp-content\/uploads\/2018\/10\/Moje-modne-uspomene-Mr.M-by-Marko-Tadic-10-550x488.jpg 550w, https:\/\/mrm-style.com\/sr\/wp-content\/uploads\/2018\/10\/Moje-modne-uspomene-Mr.M-by-Marko-Tadic-10-1217x1080.jpg 1217w, https:\/\/mrm-style.com\/sr\/wp-content\/uploads\/2018\/10\/Moje-modne-uspomene-Mr.M-by-Marko-Tadic-10-676x600.jpg 676w\" sizes=\"auto, (max-width: 1690px) 100vw, 1690px\" \/><\/a><\/p>\n<p>&nbsp;<\/p>\n<p>Da se vratimo na obla\u010denje u problemati\u010dnim periodima tokom godine. Najgore je kada putujete u egzoti\u010dne predele tokom zimskog perioda, jer u Srbiji i Evropi ina\u010de je tada veoma hladno i \u010dovek ne mo\u017ee tek tako lako da prosudi \u0161ta ga tamo mo\u017ee sa\u010dekati na krajnjoj destinaciji.<\/p>\n<p>Nema\u010dka na primer je malo hladnija od Srbije, vremeske prilike u Berlinu su \u010desto nepogodnije nego \u0161to je to u Beogradu. Sli\u010dne su temperature, nekad postoje i ve\u0107e razlike u istoj ali subjektivni ose\u0107aj zbog vetra je neuporediv.<\/p>\n<p>&nbsp;<\/p>\n<p><a href=\"https:\/\/mrm-style.com\/sr\/wp-content\/uploads\/2018\/10\/Moje-modne-uspomene-Mr.M-by-Marko-Tadic.jpg\"><img loading=\"lazy\" decoding=\"async\" class=\"aligncenter wp-image-3397 size-full\" src=\"https:\/\/mrm-style.com\/sr\/wp-content\/uploads\/2018\/10\/Moje-modne-uspomene-Mr.M-by-Marko-Tadic.jpg\" alt=\"\" width=\"2697\" height=\"1800\" srcset=\"https:\/\/mrm-style.com\/sr\/wp-content\/uploads\/2018\/10\/Moje-modne-uspomene-Mr.M-by-Marko-Tadic.jpg 2697w, https:\/\/mrm-style.com\/sr\/wp-content\/uploads\/2018\/10\/Moje-modne-uspomene-Mr.M-by-Marko-Tadic-300x200.jpg 300w, https:\/\/mrm-style.com\/sr\/wp-content\/uploads\/2018\/10\/Moje-modne-uspomene-Mr.M-by-Marko-Tadic-768x513.jpg 768w, https:\/\/mrm-style.com\/sr\/wp-content\/uploads\/2018\/10\/Moje-modne-uspomene-Mr.M-by-Marko-Tadic-1024x683.jpg 1024w, https:\/\/mrm-style.com\/sr\/wp-content\/uploads\/2018\/10\/Moje-modne-uspomene-Mr.M-by-Marko-Tadic-1440x961.jpg 1440w, https:\/\/mrm-style.com\/sr\/wp-content\/uploads\/2018\/10\/Moje-modne-uspomene-Mr.M-by-Marko-Tadic-800x534.jpg 800w, https:\/\/mrm-style.com\/sr\/wp-content\/uploads\/2018\/10\/Moje-modne-uspomene-Mr.M-by-Marko-Tadic-550x367.jpg 550w, https:\/\/mrm-style.com\/sr\/wp-content\/uploads\/2018\/10\/Moje-modne-uspomene-Mr.M-by-Marko-Tadic-1920x1281.jpg 1920w, https:\/\/mrm-style.com\/sr\/wp-content\/uploads\/2018\/10\/Moje-modne-uspomene-Mr.M-by-Marko-Tadic-1618x1080.jpg 1618w, https:\/\/mrm-style.com\/sr\/wp-content\/uploads\/2018\/10\/Moje-modne-uspomene-Mr.M-by-Marko-Tadic-899x600.jpg 899w\" sizes=\"auto, (max-width: 2697px) 100vw, 2697px\" \/><\/a><\/p>\n<p>&nbsp;<\/p>\n<p>Na primer zima 2017\/18 u Nema\u010dkoj je bila hladnija nego \u0161to je to bilo u Srbiji. Samo se se\u0107am kako mi je vilica bila uko\u010dena od hladno\u0107e i da sam jedva obavio slikanje u samom gradu. Bez obzira na sve vremenske prilike, Drezden mi je ostao u prelepom se\u0107anju i voleo bih opet da ga posetim u skorijoj budu\u0107nosti.<\/p>\n<p>Zimi je mnogo te\u017ee osobi bez obzira na pol \u017eenama i mu\u0161karcima je jako te\u0161ko da spakuju svoje zimske stvari za \u00a0put jer su stvari kabaste i pufnaste, pa jakne ne mogu tek tako lako da stanu u kofer. Moj najiskreniji savet je da uvek na putu imate dve zimske jakne, jednu deblju u kojoj \u0107ete putovati i drugu tanju koju mo\u017eete spakovati i lepo &#8220;kompresovati&#8221; u kofer. Sasvim je dovoljan jedan d\u017eemper neutralne boje, dva para pantalona po\u017eeljno bi bilo da jedne budu farmerke, manja je \u0161ansa de \u0107ete ih izgu\u017evati a svi znamo da nekada nismo ba\u0161 u mogu\u0107nosti da peglamo na putovanjima.<\/p>\n<p>&nbsp;<\/p>\n<p><a href=\"https:\/\/mrm-style.com\/sr\/wp-content\/uploads\/2018\/10\/Moje-modne-uspomene-Mr.M-by-Marko-Tadic-8.jpg\"><img loading=\"lazy\" decoding=\"async\" class=\"aligncenter wp-image-3406 size-full\" src=\"https:\/\/mrm-style.com\/sr\/wp-content\/uploads\/2018\/10\/Moje-modne-uspomene-Mr.M-by-Marko-Tadic-8.jpg\" alt=\"\" width=\"2248\" height=\"1500\" srcset=\"https:\/\/mrm-style.com\/sr\/wp-content\/uploads\/2018\/10\/Moje-modne-uspomene-Mr.M-by-Marko-Tadic-8.jpg 2248w, https:\/\/mrm-style.com\/sr\/wp-content\/uploads\/2018\/10\/Moje-modne-uspomene-Mr.M-by-Marko-Tadic-8-300x200.jpg 300w, https:\/\/mrm-style.com\/sr\/wp-content\/uploads\/2018\/10\/Moje-modne-uspomene-Mr.M-by-Marko-Tadic-8-768x512.jpg 768w, https:\/\/mrm-style.com\/sr\/wp-content\/uploads\/2018\/10\/Moje-modne-uspomene-Mr.M-by-Marko-Tadic-8-1024x683.jpg 1024w, https:\/\/mrm-style.com\/sr\/wp-content\/uploads\/2018\/10\/Moje-modne-uspomene-Mr.M-by-Marko-Tadic-8-1440x961.jpg 1440w, https:\/\/mrm-style.com\/sr\/wp-content\/uploads\/2018\/10\/Moje-modne-uspomene-Mr.M-by-Marko-Tadic-8-800x534.jpg 800w, https:\/\/mrm-style.com\/sr\/wp-content\/uploads\/2018\/10\/Moje-modne-uspomene-Mr.M-by-Marko-Tadic-8-550x367.jpg 550w, https:\/\/mrm-style.com\/sr\/wp-content\/uploads\/2018\/10\/Moje-modne-uspomene-Mr.M-by-Marko-Tadic-8-1920x1281.jpg 1920w, https:\/\/mrm-style.com\/sr\/wp-content\/uploads\/2018\/10\/Moje-modne-uspomene-Mr.M-by-Marko-Tadic-8-1619x1080.jpg 1619w, https:\/\/mrm-style.com\/sr\/wp-content\/uploads\/2018\/10\/Moje-modne-uspomene-Mr.M-by-Marko-Tadic-8-899x600.jpg 899w\" sizes=\"auto, (max-width: 2248px) 100vw, 2248px\" \/><\/a><\/p>\n<p>&nbsp;<\/p>\n<p>Moram priznati da mi je putovanje na \u0160ri Lanku u aprilu mesecu ove godine bilo jedno od najizazovnijih putovanja. Kada idete u prole\u0107e tamo temperature mogu varirati od 10 do 30 stepeni u zavisnosti u koji deo ostrva zalazite. Jedan dan skupljao \u0161koljke na pla\u017ei u u\u017eivao u Suncu i toplom Indijskom okeanu, naredni dan sam u jakni na planta\u017eama \u010daja&#8230;<\/p>\n<p>&nbsp;<\/p>\n<p><a href=\"https:\/\/mrm-style.com\/sr\/wp-content\/uploads\/2018\/10\/Moje-modne-uspomene-Mr.M-by-Marko-Tadic-6.jpg\"><img loading=\"lazy\" decoding=\"async\" class=\"aligncenter wp-image-3404 size-full\" src=\"https:\/\/mrm-style.com\/sr\/wp-content\/uploads\/2018\/10\/Moje-modne-uspomene-Mr.M-by-Marko-Tadic-6.jpg\" alt=\"\" width=\"2248\" height=\"1500\" srcset=\"https:\/\/mrm-style.com\/sr\/wp-content\/uploads\/2018\/10\/Moje-modne-uspomene-Mr.M-by-Marko-Tadic-6.jpg 2248w, https:\/\/mrm-style.com\/sr\/wp-content\/uploads\/2018\/10\/Moje-modne-uspomene-Mr.M-by-Marko-Tadic-6-300x200.jpg 300w, https:\/\/mrm-style.com\/sr\/wp-content\/uploads\/2018\/10\/Moje-modne-uspomene-Mr.M-by-Marko-Tadic-6-768x512.jpg 768w, https:\/\/mrm-style.com\/sr\/wp-content\/uploads\/2018\/10\/Moje-modne-uspomene-Mr.M-by-Marko-Tadic-6-1024x683.jpg 1024w, https:\/\/mrm-style.com\/sr\/wp-content\/uploads\/2018\/10\/Moje-modne-uspomene-Mr.M-by-Marko-Tadic-6-1440x961.jpg 1440w, https:\/\/mrm-style.com\/sr\/wp-content\/uploads\/2018\/10\/Moje-modne-uspomene-Mr.M-by-Marko-Tadic-6-800x534.jpg 800w, https:\/\/mrm-style.com\/sr\/wp-content\/uploads\/2018\/10\/Moje-modne-uspomene-Mr.M-by-Marko-Tadic-6-550x367.jpg 550w, https:\/\/mrm-style.com\/sr\/wp-content\/uploads\/2018\/10\/Moje-modne-uspomene-Mr.M-by-Marko-Tadic-6-1920x1281.jpg 1920w, https:\/\/mrm-style.com\/sr\/wp-content\/uploads\/2018\/10\/Moje-modne-uspomene-Mr.M-by-Marko-Tadic-6-1619x1080.jpg 1619w, https:\/\/mrm-style.com\/sr\/wp-content\/uploads\/2018\/10\/Moje-modne-uspomene-Mr.M-by-Marko-Tadic-6-899x600.jpg 899w\" sizes=\"auto, (max-width: 2248px) 100vw, 2248px\" \/><\/a><\/p>\n<p>&nbsp;<\/p>\n<p>Onda je kona\u010dno do\u0161lo pravo prole\u0107e, vreme kada se mogu nositi kratki rukavi sa tanjim onim klasi\u010dnim prole\u0107nim jaknicama. Prole\u0107e i rana jesen su najbolji periodi u godini jer nije ni previ\u0161e toplo, a ni previ\u0161e hladno tako da je \u010doveku znatno olak\u0161ano \u0161to se ti\u010de odabira garderobe.<\/p>\n<p>Prole\u0107e sam do\u010dekao u Salzburgu, gradu Mocarta, \u010dike koji pravi pravi odli\u010dne \u010dokoladne poslastice &#8211; Mocart kugle. Naravno \u0161ala nekad nije na odmet, ali dosta pripadnika mla\u0111ih generacija: dece i tinejd\u017eera, na\u017ealost veruju u tu neslanu \u0161alu, pa lik i delo muzi\u010dkog genija kao \u0161to je to bio Mocart povezuju direktno isklju\u010divo sa \u010duvenom poslasticom koja nosi njegovo ime.<\/p>\n<p>&nbsp;<\/p>\n<p><a href=\"https:\/\/mrm-style.com\/sr\/wp-content\/uploads\/2018\/10\/Moje-modne-uspomene-Mr.M-by-Marko-Tadic-13.jpg\"><img loading=\"lazy\" decoding=\"async\" class=\"aligncenter wp-image-3401 size-full\" src=\"https:\/\/mrm-style.com\/sr\/wp-content\/uploads\/2018\/10\/Moje-modne-uspomene-Mr.M-by-Marko-Tadic-13.jpg\" alt=\"\" width=\"1500\" height=\"2250\" srcset=\"https:\/\/mrm-style.com\/sr\/wp-content\/uploads\/2018\/10\/Moje-modne-uspomene-Mr.M-by-Marko-Tadic-13.jpg 1500w, https:\/\/mrm-style.com\/sr\/wp-content\/uploads\/2018\/10\/Moje-modne-uspomene-Mr.M-by-Marko-Tadic-13-200x300.jpg 200w, https:\/\/mrm-style.com\/sr\/wp-content\/uploads\/2018\/10\/Moje-modne-uspomene-Mr.M-by-Marko-Tadic-13-768x1152.jpg 768w, https:\/\/mrm-style.com\/sr\/wp-content\/uploads\/2018\/10\/Moje-modne-uspomene-Mr.M-by-Marko-Tadic-13-683x1024.jpg 683w, https:\/\/mrm-style.com\/sr\/wp-content\/uploads\/2018\/10\/Moje-modne-uspomene-Mr.M-by-Marko-Tadic-13-1440x2160.jpg 1440w, https:\/\/mrm-style.com\/sr\/wp-content\/uploads\/2018\/10\/Moje-modne-uspomene-Mr.M-by-Marko-Tadic-13-800x1200.jpg 800w, https:\/\/mrm-style.com\/sr\/wp-content\/uploads\/2018\/10\/Moje-modne-uspomene-Mr.M-by-Marko-Tadic-13-550x825.jpg 550w, https:\/\/mrm-style.com\/sr\/wp-content\/uploads\/2018\/10\/Moje-modne-uspomene-Mr.M-by-Marko-Tadic-13-720x1080.jpg 720w, https:\/\/mrm-style.com\/sr\/wp-content\/uploads\/2018\/10\/Moje-modne-uspomene-Mr.M-by-Marko-Tadic-13-400x600.jpg 400w\" sizes=\"auto, (max-width: 1500px) 100vw, 1500px\" \/><\/a><\/p>\n<p>&nbsp;<\/p>\n<p>Prelazak prole\u0107a u leto nisam osetio, nije bilo onih naglih temperaturnih razlika, ali sam pravo leto osetio u Maroku. Interesantno putovanje, upoznao sam neke nove ljude i stekao nove prijatelje. Razvilo se tu i jedno neobi\u010dno prijateljstvo, pa sam ovom prilikom \u017eeleo da vas podsetim na prelepu mladu kamilu Melek, koja je bila raspolo\u017eena za dru\u017eenje pa je i moj prijatelj i fotograf Saul zabele\u017eio na\u0161e dru\u017eenje.<\/p>\n<p>&nbsp;<\/p>\n<p><a href=\"https:\/\/mrm-style.com\/sr\/wp-content\/uploads\/2018\/10\/Moje-modne-uspomene-Mr.M-by-Marko-Tadic-4.jpg\"><img loading=\"lazy\" decoding=\"async\" class=\"aligncenter wp-image-3402 size-full\" src=\"https:\/\/mrm-style.com\/sr\/wp-content\/uploads\/2018\/10\/Moje-modne-uspomene-Mr.M-by-Marko-Tadic-4.jpg\" alt=\"\" width=\"1781\" height=\"1800\" srcset=\"https:\/\/mrm-style.com\/sr\/wp-content\/uploads\/2018\/10\/Moje-modne-uspomene-Mr.M-by-Marko-Tadic-4.jpg 1781w, https:\/\/mrm-style.com\/sr\/wp-content\/uploads\/2018\/10\/Moje-modne-uspomene-Mr.M-by-Marko-Tadic-4-297x300.jpg 297w, https:\/\/mrm-style.com\/sr\/wp-content\/uploads\/2018\/10\/Moje-modne-uspomene-Mr.M-by-Marko-Tadic-4-768x776.jpg 768w, https:\/\/mrm-style.com\/sr\/wp-content\/uploads\/2018\/10\/Moje-modne-uspomene-Mr.M-by-Marko-Tadic-4-1013x1024.jpg 1013w, https:\/\/mrm-style.com\/sr\/wp-content\/uploads\/2018\/10\/Moje-modne-uspomene-Mr.M-by-Marko-Tadic-4-1440x1455.jpg 1440w, https:\/\/mrm-style.com\/sr\/wp-content\/uploads\/2018\/10\/Moje-modne-uspomene-Mr.M-by-Marko-Tadic-4-800x809.jpg 800w, https:\/\/mrm-style.com\/sr\/wp-content\/uploads\/2018\/10\/Moje-modne-uspomene-Mr.M-by-Marko-Tadic-4-550x556.jpg 550w, https:\/\/mrm-style.com\/sr\/wp-content\/uploads\/2018\/10\/Moje-modne-uspomene-Mr.M-by-Marko-Tadic-4-1069x1080.jpg 1069w, https:\/\/mrm-style.com\/sr\/wp-content\/uploads\/2018\/10\/Moje-modne-uspomene-Mr.M-by-Marko-Tadic-4-594x600.jpg 594w\" sizes=\"auto, (max-width: 1781px) 100vw, 1781px\" \/><\/a><\/p>\n<p>&nbsp;<\/p>\n<p>Melek je jedan predivan an\u0111eo, \u0161to je i ujedno pravo zna\u010denje njenog imena. Maroko je jedna divna zemlja i bilo mi je veliko zadovoljstvo da sam imao priliku da je posetim. Ostatak leta je bio uzbudljiv pa sam iskoristio priliku da se malo odmorim, ali sam ubrzo nastavio sa radom pa sam i ove godine imao radno leto u kojem sam u\u017eivao. Dosta vas me je pitalo kako nisam oti\u0161ao negde na odmor, kako nisam izgubio \u017eelju i volju za pisanjem postova? Moj posao je moje malo zadovoljstvo, naravno posao blogera ponekad ume da bude veoma naporan, pogotovo kada satima par dana uzastopno pi\u0161ete i obra\u0111ujete slike da bi sadr\u017eaj na blogu bio \u0161to kvalitetniji.<\/p>\n<p>&nbsp;<\/p>\n<p><a href=\"https:\/\/mrm-style.com\/sr\/wp-content\/uploads\/2018\/10\/Moje-modne-uspomene-Mr.M-by-Marko-Tadic-7.jpg\"><img loading=\"lazy\" decoding=\"async\" class=\"aligncenter wp-image-3405 size-full\" src=\"https:\/\/mrm-style.com\/sr\/wp-content\/uploads\/2018\/10\/Moje-modne-uspomene-Mr.M-by-Marko-Tadic-7.jpg\" alt=\"\" width=\"1800\" height=\"3010\" srcset=\"https:\/\/mrm-style.com\/sr\/wp-content\/uploads\/2018\/10\/Moje-modne-uspomene-Mr.M-by-Marko-Tadic-7.jpg 1800w, https:\/\/mrm-style.com\/sr\/wp-content\/uploads\/2018\/10\/Moje-modne-uspomene-Mr.M-by-Marko-Tadic-7-179x300.jpg 179w, https:\/\/mrm-style.com\/sr\/wp-content\/uploads\/2018\/10\/Moje-modne-uspomene-Mr.M-by-Marko-Tadic-7-768x1284.jpg 768w, https:\/\/mrm-style.com\/sr\/wp-content\/uploads\/2018\/10\/Moje-modne-uspomene-Mr.M-by-Marko-Tadic-7-612x1024.jpg 612w, https:\/\/mrm-style.com\/sr\/wp-content\/uploads\/2018\/10\/Moje-modne-uspomene-Mr.M-by-Marko-Tadic-7-1440x2408.jpg 1440w, https:\/\/mrm-style.com\/sr\/wp-content\/uploads\/2018\/10\/Moje-modne-uspomene-Mr.M-by-Marko-Tadic-7-800x1338.jpg 800w, https:\/\/mrm-style.com\/sr\/wp-content\/uploads\/2018\/10\/Moje-modne-uspomene-Mr.M-by-Marko-Tadic-7-550x920.jpg 550w, https:\/\/mrm-style.com\/sr\/wp-content\/uploads\/2018\/10\/Moje-modne-uspomene-Mr.M-by-Marko-Tadic-7-646x1080.jpg 646w, https:\/\/mrm-style.com\/sr\/wp-content\/uploads\/2018\/10\/Moje-modne-uspomene-Mr.M-by-Marko-Tadic-7-359x600.jpg 359w\" sizes=\"auto, (max-width: 1800px) 100vw, 1800px\" \/><\/a><\/p>\n<p>&nbsp;<\/p>\n<p>Pisanje je moja strast, ne\u0161to \u0161to me opu\u0161ta, slike su samo dodatak i dok vam opisujem svoje do\u017eivljaje i avanture sa putovanja uvek mi naviru neki novi detalji i to me uvek raduje. Zbog svih tih lepih momenata, ja priznajem da volim svoj posao. Volim da upoznajem svet i kada su putovanja u pitanju tada sam u potpunosti neumoran, mada na kraju balade moj organizam po\u0161alje poruku opomene da je vreme za odmor, pa nenadanu prehladu odbolujem 2,3 dana kao prinudnu pauzu. Nakon toga nastavljam dalje, kao da ni\u0161ta nije bilo jer \u017eivot je kratak, a treba do\u017eiveti sve te silne avanture koje svakog od nas \u010dekaju!<\/p>\n<p>&nbsp;<\/p>\n<p><a href=\"https:\/\/mrm-style.com\/sr\/wp-content\/uploads\/2018\/10\/Moje-modne-uspomene-Mr.M-by-Marko-Tadic-3.jpg\"><img loading=\"lazy\" decoding=\"async\" class=\"aligncenter wp-image-3398 size-full\" src=\"https:\/\/mrm-style.com\/sr\/wp-content\/uploads\/2018\/10\/Moje-modne-uspomene-Mr.M-by-Marko-Tadic-3.jpg\" alt=\"\" width=\"1600\" height=\"2399\" srcset=\"https:\/\/mrm-style.com\/sr\/wp-content\/uploads\/2018\/10\/Moje-modne-uspomene-Mr.M-by-Marko-Tadic-3.jpg 1600w, https:\/\/mrm-style.com\/sr\/wp-content\/uploads\/2018\/10\/Moje-modne-uspomene-Mr.M-by-Marko-Tadic-3-200x300.jpg 200w, https:\/\/mrm-style.com\/sr\/wp-content\/uploads\/2018\/10\/Moje-modne-uspomene-Mr.M-by-Marko-Tadic-3-768x1152.jpg 768w, https:\/\/mrm-style.com\/sr\/wp-content\/uploads\/2018\/10\/Moje-modne-uspomene-Mr.M-by-Marko-Tadic-3-683x1024.jpg 683w, https:\/\/mrm-style.com\/sr\/wp-content\/uploads\/2018\/10\/Moje-modne-uspomene-Mr.M-by-Marko-Tadic-3-1440x2159.jpg 1440w, https:\/\/mrm-style.com\/sr\/wp-content\/uploads\/2018\/10\/Moje-modne-uspomene-Mr.M-by-Marko-Tadic-3-800x1200.jpg 800w, https:\/\/mrm-style.com\/sr\/wp-content\/uploads\/2018\/10\/Moje-modne-uspomene-Mr.M-by-Marko-Tadic-3-550x825.jpg 550w, https:\/\/mrm-style.com\/sr\/wp-content\/uploads\/2018\/10\/Moje-modne-uspomene-Mr.M-by-Marko-Tadic-3-720x1080.jpg 720w, https:\/\/mrm-style.com\/sr\/wp-content\/uploads\/2018\/10\/Moje-modne-uspomene-Mr.M-by-Marko-Tadic-3-400x600.jpg 400w\" sizes=\"auto, (max-width: 1600px) 100vw, 1600px\" \/><\/a><\/p>\n<p>&nbsp;<\/p>\n<p>Dragi moji do\u0161li smo do kraja ovog specilanog posta, vreme uvek proleti kada se \u010dovek lepo zabavlja! Ne brinite za par dana \u0107u objaviti novi post gde \u0107emo nastaviti zajedno da u\u017eivamo u \u010darima putovanja i zapo\u010dinjemo na\u0161u avanturu u Italiji. Pokaza\u0107u vam \u0161ta su to za mene spremili moji prijatelji iz <a href=\"https:\/\/www.mcarthurglen.com\/hr\/outlets\/it\/noventa\/stores\/\"><strong><em>McArthurGlen Noventa Di Piave outlet<\/em><\/strong><\/a> centra i kako sam se ja proveo na slavlju koje su priredili za 10. ro\u0111endan Noventa outleta. Napisa\u0107u ove zime jo\u0161 jedan post koji \u0107e biti sli\u010dan ovom u kom \u0107u rezimirati sve moje uspomene od Septrembra ove godine pa nadalje&#8230;<\/p>\n<p>&nbsp;<\/p>\n<p><a href=\"https:\/\/mrm-style.com\/sr\/wp-content\/uploads\/2018\/10\/Moje-modne-uspomene-Mr.M-by-Marko-Tadic-14.jpg\"><img loading=\"lazy\" decoding=\"async\" class=\"aligncenter wp-image-3395 size-full\" src=\"https:\/\/mrm-style.com\/sr\/wp-content\/uploads\/2018\/10\/Moje-modne-uspomene-Mr.M-by-Marko-Tadic-14.jpg\" alt=\"\" width=\"1600\" height=\"2501\" srcset=\"https:\/\/mrm-style.com\/sr\/wp-content\/uploads\/2018\/10\/Moje-modne-uspomene-Mr.M-by-Marko-Tadic-14.jpg 1600w, https:\/\/mrm-style.com\/sr\/wp-content\/uploads\/2018\/10\/Moje-modne-uspomene-Mr.M-by-Marko-Tadic-14-192x300.jpg 192w, https:\/\/mrm-style.com\/sr\/wp-content\/uploads\/2018\/10\/Moje-modne-uspomene-Mr.M-by-Marko-Tadic-14-768x1200.jpg 768w, https:\/\/mrm-style.com\/sr\/wp-content\/uploads\/2018\/10\/Moje-modne-uspomene-Mr.M-by-Marko-Tadic-14-655x1024.jpg 655w, https:\/\/mrm-style.com\/sr\/wp-content\/uploads\/2018\/10\/Moje-modne-uspomene-Mr.M-by-Marko-Tadic-14-1440x2251.jpg 1440w, https:\/\/mrm-style.com\/sr\/wp-content\/uploads\/2018\/10\/Moje-modne-uspomene-Mr.M-by-Marko-Tadic-14-800x1251.jpg 800w, https:\/\/mrm-style.com\/sr\/wp-content\/uploads\/2018\/10\/Moje-modne-uspomene-Mr.M-by-Marko-Tadic-14-550x860.jpg 550w, https:\/\/mrm-style.com\/sr\/wp-content\/uploads\/2018\/10\/Moje-modne-uspomene-Mr.M-by-Marko-Tadic-14-691x1080.jpg 691w, https:\/\/mrm-style.com\/sr\/wp-content\/uploads\/2018\/10\/Moje-modne-uspomene-Mr.M-by-Marko-Tadic-14-384x600.jpg 384w\" sizes=\"auto, (max-width: 1600px) 100vw, 1600px\" \/><\/a><\/p>\n<p>&nbsp;<\/p>\n<p class=\"selectionShareable\">Kako vam se dopala ova moja mala rekapitulacija? Voleo bih da \u010dujem va\u0161e mi\u0161ljenje! Iskreno se nadam da sam uspeo da odgovorim na naj\u010de\u0161\u0107e postavljena pitanja.\u00a0Ako imate neko pitanje, komentar, sugestiju ili poruku za mene mo\u017eete mi napisati dole u komentarima. Naravno, kao i do sad uvek me mo\u017eete kontaktirati putem maila ili dru\u0161tvenih mre\u017ea i to mo\u017eete prona\u0107i na stranici\u00a0<a href=\"https:\/\/mrm-style.com\/sr\/kontakt\/\"><strong>KONTAKT<\/strong><\/a>. Vidimo se na istom mestu za par dana!<\/p>\n<p class=\"selectionShareable\"><em>Blogerski pozdrav,<\/em><\/p>\n<p class=\"selectionShareable\"><strong>Mr.M<\/strong><\/p>\n<p>&nbsp;<\/p>\n<p><a href=\"https:\/\/mrm-style.com\/sr\/wp-content\/uploads\/2018\/10\/Moje-modne-uspomene-Mr.M-by-Marko-Tadic-9.jpg\"><img loading=\"lazy\" decoding=\"async\" class=\"aligncenter wp-image-3407 size-full\" src=\"https:\/\/mrm-style.com\/sr\/wp-content\/uploads\/2018\/10\/Moje-modne-uspomene-Mr.M-by-Marko-Tadic-9.jpg\" alt=\"\" width=\"2065\" height=\"1700\" srcset=\"https:\/\/mrm-style.com\/sr\/wp-content\/uploads\/2018\/10\/Moje-modne-uspomene-Mr.M-by-Marko-Tadic-9.jpg 2065w, https:\/\/mrm-style.com\/sr\/wp-content\/uploads\/2018\/10\/Moje-modne-uspomene-Mr.M-by-Marko-Tadic-9-300x247.jpg 300w, https:\/\/mrm-style.com\/sr\/wp-content\/uploads\/2018\/10\/Moje-modne-uspomene-Mr.M-by-Marko-Tadic-9-768x632.jpg 768w, https:\/\/mrm-style.com\/sr\/wp-content\/uploads\/2018\/10\/Moje-modne-uspomene-Mr.M-by-Marko-Tadic-9-1024x843.jpg 1024w, https:\/\/mrm-style.com\/sr\/wp-content\/uploads\/2018\/10\/Moje-modne-uspomene-Mr.M-by-Marko-Tadic-9-1440x1185.jpg 1440w, https:\/\/mrm-style.com\/sr\/wp-content\/uploads\/2018\/10\/Moje-modne-uspomene-Mr.M-by-Marko-Tadic-9-800x659.jpg 800w, https:\/\/mrm-style.com\/sr\/wp-content\/uploads\/2018\/10\/Moje-modne-uspomene-Mr.M-by-Marko-Tadic-9-550x453.jpg 550w, https:\/\/mrm-style.com\/sr\/wp-content\/uploads\/2018\/10\/Moje-modne-uspomene-Mr.M-by-Marko-Tadic-9-1920x1581.jpg 1920w, https:\/\/mrm-style.com\/sr\/wp-content\/uploads\/2018\/10\/Moje-modne-uspomene-Mr.M-by-Marko-Tadic-9-1312x1080.jpg 1312w, https:\/\/mrm-style.com\/sr\/wp-content\/uploads\/2018\/10\/Moje-modne-uspomene-Mr.M-by-Marko-Tadic-9-729x600.jpg 729w\" sizes=\"auto, (max-width: 2065px) 100vw, 2065px\" \/><\/a><\/p>\n<p>&nbsp;<\/p>\n<h5 style=\"text-align: center;\">Ovaj post nije sponzorisan.<\/h5>\n","protected":false},"excerpt":{"rendered":"<p>Zdravo svima! Dragi moji kako ste mi danas? Moram priznati da me je ovo malo hladnije vreme u Helsinkiju podstaklo da napi\u0161em ovaj post. Dosta vas me posle skoro svakog modnog posta pitalo kako uspem da budem tako &#8220;sre\u0111en&#8221; za put i koliko garderobe obi\u010dno nosim na put. Re\u0161io sam da kona\u010dno odgovorim na neka pitanja. &nbsp; &nbsp; Ja sam kao i svaka druga normalna osoba, imao sam dosta padova i uspoma i u samom po\u010detku moje blogerske karijere pravio sam mnogo gre\u0161aka. Blog me je nau\u010dio da treba da&#8230; <span class=\"more\"><a class=\"more-link\" href=\"https:\/\/mrm-style.com\/sr\/moje-modne-uspomene\/\">Read More<\/a><\/span><\/p>\n","protected":false},"author":1,"featured_media":3400,"comment_status":"open","ping_status":"open","sticky":false,"template":"","format":"standard","meta":{"om_disable_all_campaigns":false,"_monsterinsights_skip_tracking":false,"_monsterinsights_sitenote_active":false,"_monsterinsights_sitenote_note":"","_monsterinsights_sitenote_category":0,"footnotes":""},"categories":[53,52,159,4,8],"tags":[2305,1684,1735,99,81,56,54,55,2331,77,1682,2449,1927,66,2832],"class_list":["post-3394","post","type-post","status-publish","format-standard","has-post-thumbnail","hentry","category-lifestyle","category-moda","category-outfit-post","category-price-iz-zivota","category-saveti","tag-afrika","tag-avantura","tag-azija","tag-beograd","tag-evropa","tag-marko-tadic","tag-mr-m","tag-mr-m-by-marko-tadic","tag-mrmbymarkotadic","tag-putovanja","tag-sony","tag-sony-alpha-7r-mark-ii","tag-sony-deutschland","tag-srbija","tag-uspomene"],"aioseo_notices":[],"_links":{"self":[{"href":"https:\/\/mrm-style.com\/sr\/wp-json\/wp\/v2\/posts\/3394","targetHints":{"allow":["GET"]}}],"collection":[{"href":"https:\/\/mrm-style.com\/sr\/wp-json\/wp\/v2\/posts"}],"about":[{"href":"https:\/\/mrm-style.com\/sr\/wp-json\/wp\/v2\/types\/post"}],"author":[{"embeddable":true,"href":"https:\/\/mrm-style.com\/sr\/wp-json\/wp\/v2\/users\/1"}],"replies":[{"embeddable":true,"href":"https:\/\/mrm-style.com\/sr\/wp-json\/wp\/v2\/comments?post=3394"}],"version-history":[{"count":3,"href":"https:\/\/mrm-style.com\/sr\/wp-json\/wp\/v2\/posts\/3394\/revisions"}],"predecessor-version":[{"id":3411,"href":"https:\/\/mrm-style.com\/sr\/wp-json\/wp\/v2\/posts\/3394\/revisions\/3411"}],"wp:featuredmedia":[{"embeddable":true,"href":"https:\/\/mrm-style.com\/sr\/wp-json\/wp\/v2\/media\/3400"}],"wp:attachment":[{"href":"https:\/\/mrm-style.com\/sr\/wp-json\/wp\/v2\/media?parent=3394"}],"wp:term":[{"taxonomy":"category","embeddable":true,"href":"https:\/\/mrm-style.com\/sr\/wp-json\/wp\/v2\/categories?post=3394"},{"taxonomy":"post_tag","embeddable":true,"href":"https:\/\/mrm-style.com\/sr\/wp-json\/wp\/v2\/tags?post=3394"}],"curies":[{"name":"wp","href":"https:\/\/api.w.org\/{rel}","templated":true}]}}