{"id":3577,"date":"2018-11-26T11:40:13","date_gmt":"2018-11-26T10:40:13","guid":{"rendered":"https:\/\/mrm-style.com\/sr\/?p=3577"},"modified":"2018-11-26T11:59:49","modified_gmt":"2018-11-26T10:59:49","slug":"jesenji-modni-karavan-u-talinu","status":"publish","type":"post","link":"https:\/\/mrm-style.com\/sr\/jesenji-modni-karavan-u-talinu\/","title":{"rendered":"Jesenji modni karavan u Talinu"},"content":{"rendered":"<p>Dragi moji ljubitelji mode, kako ste mi danas? Nadam se da ste iskoristili ovaj vikend na najbolji mogu\u0107i na\u010din, iako nam vremenski uslovi nisu bili ba\u0161 naklonjeni ovih dana. Danas vam na blogu predstavljam jednu posebnu malo druga\u010diju pri\u010du iz glavne prestonice Estonije. Moram priznati da sam se dosta razmi\u0161ljao danas oko samog naslova ovog posta jer je Talin sam po sebi jedan neobi\u010dan grad. Moderan grad koji poseduje neki \u0161mek srednjovekovnih vremena, gde je tradicija i kultura bila na zavidnom nivou. Druge vrednosti su vi\u0161e bile cenjene, umetnost je bila druga\u010dija, uzvi\u0161ena, mo\u017eda je \u010dak i imala svoj kult, koji je danas vidno izbledeo.<\/p>\n<p><a href=\"https:\/\/mrm-style.com\/sr\/wp-content\/uploads\/2018\/11\/Jesenji-modni-karavan-u-Talinu-by-Mr.M-by-Marko-Tadic-5.jpg\"><img loading=\"lazy\" decoding=\"async\" class=\"aligncenter wp-image-3583 size-full\" src=\"https:\/\/mrm-style.com\/sr\/wp-content\/uploads\/2018\/11\/Jesenji-modni-karavan-u-Talinu-by-Mr.M-by-Marko-Tadic-5.jpg\" alt=\"\" width=\"2343\" height=\"1800\" srcset=\"https:\/\/mrm-style.com\/sr\/wp-content\/uploads\/2018\/11\/Jesenji-modni-karavan-u-Talinu-by-Mr.M-by-Marko-Tadic-5.jpg 2343w, https:\/\/mrm-style.com\/sr\/wp-content\/uploads\/2018\/11\/Jesenji-modni-karavan-u-Talinu-by-Mr.M-by-Marko-Tadic-5-300x230.jpg 300w, https:\/\/mrm-style.com\/sr\/wp-content\/uploads\/2018\/11\/Jesenji-modni-karavan-u-Talinu-by-Mr.M-by-Marko-Tadic-5-768x590.jpg 768w, https:\/\/mrm-style.com\/sr\/wp-content\/uploads\/2018\/11\/Jesenji-modni-karavan-u-Talinu-by-Mr.M-by-Marko-Tadic-5-1024x787.jpg 1024w, https:\/\/mrm-style.com\/sr\/wp-content\/uploads\/2018\/11\/Jesenji-modni-karavan-u-Talinu-by-Mr.M-by-Marko-Tadic-5-1440x1106.jpg 1440w, https:\/\/mrm-style.com\/sr\/wp-content\/uploads\/2018\/11\/Jesenji-modni-karavan-u-Talinu-by-Mr.M-by-Marko-Tadic-5-800x615.jpg 800w, https:\/\/mrm-style.com\/sr\/wp-content\/uploads\/2018\/11\/Jesenji-modni-karavan-u-Talinu-by-Mr.M-by-Marko-Tadic-5-550x423.jpg 550w, https:\/\/mrm-style.com\/sr\/wp-content\/uploads\/2018\/11\/Jesenji-modni-karavan-u-Talinu-by-Mr.M-by-Marko-Tadic-5-1920x1475.jpg 1920w, https:\/\/mrm-style.com\/sr\/wp-content\/uploads\/2018\/11\/Jesenji-modni-karavan-u-Talinu-by-Mr.M-by-Marko-Tadic-5-1406x1080.jpg 1406w, https:\/\/mrm-style.com\/sr\/wp-content\/uploads\/2018\/11\/Jesenji-modni-karavan-u-Talinu-by-Mr.M-by-Marko-Tadic-5-781x600.jpg 781w\" sizes=\"auto, (max-width: 2343px) 100vw, 2343px\" \/><\/a><\/p>\n<p>Talin je grad sa jednom posebnom energijom, mislim da su nam se na neki na\u010din od samog po\u010detka i uklopile. Jedna neprospavana no\u0107, jo\u0161 zavr\u0161ite i na krstarenju. Od uzbu\u0111enja sam i zaboravio na ki\u0161obran, a da ne pri\u010dam koliko sam puta te no\u0107i proveravao vremensku prognozu, pa sam se setio da po\u010dnem da pani\u010dim u tramvaju koji je vozio fotografa i moju malenkost do glavne luke u Helsinkiju. Sre\u0107om, kada imate fotografa koji je pro\u0161ao svet uzdu\u017e i popreko sve mora da se ima u rancu&#8230; U mom rancu je bio keks, kapa, \u0161al i par mapi iz Helsinkija&#8230; To samo ja mogu da ponesem u 3 ujutru, samo \u0107u vam re\u0107i da sam od sve te silne opreme iskoristio keks! \ud83d\ude00<\/p>\n<p><a href=\"https:\/\/mrm-style.com\/sr\/wp-content\/uploads\/2018\/11\/Jesenji-modni-karavan-u-Talinu-by-Mr.M-by-Marko-Tadic-2.jpg\"><img loading=\"lazy\" decoding=\"async\" class=\"aligncenter wp-image-3579 size-full\" src=\"https:\/\/mrm-style.com\/sr\/wp-content\/uploads\/2018\/11\/Jesenji-modni-karavan-u-Talinu-by-Mr.M-by-Marko-Tadic-2.jpg\" alt=\"\" width=\"1800\" height=\"2117\" srcset=\"https:\/\/mrm-style.com\/sr\/wp-content\/uploads\/2018\/11\/Jesenji-modni-karavan-u-Talinu-by-Mr.M-by-Marko-Tadic-2.jpg 1800w, https:\/\/mrm-style.com\/sr\/wp-content\/uploads\/2018\/11\/Jesenji-modni-karavan-u-Talinu-by-Mr.M-by-Marko-Tadic-2-255x300.jpg 255w, https:\/\/mrm-style.com\/sr\/wp-content\/uploads\/2018\/11\/Jesenji-modni-karavan-u-Talinu-by-Mr.M-by-Marko-Tadic-2-768x903.jpg 768w, https:\/\/mrm-style.com\/sr\/wp-content\/uploads\/2018\/11\/Jesenji-modni-karavan-u-Talinu-by-Mr.M-by-Marko-Tadic-2-871x1024.jpg 871w, https:\/\/mrm-style.com\/sr\/wp-content\/uploads\/2018\/11\/Jesenji-modni-karavan-u-Talinu-by-Mr.M-by-Marko-Tadic-2-1440x1694.jpg 1440w, https:\/\/mrm-style.com\/sr\/wp-content\/uploads\/2018\/11\/Jesenji-modni-karavan-u-Talinu-by-Mr.M-by-Marko-Tadic-2-800x941.jpg 800w, https:\/\/mrm-style.com\/sr\/wp-content\/uploads\/2018\/11\/Jesenji-modni-karavan-u-Talinu-by-Mr.M-by-Marko-Tadic-2-550x647.jpg 550w, https:\/\/mrm-style.com\/sr\/wp-content\/uploads\/2018\/11\/Jesenji-modni-karavan-u-Talinu-by-Mr.M-by-Marko-Tadic-2-918x1080.jpg 918w, https:\/\/mrm-style.com\/sr\/wp-content\/uploads\/2018\/11\/Jesenji-modni-karavan-u-Talinu-by-Mr.M-by-Marko-Tadic-2-510x600.jpg 510w\" sizes=\"auto, (max-width: 1800px) 100vw, 1800px\" \/><\/a><\/p>\n<p>Do\u0161li smo u rane jutarnje sati u Talin, mislim da je bilo oko 7 sati ujutru, znam samo da nije bilo \u017eive du\u0161e na ulici. Dobro, sa jedne strane to je odli\u010dno kada slikate modnu kombinaciju. Sa druge strane nisam mogao odmah da osetim du\u0161u grada, jer kao \u0161to svi znamo du\u0161u svakog grada predstavljaju njegovi \u017eitelji, stanovnici. Dobro, brzo je i ta praznina pro\u0161la, taman dok sa ja zavr\u0161io sa mojim keksom, mogli su se \u010duti i prvi, u\u017eurbani udarci \u017eenskih potpetica koje bukvalno samo \u0161to ne po\u010dnu da tr\u010de niz ove talinske kaldrme. Uvek sam se divio \u017eenama kako uspeju da odr\u017ee ravnote\u017eu na potpeticama po neravnom terenu, pritom jo\u0161 i da potr\u010de na tim visokim potpeticama koje nekim \u017eenama \u017eivot zna\u010de.<\/p>\n<p><a href=\"https:\/\/mrm-style.com\/sr\/wp-content\/uploads\/2018\/11\/Jesenji-modni-karavan-u-Talinu-by-Mr.M-by-Marko-Tadic.jpg\"><img loading=\"lazy\" decoding=\"async\" class=\"aligncenter wp-image-3578 size-full\" src=\"https:\/\/mrm-style.com\/sr\/wp-content\/uploads\/2018\/11\/Jesenji-modni-karavan-u-Talinu-by-Mr.M-by-Marko-Tadic.jpg\" alt=\"\" width=\"2998\" height=\"2000\" srcset=\"https:\/\/mrm-style.com\/sr\/wp-content\/uploads\/2018\/11\/Jesenji-modni-karavan-u-Talinu-by-Mr.M-by-Marko-Tadic.jpg 2998w, https:\/\/mrm-style.com\/sr\/wp-content\/uploads\/2018\/11\/Jesenji-modni-karavan-u-Talinu-by-Mr.M-by-Marko-Tadic-300x200.jpg 300w, https:\/\/mrm-style.com\/sr\/wp-content\/uploads\/2018\/11\/Jesenji-modni-karavan-u-Talinu-by-Mr.M-by-Marko-Tadic-768x512.jpg 768w, https:\/\/mrm-style.com\/sr\/wp-content\/uploads\/2018\/11\/Jesenji-modni-karavan-u-Talinu-by-Mr.M-by-Marko-Tadic-1024x683.jpg 1024w, https:\/\/mrm-style.com\/sr\/wp-content\/uploads\/2018\/11\/Jesenji-modni-karavan-u-Talinu-by-Mr.M-by-Marko-Tadic-1440x961.jpg 1440w, https:\/\/mrm-style.com\/sr\/wp-content\/uploads\/2018\/11\/Jesenji-modni-karavan-u-Talinu-by-Mr.M-by-Marko-Tadic-800x534.jpg 800w, https:\/\/mrm-style.com\/sr\/wp-content\/uploads\/2018\/11\/Jesenji-modni-karavan-u-Talinu-by-Mr.M-by-Marko-Tadic-550x367.jpg 550w, https:\/\/mrm-style.com\/sr\/wp-content\/uploads\/2018\/11\/Jesenji-modni-karavan-u-Talinu-by-Mr.M-by-Marko-Tadic-1920x1281.jpg 1920w, https:\/\/mrm-style.com\/sr\/wp-content\/uploads\/2018\/11\/Jesenji-modni-karavan-u-Talinu-by-Mr.M-by-Marko-Tadic-1619x1080.jpg 1619w, https:\/\/mrm-style.com\/sr\/wp-content\/uploads\/2018\/11\/Jesenji-modni-karavan-u-Talinu-by-Mr.M-by-Marko-Tadic-899x600.jpg 899w\" sizes=\"auto, (max-width: 2998px) 100vw, 2998px\" \/><\/a><\/p>\n<p>Dobro, nakon \u0161to smo gledali malu uli\u010dnu predstavu kako tri drugarice idu zajedno na neki ozbiljan posao, po ode\u0107i se moglo re\u0107i da je u pitanju neka ozbiljnija kompanija, mo\u017eda neka advokatska kancelarija jer su sve 3 bile savr\u0161eno ispeglane u toniranim kompletima sa akt ta\u0161nama i modernim torbama&#8230; Mo\u017eda su i neke poslovne \u017eene iz ozbiljnog korporacijskog poslovnog sveta, koje mi blogeri nikada ne\u0107emo mo\u0107i razumeti.<\/p>\n<p>Sve je to bilo super, ali mom fotografu je toliko smetala moja jarko narand\u017easta rolka koja je po njegovom skromnom mi\u0161ljenju nikako nije uklapala uz ovu braon kombinaciju&#8230; Meni nije bila tako lo\u0161a, prvo materijal je bio malo deblji od moje be\u017e rolke koju sam planirao da nosim uz ovaj outlet, druga stvar je \u0161to sam primetio da su fasade u Talinu prete\u017eno svetlijih boja pa nisam hteo da budem deo iste! Zato sam spojio lepo i korisno, nisam postao deo arhitekture Talina, ali bogami se nisam ni smrzao. Znate ja sam od onih osoba koje mogu lako da se razbole i zbog toga na sva moja putovanja nosim 9,999 lekova jer nikada ne znate \u0161ta mene mo\u017ee da &#8220;usre\u0107i&#8221; na nekoj od mojih avantura.<\/p>\n<p><a href=\"https:\/\/mrm-style.com\/sr\/wp-content\/uploads\/2018\/11\/Jesenji-modni-karavan-u-Talinu-by-Mr.M-by-Marko-Tadic-4.jpg\"><img loading=\"lazy\" decoding=\"async\" class=\"aligncenter wp-image-3581 size-full\" src=\"https:\/\/mrm-style.com\/sr\/wp-content\/uploads\/2018\/11\/Jesenji-modni-karavan-u-Talinu-by-Mr.M-by-Marko-Tadic-4.jpg\" alt=\"\" width=\"2699\" height=\"1800\" srcset=\"https:\/\/mrm-style.com\/sr\/wp-content\/uploads\/2018\/11\/Jesenji-modni-karavan-u-Talinu-by-Mr.M-by-Marko-Tadic-4.jpg 2699w, https:\/\/mrm-style.com\/sr\/wp-content\/uploads\/2018\/11\/Jesenji-modni-karavan-u-Talinu-by-Mr.M-by-Marko-Tadic-4-300x200.jpg 300w, https:\/\/mrm-style.com\/sr\/wp-content\/uploads\/2018\/11\/Jesenji-modni-karavan-u-Talinu-by-Mr.M-by-Marko-Tadic-4-768x512.jpg 768w, https:\/\/mrm-style.com\/sr\/wp-content\/uploads\/2018\/11\/Jesenji-modni-karavan-u-Talinu-by-Mr.M-by-Marko-Tadic-4-1024x683.jpg 1024w, https:\/\/mrm-style.com\/sr\/wp-content\/uploads\/2018\/11\/Jesenji-modni-karavan-u-Talinu-by-Mr.M-by-Marko-Tadic-4-1440x960.jpg 1440w, https:\/\/mrm-style.com\/sr\/wp-content\/uploads\/2018\/11\/Jesenji-modni-karavan-u-Talinu-by-Mr.M-by-Marko-Tadic-4-800x534.jpg 800w, https:\/\/mrm-style.com\/sr\/wp-content\/uploads\/2018\/11\/Jesenji-modni-karavan-u-Talinu-by-Mr.M-by-Marko-Tadic-4-550x367.jpg 550w, https:\/\/mrm-style.com\/sr\/wp-content\/uploads\/2018\/11\/Jesenji-modni-karavan-u-Talinu-by-Mr.M-by-Marko-Tadic-4-1920x1280.jpg 1920w, https:\/\/mrm-style.com\/sr\/wp-content\/uploads\/2018\/11\/Jesenji-modni-karavan-u-Talinu-by-Mr.M-by-Marko-Tadic-4-1619x1080.jpg 1619w, https:\/\/mrm-style.com\/sr\/wp-content\/uploads\/2018\/11\/Jesenji-modni-karavan-u-Talinu-by-Mr.M-by-Marko-Tadic-4-900x600.jpg 900w\" sizes=\"auto, (max-width: 2699px) 100vw, 2699px\" \/><\/a><\/p>\n<p>Ubrzo se otvorila i glavna kancelarija <a href=\"https:\/\/www.visittallinn.ee\/eng\"><strong><em>T<\/em><em>uristi\u010dke organizacije grada Talina<\/em><\/strong><\/a>, pa smo dobili neke smernice, kako da iskoristimo par sati u Talinu na najbolji mogu\u0107i na\u010din. Na slici iznad mo\u017eete videti Marka, \u010dovek koji je &#8220;prostudirao&#8221; vodi\u010d kroz Talin, ja sam se toliko zagledao da nisam ni primetio da je fotograf odneo moj ranac, a ovu kesicu sam nosio celi bogovetni dan, \u010dak sam je poneo za Srbiju i na\u0161ao sam joj prikladno mesto. Obo\u017eavam crvenu boju, onda zamislite moju opsesiju kada sam kesicu za\u0161titio na najbolji mogu\u0107i na\u010din, da se ne izlomi do Beograda. Sre\u0107om, eno je savr\u0161eno o\u010duvana i prava stoji pored ostalih milion &#8220;gluposti&#8221; &#8211; kako to voli da nazove moja mama, ali ja sam sre\u0107an! \ud83d\ude42<\/p>\n<h3 style=\"text-align: center;\">OUTFIT<\/h3>\n<p class=\"selectionShareable\" style=\"text-align: center;\"><em>Kaput: <\/em><strong>Burberry<\/strong><\/p>\n<p class=\"selectionShareable\" style=\"text-align: center;\"><em>Rolka:<\/em> <a href=\"https:\/\/www.makiaclothing.com\/men\/knits\/m5026rollneckknitorange182.html\"><strong>Makia<\/strong><\/a><\/p>\n<p class=\"selectionShareable\" style=\"text-align: center;\"><em>Farmerke: <\/em><a href=\"http:\/\/usceshoppingcenter.rs\/zakupci\/cortefiel\/\"><strong>Pedro del Hierro<\/strong><\/a><\/p>\n<p class=\"selectionShareable\" style=\"text-align: center;\"><em>Patike: <\/em><strong>Sax<\/strong><\/p>\n<p class=\"selectionShareable\" style=\"text-align: center;\"><em>Fotoaparat:<\/em> <a href=\"https:\/\/www.sony.de\/electronics\/wechselobjektivkameras\/ilce-7rm2\"><strong>Sony Alpha 7r Mark II<\/strong><\/a><\/p>\n<p>Na ovoj slici sam sebi izgledam kao \u017deljko Samard\u017ei\u0107, li\u0161\u0107e oko mene, park samo neka balada u pozadini i voila eto novog spota! Ne brinite nisam talentovan za pevanje (zbog toga stvarno i najvi\u0161e tugujem u \u017eivotu), ali mogu da poslu\u017eim za statiranje u sportu ako ni\u0161ta drugo! \ud83d\ude00 Jesen je ove godine imala neke sasvim druga\u010dije boje. U Finskoj i Estoniji je nekako sve okrenuto prirodi, pa sam zbog bogate prirodne vegetacije imao prilike da u\u017eivam u magiji zlatne jeseni. Kao \u0161to sam napisao u prethodnom postu, modni stru\u010dnjaci su rekli da je ove sezone zlatna boja u trendu, ja samo mogu primetiti da priroda u Helsinkiju, a bogami i u Talinu prati najnovije modne trendove! \ud83d\ude42<\/p>\n<p><a href=\"https:\/\/mrm-style.com\/sr\/wp-content\/uploads\/2018\/11\/Jesenji-modni-karavan-u-Talinu-by-Mr.M-by-Marko-Tadic-3.jpg\"><img loading=\"lazy\" decoding=\"async\" class=\"aligncenter wp-image-3580 size-full\" src=\"https:\/\/mrm-style.com\/sr\/wp-content\/uploads\/2018\/11\/Jesenji-modni-karavan-u-Talinu-by-Mr.M-by-Marko-Tadic-3.jpg\" alt=\"\" width=\"1800\" height=\"2477\" srcset=\"https:\/\/mrm-style.com\/sr\/wp-content\/uploads\/2018\/11\/Jesenji-modni-karavan-u-Talinu-by-Mr.M-by-Marko-Tadic-3.jpg 1800w, https:\/\/mrm-style.com\/sr\/wp-content\/uploads\/2018\/11\/Jesenji-modni-karavan-u-Talinu-by-Mr.M-by-Marko-Tadic-3-218x300.jpg 218w, https:\/\/mrm-style.com\/sr\/wp-content\/uploads\/2018\/11\/Jesenji-modni-karavan-u-Talinu-by-Mr.M-by-Marko-Tadic-3-768x1057.jpg 768w, https:\/\/mrm-style.com\/sr\/wp-content\/uploads\/2018\/11\/Jesenji-modni-karavan-u-Talinu-by-Mr.M-by-Marko-Tadic-3-744x1024.jpg 744w, https:\/\/mrm-style.com\/sr\/wp-content\/uploads\/2018\/11\/Jesenji-modni-karavan-u-Talinu-by-Mr.M-by-Marko-Tadic-3-1440x1982.jpg 1440w, https:\/\/mrm-style.com\/sr\/wp-content\/uploads\/2018\/11\/Jesenji-modni-karavan-u-Talinu-by-Mr.M-by-Marko-Tadic-3-800x1101.jpg 800w, https:\/\/mrm-style.com\/sr\/wp-content\/uploads\/2018\/11\/Jesenji-modni-karavan-u-Talinu-by-Mr.M-by-Marko-Tadic-3-550x757.jpg 550w, https:\/\/mrm-style.com\/sr\/wp-content\/uploads\/2018\/11\/Jesenji-modni-karavan-u-Talinu-by-Mr.M-by-Marko-Tadic-3-785x1080.jpg 785w, https:\/\/mrm-style.com\/sr\/wp-content\/uploads\/2018\/11\/Jesenji-modni-karavan-u-Talinu-by-Mr.M-by-Marko-Tadic-3-436x600.jpg 436w\" sizes=\"auto, (max-width: 1800px) 100vw, 1800px\" \/><\/a><\/p>\n<p class=\"selectionShareable\">Dragi moji do\u0161li smo do kraja drugog specijalnog posta iz Estonije, vreme uvek proleti kada se \u010dovek lepo zabavlja! Ne brinite za par dana \u0107u objaviti novi post gde \u0107emo nastaviti zajedno da u\u017eivamo u \u010darima putovanja i nastavljamo na\u0161e avanture.<\/p>\n<p class=\"selectionShareable\">Kratka avantura u Talinu se zavr\u0161ila, umorni, ali sre\u0107ni smo oti\u0161li da napunimo svoje baterije za nastavak na\u0161e avanture u Helsinkiju. U narednom postu \u0107u vas upoznati sa jednim poznatim finskim modnim brendom <a href=\"https:\/\/www.turoshop.com\/\"><strong><em>Turo<\/em><\/strong><\/a> i sazna\u0107ete ne\u0161to novo o neprolaznoj klasici koja je dobila neko novo moderno ruho. Siguran sam da \u0107e vam se svideti!<\/p>\n<p class=\"selectionShareable\">Na kraju posta voleo bih da se zahvalim mojim prijateljima iz <a href=\"https:\/\/www.myhelsinki.fi\/en\"><strong><em>Turisti\u010dke organizacije grada Helsinkija<\/em><\/strong><\/a> i prijatnom osoblju iz <a href=\"http:\/\/www.aallonkoti.fi\/\"><strong><em>Aallonkoti<\/em><\/strong><\/a> hotelu koje je u\u010dinilo na\u0161 boravak prijatnim i imali smo ose\u0107aj kao da smo kod svoje ku\u0107e. Koncept hotela je da umesto soba boravite u stanovima razli\u010dite veli\u010dine. Veli\u010dina stanova zavisi od va\u0161ih potreba. Stan u kojem smo mi imali priliku da boravimo je specijalno ure\u0111en od strane poznate finske kompanije <a href=\"https:\/\/www.marimekko.com\/eu_en\/\"><strong><em>Marimekko<\/em><\/strong><\/a>, koja pored svoje osnovne delatnosti \u2013 izrade ode\u0107e ima svoju specijalnu liniju za ure\u0111ivanje doma.<\/p>\n<p class=\"selectionShareable\">Kako se vama dopala ova moja modna pri\u010da o Talinu? Da li ste imali priliku do sada da posetite ovaj dragulj Baltika? Ako ste imali priliku voleo bih da \u010dujem va\u0161e mi\u0161ljenje! Ako imate neko pitanje, komentar, sugestiju ili poruku za mene mo\u017eete mi napisati dole u komentarima. Naravno, kao i do sad uvek me mo\u017eete kontaktirati putem maila ili dru\u0161tvenih mre\u017ea i to mo\u017eete prona\u0107i na stranici\u00a0<a href=\"https:\/\/mrm-style.com\/sr\/kontakt\/\"><strong>KONTAKT<\/strong><\/a>. Vidimo se na istom mestu za par dana!<\/p>\n<p class=\"selectionShareable\"><em>Blogerski pozdrav,<\/em><\/p>\n<p class=\"selectionShareable\"><strong>Mr.M<\/strong><\/p>\n<p><a href=\"https:\/\/mrm-style.com\/sr\/wp-content\/uploads\/2018\/11\/Jesenji-modni-karavan-u-Talinu-by-Mr.M-by-Marko-Tadic-6.jpg\"><img loading=\"lazy\" decoding=\"async\" class=\"aligncenter wp-image-3582 size-full\" src=\"https:\/\/mrm-style.com\/sr\/wp-content\/uploads\/2018\/11\/Jesenji-modni-karavan-u-Talinu-by-Mr.M-by-Marko-Tadic-6.jpg\" alt=\"\" width=\"1800\" height=\"2615\" srcset=\"https:\/\/mrm-style.com\/sr\/wp-content\/uploads\/2018\/11\/Jesenji-modni-karavan-u-Talinu-by-Mr.M-by-Marko-Tadic-6.jpg 1800w, https:\/\/mrm-style.com\/sr\/wp-content\/uploads\/2018\/11\/Jesenji-modni-karavan-u-Talinu-by-Mr.M-by-Marko-Tadic-6-207x300.jpg 207w, https:\/\/mrm-style.com\/sr\/wp-content\/uploads\/2018\/11\/Jesenji-modni-karavan-u-Talinu-by-Mr.M-by-Marko-Tadic-6-768x1116.jpg 768w, https:\/\/mrm-style.com\/sr\/wp-content\/uploads\/2018\/11\/Jesenji-modni-karavan-u-Talinu-by-Mr.M-by-Marko-Tadic-6-705x1024.jpg 705w, https:\/\/mrm-style.com\/sr\/wp-content\/uploads\/2018\/11\/Jesenji-modni-karavan-u-Talinu-by-Mr.M-by-Marko-Tadic-6-1440x2092.jpg 1440w, https:\/\/mrm-style.com\/sr\/wp-content\/uploads\/2018\/11\/Jesenji-modni-karavan-u-Talinu-by-Mr.M-by-Marko-Tadic-6-800x1162.jpg 800w, https:\/\/mrm-style.com\/sr\/wp-content\/uploads\/2018\/11\/Jesenji-modni-karavan-u-Talinu-by-Mr.M-by-Marko-Tadic-6-550x799.jpg 550w, https:\/\/mrm-style.com\/sr\/wp-content\/uploads\/2018\/11\/Jesenji-modni-karavan-u-Talinu-by-Mr.M-by-Marko-Tadic-6-743x1080.jpg 743w, https:\/\/mrm-style.com\/sr\/wp-content\/uploads\/2018\/11\/Jesenji-modni-karavan-u-Talinu-by-Mr.M-by-Marko-Tadic-6-413x600.jpg 413w\" sizes=\"auto, (max-width: 1800px) 100vw, 1800px\" \/><\/a><\/p>\n<h5 style=\"text-align: center;\">Ovaj post je sponzorisan od strane <a href=\"https:\/\/www.myhelsinki.fi\/en\">Turisti\u010dke organizacije grada Helsinkija<\/a>, <a href=\"https:\/\/www.visittallinn.ee\/eng\">Turisti\u010dke organizacije grada Talina<\/a>, kompanije <a href=\"https:\/\/www.tallinksilja.com\/book-a-cruise\">Tallink<\/a> i brenda <a href=\"https:\/\/www.makiaclothing.com\/\">Makia<\/a>\u00a0i \u00a0<a href=\"https:\/\/www.tendam.es\/en\/home\/\">Cortefiel Group<\/a> uz nesebi\u010dnu podr\u0161ku ostalih partnera turisti\u010dke organizacije koje \u0107u pomenuti u narednim postovima.<\/h5>\n<h5 style=\"text-align: center;\">Za izradu ovih fotografija kori\u0161\u0107en je <a href=\"https:\/\/www.sony.de\/electronics\/wechselobjektivkameras\/ilce-7rm2\">Sony Alpha 7r Mark II<\/a>.<\/h5>\n<p style=\"text-align: center;\">\n","protected":false},"excerpt":{"rendered":"<p>Dragi moji ljubitelji mode, kako ste mi danas? Nadam se da ste iskoristili ovaj vikend na najbolji mogu\u0107i na\u010din, iako nam vremenski uslovi nisu bili ba\u0161 naklonjeni ovih dana. Danas vam na blogu predstavljam jednu posebnu malo druga\u010diju pri\u010du iz glavne prestonice Estonije. Moram priznati da sam se dosta razmi\u0161ljao danas oko samog naslova ovog posta jer je Talin sam po sebi jedan neobi\u010dan grad. Moderan grad koji poseduje neki \u0161mek srednjovekovnih vremena, gde je tradicija i kultura bila na zavidnom nivou. Druge vrednosti su vi\u0161e bile cenjene, umetnost je&#8230; <span class=\"more\"><a class=\"more-link\" href=\"https:\/\/mrm-style.com\/sr\/jesenji-modni-karavan-u-talinu\/\">Read More<\/a><\/span><\/p>\n","protected":false},"author":1,"featured_media":3579,"comment_status":"open","ping_status":"open","sticky":false,"template":"","format":"standard","meta":{"om_disable_all_campaigns":false,"_monsterinsights_skip_tracking":false,"_monsterinsights_sitenote_active":false,"_monsterinsights_sitenote_note":"","_monsterinsights_sitenote_category":0,"footnotes":""},"categories":[52,159],"tags":[1684,2944,2945,105,2942,81,3018,56,54,55,2331,59,77,3114,2912,1682,2449,1927,2941],"class_list":["post-3577","post","type-post","status-publish","format-standard","has-post-thumbnail","hentry","category-moda","category-outfit-post","tag-avantura","tag-baltik","tag-baltilcke-zemlje","tag-burberry","tag-estonija","tag-evropa","tag-makia","tag-marko-tadic","tag-mr-m","tag-mr-m-by-marko-tadic","tag-mrmbymarkotadic","tag-pedro-del-hierro","tag-putovanja","tag-sax-shoes","tag-severna-evropa","tag-sony","tag-sony-alpha-7r-mark-ii","tag-sony-deutschland","tag-talin"],"aioseo_notices":[],"_links":{"self":[{"href":"https:\/\/mrm-style.com\/sr\/wp-json\/wp\/v2\/posts\/3577","targetHints":{"allow":["GET"]}}],"collection":[{"href":"https:\/\/mrm-style.com\/sr\/wp-json\/wp\/v2\/posts"}],"about":[{"href":"https:\/\/mrm-style.com\/sr\/wp-json\/wp\/v2\/types\/post"}],"author":[{"embeddable":true,"href":"https:\/\/mrm-style.com\/sr\/wp-json\/wp\/v2\/users\/1"}],"replies":[{"embeddable":true,"href":"https:\/\/mrm-style.com\/sr\/wp-json\/wp\/v2\/comments?post=3577"}],"version-history":[{"count":4,"href":"https:\/\/mrm-style.com\/sr\/wp-json\/wp\/v2\/posts\/3577\/revisions"}],"predecessor-version":[{"id":3587,"href":"https:\/\/mrm-style.com\/sr\/wp-json\/wp\/v2\/posts\/3577\/revisions\/3587"}],"wp:featuredmedia":[{"embeddable":true,"href":"https:\/\/mrm-style.com\/sr\/wp-json\/wp\/v2\/media\/3579"}],"wp:attachment":[{"href":"https:\/\/mrm-style.com\/sr\/wp-json\/wp\/v2\/media?parent=3577"}],"wp:term":[{"taxonomy":"category","embeddable":true,"href":"https:\/\/mrm-style.com\/sr\/wp-json\/wp\/v2\/categories?post=3577"},{"taxonomy":"post_tag","embeddable":true,"href":"https:\/\/mrm-style.com\/sr\/wp-json\/wp\/v2\/tags?post=3577"}],"curies":[{"name":"wp","href":"https:\/\/api.w.org\/{rel}","templated":true}]}}