{"id":3679,"date":"2018-12-25T14:56:32","date_gmt":"2018-12-25T13:56:32","guid":{"rendered":"https:\/\/mrm-style.com\/sr\/?p=3679"},"modified":"2018-12-26T15:02:56","modified_gmt":"2018-12-26T14:02:56","slug":"praznici-su-lepsi-kada-smo-zajedno","status":"publish","type":"post","link":"https:\/\/mrm-style.com\/sr\/praznici-su-lepsi-kada-smo-zajedno\/","title":{"rendered":"Praznici su lep\u0161i kada smo zajedno!"},"content":{"rendered":"<p>Zdravo svima, kako ste? Nadam se da vam je ova prazni\u010dna \u010darolija popravila raspolo\u017eenje i da do\u010dekujete praznike ispunjeni rado\u0161\u0107u koji sa sobom nose praznici. \u017deleo bih da iskoristim priliku da \u010destitam veliki verski praznik Bo\u017ei\u0107 svim pripadnicima katoli\u010dke veroispovesti. Bo\u017ei\u0107 nas svake godine \u00a0podse\u0107a na najbitnije \u017eivotne vrednosti: ljubav i po\u0161tovanje. Nadam se da \u0107emo svi prona\u0107i mir za kojim stalno tragamo. Ja sam se potrudio da \u010destitam svim mojim prijateljima i saradnicima koji slave ovaj veliki praznik, kao \u0161to se i oni svake godine potrude da mi srda\u010dno i otvorenog srca po\u017eele sve najbolje u januaru svake godine kada se proslavlja pravoslavni Bo\u017ei\u0107.<\/p>\n<p>Danas sam re\u0161io da budem u prazni\u010dnom duhu i da na ovaj neobi\u010dan na\u010din \u010destitam mojim prijateljima iz modne ku\u0107e <a href=\"https:\/\/www.turoshop.com\/#\"><strong><em>Turo<\/em><\/strong><\/a> ovaj veliki verski praznik i nadam se da \u0107e im moja modna \u010destitka ulep\u0161ati ovaj veli\u010danstveni dan.<\/p>\n<p><a href=\"https:\/\/mrm-style.com\/sr\/wp-content\/uploads\/2018\/12\/Praznici-su-lep\u0161i-kada-smo-zajedno-Mr.M-by-Marko-Tadic-2.jpg\"><img loading=\"lazy\" decoding=\"async\" class=\"aligncenter wp-image-3681 size-full\" src=\"https:\/\/mrm-style.com\/sr\/wp-content\/uploads\/2018\/12\/Praznici-su-lep\u0161i-kada-smo-zajedno-Mr.M-by-Marko-Tadic-2.jpg\" alt=\"\" width=\"1970\" height=\"1800\" srcset=\"https:\/\/mrm-style.com\/sr\/wp-content\/uploads\/2018\/12\/Praznici-su-lep\u0161i-kada-smo-zajedno-Mr.M-by-Marko-Tadic-2.jpg 1970w, https:\/\/mrm-style.com\/sr\/wp-content\/uploads\/2018\/12\/Praznici-su-lep\u0161i-kada-smo-zajedno-Mr.M-by-Marko-Tadic-2-300x274.jpg 300w, https:\/\/mrm-style.com\/sr\/wp-content\/uploads\/2018\/12\/Praznici-su-lep\u0161i-kada-smo-zajedno-Mr.M-by-Marko-Tadic-2-768x702.jpg 768w, https:\/\/mrm-style.com\/sr\/wp-content\/uploads\/2018\/12\/Praznici-su-lep\u0161i-kada-smo-zajedno-Mr.M-by-Marko-Tadic-2-1024x936.jpg 1024w, https:\/\/mrm-style.com\/sr\/wp-content\/uploads\/2018\/12\/Praznici-su-lep\u0161i-kada-smo-zajedno-Mr.M-by-Marko-Tadic-2-1440x1316.jpg 1440w, https:\/\/mrm-style.com\/sr\/wp-content\/uploads\/2018\/12\/Praznici-su-lep\u0161i-kada-smo-zajedno-Mr.M-by-Marko-Tadic-2-800x731.jpg 800w, https:\/\/mrm-style.com\/sr\/wp-content\/uploads\/2018\/12\/Praznici-su-lep\u0161i-kada-smo-zajedno-Mr.M-by-Marko-Tadic-2-550x503.jpg 550w, https:\/\/mrm-style.com\/sr\/wp-content\/uploads\/2018\/12\/Praznici-su-lep\u0161i-kada-smo-zajedno-Mr.M-by-Marko-Tadic-2-1920x1754.jpg 1920w, https:\/\/mrm-style.com\/sr\/wp-content\/uploads\/2018\/12\/Praznici-su-lep\u0161i-kada-smo-zajedno-Mr.M-by-Marko-Tadic-2-1182x1080.jpg 1182w, https:\/\/mrm-style.com\/sr\/wp-content\/uploads\/2018\/12\/Praznici-su-lep\u0161i-kada-smo-zajedno-Mr.M-by-Marko-Tadic-2-657x600.jpg 657w\" sizes=\"auto, (max-width: 1970px) 100vw, 1970px\" \/><\/a><\/p>\n<p>Ako ste kojim slu\u010dajem propustili da pro\u010ditate prethodni post koji sam uradio sa modnom ku\u0107om Turo, to mo\u017eete i sad u\u010diniti, ako posetite ovaj <a href=\"https:\/\/mrm-style.com\/sr\/turo-finska-rec-za-eleganciju\/\"><em><strong>link<\/strong><\/em><\/a>. Nadam se da \u0107ete u\u017eivati! Slike za ovaj post su ura\u0111ene jo\u0161 po\u010detkom Novembra, ali zbog obaveza mog fotografa nismo uspeli da objavimo ovaj post ranije. Zahvaljujem se mojim prijateljima iz modne ku\u0107e Turo na razumevanju.<\/p>\n<p>Iznenadna saradnja sa ovim neodoljivim finskom brendom je potpuno zbunila sva moja &#8220;blogerska&#8221; \u010dula i moram priznati da nisam imao ideju gde bih mogao napraviti slike da bih uspeo na adekvatan na\u010din da predstavim ovaj neobi\u010dni komad &#8211; kaput. Novu specijalnu kolekciju <a href=\"https:\/\/www.turoshop.com\/collections\/turo-x-ikla\"><em><strong>TURO x IKLA<\/strong><\/em><\/a>\u00a0koju je modna ku\u0107a <a href=\"https:\/\/www.turoshop.com\/#\"><em><strong>Turo<\/strong><\/em><\/a> spremila ove sezone je ne\u0161to sasvim novo kada pri\u010damo o mu\u0161koj modnoj sceni. U prethodnom postu sam vam detaljnije predstavio neke osnovne ciljeve i viziju kako samo kreatora ove specijalne kolekcije &#8211; Ikla Wright, mladi Finac koji je svoju sre\u0107u prona\u0161ao u modnom svetu u glavnoj prestonici Engleske, u Londonu. Iako je nakon brojnih uspeha koje je zabele\u017eio kao modni kreator u Engleskoj, Ikla nije zaboravio svoju domovinu i odlu\u010dio je da modnoj ku\u0107i Turo podari jednu pravu modnu sve\u017einu.<\/p>\n<p><a href=\"https:\/\/mrm-style.com\/sr\/wp-content\/uploads\/2018\/12\/Praznici-su-lep\u0161i-kada-smo-zajedno-Mr.M-by-Marko-Tadic-.jpg\"><img loading=\"lazy\" decoding=\"async\" class=\"aligncenter wp-image-3680 size-full\" src=\"https:\/\/mrm-style.com\/sr\/wp-content\/uploads\/2018\/12\/Praznici-su-lep\u0161i-kada-smo-zajedno-Mr.M-by-Marko-Tadic-.jpg\" alt=\"\" width=\"1800\" height=\"2760\" srcset=\"https:\/\/mrm-style.com\/sr\/wp-content\/uploads\/2018\/12\/Praznici-su-lep\u0161i-kada-smo-zajedno-Mr.M-by-Marko-Tadic-.jpg 1800w, https:\/\/mrm-style.com\/sr\/wp-content\/uploads\/2018\/12\/Praznici-su-lep\u0161i-kada-smo-zajedno-Mr.M-by-Marko-Tadic--196x300.jpg 196w, https:\/\/mrm-style.com\/sr\/wp-content\/uploads\/2018\/12\/Praznici-su-lep\u0161i-kada-smo-zajedno-Mr.M-by-Marko-Tadic--768x1178.jpg 768w, https:\/\/mrm-style.com\/sr\/wp-content\/uploads\/2018\/12\/Praznici-su-lep\u0161i-kada-smo-zajedno-Mr.M-by-Marko-Tadic--668x1024.jpg 668w, https:\/\/mrm-style.com\/sr\/wp-content\/uploads\/2018\/12\/Praznici-su-lep\u0161i-kada-smo-zajedno-Mr.M-by-Marko-Tadic--1440x2208.jpg 1440w, https:\/\/mrm-style.com\/sr\/wp-content\/uploads\/2018\/12\/Praznici-su-lep\u0161i-kada-smo-zajedno-Mr.M-by-Marko-Tadic--800x1227.jpg 800w, https:\/\/mrm-style.com\/sr\/wp-content\/uploads\/2018\/12\/Praznici-su-lep\u0161i-kada-smo-zajedno-Mr.M-by-Marko-Tadic--550x843.jpg 550w, https:\/\/mrm-style.com\/sr\/wp-content\/uploads\/2018\/12\/Praznici-su-lep\u0161i-kada-smo-zajedno-Mr.M-by-Marko-Tadic--704x1080.jpg 704w, https:\/\/mrm-style.com\/sr\/wp-content\/uploads\/2018\/12\/Praznici-su-lep\u0161i-kada-smo-zajedno-Mr.M-by-Marko-Tadic--391x600.jpg 391w\" sizes=\"auto, (max-width: 1800px) 100vw, 1800px\" \/><\/a><\/p>\n<p>Neobi\u010dni krojevi, sloboda u pokretima i osnovne kapitalne boje koje \u0107e uvek u\u010diniti svakog mu\u0161karca bezvremenskim je bio osnovni cilj mladog kreatora da podstakne mlade generacije mu\u0161karaca da zavole na neki novi na\u010din klasi\u010dnu mu\u0161ku modu.<\/p>\n<p>Berlin, kao grad novih ideja, centar uli\u010dne mode gde su nastali mnogi poznati svetski brendovi je mo\u017eda bio i idealno mesto za fotografisanje ovog outfita. Kao \u0161to vidite meni je uvek zabavno, pa \u010dak i onda kada je hladno jer sama pomisao da imam priliku da se slikam u Berlinu, ogreje moje srce pa mi ni\u017ee spolja\u0161ne temperature ne mogu pokvariti raspolo\u017eenje.<\/p>\n<p><a href=\"https:\/\/mrm-style.com\/sr\/wp-content\/uploads\/2018\/12\/Praznici-su-lep\u0161i-kada-smo-zajedno-Mr.M-by-Marko-Tadic-4.jpg\"><img loading=\"lazy\" decoding=\"async\" class=\"aligncenter wp-image-3683 size-full\" src=\"https:\/\/mrm-style.com\/sr\/wp-content\/uploads\/2018\/12\/Praznici-su-lep\u0161i-kada-smo-zajedno-Mr.M-by-Marko-Tadic-4.jpg\" alt=\"\" width=\"1800\" height=\"3269\" srcset=\"https:\/\/mrm-style.com\/sr\/wp-content\/uploads\/2018\/12\/Praznici-su-lep\u0161i-kada-smo-zajedno-Mr.M-by-Marko-Tadic-4.jpg 1800w, https:\/\/mrm-style.com\/sr\/wp-content\/uploads\/2018\/12\/Praznici-su-lep\u0161i-kada-smo-zajedno-Mr.M-by-Marko-Tadic-4-165x300.jpg 165w, https:\/\/mrm-style.com\/sr\/wp-content\/uploads\/2018\/12\/Praznici-su-lep\u0161i-kada-smo-zajedno-Mr.M-by-Marko-Tadic-4-768x1395.jpg 768w, https:\/\/mrm-style.com\/sr\/wp-content\/uploads\/2018\/12\/Praznici-su-lep\u0161i-kada-smo-zajedno-Mr.M-by-Marko-Tadic-4-564x1024.jpg 564w, https:\/\/mrm-style.com\/sr\/wp-content\/uploads\/2018\/12\/Praznici-su-lep\u0161i-kada-smo-zajedno-Mr.M-by-Marko-Tadic-4-1440x2615.jpg 1440w, https:\/\/mrm-style.com\/sr\/wp-content\/uploads\/2018\/12\/Praznici-su-lep\u0161i-kada-smo-zajedno-Mr.M-by-Marko-Tadic-4-800x1453.jpg 800w, https:\/\/mrm-style.com\/sr\/wp-content\/uploads\/2018\/12\/Praznici-su-lep\u0161i-kada-smo-zajedno-Mr.M-by-Marko-Tadic-4-550x999.jpg 550w, https:\/\/mrm-style.com\/sr\/wp-content\/uploads\/2018\/12\/Praznici-su-lep\u0161i-kada-smo-zajedno-Mr.M-by-Marko-Tadic-4-595x1080.jpg 595w, https:\/\/mrm-style.com\/sr\/wp-content\/uploads\/2018\/12\/Praznici-su-lep\u0161i-kada-smo-zajedno-Mr.M-by-Marko-Tadic-4-330x600.jpg 330w\" sizes=\"auto, (max-width: 1800px) 100vw, 1800px\" \/><\/a><\/p>\n<p>Neki nau\u010dnici su nakon odre\u0111enih dugogodi\u0161njih istra\u017eivanja do\u0161li do zaklju\u010dka da boja mo\u017ee dosta uticati na pozitivnu promenu raspolo\u017eenja osoba i samim tim doprineti pobolj\u0161anju op\u0161teg zdrastvenog stanja pojedinca. Crvena boja osim \u0161to je privla\u010dna oku, ima dosta uticaja i na promenu raspolo\u017eenja. Siguran sam da ste svi \u010duli kako je crvena boja simbol radosti i ljubavi. Zbog te simbolike, dosta modnih ku\u0107a svake godine pred zimske praznike kreiraju posebne kolekcije koje sadr\u017ee crvenu, zelenu, teget i nezaobilaznu belu boju.<\/p>\n<p>Ovaj crveni d\u017eemper je mene podsetio na praznike, na one trenutke koje provedete sa svojom porodicom i prijateljima za vreme praznika gde delite sre\u0107u, radost i pozitivnu energiju jer praznici su najbolji kada smo zajedno.<\/p>\n<p><a href=\"https:\/\/mrm-style.com\/sr\/wp-content\/uploads\/2018\/12\/Praznici-su-lep\u0161i-kada-smo-zajedno-Mr.M-by-Marko-Tadic-3.jpg\"><img loading=\"lazy\" decoding=\"async\" class=\"aligncenter wp-image-3682 size-full\" src=\"https:\/\/mrm-style.com\/sr\/wp-content\/uploads\/2018\/12\/Praznici-su-lep\u0161i-kada-smo-zajedno-Mr.M-by-Marko-Tadic-3.jpg\" alt=\"\" width=\"2000\" height=\"2420\" srcset=\"https:\/\/mrm-style.com\/sr\/wp-content\/uploads\/2018\/12\/Praznici-su-lep\u0161i-kada-smo-zajedno-Mr.M-by-Marko-Tadic-3.jpg 2000w, https:\/\/mrm-style.com\/sr\/wp-content\/uploads\/2018\/12\/Praznici-su-lep\u0161i-kada-smo-zajedno-Mr.M-by-Marko-Tadic-3-248x300.jpg 248w, https:\/\/mrm-style.com\/sr\/wp-content\/uploads\/2018\/12\/Praznici-su-lep\u0161i-kada-smo-zajedno-Mr.M-by-Marko-Tadic-3-768x929.jpg 768w, https:\/\/mrm-style.com\/sr\/wp-content\/uploads\/2018\/12\/Praznici-su-lep\u0161i-kada-smo-zajedno-Mr.M-by-Marko-Tadic-3-846x1024.jpg 846w, https:\/\/mrm-style.com\/sr\/wp-content\/uploads\/2018\/12\/Praznici-su-lep\u0161i-kada-smo-zajedno-Mr.M-by-Marko-Tadic-3-1440x1742.jpg 1440w, https:\/\/mrm-style.com\/sr\/wp-content\/uploads\/2018\/12\/Praznici-su-lep\u0161i-kada-smo-zajedno-Mr.M-by-Marko-Tadic-3-800x968.jpg 800w, https:\/\/mrm-style.com\/sr\/wp-content\/uploads\/2018\/12\/Praznici-su-lep\u0161i-kada-smo-zajedno-Mr.M-by-Marko-Tadic-3-550x666.jpg 550w, https:\/\/mrm-style.com\/sr\/wp-content\/uploads\/2018\/12\/Praznici-su-lep\u0161i-kada-smo-zajedno-Mr.M-by-Marko-Tadic-3-1920x2323.jpg 1920w, https:\/\/mrm-style.com\/sr\/wp-content\/uploads\/2018\/12\/Praznici-su-lep\u0161i-kada-smo-zajedno-Mr.M-by-Marko-Tadic-3-893x1080.jpg 893w, https:\/\/mrm-style.com\/sr\/wp-content\/uploads\/2018\/12\/Praznici-su-lep\u0161i-kada-smo-zajedno-Mr.M-by-Marko-Tadic-3-496x600.jpg 496w\" sizes=\"auto, (max-width: 2000px) 100vw, 2000px\" \/><\/a><\/p>\n<p>Moj fotograf je imao potpunu druga\u010diju koncepciju moje odevne kombinacije, pa sam umesto Bo\u017ei\u0107 Bata zbog neobi\u010dnog kroja kaputa dobio kompliment da izgledam kao student koji kasni za voz na Hogvorts jer se tamo odvija radnja poznatog holivudskog filmskog ostvarenja &#8220;Hari Poter&#8221;. Niko ne mo\u017ee da te ukopa bolje nego tvoj saradnik.<\/p>\n<p>Dobro moram priznati, mo\u017eda je taj kompliment i bio najpribli\u017eniji opisu ove moje odevne kombinacije i to je dokaz da svako od nas ima neko svoje li\u010dno vi\u0111enje stvari koje mo\u017ee biti tako\u0111e realno, samo \u0161to u prvi mah mi to li\u010dno ne prime\u0107ujemo.<\/p>\n<p><a href=\"https:\/\/mrm-style.com\/sr\/wp-content\/uploads\/2018\/12\/Praznici-su-lep\u0161i-kada-smo-zajedno-Mr.M-by-Marko-Tadic-5.jpg\"><img loading=\"lazy\" decoding=\"async\" class=\"aligncenter wp-image-3684 size-full\" src=\"https:\/\/mrm-style.com\/sr\/wp-content\/uploads\/2018\/12\/Praznici-su-lep\u0161i-kada-smo-zajedno-Mr.M-by-Marko-Tadic-5.jpg\" alt=\"\" width=\"2560\" height=\"1800\" srcset=\"https:\/\/mrm-style.com\/sr\/wp-content\/uploads\/2018\/12\/Praznici-su-lep\u0161i-kada-smo-zajedno-Mr.M-by-Marko-Tadic-5.jpg 2560w, https:\/\/mrm-style.com\/sr\/wp-content\/uploads\/2018\/12\/Praznici-su-lep\u0161i-kada-smo-zajedno-Mr.M-by-Marko-Tadic-5-300x211.jpg 300w, https:\/\/mrm-style.com\/sr\/wp-content\/uploads\/2018\/12\/Praznici-su-lep\u0161i-kada-smo-zajedno-Mr.M-by-Marko-Tadic-5-768x540.jpg 768w, https:\/\/mrm-style.com\/sr\/wp-content\/uploads\/2018\/12\/Praznici-su-lep\u0161i-kada-smo-zajedno-Mr.M-by-Marko-Tadic-5-1024x720.jpg 1024w, https:\/\/mrm-style.com\/sr\/wp-content\/uploads\/2018\/12\/Praznici-su-lep\u0161i-kada-smo-zajedno-Mr.M-by-Marko-Tadic-5-1440x1013.jpg 1440w, https:\/\/mrm-style.com\/sr\/wp-content\/uploads\/2018\/12\/Praznici-su-lep\u0161i-kada-smo-zajedno-Mr.M-by-Marko-Tadic-5-800x563.jpg 800w, https:\/\/mrm-style.com\/sr\/wp-content\/uploads\/2018\/12\/Praznici-su-lep\u0161i-kada-smo-zajedno-Mr.M-by-Marko-Tadic-5-550x387.jpg 550w, https:\/\/mrm-style.com\/sr\/wp-content\/uploads\/2018\/12\/Praznici-su-lep\u0161i-kada-smo-zajedno-Mr.M-by-Marko-Tadic-5-1920x1350.jpg 1920w, https:\/\/mrm-style.com\/sr\/wp-content\/uploads\/2018\/12\/Praznici-su-lep\u0161i-kada-smo-zajedno-Mr.M-by-Marko-Tadic-5-1536x1080.jpg 1536w, https:\/\/mrm-style.com\/sr\/wp-content\/uploads\/2018\/12\/Praznici-su-lep\u0161i-kada-smo-zajedno-Mr.M-by-Marko-Tadic-5-853x600.jpg 853w\" sizes=\"auto, (max-width: 2560px) 100vw, 2560px\" \/><\/a><\/p>\n<p>Pantalone ste imali priliku da vidite i u prethodnom outifit postu gde ste mogli da vidite kako su se one isto vrlo dobro uklopile i uz toplije pastelne boje. Neobi\u010dan model pantalona, sa visokim strukom koje mogu da pomognu mu\u0161karcima kao \u0161to sam ja da bar vizuelno na tren &#8220;izdu\u017ee&#8221; svoj donji deo tela. Ja mo\u017eda jesam visok, ali moje noge su za par santimetara kra\u0107e jer je moje te\u017ei\u0161te kukova za moju visinu malo ni\u017ee i trup dolazi do ve\u0107eg izra\u017eaja.<\/p>\n<p>U prethodnih par meseci sam dobio par interesantnih mejlova kako od mladjih, tako i od starijih mu\u0161karaca u vezi odabira najboljih pantalona mu\u0161karaca koji imaju ja\u010de kukove, po\u0161to su primetili da i ja imam sli\u010dan &#8220;problem&#8221;. Naravno, to nije ni\u0161ta ozbiljno ve\u0107 je tako fizionomija odre\u0111enih mu\u0161karaca i onda imamo problem da nadjemo idealne pantalone. Moj savet je da ako imate problem ja\u010dih kukova, a donji deo nogu je mr\u0161aviji da uvek birate modele pantalone koje su \u0161ire u gornjem delu, dok su u donjem delu blago su\u017eene ili \u0161to bi modni znalci rekli &#8220;cigaret&#8221; pantalone.<\/p>\n<p><a href=\"https:\/\/mrm-style.com\/sr\/wp-content\/uploads\/2018\/12\/Praznici-su-lep\u0161i-kada-smo-zajedno-Mr.M-by-Marko-Tadic-6.jpg\"><img loading=\"lazy\" decoding=\"async\" class=\"aligncenter wp-image-3685 size-full\" src=\"https:\/\/mrm-style.com\/sr\/wp-content\/uploads\/2018\/12\/Praznici-su-lep\u0161i-kada-smo-zajedno-Mr.M-by-Marko-Tadic-6.jpg\" alt=\"\" width=\"2000\" height=\"2759\" srcset=\"https:\/\/mrm-style.com\/sr\/wp-content\/uploads\/2018\/12\/Praznici-su-lep\u0161i-kada-smo-zajedno-Mr.M-by-Marko-Tadic-6.jpg 2000w, https:\/\/mrm-style.com\/sr\/wp-content\/uploads\/2018\/12\/Praznici-su-lep\u0161i-kada-smo-zajedno-Mr.M-by-Marko-Tadic-6-217x300.jpg 217w, https:\/\/mrm-style.com\/sr\/wp-content\/uploads\/2018\/12\/Praznici-su-lep\u0161i-kada-smo-zajedno-Mr.M-by-Marko-Tadic-6-768x1059.jpg 768w, https:\/\/mrm-style.com\/sr\/wp-content\/uploads\/2018\/12\/Praznici-su-lep\u0161i-kada-smo-zajedno-Mr.M-by-Marko-Tadic-6-742x1024.jpg 742w, https:\/\/mrm-style.com\/sr\/wp-content\/uploads\/2018\/12\/Praznici-su-lep\u0161i-kada-smo-zajedno-Mr.M-by-Marko-Tadic-6-1440x1986.jpg 1440w, https:\/\/mrm-style.com\/sr\/wp-content\/uploads\/2018\/12\/Praznici-su-lep\u0161i-kada-smo-zajedno-Mr.M-by-Marko-Tadic-6-800x1104.jpg 800w, https:\/\/mrm-style.com\/sr\/wp-content\/uploads\/2018\/12\/Praznici-su-lep\u0161i-kada-smo-zajedno-Mr.M-by-Marko-Tadic-6-550x759.jpg 550w, https:\/\/mrm-style.com\/sr\/wp-content\/uploads\/2018\/12\/Praznici-su-lep\u0161i-kada-smo-zajedno-Mr.M-by-Marko-Tadic-6-1920x2649.jpg 1920w, https:\/\/mrm-style.com\/sr\/wp-content\/uploads\/2018\/12\/Praznici-su-lep\u0161i-kada-smo-zajedno-Mr.M-by-Marko-Tadic-6-783x1080.jpg 783w, https:\/\/mrm-style.com\/sr\/wp-content\/uploads\/2018\/12\/Praznici-su-lep\u0161i-kada-smo-zajedno-Mr.M-by-Marko-Tadic-6-435x600.jpg 435w\" sizes=\"auto, (max-width: 2000px) 100vw, 2000px\" \/><\/a><\/p>\n<p>Dragi moji do\u0161li smo do kraja ovog drugog specijalnog modnog posta koji sam uradio u saradnji sa modnim brendom <a href=\"https:\/\/www.turoshop.com\/#\"><strong><em>Turo<\/em><\/strong><\/a>, vreme uvek proleti kada se \u010dovek lepo zabavlja! Ne brinite za par dana \u0107u objaviti novi post gde \u0107emo nastaviti zajedno da u\u017eivamo u \u010darima putovanja i nastavljamo na\u0161u avanturu na Kipru. Naredni post o Kipru \u0107e ujedno biti i poslednji post u ovoj godini i iskreno se nadam da \u0107e vam se dopasti i da \u0107emo se na pravi na\u010din, kako dolikuje, oprostiti od 2018. godine sa osmehom na licu.<\/p>\n<p>Na kraju posta voleo bih da se zahvalim mojim prijateljima iz <a href=\"https:\/\/www.turoshop.com\/#\"><strong><em>Turo<\/em><\/strong><\/a> brenda koji su mi izmamili osmeh sa ovom novom kolekcijom i nadam se da sam uspeo ovim postom da vam predstavim novu urbanu klasiku kojom <a href=\"https:\/\/www.turoshop.com\/collections\/turo-x-ikla\"><strong><em>TURO X IKLA<\/em><\/strong><\/a> kolekcija odi\u0161e! ?<\/p>\n<p><a href=\"https:\/\/mrm-style.com\/sr\/wp-content\/uploads\/2018\/12\/Praznici-su-lep\u0161i-kada-smo-zajedno-Mr.M-by-Marko-Tadic-8.jpg\"><img loading=\"lazy\" decoding=\"async\" class=\"aligncenter wp-image-3687 size-full\" src=\"https:\/\/mrm-style.com\/sr\/wp-content\/uploads\/2018\/12\/Praznici-su-lep\u0161i-kada-smo-zajedno-Mr.M-by-Marko-Tadic-8.jpg\" alt=\"\" width=\"2294\" height=\"1800\" srcset=\"https:\/\/mrm-style.com\/sr\/wp-content\/uploads\/2018\/12\/Praznici-su-lep\u0161i-kada-smo-zajedno-Mr.M-by-Marko-Tadic-8.jpg 2294w, https:\/\/mrm-style.com\/sr\/wp-content\/uploads\/2018\/12\/Praznici-su-lep\u0161i-kada-smo-zajedno-Mr.M-by-Marko-Tadic-8-300x235.jpg 300w, https:\/\/mrm-style.com\/sr\/wp-content\/uploads\/2018\/12\/Praznici-su-lep\u0161i-kada-smo-zajedno-Mr.M-by-Marko-Tadic-8-768x603.jpg 768w, https:\/\/mrm-style.com\/sr\/wp-content\/uploads\/2018\/12\/Praznici-su-lep\u0161i-kada-smo-zajedno-Mr.M-by-Marko-Tadic-8-1024x803.jpg 1024w, https:\/\/mrm-style.com\/sr\/wp-content\/uploads\/2018\/12\/Praznici-su-lep\u0161i-kada-smo-zajedno-Mr.M-by-Marko-Tadic-8-1440x1130.jpg 1440w, https:\/\/mrm-style.com\/sr\/wp-content\/uploads\/2018\/12\/Praznici-su-lep\u0161i-kada-smo-zajedno-Mr.M-by-Marko-Tadic-8-800x628.jpg 800w, https:\/\/mrm-style.com\/sr\/wp-content\/uploads\/2018\/12\/Praznici-su-lep\u0161i-kada-smo-zajedno-Mr.M-by-Marko-Tadic-8-550x432.jpg 550w, https:\/\/mrm-style.com\/sr\/wp-content\/uploads\/2018\/12\/Praznici-su-lep\u0161i-kada-smo-zajedno-Mr.M-by-Marko-Tadic-8-1920x1507.jpg 1920w, https:\/\/mrm-style.com\/sr\/wp-content\/uploads\/2018\/12\/Praznici-su-lep\u0161i-kada-smo-zajedno-Mr.M-by-Marko-Tadic-8-1376x1080.jpg 1376w, https:\/\/mrm-style.com\/sr\/wp-content\/uploads\/2018\/12\/Praznici-su-lep\u0161i-kada-smo-zajedno-Mr.M-by-Marko-Tadic-8-765x600.jpg 765w\" sizes=\"auto, (max-width: 2294px) 100vw, 2294px\" \/><\/a><\/p>\n<h3 style=\"text-align: center;\">OUTFIT<\/h3>\n<p class=\"selectionShareable\" style=\"text-align: center;\"><em>Kaput: <\/em><a href=\"https:\/\/www.turoshop.com\/collections\/aw-18\/products\/oversize-coat-savile-clifford?variant=12403860602942\"><strong>Turo x Ikla<\/strong><\/a><\/p>\n<p class=\"selectionShareable\" style=\"text-align: center;\"><em>D\u017eemper: <\/em><a href=\"https:\/\/www.turoshop.com\/collections\/aw-18\/products\/gents-lambs-wool-swater?variant=12406924542014\"><strong>Turo x Ikla<\/strong><\/a><\/p>\n<p class=\"selectionShareable\" style=\"text-align: center;\"><em>Pantalone: <\/em><a href=\"https:\/\/www.turoshop.com\/collections\/turo-x-ikla\/products\/pleated-trousers-ikla?variant=12406899900478\"><strong>Turo x Ikla<\/strong><\/a><\/p>\n<p class=\"selectionShareable\" style=\"text-align: center;\"><em>Rukavice:<\/em>\u00a0<strong>Burberry<\/strong><\/p>\n<p class=\"selectionShareable\" style=\"text-align: center;\"><em>\u010cizme: <\/em><strong>Makia Clothing<\/strong><\/p>\n<p class=\"selectionShareable\" style=\"text-align: center;\"><em>Fotoaparat:<\/em> <a href=\"https:\/\/www.sony.de\/electronics\/wechselobjektivkameras\/ilce-7rm2\"><strong>Sony Alpha 7r Mark II<\/strong><\/a><\/p>\n<p class=\"selectionShareable\" style=\"text-align: left;\">Kako se vama dopala ova moja odevna kombinacija? U narednom postu, koji \u0107e ujedno biti i poslednji post za ovu 2018. godinu \u0107u se potruditi da sumiramo neke na\u0161e zajedni\u010dke trenutke koje smo nesebi\u010dno delili i ove 2018. godine na Mr.M blogu. Ako imate neko pitanje, komentar, sugestiju ili poruku za mene mo\u017eete mi napisati dole u komentarima. Naravno, kao i do sad uvek me mo\u017eete kontaktirati putem maila ili dru\u0161tvenih mre\u017ea i to mo\u017eete prona\u0107i na stranici\u00a0<a href=\"https:\/\/mrm-style.com\/sr\/kontakt\/\"><strong>KONTAKT<\/strong><\/a>. Vidimo se na istom mestu za par dana!<\/p>\n<p class=\"selectionShareable\"><em>Blogerski pozdrav,<\/em><\/p>\n<p class=\"selectionShareable\"><strong>Mr.M<\/strong><\/p>\n<p><a href=\"https:\/\/mrm-style.com\/sr\/wp-content\/uploads\/2018\/12\/Praznici-su-lep\u0161i-kada-smo-zajedno-Mr.M-by-Marko-Tadic-7.jpg\"><img loading=\"lazy\" decoding=\"async\" class=\"aligncenter wp-image-3686 size-full\" src=\"https:\/\/mrm-style.com\/sr\/wp-content\/uploads\/2018\/12\/Praznici-su-lep\u0161i-kada-smo-zajedno-Mr.M-by-Marko-Tadic-7.jpg\" alt=\"\" width=\"2747\" height=\"1800\" srcset=\"https:\/\/mrm-style.com\/sr\/wp-content\/uploads\/2018\/12\/Praznici-su-lep\u0161i-kada-smo-zajedno-Mr.M-by-Marko-Tadic-7.jpg 2747w, https:\/\/mrm-style.com\/sr\/wp-content\/uploads\/2018\/12\/Praznici-su-lep\u0161i-kada-smo-zajedno-Mr.M-by-Marko-Tadic-7-300x197.jpg 300w, https:\/\/mrm-style.com\/sr\/wp-content\/uploads\/2018\/12\/Praznici-su-lep\u0161i-kada-smo-zajedno-Mr.M-by-Marko-Tadic-7-768x503.jpg 768w, https:\/\/mrm-style.com\/sr\/wp-content\/uploads\/2018\/12\/Praznici-su-lep\u0161i-kada-smo-zajedno-Mr.M-by-Marko-Tadic-7-1024x671.jpg 1024w, https:\/\/mrm-style.com\/sr\/wp-content\/uploads\/2018\/12\/Praznici-su-lep\u0161i-kada-smo-zajedno-Mr.M-by-Marko-Tadic-7-1440x944.jpg 1440w, https:\/\/mrm-style.com\/sr\/wp-content\/uploads\/2018\/12\/Praznici-su-lep\u0161i-kada-smo-zajedno-Mr.M-by-Marko-Tadic-7-800x524.jpg 800w, https:\/\/mrm-style.com\/sr\/wp-content\/uploads\/2018\/12\/Praznici-su-lep\u0161i-kada-smo-zajedno-Mr.M-by-Marko-Tadic-7-550x360.jpg 550w, https:\/\/mrm-style.com\/sr\/wp-content\/uploads\/2018\/12\/Praznici-su-lep\u0161i-kada-smo-zajedno-Mr.M-by-Marko-Tadic-7-1920x1258.jpg 1920w, https:\/\/mrm-style.com\/sr\/wp-content\/uploads\/2018\/12\/Praznici-su-lep\u0161i-kada-smo-zajedno-Mr.M-by-Marko-Tadic-7-1648x1080.jpg 1648w, https:\/\/mrm-style.com\/sr\/wp-content\/uploads\/2018\/12\/Praznici-su-lep\u0161i-kada-smo-zajedno-Mr.M-by-Marko-Tadic-7-916x600.jpg 916w\" sizes=\"auto, (max-width: 2747px) 100vw, 2747px\" \/><\/a><\/p>\n<h5 style=\"text-align: center;\">Ovaj post je sponzorisan od strane modne ku\u0107e\u00a0<a href=\"https:\/\/www.turoshop.com\/#\">Turo<\/a>.\u00a0Za izradu ovih fotografija kori\u0161\u0107en je <a href=\"https:\/\/www.sony.de\/electronics\/wechselobjektivkameras\/ilce-7rm2\">Sony Alpha 7r Mark II<\/a>.<\/h5>\n","protected":false},"excerpt":{"rendered":"<p>Zdravo svima, kako ste? Nadam se da vam je ova prazni\u010dna \u010darolija popravila raspolo\u017eenje i da do\u010dekujete praznike ispunjeni rado\u0161\u0107u koji sa sobom nose praznici. \u017deleo bih da iskoristim priliku da \u010destitam veliki verski praznik Bo\u017ei\u0107 svim pripadnicima katoli\u010dke veroispovesti. Bo\u017ei\u0107 nas svake godine \u00a0podse\u0107a na najbitnije \u017eivotne vrednosti: ljubav i po\u0161tovanje. Nadam se da \u0107emo svi prona\u0107i mir za kojim stalno tragamo. Ja sam se potrudio da \u010destitam svim mojim prijateljima i saradnicima koji slave ovaj veliki praznik, kao \u0161to se i oni svake godine potrude da mi srda\u010dno&#8230; <span class=\"more\"><a class=\"more-link\" href=\"https:\/\/mrm-style.com\/sr\/praznici-su-lepsi-kada-smo-zajedno\/\">Read More<\/a><\/span><\/p>\n","protected":false},"author":1,"featured_media":3685,"comment_status":"open","ping_status":"open","sticky":false,"template":"","format":"standard","meta":{"om_disable_all_campaigns":false,"_monsterinsights_skip_tracking":false,"_monsterinsights_sitenote_active":false,"_monsterinsights_sitenote_note":"","_monsterinsights_sitenote_category":0,"footnotes":""},"categories":[52,159],"tags":[131,150,56,89,54,55,2331,3149,3194,2392,1682,2449,1927,3145,3146,3245],"class_list":["post-3679","post","type-post","status-publish","format-standard","has-post-thumbnail","hentry","category-moda","category-outfit-post","tag-berlin","tag-klasika","tag-marko-tadic","tag-moda","tag-mr-m","tag-mr-m-by-marko-tadic","tag-mrmbymarkotadic","tag-muska-moda","tag-muska-odeca","tag-prica-o-berlinu","tag-sony","tag-sony-alpha-7r-mark-ii","tag-sony-deutschland","tag-turo","tag-turo-x-ikla","tag-urbana-klasika"],"aioseo_notices":[],"_links":{"self":[{"href":"https:\/\/mrm-style.com\/sr\/wp-json\/wp\/v2\/posts\/3679","targetHints":{"allow":["GET"]}}],"collection":[{"href":"https:\/\/mrm-style.com\/sr\/wp-json\/wp\/v2\/posts"}],"about":[{"href":"https:\/\/mrm-style.com\/sr\/wp-json\/wp\/v2\/types\/post"}],"author":[{"embeddable":true,"href":"https:\/\/mrm-style.com\/sr\/wp-json\/wp\/v2\/users\/1"}],"replies":[{"embeddable":true,"href":"https:\/\/mrm-style.com\/sr\/wp-json\/wp\/v2\/comments?post=3679"}],"version-history":[{"count":1,"href":"https:\/\/mrm-style.com\/sr\/wp-json\/wp\/v2\/posts\/3679\/revisions"}],"predecessor-version":[{"id":3688,"href":"https:\/\/mrm-style.com\/sr\/wp-json\/wp\/v2\/posts\/3679\/revisions\/3688"}],"wp:featuredmedia":[{"embeddable":true,"href":"https:\/\/mrm-style.com\/sr\/wp-json\/wp\/v2\/media\/3685"}],"wp:attachment":[{"href":"https:\/\/mrm-style.com\/sr\/wp-json\/wp\/v2\/media?parent=3679"}],"wp:term":[{"taxonomy":"category","embeddable":true,"href":"https:\/\/mrm-style.com\/sr\/wp-json\/wp\/v2\/categories?post=3679"},{"taxonomy":"post_tag","embeddable":true,"href":"https:\/\/mrm-style.com\/sr\/wp-json\/wp\/v2\/tags?post=3679"}],"curies":[{"name":"wp","href":"https:\/\/api.w.org\/{rel}","templated":true}]}}