{"id":3978,"date":"2019-04-28T17:08:41","date_gmt":"2019-04-28T16:08:41","guid":{"rendered":"https:\/\/mrm-style.com\/sr\/?p=3978"},"modified":"2019-05-05T14:40:46","modified_gmt":"2019-05-05T13:40:46","slug":"bila-je-to-jedna-modna-nedelja-u-moskvi","status":"publish","type":"post","link":"https:\/\/mrm-style.com\/sr\/bila-je-to-jedna-modna-nedelja-u-moskvi\/","title":{"rendered":"Bila je to jedna modna nedelja u Moskvi"},"content":{"rendered":"<p>Pozdrav svim mojim dragim ljubiteljima mode i putovanja! Kao \u0161to ste navikli na Mr.M blogu postovi se objavljuju petkom ili za vikend. Idealno vreme, taman dok stignu svima vama mejlovi sa obave\u0161tenjem da je novi post na blogu imate vi\u0161e vremena za u\u017eivanje i da se posvetite sebi. Primetio sam da volite da \u010ditate postove u kojima se lepo ispri\u010dam sam sa sobom bez nekih uputstava, pa \u0107u se potruditi i ovaj put da bude tako.<\/p>\n<p>Pre nekoliko dana smo zapo\u010deli rusku avanturu na blogu, razlog moje posete je bio poprili\u010dno jasan &#8211; Nedelja mode u Moskvi. Nisam dugo pisao modne postove na blogu, pa mi je te\u0161ko da se vratim u formu nadam se da mi ne\u0107ete zameriti. Do sada sam par puta dobijao poziv za ovo de\u0161avanje, ali kao \u0161to u mom \u017eivotu biva ja se razbolim ili neko od mojih \u017eivotinjica pa ne bih da mrdam ba\u0161 od ku\u0107e u tim trenucima&#8230; Ovaj put nisam imao neke posebne prepreke osim \u0161to sam se malo zaigrao.<\/p>\n<p>Ja sam veliki avanturista, pa sam ovaj put sebi zadao zadatak da u 9:30 uspem da iza\u0111em sa aerodroma, uhvatim moju \u010duvenu limuzinu A1 koja me odveze do Slavije pa trk do ku\u0107e da se spakujem i vratim do 12 sati na aerodrom. Da, tako je to bilo! Imao sam manje od dva sata da se prepakujem i da idem na va\u017eno de\u0161avanje kao \u0161to je to nedelja mode.<\/p>\n<p><a href=\"https:\/\/mrm-style.com\/sr\/wp-content\/uploads\/2019\/05\/Bila-je-to-jedna-modna-nedelja-u-Moskvi2.jpg\"><img loading=\"lazy\" decoding=\"async\" class=\"aligncenter wp-image-3980 size-full\" src=\"https:\/\/mrm-style.com\/sr\/wp-content\/uploads\/2019\/05\/Bila-je-to-jedna-modna-nedelja-u-Moskvi2.jpg\" alt=\"\" width=\"2113\" height=\"1668\" srcset=\"https:\/\/mrm-style.com\/sr\/wp-content\/uploads\/2019\/05\/Bila-je-to-jedna-modna-nedelja-u-Moskvi2.jpg 2113w, https:\/\/mrm-style.com\/sr\/wp-content\/uploads\/2019\/05\/Bila-je-to-jedna-modna-nedelja-u-Moskvi2-300x237.jpg 300w, https:\/\/mrm-style.com\/sr\/wp-content\/uploads\/2019\/05\/Bila-je-to-jedna-modna-nedelja-u-Moskvi2-768x606.jpg 768w, https:\/\/mrm-style.com\/sr\/wp-content\/uploads\/2019\/05\/Bila-je-to-jedna-modna-nedelja-u-Moskvi2-1024x808.jpg 1024w, https:\/\/mrm-style.com\/sr\/wp-content\/uploads\/2019\/05\/Bila-je-to-jedna-modna-nedelja-u-Moskvi2-1440x1137.jpg 1440w, https:\/\/mrm-style.com\/sr\/wp-content\/uploads\/2019\/05\/Bila-je-to-jedna-modna-nedelja-u-Moskvi2-800x632.jpg 800w, https:\/\/mrm-style.com\/sr\/wp-content\/uploads\/2019\/05\/Bila-je-to-jedna-modna-nedelja-u-Moskvi2-550x434.jpg 550w, https:\/\/mrm-style.com\/sr\/wp-content\/uploads\/2019\/05\/Bila-je-to-jedna-modna-nedelja-u-Moskvi2-1920x1516.jpg 1920w, https:\/\/mrm-style.com\/sr\/wp-content\/uploads\/2019\/05\/Bila-je-to-jedna-modna-nedelja-u-Moskvi2-1368x1080.jpg 1368w, https:\/\/mrm-style.com\/sr\/wp-content\/uploads\/2019\/05\/Bila-je-to-jedna-modna-nedelja-u-Moskvi2-760x600.jpg 760w\" sizes=\"auto, (max-width: 2113px) 100vw, 2113px\" \/><\/a><\/p>\n<p>Za samo ne\u0161to manje od 2 sata uspe\u0161no sam uspeo da spakujem skoro 26 kilograma stvari, a totalno sam zaboravio na ode\u0107u koja me tamo \u010dekala. Ja uvek kada putujem na modna de\u0161avanja ponesem sve pa se na kraju ispostavi da sam uzalud sve poneo! Ovaj put nisam ba\u0161 napravio toliku gre\u0161ku jer je tamo bilo tako zima da ja ne znam \u0161ta bih radio od muke. Hvala bogu pa sam poneo moje omiljene rolke da me greju, iako me je moja majka osu\u0111ivala gde da nosim rolke u sred prole\u0107a po Moskvi. Nekad i ja da ispadnem pametna glavica u porodici!<\/p>\n<p>Elem, uspeo sam da se spakujem da zaboravim kablove od punja\u010da telefona jer mi je glava bila u oblacima i mama mi je javila da su silni kablovi ostali kod ku\u0107e taman dok sam ja sedeo u \u010dekanici sa ostalim putnicima i \u010dekao svoj let. Promrmljao sam sebi u bradu da \u0107e biti veselo i da \u0107u bar prona\u0107i negde da kupim zamenske punja\u010de nepoznatih proizvo\u0111a\u010da samo da mi oprema pre\u017eivi put&#8230;<\/p>\n<p><a href=\"https:\/\/mrm-style.com\/sr\/wp-content\/uploads\/2019\/05\/Bila-je-to-jedna-modna-nedelja-u-Moskvi5.jpg\"><img loading=\"lazy\" decoding=\"async\" class=\"aligncenter wp-image-3983 size-full\" src=\"https:\/\/mrm-style.com\/sr\/wp-content\/uploads\/2019\/05\/Bila-je-to-jedna-modna-nedelja-u-Moskvi5.jpg\" alt=\"\" width=\"2500\" height=\"1668\" srcset=\"https:\/\/mrm-style.com\/sr\/wp-content\/uploads\/2019\/05\/Bila-je-to-jedna-modna-nedelja-u-Moskvi5.jpg 2500w, https:\/\/mrm-style.com\/sr\/wp-content\/uploads\/2019\/05\/Bila-je-to-jedna-modna-nedelja-u-Moskvi5-300x200.jpg 300w, https:\/\/mrm-style.com\/sr\/wp-content\/uploads\/2019\/05\/Bila-je-to-jedna-modna-nedelja-u-Moskvi5-768x512.jpg 768w, https:\/\/mrm-style.com\/sr\/wp-content\/uploads\/2019\/05\/Bila-je-to-jedna-modna-nedelja-u-Moskvi5-1024x683.jpg 1024w, https:\/\/mrm-style.com\/sr\/wp-content\/uploads\/2019\/05\/Bila-je-to-jedna-modna-nedelja-u-Moskvi5-1440x961.jpg 1440w, https:\/\/mrm-style.com\/sr\/wp-content\/uploads\/2019\/05\/Bila-je-to-jedna-modna-nedelja-u-Moskvi5-800x534.jpg 800w, https:\/\/mrm-style.com\/sr\/wp-content\/uploads\/2019\/05\/Bila-je-to-jedna-modna-nedelja-u-Moskvi5-550x367.jpg 550w, https:\/\/mrm-style.com\/sr\/wp-content\/uploads\/2019\/05\/Bila-je-to-jedna-modna-nedelja-u-Moskvi5-1920x1281.jpg 1920w, https:\/\/mrm-style.com\/sr\/wp-content\/uploads\/2019\/05\/Bila-je-to-jedna-modna-nedelja-u-Moskvi5-1619x1080.jpg 1619w, https:\/\/mrm-style.com\/sr\/wp-content\/uploads\/2019\/05\/Bila-je-to-jedna-modna-nedelja-u-Moskvi5-899x600.jpg 899w\" sizes=\"auto, (max-width: 2500px) 100vw, 2500px\" \/><\/a><\/p>\n<p>Po prvi put sam pomislio da pitam na recepciji hotela da nemaju mo\u017eda punja\u010de, pomislio sam mo\u017eda da im se sigurno de\u0161ava da je gostima potreban punja\u010d za telefon ili ra\u010dunar i da su nekim \u010dudom ili nepa\u017enjom kao ja u brzini zaboravili da ponesu. Pitao sam boja\u017eljivo \u0161to sam ti\u0161e mogao da li imaju mo\u017eda punja\u010de, moj fotograf je to malo glasnije ponovio po\u0161to je mene pojeo \u017eivi blam&#8230; Prijatna mlada devojka sa recepcije me je zamolila da napi\u0161em na papiru koji punja\u010di su mi potrebni i da \u0107e mi u najkra\u0107em vremenskom roku biti isporu\u010deni u sobu, proba\u0107e da prona\u0111u!<\/p>\n<p>Mislim da je to bio onaj sveti trenutak spa\u0161enja Sv. Marka blogerskog da ne mora da kupuje punja\u010de po\u0161to su mi sve la\u0111e potonule kada sam usput u samom putu do hotela bio iznena\u0111en cenama sitnica, o\u010dekivao sam da je Moskva skupa, ali ovo je prevazi\u0161lo sva moja o\u010dekivanja.<\/p>\n<p><a href=\"https:\/\/mrm-style.com\/sr\/wp-content\/uploads\/2019\/05\/Bila-je-to-jedna-modna-nedelja-u-Moskvi6.jpg\"><img loading=\"lazy\" decoding=\"async\" class=\"aligncenter wp-image-3984 size-full\" src=\"https:\/\/mrm-style.com\/sr\/wp-content\/uploads\/2019\/05\/Bila-je-to-jedna-modna-nedelja-u-Moskvi6.jpg\" alt=\"\" width=\"1052\" height=\"1700\" srcset=\"https:\/\/mrm-style.com\/sr\/wp-content\/uploads\/2019\/05\/Bila-je-to-jedna-modna-nedelja-u-Moskvi6.jpg 1052w, https:\/\/mrm-style.com\/sr\/wp-content\/uploads\/2019\/05\/Bila-je-to-jedna-modna-nedelja-u-Moskvi6-186x300.jpg 186w, https:\/\/mrm-style.com\/sr\/wp-content\/uploads\/2019\/05\/Bila-je-to-jedna-modna-nedelja-u-Moskvi6-768x1241.jpg 768w, https:\/\/mrm-style.com\/sr\/wp-content\/uploads\/2019\/05\/Bila-je-to-jedna-modna-nedelja-u-Moskvi6-634x1024.jpg 634w, https:\/\/mrm-style.com\/sr\/wp-content\/uploads\/2019\/05\/Bila-je-to-jedna-modna-nedelja-u-Moskvi6-800x1293.jpg 800w, https:\/\/mrm-style.com\/sr\/wp-content\/uploads\/2019\/05\/Bila-je-to-jedna-modna-nedelja-u-Moskvi6-550x889.jpg 550w, https:\/\/mrm-style.com\/sr\/wp-content\/uploads\/2019\/05\/Bila-je-to-jedna-modna-nedelja-u-Moskvi6-668x1080.jpg 668w, https:\/\/mrm-style.com\/sr\/wp-content\/uploads\/2019\/05\/Bila-je-to-jedna-modna-nedelja-u-Moskvi6-371x600.jpg 371w\" sizes=\"auto, (max-width: 1052px) 100vw, 1052px\" \/><\/a><\/p>\n<p>Mali Marko je nakon pola sata dobio sve punja\u010de i mogao je da krene u nove radne pobede. To prvo ve\u010de u Moskvi mi je pro\u0161lo radno trebalo je raspremiti 26 kilograma prtljaga, izvaditi iz paketa nove stvari koje su stigle. Ina\u010de kada idem na ovakva putovanja prvo \u0161to radim je raspakivanje mog kofera i paketa koje sam dobio od kompanija jer posle mi je lak\u0161e da ih opeglam jer se manje izgu\u017evaju!<\/p>\n<p><a href=\"https:\/\/mrm-style.com\/sr\/wp-content\/uploads\/2019\/05\/Bila-je-to-jedna-modna-nedelja-u-Moskvi8.jpg\"><img loading=\"lazy\" decoding=\"async\" class=\"aligncenter wp-image-3986 size-full\" src=\"https:\/\/mrm-style.com\/sr\/wp-content\/uploads\/2019\/05\/Bila-je-to-jedna-modna-nedelja-u-Moskvi8.jpg\" alt=\"\" width=\"1259\" height=\"1700\" srcset=\"https:\/\/mrm-style.com\/sr\/wp-content\/uploads\/2019\/05\/Bila-je-to-jedna-modna-nedelja-u-Moskvi8.jpg 1259w, https:\/\/mrm-style.com\/sr\/wp-content\/uploads\/2019\/05\/Bila-je-to-jedna-modna-nedelja-u-Moskvi8-222x300.jpg 222w, https:\/\/mrm-style.com\/sr\/wp-content\/uploads\/2019\/05\/Bila-je-to-jedna-modna-nedelja-u-Moskvi8-768x1037.jpg 768w, https:\/\/mrm-style.com\/sr\/wp-content\/uploads\/2019\/05\/Bila-je-to-jedna-modna-nedelja-u-Moskvi8-758x1024.jpg 758w, https:\/\/mrm-style.com\/sr\/wp-content\/uploads\/2019\/05\/Bila-je-to-jedna-modna-nedelja-u-Moskvi8-800x1080.jpg 800w, https:\/\/mrm-style.com\/sr\/wp-content\/uploads\/2019\/05\/Bila-je-to-jedna-modna-nedelja-u-Moskvi8-550x743.jpg 550w, https:\/\/mrm-style.com\/sr\/wp-content\/uploads\/2019\/05\/Bila-je-to-jedna-modna-nedelja-u-Moskvi8-444x600.jpg 444w\" sizes=\"auto, (max-width: 1259px) 100vw, 1259px\" \/><\/a><\/p>\n<p>Uspeo sam da &#8220;odmorim&#8221; malo o\u010di na 2,3 sata i onaj moj nesre\u0107ni alarm je po\u010deo da zvoni&#8230; Nije on jadan kriv \u0161to ja \u017eelim da radim 100 stvari istovremeno, pa mi nekad i dan ako bi kojim slu\u010dajem bio 30 sati (volim da zaokru\u017eim na okrugle brojeve) ne bi bio dovoljan da pozavr\u0161avam sve \u0161to sam planirao.<\/p>\n<p><a href=\"https:\/\/mrm-style.com\/sr\/wp-content\/uploads\/2019\/05\/Bila-je-to-jedna-modna-nedelja-u-Moskvi1.jpg\"><img loading=\"lazy\" decoding=\"async\" class=\"aligncenter wp-image-3979 size-full\" src=\"https:\/\/mrm-style.com\/sr\/wp-content\/uploads\/2019\/05\/Bila-je-to-jedna-modna-nedelja-u-Moskvi1.jpg\" alt=\"\" width=\"1113\" height=\"1668\" srcset=\"https:\/\/mrm-style.com\/sr\/wp-content\/uploads\/2019\/05\/Bila-je-to-jedna-modna-nedelja-u-Moskvi1.jpg 1113w, https:\/\/mrm-style.com\/sr\/wp-content\/uploads\/2019\/05\/Bila-je-to-jedna-modna-nedelja-u-Moskvi1-200x300.jpg 200w, https:\/\/mrm-style.com\/sr\/wp-content\/uploads\/2019\/05\/Bila-je-to-jedna-modna-nedelja-u-Moskvi1-768x1151.jpg 768w, https:\/\/mrm-style.com\/sr\/wp-content\/uploads\/2019\/05\/Bila-je-to-jedna-modna-nedelja-u-Moskvi1-683x1024.jpg 683w, https:\/\/mrm-style.com\/sr\/wp-content\/uploads\/2019\/05\/Bila-je-to-jedna-modna-nedelja-u-Moskvi1-800x1199.jpg 800w, https:\/\/mrm-style.com\/sr\/wp-content\/uploads\/2019\/05\/Bila-je-to-jedna-modna-nedelja-u-Moskvi1-550x824.jpg 550w, https:\/\/mrm-style.com\/sr\/wp-content\/uploads\/2019\/05\/Bila-je-to-jedna-modna-nedelja-u-Moskvi1-721x1080.jpg 721w, https:\/\/mrm-style.com\/sr\/wp-content\/uploads\/2019\/05\/Bila-je-to-jedna-modna-nedelja-u-Moskvi1-400x600.jpg 400w\" sizes=\"auto, (max-width: 1113px) 100vw, 1113px\" \/><\/a><\/p>\n<p>Morao sam po\u017eurim sa spremanjem jer je taj dan bio i ujedno prvi dan Nedelje mode i u prepodnevnim \u010dasovima se organizuje neki sastanak za medije, blogere ima i neka klopa. Naravno fotograf me je napustio i oti\u0161ao da jede, meni nije bilo do jela umalo da zaspim od umora, ali sam uspeo da se odr\u017eim.<\/p>\n<p>Jedan od brojnih razloga moje iscrpljenosti bilo je i ovo slikanje koje sam hteo da obavim pre odlaska na de\u0161avanja jer smo ujutru svi lepi i sve\u017ei (osim mene!) pa sam odlu\u010dio da uradim slike za outfit post.<\/p>\n<p><a href=\"https:\/\/mrm-style.com\/sr\/wp-content\/uploads\/2019\/05\/Bila-je-to-jedna-modna-nedelja-u-Moskvi7.jpg\"><img loading=\"lazy\" decoding=\"async\" class=\"aligncenter wp-image-3985 size-full\" src=\"https:\/\/mrm-style.com\/sr\/wp-content\/uploads\/2019\/05\/Bila-je-to-jedna-modna-nedelja-u-Moskvi7.jpg\" alt=\"\" width=\"2500\" height=\"1668\" srcset=\"https:\/\/mrm-style.com\/sr\/wp-content\/uploads\/2019\/05\/Bila-je-to-jedna-modna-nedelja-u-Moskvi7.jpg 2500w, https:\/\/mrm-style.com\/sr\/wp-content\/uploads\/2019\/05\/Bila-je-to-jedna-modna-nedelja-u-Moskvi7-300x200.jpg 300w, https:\/\/mrm-style.com\/sr\/wp-content\/uploads\/2019\/05\/Bila-je-to-jedna-modna-nedelja-u-Moskvi7-768x512.jpg 768w, https:\/\/mrm-style.com\/sr\/wp-content\/uploads\/2019\/05\/Bila-je-to-jedna-modna-nedelja-u-Moskvi7-1024x683.jpg 1024w, https:\/\/mrm-style.com\/sr\/wp-content\/uploads\/2019\/05\/Bila-je-to-jedna-modna-nedelja-u-Moskvi7-1440x961.jpg 1440w, https:\/\/mrm-style.com\/sr\/wp-content\/uploads\/2019\/05\/Bila-je-to-jedna-modna-nedelja-u-Moskvi7-800x534.jpg 800w, https:\/\/mrm-style.com\/sr\/wp-content\/uploads\/2019\/05\/Bila-je-to-jedna-modna-nedelja-u-Moskvi7-550x367.jpg 550w, https:\/\/mrm-style.com\/sr\/wp-content\/uploads\/2019\/05\/Bila-je-to-jedna-modna-nedelja-u-Moskvi7-1920x1281.jpg 1920w, https:\/\/mrm-style.com\/sr\/wp-content\/uploads\/2019\/05\/Bila-je-to-jedna-modna-nedelja-u-Moskvi7-1619x1080.jpg 1619w, https:\/\/mrm-style.com\/sr\/wp-content\/uploads\/2019\/05\/Bila-je-to-jedna-modna-nedelja-u-Moskvi7-899x600.jpg 899w\" sizes=\"auto, (max-width: 2500px) 100vw, 2500px\" \/><\/a><\/p>\n<p>Moj fotograf je nazvao ovu sliku &#8220;\u0160panska sapunica moment&#8221;, ruku na srce meni je ova slika draga. Po prvi put u svom \u017eivotu jasno vidim svoje o\u010di na slici. Ti trenuci su retki, ali ih kao \u0161to vidite ima ih! \ud83d\ude42 Boravak u <a href=\"https:\/\/www.marriott.com\/hotels\/travel\/mowxr-the-st-regis-moscow-nikolskaya\/?scid=bb1a189a-fec3-4d19-a255-54ba596febe2\"><strong><em>St. Regis<\/em><\/strong><\/a> hotelu pamti\u0107u po prijatnom ambijentu i klasi\u010dnoj muzici koju obo\u017eavam da slu\u0161am i tada mi inspiracija na vrhuncu. Idealno vreme za pisanje tekstova!<\/p>\n<p>Kako opisati ovaj outfit? Poku\u0161a\u0107u sa samo \u010detiri re\u010di, a vi me ispravite ako gre\u0161im: Savr\u0161ena Harmonija Braon Boja. Zahvaljuju\u0107i mojim prijateljima iz modne ku\u0107e Loro Piana imao sam priliku da osetim meko\u0107u njihovog ka\u0161mira koji je najpoznatiji u svetu. Mama kada je videla ove slike rekla je dete smrsnu\u0107e\u0161 se napolju je 6 stepeni, moram priznati da nisam osetio hladno\u0107u jer sam imao organizovan prevoz, a i bio sam neizmerno uzbu\u0111en zbog Moskve jer sam kona\u010dno posle par godina ponovo do\u0161ao u ovaj predivni grad.<\/p>\n<p><a href=\"https:\/\/mrm-style.com\/sr\/wp-content\/uploads\/2019\/05\/Bila-je-to-jedna-modna-nedelja-u-Moskvi3isp.jpg\"><img loading=\"lazy\" decoding=\"async\" class=\"aligncenter wp-image-3990 size-full\" src=\"https:\/\/mrm-style.com\/sr\/wp-content\/uploads\/2019\/05\/Bila-je-to-jedna-modna-nedelja-u-Moskvi3isp.jpg\" alt=\"\" width=\"1113\" height=\"1668\" srcset=\"https:\/\/mrm-style.com\/sr\/wp-content\/uploads\/2019\/05\/Bila-je-to-jedna-modna-nedelja-u-Moskvi3isp.jpg 1113w, https:\/\/mrm-style.com\/sr\/wp-content\/uploads\/2019\/05\/Bila-je-to-jedna-modna-nedelja-u-Moskvi3isp-200x300.jpg 200w, https:\/\/mrm-style.com\/sr\/wp-content\/uploads\/2019\/05\/Bila-je-to-jedna-modna-nedelja-u-Moskvi3isp-768x1151.jpg 768w, https:\/\/mrm-style.com\/sr\/wp-content\/uploads\/2019\/05\/Bila-je-to-jedna-modna-nedelja-u-Moskvi3isp-683x1024.jpg 683w, https:\/\/mrm-style.com\/sr\/wp-content\/uploads\/2019\/05\/Bila-je-to-jedna-modna-nedelja-u-Moskvi3isp-800x1199.jpg 800w, https:\/\/mrm-style.com\/sr\/wp-content\/uploads\/2019\/05\/Bila-je-to-jedna-modna-nedelja-u-Moskvi3isp-550x824.jpg 550w, https:\/\/mrm-style.com\/sr\/wp-content\/uploads\/2019\/05\/Bila-je-to-jedna-modna-nedelja-u-Moskvi3isp-721x1080.jpg 721w, https:\/\/mrm-style.com\/sr\/wp-content\/uploads\/2019\/05\/Bila-je-to-jedna-modna-nedelja-u-Moskvi3isp-400x600.jpg 400w\" sizes=\"auto, (max-width: 1113px) 100vw, 1113px\" \/><br \/>\n<\/a>Dragi moji, do\u0161li smo do kraja ovog posta, a ujedno i drugog specijalnog posta iz Rusije koji ne bi bio mogu\u0107 bez kompanije <a href=\"https:\/\/www.flyredwings.com\/\"><strong><em>Red Wings<\/em><\/strong><\/a>. Vreme uvek proleti kada se \u010dovek lepo zabavlja! Tokom boravka u Moskvi obi\u0161li smo mnoge interesantne znamenitosti koje \u0107u rado podeliti sa vama u jednom od narednih postova. \u010covek je bogat u du\u0161i ako je uspeo da istra\u017ei svet i meni je drago da uvek uspem da prona\u0111em partnere mojih projekata koji mi poma\u017eu da otkrijem svet na jedan sasvim druga\u010diji na\u010din.<\/p>\n<h3 class=\"x_selectionSharer\" style=\"text-align: center;\">OUTFIT<\/h3>\n<p class=\"x_selectionShareable x_selectionSharer selectionShareable\" style=\"text-align: center;\"><em>Ko\u017eni monton:<\/em>\u00a0<a href=\"https:\/\/de.loropiana.com\/en\"><strong>Loro Piana<\/strong><\/a><\/p>\n<p class=\"x_selectionShareable x_selectionSharer selectionShareable\" style=\"text-align: center;\"><em>Rolka: <\/em><a href=\"https:\/\/de.loropiana.com\/en\"><strong>Loro Piana<\/strong><\/a><\/p>\n<p class=\"x_selectionShareable x_selectionSharer selectionShareable\" style=\"text-align: center;\"><em>Pantalone: <\/em><a href=\"https:\/\/de.loropiana.com\/en\"><strong>Loro Piana<\/strong><\/a><\/p>\n<p style=\"text-align: center;\">Ranac: Louis Vuitton<\/p>\n<p style=\"text-align: center;\">Patike: <a href=\"https:\/\/de.loropiana.com\/en\"><strong>Loro Piana<\/strong><\/a><\/p>\n<p class=\"selectionShareable\">Na kraju posta voleo bih da se zahvalim mojim prijateljima iz avio kompanije <a href=\"https:\/\/www.flyredwings.com\/\"><strong><em>Red Wings<\/em><\/strong><\/a> na ovoj predivnoj saradnji i neverovatnom iskustvu koje \u0107u pamtiti dugo. Moskva je divan grad, koji je ina\u010de obele\u017eio moje detinjstvo. Tako\u0111e, \u017eeleo bih ovim putem da se zahvalim partnerima ovog projekta, koji su svojom nesebi\u010dnom podr\u0161kom podr\u017eali ovaj projekat i omogu\u0107ili nam da se u njihovom hotelu ose\u0107amo kao kod svoje ku\u0107e. Hvala <a href=\"https:\/\/www.marriott.com\/hotels\/travel\/mowxr-the-st-regis-moscow-nikolskaya\/?scid=bb1a189a-fec3-4d19-a255-54ba596febe2\"><strong><em>St. Regis Nikolskaya<\/em><\/strong><\/a> hotelu\u00a0na gostoprimstvu, nadam se da \u0107emo se videti opet uskoro! Naravno veliko hvala i mojim dragim prijateljima iz kompanije Loro Piana koji su u\u010dinili da se ose\u0107am kao pravi modni kralj. \ud83d\ude42<\/p>\n<p class=\"selectionShareable\">Kako se vama dopala ova moja modna pri\u010da? Da li ste imali priliku do sada da posetite Moskvu? Ako ste imali priliku voleo bih da \u010dujem va\u0161e mi\u0161ljenje! Za para dana nastavljamo na\u0161u avanturu u Moskvi, do tada budite mi pozdravljeni! Ako imate neko pitanje, komentar, sugestiju ili poruku za mene mo\u017eete mi napisati dole u komentarima. Naravno, kao i do sad uvek me mo\u017eete kontaktirati putem maila ili dru\u0161tvenih mre\u017ea i to mo\u017eete prona\u0107i na stranici\u00a0<em><strong><a href=\"https:\/\/mrm-style.com\/sr\/kontakt\/\">KONTAKT<\/a>.<\/strong><\/em> Vidimo se na istom mestu za par dana, sa nekom novom pri\u010dom!<\/p>\n<p class=\"selectionShareable\"><em>Blogerski pozdrav,<\/em><\/p>\n<p class=\"selectionShareable\"><strong>Mr.M<\/strong><\/p>\n<p>&nbsp;<\/p>\n<p><a href=\"https:\/\/mrm-style.com\/sr\/wp-content\/uploads\/2019\/05\/Bila-je-to-jedna-modna-nedelja-u-Moskvi4.jpg\"><img loading=\"lazy\" decoding=\"async\" class=\"aligncenter wp-image-3982 size-full\" src=\"https:\/\/mrm-style.com\/sr\/wp-content\/uploads\/2019\/05\/Bila-je-to-jedna-modna-nedelja-u-Moskvi4.jpg\" alt=\"\" width=\"1113\" height=\"1668\" srcset=\"https:\/\/mrm-style.com\/sr\/wp-content\/uploads\/2019\/05\/Bila-je-to-jedna-modna-nedelja-u-Moskvi4.jpg 1113w, https:\/\/mrm-style.com\/sr\/wp-content\/uploads\/2019\/05\/Bila-je-to-jedna-modna-nedelja-u-Moskvi4-200x300.jpg 200w, https:\/\/mrm-style.com\/sr\/wp-content\/uploads\/2019\/05\/Bila-je-to-jedna-modna-nedelja-u-Moskvi4-768x1151.jpg 768w, https:\/\/mrm-style.com\/sr\/wp-content\/uploads\/2019\/05\/Bila-je-to-jedna-modna-nedelja-u-Moskvi4-683x1024.jpg 683w, https:\/\/mrm-style.com\/sr\/wp-content\/uploads\/2019\/05\/Bila-je-to-jedna-modna-nedelja-u-Moskvi4-800x1199.jpg 800w, https:\/\/mrm-style.com\/sr\/wp-content\/uploads\/2019\/05\/Bila-je-to-jedna-modna-nedelja-u-Moskvi4-550x824.jpg 550w, https:\/\/mrm-style.com\/sr\/wp-content\/uploads\/2019\/05\/Bila-je-to-jedna-modna-nedelja-u-Moskvi4-721x1080.jpg 721w, https:\/\/mrm-style.com\/sr\/wp-content\/uploads\/2019\/05\/Bila-je-to-jedna-modna-nedelja-u-Moskvi4-400x600.jpg 400w\" sizes=\"auto, (max-width: 1113px) 100vw, 1113px\" \/><\/a><\/p>\n<h5 style=\"text-align: center;\"><strong>Ovaj post je sponzorisan od strane avio-kompanije <a href=\"https:\/\/www.flyredwings.com\/\">Red Wings<\/a> i lanca hotela <a href=\"https:\/\/www.marriott.com\/default.mi\"><em>Marriott<\/em><\/a>\u00a0 kojem pripada hotel <a href=\"https:\/\/www.marriott.com\/hotels\/travel\/mowxr-the-st-regis-moscow-nikolskaya\/?scid=bb1a189a-fec3-4d19-a255-54ba596febe2\">St. Regis Nikolskaya<\/a><\/strong><strong>.<\/strong>\u00a0<strong>Tako\u0111e ovim putem \u017eelim da se zahvalim mojim prijateljima iz kompanija <a href=\"https:\/\/de.loropiana.com\/en\">Loro Piana<\/a> na divnim outfitima i\u00a0<\/strong><a href=\"https:\/\/www.sony.de\/\"><strong>Sony<\/strong><\/a><strong>\u00a0koji su omogu\u0107ili da u\u017eivate u ovim lepim slikama koje su izra\u0111ene uz pomo\u0107 fotoaparata\u00a0<\/strong><a href=\"https:\/\/www.sony.de\/electronics\/wechselobjektivkameras\/ilce-7rm2\"><strong>Alpha 7r Mark II<\/strong><\/a><strong>.<\/strong><\/h5>\n","protected":false},"excerpt":{"rendered":"<p>Pozdrav svim mojim dragim ljubiteljima mode i putovanja! Kao \u0161to ste navikli na Mr.M blogu postovi se objavljuju petkom ili za vikend. Idealno vreme, taman dok stignu svima vama mejlovi sa obave\u0161tenjem da je novi post na blogu imate vi\u0161e vremena za u\u017eivanje i da se posvetite sebi. Primetio sam da volite da \u010ditate postove u kojima se lepo ispri\u010dam sam sa sobom bez nekih uputstava, pa \u0107u se potruditi i ovaj put da bude tako. Pre nekoliko dana smo zapo\u010deli rusku avanturu na blogu, razlog moje posete je bio&#8230; <span class=\"more\"><a class=\"more-link\" href=\"https:\/\/mrm-style.com\/sr\/bila-je-to-jedna-modna-nedelja-u-moskvi\/\">Read More<\/a><\/span><\/p>\n","protected":false},"author":1,"featured_media":3979,"comment_status":"open","ping_status":"open","sticky":false,"template":"","format":"standard","meta":{"om_disable_all_campaigns":false,"_monsterinsights_skip_tracking":false,"_monsterinsights_sitenote_active":false,"_monsterinsights_sitenote_note":"","_monsterinsights_sitenote_category":0,"footnotes":""},"categories":[52,159],"tags":[3569,129,56,1075,1117,3566,55,2331,1213,3567,1682,2449,1927,3568,3592],"class_list":["post-3978","post","type-post","status-publish","format-standard","has-post-thumbnail","hentry","category-moda","category-outfit-post","tag-loro-piana","tag-louis-vuitton","tag-marko-tadic","tag-modni-blog","tag-modni-bloger","tag-moskva","tag-mr-m-by-marko-tadic","tag-mrmbymarkotadic","tag-nedelja-mode","tag-rusija","tag-sony","tag-sony-alpha-7r-mark-ii","tag-sony-deutschland","tag-st-regis","tag-st-regis-nikolskaya"],"aioseo_notices":[],"_links":{"self":[{"href":"https:\/\/mrm-style.com\/sr\/wp-json\/wp\/v2\/posts\/3978","targetHints":{"allow":["GET"]}}],"collection":[{"href":"https:\/\/mrm-style.com\/sr\/wp-json\/wp\/v2\/posts"}],"about":[{"href":"https:\/\/mrm-style.com\/sr\/wp-json\/wp\/v2\/types\/post"}],"author":[{"embeddable":true,"href":"https:\/\/mrm-style.com\/sr\/wp-json\/wp\/v2\/users\/1"}],"replies":[{"embeddable":true,"href":"https:\/\/mrm-style.com\/sr\/wp-json\/wp\/v2\/comments?post=3978"}],"version-history":[{"count":8,"href":"https:\/\/mrm-style.com\/sr\/wp-json\/wp\/v2\/posts\/3978\/revisions"}],"predecessor-version":[{"id":3997,"href":"https:\/\/mrm-style.com\/sr\/wp-json\/wp\/v2\/posts\/3978\/revisions\/3997"}],"wp:featuredmedia":[{"embeddable":true,"href":"https:\/\/mrm-style.com\/sr\/wp-json\/wp\/v2\/media\/3979"}],"wp:attachment":[{"href":"https:\/\/mrm-style.com\/sr\/wp-json\/wp\/v2\/media?parent=3978"}],"wp:term":[{"taxonomy":"category","embeddable":true,"href":"https:\/\/mrm-style.com\/sr\/wp-json\/wp\/v2\/categories?post=3978"},{"taxonomy":"post_tag","embeddable":true,"href":"https:\/\/mrm-style.com\/sr\/wp-json\/wp\/v2\/tags?post=3978"}],"curies":[{"name":"wp","href":"https:\/\/api.w.org\/{rel}","templated":true}]}}