{"id":4269,"date":"2019-07-04T12:03:01","date_gmt":"2019-07-04T11:03:01","guid":{"rendered":"https:\/\/mrm-style.com\/sr\/?p=4269"},"modified":"2019-07-04T12:03:04","modified_gmt":"2019-07-04T11:03:04","slug":"razglednica-sa-sardinije-kaljari-kosmopolitski-grad-sa-dusom","status":"publish","type":"post","link":"https:\/\/mrm-style.com\/sr\/razglednica-sa-sardinije-kaljari-kosmopolitski-grad-sa-dusom\/","title":{"rendered":"Razglednica sa Sardinije: Kaljari, kosmopolitski grad sa du\u0161om!"},"content":{"rendered":"\n<p>Dragi moji pustolovi, kako ste mi danas? Nadam se da ste spremni za novu avanturu jer vas posle Malte vodim u &#8220;kom\u0161iluk&#8221; &#8211; Sardiniju. Dana\u0161nji post bi\u0107e posve\u0107en glavnom gradu ovog neobi\u010dnog italijanskog ostrva &#8211; <em><strong><a href=\"https:\/\/www.sardegnaturismo.it\/en\/places\/sud\/cagliari\">Kaljari<\/a><\/strong><\/em>, gde sam imao priliku da provedem nekoliko dana.<\/p>\n\n\n\n<p>Pre nego \u0161to po\u010dnem sa dana\u0161njim postom \u017eeleo bih da se zahvalim organizatorima ovog putovanja &#8211; <em><strong><a href=\"https:\/\/www.sardegnaturismo.it\/en\">Regionalnoj Turisti\u010dkoj Organizaciji Sardinije<\/a><\/strong><\/em> koja ina\u010de pripada Nacionalnoj Turisti\u010dkoj organizaciji Republike Italije. Bez njihove pomo\u0107i ovaj post ne bi ugledao svetlost dana i ne bih imao prilike da sa svima vama danas podelim svoje utiske i lepote ovog zanimljivog gradi\u0107a.<\/p>\n\n\n\n<div class=\"wp-block-image\"><figure class=\"aligncenter\"><a href=\"https:\/\/mrm-style.com\/sr\/wp-content\/uploads\/2019\/07\/Razglednica-sa-Sardinije-Kaljari-kosmopolitski-grad-sa-du\u0161om-Mr.M-by-Marko-Tadic2.jpg\"><img loading=\"lazy\" decoding=\"async\" width=\"1250\" height=\"1667\" src=\"https:\/\/mrm-style.com\/sr\/wp-content\/uploads\/2019\/07\/Razglednica-sa-Sardinije-Kaljari-kosmopolitski-grad-sa-du\u0161om-Mr.M-by-Marko-Tadic2.jpg\" alt=\"\" class=\"wp-image-4271\" srcset=\"https:\/\/mrm-style.com\/sr\/wp-content\/uploads\/2019\/07\/Razglednica-sa-Sardinije-Kaljari-kosmopolitski-grad-sa-du\u0161om-Mr.M-by-Marko-Tadic2.jpg 1250w, https:\/\/mrm-style.com\/sr\/wp-content\/uploads\/2019\/07\/Razglednica-sa-Sardinije-Kaljari-kosmopolitski-grad-sa-du\u0161om-Mr.M-by-Marko-Tadic2-225x300.jpg 225w, https:\/\/mrm-style.com\/sr\/wp-content\/uploads\/2019\/07\/Razglednica-sa-Sardinije-Kaljari-kosmopolitski-grad-sa-du\u0161om-Mr.M-by-Marko-Tadic2-768x1024.jpg 768w, https:\/\/mrm-style.com\/sr\/wp-content\/uploads\/2019\/07\/Razglednica-sa-Sardinije-Kaljari-kosmopolitski-grad-sa-du\u0161om-Mr.M-by-Marko-Tadic2-800x1067.jpg 800w, https:\/\/mrm-style.com\/sr\/wp-content\/uploads\/2019\/07\/Razglednica-sa-Sardinije-Kaljari-kosmopolitski-grad-sa-du\u0161om-Mr.M-by-Marko-Tadic2-550x733.jpg 550w, https:\/\/mrm-style.com\/sr\/wp-content\/uploads\/2019\/07\/Razglednica-sa-Sardinije-Kaljari-kosmopolitski-grad-sa-du\u0161om-Mr.M-by-Marko-Tadic2-810x1080.jpg 810w, https:\/\/mrm-style.com\/sr\/wp-content\/uploads\/2019\/07\/Razglednica-sa-Sardinije-Kaljari-kosmopolitski-grad-sa-du\u0161om-Mr.M-by-Marko-Tadic2-450x600.jpg 450w\" sizes=\"auto, (max-width: 1250px) 100vw, 1250px\" \/><\/a><\/figure><\/div>\n\n\n\n<p>Kada se pomisli na ostrvski turizam u Italiji, obi\u010dno ljudi pomisle na Siciliju. Ono \u0161to ljudi uglavno zaborave je prelepi biser Mediterana &#8211; Sardinija. Uvek se postavljalo ono \u010duveno pitanje koje je ostrvo lep\u0161e i zbog \u010dega. Odgovor na to pitanje je te\u0161ko dati jer sve zavisi od li\u010dnih \u017eelja i preferencija putnika. Neki ka\u017eu da je Sicilija bolja jer ima vi\u0161e sadr\u017eaja i da je Palermo zna\u010dajno razvijeniji grad, dok sa druge strane za Sardiniju putnici ka\u017eu da ima mnogo lep\u0161e pla\u017ee i da dragulj Sardinije &#8211; <em><strong><a href=\"https:\/\/www.sardegnaturismo.it\/en\/places\/sud\/cagliari\">Kaljari<\/a><\/strong><\/em>, tako\u0111e mo\u017ee da se pohvalim bogatim turisti\u010dkim sadr\u017eajem i da jednako mo\u017ee parirati Palermu.<\/p>\n\n\n\n<p>To je borba koja \u0107e uvek biti aktuelna, ali moj savet vam je da posetite oba ostrva i da sami osetite razliku. Ja sam imao priliku da posetim oba ostrva i li\u010dno smatram da je Sardinija bolja jer ima vi\u0161e prirodnih lepota i ako \u017eelite da sebi obezbedite pravi odmor bez gu\u017eve, trke i frke da svoje letovanje provedete na Sardiniji.<\/p>\n\n\n\n<div class=\"wp-block-image\"><figure class=\"aligncenter\"><a href=\"https:\/\/mrm-style.com\/sr\/wp-content\/uploads\/2019\/07\/Razglednica-sa-Sardinije-Kaljari-kosmopolitski-grad-sa-du\u0161om-Mr.M-by-Marko-Tadic3.jpg\"><img loading=\"lazy\" decoding=\"async\" width=\"2223\" height=\"1667\" src=\"https:\/\/mrm-style.com\/sr\/wp-content\/uploads\/2019\/07\/Razglednica-sa-Sardinije-Kaljari-kosmopolitski-grad-sa-du\u0161om-Mr.M-by-Marko-Tadic3.jpg\" alt=\"\" class=\"wp-image-4272\" srcset=\"https:\/\/mrm-style.com\/sr\/wp-content\/uploads\/2019\/07\/Razglednica-sa-Sardinije-Kaljari-kosmopolitski-grad-sa-du\u0161om-Mr.M-by-Marko-Tadic3.jpg 2223w, https:\/\/mrm-style.com\/sr\/wp-content\/uploads\/2019\/07\/Razglednica-sa-Sardinije-Kaljari-kosmopolitski-grad-sa-du\u0161om-Mr.M-by-Marko-Tadic3-300x225.jpg 300w, https:\/\/mrm-style.com\/sr\/wp-content\/uploads\/2019\/07\/Razglednica-sa-Sardinije-Kaljari-kosmopolitski-grad-sa-du\u0161om-Mr.M-by-Marko-Tadic3-768x576.jpg 768w, https:\/\/mrm-style.com\/sr\/wp-content\/uploads\/2019\/07\/Razglednica-sa-Sardinije-Kaljari-kosmopolitski-grad-sa-du\u0161om-Mr.M-by-Marko-Tadic3-1024x768.jpg 1024w, https:\/\/mrm-style.com\/sr\/wp-content\/uploads\/2019\/07\/Razglednica-sa-Sardinije-Kaljari-kosmopolitski-grad-sa-du\u0161om-Mr.M-by-Marko-Tadic3-1440x1080.jpg 1440w, https:\/\/mrm-style.com\/sr\/wp-content\/uploads\/2019\/07\/Razglednica-sa-Sardinije-Kaljari-kosmopolitski-grad-sa-du\u0161om-Mr.M-by-Marko-Tadic3-800x600.jpg 800w, https:\/\/mrm-style.com\/sr\/wp-content\/uploads\/2019\/07\/Razglednica-sa-Sardinije-Kaljari-kosmopolitski-grad-sa-du\u0161om-Mr.M-by-Marko-Tadic3-550x412.jpg 550w, https:\/\/mrm-style.com\/sr\/wp-content\/uploads\/2019\/07\/Razglednica-sa-Sardinije-Kaljari-kosmopolitski-grad-sa-du\u0161om-Mr.M-by-Marko-Tadic3-1920x1440.jpg 1920w\" sizes=\"auto, (max-width: 2223px) 100vw, 2223px\" \/><\/a><\/figure><\/div>\n\n\n\n<p>Kaljari (na sardinskom jeziku: Casteddu) je glavni, a ujedno i najve\u0107i grad na ostrvu. Ako bismo kojim slu\u010dajem \u017eeleli da prevedemo njegovo zna\u010denje sa sardinskog jezika, njegov prevod je izuzetno jednostavan &#8211; <em><strong><a href=\"https:\/\/www.sardegnaturismo.it\/en\/explore\/fortificazions-cagliari\">DVORAC<\/a><\/strong><\/em>. Kaljari ima oko 160.000 stanovnika, dok ako uzmemo u obzir celu metropolitsku oblast sa ostalim okolnim 16 op\u0161tina onda se ovaj grad mo\u017ee pohvaliti sa skoro 450.000 stanovnika. Kaljari se ina\u010de nalazi na 26. mestu po veli\u010dini u celoj Italiji i najve\u0107i je grad na Sardiniji.<\/p>\n\n\n\n<div class=\"wp-block-image\"><figure class=\"aligncenter\"><a href=\"https:\/\/mrm-style.com\/sr\/wp-content\/uploads\/2019\/07\/Razglednica-sa-Sardinije-Kaljari-kosmopolitski-grad-sa-du\u0161om-Mr.M-by-Marko-Tadic1.jpg\"><img loading=\"lazy\" decoding=\"async\" width=\"2223\" height=\"1667\" src=\"https:\/\/mrm-style.com\/sr\/wp-content\/uploads\/2019\/07\/Razglednica-sa-Sardinije-Kaljari-kosmopolitski-grad-sa-du\u0161om-Mr.M-by-Marko-Tadic1.jpg\" alt=\"\" class=\"wp-image-4270\" srcset=\"https:\/\/mrm-style.com\/sr\/wp-content\/uploads\/2019\/07\/Razglednica-sa-Sardinije-Kaljari-kosmopolitski-grad-sa-du\u0161om-Mr.M-by-Marko-Tadic1.jpg 2223w, https:\/\/mrm-style.com\/sr\/wp-content\/uploads\/2019\/07\/Razglednica-sa-Sardinije-Kaljari-kosmopolitski-grad-sa-du\u0161om-Mr.M-by-Marko-Tadic1-300x225.jpg 300w, https:\/\/mrm-style.com\/sr\/wp-content\/uploads\/2019\/07\/Razglednica-sa-Sardinije-Kaljari-kosmopolitski-grad-sa-du\u0161om-Mr.M-by-Marko-Tadic1-768x576.jpg 768w, https:\/\/mrm-style.com\/sr\/wp-content\/uploads\/2019\/07\/Razglednica-sa-Sardinije-Kaljari-kosmopolitski-grad-sa-du\u0161om-Mr.M-by-Marko-Tadic1-1024x768.jpg 1024w, https:\/\/mrm-style.com\/sr\/wp-content\/uploads\/2019\/07\/Razglednica-sa-Sardinije-Kaljari-kosmopolitski-grad-sa-du\u0161om-Mr.M-by-Marko-Tadic1-1440x1080.jpg 1440w, https:\/\/mrm-style.com\/sr\/wp-content\/uploads\/2019\/07\/Razglednica-sa-Sardinije-Kaljari-kosmopolitski-grad-sa-du\u0161om-Mr.M-by-Marko-Tadic1-800x600.jpg 800w, https:\/\/mrm-style.com\/sr\/wp-content\/uploads\/2019\/07\/Razglednica-sa-Sardinije-Kaljari-kosmopolitski-grad-sa-du\u0161om-Mr.M-by-Marko-Tadic1-550x412.jpg 550w, https:\/\/mrm-style.com\/sr\/wp-content\/uploads\/2019\/07\/Razglednica-sa-Sardinije-Kaljari-kosmopolitski-grad-sa-du\u0161om-Mr.M-by-Marko-Tadic1-1920x1440.jpg 1920w\" sizes=\"auto, (max-width: 2223px) 100vw, 2223px\" \/><\/a><\/figure><\/div>\n\n\n\n<p>Naravno, ovaj put sam se potrudio da saznam neke zanimljive istorijske \u010dinjenice. Kaljari je drevni grad sa dugom istorijom, do\u017eiveo je vladavinu nekoliko civilizacija. U temeljima zgrada dana\u0161njeg modernog grada postoje dokazi koji potvr\u0111uju tvrdnju nau\u010dnika i istori\u010dara da je prvo ljudsko naseljavanje ovog dela Italije po\u010delo pre nekih pet hiljada godina, od neolita pa do danas. <\/p>\n\n\n\n<p>Istorijski lokaliteti koji uklju\u010duju i praistorijsku ku\u0107u Domus de Janas, veliku nekropolu (groblje) iz Kartagine, amfiteatar iz rimske ere, vizantijsku baziliku, tri tornja iz doba Pize i sna\u017ean sistem utvr\u0111enja koji je u\u010dinio grad jezgrom \u0161panskog Habsburga u zapadnom Sredozemnom moru. Glavne prirodne lepote su zaklonjena luka u Kaljariju, sna\u017eno utvr\u0111enje Castel di Castro, moderni Casteddu (Kaljari).<\/p>\n\n\n\n<div class=\"wp-block-image\"><figure class=\"aligncenter\"><a href=\"https:\/\/mrm-style.com\/sr\/wp-content\/uploads\/2019\/07\/Razglednica-sa-Sardinije-Kaljari-kosmopolitski-grad-sa-du\u0161om-Mr.M-by-Marko-Tadic4.jpg\"><img loading=\"lazy\" decoding=\"async\" width=\"1252\" height=\"1667\" src=\"https:\/\/mrm-style.com\/sr\/wp-content\/uploads\/2019\/07\/Razglednica-sa-Sardinije-Kaljari-kosmopolitski-grad-sa-du\u0161om-Mr.M-by-Marko-Tadic4.jpg\" alt=\"\" class=\"wp-image-4273\" srcset=\"https:\/\/mrm-style.com\/sr\/wp-content\/uploads\/2019\/07\/Razglednica-sa-Sardinije-Kaljari-kosmopolitski-grad-sa-du\u0161om-Mr.M-by-Marko-Tadic4.jpg 1252w, https:\/\/mrm-style.com\/sr\/wp-content\/uploads\/2019\/07\/Razglednica-sa-Sardinije-Kaljari-kosmopolitski-grad-sa-du\u0161om-Mr.M-by-Marko-Tadic4-225x300.jpg 225w, https:\/\/mrm-style.com\/sr\/wp-content\/uploads\/2019\/07\/Razglednica-sa-Sardinije-Kaljari-kosmopolitski-grad-sa-du\u0161om-Mr.M-by-Marko-Tadic4-768x1023.jpg 768w, https:\/\/mrm-style.com\/sr\/wp-content\/uploads\/2019\/07\/Razglednica-sa-Sardinije-Kaljari-kosmopolitski-grad-sa-du\u0161om-Mr.M-by-Marko-Tadic4-769x1024.jpg 769w, https:\/\/mrm-style.com\/sr\/wp-content\/uploads\/2019\/07\/Razglednica-sa-Sardinije-Kaljari-kosmopolitski-grad-sa-du\u0161om-Mr.M-by-Marko-Tadic4-800x1065.jpg 800w, https:\/\/mrm-style.com\/sr\/wp-content\/uploads\/2019\/07\/Razglednica-sa-Sardinije-Kaljari-kosmopolitski-grad-sa-du\u0161om-Mr.M-by-Marko-Tadic4-550x732.jpg 550w, https:\/\/mrm-style.com\/sr\/wp-content\/uploads\/2019\/07\/Razglednica-sa-Sardinije-Kaljari-kosmopolitski-grad-sa-du\u0161om-Mr.M-by-Marko-Tadic4-811x1080.jpg 811w, https:\/\/mrm-style.com\/sr\/wp-content\/uploads\/2019\/07\/Razglednica-sa-Sardinije-Kaljari-kosmopolitski-grad-sa-du\u0161om-Mr.M-by-Marko-Tadic4-451x600.jpg 451w\" sizes=\"auto, (max-width: 1252px) 100vw, 1252px\" \/><\/a><\/figure><\/div>\n\n\n\n<p>Kaljari je bio glavni grad Kraljevine Sardinije od 1324. do 1848. godine, kada je Torino postao zvani\u010dna prestonica kraljevine (koja je 1861. postala Kraljevina Italija). Danas je grad regionalni kulturni, obrazovni, politi\u010dki i umetni\u010dki centar, poznat po svojoj raznovrsnoj secesijskoj arhitekturi i nekoliko spomenika. Tako\u0111e je poznat kao ekonomsko i industrijsko \u010dvori\u0161te Sardinije, koje ima jednu od najve\u0107ih luka na Sredozemnom moru i me\u0111unarodni aerodrom.<\/p>\n\n\n\n<div class=\"wp-block-image\"><figure class=\"aligncenter\"><a href=\"https:\/\/mrm-style.com\/sr\/wp-content\/uploads\/2019\/07\/Razglednica-sa-Sardinije-Kaljari-kosmopolitski-grad-sa-du\u0161om-Mr.M-by-Marko-Tadic5.jpg\"><img loading=\"lazy\" decoding=\"async\" width=\"1250\" height=\"1667\" src=\"https:\/\/mrm-style.com\/sr\/wp-content\/uploads\/2019\/07\/Razglednica-sa-Sardinije-Kaljari-kosmopolitski-grad-sa-du\u0161om-Mr.M-by-Marko-Tadic5.jpg\" alt=\"\" class=\"wp-image-4274\" srcset=\"https:\/\/mrm-style.com\/sr\/wp-content\/uploads\/2019\/07\/Razglednica-sa-Sardinije-Kaljari-kosmopolitski-grad-sa-du\u0161om-Mr.M-by-Marko-Tadic5.jpg 1250w, https:\/\/mrm-style.com\/sr\/wp-content\/uploads\/2019\/07\/Razglednica-sa-Sardinije-Kaljari-kosmopolitski-grad-sa-du\u0161om-Mr.M-by-Marko-Tadic5-225x300.jpg 225w, https:\/\/mrm-style.com\/sr\/wp-content\/uploads\/2019\/07\/Razglednica-sa-Sardinije-Kaljari-kosmopolitski-grad-sa-du\u0161om-Mr.M-by-Marko-Tadic5-768x1024.jpg 768w, https:\/\/mrm-style.com\/sr\/wp-content\/uploads\/2019\/07\/Razglednica-sa-Sardinije-Kaljari-kosmopolitski-grad-sa-du\u0161om-Mr.M-by-Marko-Tadic5-800x1067.jpg 800w, https:\/\/mrm-style.com\/sr\/wp-content\/uploads\/2019\/07\/Razglednica-sa-Sardinije-Kaljari-kosmopolitski-grad-sa-du\u0161om-Mr.M-by-Marko-Tadic5-550x733.jpg 550w, https:\/\/mrm-style.com\/sr\/wp-content\/uploads\/2019\/07\/Razglednica-sa-Sardinije-Kaljari-kosmopolitski-grad-sa-du\u0161om-Mr.M-by-Marko-Tadic5-810x1080.jpg 810w, https:\/\/mrm-style.com\/sr\/wp-content\/uploads\/2019\/07\/Razglednica-sa-Sardinije-Kaljari-kosmopolitski-grad-sa-du\u0161om-Mr.M-by-Marko-Tadic5-450x600.jpg 450w\" sizes=\"auto, (max-width: 1250px) 100vw, 1250px\" \/><\/a><\/figure><\/div>\n\n\n\n<p>Tokom Drugog svetskog rata saveznici su u februaru 1943. godine bombardovali Kaljari. Kako bi pobegli od opasnosti od bombardovanja i te\u0161kih \u017eivotnih uslova, mnogi ljudi su evakuisani iz grada. Nakon rata, utvr\u0111eni su veliki gubici ljudskih \u017eivota, a oko 80% zgrada je o\u0161te\u0107eno. Grad je dobio zlatnu medalju vojne hrabrosti. <\/p>\n\n\n\n<p>Nakon primirja sa saveznicima u septembru 1943. godine, nema\u010dka vojska preuzela je kontrolu nad Kaljarijem i ostrvom, ali se ubrzo mirno povukla kako bi oja\u010dala svoje polo\u017eaje u kontinentalnoj Italiji. Ameri\u010dka vojska je tada preuzela kontrolu nad Kaljarijem. Nakon rata, broj stanovnika ovog \u017eivopisnog grada je ponovo po\u010deo da raste i izgra\u0111eni su brojni objekti.<\/p>\n\n\n\n<div class=\"wp-block-image\"><figure class=\"aligncenter\"><a href=\"https:\/\/mrm-style.com\/sr\/wp-content\/uploads\/2019\/07\/Razglednica-sa-Sardinije-Kaljari-kosmopolitski-grad-sa-du\u0161om-Mr.M-by-Marko-Tadic6.jpg\"><img loading=\"lazy\" decoding=\"async\" width=\"1250\" height=\"1667\" src=\"https:\/\/mrm-style.com\/sr\/wp-content\/uploads\/2019\/07\/Razglednica-sa-Sardinije-Kaljari-kosmopolitski-grad-sa-du\u0161om-Mr.M-by-Marko-Tadic6.jpg\" alt=\"\" class=\"wp-image-4275\" srcset=\"https:\/\/mrm-style.com\/sr\/wp-content\/uploads\/2019\/07\/Razglednica-sa-Sardinije-Kaljari-kosmopolitski-grad-sa-du\u0161om-Mr.M-by-Marko-Tadic6.jpg 1250w, https:\/\/mrm-style.com\/sr\/wp-content\/uploads\/2019\/07\/Razglednica-sa-Sardinije-Kaljari-kosmopolitski-grad-sa-du\u0161om-Mr.M-by-Marko-Tadic6-225x300.jpg 225w, https:\/\/mrm-style.com\/sr\/wp-content\/uploads\/2019\/07\/Razglednica-sa-Sardinije-Kaljari-kosmopolitski-grad-sa-du\u0161om-Mr.M-by-Marko-Tadic6-768x1024.jpg 768w, https:\/\/mrm-style.com\/sr\/wp-content\/uploads\/2019\/07\/Razglednica-sa-Sardinije-Kaljari-kosmopolitski-grad-sa-du\u0161om-Mr.M-by-Marko-Tadic6-800x1067.jpg 800w, https:\/\/mrm-style.com\/sr\/wp-content\/uploads\/2019\/07\/Razglednica-sa-Sardinije-Kaljari-kosmopolitski-grad-sa-du\u0161om-Mr.M-by-Marko-Tadic6-550x733.jpg 550w, https:\/\/mrm-style.com\/sr\/wp-content\/uploads\/2019\/07\/Razglednica-sa-Sardinije-Kaljari-kosmopolitski-grad-sa-du\u0161om-Mr.M-by-Marko-Tadic6-810x1080.jpg 810w, https:\/\/mrm-style.com\/sr\/wp-content\/uploads\/2019\/07\/Razglednica-sa-Sardinije-Kaljari-kosmopolitski-grad-sa-du\u0161om-Mr.M-by-Marko-Tadic6-450x600.jpg 450w\" sizes=\"auto, (max-width: 1250px) 100vw, 1250px\" \/><\/a><\/figure><\/div>\n\n\n\n<p>Izdvoji\u0107u neke posebne informacije koje biste trebali da znate ako se uputite na Sardiniju. Me\u0111unarodni aerodrom se nalazi u blizini grada, do samog centra grada mo\u017eete sti\u0107i vozom za samo 5 minuta i cena karte po smeru je 1,30 evra. Tako\u0111e, u samom centru grada postoji samoposluga na samom trgu u kojem su cene namirnica najjeftinije u Italiji.<\/p>\n\n\n\n<p>Grad je mogu\u0107e obi\u0107i pe\u0161ke i od glavnog trga do obale mora mo\u017eete sti\u0107i brzo i jednostavno jer je sve relativno blizu i nije potrebno koristiti javni prevoz. Naravno, ako \u017eelite da idete na pla\u017eu potrebno je koristiti usluge javnog prevoza jer one nisu u neposrednoj blizini grada.<\/p>\n\n\n\n<div class=\"wp-block-image\"><figure class=\"aligncenter\"><a href=\"https:\/\/mrm-style.com\/sr\/wp-content\/uploads\/2019\/07\/Razglednica-sa-Sardinije-Kaljari-kosmopolitski-grad-sa-du\u0161om-Mr.M-by-Marko-Tadic7.jpg\"><img loading=\"lazy\" decoding=\"async\" width=\"1250\" height=\"1667\" src=\"https:\/\/mrm-style.com\/sr\/wp-content\/uploads\/2019\/07\/Razglednica-sa-Sardinije-Kaljari-kosmopolitski-grad-sa-du\u0161om-Mr.M-by-Marko-Tadic7.jpg\" alt=\"\" class=\"wp-image-4276\" srcset=\"https:\/\/mrm-style.com\/sr\/wp-content\/uploads\/2019\/07\/Razglednica-sa-Sardinije-Kaljari-kosmopolitski-grad-sa-du\u0161om-Mr.M-by-Marko-Tadic7.jpg 1250w, https:\/\/mrm-style.com\/sr\/wp-content\/uploads\/2019\/07\/Razglednica-sa-Sardinije-Kaljari-kosmopolitski-grad-sa-du\u0161om-Mr.M-by-Marko-Tadic7-225x300.jpg 225w, https:\/\/mrm-style.com\/sr\/wp-content\/uploads\/2019\/07\/Razglednica-sa-Sardinije-Kaljari-kosmopolitski-grad-sa-du\u0161om-Mr.M-by-Marko-Tadic7-768x1024.jpg 768w, https:\/\/mrm-style.com\/sr\/wp-content\/uploads\/2019\/07\/Razglednica-sa-Sardinije-Kaljari-kosmopolitski-grad-sa-du\u0161om-Mr.M-by-Marko-Tadic7-800x1067.jpg 800w, https:\/\/mrm-style.com\/sr\/wp-content\/uploads\/2019\/07\/Razglednica-sa-Sardinije-Kaljari-kosmopolitski-grad-sa-du\u0161om-Mr.M-by-Marko-Tadic7-550x733.jpg 550w, https:\/\/mrm-style.com\/sr\/wp-content\/uploads\/2019\/07\/Razglednica-sa-Sardinije-Kaljari-kosmopolitski-grad-sa-du\u0161om-Mr.M-by-Marko-Tadic7-810x1080.jpg 810w, https:\/\/mrm-style.com\/sr\/wp-content\/uploads\/2019\/07\/Razglednica-sa-Sardinije-Kaljari-kosmopolitski-grad-sa-du\u0161om-Mr.M-by-Marko-Tadic7-450x600.jpg 450w\" sizes=\"auto, (max-width: 1250px) 100vw, 1250px\" \/><\/a><\/figure><\/div>\n\n\n\n<p><em><strong><a href=\"https:\/\/www.sardegnaturismo.it\/en\/explore\/cathedral-santa-maria-di-castello\">Katedrala u Kaljariju<\/a><\/strong><\/em> je rimokatoli\u010dka katedrala posve\u0107ena Devici Mariji i Svetoj Ceciliji. To je sedi\u0161te nadbiskupa Kaljarija.<\/p>\n\n\n\n<p>Crkva je sagra\u0111ena u 13. veku, dobiv\u0161i status katedrale 1258. godine. U 17. i 18. veku, katedrala je obnovljena. Tridesetih godina 20. veka kona\u010dno je dobila fasadu koju danas imamo priliku da vidimo, u neoromani\u010dkom stilu, inspirisanu katedralom u Pizi.<\/p>\n\n\n\n<div class=\"wp-block-image\"><figure class=\"aligncenter\"><a href=\"https:\/\/mrm-style.com\/sr\/wp-content\/uploads\/2019\/07\/Razglednica-sa-Sardinije-Kaljari-kosmopolitski-grad-sa-du\u0161om-Mr.M-by-Marko-Tadic8.jpg\"><img loading=\"lazy\" decoding=\"async\" width=\"1250\" height=\"1667\" src=\"https:\/\/mrm-style.com\/sr\/wp-content\/uploads\/2019\/07\/Razglednica-sa-Sardinije-Kaljari-kosmopolitski-grad-sa-du\u0161om-Mr.M-by-Marko-Tadic8.jpg\" alt=\"\" class=\"wp-image-4277\" srcset=\"https:\/\/mrm-style.com\/sr\/wp-content\/uploads\/2019\/07\/Razglednica-sa-Sardinije-Kaljari-kosmopolitski-grad-sa-du\u0161om-Mr.M-by-Marko-Tadic8.jpg 1250w, https:\/\/mrm-style.com\/sr\/wp-content\/uploads\/2019\/07\/Razglednica-sa-Sardinije-Kaljari-kosmopolitski-grad-sa-du\u0161om-Mr.M-by-Marko-Tadic8-225x300.jpg 225w, https:\/\/mrm-style.com\/sr\/wp-content\/uploads\/2019\/07\/Razglednica-sa-Sardinije-Kaljari-kosmopolitski-grad-sa-du\u0161om-Mr.M-by-Marko-Tadic8-768x1024.jpg 768w, https:\/\/mrm-style.com\/sr\/wp-content\/uploads\/2019\/07\/Razglednica-sa-Sardinije-Kaljari-kosmopolitski-grad-sa-du\u0161om-Mr.M-by-Marko-Tadic8-800x1067.jpg 800w, https:\/\/mrm-style.com\/sr\/wp-content\/uploads\/2019\/07\/Razglednica-sa-Sardinije-Kaljari-kosmopolitski-grad-sa-du\u0161om-Mr.M-by-Marko-Tadic8-550x733.jpg 550w, https:\/\/mrm-style.com\/sr\/wp-content\/uploads\/2019\/07\/Razglednica-sa-Sardinije-Kaljari-kosmopolitski-grad-sa-du\u0161om-Mr.M-by-Marko-Tadic8-810x1080.jpg 810w, https:\/\/mrm-style.com\/sr\/wp-content\/uploads\/2019\/07\/Razglednica-sa-Sardinije-Kaljari-kosmopolitski-grad-sa-du\u0161om-Mr.M-by-Marko-Tadic8-450x600.jpg 450w\" sizes=\"auto, (max-width: 1250px) 100vw, 1250px\" \/><\/a><\/figure><\/div>\n\n\n\n<p>Dragi moji pustolovi, do\u0161li smo do kraja ovog specijalnog posta sa Sardinije, koji ne bi bio mogu\u0107 bez nesebi\u010dne pomo\u0107i <em><strong><a href=\"https:\/\/www.sardegnaturismo.it\/en\">Regionalne Turisti\u010dke Organizacije Sardinije<\/a><\/strong><\/em>. Vreme uvek proleti kada se \u010dovek lepo zabavlja! \u010covek je bogat u du\u0161i ako je uspeo da istra\u017ei svet i meni je drago da uvek uspem da prona\u0111em partnere mojih projekata koji mi poma\u017eu da otkrijem svet na jedan sasvim druga\u010diji na\u010din.<\/p>\n\n\n\n<div class=\"wp-block-image\"><figure class=\"aligncenter\"><a href=\"https:\/\/mrm-style.com\/sr\/wp-content\/uploads\/2019\/07\/Razglednica-sa-Sardinije-Kaljari-kosmopolitski-grad-sa-du\u0161om-Mr.M-by-Marko-Tadic9.jpg\"><img loading=\"lazy\" decoding=\"async\" width=\"1250\" height=\"1667\" src=\"https:\/\/mrm-style.com\/sr\/wp-content\/uploads\/2019\/07\/Razglednica-sa-Sardinije-Kaljari-kosmopolitski-grad-sa-du\u0161om-Mr.M-by-Marko-Tadic9.jpg\" alt=\"\" class=\"wp-image-4278\" srcset=\"https:\/\/mrm-style.com\/sr\/wp-content\/uploads\/2019\/07\/Razglednica-sa-Sardinije-Kaljari-kosmopolitski-grad-sa-du\u0161om-Mr.M-by-Marko-Tadic9.jpg 1250w, https:\/\/mrm-style.com\/sr\/wp-content\/uploads\/2019\/07\/Razglednica-sa-Sardinije-Kaljari-kosmopolitski-grad-sa-du\u0161om-Mr.M-by-Marko-Tadic9-225x300.jpg 225w, https:\/\/mrm-style.com\/sr\/wp-content\/uploads\/2019\/07\/Razglednica-sa-Sardinije-Kaljari-kosmopolitski-grad-sa-du\u0161om-Mr.M-by-Marko-Tadic9-768x1024.jpg 768w, https:\/\/mrm-style.com\/sr\/wp-content\/uploads\/2019\/07\/Razglednica-sa-Sardinije-Kaljari-kosmopolitski-grad-sa-du\u0161om-Mr.M-by-Marko-Tadic9-800x1067.jpg 800w, https:\/\/mrm-style.com\/sr\/wp-content\/uploads\/2019\/07\/Razglednica-sa-Sardinije-Kaljari-kosmopolitski-grad-sa-du\u0161om-Mr.M-by-Marko-Tadic9-550x733.jpg 550w, https:\/\/mrm-style.com\/sr\/wp-content\/uploads\/2019\/07\/Razglednica-sa-Sardinije-Kaljari-kosmopolitski-grad-sa-du\u0161om-Mr.M-by-Marko-Tadic9-810x1080.jpg 810w, https:\/\/mrm-style.com\/sr\/wp-content\/uploads\/2019\/07\/Razglednica-sa-Sardinije-Kaljari-kosmopolitski-grad-sa-du\u0161om-Mr.M-by-Marko-Tadic9-450x600.jpg 450w\" sizes=\"auto, (max-width: 1250px) 100vw, 1250px\" \/><\/a><\/figure><\/div>\n\n\n\n<p>Kako se vama dopala ova moja pri\u010da o ovom neobi\u010dnom ostrvu? Da li ste imali priliku do sada da posetite Sardiniju? Za par dana nastavljamo na\u0161u avanturu po Evropi, pokaza\u0107u vam moju poslednju odevnu kombinaciju koju sam nosio na Nedelji Mode na Malti, a do tada budite mi pozdravljeni!<\/p>\n\n\n\n<div class=\"wp-block-image\"><figure class=\"aligncenter\"><a href=\"https:\/\/mrm-style.com\/sr\/wp-content\/uploads\/2019\/07\/Razglednica-sa-Sardinije-Kaljari-kosmopolitski-grad-sa-du\u0161om-Mr.M-by-Marko-Tadic11.jpg\"><img loading=\"lazy\" decoding=\"async\" width=\"1250\" height=\"1667\" src=\"https:\/\/mrm-style.com\/sr\/wp-content\/uploads\/2019\/07\/Razglednica-sa-Sardinije-Kaljari-kosmopolitski-grad-sa-du\u0161om-Mr.M-by-Marko-Tadic11.jpg\" alt=\"\" class=\"wp-image-4280\" srcset=\"https:\/\/mrm-style.com\/sr\/wp-content\/uploads\/2019\/07\/Razglednica-sa-Sardinije-Kaljari-kosmopolitski-grad-sa-du\u0161om-Mr.M-by-Marko-Tadic11.jpg 1250w, https:\/\/mrm-style.com\/sr\/wp-content\/uploads\/2019\/07\/Razglednica-sa-Sardinije-Kaljari-kosmopolitski-grad-sa-du\u0161om-Mr.M-by-Marko-Tadic11-225x300.jpg 225w, https:\/\/mrm-style.com\/sr\/wp-content\/uploads\/2019\/07\/Razglednica-sa-Sardinije-Kaljari-kosmopolitski-grad-sa-du\u0161om-Mr.M-by-Marko-Tadic11-768x1024.jpg 768w, https:\/\/mrm-style.com\/sr\/wp-content\/uploads\/2019\/07\/Razglednica-sa-Sardinije-Kaljari-kosmopolitski-grad-sa-du\u0161om-Mr.M-by-Marko-Tadic11-800x1067.jpg 800w, https:\/\/mrm-style.com\/sr\/wp-content\/uploads\/2019\/07\/Razglednica-sa-Sardinije-Kaljari-kosmopolitski-grad-sa-du\u0161om-Mr.M-by-Marko-Tadic11-550x733.jpg 550w, https:\/\/mrm-style.com\/sr\/wp-content\/uploads\/2019\/07\/Razglednica-sa-Sardinije-Kaljari-kosmopolitski-grad-sa-du\u0161om-Mr.M-by-Marko-Tadic11-810x1080.jpg 810w, https:\/\/mrm-style.com\/sr\/wp-content\/uploads\/2019\/07\/Razglednica-sa-Sardinije-Kaljari-kosmopolitski-grad-sa-du\u0161om-Mr.M-by-Marko-Tadic11-450x600.jpg 450w\" sizes=\"auto, (max-width: 1250px) 100vw, 1250px\" \/><\/a><\/figure><\/div>\n\n\n\n<p>Ako imate neko pitanje, komentar, sugestiju ili poruku za mene mo\u017eete mi napisati dole u komentarima. Naravno, kao i do sad uvek me mo\u017eete kontaktirati putem maila ili dru\u0161tvenih mre\u017ea i to mo\u017eete prona\u0107i na stranici&nbsp;<em><strong><a href=\"https:\/\/mrm-style.com\/sr\/kontakt\/\">KONTAKT<\/a>.<\/strong><\/em>&nbsp;Vidimo se na istom mestu za par dana, sa nekom novom pri\u010dom!<\/p>\n\n\n\n<p><em>Blogerski pozdrav,<\/em><\/p>\n\n\n\n<p><strong>Mr.M<\/strong><\/p>\n\n\n\n<div class=\"wp-block-image\"><figure class=\"aligncenter\"><a href=\"https:\/\/mrm-style.com\/sr\/wp-content\/uploads\/2019\/07\/Razglednica-sa-Sardinije-Kaljari-kosmopolitski-grad-sa-du\u0161om-Mr.M-by-Marko-Tadic12.jpg\"><img loading=\"lazy\" decoding=\"async\" width=\"1061\" height=\"1667\" src=\"https:\/\/mrm-style.com\/sr\/wp-content\/uploads\/2019\/07\/Razglednica-sa-Sardinije-Kaljari-kosmopolitski-grad-sa-du\u0161om-Mr.M-by-Marko-Tadic12.jpg\" alt=\"\" class=\"wp-image-4281\" srcset=\"https:\/\/mrm-style.com\/sr\/wp-content\/uploads\/2019\/07\/Razglednica-sa-Sardinije-Kaljari-kosmopolitski-grad-sa-du\u0161om-Mr.M-by-Marko-Tadic12.jpg 1061w, https:\/\/mrm-style.com\/sr\/wp-content\/uploads\/2019\/07\/Razglednica-sa-Sardinije-Kaljari-kosmopolitski-grad-sa-du\u0161om-Mr.M-by-Marko-Tadic12-191x300.jpg 191w, https:\/\/mrm-style.com\/sr\/wp-content\/uploads\/2019\/07\/Razglednica-sa-Sardinije-Kaljari-kosmopolitski-grad-sa-du\u0161om-Mr.M-by-Marko-Tadic12-768x1207.jpg 768w, https:\/\/mrm-style.com\/sr\/wp-content\/uploads\/2019\/07\/Razglednica-sa-Sardinije-Kaljari-kosmopolitski-grad-sa-du\u0161om-Mr.M-by-Marko-Tadic12-652x1024.jpg 652w, https:\/\/mrm-style.com\/sr\/wp-content\/uploads\/2019\/07\/Razglednica-sa-Sardinije-Kaljari-kosmopolitski-grad-sa-du\u0161om-Mr.M-by-Marko-Tadic12-800x1257.jpg 800w, https:\/\/mrm-style.com\/sr\/wp-content\/uploads\/2019\/07\/Razglednica-sa-Sardinije-Kaljari-kosmopolitski-grad-sa-du\u0161om-Mr.M-by-Marko-Tadic12-550x864.jpg 550w, https:\/\/mrm-style.com\/sr\/wp-content\/uploads\/2019\/07\/Razglednica-sa-Sardinije-Kaljari-kosmopolitski-grad-sa-du\u0161om-Mr.M-by-Marko-Tadic12-687x1080.jpg 687w, https:\/\/mrm-style.com\/sr\/wp-content\/uploads\/2019\/07\/Razglednica-sa-Sardinije-Kaljari-kosmopolitski-grad-sa-du\u0161om-Mr.M-by-Marko-Tadic12-382x600.jpg 382w\" sizes=\"auto, (max-width: 1061px) 100vw, 1061px\" \/><\/a><\/figure><\/div>\n\n\n\n<h6 class=\"wp-block-heading\" style=\"text-align:center\">Ovaj post je sponzorisan od strane <em><strong><a href=\"https:\/\/www.sardegnaturismo.it\/en\">Regionalne Turisti\u010dke Organizacije Sardinije<\/a><\/strong><\/em>\u00a0i ostalih partnera ovog projekta.\u00a0Tako\u0111e ovim putem \u017eelim da se zahvalim mojim prijateljima iz kompanije\u00a0<a href=\"https:\/\/www.sony.de\/\">Sony<\/a>\u00a0koji su omogu\u0107ili da u\u017eivate u ovim prelepim slikama koje su izra\u0111ene uz pomo\u0107 fotoaparata\u00a0<a href=\"https:\/\/www.sony.de\/electronics\/wechselobjektivkameras\/ilce-7rm2\">Alpha 7r Mark II<\/a>\u00a0i objektiva\u00a0<a href=\"https:\/\/www.sony.de\/electronics\/kamera-objektive\/sel2470gm\">Sony FE 24-70 mm<\/a>\u00a0iz posebne serije\u00a0<a href=\"https:\/\/www.sony.de\/electronics\/objektive\/t\/camera-lenses?cameramount=e-mount&amp;type=g-master-lens\"><em>G Master<\/em><\/a>.<\/h6>\n","protected":false},"excerpt":{"rendered":"<p>Dragi moji pustolovi, kako ste mi danas? Nadam se da ste spremni za novu avanturu jer vas posle Malte vodim u &#8220;kom\u0161iluk&#8221; &#8211; Sardiniju. Dana\u0161nji post bi\u0107e posve\u0107en glavnom gradu ovog neobi\u010dnog italijanskog ostrva &#8211; Kaljari, gde sam imao priliku da provedem nekoliko dana. Pre nego \u0161to po\u010dnem sa dana\u0161njim postom \u017eeleo bih da se zahvalim organizatorima ovog putovanja &#8211; Regionalnoj Turisti\u010dkoj Organizaciji Sardinije koja ina\u010de pripada Nacionalnoj Turisti\u010dkoj organizaciji Republike Italije. Bez njihove pomo\u0107i ovaj post ne bi ugledao svetlost dana i ne bih imao prilike da sa svima&#8230; <span class=\"more\"><a class=\"more-link\" href=\"https:\/\/mrm-style.com\/sr\/razglednica-sa-sardinije-kaljari-kosmopolitski-grad-sa-dusom\/\">Read More<\/a><\/span><\/p>\n","protected":false},"author":1,"featured_media":4273,"comment_status":"open","ping_status":"open","sticky":false,"template":"","format":"standard","meta":{"om_disable_all_campaigns":false,"_monsterinsights_skip_tracking":false,"_monsterinsights_sitenote_active":false,"_monsterinsights_sitenote_note":"","_monsterinsights_sitenote_category":0,"footnotes":""},"categories":[2,9],"tags":[1684,81,3734,79,3865,3731,3179,56,54,55,2331,3862,2307,77,3864,2449,1927,3733],"class_list":["post-4269","post","type-post","status-publish","format-standard","has-post-thumbnail","hentry","category-avanture","category-putovanja","tag-avantura","tag-evropa","tag-g-master","tag-italija","tag-kaljari","tag-leto-2019","tag-letovanje","tag-marko-tadic","tag-mr-m","tag-mr-m-by-marko-tadic","tag-mrmbymarkotadic","tag-mrmbymarkotadic-instagram","tag-putopis","tag-putovanja","tag-sardinija","tag-sony-alpha-7r-mark-ii","tag-sony-deutschland","tag-sony-fe-24-70-mm"],"aioseo_notices":[],"_links":{"self":[{"href":"https:\/\/mrm-style.com\/sr\/wp-json\/wp\/v2\/posts\/4269","targetHints":{"allow":["GET"]}}],"collection":[{"href":"https:\/\/mrm-style.com\/sr\/wp-json\/wp\/v2\/posts"}],"about":[{"href":"https:\/\/mrm-style.com\/sr\/wp-json\/wp\/v2\/types\/post"}],"author":[{"embeddable":true,"href":"https:\/\/mrm-style.com\/sr\/wp-json\/wp\/v2\/users\/1"}],"replies":[{"embeddable":true,"href":"https:\/\/mrm-style.com\/sr\/wp-json\/wp\/v2\/comments?post=4269"}],"version-history":[{"count":8,"href":"https:\/\/mrm-style.com\/sr\/wp-json\/wp\/v2\/posts\/4269\/revisions"}],"predecessor-version":[{"id":4289,"href":"https:\/\/mrm-style.com\/sr\/wp-json\/wp\/v2\/posts\/4269\/revisions\/4289"}],"wp:featuredmedia":[{"embeddable":true,"href":"https:\/\/mrm-style.com\/sr\/wp-json\/wp\/v2\/media\/4273"}],"wp:attachment":[{"href":"https:\/\/mrm-style.com\/sr\/wp-json\/wp\/v2\/media?parent=4269"}],"wp:term":[{"taxonomy":"category","embeddable":true,"href":"https:\/\/mrm-style.com\/sr\/wp-json\/wp\/v2\/categories?post=4269"},{"taxonomy":"post_tag","embeddable":true,"href":"https:\/\/mrm-style.com\/sr\/wp-json\/wp\/v2\/tags?post=4269"}],"curies":[{"name":"wp","href":"https:\/\/api.w.org\/{rel}","templated":true}]}}