{"id":4652,"date":"2019-09-23T10:21:39","date_gmt":"2019-09-23T09:21:39","guid":{"rendered":"https:\/\/mrm-style.com\/sr\/?p=4652"},"modified":"2019-09-26T21:13:20","modified_gmt":"2019-09-26T20:13:20","slug":"kako-i-zasto-voleti-beograd","status":"publish","type":"post","link":"https:\/\/mrm-style.com\/sr\/kako-i-zasto-voleti-beograd\/","title":{"rendered":"Kako i za\u0161to voleti Beograd?"},"content":{"rendered":"\n<p>Dragi moji pustolovi, kako ste mi danas? Izgleda da je jesen odlu\u010dila da nam na samom po\u010detku sezone poka\u017ee ono najgore, pa je ova jesenja sezona otvorena sa &#8220;promenljivom&#8221; vremenskom sezonom! Danas dok sam spremao doru\u010dak, pala mi je na pamet ideja da napi\u0161em jo\u0161 jedan post na temu ljubavi prema svom gradu. Seo sam za sto i odjednom, u minutu su nadolazile re\u010di, ali stvarala\u010dka blokada je bila pristutna. I tako, nakon 2 sata, nastao je ovaj tekst. <\/p>\n\n\n\n<p>Volite li vi svoj grad? Da li ste prona\u0161li svoje mesto? Ako vas zanima iskreni odgovor samo se malo zamislite, odgovor \u0107e do\u0107i sam. Obratite pa\u017enju na svoje emocije. Siguran sam da svako od nas ima neke lepe i one malo manje lepe uspomene koje nas vezuju za na\u0161 rodni grad&#8230;<\/p>\n\n\n\n<div class=\"wp-block-image\"><figure class=\"aligncenter\"><a href=\"https:\/\/mrm-style.com\/sr\/wp-content\/uploads\/2019\/09\/Kako-i-za\u0161to-voleti-Beograd-Mr.M-by-Marko-Tadi\u01072.jpg\"><img loading=\"lazy\" decoding=\"async\" width=\"1953\" height=\"1700\" src=\"https:\/\/mrm-style.com\/sr\/wp-content\/uploads\/2019\/09\/Kako-i-za\u0161to-voleti-Beograd-Mr.M-by-Marko-Tadi\u01072.jpg\" alt=\"\" class=\"wp-image-4654\" srcset=\"https:\/\/mrm-style.com\/sr\/wp-content\/uploads\/2019\/09\/Kako-i-za\u0161to-voleti-Beograd-Mr.M-by-Marko-Tadi\u01072.jpg 1953w, https:\/\/mrm-style.com\/sr\/wp-content\/uploads\/2019\/09\/Kako-i-za\u0161to-voleti-Beograd-Mr.M-by-Marko-Tadi\u01072-300x261.jpg 300w, https:\/\/mrm-style.com\/sr\/wp-content\/uploads\/2019\/09\/Kako-i-za\u0161to-voleti-Beograd-Mr.M-by-Marko-Tadi\u01072-768x669.jpg 768w, https:\/\/mrm-style.com\/sr\/wp-content\/uploads\/2019\/09\/Kako-i-za\u0161to-voleti-Beograd-Mr.M-by-Marko-Tadi\u01072-1024x891.jpg 1024w, https:\/\/mrm-style.com\/sr\/wp-content\/uploads\/2019\/09\/Kako-i-za\u0161to-voleti-Beograd-Mr.M-by-Marko-Tadi\u01072-1440x1253.jpg 1440w, https:\/\/mrm-style.com\/sr\/wp-content\/uploads\/2019\/09\/Kako-i-za\u0161to-voleti-Beograd-Mr.M-by-Marko-Tadi\u01072-800x696.jpg 800w, https:\/\/mrm-style.com\/sr\/wp-content\/uploads\/2019\/09\/Kako-i-za\u0161to-voleti-Beograd-Mr.M-by-Marko-Tadi\u01072-550x479.jpg 550w, https:\/\/mrm-style.com\/sr\/wp-content\/uploads\/2019\/09\/Kako-i-za\u0161to-voleti-Beograd-Mr.M-by-Marko-Tadi\u01072-1920x1671.jpg 1920w, https:\/\/mrm-style.com\/sr\/wp-content\/uploads\/2019\/09\/Kako-i-za\u0161to-voleti-Beograd-Mr.M-by-Marko-Tadi\u01072-1241x1080.jpg 1241w, https:\/\/mrm-style.com\/sr\/wp-content\/uploads\/2019\/09\/Kako-i-za\u0161to-voleti-Beograd-Mr.M-by-Marko-Tadi\u01072-689x600.jpg 689w\" sizes=\"auto, (max-width: 1953px) 100vw, 1953px\" \/><\/a><\/figure><\/div>\n\n\n\n<p>Moji prijatelji koje sam do sad upoznao su ve\u0107inom iz unutra\u0161njosti Srbije i uvek smo se trudili da jedni druge pose\u0107ujemo. Tako je to bila neka na\u0161a interna verzija &#8220;\u017dikine \u0161arenice&#8221; karavan koji se s vremena na vreme seli u drugi grad u Srbiji, ali \u017eivot i posao nas uvek vra\u0107ao nazad u glavni grad.<\/p>\n\n\n\n<p><em><strong>Du\u0161ko Radovi\u0107 je jednom prilikom izjavio: &#8220;Ko je imao sre\u0107e da se jutros probudi u Beogradu, mo\u017ee se smatrati da je za danas dovoljno postigao u \u017eivotu. Svako dalje insistiranje na jo\u0161 ne\u010demu, bilo bi neskromno.&#8221;<\/strong><\/em><\/p>\n\n\n\n<p>Beograd je grad koji svakodnevno ispra\u0107a i do\u010dekuje ljude iz svih krajeva sveta, jo\u0161 kada sam uzme u obzir da je to jedna vi\u0161emilionska &#8220;ko\u0161nica&#8221; gde su svi u pokretu. To je grad koji je tako prirodan, a ujedno moderan i le\u017eeran. Grad za sve nas! Po\u0161to se moja \u017eivotna pri\u010da odigrava na relaciji Srbija &#8211; Nema\u010dka, pored Beograda ne\u0161to vi\u0161e od 1000 kilometara dalje nalazi se moj drugi dom &#8211; Berlin. Beograd i Berlin su razli\u010diti, nebo i zemlja, ali na svaki od njih je lep na svoj na\u010din.<\/p>\n\n\n\n<div class=\"wp-block-image\"><figure class=\"aligncenter\"><a href=\"https:\/\/mrm-style.com\/sr\/wp-content\/uploads\/2019\/09\/Kako-i-za\u0161to-voleti-Beograd-Mr.M-by-Marko-Tadi\u01071.jpg\"><img loading=\"lazy\" decoding=\"async\" width=\"1136\" height=\"1700\" src=\"https:\/\/mrm-style.com\/sr\/wp-content\/uploads\/2019\/09\/Kako-i-za\u0161to-voleti-Beograd-Mr.M-by-Marko-Tadi\u01071.jpg\" alt=\"\" class=\"wp-image-4653\" srcset=\"https:\/\/mrm-style.com\/sr\/wp-content\/uploads\/2019\/09\/Kako-i-za\u0161to-voleti-Beograd-Mr.M-by-Marko-Tadi\u01071.jpg 1136w, https:\/\/mrm-style.com\/sr\/wp-content\/uploads\/2019\/09\/Kako-i-za\u0161to-voleti-Beograd-Mr.M-by-Marko-Tadi\u01071-200x300.jpg 200w, https:\/\/mrm-style.com\/sr\/wp-content\/uploads\/2019\/09\/Kako-i-za\u0161to-voleti-Beograd-Mr.M-by-Marko-Tadi\u01071-768x1149.jpg 768w, https:\/\/mrm-style.com\/sr\/wp-content\/uploads\/2019\/09\/Kako-i-za\u0161to-voleti-Beograd-Mr.M-by-Marko-Tadi\u01071-684x1024.jpg 684w, https:\/\/mrm-style.com\/sr\/wp-content\/uploads\/2019\/09\/Kako-i-za\u0161to-voleti-Beograd-Mr.M-by-Marko-Tadi\u01071-800x1197.jpg 800w, https:\/\/mrm-style.com\/sr\/wp-content\/uploads\/2019\/09\/Kako-i-za\u0161to-voleti-Beograd-Mr.M-by-Marko-Tadi\u01071-550x823.jpg 550w, https:\/\/mrm-style.com\/sr\/wp-content\/uploads\/2019\/09\/Kako-i-za\u0161to-voleti-Beograd-Mr.M-by-Marko-Tadi\u01071-722x1080.jpg 722w, https:\/\/mrm-style.com\/sr\/wp-content\/uploads\/2019\/09\/Kako-i-za\u0161to-voleti-Beograd-Mr.M-by-Marko-Tadi\u01071-401x600.jpg 401w\" sizes=\"auto, (max-width: 1136px) 100vw, 1136px\" \/><\/a><\/figure><\/div>\n\n\n\n<p>Beograd, dinami\u010dan i u\u017eurban grad. To je Beograd kakvog ga danas poznajemo i kakav utisak ostavlja dok poslom \u201etr\u010dimo\u201c od Terazija ka Zelenom vencu\u2026 Haoti\u010dan, dok pani\u010dno u kolima ulazimo na kru\u017eni skver\u00a0Slavija, savremen i moderan dok stojimo na eskalatorima U\u0161\u0107a ili Delta City-ja\u2026<br><\/p>\n\n\n\n<p>Ovo je ukratko opisana beogradska svakodnevica ali, ako odvojite malo vremena ili ako ste turista koji je ovde do\u0161ao da bi upoznao ovaj grad, upozna\u0107ete jedno druga\u010dije lice i jednu nestvarnu metropolu prepunu znamenitosti kako kulturnih tako i istorijskih, mesta na kojima se odigravala istorija i doga\u0111aji koji su promenili Evropu i svet. Lepe fasade, neobi\u010dne gra\u0111evine, kao i lepa i nasmejana lica Beogra\u0111ana koji va\u017ee za dobre i uljudne doma\u0107ine.<\/p>\n\n\n\n<div class=\"wp-block-image\"><figure class=\"aligncenter\"><a href=\"https:\/\/mrm-style.com\/sr\/wp-content\/uploads\/2019\/09\/Kako-i-za\u0161to-voleti-Beograd-Mr.M-by-Marko-Tadi\u01073.jpg\"><img loading=\"lazy\" decoding=\"async\" width=\"2500\" height=\"1668\" src=\"https:\/\/mrm-style.com\/sr\/wp-content\/uploads\/2019\/09\/Kako-i-za\u0161to-voleti-Beograd-Mr.M-by-Marko-Tadi\u01073.jpg\" alt=\"\" class=\"wp-image-4655\" srcset=\"https:\/\/mrm-style.com\/sr\/wp-content\/uploads\/2019\/09\/Kako-i-za\u0161to-voleti-Beograd-Mr.M-by-Marko-Tadi\u01073.jpg 2500w, https:\/\/mrm-style.com\/sr\/wp-content\/uploads\/2019\/09\/Kako-i-za\u0161to-voleti-Beograd-Mr.M-by-Marko-Tadi\u01073-300x200.jpg 300w, https:\/\/mrm-style.com\/sr\/wp-content\/uploads\/2019\/09\/Kako-i-za\u0161to-voleti-Beograd-Mr.M-by-Marko-Tadi\u01073-768x512.jpg 768w, https:\/\/mrm-style.com\/sr\/wp-content\/uploads\/2019\/09\/Kako-i-za\u0161to-voleti-Beograd-Mr.M-by-Marko-Tadi\u01073-1024x683.jpg 1024w, https:\/\/mrm-style.com\/sr\/wp-content\/uploads\/2019\/09\/Kako-i-za\u0161to-voleti-Beograd-Mr.M-by-Marko-Tadi\u01073-1440x961.jpg 1440w, https:\/\/mrm-style.com\/sr\/wp-content\/uploads\/2019\/09\/Kako-i-za\u0161to-voleti-Beograd-Mr.M-by-Marko-Tadi\u01073-800x534.jpg 800w, https:\/\/mrm-style.com\/sr\/wp-content\/uploads\/2019\/09\/Kako-i-za\u0161to-voleti-Beograd-Mr.M-by-Marko-Tadi\u01073-550x367.jpg 550w, https:\/\/mrm-style.com\/sr\/wp-content\/uploads\/2019\/09\/Kako-i-za\u0161to-voleti-Beograd-Mr.M-by-Marko-Tadi\u01073-1920x1281.jpg 1920w, https:\/\/mrm-style.com\/sr\/wp-content\/uploads\/2019\/09\/Kako-i-za\u0161to-voleti-Beograd-Mr.M-by-Marko-Tadi\u01073-1619x1080.jpg 1619w, https:\/\/mrm-style.com\/sr\/wp-content\/uploads\/2019\/09\/Kako-i-za\u0161to-voleti-Beograd-Mr.M-by-Marko-Tadi\u01073-899x600.jpg 899w\" sizes=\"auto, (max-width: 2500px) 100vw, 2500px\" \/><\/a><\/figure><\/div>\n\n\n\n<p>Ja sam odlu\u010dio danas da vas podsetim na lepe, sun\u010dane i vedre septembarske dane, dok nas sumorna i ki\u0161na svakodnevnica kvari raspolo\u017eenje. Bio je to jedan sun\u010dani petak, kada sam se dogovorio sa fotografom da uradimo neko zanimljivo slikanje na ulicama Beograda. Dugo nisam slikao na ulicama Beograda i moram vam priznati da mi je nedostajao!<\/p>\n\n\n\n<div class=\"wp-block-image\"><figure class=\"aligncenter\"><a href=\"https:\/\/mrm-style.com\/sr\/wp-content\/uploads\/2019\/09\/Kako-i-za\u0161to-voleti-Beograd-Mr.M-by-Marko-Tadi\u01074.jpg\"><img loading=\"lazy\" decoding=\"async\" width=\"2318\" height=\"1700\" src=\"https:\/\/mrm-style.com\/sr\/wp-content\/uploads\/2019\/09\/Kako-i-za\u0161to-voleti-Beograd-Mr.M-by-Marko-Tadi\u01074.jpg\" alt=\"\" class=\"wp-image-4656\" srcset=\"https:\/\/mrm-style.com\/sr\/wp-content\/uploads\/2019\/09\/Kako-i-za\u0161to-voleti-Beograd-Mr.M-by-Marko-Tadi\u01074.jpg 2318w, https:\/\/mrm-style.com\/sr\/wp-content\/uploads\/2019\/09\/Kako-i-za\u0161to-voleti-Beograd-Mr.M-by-Marko-Tadi\u01074-300x220.jpg 300w, https:\/\/mrm-style.com\/sr\/wp-content\/uploads\/2019\/09\/Kako-i-za\u0161to-voleti-Beograd-Mr.M-by-Marko-Tadi\u01074-768x563.jpg 768w, https:\/\/mrm-style.com\/sr\/wp-content\/uploads\/2019\/09\/Kako-i-za\u0161to-voleti-Beograd-Mr.M-by-Marko-Tadi\u01074-1024x751.jpg 1024w, https:\/\/mrm-style.com\/sr\/wp-content\/uploads\/2019\/09\/Kako-i-za\u0161to-voleti-Beograd-Mr.M-by-Marko-Tadi\u01074-1440x1056.jpg 1440w, https:\/\/mrm-style.com\/sr\/wp-content\/uploads\/2019\/09\/Kako-i-za\u0161to-voleti-Beograd-Mr.M-by-Marko-Tadi\u01074-800x587.jpg 800w, https:\/\/mrm-style.com\/sr\/wp-content\/uploads\/2019\/09\/Kako-i-za\u0161to-voleti-Beograd-Mr.M-by-Marko-Tadi\u01074-550x403.jpg 550w, https:\/\/mrm-style.com\/sr\/wp-content\/uploads\/2019\/09\/Kako-i-za\u0161to-voleti-Beograd-Mr.M-by-Marko-Tadi\u01074-1920x1408.jpg 1920w, https:\/\/mrm-style.com\/sr\/wp-content\/uploads\/2019\/09\/Kako-i-za\u0161to-voleti-Beograd-Mr.M-by-Marko-Tadi\u01074-1473x1080.jpg 1473w, https:\/\/mrm-style.com\/sr\/wp-content\/uploads\/2019\/09\/Kako-i-za\u0161to-voleti-Beograd-Mr.M-by-Marko-Tadi\u01074-818x600.jpg 818w\" sizes=\"auto, (max-width: 2318px) 100vw, 2318px\" \/><\/a><\/figure><\/div>\n\n\n\n<p>Iskoristio sam priliku da &#8220;pro\u0161etam&#8221; moj novi modni dodatak &#8211; sun\u010dane nao\u010dare koje sam dobio od mojih dragih prijatelja <em><strong><a href=\"https:\/\/www.edel-optics.com\">Edel Optics<\/a><\/strong><\/em>. Edel Optics je jedna od najve\u0107ih evropskih online prodavnica nao\u010dara za vid i sunce. Pored online radnje koja posluje u svim zemljama Evropske Unije, imaju prodavnicu u Hamburgu, Nema\u010dka.<\/p>\n\n\n\n<div class=\"wp-block-image\"><figure class=\"aligncenter\"><a href=\"https:\/\/mrm-style.com\/sr\/wp-content\/uploads\/2019\/09\/Kako-i-za\u0161to-voleti-Beograd-Mr.M-by-Marko-Tadi\u01075.jpg\"><img loading=\"lazy\" decoding=\"async\" width=\"2500\" height=\"1410\" src=\"https:\/\/mrm-style.com\/sr\/wp-content\/uploads\/2019\/09\/Kako-i-za\u0161to-voleti-Beograd-Mr.M-by-Marko-Tadi\u01075.jpg\" alt=\"\" class=\"wp-image-4657\" srcset=\"https:\/\/mrm-style.com\/sr\/wp-content\/uploads\/2019\/09\/Kako-i-za\u0161to-voleti-Beograd-Mr.M-by-Marko-Tadi\u01075.jpg 2500w, https:\/\/mrm-style.com\/sr\/wp-content\/uploads\/2019\/09\/Kako-i-za\u0161to-voleti-Beograd-Mr.M-by-Marko-Tadi\u01075-300x169.jpg 300w, https:\/\/mrm-style.com\/sr\/wp-content\/uploads\/2019\/09\/Kako-i-za\u0161to-voleti-Beograd-Mr.M-by-Marko-Tadi\u01075-768x433.jpg 768w, https:\/\/mrm-style.com\/sr\/wp-content\/uploads\/2019\/09\/Kako-i-za\u0161to-voleti-Beograd-Mr.M-by-Marko-Tadi\u01075-1024x578.jpg 1024w, https:\/\/mrm-style.com\/sr\/wp-content\/uploads\/2019\/09\/Kako-i-za\u0161to-voleti-Beograd-Mr.M-by-Marko-Tadi\u01075-1440x812.jpg 1440w, https:\/\/mrm-style.com\/sr\/wp-content\/uploads\/2019\/09\/Kako-i-za\u0161to-voleti-Beograd-Mr.M-by-Marko-Tadi\u01075-800x451.jpg 800w, https:\/\/mrm-style.com\/sr\/wp-content\/uploads\/2019\/09\/Kako-i-za\u0161to-voleti-Beograd-Mr.M-by-Marko-Tadi\u01075-550x310.jpg 550w, https:\/\/mrm-style.com\/sr\/wp-content\/uploads\/2019\/09\/Kako-i-za\u0161to-voleti-Beograd-Mr.M-by-Marko-Tadi\u01075-1920x1083.jpg 1920w, https:\/\/mrm-style.com\/sr\/wp-content\/uploads\/2019\/09\/Kako-i-za\u0161to-voleti-Beograd-Mr.M-by-Marko-Tadi\u01075-1915x1080.jpg 1915w, https:\/\/mrm-style.com\/sr\/wp-content\/uploads\/2019\/09\/Kako-i-za\u0161to-voleti-Beograd-Mr.M-by-Marko-Tadi\u01075-1064x600.jpg 1064w\" sizes=\"auto, (max-width: 2500px) 100vw, 2500px\" \/><\/a><\/figure><\/div>\n\n\n\n<p>Potrudio sam se da se lepo sredim za grad, neutralnu be\u017e boju sam hteo da razbijem sa neobi\u010dnom nijansom crvene boje i mislim da sam lepo uspeo. Patike ste ve\u0107 imali prilike da vidite pro\u0161le godine u mojim postovima i eto vam odgovora na jedno od pitanja koje mi ljudi postavljaju: &#8220;Da li nosi\u0161 ti sve te cipele \u0161to dobija\u0161 ili baca\u0161?!&#8221;. Ja sam od onih osoba koje \u010duvaju svoje stvari.<\/p>\n\n\n\n<h2 class=\"wp-block-heading\" style=\"text-align:center\"><strong>OUTFIT<\/strong><\/h2>\n\n\n\n<p style=\"text-align:center\"><em>Jakna:\u00a0<\/em><strong>Massimo Dutti<\/strong><\/p>\n\n\n\n<p style=\"text-align:center\"><em>Pantalone:\u00a0<\/em><strong><a href=\"https:\/\/de.loropiana.com\/en\">Loro Piana<\/a><\/strong><\/p>\n\n\n\n<p style=\"text-align:center\"><em>Majica:<\/em>\u00a0<strong><a href=\"https:\/\/de.loropiana.com\/en\">Loro Piana<\/a><\/strong><\/p>\n\n\n\n<p style=\"text-align:center\"><em>Nao\u010dare:<\/em><strong> <a href=\"https:\/\/www.edel-optics.com\/GV-7088-S-086-QT-by-Givenchy.html\">Givenchy<\/a> <\/strong>poklon dragih prijatelja iz <strong><a href=\"https:\/\/www.edel-optics.com\">Edel Optics<\/a><\/strong>-a<\/p>\n\n\n\n<p style=\"text-align:center\"><em>Patike:<\/em> <strong>Roberto Botticelli<\/strong><\/p>\n\n\n\n<p style=\"text-align:center\"><em>Fotoaparat:<\/em>\u00a0<strong><a href=\"https:\/\/www.sony.de\/electronics\/wechselobjektivkameras\/ilce-7rm2\">Sony Alpha 7r II<\/a><\/strong>;\u00a0<em>Objektiv:<\/em>\u00a0<strong><a href=\"https:\/\/www.sony.de\/electronics\/kamera-objektive\/sel2470gm\">Sony G Master 24-70 MM<\/a><\/strong><\/p>\n\n\n\n<div class=\"wp-block-image\"><figure class=\"aligncenter\"><a href=\"https:\/\/mrm-style.com\/sr\/wp-content\/uploads\/2019\/09\/Kako-i-za\u0161to-voleti-Beograd-Mr.M-by-Marko-Tadi\u01078.jpg\"><img loading=\"lazy\" decoding=\"async\" width=\"2345\" height=\"1700\" src=\"https:\/\/mrm-style.com\/sr\/wp-content\/uploads\/2019\/09\/Kako-i-za\u0161to-voleti-Beograd-Mr.M-by-Marko-Tadi\u01078.jpg\" alt=\"\" class=\"wp-image-4660\" srcset=\"https:\/\/mrm-style.com\/sr\/wp-content\/uploads\/2019\/09\/Kako-i-za\u0161to-voleti-Beograd-Mr.M-by-Marko-Tadi\u01078.jpg 2345w, https:\/\/mrm-style.com\/sr\/wp-content\/uploads\/2019\/09\/Kako-i-za\u0161to-voleti-Beograd-Mr.M-by-Marko-Tadi\u01078-300x217.jpg 300w, https:\/\/mrm-style.com\/sr\/wp-content\/uploads\/2019\/09\/Kako-i-za\u0161to-voleti-Beograd-Mr.M-by-Marko-Tadi\u01078-768x557.jpg 768w, https:\/\/mrm-style.com\/sr\/wp-content\/uploads\/2019\/09\/Kako-i-za\u0161to-voleti-Beograd-Mr.M-by-Marko-Tadi\u01078-1024x742.jpg 1024w, https:\/\/mrm-style.com\/sr\/wp-content\/uploads\/2019\/09\/Kako-i-za\u0161to-voleti-Beograd-Mr.M-by-Marko-Tadi\u01078-1440x1044.jpg 1440w, https:\/\/mrm-style.com\/sr\/wp-content\/uploads\/2019\/09\/Kako-i-za\u0161to-voleti-Beograd-Mr.M-by-Marko-Tadi\u01078-800x580.jpg 800w, https:\/\/mrm-style.com\/sr\/wp-content\/uploads\/2019\/09\/Kako-i-za\u0161to-voleti-Beograd-Mr.M-by-Marko-Tadi\u01078-550x399.jpg 550w, https:\/\/mrm-style.com\/sr\/wp-content\/uploads\/2019\/09\/Kako-i-za\u0161to-voleti-Beograd-Mr.M-by-Marko-Tadi\u01078-1920x1392.jpg 1920w, https:\/\/mrm-style.com\/sr\/wp-content\/uploads\/2019\/09\/Kako-i-za\u0161to-voleti-Beograd-Mr.M-by-Marko-Tadi\u01078-1490x1080.jpg 1490w, https:\/\/mrm-style.com\/sr\/wp-content\/uploads\/2019\/09\/Kako-i-za\u0161to-voleti-Beograd-Mr.M-by-Marko-Tadi\u01078-828x600.jpg 828w\" sizes=\"auto, (max-width: 2345px) 100vw, 2345px\" \/><\/a><\/figure><\/div>\n\n\n\n<p>Dragi moji pustolovi, do\u0161li smo do kraja ovog specijalnog modnog posta iz Beograda. Vreme uvek proleti kada se \u010dovek lepo zabavlja! \u010covek je bogat u du\u0161i ako je uspeo da istra\u017ei svet i meni je drago da uvek uspem da prona\u0111em partnere mojih projekata koji mi poma\u017eu da otkrijem svet na jedan sasvim druga\u010diji na\u010din. Polako se spremam za moju novu avanturu i pripremam vam neke nove zanimljive pri\u010de iz neistra\u017eenih krajeve sveta.<\/p>\n\n\n\n<div class=\"wp-block-image\"><figure class=\"aligncenter\"><a href=\"https:\/\/mrm-style.com\/sr\/wp-content\/uploads\/2019\/09\/Kako-i-za\u0161to-voleti-Beograd-Mr.M-by-Marko-Tadi\u01076.jpg\"><img loading=\"lazy\" decoding=\"async\" width=\"2500\" height=\"1668\" src=\"https:\/\/mrm-style.com\/sr\/wp-content\/uploads\/2019\/09\/Kako-i-za\u0161to-voleti-Beograd-Mr.M-by-Marko-Tadi\u01076.jpg\" alt=\"\" class=\"wp-image-4658\" srcset=\"https:\/\/mrm-style.com\/sr\/wp-content\/uploads\/2019\/09\/Kako-i-za\u0161to-voleti-Beograd-Mr.M-by-Marko-Tadi\u01076.jpg 2500w, https:\/\/mrm-style.com\/sr\/wp-content\/uploads\/2019\/09\/Kako-i-za\u0161to-voleti-Beograd-Mr.M-by-Marko-Tadi\u01076-300x200.jpg 300w, https:\/\/mrm-style.com\/sr\/wp-content\/uploads\/2019\/09\/Kako-i-za\u0161to-voleti-Beograd-Mr.M-by-Marko-Tadi\u01076-768x512.jpg 768w, https:\/\/mrm-style.com\/sr\/wp-content\/uploads\/2019\/09\/Kako-i-za\u0161to-voleti-Beograd-Mr.M-by-Marko-Tadi\u01076-1024x683.jpg 1024w, https:\/\/mrm-style.com\/sr\/wp-content\/uploads\/2019\/09\/Kako-i-za\u0161to-voleti-Beograd-Mr.M-by-Marko-Tadi\u01076-1440x961.jpg 1440w, https:\/\/mrm-style.com\/sr\/wp-content\/uploads\/2019\/09\/Kako-i-za\u0161to-voleti-Beograd-Mr.M-by-Marko-Tadi\u01076-800x534.jpg 800w, https:\/\/mrm-style.com\/sr\/wp-content\/uploads\/2019\/09\/Kako-i-za\u0161to-voleti-Beograd-Mr.M-by-Marko-Tadi\u01076-550x367.jpg 550w, https:\/\/mrm-style.com\/sr\/wp-content\/uploads\/2019\/09\/Kako-i-za\u0161to-voleti-Beograd-Mr.M-by-Marko-Tadi\u01076-1920x1281.jpg 1920w, https:\/\/mrm-style.com\/sr\/wp-content\/uploads\/2019\/09\/Kako-i-za\u0161to-voleti-Beograd-Mr.M-by-Marko-Tadi\u01076-1619x1080.jpg 1619w, https:\/\/mrm-style.com\/sr\/wp-content\/uploads\/2019\/09\/Kako-i-za\u0161to-voleti-Beograd-Mr.M-by-Marko-Tadi\u01076-899x600.jpg 899w\" sizes=\"auto, (max-width: 2500px) 100vw, 2500px\" \/><\/a><\/figure><\/div>\n\n\n\n<p>Kako se vama dopala ova moja pri\u010da o Beogradu? Da li vam se mo\u017eda svidela moja odevna kombinacija? <\/p>\n\n\n\n<p>Ako imate neko pitanje, komentar, sugestiju ili poruku za mene mo\u017eete mi napisati dole u komentarima. Naravno, kao i do sad uvek me mo\u017eete kontaktirati putem mejla ili dru\u0161tvenih mre\u017ea. Sve informacije mo\u017eete prona\u0107i na stranici\u00a0<em><strong><a href=\"https:\/\/mrm-style.com\/sr\/kontakt\/\">KONTAKT<\/a>.<\/strong><\/em>\u00a0Vidimo se za par dana, sa nekom novom pri\u010dom!<\/p>\n\n\n\n<p><em>Blogerski pozdrav,<\/em><\/p>\n\n\n\n<p><strong>Mr.M<\/strong><\/p>\n\n\n\n<div class=\"wp-block-image\"><figure class=\"aligncenter\"><a href=\"https:\/\/mrm-style.com\/sr\/wp-content\/uploads\/2019\/09\/Kako-i-za\u0161to-voleti-Beograd-Mr.M-by-Marko-Tadi\u01077.jpg\"><img loading=\"lazy\" decoding=\"async\" width=\"2118\" height=\"1700\" src=\"https:\/\/mrm-style.com\/sr\/wp-content\/uploads\/2019\/09\/Kako-i-za\u0161to-voleti-Beograd-Mr.M-by-Marko-Tadi\u01077.jpg\" alt=\"\" class=\"wp-image-4659\" srcset=\"https:\/\/mrm-style.com\/sr\/wp-content\/uploads\/2019\/09\/Kako-i-za\u0161to-voleti-Beograd-Mr.M-by-Marko-Tadi\u01077.jpg 2118w, https:\/\/mrm-style.com\/sr\/wp-content\/uploads\/2019\/09\/Kako-i-za\u0161to-voleti-Beograd-Mr.M-by-Marko-Tadi\u01077-300x241.jpg 300w, https:\/\/mrm-style.com\/sr\/wp-content\/uploads\/2019\/09\/Kako-i-za\u0161to-voleti-Beograd-Mr.M-by-Marko-Tadi\u01077-768x616.jpg 768w, https:\/\/mrm-style.com\/sr\/wp-content\/uploads\/2019\/09\/Kako-i-za\u0161to-voleti-Beograd-Mr.M-by-Marko-Tadi\u01077-1024x822.jpg 1024w, https:\/\/mrm-style.com\/sr\/wp-content\/uploads\/2019\/09\/Kako-i-za\u0161to-voleti-Beograd-Mr.M-by-Marko-Tadi\u01077-1440x1156.jpg 1440w, https:\/\/mrm-style.com\/sr\/wp-content\/uploads\/2019\/09\/Kako-i-za\u0161to-voleti-Beograd-Mr.M-by-Marko-Tadi\u01077-800x642.jpg 800w, https:\/\/mrm-style.com\/sr\/wp-content\/uploads\/2019\/09\/Kako-i-za\u0161to-voleti-Beograd-Mr.M-by-Marko-Tadi\u01077-550x441.jpg 550w, https:\/\/mrm-style.com\/sr\/wp-content\/uploads\/2019\/09\/Kako-i-za\u0161to-voleti-Beograd-Mr.M-by-Marko-Tadi\u01077-1920x1541.jpg 1920w, https:\/\/mrm-style.com\/sr\/wp-content\/uploads\/2019\/09\/Kako-i-za\u0161to-voleti-Beograd-Mr.M-by-Marko-Tadi\u01077-1346x1080.jpg 1346w, https:\/\/mrm-style.com\/sr\/wp-content\/uploads\/2019\/09\/Kako-i-za\u0161to-voleti-Beograd-Mr.M-by-Marko-Tadi\u01077-748x600.jpg 748w\" sizes=\"auto, (max-width: 2118px) 100vw, 2118px\" \/><\/a><\/figure><\/div>\n\n\n\n<h5 class=\"wp-block-heading\" style=\"text-align:center\"><em><strong>Ovaj post je sponzorisan od strane\u00a0kompanije <a href=\"https:\/\/www.edel-optics.com\">Edel Optics<\/a> i brenda <a href=\"https:\/\/www.givenchy.com\/us\/en-US\/homepage\">Givenchy<\/a>.\u00a0Tako\u0111e ovim putem \u017eelim da se zahvalim mojim prijateljima iz modne\u00a0ku\u0107e <a href=\"https:\/\/de.loropiana.com\/en\">Loro Piana<\/a>\u00a0koji su svojim modnim komadima oplemenim ovaj post, naravno da ne zaboravim moje verne i najbolje prijatelje iz kompanije\u00a0<\/strong><\/em><a href=\"https:\/\/www.sony.de\/\"><em><strong>Sony<\/strong><\/em><\/a><em><strong>\u00a0koji su omogu\u0107ili da u\u017eivate u ovim prelepim slikama koje su izra\u0111ene uz pomo\u0107 fotoaparata\u00a0<\/strong><\/em><a href=\"https:\/\/www.sony.de\/electronics\/wechselobjektivkameras\/ilce-7rm2\"><em><strong>Alpha 7r Mark II<\/strong><\/em><\/a><em><strong>\u00a0i objektiva\u00a0<\/strong><\/em><a href=\"https:\/\/www.sony.de\/electronics\/kamera-objektive\/sel2470gm\"><em><strong>Sony FE 24-70 mm<\/strong><\/em><\/a><em><strong>\u00a0iz posebne serije\u00a0<\/strong><\/em><a href=\"https:\/\/www.sony.de\/electronics\/objektive\/t\/camera-lenses?cameramount=e-mount&amp;type=g-master-lens\"><em><strong>G Master<\/strong><\/em><\/a><em><strong>.<\/strong><\/em><\/h5>\n","protected":false},"excerpt":{"rendered":"<p>Dragi moji pustolovi, kako ste mi danas? Izgleda da je jesen odlu\u010dila da nam na samom po\u010detku sezone poka\u017ee ono najgore, pa je ova jesenja sezona otvorena sa &#8220;promenljivom&#8221; vremenskom sezonom! Danas dok sam spremao doru\u010dak, pala mi je na pamet ideja da napi\u0161em jo\u0161 jedan post na temu ljubavi prema svom gradu. Seo sam za sto i odjednom, u minutu su nadolazile re\u010di, ali stvarala\u010dka blokada je bila pristutna. I tako, nakon 2 sata, nastao je ovaj tekst. Volite li vi svoj grad? Da li ste prona\u0161li svoje mesto?&#8230; <span class=\"more\"><a class=\"more-link\" href=\"https:\/\/mrm-style.com\/sr\/kako-i-zasto-voleti-beograd\/\">Read More<\/a><\/span><\/p>\n","protected":false},"author":1,"featured_media":4655,"comment_status":"open","ping_status":"open","sticky":false,"template":"","format":"standard","meta":{"om_disable_all_campaigns":false,"_monsterinsights_skip_tracking":false,"_monsterinsights_sitenote_active":false,"_monsterinsights_sitenote_note":"","_monsterinsights_sitenote_category":0,"footnotes":""},"categories":[52,159],"tags":[99,4049,119,3569,56,1570,1075,1117,55,2331,3862,154,66],"class_list":["post-4652","post","type-post","status-publish","format-standard","has-post-thumbnail","hentry","category-moda","category-outfit-post","tag-beograd","tag-edel-optics","tag-givenchy","tag-loro-piana","tag-marko-tadic","tag-massimo-dutti","tag-modni-blog","tag-modni-bloger","tag-mr-m-by-marko-tadic","tag-mrmbymarkotadic","tag-mrmbymarkotadic-instagram","tag-roberto-botticelli","tag-srbija"],"aioseo_notices":[],"_links":{"self":[{"href":"https:\/\/mrm-style.com\/sr\/wp-json\/wp\/v2\/posts\/4652","targetHints":{"allow":["GET"]}}],"collection":[{"href":"https:\/\/mrm-style.com\/sr\/wp-json\/wp\/v2\/posts"}],"about":[{"href":"https:\/\/mrm-style.com\/sr\/wp-json\/wp\/v2\/types\/post"}],"author":[{"embeddable":true,"href":"https:\/\/mrm-style.com\/sr\/wp-json\/wp\/v2\/users\/1"}],"replies":[{"embeddable":true,"href":"https:\/\/mrm-style.com\/sr\/wp-json\/wp\/v2\/comments?post=4652"}],"version-history":[{"count":14,"href":"https:\/\/mrm-style.com\/sr\/wp-json\/wp\/v2\/posts\/4652\/revisions"}],"predecessor-version":[{"id":4674,"href":"https:\/\/mrm-style.com\/sr\/wp-json\/wp\/v2\/posts\/4652\/revisions\/4674"}],"wp:featuredmedia":[{"embeddable":true,"href":"https:\/\/mrm-style.com\/sr\/wp-json\/wp\/v2\/media\/4655"}],"wp:attachment":[{"href":"https:\/\/mrm-style.com\/sr\/wp-json\/wp\/v2\/media?parent=4652"}],"wp:term":[{"taxonomy":"category","embeddable":true,"href":"https:\/\/mrm-style.com\/sr\/wp-json\/wp\/v2\/categories?post=4652"},{"taxonomy":"post_tag","embeddable":true,"href":"https:\/\/mrm-style.com\/sr\/wp-json\/wp\/v2\/tags?post=4652"}],"curies":[{"name":"wp","href":"https:\/\/api.w.org\/{rel}","templated":true}]}}