{"id":5498,"date":"2020-03-28T11:57:00","date_gmt":"2020-03-28T10:57:00","guid":{"rendered":"https:\/\/mrm-style.com\/sr\/?p=5498"},"modified":"2020-04-01T18:07:28","modified_gmt":"2020-04-01T17:07:28","slug":"beogradski-dnevnik-avala-verni-cuvar-istorije-iz-oblaka","status":"publish","type":"post","link":"https:\/\/mrm-style.com\/sr\/beogradski-dnevnik-avala-verni-cuvar-istorije-iz-oblaka\/","title":{"rendered":"Beogradski Dnevnik: Avala, verni \u010duvar istorije iz oblaka&#8230;"},"content":{"rendered":"\n<p>Dragi moji pustolovi i ljubitelji mode kako ste mi danas? Iskreno se nadam da ste dobro i da ste uspeli da prona\u0111ete neku vrstu razonode tokom ove novonastale situacije zvana Korona. Ne\u0107u da vam dajem savete kako da provedete vreme tokom ove neda\u0107e koja se trenutno odvija u Srbiji, samo \u017eelim da vas zamolim da se koliko mo\u017eete pridr\u017eavate uredbi koje su trenutno na snazi tokom ovog vanrednog stanja. <\/p>\n\n\n\n<p>Ovo je vreme koje treba da provodimo sa porodicom i da putem telefona i drugim vidovima komuniciranja ostanemo u kontaktu sa prijateljima, okolinom i spoljnim svetom.<\/p>\n\n\n\n<div class=\"wp-block-image\"><figure class=\"aligncenter size-full\"><a href=\"https:\/\/mrm-style.com\/sr\/wp-content\/uploads\/2020\/04\/Beogradski-Dnevnik-Avala-verni-\u010duvar-istorije-iz-oblaka...1.jpg\"><img loading=\"lazy\" decoding=\"async\" width=\"1134\" height=\"1700\" src=\"https:\/\/mrm-style.com\/sr\/wp-content\/uploads\/2020\/04\/Beogradski-Dnevnik-Avala-verni-\u010duvar-istorije-iz-oblaka...1.jpg\" alt=\"\" class=\"wp-image-5499\" srcset=\"https:\/\/mrm-style.com\/sr\/wp-content\/uploads\/2020\/04\/Beogradski-Dnevnik-Avala-verni-\u010duvar-istorije-iz-oblaka...1.jpg 1134w, https:\/\/mrm-style.com\/sr\/wp-content\/uploads\/2020\/04\/Beogradski-Dnevnik-Avala-verni-\u010duvar-istorije-iz-oblaka...1-200x300.jpg 200w, https:\/\/mrm-style.com\/sr\/wp-content\/uploads\/2020\/04\/Beogradski-Dnevnik-Avala-verni-\u010duvar-istorije-iz-oblaka...1-683x1024.jpg 683w, https:\/\/mrm-style.com\/sr\/wp-content\/uploads\/2020\/04\/Beogradski-Dnevnik-Avala-verni-\u010duvar-istorije-iz-oblaka...1-768x1151.jpg 768w, https:\/\/mrm-style.com\/sr\/wp-content\/uploads\/2020\/04\/Beogradski-Dnevnik-Avala-verni-\u010duvar-istorije-iz-oblaka...1-1025x1536.jpg 1025w, https:\/\/mrm-style.com\/sr\/wp-content\/uploads\/2020\/04\/Beogradski-Dnevnik-Avala-verni-\u010duvar-istorije-iz-oblaka...1-800x1199.jpg 800w, https:\/\/mrm-style.com\/sr\/wp-content\/uploads\/2020\/04\/Beogradski-Dnevnik-Avala-verni-\u010duvar-istorije-iz-oblaka...1-550x825.jpg 550w, https:\/\/mrm-style.com\/sr\/wp-content\/uploads\/2020\/04\/Beogradski-Dnevnik-Avala-verni-\u010duvar-istorije-iz-oblaka...1-720x1080.jpg 720w, https:\/\/mrm-style.com\/sr\/wp-content\/uploads\/2020\/04\/Beogradski-Dnevnik-Avala-verni-\u010duvar-istorije-iz-oblaka...1-400x600.jpg 400w\" sizes=\"auto, (max-width: 1134px) 100vw, 1134px\" \/><\/a><\/figure><\/div>\n\n\n\n<p>U mojim prethodnim postovima potrudio sam se da prvenstveno zbog ljudi koji su \u017eeleli da saznaju ne\u0161to vi\u0161e o znamenitostima Beograda poput <strong><em><a href=\"https:\/\/mrm-style.com\/sr\/urbana-prolecna-elegancija-na-gardosu\/\">Kule na Gardo\u0161u<\/a><\/em><\/strong> koja \u010dini srce Zemuna na obali Dunava i <em><strong><a href=\"https:\/\/mrm-style.com\/sr\/beogradski-dnevnik-topciderski-park-oaza-mira-kneza-milosa-obrenovica\/\">Top\u010diderskog Parka<\/a><\/strong><\/em> koji je ostao poznat kao omiljena zelena oaza Kneza Milo\u0161a Obrenovi\u0107a. Danas sam \u017eeleo da vam predstavim najpoznatiju beogradsku &#8220;planinu&#8221;. <\/p>\n\n\n\n<p>Avala je brdo koje se nalazi u jugoisto\u010dnom delu Beograda i na samo nepunih 16 kilometara od srca grada imate priliku da u\u017eivate u izuzetnom pogledu na Beograd, Vojvodinu i \u0160umadiju. Najpoznatija beogradska &#8220;planina&#8221; je visoka 511 metara. <\/p>\n\n\n\n<div class=\"wp-block-image\"><figure class=\"aligncenter size-full\"><a href=\"https:\/\/mrm-style.com\/sr\/wp-content\/uploads\/2020\/04\/Beogradski-Dnevnik-Avala-verni-\u010duvar-istorije-iz-oblaka...3.jpg\"><img loading=\"lazy\" decoding=\"async\" width=\"1134\" height=\"1700\" src=\"https:\/\/mrm-style.com\/sr\/wp-content\/uploads\/2020\/04\/Beogradski-Dnevnik-Avala-verni-\u010duvar-istorije-iz-oblaka...3.jpg\" alt=\"\" class=\"wp-image-5501\" srcset=\"https:\/\/mrm-style.com\/sr\/wp-content\/uploads\/2020\/04\/Beogradski-Dnevnik-Avala-verni-\u010duvar-istorije-iz-oblaka...3.jpg 1134w, https:\/\/mrm-style.com\/sr\/wp-content\/uploads\/2020\/04\/Beogradski-Dnevnik-Avala-verni-\u010duvar-istorije-iz-oblaka...3-200x300.jpg 200w, https:\/\/mrm-style.com\/sr\/wp-content\/uploads\/2020\/04\/Beogradski-Dnevnik-Avala-verni-\u010duvar-istorije-iz-oblaka...3-683x1024.jpg 683w, https:\/\/mrm-style.com\/sr\/wp-content\/uploads\/2020\/04\/Beogradski-Dnevnik-Avala-verni-\u010duvar-istorije-iz-oblaka...3-768x1151.jpg 768w, https:\/\/mrm-style.com\/sr\/wp-content\/uploads\/2020\/04\/Beogradski-Dnevnik-Avala-verni-\u010duvar-istorije-iz-oblaka...3-1025x1536.jpg 1025w, https:\/\/mrm-style.com\/sr\/wp-content\/uploads\/2020\/04\/Beogradski-Dnevnik-Avala-verni-\u010duvar-istorije-iz-oblaka...3-800x1199.jpg 800w, https:\/\/mrm-style.com\/sr\/wp-content\/uploads\/2020\/04\/Beogradski-Dnevnik-Avala-verni-\u010duvar-istorije-iz-oblaka...3-550x825.jpg 550w, https:\/\/mrm-style.com\/sr\/wp-content\/uploads\/2020\/04\/Beogradski-Dnevnik-Avala-verni-\u010duvar-istorije-iz-oblaka...3-720x1080.jpg 720w, https:\/\/mrm-style.com\/sr\/wp-content\/uploads\/2020\/04\/Beogradski-Dnevnik-Avala-verni-\u010duvar-istorije-iz-oblaka...3-400x600.jpg 400w\" sizes=\"auto, (max-width: 1134px) 100vw, 1134px\" \/><\/a><\/figure><\/div>\n\n\n\n<p>U srednjem veku, grad \u017drnov ili &#8220;Avalski Grad&#8221; je bio sme\u0161ten na samom vrhu Avale. U 15. veku \u017drnov je bio osvojen i pod opsadom Otomanske imperije koja je sagradila potpuno novi grad i preimenovala ga u &#8220;Havale&#8221;, re\u010d koja poti\u010de iz arapskog jezika i zna\u010di prepreka. <\/p>\n\n\n\n<p>Avala se od 1859. godine nalazi na listi za\u0161ti\u0107enih dobara kao prirodni spomenik i lokalitet od izuzetnog kultorolo\u0161kog i istorijskog zna\u010daja grada Beograda. Avala je tek 2007. godine u\u0161la u krug za\u0161ti\u0107enih zelenih povr\u0161ina grada Beograda.<\/p>\n\n\n\n<div class=\"wp-block-image\"><figure class=\"aligncenter size-full\"><a href=\"https:\/\/mrm-style.com\/sr\/wp-content\/uploads\/2020\/04\/Beogradski-Dnevnik-Avala-verni-\u010duvar-istorije-iz-oblaka...4.jpg\"><img loading=\"lazy\" decoding=\"async\" width=\"2500\" height=\"1622\" src=\"https:\/\/mrm-style.com\/sr\/wp-content\/uploads\/2020\/04\/Beogradski-Dnevnik-Avala-verni-\u010duvar-istorije-iz-oblaka...4.jpg\" alt=\"\" class=\"wp-image-5502\" srcset=\"https:\/\/mrm-style.com\/sr\/wp-content\/uploads\/2020\/04\/Beogradski-Dnevnik-Avala-verni-\u010duvar-istorije-iz-oblaka...4.jpg 2500w, https:\/\/mrm-style.com\/sr\/wp-content\/uploads\/2020\/04\/Beogradski-Dnevnik-Avala-verni-\u010duvar-istorije-iz-oblaka...4-300x195.jpg 300w, https:\/\/mrm-style.com\/sr\/wp-content\/uploads\/2020\/04\/Beogradski-Dnevnik-Avala-verni-\u010duvar-istorije-iz-oblaka...4-1024x664.jpg 1024w, https:\/\/mrm-style.com\/sr\/wp-content\/uploads\/2020\/04\/Beogradski-Dnevnik-Avala-verni-\u010duvar-istorije-iz-oblaka...4-768x498.jpg 768w, https:\/\/mrm-style.com\/sr\/wp-content\/uploads\/2020\/04\/Beogradski-Dnevnik-Avala-verni-\u010duvar-istorije-iz-oblaka...4-1536x997.jpg 1536w, https:\/\/mrm-style.com\/sr\/wp-content\/uploads\/2020\/04\/Beogradski-Dnevnik-Avala-verni-\u010duvar-istorije-iz-oblaka...4-2048x1329.jpg 2048w, https:\/\/mrm-style.com\/sr\/wp-content\/uploads\/2020\/04\/Beogradski-Dnevnik-Avala-verni-\u010duvar-istorije-iz-oblaka...4-1440x934.jpg 1440w, https:\/\/mrm-style.com\/sr\/wp-content\/uploads\/2020\/04\/Beogradski-Dnevnik-Avala-verni-\u010duvar-istorije-iz-oblaka...4-800x519.jpg 800w, https:\/\/mrm-style.com\/sr\/wp-content\/uploads\/2020\/04\/Beogradski-Dnevnik-Avala-verni-\u010duvar-istorije-iz-oblaka...4-550x357.jpg 550w, https:\/\/mrm-style.com\/sr\/wp-content\/uploads\/2020\/04\/Beogradski-Dnevnik-Avala-verni-\u010duvar-istorije-iz-oblaka...4-1920x1246.jpg 1920w, https:\/\/mrm-style.com\/sr\/wp-content\/uploads\/2020\/04\/Beogradski-Dnevnik-Avala-verni-\u010duvar-istorije-iz-oblaka...4-1665x1080.jpg 1665w, https:\/\/mrm-style.com\/sr\/wp-content\/uploads\/2020\/04\/Beogradski-Dnevnik-Avala-verni-\u010duvar-istorije-iz-oblaka...4-925x600.jpg 925w\" sizes=\"auto, (max-width: 2500px) 100vw, 2500px\" \/><\/a><\/figure><\/div>\n\n\n\n<p>Planina je progla\u0161ena nacionalnim parkom 1936. godine. Nekoliko godina kasnije, Avali je dodeljen status javnog dobra od op\u0161teg interesa i uprava je bila dodeljena vladi Republike Srbije. Sredinom \u0161esdesetih godina, ta\u010dnije 1965. godine izgra\u0111en je 202 metra visok Avalski toranj, jedna od najvi\u0161ih gra\u0111evina na Balkanu. Toranj je na\u017ealost uni\u0161ten u NATO bombardovanju Srbije 1999. godine. <\/p>\n\n\n\n<div class=\"wp-block-image\"><figure class=\"aligncenter size-full\"><a href=\"https:\/\/mrm-style.com\/sr\/wp-content\/uploads\/2020\/04\/Beogradski-Dnevnik-Avala-verni-\u010duvar-istorije-iz-oblaka...6.jpg\"><img loading=\"lazy\" decoding=\"async\" width=\"1260\" height=\"1700\" src=\"https:\/\/mrm-style.com\/sr\/wp-content\/uploads\/2020\/04\/Beogradski-Dnevnik-Avala-verni-\u010duvar-istorije-iz-oblaka...6.jpg\" alt=\"\" class=\"wp-image-5504\" srcset=\"https:\/\/mrm-style.com\/sr\/wp-content\/uploads\/2020\/04\/Beogradski-Dnevnik-Avala-verni-\u010duvar-istorije-iz-oblaka...6.jpg 1260w, https:\/\/mrm-style.com\/sr\/wp-content\/uploads\/2020\/04\/Beogradski-Dnevnik-Avala-verni-\u010duvar-istorije-iz-oblaka...6-222x300.jpg 222w, https:\/\/mrm-style.com\/sr\/wp-content\/uploads\/2020\/04\/Beogradski-Dnevnik-Avala-verni-\u010duvar-istorije-iz-oblaka...6-759x1024.jpg 759w, https:\/\/mrm-style.com\/sr\/wp-content\/uploads\/2020\/04\/Beogradski-Dnevnik-Avala-verni-\u010duvar-istorije-iz-oblaka...6-768x1036.jpg 768w, https:\/\/mrm-style.com\/sr\/wp-content\/uploads\/2020\/04\/Beogradski-Dnevnik-Avala-verni-\u010duvar-istorije-iz-oblaka...6-1138x1536.jpg 1138w, https:\/\/mrm-style.com\/sr\/wp-content\/uploads\/2020\/04\/Beogradski-Dnevnik-Avala-verni-\u010duvar-istorije-iz-oblaka...6-800x1080.jpg 800w, https:\/\/mrm-style.com\/sr\/wp-content\/uploads\/2020\/04\/Beogradski-Dnevnik-Avala-verni-\u010duvar-istorije-iz-oblaka...6-550x742.jpg 550w, https:\/\/mrm-style.com\/sr\/wp-content\/uploads\/2020\/04\/Beogradski-Dnevnik-Avala-verni-\u010duvar-istorije-iz-oblaka...6-445x600.jpg 445w\" sizes=\"auto, (max-width: 1260px) 100vw, 1260px\" \/><\/a><\/figure><\/div>\n\n\n\n<p>Sre\u0107om, odlukom Vlade rekonstrukcija je zapo\u010deta 2006. godine, a zvani\u010dno novi Avalski toranj je otvoren za javnost 21. aprila 2010. godine. Novi toranj je verna kopija uni\u0161tenog i Avala je jo\u0161 jednom dobila priliku da potvrdi svoju titulu najpoznatijeg izleti\u0161ta Beogra\u0111ana.&nbsp;<\/p>\n\n\n\n<p>Na Avali se mogu prona\u0107i i Spomenik Neznanom junaku, Spomenik sovjetskim ratnim veteranima, Memorijalni park, Spomenik Vasi \u010carapi\u0107u.<\/p>\n\n\n\n<div class=\"wp-block-image\"><figure class=\"aligncenter size-full\"><a href=\"https:\/\/mrm-style.com\/sr\/wp-content\/uploads\/2020\/04\/Beogradski-Dnevnik-Avala-verni-\u010duvar-istorije-iz-oblaka...5.jpg\"><img loading=\"lazy\" decoding=\"async\" width=\"2500\" height=\"1641\" src=\"https:\/\/mrm-style.com\/sr\/wp-content\/uploads\/2020\/04\/Beogradski-Dnevnik-Avala-verni-\u010duvar-istorije-iz-oblaka...5.jpg\" alt=\"\" class=\"wp-image-5503\" srcset=\"https:\/\/mrm-style.com\/sr\/wp-content\/uploads\/2020\/04\/Beogradski-Dnevnik-Avala-verni-\u010duvar-istorije-iz-oblaka...5.jpg 2500w, https:\/\/mrm-style.com\/sr\/wp-content\/uploads\/2020\/04\/Beogradski-Dnevnik-Avala-verni-\u010duvar-istorije-iz-oblaka...5-300x197.jpg 300w, https:\/\/mrm-style.com\/sr\/wp-content\/uploads\/2020\/04\/Beogradski-Dnevnik-Avala-verni-\u010duvar-istorije-iz-oblaka...5-1024x672.jpg 1024w, https:\/\/mrm-style.com\/sr\/wp-content\/uploads\/2020\/04\/Beogradski-Dnevnik-Avala-verni-\u010duvar-istorije-iz-oblaka...5-768x504.jpg 768w, https:\/\/mrm-style.com\/sr\/wp-content\/uploads\/2020\/04\/Beogradski-Dnevnik-Avala-verni-\u010duvar-istorije-iz-oblaka...5-1536x1008.jpg 1536w, https:\/\/mrm-style.com\/sr\/wp-content\/uploads\/2020\/04\/Beogradski-Dnevnik-Avala-verni-\u010duvar-istorije-iz-oblaka...5-2048x1344.jpg 2048w, https:\/\/mrm-style.com\/sr\/wp-content\/uploads\/2020\/04\/Beogradski-Dnevnik-Avala-verni-\u010duvar-istorije-iz-oblaka...5-1440x945.jpg 1440w, https:\/\/mrm-style.com\/sr\/wp-content\/uploads\/2020\/04\/Beogradski-Dnevnik-Avala-verni-\u010duvar-istorije-iz-oblaka...5-800x525.jpg 800w, https:\/\/mrm-style.com\/sr\/wp-content\/uploads\/2020\/04\/Beogradski-Dnevnik-Avala-verni-\u010duvar-istorije-iz-oblaka...5-550x362.jpg 550w, https:\/\/mrm-style.com\/sr\/wp-content\/uploads\/2020\/04\/Beogradski-Dnevnik-Avala-verni-\u010duvar-istorije-iz-oblaka...5-1920x1260.jpg 1920w, https:\/\/mrm-style.com\/sr\/wp-content\/uploads\/2020\/04\/Beogradski-Dnevnik-Avala-verni-\u010duvar-istorije-iz-oblaka...5-1645x1080.jpg 1645w, https:\/\/mrm-style.com\/sr\/wp-content\/uploads\/2020\/04\/Beogradski-Dnevnik-Avala-verni-\u010duvar-istorije-iz-oblaka...5-914x600.jpg 914w\" sizes=\"auto, (max-width: 2500px) 100vw, 2500px\" \/><\/a><\/figure><\/div>\n\n\n\n<p>Predivna \u0161uma, obnovljeni toranj i Spomenik Neznanom Junaku su neosporno simboli dana\u0161nje Avale, me\u0111utim, malo ljudi zna da je na temeljima Spomenika neznanom junaku nekada stajala veoma dobro o\u010duvana tvr\u0111ava srednjovekovnog grada \u017drnova.<\/p>\n\n\n\n<p>Po \u017eelji i naredbi kralja, ostaci utvr\u0111enja su uni\u0161teni dinamitom sa \u017eeljom da se na ostacima podigne novi Spomenik neznanom junaku. Vodila se javna polemika za\u0161to je kralj Aleksandar doneo takvu odluku, ali se nije do\u0161lo do pravog zaklju\u010dka. \u017deleo bih da sa vama podelim \u010dinjenicu da je u to vreme, nedaleko od novog, ve\u0107 postojao Spomenik neznanom junaku, ali je i on sru\u0161en. Od njega je ostao samo krst koji se danas nalazi u crkvi u Belom Potoku.<\/p>\n\n\n\n<div class=\"wp-block-image\"><figure class=\"aligncenter size-full\"><a href=\"https:\/\/mrm-style.com\/sr\/wp-content\/uploads\/2020\/04\/Beogradski-Dnevnik-Avala-verni-\u010duvar-istorije-iz-oblaka...10.jpg\"><img loading=\"lazy\" decoding=\"async\" width=\"2500\" height=\"1668\" src=\"https:\/\/mrm-style.com\/sr\/wp-content\/uploads\/2020\/04\/Beogradski-Dnevnik-Avala-verni-\u010duvar-istorije-iz-oblaka...10.jpg\" alt=\"\" class=\"wp-image-5508\" srcset=\"https:\/\/mrm-style.com\/sr\/wp-content\/uploads\/2020\/04\/Beogradski-Dnevnik-Avala-verni-\u010duvar-istorije-iz-oblaka...10.jpg 2500w, https:\/\/mrm-style.com\/sr\/wp-content\/uploads\/2020\/04\/Beogradski-Dnevnik-Avala-verni-\u010duvar-istorije-iz-oblaka...10-300x200.jpg 300w, https:\/\/mrm-style.com\/sr\/wp-content\/uploads\/2020\/04\/Beogradski-Dnevnik-Avala-verni-\u010duvar-istorije-iz-oblaka...10-1024x683.jpg 1024w, https:\/\/mrm-style.com\/sr\/wp-content\/uploads\/2020\/04\/Beogradski-Dnevnik-Avala-verni-\u010duvar-istorije-iz-oblaka...10-768x512.jpg 768w, https:\/\/mrm-style.com\/sr\/wp-content\/uploads\/2020\/04\/Beogradski-Dnevnik-Avala-verni-\u010duvar-istorije-iz-oblaka...10-1536x1025.jpg 1536w, https:\/\/mrm-style.com\/sr\/wp-content\/uploads\/2020\/04\/Beogradski-Dnevnik-Avala-verni-\u010duvar-istorije-iz-oblaka...10-2048x1366.jpg 2048w, https:\/\/mrm-style.com\/sr\/wp-content\/uploads\/2020\/04\/Beogradski-Dnevnik-Avala-verni-\u010duvar-istorije-iz-oblaka...10-1440x961.jpg 1440w, https:\/\/mrm-style.com\/sr\/wp-content\/uploads\/2020\/04\/Beogradski-Dnevnik-Avala-verni-\u010duvar-istorije-iz-oblaka...10-800x534.jpg 800w, https:\/\/mrm-style.com\/sr\/wp-content\/uploads\/2020\/04\/Beogradski-Dnevnik-Avala-verni-\u010duvar-istorije-iz-oblaka...10-550x367.jpg 550w, https:\/\/mrm-style.com\/sr\/wp-content\/uploads\/2020\/04\/Beogradski-Dnevnik-Avala-verni-\u010duvar-istorije-iz-oblaka...10-1920x1281.jpg 1920w, https:\/\/mrm-style.com\/sr\/wp-content\/uploads\/2020\/04\/Beogradski-Dnevnik-Avala-verni-\u010duvar-istorije-iz-oblaka...10-1619x1080.jpg 1619w, https:\/\/mrm-style.com\/sr\/wp-content\/uploads\/2020\/04\/Beogradski-Dnevnik-Avala-verni-\u010duvar-istorije-iz-oblaka...10-899x600.jpg 899w\" sizes=\"auto, (max-width: 2500px) 100vw, 2500px\" \/><\/a><\/figure><\/div>\n\n\n\n<p>Novi spomenik neznanom junaku, na vrhu beogradske planine Avala simboli\u0161e veliko stradanje jedne zemlje. Da li ste se nekada zapitali ko je Neznani junak koji po\u010diva na Avali? <\/p>\n\n\n\n<p>To je jedan de\u010dak kojem je detinjstvo nasilno prekinuto 1915. godine kada ga je pogodila granata. Skulptor Ivan Me\u0161trovi\u0107 je hteo da prika\u017ee simbol petovekovnog ropstva pod Turcima sa skulpturama koje ozna\u010davaju razli\u010dite nacionalnosti biv\u0161ih republika u staroj Jugoslaviji&#8230;<\/p>\n\n\n\n<div class=\"wp-block-image\"><figure class=\"aligncenter size-full\"><a href=\"https:\/\/mrm-style.com\/sr\/wp-content\/uploads\/2020\/04\/Beogradski-Dnevnik-Avala-verni-\u010duvar-istorije-iz-oblaka...11.jpg\"><img loading=\"lazy\" decoding=\"async\" width=\"1134\" height=\"1700\" src=\"https:\/\/mrm-style.com\/sr\/wp-content\/uploads\/2020\/04\/Beogradski-Dnevnik-Avala-verni-\u010duvar-istorije-iz-oblaka...11.jpg\" alt=\"\" class=\"wp-image-5509\" srcset=\"https:\/\/mrm-style.com\/sr\/wp-content\/uploads\/2020\/04\/Beogradski-Dnevnik-Avala-verni-\u010duvar-istorije-iz-oblaka...11.jpg 1134w, https:\/\/mrm-style.com\/sr\/wp-content\/uploads\/2020\/04\/Beogradski-Dnevnik-Avala-verni-\u010duvar-istorije-iz-oblaka...11-200x300.jpg 200w, https:\/\/mrm-style.com\/sr\/wp-content\/uploads\/2020\/04\/Beogradski-Dnevnik-Avala-verni-\u010duvar-istorije-iz-oblaka...11-683x1024.jpg 683w, https:\/\/mrm-style.com\/sr\/wp-content\/uploads\/2020\/04\/Beogradski-Dnevnik-Avala-verni-\u010duvar-istorije-iz-oblaka...11-768x1151.jpg 768w, https:\/\/mrm-style.com\/sr\/wp-content\/uploads\/2020\/04\/Beogradski-Dnevnik-Avala-verni-\u010duvar-istorije-iz-oblaka...11-1025x1536.jpg 1025w, https:\/\/mrm-style.com\/sr\/wp-content\/uploads\/2020\/04\/Beogradski-Dnevnik-Avala-verni-\u010duvar-istorije-iz-oblaka...11-800x1199.jpg 800w, https:\/\/mrm-style.com\/sr\/wp-content\/uploads\/2020\/04\/Beogradski-Dnevnik-Avala-verni-\u010duvar-istorije-iz-oblaka...11-550x825.jpg 550w, https:\/\/mrm-style.com\/sr\/wp-content\/uploads\/2020\/04\/Beogradski-Dnevnik-Avala-verni-\u010duvar-istorije-iz-oblaka...11-720x1080.jpg 720w, https:\/\/mrm-style.com\/sr\/wp-content\/uploads\/2020\/04\/Beogradski-Dnevnik-Avala-verni-\u010duvar-istorije-iz-oblaka...11-400x600.jpg 400w\" sizes=\"auto, (max-width: 1134px) 100vw, 1134px\" \/><\/a><\/figure><\/div>\n\n\n\n<p>S druge strane mnogi veruju da je spomenik Neznanom Junaku upotrebljen ne da bi se dao zvani\u010dan smisao tajanstvenom junaku, nego da se naki\u0107enim brojnim masonskim simbolima prika\u017ee srpska istorija. Mnogi i danas veruju da su kralj Aleksandar i Ivan Me\u0161trovi\u0107 bili masoni.<\/p>\n\n\n\n<div class=\"wp-block-image\"><figure class=\"aligncenter size-full\"><a href=\"https:\/\/mrm-style.com\/sr\/wp-content\/uploads\/2020\/04\/Beogradski-Dnevnik-Avala-verni-\u010duvar-istorije-iz-oblaka...9.jpg\"><img loading=\"lazy\" decoding=\"async\" width=\"2500\" height=\"1668\" src=\"https:\/\/mrm-style.com\/sr\/wp-content\/uploads\/2020\/04\/Beogradski-Dnevnik-Avala-verni-\u010duvar-istorije-iz-oblaka...9.jpg\" alt=\"\" class=\"wp-image-5507\" srcset=\"https:\/\/mrm-style.com\/sr\/wp-content\/uploads\/2020\/04\/Beogradski-Dnevnik-Avala-verni-\u010duvar-istorije-iz-oblaka...9.jpg 2500w, https:\/\/mrm-style.com\/sr\/wp-content\/uploads\/2020\/04\/Beogradski-Dnevnik-Avala-verni-\u010duvar-istorije-iz-oblaka...9-300x200.jpg 300w, https:\/\/mrm-style.com\/sr\/wp-content\/uploads\/2020\/04\/Beogradski-Dnevnik-Avala-verni-\u010duvar-istorije-iz-oblaka...9-1024x683.jpg 1024w, https:\/\/mrm-style.com\/sr\/wp-content\/uploads\/2020\/04\/Beogradski-Dnevnik-Avala-verni-\u010duvar-istorije-iz-oblaka...9-768x512.jpg 768w, https:\/\/mrm-style.com\/sr\/wp-content\/uploads\/2020\/04\/Beogradski-Dnevnik-Avala-verni-\u010duvar-istorije-iz-oblaka...9-1536x1025.jpg 1536w, https:\/\/mrm-style.com\/sr\/wp-content\/uploads\/2020\/04\/Beogradski-Dnevnik-Avala-verni-\u010duvar-istorije-iz-oblaka...9-2048x1366.jpg 2048w, https:\/\/mrm-style.com\/sr\/wp-content\/uploads\/2020\/04\/Beogradski-Dnevnik-Avala-verni-\u010duvar-istorije-iz-oblaka...9-1440x961.jpg 1440w, https:\/\/mrm-style.com\/sr\/wp-content\/uploads\/2020\/04\/Beogradski-Dnevnik-Avala-verni-\u010duvar-istorije-iz-oblaka...9-800x534.jpg 800w, https:\/\/mrm-style.com\/sr\/wp-content\/uploads\/2020\/04\/Beogradski-Dnevnik-Avala-verni-\u010duvar-istorije-iz-oblaka...9-550x367.jpg 550w, https:\/\/mrm-style.com\/sr\/wp-content\/uploads\/2020\/04\/Beogradski-Dnevnik-Avala-verni-\u010duvar-istorije-iz-oblaka...9-1920x1281.jpg 1920w, https:\/\/mrm-style.com\/sr\/wp-content\/uploads\/2020\/04\/Beogradski-Dnevnik-Avala-verni-\u010duvar-istorije-iz-oblaka...9-1619x1080.jpg 1619w, https:\/\/mrm-style.com\/sr\/wp-content\/uploads\/2020\/04\/Beogradski-Dnevnik-Avala-verni-\u010duvar-istorije-iz-oblaka...9-899x600.jpg 899w\" sizes=\"auto, (max-width: 2500px) 100vw, 2500px\" \/><\/a><\/figure><\/div>\n\n\n\n<p>Da li je Spomenik neznanom junaku, u stvari grandiozni masonski simbol izgra\u0111en iz nama nepoznatih razloga, ili kako mnogi veruju, to samo jedna potvrda privr\u017eenosti ideji ujedinjenja, kojom je kralj Aleksandar Kara\u0111or\u0111evi\u0107 poku\u0161ao da doka\u017ee svoju odanost Jugoslovenima&#8230; To je tajna koju \u0107emo mo\u017eda uspeti da saznamo, ali jedno je neminovno Avala je simbol Beograda kojim se mo\u017eemo ponositi.<\/p>\n\n\n\n<div class=\"wp-block-image\"><figure class=\"aligncenter size-full\"><a href=\"https:\/\/mrm-style.com\/sr\/wp-content\/uploads\/2020\/04\/Beogradski-Dnevnik-Avala-verni-\u010duvar-istorije-iz-oblaka...7.jpg\"><img loading=\"lazy\" decoding=\"async\" width=\"2500\" height=\"1668\" src=\"https:\/\/mrm-style.com\/sr\/wp-content\/uploads\/2020\/04\/Beogradski-Dnevnik-Avala-verni-\u010duvar-istorije-iz-oblaka...7.jpg\" alt=\"\" class=\"wp-image-5505\" srcset=\"https:\/\/mrm-style.com\/sr\/wp-content\/uploads\/2020\/04\/Beogradski-Dnevnik-Avala-verni-\u010duvar-istorije-iz-oblaka...7.jpg 2500w, https:\/\/mrm-style.com\/sr\/wp-content\/uploads\/2020\/04\/Beogradski-Dnevnik-Avala-verni-\u010duvar-istorije-iz-oblaka...7-300x200.jpg 300w, https:\/\/mrm-style.com\/sr\/wp-content\/uploads\/2020\/04\/Beogradski-Dnevnik-Avala-verni-\u010duvar-istorije-iz-oblaka...7-1024x683.jpg 1024w, https:\/\/mrm-style.com\/sr\/wp-content\/uploads\/2020\/04\/Beogradski-Dnevnik-Avala-verni-\u010duvar-istorije-iz-oblaka...7-768x512.jpg 768w, https:\/\/mrm-style.com\/sr\/wp-content\/uploads\/2020\/04\/Beogradski-Dnevnik-Avala-verni-\u010duvar-istorije-iz-oblaka...7-1536x1025.jpg 1536w, https:\/\/mrm-style.com\/sr\/wp-content\/uploads\/2020\/04\/Beogradski-Dnevnik-Avala-verni-\u010duvar-istorije-iz-oblaka...7-2048x1366.jpg 2048w, https:\/\/mrm-style.com\/sr\/wp-content\/uploads\/2020\/04\/Beogradski-Dnevnik-Avala-verni-\u010duvar-istorije-iz-oblaka...7-1440x961.jpg 1440w, https:\/\/mrm-style.com\/sr\/wp-content\/uploads\/2020\/04\/Beogradski-Dnevnik-Avala-verni-\u010duvar-istorije-iz-oblaka...7-800x534.jpg 800w, https:\/\/mrm-style.com\/sr\/wp-content\/uploads\/2020\/04\/Beogradski-Dnevnik-Avala-verni-\u010duvar-istorije-iz-oblaka...7-550x367.jpg 550w, https:\/\/mrm-style.com\/sr\/wp-content\/uploads\/2020\/04\/Beogradski-Dnevnik-Avala-verni-\u010duvar-istorije-iz-oblaka...7-1920x1281.jpg 1920w, https:\/\/mrm-style.com\/sr\/wp-content\/uploads\/2020\/04\/Beogradski-Dnevnik-Avala-verni-\u010duvar-istorije-iz-oblaka...7-1619x1080.jpg 1619w, https:\/\/mrm-style.com\/sr\/wp-content\/uploads\/2020\/04\/Beogradski-Dnevnik-Avala-verni-\u010duvar-istorije-iz-oblaka...7-899x600.jpg 899w\" sizes=\"auto, (max-width: 2500px) 100vw, 2500px\" \/><\/a><\/figure><\/div>\n\n\n\n<p>Ja \u0107u re\u0107i da sam pametno iskoristio jedan dan i da sam imao priliku da saznam ne\u0161to vi\u0161e o Avali. Kao i u pro\u0161lim postovima nakon &#8220;\u0161etnje&#8221; kroz istoriju moram vam ne\u0161to malo re\u0107i o mojoj odevnoj kombinaciji.<\/p>\n\n\n\n<p>Kada ste bloger uvek vam bude velika \u010dast i ose\u0107ate neizmernu sre\u0107u i zadovoljstvo kada dobijete poziv za saradnju sa brendom koji godinama gradi svoju pri\u010du i pozove ba\u0161 vas da budete i vi deo te modne porodice. Ne znam da li ste \u010duli za brend <strong><em><a href=\"https:\/\/www.wellensteyn.com\">WELLENSTEYN<\/a><\/em><\/strong>, ali to je jedan od poznatijih luksuznih nema\u010dkih modnih brendova. Mo\u017eda ga ve\u0107 nosite godinama, ali da li znate pri\u010du koja stoji iza ove marke? <\/p>\n\n\n\n<div class=\"wp-block-image\"><figure class=\"aligncenter size-full\"><a href=\"https:\/\/mrm-style.com\/sr\/wp-content\/uploads\/2020\/04\/Beogradski-Dnevnik-Avala-verni-\u010duvar-istorije-iz-oblaka...8.jpg\"><img loading=\"lazy\" decoding=\"async\" width=\"1134\" height=\"1700\" src=\"https:\/\/mrm-style.com\/sr\/wp-content\/uploads\/2020\/04\/Beogradski-Dnevnik-Avala-verni-\u010duvar-istorije-iz-oblaka...8.jpg\" alt=\"\" class=\"wp-image-5506\" srcset=\"https:\/\/mrm-style.com\/sr\/wp-content\/uploads\/2020\/04\/Beogradski-Dnevnik-Avala-verni-\u010duvar-istorije-iz-oblaka...8.jpg 1134w, https:\/\/mrm-style.com\/sr\/wp-content\/uploads\/2020\/04\/Beogradski-Dnevnik-Avala-verni-\u010duvar-istorije-iz-oblaka...8-200x300.jpg 200w, https:\/\/mrm-style.com\/sr\/wp-content\/uploads\/2020\/04\/Beogradski-Dnevnik-Avala-verni-\u010duvar-istorije-iz-oblaka...8-683x1024.jpg 683w, https:\/\/mrm-style.com\/sr\/wp-content\/uploads\/2020\/04\/Beogradski-Dnevnik-Avala-verni-\u010duvar-istorije-iz-oblaka...8-768x1151.jpg 768w, https:\/\/mrm-style.com\/sr\/wp-content\/uploads\/2020\/04\/Beogradski-Dnevnik-Avala-verni-\u010duvar-istorije-iz-oblaka...8-1025x1536.jpg 1025w, https:\/\/mrm-style.com\/sr\/wp-content\/uploads\/2020\/04\/Beogradski-Dnevnik-Avala-verni-\u010duvar-istorije-iz-oblaka...8-800x1199.jpg 800w, https:\/\/mrm-style.com\/sr\/wp-content\/uploads\/2020\/04\/Beogradski-Dnevnik-Avala-verni-\u010duvar-istorije-iz-oblaka...8-550x825.jpg 550w, https:\/\/mrm-style.com\/sr\/wp-content\/uploads\/2020\/04\/Beogradski-Dnevnik-Avala-verni-\u010duvar-istorije-iz-oblaka...8-720x1080.jpg 720w, https:\/\/mrm-style.com\/sr\/wp-content\/uploads\/2020\/04\/Beogradski-Dnevnik-Avala-verni-\u010duvar-istorije-iz-oblaka...8-400x600.jpg 400w\" sizes=\"auto, (max-width: 1134px) 100vw, 1134px\" \/><\/a><\/figure><\/div>\n\n\n\n<p>Istorija brenda Wellensteyn zapo\u010dinje, negde oko 1960-ih godina u Nema\u010dkoj, ali danas se ovaj brend mo\u017ee videti u prodavnicama \u0161irom Sjedinjenih Dr\u017eava i Severne Amerike. <\/p>\n\n\n\n<p>Tada je, pre \u0161ezdeset godina, Adolf Wuttke bio proizvo\u0111a\u010d mehani\u010dkih instrumenata koji su se koristili za uranjanje u dubine Severnog mora. Uvek se trudio da bude blizak sa svojim kupcima, kako bi na pravi na\u010din otkrio oni \u0161ta \u017eele. Naravno uvek je bio rado vi\u0111en gost na pristani\u0161tima i brodogradili\u0161tima koja su svakodnevno koristila njegove instrumente. <\/p>\n\n\n\n<div class=\"wp-block-image\"><figure class=\"aligncenter size-full\"><a href=\"https:\/\/mrm-style.com\/sr\/wp-content\/uploads\/2020\/04\/Beogradski-Dnevnik-Avala-verni-\u010duvar-istorije-iz-oblaka...12.jpg\"><img loading=\"lazy\" decoding=\"async\" width=\"1134\" height=\"1700\" src=\"https:\/\/mrm-style.com\/sr\/wp-content\/uploads\/2020\/04\/Beogradski-Dnevnik-Avala-verni-\u010duvar-istorije-iz-oblaka...12.jpg\" alt=\"\" class=\"wp-image-5510\" srcset=\"https:\/\/mrm-style.com\/sr\/wp-content\/uploads\/2020\/04\/Beogradski-Dnevnik-Avala-verni-\u010duvar-istorije-iz-oblaka...12.jpg 1134w, https:\/\/mrm-style.com\/sr\/wp-content\/uploads\/2020\/04\/Beogradski-Dnevnik-Avala-verni-\u010duvar-istorije-iz-oblaka...12-200x300.jpg 200w, https:\/\/mrm-style.com\/sr\/wp-content\/uploads\/2020\/04\/Beogradski-Dnevnik-Avala-verni-\u010duvar-istorije-iz-oblaka...12-683x1024.jpg 683w, https:\/\/mrm-style.com\/sr\/wp-content\/uploads\/2020\/04\/Beogradski-Dnevnik-Avala-verni-\u010duvar-istorije-iz-oblaka...12-768x1151.jpg 768w, https:\/\/mrm-style.com\/sr\/wp-content\/uploads\/2020\/04\/Beogradski-Dnevnik-Avala-verni-\u010duvar-istorije-iz-oblaka...12-1025x1536.jpg 1025w, https:\/\/mrm-style.com\/sr\/wp-content\/uploads\/2020\/04\/Beogradski-Dnevnik-Avala-verni-\u010duvar-istorije-iz-oblaka...12-800x1199.jpg 800w, https:\/\/mrm-style.com\/sr\/wp-content\/uploads\/2020\/04\/Beogradski-Dnevnik-Avala-verni-\u010duvar-istorije-iz-oblaka...12-550x825.jpg 550w, https:\/\/mrm-style.com\/sr\/wp-content\/uploads\/2020\/04\/Beogradski-Dnevnik-Avala-verni-\u010duvar-istorije-iz-oblaka...12-720x1080.jpg 720w, https:\/\/mrm-style.com\/sr\/wp-content\/uploads\/2020\/04\/Beogradski-Dnevnik-Avala-verni-\u010duvar-istorije-iz-oblaka...12-400x600.jpg 400w\" sizes=\"auto, (max-width: 1134px) 100vw, 1134px\" \/><\/a><\/figure><\/div>\n\n\n\n<p>Nakon nekog vremena uo\u010dio je potrebu za adekvatnom radnom ode\u0107om koja ne\u0107e samo biti deo radne uniforme, ve\u0107 i da poseduje odre\u0111enu eleganciju. On nije \u017eeleo da stvori bilo kakvu ode\u0107u, njegova vizija je bila da proizvede najbolje jakne za mu\u0161karce. To je upravo ono \u0161to je uradio! <\/p>\n\n\n\n<p>Stvorio je pravu liniju stilskih jakni i kaputa koji su bili jedinstveni jer su bili izra\u0111eni od specijalnih voskiranih materijala koji \u0107e odli\u010dno podnositi vetar i ki\u0161u, a sa druge strane svakog radnika na pristani\u0161tu odr\u017eavati bezbednim, utopljenim od svih prirodnih nepogoda. <\/p>\n\n\n\n<div class=\"wp-block-image\"><figure class=\"aligncenter size-full\"><a href=\"https:\/\/mrm-style.com\/sr\/wp-content\/uploads\/2020\/04\/Beogradski-Dnevnik-Avala-verni-\u010duvar-istorije-iz-oblaka...13.jpg\"><img loading=\"lazy\" decoding=\"async\" width=\"1134\" height=\"1700\" src=\"https:\/\/mrm-style.com\/sr\/wp-content\/uploads\/2020\/04\/Beogradski-Dnevnik-Avala-verni-\u010duvar-istorije-iz-oblaka...13.jpg\" alt=\"\" class=\"wp-image-5511\" srcset=\"https:\/\/mrm-style.com\/sr\/wp-content\/uploads\/2020\/04\/Beogradski-Dnevnik-Avala-verni-\u010duvar-istorije-iz-oblaka...13.jpg 1134w, https:\/\/mrm-style.com\/sr\/wp-content\/uploads\/2020\/04\/Beogradski-Dnevnik-Avala-verni-\u010duvar-istorije-iz-oblaka...13-200x300.jpg 200w, https:\/\/mrm-style.com\/sr\/wp-content\/uploads\/2020\/04\/Beogradski-Dnevnik-Avala-verni-\u010duvar-istorije-iz-oblaka...13-683x1024.jpg 683w, https:\/\/mrm-style.com\/sr\/wp-content\/uploads\/2020\/04\/Beogradski-Dnevnik-Avala-verni-\u010duvar-istorije-iz-oblaka...13-768x1151.jpg 768w, https:\/\/mrm-style.com\/sr\/wp-content\/uploads\/2020\/04\/Beogradski-Dnevnik-Avala-verni-\u010duvar-istorije-iz-oblaka...13-1025x1536.jpg 1025w, https:\/\/mrm-style.com\/sr\/wp-content\/uploads\/2020\/04\/Beogradski-Dnevnik-Avala-verni-\u010duvar-istorije-iz-oblaka...13-800x1199.jpg 800w, https:\/\/mrm-style.com\/sr\/wp-content\/uploads\/2020\/04\/Beogradski-Dnevnik-Avala-verni-\u010duvar-istorije-iz-oblaka...13-550x825.jpg 550w, https:\/\/mrm-style.com\/sr\/wp-content\/uploads\/2020\/04\/Beogradski-Dnevnik-Avala-verni-\u010duvar-istorije-iz-oblaka...13-720x1080.jpg 720w, https:\/\/mrm-style.com\/sr\/wp-content\/uploads\/2020\/04\/Beogradski-Dnevnik-Avala-verni-\u010duvar-istorije-iz-oblaka...13-400x600.jpg 400w\" sizes=\"auto, (max-width: 1134px) 100vw, 1134px\" \/><\/a><\/figure><\/div>\n\n\n\n<p>Kompaniju je preuzeo Adolfov sin Tomas. Danas modni brend <em><strong><a href=\"https:\/\/www.wellensteyn.com\">Wellensteyn<\/a><\/strong><\/em> ima i \u017eensku kolekciju, sa vi\u0161e razli\u010ditih modela jakni koje \u0107e vam u svakom godi\u0161njem dobu pru\u017eiti izuzetan komfor i besprekornu eleganciju. Brend neguje stil funkcionalne elegancije, gde sam se ja odlu\u010dio da vam predstavim jedan model iz njihove nove kolekcije za Prole\u0107e-\u010ceto 2020. godine. U narednim postovima ima\u0107ete priliku da vidite jo\u0161 neke interesantne modele.<\/p>\n\n\n\n<div class=\"wp-block-image\"><figure class=\"aligncenter size-full\"><a href=\"https:\/\/mrm-style.com\/sr\/wp-content\/uploads\/2020\/04\/Beogradski-Dnevnik-Avala-verni-\u010duvar-istorije-iz-oblaka...14.jpg\"><img loading=\"lazy\" decoding=\"async\" width=\"2500\" height=\"1668\" src=\"https:\/\/mrm-style.com\/sr\/wp-content\/uploads\/2020\/04\/Beogradski-Dnevnik-Avala-verni-\u010duvar-istorije-iz-oblaka...14.jpg\" alt=\"\" class=\"wp-image-5512\" srcset=\"https:\/\/mrm-style.com\/sr\/wp-content\/uploads\/2020\/04\/Beogradski-Dnevnik-Avala-verni-\u010duvar-istorije-iz-oblaka...14.jpg 2500w, https:\/\/mrm-style.com\/sr\/wp-content\/uploads\/2020\/04\/Beogradski-Dnevnik-Avala-verni-\u010duvar-istorije-iz-oblaka...14-300x200.jpg 300w, https:\/\/mrm-style.com\/sr\/wp-content\/uploads\/2020\/04\/Beogradski-Dnevnik-Avala-verni-\u010duvar-istorije-iz-oblaka...14-1024x683.jpg 1024w, https:\/\/mrm-style.com\/sr\/wp-content\/uploads\/2020\/04\/Beogradski-Dnevnik-Avala-verni-\u010duvar-istorije-iz-oblaka...14-768x512.jpg 768w, https:\/\/mrm-style.com\/sr\/wp-content\/uploads\/2020\/04\/Beogradski-Dnevnik-Avala-verni-\u010duvar-istorije-iz-oblaka...14-1536x1025.jpg 1536w, https:\/\/mrm-style.com\/sr\/wp-content\/uploads\/2020\/04\/Beogradski-Dnevnik-Avala-verni-\u010duvar-istorije-iz-oblaka...14-2048x1366.jpg 2048w, https:\/\/mrm-style.com\/sr\/wp-content\/uploads\/2020\/04\/Beogradski-Dnevnik-Avala-verni-\u010duvar-istorije-iz-oblaka...14-1440x961.jpg 1440w, https:\/\/mrm-style.com\/sr\/wp-content\/uploads\/2020\/04\/Beogradski-Dnevnik-Avala-verni-\u010duvar-istorije-iz-oblaka...14-800x534.jpg 800w, https:\/\/mrm-style.com\/sr\/wp-content\/uploads\/2020\/04\/Beogradski-Dnevnik-Avala-verni-\u010duvar-istorije-iz-oblaka...14-550x367.jpg 550w, https:\/\/mrm-style.com\/sr\/wp-content\/uploads\/2020\/04\/Beogradski-Dnevnik-Avala-verni-\u010duvar-istorije-iz-oblaka...14-1920x1281.jpg 1920w, https:\/\/mrm-style.com\/sr\/wp-content\/uploads\/2020\/04\/Beogradski-Dnevnik-Avala-verni-\u010duvar-istorije-iz-oblaka...14-1619x1080.jpg 1619w, https:\/\/mrm-style.com\/sr\/wp-content\/uploads\/2020\/04\/Beogradski-Dnevnik-Avala-verni-\u010duvar-istorije-iz-oblaka...14-899x600.jpg 899w\" sizes=\"auto, (max-width: 2500px) 100vw, 2500px\" \/><\/a><\/figure><\/div>\n\n\n\n<h2 class=\"has-text-align-center wp-block-heading\"><strong>OUTFIT<\/strong><\/h2>\n\n\n\n<p class=\"has-text-align-center\"><em>Jakna:&nbsp;<\/em><strong><a href=\"https:\/\/www.wellensteyn.com\/page\/products\">Wellensteyn<\/a><\/strong><\/p>\n\n\n\n<p class=\"has-text-align-center\"><em>D\u017eemper:&nbsp;<\/em><strong><a href=\"https:\/\/de.loropiana.com\/en\/\">Loro Piana<\/a><\/strong><\/p>\n\n\n\n<p class=\"has-text-align-center\"><em>Pantalone:<\/em>&nbsp;<strong><a href=\"https:\/\/de.loropiana.com\/en\/\">Loro Piana<\/a><\/strong><\/p>\n\n\n\n<p class=\"has-text-align-center\"><em>Patike:<\/em>&nbsp;<strong><a href=\"https:\/\/www.tods.com\/ww-en\/home.html\">Tod&#8217;s<\/a><\/strong><\/p>\n\n\n\n<p>Kako se vama dopala ova moja modna kombinacija sa kojom sam obi\u0161ao najpoznatiju beogradsku planinu Avalu? Ovaj outfit sam spremao za vas sa dosta ljubavi i nadam se da vam se dopada! Ne\u0161to novo, ne\u0161to staro i napravi se jedan jedinstven balans.<\/p>\n\n\n\n<div class=\"wp-block-image\"><figure class=\"aligncenter size-full\"><a href=\"https:\/\/mrm-style.com\/sr\/wp-content\/uploads\/2020\/04\/Beogradski-Dnevnik-Avala-verni-\u010duvar-istorije-iz-oblaka...15.jpg\"><img loading=\"lazy\" decoding=\"async\" width=\"2500\" height=\"1640\" src=\"https:\/\/mrm-style.com\/sr\/wp-content\/uploads\/2020\/04\/Beogradski-Dnevnik-Avala-verni-\u010duvar-istorije-iz-oblaka...15.jpg\" alt=\"\" class=\"wp-image-5513\" srcset=\"https:\/\/mrm-style.com\/sr\/wp-content\/uploads\/2020\/04\/Beogradski-Dnevnik-Avala-verni-\u010duvar-istorije-iz-oblaka...15.jpg 2500w, https:\/\/mrm-style.com\/sr\/wp-content\/uploads\/2020\/04\/Beogradski-Dnevnik-Avala-verni-\u010duvar-istorije-iz-oblaka...15-300x197.jpg 300w, https:\/\/mrm-style.com\/sr\/wp-content\/uploads\/2020\/04\/Beogradski-Dnevnik-Avala-verni-\u010duvar-istorije-iz-oblaka...15-1024x672.jpg 1024w, https:\/\/mrm-style.com\/sr\/wp-content\/uploads\/2020\/04\/Beogradski-Dnevnik-Avala-verni-\u010duvar-istorije-iz-oblaka...15-768x504.jpg 768w, https:\/\/mrm-style.com\/sr\/wp-content\/uploads\/2020\/04\/Beogradski-Dnevnik-Avala-verni-\u010duvar-istorije-iz-oblaka...15-1536x1008.jpg 1536w, https:\/\/mrm-style.com\/sr\/wp-content\/uploads\/2020\/04\/Beogradski-Dnevnik-Avala-verni-\u010duvar-istorije-iz-oblaka...15-2048x1343.jpg 2048w, https:\/\/mrm-style.com\/sr\/wp-content\/uploads\/2020\/04\/Beogradski-Dnevnik-Avala-verni-\u010duvar-istorije-iz-oblaka...15-1440x945.jpg 1440w, https:\/\/mrm-style.com\/sr\/wp-content\/uploads\/2020\/04\/Beogradski-Dnevnik-Avala-verni-\u010duvar-istorije-iz-oblaka...15-800x525.jpg 800w, https:\/\/mrm-style.com\/sr\/wp-content\/uploads\/2020\/04\/Beogradski-Dnevnik-Avala-verni-\u010duvar-istorije-iz-oblaka...15-550x362.jpg 550w, https:\/\/mrm-style.com\/sr\/wp-content\/uploads\/2020\/04\/Beogradski-Dnevnik-Avala-verni-\u010duvar-istorije-iz-oblaka...15-1920x1260.jpg 1920w, https:\/\/mrm-style.com\/sr\/wp-content\/uploads\/2020\/04\/Beogradski-Dnevnik-Avala-verni-\u010duvar-istorije-iz-oblaka...15-1646x1080.jpg 1646w, https:\/\/mrm-style.com\/sr\/wp-content\/uploads\/2020\/04\/Beogradski-Dnevnik-Avala-verni-\u010duvar-istorije-iz-oblaka...15-915x600.jpg 915w\" sizes=\"auto, (max-width: 2500px) 100vw, 2500px\" \/><\/a><\/figure><\/div>\n\n\n\n<p>Ako imate neko pitanje, komentar, sugestiju ili poruku za mene mo\u017eete mi napisati dole u komentarima. Naravno, kao i do sad uvek me mo\u017eete kontaktirati putem maila ili dru\u0161tvenih mre\u017ea i to mo\u017eete prona\u0107i na stranici&nbsp;<em><strong><a href=\"https:\/\/mrm-style.com\/sr\/kontakt\/\">KONTAKT<\/a>.<\/strong><\/em>&nbsp;Vidimo se uskoro na istom mestu i sa nekom novom pri\u010dom!<\/p>\n\n\n\n<p><em>Blogerski pozdrav,<\/em><\/p>\n\n\n\n<p><strong>Mr.M<\/strong><\/p>\n\n\n\n<div class=\"wp-block-image\"><figure class=\"aligncenter size-full\"><a href=\"https:\/\/mrm-style.com\/sr\/wp-content\/uploads\/2020\/04\/Beogradski-Dnevnik-Avala-verni-\u010duvar-istorije-iz-oblaka...16.jpg\"><img loading=\"lazy\" decoding=\"async\" width=\"2500\" height=\"1668\" src=\"https:\/\/mrm-style.com\/sr\/wp-content\/uploads\/2020\/04\/Beogradski-Dnevnik-Avala-verni-\u010duvar-istorije-iz-oblaka...16.jpg\" alt=\"\" class=\"wp-image-5514\" srcset=\"https:\/\/mrm-style.com\/sr\/wp-content\/uploads\/2020\/04\/Beogradski-Dnevnik-Avala-verni-\u010duvar-istorije-iz-oblaka...16.jpg 2500w, https:\/\/mrm-style.com\/sr\/wp-content\/uploads\/2020\/04\/Beogradski-Dnevnik-Avala-verni-\u010duvar-istorije-iz-oblaka...16-300x200.jpg 300w, https:\/\/mrm-style.com\/sr\/wp-content\/uploads\/2020\/04\/Beogradski-Dnevnik-Avala-verni-\u010duvar-istorije-iz-oblaka...16-1024x683.jpg 1024w, https:\/\/mrm-style.com\/sr\/wp-content\/uploads\/2020\/04\/Beogradski-Dnevnik-Avala-verni-\u010duvar-istorije-iz-oblaka...16-768x512.jpg 768w, https:\/\/mrm-style.com\/sr\/wp-content\/uploads\/2020\/04\/Beogradski-Dnevnik-Avala-verni-\u010duvar-istorije-iz-oblaka...16-1536x1025.jpg 1536w, https:\/\/mrm-style.com\/sr\/wp-content\/uploads\/2020\/04\/Beogradski-Dnevnik-Avala-verni-\u010duvar-istorije-iz-oblaka...16-2048x1366.jpg 2048w, https:\/\/mrm-style.com\/sr\/wp-content\/uploads\/2020\/04\/Beogradski-Dnevnik-Avala-verni-\u010duvar-istorije-iz-oblaka...16-1440x961.jpg 1440w, https:\/\/mrm-style.com\/sr\/wp-content\/uploads\/2020\/04\/Beogradski-Dnevnik-Avala-verni-\u010duvar-istorije-iz-oblaka...16-800x534.jpg 800w, https:\/\/mrm-style.com\/sr\/wp-content\/uploads\/2020\/04\/Beogradski-Dnevnik-Avala-verni-\u010duvar-istorije-iz-oblaka...16-550x367.jpg 550w, https:\/\/mrm-style.com\/sr\/wp-content\/uploads\/2020\/04\/Beogradski-Dnevnik-Avala-verni-\u010duvar-istorije-iz-oblaka...16-1920x1281.jpg 1920w, https:\/\/mrm-style.com\/sr\/wp-content\/uploads\/2020\/04\/Beogradski-Dnevnik-Avala-verni-\u010duvar-istorije-iz-oblaka...16-1619x1080.jpg 1619w, https:\/\/mrm-style.com\/sr\/wp-content\/uploads\/2020\/04\/Beogradski-Dnevnik-Avala-verni-\u010duvar-istorije-iz-oblaka...16-899x600.jpg 899w\" sizes=\"auto, (max-width: 2500px) 100vw, 2500px\" \/><\/a><\/figure><\/div>\n\n\n\n<p class=\"has-text-align-center\"><em><strong>Ovaj post je sponzorisan od brenda&nbsp;<a href=\"https:\/\/www.wellensteyn.com\">Wellensteyn<\/a>. Ovaj post ne bi bio mogu\u0107 bez nesebi\u010dne pomo\u0107i modnih ku\u0107a&nbsp;<a href=\"https:\/\/de.loropiana.com\/en\/\">Loro Piana<\/a>&nbsp;i <a href=\"https:\/\/www.todsgroup.com\/en\">Tod&#8217;s Group<\/a> koja svojim modnim komadima mi poma\u017ee da iska\u017eem svoj modni duh.<\/strong><\/em><\/p>\n","protected":false},"excerpt":{"rendered":"<p>Dragi moji pustolovi i ljubitelji mode kako ste mi danas? Iskreno se nadam da ste dobro i da ste uspeli da prona\u0111ete neku vrstu razonode tokom ove novonastale situacije zvana Korona. Ne\u0107u da vam dajem savete kako da provedete vreme tokom ove neda\u0107e koja se trenutno odvija u Srbiji, samo \u017eelim da vas zamolim da se koliko mo\u017eete pridr\u017eavate uredbi koje su trenutno na snazi tokom ovog vanrednog stanja. Ovo je vreme koje treba da provodimo sa porodicom i da putem telefona i drugim vidovima komuniciranja ostanemo u kontaktu sa&#8230; <span class=\"more\"><a class=\"more-link\" href=\"https:\/\/mrm-style.com\/sr\/beogradski-dnevnik-avala-verni-cuvar-istorije-iz-oblaka\/\">Read More<\/a><\/span><\/p>\n","protected":false},"author":1,"featured_media":5500,"comment_status":"open","ping_status":"open","sticky":false,"template":"","format":"standard","meta":{"om_disable_all_campaigns":false,"_monsterinsights_skip_tracking":false,"_monsterinsights_sitenote_active":false,"_monsterinsights_sitenote_note":"","_monsterinsights_sitenote_category":0,"footnotes":""},"categories":[160,52],"tags":[4880,4881,99,3569,54,55,2331,3862,4800,4879,66,141,4878,4882,4803],"class_list":["post-5498","post","type-post","status-publish","format-standard","has-post-thumbnail","hentry","category-lista-zelja","category-moda","tag-avala","tag-avalski-toranj","tag-beograd","tag-loro-piana","tag-mr-m","tag-mr-m-by-marko-tadic","tag-mrmbymarkotadic","tag-mrmbymarkotadic-instagram","tag-nacionalna-turisticka-organizacija-srbije","tag-spomenik-neznanom-junaku","tag-srbija","tag-tods","tag-vidi-srbiju","tag-wellensteyn","tag-znamenitosti-beograda"],"aioseo_notices":[],"_links":{"self":[{"href":"https:\/\/mrm-style.com\/sr\/wp-json\/wp\/v2\/posts\/5498","targetHints":{"allow":["GET"]}}],"collection":[{"href":"https:\/\/mrm-style.com\/sr\/wp-json\/wp\/v2\/posts"}],"about":[{"href":"https:\/\/mrm-style.com\/sr\/wp-json\/wp\/v2\/types\/post"}],"author":[{"embeddable":true,"href":"https:\/\/mrm-style.com\/sr\/wp-json\/wp\/v2\/users\/1"}],"replies":[{"embeddable":true,"href":"https:\/\/mrm-style.com\/sr\/wp-json\/wp\/v2\/comments?post=5498"}],"version-history":[{"count":5,"href":"https:\/\/mrm-style.com\/sr\/wp-json\/wp\/v2\/posts\/5498\/revisions"}],"predecessor-version":[{"id":5521,"href":"https:\/\/mrm-style.com\/sr\/wp-json\/wp\/v2\/posts\/5498\/revisions\/5521"}],"wp:featuredmedia":[{"embeddable":true,"href":"https:\/\/mrm-style.com\/sr\/wp-json\/wp\/v2\/media\/5500"}],"wp:attachment":[{"href":"https:\/\/mrm-style.com\/sr\/wp-json\/wp\/v2\/media?parent=5498"}],"wp:term":[{"taxonomy":"category","embeddable":true,"href":"https:\/\/mrm-style.com\/sr\/wp-json\/wp\/v2\/categories?post=5498"},{"taxonomy":"post_tag","embeddable":true,"href":"https:\/\/mrm-style.com\/sr\/wp-json\/wp\/v2\/tags?post=5498"}],"curies":[{"name":"wp","href":"https:\/\/api.w.org\/{rel}","templated":true}]}}