{"id":5576,"date":"2020-05-07T08:40:00","date_gmt":"2020-05-07T07:40:00","guid":{"rendered":"https:\/\/mrm-style.com\/sr\/?p=5576"},"modified":"2020-05-07T08:37:51","modified_gmt":"2020-05-07T07:37:51","slug":"moja-strana-sveta-vesna-jugovic-de-vinca","status":"publish","type":"post","link":"https:\/\/mrm-style.com\/sr\/moja-strana-sveta-vesna-jugovic-de-vinca\/","title":{"rendered":"Moja strana sveta: Vesna Jugovi\u0107 de Vin\u010da"},"content":{"rendered":"\n<p>Dragi moji pustolovi, nadam se da ste dobro i da ste spremni za novi post. Odlu\u010dio sam da napravim novi sadr\u017eaj za vas u vidu specijalnih intervjua sa li\u010dnostima koje su ostavile trag na na\u0161im prostorima. Putovanja su najlep\u0161i dar \u017eivota koji nam mo\u017ee pru\u017eiti najbolji vid neformalnog obrazovanja. <\/p>\n\n\n\n<p>Moja dana\u0161nja go\u0161\u0107a je Vesna Jugovi\u0107 de Vin\u010da, kosmopolit, i \u017eena koja se preko dve decenije trudi da sve dimenzije lepote prika\u017ee na najbolji mogu\u0107i na\u010din. Ona je \u017eena koja je uspela da nas u najte\u017eim trenucima pove\u017ee sa svetom. Ovom prilikom joj se zahvaljujem na izdvojenom vremenu! <\/p>\n\n\n\n<div class=\"wp-block-image\"><figure class=\"aligncenter size-full\"><a href=\"https:\/\/mrm-style.com\/sr\/wp-content\/uploads\/2020\/05\/Moja-strana-sveta-Vesna-Jugovi\u0107-de-Vin\u010da-Mr.M-by-Marko-Tadi\u010716.jpg\"><img loading=\"lazy\" decoding=\"async\" width=\"659\" height=\"1000\" src=\"https:\/\/mrm-style.com\/sr\/wp-content\/uploads\/2020\/05\/Moja-strana-sveta-Vesna-Jugovi\u0107-de-Vin\u010da-Mr.M-by-Marko-Tadi\u010716.jpg\" alt=\"\" class=\"wp-image-5597\" srcset=\"https:\/\/mrm-style.com\/sr\/wp-content\/uploads\/2020\/05\/Moja-strana-sveta-Vesna-Jugovi\u0107-de-Vin\u010da-Mr.M-by-Marko-Tadi\u010716.jpg 659w, https:\/\/mrm-style.com\/sr\/wp-content\/uploads\/2020\/05\/Moja-strana-sveta-Vesna-Jugovi\u0107-de-Vin\u010da-Mr.M-by-Marko-Tadi\u010716-198x300.jpg 198w, https:\/\/mrm-style.com\/sr\/wp-content\/uploads\/2020\/05\/Moja-strana-sveta-Vesna-Jugovi\u0107-de-Vin\u010da-Mr.M-by-Marko-Tadi\u010716-550x835.jpg 550w, https:\/\/mrm-style.com\/sr\/wp-content\/uploads\/2020\/05\/Moja-strana-sveta-Vesna-Jugovi\u0107-de-Vin\u010da-Mr.M-by-Marko-Tadi\u010716-395x600.jpg 395w\" sizes=\"auto, (max-width: 659px) 100vw, 659px\" \/><\/a><\/figure><\/div>\n\n\n\n<p><em>1.&nbsp;Smatra se da ste postavili standard u organizovanju izbora za lepotu na Balkanu i u Srbiji i putem projekta \u201cMis Srbija\u201d otvorili vrata na\u0161oj zemlji za neke nove prilike. Da li ste toga bili svesni tih devedesetih godina ili Vam je to postalo jasno mnogo kasnije?<\/em><\/p>\n\n\n\n<p><strong>Vesna de Vin\u010da<\/strong> &#8211; Mislim da je to bila moja sudbina. Spolja gledano \u2013 to je bio sistem odluka na koje sam \u201ckao\u201d bila primorana. Htela sam da pobegnem od sumornog vremena rata i ratnog izve\u0161tavanja gde sam kao novinar RTS-a videla i snimila u\u017ease, zaradila bolest \u0161titne \u017eljezde i zakoracila skoro u svet bezna\u0111a. Oti\u0161la sam, kao spoljnopoliti\u010dki novinar, u Va\u0161ington, mesec dana, napravila vi\u0161e od 10 emisija o odnosu Amerike i Jugoslavije, videla gde srljamo i \u0161ta su nam spremili, to montirala, emitovala. A onda sam bukvalno izbegla u svet lepote, mode i umetnosti. Kupila sam&nbsp;&nbsp;1995. svetske licence&nbsp;&nbsp;tj. svetska ovlascenja za izbor Miss Jugoslavije &#8211; od Donalda Trumpa koji je tada bio vlasnik Miss Universe organizacije&nbsp;i od&nbsp;Julije Morley, koja je vlasnica Miss World organizacije. Bilo je to u najgorem momentu kada je Jugoslavija bila proku\u017eena i prognana iz doga\u0111aja svetske kulture i sporta. <\/p>\n\n\n\n<p>Uprkos svemu uspela sam da nas \u201czaka\u010dim\u201d za svet. Bio je to verovatno na\u0161 poslovi\u010dni \u2013 inat! Od 2006. godine kada smo se podelili, postajem vlasnik licenci za Miss Srbije i Miss Crne Gore. Ne zaboravimo da doga\u0111aj Miss World svake godine gleda preko dve milijarde ljudi, pa i nas kao u\u010desnike. To li\u010di na Olimpijadu. Taj novi zadatak u svom \u017eivotu, izbor&nbsp;zvani\u010dne lepotice sam dovela do nivoa institucije. Trajem vi\u0161e od dve decenije uprkos teskim situacijama sankcija, rata, bombardovanja, prevrata, politickih i ekonomskih previranja. <\/p>\n\n\n\n<div class=\"wp-block-image\"><figure class=\"aligncenter size-full\"><a href=\"https:\/\/mrm-style.com\/sr\/wp-content\/uploads\/2020\/05\/Moja-strana-sveta-Vesna-Jugovi\u0107-de-Vin\u010da-Mr.M-by-Marko-Tadi\u01074.jpg\"><img loading=\"lazy\" decoding=\"async\" width=\"667\" height=\"1000\" src=\"https:\/\/mrm-style.com\/sr\/wp-content\/uploads\/2020\/05\/Moja-strana-sveta-Vesna-Jugovi\u0107-de-Vin\u010da-Mr.M-by-Marko-Tadi\u01074.jpg\" alt=\"\" class=\"wp-image-5585\" srcset=\"https:\/\/mrm-style.com\/sr\/wp-content\/uploads\/2020\/05\/Moja-strana-sveta-Vesna-Jugovi\u0107-de-Vin\u010da-Mr.M-by-Marko-Tadi\u01074.jpg 667w, https:\/\/mrm-style.com\/sr\/wp-content\/uploads\/2020\/05\/Moja-strana-sveta-Vesna-Jugovi\u0107-de-Vin\u010da-Mr.M-by-Marko-Tadi\u01074-200x300.jpg 200w, https:\/\/mrm-style.com\/sr\/wp-content\/uploads\/2020\/05\/Moja-strana-sveta-Vesna-Jugovi\u0107-de-Vin\u010da-Mr.M-by-Marko-Tadi\u01074-550x825.jpg 550w, https:\/\/mrm-style.com\/sr\/wp-content\/uploads\/2020\/05\/Moja-strana-sveta-Vesna-Jugovi\u0107-de-Vin\u010da-Mr.M-by-Marko-Tadi\u01074-400x600.jpg 400w\" sizes=\"auto, (max-width: 667px) 100vw, 667px\" \/><\/a><\/figure><\/div>\n\n\n\n<p><em>2. Vi\u0161e od dve decenije se trudite da predstavite lepotu kao ne\u0161to vi\u0161e od estetskog ideala i da je to&nbsp;vi\u0161e stvar psihe i duha kod \u017eena. Da li lepota mo\u017ee da pobedi vreme?<\/em><\/p>\n\n\n\n<p><strong>Vesna de Vin\u010da<\/strong> &#8211; Lepota mo\u017ee da pobedi vreme. Lepota je srce kreacije. To je posebna vrsta energije. To je poseban talenat, koji propada kao i svaki talenat ako se ne po\u0161tuje i ne razvija. Lepota se razvija misijom. Ako se shvati kao privatno bogatstvo koje se koristi za usko privatne uspehe, lepota se kruni vremenom. <\/p>\n\n\n\n<p>Ako se shvati kao Bo\u017eiji dar, kao ne\u0161to \u0161to nije tvoje i \u0161to nisi zaslu\u017eila ve\u0107 ti je odozgo poklonjeno i&nbsp;\u201cdato\u201d \u2013 ona mo\u017ee da traje. Dakle, ako stavimo svoju lepotu u misiju afirmacije plemenitosti i dobrote, mudrosti, pomo\u0107i bliznjem, afirmacije divnih vrednosti- lepota traje, jer se uvek nanovo boji najlep\u0161im energetskim snopom svetlosti iznutra, svetlosti koja se ispravlja i izlazi&nbsp;&nbsp;kroz o\u010di i pore. <\/p>\n\n\n\n<div class=\"wp-block-image\"><figure class=\"aligncenter size-full\"><a href=\"https:\/\/mrm-style.com\/sr\/wp-content\/uploads\/2020\/05\/Moja-strana-sveta-Vesna-Jugovi\u0107-de-Vin\u010da-Mr.M-by-Marko-Tadi\u010718.jpg\"><img loading=\"lazy\" decoding=\"async\" width=\"1600\" height=\"1200\" src=\"https:\/\/mrm-style.com\/sr\/wp-content\/uploads\/2020\/05\/Moja-strana-sveta-Vesna-Jugovi\u0107-de-Vin\u010da-Mr.M-by-Marko-Tadi\u010718.jpg\" alt=\"\" class=\"wp-image-5599\" srcset=\"https:\/\/mrm-style.com\/sr\/wp-content\/uploads\/2020\/05\/Moja-strana-sveta-Vesna-Jugovi\u0107-de-Vin\u010da-Mr.M-by-Marko-Tadi\u010718.jpg 1600w, https:\/\/mrm-style.com\/sr\/wp-content\/uploads\/2020\/05\/Moja-strana-sveta-Vesna-Jugovi\u0107-de-Vin\u010da-Mr.M-by-Marko-Tadi\u010718-300x225.jpg 300w, https:\/\/mrm-style.com\/sr\/wp-content\/uploads\/2020\/05\/Moja-strana-sveta-Vesna-Jugovi\u0107-de-Vin\u010da-Mr.M-by-Marko-Tadi\u010718-1024x768.jpg 1024w, https:\/\/mrm-style.com\/sr\/wp-content\/uploads\/2020\/05\/Moja-strana-sveta-Vesna-Jugovi\u0107-de-Vin\u010da-Mr.M-by-Marko-Tadi\u010718-768x576.jpg 768w, https:\/\/mrm-style.com\/sr\/wp-content\/uploads\/2020\/05\/Moja-strana-sveta-Vesna-Jugovi\u0107-de-Vin\u010da-Mr.M-by-Marko-Tadi\u010718-1536x1152.jpg 1536w, https:\/\/mrm-style.com\/sr\/wp-content\/uploads\/2020\/05\/Moja-strana-sveta-Vesna-Jugovi\u0107-de-Vin\u010da-Mr.M-by-Marko-Tadi\u010718-1440x1080.jpg 1440w, https:\/\/mrm-style.com\/sr\/wp-content\/uploads\/2020\/05\/Moja-strana-sveta-Vesna-Jugovi\u0107-de-Vin\u010da-Mr.M-by-Marko-Tadi\u010718-800x600.jpg 800w, https:\/\/mrm-style.com\/sr\/wp-content\/uploads\/2020\/05\/Moja-strana-sveta-Vesna-Jugovi\u0107-de-Vin\u010da-Mr.M-by-Marko-Tadi\u010718-550x413.jpg 550w\" sizes=\"auto, (max-width: 1600px) 100vw, 1600px\" \/><\/a><\/figure><\/div>\n\n\n\n<p><em>3. Zbog prirode Va\u0161eg posla imali ste prilike da obi\u0111ete skoro sve zemlje sveta. Da li ste bili u prilici da obilazite zemlje koje izlaze iz turisti\u010dkih okvira? (poput Etiopije, Brunej i sli\u010dnih destinacija) Da li su Vam putovanja poslu\u017eila da se prona\u0111ete u nekom novom \u017eivotnom izazovu?<\/em><\/p>\n\n\n\n<p><strong>Vesna de Vin\u010da<\/strong> &#8211; Putovanja su postala moja religija. Oformila sam tu posebnu uzbudljivu sliku sveta i kao novinar mnogih emisija sa svih kontinenata i kao producent doga\u0111aja lepote i mode. Do sada sam obisla 71 zemlju sveta i to uvek kao putnik, nikad kao turista. Iskreno, prezirem konzumere u svim oblastima pa i u turizmu. Glavni motiv putovanja treba da bude otkri\u0107e. Kraj putovanja mora da bude saznanje da smo se oplemenili. Ako to nije, onda je re\u010d o la\u017enom sjaju i ekskluzivnim letovali\u0161tima sa fotografijama koje postavljamo po dru\u0161tvenim mre\u017eama da se pravimo va\u017eni. Naravno bila sam i u zemljama, predelima nedovoljno otkrivenim. Bila sam tako pre ovog stra\u0161nog rata u Siriji u Alepu, vozila se Eufratom, gledala hri\u0161\u0107anske kelije na obalama ove biblijske reke. To nikad ne\u0107u zaboraviti. U neplodnim planinama severoistocne Sirije&nbsp;Qalamuna, u selu , gradi\u0107u Maluli gde je tada bilo oko 5000 stanovnika koji su jedini na svetu govorili Hristovim jezikom \u2013 aramejskim, i\u0161la sam u istra\u017eivanje ne bih li o tome napravila film. Ubzo je&nbsp;to selo uni\u0161teno, a stanovnici raspr\u0161eni po planeti. Isis ih je urnisao. Kakva tragedija. <\/p>\n\n\n\n<div class=\"wp-block-image\"><figure class=\"aligncenter size-full\"><a href=\"https:\/\/mrm-style.com\/sr\/wp-content\/uploads\/2020\/05\/Moja-strana-sveta-Vesna-Jugovi\u0107-de-Vin\u010da-Mr.M-by-Marko-Tadi\u010717.jpg\"><img loading=\"lazy\" decoding=\"async\" width=\"992\" height=\"698\" src=\"https:\/\/mrm-style.com\/sr\/wp-content\/uploads\/2020\/05\/Moja-strana-sveta-Vesna-Jugovi\u0107-de-Vin\u010da-Mr.M-by-Marko-Tadi\u010717.jpg\" alt=\"\" class=\"wp-image-5598\" srcset=\"https:\/\/mrm-style.com\/sr\/wp-content\/uploads\/2020\/05\/Moja-strana-sveta-Vesna-Jugovi\u0107-de-Vin\u010da-Mr.M-by-Marko-Tadi\u010717.jpg 992w, https:\/\/mrm-style.com\/sr\/wp-content\/uploads\/2020\/05\/Moja-strana-sveta-Vesna-Jugovi\u0107-de-Vin\u010da-Mr.M-by-Marko-Tadi\u010717-300x211.jpg 300w, https:\/\/mrm-style.com\/sr\/wp-content\/uploads\/2020\/05\/Moja-strana-sveta-Vesna-Jugovi\u0107-de-Vin\u010da-Mr.M-by-Marko-Tadi\u010717-768x540.jpg 768w, https:\/\/mrm-style.com\/sr\/wp-content\/uploads\/2020\/05\/Moja-strana-sveta-Vesna-Jugovi\u0107-de-Vin\u010da-Mr.M-by-Marko-Tadi\u010717-800x563.jpg 800w, https:\/\/mrm-style.com\/sr\/wp-content\/uploads\/2020\/05\/Moja-strana-sveta-Vesna-Jugovi\u0107-de-Vin\u010da-Mr.M-by-Marko-Tadi\u010717-550x387.jpg 550w, https:\/\/mrm-style.com\/sr\/wp-content\/uploads\/2020\/05\/Moja-strana-sveta-Vesna-Jugovi\u0107-de-Vin\u010da-Mr.M-by-Marko-Tadi\u010717-853x600.jpg 853w\" sizes=\"auto, (max-width: 992px) 100vw, 992px\" \/><\/a><\/figure><\/div>\n\n\n\n<p>U Africi sam obisla Tenge Njenge, najkreativnije selo sveta, gde se kle\u0161u skulpture koje lice na Henri Mura i Brankusija, a rade ih nepismeni seljani, stariji ljudi i deca. O tome sam i napravila dokumentarac, mislim ba\u0161 dobar. U Libiji, kada sam bila kod Gadafija I napravila intervju daleke 1992. godine otisla sam sa ekipom u centar Sahare, u Gadame\u0161 i razgovarala&nbsp;&nbsp;sa Tuarezima, pustinjskim samuraima, snimila nezaboravne scene sa kojima I po\u010dinjem dve emisije o pukovniku kome nema ko da pi\u0161e. <\/p>\n\n\n\n<p>U Vijetnamu sam bila na ostrvu koje je u sistemu \u201c 6 \u010dula\u201d u blizini Nja Tranga. Na tom ostrvu kad se iskrca\u0161 vra\u0107a\u0161 sat dva sata ranije, da bi se budili ranije i kao Robinzoni konzumirali dan sto vise. To je jedno od naj\u010dudesnijih turistickih zaista ekskluzivnih centara gde je u tom trenutku bio Kavali i jedan od sinova princa \u010carlsa. Voze se samo bicikli, preska\u010du se re\u010dice , dizajnirano je sve tako da li\u010di na prirodno a ustvari je vrhunski kvalitet svega od tu\u0161eva&nbsp;do svega drugog. Nema telefona. U\u010dine da se zaboravi vreme i optere\u0107enje spolja\u0161njeg sveta. <\/p>\n\n\n\n<div class=\"wp-block-image\"><figure class=\"aligncenter size-full\"><a href=\"https:\/\/mrm-style.com\/sr\/wp-content\/uploads\/2020\/05\/Moja-strana-sveta-Vesna-Jugovi\u0107-de-Vin\u010da-Mr.M-by-Marko-Tadi\u01077.jpg\"><img loading=\"lazy\" decoding=\"async\" width=\"1319\" height=\"1451\" src=\"https:\/\/mrm-style.com\/sr\/wp-content\/uploads\/2020\/05\/Moja-strana-sveta-Vesna-Jugovi\u0107-de-Vin\u010da-Mr.M-by-Marko-Tadi\u01077.jpg\" alt=\"\" class=\"wp-image-5588\" srcset=\"https:\/\/mrm-style.com\/sr\/wp-content\/uploads\/2020\/05\/Moja-strana-sveta-Vesna-Jugovi\u0107-de-Vin\u010da-Mr.M-by-Marko-Tadi\u01077.jpg 1319w, https:\/\/mrm-style.com\/sr\/wp-content\/uploads\/2020\/05\/Moja-strana-sveta-Vesna-Jugovi\u0107-de-Vin\u010da-Mr.M-by-Marko-Tadi\u01077-273x300.jpg 273w, https:\/\/mrm-style.com\/sr\/wp-content\/uploads\/2020\/05\/Moja-strana-sveta-Vesna-Jugovi\u0107-de-Vin\u010da-Mr.M-by-Marko-Tadi\u01077-931x1024.jpg 931w, https:\/\/mrm-style.com\/sr\/wp-content\/uploads\/2020\/05\/Moja-strana-sveta-Vesna-Jugovi\u0107-de-Vin\u010da-Mr.M-by-Marko-Tadi\u01077-768x845.jpg 768w, https:\/\/mrm-style.com\/sr\/wp-content\/uploads\/2020\/05\/Moja-strana-sveta-Vesna-Jugovi\u0107-de-Vin\u010da-Mr.M-by-Marko-Tadi\u01077-800x880.jpg 800w, https:\/\/mrm-style.com\/sr\/wp-content\/uploads\/2020\/05\/Moja-strana-sveta-Vesna-Jugovi\u0107-de-Vin\u010da-Mr.M-by-Marko-Tadi\u01077-550x605.jpg 550w, https:\/\/mrm-style.com\/sr\/wp-content\/uploads\/2020\/05\/Moja-strana-sveta-Vesna-Jugovi\u0107-de-Vin\u010da-Mr.M-by-Marko-Tadi\u01077-982x1080.jpg 982w, https:\/\/mrm-style.com\/sr\/wp-content\/uploads\/2020\/05\/Moja-strana-sveta-Vesna-Jugovi\u0107-de-Vin\u010da-Mr.M-by-Marko-Tadi\u01077-545x600.jpg 545w\" sizes=\"auto, (max-width: 1319px) 100vw, 1319px\" \/><\/a><\/figure><\/div>\n\n\n\n<p>Evo jo\u0161 i pri\u010da iz&nbsp;Kankuna. Ustvari put u sredi\u0161te Maja civilizacije i jedan njihov vodi\u010d ustvari te\u0161ki Maja nacionalista i u\u010ditelj maja jezika. U po\u010detku je mislio da sam Amerikanka pa je bio osoran, ali kada je shvatio odakle sam i da sam novinar posvetio mi se potpuno i proveo me kroz Maja civilizaciju kao njiihov svojevrsni ambassador.  Imam i fotografiju sa njime, stvarno bilo je svojevrsno otkri\u0107e.<\/p>\n\n\n\n<div class=\"wp-block-image\"><figure class=\"aligncenter size-full\"><a href=\"https:\/\/mrm-style.com\/sr\/wp-content\/uploads\/2020\/05\/Moja-strana-sveta-Vesna-Jugovi\u0107-de-Vin\u010da-Mr.M-by-Marko-Tadi\u01079.jpg\"><img loading=\"lazy\" decoding=\"async\" width=\"1778\" height=\"1000\" src=\"https:\/\/mrm-style.com\/sr\/wp-content\/uploads\/2020\/05\/Moja-strana-sveta-Vesna-Jugovi\u0107-de-Vin\u010da-Mr.M-by-Marko-Tadi\u01079.jpg\" alt=\"\" class=\"wp-image-5590\" srcset=\"https:\/\/mrm-style.com\/sr\/wp-content\/uploads\/2020\/05\/Moja-strana-sveta-Vesna-Jugovi\u0107-de-Vin\u010da-Mr.M-by-Marko-Tadi\u01079.jpg 1778w, https:\/\/mrm-style.com\/sr\/wp-content\/uploads\/2020\/05\/Moja-strana-sveta-Vesna-Jugovi\u0107-de-Vin\u010da-Mr.M-by-Marko-Tadi\u01079-300x169.jpg 300w, https:\/\/mrm-style.com\/sr\/wp-content\/uploads\/2020\/05\/Moja-strana-sveta-Vesna-Jugovi\u0107-de-Vin\u010da-Mr.M-by-Marko-Tadi\u01079-1024x576.jpg 1024w, https:\/\/mrm-style.com\/sr\/wp-content\/uploads\/2020\/05\/Moja-strana-sveta-Vesna-Jugovi\u0107-de-Vin\u010da-Mr.M-by-Marko-Tadi\u01079-768x432.jpg 768w, https:\/\/mrm-style.com\/sr\/wp-content\/uploads\/2020\/05\/Moja-strana-sveta-Vesna-Jugovi\u0107-de-Vin\u010da-Mr.M-by-Marko-Tadi\u01079-1536x864.jpg 1536w, https:\/\/mrm-style.com\/sr\/wp-content\/uploads\/2020\/05\/Moja-strana-sveta-Vesna-Jugovi\u0107-de-Vin\u010da-Mr.M-by-Marko-Tadi\u01079-1440x810.jpg 1440w, https:\/\/mrm-style.com\/sr\/wp-content\/uploads\/2020\/05\/Moja-strana-sveta-Vesna-Jugovi\u0107-de-Vin\u010da-Mr.M-by-Marko-Tadi\u01079-800x450.jpg 800w, https:\/\/mrm-style.com\/sr\/wp-content\/uploads\/2020\/05\/Moja-strana-sveta-Vesna-Jugovi\u0107-de-Vin\u010da-Mr.M-by-Marko-Tadi\u01079-550x309.jpg 550w, https:\/\/mrm-style.com\/sr\/wp-content\/uploads\/2020\/05\/Moja-strana-sveta-Vesna-Jugovi\u0107-de-Vin\u010da-Mr.M-by-Marko-Tadi\u01079-1067x600.jpg 1067w\" sizes=\"auto, (max-width: 1778px) 100vw, 1778px\" \/><\/a><\/figure><\/div>\n\n\n\n<p><em>4.&nbsp;U jednom intervju ste spomenuli da je Va\u0161 otac zaslu\u017ean i da Vam je on pomogao da otkrijete svet. Koja Va\u0161a zajedni\u010dka putovanja sa ocem pamtite?<\/em><\/p>\n\n\n\n<p><strong>Vesna de Vin\u010da<\/strong> &#8211; Iako je odavno oti\u0161ao na drugu planetu moj otac Minja Jugovi\u0107 \u017eivi jo\u0161 u meni. I danas sa njime misaono razgovaram. \u010cini mi se da jo\u0161 nisam shvatila kako je od mene napravio neustra\u0161ivu, prirodnu, snala\u017eljivu i neverovatno stra\u0161no znati\u017eeljnu osobu. Na\u0161e najvrednije zajedni\u010dko putovanje uvek je bilo put u sredi\u0161te&nbsp;na\u0161e porodi\u010dne du\u0161e, u Bjelopavlice u Crnoj Gori, odakle poti\u010du moji Jugovi\u0107i iz bratstva Brajovi\u0107a. <\/p>\n\n\n\n<p>Tamo na reci Zeti tata me je u\u010dio o na\u0161im precima i o Njego\u0161u. Mislim da znam preko 30 kolena porodice unazad, napamet kao pesmicu. Lovili smo, sa decom iz sela Kosi\u0107a \u017eabe i jegulje, igrali fircik (marija\u0161 &#8211; karta\u0161ka igra) i preferans sa starijima, u\u010dili o junacima i slu\u0161ali anegdote o porodici koje i danas prepri\u010davamo. <\/p>\n\n\n\n<p>Moja baka se zvala Gaja, a gaja znaci planeta. Zamislite divnog li imena. Na\u0161e imanje je kao san, prelepo. Djed ga je kupovao dva puta. Prvi put je oti\u0161ao u Ameriku i radio u rudnicima ,o\u017eenio se dobio decu i onda u nekoj proma\u0161enoj trgovini izgubio imanje. Onda se ponovo spakovao i otisao u Marsej da radi na solanama. Tako je ponovo kupio isto imanje. \u017dilava i uporna ekipa \u2013 moji Jugovi\u0107i. I danas je to putovanje u Kosi\u0107, uvek nanovo uzbu\u0111enje.<\/p>\n\n\n\n<div class=\"wp-block-image\"><figure class=\"aligncenter size-full\"><a href=\"https:\/\/mrm-style.com\/sr\/wp-content\/uploads\/2020\/05\/Moja-strana-sveta-Vesna-Jugovi\u0107-de-Vin\u010da-Mr.M-by-Marko-Tadi\u010715.jpg\"><img loading=\"lazy\" decoding=\"async\" width=\"756\" height=\"504\" src=\"https:\/\/mrm-style.com\/sr\/wp-content\/uploads\/2020\/05\/Moja-strana-sveta-Vesna-Jugovi\u0107-de-Vin\u010da-Mr.M-by-Marko-Tadi\u010715.jpg\" alt=\"\" class=\"wp-image-5596\" srcset=\"https:\/\/mrm-style.com\/sr\/wp-content\/uploads\/2020\/05\/Moja-strana-sveta-Vesna-Jugovi\u0107-de-Vin\u010da-Mr.M-by-Marko-Tadi\u010715.jpg 756w, https:\/\/mrm-style.com\/sr\/wp-content\/uploads\/2020\/05\/Moja-strana-sveta-Vesna-Jugovi\u0107-de-Vin\u010da-Mr.M-by-Marko-Tadi\u010715-300x200.jpg 300w, https:\/\/mrm-style.com\/sr\/wp-content\/uploads\/2020\/05\/Moja-strana-sveta-Vesna-Jugovi\u0107-de-Vin\u010da-Mr.M-by-Marko-Tadi\u010715-550x367.jpg 550w\" sizes=\"auto, (max-width: 756px) 100vw, 756px\" \/><\/a><\/figure><\/div>\n\n\n\n<p><em>5. Da li ste ponovo i\u0161li na iste destinacije i da li se desilo da ste bili razo\u010darani ne\u010dim \u0161to Vas je prethodno odu\u0161evilo ili da ste bili odu\u0161evljeni ne\u010dim sto Vam se prvi put \u010dinilo obi\u010dnim? Da li se treba okrenutii drugi put kad Vas ne\u0161to odu\u0161evi na prvi pogled ili do\u017eivljaj ne treba kvariti reprizom?<\/em><\/p>\n\n\n\n<p><strong>Vesna de Vin\u010da<\/strong> &#8211; Retko se vra\u0107am na mesto zlo\u010dina!? He he. Treba otkrivati nova mesta. Ipak uvek \u017eelim ponovo u Jerusalim, Izrael i u Gr\u010dku, uvek ponovo. U Jerusalimu se i svaki ateista ose\u0107a kao hodo\u010dasnik. To je izvor posebne energije. I gledanje u tom pravcu iz Beograda, napuni me uvek novom svetlo\u0161\u0107u saznanja o \u017ertvi Hristovoj, koji je na krstu ispa\u0161tao sve na\u0161e grehove \u2013 do tada. <\/p>\n\n\n\n<div class=\"wp-block-image\"><figure class=\"aligncenter size-full\"><a href=\"https:\/\/mrm-style.com\/sr\/wp-content\/uploads\/2020\/05\/Moja-strana-sveta-Vesna-Jugovi\u0107-de-Vin\u010da-Mr.M-by-Marko-Tadi\u010710-scaled.jpg\"><img loading=\"lazy\" decoding=\"async\" width=\"1236\" height=\"2560\" src=\"https:\/\/mrm-style.com\/sr\/wp-content\/uploads\/2020\/05\/Moja-strana-sveta-Vesna-Jugovi\u0107-de-Vin\u010da-Mr.M-by-Marko-Tadi\u010710-scaled.jpg\" alt=\"\" class=\"wp-image-5591\" srcset=\"https:\/\/mrm-style.com\/sr\/wp-content\/uploads\/2020\/05\/Moja-strana-sveta-Vesna-Jugovi\u0107-de-Vin\u010da-Mr.M-by-Marko-Tadi\u010710-scaled.jpg 1236w, https:\/\/mrm-style.com\/sr\/wp-content\/uploads\/2020\/05\/Moja-strana-sveta-Vesna-Jugovi\u0107-de-Vin\u010da-Mr.M-by-Marko-Tadi\u010710-145x300.jpg 145w, https:\/\/mrm-style.com\/sr\/wp-content\/uploads\/2020\/05\/Moja-strana-sveta-Vesna-Jugovi\u0107-de-Vin\u010da-Mr.M-by-Marko-Tadi\u010710-494x1024.jpg 494w, https:\/\/mrm-style.com\/sr\/wp-content\/uploads\/2020\/05\/Moja-strana-sveta-Vesna-Jugovi\u0107-de-Vin\u010da-Mr.M-by-Marko-Tadi\u010710-768x1591.jpg 768w, https:\/\/mrm-style.com\/sr\/wp-content\/uploads\/2020\/05\/Moja-strana-sveta-Vesna-Jugovi\u0107-de-Vin\u010da-Mr.M-by-Marko-Tadi\u010710-742x1536.jpg 742w, https:\/\/mrm-style.com\/sr\/wp-content\/uploads\/2020\/05\/Moja-strana-sveta-Vesna-Jugovi\u0107-de-Vin\u010da-Mr.M-by-Marko-Tadi\u010710-989x2048.jpg 989w, https:\/\/mrm-style.com\/sr\/wp-content\/uploads\/2020\/05\/Moja-strana-sveta-Vesna-Jugovi\u0107-de-Vin\u010da-Mr.M-by-Marko-Tadi\u010710-1440x2982.jpg 1440w, https:\/\/mrm-style.com\/sr\/wp-content\/uploads\/2020\/05\/Moja-strana-sveta-Vesna-Jugovi\u0107-de-Vin\u010da-Mr.M-by-Marko-Tadi\u010710-800x1657.jpg 800w, https:\/\/mrm-style.com\/sr\/wp-content\/uploads\/2020\/05\/Moja-strana-sveta-Vesna-Jugovi\u0107-de-Vin\u010da-Mr.M-by-Marko-Tadi\u010710-550x1139.jpg 550w, https:\/\/mrm-style.com\/sr\/wp-content\/uploads\/2020\/05\/Moja-strana-sveta-Vesna-Jugovi\u0107-de-Vin\u010da-Mr.M-by-Marko-Tadi\u010710-521x1080.jpg 521w, https:\/\/mrm-style.com\/sr\/wp-content\/uploads\/2020\/05\/Moja-strana-sveta-Vesna-Jugovi\u0107-de-Vin\u010da-Mr.M-by-Marko-Tadi\u010710-290x600.jpg 290w\" sizes=\"auto, (max-width: 1236px) 100vw, 1236px\" \/><\/a><\/figure><\/div>\n\n\n\n<p>Uvek bih ponovo u Crkvu Hristovog groba, na Masadu ili u Vitlejem.Gr\u010dka je definitivno najlep\u0161a zemlja na svetu. Nikada ne\u0107ete obi\u0107i za \u017eivota sva gr\u010dka ostrva i sve lepote njenih&nbsp;anti\u010dkih \u010darolija. U Gr\u010dkoj \u017eelim da \u017eivim. Volim i Majami, ustvari Ki Largo, gde moj drug Kris ima kucu sojenicu nad okeanom. Divan je taj put do Ki Vesta gde je ziveo Hemingvej. Tim putem kroz okean, uvek pro\u0111em.<\/p>\n\n\n\n<div class=\"wp-block-image\"><figure class=\"aligncenter size-full\"><a href=\"https:\/\/mrm-style.com\/sr\/wp-content\/uploads\/2020\/05\/Moja-strana-sveta-Vesna-Jugovi\u0107-de-Vin\u010da-Mr.M-by-Marko-Tadi\u010713.jpg\"><img loading=\"lazy\" decoding=\"async\" width=\"883\" height=\"1181\" src=\"https:\/\/mrm-style.com\/sr\/wp-content\/uploads\/2020\/05\/Moja-strana-sveta-Vesna-Jugovi\u0107-de-Vin\u010da-Mr.M-by-Marko-Tadi\u010713.jpg\" alt=\"\" class=\"wp-image-5594\" srcset=\"https:\/\/mrm-style.com\/sr\/wp-content\/uploads\/2020\/05\/Moja-strana-sveta-Vesna-Jugovi\u0107-de-Vin\u010da-Mr.M-by-Marko-Tadi\u010713.jpg 883w, https:\/\/mrm-style.com\/sr\/wp-content\/uploads\/2020\/05\/Moja-strana-sveta-Vesna-Jugovi\u0107-de-Vin\u010da-Mr.M-by-Marko-Tadi\u010713-224x300.jpg 224w, https:\/\/mrm-style.com\/sr\/wp-content\/uploads\/2020\/05\/Moja-strana-sveta-Vesna-Jugovi\u0107-de-Vin\u010da-Mr.M-by-Marko-Tadi\u010713-766x1024.jpg 766w, https:\/\/mrm-style.com\/sr\/wp-content\/uploads\/2020\/05\/Moja-strana-sveta-Vesna-Jugovi\u0107-de-Vin\u010da-Mr.M-by-Marko-Tadi\u010713-768x1027.jpg 768w, https:\/\/mrm-style.com\/sr\/wp-content\/uploads\/2020\/05\/Moja-strana-sveta-Vesna-Jugovi\u0107-de-Vin\u010da-Mr.M-by-Marko-Tadi\u010713-800x1070.jpg 800w, https:\/\/mrm-style.com\/sr\/wp-content\/uploads\/2020\/05\/Moja-strana-sveta-Vesna-Jugovi\u0107-de-Vin\u010da-Mr.M-by-Marko-Tadi\u010713-550x736.jpg 550w, https:\/\/mrm-style.com\/sr\/wp-content\/uploads\/2020\/05\/Moja-strana-sveta-Vesna-Jugovi\u0107-de-Vin\u010da-Mr.M-by-Marko-Tadi\u010713-807x1080.jpg 807w, https:\/\/mrm-style.com\/sr\/wp-content\/uploads\/2020\/05\/Moja-strana-sveta-Vesna-Jugovi\u0107-de-Vin\u010da-Mr.M-by-Marko-Tadi\u010713-449x600.jpg 449w\" sizes=\"auto, (max-width: 883px) 100vw, 883px\" \/><\/a><\/figure><\/div>\n\n\n\n<p><em>6. Iz svog iskustva znam da je putovanje zapravo u\u010denje o kulturi i istoriji jednog naroda. \u010cija je kultura na Vas najvi\u0161e ostavila utisak?<\/em><\/p>\n\n\n\n<p><strong>Vesna de Vin\u010da<\/strong> &#8211; Kada bih morala da biram, izabrala bih kulture Maja, Grka, Izraela i Indije. Indija je zemlja u koju se ulazi na 1000 ulaza, ali nema izlaza. Jednom kada u\u0111ete, opsednuti ste tom raznovrsno\u0161\u0107u svega. Moj put na ro\u0111endan kod Sai Babe, u Putaparti, ne\u0161to je ne\u0161to \u0161to se ne zaboravlja. Hej, zaboravih drugu najlepsu zemlju sveta \u2013 \u0160ri Lanku.<\/p>\n\n\n\n<div class=\"wp-block-image\"><figure class=\"aligncenter size-full\"><a href=\"https:\/\/mrm-style.com\/sr\/wp-content\/uploads\/2020\/05\/Moja-strana-sveta-Vesna-Jugovi\u0107-de-Vin\u010da-Mr.M-by-Marko-Tadi\u01076.jpg\"><img loading=\"lazy\" decoding=\"async\" width=\"1204\" height=\"987\" src=\"https:\/\/mrm-style.com\/sr\/wp-content\/uploads\/2020\/05\/Moja-strana-sveta-Vesna-Jugovi\u0107-de-Vin\u010da-Mr.M-by-Marko-Tadi\u01076.jpg\" alt=\"\" class=\"wp-image-5587\" srcset=\"https:\/\/mrm-style.com\/sr\/wp-content\/uploads\/2020\/05\/Moja-strana-sveta-Vesna-Jugovi\u0107-de-Vin\u010da-Mr.M-by-Marko-Tadi\u01076.jpg 1204w, https:\/\/mrm-style.com\/sr\/wp-content\/uploads\/2020\/05\/Moja-strana-sveta-Vesna-Jugovi\u0107-de-Vin\u010da-Mr.M-by-Marko-Tadi\u01076-300x246.jpg 300w, https:\/\/mrm-style.com\/sr\/wp-content\/uploads\/2020\/05\/Moja-strana-sveta-Vesna-Jugovi\u0107-de-Vin\u010da-Mr.M-by-Marko-Tadi\u01076-1024x839.jpg 1024w, https:\/\/mrm-style.com\/sr\/wp-content\/uploads\/2020\/05\/Moja-strana-sveta-Vesna-Jugovi\u0107-de-Vin\u010da-Mr.M-by-Marko-Tadi\u01076-768x630.jpg 768w, https:\/\/mrm-style.com\/sr\/wp-content\/uploads\/2020\/05\/Moja-strana-sveta-Vesna-Jugovi\u0107-de-Vin\u010da-Mr.M-by-Marko-Tadi\u01076-800x656.jpg 800w, https:\/\/mrm-style.com\/sr\/wp-content\/uploads\/2020\/05\/Moja-strana-sveta-Vesna-Jugovi\u0107-de-Vin\u010da-Mr.M-by-Marko-Tadi\u01076-550x451.jpg 550w, https:\/\/mrm-style.com\/sr\/wp-content\/uploads\/2020\/05\/Moja-strana-sveta-Vesna-Jugovi\u0107-de-Vin\u010da-Mr.M-by-Marko-Tadi\u01076-732x600.jpg 732w\" sizes=\"auto, (max-width: 1204px) 100vw, 1204px\" \/><\/a><\/figure><\/div>\n\n\n\n<p><em>7. Da li Vas je neko putovanje razo\u010daralo u smislu da ste o\u010dekivali mnogo vi\u0161e od te zemlje, ali ste shvatili da je nekad dobra reklama zaslu\u017ena za precenjenost odre\u0111ene destinacije?<\/em><\/p>\n\n\n\n<p><strong>Vesna de Vin\u010da<\/strong> &#8211; Na prvi pogled me je razocarala Nigerija. To je zemlja olupina automobila i brodova. To je zemlja gde nema uli\u010dnog svetla. To je zemlja gde su poku\u0161ali da mi uliju strahove od kriminala.&nbsp;&nbsp;Tako sam to videla na po\u010detku. <\/p>\n\n\n\n<p>Ali ispostavilo se da zanimljivosti kraja nema. Nikada ne\u0107u zaboraviti put na ostrvo gde \u017eivi jedan bra\u010dni par sve\u0161tenika,&nbsp;koji su elita intelektualci i veoma bogati ljudi, re\u0161ili da svoj \u017eivot zakucaju u tom ambijentu gde je te\u0161ko gledati nesre\u0107ne i siroma\u0161ne ljude. Ne zna\u0161 kome pre da pomogne\u0161. Divna bi\u0107a!<\/p>\n\n\n\n<div class=\"wp-block-image\"><figure class=\"aligncenter size-full\"><a href=\"https:\/\/mrm-style.com\/sr\/wp-content\/uploads\/2020\/05\/Moja-strana-sveta-Vesna-Jugovi\u0107-de-Vin\u010da-Mr.M-by-Marko-Tadi\u010711.jpg\"><img loading=\"lazy\" decoding=\"async\" width=\"1772\" height=\"1220\" src=\"https:\/\/mrm-style.com\/sr\/wp-content\/uploads\/2020\/05\/Moja-strana-sveta-Vesna-Jugovi\u0107-de-Vin\u010da-Mr.M-by-Marko-Tadi\u010711.jpg\" alt=\"\" class=\"wp-image-5592\" srcset=\"https:\/\/mrm-style.com\/sr\/wp-content\/uploads\/2020\/05\/Moja-strana-sveta-Vesna-Jugovi\u0107-de-Vin\u010da-Mr.M-by-Marko-Tadi\u010711.jpg 1772w, https:\/\/mrm-style.com\/sr\/wp-content\/uploads\/2020\/05\/Moja-strana-sveta-Vesna-Jugovi\u0107-de-Vin\u010da-Mr.M-by-Marko-Tadi\u010711-300x207.jpg 300w, https:\/\/mrm-style.com\/sr\/wp-content\/uploads\/2020\/05\/Moja-strana-sveta-Vesna-Jugovi\u0107-de-Vin\u010da-Mr.M-by-Marko-Tadi\u010711-1024x705.jpg 1024w, https:\/\/mrm-style.com\/sr\/wp-content\/uploads\/2020\/05\/Moja-strana-sveta-Vesna-Jugovi\u0107-de-Vin\u010da-Mr.M-by-Marko-Tadi\u010711-768x529.jpg 768w, https:\/\/mrm-style.com\/sr\/wp-content\/uploads\/2020\/05\/Moja-strana-sveta-Vesna-Jugovi\u0107-de-Vin\u010da-Mr.M-by-Marko-Tadi\u010711-1536x1058.jpg 1536w, https:\/\/mrm-style.com\/sr\/wp-content\/uploads\/2020\/05\/Moja-strana-sveta-Vesna-Jugovi\u0107-de-Vin\u010da-Mr.M-by-Marko-Tadi\u010711-1440x991.jpg 1440w, https:\/\/mrm-style.com\/sr\/wp-content\/uploads\/2020\/05\/Moja-strana-sveta-Vesna-Jugovi\u0107-de-Vin\u010da-Mr.M-by-Marko-Tadi\u010711-800x551.jpg 800w, https:\/\/mrm-style.com\/sr\/wp-content\/uploads\/2020\/05\/Moja-strana-sveta-Vesna-Jugovi\u0107-de-Vin\u010da-Mr.M-by-Marko-Tadi\u010711-550x379.jpg 550w, https:\/\/mrm-style.com\/sr\/wp-content\/uploads\/2020\/05\/Moja-strana-sveta-Vesna-Jugovi\u0107-de-Vin\u010da-Mr.M-by-Marko-Tadi\u010711-1569x1080.jpg 1569w, https:\/\/mrm-style.com\/sr\/wp-content\/uploads\/2020\/05\/Moja-strana-sveta-Vesna-Jugovi\u0107-de-Vin\u010da-Mr.M-by-Marko-Tadi\u010711-871x600.jpg 871w\" sizes=\"auto, (max-width: 1772px) 100vw, 1772px\" \/><\/a><\/figure><\/div>\n\n\n\n<p><em>8.&nbsp;Za koju daleku zemlju biste rekli da je najsli\u010dnija Srbiji i zasto? Ima li jo\u0161 negde u dalekom svetu na\u0161eg mentaliteta ili smo ipak jedinstveni?<\/em><\/p>\n\n\n\n<p><strong>Vesna de Vin\u010da<\/strong> &#8211; Najsli\u010dnija zemlja Srbiji je Portugalija. Ustvari govorim o sli\u010dnosti jednog naroda, mentaliteta. Zatim Rumuni, sa kojima nikada u istoriji nismo imali ni spor a kamoli sukob. Mozda Irci i Vel\u0161ani. Jednom mi je u Holivudu, ru\u010dak pravio brat od Ketrin Zite D\u017eons \u2013 Dejvid. Bila je ekipa Vel\u0161ana. Ma isti mi! I naravno na\u0161i divni Grci.<\/p>\n\n\n\n<div class=\"wp-block-image\"><figure class=\"aligncenter size-full\"><a href=\"https:\/\/mrm-style.com\/sr\/wp-content\/uploads\/2020\/05\/Moja-strana-sveta-Vesna-Jugovi\u0107-de-Vin\u010da-Mr.M-by-Marko-Tadi\u01075.jpg\"><img loading=\"lazy\" decoding=\"async\" width=\"1122\" height=\"1009\" src=\"https:\/\/mrm-style.com\/sr\/wp-content\/uploads\/2020\/05\/Moja-strana-sveta-Vesna-Jugovi\u0107-de-Vin\u010da-Mr.M-by-Marko-Tadi\u01075.jpg\" alt=\"\" class=\"wp-image-5586\" srcset=\"https:\/\/mrm-style.com\/sr\/wp-content\/uploads\/2020\/05\/Moja-strana-sveta-Vesna-Jugovi\u0107-de-Vin\u010da-Mr.M-by-Marko-Tadi\u01075.jpg 1122w, https:\/\/mrm-style.com\/sr\/wp-content\/uploads\/2020\/05\/Moja-strana-sveta-Vesna-Jugovi\u0107-de-Vin\u010da-Mr.M-by-Marko-Tadi\u01075-300x270.jpg 300w, https:\/\/mrm-style.com\/sr\/wp-content\/uploads\/2020\/05\/Moja-strana-sveta-Vesna-Jugovi\u0107-de-Vin\u010da-Mr.M-by-Marko-Tadi\u01075-1024x921.jpg 1024w, https:\/\/mrm-style.com\/sr\/wp-content\/uploads\/2020\/05\/Moja-strana-sveta-Vesna-Jugovi\u0107-de-Vin\u010da-Mr.M-by-Marko-Tadi\u01075-768x691.jpg 768w, https:\/\/mrm-style.com\/sr\/wp-content\/uploads\/2020\/05\/Moja-strana-sveta-Vesna-Jugovi\u0107-de-Vin\u010da-Mr.M-by-Marko-Tadi\u01075-800x719.jpg 800w, https:\/\/mrm-style.com\/sr\/wp-content\/uploads\/2020\/05\/Moja-strana-sveta-Vesna-Jugovi\u0107-de-Vin\u010da-Mr.M-by-Marko-Tadi\u01075-550x495.jpg 550w, https:\/\/mrm-style.com\/sr\/wp-content\/uploads\/2020\/05\/Moja-strana-sveta-Vesna-Jugovi\u0107-de-Vin\u010da-Mr.M-by-Marko-Tadi\u01075-667x600.jpg 667w\" sizes=\"auto, (max-width: 1122px) 100vw, 1122px\" \/><\/a><\/figure><\/div>\n\n\n\n<p><em>9.&nbsp;Se\u0107ate li se ose\u0107aja kada ste prvi put organizovali izbor za lepotu \u201cMis Srbija\u201d? Onaj moment kada ste proglasili prvu najlep\u0161u devojku Srbije i shvatili da ste postali pionir promocije srpskih lepotica u svetu.<\/em><\/p>\n\n\n\n<p><strong>Vesna de Vin\u010da<\/strong> &#8211; Bila sam uzbu\u0111ena jer se taj prvi put desilo toliko problema na Svetom Stefanu&nbsp;i na Cetinju te 1995. godine,&nbsp;&nbsp;da sam samo nestrpljivo \u010dekala kraj,&nbsp;da \u0161to pre zavr\u0161imo. Jedva sam pre\u017eivela taj izbor. Duga je to pri\u010da. Ali sam u toku te noci nau\u010dila toliko toga da bih sve to normalnim putem u\u010dila godinama. Eto lepote u problemu. Sve je relativno!<\/p>\n\n\n\n<div class=\"wp-block-image\"><figure class=\"aligncenter size-full\"><a href=\"https:\/\/mrm-style.com\/sr\/wp-content\/uploads\/2020\/05\/Moja-strana-sveta-Vesna-Jugovi\u0107-de-Vin\u010da-Mr.M-by-Marko-Tadi\u01072.jpg\"><img loading=\"lazy\" decoding=\"async\" width=\"960\" height=\"640\" src=\"https:\/\/mrm-style.com\/sr\/wp-content\/uploads\/2020\/05\/Moja-strana-sveta-Vesna-Jugovi\u0107-de-Vin\u010da-Mr.M-by-Marko-Tadi\u01072.jpg\" alt=\"\" class=\"wp-image-5583\" srcset=\"https:\/\/mrm-style.com\/sr\/wp-content\/uploads\/2020\/05\/Moja-strana-sveta-Vesna-Jugovi\u0107-de-Vin\u010da-Mr.M-by-Marko-Tadi\u01072.jpg 960w, https:\/\/mrm-style.com\/sr\/wp-content\/uploads\/2020\/05\/Moja-strana-sveta-Vesna-Jugovi\u0107-de-Vin\u010da-Mr.M-by-Marko-Tadi\u01072-300x200.jpg 300w, https:\/\/mrm-style.com\/sr\/wp-content\/uploads\/2020\/05\/Moja-strana-sveta-Vesna-Jugovi\u0107-de-Vin\u010da-Mr.M-by-Marko-Tadi\u01072-768x512.jpg 768w, https:\/\/mrm-style.com\/sr\/wp-content\/uploads\/2020\/05\/Moja-strana-sveta-Vesna-Jugovi\u0107-de-Vin\u010da-Mr.M-by-Marko-Tadi\u01072-800x533.jpg 800w, https:\/\/mrm-style.com\/sr\/wp-content\/uploads\/2020\/05\/Moja-strana-sveta-Vesna-Jugovi\u0107-de-Vin\u010da-Mr.M-by-Marko-Tadi\u01072-550x367.jpg 550w, https:\/\/mrm-style.com\/sr\/wp-content\/uploads\/2020\/05\/Moja-strana-sveta-Vesna-Jugovi\u0107-de-Vin\u010da-Mr.M-by-Marko-Tadi\u01072-900x600.jpg 900w\" sizes=\"auto, (max-width: 960px) 100vw, 960px\" \/><\/a><\/figure><\/div>\n\n\n\n<p><em>10. Kada biste morali da odaberete samo jednu odrednicu, \u0161ta biste odgovorili na pitanje ko je Vesna Jugovi\u0107 de Vin\u010da. Promoter lepote, strastveni putnik ili novinar?<\/em><\/p>\n\n\n\n<p><strong>Vesna de Vin\u010da<\/strong> &#8211; Istraziva\u010d \u017eivota! To je beskrajno uzbudljiv \u201cposao\u201d.&nbsp;\u010cini mi se da i kada budem odlazila na onaj svet da \u0107u ose\u0107ati&nbsp;&nbsp;ogromno uzbu\u0111enje i znati\u017eelju \u2013 \u0161ta me tamo \u010deka? To bi bio uspeh.<\/p>\n\n\n\n<div class=\"wp-block-image\"><figure class=\"aligncenter size-full\"><a href=\"https:\/\/mrm-style.com\/sr\/wp-content\/uploads\/2020\/05\/Moja-strana-sveta-Vesna-Jugovi\u0107-de-Vin\u010da-Mr.M-by-Marko-Tadi\u01071.jpg\"><img loading=\"lazy\" decoding=\"async\" width=\"1494\" height=\"1000\" src=\"https:\/\/mrm-style.com\/sr\/wp-content\/uploads\/2020\/05\/Moja-strana-sveta-Vesna-Jugovi\u0107-de-Vin\u010da-Mr.M-by-Marko-Tadi\u01071.jpg\" alt=\"\" class=\"wp-image-5582\" srcset=\"https:\/\/mrm-style.com\/sr\/wp-content\/uploads\/2020\/05\/Moja-strana-sveta-Vesna-Jugovi\u0107-de-Vin\u010da-Mr.M-by-Marko-Tadi\u01071.jpg 1494w, https:\/\/mrm-style.com\/sr\/wp-content\/uploads\/2020\/05\/Moja-strana-sveta-Vesna-Jugovi\u0107-de-Vin\u010da-Mr.M-by-Marko-Tadi\u01071-300x201.jpg 300w, https:\/\/mrm-style.com\/sr\/wp-content\/uploads\/2020\/05\/Moja-strana-sveta-Vesna-Jugovi\u0107-de-Vin\u010da-Mr.M-by-Marko-Tadi\u01071-1024x685.jpg 1024w, https:\/\/mrm-style.com\/sr\/wp-content\/uploads\/2020\/05\/Moja-strana-sveta-Vesna-Jugovi\u0107-de-Vin\u010da-Mr.M-by-Marko-Tadi\u01071-768x514.jpg 768w, https:\/\/mrm-style.com\/sr\/wp-content\/uploads\/2020\/05\/Moja-strana-sveta-Vesna-Jugovi\u0107-de-Vin\u010da-Mr.M-by-Marko-Tadi\u01071-1440x964.jpg 1440w, https:\/\/mrm-style.com\/sr\/wp-content\/uploads\/2020\/05\/Moja-strana-sveta-Vesna-Jugovi\u0107-de-Vin\u010da-Mr.M-by-Marko-Tadi\u01071-800x535.jpg 800w, https:\/\/mrm-style.com\/sr\/wp-content\/uploads\/2020\/05\/Moja-strana-sveta-Vesna-Jugovi\u0107-de-Vin\u010da-Mr.M-by-Marko-Tadi\u01071-550x368.jpg 550w, https:\/\/mrm-style.com\/sr\/wp-content\/uploads\/2020\/05\/Moja-strana-sveta-Vesna-Jugovi\u0107-de-Vin\u010da-Mr.M-by-Marko-Tadi\u01071-896x600.jpg 896w\" sizes=\"auto, (max-width: 1494px) 100vw, 1494px\" \/><\/a><\/figure><\/div>\n\n\n\n<p>Nadam se da vam se svi\u0111a moja nova rubrika na blogu &#8220;Moja strana sveta&#8221; i da ste u\u017eivali sa mojom dana\u0161njom go\u0161\u0107om. Ako imate neki predlog koga biste voleli da vidite i \u010diju stranu sveta bi voleli da otkrijete mo\u017eete mi napisati dole u komentarima. Naravno, kao i do sad uvek me mo\u017eete kontaktirati putem maila ili dru\u0161tvenih mre\u017ea i to mo\u017eete prona\u0107i na stranici&nbsp;<em><strong><a href=\"https:\/\/mrm-style.com\/sr\/kontakt\/\">KONTAKT<\/a>.<\/strong><\/em>&nbsp;Vidimo se uskoro na istom mestu i sa nekom novom pri\u010dom!<\/p>\n\n\n\n<p><em>Blogerski pozdrav,<\/em><\/p>\n\n\n\n<p><strong>Mr.M<\/strong><\/p>\n","protected":false},"excerpt":{"rendered":"<p>Dragi moji pustolovi, nadam se da ste dobro i da ste spremni za novi post. Odlu\u010dio sam da napravim novi sadr\u017eaj za vas u vidu specijalnih intervjua sa li\u010dnostima koje su ostavile trag na na\u0161im prostorima. Putovanja su najlep\u0161i dar \u017eivota koji nam mo\u017ee pru\u017eiti najbolji vid neformalnog obrazovanja. Moja dana\u0161nja go\u0161\u0107a je Vesna Jugovi\u0107 de Vin\u010da, kosmopolit, i \u017eena koja se preko dve decenije trudi da sve dimenzije lepote prika\u017ee na najbolji mogu\u0107i na\u010din. Ona je \u017eena koja je uspela da nas u najte\u017eim trenucima pove\u017ee sa svetom. Ovom&#8230; <span class=\"more\"><a class=\"more-link\" href=\"https:\/\/mrm-style.com\/sr\/moja-strana-sveta-vesna-jugovic-de-vinca\/\">Read More<\/a><\/span><\/p>\n","protected":false},"author":1,"featured_media":5587,"comment_status":"open","ping_status":"open","sticky":false,"template":"","format":"standard","meta":{"om_disable_all_campaigns":false,"_monsterinsights_skip_tracking":false,"_monsterinsights_sitenote_active":false,"_monsterinsights_sitenote_note":"","_monsterinsights_sitenote_category":0,"footnotes":""},"categories":[4997,9],"tags":[2305,5005,5010,5015,1681,5002,5014,5013,5012,3769,5009,56,5006,5001,54,55,2331,3862,5016,5003,5004,77,5008,5007,66,1890,4999,5000,4998,5011],"class_list":["post-5576","post","type-post","status-publish","format-standard","has-post-thumbnail","hentry","category-moja-strana-sveta","category-putovanja","tag-afrika","tag-crna-gora","tag-gadafi","tag-grcka","tag-indija","tag-intervju","tag-izrael","tag-jerusalim","tag-kankun","tag-lepota-putovanja","tag-libija","tag-marko-tadic","tag-meksiko","tag-moja-strana-sveta","tag-mr-m","tag-mr-m-by-marko-tadic","tag-mrmbymarkotadic","tag-mrmbymarkotadic-instagram","tag-nigerija","tag-poznati","tag-price-poznatih","tag-putovanja","tag-sahara","tag-sirija","tag-srbija","tag-sri-lanka","tag-vesna-de-vinca","tag-vesna-jugovic","tag-vesna-jugovic-de-vinca","tag-vijetnam"],"aioseo_notices":[],"_links":{"self":[{"href":"https:\/\/mrm-style.com\/sr\/wp-json\/wp\/v2\/posts\/5576","targetHints":{"allow":["GET"]}}],"collection":[{"href":"https:\/\/mrm-style.com\/sr\/wp-json\/wp\/v2\/posts"}],"about":[{"href":"https:\/\/mrm-style.com\/sr\/wp-json\/wp\/v2\/types\/post"}],"author":[{"embeddable":true,"href":"https:\/\/mrm-style.com\/sr\/wp-json\/wp\/v2\/users\/1"}],"replies":[{"embeddable":true,"href":"https:\/\/mrm-style.com\/sr\/wp-json\/wp\/v2\/comments?post=5576"}],"version-history":[{"count":9,"href":"https:\/\/mrm-style.com\/sr\/wp-json\/wp\/v2\/posts\/5576\/revisions"}],"predecessor-version":[{"id":5604,"href":"https:\/\/mrm-style.com\/sr\/wp-json\/wp\/v2\/posts\/5576\/revisions\/5604"}],"wp:featuredmedia":[{"embeddable":true,"href":"https:\/\/mrm-style.com\/sr\/wp-json\/wp\/v2\/media\/5587"}],"wp:attachment":[{"href":"https:\/\/mrm-style.com\/sr\/wp-json\/wp\/v2\/media?parent=5576"}],"wp:term":[{"taxonomy":"category","embeddable":true,"href":"https:\/\/mrm-style.com\/sr\/wp-json\/wp\/v2\/categories?post=5576"},{"taxonomy":"post_tag","embeddable":true,"href":"https:\/\/mrm-style.com\/sr\/wp-json\/wp\/v2\/tags?post=5576"}],"curies":[{"name":"wp","href":"https:\/\/api.w.org\/{rel}","templated":true}]}}