{"id":5606,"date":"2020-05-11T19:32:32","date_gmt":"2020-05-11T18:32:32","guid":{"rendered":"https:\/\/mrm-style.com\/sr\/?p=5606"},"modified":"2020-05-11T19:32:35","modified_gmt":"2020-05-11T18:32:35","slug":"sta-je-moda-elegancija-i-secesija-u-srcu-backe","status":"publish","type":"post","link":"https:\/\/mrm-style.com\/sr\/sta-je-moda-elegancija-i-secesija-u-srcu-backe\/","title":{"rendered":"\u0160ta je moda? Elegancija i Secesija u srcu Ba\u010dke&#8230;"},"content":{"rendered":"\n<p>Dragi moji pustolovi i ljubitelji mode, dobro do\u0161li u moj novi post. Kako ste mi danas? Da li ste uspeli da se povratite u u\u017eurbani svakodnevni tok? Siguran sam da nam je svima laknulo kako su vlasti odlu\u010dile da popuste mere i da nam vrate \u017eivot u normalu na koji smo svi navikli. <\/p>\n\n\n\n<p>Ovih dana sam razmi\u0161ljao gde bih mogao da odem i malo razbistrim svoj um, a usput da nau\u010dim ne\u0161to novo o svojoj zemlji. Istra\u017euju\u0107i po internetu prona\u0161ao sam dosta preporuka koja mesta u Srbiji treba posetiti. Moram priznati da sam bio odu\u0161evljen fotografijama iz Srbije i na kraju sam odlu\u010dio da bih trebao da posetim najseverniji grad u Srbiji &#8211; Suboticu.<\/p>\n\n\n\n<div class=\"wp-block-image\"><figure class=\"aligncenter size-full\"><a href=\"https:\/\/mrm-style.com\/sr\/wp-content\/uploads\/2020\/05\/\u0160ta-je-moda-Elegancija-i-secesija-u-srcu-Ba\u010dke...-Mr.M-by-Marko-Tadi\u01071.jpg\"><img loading=\"lazy\" decoding=\"async\" width=\"2246\" height=\"1500\" src=\"https:\/\/mrm-style.com\/sr\/wp-content\/uploads\/2020\/05\/\u0160ta-je-moda-Elegancija-i-secesija-u-srcu-Ba\u010dke...-Mr.M-by-Marko-Tadi\u01071.jpg\" alt=\"\" class=\"wp-image-5607\" srcset=\"https:\/\/mrm-style.com\/sr\/wp-content\/uploads\/2020\/05\/\u0160ta-je-moda-Elegancija-i-secesija-u-srcu-Ba\u010dke...-Mr.M-by-Marko-Tadi\u01071.jpg 2246w, https:\/\/mrm-style.com\/sr\/wp-content\/uploads\/2020\/05\/\u0160ta-je-moda-Elegancija-i-secesija-u-srcu-Ba\u010dke...-Mr.M-by-Marko-Tadi\u01071-300x200.jpg 300w, https:\/\/mrm-style.com\/sr\/wp-content\/uploads\/2020\/05\/\u0160ta-je-moda-Elegancija-i-secesija-u-srcu-Ba\u010dke...-Mr.M-by-Marko-Tadi\u01071-1024x684.jpg 1024w, https:\/\/mrm-style.com\/sr\/wp-content\/uploads\/2020\/05\/\u0160ta-je-moda-Elegancija-i-secesija-u-srcu-Ba\u010dke...-Mr.M-by-Marko-Tadi\u01071-768x513.jpg 768w, https:\/\/mrm-style.com\/sr\/wp-content\/uploads\/2020\/05\/\u0160ta-je-moda-Elegancija-i-secesija-u-srcu-Ba\u010dke...-Mr.M-by-Marko-Tadi\u01071-1536x1026.jpg 1536w, https:\/\/mrm-style.com\/sr\/wp-content\/uploads\/2020\/05\/\u0160ta-je-moda-Elegancija-i-secesija-u-srcu-Ba\u010dke...-Mr.M-by-Marko-Tadi\u01071-2048x1368.jpg 2048w, https:\/\/mrm-style.com\/sr\/wp-content\/uploads\/2020\/05\/\u0160ta-je-moda-Elegancija-i-secesija-u-srcu-Ba\u010dke...-Mr.M-by-Marko-Tadi\u01071-1440x962.jpg 1440w, https:\/\/mrm-style.com\/sr\/wp-content\/uploads\/2020\/05\/\u0160ta-je-moda-Elegancija-i-secesija-u-srcu-Ba\u010dke...-Mr.M-by-Marko-Tadi\u01071-800x534.jpg 800w, https:\/\/mrm-style.com\/sr\/wp-content\/uploads\/2020\/05\/\u0160ta-je-moda-Elegancija-i-secesija-u-srcu-Ba\u010dke...-Mr.M-by-Marko-Tadi\u01071-550x367.jpg 550w, https:\/\/mrm-style.com\/sr\/wp-content\/uploads\/2020\/05\/\u0160ta-je-moda-Elegancija-i-secesija-u-srcu-Ba\u010dke...-Mr.M-by-Marko-Tadi\u01071-1920x1282.jpg 1920w, https:\/\/mrm-style.com\/sr\/wp-content\/uploads\/2020\/05\/\u0160ta-je-moda-Elegancija-i-secesija-u-srcu-Ba\u010dke...-Mr.M-by-Marko-Tadi\u01071-1617x1080.jpg 1617w, https:\/\/mrm-style.com\/sr\/wp-content\/uploads\/2020\/05\/\u0160ta-je-moda-Elegancija-i-secesija-u-srcu-Ba\u010dke...-Mr.M-by-Marko-Tadi\u01071-898x600.jpg 898w\" sizes=\"auto, (max-width: 2246px) 100vw, 2246px\" \/><\/a><\/figure><\/div>\n\n\n\n<p>Kroz istoriju mnoga imena su upotrebljavana da prika\u017eu lepotu ovog grada. Tokom burne istorije grad je promenio oko 200 naziva. Sigurno se pitate zbog \u010dega? Subotica je grad u kojem su \u017eiveli ljudi razli\u010ditog etni\u010dkog porekla od srednjeg veka, pa sve do danas, a bio je i pod upravom nekoliko razli\u010ditih osvaja\u010dkih sila. Zanimljivost je da su svi stanovnici pisali o Subotici i davali ime gradu u skladu sa pravopisnim i gramati\u010dkim pravilima svog jezika, ali u ve\u0107ini slu\u010dajeva, nisu menjali na\u010din izgovaranja sve do danas.<\/p>\n\n\n\n<div class=\"wp-block-image\"><figure class=\"aligncenter size-full\"><a href=\"https:\/\/mrm-style.com\/sr\/wp-content\/uploads\/2020\/05\/\u0160ta-je-moda-Elegancija-i-secesija-u-srcu-Ba\u010dke...-Mr.M-by-Marko-Tadi\u01072.jpg\"><img loading=\"lazy\" decoding=\"async\" width=\"1001\" height=\"1500\" src=\"https:\/\/mrm-style.com\/sr\/wp-content\/uploads\/2020\/05\/\u0160ta-je-moda-Elegancija-i-secesija-u-srcu-Ba\u010dke...-Mr.M-by-Marko-Tadi\u01072.jpg\" alt=\"\" class=\"wp-image-5608\" srcset=\"https:\/\/mrm-style.com\/sr\/wp-content\/uploads\/2020\/05\/\u0160ta-je-moda-Elegancija-i-secesija-u-srcu-Ba\u010dke...-Mr.M-by-Marko-Tadi\u01072.jpg 1001w, https:\/\/mrm-style.com\/sr\/wp-content\/uploads\/2020\/05\/\u0160ta-je-moda-Elegancija-i-secesija-u-srcu-Ba\u010dke...-Mr.M-by-Marko-Tadi\u01072-200x300.jpg 200w, https:\/\/mrm-style.com\/sr\/wp-content\/uploads\/2020\/05\/\u0160ta-je-moda-Elegancija-i-secesija-u-srcu-Ba\u010dke...-Mr.M-by-Marko-Tadi\u01072-683x1024.jpg 683w, https:\/\/mrm-style.com\/sr\/wp-content\/uploads\/2020\/05\/\u0160ta-je-moda-Elegancija-i-secesija-u-srcu-Ba\u010dke...-Mr.M-by-Marko-Tadi\u01072-768x1151.jpg 768w, https:\/\/mrm-style.com\/sr\/wp-content\/uploads\/2020\/05\/\u0160ta-je-moda-Elegancija-i-secesija-u-srcu-Ba\u010dke...-Mr.M-by-Marko-Tadi\u01072-800x1199.jpg 800w, https:\/\/mrm-style.com\/sr\/wp-content\/uploads\/2020\/05\/\u0160ta-je-moda-Elegancija-i-secesija-u-srcu-Ba\u010dke...-Mr.M-by-Marko-Tadi\u01072-550x824.jpg 550w, https:\/\/mrm-style.com\/sr\/wp-content\/uploads\/2020\/05\/\u0160ta-je-moda-Elegancija-i-secesija-u-srcu-Ba\u010dke...-Mr.M-by-Marko-Tadi\u01072-721x1080.jpg 721w, https:\/\/mrm-style.com\/sr\/wp-content\/uploads\/2020\/05\/\u0160ta-je-moda-Elegancija-i-secesija-u-srcu-Ba\u010dke...-Mr.M-by-Marko-Tadi\u01072-400x600.jpg 400w\" sizes=\"auto, (max-width: 1001px) 100vw, 1001px\" \/><\/a><\/figure><\/div>\n\n\n\n<p>Dana\u0161nji srpski naziv grada Subotica poti\u010de od re\u010di koja ozna\u010dava dan u nedelji \u201esubota\u201c i prvi put se zvani\u010dno pojavljuje sredinom 17. veka. Me\u0111utim, vlada mi\u0161ljenje \u017eitelja prema kojem je grad dobio ime po Suboti Vrli\u0107u, rizni\u010daru cara Jovana Nenada. Naravno, kao i uvek postoji vi\u0161e legendi koje su se prenosile generacijski sa koleno na koleno i vi\u0161e izvora informacija, ali smatram da su ove dve pretpostavke o poreklu naziva grada Subotica istinita. <em><strong>Da li mo\u017eda znate koje je bilo zvani\u010dno prvo ime ovog grada?<\/strong><\/em><\/p>\n\n\n\n<div class=\"wp-block-image\"><figure class=\"aligncenter size-full\"><a href=\"https:\/\/mrm-style.com\/sr\/wp-content\/uploads\/2020\/05\/\u0160ta-je-moda-Elegancija-i-secesija-u-srcu-Ba\u010dke...-Mr.M-by-Marko-Tadi\u01074.jpg\"><img loading=\"lazy\" decoding=\"async\" width=\"1884\" height=\"1500\" src=\"https:\/\/mrm-style.com\/sr\/wp-content\/uploads\/2020\/05\/\u0160ta-je-moda-Elegancija-i-secesija-u-srcu-Ba\u010dke...-Mr.M-by-Marko-Tadi\u01074.jpg\" alt=\"\" class=\"wp-image-5610\" srcset=\"https:\/\/mrm-style.com\/sr\/wp-content\/uploads\/2020\/05\/\u0160ta-je-moda-Elegancija-i-secesija-u-srcu-Ba\u010dke...-Mr.M-by-Marko-Tadi\u01074.jpg 1884w, https:\/\/mrm-style.com\/sr\/wp-content\/uploads\/2020\/05\/\u0160ta-je-moda-Elegancija-i-secesija-u-srcu-Ba\u010dke...-Mr.M-by-Marko-Tadi\u01074-300x239.jpg 300w, https:\/\/mrm-style.com\/sr\/wp-content\/uploads\/2020\/05\/\u0160ta-je-moda-Elegancija-i-secesija-u-srcu-Ba\u010dke...-Mr.M-by-Marko-Tadi\u01074-1024x815.jpg 1024w, https:\/\/mrm-style.com\/sr\/wp-content\/uploads\/2020\/05\/\u0160ta-je-moda-Elegancija-i-secesija-u-srcu-Ba\u010dke...-Mr.M-by-Marko-Tadi\u01074-768x611.jpg 768w, https:\/\/mrm-style.com\/sr\/wp-content\/uploads\/2020\/05\/\u0160ta-je-moda-Elegancija-i-secesija-u-srcu-Ba\u010dke...-Mr.M-by-Marko-Tadi\u01074-1536x1223.jpg 1536w, https:\/\/mrm-style.com\/sr\/wp-content\/uploads\/2020\/05\/\u0160ta-je-moda-Elegancija-i-secesija-u-srcu-Ba\u010dke...-Mr.M-by-Marko-Tadi\u01074-1440x1146.jpg 1440w, https:\/\/mrm-style.com\/sr\/wp-content\/uploads\/2020\/05\/\u0160ta-je-moda-Elegancija-i-secesija-u-srcu-Ba\u010dke...-Mr.M-by-Marko-Tadi\u01074-800x637.jpg 800w, https:\/\/mrm-style.com\/sr\/wp-content\/uploads\/2020\/05\/\u0160ta-je-moda-Elegancija-i-secesija-u-srcu-Ba\u010dke...-Mr.M-by-Marko-Tadi\u01074-550x438.jpg 550w, https:\/\/mrm-style.com\/sr\/wp-content\/uploads\/2020\/05\/\u0160ta-je-moda-Elegancija-i-secesija-u-srcu-Ba\u010dke...-Mr.M-by-Marko-Tadi\u01074-1356x1080.jpg 1356w, https:\/\/mrm-style.com\/sr\/wp-content\/uploads\/2020\/05\/\u0160ta-je-moda-Elegancija-i-secesija-u-srcu-Ba\u010dke...-Mr.M-by-Marko-Tadi\u01074-754x600.jpg 754w\" sizes=\"auto, (max-width: 1884px) 100vw, 1884px\" \/><\/a><\/figure><\/div>\n\n\n\n<p>Neki istorijski spisi nam dokazuju da je prvo zvani\u010dno dokumentovano ime grada bilo <em><strong>Zabatka<\/strong><\/em>, koje datira iz 15. veka. Postoje razli\u010dite teorije istorije porekla ovog imena. Prema jednoj od teorija da je to ustvari jedna od varijanti dana\u0161njeg naziva grada na ma\u0111arskom jeziku koji glasi Szabadka. <\/p>\n\n\n\n<p>U skladu sa ovom teorijom ova re\u010d proisti\u010de od prideva Szabad \u0161to na ma\u0111arskom jeziku zna\u010di \u201eslobodan\u201c i sufiksa &#8220;-ka&#8221; koji se tuma\u010di kao umanjenica &#8211; deminutiv. Prema tome u slobodnom prevodu prvobitnog imena dana\u0161nje Subotice mo\u017eemo tuma\u010diti kao \u201emalo\u201c ili \u201eslobodno mesto\u201c.<\/p>\n\n\n\n<div class=\"wp-block-image\"><figure class=\"aligncenter size-full\"><a href=\"https:\/\/mrm-style.com\/sr\/wp-content\/uploads\/2020\/05\/\u0160ta-je-moda-Elegancija-i-secesija-u-srcu-Ba\u010dke...-Mr.M-by-Marko-Tadi\u01073.jpg\"><img loading=\"lazy\" decoding=\"async\" width=\"1128\" height=\"1500\" src=\"https:\/\/mrm-style.com\/sr\/wp-content\/uploads\/2020\/05\/\u0160ta-je-moda-Elegancija-i-secesija-u-srcu-Ba\u010dke...-Mr.M-by-Marko-Tadi\u01073.jpg\" alt=\"\" class=\"wp-image-5609\" srcset=\"https:\/\/mrm-style.com\/sr\/wp-content\/uploads\/2020\/05\/\u0160ta-je-moda-Elegancija-i-secesija-u-srcu-Ba\u010dke...-Mr.M-by-Marko-Tadi\u01073.jpg 1128w, https:\/\/mrm-style.com\/sr\/wp-content\/uploads\/2020\/05\/\u0160ta-je-moda-Elegancija-i-secesija-u-srcu-Ba\u010dke...-Mr.M-by-Marko-Tadi\u01073-226x300.jpg 226w, https:\/\/mrm-style.com\/sr\/wp-content\/uploads\/2020\/05\/\u0160ta-je-moda-Elegancija-i-secesija-u-srcu-Ba\u010dke...-Mr.M-by-Marko-Tadi\u01073-770x1024.jpg 770w, https:\/\/mrm-style.com\/sr\/wp-content\/uploads\/2020\/05\/\u0160ta-je-moda-Elegancija-i-secesija-u-srcu-Ba\u010dke...-Mr.M-by-Marko-Tadi\u01073-768x1021.jpg 768w, https:\/\/mrm-style.com\/sr\/wp-content\/uploads\/2020\/05\/\u0160ta-je-moda-Elegancija-i-secesija-u-srcu-Ba\u010dke...-Mr.M-by-Marko-Tadi\u01073-800x1064.jpg 800w, https:\/\/mrm-style.com\/sr\/wp-content\/uploads\/2020\/05\/\u0160ta-je-moda-Elegancija-i-secesija-u-srcu-Ba\u010dke...-Mr.M-by-Marko-Tadi\u01073-550x731.jpg 550w, https:\/\/mrm-style.com\/sr\/wp-content\/uploads\/2020\/05\/\u0160ta-je-moda-Elegancija-i-secesija-u-srcu-Ba\u010dke...-Mr.M-by-Marko-Tadi\u01073-812x1080.jpg 812w, https:\/\/mrm-style.com\/sr\/wp-content\/uploads\/2020\/05\/\u0160ta-je-moda-Elegancija-i-secesija-u-srcu-Ba\u010dke...-Mr.M-by-Marko-Tadi\u01073-451x600.jpg 451w\" sizes=\"auto, (max-width: 1128px) 100vw, 1128px\" \/><\/a><\/figure><\/div>\n\n\n\n<p>Gra\u0111evina koju imate prilike da vidite na slikama je neverovatna palata arhitekte Ferenca Rajhla koja je izgra\u0111ena po\u010detkom 20. veka. Ova palata je bila njegov dom i sedi\u0161te njegov projektni biro. Ova gra\u0111evina je napravljena u stilu neponovljive ma\u0111arske secesije i zaista predstavlja jedno remek-delo. <\/p>\n\n\n\n<p>Danas, ova gra\u0111evina je za\u0161ti\u0107eno kulturno dobro i kulturni spomenik. Vi\u0161e informacija o ovoj znamenitosti \u0107u vam napisati u narednom postu kada vas budem vodio u turisti\u010dku \u0161etnju kroz predivnu Suboticu.<\/p>\n\n\n\n<div class=\"wp-block-image\"><figure class=\"aligncenter size-full\"><a href=\"https:\/\/mrm-style.com\/sr\/wp-content\/uploads\/2020\/05\/\u0160ta-je-moda-Elegancija-i-secesija-u-srcu-Ba\u010dke...-Mr.M-by-Marko-Tadi\u01075.jpg\"><img loading=\"lazy\" decoding=\"async\" width=\"2249\" height=\"1500\" src=\"https:\/\/mrm-style.com\/sr\/wp-content\/uploads\/2020\/05\/\u0160ta-je-moda-Elegancija-i-secesija-u-srcu-Ba\u010dke...-Mr.M-by-Marko-Tadi\u01075.jpg\" alt=\"\" class=\"wp-image-5611\" srcset=\"https:\/\/mrm-style.com\/sr\/wp-content\/uploads\/2020\/05\/\u0160ta-je-moda-Elegancija-i-secesija-u-srcu-Ba\u010dke...-Mr.M-by-Marko-Tadi\u01075.jpg 2249w, https:\/\/mrm-style.com\/sr\/wp-content\/uploads\/2020\/05\/\u0160ta-je-moda-Elegancija-i-secesija-u-srcu-Ba\u010dke...-Mr.M-by-Marko-Tadi\u01075-300x200.jpg 300w, https:\/\/mrm-style.com\/sr\/wp-content\/uploads\/2020\/05\/\u0160ta-je-moda-Elegancija-i-secesija-u-srcu-Ba\u010dke...-Mr.M-by-Marko-Tadi\u01075-1024x683.jpg 1024w, https:\/\/mrm-style.com\/sr\/wp-content\/uploads\/2020\/05\/\u0160ta-je-moda-Elegancija-i-secesija-u-srcu-Ba\u010dke...-Mr.M-by-Marko-Tadi\u01075-768x512.jpg 768w, https:\/\/mrm-style.com\/sr\/wp-content\/uploads\/2020\/05\/\u0160ta-je-moda-Elegancija-i-secesija-u-srcu-Ba\u010dke...-Mr.M-by-Marko-Tadi\u01075-1536x1024.jpg 1536w, https:\/\/mrm-style.com\/sr\/wp-content\/uploads\/2020\/05\/\u0160ta-je-moda-Elegancija-i-secesija-u-srcu-Ba\u010dke...-Mr.M-by-Marko-Tadi\u01075-2048x1366.jpg 2048w, https:\/\/mrm-style.com\/sr\/wp-content\/uploads\/2020\/05\/\u0160ta-je-moda-Elegancija-i-secesija-u-srcu-Ba\u010dke...-Mr.M-by-Marko-Tadi\u01075-1440x960.jpg 1440w, https:\/\/mrm-style.com\/sr\/wp-content\/uploads\/2020\/05\/\u0160ta-je-moda-Elegancija-i-secesija-u-srcu-Ba\u010dke...-Mr.M-by-Marko-Tadi\u01075-800x534.jpg 800w, https:\/\/mrm-style.com\/sr\/wp-content\/uploads\/2020\/05\/\u0160ta-je-moda-Elegancija-i-secesija-u-srcu-Ba\u010dke...-Mr.M-by-Marko-Tadi\u01075-550x367.jpg 550w, https:\/\/mrm-style.com\/sr\/wp-content\/uploads\/2020\/05\/\u0160ta-je-moda-Elegancija-i-secesija-u-srcu-Ba\u010dke...-Mr.M-by-Marko-Tadi\u01075-1920x1281.jpg 1920w, https:\/\/mrm-style.com\/sr\/wp-content\/uploads\/2020\/05\/\u0160ta-je-moda-Elegancija-i-secesija-u-srcu-Ba\u010dke...-Mr.M-by-Marko-Tadi\u01075-1619x1080.jpg 1619w, https:\/\/mrm-style.com\/sr\/wp-content\/uploads\/2020\/05\/\u0160ta-je-moda-Elegancija-i-secesija-u-srcu-Ba\u010dke...-Mr.M-by-Marko-Tadi\u01075-900x600.jpg 900w\" sizes=\"auto, (max-width: 2249px) 100vw, 2249px\" \/><\/a><\/figure><\/div>\n\n\n\n<p>Grad odi\u0161e jednom posebnom energijom i sve vreme sam imao ose\u0107aj da se nalazim u drugoj zemlji. Verujte mi da sam imao utisak da se nalazim u nekom \u0161armantnom austrijskom gradi\u0107u. Moj fotograf i ja smo bili jedno kratko vreme atrakcija u gradu po\u0161to se niko nije slikao, a ja sam imao upadljivu ma\u0161ineriju za slikanje pa je ljudima bilo interesantno da gledaju \u0161ta radimo. <\/p>\n\n\n\n<p>Jedna gospo\u0111a koja je i\u0161la do samoposluge sa \u0107erkom me je prepoznala i nije verovala da \u0107e me sresti u svom gradu. Gospo\u0111a ja bila toliko divna da nisam mogao da odbijem njen srda\u010dan poziv na kafu pa smo  moj fotograf i ja imali neo\u010dekivanu pauzu.<\/p>\n\n\n\n<div class=\"wp-block-image\"><figure class=\"aligncenter size-full\"><a href=\"https:\/\/mrm-style.com\/sr\/wp-content\/uploads\/2020\/05\/\u0160ta-je-moda-Elegancija-i-secesija-u-srcu-Ba\u010dke...-Mr.M-by-Marko-Tadi\u01076.jpg\"><img loading=\"lazy\" decoding=\"async\" width=\"1001\" height=\"1500\" src=\"https:\/\/mrm-style.com\/sr\/wp-content\/uploads\/2020\/05\/\u0160ta-je-moda-Elegancija-i-secesija-u-srcu-Ba\u010dke...-Mr.M-by-Marko-Tadi\u01076.jpg\" alt=\"\" class=\"wp-image-5612\" srcset=\"https:\/\/mrm-style.com\/sr\/wp-content\/uploads\/2020\/05\/\u0160ta-je-moda-Elegancija-i-secesija-u-srcu-Ba\u010dke...-Mr.M-by-Marko-Tadi\u01076.jpg 1001w, https:\/\/mrm-style.com\/sr\/wp-content\/uploads\/2020\/05\/\u0160ta-je-moda-Elegancija-i-secesija-u-srcu-Ba\u010dke...-Mr.M-by-Marko-Tadi\u01076-200x300.jpg 200w, https:\/\/mrm-style.com\/sr\/wp-content\/uploads\/2020\/05\/\u0160ta-je-moda-Elegancija-i-secesija-u-srcu-Ba\u010dke...-Mr.M-by-Marko-Tadi\u01076-683x1024.jpg 683w, https:\/\/mrm-style.com\/sr\/wp-content\/uploads\/2020\/05\/\u0160ta-je-moda-Elegancija-i-secesija-u-srcu-Ba\u010dke...-Mr.M-by-Marko-Tadi\u01076-768x1151.jpg 768w, https:\/\/mrm-style.com\/sr\/wp-content\/uploads\/2020\/05\/\u0160ta-je-moda-Elegancija-i-secesija-u-srcu-Ba\u010dke...-Mr.M-by-Marko-Tadi\u01076-800x1199.jpg 800w, https:\/\/mrm-style.com\/sr\/wp-content\/uploads\/2020\/05\/\u0160ta-je-moda-Elegancija-i-secesija-u-srcu-Ba\u010dke...-Mr.M-by-Marko-Tadi\u01076-550x824.jpg 550w, https:\/\/mrm-style.com\/sr\/wp-content\/uploads\/2020\/05\/\u0160ta-je-moda-Elegancija-i-secesija-u-srcu-Ba\u010dke...-Mr.M-by-Marko-Tadi\u01076-721x1080.jpg 721w, https:\/\/mrm-style.com\/sr\/wp-content\/uploads\/2020\/05\/\u0160ta-je-moda-Elegancija-i-secesija-u-srcu-Ba\u010dke...-Mr.M-by-Marko-Tadi\u01076-400x600.jpg 400w\" sizes=\"auto, (max-width: 1001px) 100vw, 1001px\" \/><\/a><\/figure><\/div>\n\n\n\n<p>Po\u0161to znate da uvek sa vama delim neke zanimljive informacije i moja li\u010dna zapa\u017eanja moram vam re\u0107i jednu zanimljivu stvar. Gospo\u0111a koja nas je odvela na kafu i limunadu je bila jedna vrsta poslasti\u010darnice koja je imala divan sladoled. Na\u017ealost, zbog ove situacije trenutno ne mogu da prave kola\u010de, ali u\u017eivali smo u lepim slatkim letnjim poslasticama.<\/p>\n\n\n\n<p>Stvar koja me je zadivila je cena sladoleda, kafe i limunade&#8230; Da li \u0107ete mi poverovati da kugla sladoleda ko\u0161ta 50 dinara, a da kornet ko\u0161ta 20 dinara&#8230; \u010ca\u0161a limunade 50 dinara, tako\u0111e je i ista cena kafe&#8230; Moram priznati da sam bio u \u0161oku jer u Beogradu cene su drasti\u010dno ve\u0107e. Nisam verovao kada sam dobio ra\u010dun mislio sam da nisu ne\u0161to dobro izra\u010dunali, svi su primetili da sam za\u010du\u0111en pa su mi objasnili da je to kod njih takva cena. <\/p>\n\n\n\n<div class=\"wp-block-image\"><figure class=\"aligncenter size-full\"><a href=\"https:\/\/mrm-style.com\/sr\/wp-content\/uploads\/2020\/05\/\u0160ta-je-moda-Elegancija-i-secesija-u-srcu-Ba\u010dke...-Mr.M-by-Marko-Tadi\u01077.jpg\"><img loading=\"lazy\" decoding=\"async\" width=\"2249\" height=\"1500\" src=\"https:\/\/mrm-style.com\/sr\/wp-content\/uploads\/2020\/05\/\u0160ta-je-moda-Elegancija-i-secesija-u-srcu-Ba\u010dke...-Mr.M-by-Marko-Tadi\u01077.jpg\" alt=\"\" class=\"wp-image-5613\" srcset=\"https:\/\/mrm-style.com\/sr\/wp-content\/uploads\/2020\/05\/\u0160ta-je-moda-Elegancija-i-secesija-u-srcu-Ba\u010dke...-Mr.M-by-Marko-Tadi\u01077.jpg 2249w, https:\/\/mrm-style.com\/sr\/wp-content\/uploads\/2020\/05\/\u0160ta-je-moda-Elegancija-i-secesija-u-srcu-Ba\u010dke...-Mr.M-by-Marko-Tadi\u01077-300x200.jpg 300w, https:\/\/mrm-style.com\/sr\/wp-content\/uploads\/2020\/05\/\u0160ta-je-moda-Elegancija-i-secesija-u-srcu-Ba\u010dke...-Mr.M-by-Marko-Tadi\u01077-1024x683.jpg 1024w, https:\/\/mrm-style.com\/sr\/wp-content\/uploads\/2020\/05\/\u0160ta-je-moda-Elegancija-i-secesija-u-srcu-Ba\u010dke...-Mr.M-by-Marko-Tadi\u01077-768x512.jpg 768w, https:\/\/mrm-style.com\/sr\/wp-content\/uploads\/2020\/05\/\u0160ta-je-moda-Elegancija-i-secesija-u-srcu-Ba\u010dke...-Mr.M-by-Marko-Tadi\u01077-1536x1024.jpg 1536w, https:\/\/mrm-style.com\/sr\/wp-content\/uploads\/2020\/05\/\u0160ta-je-moda-Elegancija-i-secesija-u-srcu-Ba\u010dke...-Mr.M-by-Marko-Tadi\u01077-2048x1366.jpg 2048w, https:\/\/mrm-style.com\/sr\/wp-content\/uploads\/2020\/05\/\u0160ta-je-moda-Elegancija-i-secesija-u-srcu-Ba\u010dke...-Mr.M-by-Marko-Tadi\u01077-1440x960.jpg 1440w, https:\/\/mrm-style.com\/sr\/wp-content\/uploads\/2020\/05\/\u0160ta-je-moda-Elegancija-i-secesija-u-srcu-Ba\u010dke...-Mr.M-by-Marko-Tadi\u01077-800x534.jpg 800w, https:\/\/mrm-style.com\/sr\/wp-content\/uploads\/2020\/05\/\u0160ta-je-moda-Elegancija-i-secesija-u-srcu-Ba\u010dke...-Mr.M-by-Marko-Tadi\u01077-550x367.jpg 550w, https:\/\/mrm-style.com\/sr\/wp-content\/uploads\/2020\/05\/\u0160ta-je-moda-Elegancija-i-secesija-u-srcu-Ba\u010dke...-Mr.M-by-Marko-Tadi\u01077-1920x1281.jpg 1920w, https:\/\/mrm-style.com\/sr\/wp-content\/uploads\/2020\/05\/\u0160ta-je-moda-Elegancija-i-secesija-u-srcu-Ba\u010dke...-Mr.M-by-Marko-Tadi\u01077-1619x1080.jpg 1619w, https:\/\/mrm-style.com\/sr\/wp-content\/uploads\/2020\/05\/\u0160ta-je-moda-Elegancija-i-secesija-u-srcu-Ba\u010dke...-Mr.M-by-Marko-Tadi\u01077-900x600.jpg 900w\" sizes=\"auto, (max-width: 2249px) 100vw, 2249px\" \/><\/a><\/figure><\/div>\n\n\n\n<p>Mislim da image sad razlog vi\u0161e da posetite najseverniji grad u Srbiji i da u\u017eivate lepoti grada i da se malo osve\u017eite i napravite malu slatku pauzu dok sumirate utiske o Subotici. Na\u0161oj pri\u010di ne bi bilo kraja, ali posao zove i imali smo da obavimo jo\u0161 dosta posla i morali smo da krenemo dalje.<\/p>\n\n\n\n<div class=\"wp-block-image\"><figure class=\"aligncenter size-full\"><a href=\"https:\/\/mrm-style.com\/sr\/wp-content\/uploads\/2020\/05\/\u0160ta-je-moda-Elegancija-i-secesija-u-srcu-Ba\u010dke...-Mr.M-by-Marko-Tadi\u01079.jpg\"><img loading=\"lazy\" decoding=\"async\" width=\"2403\" height=\"1500\" src=\"https:\/\/mrm-style.com\/sr\/wp-content\/uploads\/2020\/05\/\u0160ta-je-moda-Elegancija-i-secesija-u-srcu-Ba\u010dke...-Mr.M-by-Marko-Tadi\u01079.jpg\" alt=\"\" class=\"wp-image-5615\" srcset=\"https:\/\/mrm-style.com\/sr\/wp-content\/uploads\/2020\/05\/\u0160ta-je-moda-Elegancija-i-secesija-u-srcu-Ba\u010dke...-Mr.M-by-Marko-Tadi\u01079.jpg 2403w, https:\/\/mrm-style.com\/sr\/wp-content\/uploads\/2020\/05\/\u0160ta-je-moda-Elegancija-i-secesija-u-srcu-Ba\u010dke...-Mr.M-by-Marko-Tadi\u01079-300x187.jpg 300w, https:\/\/mrm-style.com\/sr\/wp-content\/uploads\/2020\/05\/\u0160ta-je-moda-Elegancija-i-secesija-u-srcu-Ba\u010dke...-Mr.M-by-Marko-Tadi\u01079-1024x639.jpg 1024w, https:\/\/mrm-style.com\/sr\/wp-content\/uploads\/2020\/05\/\u0160ta-je-moda-Elegancija-i-secesija-u-srcu-Ba\u010dke...-Mr.M-by-Marko-Tadi\u01079-768x479.jpg 768w, https:\/\/mrm-style.com\/sr\/wp-content\/uploads\/2020\/05\/\u0160ta-je-moda-Elegancija-i-secesija-u-srcu-Ba\u010dke...-Mr.M-by-Marko-Tadi\u01079-1536x959.jpg 1536w, https:\/\/mrm-style.com\/sr\/wp-content\/uploads\/2020\/05\/\u0160ta-je-moda-Elegancija-i-secesija-u-srcu-Ba\u010dke...-Mr.M-by-Marko-Tadi\u01079-2048x1278.jpg 2048w, https:\/\/mrm-style.com\/sr\/wp-content\/uploads\/2020\/05\/\u0160ta-je-moda-Elegancija-i-secesija-u-srcu-Ba\u010dke...-Mr.M-by-Marko-Tadi\u01079-1440x899.jpg 1440w, https:\/\/mrm-style.com\/sr\/wp-content\/uploads\/2020\/05\/\u0160ta-je-moda-Elegancija-i-secesija-u-srcu-Ba\u010dke...-Mr.M-by-Marko-Tadi\u01079-800x499.jpg 800w, https:\/\/mrm-style.com\/sr\/wp-content\/uploads\/2020\/05\/\u0160ta-je-moda-Elegancija-i-secesija-u-srcu-Ba\u010dke...-Mr.M-by-Marko-Tadi\u01079-550x343.jpg 550w, https:\/\/mrm-style.com\/sr\/wp-content\/uploads\/2020\/05\/\u0160ta-je-moda-Elegancija-i-secesija-u-srcu-Ba\u010dke...-Mr.M-by-Marko-Tadi\u01079-1920x1199.jpg 1920w, https:\/\/mrm-style.com\/sr\/wp-content\/uploads\/2020\/05\/\u0160ta-je-moda-Elegancija-i-secesija-u-srcu-Ba\u010dke...-Mr.M-by-Marko-Tadi\u01079-1730x1080.jpg 1730w, https:\/\/mrm-style.com\/sr\/wp-content\/uploads\/2020\/05\/\u0160ta-je-moda-Elegancija-i-secesija-u-srcu-Ba\u010dke...-Mr.M-by-Marko-Tadi\u01079-961x600.jpg 961w\" sizes=\"auto, (max-width: 2403px) 100vw, 2403px\" \/><\/a><\/figure><\/div>\n\n\n\n<p>Ovo lepo vreme mi je omogu\u0107ilo da &#8220;pro\u0161etam&#8221; Suboticom moju novu i moram priznati veoma osetlju drugaricu od antilop ko\u017ee koja se jako dobro pokazala jer i sami znate kako su stvari od prevrnute ko\u017ee te\u0161ke za odr\u017eavanje.<\/p>\n\n\n\n<div class=\"wp-block-image\"><figure class=\"aligncenter size-full\"><a href=\"https:\/\/mrm-style.com\/sr\/wp-content\/uploads\/2020\/05\/\u0160ta-je-moda-Elegancija-i-secesija-u-srcu-Ba\u010dke...-Mr.M-by-Marko-Tadi\u010712.jpg\"><img loading=\"lazy\" decoding=\"async\" width=\"2020\" height=\"1500\" src=\"https:\/\/mrm-style.com\/sr\/wp-content\/uploads\/2020\/05\/\u0160ta-je-moda-Elegancija-i-secesija-u-srcu-Ba\u010dke...-Mr.M-by-Marko-Tadi\u010712.jpg\" alt=\"\" class=\"wp-image-5618\" srcset=\"https:\/\/mrm-style.com\/sr\/wp-content\/uploads\/2020\/05\/\u0160ta-je-moda-Elegancija-i-secesija-u-srcu-Ba\u010dke...-Mr.M-by-Marko-Tadi\u010712.jpg 2020w, https:\/\/mrm-style.com\/sr\/wp-content\/uploads\/2020\/05\/\u0160ta-je-moda-Elegancija-i-secesija-u-srcu-Ba\u010dke...-Mr.M-by-Marko-Tadi\u010712-300x223.jpg 300w, https:\/\/mrm-style.com\/sr\/wp-content\/uploads\/2020\/05\/\u0160ta-je-moda-Elegancija-i-secesija-u-srcu-Ba\u010dke...-Mr.M-by-Marko-Tadi\u010712-1024x760.jpg 1024w, https:\/\/mrm-style.com\/sr\/wp-content\/uploads\/2020\/05\/\u0160ta-je-moda-Elegancija-i-secesija-u-srcu-Ba\u010dke...-Mr.M-by-Marko-Tadi\u010712-768x570.jpg 768w, https:\/\/mrm-style.com\/sr\/wp-content\/uploads\/2020\/05\/\u0160ta-je-moda-Elegancija-i-secesija-u-srcu-Ba\u010dke...-Mr.M-by-Marko-Tadi\u010712-1536x1141.jpg 1536w, https:\/\/mrm-style.com\/sr\/wp-content\/uploads\/2020\/05\/\u0160ta-je-moda-Elegancija-i-secesija-u-srcu-Ba\u010dke...-Mr.M-by-Marko-Tadi\u010712-1440x1069.jpg 1440w, https:\/\/mrm-style.com\/sr\/wp-content\/uploads\/2020\/05\/\u0160ta-je-moda-Elegancija-i-secesija-u-srcu-Ba\u010dke...-Mr.M-by-Marko-Tadi\u010712-800x594.jpg 800w, https:\/\/mrm-style.com\/sr\/wp-content\/uploads\/2020\/05\/\u0160ta-je-moda-Elegancija-i-secesija-u-srcu-Ba\u010dke...-Mr.M-by-Marko-Tadi\u010712-550x408.jpg 550w, https:\/\/mrm-style.com\/sr\/wp-content\/uploads\/2020\/05\/\u0160ta-je-moda-Elegancija-i-secesija-u-srcu-Ba\u010dke...-Mr.M-by-Marko-Tadi\u010712-1920x1426.jpg 1920w, https:\/\/mrm-style.com\/sr\/wp-content\/uploads\/2020\/05\/\u0160ta-je-moda-Elegancija-i-secesija-u-srcu-Ba\u010dke...-Mr.M-by-Marko-Tadi\u010712-1454x1080.jpg 1454w, https:\/\/mrm-style.com\/sr\/wp-content\/uploads\/2020\/05\/\u0160ta-je-moda-Elegancija-i-secesija-u-srcu-Ba\u010dke...-Mr.M-by-Marko-Tadi\u010712-808x600.jpg 808w\" sizes=\"auto, (max-width: 2020px) 100vw, 2020px\" \/><\/a><\/figure><\/div>\n\n\n\n<p>Obe\u0107avam vam da \u0107u u narednom postu vam ispri\u010dati pri\u010du o Subotici i da \u0107e biti mno\u0161tvo zanimljivih informacija i saveta \u0161ta biste trebali posetiti ako vas put navede u Suboticu!<\/p>\n\n\n\n<h2 class=\"has-text-align-center wp-block-heading\"><strong>OUTFIT<\/strong><\/h2>\n\n\n\n<p class=\"has-text-align-center\"><em>Jakna:\u00a0<\/em><strong><a href=\"https:\/\/de.loropiana.com\/en\/\">Loro Piana<\/a><\/strong><\/p>\n\n\n\n<p class=\"has-text-align-center\"><em>Majica:&nbsp;<\/em><strong><a href=\"https:\/\/de.loropiana.com\/en\/\">Loro Piana<\/a><\/strong><\/p>\n\n\n\n<p class=\"has-text-align-center\"><em>Farmerke:<\/em>\u00a0<strong><a href=\"https:\/\/pedrodelhierro.com\/es\/es\/hombre\/pantalones\/pantalon-vaquero-classic-fit\/7207794.html?dwvar_7207794_color=10#start=1\">Pedro del Hierro<\/a><\/strong><\/p>\n\n\n\n<p class=\"has-text-align-center\"><em>Ranac:<\/em> <strong><a href=\"https:\/\/www.picard-lederwaren.de\/Herren\/Basics\/Rucksack\/Buddy-picard.html\">PICARD<\/a><\/strong><\/p>\n\n\n\n<p class=\"has-text-align-center\"><em>Patike:<\/em>\u00a0<strong><a href=\"https:\/\/de.loropiana.com\/en\/\">Loro Piana<\/a><\/strong><\/p>\n\n\n\n<p>Kako se vama dopala ova moja modna kombinacija sa kojom sam obi\u0161ao najseverniji grad u Srbiji? Ovaj outfit sam spremao za vas sa dosta ljubavi i nadam se da vam se dopada! Ne\u0161to novo, ne\u0161to staro i napravi se jedan jedinstven balans.<\/p>\n\n\n\n<div class=\"wp-block-image\"><figure class=\"aligncenter size-full\"><a href=\"https:\/\/mrm-style.com\/sr\/wp-content\/uploads\/2020\/05\/\u0160ta-je-moda-Elegancija-i-secesija-u-srcu-Ba\u010dke...-Mr.M-by-Marko-Tadi\u01078.jpg\"><img loading=\"lazy\" decoding=\"async\" width=\"2500\" height=\"1027\" src=\"https:\/\/mrm-style.com\/sr\/wp-content\/uploads\/2020\/05\/\u0160ta-je-moda-Elegancija-i-secesija-u-srcu-Ba\u010dke...-Mr.M-by-Marko-Tadi\u01078.jpg\" alt=\"\" class=\"wp-image-5614\" srcset=\"https:\/\/mrm-style.com\/sr\/wp-content\/uploads\/2020\/05\/\u0160ta-je-moda-Elegancija-i-secesija-u-srcu-Ba\u010dke...-Mr.M-by-Marko-Tadi\u01078.jpg 2500w, https:\/\/mrm-style.com\/sr\/wp-content\/uploads\/2020\/05\/\u0160ta-je-moda-Elegancija-i-secesija-u-srcu-Ba\u010dke...-Mr.M-by-Marko-Tadi\u01078-300x123.jpg 300w, https:\/\/mrm-style.com\/sr\/wp-content\/uploads\/2020\/05\/\u0160ta-je-moda-Elegancija-i-secesija-u-srcu-Ba\u010dke...-Mr.M-by-Marko-Tadi\u01078-1024x421.jpg 1024w, https:\/\/mrm-style.com\/sr\/wp-content\/uploads\/2020\/05\/\u0160ta-je-moda-Elegancija-i-secesija-u-srcu-Ba\u010dke...-Mr.M-by-Marko-Tadi\u01078-768x315.jpg 768w, https:\/\/mrm-style.com\/sr\/wp-content\/uploads\/2020\/05\/\u0160ta-je-moda-Elegancija-i-secesija-u-srcu-Ba\u010dke...-Mr.M-by-Marko-Tadi\u01078-1536x631.jpg 1536w, https:\/\/mrm-style.com\/sr\/wp-content\/uploads\/2020\/05\/\u0160ta-je-moda-Elegancija-i-secesija-u-srcu-Ba\u010dke...-Mr.M-by-Marko-Tadi\u01078-2048x841.jpg 2048w, https:\/\/mrm-style.com\/sr\/wp-content\/uploads\/2020\/05\/\u0160ta-je-moda-Elegancija-i-secesija-u-srcu-Ba\u010dke...-Mr.M-by-Marko-Tadi\u01078-1440x592.jpg 1440w, https:\/\/mrm-style.com\/sr\/wp-content\/uploads\/2020\/05\/\u0160ta-je-moda-Elegancija-i-secesija-u-srcu-Ba\u010dke...-Mr.M-by-Marko-Tadi\u01078-800x329.jpg 800w, https:\/\/mrm-style.com\/sr\/wp-content\/uploads\/2020\/05\/\u0160ta-je-moda-Elegancija-i-secesija-u-srcu-Ba\u010dke...-Mr.M-by-Marko-Tadi\u01078-550x226.jpg 550w, https:\/\/mrm-style.com\/sr\/wp-content\/uploads\/2020\/05\/\u0160ta-je-moda-Elegancija-i-secesija-u-srcu-Ba\u010dke...-Mr.M-by-Marko-Tadi\u01078-1920x789.jpg 1920w, https:\/\/mrm-style.com\/sr\/wp-content\/uploads\/2020\/05\/\u0160ta-je-moda-Elegancija-i-secesija-u-srcu-Ba\u010dke...-Mr.M-by-Marko-Tadi\u01078-1461x600.jpg 1461w\" sizes=\"auto, (max-width: 2500px) 100vw, 2500px\" \/><\/a><\/figure><\/div>\n\n\n\n<p>Ako imate neko pitanje, komentar, sugestiju ili poruku za mene mo\u017eete mi napisati dole u komentarima. Naravno, kao i do sad uvek me mo\u017eete kontaktirati putem maila ili dru\u0161tvenih mre\u017ea i to mo\u017eete prona\u0107i na stranici\u00a0<em><strong><a href=\"https:\/\/mrm-style.com\/sr\/kontakt\/\">KONTAKT<\/a>.<\/strong><\/em>\u00a0Vidimo se uskoro na istom mestu i sa nekom novom pri\u010dom!<\/p>\n\n\n\n<p><em>Blogerski pozdrav,<\/em><\/p>\n\n\n\n<p><strong>Mr.M<\/strong><\/p>\n\n\n\n<div class=\"wp-block-image\"><figure class=\"aligncenter size-large\"><a href=\"https:\/\/mrm-style.com\/sr\/wp-content\/uploads\/2020\/05\/\u0160ta-je-moda-Elegancija-i-secesija-u-srcu-Ba\u010dke...-Mr.M-by-Marko-Tadi\u010710.jpg\"><img loading=\"lazy\" decoding=\"async\" width=\"1024\" height=\"683\" src=\"https:\/\/mrm-style.com\/sr\/wp-content\/uploads\/2020\/05\/\u0160ta-je-moda-Elegancija-i-secesija-u-srcu-Ba\u010dke...-Mr.M-by-Marko-Tadi\u010710-1024x683.jpg\" alt=\"\" class=\"wp-image-5616\" srcset=\"https:\/\/mrm-style.com\/sr\/wp-content\/uploads\/2020\/05\/\u0160ta-je-moda-Elegancija-i-secesija-u-srcu-Ba\u010dke...-Mr.M-by-Marko-Tadi\u010710-1024x683.jpg 1024w, https:\/\/mrm-style.com\/sr\/wp-content\/uploads\/2020\/05\/\u0160ta-je-moda-Elegancija-i-secesija-u-srcu-Ba\u010dke...-Mr.M-by-Marko-Tadi\u010710-300x200.jpg 300w, https:\/\/mrm-style.com\/sr\/wp-content\/uploads\/2020\/05\/\u0160ta-je-moda-Elegancija-i-secesija-u-srcu-Ba\u010dke...-Mr.M-by-Marko-Tadi\u010710-768x512.jpg 768w, https:\/\/mrm-style.com\/sr\/wp-content\/uploads\/2020\/05\/\u0160ta-je-moda-Elegancija-i-secesija-u-srcu-Ba\u010dke...-Mr.M-by-Marko-Tadi\u010710-1536x1024.jpg 1536w, https:\/\/mrm-style.com\/sr\/wp-content\/uploads\/2020\/05\/\u0160ta-je-moda-Elegancija-i-secesija-u-srcu-Ba\u010dke...-Mr.M-by-Marko-Tadi\u010710-2048x1366.jpg 2048w, https:\/\/mrm-style.com\/sr\/wp-content\/uploads\/2020\/05\/\u0160ta-je-moda-Elegancija-i-secesija-u-srcu-Ba\u010dke...-Mr.M-by-Marko-Tadi\u010710-1440x960.jpg 1440w, https:\/\/mrm-style.com\/sr\/wp-content\/uploads\/2020\/05\/\u0160ta-je-moda-Elegancija-i-secesija-u-srcu-Ba\u010dke...-Mr.M-by-Marko-Tadi\u010710-800x534.jpg 800w, https:\/\/mrm-style.com\/sr\/wp-content\/uploads\/2020\/05\/\u0160ta-je-moda-Elegancija-i-secesija-u-srcu-Ba\u010dke...-Mr.M-by-Marko-Tadi\u010710-550x367.jpg 550w, https:\/\/mrm-style.com\/sr\/wp-content\/uploads\/2020\/05\/\u0160ta-je-moda-Elegancija-i-secesija-u-srcu-Ba\u010dke...-Mr.M-by-Marko-Tadi\u010710-1920x1281.jpg 1920w, https:\/\/mrm-style.com\/sr\/wp-content\/uploads\/2020\/05\/\u0160ta-je-moda-Elegancija-i-secesija-u-srcu-Ba\u010dke...-Mr.M-by-Marko-Tadi\u010710-1619x1080.jpg 1619w, https:\/\/mrm-style.com\/sr\/wp-content\/uploads\/2020\/05\/\u0160ta-je-moda-Elegancija-i-secesija-u-srcu-Ba\u010dke...-Mr.M-by-Marko-Tadi\u010710-900x600.jpg 900w\" sizes=\"auto, (max-width: 1024px) 100vw, 1024px\" \/><\/a><\/figure><\/div>\n\n\n\n<p class=\"has-text-align-center\"><em><strong>Ovaj post je sponzorisan od brenda\u00a0<a href=\"https:\/\/www.picard-lederwaren.de\">Picard Lederwaren<\/a> i <a href=\"https:\/\/www.tendam.es\/en\/home\/\">Tendam modne grupacije<\/a>. Ovaj post ne bi bio mogu\u0107 bez nesebi\u010dne pomo\u0107i modne ku\u0107e\u00a0<a href=\"https:\/\/de.loropiana.com\/en\/\">Loro Piana<\/a>\u00a0koja svojim vanvremenskim komadima mi poma\u017ee da iska\u017eem svoj modni duh.<\/strong><\/em><\/p>\n","protected":false},"excerpt":{"rendered":"<p>Dragi moji pustolovi i ljubitelji mode, dobro do\u0161li u moj novi post. Kako ste mi danas? Da li ste uspeli da se povratite u u\u017eurbani svakodnevni tok? Siguran sam da nam je svima laknulo kako su vlasti odlu\u010dile da popuste mere i da nam vrate \u017eivot u normalu na koji smo svi navikli. Ovih dana sam razmi\u0161ljao gde bih mogao da odem i malo razbistrim svoj um, a usput da nau\u010dim ne\u0161to novo o svojoj zemlji. Istra\u017euju\u0107i po internetu prona\u0161ao sam dosta preporuka koja mesta u Srbiji treba posetiti. Moram&#8230; <span class=\"more\"><a class=\"more-link\" href=\"https:\/\/mrm-style.com\/sr\/sta-je-moda-elegancija-i-secesija-u-srcu-backe\/\">Read More<\/a><\/span><\/p>\n","protected":false},"author":1,"featured_media":5609,"comment_status":"open","ping_status":"open","sticky":false,"template":"","format":"standard","meta":{"om_disable_all_campaigns":false,"_monsterinsights_skip_tracking":false,"_monsterinsights_sitenote_active":false,"_monsterinsights_sitenote_note":"","_monsterinsights_sitenote_category":0,"footnotes":""},"categories":[52,159],"tags":[],"class_list":["post-5606","post","type-post","status-publish","format-standard","has-post-thumbnail","hentry","category-moda","category-outfit-post"],"aioseo_notices":[],"_links":{"self":[{"href":"https:\/\/mrm-style.com\/sr\/wp-json\/wp\/v2\/posts\/5606","targetHints":{"allow":["GET"]}}],"collection":[{"href":"https:\/\/mrm-style.com\/sr\/wp-json\/wp\/v2\/posts"}],"about":[{"href":"https:\/\/mrm-style.com\/sr\/wp-json\/wp\/v2\/types\/post"}],"author":[{"embeddable":true,"href":"https:\/\/mrm-style.com\/sr\/wp-json\/wp\/v2\/users\/1"}],"replies":[{"embeddable":true,"href":"https:\/\/mrm-style.com\/sr\/wp-json\/wp\/v2\/comments?post=5606"}],"version-history":[{"count":6,"href":"https:\/\/mrm-style.com\/sr\/wp-json\/wp\/v2\/posts\/5606\/revisions"}],"predecessor-version":[{"id":5624,"href":"https:\/\/mrm-style.com\/sr\/wp-json\/wp\/v2\/posts\/5606\/revisions\/5624"}],"wp:featuredmedia":[{"embeddable":true,"href":"https:\/\/mrm-style.com\/sr\/wp-json\/wp\/v2\/media\/5609"}],"wp:attachment":[{"href":"https:\/\/mrm-style.com\/sr\/wp-json\/wp\/v2\/media?parent=5606"}],"wp:term":[{"taxonomy":"category","embeddable":true,"href":"https:\/\/mrm-style.com\/sr\/wp-json\/wp\/v2\/categories?post=5606"},{"taxonomy":"post_tag","embeddable":true,"href":"https:\/\/mrm-style.com\/sr\/wp-json\/wp\/v2\/tags?post=5606"}],"curies":[{"name":"wp","href":"https:\/\/api.w.org\/{rel}","templated":true}]}}