{"id":5998,"date":"2020-08-26T12:39:03","date_gmt":"2020-08-26T11:39:03","guid":{"rendered":"https:\/\/mrm-style.com\/sr\/?p=5998"},"modified":"2020-08-29T12:47:36","modified_gmt":"2020-08-29T11:47:36","slug":"pisma-iz-nemacke-greifswald-hanzeatski-grad-na-obali-baltickog-mora","status":"publish","type":"post","link":"https:\/\/mrm-style.com\/sr\/pisma-iz-nemacke-greifswald-hanzeatski-grad-na-obali-baltickog-mora\/","title":{"rendered":"Pisma iz Nema\u010dke: Greifswald, hanzeatski grad na obali Balti\u010dkog mora&#8230;"},"content":{"rendered":"\n<p>Dragi moji pustolovi, kako ste mi danas? Nadam se da ste spremni za novu avanturu jer vam danas predstavljam jo\u0161 jedan dragulj Nema\u010dke koji se nalazi na samoj obali Balti\u010dkog mora. U prethodnom postu imali ste priliku da upoznate <em><strong><a href=\"https:\/\/mrm-style.com\/sr\/pisma-iz-nemacke-halle-sarmatni-grad-umetnosti-i-dizajna\/\">Halle<\/a><\/strong><\/em>, \u0161armantni grad u Nema\u010dkoj koji je nadaleko poznat po umetnosti i dizajnu. Ako ste kojim slu\u010dajem propustili ili \u017eelite da ponovo u\u017eivate u lepoti ovog neobi\u010dnog grada u blizini Lajpciga, mo\u017eete to u\u010diniti jednim klikom na ovaj <em><strong><a href=\"https:\/\/mrm-style.com\/sr\/pisma-iz-nemacke-halle-sarmatni-grad-umetnosti-i-dizajna\/\">link<\/a><\/strong><\/em>.<\/p>\n\n\n\n<div class=\"wp-block-image\"><figure class=\"aligncenter size-full\"><a href=\"https:\/\/mrm-style.com\/sr\/wp-content\/uploads\/2020\/08\/Pisma-iz-Nemac\u030cke-Greifswald-Hanzeatski-grad-na-obali-Baltic\u030ckog-mora-Mr.M-by-Marko-Tadic\u030121.jpg\"><img loading=\"lazy\" decoding=\"async\" width=\"2000\" height=\"1500\" src=\"https:\/\/mrm-style.com\/sr\/wp-content\/uploads\/2020\/08\/Pisma-iz-Nemac\u030cke-Greifswald-Hanzeatski-grad-na-obali-Baltic\u030ckog-mora-Mr.M-by-Marko-Tadic\u030121.jpg\" alt=\"\" class=\"wp-image-6019\" srcset=\"https:\/\/mrm-style.com\/sr\/wp-content\/uploads\/2020\/08\/Pisma-iz-Nemac\u030cke-Greifswald-Hanzeatski-grad-na-obali-Baltic\u030ckog-mora-Mr.M-by-Marko-Tadic\u030121.jpg 2000w, https:\/\/mrm-style.com\/sr\/wp-content\/uploads\/2020\/08\/Pisma-iz-Nemac\u030cke-Greifswald-Hanzeatski-grad-na-obali-Baltic\u030ckog-mora-Mr.M-by-Marko-Tadic\u030121-300x225.jpg 300w, https:\/\/mrm-style.com\/sr\/wp-content\/uploads\/2020\/08\/Pisma-iz-Nemac\u030cke-Greifswald-Hanzeatski-grad-na-obali-Baltic\u030ckog-mora-Mr.M-by-Marko-Tadic\u030121-1024x768.jpg 1024w, https:\/\/mrm-style.com\/sr\/wp-content\/uploads\/2020\/08\/Pisma-iz-Nemac\u030cke-Greifswald-Hanzeatski-grad-na-obali-Baltic\u030ckog-mora-Mr.M-by-Marko-Tadic\u030121-768x576.jpg 768w, https:\/\/mrm-style.com\/sr\/wp-content\/uploads\/2020\/08\/Pisma-iz-Nemac\u030cke-Greifswald-Hanzeatski-grad-na-obali-Baltic\u030ckog-mora-Mr.M-by-Marko-Tadic\u030121-1536x1152.jpg 1536w, https:\/\/mrm-style.com\/sr\/wp-content\/uploads\/2020\/08\/Pisma-iz-Nemac\u030cke-Greifswald-Hanzeatski-grad-na-obali-Baltic\u030ckog-mora-Mr.M-by-Marko-Tadic\u030121-1440x1080.jpg 1440w, https:\/\/mrm-style.com\/sr\/wp-content\/uploads\/2020\/08\/Pisma-iz-Nemac\u030cke-Greifswald-Hanzeatski-grad-na-obali-Baltic\u030ckog-mora-Mr.M-by-Marko-Tadic\u030121-800x600.jpg 800w, https:\/\/mrm-style.com\/sr\/wp-content\/uploads\/2020\/08\/Pisma-iz-Nemac\u030cke-Greifswald-Hanzeatski-grad-na-obali-Baltic\u030ckog-mora-Mr.M-by-Marko-Tadic\u030121-550x413.jpg 550w, https:\/\/mrm-style.com\/sr\/wp-content\/uploads\/2020\/08\/Pisma-iz-Nemac\u030cke-Greifswald-Hanzeatski-grad-na-obali-Baltic\u030ckog-mora-Mr.M-by-Marko-Tadic\u030121-1920x1440.jpg 1920w\" sizes=\"auto, (max-width: 2000px) 100vw, 2000px\" \/><\/a><\/figure><\/div>\n\n\n\n<p><em><strong>Greifswald<\/strong><\/em> (Grajfsvald) je glavni grad okruga Vorpommern-Greifsvald koji se nalazi severoistoku Meklenburg-Zapadna Pomeranija regiona. Ovaj univerzitetski i hanzeatski grad le\u017ei na reci Ryck koja se uliva u Balti\u010dko more prostorno izme\u0111u ostrva Rugen i Usedom. Zanimljiva \u010dinjenica da je Greifsvald je dobio gradsku povelju grada Libeka jo\u0161 sredinom 13. veka. Univerzitet u Greifswaldu, osnovan je sredinom 15. veka i drugi je najstariji univerzitet u balti\u010dkoj regiji.<\/p>\n\n\n\n<div class=\"wp-block-image\"><figure class=\"aligncenter size-full\"><a href=\"https:\/\/mrm-style.com\/sr\/wp-content\/uploads\/2020\/08\/Pisma-iz-Nemac\u030cke-Greifswald-Hanzeatski-grad-na-obali-Baltic\u030ckog-mora-Mr.M-by-Marko-Tadic\u030116.jpg\"><img loading=\"lazy\" decoding=\"async\" width=\"1125\" height=\"1500\" src=\"https:\/\/mrm-style.com\/sr\/wp-content\/uploads\/2020\/08\/Pisma-iz-Nemac\u030cke-Greifswald-Hanzeatski-grad-na-obali-Baltic\u030ckog-mora-Mr.M-by-Marko-Tadic\u030116.jpg\" alt=\"\" class=\"wp-image-6014\" srcset=\"https:\/\/mrm-style.com\/sr\/wp-content\/uploads\/2020\/08\/Pisma-iz-Nemac\u030cke-Greifswald-Hanzeatski-grad-na-obali-Baltic\u030ckog-mora-Mr.M-by-Marko-Tadic\u030116.jpg 1125w, https:\/\/mrm-style.com\/sr\/wp-content\/uploads\/2020\/08\/Pisma-iz-Nemac\u030cke-Greifswald-Hanzeatski-grad-na-obali-Baltic\u030ckog-mora-Mr.M-by-Marko-Tadic\u030116-225x300.jpg 225w, https:\/\/mrm-style.com\/sr\/wp-content\/uploads\/2020\/08\/Pisma-iz-Nemac\u030cke-Greifswald-Hanzeatski-grad-na-obali-Baltic\u030ckog-mora-Mr.M-by-Marko-Tadic\u030116-768x1024.jpg 768w, https:\/\/mrm-style.com\/sr\/wp-content\/uploads\/2020\/08\/Pisma-iz-Nemac\u030cke-Greifswald-Hanzeatski-grad-na-obali-Baltic\u030ckog-mora-Mr.M-by-Marko-Tadic\u030116-800x1067.jpg 800w, https:\/\/mrm-style.com\/sr\/wp-content\/uploads\/2020\/08\/Pisma-iz-Nemac\u030cke-Greifswald-Hanzeatski-grad-na-obali-Baltic\u030ckog-mora-Mr.M-by-Marko-Tadic\u030116-550x733.jpg 550w, https:\/\/mrm-style.com\/sr\/wp-content\/uploads\/2020\/08\/Pisma-iz-Nemac\u030cke-Greifswald-Hanzeatski-grad-na-obali-Baltic\u030ckog-mora-Mr.M-by-Marko-Tadic\u030116-810x1080.jpg 810w, https:\/\/mrm-style.com\/sr\/wp-content\/uploads\/2020\/08\/Pisma-iz-Nemac\u030cke-Greifswald-Hanzeatski-grad-na-obali-Baltic\u030ckog-mora-Mr.M-by-Marko-Tadic\u030116-450x600.jpg 450w\" sizes=\"auto, (max-width: 1125px) 100vw, 1125px\" \/><\/a><\/figure><\/div>\n\n\n\n<p>Grad ima skoro 60 hiljada stanovnika, \u0161to ga \u010dini petim najvec\u0301im gradom u Meklenburgu-Zapadnoj Pomeraniji. Zajedno sa Stralsundom, Greifswald formira jedan od \u010detiri regionalna centra u pokrajini. <\/p>\n\n\n\n<p>Greifswald je pribli\u017eno jednako udaljen od dva najve\u0107a grada u Nema\u010dkoj, Berlina i Hamburga. Najbli\u017ei ve\u0107i gradovi su Stralsund i Rostock. Obalni deo Greifswalda na u\u0161\u0107u reke Rik, nazvan Greifswald-Vieck, nastao je od jednog malog ribarskog sela. Danas se tu nalazi jedna mala pla\u017ea, marina i glavna luka koja pripada Greifswaldu.<\/p>\n\n\n\n<div class=\"wp-block-image\"><figure class=\"aligncenter size-full\"><a href=\"https:\/\/mrm-style.com\/sr\/wp-content\/uploads\/2020\/08\/Pisma-iz-Nemac\u030cke-Greifswald-Hanzeatski-grad-na-obali-Baltic\u030ckog-mora-Mr.M-by-Marko-Tadic\u030111.jpg\"><img loading=\"lazy\" decoding=\"async\" width=\"1125\" height=\"1500\" src=\"https:\/\/mrm-style.com\/sr\/wp-content\/uploads\/2020\/08\/Pisma-iz-Nemac\u030cke-Greifswald-Hanzeatski-grad-na-obali-Baltic\u030ckog-mora-Mr.M-by-Marko-Tadic\u030111.jpg\" alt=\"\" class=\"wp-image-6009\" srcset=\"https:\/\/mrm-style.com\/sr\/wp-content\/uploads\/2020\/08\/Pisma-iz-Nemac\u030cke-Greifswald-Hanzeatski-grad-na-obali-Baltic\u030ckog-mora-Mr.M-by-Marko-Tadic\u030111.jpg 1125w, https:\/\/mrm-style.com\/sr\/wp-content\/uploads\/2020\/08\/Pisma-iz-Nemac\u030cke-Greifswald-Hanzeatski-grad-na-obali-Baltic\u030ckog-mora-Mr.M-by-Marko-Tadic\u030111-225x300.jpg 225w, https:\/\/mrm-style.com\/sr\/wp-content\/uploads\/2020\/08\/Pisma-iz-Nemac\u030cke-Greifswald-Hanzeatski-grad-na-obali-Baltic\u030ckog-mora-Mr.M-by-Marko-Tadic\u030111-768x1024.jpg 768w, https:\/\/mrm-style.com\/sr\/wp-content\/uploads\/2020\/08\/Pisma-iz-Nemac\u030cke-Greifswald-Hanzeatski-grad-na-obali-Baltic\u030ckog-mora-Mr.M-by-Marko-Tadic\u030111-800x1067.jpg 800w, https:\/\/mrm-style.com\/sr\/wp-content\/uploads\/2020\/08\/Pisma-iz-Nemac\u030cke-Greifswald-Hanzeatski-grad-na-obali-Baltic\u030ckog-mora-Mr.M-by-Marko-Tadic\u030111-550x733.jpg 550w, https:\/\/mrm-style.com\/sr\/wp-content\/uploads\/2020\/08\/Pisma-iz-Nemac\u030cke-Greifswald-Hanzeatski-grad-na-obali-Baltic\u030ckog-mora-Mr.M-by-Marko-Tadic\u030111-810x1080.jpg 810w, https:\/\/mrm-style.com\/sr\/wp-content\/uploads\/2020\/08\/Pisma-iz-Nemac\u030cke-Greifswald-Hanzeatski-grad-na-obali-Baltic\u030ckog-mora-Mr.M-by-Marko-Tadic\u030111-450x600.jpg 450w\" sizes=\"auto, (max-width: 1125px) 100vw, 1125px\" \/><\/a><\/figure><\/div>\n\n\n\n<p><em><strong>Kako je Greifswald dobio svoj naziv?<\/strong><\/em> Prvobitni naziv ovog naseljenog mesta, koje se vremenom razvilo u nezavisni grad Greifswald, nije poznato. Jedini pisani dokaz koji postoji je pismo vojvode Vartislava III. koje datira iz 13. veka. je ujedno i prvo dokumentovano spominjanje dana\u0161njeg imena grada. <\/p>\n\n\n\n<p>U feudalnom dobu tokom vladavine Vartislava III. u 13. veku, postoji njegova izri\u010dita izjava da se Greifswald na niskosaksonskom nema\u010dkom jeziku zove Gripeswald, \u0161to sugeri\u0161e da je ovaj prostor prvobitno imao razli\u010dito etni\u010dko stanovni\u0161tvo: slovensko, dansko i nema\u010dko. <\/p>\n\n\n\n<div class=\"wp-block-image\"><figure class=\"aligncenter size-full\"><a href=\"https:\/\/mrm-style.com\/sr\/wp-content\/uploads\/2020\/08\/Pisma-iz-Nemac\u030cke-Greifswald-Hanzeatski-grad-na-obali-Baltic\u030ckog-mora-Mr.M-by-Marko-Tadic\u030112.jpg\"><img loading=\"lazy\" decoding=\"async\" width=\"1125\" height=\"1500\" src=\"https:\/\/mrm-style.com\/sr\/wp-content\/uploads\/2020\/08\/Pisma-iz-Nemac\u030cke-Greifswald-Hanzeatski-grad-na-obali-Baltic\u030ckog-mora-Mr.M-by-Marko-Tadic\u030112.jpg\" alt=\"\" class=\"wp-image-6010\" srcset=\"https:\/\/mrm-style.com\/sr\/wp-content\/uploads\/2020\/08\/Pisma-iz-Nemac\u030cke-Greifswald-Hanzeatski-grad-na-obali-Baltic\u030ckog-mora-Mr.M-by-Marko-Tadic\u030112.jpg 1125w, https:\/\/mrm-style.com\/sr\/wp-content\/uploads\/2020\/08\/Pisma-iz-Nemac\u030cke-Greifswald-Hanzeatski-grad-na-obali-Baltic\u030ckog-mora-Mr.M-by-Marko-Tadic\u030112-225x300.jpg 225w, https:\/\/mrm-style.com\/sr\/wp-content\/uploads\/2020\/08\/Pisma-iz-Nemac\u030cke-Greifswald-Hanzeatski-grad-na-obali-Baltic\u030ckog-mora-Mr.M-by-Marko-Tadic\u030112-768x1024.jpg 768w, https:\/\/mrm-style.com\/sr\/wp-content\/uploads\/2020\/08\/Pisma-iz-Nemac\u030cke-Greifswald-Hanzeatski-grad-na-obali-Baltic\u030ckog-mora-Mr.M-by-Marko-Tadic\u030112-800x1067.jpg 800w, https:\/\/mrm-style.com\/sr\/wp-content\/uploads\/2020\/08\/Pisma-iz-Nemac\u030cke-Greifswald-Hanzeatski-grad-na-obali-Baltic\u030ckog-mora-Mr.M-by-Marko-Tadic\u030112-550x733.jpg 550w, https:\/\/mrm-style.com\/sr\/wp-content\/uploads\/2020\/08\/Pisma-iz-Nemac\u030cke-Greifswald-Hanzeatski-grad-na-obali-Baltic\u030ckog-mora-Mr.M-by-Marko-Tadic\u030112-810x1080.jpg 810w, https:\/\/mrm-style.com\/sr\/wp-content\/uploads\/2020\/08\/Pisma-iz-Nemac\u030cke-Greifswald-Hanzeatski-grad-na-obali-Baltic\u030ckog-mora-Mr.M-by-Marko-Tadic\u030112-450x600.jpg 450w\" sizes=\"auto, (max-width: 1125px) 100vw, 1125px\" \/><\/a><\/figure><\/div>\n\n\n\n<p>Zvani\u010dno ne postoje dokazi za teoriju da je prvobitno ime bilo dansko na osnovu Gripscogha, naziva \u0161ume koja se nalazi u neposrednoj blizini grada Esroma u Danskoj.<\/p>\n\n\n\n<p>Greifswald &#8211;  sadr\u017ei re\u010di &#8220;grifoni&#8221; koja predstavlja lagendarne heraldi\u010dke \u017eivotinje pomeranskih vojvoda. &#8220;Wald&#8221; zna\u010di \u0161uma. Grifon i \u0161uma mogu se nac\u0301i i u grbu grada Greifswalda. Od 1990. godine, grad je ponovo postao hanzeatski grad i sada se opisuje kao univerzitetski i hanzeatski grad.<\/p>\n\n\n\n<div class=\"wp-block-image\"><figure class=\"aligncenter size-full\"><a href=\"https:\/\/mrm-style.com\/sr\/wp-content\/uploads\/2020\/08\/Pisma-iz-Nemac\u030cke-Greifswald-Hanzeatski-grad-na-obali-Baltic\u030ckog-mora-Mr.M-by-Marko-Tadic\u030110.jpg\"><img loading=\"lazy\" decoding=\"async\" width=\"1203\" height=\"1500\" src=\"https:\/\/mrm-style.com\/sr\/wp-content\/uploads\/2020\/08\/Pisma-iz-Nemac\u030cke-Greifswald-Hanzeatski-grad-na-obali-Baltic\u030ckog-mora-Mr.M-by-Marko-Tadic\u030110.jpg\" alt=\"\" class=\"wp-image-6008\" srcset=\"https:\/\/mrm-style.com\/sr\/wp-content\/uploads\/2020\/08\/Pisma-iz-Nemac\u030cke-Greifswald-Hanzeatski-grad-na-obali-Baltic\u030ckog-mora-Mr.M-by-Marko-Tadic\u030110.jpg 1203w, https:\/\/mrm-style.com\/sr\/wp-content\/uploads\/2020\/08\/Pisma-iz-Nemac\u030cke-Greifswald-Hanzeatski-grad-na-obali-Baltic\u030ckog-mora-Mr.M-by-Marko-Tadic\u030110-241x300.jpg 241w, https:\/\/mrm-style.com\/sr\/wp-content\/uploads\/2020\/08\/Pisma-iz-Nemac\u030cke-Greifswald-Hanzeatski-grad-na-obali-Baltic\u030ckog-mora-Mr.M-by-Marko-Tadic\u030110-821x1024.jpg 821w, https:\/\/mrm-style.com\/sr\/wp-content\/uploads\/2020\/08\/Pisma-iz-Nemac\u030cke-Greifswald-Hanzeatski-grad-na-obali-Baltic\u030ckog-mora-Mr.M-by-Marko-Tadic\u030110-768x958.jpg 768w, https:\/\/mrm-style.com\/sr\/wp-content\/uploads\/2020\/08\/Pisma-iz-Nemac\u030cke-Greifswald-Hanzeatski-grad-na-obali-Baltic\u030ckog-mora-Mr.M-by-Marko-Tadic\u030110-800x998.jpg 800w, https:\/\/mrm-style.com\/sr\/wp-content\/uploads\/2020\/08\/Pisma-iz-Nemac\u030cke-Greifswald-Hanzeatski-grad-na-obali-Baltic\u030ckog-mora-Mr.M-by-Marko-Tadic\u030110-550x686.jpg 550w, https:\/\/mrm-style.com\/sr\/wp-content\/uploads\/2020\/08\/Pisma-iz-Nemac\u030cke-Greifswald-Hanzeatski-grad-na-obali-Baltic\u030ckog-mora-Mr.M-by-Marko-Tadic\u030110-866x1080.jpg 866w, https:\/\/mrm-style.com\/sr\/wp-content\/uploads\/2020\/08\/Pisma-iz-Nemac\u030cke-Greifswald-Hanzeatski-grad-na-obali-Baltic\u030ckog-mora-Mr.M-by-Marko-Tadic\u030110-481x600.jpg 481w\" sizes=\"auto, (max-width: 1203px) 100vw, 1203px\" \/><\/a><\/figure><\/div>\n\n\n\n<p>Hanza (Hanzeatski savez ili Hanzeatska liga gradova) predstavlja savez trgova\u010dkih cehova, koji je uspostavio i odr\u017eavao trgova\u010dki monopol na Balti\u010dkom moru i ve\u0107ini severne Evrope izme\u0111u 13. i 17. veka. Nema\u010dki gradovi su tokom jednog veka neverovatnom brzinom ostvarili dominantnu poziciju u trgovini na Baltiku. Libek je postao centralni \u010dvor u celoj pomorskoj trgovini tokom tog perioda.<\/p>\n\n\n\n<p>Obzirom na svoju veli\u010dinu, Greifswald poseduje bogatu kulturnu i turisti\u010dku ponudu za svoje posetioce. Najvec\u0301e kulturne institucije u gradu su Pozori\u0161te &#8220;Vorpommern&#8221; i &#8220;Pommersche Landesmuseum&#8221; (Pomeranski dr\u017eavni muzej), muzej u kojem se nalaze slike poznatog slikara Kaspara Davida Fridriha, koji je ina\u010de rodom iz Greifswalda. <\/p>\n\n\n\n<p>Za ovaj projekat je izdvojeno vi\u0161e od 10 miliona evra i osnovan je iz velike \u017eelje da se dokumentuje \u017eivot i rad ovog &#8220;romanti\u010dara&#8221; i njegovog umetni\u010dkog okru\u017eenja. Ovaj projekat su finansirali grad Greifswald, region Meklenburg &#8211; Zapadna Pomeranija, kao i savezna vlada.<\/p>\n\n\n\n<div class=\"wp-block-image\"><figure class=\"aligncenter size-full\"><a href=\"https:\/\/mrm-style.com\/sr\/wp-content\/uploads\/2020\/08\/Pisma-iz-Nemac\u030cke-Greifswald-Hanzeatski-grad-na-obali-Baltic\u030ckog-mora-Mr.M-by-Marko-Tadic\u03018.jpg\"><img loading=\"lazy\" decoding=\"async\" width=\"2000\" height=\"1500\" src=\"https:\/\/mrm-style.com\/sr\/wp-content\/uploads\/2020\/08\/Pisma-iz-Nemac\u030cke-Greifswald-Hanzeatski-grad-na-obali-Baltic\u030ckog-mora-Mr.M-by-Marko-Tadic\u03018.jpg\" alt=\"\" class=\"wp-image-6006\" srcset=\"https:\/\/mrm-style.com\/sr\/wp-content\/uploads\/2020\/08\/Pisma-iz-Nemac\u030cke-Greifswald-Hanzeatski-grad-na-obali-Baltic\u030ckog-mora-Mr.M-by-Marko-Tadic\u03018.jpg 2000w, https:\/\/mrm-style.com\/sr\/wp-content\/uploads\/2020\/08\/Pisma-iz-Nemac\u030cke-Greifswald-Hanzeatski-grad-na-obali-Baltic\u030ckog-mora-Mr.M-by-Marko-Tadic\u03018-300x225.jpg 300w, https:\/\/mrm-style.com\/sr\/wp-content\/uploads\/2020\/08\/Pisma-iz-Nemac\u030cke-Greifswald-Hanzeatski-grad-na-obali-Baltic\u030ckog-mora-Mr.M-by-Marko-Tadic\u03018-1024x768.jpg 1024w, https:\/\/mrm-style.com\/sr\/wp-content\/uploads\/2020\/08\/Pisma-iz-Nemac\u030cke-Greifswald-Hanzeatski-grad-na-obali-Baltic\u030ckog-mora-Mr.M-by-Marko-Tadic\u03018-768x576.jpg 768w, https:\/\/mrm-style.com\/sr\/wp-content\/uploads\/2020\/08\/Pisma-iz-Nemac\u030cke-Greifswald-Hanzeatski-grad-na-obali-Baltic\u030ckog-mora-Mr.M-by-Marko-Tadic\u03018-1536x1152.jpg 1536w, https:\/\/mrm-style.com\/sr\/wp-content\/uploads\/2020\/08\/Pisma-iz-Nemac\u030cke-Greifswald-Hanzeatski-grad-na-obali-Baltic\u030ckog-mora-Mr.M-by-Marko-Tadic\u03018-1440x1080.jpg 1440w, https:\/\/mrm-style.com\/sr\/wp-content\/uploads\/2020\/08\/Pisma-iz-Nemac\u030cke-Greifswald-Hanzeatski-grad-na-obali-Baltic\u030ckog-mora-Mr.M-by-Marko-Tadic\u03018-800x600.jpg 800w, https:\/\/mrm-style.com\/sr\/wp-content\/uploads\/2020\/08\/Pisma-iz-Nemac\u030cke-Greifswald-Hanzeatski-grad-na-obali-Baltic\u030ckog-mora-Mr.M-by-Marko-Tadic\u03018-550x413.jpg 550w, https:\/\/mrm-style.com\/sr\/wp-content\/uploads\/2020\/08\/Pisma-iz-Nemac\u030cke-Greifswald-Hanzeatski-grad-na-obali-Baltic\u030ckog-mora-Mr.M-by-Marko-Tadic\u03018-1920x1440.jpg 1920w\" sizes=\"auto, (max-width: 2000px) 100vw, 2000px\" \/><\/a><\/figure><\/div>\n\n\n\n<p>Gradska kuc\u0301a grada Greifswalda, koja je sagra\u0111ena 1915. godine, restaurirana je u potpunosti i zajedno sa susednom zgradom pozori\u0161ta, predstavlja centralni kompleks starog dela grada Greifswalda.<\/p>\n\n\n\n<p>Gradska arhitektura poseduje stilove iz gotovo svih epoha, od srednjovekovne cigle, gotike do modernih oblika arhitekture. Starije gra\u0111evine grada posebno karakteri\u0161e stil uobi\u010dajen u severnoj Nema\u010dkoj i regionu Balti\u010dkog mora, koji se tako\u0111e mo\u017ee nac\u0301i u drugim hanzeatskim gradovima kao \u0161to su Libek i Vizmar. <\/p>\n\n\n\n<div class=\"wp-block-image\"><figure class=\"aligncenter size-full\"><a href=\"https:\/\/mrm-style.com\/sr\/wp-content\/uploads\/2020\/08\/Pisma-iz-Nemac\u030cke-Greifswald-Hanzeatski-grad-na-obali-Baltic\u030ckog-mora-Mr.M-by-Marko-Tadic\u030117.jpg\"><img loading=\"lazy\" decoding=\"async\" width=\"1125\" height=\"1500\" src=\"https:\/\/mrm-style.com\/sr\/wp-content\/uploads\/2020\/08\/Pisma-iz-Nemac\u030cke-Greifswald-Hanzeatski-grad-na-obali-Baltic\u030ckog-mora-Mr.M-by-Marko-Tadic\u030117.jpg\" alt=\"\" class=\"wp-image-6015\" srcset=\"https:\/\/mrm-style.com\/sr\/wp-content\/uploads\/2020\/08\/Pisma-iz-Nemac\u030cke-Greifswald-Hanzeatski-grad-na-obali-Baltic\u030ckog-mora-Mr.M-by-Marko-Tadic\u030117.jpg 1125w, https:\/\/mrm-style.com\/sr\/wp-content\/uploads\/2020\/08\/Pisma-iz-Nemac\u030cke-Greifswald-Hanzeatski-grad-na-obali-Baltic\u030ckog-mora-Mr.M-by-Marko-Tadic\u030117-225x300.jpg 225w, https:\/\/mrm-style.com\/sr\/wp-content\/uploads\/2020\/08\/Pisma-iz-Nemac\u030cke-Greifswald-Hanzeatski-grad-na-obali-Baltic\u030ckog-mora-Mr.M-by-Marko-Tadic\u030117-768x1024.jpg 768w, https:\/\/mrm-style.com\/sr\/wp-content\/uploads\/2020\/08\/Pisma-iz-Nemac\u030cke-Greifswald-Hanzeatski-grad-na-obali-Baltic\u030ckog-mora-Mr.M-by-Marko-Tadic\u030117-800x1067.jpg 800w, https:\/\/mrm-style.com\/sr\/wp-content\/uploads\/2020\/08\/Pisma-iz-Nemac\u030cke-Greifswald-Hanzeatski-grad-na-obali-Baltic\u030ckog-mora-Mr.M-by-Marko-Tadic\u030117-550x733.jpg 550w, https:\/\/mrm-style.com\/sr\/wp-content\/uploads\/2020\/08\/Pisma-iz-Nemac\u030cke-Greifswald-Hanzeatski-grad-na-obali-Baltic\u030ckog-mora-Mr.M-by-Marko-Tadic\u030117-810x1080.jpg 810w, https:\/\/mrm-style.com\/sr\/wp-content\/uploads\/2020\/08\/Pisma-iz-Nemac\u030cke-Greifswald-Hanzeatski-grad-na-obali-Baltic\u030ckog-mora-Mr.M-by-Marko-Tadic\u030117-450x600.jpg 450w\" sizes=\"auto, (max-width: 1125px) 100vw, 1125px\" \/><\/a><\/figure><\/div>\n\n\n\n<p>Naravno, arhitektura klasicizma i po\u010detak Vilhelminove ere su tako\u0111e ostavili zna\u010dajan trag u Greifswaldu. Tokom ere DDR-a sru\u0161eni su veliki delovi severnog dela starog grada i tu su izgra\u0111eni monta\u017eni stanovi. Od 1990. godine ula\u017eu se veliki napori za restauraciju i obnavljanje istorijski arhitekture grada.<\/p>\n\n\n\n<p><em><strong>Stari deo grada<\/strong><\/em><\/p>\n\n\n\n<p>Centralni pija\u010dni trg, jedinstven po veli\u010dini i obliku u severnoj Nema\u010dkoj je zaista impozantan. Goti\u010dko-barokna gradska kuc\u0301a Greifswalda, koja poti\u010de iz 13. veka, nalazi se na pija\u010dnom trgu. Dve srednjovekovne hanzeatske gradske kuc\u0301e Markt 11 i 13 u \u010duvenom cigla gotskom stilu su posebno zna\u010dajne u pogledu arhitektonske istorije grada. <\/p>\n\n\n\n<p>Na uglu ulice &#8220;Muhlenstrasse&#8221; nalazi se bela, klasicisti\u010dka zgrada galerije slika Pomeranskog dr\u017eavnog muzeja, koju je sagradio prema planovima Johann Gottfried Kuistorp.<\/p>\n\n\n\n<div class=\"wp-block-image\"><figure class=\"aligncenter size-full\"><a href=\"https:\/\/mrm-style.com\/sr\/wp-content\/uploads\/2020\/08\/Pisma-iz-Nemac\u030cke-Greifswald-Hanzeatski-grad-na-obali-Baltic\u030ckog-mora-Mr.M-by-Marko-Tadic\u030122.jpg\"><img loading=\"lazy\" decoding=\"async\" width=\"1125\" height=\"1500\" src=\"https:\/\/mrm-style.com\/sr\/wp-content\/uploads\/2020\/08\/Pisma-iz-Nemac\u030cke-Greifswald-Hanzeatski-grad-na-obali-Baltic\u030ckog-mora-Mr.M-by-Marko-Tadic\u030122.jpg\" alt=\"\" class=\"wp-image-6020\" srcset=\"https:\/\/mrm-style.com\/sr\/wp-content\/uploads\/2020\/08\/Pisma-iz-Nemac\u030cke-Greifswald-Hanzeatski-grad-na-obali-Baltic\u030ckog-mora-Mr.M-by-Marko-Tadic\u030122.jpg 1125w, https:\/\/mrm-style.com\/sr\/wp-content\/uploads\/2020\/08\/Pisma-iz-Nemac\u030cke-Greifswald-Hanzeatski-grad-na-obali-Baltic\u030ckog-mora-Mr.M-by-Marko-Tadic\u030122-225x300.jpg 225w, https:\/\/mrm-style.com\/sr\/wp-content\/uploads\/2020\/08\/Pisma-iz-Nemac\u030cke-Greifswald-Hanzeatski-grad-na-obali-Baltic\u030ckog-mora-Mr.M-by-Marko-Tadic\u030122-768x1024.jpg 768w, https:\/\/mrm-style.com\/sr\/wp-content\/uploads\/2020\/08\/Pisma-iz-Nemac\u030cke-Greifswald-Hanzeatski-grad-na-obali-Baltic\u030ckog-mora-Mr.M-by-Marko-Tadic\u030122-800x1067.jpg 800w, https:\/\/mrm-style.com\/sr\/wp-content\/uploads\/2020\/08\/Pisma-iz-Nemac\u030cke-Greifswald-Hanzeatski-grad-na-obali-Baltic\u030ckog-mora-Mr.M-by-Marko-Tadic\u030122-550x733.jpg 550w, https:\/\/mrm-style.com\/sr\/wp-content\/uploads\/2020\/08\/Pisma-iz-Nemac\u030cke-Greifswald-Hanzeatski-grad-na-obali-Baltic\u030ckog-mora-Mr.M-by-Marko-Tadic\u030122-810x1080.jpg 810w, https:\/\/mrm-style.com\/sr\/wp-content\/uploads\/2020\/08\/Pisma-iz-Nemac\u030cke-Greifswald-Hanzeatski-grad-na-obali-Baltic\u030ckog-mora-Mr.M-by-Marko-Tadic\u030122-450x600.jpg 450w\" sizes=\"auto, (max-width: 1125px) 100vw, 1125px\" \/><\/a><\/figure><\/div>\n\n\n\n<p> Stari grad karakteri\u0161u i zgrade Univerziteta Greifswald, kao \u0161to su glavni kampus, nekoliko zgrada klinike i razne zgrade instituta. Najvec\u0301e svete gra\u0111evine su tri crkve od opeke od gotike koje se mogu videti izdaleka. Katedrala Svetog Nikolaja je znamenitost grada i nalazi se u zapadnom centru grada, u blizini glavne zgrade univerziteta. <\/p>\n\n\n\n<div class=\"wp-block-image\"><figure class=\"aligncenter size-full\"><a href=\"https:\/\/mrm-style.com\/sr\/wp-content\/uploads\/2020\/08\/Pisma-iz-Nemac\u030cke-Greifswald-Hanzeatski-grad-na-obali-Baltic\u030ckog-mora-Mr.M-by-Marko-Tadic\u03016.jpg\"><img loading=\"lazy\" decoding=\"async\" width=\"1125\" height=\"1500\" src=\"https:\/\/mrm-style.com\/sr\/wp-content\/uploads\/2020\/08\/Pisma-iz-Nemac\u030cke-Greifswald-Hanzeatski-grad-na-obali-Baltic\u030ckog-mora-Mr.M-by-Marko-Tadic\u03016.jpg\" alt=\"\" class=\"wp-image-6004\" srcset=\"https:\/\/mrm-style.com\/sr\/wp-content\/uploads\/2020\/08\/Pisma-iz-Nemac\u030cke-Greifswald-Hanzeatski-grad-na-obali-Baltic\u030ckog-mora-Mr.M-by-Marko-Tadic\u03016.jpg 1125w, https:\/\/mrm-style.com\/sr\/wp-content\/uploads\/2020\/08\/Pisma-iz-Nemac\u030cke-Greifswald-Hanzeatski-grad-na-obali-Baltic\u030ckog-mora-Mr.M-by-Marko-Tadic\u03016-225x300.jpg 225w, https:\/\/mrm-style.com\/sr\/wp-content\/uploads\/2020\/08\/Pisma-iz-Nemac\u030cke-Greifswald-Hanzeatski-grad-na-obali-Baltic\u030ckog-mora-Mr.M-by-Marko-Tadic\u03016-768x1024.jpg 768w, https:\/\/mrm-style.com\/sr\/wp-content\/uploads\/2020\/08\/Pisma-iz-Nemac\u030cke-Greifswald-Hanzeatski-grad-na-obali-Baltic\u030ckog-mora-Mr.M-by-Marko-Tadic\u03016-800x1067.jpg 800w, https:\/\/mrm-style.com\/sr\/wp-content\/uploads\/2020\/08\/Pisma-iz-Nemac\u030cke-Greifswald-Hanzeatski-grad-na-obali-Baltic\u030ckog-mora-Mr.M-by-Marko-Tadic\u03016-550x733.jpg 550w, https:\/\/mrm-style.com\/sr\/wp-content\/uploads\/2020\/08\/Pisma-iz-Nemac\u030cke-Greifswald-Hanzeatski-grad-na-obali-Baltic\u030ckog-mora-Mr.M-by-Marko-Tadic\u03016-810x1080.jpg 810w, https:\/\/mrm-style.com\/sr\/wp-content\/uploads\/2020\/08\/Pisma-iz-Nemac\u030cke-Greifswald-Hanzeatski-grad-na-obali-Baltic\u030ckog-mora-Mr.M-by-Marko-Tadic\u03016-450x600.jpg 450w\" sizes=\"auto, (max-width: 1125px) 100vw, 1125px\" \/><\/a><\/figure><\/div>\n\n\n\n<p>Tako\u0111e se u starom gradu nalaze razne va\u017ene istorijske gradske kuc\u0301e, na primer kod glavnih crkava i du\u017e pravca istok-zapad Schuhhagen ili Muhlenstra\u00dfe i Lange Stra\u00dfe ulica. Severni deo starog grada u pravcu luke je bio zna\u010dajnoj meri poru\u0161en zbog projekta starog sistema, iako je bio po\u0161te\u0111en u ratnom periodu i zamenjen monta\u017enim zgradama, samo je nekoliko starih zgrada, poput gradske biblioteke u Knopfstrasseu, po\u0161te\u0111eno ove destruktivne mere.<\/p>\n\n\n\n<div class=\"wp-block-image\"><figure class=\"aligncenter size-full\"><a href=\"https:\/\/mrm-style.com\/sr\/wp-content\/uploads\/2020\/08\/Pisma-iz-Nemac\u030cke-Greifswald-Hanzeatski-grad-na-obali-Baltic\u030ckog-mora-Mr.M-by-Marko-Tadic\u03011.jpg\"><img loading=\"lazy\" decoding=\"async\" width=\"1125\" height=\"1500\" src=\"https:\/\/mrm-style.com\/sr\/wp-content\/uploads\/2020\/08\/Pisma-iz-Nemac\u030cke-Greifswald-Hanzeatski-grad-na-obali-Baltic\u030ckog-mora-Mr.M-by-Marko-Tadic\u03011.jpg\" alt=\"\" class=\"wp-image-5999\" srcset=\"https:\/\/mrm-style.com\/sr\/wp-content\/uploads\/2020\/08\/Pisma-iz-Nemac\u030cke-Greifswald-Hanzeatski-grad-na-obali-Baltic\u030ckog-mora-Mr.M-by-Marko-Tadic\u03011.jpg 1125w, https:\/\/mrm-style.com\/sr\/wp-content\/uploads\/2020\/08\/Pisma-iz-Nemac\u030cke-Greifswald-Hanzeatski-grad-na-obali-Baltic\u030ckog-mora-Mr.M-by-Marko-Tadic\u03011-225x300.jpg 225w, https:\/\/mrm-style.com\/sr\/wp-content\/uploads\/2020\/08\/Pisma-iz-Nemac\u030cke-Greifswald-Hanzeatski-grad-na-obali-Baltic\u030ckog-mora-Mr.M-by-Marko-Tadic\u03011-768x1024.jpg 768w, https:\/\/mrm-style.com\/sr\/wp-content\/uploads\/2020\/08\/Pisma-iz-Nemac\u030cke-Greifswald-Hanzeatski-grad-na-obali-Baltic\u030ckog-mora-Mr.M-by-Marko-Tadic\u03011-800x1067.jpg 800w, https:\/\/mrm-style.com\/sr\/wp-content\/uploads\/2020\/08\/Pisma-iz-Nemac\u030cke-Greifswald-Hanzeatski-grad-na-obali-Baltic\u030ckog-mora-Mr.M-by-Marko-Tadic\u03011-550x733.jpg 550w, https:\/\/mrm-style.com\/sr\/wp-content\/uploads\/2020\/08\/Pisma-iz-Nemac\u030cke-Greifswald-Hanzeatski-grad-na-obali-Baltic\u030ckog-mora-Mr.M-by-Marko-Tadic\u03011-810x1080.jpg 810w, https:\/\/mrm-style.com\/sr\/wp-content\/uploads\/2020\/08\/Pisma-iz-Nemac\u030cke-Greifswald-Hanzeatski-grad-na-obali-Baltic\u030ckog-mora-Mr.M-by-Marko-Tadic\u03011-450x600.jpg 450w\" sizes=\"auto, (max-width: 1125px) 100vw, 1125px\" \/><\/a><\/figure><\/div>\n\n\n\n<p>Dragi moji pustolovi, do\u0161li smo do kraja ovog posebnog posta iz Nema\u010dke koji ne bi bio mogu\u0107 bez nesebi\u010dne pomo\u0107i <em><strong><a href=\"https:\/\/www.greifswald.info\/\">Turisti\u010dke Organizacije grada Greifswald<\/a><\/strong><\/em> i nema\u010dke nacionalne \u017eeleznice <em><strong><a href=\"https:\/\/www.bahn.de\/p\/view\/index.shtml\">DB \u2013 Deutsche Bahn<\/a><\/strong><\/em>  koji  su omogu\u0107ili da osetim duh i lepotu grada Greifswald i nema\u010dke savezne  pokrajine Meklenburg &#8211; Zapadna Pomeranija i da vam prenesem svoje  utiske o ovom neobi\u010dnom gradu u Nema\u010dkoj.\u00a0<\/p>\n\n\n\n<div class=\"wp-block-image\"><figure class=\"aligncenter size-full\"><a href=\"https:\/\/mrm-style.com\/sr\/wp-content\/uploads\/2020\/08\/Pisma-iz-Nemac\u030cke-Greifswald-Hanzeatski-grad-na-obali-Baltic\u030ckog-mora-Mr.M-by-Marko-Tadic\u030123.jpg\"><img loading=\"lazy\" decoding=\"async\" width=\"1125\" height=\"1500\" src=\"https:\/\/mrm-style.com\/sr\/wp-content\/uploads\/2020\/08\/Pisma-iz-Nemac\u030cke-Greifswald-Hanzeatski-grad-na-obali-Baltic\u030ckog-mora-Mr.M-by-Marko-Tadic\u030123.jpg\" alt=\"\" class=\"wp-image-6021\" srcset=\"https:\/\/mrm-style.com\/sr\/wp-content\/uploads\/2020\/08\/Pisma-iz-Nemac\u030cke-Greifswald-Hanzeatski-grad-na-obali-Baltic\u030ckog-mora-Mr.M-by-Marko-Tadic\u030123.jpg 1125w, https:\/\/mrm-style.com\/sr\/wp-content\/uploads\/2020\/08\/Pisma-iz-Nemac\u030cke-Greifswald-Hanzeatski-grad-na-obali-Baltic\u030ckog-mora-Mr.M-by-Marko-Tadic\u030123-225x300.jpg 225w, https:\/\/mrm-style.com\/sr\/wp-content\/uploads\/2020\/08\/Pisma-iz-Nemac\u030cke-Greifswald-Hanzeatski-grad-na-obali-Baltic\u030ckog-mora-Mr.M-by-Marko-Tadic\u030123-768x1024.jpg 768w, https:\/\/mrm-style.com\/sr\/wp-content\/uploads\/2020\/08\/Pisma-iz-Nemac\u030cke-Greifswald-Hanzeatski-grad-na-obali-Baltic\u030ckog-mora-Mr.M-by-Marko-Tadic\u030123-800x1067.jpg 800w, https:\/\/mrm-style.com\/sr\/wp-content\/uploads\/2020\/08\/Pisma-iz-Nemac\u030cke-Greifswald-Hanzeatski-grad-na-obali-Baltic\u030ckog-mora-Mr.M-by-Marko-Tadic\u030123-550x733.jpg 550w, https:\/\/mrm-style.com\/sr\/wp-content\/uploads\/2020\/08\/Pisma-iz-Nemac\u030cke-Greifswald-Hanzeatski-grad-na-obali-Baltic\u030ckog-mora-Mr.M-by-Marko-Tadic\u030123-810x1080.jpg 810w, https:\/\/mrm-style.com\/sr\/wp-content\/uploads\/2020\/08\/Pisma-iz-Nemac\u030cke-Greifswald-Hanzeatski-grad-na-obali-Baltic\u030ckog-mora-Mr.M-by-Marko-Tadic\u030123-450x600.jpg 450w\" sizes=\"auto, (max-width: 1125px) 100vw, 1125px\" \/><\/a><\/figure><\/div>\n\n\n\n<p>Vreme uvek proleti kada se \u010dovek lepo zabavlja! \u010covek je bogat u du\u0161i ako je uspeo da istra\u017ei svet i meni je drago da uvek uspem da prona\u0111em partnere mojih projekata koji mi poma\u017eu da otkrijem nove i neobi\u010dne destinacije na jedan sasvim druga\u010diji na\u010din tokom ove svetske zdrastvene krize COVID-19.<\/p>\n\n\n\n<div class=\"wp-block-image\"><figure class=\"aligncenter size-full\"><a href=\"https:\/\/mrm-style.com\/sr\/wp-content\/uploads\/2020\/08\/Pisma-iz-Nemac\u030cke-Greifswald-Hanzeatski-grad-na-obali-Baltic\u030ckog-mora-Mr.M-by-Marko-Tadic\u030113.jpg\"><img loading=\"lazy\" decoding=\"async\" width=\"1125\" height=\"1500\" src=\"https:\/\/mrm-style.com\/sr\/wp-content\/uploads\/2020\/08\/Pisma-iz-Nemac\u030cke-Greifswald-Hanzeatski-grad-na-obali-Baltic\u030ckog-mora-Mr.M-by-Marko-Tadic\u030113.jpg\" alt=\"\" class=\"wp-image-6011\" srcset=\"https:\/\/mrm-style.com\/sr\/wp-content\/uploads\/2020\/08\/Pisma-iz-Nemac\u030cke-Greifswald-Hanzeatski-grad-na-obali-Baltic\u030ckog-mora-Mr.M-by-Marko-Tadic\u030113.jpg 1125w, https:\/\/mrm-style.com\/sr\/wp-content\/uploads\/2020\/08\/Pisma-iz-Nemac\u030cke-Greifswald-Hanzeatski-grad-na-obali-Baltic\u030ckog-mora-Mr.M-by-Marko-Tadic\u030113-225x300.jpg 225w, https:\/\/mrm-style.com\/sr\/wp-content\/uploads\/2020\/08\/Pisma-iz-Nemac\u030cke-Greifswald-Hanzeatski-grad-na-obali-Baltic\u030ckog-mora-Mr.M-by-Marko-Tadic\u030113-768x1024.jpg 768w, https:\/\/mrm-style.com\/sr\/wp-content\/uploads\/2020\/08\/Pisma-iz-Nemac\u030cke-Greifswald-Hanzeatski-grad-na-obali-Baltic\u030ckog-mora-Mr.M-by-Marko-Tadic\u030113-800x1067.jpg 800w, https:\/\/mrm-style.com\/sr\/wp-content\/uploads\/2020\/08\/Pisma-iz-Nemac\u030cke-Greifswald-Hanzeatski-grad-na-obali-Baltic\u030ckog-mora-Mr.M-by-Marko-Tadic\u030113-550x733.jpg 550w, https:\/\/mrm-style.com\/sr\/wp-content\/uploads\/2020\/08\/Pisma-iz-Nemac\u030cke-Greifswald-Hanzeatski-grad-na-obali-Baltic\u030ckog-mora-Mr.M-by-Marko-Tadic\u030113-810x1080.jpg 810w, https:\/\/mrm-style.com\/sr\/wp-content\/uploads\/2020\/08\/Pisma-iz-Nemac\u030cke-Greifswald-Hanzeatski-grad-na-obali-Baltic\u030ckog-mora-Mr.M-by-Marko-Tadic\u030113-450x600.jpg 450w\" sizes=\"auto, (max-width: 1125px) 100vw, 1125px\" \/><\/a><\/figure><\/div>\n\n\n\n<p>\u010cast mi je da imam priliku da sara\u0111ujem sa   kompanijama koje \u010dine sam vrh u industriji turizma i \u017eeleo bih da im  se  zahvalim na ovoj neverovatnoj avanturi i \u0161to su mi omogu\u0107ili da na   jedan sasvim druga\u010diji na\u010din osetim lepote nema\u010dke savezne pokrajine Meklenburg &#8211; Zapadna Pomerinija.<\/p>\n\n\n\n<p>Kako se vama dopala ova moja pri\u010da o ovom  \u0161armatnom gradu Greifswaldu? Da li ste imali priliku do sada da posetite ovaj  grad u Nema\u010dkoj?<\/p>\n\n\n\n<div class=\"wp-block-image\"><figure class=\"aligncenter size-full\"><a href=\"https:\/\/mrm-style.com\/sr\/wp-content\/uploads\/2020\/08\/Pisma-iz-Nemac\u030cke-Greifswald-Hanzeatski-grad-na-obali-Baltic\u030ckog-mora-Mr.M-by-Marko-Tadic\u03012.jpg\"><img loading=\"lazy\" decoding=\"async\" width=\"2000\" height=\"1500\" src=\"https:\/\/mrm-style.com\/sr\/wp-content\/uploads\/2020\/08\/Pisma-iz-Nemac\u030cke-Greifswald-Hanzeatski-grad-na-obali-Baltic\u030ckog-mora-Mr.M-by-Marko-Tadic\u03012.jpg\" alt=\"\" class=\"wp-image-6000\" srcset=\"https:\/\/mrm-style.com\/sr\/wp-content\/uploads\/2020\/08\/Pisma-iz-Nemac\u030cke-Greifswald-Hanzeatski-grad-na-obali-Baltic\u030ckog-mora-Mr.M-by-Marko-Tadic\u03012.jpg 2000w, https:\/\/mrm-style.com\/sr\/wp-content\/uploads\/2020\/08\/Pisma-iz-Nemac\u030cke-Greifswald-Hanzeatski-grad-na-obali-Baltic\u030ckog-mora-Mr.M-by-Marko-Tadic\u03012-300x225.jpg 300w, https:\/\/mrm-style.com\/sr\/wp-content\/uploads\/2020\/08\/Pisma-iz-Nemac\u030cke-Greifswald-Hanzeatski-grad-na-obali-Baltic\u030ckog-mora-Mr.M-by-Marko-Tadic\u03012-1024x768.jpg 1024w, https:\/\/mrm-style.com\/sr\/wp-content\/uploads\/2020\/08\/Pisma-iz-Nemac\u030cke-Greifswald-Hanzeatski-grad-na-obali-Baltic\u030ckog-mora-Mr.M-by-Marko-Tadic\u03012-768x576.jpg 768w, https:\/\/mrm-style.com\/sr\/wp-content\/uploads\/2020\/08\/Pisma-iz-Nemac\u030cke-Greifswald-Hanzeatski-grad-na-obali-Baltic\u030ckog-mora-Mr.M-by-Marko-Tadic\u03012-1536x1152.jpg 1536w, https:\/\/mrm-style.com\/sr\/wp-content\/uploads\/2020\/08\/Pisma-iz-Nemac\u030cke-Greifswald-Hanzeatski-grad-na-obali-Baltic\u030ckog-mora-Mr.M-by-Marko-Tadic\u03012-1440x1080.jpg 1440w, https:\/\/mrm-style.com\/sr\/wp-content\/uploads\/2020\/08\/Pisma-iz-Nemac\u030cke-Greifswald-Hanzeatski-grad-na-obali-Baltic\u030ckog-mora-Mr.M-by-Marko-Tadic\u03012-800x600.jpg 800w, https:\/\/mrm-style.com\/sr\/wp-content\/uploads\/2020\/08\/Pisma-iz-Nemac\u030cke-Greifswald-Hanzeatski-grad-na-obali-Baltic\u030ckog-mora-Mr.M-by-Marko-Tadic\u03012-550x413.jpg 550w, https:\/\/mrm-style.com\/sr\/wp-content\/uploads\/2020\/08\/Pisma-iz-Nemac\u030cke-Greifswald-Hanzeatski-grad-na-obali-Baltic\u030ckog-mora-Mr.M-by-Marko-Tadic\u03012-1920x1440.jpg 1920w\" sizes=\"auto, (max-width: 2000px) 100vw, 2000px\" \/><\/a><\/figure><\/div>\n\n\n\n<p>Ako imate neko pitanje, komentar,   sugestiju ili poruku za mene mo\u017eete mi napisati dole u komentarima.   Naravno, kao i do sad uvek me mo\u017eete kontaktirati putem maila ili   dru\u0161tvenih mre\u017ea i to mo\u017eete prona\u0107i na stranici\u00a0<em><strong><a href=\"https:\/\/mrm-style.com\/sr\/kontakt\/\">KONTAKT<\/a>.<\/strong><\/em>\u00a0Vidimo se na istom mestu za par dana, sa nekom novom pri\u010dom iz Nema\u010dke! Pozivam vas da pogledate i ostale slike koje se nalaze u galeriji fotografija i da u\u017eivate u lepoti ovog balti\u010dkog grada.<\/p>\n\n\n\n<p><em>Blogerski pozdrav iz Grajfsvalda,<\/em><\/p>\n\n\n\n<p><strong>Mr.M<\/strong><\/p>\n\n\n\n<figure class=\"wp-block-gallery columns-3 is-cropped wp-block-gallery-1 is-layout-flex wp-block-gallery-is-layout-flex\"><ul class=\"blocks-gallery-grid\"><li class=\"blocks-gallery-item\"><figure><img loading=\"lazy\" decoding=\"async\" width=\"768\" height=\"1024\" src=\"https:\/\/mrm-style.com\/sr\/wp-content\/uploads\/2020\/08\/Pisma-iz-Nemac\u030cke-Greifswald-Hanzeatski-grad-na-obali-Baltic\u030ckog-mora-Mr.M-by-Marko-Tadic\u03013-768x1024.jpg\" alt=\"\" data-id=\"6001\" data-full-url=\"https:\/\/mrm-style.com\/sr\/wp-content\/uploads\/2020\/08\/Pisma-iz-Nemac\u030cke-Greifswald-Hanzeatski-grad-na-obali-Baltic\u030ckog-mora-Mr.M-by-Marko-Tadic\u03013.jpg\" data-link=\"https:\/\/mrm-style.com\/sr\/?attachment_id=6001\" class=\"wp-image-6001\" srcset=\"https:\/\/mrm-style.com\/sr\/wp-content\/uploads\/2020\/08\/Pisma-iz-Nemac\u030cke-Greifswald-Hanzeatski-grad-na-obali-Baltic\u030ckog-mora-Mr.M-by-Marko-Tadic\u03013-768x1024.jpg 768w, https:\/\/mrm-style.com\/sr\/wp-content\/uploads\/2020\/08\/Pisma-iz-Nemac\u030cke-Greifswald-Hanzeatski-grad-na-obali-Baltic\u030ckog-mora-Mr.M-by-Marko-Tadic\u03013-225x300.jpg 225w, https:\/\/mrm-style.com\/sr\/wp-content\/uploads\/2020\/08\/Pisma-iz-Nemac\u030cke-Greifswald-Hanzeatski-grad-na-obali-Baltic\u030ckog-mora-Mr.M-by-Marko-Tadic\u03013-800x1067.jpg 800w, https:\/\/mrm-style.com\/sr\/wp-content\/uploads\/2020\/08\/Pisma-iz-Nemac\u030cke-Greifswald-Hanzeatski-grad-na-obali-Baltic\u030ckog-mora-Mr.M-by-Marko-Tadic\u03013-550x733.jpg 550w, https:\/\/mrm-style.com\/sr\/wp-content\/uploads\/2020\/08\/Pisma-iz-Nemac\u030cke-Greifswald-Hanzeatski-grad-na-obali-Baltic\u030ckog-mora-Mr.M-by-Marko-Tadic\u03013-810x1080.jpg 810w, https:\/\/mrm-style.com\/sr\/wp-content\/uploads\/2020\/08\/Pisma-iz-Nemac\u030cke-Greifswald-Hanzeatski-grad-na-obali-Baltic\u030ckog-mora-Mr.M-by-Marko-Tadic\u03013-450x600.jpg 450w, https:\/\/mrm-style.com\/sr\/wp-content\/uploads\/2020\/08\/Pisma-iz-Nemac\u030cke-Greifswald-Hanzeatski-grad-na-obali-Baltic\u030ckog-mora-Mr.M-by-Marko-Tadic\u03013.jpg 1125w\" sizes=\"auto, (max-width: 768px) 100vw, 768px\" \/><\/figure><\/li><li class=\"blocks-gallery-item\"><figure><img loading=\"lazy\" decoding=\"async\" width=\"1024\" height=\"768\" src=\"https:\/\/mrm-style.com\/sr\/wp-content\/uploads\/2020\/08\/Pisma-iz-Nemac\u030cke-Greifswald-Hanzeatski-grad-na-obali-Baltic\u030ckog-mora-Mr.M-by-Marko-Tadic\u03014-1024x768.jpg\" alt=\"\" data-id=\"6002\" data-full-url=\"https:\/\/mrm-style.com\/sr\/wp-content\/uploads\/2020\/08\/Pisma-iz-Nemac\u030cke-Greifswald-Hanzeatski-grad-na-obali-Baltic\u030ckog-mora-Mr.M-by-Marko-Tadic\u03014.jpg\" data-link=\"https:\/\/mrm-style.com\/sr\/?attachment_id=6002\" class=\"wp-image-6002\" srcset=\"https:\/\/mrm-style.com\/sr\/wp-content\/uploads\/2020\/08\/Pisma-iz-Nemac\u030cke-Greifswald-Hanzeatski-grad-na-obali-Baltic\u030ckog-mora-Mr.M-by-Marko-Tadic\u03014-1024x768.jpg 1024w, https:\/\/mrm-style.com\/sr\/wp-content\/uploads\/2020\/08\/Pisma-iz-Nemac\u030cke-Greifswald-Hanzeatski-grad-na-obali-Baltic\u030ckog-mora-Mr.M-by-Marko-Tadic\u03014-300x225.jpg 300w, https:\/\/mrm-style.com\/sr\/wp-content\/uploads\/2020\/08\/Pisma-iz-Nemac\u030cke-Greifswald-Hanzeatski-grad-na-obali-Baltic\u030ckog-mora-Mr.M-by-Marko-Tadic\u03014-768x576.jpg 768w, https:\/\/mrm-style.com\/sr\/wp-content\/uploads\/2020\/08\/Pisma-iz-Nemac\u030cke-Greifswald-Hanzeatski-grad-na-obali-Baltic\u030ckog-mora-Mr.M-by-Marko-Tadic\u03014-1536x1152.jpg 1536w, https:\/\/mrm-style.com\/sr\/wp-content\/uploads\/2020\/08\/Pisma-iz-Nemac\u030cke-Greifswald-Hanzeatski-grad-na-obali-Baltic\u030ckog-mora-Mr.M-by-Marko-Tadic\u03014-1440x1080.jpg 1440w, https:\/\/mrm-style.com\/sr\/wp-content\/uploads\/2020\/08\/Pisma-iz-Nemac\u030cke-Greifswald-Hanzeatski-grad-na-obali-Baltic\u030ckog-mora-Mr.M-by-Marko-Tadic\u03014-800x600.jpg 800w, https:\/\/mrm-style.com\/sr\/wp-content\/uploads\/2020\/08\/Pisma-iz-Nemac\u030cke-Greifswald-Hanzeatski-grad-na-obali-Baltic\u030ckog-mora-Mr.M-by-Marko-Tadic\u03014-550x413.jpg 550w, https:\/\/mrm-style.com\/sr\/wp-content\/uploads\/2020\/08\/Pisma-iz-Nemac\u030cke-Greifswald-Hanzeatski-grad-na-obali-Baltic\u030ckog-mora-Mr.M-by-Marko-Tadic\u03014-1920x1440.jpg 1920w, https:\/\/mrm-style.com\/sr\/wp-content\/uploads\/2020\/08\/Pisma-iz-Nemac\u030cke-Greifswald-Hanzeatski-grad-na-obali-Baltic\u030ckog-mora-Mr.M-by-Marko-Tadic\u03014.jpg 2000w\" sizes=\"auto, (max-width: 1024px) 100vw, 1024px\" \/><\/figure><\/li><li class=\"blocks-gallery-item\"><figure><img loading=\"lazy\" decoding=\"async\" width=\"768\" height=\"1024\" src=\"https:\/\/mrm-style.com\/sr\/wp-content\/uploads\/2020\/08\/Pisma-iz-Nemac\u030cke-Greifswald-Hanzeatski-grad-na-obali-Baltic\u030ckog-mora-Mr.M-by-Marko-Tadic\u03015-768x1024.jpg\" alt=\"\" data-id=\"6003\" data-full-url=\"https:\/\/mrm-style.com\/sr\/wp-content\/uploads\/2020\/08\/Pisma-iz-Nemac\u030cke-Greifswald-Hanzeatski-grad-na-obali-Baltic\u030ckog-mora-Mr.M-by-Marko-Tadic\u03015.jpg\" data-link=\"https:\/\/mrm-style.com\/sr\/?attachment_id=6003\" class=\"wp-image-6003\" srcset=\"https:\/\/mrm-style.com\/sr\/wp-content\/uploads\/2020\/08\/Pisma-iz-Nemac\u030cke-Greifswald-Hanzeatski-grad-na-obali-Baltic\u030ckog-mora-Mr.M-by-Marko-Tadic\u03015-768x1024.jpg 768w, https:\/\/mrm-style.com\/sr\/wp-content\/uploads\/2020\/08\/Pisma-iz-Nemac\u030cke-Greifswald-Hanzeatski-grad-na-obali-Baltic\u030ckog-mora-Mr.M-by-Marko-Tadic\u03015-225x300.jpg 225w, https:\/\/mrm-style.com\/sr\/wp-content\/uploads\/2020\/08\/Pisma-iz-Nemac\u030cke-Greifswald-Hanzeatski-grad-na-obali-Baltic\u030ckog-mora-Mr.M-by-Marko-Tadic\u03015-800x1067.jpg 800w, https:\/\/mrm-style.com\/sr\/wp-content\/uploads\/2020\/08\/Pisma-iz-Nemac\u030cke-Greifswald-Hanzeatski-grad-na-obali-Baltic\u030ckog-mora-Mr.M-by-Marko-Tadic\u03015-550x733.jpg 550w, https:\/\/mrm-style.com\/sr\/wp-content\/uploads\/2020\/08\/Pisma-iz-Nemac\u030cke-Greifswald-Hanzeatski-grad-na-obali-Baltic\u030ckog-mora-Mr.M-by-Marko-Tadic\u03015-810x1080.jpg 810w, https:\/\/mrm-style.com\/sr\/wp-content\/uploads\/2020\/08\/Pisma-iz-Nemac\u030cke-Greifswald-Hanzeatski-grad-na-obali-Baltic\u030ckog-mora-Mr.M-by-Marko-Tadic\u03015-450x600.jpg 450w, https:\/\/mrm-style.com\/sr\/wp-content\/uploads\/2020\/08\/Pisma-iz-Nemac\u030cke-Greifswald-Hanzeatski-grad-na-obali-Baltic\u030ckog-mora-Mr.M-by-Marko-Tadic\u03015.jpg 1125w\" sizes=\"auto, (max-width: 768px) 100vw, 768px\" \/><\/figure><\/li><li class=\"blocks-gallery-item\"><figure><img loading=\"lazy\" decoding=\"async\" width=\"768\" height=\"1024\" src=\"https:\/\/mrm-style.com\/sr\/wp-content\/uploads\/2020\/08\/Pisma-iz-Nemac\u030cke-Greifswald-Hanzeatski-grad-na-obali-Baltic\u030ckog-mora-Mr.M-by-Marko-Tadic\u03017-768x1024.jpg\" alt=\"\" data-id=\"6005\" data-full-url=\"https:\/\/mrm-style.com\/sr\/wp-content\/uploads\/2020\/08\/Pisma-iz-Nemac\u030cke-Greifswald-Hanzeatski-grad-na-obali-Baltic\u030ckog-mora-Mr.M-by-Marko-Tadic\u03017.jpg\" data-link=\"https:\/\/mrm-style.com\/sr\/?attachment_id=6005\" class=\"wp-image-6005\" srcset=\"https:\/\/mrm-style.com\/sr\/wp-content\/uploads\/2020\/08\/Pisma-iz-Nemac\u030cke-Greifswald-Hanzeatski-grad-na-obali-Baltic\u030ckog-mora-Mr.M-by-Marko-Tadic\u03017-768x1024.jpg 768w, https:\/\/mrm-style.com\/sr\/wp-content\/uploads\/2020\/08\/Pisma-iz-Nemac\u030cke-Greifswald-Hanzeatski-grad-na-obali-Baltic\u030ckog-mora-Mr.M-by-Marko-Tadic\u03017-225x300.jpg 225w, https:\/\/mrm-style.com\/sr\/wp-content\/uploads\/2020\/08\/Pisma-iz-Nemac\u030cke-Greifswald-Hanzeatski-grad-na-obali-Baltic\u030ckog-mora-Mr.M-by-Marko-Tadic\u03017-800x1067.jpg 800w, https:\/\/mrm-style.com\/sr\/wp-content\/uploads\/2020\/08\/Pisma-iz-Nemac\u030cke-Greifswald-Hanzeatski-grad-na-obali-Baltic\u030ckog-mora-Mr.M-by-Marko-Tadic\u03017-550x733.jpg 550w, https:\/\/mrm-style.com\/sr\/wp-content\/uploads\/2020\/08\/Pisma-iz-Nemac\u030cke-Greifswald-Hanzeatski-grad-na-obali-Baltic\u030ckog-mora-Mr.M-by-Marko-Tadic\u03017-810x1080.jpg 810w, https:\/\/mrm-style.com\/sr\/wp-content\/uploads\/2020\/08\/Pisma-iz-Nemac\u030cke-Greifswald-Hanzeatski-grad-na-obali-Baltic\u030ckog-mora-Mr.M-by-Marko-Tadic\u03017-450x600.jpg 450w, https:\/\/mrm-style.com\/sr\/wp-content\/uploads\/2020\/08\/Pisma-iz-Nemac\u030cke-Greifswald-Hanzeatski-grad-na-obali-Baltic\u030ckog-mora-Mr.M-by-Marko-Tadic\u03017.jpg 1125w\" sizes=\"auto, (max-width: 768px) 100vw, 768px\" \/><\/figure><\/li><li class=\"blocks-gallery-item\"><figure><img loading=\"lazy\" decoding=\"async\" width=\"768\" height=\"1024\" src=\"https:\/\/mrm-style.com\/sr\/wp-content\/uploads\/2020\/08\/Pisma-iz-Nemac\u030cke-Greifswald-Hanzeatski-grad-na-obali-Baltic\u030ckog-mora-Mr.M-by-Marko-Tadic\u03019-768x1024.jpg\" alt=\"\" data-id=\"6007\" data-full-url=\"https:\/\/mrm-style.com\/sr\/wp-content\/uploads\/2020\/08\/Pisma-iz-Nemac\u030cke-Greifswald-Hanzeatski-grad-na-obali-Baltic\u030ckog-mora-Mr.M-by-Marko-Tadic\u03019.jpg\" data-link=\"https:\/\/mrm-style.com\/sr\/?attachment_id=6007\" class=\"wp-image-6007\" srcset=\"https:\/\/mrm-style.com\/sr\/wp-content\/uploads\/2020\/08\/Pisma-iz-Nemac\u030cke-Greifswald-Hanzeatski-grad-na-obali-Baltic\u030ckog-mora-Mr.M-by-Marko-Tadic\u03019-768x1024.jpg 768w, https:\/\/mrm-style.com\/sr\/wp-content\/uploads\/2020\/08\/Pisma-iz-Nemac\u030cke-Greifswald-Hanzeatski-grad-na-obali-Baltic\u030ckog-mora-Mr.M-by-Marko-Tadic\u03019-225x300.jpg 225w, https:\/\/mrm-style.com\/sr\/wp-content\/uploads\/2020\/08\/Pisma-iz-Nemac\u030cke-Greifswald-Hanzeatski-grad-na-obali-Baltic\u030ckog-mora-Mr.M-by-Marko-Tadic\u03019-800x1067.jpg 800w, https:\/\/mrm-style.com\/sr\/wp-content\/uploads\/2020\/08\/Pisma-iz-Nemac\u030cke-Greifswald-Hanzeatski-grad-na-obali-Baltic\u030ckog-mora-Mr.M-by-Marko-Tadic\u03019-550x733.jpg 550w, https:\/\/mrm-style.com\/sr\/wp-content\/uploads\/2020\/08\/Pisma-iz-Nemac\u030cke-Greifswald-Hanzeatski-grad-na-obali-Baltic\u030ckog-mora-Mr.M-by-Marko-Tadic\u03019-810x1080.jpg 810w, https:\/\/mrm-style.com\/sr\/wp-content\/uploads\/2020\/08\/Pisma-iz-Nemac\u030cke-Greifswald-Hanzeatski-grad-na-obali-Baltic\u030ckog-mora-Mr.M-by-Marko-Tadic\u03019-450x600.jpg 450w, https:\/\/mrm-style.com\/sr\/wp-content\/uploads\/2020\/08\/Pisma-iz-Nemac\u030cke-Greifswald-Hanzeatski-grad-na-obali-Baltic\u030ckog-mora-Mr.M-by-Marko-Tadic\u03019.jpg 1125w\" sizes=\"auto, (max-width: 768px) 100vw, 768px\" \/><\/figure><\/li><li class=\"blocks-gallery-item\"><figure><img loading=\"lazy\" decoding=\"async\" width=\"768\" height=\"1024\" src=\"https:\/\/mrm-style.com\/sr\/wp-content\/uploads\/2020\/08\/Pisma-iz-Nemac\u030cke-Greifswald-Hanzeatski-grad-na-obali-Baltic\u030ckog-mora-Mr.M-by-Marko-Tadic\u030114-768x1024.jpg\" alt=\"\" data-id=\"6012\" data-full-url=\"https:\/\/mrm-style.com\/sr\/wp-content\/uploads\/2020\/08\/Pisma-iz-Nemac\u030cke-Greifswald-Hanzeatski-grad-na-obali-Baltic\u030ckog-mora-Mr.M-by-Marko-Tadic\u030114.jpg\" data-link=\"https:\/\/mrm-style.com\/sr\/?attachment_id=6012\" class=\"wp-image-6012\" srcset=\"https:\/\/mrm-style.com\/sr\/wp-content\/uploads\/2020\/08\/Pisma-iz-Nemac\u030cke-Greifswald-Hanzeatski-grad-na-obali-Baltic\u030ckog-mora-Mr.M-by-Marko-Tadic\u030114-768x1024.jpg 768w, https:\/\/mrm-style.com\/sr\/wp-content\/uploads\/2020\/08\/Pisma-iz-Nemac\u030cke-Greifswald-Hanzeatski-grad-na-obali-Baltic\u030ckog-mora-Mr.M-by-Marko-Tadic\u030114-225x300.jpg 225w, https:\/\/mrm-style.com\/sr\/wp-content\/uploads\/2020\/08\/Pisma-iz-Nemac\u030cke-Greifswald-Hanzeatski-grad-na-obali-Baltic\u030ckog-mora-Mr.M-by-Marko-Tadic\u030114-800x1067.jpg 800w, https:\/\/mrm-style.com\/sr\/wp-content\/uploads\/2020\/08\/Pisma-iz-Nemac\u030cke-Greifswald-Hanzeatski-grad-na-obali-Baltic\u030ckog-mora-Mr.M-by-Marko-Tadic\u030114-550x733.jpg 550w, https:\/\/mrm-style.com\/sr\/wp-content\/uploads\/2020\/08\/Pisma-iz-Nemac\u030cke-Greifswald-Hanzeatski-grad-na-obali-Baltic\u030ckog-mora-Mr.M-by-Marko-Tadic\u030114-810x1080.jpg 810w, https:\/\/mrm-style.com\/sr\/wp-content\/uploads\/2020\/08\/Pisma-iz-Nemac\u030cke-Greifswald-Hanzeatski-grad-na-obali-Baltic\u030ckog-mora-Mr.M-by-Marko-Tadic\u030114-450x600.jpg 450w, https:\/\/mrm-style.com\/sr\/wp-content\/uploads\/2020\/08\/Pisma-iz-Nemac\u030cke-Greifswald-Hanzeatski-grad-na-obali-Baltic\u030ckog-mora-Mr.M-by-Marko-Tadic\u030114.jpg 1125w\" sizes=\"auto, (max-width: 768px) 100vw, 768px\" \/><\/figure><\/li><li class=\"blocks-gallery-item\"><figure><img loading=\"lazy\" decoding=\"async\" width=\"1024\" height=\"768\" src=\"https:\/\/mrm-style.com\/sr\/wp-content\/uploads\/2020\/08\/Pisma-iz-Nemac\u030cke-Greifswald-Hanzeatski-grad-na-obali-Baltic\u030ckog-mora-Mr.M-by-Marko-Tadic\u030115-1024x768.jpg\" alt=\"\" data-id=\"6013\" data-full-url=\"https:\/\/mrm-style.com\/sr\/wp-content\/uploads\/2020\/08\/Pisma-iz-Nemac\u030cke-Greifswald-Hanzeatski-grad-na-obali-Baltic\u030ckog-mora-Mr.M-by-Marko-Tadic\u030115.jpg\" data-link=\"https:\/\/mrm-style.com\/sr\/?attachment_id=6013\" class=\"wp-image-6013\" srcset=\"https:\/\/mrm-style.com\/sr\/wp-content\/uploads\/2020\/08\/Pisma-iz-Nemac\u030cke-Greifswald-Hanzeatski-grad-na-obali-Baltic\u030ckog-mora-Mr.M-by-Marko-Tadic\u030115-1024x768.jpg 1024w, https:\/\/mrm-style.com\/sr\/wp-content\/uploads\/2020\/08\/Pisma-iz-Nemac\u030cke-Greifswald-Hanzeatski-grad-na-obali-Baltic\u030ckog-mora-Mr.M-by-Marko-Tadic\u030115-300x225.jpg 300w, https:\/\/mrm-style.com\/sr\/wp-content\/uploads\/2020\/08\/Pisma-iz-Nemac\u030cke-Greifswald-Hanzeatski-grad-na-obali-Baltic\u030ckog-mora-Mr.M-by-Marko-Tadic\u030115-768x576.jpg 768w, https:\/\/mrm-style.com\/sr\/wp-content\/uploads\/2020\/08\/Pisma-iz-Nemac\u030cke-Greifswald-Hanzeatski-grad-na-obali-Baltic\u030ckog-mora-Mr.M-by-Marko-Tadic\u030115-1536x1152.jpg 1536w, https:\/\/mrm-style.com\/sr\/wp-content\/uploads\/2020\/08\/Pisma-iz-Nemac\u030cke-Greifswald-Hanzeatski-grad-na-obali-Baltic\u030ckog-mora-Mr.M-by-Marko-Tadic\u030115-1440x1080.jpg 1440w, https:\/\/mrm-style.com\/sr\/wp-content\/uploads\/2020\/08\/Pisma-iz-Nemac\u030cke-Greifswald-Hanzeatski-grad-na-obali-Baltic\u030ckog-mora-Mr.M-by-Marko-Tadic\u030115-800x600.jpg 800w, https:\/\/mrm-style.com\/sr\/wp-content\/uploads\/2020\/08\/Pisma-iz-Nemac\u030cke-Greifswald-Hanzeatski-grad-na-obali-Baltic\u030ckog-mora-Mr.M-by-Marko-Tadic\u030115-550x413.jpg 550w, https:\/\/mrm-style.com\/sr\/wp-content\/uploads\/2020\/08\/Pisma-iz-Nemac\u030cke-Greifswald-Hanzeatski-grad-na-obali-Baltic\u030ckog-mora-Mr.M-by-Marko-Tadic\u030115-1920x1440.jpg 1920w, https:\/\/mrm-style.com\/sr\/wp-content\/uploads\/2020\/08\/Pisma-iz-Nemac\u030cke-Greifswald-Hanzeatski-grad-na-obali-Baltic\u030ckog-mora-Mr.M-by-Marko-Tadic\u030115.jpg 2000w\" sizes=\"auto, (max-width: 1024px) 100vw, 1024px\" \/><\/figure><\/li><li class=\"blocks-gallery-item\"><figure><img loading=\"lazy\" decoding=\"async\" width=\"1024\" height=\"768\" src=\"https:\/\/mrm-style.com\/sr\/wp-content\/uploads\/2020\/08\/Pisma-iz-Nemac\u030cke-Greifswald-Hanzeatski-grad-na-obali-Baltic\u030ckog-mora-Mr.M-by-Marko-Tadic\u030118-1024x768.jpg\" alt=\"\" data-id=\"6016\" data-full-url=\"https:\/\/mrm-style.com\/sr\/wp-content\/uploads\/2020\/08\/Pisma-iz-Nemac\u030cke-Greifswald-Hanzeatski-grad-na-obali-Baltic\u030ckog-mora-Mr.M-by-Marko-Tadic\u030118.jpg\" data-link=\"https:\/\/mrm-style.com\/sr\/?attachment_id=6016\" class=\"wp-image-6016\" srcset=\"https:\/\/mrm-style.com\/sr\/wp-content\/uploads\/2020\/08\/Pisma-iz-Nemac\u030cke-Greifswald-Hanzeatski-grad-na-obali-Baltic\u030ckog-mora-Mr.M-by-Marko-Tadic\u030118-1024x768.jpg 1024w, https:\/\/mrm-style.com\/sr\/wp-content\/uploads\/2020\/08\/Pisma-iz-Nemac\u030cke-Greifswald-Hanzeatski-grad-na-obali-Baltic\u030ckog-mora-Mr.M-by-Marko-Tadic\u030118-300x225.jpg 300w, https:\/\/mrm-style.com\/sr\/wp-content\/uploads\/2020\/08\/Pisma-iz-Nemac\u030cke-Greifswald-Hanzeatski-grad-na-obali-Baltic\u030ckog-mora-Mr.M-by-Marko-Tadic\u030118-768x576.jpg 768w, https:\/\/mrm-style.com\/sr\/wp-content\/uploads\/2020\/08\/Pisma-iz-Nemac\u030cke-Greifswald-Hanzeatski-grad-na-obali-Baltic\u030ckog-mora-Mr.M-by-Marko-Tadic\u030118-1536x1152.jpg 1536w, https:\/\/mrm-style.com\/sr\/wp-content\/uploads\/2020\/08\/Pisma-iz-Nemac\u030cke-Greifswald-Hanzeatski-grad-na-obali-Baltic\u030ckog-mora-Mr.M-by-Marko-Tadic\u030118-1440x1080.jpg 1440w, https:\/\/mrm-style.com\/sr\/wp-content\/uploads\/2020\/08\/Pisma-iz-Nemac\u030cke-Greifswald-Hanzeatski-grad-na-obali-Baltic\u030ckog-mora-Mr.M-by-Marko-Tadic\u030118-800x600.jpg 800w, https:\/\/mrm-style.com\/sr\/wp-content\/uploads\/2020\/08\/Pisma-iz-Nemac\u030cke-Greifswald-Hanzeatski-grad-na-obali-Baltic\u030ckog-mora-Mr.M-by-Marko-Tadic\u030118-550x413.jpg 550w, https:\/\/mrm-style.com\/sr\/wp-content\/uploads\/2020\/08\/Pisma-iz-Nemac\u030cke-Greifswald-Hanzeatski-grad-na-obali-Baltic\u030ckog-mora-Mr.M-by-Marko-Tadic\u030118-1920x1440.jpg 1920w, https:\/\/mrm-style.com\/sr\/wp-content\/uploads\/2020\/08\/Pisma-iz-Nemac\u030cke-Greifswald-Hanzeatski-grad-na-obali-Baltic\u030ckog-mora-Mr.M-by-Marko-Tadic\u030118.jpg 2000w\" sizes=\"auto, (max-width: 1024px) 100vw, 1024px\" \/><\/figure><\/li><li class=\"blocks-gallery-item\"><figure><img loading=\"lazy\" decoding=\"async\" width=\"768\" height=\"1024\" src=\"https:\/\/mrm-style.com\/sr\/wp-content\/uploads\/2020\/08\/Pisma-iz-Nemac\u030cke-Greifswald-Hanzeatski-grad-na-obali-Baltic\u030ckog-mora-Mr.M-by-Marko-Tadic\u030120-768x1024.jpg\" alt=\"\" data-id=\"6018\" data-full-url=\"https:\/\/mrm-style.com\/sr\/wp-content\/uploads\/2020\/08\/Pisma-iz-Nemac\u030cke-Greifswald-Hanzeatski-grad-na-obali-Baltic\u030ckog-mora-Mr.M-by-Marko-Tadic\u030120.jpg\" data-link=\"https:\/\/mrm-style.com\/sr\/?attachment_id=6018\" class=\"wp-image-6018\" srcset=\"https:\/\/mrm-style.com\/sr\/wp-content\/uploads\/2020\/08\/Pisma-iz-Nemac\u030cke-Greifswald-Hanzeatski-grad-na-obali-Baltic\u030ckog-mora-Mr.M-by-Marko-Tadic\u030120-768x1024.jpg 768w, https:\/\/mrm-style.com\/sr\/wp-content\/uploads\/2020\/08\/Pisma-iz-Nemac\u030cke-Greifswald-Hanzeatski-grad-na-obali-Baltic\u030ckog-mora-Mr.M-by-Marko-Tadic\u030120-225x300.jpg 225w, https:\/\/mrm-style.com\/sr\/wp-content\/uploads\/2020\/08\/Pisma-iz-Nemac\u030cke-Greifswald-Hanzeatski-grad-na-obali-Baltic\u030ckog-mora-Mr.M-by-Marko-Tadic\u030120-800x1067.jpg 800w, https:\/\/mrm-style.com\/sr\/wp-content\/uploads\/2020\/08\/Pisma-iz-Nemac\u030cke-Greifswald-Hanzeatski-grad-na-obali-Baltic\u030ckog-mora-Mr.M-by-Marko-Tadic\u030120-550x733.jpg 550w, https:\/\/mrm-style.com\/sr\/wp-content\/uploads\/2020\/08\/Pisma-iz-Nemac\u030cke-Greifswald-Hanzeatski-grad-na-obali-Baltic\u030ckog-mora-Mr.M-by-Marko-Tadic\u030120-810x1080.jpg 810w, https:\/\/mrm-style.com\/sr\/wp-content\/uploads\/2020\/08\/Pisma-iz-Nemac\u030cke-Greifswald-Hanzeatski-grad-na-obali-Baltic\u030ckog-mora-Mr.M-by-Marko-Tadic\u030120-450x600.jpg 450w, https:\/\/mrm-style.com\/sr\/wp-content\/uploads\/2020\/08\/Pisma-iz-Nemac\u030cke-Greifswald-Hanzeatski-grad-na-obali-Baltic\u030ckog-mora-Mr.M-by-Marko-Tadic\u030120.jpg 1125w\" sizes=\"auto, (max-width: 768px) 100vw, 768px\" \/><\/figure><\/li><li class=\"blocks-gallery-item\"><figure><img loading=\"lazy\" decoding=\"async\" width=\"768\" height=\"1024\" src=\"https:\/\/mrm-style.com\/sr\/wp-content\/uploads\/2020\/08\/Pisma-iz-Nemac\u030cke-Greifswald-Hanzeatski-grad-na-obali-Baltic\u030ckog-mora-Mr.M-by-Marko-Tadic\u030119-768x1024.jpg\" alt=\"\" data-id=\"6017\" data-full-url=\"https:\/\/mrm-style.com\/sr\/wp-content\/uploads\/2020\/08\/Pisma-iz-Nemac\u030cke-Greifswald-Hanzeatski-grad-na-obali-Baltic\u030ckog-mora-Mr.M-by-Marko-Tadic\u030119.jpg\" data-link=\"https:\/\/mrm-style.com\/sr\/?attachment_id=6017\" class=\"wp-image-6017\" srcset=\"https:\/\/mrm-style.com\/sr\/wp-content\/uploads\/2020\/08\/Pisma-iz-Nemac\u030cke-Greifswald-Hanzeatski-grad-na-obali-Baltic\u030ckog-mora-Mr.M-by-Marko-Tadic\u030119-768x1024.jpg 768w, https:\/\/mrm-style.com\/sr\/wp-content\/uploads\/2020\/08\/Pisma-iz-Nemac\u030cke-Greifswald-Hanzeatski-grad-na-obali-Baltic\u030ckog-mora-Mr.M-by-Marko-Tadic\u030119-225x300.jpg 225w, https:\/\/mrm-style.com\/sr\/wp-content\/uploads\/2020\/08\/Pisma-iz-Nemac\u030cke-Greifswald-Hanzeatski-grad-na-obali-Baltic\u030ckog-mora-Mr.M-by-Marko-Tadic\u030119-800x1067.jpg 800w, https:\/\/mrm-style.com\/sr\/wp-content\/uploads\/2020\/08\/Pisma-iz-Nemac\u030cke-Greifswald-Hanzeatski-grad-na-obali-Baltic\u030ckog-mora-Mr.M-by-Marko-Tadic\u030119-550x733.jpg 550w, https:\/\/mrm-style.com\/sr\/wp-content\/uploads\/2020\/08\/Pisma-iz-Nemac\u030cke-Greifswald-Hanzeatski-grad-na-obali-Baltic\u030ckog-mora-Mr.M-by-Marko-Tadic\u030119-810x1080.jpg 810w, https:\/\/mrm-style.com\/sr\/wp-content\/uploads\/2020\/08\/Pisma-iz-Nemac\u030cke-Greifswald-Hanzeatski-grad-na-obali-Baltic\u030ckog-mora-Mr.M-by-Marko-Tadic\u030119-450x600.jpg 450w, https:\/\/mrm-style.com\/sr\/wp-content\/uploads\/2020\/08\/Pisma-iz-Nemac\u030cke-Greifswald-Hanzeatski-grad-na-obali-Baltic\u030ckog-mora-Mr.M-by-Marko-Tadic\u030119.jpg 1125w\" sizes=\"auto, (max-width: 768px) 100vw, 768px\" \/><\/figure><\/li><\/ul><figcaption class=\"blocks-gallery-caption\"><em><strong>Pozdrav iz Greifswalda!<\/strong><\/em><\/figcaption><\/figure>\n\n\n\n<p class=\"has-text-align-center\"><em><strong>Ovaj post je sponzorisan od strane\u00a0<a href=\"https:\/\/www.greifswald.info\/\">Turisti\u010dke Organizacije grada Greifswalda<\/a> i nacionalne \u017eeleznice <a href=\"https:\/\/www.bahn.de\/p\/view\/index.shtml\">Deutsche Bahn<\/a>. <\/strong><\/em><\/p>\n","protected":false},"excerpt":{"rendered":"<p>Dragi moji pustolovi, kako ste mi danas? Nadam se da ste spremni za novu avanturu jer vam danas predstavljam jo\u0161 jedan dragulj Nema\u010dke koji se nalazi na samoj obali Balti\u010dkog mora. U prethodnom postu imali ste priliku da upoznate Halle, \u0161armantni grad u Nema\u010dkoj koji je nadaleko poznat po umetnosti i dizajnu. Ako ste kojim slu\u010dajem propustili ili \u017eelite da ponovo u\u017eivate u lepoti ovog neobi\u010dnog grada u blizini Lajpciga, mo\u017eete to u\u010diniti jednim klikom na ovaj link. Greifswald (Grajfsvald) je glavni grad okruga Vorpommern-Greifsvald koji se nalazi severoistoku Meklenburg-Zapadna&#8230; <span class=\"more\"><a class=\"more-link\" href=\"https:\/\/mrm-style.com\/sr\/pisma-iz-nemacke-greifswald-hanzeatski-grad-na-obali-baltickog-mora\/\">Read More<\/a><\/span><\/p>\n","protected":false},"author":1,"featured_media":6019,"comment_status":"open","ping_status":"open","sticky":false,"template":"","format":"standard","meta":{"om_disable_all_campaigns":false,"_monsterinsights_skip_tracking":false,"_monsterinsights_sitenote_active":false,"_monsterinsights_sitenote_note":"","_monsterinsights_sitenote_category":0,"footnotes":""},"categories":[2,9],"tags":[5449,81,5448,3769,56,54,55,2331,3862,1825,2307,77,5450],"class_list":["post-5998","post","type-post","status-publish","format-standard","has-post-thumbnail","hentry","category-avanture","category-putovanja","tag-balticko-more","tag-evropa","tag-greifswald","tag-lepota-putovanja","tag-marko-tadic","tag-mr-m","tag-mr-m-by-marko-tadic","tag-mrmbymarkotadic","tag-mrmbymarkotadic-instagram","tag-nemacka","tag-putopis","tag-putovanja","tag-severna-nemacka"],"aioseo_notices":[],"_links":{"self":[{"href":"https:\/\/mrm-style.com\/sr\/wp-json\/wp\/v2\/posts\/5998","targetHints":{"allow":["GET"]}}],"collection":[{"href":"https:\/\/mrm-style.com\/sr\/wp-json\/wp\/v2\/posts"}],"about":[{"href":"https:\/\/mrm-style.com\/sr\/wp-json\/wp\/v2\/types\/post"}],"author":[{"embeddable":true,"href":"https:\/\/mrm-style.com\/sr\/wp-json\/wp\/v2\/users\/1"}],"replies":[{"embeddable":true,"href":"https:\/\/mrm-style.com\/sr\/wp-json\/wp\/v2\/comments?post=5998"}],"version-history":[{"count":9,"href":"https:\/\/mrm-style.com\/sr\/wp-json\/wp\/v2\/posts\/5998\/revisions"}],"predecessor-version":[{"id":6030,"href":"https:\/\/mrm-style.com\/sr\/wp-json\/wp\/v2\/posts\/5998\/revisions\/6030"}],"wp:featuredmedia":[{"embeddable":true,"href":"https:\/\/mrm-style.com\/sr\/wp-json\/wp\/v2\/media\/6019"}],"wp:attachment":[{"href":"https:\/\/mrm-style.com\/sr\/wp-json\/wp\/v2\/media?parent=5998"}],"wp:term":[{"taxonomy":"category","embeddable":true,"href":"https:\/\/mrm-style.com\/sr\/wp-json\/wp\/v2\/categories?post=5998"},{"taxonomy":"post_tag","embeddable":true,"href":"https:\/\/mrm-style.com\/sr\/wp-json\/wp\/v2\/tags?post=5998"}],"curies":[{"name":"wp","href":"https:\/\/api.w.org\/{rel}","templated":true}]}}