{"id":7128,"date":"2021-06-11T15:45:33","date_gmt":"2021-06-11T14:45:33","guid":{"rendered":"https:\/\/mrm-style.com\/sr\/?p=7128"},"modified":"2021-06-12T18:54:43","modified_gmt":"2021-06-12T17:54:43","slug":"modni-dnevnik-bez-nezna-boja-koja-ce-ulepsati-vas-dan","status":"publish","type":"post","link":"https:\/\/mrm-style.com\/sr\/modni-dnevnik-bez-nezna-boja-koja-ce-ulepsati-vas-dan\/","title":{"rendered":"Modni Dnevnik: Be\u017e, ne\u017ena boja koja \u0107e ulep\u0161ati va\u0161 dan!"},"content":{"rendered":"\n<p>Dragi moji ljubitelji mode, nadam se da ste dobro i da ste uradili sve pripreme za vikend! Danas \u0107emo razbiti neke predrasude o be\u017e boji koje vladaju i poku\u0161a\u0107u da vam pribli\u017eim neke osnovne karakteristike. Be\u017e boja je jedna od najzahvalnijih boja koja se lako prilago\u0111ava, ova boja je sama po sebi veoma mirna, neutralna i sa lako\u0107om se uklapa uz bilo koju boju zahvaljuju\u0107i svojoj &#8220;utapaju\u0107oj neutralnosti&#8221;.<\/p>\n\n\n\n<p>Be\u017e boja je prirodna boja sa vidnom primesom braon i bele boje. Mnogi ljudi smatraju da je ova boja dosadna, dok neki smatraju zbog svoje neutralnosti da je vrlo opu\u0161taju\u0107a za oko. Ova boja se idealno uklapa uz jarke i tamne boje jer je be\u017e odli\u010dna &#8220;pozadinska&#8221; boja koja mo\u017ee povezati boje i napraviti pravu harmoniju.<\/p>\n\n\n\n<div class=\"wp-block-image\"><figure class=\"aligncenter size-full\"><a href=\"https:\/\/mrm-style.com\/sr\/wp-content\/uploads\/2021\/06\/Modni-Dnevnik-Bez\u030c-nez\u030cna-boja-koja-c\u0301e-uleps\u030cati-vas\u030c-dan-Mr.M-by-Marko-Tadic\u03011.jpg\"><img loading=\"lazy\" decoding=\"async\" width=\"1600\" height=\"2399\" src=\"https:\/\/mrm-style.com\/sr\/wp-content\/uploads\/2021\/06\/Modni-Dnevnik-Bez\u030c-nez\u030cna-boja-koja-c\u0301e-uleps\u030cati-vas\u030c-dan-Mr.M-by-Marko-Tadic\u03011.jpg\" alt=\"\" class=\"wp-image-7129\" srcset=\"https:\/\/mrm-style.com\/sr\/wp-content\/uploads\/2021\/06\/Modni-Dnevnik-Bez\u030c-nez\u030cna-boja-koja-c\u0301e-uleps\u030cati-vas\u030c-dan-Mr.M-by-Marko-Tadic\u03011.jpg 1600w, https:\/\/mrm-style.com\/sr\/wp-content\/uploads\/2021\/06\/Modni-Dnevnik-Bez\u030c-nez\u030cna-boja-koja-c\u0301e-uleps\u030cati-vas\u030c-dan-Mr.M-by-Marko-Tadic\u03011-200x300.jpg 200w, https:\/\/mrm-style.com\/sr\/wp-content\/uploads\/2021\/06\/Modni-Dnevnik-Bez\u030c-nez\u030cna-boja-koja-c\u0301e-uleps\u030cati-vas\u030c-dan-Mr.M-by-Marko-Tadic\u03011-683x1024.jpg 683w, https:\/\/mrm-style.com\/sr\/wp-content\/uploads\/2021\/06\/Modni-Dnevnik-Bez\u030c-nez\u030cna-boja-koja-c\u0301e-uleps\u030cati-vas\u030c-dan-Mr.M-by-Marko-Tadic\u03011-768x1152.jpg 768w, https:\/\/mrm-style.com\/sr\/wp-content\/uploads\/2021\/06\/Modni-Dnevnik-Bez\u030c-nez\u030cna-boja-koja-c\u0301e-uleps\u030cati-vas\u030c-dan-Mr.M-by-Marko-Tadic\u03011-1024x1536.jpg 1024w, https:\/\/mrm-style.com\/sr\/wp-content\/uploads\/2021\/06\/Modni-Dnevnik-Bez\u030c-nez\u030cna-boja-koja-c\u0301e-uleps\u030cati-vas\u030c-dan-Mr.M-by-Marko-Tadic\u03011-1366x2048.jpg 1366w, https:\/\/mrm-style.com\/sr\/wp-content\/uploads\/2021\/06\/Modni-Dnevnik-Bez\u030c-nez\u030cna-boja-koja-c\u0301e-uleps\u030cati-vas\u030c-dan-Mr.M-by-Marko-Tadic\u03011-1440x2159.jpg 1440w, https:\/\/mrm-style.com\/sr\/wp-content\/uploads\/2021\/06\/Modni-Dnevnik-Bez\u030c-nez\u030cna-boja-koja-c\u0301e-uleps\u030cati-vas\u030c-dan-Mr.M-by-Marko-Tadic\u03011-800x1200.jpg 800w, https:\/\/mrm-style.com\/sr\/wp-content\/uploads\/2021\/06\/Modni-Dnevnik-Bez\u030c-nez\u030cna-boja-koja-c\u0301e-uleps\u030cati-vas\u030c-dan-Mr.M-by-Marko-Tadic\u03011-550x825.jpg 550w, https:\/\/mrm-style.com\/sr\/wp-content\/uploads\/2021\/06\/Modni-Dnevnik-Bez\u030c-nez\u030cna-boja-koja-c\u0301e-uleps\u030cati-vas\u030c-dan-Mr.M-by-Marko-Tadic\u03011-720x1080.jpg 720w, https:\/\/mrm-style.com\/sr\/wp-content\/uploads\/2021\/06\/Modni-Dnevnik-Bez\u030c-nez\u030cna-boja-koja-c\u0301e-uleps\u030cati-vas\u030c-dan-Mr.M-by-Marko-Tadic\u03011-400x600.jpg 400w\" sizes=\"auto, (max-width: 1600px) 100vw, 1600px\" \/><\/a><\/figure><\/div>\n\n\n\n<p>Vlada mi\u0161ljenje da je be\u017e boja simbol konzervativnosti, pobo\u017enosti i jednostavnosti. Ja volim ovu boju i za mene ona predstavlja oli\u010denje prefinjenosti i elegancije. Be\u017e boja je svetla i neutralna i prosto mo\u017ee da ubla\u017ei svaku kombinaciju koja sadr\u017ei komade jarkih boja, dok sa druge strane mo\u017ee da uspe\u0161no izvu\u010de najbolje iz nekih tamnih nijansi koje ne prijaju oku.<\/p>\n\n\n\n<p>Ako \u017eelite da istaknete dve ili vi\u0161e tamnijih nijansi, potrebno je dodati odevne predmete ili modne dodatke u be\u017e boji i posti\u017eete relaksiraju\u0107i efekat. Be\u017e boja se lako kombinuje sa roze i \u017eutom bojom i na taj na\u010din posti\u017eete ne\u017eni, privla\u010dan i konzervativan izgled. Ako se odlu\u010dite da be\u017e boju kombinujete sa braon, narand\u017eastom i crnom bojom onda se kreira idealna paleta zemljanih boja i kombinacija dobija jedan sna\u017ean i sofisticiran izgled. U kombinaciji sa plavom bojom, be\u017e boja daje toplinu nijansama plave boje, ali nikada ne uspevaju da u potpunosti nadoknade ja\u010dinu hladne plavih nijansi.<\/p>\n\n\n\n<div class=\"wp-block-image\"><figure class=\"aligncenter size-full\"><a href=\"https:\/\/mrm-style.com\/sr\/wp-content\/uploads\/2021\/06\/Modni-Dnevnik-Bez\u030c-nez\u030cna-boja-koja-c\u0301e-uleps\u030cati-vas\u030c-dan-Mr.M-by-Marko-Tadic\u03012.jpg\"><img loading=\"lazy\" decoding=\"async\" width=\"1600\" height=\"2399\" src=\"https:\/\/mrm-style.com\/sr\/wp-content\/uploads\/2021\/06\/Modni-Dnevnik-Bez\u030c-nez\u030cna-boja-koja-c\u0301e-uleps\u030cati-vas\u030c-dan-Mr.M-by-Marko-Tadic\u03012.jpg\" alt=\"\" class=\"wp-image-7130\" srcset=\"https:\/\/mrm-style.com\/sr\/wp-content\/uploads\/2021\/06\/Modni-Dnevnik-Bez\u030c-nez\u030cna-boja-koja-c\u0301e-uleps\u030cati-vas\u030c-dan-Mr.M-by-Marko-Tadic\u03012.jpg 1600w, https:\/\/mrm-style.com\/sr\/wp-content\/uploads\/2021\/06\/Modni-Dnevnik-Bez\u030c-nez\u030cna-boja-koja-c\u0301e-uleps\u030cati-vas\u030c-dan-Mr.M-by-Marko-Tadic\u03012-200x300.jpg 200w, https:\/\/mrm-style.com\/sr\/wp-content\/uploads\/2021\/06\/Modni-Dnevnik-Bez\u030c-nez\u030cna-boja-koja-c\u0301e-uleps\u030cati-vas\u030c-dan-Mr.M-by-Marko-Tadic\u03012-683x1024.jpg 683w, https:\/\/mrm-style.com\/sr\/wp-content\/uploads\/2021\/06\/Modni-Dnevnik-Bez\u030c-nez\u030cna-boja-koja-c\u0301e-uleps\u030cati-vas\u030c-dan-Mr.M-by-Marko-Tadic\u03012-768x1152.jpg 768w, https:\/\/mrm-style.com\/sr\/wp-content\/uploads\/2021\/06\/Modni-Dnevnik-Bez\u030c-nez\u030cna-boja-koja-c\u0301e-uleps\u030cati-vas\u030c-dan-Mr.M-by-Marko-Tadic\u03012-1024x1536.jpg 1024w, https:\/\/mrm-style.com\/sr\/wp-content\/uploads\/2021\/06\/Modni-Dnevnik-Bez\u030c-nez\u030cna-boja-koja-c\u0301e-uleps\u030cati-vas\u030c-dan-Mr.M-by-Marko-Tadic\u03012-1366x2048.jpg 1366w, https:\/\/mrm-style.com\/sr\/wp-content\/uploads\/2021\/06\/Modni-Dnevnik-Bez\u030c-nez\u030cna-boja-koja-c\u0301e-uleps\u030cati-vas\u030c-dan-Mr.M-by-Marko-Tadic\u03012-1440x2159.jpg 1440w, https:\/\/mrm-style.com\/sr\/wp-content\/uploads\/2021\/06\/Modni-Dnevnik-Bez\u030c-nez\u030cna-boja-koja-c\u0301e-uleps\u030cati-vas\u030c-dan-Mr.M-by-Marko-Tadic\u03012-800x1200.jpg 800w, https:\/\/mrm-style.com\/sr\/wp-content\/uploads\/2021\/06\/Modni-Dnevnik-Bez\u030c-nez\u030cna-boja-koja-c\u0301e-uleps\u030cati-vas\u030c-dan-Mr.M-by-Marko-Tadic\u03012-550x825.jpg 550w, https:\/\/mrm-style.com\/sr\/wp-content\/uploads\/2021\/06\/Modni-Dnevnik-Bez\u030c-nez\u030cna-boja-koja-c\u0301e-uleps\u030cati-vas\u030c-dan-Mr.M-by-Marko-Tadic\u03012-720x1080.jpg 720w, https:\/\/mrm-style.com\/sr\/wp-content\/uploads\/2021\/06\/Modni-Dnevnik-Bez\u030c-nez\u030cna-boja-koja-c\u0301e-uleps\u030cati-vas\u030c-dan-Mr.M-by-Marko-Tadic\u03012-400x600.jpg 400w\" sizes=\"auto, (max-width: 1600px) 100vw, 1600px\" \/><\/a><\/figure><\/div>\n\n\n\n<p>Be\u017e boja je boja koja pristaje svakoj osobi, samo je pitanje nekih li\u010dnih preferencija i ukusa jer neki ljudi se ne ose\u0107aju prijatno kada nose be\u017e boju. Danas sam odlu\u010dio da vam prika\u017eem kako izgleda harmonija zemljanih boja sa predivnim komadima od ka\u0161mira koje su napravili moji prijatelji iz kompanije Gobi Ka\u0161mir iz Mongolije.<\/p>\n\n\n\n<div class=\"wp-block-image\"><figure class=\"aligncenter size-full\"><a href=\"https:\/\/mrm-style.com\/sr\/wp-content\/uploads\/2021\/06\/Modni-Dnevnik-Bez\u030c-nez\u030cna-boja-koja-c\u0301e-uleps\u030cati-vas\u030c-dan-Mr.M-by-Marko-Tadic\u03013.jpg\"><img loading=\"lazy\" decoding=\"async\" width=\"1600\" height=\"2399\" src=\"https:\/\/mrm-style.com\/sr\/wp-content\/uploads\/2021\/06\/Modni-Dnevnik-Bez\u030c-nez\u030cna-boja-koja-c\u0301e-uleps\u030cati-vas\u030c-dan-Mr.M-by-Marko-Tadic\u03013.jpg\" alt=\"\" class=\"wp-image-7131\" srcset=\"https:\/\/mrm-style.com\/sr\/wp-content\/uploads\/2021\/06\/Modni-Dnevnik-Bez\u030c-nez\u030cna-boja-koja-c\u0301e-uleps\u030cati-vas\u030c-dan-Mr.M-by-Marko-Tadic\u03013.jpg 1600w, https:\/\/mrm-style.com\/sr\/wp-content\/uploads\/2021\/06\/Modni-Dnevnik-Bez\u030c-nez\u030cna-boja-koja-c\u0301e-uleps\u030cati-vas\u030c-dan-Mr.M-by-Marko-Tadic\u03013-200x300.jpg 200w, https:\/\/mrm-style.com\/sr\/wp-content\/uploads\/2021\/06\/Modni-Dnevnik-Bez\u030c-nez\u030cna-boja-koja-c\u0301e-uleps\u030cati-vas\u030c-dan-Mr.M-by-Marko-Tadic\u03013-683x1024.jpg 683w, https:\/\/mrm-style.com\/sr\/wp-content\/uploads\/2021\/06\/Modni-Dnevnik-Bez\u030c-nez\u030cna-boja-koja-c\u0301e-uleps\u030cati-vas\u030c-dan-Mr.M-by-Marko-Tadic\u03013-768x1152.jpg 768w, https:\/\/mrm-style.com\/sr\/wp-content\/uploads\/2021\/06\/Modni-Dnevnik-Bez\u030c-nez\u030cna-boja-koja-c\u0301e-uleps\u030cati-vas\u030c-dan-Mr.M-by-Marko-Tadic\u03013-1024x1536.jpg 1024w, https:\/\/mrm-style.com\/sr\/wp-content\/uploads\/2021\/06\/Modni-Dnevnik-Bez\u030c-nez\u030cna-boja-koja-c\u0301e-uleps\u030cati-vas\u030c-dan-Mr.M-by-Marko-Tadic\u03013-1366x2048.jpg 1366w, https:\/\/mrm-style.com\/sr\/wp-content\/uploads\/2021\/06\/Modni-Dnevnik-Bez\u030c-nez\u030cna-boja-koja-c\u0301e-uleps\u030cati-vas\u030c-dan-Mr.M-by-Marko-Tadic\u03013-1440x2159.jpg 1440w, https:\/\/mrm-style.com\/sr\/wp-content\/uploads\/2021\/06\/Modni-Dnevnik-Bez\u030c-nez\u030cna-boja-koja-c\u0301e-uleps\u030cati-vas\u030c-dan-Mr.M-by-Marko-Tadic\u03013-800x1200.jpg 800w, https:\/\/mrm-style.com\/sr\/wp-content\/uploads\/2021\/06\/Modni-Dnevnik-Bez\u030c-nez\u030cna-boja-koja-c\u0301e-uleps\u030cati-vas\u030c-dan-Mr.M-by-Marko-Tadic\u03013-550x825.jpg 550w, https:\/\/mrm-style.com\/sr\/wp-content\/uploads\/2021\/06\/Modni-Dnevnik-Bez\u030c-nez\u030cna-boja-koja-c\u0301e-uleps\u030cati-vas\u030c-dan-Mr.M-by-Marko-Tadic\u03013-720x1080.jpg 720w, https:\/\/mrm-style.com\/sr\/wp-content\/uploads\/2021\/06\/Modni-Dnevnik-Bez\u030c-nez\u030cna-boja-koja-c\u0301e-uleps\u030cati-vas\u030c-dan-Mr.M-by-Marko-Tadic\u03013-400x600.jpg 400w\" sizes=\"auto, (max-width: 1600px) 100vw, 1600px\" \/><\/a><\/figure><\/div>\n\n\n\n<p>Osnovan i izgra\u0111en od zajednice Mongolaca, <em><strong><a href=\"https:\/\/www.gobicashmere.com\/de\/\">GOBI<\/a><\/strong><\/em>  brend kombinuje tradiciju, moderne inovacije i tehnologiju kako bi izra\u0111ivali komade od najkvalitetnijeg ka\u0161mira skoro 40 godina. GOBI u svojoj ponudi ima najfinije i najluksuznije komade izra\u0111ene od ka\u0161mira. Ovaj brend je poznat \u0161irom sveta po specijalnim kaputima od ka\u0161mira i jedina je kompanija na svetu koja isklju\u010divo proizvodi ode\u0107u od ka\u0161mira  sa dugogodi\u0161nji iskustvom i velikom ljubavlju.<\/p>\n\n\n\n<div class=\"wp-block-image\"><figure class=\"aligncenter size-full\"><a href=\"https:\/\/mrm-style.com\/sr\/wp-content\/uploads\/2021\/06\/Modni-Dnevnik-Bez\u030c-nez\u030cna-boja-koja-c\u0301e-uleps\u030cati-vas\u030c-dan-Mr.M-by-Marko-Tadic\u03015.jpg\"><img loading=\"lazy\" decoding=\"async\" width=\"2399\" height=\"1600\" src=\"https:\/\/mrm-style.com\/sr\/wp-content\/uploads\/2021\/06\/Modni-Dnevnik-Bez\u030c-nez\u030cna-boja-koja-c\u0301e-uleps\u030cati-vas\u030c-dan-Mr.M-by-Marko-Tadic\u03015.jpg\" alt=\"\" class=\"wp-image-7133\" srcset=\"https:\/\/mrm-style.com\/sr\/wp-content\/uploads\/2021\/06\/Modni-Dnevnik-Bez\u030c-nez\u030cna-boja-koja-c\u0301e-uleps\u030cati-vas\u030c-dan-Mr.M-by-Marko-Tadic\u03015.jpg 2399w, https:\/\/mrm-style.com\/sr\/wp-content\/uploads\/2021\/06\/Modni-Dnevnik-Bez\u030c-nez\u030cna-boja-koja-c\u0301e-uleps\u030cati-vas\u030c-dan-Mr.M-by-Marko-Tadic\u03015-300x200.jpg 300w, https:\/\/mrm-style.com\/sr\/wp-content\/uploads\/2021\/06\/Modni-Dnevnik-Bez\u030c-nez\u030cna-boja-koja-c\u0301e-uleps\u030cati-vas\u030c-dan-Mr.M-by-Marko-Tadic\u03015-1024x683.jpg 1024w, https:\/\/mrm-style.com\/sr\/wp-content\/uploads\/2021\/06\/Modni-Dnevnik-Bez\u030c-nez\u030cna-boja-koja-c\u0301e-uleps\u030cati-vas\u030c-dan-Mr.M-by-Marko-Tadic\u03015-768x512.jpg 768w, https:\/\/mrm-style.com\/sr\/wp-content\/uploads\/2021\/06\/Modni-Dnevnik-Bez\u030c-nez\u030cna-boja-koja-c\u0301e-uleps\u030cati-vas\u030c-dan-Mr.M-by-Marko-Tadic\u03015-1536x1024.jpg 1536w, https:\/\/mrm-style.com\/sr\/wp-content\/uploads\/2021\/06\/Modni-Dnevnik-Bez\u030c-nez\u030cna-boja-koja-c\u0301e-uleps\u030cati-vas\u030c-dan-Mr.M-by-Marko-Tadic\u03015-2048x1366.jpg 2048w, https:\/\/mrm-style.com\/sr\/wp-content\/uploads\/2021\/06\/Modni-Dnevnik-Bez\u030c-nez\u030cna-boja-koja-c\u0301e-uleps\u030cati-vas\u030c-dan-Mr.M-by-Marko-Tadic\u03015-1440x960.jpg 1440w, https:\/\/mrm-style.com\/sr\/wp-content\/uploads\/2021\/06\/Modni-Dnevnik-Bez\u030c-nez\u030cna-boja-koja-c\u0301e-uleps\u030cati-vas\u030c-dan-Mr.M-by-Marko-Tadic\u03015-800x534.jpg 800w, https:\/\/mrm-style.com\/sr\/wp-content\/uploads\/2021\/06\/Modni-Dnevnik-Bez\u030c-nez\u030cna-boja-koja-c\u0301e-uleps\u030cati-vas\u030c-dan-Mr.M-by-Marko-Tadic\u03015-550x367.jpg 550w, https:\/\/mrm-style.com\/sr\/wp-content\/uploads\/2021\/06\/Modni-Dnevnik-Bez\u030c-nez\u030cna-boja-koja-c\u0301e-uleps\u030cati-vas\u030c-dan-Mr.M-by-Marko-Tadic\u03015-1920x1281.jpg 1920w, https:\/\/mrm-style.com\/sr\/wp-content\/uploads\/2021\/06\/Modni-Dnevnik-Bez\u030c-nez\u030cna-boja-koja-c\u0301e-uleps\u030cati-vas\u030c-dan-Mr.M-by-Marko-Tadic\u03015-1619x1080.jpg 1619w, https:\/\/mrm-style.com\/sr\/wp-content\/uploads\/2021\/06\/Modni-Dnevnik-Bez\u030c-nez\u030cna-boja-koja-c\u0301e-uleps\u030cati-vas\u030c-dan-Mr.M-by-Marko-Tadic\u03015-900x600.jpg 900w\" sizes=\"auto, (max-width: 2399px) 100vw, 2399px\" \/><\/a><\/figure><\/div>\n\n\n\n<p><em><strong><a href=\"https:\/\/www.gobicashmere.com\/de\/\">Gobi<\/a><\/strong><\/em> je jedan od retkih brendova u svetu koji program o odr\u017eivosti je uklopio uz po\u0161tovanje svoje tradicije i korena nomadskog na\u010dina \u017eivota. O\u010duvanje prirode i harmonija su jedine \u017eivotne vrednosti koje neguju nomadski pastiri u Mongoliji. Generacije pastira koji su hiljadama godina \u017eiveli u stepama, stvaraju\u0107i jedinstvenu tradiciju mongolskih nomada. Gobi Ka\u0161mir je brend koji je kombinovao svoje tradicionalno nasle\u0111e sa modernim inicijativama o odr\u017eivosti.<\/p>\n\n\n\n<div class=\"wp-block-image\"><figure class=\"aligncenter size-full\"><a href=\"https:\/\/mrm-style.com\/sr\/wp-content\/uploads\/2021\/06\/Modni-Dnevnik-Bez\u030c-nez\u030cna-boja-koja-c\u0301e-uleps\u030cati-vas\u030c-dan-Mr.M-by-Marko-Tadic\u03017.jpg\"><img loading=\"lazy\" decoding=\"async\" width=\"1600\" height=\"2399\" src=\"https:\/\/mrm-style.com\/sr\/wp-content\/uploads\/2021\/06\/Modni-Dnevnik-Bez\u030c-nez\u030cna-boja-koja-c\u0301e-uleps\u030cati-vas\u030c-dan-Mr.M-by-Marko-Tadic\u03017.jpg\" alt=\"\" class=\"wp-image-7135\" srcset=\"https:\/\/mrm-style.com\/sr\/wp-content\/uploads\/2021\/06\/Modni-Dnevnik-Bez\u030c-nez\u030cna-boja-koja-c\u0301e-uleps\u030cati-vas\u030c-dan-Mr.M-by-Marko-Tadic\u03017.jpg 1600w, https:\/\/mrm-style.com\/sr\/wp-content\/uploads\/2021\/06\/Modni-Dnevnik-Bez\u030c-nez\u030cna-boja-koja-c\u0301e-uleps\u030cati-vas\u030c-dan-Mr.M-by-Marko-Tadic\u03017-200x300.jpg 200w, https:\/\/mrm-style.com\/sr\/wp-content\/uploads\/2021\/06\/Modni-Dnevnik-Bez\u030c-nez\u030cna-boja-koja-c\u0301e-uleps\u030cati-vas\u030c-dan-Mr.M-by-Marko-Tadic\u03017-683x1024.jpg 683w, https:\/\/mrm-style.com\/sr\/wp-content\/uploads\/2021\/06\/Modni-Dnevnik-Bez\u030c-nez\u030cna-boja-koja-c\u0301e-uleps\u030cati-vas\u030c-dan-Mr.M-by-Marko-Tadic\u03017-768x1152.jpg 768w, https:\/\/mrm-style.com\/sr\/wp-content\/uploads\/2021\/06\/Modni-Dnevnik-Bez\u030c-nez\u030cna-boja-koja-c\u0301e-uleps\u030cati-vas\u030c-dan-Mr.M-by-Marko-Tadic\u03017-1024x1536.jpg 1024w, https:\/\/mrm-style.com\/sr\/wp-content\/uploads\/2021\/06\/Modni-Dnevnik-Bez\u030c-nez\u030cna-boja-koja-c\u0301e-uleps\u030cati-vas\u030c-dan-Mr.M-by-Marko-Tadic\u03017-1366x2048.jpg 1366w, https:\/\/mrm-style.com\/sr\/wp-content\/uploads\/2021\/06\/Modni-Dnevnik-Bez\u030c-nez\u030cna-boja-koja-c\u0301e-uleps\u030cati-vas\u030c-dan-Mr.M-by-Marko-Tadic\u03017-1440x2159.jpg 1440w, https:\/\/mrm-style.com\/sr\/wp-content\/uploads\/2021\/06\/Modni-Dnevnik-Bez\u030c-nez\u030cna-boja-koja-c\u0301e-uleps\u030cati-vas\u030c-dan-Mr.M-by-Marko-Tadic\u03017-800x1200.jpg 800w, https:\/\/mrm-style.com\/sr\/wp-content\/uploads\/2021\/06\/Modni-Dnevnik-Bez\u030c-nez\u030cna-boja-koja-c\u0301e-uleps\u030cati-vas\u030c-dan-Mr.M-by-Marko-Tadic\u03017-550x825.jpg 550w, https:\/\/mrm-style.com\/sr\/wp-content\/uploads\/2021\/06\/Modni-Dnevnik-Bez\u030c-nez\u030cna-boja-koja-c\u0301e-uleps\u030cati-vas\u030c-dan-Mr.M-by-Marko-Tadic\u03017-720x1080.jpg 720w, https:\/\/mrm-style.com\/sr\/wp-content\/uploads\/2021\/06\/Modni-Dnevnik-Bez\u030c-nez\u030cna-boja-koja-c\u0301e-uleps\u030cati-vas\u030c-dan-Mr.M-by-Marko-Tadic\u03017-400x600.jpg 400w\" sizes=\"auto, (max-width: 1600px) 100vw, 1600px\" \/><\/a><\/figure><\/div>\n\n\n\n<p>Neprofitna organizacija koja se bavi za\u0161titom vrednosti ka\u0161mira, &#8220;\u017eivotnog lanca&#8221; od pastira do maloprodaje.\u00a0Osnovana 2015. godine, SFA (Asocijacija za Odr\u017eivost Vlakana) organizacija pru\u017ea nezavisnu, nekonkurentnu platformu koja omogu\u0107ava da se za\u0161tite prava i vrednosti svih u\u010desnika lanca vrednosti u proizvodnji ka\u0161mira, kao i nevladinim i vladinim organizacijama, da ujedine zajedni\u010dki interes u osiguranju odr\u017eivosti u industriji ka\u0161mira.<\/p>\n\n\n\n<p>Osnovni cilj SFA organizacije je bezbedna proizvodnja, prerada i lansiranje na tr\u017ei\u0161te vlakna ka\u0161mira sa kojima se trguje me\u0111unarodno, uz po\u0161tovanje zakona odr\u017eivosti, \u0161to rezultira boljom za\u0161titom \u017eivotne sredine i ekonomski razvoj za u\u010desnike u lancu vrednosti.<\/p>\n\n\n\n<div class=\"wp-block-image\"><figure class=\"aligncenter size-full\"><a href=\"https:\/\/mrm-style.com\/sr\/wp-content\/uploads\/2021\/06\/Modni-Dnevnik-Bez\u030c-nez\u030cna-boja-koja-c\u0301e-uleps\u030cati-vas\u030c-dan-Mr.M-by-Marko-Tadic\u03018.jpg\"><img loading=\"lazy\" decoding=\"async\" width=\"1600\" height=\"2399\" src=\"https:\/\/mrm-style.com\/sr\/wp-content\/uploads\/2021\/06\/Modni-Dnevnik-Bez\u030c-nez\u030cna-boja-koja-c\u0301e-uleps\u030cati-vas\u030c-dan-Mr.M-by-Marko-Tadic\u03018.jpg\" alt=\"\" class=\"wp-image-7136\" srcset=\"https:\/\/mrm-style.com\/sr\/wp-content\/uploads\/2021\/06\/Modni-Dnevnik-Bez\u030c-nez\u030cna-boja-koja-c\u0301e-uleps\u030cati-vas\u030c-dan-Mr.M-by-Marko-Tadic\u03018.jpg 1600w, https:\/\/mrm-style.com\/sr\/wp-content\/uploads\/2021\/06\/Modni-Dnevnik-Bez\u030c-nez\u030cna-boja-koja-c\u0301e-uleps\u030cati-vas\u030c-dan-Mr.M-by-Marko-Tadic\u03018-200x300.jpg 200w, https:\/\/mrm-style.com\/sr\/wp-content\/uploads\/2021\/06\/Modni-Dnevnik-Bez\u030c-nez\u030cna-boja-koja-c\u0301e-uleps\u030cati-vas\u030c-dan-Mr.M-by-Marko-Tadic\u03018-683x1024.jpg 683w, https:\/\/mrm-style.com\/sr\/wp-content\/uploads\/2021\/06\/Modni-Dnevnik-Bez\u030c-nez\u030cna-boja-koja-c\u0301e-uleps\u030cati-vas\u030c-dan-Mr.M-by-Marko-Tadic\u03018-768x1152.jpg 768w, https:\/\/mrm-style.com\/sr\/wp-content\/uploads\/2021\/06\/Modni-Dnevnik-Bez\u030c-nez\u030cna-boja-koja-c\u0301e-uleps\u030cati-vas\u030c-dan-Mr.M-by-Marko-Tadic\u03018-1024x1536.jpg 1024w, https:\/\/mrm-style.com\/sr\/wp-content\/uploads\/2021\/06\/Modni-Dnevnik-Bez\u030c-nez\u030cna-boja-koja-c\u0301e-uleps\u030cati-vas\u030c-dan-Mr.M-by-Marko-Tadic\u03018-1366x2048.jpg 1366w, https:\/\/mrm-style.com\/sr\/wp-content\/uploads\/2021\/06\/Modni-Dnevnik-Bez\u030c-nez\u030cna-boja-koja-c\u0301e-uleps\u030cati-vas\u030c-dan-Mr.M-by-Marko-Tadic\u03018-1440x2159.jpg 1440w, https:\/\/mrm-style.com\/sr\/wp-content\/uploads\/2021\/06\/Modni-Dnevnik-Bez\u030c-nez\u030cna-boja-koja-c\u0301e-uleps\u030cati-vas\u030c-dan-Mr.M-by-Marko-Tadic\u03018-800x1200.jpg 800w, https:\/\/mrm-style.com\/sr\/wp-content\/uploads\/2021\/06\/Modni-Dnevnik-Bez\u030c-nez\u030cna-boja-koja-c\u0301e-uleps\u030cati-vas\u030c-dan-Mr.M-by-Marko-Tadic\u03018-550x825.jpg 550w, https:\/\/mrm-style.com\/sr\/wp-content\/uploads\/2021\/06\/Modni-Dnevnik-Bez\u030c-nez\u030cna-boja-koja-c\u0301e-uleps\u030cati-vas\u030c-dan-Mr.M-by-Marko-Tadic\u03018-720x1080.jpg 720w, https:\/\/mrm-style.com\/sr\/wp-content\/uploads\/2021\/06\/Modni-Dnevnik-Bez\u030c-nez\u030cna-boja-koja-c\u0301e-uleps\u030cati-vas\u030c-dan-Mr.M-by-Marko-Tadic\u03018-400x600.jpg 400w\" sizes=\"auto, (max-width: 1600px) 100vw, 1600px\" \/><\/a><\/figure><\/div>\n\n\n\n<p>Svi \u010dlanovi ove organizacije se zala\u017eu isklju\u010divo za tri jasna cilja: <\/p>\n\n\n\n<ul class=\"wp-block-list\"><li><strong><em>Za\u0161tita \u017eivotnog okru\u017eenja<\/em><\/strong> &#8211; Ekolo\u0161ka odr\u017eivost u mongolskim regijama u kojima se proizvodi ka\u0161mir.<\/li><li><strong><em>Za\u0161tita zajednice<\/em><\/strong> &#8211; pobolj\u0161anje ekonomskih uslova na dugoro\u010dnom planu za sve pastirske zajednice \u010dija egzistencija zavisi isklju\u010divo od tr\u017ei\u0161ta ka\u0161mira.<\/li><li><strong><em>Za\u0161tita \u017eivotinja<\/em><\/strong> &#8211; osiguravanje prava \u017eivotanja u proizvodnji ka\u0161mira.<\/li><\/ul>\n\n\n\n<div class=\"wp-block-image\"><figure class=\"aligncenter size-full\"><a href=\"https:\/\/mrm-style.com\/sr\/wp-content\/uploads\/2021\/06\/Modni-Dnevnik-Bez\u030c-nez\u030cna-boja-koja-c\u0301e-uleps\u030cati-vas\u030c-dan-Mr.M-by-Marko-Tadic\u030114.jpg\"><img loading=\"lazy\" decoding=\"async\" width=\"2500\" height=\"1526\" src=\"https:\/\/mrm-style.com\/sr\/wp-content\/uploads\/2021\/06\/Modni-Dnevnik-Bez\u030c-nez\u030cna-boja-koja-c\u0301e-uleps\u030cati-vas\u030c-dan-Mr.M-by-Marko-Tadic\u030114.jpg\" alt=\"\" class=\"wp-image-7142\" srcset=\"https:\/\/mrm-style.com\/sr\/wp-content\/uploads\/2021\/06\/Modni-Dnevnik-Bez\u030c-nez\u030cna-boja-koja-c\u0301e-uleps\u030cati-vas\u030c-dan-Mr.M-by-Marko-Tadic\u030114.jpg 2500w, https:\/\/mrm-style.com\/sr\/wp-content\/uploads\/2021\/06\/Modni-Dnevnik-Bez\u030c-nez\u030cna-boja-koja-c\u0301e-uleps\u030cati-vas\u030c-dan-Mr.M-by-Marko-Tadic\u030114-300x183.jpg 300w, https:\/\/mrm-style.com\/sr\/wp-content\/uploads\/2021\/06\/Modni-Dnevnik-Bez\u030c-nez\u030cna-boja-koja-c\u0301e-uleps\u030cati-vas\u030c-dan-Mr.M-by-Marko-Tadic\u030114-1024x625.jpg 1024w, https:\/\/mrm-style.com\/sr\/wp-content\/uploads\/2021\/06\/Modni-Dnevnik-Bez\u030c-nez\u030cna-boja-koja-c\u0301e-uleps\u030cati-vas\u030c-dan-Mr.M-by-Marko-Tadic\u030114-768x469.jpg 768w, https:\/\/mrm-style.com\/sr\/wp-content\/uploads\/2021\/06\/Modni-Dnevnik-Bez\u030c-nez\u030cna-boja-koja-c\u0301e-uleps\u030cati-vas\u030c-dan-Mr.M-by-Marko-Tadic\u030114-1536x938.jpg 1536w, https:\/\/mrm-style.com\/sr\/wp-content\/uploads\/2021\/06\/Modni-Dnevnik-Bez\u030c-nez\u030cna-boja-koja-c\u0301e-uleps\u030cati-vas\u030c-dan-Mr.M-by-Marko-Tadic\u030114-2048x1250.jpg 2048w, https:\/\/mrm-style.com\/sr\/wp-content\/uploads\/2021\/06\/Modni-Dnevnik-Bez\u030c-nez\u030cna-boja-koja-c\u0301e-uleps\u030cati-vas\u030c-dan-Mr.M-by-Marko-Tadic\u030114-1440x879.jpg 1440w, https:\/\/mrm-style.com\/sr\/wp-content\/uploads\/2021\/06\/Modni-Dnevnik-Bez\u030c-nez\u030cna-boja-koja-c\u0301e-uleps\u030cati-vas\u030c-dan-Mr.M-by-Marko-Tadic\u030114-800x488.jpg 800w, https:\/\/mrm-style.com\/sr\/wp-content\/uploads\/2021\/06\/Modni-Dnevnik-Bez\u030c-nez\u030cna-boja-koja-c\u0301e-uleps\u030cati-vas\u030c-dan-Mr.M-by-Marko-Tadic\u030114-550x336.jpg 550w, https:\/\/mrm-style.com\/sr\/wp-content\/uploads\/2021\/06\/Modni-Dnevnik-Bez\u030c-nez\u030cna-boja-koja-c\u0301e-uleps\u030cati-vas\u030c-dan-Mr.M-by-Marko-Tadic\u030114-1920x1172.jpg 1920w, https:\/\/mrm-style.com\/sr\/wp-content\/uploads\/2021\/06\/Modni-Dnevnik-Bez\u030c-nez\u030cna-boja-koja-c\u0301e-uleps\u030cati-vas\u030c-dan-Mr.M-by-Marko-Tadic\u030114-1769x1080.jpg 1769w, https:\/\/mrm-style.com\/sr\/wp-content\/uploads\/2021\/06\/Modni-Dnevnik-Bez\u030c-nez\u030cna-boja-koja-c\u0301e-uleps\u030cati-vas\u030c-dan-Mr.M-by-Marko-Tadic\u030114-983x600.jpg 983w\" sizes=\"auto, (max-width: 2500px) 100vw, 2500px\" \/><\/a><\/figure><\/div>\n\n\n\n<p>Kompanija <em><strong><a href=\"https:\/\/www.gobicashmere.com\/de\/\">Gobi<\/a><\/strong><\/em> u saradnji sa neprofitnom organizacijom SFA, podr\u017eava jedan poseban projekat koji obuhvata teme odr\u017eivosti ka\u0161mira. Ovaj projekat ima za cilj podr\u017eavanje odr\u017eivosti ka\u0161mira kako bi se smanjilo i spre\u010dilo pogor\u0161avanje uslova za ispa\u0161u i za\u0161titu divljih \u017eivotinja u ruralnim delovima Mongolije.\u00a0Kroz ovaj sveobuhvatan program koji okuplja sve aktere u lancu vrednosti ka\u0161mira, projekat pobolj\u0161ava \u017eivot pastira i razvoj odr\u017eive industrije ka\u0161mira u provincijama Dornogobi i Bayankhongor.<\/p>\n\n\n\n<div class=\"wp-block-image\"><figure class=\"aligncenter size-full\"><a href=\"https:\/\/mrm-style.com\/sr\/wp-content\/uploads\/2021\/06\/Modni-Dnevnik-Bez\u030c-nez\u030cna-boja-koja-c\u0301e-uleps\u030cati-vas\u030c-dan-Mr.M-by-Marko-Tadic\u030112.jpg\"><img loading=\"lazy\" decoding=\"async\" width=\"1600\" height=\"2399\" src=\"https:\/\/mrm-style.com\/sr\/wp-content\/uploads\/2021\/06\/Modni-Dnevnik-Bez\u030c-nez\u030cna-boja-koja-c\u0301e-uleps\u030cati-vas\u030c-dan-Mr.M-by-Marko-Tadic\u030112.jpg\" alt=\"\" class=\"wp-image-7140\" srcset=\"https:\/\/mrm-style.com\/sr\/wp-content\/uploads\/2021\/06\/Modni-Dnevnik-Bez\u030c-nez\u030cna-boja-koja-c\u0301e-uleps\u030cati-vas\u030c-dan-Mr.M-by-Marko-Tadic\u030112.jpg 1600w, https:\/\/mrm-style.com\/sr\/wp-content\/uploads\/2021\/06\/Modni-Dnevnik-Bez\u030c-nez\u030cna-boja-koja-c\u0301e-uleps\u030cati-vas\u030c-dan-Mr.M-by-Marko-Tadic\u030112-200x300.jpg 200w, https:\/\/mrm-style.com\/sr\/wp-content\/uploads\/2021\/06\/Modni-Dnevnik-Bez\u030c-nez\u030cna-boja-koja-c\u0301e-uleps\u030cati-vas\u030c-dan-Mr.M-by-Marko-Tadic\u030112-683x1024.jpg 683w, https:\/\/mrm-style.com\/sr\/wp-content\/uploads\/2021\/06\/Modni-Dnevnik-Bez\u030c-nez\u030cna-boja-koja-c\u0301e-uleps\u030cati-vas\u030c-dan-Mr.M-by-Marko-Tadic\u030112-768x1152.jpg 768w, https:\/\/mrm-style.com\/sr\/wp-content\/uploads\/2021\/06\/Modni-Dnevnik-Bez\u030c-nez\u030cna-boja-koja-c\u0301e-uleps\u030cati-vas\u030c-dan-Mr.M-by-Marko-Tadic\u030112-1024x1536.jpg 1024w, https:\/\/mrm-style.com\/sr\/wp-content\/uploads\/2021\/06\/Modni-Dnevnik-Bez\u030c-nez\u030cna-boja-koja-c\u0301e-uleps\u030cati-vas\u030c-dan-Mr.M-by-Marko-Tadic\u030112-1366x2048.jpg 1366w, https:\/\/mrm-style.com\/sr\/wp-content\/uploads\/2021\/06\/Modni-Dnevnik-Bez\u030c-nez\u030cna-boja-koja-c\u0301e-uleps\u030cati-vas\u030c-dan-Mr.M-by-Marko-Tadic\u030112-1440x2159.jpg 1440w, https:\/\/mrm-style.com\/sr\/wp-content\/uploads\/2021\/06\/Modni-Dnevnik-Bez\u030c-nez\u030cna-boja-koja-c\u0301e-uleps\u030cati-vas\u030c-dan-Mr.M-by-Marko-Tadic\u030112-800x1200.jpg 800w, https:\/\/mrm-style.com\/sr\/wp-content\/uploads\/2021\/06\/Modni-Dnevnik-Bez\u030c-nez\u030cna-boja-koja-c\u0301e-uleps\u030cati-vas\u030c-dan-Mr.M-by-Marko-Tadic\u030112-550x825.jpg 550w, https:\/\/mrm-style.com\/sr\/wp-content\/uploads\/2021\/06\/Modni-Dnevnik-Bez\u030c-nez\u030cna-boja-koja-c\u0301e-uleps\u030cati-vas\u030c-dan-Mr.M-by-Marko-Tadic\u030112-720x1080.jpg 720w, https:\/\/mrm-style.com\/sr\/wp-content\/uploads\/2021\/06\/Modni-Dnevnik-Bez\u030c-nez\u030cna-boja-koja-c\u0301e-uleps\u030cati-vas\u030c-dan-Mr.M-by-Marko-Tadic\u030112-400x600.jpg 400w\" sizes=\"auto, (max-width: 1600px) 100vw, 1600px\" \/><\/a><\/figure><\/div>\n\n\n\n<p>Siguran sam da ste zainteresovani da saznate ne\u0161to vi\u0161e o ovom neobi\u010dnom  i tradicionalnom brendu iz Mongolije, tako da biste mogli pro\u010ditati moje prethodne postove o ovom brendu, istorijat brenda &#8211; <em><strong><a href=\"https:\/\/mrm-style.com\/sr\/gobi-cashmere-kraljevski-kasmir-dolazi-iz-mongolije\/\">link<\/a><\/strong><\/em>, program pra\u0107enja GOBI ka\u0161mira &#8211; <em><strong><a href=\"https:\/\/mrm-style.com\/sr\/gobi-kasmir-da-li-znamo-sve-tajne-o-kraljevskom-vlaknu\/\">link<\/a><\/strong><\/em>. Sve informacije tako\u0111e mo\u017eete prona\u0107i na njihovim zvani\u010dnim kanalima na dru\u0161tvenim mre\u017eama na <em><strong><a href=\"https:\/\/www.facebook.com\/GobiCashmereInternational\/\">Facebook<\/a><\/strong><\/em> stranici i njihovom zvani\u010dnom <strong><em><a href=\"https:\/\/www.instagram.com\/gobicashmere.international\/\">Instagram<\/a><\/em><\/strong> profilu.<\/p>\n\n\n\n<div class=\"wp-block-image\"><figure class=\"aligncenter size-full\"><a href=\"https:\/\/mrm-style.com\/sr\/wp-content\/uploads\/2021\/06\/Modni-Dnevnik-Bez\u030c-nez\u030cna-boja-koja-c\u0301e-uleps\u030cati-vas\u030c-dan-Mr.M-by-Marko-Tadic\u030110.jpg\"><img loading=\"lazy\" decoding=\"async\" width=\"1511\" height=\"2500\" src=\"https:\/\/mrm-style.com\/sr\/wp-content\/uploads\/2021\/06\/Modni-Dnevnik-Bez\u030c-nez\u030cna-boja-koja-c\u0301e-uleps\u030cati-vas\u030c-dan-Mr.M-by-Marko-Tadic\u030110.jpg\" alt=\"\" class=\"wp-image-7138\" srcset=\"https:\/\/mrm-style.com\/sr\/wp-content\/uploads\/2021\/06\/Modni-Dnevnik-Bez\u030c-nez\u030cna-boja-koja-c\u0301e-uleps\u030cati-vas\u030c-dan-Mr.M-by-Marko-Tadic\u030110.jpg 1511w, https:\/\/mrm-style.com\/sr\/wp-content\/uploads\/2021\/06\/Modni-Dnevnik-Bez\u030c-nez\u030cna-boja-koja-c\u0301e-uleps\u030cati-vas\u030c-dan-Mr.M-by-Marko-Tadic\u030110-181x300.jpg 181w, https:\/\/mrm-style.com\/sr\/wp-content\/uploads\/2021\/06\/Modni-Dnevnik-Bez\u030c-nez\u030cna-boja-koja-c\u0301e-uleps\u030cati-vas\u030c-dan-Mr.M-by-Marko-Tadic\u030110-619x1024.jpg 619w, https:\/\/mrm-style.com\/sr\/wp-content\/uploads\/2021\/06\/Modni-Dnevnik-Bez\u030c-nez\u030cna-boja-koja-c\u0301e-uleps\u030cati-vas\u030c-dan-Mr.M-by-Marko-Tadic\u030110-768x1271.jpg 768w, https:\/\/mrm-style.com\/sr\/wp-content\/uploads\/2021\/06\/Modni-Dnevnik-Bez\u030c-nez\u030cna-boja-koja-c\u0301e-uleps\u030cati-vas\u030c-dan-Mr.M-by-Marko-Tadic\u030110-928x1536.jpg 928w, https:\/\/mrm-style.com\/sr\/wp-content\/uploads\/2021\/06\/Modni-Dnevnik-Bez\u030c-nez\u030cna-boja-koja-c\u0301e-uleps\u030cati-vas\u030c-dan-Mr.M-by-Marko-Tadic\u030110-1238x2048.jpg 1238w, https:\/\/mrm-style.com\/sr\/wp-content\/uploads\/2021\/06\/Modni-Dnevnik-Bez\u030c-nez\u030cna-boja-koja-c\u0301e-uleps\u030cati-vas\u030c-dan-Mr.M-by-Marko-Tadic\u030110-1440x2383.jpg 1440w, https:\/\/mrm-style.com\/sr\/wp-content\/uploads\/2021\/06\/Modni-Dnevnik-Bez\u030c-nez\u030cna-boja-koja-c\u0301e-uleps\u030cati-vas\u030c-dan-Mr.M-by-Marko-Tadic\u030110-800x1324.jpg 800w, https:\/\/mrm-style.com\/sr\/wp-content\/uploads\/2021\/06\/Modni-Dnevnik-Bez\u030c-nez\u030cna-boja-koja-c\u0301e-uleps\u030cati-vas\u030c-dan-Mr.M-by-Marko-Tadic\u030110-550x910.jpg 550w, https:\/\/mrm-style.com\/sr\/wp-content\/uploads\/2021\/06\/Modni-Dnevnik-Bez\u030c-nez\u030cna-boja-koja-c\u0301e-uleps\u030cati-vas\u030c-dan-Mr.M-by-Marko-Tadic\u030110-653x1080.jpg 653w, https:\/\/mrm-style.com\/sr\/wp-content\/uploads\/2021\/06\/Modni-Dnevnik-Bez\u030c-nez\u030cna-boja-koja-c\u0301e-uleps\u030cati-vas\u030c-dan-Mr.M-by-Marko-Tadic\u030110-363x600.jpg 363w\" sizes=\"auto, (max-width: 1511px) 100vw, 1511px\" \/><\/a><\/figure><\/div>\n\n\n\n<p>Ovog prole\u0107a stigli su noviteti i kod mojih prijatelja <em><strong><a href=\"https:\/\/www.picard-lederwaren.de\/\">Picard<\/a><\/strong><\/em> koji su godinama podr\u017eavali moje avanture \u0161irom sveta i Picard ko\u017eni drugari me nikada nisu izneverili. Kvalitet i dizajn Picard galanterije je neverovatan i posle toliko godina i no\u0161enih kilograma prtljaga nosim svoje Picard ran\u010deve i u blog postovima.<\/p>\n\n\n\n<div class=\"wp-block-image\"><figure class=\"aligncenter size-full\"><a href=\"https:\/\/mrm-style.com\/sr\/wp-content\/uploads\/2021\/06\/Modni-Dnevnik-Bez\u030c-nez\u030cna-boja-koja-c\u0301e-uleps\u030cati-vas\u030c-dan-Mr.M-by-Marko-Tadic\u03019.jpg\"><img loading=\"lazy\" decoding=\"async\" width=\"2500\" height=\"1373\" src=\"https:\/\/mrm-style.com\/sr\/wp-content\/uploads\/2021\/06\/Modni-Dnevnik-Bez\u030c-nez\u030cna-boja-koja-c\u0301e-uleps\u030cati-vas\u030c-dan-Mr.M-by-Marko-Tadic\u03019.jpg\" alt=\"\" class=\"wp-image-7137\" srcset=\"https:\/\/mrm-style.com\/sr\/wp-content\/uploads\/2021\/06\/Modni-Dnevnik-Bez\u030c-nez\u030cna-boja-koja-c\u0301e-uleps\u030cati-vas\u030c-dan-Mr.M-by-Marko-Tadic\u03019.jpg 2500w, https:\/\/mrm-style.com\/sr\/wp-content\/uploads\/2021\/06\/Modni-Dnevnik-Bez\u030c-nez\u030cna-boja-koja-c\u0301e-uleps\u030cati-vas\u030c-dan-Mr.M-by-Marko-Tadic\u03019-300x165.jpg 300w, https:\/\/mrm-style.com\/sr\/wp-content\/uploads\/2021\/06\/Modni-Dnevnik-Bez\u030c-nez\u030cna-boja-koja-c\u0301e-uleps\u030cati-vas\u030c-dan-Mr.M-by-Marko-Tadic\u03019-1024x562.jpg 1024w, https:\/\/mrm-style.com\/sr\/wp-content\/uploads\/2021\/06\/Modni-Dnevnik-Bez\u030c-nez\u030cna-boja-koja-c\u0301e-uleps\u030cati-vas\u030c-dan-Mr.M-by-Marko-Tadic\u03019-768x422.jpg 768w, https:\/\/mrm-style.com\/sr\/wp-content\/uploads\/2021\/06\/Modni-Dnevnik-Bez\u030c-nez\u030cna-boja-koja-c\u0301e-uleps\u030cati-vas\u030c-dan-Mr.M-by-Marko-Tadic\u03019-1536x844.jpg 1536w, https:\/\/mrm-style.com\/sr\/wp-content\/uploads\/2021\/06\/Modni-Dnevnik-Bez\u030c-nez\u030cna-boja-koja-c\u0301e-uleps\u030cati-vas\u030c-dan-Mr.M-by-Marko-Tadic\u03019-2048x1125.jpg 2048w, https:\/\/mrm-style.com\/sr\/wp-content\/uploads\/2021\/06\/Modni-Dnevnik-Bez\u030c-nez\u030cna-boja-koja-c\u0301e-uleps\u030cati-vas\u030c-dan-Mr.M-by-Marko-Tadic\u03019-1440x791.jpg 1440w, https:\/\/mrm-style.com\/sr\/wp-content\/uploads\/2021\/06\/Modni-Dnevnik-Bez\u030c-nez\u030cna-boja-koja-c\u0301e-uleps\u030cati-vas\u030c-dan-Mr.M-by-Marko-Tadic\u03019-800x439.jpg 800w, https:\/\/mrm-style.com\/sr\/wp-content\/uploads\/2021\/06\/Modni-Dnevnik-Bez\u030c-nez\u030cna-boja-koja-c\u0301e-uleps\u030cati-vas\u030c-dan-Mr.M-by-Marko-Tadic\u03019-550x302.jpg 550w, https:\/\/mrm-style.com\/sr\/wp-content\/uploads\/2021\/06\/Modni-Dnevnik-Bez\u030c-nez\u030cna-boja-koja-c\u0301e-uleps\u030cati-vas\u030c-dan-Mr.M-by-Marko-Tadic\u03019-1920x1054.jpg 1920w, https:\/\/mrm-style.com\/sr\/wp-content\/uploads\/2021\/06\/Modni-Dnevnik-Bez\u030c-nez\u030cna-boja-koja-c\u0301e-uleps\u030cati-vas\u030c-dan-Mr.M-by-Marko-Tadic\u03019-1966x1080.jpg 1966w, https:\/\/mrm-style.com\/sr\/wp-content\/uploads\/2021\/06\/Modni-Dnevnik-Bez\u030c-nez\u030cna-boja-koja-c\u0301e-uleps\u030cati-vas\u030c-dan-Mr.M-by-Marko-Tadic\u03019-1092x600.jpg 1092w\" sizes=\"auto, (max-width: 2500px) 100vw, 2500px\" \/><\/a><\/figure><\/div>\n\n\n\n<p>Danas vam predstavljam model <em><strong><a href=\"https:\/\/www.picard-lederwaren.de\/en\/Men\/basics\/backpacks\/Backpack-Buddy.html\">Buddy<\/a><\/strong><\/em>, moj novi drugar iz nove kolekcije ku\u0107e Picard koji mi ovog prole\u0107a pravi dru\u0161tvo u Berlinu, dok spremno \u010dekamo nove pustolovine koje nas o\u010dekuju. Ovaj ranac je izra\u0111en od najkvalitetnije ko\u017ee, klasi\u010dan dizajn u crnoj boji.<\/p>\n\n\n\n<div class=\"wp-block-image\"><figure class=\"aligncenter size-full\"><a href=\"https:\/\/mrm-style.com\/sr\/wp-content\/uploads\/2021\/06\/Modni-Dnevnik-Bez\u030c-nez\u030cna-boja-koja-c\u0301e-uleps\u030cati-vas\u030c-dan-Mr.M-by-Marko-Tadic\u03014.jpg\"><img loading=\"lazy\" decoding=\"async\" width=\"2174\" height=\"1600\" src=\"https:\/\/mrm-style.com\/sr\/wp-content\/uploads\/2021\/06\/Modni-Dnevnik-Bez\u030c-nez\u030cna-boja-koja-c\u0301e-uleps\u030cati-vas\u030c-dan-Mr.M-by-Marko-Tadic\u03014.jpg\" alt=\"\" class=\"wp-image-7132\" srcset=\"https:\/\/mrm-style.com\/sr\/wp-content\/uploads\/2021\/06\/Modni-Dnevnik-Bez\u030c-nez\u030cna-boja-koja-c\u0301e-uleps\u030cati-vas\u030c-dan-Mr.M-by-Marko-Tadic\u03014.jpg 2174w, https:\/\/mrm-style.com\/sr\/wp-content\/uploads\/2021\/06\/Modni-Dnevnik-Bez\u030c-nez\u030cna-boja-koja-c\u0301e-uleps\u030cati-vas\u030c-dan-Mr.M-by-Marko-Tadic\u03014-300x221.jpg 300w, https:\/\/mrm-style.com\/sr\/wp-content\/uploads\/2021\/06\/Modni-Dnevnik-Bez\u030c-nez\u030cna-boja-koja-c\u0301e-uleps\u030cati-vas\u030c-dan-Mr.M-by-Marko-Tadic\u03014-1024x754.jpg 1024w, https:\/\/mrm-style.com\/sr\/wp-content\/uploads\/2021\/06\/Modni-Dnevnik-Bez\u030c-nez\u030cna-boja-koja-c\u0301e-uleps\u030cati-vas\u030c-dan-Mr.M-by-Marko-Tadic\u03014-768x565.jpg 768w, https:\/\/mrm-style.com\/sr\/wp-content\/uploads\/2021\/06\/Modni-Dnevnik-Bez\u030c-nez\u030cna-boja-koja-c\u0301e-uleps\u030cati-vas\u030c-dan-Mr.M-by-Marko-Tadic\u03014-1536x1130.jpg 1536w, https:\/\/mrm-style.com\/sr\/wp-content\/uploads\/2021\/06\/Modni-Dnevnik-Bez\u030c-nez\u030cna-boja-koja-c\u0301e-uleps\u030cati-vas\u030c-dan-Mr.M-by-Marko-Tadic\u03014-2048x1507.jpg 2048w, https:\/\/mrm-style.com\/sr\/wp-content\/uploads\/2021\/06\/Modni-Dnevnik-Bez\u030c-nez\u030cna-boja-koja-c\u0301e-uleps\u030cati-vas\u030c-dan-Mr.M-by-Marko-Tadic\u03014-1440x1060.jpg 1440w, https:\/\/mrm-style.com\/sr\/wp-content\/uploads\/2021\/06\/Modni-Dnevnik-Bez\u030c-nez\u030cna-boja-koja-c\u0301e-uleps\u030cati-vas\u030c-dan-Mr.M-by-Marko-Tadic\u03014-800x589.jpg 800w, https:\/\/mrm-style.com\/sr\/wp-content\/uploads\/2021\/06\/Modni-Dnevnik-Bez\u030c-nez\u030cna-boja-koja-c\u0301e-uleps\u030cati-vas\u030c-dan-Mr.M-by-Marko-Tadic\u03014-550x405.jpg 550w, https:\/\/mrm-style.com\/sr\/wp-content\/uploads\/2021\/06\/Modni-Dnevnik-Bez\u030c-nez\u030cna-boja-koja-c\u0301e-uleps\u030cati-vas\u030c-dan-Mr.M-by-Marko-Tadic\u03014-1920x1413.jpg 1920w, https:\/\/mrm-style.com\/sr\/wp-content\/uploads\/2021\/06\/Modni-Dnevnik-Bez\u030c-nez\u030cna-boja-koja-c\u0301e-uleps\u030cati-vas\u030c-dan-Mr.M-by-Marko-Tadic\u03014-1467x1080.jpg 1467w, https:\/\/mrm-style.com\/sr\/wp-content\/uploads\/2021\/06\/Modni-Dnevnik-Bez\u030c-nez\u030cna-boja-koja-c\u0301e-uleps\u030cati-vas\u030c-dan-Mr.M-by-Marko-Tadic\u03014-815x600.jpg 815w\" sizes=\"auto, (max-width: 2174px) 100vw, 2174px\" \/><\/a><\/figure><\/div>\n\n\n\n<p>Dana\u0161nju elegantnu odevnu kombinaciju sam upotpunio satom iz kolekcije <em><strong><a href=\"https:\/\/www.muse-watches.com\/en\/product\/akylon-44-onyx-titanium\/\">Akylon<\/a><\/strong><\/em> umetni\u010dkog \u0161vajcarskog brenda <em><strong><a href=\"https:\/\/www.muse-watches.com\/en\/home-4\/\">MUSE<\/a><\/strong><\/em>, koji ste imali prilike da upoznate u jednom od prethodnih <em><strong><a href=\"https:\/\/mrm-style.com\/sr\/muse-umetnost-modernog-merenja-vremena\/\">postova<\/a><\/strong><\/em>.<\/p>\n\n\n\n<p>Ku\u0107i\u0161te je izra\u0111eno od 100% titanijuma u boji roze zlata, dok je broj\u010danik napravljen od aventurina, vrstom kvarca koji se odlikuje svojom prozra\u010dno\u0161\u0107u i prisustvom mineralnih primesa u obliku platine koji mu daju svetlucavi ili blistavi efekat koji se zove aventurescencija. <\/p>\n\n\n\n<p>Moj sat krasi Elaphe narukvica u bronzanoj braon-zlatnoj boji. Narukvica je izra\u0111ena od ko\u017ee vodene zmije Elaphe, koja ne spada u za\u0161ti\u0107ene vrste. Za sve dodatne informacije i novosti o <em><strong><a href=\"https:\/\/www.muse-watches.com\/en\/home-4\/\">MUSE<\/a><\/strong><\/em> satovima mo\u017eete pratiti na njihovoj zvani\u010dnoj <em><strong><a href=\"https:\/\/www.facebook.com\/MuseSwissArtsWatches\/\">Facebook<\/a><\/strong><\/em> stranici i <strong><em><a href=\"https:\/\/www.instagram.com\/muse_watches\/\">Instagram<\/a><\/em><\/strong> profilu. <\/p>\n\n\n\n<div class=\"wp-block-image\"><figure class=\"aligncenter size-full\"><a href=\"https:\/\/mrm-style.com\/sr\/wp-content\/uploads\/2021\/06\/Modni-Dnevnik-Bez\u030c-nez\u030cna-boja-koja-c\u0301e-uleps\u030cati-vas\u030c-dan-Mr.M-by-Marko-Tadic\u030121.jpg\"><img loading=\"lazy\" decoding=\"async\" width=\"2399\" height=\"1600\" src=\"https:\/\/mrm-style.com\/sr\/wp-content\/uploads\/2021\/06\/Modni-Dnevnik-Bez\u030c-nez\u030cna-boja-koja-c\u0301e-uleps\u030cati-vas\u030c-dan-Mr.M-by-Marko-Tadic\u030121.jpg\" alt=\"\" class=\"wp-image-7149\" srcset=\"https:\/\/mrm-style.com\/sr\/wp-content\/uploads\/2021\/06\/Modni-Dnevnik-Bez\u030c-nez\u030cna-boja-koja-c\u0301e-uleps\u030cati-vas\u030c-dan-Mr.M-by-Marko-Tadic\u030121.jpg 2399w, https:\/\/mrm-style.com\/sr\/wp-content\/uploads\/2021\/06\/Modni-Dnevnik-Bez\u030c-nez\u030cna-boja-koja-c\u0301e-uleps\u030cati-vas\u030c-dan-Mr.M-by-Marko-Tadic\u030121-300x200.jpg 300w, https:\/\/mrm-style.com\/sr\/wp-content\/uploads\/2021\/06\/Modni-Dnevnik-Bez\u030c-nez\u030cna-boja-koja-c\u0301e-uleps\u030cati-vas\u030c-dan-Mr.M-by-Marko-Tadic\u030121-1024x683.jpg 1024w, https:\/\/mrm-style.com\/sr\/wp-content\/uploads\/2021\/06\/Modni-Dnevnik-Bez\u030c-nez\u030cna-boja-koja-c\u0301e-uleps\u030cati-vas\u030c-dan-Mr.M-by-Marko-Tadic\u030121-768x512.jpg 768w, https:\/\/mrm-style.com\/sr\/wp-content\/uploads\/2021\/06\/Modni-Dnevnik-Bez\u030c-nez\u030cna-boja-koja-c\u0301e-uleps\u030cati-vas\u030c-dan-Mr.M-by-Marko-Tadic\u030121-1536x1024.jpg 1536w, https:\/\/mrm-style.com\/sr\/wp-content\/uploads\/2021\/06\/Modni-Dnevnik-Bez\u030c-nez\u030cna-boja-koja-c\u0301e-uleps\u030cati-vas\u030c-dan-Mr.M-by-Marko-Tadic\u030121-2048x1366.jpg 2048w, https:\/\/mrm-style.com\/sr\/wp-content\/uploads\/2021\/06\/Modni-Dnevnik-Bez\u030c-nez\u030cna-boja-koja-c\u0301e-uleps\u030cati-vas\u030c-dan-Mr.M-by-Marko-Tadic\u030121-1440x960.jpg 1440w, https:\/\/mrm-style.com\/sr\/wp-content\/uploads\/2021\/06\/Modni-Dnevnik-Bez\u030c-nez\u030cna-boja-koja-c\u0301e-uleps\u030cati-vas\u030c-dan-Mr.M-by-Marko-Tadic\u030121-800x534.jpg 800w, https:\/\/mrm-style.com\/sr\/wp-content\/uploads\/2021\/06\/Modni-Dnevnik-Bez\u030c-nez\u030cna-boja-koja-c\u0301e-uleps\u030cati-vas\u030c-dan-Mr.M-by-Marko-Tadic\u030121-550x367.jpg 550w, https:\/\/mrm-style.com\/sr\/wp-content\/uploads\/2021\/06\/Modni-Dnevnik-Bez\u030c-nez\u030cna-boja-koja-c\u0301e-uleps\u030cati-vas\u030c-dan-Mr.M-by-Marko-Tadic\u030121-1920x1281.jpg 1920w, https:\/\/mrm-style.com\/sr\/wp-content\/uploads\/2021\/06\/Modni-Dnevnik-Bez\u030c-nez\u030cna-boja-koja-c\u0301e-uleps\u030cati-vas\u030c-dan-Mr.M-by-Marko-Tadic\u030121-1619x1080.jpg 1619w, https:\/\/mrm-style.com\/sr\/wp-content\/uploads\/2021\/06\/Modni-Dnevnik-Bez\u030c-nez\u030cna-boja-koja-c\u0301e-uleps\u030cati-vas\u030c-dan-Mr.M-by-Marko-Tadic\u030121-900x600.jpg 900w\" sizes=\"auto, (max-width: 2399px) 100vw, 2399px\" \/><\/a><\/figure><\/div>\n\n\n\n<p><em><strong><a href=\"https:\/\/www.muse-watches.com\/en\/home-4\/\">MUSE<\/a><\/strong><\/em> satovi su za sve zaljubljenike umetnosti sa istan\u010danim ukusom i   ose\u0107ajem za estetiku. Osnovna ideja osniva\u010da MUSE brenda bila je   preispitivanje i predstavljanje prikaza vremena kroz umetni\u010dku prizmu.   Gospodin Robert i gospodin Leuba su zamenili tradicionalne kazaljke, pa  su sati, minuti i sekundi prikazani u posebnim umetni\u010dkim formama koje  su  inspirisane elementima prirodnih pojava i arhitekture. <\/p>\n\n\n\n<p>MUSE broj\u010danici su pokretna umetnost, vreme prolazi i prave se razli\u010dite formacije i oblici. Kao \u0161to sam rekao na samom po\u010detku dana\u0161njeg posta, satovi su danas postali prava mala umetni\u010dka dela, samo \u0161to je tehnologija i inspiracija dovela do toga da  je mogu\u0107e u\u017eivati u lepoti oblika koji se menjaju na MUSE broj\u010daniku  svakog minuta.<\/p>\n\n\n\n<div class=\"wp-block-image\"><figure class=\"aligncenter size-full\"><a href=\"https:\/\/mrm-style.com\/sr\/wp-content\/uploads\/2021\/06\/Modni-Dnevnik-Bez\u030c-nez\u030cna-boja-koja-c\u0301e-uleps\u030cati-vas\u030c-dan-Mr.M-by-Marko-Tadic\u030120.jpg\"><img loading=\"lazy\" decoding=\"async\" width=\"2399\" height=\"1600\" src=\"https:\/\/mrm-style.com\/sr\/wp-content\/uploads\/2021\/06\/Modni-Dnevnik-Bez\u030c-nez\u030cna-boja-koja-c\u0301e-uleps\u030cati-vas\u030c-dan-Mr.M-by-Marko-Tadic\u030120.jpg\" alt=\"\" class=\"wp-image-7148\" srcset=\"https:\/\/mrm-style.com\/sr\/wp-content\/uploads\/2021\/06\/Modni-Dnevnik-Bez\u030c-nez\u030cna-boja-koja-c\u0301e-uleps\u030cati-vas\u030c-dan-Mr.M-by-Marko-Tadic\u030120.jpg 2399w, https:\/\/mrm-style.com\/sr\/wp-content\/uploads\/2021\/06\/Modni-Dnevnik-Bez\u030c-nez\u030cna-boja-koja-c\u0301e-uleps\u030cati-vas\u030c-dan-Mr.M-by-Marko-Tadic\u030120-300x200.jpg 300w, https:\/\/mrm-style.com\/sr\/wp-content\/uploads\/2021\/06\/Modni-Dnevnik-Bez\u030c-nez\u030cna-boja-koja-c\u0301e-uleps\u030cati-vas\u030c-dan-Mr.M-by-Marko-Tadic\u030120-1024x683.jpg 1024w, https:\/\/mrm-style.com\/sr\/wp-content\/uploads\/2021\/06\/Modni-Dnevnik-Bez\u030c-nez\u030cna-boja-koja-c\u0301e-uleps\u030cati-vas\u030c-dan-Mr.M-by-Marko-Tadic\u030120-768x512.jpg 768w, https:\/\/mrm-style.com\/sr\/wp-content\/uploads\/2021\/06\/Modni-Dnevnik-Bez\u030c-nez\u030cna-boja-koja-c\u0301e-uleps\u030cati-vas\u030c-dan-Mr.M-by-Marko-Tadic\u030120-1536x1024.jpg 1536w, https:\/\/mrm-style.com\/sr\/wp-content\/uploads\/2021\/06\/Modni-Dnevnik-Bez\u030c-nez\u030cna-boja-koja-c\u0301e-uleps\u030cati-vas\u030c-dan-Mr.M-by-Marko-Tadic\u030120-2048x1366.jpg 2048w, https:\/\/mrm-style.com\/sr\/wp-content\/uploads\/2021\/06\/Modni-Dnevnik-Bez\u030c-nez\u030cna-boja-koja-c\u0301e-uleps\u030cati-vas\u030c-dan-Mr.M-by-Marko-Tadic\u030120-1440x960.jpg 1440w, https:\/\/mrm-style.com\/sr\/wp-content\/uploads\/2021\/06\/Modni-Dnevnik-Bez\u030c-nez\u030cna-boja-koja-c\u0301e-uleps\u030cati-vas\u030c-dan-Mr.M-by-Marko-Tadic\u030120-800x534.jpg 800w, https:\/\/mrm-style.com\/sr\/wp-content\/uploads\/2021\/06\/Modni-Dnevnik-Bez\u030c-nez\u030cna-boja-koja-c\u0301e-uleps\u030cati-vas\u030c-dan-Mr.M-by-Marko-Tadic\u030120-550x367.jpg 550w, https:\/\/mrm-style.com\/sr\/wp-content\/uploads\/2021\/06\/Modni-Dnevnik-Bez\u030c-nez\u030cna-boja-koja-c\u0301e-uleps\u030cati-vas\u030c-dan-Mr.M-by-Marko-Tadic\u030120-1920x1281.jpg 1920w, https:\/\/mrm-style.com\/sr\/wp-content\/uploads\/2021\/06\/Modni-Dnevnik-Bez\u030c-nez\u030cna-boja-koja-c\u0301e-uleps\u030cati-vas\u030c-dan-Mr.M-by-Marko-Tadic\u030120-1619x1080.jpg 1619w, https:\/\/mrm-style.com\/sr\/wp-content\/uploads\/2021\/06\/Modni-Dnevnik-Bez\u030c-nez\u030cna-boja-koja-c\u0301e-uleps\u030cati-vas\u030c-dan-Mr.M-by-Marko-Tadic\u030120-900x600.jpg 900w\" sizes=\"auto, (max-width: 2399px) 100vw, 2399px\" \/><\/a><\/figure><\/div>\n\n\n\n<h2 class=\"has-text-align-center wp-block-heading\"><strong>OUTFIT<\/strong><\/h2>\n\n\n\n<p class=\"has-text-align-center\"><em>Kaput:<\/em> <strong><a href=\"https:\/\/www.gobicashmere.com\/de\/products\/klassischer-reverskragen-mantel-beige\">GOBI<\/a><\/strong><\/p>\n\n\n\n<p class=\"has-text-align-center\"><em>D\u017eemper:<\/em> <strong><a href=\"https:\/\/www.gobicashmere.com\/de\/products\/r-ausschnitt-pullover-mit-v-streifen-warmbeige\">GOBI<\/a><\/strong><\/p>\n\n\n\n<p class=\"has-text-align-center\"><em>Sat<\/em>: <strong><a href=\"https:\/\/www.muse-watches.com\/en\/product\/akylon-44-onyx-titanium\/\">MUSE Art Watches<\/a><\/strong><\/p>\n\n\n\n<p class=\"has-text-align-center\"><em>Pantalone:<\/em> <strong><a href=\"https:\/\/www.gobicashmere.com\/de\/products\/herren-jogginghose-taupe\">GOBI<\/a><\/strong><\/p>\n\n\n\n<p class=\"has-text-align-center\"><em>Ranac:<\/em> <strong><a href=\"https:\/\/www.picard-lederwaren.de\/en\/Men\/basics\/backpacks\/Backpack-Buddy.html\">Picard<\/a><\/strong><\/p>\n\n\n\n<p class=\"has-text-align-center\"><em>Patike:<\/em> <strong>Dolce &amp; Gabbana<\/strong><\/p>\n\n\n\n<div class=\"wp-block-image\"><figure class=\"aligncenter size-full\"><a href=\"https:\/\/mrm-style.com\/sr\/wp-content\/uploads\/2021\/06\/Modni-Dnevnik-Bez\u030c-nez\u030cna-boja-koja-c\u0301e-uleps\u030cati-vas\u030c-dan-Mr.M-by-Marko-Tadic\u030115.jpg\"><img loading=\"lazy\" decoding=\"async\" width=\"2399\" height=\"1600\" src=\"https:\/\/mrm-style.com\/sr\/wp-content\/uploads\/2021\/06\/Modni-Dnevnik-Bez\u030c-nez\u030cna-boja-koja-c\u0301e-uleps\u030cati-vas\u030c-dan-Mr.M-by-Marko-Tadic\u030115.jpg\" alt=\"\" class=\"wp-image-7143\" srcset=\"https:\/\/mrm-style.com\/sr\/wp-content\/uploads\/2021\/06\/Modni-Dnevnik-Bez\u030c-nez\u030cna-boja-koja-c\u0301e-uleps\u030cati-vas\u030c-dan-Mr.M-by-Marko-Tadic\u030115.jpg 2399w, https:\/\/mrm-style.com\/sr\/wp-content\/uploads\/2021\/06\/Modni-Dnevnik-Bez\u030c-nez\u030cna-boja-koja-c\u0301e-uleps\u030cati-vas\u030c-dan-Mr.M-by-Marko-Tadic\u030115-300x200.jpg 300w, https:\/\/mrm-style.com\/sr\/wp-content\/uploads\/2021\/06\/Modni-Dnevnik-Bez\u030c-nez\u030cna-boja-koja-c\u0301e-uleps\u030cati-vas\u030c-dan-Mr.M-by-Marko-Tadic\u030115-1024x683.jpg 1024w, https:\/\/mrm-style.com\/sr\/wp-content\/uploads\/2021\/06\/Modni-Dnevnik-Bez\u030c-nez\u030cna-boja-koja-c\u0301e-uleps\u030cati-vas\u030c-dan-Mr.M-by-Marko-Tadic\u030115-768x512.jpg 768w, https:\/\/mrm-style.com\/sr\/wp-content\/uploads\/2021\/06\/Modni-Dnevnik-Bez\u030c-nez\u030cna-boja-koja-c\u0301e-uleps\u030cati-vas\u030c-dan-Mr.M-by-Marko-Tadic\u030115-1536x1024.jpg 1536w, https:\/\/mrm-style.com\/sr\/wp-content\/uploads\/2021\/06\/Modni-Dnevnik-Bez\u030c-nez\u030cna-boja-koja-c\u0301e-uleps\u030cati-vas\u030c-dan-Mr.M-by-Marko-Tadic\u030115-2048x1366.jpg 2048w, https:\/\/mrm-style.com\/sr\/wp-content\/uploads\/2021\/06\/Modni-Dnevnik-Bez\u030c-nez\u030cna-boja-koja-c\u0301e-uleps\u030cati-vas\u030c-dan-Mr.M-by-Marko-Tadic\u030115-1440x960.jpg 1440w, https:\/\/mrm-style.com\/sr\/wp-content\/uploads\/2021\/06\/Modni-Dnevnik-Bez\u030c-nez\u030cna-boja-koja-c\u0301e-uleps\u030cati-vas\u030c-dan-Mr.M-by-Marko-Tadic\u030115-800x534.jpg 800w, https:\/\/mrm-style.com\/sr\/wp-content\/uploads\/2021\/06\/Modni-Dnevnik-Bez\u030c-nez\u030cna-boja-koja-c\u0301e-uleps\u030cati-vas\u030c-dan-Mr.M-by-Marko-Tadic\u030115-550x367.jpg 550w, https:\/\/mrm-style.com\/sr\/wp-content\/uploads\/2021\/06\/Modni-Dnevnik-Bez\u030c-nez\u030cna-boja-koja-c\u0301e-uleps\u030cati-vas\u030c-dan-Mr.M-by-Marko-Tadic\u030115-1920x1281.jpg 1920w, https:\/\/mrm-style.com\/sr\/wp-content\/uploads\/2021\/06\/Modni-Dnevnik-Bez\u030c-nez\u030cna-boja-koja-c\u0301e-uleps\u030cati-vas\u030c-dan-Mr.M-by-Marko-Tadic\u030115-1619x1080.jpg 1619w, https:\/\/mrm-style.com\/sr\/wp-content\/uploads\/2021\/06\/Modni-Dnevnik-Bez\u030c-nez\u030cna-boja-koja-c\u0301e-uleps\u030cati-vas\u030c-dan-Mr.M-by-Marko-Tadic\u030115-900x600.jpg 900w\" sizes=\"auto, (max-width: 2399px) 100vw, 2399px\" \/><\/a><\/figure><\/div>\n\n\n\n<p>Po\u0161to je celokupan outfit bio u odre\u0111enom klasi\u010dnom tonu, odlu\u010dio sam da svoje omiljene patike koje sam kupio pro\u0161le godine izvedem u \u0161etnju. Moram priznati da su one na neobi\u010dan na\u010din upotpunile ovaj outfit. Mo\u017eda su provele neko vreme u ormaru, ali na kraju su do\u010dekale svojih pet minuta! Naravno, ovaj nijansa drap boje se odli\u010dno uklapa uz moje pastelne boje u garderoberu.<\/p>\n\n\n\n<div class=\"wp-block-image\"><figure class=\"aligncenter size-full\"><a href=\"https:\/\/mrm-style.com\/sr\/wp-content\/uploads\/2021\/06\/Modni-Dnevnik-Bez\u030c-nez\u030cna-boja-koja-c\u0301e-uleps\u030cati-vas\u030c-dan-Mr.M-by-Marko-Tadic\u030117.jpg\"><img loading=\"lazy\" decoding=\"async\" width=\"2399\" height=\"1600\" src=\"https:\/\/mrm-style.com\/sr\/wp-content\/uploads\/2021\/06\/Modni-Dnevnik-Bez\u030c-nez\u030cna-boja-koja-c\u0301e-uleps\u030cati-vas\u030c-dan-Mr.M-by-Marko-Tadic\u030117.jpg\" alt=\"\" class=\"wp-image-7145\" srcset=\"https:\/\/mrm-style.com\/sr\/wp-content\/uploads\/2021\/06\/Modni-Dnevnik-Bez\u030c-nez\u030cna-boja-koja-c\u0301e-uleps\u030cati-vas\u030c-dan-Mr.M-by-Marko-Tadic\u030117.jpg 2399w, https:\/\/mrm-style.com\/sr\/wp-content\/uploads\/2021\/06\/Modni-Dnevnik-Bez\u030c-nez\u030cna-boja-koja-c\u0301e-uleps\u030cati-vas\u030c-dan-Mr.M-by-Marko-Tadic\u030117-300x200.jpg 300w, https:\/\/mrm-style.com\/sr\/wp-content\/uploads\/2021\/06\/Modni-Dnevnik-Bez\u030c-nez\u030cna-boja-koja-c\u0301e-uleps\u030cati-vas\u030c-dan-Mr.M-by-Marko-Tadic\u030117-1024x683.jpg 1024w, https:\/\/mrm-style.com\/sr\/wp-content\/uploads\/2021\/06\/Modni-Dnevnik-Bez\u030c-nez\u030cna-boja-koja-c\u0301e-uleps\u030cati-vas\u030c-dan-Mr.M-by-Marko-Tadic\u030117-768x512.jpg 768w, https:\/\/mrm-style.com\/sr\/wp-content\/uploads\/2021\/06\/Modni-Dnevnik-Bez\u030c-nez\u030cna-boja-koja-c\u0301e-uleps\u030cati-vas\u030c-dan-Mr.M-by-Marko-Tadic\u030117-1536x1024.jpg 1536w, https:\/\/mrm-style.com\/sr\/wp-content\/uploads\/2021\/06\/Modni-Dnevnik-Bez\u030c-nez\u030cna-boja-koja-c\u0301e-uleps\u030cati-vas\u030c-dan-Mr.M-by-Marko-Tadic\u030117-2048x1366.jpg 2048w, https:\/\/mrm-style.com\/sr\/wp-content\/uploads\/2021\/06\/Modni-Dnevnik-Bez\u030c-nez\u030cna-boja-koja-c\u0301e-uleps\u030cati-vas\u030c-dan-Mr.M-by-Marko-Tadic\u030117-1440x960.jpg 1440w, https:\/\/mrm-style.com\/sr\/wp-content\/uploads\/2021\/06\/Modni-Dnevnik-Bez\u030c-nez\u030cna-boja-koja-c\u0301e-uleps\u030cati-vas\u030c-dan-Mr.M-by-Marko-Tadic\u030117-800x534.jpg 800w, https:\/\/mrm-style.com\/sr\/wp-content\/uploads\/2021\/06\/Modni-Dnevnik-Bez\u030c-nez\u030cna-boja-koja-c\u0301e-uleps\u030cati-vas\u030c-dan-Mr.M-by-Marko-Tadic\u030117-550x367.jpg 550w, https:\/\/mrm-style.com\/sr\/wp-content\/uploads\/2021\/06\/Modni-Dnevnik-Bez\u030c-nez\u030cna-boja-koja-c\u0301e-uleps\u030cati-vas\u030c-dan-Mr.M-by-Marko-Tadic\u030117-1920x1281.jpg 1920w, https:\/\/mrm-style.com\/sr\/wp-content\/uploads\/2021\/06\/Modni-Dnevnik-Bez\u030c-nez\u030cna-boja-koja-c\u0301e-uleps\u030cati-vas\u030c-dan-Mr.M-by-Marko-Tadic\u030117-1619x1080.jpg 1619w, https:\/\/mrm-style.com\/sr\/wp-content\/uploads\/2021\/06\/Modni-Dnevnik-Bez\u030c-nez\u030cna-boja-koja-c\u0301e-uleps\u030cati-vas\u030c-dan-Mr.M-by-Marko-Tadic\u030117-900x600.jpg 900w\" sizes=\"auto, (max-width: 2399px) 100vw, 2399px\" \/><\/a><\/figure><\/div>\n\n\n\n<p>Dragi moji ljubitelji mode, do\u0161li smo do kraja ovog tre\u0107eg specijalnog posta o novom zanimljivom brendu iz Mongolije koji izra\u0111uje predivne proizvode od ka\u0161mira! Kako vam se svidela moja dana\u0161nja odevna kombinacija? <\/p>\n\n\n\n<p>Zaista sam se potrudio da vam sa puno ljubavi pripremim dana\u0161nji post i nadam se da \u0107e vam se svideti! Vidimo se za par dana sa nekom novom zanimljivom pri\u010dom!<\/p>\n\n\n\n<div class=\"wp-block-image\"><figure class=\"aligncenter size-full\"><a href=\"https:\/\/mrm-style.com\/sr\/wp-content\/uploads\/2021\/06\/Modni-Dnevnik-Bez\u030c-nez\u030cna-boja-koja-c\u0301e-uleps\u030cati-vas\u030c-dan-Mr.M-by-Marko-Tadic\u030113.jpg\"><img loading=\"lazy\" decoding=\"async\" width=\"1600\" height=\"2399\" src=\"https:\/\/mrm-style.com\/sr\/wp-content\/uploads\/2021\/06\/Modni-Dnevnik-Bez\u030c-nez\u030cna-boja-koja-c\u0301e-uleps\u030cati-vas\u030c-dan-Mr.M-by-Marko-Tadic\u030113.jpg\" alt=\"\" class=\"wp-image-7141\" srcset=\"https:\/\/mrm-style.com\/sr\/wp-content\/uploads\/2021\/06\/Modni-Dnevnik-Bez\u030c-nez\u030cna-boja-koja-c\u0301e-uleps\u030cati-vas\u030c-dan-Mr.M-by-Marko-Tadic\u030113.jpg 1600w, https:\/\/mrm-style.com\/sr\/wp-content\/uploads\/2021\/06\/Modni-Dnevnik-Bez\u030c-nez\u030cna-boja-koja-c\u0301e-uleps\u030cati-vas\u030c-dan-Mr.M-by-Marko-Tadic\u030113-200x300.jpg 200w, https:\/\/mrm-style.com\/sr\/wp-content\/uploads\/2021\/06\/Modni-Dnevnik-Bez\u030c-nez\u030cna-boja-koja-c\u0301e-uleps\u030cati-vas\u030c-dan-Mr.M-by-Marko-Tadic\u030113-683x1024.jpg 683w, https:\/\/mrm-style.com\/sr\/wp-content\/uploads\/2021\/06\/Modni-Dnevnik-Bez\u030c-nez\u030cna-boja-koja-c\u0301e-uleps\u030cati-vas\u030c-dan-Mr.M-by-Marko-Tadic\u030113-768x1152.jpg 768w, https:\/\/mrm-style.com\/sr\/wp-content\/uploads\/2021\/06\/Modni-Dnevnik-Bez\u030c-nez\u030cna-boja-koja-c\u0301e-uleps\u030cati-vas\u030c-dan-Mr.M-by-Marko-Tadic\u030113-1024x1536.jpg 1024w, https:\/\/mrm-style.com\/sr\/wp-content\/uploads\/2021\/06\/Modni-Dnevnik-Bez\u030c-nez\u030cna-boja-koja-c\u0301e-uleps\u030cati-vas\u030c-dan-Mr.M-by-Marko-Tadic\u030113-1366x2048.jpg 1366w, https:\/\/mrm-style.com\/sr\/wp-content\/uploads\/2021\/06\/Modni-Dnevnik-Bez\u030c-nez\u030cna-boja-koja-c\u0301e-uleps\u030cati-vas\u030c-dan-Mr.M-by-Marko-Tadic\u030113-1440x2159.jpg 1440w, https:\/\/mrm-style.com\/sr\/wp-content\/uploads\/2021\/06\/Modni-Dnevnik-Bez\u030c-nez\u030cna-boja-koja-c\u0301e-uleps\u030cati-vas\u030c-dan-Mr.M-by-Marko-Tadic\u030113-800x1200.jpg 800w, https:\/\/mrm-style.com\/sr\/wp-content\/uploads\/2021\/06\/Modni-Dnevnik-Bez\u030c-nez\u030cna-boja-koja-c\u0301e-uleps\u030cati-vas\u030c-dan-Mr.M-by-Marko-Tadic\u030113-550x825.jpg 550w, https:\/\/mrm-style.com\/sr\/wp-content\/uploads\/2021\/06\/Modni-Dnevnik-Bez\u030c-nez\u030cna-boja-koja-c\u0301e-uleps\u030cati-vas\u030c-dan-Mr.M-by-Marko-Tadic\u030113-720x1080.jpg 720w, https:\/\/mrm-style.com\/sr\/wp-content\/uploads\/2021\/06\/Modni-Dnevnik-Bez\u030c-nez\u030cna-boja-koja-c\u0301e-uleps\u030cati-vas\u030c-dan-Mr.M-by-Marko-Tadic\u030113-400x600.jpg 400w\" sizes=\"auto, (max-width: 1600px) 100vw, 1600px\" \/><\/a><\/figure><\/div>\n\n\n\n<div class=\"wp-block-image\"><figure class=\"aligncenter size-full\"><a href=\"https:\/\/mrm-style.com\/sr\/wp-content\/uploads\/2021\/06\/Modni-Dnevnik-Bez\u030c-nez\u030cna-boja-koja-c\u0301e-uleps\u030cati-vas\u030c-dan-Mr.M-by-Marko-Tadic\u030119.jpg\"><img loading=\"lazy\" decoding=\"async\" width=\"2399\" height=\"1600\" src=\"https:\/\/mrm-style.com\/sr\/wp-content\/uploads\/2021\/06\/Modni-Dnevnik-Bez\u030c-nez\u030cna-boja-koja-c\u0301e-uleps\u030cati-vas\u030c-dan-Mr.M-by-Marko-Tadic\u030119.jpg\" alt=\"\" class=\"wp-image-7147\" srcset=\"https:\/\/mrm-style.com\/sr\/wp-content\/uploads\/2021\/06\/Modni-Dnevnik-Bez\u030c-nez\u030cna-boja-koja-c\u0301e-uleps\u030cati-vas\u030c-dan-Mr.M-by-Marko-Tadic\u030119.jpg 2399w, https:\/\/mrm-style.com\/sr\/wp-content\/uploads\/2021\/06\/Modni-Dnevnik-Bez\u030c-nez\u030cna-boja-koja-c\u0301e-uleps\u030cati-vas\u030c-dan-Mr.M-by-Marko-Tadic\u030119-300x200.jpg 300w, https:\/\/mrm-style.com\/sr\/wp-content\/uploads\/2021\/06\/Modni-Dnevnik-Bez\u030c-nez\u030cna-boja-koja-c\u0301e-uleps\u030cati-vas\u030c-dan-Mr.M-by-Marko-Tadic\u030119-1024x683.jpg 1024w, https:\/\/mrm-style.com\/sr\/wp-content\/uploads\/2021\/06\/Modni-Dnevnik-Bez\u030c-nez\u030cna-boja-koja-c\u0301e-uleps\u030cati-vas\u030c-dan-Mr.M-by-Marko-Tadic\u030119-768x512.jpg 768w, https:\/\/mrm-style.com\/sr\/wp-content\/uploads\/2021\/06\/Modni-Dnevnik-Bez\u030c-nez\u030cna-boja-koja-c\u0301e-uleps\u030cati-vas\u030c-dan-Mr.M-by-Marko-Tadic\u030119-1536x1024.jpg 1536w, https:\/\/mrm-style.com\/sr\/wp-content\/uploads\/2021\/06\/Modni-Dnevnik-Bez\u030c-nez\u030cna-boja-koja-c\u0301e-uleps\u030cati-vas\u030c-dan-Mr.M-by-Marko-Tadic\u030119-2048x1366.jpg 2048w, https:\/\/mrm-style.com\/sr\/wp-content\/uploads\/2021\/06\/Modni-Dnevnik-Bez\u030c-nez\u030cna-boja-koja-c\u0301e-uleps\u030cati-vas\u030c-dan-Mr.M-by-Marko-Tadic\u030119-1440x960.jpg 1440w, https:\/\/mrm-style.com\/sr\/wp-content\/uploads\/2021\/06\/Modni-Dnevnik-Bez\u030c-nez\u030cna-boja-koja-c\u0301e-uleps\u030cati-vas\u030c-dan-Mr.M-by-Marko-Tadic\u030119-800x534.jpg 800w, https:\/\/mrm-style.com\/sr\/wp-content\/uploads\/2021\/06\/Modni-Dnevnik-Bez\u030c-nez\u030cna-boja-koja-c\u0301e-uleps\u030cati-vas\u030c-dan-Mr.M-by-Marko-Tadic\u030119-550x367.jpg 550w, https:\/\/mrm-style.com\/sr\/wp-content\/uploads\/2021\/06\/Modni-Dnevnik-Bez\u030c-nez\u030cna-boja-koja-c\u0301e-uleps\u030cati-vas\u030c-dan-Mr.M-by-Marko-Tadic\u030119-1920x1281.jpg 1920w, https:\/\/mrm-style.com\/sr\/wp-content\/uploads\/2021\/06\/Modni-Dnevnik-Bez\u030c-nez\u030cna-boja-koja-c\u0301e-uleps\u030cati-vas\u030c-dan-Mr.M-by-Marko-Tadic\u030119-1619x1080.jpg 1619w, https:\/\/mrm-style.com\/sr\/wp-content\/uploads\/2021\/06\/Modni-Dnevnik-Bez\u030c-nez\u030cna-boja-koja-c\u0301e-uleps\u030cati-vas\u030c-dan-Mr.M-by-Marko-Tadic\u030119-900x600.jpg 900w\" sizes=\"auto, (max-width: 2399px) 100vw, 2399px\" \/><\/a><\/figure><\/div>\n\n\n\n<p>Savetujem vam da zbog trenutne nepovoljne zdrastvene situacije u skoro svim kako evropskim, tako i zemljama \u0161irom sveta poslu\u0161ate moj savet. Ako imate potrebu da iza\u0111ete na sve\u017e vazduh, malo pro\u0161etate i razbistrite misli, slobodno to u\u010dinite, ali ne odlazite na mesta gde ima dosta ljudi i na taj na\u010din podsti\u010dete stvaranje gu\u017eve.<\/p>\n\n\n\n<div class=\"wp-block-image\"><figure class=\"aligncenter size-full\"><a href=\"https:\/\/mrm-style.com\/sr\/wp-content\/uploads\/2021\/06\/Modni-Dnevnik-Bez\u030c-nez\u030cna-boja-koja-c\u0301e-uleps\u030cati-vas\u030c-dan-Mr.M-by-Marko-Tadic\u030118.jpg\"><img loading=\"lazy\" decoding=\"async\" width=\"1600\" height=\"2399\" src=\"https:\/\/mrm-style.com\/sr\/wp-content\/uploads\/2021\/06\/Modni-Dnevnik-Bez\u030c-nez\u030cna-boja-koja-c\u0301e-uleps\u030cati-vas\u030c-dan-Mr.M-by-Marko-Tadic\u030118.jpg\" alt=\"\" class=\"wp-image-7146\" srcset=\"https:\/\/mrm-style.com\/sr\/wp-content\/uploads\/2021\/06\/Modni-Dnevnik-Bez\u030c-nez\u030cna-boja-koja-c\u0301e-uleps\u030cati-vas\u030c-dan-Mr.M-by-Marko-Tadic\u030118.jpg 1600w, https:\/\/mrm-style.com\/sr\/wp-content\/uploads\/2021\/06\/Modni-Dnevnik-Bez\u030c-nez\u030cna-boja-koja-c\u0301e-uleps\u030cati-vas\u030c-dan-Mr.M-by-Marko-Tadic\u030118-200x300.jpg 200w, https:\/\/mrm-style.com\/sr\/wp-content\/uploads\/2021\/06\/Modni-Dnevnik-Bez\u030c-nez\u030cna-boja-koja-c\u0301e-uleps\u030cati-vas\u030c-dan-Mr.M-by-Marko-Tadic\u030118-683x1024.jpg 683w, https:\/\/mrm-style.com\/sr\/wp-content\/uploads\/2021\/06\/Modni-Dnevnik-Bez\u030c-nez\u030cna-boja-koja-c\u0301e-uleps\u030cati-vas\u030c-dan-Mr.M-by-Marko-Tadic\u030118-768x1152.jpg 768w, https:\/\/mrm-style.com\/sr\/wp-content\/uploads\/2021\/06\/Modni-Dnevnik-Bez\u030c-nez\u030cna-boja-koja-c\u0301e-uleps\u030cati-vas\u030c-dan-Mr.M-by-Marko-Tadic\u030118-1024x1536.jpg 1024w, https:\/\/mrm-style.com\/sr\/wp-content\/uploads\/2021\/06\/Modni-Dnevnik-Bez\u030c-nez\u030cna-boja-koja-c\u0301e-uleps\u030cati-vas\u030c-dan-Mr.M-by-Marko-Tadic\u030118-1366x2048.jpg 1366w, https:\/\/mrm-style.com\/sr\/wp-content\/uploads\/2021\/06\/Modni-Dnevnik-Bez\u030c-nez\u030cna-boja-koja-c\u0301e-uleps\u030cati-vas\u030c-dan-Mr.M-by-Marko-Tadic\u030118-1440x2159.jpg 1440w, https:\/\/mrm-style.com\/sr\/wp-content\/uploads\/2021\/06\/Modni-Dnevnik-Bez\u030c-nez\u030cna-boja-koja-c\u0301e-uleps\u030cati-vas\u030c-dan-Mr.M-by-Marko-Tadic\u030118-800x1200.jpg 800w, https:\/\/mrm-style.com\/sr\/wp-content\/uploads\/2021\/06\/Modni-Dnevnik-Bez\u030c-nez\u030cna-boja-koja-c\u0301e-uleps\u030cati-vas\u030c-dan-Mr.M-by-Marko-Tadic\u030118-550x825.jpg 550w, https:\/\/mrm-style.com\/sr\/wp-content\/uploads\/2021\/06\/Modni-Dnevnik-Bez\u030c-nez\u030cna-boja-koja-c\u0301e-uleps\u030cati-vas\u030c-dan-Mr.M-by-Marko-Tadic\u030118-720x1080.jpg 720w, https:\/\/mrm-style.com\/sr\/wp-content\/uploads\/2021\/06\/Modni-Dnevnik-Bez\u030c-nez\u030cna-boja-koja-c\u0301e-uleps\u030cati-vas\u030c-dan-Mr.M-by-Marko-Tadic\u030118-400x600.jpg 400w\" sizes=\"auto, (max-width: 1600px) 100vw, 1600px\" \/><\/a><\/figure><\/div>\n\n\n\n<p>Razumljivo je da ljudi treba da iza\u0111u na sve\u017e vazduh radi fizi\u010dke aktivnosti i mentalnog zdravlja, ali to mo\u017eete u\u010diniti tako \u0161to \u0107ete svakodnevno \u0161etati gradom, slabo prometnim ulicama. Naravno, mo\u017eete \u0161etati i u\u017eivati u lepoti zelenih oaza parkova i drugim vrstama zelenih povr\u0161ina ili \u0161etali\u0161tima du\u017e reka, ali dr\u017eite se propisane fizi\u010dke distance, koristite dezinfekciona sredstva i obavezno nosite masku.<\/p>\n\n\n\n<div class=\"wp-block-image\"><figure class=\"aligncenter size-full\"><a href=\"https:\/\/mrm-style.com\/sr\/wp-content\/uploads\/2021\/06\/Modni-Dnevnik-Bez\u030c-nez\u030cna-boja-koja-c\u0301e-uleps\u030cati-vas\u030c-dan-Mr.M-by-Marko-Tadic\u030111.jpg\"><img loading=\"lazy\" decoding=\"async\" width=\"1508\" height=\"2500\" src=\"https:\/\/mrm-style.com\/sr\/wp-content\/uploads\/2021\/06\/Modni-Dnevnik-Bez\u030c-nez\u030cna-boja-koja-c\u0301e-uleps\u030cati-vas\u030c-dan-Mr.M-by-Marko-Tadic\u030111.jpg\" alt=\"\" class=\"wp-image-7139\" srcset=\"https:\/\/mrm-style.com\/sr\/wp-content\/uploads\/2021\/06\/Modni-Dnevnik-Bez\u030c-nez\u030cna-boja-koja-c\u0301e-uleps\u030cati-vas\u030c-dan-Mr.M-by-Marko-Tadic\u030111.jpg 1508w, https:\/\/mrm-style.com\/sr\/wp-content\/uploads\/2021\/06\/Modni-Dnevnik-Bez\u030c-nez\u030cna-boja-koja-c\u0301e-uleps\u030cati-vas\u030c-dan-Mr.M-by-Marko-Tadic\u030111-181x300.jpg 181w, https:\/\/mrm-style.com\/sr\/wp-content\/uploads\/2021\/06\/Modni-Dnevnik-Bez\u030c-nez\u030cna-boja-koja-c\u0301e-uleps\u030cati-vas\u030c-dan-Mr.M-by-Marko-Tadic\u030111-618x1024.jpg 618w, https:\/\/mrm-style.com\/sr\/wp-content\/uploads\/2021\/06\/Modni-Dnevnik-Bez\u030c-nez\u030cna-boja-koja-c\u0301e-uleps\u030cati-vas\u030c-dan-Mr.M-by-Marko-Tadic\u030111-768x1273.jpg 768w, https:\/\/mrm-style.com\/sr\/wp-content\/uploads\/2021\/06\/Modni-Dnevnik-Bez\u030c-nez\u030cna-boja-koja-c\u0301e-uleps\u030cati-vas\u030c-dan-Mr.M-by-Marko-Tadic\u030111-927x1536.jpg 927w, https:\/\/mrm-style.com\/sr\/wp-content\/uploads\/2021\/06\/Modni-Dnevnik-Bez\u030c-nez\u030cna-boja-koja-c\u0301e-uleps\u030cati-vas\u030c-dan-Mr.M-by-Marko-Tadic\u030111-1235x2048.jpg 1235w, https:\/\/mrm-style.com\/sr\/wp-content\/uploads\/2021\/06\/Modni-Dnevnik-Bez\u030c-nez\u030cna-boja-koja-c\u0301e-uleps\u030cati-vas\u030c-dan-Mr.M-by-Marko-Tadic\u030111-1440x2387.jpg 1440w, https:\/\/mrm-style.com\/sr\/wp-content\/uploads\/2021\/06\/Modni-Dnevnik-Bez\u030c-nez\u030cna-boja-koja-c\u0301e-uleps\u030cati-vas\u030c-dan-Mr.M-by-Marko-Tadic\u030111-800x1326.jpg 800w, https:\/\/mrm-style.com\/sr\/wp-content\/uploads\/2021\/06\/Modni-Dnevnik-Bez\u030c-nez\u030cna-boja-koja-c\u0301e-uleps\u030cati-vas\u030c-dan-Mr.M-by-Marko-Tadic\u030111-550x912.jpg 550w, https:\/\/mrm-style.com\/sr\/wp-content\/uploads\/2021\/06\/Modni-Dnevnik-Bez\u030c-nez\u030cna-boja-koja-c\u0301e-uleps\u030cati-vas\u030c-dan-Mr.M-by-Marko-Tadic\u030111-651x1080.jpg 651w, https:\/\/mrm-style.com\/sr\/wp-content\/uploads\/2021\/06\/Modni-Dnevnik-Bez\u030c-nez\u030cna-boja-koja-c\u0301e-uleps\u030cati-vas\u030c-dan-Mr.M-by-Marko-Tadic\u030111-362x600.jpg 362w\" sizes=\"auto, (max-width: 1508px) 100vw, 1508px\" \/><\/a><\/figure><\/div>\n\n\n\n<p>Ako imate neka pitanja, komentare, predloge ili neku poruku za mene, mo\u017eete mi pisati dole u komentarima. Naravno, kao i uvek mo\u017eete me kontaktirati putem mejla ili na dru\u0161tvenim mre\u017eama, koje mo\u017eete prona\u0107i na stranici\u00a0<em><strong><a href=\"https:\/\/mrm-style.com\/sr\/kontakt\/\">KONTAKT<\/a><\/strong><\/em>. Vidimo se uskoro!<\/p>\n\n\n\n<p><em>S ljubavlju iz Berlina,<\/em><br><strong>Mr.M<\/strong><\/p>\n\n\n\n<figure class=\"wp-block-image size-large\"><img loading=\"lazy\" decoding=\"async\" width=\"1024\" height=\"683\" src=\"https:\/\/mrm-style.com\/sr\/wp-content\/uploads\/2021\/06\/Modni-Dnevnik-Bez\u030c-nez\u030cna-boja-koja-c\u0301e-uleps\u030cati-vas\u030c-dan-Mr.M-by-Marko-Tadic\u03016-1024x683.jpg\" alt=\"\" class=\"wp-image-7134\" srcset=\"https:\/\/mrm-style.com\/sr\/wp-content\/uploads\/2021\/06\/Modni-Dnevnik-Bez\u030c-nez\u030cna-boja-koja-c\u0301e-uleps\u030cati-vas\u030c-dan-Mr.M-by-Marko-Tadic\u03016-1024x683.jpg 1024w, https:\/\/mrm-style.com\/sr\/wp-content\/uploads\/2021\/06\/Modni-Dnevnik-Bez\u030c-nez\u030cna-boja-koja-c\u0301e-uleps\u030cati-vas\u030c-dan-Mr.M-by-Marko-Tadic\u03016-300x200.jpg 300w, https:\/\/mrm-style.com\/sr\/wp-content\/uploads\/2021\/06\/Modni-Dnevnik-Bez\u030c-nez\u030cna-boja-koja-c\u0301e-uleps\u030cati-vas\u030c-dan-Mr.M-by-Marko-Tadic\u03016-768x512.jpg 768w, https:\/\/mrm-style.com\/sr\/wp-content\/uploads\/2021\/06\/Modni-Dnevnik-Bez\u030c-nez\u030cna-boja-koja-c\u0301e-uleps\u030cati-vas\u030c-dan-Mr.M-by-Marko-Tadic\u03016-1536x1024.jpg 1536w, https:\/\/mrm-style.com\/sr\/wp-content\/uploads\/2021\/06\/Modni-Dnevnik-Bez\u030c-nez\u030cna-boja-koja-c\u0301e-uleps\u030cati-vas\u030c-dan-Mr.M-by-Marko-Tadic\u03016-2048x1366.jpg 2048w, https:\/\/mrm-style.com\/sr\/wp-content\/uploads\/2021\/06\/Modni-Dnevnik-Bez\u030c-nez\u030cna-boja-koja-c\u0301e-uleps\u030cati-vas\u030c-dan-Mr.M-by-Marko-Tadic\u03016-1440x960.jpg 1440w, https:\/\/mrm-style.com\/sr\/wp-content\/uploads\/2021\/06\/Modni-Dnevnik-Bez\u030c-nez\u030cna-boja-koja-c\u0301e-uleps\u030cati-vas\u030c-dan-Mr.M-by-Marko-Tadic\u03016-800x534.jpg 800w, https:\/\/mrm-style.com\/sr\/wp-content\/uploads\/2021\/06\/Modni-Dnevnik-Bez\u030c-nez\u030cna-boja-koja-c\u0301e-uleps\u030cati-vas\u030c-dan-Mr.M-by-Marko-Tadic\u03016-550x367.jpg 550w, https:\/\/mrm-style.com\/sr\/wp-content\/uploads\/2021\/06\/Modni-Dnevnik-Bez\u030c-nez\u030cna-boja-koja-c\u0301e-uleps\u030cati-vas\u030c-dan-Mr.M-by-Marko-Tadic\u03016-1920x1281.jpg 1920w, https:\/\/mrm-style.com\/sr\/wp-content\/uploads\/2021\/06\/Modni-Dnevnik-Bez\u030c-nez\u030cna-boja-koja-c\u0301e-uleps\u030cati-vas\u030c-dan-Mr.M-by-Marko-Tadic\u03016-1619x1080.jpg 1619w, https:\/\/mrm-style.com\/sr\/wp-content\/uploads\/2021\/06\/Modni-Dnevnik-Bez\u030c-nez\u030cna-boja-koja-c\u0301e-uleps\u030cati-vas\u030c-dan-Mr.M-by-Marko-Tadic\u03016-900x600.jpg 900w\" sizes=\"auto, (max-width: 1024px) 100vw, 1024px\" \/><\/figure>\n\n\n\n<p class=\"has-text-align-center\"><strong><em>Ovaj post je sponzorisan od strane <a rel=\"noreferrer noopener\" href=\"https:\/\/www.gobicashmere.com\/de\/\" target=\"_blank\">GOBI Cashmere<\/a><\/em><\/strong>, <em><strong><a href=\"https:\/\/www.muse-watches.com\/en\/home-4\/\">MUSE<\/a> Switzerland<\/strong><\/em><strong><em> SA, <a href=\"https:\/\/www.picard-lederwaren.de\/index.php?lang=1&amp;\">Picard Lederwaren<\/a> brendova. Ovaj post predstavlja moju li\u010dnu i iskrenu recenziju njihovih proizvoda.<\/em><\/strong><\/p>\n","protected":false},"excerpt":{"rendered":"<p>Dragi moji ljubitelji mode, nadam se da ste dobro i da ste uradili sve pripreme za vikend! Danas \u0107emo razbiti neke predrasude o be\u017e boji koje vladaju i poku\u0161a\u0107u da vam pribli\u017eim neke osnovne karakteristike. Be\u017e boja je jedna od najzahvalnijih boja koja se lako prilago\u0111ava, ova boja je sama po sebi veoma mirna, neutralna i sa lako\u0107om se uklapa uz bilo koju boju zahvaljuju\u0107i svojoj &#8220;utapaju\u0107oj neutralnosti&#8221;. Be\u017e boja je prirodna boja sa vidnom primesom braon i bele boje. Mnogi ljudi smatraju da je ova boja dosadna, dok neki&#8230; <span class=\"more\"><a class=\"more-link\" href=\"https:\/\/mrm-style.com\/sr\/modni-dnevnik-bez-nezna-boja-koja-ce-ulepsati-vas-dan\/\">Read More<\/a><\/span><\/p>\n","protected":false},"author":1,"featured_media":7136,"comment_status":"open","ping_status":"open","sticky":false,"template":"","format":"standard","meta":{"om_disable_all_campaigns":false,"_monsterinsights_skip_tracking":false,"_monsterinsights_sitenote_active":false,"_monsterinsights_sitenote_note":"","_monsterinsights_sitenote_category":0,"footnotes":""},"categories":[52,159],"tags":[131,6664,6665,5773,6668,6729,56,54,55,2331,3862,6632,6633,3149,3194,802,3333,1825,3332,3334],"class_list":["post-7128","post","type-post","status-publish","format-standard","has-post-thumbnail","hentry","category-moda","category-outfit-post","tag-berlin","tag-gobi-cashmere","tag-gobi-mongolia","tag-kasmir","tag-luksuzna-odeca","tag-luksuzni-satovi","tag-marko-tadic","tag-mr-m","tag-mr-m-by-marko-tadic","tag-mrmbymarkotadic","tag-mrmbymarkotadic-instagram","tag-muse-art-watches","tag-muse-switzerland","tag-muska-moda","tag-muska-odeca","tag-muski-satovi","tag-mypicard","tag-nemacka","tag-picard","tag-picardlederwaren"],"aioseo_notices":[],"_links":{"self":[{"href":"https:\/\/mrm-style.com\/sr\/wp-json\/wp\/v2\/posts\/7128","targetHints":{"allow":["GET"]}}],"collection":[{"href":"https:\/\/mrm-style.com\/sr\/wp-json\/wp\/v2\/posts"}],"about":[{"href":"https:\/\/mrm-style.com\/sr\/wp-json\/wp\/v2\/types\/post"}],"author":[{"embeddable":true,"href":"https:\/\/mrm-style.com\/sr\/wp-json\/wp\/v2\/users\/1"}],"replies":[{"embeddable":true,"href":"https:\/\/mrm-style.com\/sr\/wp-json\/wp\/v2\/comments?post=7128"}],"version-history":[{"count":15,"href":"https:\/\/mrm-style.com\/sr\/wp-json\/wp\/v2\/posts\/7128\/revisions"}],"predecessor-version":[{"id":7164,"href":"https:\/\/mrm-style.com\/sr\/wp-json\/wp\/v2\/posts\/7128\/revisions\/7164"}],"wp:featuredmedia":[{"embeddable":true,"href":"https:\/\/mrm-style.com\/sr\/wp-json\/wp\/v2\/media\/7136"}],"wp:attachment":[{"href":"https:\/\/mrm-style.com\/sr\/wp-json\/wp\/v2\/media?parent=7128"}],"wp:term":[{"taxonomy":"category","embeddable":true,"href":"https:\/\/mrm-style.com\/sr\/wp-json\/wp\/v2\/categories?post=7128"},{"taxonomy":"post_tag","embeddable":true,"href":"https:\/\/mrm-style.com\/sr\/wp-json\/wp\/v2\/tags?post=7128"}],"curies":[{"name":"wp","href":"https:\/\/api.w.org\/{rel}","templated":true}]}}