{"id":7403,"date":"2021-08-27T12:39:37","date_gmt":"2021-08-27T11:39:37","guid":{"rendered":"https:\/\/mrm-style.com\/sr\/?p=7403"},"modified":"2021-08-30T12:47:01","modified_gmt":"2021-08-30T11:47:01","slug":"tods-modni-detalji-su-kljuc-za-savrsen-stil","status":"publish","type":"post","link":"https:\/\/mrm-style.com\/sr\/tods-modni-detalji-su-kljuc-za-savrsen-stil\/","title":{"rendered":"Tod&#8217;s: Modni Detalji su klju\u010d za savr\u0161en stil&#8230;"},"content":{"rendered":"\n<p>Dragi moji ljubitelji mode dobro do\u0161li u jo\u0161 jednu modnu avanturu na Mr.M blogu. Dana\u0161nja pri\u010da je nastavak Tod&#8217;s promotivne kampanje i potrudi\u0107u se da vam prika\u017eem neke zanimljive modne detalje koji su mi za veoma kratko vreme postali dragi. U prethodnim postovima imali ste priliku da vidite dve Tod&#8217;s jakne od prevrnute antilop ko\u017ee, ako kojim slu\u010dajem niste stigli da pro\u010ditate moje prethodne modne pri\u010de koje su vezane za Tod&#8217;s brend, odvojite malo svog slobodnog vremena i posetite slede\u0107e linkove: <em><strong><a href=\"https:\/\/mrm-style.com\/sr\/tods-modna-prica-koja-spaja-vrhunski-kvalitet-i-vanvremensku-eleganciju\/\">link 1<\/a><\/strong><\/em> i<a href=\"https:\/\/mrm-style.com\/sr\/tods-istinska-italijanska-elegancija-i-prefinjen-stil-kao-prestiz-modernog-luksuza\/\"> <em><strong>link 2<\/strong><\/em><\/a>.<\/p>\n\n\n\n<div class=\"wp-block-image\"><figure class=\"aligncenter size-full\"><a href=\"https:\/\/mrm-style.com\/sr\/wp-content\/uploads\/2021\/08\/Modni-Dnevnici-Modni-detalji-su-kljuc\u030c-za-savrs\u030cen-stil...-Mr.M-by-Marko-Tadic\u03011.jpg\"><img loading=\"lazy\" decoding=\"async\" width=\"1600\" height=\"2399\" src=\"https:\/\/mrm-style.com\/sr\/wp-content\/uploads\/2021\/08\/Modni-Dnevnici-Modni-detalji-su-kljuc\u030c-za-savrs\u030cen-stil...-Mr.M-by-Marko-Tadic\u03011.jpg\" alt=\"\" class=\"wp-image-7404\" srcset=\"https:\/\/mrm-style.com\/sr\/wp-content\/uploads\/2021\/08\/Modni-Dnevnici-Modni-detalji-su-kljuc\u030c-za-savrs\u030cen-stil...-Mr.M-by-Marko-Tadic\u03011.jpg 1600w, https:\/\/mrm-style.com\/sr\/wp-content\/uploads\/2021\/08\/Modni-Dnevnici-Modni-detalji-su-kljuc\u030c-za-savrs\u030cen-stil...-Mr.M-by-Marko-Tadic\u03011-200x300.jpg 200w, https:\/\/mrm-style.com\/sr\/wp-content\/uploads\/2021\/08\/Modni-Dnevnici-Modni-detalji-su-kljuc\u030c-za-savrs\u030cen-stil...-Mr.M-by-Marko-Tadic\u03011-683x1024.jpg 683w, https:\/\/mrm-style.com\/sr\/wp-content\/uploads\/2021\/08\/Modni-Dnevnici-Modni-detalji-su-kljuc\u030c-za-savrs\u030cen-stil...-Mr.M-by-Marko-Tadic\u03011-768x1152.jpg 768w, https:\/\/mrm-style.com\/sr\/wp-content\/uploads\/2021\/08\/Modni-Dnevnici-Modni-detalji-su-kljuc\u030c-za-savrs\u030cen-stil...-Mr.M-by-Marko-Tadic\u03011-1024x1536.jpg 1024w, https:\/\/mrm-style.com\/sr\/wp-content\/uploads\/2021\/08\/Modni-Dnevnici-Modni-detalji-su-kljuc\u030c-za-savrs\u030cen-stil...-Mr.M-by-Marko-Tadic\u03011-1366x2048.jpg 1366w, https:\/\/mrm-style.com\/sr\/wp-content\/uploads\/2021\/08\/Modni-Dnevnici-Modni-detalji-su-kljuc\u030c-za-savrs\u030cen-stil...-Mr.M-by-Marko-Tadic\u03011-1440x2159.jpg 1440w, https:\/\/mrm-style.com\/sr\/wp-content\/uploads\/2021\/08\/Modni-Dnevnici-Modni-detalji-su-kljuc\u030c-za-savrs\u030cen-stil...-Mr.M-by-Marko-Tadic\u03011-800x1200.jpg 800w, https:\/\/mrm-style.com\/sr\/wp-content\/uploads\/2021\/08\/Modni-Dnevnici-Modni-detalji-su-kljuc\u030c-za-savrs\u030cen-stil...-Mr.M-by-Marko-Tadic\u03011-550x825.jpg 550w, https:\/\/mrm-style.com\/sr\/wp-content\/uploads\/2021\/08\/Modni-Dnevnici-Modni-detalji-su-kljuc\u030c-za-savrs\u030cen-stil...-Mr.M-by-Marko-Tadic\u03011-720x1080.jpg 720w, https:\/\/mrm-style.com\/sr\/wp-content\/uploads\/2021\/08\/Modni-Dnevnici-Modni-detalji-su-kljuc\u030c-za-savrs\u030cen-stil...-Mr.M-by-Marko-Tadic\u03011-400x600.jpg 400w\" sizes=\"auto, (max-width: 1600px) 100vw, 1600px\" \/><\/a><\/figure><\/div>\n\n\n\n<p>Prethodne <em><strong><a href=\"https:\/\/www.tods.com\/ww-en\/home.html\">Tod&#8217;s<\/a><\/strong><\/em> pri\u010de su dokazale da je ovaj italijanski brend jedan od retkih brendova na modnoj sceni koji su ostali dosledni svojim korenima i generacijama svi brendovi iz Tod&#8217;s grupe se trude da o\u010duvaju elegantan i prefinjen pravac uz odr\u017eavanje izuzetnog kvaliteta i modernizaciju dizajna da bi se dobio jedinstven rezultat &#8211; moderna elegantna klasika.<\/p>\n\n\n\n<p>Moram priznati da je i ovaj modni komad me poprili\u010dno iznenadio jer do sada zaista nisam nosio ko\u017enu ko\u0161ulju, koja se ujedno mo\u017ee nositi i kao lagana jaknica koja mo\u017ee biti vrlo prakti\u010dna. Kada sam otvorio paket i video rukav ove jakne, bio sam ube\u0111en da je u pitanju neka lepa ko\u017ena jakna, ali sam se prijatno iznenadio. <\/p>\n\n\n\n<div class=\"wp-block-image\"><figure class=\"aligncenter size-full\"><a href=\"https:\/\/mrm-style.com\/sr\/wp-content\/uploads\/2021\/08\/Modni-Dnevnici-Modni-detalji-su-kljuc\u030c-za-savrs\u030cen-stil...-Mr.M-by-Marko-Tadic\u03012.jpg\"><img loading=\"lazy\" decoding=\"async\" width=\"1600\" height=\"2399\" src=\"https:\/\/mrm-style.com\/sr\/wp-content\/uploads\/2021\/08\/Modni-Dnevnici-Modni-detalji-su-kljuc\u030c-za-savrs\u030cen-stil...-Mr.M-by-Marko-Tadic\u03012.jpg\" alt=\"\" class=\"wp-image-7405\" srcset=\"https:\/\/mrm-style.com\/sr\/wp-content\/uploads\/2021\/08\/Modni-Dnevnici-Modni-detalji-su-kljuc\u030c-za-savrs\u030cen-stil...-Mr.M-by-Marko-Tadic\u03012.jpg 1600w, https:\/\/mrm-style.com\/sr\/wp-content\/uploads\/2021\/08\/Modni-Dnevnici-Modni-detalji-su-kljuc\u030c-za-savrs\u030cen-stil...-Mr.M-by-Marko-Tadic\u03012-200x300.jpg 200w, https:\/\/mrm-style.com\/sr\/wp-content\/uploads\/2021\/08\/Modni-Dnevnici-Modni-detalji-su-kljuc\u030c-za-savrs\u030cen-stil...-Mr.M-by-Marko-Tadic\u03012-683x1024.jpg 683w, https:\/\/mrm-style.com\/sr\/wp-content\/uploads\/2021\/08\/Modni-Dnevnici-Modni-detalji-su-kljuc\u030c-za-savrs\u030cen-stil...-Mr.M-by-Marko-Tadic\u03012-768x1152.jpg 768w, https:\/\/mrm-style.com\/sr\/wp-content\/uploads\/2021\/08\/Modni-Dnevnici-Modni-detalji-su-kljuc\u030c-za-savrs\u030cen-stil...-Mr.M-by-Marko-Tadic\u03012-1024x1536.jpg 1024w, https:\/\/mrm-style.com\/sr\/wp-content\/uploads\/2021\/08\/Modni-Dnevnici-Modni-detalji-su-kljuc\u030c-za-savrs\u030cen-stil...-Mr.M-by-Marko-Tadic\u03012-1366x2048.jpg 1366w, https:\/\/mrm-style.com\/sr\/wp-content\/uploads\/2021\/08\/Modni-Dnevnici-Modni-detalji-su-kljuc\u030c-za-savrs\u030cen-stil...-Mr.M-by-Marko-Tadic\u03012-1440x2159.jpg 1440w, https:\/\/mrm-style.com\/sr\/wp-content\/uploads\/2021\/08\/Modni-Dnevnici-Modni-detalji-su-kljuc\u030c-za-savrs\u030cen-stil...-Mr.M-by-Marko-Tadic\u03012-800x1200.jpg 800w, https:\/\/mrm-style.com\/sr\/wp-content\/uploads\/2021\/08\/Modni-Dnevnici-Modni-detalji-su-kljuc\u030c-za-savrs\u030cen-stil...-Mr.M-by-Marko-Tadic\u03012-550x825.jpg 550w, https:\/\/mrm-style.com\/sr\/wp-content\/uploads\/2021\/08\/Modni-Dnevnici-Modni-detalji-su-kljuc\u030c-za-savrs\u030cen-stil...-Mr.M-by-Marko-Tadic\u03012-720x1080.jpg 720w, https:\/\/mrm-style.com\/sr\/wp-content\/uploads\/2021\/08\/Modni-Dnevnici-Modni-detalji-su-kljuc\u030c-za-savrs\u030cen-stil...-Mr.M-by-Marko-Tadic\u03012-400x600.jpg 400w\" sizes=\"auto, (max-width: 1600px) 100vw, 1600px\" \/><\/a><\/figure><\/div>\n\n\n\n<p><em><strong><a href=\"https:\/\/www.tods.com\/ww-en\/home.html\">Tod\u2019s<\/a><\/strong><\/em>  kao brend se oduvek izdvajao po kvalitetnoj ko\u017ei i modelima koji poti\u010du iz zanatskih radionica. Ideja gospodina Diega Della Valle bila je da stvori cipelu pogodnu za kako za sve\u010dane prilike, tako i za neformalne prilike, sa le\u017eernim, udobnim, jednostavnim, ali istan\u010danim ukusom.<\/p>\n\n\n\n<p>Danas brend Tod\u2019s predstavlja vrhunac italijanske mode i pored obu\u0107e proizvodi ode\u0107u, trikota\u017eu i modne dodatke koji su prona\u0161li svoje mesto u srcima ljudi \u0161irom Evrope i sveta.<\/p>\n\n\n\n<div class=\"wp-block-image\"><figure class=\"aligncenter size-full\"><a href=\"https:\/\/mrm-style.com\/sr\/wp-content\/uploads\/2021\/08\/Modni-Dnevnici-Modni-detalji-su-kljuc\u030c-za-savrs\u030cen-stil...-Mr.M-by-Marko-Tadic\u03016.jpg\"><img loading=\"lazy\" decoding=\"async\" width=\"1539\" height=\"2500\" src=\"https:\/\/mrm-style.com\/sr\/wp-content\/uploads\/2021\/08\/Modni-Dnevnici-Modni-detalji-su-kljuc\u030c-za-savrs\u030cen-stil...-Mr.M-by-Marko-Tadic\u03016.jpg\" alt=\"\" class=\"wp-image-7409\" srcset=\"https:\/\/mrm-style.com\/sr\/wp-content\/uploads\/2021\/08\/Modni-Dnevnici-Modni-detalji-su-kljuc\u030c-za-savrs\u030cen-stil...-Mr.M-by-Marko-Tadic\u03016.jpg 1539w, https:\/\/mrm-style.com\/sr\/wp-content\/uploads\/2021\/08\/Modni-Dnevnici-Modni-detalji-su-kljuc\u030c-za-savrs\u030cen-stil...-Mr.M-by-Marko-Tadic\u03016-185x300.jpg 185w, https:\/\/mrm-style.com\/sr\/wp-content\/uploads\/2021\/08\/Modni-Dnevnici-Modni-detalji-su-kljuc\u030c-za-savrs\u030cen-stil...-Mr.M-by-Marko-Tadic\u03016-630x1024.jpg 630w, https:\/\/mrm-style.com\/sr\/wp-content\/uploads\/2021\/08\/Modni-Dnevnici-Modni-detalji-su-kljuc\u030c-za-savrs\u030cen-stil...-Mr.M-by-Marko-Tadic\u03016-768x1248.jpg 768w, https:\/\/mrm-style.com\/sr\/wp-content\/uploads\/2021\/08\/Modni-Dnevnici-Modni-detalji-su-kljuc\u030c-za-savrs\u030cen-stil...-Mr.M-by-Marko-Tadic\u03016-946x1536.jpg 946w, https:\/\/mrm-style.com\/sr\/wp-content\/uploads\/2021\/08\/Modni-Dnevnici-Modni-detalji-su-kljuc\u030c-za-savrs\u030cen-stil...-Mr.M-by-Marko-Tadic\u03016-1261x2048.jpg 1261w, https:\/\/mrm-style.com\/sr\/wp-content\/uploads\/2021\/08\/Modni-Dnevnici-Modni-detalji-su-kljuc\u030c-za-savrs\u030cen-stil...-Mr.M-by-Marko-Tadic\u03016-1440x2339.jpg 1440w, https:\/\/mrm-style.com\/sr\/wp-content\/uploads\/2021\/08\/Modni-Dnevnici-Modni-detalji-su-kljuc\u030c-za-savrs\u030cen-stil...-Mr.M-by-Marko-Tadic\u03016-800x1300.jpg 800w, https:\/\/mrm-style.com\/sr\/wp-content\/uploads\/2021\/08\/Modni-Dnevnici-Modni-detalji-su-kljuc\u030c-za-savrs\u030cen-stil...-Mr.M-by-Marko-Tadic\u03016-550x893.jpg 550w, https:\/\/mrm-style.com\/sr\/wp-content\/uploads\/2021\/08\/Modni-Dnevnici-Modni-detalji-su-kljuc\u030c-za-savrs\u030cen-stil...-Mr.M-by-Marko-Tadic\u03016-665x1080.jpg 665w, https:\/\/mrm-style.com\/sr\/wp-content\/uploads\/2021\/08\/Modni-Dnevnici-Modni-detalji-su-kljuc\u030c-za-savrs\u030cen-stil...-Mr.M-by-Marko-Tadic\u03016-369x600.jpg 369w\" sizes=\"auto, (max-width: 1539px) 100vw, 1539px\" \/><\/a><\/figure><\/div>\n\n\n\n<p>Moju dana\u0161nju odevnu kombinaciju krasi ko\u017ena ko\u0161ulja iz <em><strong><a href=\"https:\/\/www.tods.com\/ww-en\/tods-world\/pre-fall21.html\">nove kolekcije za jesen-zimu 2021\/22<\/a><\/strong><\/em>, koja je klasi\u010dan bezvremenski model i uvek se mo\u017ee prona\u0107i u ponudi brenda Tod\u2019s.<\/p>\n\n\n\n<p>Pored ko\u017ene ko\u0161ulje moj outfit su upotpunile Tod&#8217;s farmerke le\u017eernog kroja u predivnoj nijansi drap boje i ko\u017eni ranac koji sa svojim &#8220;vojni\u010dkim&#8221; printom unosi mojoj dana\u0161noj odevnoj kombinaciji dozu odre\u0111ene sportske elegancije i zbog svojih nijansi braon boja savr\u0161eno zatvara modni krug.<\/p>\n\n\n\n<div class=\"wp-block-image\"><figure class=\"aligncenter size-full\"><a href=\"https:\/\/mrm-style.com\/sr\/wp-content\/uploads\/2021\/08\/Modni-Dnevnici-Modni-detalji-su-kljuc\u030c-za-savrs\u030cen-stil...-Mr.M-by-Marko-Tadic\u03017.jpg\"><img loading=\"lazy\" decoding=\"async\" width=\"1667\" height=\"2500\" src=\"https:\/\/mrm-style.com\/sr\/wp-content\/uploads\/2021\/08\/Modni-Dnevnici-Modni-detalji-su-kljuc\u030c-za-savrs\u030cen-stil...-Mr.M-by-Marko-Tadic\u03017.jpg\" alt=\"\" class=\"wp-image-7410\" srcset=\"https:\/\/mrm-style.com\/sr\/wp-content\/uploads\/2021\/08\/Modni-Dnevnici-Modni-detalji-su-kljuc\u030c-za-savrs\u030cen-stil...-Mr.M-by-Marko-Tadic\u03017.jpg 1667w, https:\/\/mrm-style.com\/sr\/wp-content\/uploads\/2021\/08\/Modni-Dnevnici-Modni-detalji-su-kljuc\u030c-za-savrs\u030cen-stil...-Mr.M-by-Marko-Tadic\u03017-200x300.jpg 200w, https:\/\/mrm-style.com\/sr\/wp-content\/uploads\/2021\/08\/Modni-Dnevnici-Modni-detalji-su-kljuc\u030c-za-savrs\u030cen-stil...-Mr.M-by-Marko-Tadic\u03017-683x1024.jpg 683w, https:\/\/mrm-style.com\/sr\/wp-content\/uploads\/2021\/08\/Modni-Dnevnici-Modni-detalji-su-kljuc\u030c-za-savrs\u030cen-stil...-Mr.M-by-Marko-Tadic\u03017-768x1152.jpg 768w, https:\/\/mrm-style.com\/sr\/wp-content\/uploads\/2021\/08\/Modni-Dnevnici-Modni-detalji-su-kljuc\u030c-za-savrs\u030cen-stil...-Mr.M-by-Marko-Tadic\u03017-1024x1536.jpg 1024w, https:\/\/mrm-style.com\/sr\/wp-content\/uploads\/2021\/08\/Modni-Dnevnici-Modni-detalji-su-kljuc\u030c-za-savrs\u030cen-stil...-Mr.M-by-Marko-Tadic\u03017-1366x2048.jpg 1366w, https:\/\/mrm-style.com\/sr\/wp-content\/uploads\/2021\/08\/Modni-Dnevnici-Modni-detalji-su-kljuc\u030c-za-savrs\u030cen-stil...-Mr.M-by-Marko-Tadic\u03017-1440x2160.jpg 1440w, https:\/\/mrm-style.com\/sr\/wp-content\/uploads\/2021\/08\/Modni-Dnevnici-Modni-detalji-su-kljuc\u030c-za-savrs\u030cen-stil...-Mr.M-by-Marko-Tadic\u03017-800x1200.jpg 800w, https:\/\/mrm-style.com\/sr\/wp-content\/uploads\/2021\/08\/Modni-Dnevnici-Modni-detalji-su-kljuc\u030c-za-savrs\u030cen-stil...-Mr.M-by-Marko-Tadic\u03017-550x825.jpg 550w, https:\/\/mrm-style.com\/sr\/wp-content\/uploads\/2021\/08\/Modni-Dnevnici-Modni-detalji-su-kljuc\u030c-za-savrs\u030cen-stil...-Mr.M-by-Marko-Tadic\u03017-720x1080.jpg 720w, https:\/\/mrm-style.com\/sr\/wp-content\/uploads\/2021\/08\/Modni-Dnevnici-Modni-detalji-su-kljuc\u030c-za-savrs\u030cen-stil...-Mr.M-by-Marko-Tadic\u03017-400x600.jpg 400w\" sizes=\"auto, (max-width: 1667px) 100vw, 1667px\" \/><\/a><\/figure><\/div>\n\n\n\n<p>Ako \u017eelite da budete u toku i da saznate koje sve novitete nam sprema modna ku\u0107a Tod\u2019s zapratite ih na dru\u0161tvenim mre\u017eama\u00a0<strong><em><a href=\"https:\/\/www.facebook.com\/tods\/\">Fejsbuk<\/a><\/em><\/strong>\u00a0i\u00a0<strong><em><a href=\"https:\/\/www.instagram.com\/tods\/\">Instagram<\/a><\/em><\/strong>.<\/p>\n\n\n\n<div class=\"wp-block-image\"><figure class=\"aligncenter size-full\"><a href=\"https:\/\/mrm-style.com\/sr\/wp-content\/uploads\/2021\/08\/Modni-Dnevnici-Modni-detalji-su-kljuc\u030c-za-savrs\u030cen-stil...-Mr.M-by-Marko-Tadic\u03013.jpg\"><img loading=\"lazy\" decoding=\"async\" width=\"2399\" height=\"1600\" src=\"https:\/\/mrm-style.com\/sr\/wp-content\/uploads\/2021\/08\/Modni-Dnevnici-Modni-detalji-su-kljuc\u030c-za-savrs\u030cen-stil...-Mr.M-by-Marko-Tadic\u03013.jpg\" alt=\"\" class=\"wp-image-7406\" srcset=\"https:\/\/mrm-style.com\/sr\/wp-content\/uploads\/2021\/08\/Modni-Dnevnici-Modni-detalji-su-kljuc\u030c-za-savrs\u030cen-stil...-Mr.M-by-Marko-Tadic\u03013.jpg 2399w, https:\/\/mrm-style.com\/sr\/wp-content\/uploads\/2021\/08\/Modni-Dnevnici-Modni-detalji-su-kljuc\u030c-za-savrs\u030cen-stil...-Mr.M-by-Marko-Tadic\u03013-300x200.jpg 300w, https:\/\/mrm-style.com\/sr\/wp-content\/uploads\/2021\/08\/Modni-Dnevnici-Modni-detalji-su-kljuc\u030c-za-savrs\u030cen-stil...-Mr.M-by-Marko-Tadic\u03013-1024x683.jpg 1024w, https:\/\/mrm-style.com\/sr\/wp-content\/uploads\/2021\/08\/Modni-Dnevnici-Modni-detalji-su-kljuc\u030c-za-savrs\u030cen-stil...-Mr.M-by-Marko-Tadic\u03013-768x512.jpg 768w, https:\/\/mrm-style.com\/sr\/wp-content\/uploads\/2021\/08\/Modni-Dnevnici-Modni-detalji-su-kljuc\u030c-za-savrs\u030cen-stil...-Mr.M-by-Marko-Tadic\u03013-1536x1024.jpg 1536w, https:\/\/mrm-style.com\/sr\/wp-content\/uploads\/2021\/08\/Modni-Dnevnici-Modni-detalji-su-kljuc\u030c-za-savrs\u030cen-stil...-Mr.M-by-Marko-Tadic\u03013-2048x1366.jpg 2048w, https:\/\/mrm-style.com\/sr\/wp-content\/uploads\/2021\/08\/Modni-Dnevnici-Modni-detalji-su-kljuc\u030c-za-savrs\u030cen-stil...-Mr.M-by-Marko-Tadic\u03013-1440x960.jpg 1440w, https:\/\/mrm-style.com\/sr\/wp-content\/uploads\/2021\/08\/Modni-Dnevnici-Modni-detalji-su-kljuc\u030c-za-savrs\u030cen-stil...-Mr.M-by-Marko-Tadic\u03013-800x534.jpg 800w, https:\/\/mrm-style.com\/sr\/wp-content\/uploads\/2021\/08\/Modni-Dnevnici-Modni-detalji-su-kljuc\u030c-za-savrs\u030cen-stil...-Mr.M-by-Marko-Tadic\u03013-550x367.jpg 550w, https:\/\/mrm-style.com\/sr\/wp-content\/uploads\/2021\/08\/Modni-Dnevnici-Modni-detalji-su-kljuc\u030c-za-savrs\u030cen-stil...-Mr.M-by-Marko-Tadic\u03013-1920x1281.jpg 1920w, https:\/\/mrm-style.com\/sr\/wp-content\/uploads\/2021\/08\/Modni-Dnevnici-Modni-detalji-su-kljuc\u030c-za-savrs\u030cen-stil...-Mr.M-by-Marko-Tadic\u03013-1619x1080.jpg 1619w, https:\/\/mrm-style.com\/sr\/wp-content\/uploads\/2021\/08\/Modni-Dnevnici-Modni-detalji-su-kljuc\u030c-za-savrs\u030cen-stil...-Mr.M-by-Marko-Tadic\u03013-900x600.jpg 900w\" sizes=\"auto, (max-width: 2399px) 100vw, 2399px\" \/><\/a><\/figure><\/div>\n\n\n\n<p>Majica koju imate priliku da vidite u dana\u0161njem postu je komad iz nove letnje kolekcije italijanske modne ku\u0107e <em><strong><a href=\"https:\/\/svevoparma.it\/\">SVEVO Parma<\/a><\/strong><\/em>, porodi\u010dnim brendom koji ste imali priliku da upoznate na mom blogu kroz letnje <em><strong><a href=\"https:\/\/mrm-style.com\/sr\/?s=svevo\">modne pri\u010de<\/a><\/strong><\/em>.<\/p>\n\n\n\n<p>Osniva\u010d brenda Nikola Somma, ve\u0161t trgovac trikota\u017eom koji je 1892. godine stigao u italijanski grad Bari i u samom srcu grada u ilici Via Abate Gimma svojom vizijom punom intuicije i odlu\u010dnosti otvorio vrata svog modnog carstva. Poreklo imena samog brenda, inspirisano je poznatim normansko-nema\u010dkim zamkom Bari.<\/p>\n\n\n\n<p>Njegov sin Mario Somma je 1955. godine osnovao je prvu fabriku trikota\u017ee <strong><em><a href=\"https:\/\/svevoparma.it\/en\">SVEVO<\/a><\/em><\/strong> za proizvodnju visokokvalitetne trikota\u017ee, koju su izra\u0111ivali stru\u010dne    lokalne zanatlije. Tako se iz centra Apulije, zemlje bogate resursima i    snala\u017eljivosti, razvijaju niti prefinjenosti i izvrsnog majstorstva,    predodre\u0111eni da tkaju budu\u0107nost kompanije.<\/p>\n\n\n\n<div class=\"wp-block-image\"><figure class=\"aligncenter size-full\"><a href=\"https:\/\/mrm-style.com\/sr\/wp-content\/uploads\/2021\/08\/Modni-Dnevnici-Modni-detalji-su-kljuc\u030c-za-savrs\u030cen-stil...-Mr.M-by-Marko-Tadic\u030111.jpg\"><img loading=\"lazy\" decoding=\"async\" width=\"1667\" height=\"2500\" src=\"https:\/\/mrm-style.com\/sr\/wp-content\/uploads\/2021\/08\/Modni-Dnevnici-Modni-detalji-su-kljuc\u030c-za-savrs\u030cen-stil...-Mr.M-by-Marko-Tadic\u030111.jpg\" alt=\"\" class=\"wp-image-7414\" srcset=\"https:\/\/mrm-style.com\/sr\/wp-content\/uploads\/2021\/08\/Modni-Dnevnici-Modni-detalji-su-kljuc\u030c-za-savrs\u030cen-stil...-Mr.M-by-Marko-Tadic\u030111.jpg 1667w, https:\/\/mrm-style.com\/sr\/wp-content\/uploads\/2021\/08\/Modni-Dnevnici-Modni-detalji-su-kljuc\u030c-za-savrs\u030cen-stil...-Mr.M-by-Marko-Tadic\u030111-200x300.jpg 200w, https:\/\/mrm-style.com\/sr\/wp-content\/uploads\/2021\/08\/Modni-Dnevnici-Modni-detalji-su-kljuc\u030c-za-savrs\u030cen-stil...-Mr.M-by-Marko-Tadic\u030111-683x1024.jpg 683w, https:\/\/mrm-style.com\/sr\/wp-content\/uploads\/2021\/08\/Modni-Dnevnici-Modni-detalji-su-kljuc\u030c-za-savrs\u030cen-stil...-Mr.M-by-Marko-Tadic\u030111-768x1152.jpg 768w, https:\/\/mrm-style.com\/sr\/wp-content\/uploads\/2021\/08\/Modni-Dnevnici-Modni-detalji-su-kljuc\u030c-za-savrs\u030cen-stil...-Mr.M-by-Marko-Tadic\u030111-1024x1536.jpg 1024w, https:\/\/mrm-style.com\/sr\/wp-content\/uploads\/2021\/08\/Modni-Dnevnici-Modni-detalji-su-kljuc\u030c-za-savrs\u030cen-stil...-Mr.M-by-Marko-Tadic\u030111-1366x2048.jpg 1366w, https:\/\/mrm-style.com\/sr\/wp-content\/uploads\/2021\/08\/Modni-Dnevnici-Modni-detalji-su-kljuc\u030c-za-savrs\u030cen-stil...-Mr.M-by-Marko-Tadic\u030111-1440x2160.jpg 1440w, https:\/\/mrm-style.com\/sr\/wp-content\/uploads\/2021\/08\/Modni-Dnevnici-Modni-detalji-su-kljuc\u030c-za-savrs\u030cen-stil...-Mr.M-by-Marko-Tadic\u030111-800x1200.jpg 800w, https:\/\/mrm-style.com\/sr\/wp-content\/uploads\/2021\/08\/Modni-Dnevnici-Modni-detalji-su-kljuc\u030c-za-savrs\u030cen-stil...-Mr.M-by-Marko-Tadic\u030111-550x825.jpg 550w, https:\/\/mrm-style.com\/sr\/wp-content\/uploads\/2021\/08\/Modni-Dnevnici-Modni-detalji-su-kljuc\u030c-za-savrs\u030cen-stil...-Mr.M-by-Marko-Tadic\u030111-720x1080.jpg 720w, https:\/\/mrm-style.com\/sr\/wp-content\/uploads\/2021\/08\/Modni-Dnevnici-Modni-detalji-su-kljuc\u030c-za-savrs\u030cen-stil...-Mr.M-by-Marko-Tadic\u030111-400x600.jpg 400w\" sizes=\"auto, (max-width: 1667px) 100vw, 1667px\" \/><\/a><\/figure><\/div>\n\n\n\n<div class=\"wp-block-image\"><figure class=\"aligncenter size-full\"><a href=\"https:\/\/mrm-style.com\/sr\/wp-content\/uploads\/2021\/08\/Modni-Dnevnici-Modni-detalji-su-kljuc\u030c-za-savrs\u030cen-stil...-Mr.M-by-Marko-Tadic\u030112.jpg\"><img loading=\"lazy\" decoding=\"async\" width=\"2500\" height=\"1544\" src=\"https:\/\/mrm-style.com\/sr\/wp-content\/uploads\/2021\/08\/Modni-Dnevnici-Modni-detalji-su-kljuc\u030c-za-savrs\u030cen-stil...-Mr.M-by-Marko-Tadic\u030112.jpg\" alt=\"\" class=\"wp-image-7415\" srcset=\"https:\/\/mrm-style.com\/sr\/wp-content\/uploads\/2021\/08\/Modni-Dnevnici-Modni-detalji-su-kljuc\u030c-za-savrs\u030cen-stil...-Mr.M-by-Marko-Tadic\u030112.jpg 2500w, https:\/\/mrm-style.com\/sr\/wp-content\/uploads\/2021\/08\/Modni-Dnevnici-Modni-detalji-su-kljuc\u030c-za-savrs\u030cen-stil...-Mr.M-by-Marko-Tadic\u030112-300x185.jpg 300w, https:\/\/mrm-style.com\/sr\/wp-content\/uploads\/2021\/08\/Modni-Dnevnici-Modni-detalji-su-kljuc\u030c-za-savrs\u030cen-stil...-Mr.M-by-Marko-Tadic\u030112-1024x632.jpg 1024w, https:\/\/mrm-style.com\/sr\/wp-content\/uploads\/2021\/08\/Modni-Dnevnici-Modni-detalji-su-kljuc\u030c-za-savrs\u030cen-stil...-Mr.M-by-Marko-Tadic\u030112-768x474.jpg 768w, https:\/\/mrm-style.com\/sr\/wp-content\/uploads\/2021\/08\/Modni-Dnevnici-Modni-detalji-su-kljuc\u030c-za-savrs\u030cen-stil...-Mr.M-by-Marko-Tadic\u030112-1536x949.jpg 1536w, https:\/\/mrm-style.com\/sr\/wp-content\/uploads\/2021\/08\/Modni-Dnevnici-Modni-detalji-su-kljuc\u030c-za-savrs\u030cen-stil...-Mr.M-by-Marko-Tadic\u030112-2048x1265.jpg 2048w, https:\/\/mrm-style.com\/sr\/wp-content\/uploads\/2021\/08\/Modni-Dnevnici-Modni-detalji-su-kljuc\u030c-za-savrs\u030cen-stil...-Mr.M-by-Marko-Tadic\u030112-1440x889.jpg 1440w, https:\/\/mrm-style.com\/sr\/wp-content\/uploads\/2021\/08\/Modni-Dnevnici-Modni-detalji-su-kljuc\u030c-za-savrs\u030cen-stil...-Mr.M-by-Marko-Tadic\u030112-800x494.jpg 800w, https:\/\/mrm-style.com\/sr\/wp-content\/uploads\/2021\/08\/Modni-Dnevnici-Modni-detalji-su-kljuc\u030c-za-savrs\u030cen-stil...-Mr.M-by-Marko-Tadic\u030112-550x340.jpg 550w, https:\/\/mrm-style.com\/sr\/wp-content\/uploads\/2021\/08\/Modni-Dnevnici-Modni-detalji-su-kljuc\u030c-za-savrs\u030cen-stil...-Mr.M-by-Marko-Tadic\u030112-1920x1186.jpg 1920w, https:\/\/mrm-style.com\/sr\/wp-content\/uploads\/2021\/08\/Modni-Dnevnici-Modni-detalji-su-kljuc\u030c-za-savrs\u030cen-stil...-Mr.M-by-Marko-Tadic\u030112-1749x1080.jpg 1749w, https:\/\/mrm-style.com\/sr\/wp-content\/uploads\/2021\/08\/Modni-Dnevnici-Modni-detalji-su-kljuc\u030c-za-savrs\u030cen-stil...-Mr.M-by-Marko-Tadic\u030112-972x600.jpg 972w\" sizes=\"auto, (max-width: 2500px) 100vw, 2500px\" \/><\/a><\/figure><\/div>\n\n\n\n<p>Trikota\u017ea je prava umetnost koja se  prenosi s kolena na koleno, tajna koja se \u010duva me\u0111u nekolicinom odabranih koji svojom izuzetnom ve\u0161tinom i intenzivnom stra\u0161\u0107u i dalje uspevaju da ispletu novu stvarnost i pro\u0161ire ljubav za kon\u010danim trikota\u017enim umetni\u010dkim delima me\u0111u ljudima \u0161irom sveta.<\/p>\n\n\n\n<p>Ako \u017eelite da budete u toku i da saznate koje sve novitete nam sprema modna ku\u0107a <em><strong><a href=\"https:\/\/svevoparma.it\/\">SVEVO Parma<\/a><\/strong><\/em> zapratite ih na dru\u0161tvenim mre\u017eama\u00a0<strong><em><a href=\"https:\/\/www.facebook.com\/SVEVOParma\">Fejsbuk<\/a><\/em><\/strong>\u00a0i\u00a0<strong><em><a href=\"https:\/\/www.instagram.com\/svevoparma\/\">Instagram<\/a><\/em><\/strong>.<\/p>\n\n\n\n<div class=\"wp-block-image\"><figure class=\"aligncenter size-full\"><a href=\"https:\/\/mrm-style.com\/sr\/wp-content\/uploads\/2021\/08\/Modni-Dnevnici-Modni-detalji-su-kljuc\u030c-za-savrs\u030cen-stil...-Mr.M-by-Marko-Tadic\u03015.jpg\"><img loading=\"lazy\" decoding=\"async\" width=\"1600\" height=\"2399\" src=\"https:\/\/mrm-style.com\/sr\/wp-content\/uploads\/2021\/08\/Modni-Dnevnici-Modni-detalji-su-kljuc\u030c-za-savrs\u030cen-stil...-Mr.M-by-Marko-Tadic\u03015.jpg\" alt=\"\" class=\"wp-image-7408\" srcset=\"https:\/\/mrm-style.com\/sr\/wp-content\/uploads\/2021\/08\/Modni-Dnevnici-Modni-detalji-su-kljuc\u030c-za-savrs\u030cen-stil...-Mr.M-by-Marko-Tadic\u03015.jpg 1600w, https:\/\/mrm-style.com\/sr\/wp-content\/uploads\/2021\/08\/Modni-Dnevnici-Modni-detalji-su-kljuc\u030c-za-savrs\u030cen-stil...-Mr.M-by-Marko-Tadic\u03015-200x300.jpg 200w, https:\/\/mrm-style.com\/sr\/wp-content\/uploads\/2021\/08\/Modni-Dnevnici-Modni-detalji-su-kljuc\u030c-za-savrs\u030cen-stil...-Mr.M-by-Marko-Tadic\u03015-683x1024.jpg 683w, https:\/\/mrm-style.com\/sr\/wp-content\/uploads\/2021\/08\/Modni-Dnevnici-Modni-detalji-su-kljuc\u030c-za-savrs\u030cen-stil...-Mr.M-by-Marko-Tadic\u03015-768x1152.jpg 768w, https:\/\/mrm-style.com\/sr\/wp-content\/uploads\/2021\/08\/Modni-Dnevnici-Modni-detalji-su-kljuc\u030c-za-savrs\u030cen-stil...-Mr.M-by-Marko-Tadic\u03015-1024x1536.jpg 1024w, https:\/\/mrm-style.com\/sr\/wp-content\/uploads\/2021\/08\/Modni-Dnevnici-Modni-detalji-su-kljuc\u030c-za-savrs\u030cen-stil...-Mr.M-by-Marko-Tadic\u03015-1366x2048.jpg 1366w, https:\/\/mrm-style.com\/sr\/wp-content\/uploads\/2021\/08\/Modni-Dnevnici-Modni-detalji-su-kljuc\u030c-za-savrs\u030cen-stil...-Mr.M-by-Marko-Tadic\u03015-1440x2159.jpg 1440w, https:\/\/mrm-style.com\/sr\/wp-content\/uploads\/2021\/08\/Modni-Dnevnici-Modni-detalji-su-kljuc\u030c-za-savrs\u030cen-stil...-Mr.M-by-Marko-Tadic\u03015-800x1200.jpg 800w, https:\/\/mrm-style.com\/sr\/wp-content\/uploads\/2021\/08\/Modni-Dnevnici-Modni-detalji-su-kljuc\u030c-za-savrs\u030cen-stil...-Mr.M-by-Marko-Tadic\u03015-550x825.jpg 550w, https:\/\/mrm-style.com\/sr\/wp-content\/uploads\/2021\/08\/Modni-Dnevnici-Modni-detalji-su-kljuc\u030c-za-savrs\u030cen-stil...-Mr.M-by-Marko-Tadic\u03015-720x1080.jpg 720w, https:\/\/mrm-style.com\/sr\/wp-content\/uploads\/2021\/08\/Modni-Dnevnici-Modni-detalji-su-kljuc\u030c-za-savrs\u030cen-stil...-Mr.M-by-Marko-Tadic\u03015-400x600.jpg 400w\" sizes=\"auto, (max-width: 1600px) 100vw, 1600px\" \/><\/a><\/figure><\/div>\n\n\n\n<p>Dana\u0161nju, kao i prethodne Tod\u2019s odevne kombinacije sam upotpunio satom iz kolekcije <em><strong><a href=\"https:\/\/www.muse-watches.com\/en\/product\/akylon-44-onyx-titanium\/\">Akylon<\/a><\/strong><\/em> umetni\u010dkog \u0161vajcarskog brenda <em><strong><a href=\"https:\/\/www.muse-watches.com\/en\/home-4\/\">MUSE<\/a><\/strong><\/em>, koji ste imali prilike da upoznate u jednom od prethodnih <strong><em><a href=\"https:\/\/mrm-style.com\/sr\/muse-umetnost-modernog-merenja-vremena\/\">postova<\/a><\/em><\/strong> na Mr.M blogu.<\/p>\n\n\n\n<p>Ku\u0107i\u0161te je izra\u0111eno od 100% titanijuma u boji roze zlata, dok je broj\u010danik napravljen od aventurina, vrstom kvarca koji se odlikuje svojom prozra\u010dno\u0161\u0107u i prisustvom mineralnih primesa u obliku platine koji mu daju svetlucavi ili blistavi efekat koji se zove aventurescencija. <\/p>\n\n\n\n<div class=\"wp-block-image\"><figure class=\"aligncenter size-full\"><a href=\"https:\/\/mrm-style.com\/sr\/wp-content\/uploads\/2021\/08\/Modni-Dnevnici-Modni-detalji-su-kljuc\u030c-za-savrs\u030cen-stil...-Mr.M-by-Marko-Tadic\u03014.jpg\"><img loading=\"lazy\" decoding=\"async\" width=\"2399\" height=\"1600\" src=\"https:\/\/mrm-style.com\/sr\/wp-content\/uploads\/2021\/08\/Modni-Dnevnici-Modni-detalji-su-kljuc\u030c-za-savrs\u030cen-stil...-Mr.M-by-Marko-Tadic\u03014.jpg\" alt=\"\" class=\"wp-image-7407\" srcset=\"https:\/\/mrm-style.com\/sr\/wp-content\/uploads\/2021\/08\/Modni-Dnevnici-Modni-detalji-su-kljuc\u030c-za-savrs\u030cen-stil...-Mr.M-by-Marko-Tadic\u03014.jpg 2399w, https:\/\/mrm-style.com\/sr\/wp-content\/uploads\/2021\/08\/Modni-Dnevnici-Modni-detalji-su-kljuc\u030c-za-savrs\u030cen-stil...-Mr.M-by-Marko-Tadic\u03014-300x200.jpg 300w, https:\/\/mrm-style.com\/sr\/wp-content\/uploads\/2021\/08\/Modni-Dnevnici-Modni-detalji-su-kljuc\u030c-za-savrs\u030cen-stil...-Mr.M-by-Marko-Tadic\u03014-1024x683.jpg 1024w, https:\/\/mrm-style.com\/sr\/wp-content\/uploads\/2021\/08\/Modni-Dnevnici-Modni-detalji-su-kljuc\u030c-za-savrs\u030cen-stil...-Mr.M-by-Marko-Tadic\u03014-768x512.jpg 768w, https:\/\/mrm-style.com\/sr\/wp-content\/uploads\/2021\/08\/Modni-Dnevnici-Modni-detalji-su-kljuc\u030c-za-savrs\u030cen-stil...-Mr.M-by-Marko-Tadic\u03014-1536x1024.jpg 1536w, https:\/\/mrm-style.com\/sr\/wp-content\/uploads\/2021\/08\/Modni-Dnevnici-Modni-detalji-su-kljuc\u030c-za-savrs\u030cen-stil...-Mr.M-by-Marko-Tadic\u03014-2048x1366.jpg 2048w, https:\/\/mrm-style.com\/sr\/wp-content\/uploads\/2021\/08\/Modni-Dnevnici-Modni-detalji-su-kljuc\u030c-za-savrs\u030cen-stil...-Mr.M-by-Marko-Tadic\u03014-1440x960.jpg 1440w, https:\/\/mrm-style.com\/sr\/wp-content\/uploads\/2021\/08\/Modni-Dnevnici-Modni-detalji-su-kljuc\u030c-za-savrs\u030cen-stil...-Mr.M-by-Marko-Tadic\u03014-800x534.jpg 800w, https:\/\/mrm-style.com\/sr\/wp-content\/uploads\/2021\/08\/Modni-Dnevnici-Modni-detalji-su-kljuc\u030c-za-savrs\u030cen-stil...-Mr.M-by-Marko-Tadic\u03014-550x367.jpg 550w, https:\/\/mrm-style.com\/sr\/wp-content\/uploads\/2021\/08\/Modni-Dnevnici-Modni-detalji-su-kljuc\u030c-za-savrs\u030cen-stil...-Mr.M-by-Marko-Tadic\u03014-1920x1281.jpg 1920w, https:\/\/mrm-style.com\/sr\/wp-content\/uploads\/2021\/08\/Modni-Dnevnici-Modni-detalji-su-kljuc\u030c-za-savrs\u030cen-stil...-Mr.M-by-Marko-Tadic\u03014-1619x1080.jpg 1619w, https:\/\/mrm-style.com\/sr\/wp-content\/uploads\/2021\/08\/Modni-Dnevnici-Modni-detalji-su-kljuc\u030c-za-savrs\u030cen-stil...-Mr.M-by-Marko-Tadic\u03014-900x600.jpg 900w\" sizes=\"auto, (max-width: 2399px) 100vw, 2399px\" \/><\/a><\/figure><\/div>\n\n\n\n<p><em><strong><a href=\"https:\/\/www.muse-watches.com\/en\/home-4\/\">MUSE<\/a><\/strong><\/em> satovi su za sve zaljubljenike umetnosti sa istan\u010danim ukusom i      ose\u0107ajem za estetiku. Osnovna ideja osniva\u010da MUSE brenda bila je      preispitivanje i predstavljanje prikaza vremena kroz umetni\u010dku prizmu.      Gospodin Robert i gospodin Leuba su zamenili tradicionalne kazaljke, pa   su sati, minuti i sekundi prikazani u posebnim umetni\u010dkim formama koje   su inspirisane elementima prirodnih pojava i arhitekture. <\/p>\n\n\n\n<p>MUSE broj\u010danici su pokretna umetnost, vreme prolazi i prave se razli\u010dite formacije i oblici. Satovi su danas postali prava mala umetni\u010dka dela, samo \u0161to je tehnologija i inspiracija dovela do toga da je mogu\u0107e u\u017eivati u lepoti oblika koji se menjaju na MUSE broj\u010daniku svakog minuta.<\/p>\n\n\n\n<div class=\"wp-block-image\"><figure class=\"aligncenter size-full\"><a href=\"https:\/\/mrm-style.com\/sr\/wp-content\/uploads\/2021\/08\/Modni-Dnevnici-Modni-detalji-su-kljuc\u030c-za-savrs\u030cen-stil...-Mr.M-by-Marko-Tadic\u030114.jpg\"><img loading=\"lazy\" decoding=\"async\" width=\"2399\" height=\"1600\" src=\"https:\/\/mrm-style.com\/sr\/wp-content\/uploads\/2021\/08\/Modni-Dnevnici-Modni-detalji-su-kljuc\u030c-za-savrs\u030cen-stil...-Mr.M-by-Marko-Tadic\u030114.jpg\" alt=\"\" class=\"wp-image-7417\" srcset=\"https:\/\/mrm-style.com\/sr\/wp-content\/uploads\/2021\/08\/Modni-Dnevnici-Modni-detalji-su-kljuc\u030c-za-savrs\u030cen-stil...-Mr.M-by-Marko-Tadic\u030114.jpg 2399w, https:\/\/mrm-style.com\/sr\/wp-content\/uploads\/2021\/08\/Modni-Dnevnici-Modni-detalji-su-kljuc\u030c-za-savrs\u030cen-stil...-Mr.M-by-Marko-Tadic\u030114-300x200.jpg 300w, https:\/\/mrm-style.com\/sr\/wp-content\/uploads\/2021\/08\/Modni-Dnevnici-Modni-detalji-su-kljuc\u030c-za-savrs\u030cen-stil...-Mr.M-by-Marko-Tadic\u030114-1024x683.jpg 1024w, https:\/\/mrm-style.com\/sr\/wp-content\/uploads\/2021\/08\/Modni-Dnevnici-Modni-detalji-su-kljuc\u030c-za-savrs\u030cen-stil...-Mr.M-by-Marko-Tadic\u030114-768x512.jpg 768w, https:\/\/mrm-style.com\/sr\/wp-content\/uploads\/2021\/08\/Modni-Dnevnici-Modni-detalji-su-kljuc\u030c-za-savrs\u030cen-stil...-Mr.M-by-Marko-Tadic\u030114-1536x1024.jpg 1536w, https:\/\/mrm-style.com\/sr\/wp-content\/uploads\/2021\/08\/Modni-Dnevnici-Modni-detalji-su-kljuc\u030c-za-savrs\u030cen-stil...-Mr.M-by-Marko-Tadic\u030114-2048x1366.jpg 2048w, https:\/\/mrm-style.com\/sr\/wp-content\/uploads\/2021\/08\/Modni-Dnevnici-Modni-detalji-su-kljuc\u030c-za-savrs\u030cen-stil...-Mr.M-by-Marko-Tadic\u030114-1440x960.jpg 1440w, https:\/\/mrm-style.com\/sr\/wp-content\/uploads\/2021\/08\/Modni-Dnevnici-Modni-detalji-su-kljuc\u030c-za-savrs\u030cen-stil...-Mr.M-by-Marko-Tadic\u030114-800x534.jpg 800w, https:\/\/mrm-style.com\/sr\/wp-content\/uploads\/2021\/08\/Modni-Dnevnici-Modni-detalji-su-kljuc\u030c-za-savrs\u030cen-stil...-Mr.M-by-Marko-Tadic\u030114-550x367.jpg 550w, https:\/\/mrm-style.com\/sr\/wp-content\/uploads\/2021\/08\/Modni-Dnevnici-Modni-detalji-su-kljuc\u030c-za-savrs\u030cen-stil...-Mr.M-by-Marko-Tadic\u030114-1920x1281.jpg 1920w, https:\/\/mrm-style.com\/sr\/wp-content\/uploads\/2021\/08\/Modni-Dnevnici-Modni-detalji-su-kljuc\u030c-za-savrs\u030cen-stil...-Mr.M-by-Marko-Tadic\u030114-1619x1080.jpg 1619w, https:\/\/mrm-style.com\/sr\/wp-content\/uploads\/2021\/08\/Modni-Dnevnici-Modni-detalji-su-kljuc\u030c-za-savrs\u030cen-stil...-Mr.M-by-Marko-Tadic\u030114-900x600.jpg 900w\" sizes=\"auto, (max-width: 2399px) 100vw, 2399px\" \/><\/a><\/figure><\/div>\n\n\n\n<p>Moj sat krasi Elaphe narukvica u bronzanoj braon-zlatnoj boji. Narukvica je izra\u0111ena od ko\u017ee vodene zmije Elaphe, koja ne spada u za\u0161ti\u0107ene vrste. <\/p>\n\n\n\n<p>Za sve dodatne informacije i novosti o <em><strong><a href=\"https:\/\/www.muse-watches.com\/en\/home-4\/\">MUSE<\/a><\/strong><\/em> satovima mo\u017eete pratiti na njihovoj zvani\u010dnoj <em><strong><a href=\"https:\/\/www.facebook.com\/MuseSwissArtsWatches\/\">Facebook<\/a><\/strong><\/em> stranici i <strong><em><a href=\"https:\/\/www.instagram.com\/muse_watches\/\">Instagram<\/a><\/em><\/strong> profilu. <\/p>\n\n\n\n<div class=\"wp-block-image\"><figure class=\"aligncenter size-full\"><a href=\"https:\/\/mrm-style.com\/sr\/wp-content\/uploads\/2021\/08\/Modni-Dnevnici-Modni-detalji-su-kljuc\u030c-za-savrs\u030cen-stil...-Mr.M-by-Marko-Tadic\u03018.jpg\"><img loading=\"lazy\" decoding=\"async\" width=\"2500\" height=\"1261\" src=\"https:\/\/mrm-style.com\/sr\/wp-content\/uploads\/2021\/08\/Modni-Dnevnici-Modni-detalji-su-kljuc\u030c-za-savrs\u030cen-stil...-Mr.M-by-Marko-Tadic\u03018.jpg\" alt=\"\" class=\"wp-image-7411\" srcset=\"https:\/\/mrm-style.com\/sr\/wp-content\/uploads\/2021\/08\/Modni-Dnevnici-Modni-detalji-su-kljuc\u030c-za-savrs\u030cen-stil...-Mr.M-by-Marko-Tadic\u03018.jpg 2500w, https:\/\/mrm-style.com\/sr\/wp-content\/uploads\/2021\/08\/Modni-Dnevnici-Modni-detalji-su-kljuc\u030c-za-savrs\u030cen-stil...-Mr.M-by-Marko-Tadic\u03018-300x151.jpg 300w, https:\/\/mrm-style.com\/sr\/wp-content\/uploads\/2021\/08\/Modni-Dnevnici-Modni-detalji-su-kljuc\u030c-za-savrs\u030cen-stil...-Mr.M-by-Marko-Tadic\u03018-1024x517.jpg 1024w, https:\/\/mrm-style.com\/sr\/wp-content\/uploads\/2021\/08\/Modni-Dnevnici-Modni-detalji-su-kljuc\u030c-za-savrs\u030cen-stil...-Mr.M-by-Marko-Tadic\u03018-768x387.jpg 768w, https:\/\/mrm-style.com\/sr\/wp-content\/uploads\/2021\/08\/Modni-Dnevnici-Modni-detalji-su-kljuc\u030c-za-savrs\u030cen-stil...-Mr.M-by-Marko-Tadic\u03018-1536x775.jpg 1536w, https:\/\/mrm-style.com\/sr\/wp-content\/uploads\/2021\/08\/Modni-Dnevnici-Modni-detalji-su-kljuc\u030c-za-savrs\u030cen-stil...-Mr.M-by-Marko-Tadic\u03018-2048x1033.jpg 2048w, https:\/\/mrm-style.com\/sr\/wp-content\/uploads\/2021\/08\/Modni-Dnevnici-Modni-detalji-su-kljuc\u030c-za-savrs\u030cen-stil...-Mr.M-by-Marko-Tadic\u03018-1440x726.jpg 1440w, https:\/\/mrm-style.com\/sr\/wp-content\/uploads\/2021\/08\/Modni-Dnevnici-Modni-detalji-su-kljuc\u030c-za-savrs\u030cen-stil...-Mr.M-by-Marko-Tadic\u03018-800x404.jpg 800w, https:\/\/mrm-style.com\/sr\/wp-content\/uploads\/2021\/08\/Modni-Dnevnici-Modni-detalji-su-kljuc\u030c-za-savrs\u030cen-stil...-Mr.M-by-Marko-Tadic\u03018-550x277.jpg 550w, https:\/\/mrm-style.com\/sr\/wp-content\/uploads\/2021\/08\/Modni-Dnevnici-Modni-detalji-su-kljuc\u030c-za-savrs\u030cen-stil...-Mr.M-by-Marko-Tadic\u03018-1920x968.jpg 1920w, https:\/\/mrm-style.com\/sr\/wp-content\/uploads\/2021\/08\/Modni-Dnevnici-Modni-detalji-su-kljuc\u030c-za-savrs\u030cen-stil...-Mr.M-by-Marko-Tadic\u03018-1190x600.jpg 1190w\" sizes=\"auto, (max-width: 2500px) 100vw, 2500px\" \/><\/a><\/figure><\/div>\n\n\n\n<h2 class=\"has-text-align-center wp-block-heading\"><strong>OUTFIT<\/strong><\/h2>\n\n\n\n<p class=\"has-text-align-center\"><em>Ko\u017ena Ko\u0161ulja:\u00a0<\/em><strong><a href=\"https:\/\/www.tods.com\/de-de\/Herren\/Ready-to-Wear\/Alle-anzeigen\/c\/259-Tods\/page\/3\/\">Tod\u2019s<\/a><\/strong><\/p>\n\n\n\n<p class=\"has-text-align-center\"><em>Majica:<\/em> <strong><a href=\"https:\/\/svevoparma.it\/en\/collections\/girocollo-manica-corta\/products\/girocollo-mezza-manica-seta?variant=39433525821609\">SVEVO Parma<\/a><\/strong><\/p>\n\n\n\n<p class=\"has-text-align-center\"><em>Sat<\/em>: <strong><a href=\"https:\/\/www.muse-watches.com\/en\/product\/akylon-44-onyx-titanium\/\">MUSE Swiss Art<\/a><\/strong><\/p>\n\n\n\n<p class=\"has-text-align-center\"><em>Farmerke:<\/em> <strong><a href=\"https:\/\/www.tods.com\/de-de\/Herren\/Ready-to-Wear\/Alle-anzeigen\/c\/259-Tods\/page\/3\/\">Tod\u2019s<\/a><\/strong><\/p>\n\n\n\n<p class=\"has-text-align-center\"><em>Ranac:<\/em> <strong><a href=\"https:\/\/www.tods.com\/de-de\/\">Tod&#8217;s<\/a><\/strong><\/p>\n\n\n\n<p class=\"has-text-align-center\"><em>Patike:<\/em> <strong>Dolce Gabbana<\/strong><\/p>\n\n\n\n<div class=\"wp-block-image\"><figure class=\"aligncenter size-full\"><a href=\"https:\/\/mrm-style.com\/sr\/wp-content\/uploads\/2021\/08\/Modni-Dnevnici-Modni-detalji-su-kljuc\u030c-za-savrs\u030cen-stil...-Mr.M-by-Marko-Tadic\u030113.jpg\"><img loading=\"lazy\" decoding=\"async\" width=\"2399\" height=\"1600\" src=\"https:\/\/mrm-style.com\/sr\/wp-content\/uploads\/2021\/08\/Modni-Dnevnici-Modni-detalji-su-kljuc\u030c-za-savrs\u030cen-stil...-Mr.M-by-Marko-Tadic\u030113.jpg\" alt=\"\" class=\"wp-image-7416\" srcset=\"https:\/\/mrm-style.com\/sr\/wp-content\/uploads\/2021\/08\/Modni-Dnevnici-Modni-detalji-su-kljuc\u030c-za-savrs\u030cen-stil...-Mr.M-by-Marko-Tadic\u030113.jpg 2399w, https:\/\/mrm-style.com\/sr\/wp-content\/uploads\/2021\/08\/Modni-Dnevnici-Modni-detalji-su-kljuc\u030c-za-savrs\u030cen-stil...-Mr.M-by-Marko-Tadic\u030113-300x200.jpg 300w, https:\/\/mrm-style.com\/sr\/wp-content\/uploads\/2021\/08\/Modni-Dnevnici-Modni-detalji-su-kljuc\u030c-za-savrs\u030cen-stil...-Mr.M-by-Marko-Tadic\u030113-1024x683.jpg 1024w, https:\/\/mrm-style.com\/sr\/wp-content\/uploads\/2021\/08\/Modni-Dnevnici-Modni-detalji-su-kljuc\u030c-za-savrs\u030cen-stil...-Mr.M-by-Marko-Tadic\u030113-768x512.jpg 768w, https:\/\/mrm-style.com\/sr\/wp-content\/uploads\/2021\/08\/Modni-Dnevnici-Modni-detalji-su-kljuc\u030c-za-savrs\u030cen-stil...-Mr.M-by-Marko-Tadic\u030113-1536x1024.jpg 1536w, https:\/\/mrm-style.com\/sr\/wp-content\/uploads\/2021\/08\/Modni-Dnevnici-Modni-detalji-su-kljuc\u030c-za-savrs\u030cen-stil...-Mr.M-by-Marko-Tadic\u030113-2048x1366.jpg 2048w, https:\/\/mrm-style.com\/sr\/wp-content\/uploads\/2021\/08\/Modni-Dnevnici-Modni-detalji-su-kljuc\u030c-za-savrs\u030cen-stil...-Mr.M-by-Marko-Tadic\u030113-1440x960.jpg 1440w, https:\/\/mrm-style.com\/sr\/wp-content\/uploads\/2021\/08\/Modni-Dnevnici-Modni-detalji-su-kljuc\u030c-za-savrs\u030cen-stil...-Mr.M-by-Marko-Tadic\u030113-800x534.jpg 800w, https:\/\/mrm-style.com\/sr\/wp-content\/uploads\/2021\/08\/Modni-Dnevnici-Modni-detalji-su-kljuc\u030c-za-savrs\u030cen-stil...-Mr.M-by-Marko-Tadic\u030113-550x367.jpg 550w, https:\/\/mrm-style.com\/sr\/wp-content\/uploads\/2021\/08\/Modni-Dnevnici-Modni-detalji-su-kljuc\u030c-za-savrs\u030cen-stil...-Mr.M-by-Marko-Tadic\u030113-1920x1281.jpg 1920w, https:\/\/mrm-style.com\/sr\/wp-content\/uploads\/2021\/08\/Modni-Dnevnici-Modni-detalji-su-kljuc\u030c-za-savrs\u030cen-stil...-Mr.M-by-Marko-Tadic\u030113-1619x1080.jpg 1619w, https:\/\/mrm-style.com\/sr\/wp-content\/uploads\/2021\/08\/Modni-Dnevnici-Modni-detalji-su-kljuc\u030c-za-savrs\u030cen-stil...-Mr.M-by-Marko-Tadic\u030113-900x600.jpg 900w\" sizes=\"auto, (max-width: 2399px) 100vw, 2399px\" \/><\/a><\/figure><\/div>\n\n\n\n<p>Po\u0161to je celokupan outfit bio u odre\u0111enom klasi\u010dnom tonu, odlu\u010dio sam da svoje omiljene patike koje sam kupio pro\u0161le godine izvedem u \u0161etnju. Moram priznati da su one na neobi\u010dan na\u010din upotpunile ovaj outfit. Mo\u017eda su provele neko vreme u ormaru, ali na kraju su do\u010dekale svojih pet minuta! Naravno, ovaj nijansa drap boje se odli\u010dno uklapa uz moje pastelne boje u garderoberu.<\/p>\n\n\n\n<div class=\"wp-block-image\"><figure class=\"aligncenter size-full\"><a href=\"https:\/\/mrm-style.com\/sr\/wp-content\/uploads\/2021\/08\/Modni-Dnevnici-Modni-detalji-su-kljuc\u030c-za-savrs\u030cen-stil...-Mr.M-by-Marko-Tadic\u030110.jpg\"><img loading=\"lazy\" decoding=\"async\" width=\"2399\" height=\"1600\" src=\"https:\/\/mrm-style.com\/sr\/wp-content\/uploads\/2021\/08\/Modni-Dnevnici-Modni-detalji-su-kljuc\u030c-za-savrs\u030cen-stil...-Mr.M-by-Marko-Tadic\u030110.jpg\" alt=\"\" class=\"wp-image-7413\" srcset=\"https:\/\/mrm-style.com\/sr\/wp-content\/uploads\/2021\/08\/Modni-Dnevnici-Modni-detalji-su-kljuc\u030c-za-savrs\u030cen-stil...-Mr.M-by-Marko-Tadic\u030110.jpg 2399w, https:\/\/mrm-style.com\/sr\/wp-content\/uploads\/2021\/08\/Modni-Dnevnici-Modni-detalji-su-kljuc\u030c-za-savrs\u030cen-stil...-Mr.M-by-Marko-Tadic\u030110-300x200.jpg 300w, https:\/\/mrm-style.com\/sr\/wp-content\/uploads\/2021\/08\/Modni-Dnevnici-Modni-detalji-su-kljuc\u030c-za-savrs\u030cen-stil...-Mr.M-by-Marko-Tadic\u030110-1024x683.jpg 1024w, https:\/\/mrm-style.com\/sr\/wp-content\/uploads\/2021\/08\/Modni-Dnevnici-Modni-detalji-su-kljuc\u030c-za-savrs\u030cen-stil...-Mr.M-by-Marko-Tadic\u030110-768x512.jpg 768w, https:\/\/mrm-style.com\/sr\/wp-content\/uploads\/2021\/08\/Modni-Dnevnici-Modni-detalji-su-kljuc\u030c-za-savrs\u030cen-stil...-Mr.M-by-Marko-Tadic\u030110-1536x1024.jpg 1536w, https:\/\/mrm-style.com\/sr\/wp-content\/uploads\/2021\/08\/Modni-Dnevnici-Modni-detalji-su-kljuc\u030c-za-savrs\u030cen-stil...-Mr.M-by-Marko-Tadic\u030110-2048x1366.jpg 2048w, https:\/\/mrm-style.com\/sr\/wp-content\/uploads\/2021\/08\/Modni-Dnevnici-Modni-detalji-su-kljuc\u030c-za-savrs\u030cen-stil...-Mr.M-by-Marko-Tadic\u030110-1440x960.jpg 1440w, https:\/\/mrm-style.com\/sr\/wp-content\/uploads\/2021\/08\/Modni-Dnevnici-Modni-detalji-su-kljuc\u030c-za-savrs\u030cen-stil...-Mr.M-by-Marko-Tadic\u030110-800x534.jpg 800w, https:\/\/mrm-style.com\/sr\/wp-content\/uploads\/2021\/08\/Modni-Dnevnici-Modni-detalji-su-kljuc\u030c-za-savrs\u030cen-stil...-Mr.M-by-Marko-Tadic\u030110-550x367.jpg 550w, https:\/\/mrm-style.com\/sr\/wp-content\/uploads\/2021\/08\/Modni-Dnevnici-Modni-detalji-su-kljuc\u030c-za-savrs\u030cen-stil...-Mr.M-by-Marko-Tadic\u030110-1920x1281.jpg 1920w, https:\/\/mrm-style.com\/sr\/wp-content\/uploads\/2021\/08\/Modni-Dnevnici-Modni-detalji-su-kljuc\u030c-za-savrs\u030cen-stil...-Mr.M-by-Marko-Tadic\u030110-1619x1080.jpg 1619w, https:\/\/mrm-style.com\/sr\/wp-content\/uploads\/2021\/08\/Modni-Dnevnici-Modni-detalji-su-kljuc\u030c-za-savrs\u030cen-stil...-Mr.M-by-Marko-Tadic\u030110-900x600.jpg 900w\" sizes=\"auto, (max-width: 2399px) 100vw, 2399px\" \/><\/a><\/figure><\/div>\n\n\n\n<p>Dragi moji ljubitelji mode, do\u0161li smo do kraja ovog tre\u0107eg specijalnog posta gde smo zajedno otkrili lepotu i sjaj italijanskog brenda Tod\u2019s! Vidimo se uskoro i nastavljamo na\u0161u modnu pri\u010du o ovom neverovatnom brendu na Mr.M blogu! Kako vam se svidela moja dana\u0161nja odevna kombinacija? <\/p>\n\n\n\n<p>Zaista sam se potrudio da vam sa puno ljubavi pripremim dana\u0161nji post i nadam se da \u0107e vam se svideti! <\/p>\n\n\n\n<div class=\"wp-block-image\"><figure class=\"aligncenter size-full\"><a href=\"https:\/\/mrm-style.com\/sr\/wp-content\/uploads\/2021\/08\/Modni-Dnevnici-Modni-detalji-su-kljuc\u030c-za-savrs\u030cen-stil...-Mr.M-by-Marko-Tadic\u03019.jpg\"><img loading=\"lazy\" decoding=\"async\" width=\"1530\" height=\"2500\" src=\"https:\/\/mrm-style.com\/sr\/wp-content\/uploads\/2021\/08\/Modni-Dnevnici-Modni-detalji-su-kljuc\u030c-za-savrs\u030cen-stil...-Mr.M-by-Marko-Tadic\u03019.jpg\" alt=\"\" class=\"wp-image-7412\" srcset=\"https:\/\/mrm-style.com\/sr\/wp-content\/uploads\/2021\/08\/Modni-Dnevnici-Modni-detalji-su-kljuc\u030c-za-savrs\u030cen-stil...-Mr.M-by-Marko-Tadic\u03019.jpg 1530w, https:\/\/mrm-style.com\/sr\/wp-content\/uploads\/2021\/08\/Modni-Dnevnici-Modni-detalji-su-kljuc\u030c-za-savrs\u030cen-stil...-Mr.M-by-Marko-Tadic\u03019-184x300.jpg 184w, https:\/\/mrm-style.com\/sr\/wp-content\/uploads\/2021\/08\/Modni-Dnevnici-Modni-detalji-su-kljuc\u030c-za-savrs\u030cen-stil...-Mr.M-by-Marko-Tadic\u03019-627x1024.jpg 627w, https:\/\/mrm-style.com\/sr\/wp-content\/uploads\/2021\/08\/Modni-Dnevnici-Modni-detalji-su-kljuc\u030c-za-savrs\u030cen-stil...-Mr.M-by-Marko-Tadic\u03019-768x1255.jpg 768w, https:\/\/mrm-style.com\/sr\/wp-content\/uploads\/2021\/08\/Modni-Dnevnici-Modni-detalji-su-kljuc\u030c-za-savrs\u030cen-stil...-Mr.M-by-Marko-Tadic\u03019-940x1536.jpg 940w, https:\/\/mrm-style.com\/sr\/wp-content\/uploads\/2021\/08\/Modni-Dnevnici-Modni-detalji-su-kljuc\u030c-za-savrs\u030cen-stil...-Mr.M-by-Marko-Tadic\u03019-1253x2048.jpg 1253w, https:\/\/mrm-style.com\/sr\/wp-content\/uploads\/2021\/08\/Modni-Dnevnici-Modni-detalji-su-kljuc\u030c-za-savrs\u030cen-stil...-Mr.M-by-Marko-Tadic\u03019-1440x2353.jpg 1440w, https:\/\/mrm-style.com\/sr\/wp-content\/uploads\/2021\/08\/Modni-Dnevnici-Modni-detalji-su-kljuc\u030c-za-savrs\u030cen-stil...-Mr.M-by-Marko-Tadic\u03019-800x1307.jpg 800w, https:\/\/mrm-style.com\/sr\/wp-content\/uploads\/2021\/08\/Modni-Dnevnici-Modni-detalji-su-kljuc\u030c-za-savrs\u030cen-stil...-Mr.M-by-Marko-Tadic\u03019-550x899.jpg 550w, https:\/\/mrm-style.com\/sr\/wp-content\/uploads\/2021\/08\/Modni-Dnevnici-Modni-detalji-su-kljuc\u030c-za-savrs\u030cen-stil...-Mr.M-by-Marko-Tadic\u03019-661x1080.jpg 661w, https:\/\/mrm-style.com\/sr\/wp-content\/uploads\/2021\/08\/Modni-Dnevnici-Modni-detalji-su-kljuc\u030c-za-savrs\u030cen-stil...-Mr.M-by-Marko-Tadic\u03019-367x600.jpg 367w\" sizes=\"auto, (max-width: 1530px) 100vw, 1530px\" \/><\/a><\/figure><\/div>\n\n\n\n<p>Savetujem vam da zbog trenutne zdrastvene situacije sa novim sojem Lambda Korona virusa u skoro svim kako evropskim, tako i zemljama \u0161irom sveta poslu\u0161ate moj savet. Ako imate potrebu da iza\u0111ete na sve\u017e vazduh, malo pro\u0161etate i razbistrite misli i u\u017eivate u \u010darima leta, slobodno to u\u010dinite, ali ne odlazite na mesta gde ima dosta ljudi i na taj na\u010din podsti\u010dete stvaranje gu\u017eve. <\/p>\n\n\n\n<p>Ako ste se vakcinisali (obe doze vakcine) potrebno je da nosite masku zbog sopstvene sigurnosti. Sezona letnjih godi\u0161njih odmora je po\u010dela i mnogi su potra\u017eili spas od letnjih vru\u0107ina na moru, molio bih vas da po\u0161tujete lokalne zakone vezane za zdrastvenu za\u0161titu zajednice.<\/p>\n\n\n\n<p>Ako imate neka pitanja, komentare, predloge ili neku poruku za mene, mo\u017eete mi pisati dole u komentarima. Naravno, kao i uvek mo\u017eete me kontaktirati putem mejla ili kanala na dru\u0161tvenim mre\u017eama, koje mo\u017eete prona\u0107i na stranici\u00a0<em><strong><a href=\"https:\/\/mrm-style.com\/sr\/kontakt\/\">KONTAKT<\/a><\/strong><\/em>. Vidimo se uskoro!<\/p>\n\n\n\n<p><em>S ljubavlju iz Berlina,<\/em><br><strong>Mr.M<\/strong><\/p>\n\n\n\n<div class=\"wp-block-image\"><figure class=\"aligncenter size-full\"><a href=\"https:\/\/mrm-style.com\/sr\/wp-content\/uploads\/2021\/08\/Modni-Dnevnici-Modni-detalji-su-kljuc\u030c-za-savrs\u030cen-stil...-Mr.M-by-Marko-Tadic\u030115.jpg\"><img loading=\"lazy\" decoding=\"async\" width=\"1600\" height=\"2399\" src=\"https:\/\/mrm-style.com\/sr\/wp-content\/uploads\/2021\/08\/Modni-Dnevnici-Modni-detalji-su-kljuc\u030c-za-savrs\u030cen-stil...-Mr.M-by-Marko-Tadic\u030115.jpg\" alt=\"\" class=\"wp-image-7418\" srcset=\"https:\/\/mrm-style.com\/sr\/wp-content\/uploads\/2021\/08\/Modni-Dnevnici-Modni-detalji-su-kljuc\u030c-za-savrs\u030cen-stil...-Mr.M-by-Marko-Tadic\u030115.jpg 1600w, https:\/\/mrm-style.com\/sr\/wp-content\/uploads\/2021\/08\/Modni-Dnevnici-Modni-detalji-su-kljuc\u030c-za-savrs\u030cen-stil...-Mr.M-by-Marko-Tadic\u030115-200x300.jpg 200w, https:\/\/mrm-style.com\/sr\/wp-content\/uploads\/2021\/08\/Modni-Dnevnici-Modni-detalji-su-kljuc\u030c-za-savrs\u030cen-stil...-Mr.M-by-Marko-Tadic\u030115-683x1024.jpg 683w, https:\/\/mrm-style.com\/sr\/wp-content\/uploads\/2021\/08\/Modni-Dnevnici-Modni-detalji-su-kljuc\u030c-za-savrs\u030cen-stil...-Mr.M-by-Marko-Tadic\u030115-768x1152.jpg 768w, https:\/\/mrm-style.com\/sr\/wp-content\/uploads\/2021\/08\/Modni-Dnevnici-Modni-detalji-su-kljuc\u030c-za-savrs\u030cen-stil...-Mr.M-by-Marko-Tadic\u030115-1024x1536.jpg 1024w, https:\/\/mrm-style.com\/sr\/wp-content\/uploads\/2021\/08\/Modni-Dnevnici-Modni-detalji-su-kljuc\u030c-za-savrs\u030cen-stil...-Mr.M-by-Marko-Tadic\u030115-1366x2048.jpg 1366w, https:\/\/mrm-style.com\/sr\/wp-content\/uploads\/2021\/08\/Modni-Dnevnici-Modni-detalji-su-kljuc\u030c-za-savrs\u030cen-stil...-Mr.M-by-Marko-Tadic\u030115-1440x2159.jpg 1440w, https:\/\/mrm-style.com\/sr\/wp-content\/uploads\/2021\/08\/Modni-Dnevnici-Modni-detalji-su-kljuc\u030c-za-savrs\u030cen-stil...-Mr.M-by-Marko-Tadic\u030115-800x1200.jpg 800w, https:\/\/mrm-style.com\/sr\/wp-content\/uploads\/2021\/08\/Modni-Dnevnici-Modni-detalji-su-kljuc\u030c-za-savrs\u030cen-stil...-Mr.M-by-Marko-Tadic\u030115-550x825.jpg 550w, https:\/\/mrm-style.com\/sr\/wp-content\/uploads\/2021\/08\/Modni-Dnevnici-Modni-detalji-su-kljuc\u030c-za-savrs\u030cen-stil...-Mr.M-by-Marko-Tadic\u030115-720x1080.jpg 720w, https:\/\/mrm-style.com\/sr\/wp-content\/uploads\/2021\/08\/Modni-Dnevnici-Modni-detalji-su-kljuc\u030c-za-savrs\u030cen-stil...-Mr.M-by-Marko-Tadic\u030115-400x600.jpg 400w\" sizes=\"auto, (max-width: 1600px) 100vw, 1600px\" \/><\/a><\/figure><\/div>\n\n\n\n<p class=\"has-text-align-center\"><strong><em>Ovaj post je sponzorisan od strane <a href=\"https:\/\/www.todsgroup.com\/en\">Tod\u2019s Grupe<\/a>, <a href=\"https:\/\/svevoparma.it\/\">SVEVO Parma<\/a>, <a href=\"https:\/\/www.muse-watches.com\/en\/home-4\/\">MUSE Swiss Art<\/a> brendova. Ovaj post predstavlja moju li\u010dnu i iskrenu recenziju njihovih proizvoda.<\/em><\/strong><\/p>\n","protected":false},"excerpt":{"rendered":"<p>Dragi moji ljubitelji mode dobro do\u0161li u jo\u0161 jednu modnu avanturu na Mr.M blogu. Dana\u0161nja pri\u010da je nastavak Tod&#8217;s promotivne kampanje i potrudi\u0107u se da vam prika\u017eem neke zanimljive modne detalje koji su mi za veoma kratko vreme postali dragi. U prethodnim postovima imali ste priliku da vidite dve Tod&#8217;s jakne od prevrnute antilop ko\u017ee, ako kojim slu\u010dajem niste stigli da pro\u010ditate moje prethodne modne pri\u010de koje su vezane za Tod&#8217;s brend, odvojite malo svog slobodnog vremena i posetite slede\u0107e linkove: link 1 i link 2. Prethodne Tod&#8217;s pri\u010de su&#8230; <span class=\"more\"><a class=\"more-link\" href=\"https:\/\/mrm-style.com\/sr\/tods-modni-detalji-su-kljuc-za-savrsen-stil\/\">Read More<\/a><\/span><\/p>\n","protected":false},"author":1,"featured_media":7416,"comment_status":"open","ping_status":"open","sticky":false,"template":"","format":"standard","meta":{"om_disable_all_campaigns":false,"_monsterinsights_skip_tracking":false,"_monsterinsights_sitenote_active":false,"_monsterinsights_sitenote_note":"","_monsterinsights_sitenote_category":0,"footnotes":""},"categories":[52,159],"tags":[131,2333,56,89,1075,1117,54,55,2331,3862,6632,6633,3149,1825,6530,141],"class_list":["post-7403","post","type-post","status-publish","format-standard","has-post-thumbnail","hentry","category-moda","category-outfit-post","tag-berlin","tag-dolce-gabbana","tag-marko-tadic","tag-moda","tag-modni-blog","tag-modni-bloger","tag-mr-m","tag-mr-m-by-marko-tadic","tag-mrmbymarkotadic","tag-mrmbymarkotadic-instagram","tag-muse-art-watches","tag-muse-switzerland","tag-muska-moda","tag-nemacka","tag-svevo-parma","tag-tods"],"aioseo_notices":[],"_links":{"self":[{"href":"https:\/\/mrm-style.com\/sr\/wp-json\/wp\/v2\/posts\/7403","targetHints":{"allow":["GET"]}}],"collection":[{"href":"https:\/\/mrm-style.com\/sr\/wp-json\/wp\/v2\/posts"}],"about":[{"href":"https:\/\/mrm-style.com\/sr\/wp-json\/wp\/v2\/types\/post"}],"author":[{"embeddable":true,"href":"https:\/\/mrm-style.com\/sr\/wp-json\/wp\/v2\/users\/1"}],"replies":[{"embeddable":true,"href":"https:\/\/mrm-style.com\/sr\/wp-json\/wp\/v2\/comments?post=7403"}],"version-history":[{"count":7,"href":"https:\/\/mrm-style.com\/sr\/wp-json\/wp\/v2\/posts\/7403\/revisions"}],"predecessor-version":[{"id":7425,"href":"https:\/\/mrm-style.com\/sr\/wp-json\/wp\/v2\/posts\/7403\/revisions\/7425"}],"wp:featuredmedia":[{"embeddable":true,"href":"https:\/\/mrm-style.com\/sr\/wp-json\/wp\/v2\/media\/7416"}],"wp:attachment":[{"href":"https:\/\/mrm-style.com\/sr\/wp-json\/wp\/v2\/media?parent=7403"}],"wp:term":[{"taxonomy":"category","embeddable":true,"href":"https:\/\/mrm-style.com\/sr\/wp-json\/wp\/v2\/categories?post=7403"},{"taxonomy":"post_tag","embeddable":true,"href":"https:\/\/mrm-style.com\/sr\/wp-json\/wp\/v2\/tags?post=7403"}],"curies":[{"name":"wp","href":"https:\/\/api.w.org\/{rel}","templated":true}]}}