{"id":7585,"date":"2021-11-19T15:10:00","date_gmt":"2021-11-19T14:10:00","guid":{"rendered":"https:\/\/mrm-style.com\/sr\/?p=7585"},"modified":"2021-11-20T17:35:37","modified_gmt":"2021-11-20T16:35:37","slug":"modni-dnevnik-sta-se-ove-sezone-nosi-na-ulicama-berlina","status":"publish","type":"post","link":"https:\/\/mrm-style.com\/sr\/modni-dnevnik-sta-se-ove-sezone-nosi-na-ulicama-berlina\/","title":{"rendered":"Modni Dnevnik: \u0160ta se ove sezone nosi na ulicama Berlina?"},"content":{"rendered":"\n<p>Dragi moji ljubitelje mode, dobro do\u0161li u novu modnu avanturu na Mr.M blogu. U dana\u0161njem blog postu prikaza\u0107u vam neke modne komade koje ove godine mo\u017eete sresti na ulicama prestonice Nema\u010dke &#8211; Berlina. <\/p>\n\n\n\n<p>Berlin je sam po sebi neobi\u010dna modna metropola koja je poznata po uli\u010dnoj, urbanoj modi sa nekim neobi\u010dnim detaljima koji mogu zaseniti turiste koji pose\u0107uju ovaj grad u Evropi koji bukvalno &#8220;\u017eivi 24 \u010dasa&#8221;.<\/p>\n\n\n\n<div class=\"wp-block-image\"><figure class=\"aligncenter size-full\"><a href=\"https:\/\/mrm-style.com\/sr\/wp-content\/uploads\/2021\/11\/Modni-Dnevnik-S\u030cta-se-ove-sezone-nosi-na-ulicama-Berlina16.jpg\"><img loading=\"lazy\" decoding=\"async\" width=\"1600\" height=\"2399\" src=\"https:\/\/mrm-style.com\/sr\/wp-content\/uploads\/2021\/11\/Modni-Dnevnik-S\u030cta-se-ove-sezone-nosi-na-ulicama-Berlina16.jpg\" alt=\"\" class=\"wp-image-7602\" srcset=\"https:\/\/mrm-style.com\/sr\/wp-content\/uploads\/2021\/11\/Modni-Dnevnik-S\u030cta-se-ove-sezone-nosi-na-ulicama-Berlina16.jpg 1600w, https:\/\/mrm-style.com\/sr\/wp-content\/uploads\/2021\/11\/Modni-Dnevnik-S\u030cta-se-ove-sezone-nosi-na-ulicama-Berlina16-200x300.jpg 200w, https:\/\/mrm-style.com\/sr\/wp-content\/uploads\/2021\/11\/Modni-Dnevnik-S\u030cta-se-ove-sezone-nosi-na-ulicama-Berlina16-683x1024.jpg 683w, https:\/\/mrm-style.com\/sr\/wp-content\/uploads\/2021\/11\/Modni-Dnevnik-S\u030cta-se-ove-sezone-nosi-na-ulicama-Berlina16-768x1152.jpg 768w, https:\/\/mrm-style.com\/sr\/wp-content\/uploads\/2021\/11\/Modni-Dnevnik-S\u030cta-se-ove-sezone-nosi-na-ulicama-Berlina16-1024x1536.jpg 1024w, https:\/\/mrm-style.com\/sr\/wp-content\/uploads\/2021\/11\/Modni-Dnevnik-S\u030cta-se-ove-sezone-nosi-na-ulicama-Berlina16-1366x2048.jpg 1366w, https:\/\/mrm-style.com\/sr\/wp-content\/uploads\/2021\/11\/Modni-Dnevnik-S\u030cta-se-ove-sezone-nosi-na-ulicama-Berlina16-1440x2159.jpg 1440w, https:\/\/mrm-style.com\/sr\/wp-content\/uploads\/2021\/11\/Modni-Dnevnik-S\u030cta-se-ove-sezone-nosi-na-ulicama-Berlina16-800x1200.jpg 800w, https:\/\/mrm-style.com\/sr\/wp-content\/uploads\/2021\/11\/Modni-Dnevnik-S\u030cta-se-ove-sezone-nosi-na-ulicama-Berlina16-550x825.jpg 550w, https:\/\/mrm-style.com\/sr\/wp-content\/uploads\/2021\/11\/Modni-Dnevnik-S\u030cta-se-ove-sezone-nosi-na-ulicama-Berlina16-720x1080.jpg 720w, https:\/\/mrm-style.com\/sr\/wp-content\/uploads\/2021\/11\/Modni-Dnevnik-S\u030cta-se-ove-sezone-nosi-na-ulicama-Berlina16-400x600.jpg 400w\" sizes=\"auto, (max-width: 1600px) 100vw, 1600px\" \/><\/a><\/figure><\/div>\n\n\n\n<p>Ovu krznenu jaknu ste imali prilike da vidite u elegantnijem izdanju sa klasi\u010dnim pantalonama &#8211; <strong><em><a href=\"https:\/\/mrm-style.com\/sr\/skandinavik-bezvremenska-elegancija-krzna-koja-se-pamti\/\">post<\/a><\/em><\/strong>. <\/p>\n\n\n\n<p>Kada se odlu\u010dite na kupovinu luksuznog, vanvremenskog, autenti\u010dnog krzna, <em><strong><a href=\"https:\/\/skandinavikfur.com\/\">Skandinavik Fur<\/a><\/strong><\/em> je mala porodi\u010dna kompanija koja isklju\u010divo vodi svojim stru\u010dnim znanjem, iskustvom, sofisticiranom ve\u0161tinom i ljubavlju prema zanatu koja se prenosila sa kolena na koleno. Ova porodi\u010dna kompanija izra\u0111uje proizvode \u0161irokog spektra vanvremenskih i luksuznih krznenih proizvoda, uklju\u010duju\u0107i ode\u0107u,  \u0161alove, navlake i \u0107ebad.<\/p>\n\n\n\n<div class=\"wp-block-image\"><figure class=\"aligncenter size-full\"><a href=\"https:\/\/mrm-style.com\/sr\/wp-content\/uploads\/2021\/11\/Modni-Dnevnik-S\u030cta-se-ove-sezone-nosi-na-ulicama-Berlina0.jpg\"><img loading=\"lazy\" decoding=\"async\" width=\"1600\" height=\"2399\" src=\"https:\/\/mrm-style.com\/sr\/wp-content\/uploads\/2021\/11\/Modni-Dnevnik-S\u030cta-se-ove-sezone-nosi-na-ulicama-Berlina0.jpg\" alt=\"\" class=\"wp-image-7586\" srcset=\"https:\/\/mrm-style.com\/sr\/wp-content\/uploads\/2021\/11\/Modni-Dnevnik-S\u030cta-se-ove-sezone-nosi-na-ulicama-Berlina0.jpg 1600w, https:\/\/mrm-style.com\/sr\/wp-content\/uploads\/2021\/11\/Modni-Dnevnik-S\u030cta-se-ove-sezone-nosi-na-ulicama-Berlina0-200x300.jpg 200w, https:\/\/mrm-style.com\/sr\/wp-content\/uploads\/2021\/11\/Modni-Dnevnik-S\u030cta-se-ove-sezone-nosi-na-ulicama-Berlina0-683x1024.jpg 683w, https:\/\/mrm-style.com\/sr\/wp-content\/uploads\/2021\/11\/Modni-Dnevnik-S\u030cta-se-ove-sezone-nosi-na-ulicama-Berlina0-768x1152.jpg 768w, https:\/\/mrm-style.com\/sr\/wp-content\/uploads\/2021\/11\/Modni-Dnevnik-S\u030cta-se-ove-sezone-nosi-na-ulicama-Berlina0-1024x1536.jpg 1024w, https:\/\/mrm-style.com\/sr\/wp-content\/uploads\/2021\/11\/Modni-Dnevnik-S\u030cta-se-ove-sezone-nosi-na-ulicama-Berlina0-1366x2048.jpg 1366w, https:\/\/mrm-style.com\/sr\/wp-content\/uploads\/2021\/11\/Modni-Dnevnik-S\u030cta-se-ove-sezone-nosi-na-ulicama-Berlina0-1440x2159.jpg 1440w, https:\/\/mrm-style.com\/sr\/wp-content\/uploads\/2021\/11\/Modni-Dnevnik-S\u030cta-se-ove-sezone-nosi-na-ulicama-Berlina0-800x1200.jpg 800w, https:\/\/mrm-style.com\/sr\/wp-content\/uploads\/2021\/11\/Modni-Dnevnik-S\u030cta-se-ove-sezone-nosi-na-ulicama-Berlina0-550x825.jpg 550w, https:\/\/mrm-style.com\/sr\/wp-content\/uploads\/2021\/11\/Modni-Dnevnik-S\u030cta-se-ove-sezone-nosi-na-ulicama-Berlina0-720x1080.jpg 720w, https:\/\/mrm-style.com\/sr\/wp-content\/uploads\/2021\/11\/Modni-Dnevnik-S\u030cta-se-ove-sezone-nosi-na-ulicama-Berlina0-400x600.jpg 400w\" sizes=\"auto, (max-width: 1600px) 100vw, 1600px\" \/><\/a><\/figure><\/div>\n\n\n\n<div class=\"wp-block-image\"><figure class=\"aligncenter size-full\"><a href=\"https:\/\/mrm-style.com\/sr\/wp-content\/uploads\/2021\/11\/Modni-Dnevnik-S\u030cta-se-ove-sezone-nosi-na-ulicama-Berlina17.jpg\"><img loading=\"lazy\" decoding=\"async\" width=\"2125\" height=\"1600\" src=\"https:\/\/mrm-style.com\/sr\/wp-content\/uploads\/2021\/11\/Modni-Dnevnik-S\u030cta-se-ove-sezone-nosi-na-ulicama-Berlina17.jpg\" alt=\"\" class=\"wp-image-7603\" srcset=\"https:\/\/mrm-style.com\/sr\/wp-content\/uploads\/2021\/11\/Modni-Dnevnik-S\u030cta-se-ove-sezone-nosi-na-ulicama-Berlina17.jpg 2125w, https:\/\/mrm-style.com\/sr\/wp-content\/uploads\/2021\/11\/Modni-Dnevnik-S\u030cta-se-ove-sezone-nosi-na-ulicama-Berlina17-300x226.jpg 300w, https:\/\/mrm-style.com\/sr\/wp-content\/uploads\/2021\/11\/Modni-Dnevnik-S\u030cta-se-ove-sezone-nosi-na-ulicama-Berlina17-1024x771.jpg 1024w, https:\/\/mrm-style.com\/sr\/wp-content\/uploads\/2021\/11\/Modni-Dnevnik-S\u030cta-se-ove-sezone-nosi-na-ulicama-Berlina17-768x578.jpg 768w, https:\/\/mrm-style.com\/sr\/wp-content\/uploads\/2021\/11\/Modni-Dnevnik-S\u030cta-se-ove-sezone-nosi-na-ulicama-Berlina17-1536x1157.jpg 1536w, https:\/\/mrm-style.com\/sr\/wp-content\/uploads\/2021\/11\/Modni-Dnevnik-S\u030cta-se-ove-sezone-nosi-na-ulicama-Berlina17-2048x1542.jpg 2048w, https:\/\/mrm-style.com\/sr\/wp-content\/uploads\/2021\/11\/Modni-Dnevnik-S\u030cta-se-ove-sezone-nosi-na-ulicama-Berlina17-1440x1084.jpg 1440w, https:\/\/mrm-style.com\/sr\/wp-content\/uploads\/2021\/11\/Modni-Dnevnik-S\u030cta-se-ove-sezone-nosi-na-ulicama-Berlina17-800x602.jpg 800w, https:\/\/mrm-style.com\/sr\/wp-content\/uploads\/2021\/11\/Modni-Dnevnik-S\u030cta-se-ove-sezone-nosi-na-ulicama-Berlina17-550x414.jpg 550w, https:\/\/mrm-style.com\/sr\/wp-content\/uploads\/2021\/11\/Modni-Dnevnik-S\u030cta-se-ove-sezone-nosi-na-ulicama-Berlina17-1920x1446.jpg 1920w, https:\/\/mrm-style.com\/sr\/wp-content\/uploads\/2021\/11\/Modni-Dnevnik-S\u030cta-se-ove-sezone-nosi-na-ulicama-Berlina17-1434x1080.jpg 1434w, https:\/\/mrm-style.com\/sr\/wp-content\/uploads\/2021\/11\/Modni-Dnevnik-S\u030cta-se-ove-sezone-nosi-na-ulicama-Berlina17-797x600.jpg 797w\" sizes=\"auto, (max-width: 2125px) 100vw, 2125px\" \/><\/a><\/figure><\/div>\n\n\n\n<p>Zbog svog jedinstvenog holisti\u010dkog pristupa i sa velikim po\u0161tovanjem prema prirodnim resursima, <em><strong><a href=\"https:\/\/skandinavikfur.com\/\">Skandinavik Fur<\/a><\/strong><\/em>  kompanija racionalno tro\u0161i krzno. Uz dobru ma\u0161tu, viziju i ve\u0161tinu  majstora, sve ostatke krzna pretvaraju u prekrasne modne predmete kad god je to mogu\u0107e. <\/p>\n\n\n\n<p>Krzno kao materijal sam po sebi nije isklju\u010divo namenjen \u017eenskoj populaciji, ve\u0107 mo\u017ee biti i neobi\u010dan dodatak za mu\u0161karce koji \u0107e osve\u017eiti garderober svakog modernog mu\u0161karca. <\/p>\n\n\n\n<p>Verovatno ste se nekada pitali koji su razlozi poznatih mu\u0161karaca, slavnih repera koji vole krzno \u010din\u010dile i duga\u010dke kapute od lisi\u010dijeg krzna. Odgovor je jednostavan, takva krzna odi\u0161u veli\u010danstvenom energijom koja oslikava luksuz i stil. Nerc je pravi izbor za postizanje elegantnijeg izgleda, a parka oblo\u017eena krznom ili ko\u017ena jakna oblo\u017eena krznom \u2013 monton su malo konzervativnije opcije.<\/p>\n\n\n\n<div class=\"wp-block-image\"><figure class=\"aligncenter size-full\"><a href=\"https:\/\/mrm-style.com\/sr\/wp-content\/uploads\/2021\/11\/Modni-Dnevnik-S\u030cta-se-ove-sezone-nosi-na-ulicama-Berlina3.jpg\"><img loading=\"lazy\" decoding=\"async\" width=\"1600\" height=\"2399\" src=\"https:\/\/mrm-style.com\/sr\/wp-content\/uploads\/2021\/11\/Modni-Dnevnik-S\u030cta-se-ove-sezone-nosi-na-ulicama-Berlina3.jpg\" alt=\"\" class=\"wp-image-7589\" srcset=\"https:\/\/mrm-style.com\/sr\/wp-content\/uploads\/2021\/11\/Modni-Dnevnik-S\u030cta-se-ove-sezone-nosi-na-ulicama-Berlina3.jpg 1600w, https:\/\/mrm-style.com\/sr\/wp-content\/uploads\/2021\/11\/Modni-Dnevnik-S\u030cta-se-ove-sezone-nosi-na-ulicama-Berlina3-200x300.jpg 200w, https:\/\/mrm-style.com\/sr\/wp-content\/uploads\/2021\/11\/Modni-Dnevnik-S\u030cta-se-ove-sezone-nosi-na-ulicama-Berlina3-683x1024.jpg 683w, https:\/\/mrm-style.com\/sr\/wp-content\/uploads\/2021\/11\/Modni-Dnevnik-S\u030cta-se-ove-sezone-nosi-na-ulicama-Berlina3-768x1152.jpg 768w, https:\/\/mrm-style.com\/sr\/wp-content\/uploads\/2021\/11\/Modni-Dnevnik-S\u030cta-se-ove-sezone-nosi-na-ulicama-Berlina3-1024x1536.jpg 1024w, https:\/\/mrm-style.com\/sr\/wp-content\/uploads\/2021\/11\/Modni-Dnevnik-S\u030cta-se-ove-sezone-nosi-na-ulicama-Berlina3-1366x2048.jpg 1366w, https:\/\/mrm-style.com\/sr\/wp-content\/uploads\/2021\/11\/Modni-Dnevnik-S\u030cta-se-ove-sezone-nosi-na-ulicama-Berlina3-1440x2159.jpg 1440w, https:\/\/mrm-style.com\/sr\/wp-content\/uploads\/2021\/11\/Modni-Dnevnik-S\u030cta-se-ove-sezone-nosi-na-ulicama-Berlina3-800x1200.jpg 800w, https:\/\/mrm-style.com\/sr\/wp-content\/uploads\/2021\/11\/Modni-Dnevnik-S\u030cta-se-ove-sezone-nosi-na-ulicama-Berlina3-550x825.jpg 550w, https:\/\/mrm-style.com\/sr\/wp-content\/uploads\/2021\/11\/Modni-Dnevnik-S\u030cta-se-ove-sezone-nosi-na-ulicama-Berlina3-720x1080.jpg 720w, https:\/\/mrm-style.com\/sr\/wp-content\/uploads\/2021\/11\/Modni-Dnevnik-S\u030cta-se-ove-sezone-nosi-na-ulicama-Berlina3-400x600.jpg 400w\" sizes=\"auto, (max-width: 1600px) 100vw, 1600px\" \/><\/a><\/figure><\/div>\n\n\n\n<p>Kada ula\u017eete u bezvremenski komad poput krznene jakne ili kaputa, \u017eelite da budete sigurni da kupujete direktno od iskusnog  proizvo\u0111a\u010da krzna koji vam mo\u017ee pru\u017eiti i najbolju uslugu nakon izvr\u0161ene kupovine, preno\u0161enje znanja o na\u010dinu odr\u017eavanja krznenih proizvoda, a  istovremeno ponuditi visokokvalitetne proizvode koji su stru\u010dno izra\u0111eni.<\/p>\n\n\n\n<p><em><strong><a href=\"https:\/\/skandinavikfur.com\/mens-multicolor-hooded-mink-fur-coat\/\">Bunda<\/a><\/strong><\/em> iz dana\u0161njeg posta, kratka jakna sa kapulja\u010dom izra\u0111ena je od nerca koji je specijalno ofarban u tri boje. Ovaj model je ujedno elegantan i urban i poseduje odre\u0111enu sportsku eleganciju tako da je mogu nositi i ljudi  koji su orijentisani malo druga\u010dijoj sportskoj garderobi koja ne zahteva isklju\u010divo elegantne note.<\/p>\n\n\n\n<div class=\"wp-block-image\"><figure class=\"aligncenter size-full\"><a href=\"https:\/\/mrm-style.com\/sr\/wp-content\/uploads\/2021\/11\/Modni-Dnevnik-S\u030cta-se-ove-sezone-nosi-na-ulicama-Berlina4.jpg\"><img loading=\"lazy\" decoding=\"async\" width=\"1600\" height=\"2399\" src=\"https:\/\/mrm-style.com\/sr\/wp-content\/uploads\/2021\/11\/Modni-Dnevnik-S\u030cta-se-ove-sezone-nosi-na-ulicama-Berlina4.jpg\" alt=\"\" class=\"wp-image-7590\" srcset=\"https:\/\/mrm-style.com\/sr\/wp-content\/uploads\/2021\/11\/Modni-Dnevnik-S\u030cta-se-ove-sezone-nosi-na-ulicama-Berlina4.jpg 1600w, https:\/\/mrm-style.com\/sr\/wp-content\/uploads\/2021\/11\/Modni-Dnevnik-S\u030cta-se-ove-sezone-nosi-na-ulicama-Berlina4-200x300.jpg 200w, https:\/\/mrm-style.com\/sr\/wp-content\/uploads\/2021\/11\/Modni-Dnevnik-S\u030cta-se-ove-sezone-nosi-na-ulicama-Berlina4-683x1024.jpg 683w, https:\/\/mrm-style.com\/sr\/wp-content\/uploads\/2021\/11\/Modni-Dnevnik-S\u030cta-se-ove-sezone-nosi-na-ulicama-Berlina4-768x1152.jpg 768w, https:\/\/mrm-style.com\/sr\/wp-content\/uploads\/2021\/11\/Modni-Dnevnik-S\u030cta-se-ove-sezone-nosi-na-ulicama-Berlina4-1024x1536.jpg 1024w, https:\/\/mrm-style.com\/sr\/wp-content\/uploads\/2021\/11\/Modni-Dnevnik-S\u030cta-se-ove-sezone-nosi-na-ulicama-Berlina4-1366x2048.jpg 1366w, https:\/\/mrm-style.com\/sr\/wp-content\/uploads\/2021\/11\/Modni-Dnevnik-S\u030cta-se-ove-sezone-nosi-na-ulicama-Berlina4-1440x2159.jpg 1440w, https:\/\/mrm-style.com\/sr\/wp-content\/uploads\/2021\/11\/Modni-Dnevnik-S\u030cta-se-ove-sezone-nosi-na-ulicama-Berlina4-800x1200.jpg 800w, https:\/\/mrm-style.com\/sr\/wp-content\/uploads\/2021\/11\/Modni-Dnevnik-S\u030cta-se-ove-sezone-nosi-na-ulicama-Berlina4-550x825.jpg 550w, https:\/\/mrm-style.com\/sr\/wp-content\/uploads\/2021\/11\/Modni-Dnevnik-S\u030cta-se-ove-sezone-nosi-na-ulicama-Berlina4-720x1080.jpg 720w, https:\/\/mrm-style.com\/sr\/wp-content\/uploads\/2021\/11\/Modni-Dnevnik-S\u030cta-se-ove-sezone-nosi-na-ulicama-Berlina4-400x600.jpg 400w\" sizes=\"auto, (max-width: 1600px) 100vw, 1600px\" \/><\/a><\/figure><\/div>\n\n\n\n<div class=\"wp-block-image\"><figure class=\"aligncenter size-full\"><a href=\"https:\/\/mrm-style.com\/sr\/wp-content\/uploads\/2021\/11\/Modni-Dnevnik-S\u030cta-se-ove-sezone-nosi-na-ulicama-Berlina5.jpg\"><img loading=\"lazy\" decoding=\"async\" width=\"2500\" height=\"1525\" src=\"https:\/\/mrm-style.com\/sr\/wp-content\/uploads\/2021\/11\/Modni-Dnevnik-S\u030cta-se-ove-sezone-nosi-na-ulicama-Berlina5.jpg\" alt=\"\" class=\"wp-image-7591\" srcset=\"https:\/\/mrm-style.com\/sr\/wp-content\/uploads\/2021\/11\/Modni-Dnevnik-S\u030cta-se-ove-sezone-nosi-na-ulicama-Berlina5.jpg 2500w, https:\/\/mrm-style.com\/sr\/wp-content\/uploads\/2021\/11\/Modni-Dnevnik-S\u030cta-se-ove-sezone-nosi-na-ulicama-Berlina5-300x183.jpg 300w, https:\/\/mrm-style.com\/sr\/wp-content\/uploads\/2021\/11\/Modni-Dnevnik-S\u030cta-se-ove-sezone-nosi-na-ulicama-Berlina5-1024x625.jpg 1024w, https:\/\/mrm-style.com\/sr\/wp-content\/uploads\/2021\/11\/Modni-Dnevnik-S\u030cta-se-ove-sezone-nosi-na-ulicama-Berlina5-768x468.jpg 768w, https:\/\/mrm-style.com\/sr\/wp-content\/uploads\/2021\/11\/Modni-Dnevnik-S\u030cta-se-ove-sezone-nosi-na-ulicama-Berlina5-1536x937.jpg 1536w, https:\/\/mrm-style.com\/sr\/wp-content\/uploads\/2021\/11\/Modni-Dnevnik-S\u030cta-se-ove-sezone-nosi-na-ulicama-Berlina5-2048x1249.jpg 2048w, https:\/\/mrm-style.com\/sr\/wp-content\/uploads\/2021\/11\/Modni-Dnevnik-S\u030cta-se-ove-sezone-nosi-na-ulicama-Berlina5-1440x878.jpg 1440w, https:\/\/mrm-style.com\/sr\/wp-content\/uploads\/2021\/11\/Modni-Dnevnik-S\u030cta-se-ove-sezone-nosi-na-ulicama-Berlina5-800x488.jpg 800w, https:\/\/mrm-style.com\/sr\/wp-content\/uploads\/2021\/11\/Modni-Dnevnik-S\u030cta-se-ove-sezone-nosi-na-ulicama-Berlina5-550x336.jpg 550w, https:\/\/mrm-style.com\/sr\/wp-content\/uploads\/2021\/11\/Modni-Dnevnik-S\u030cta-se-ove-sezone-nosi-na-ulicama-Berlina5-1920x1171.jpg 1920w, https:\/\/mrm-style.com\/sr\/wp-content\/uploads\/2021\/11\/Modni-Dnevnik-S\u030cta-se-ove-sezone-nosi-na-ulicama-Berlina5-1770x1080.jpg 1770w, https:\/\/mrm-style.com\/sr\/wp-content\/uploads\/2021\/11\/Modni-Dnevnik-S\u030cta-se-ove-sezone-nosi-na-ulicama-Berlina5-984x600.jpg 984w\" sizes=\"auto, (max-width: 2500px) 100vw, 2500px\" \/><\/a><\/figure><\/div>\n\n\n\n<p>Moja krznena jakna je izra\u0111ena je od SAGA nerca. O\u0161tre linije, udobnost i prakti\u010dnost neke su od osnovnih karakteristika ovog luksuznog komada. Mo\u017ee se nositi sa belom ko\u0161uljom, crnim pantalonama, zanimljivim ko\u017enim kai\u0161em ili mo\u017eete lep braon &#8211; kamel d\u017eemper upariti sa farmerkama, kao \u0161to sam prikazao u dana\u0161njem postu. Kapulja\u010da je izra\u0111ena od nerca sa obe strane i na vrhu, jer je to prikladno za luksuzan predmet poput ove jakne. <\/p>\n\n\n\n<div class=\"wp-block-image\"><figure class=\"aligncenter size-full\"><a href=\"https:\/\/mrm-style.com\/sr\/wp-content\/uploads\/2021\/11\/Modni-Dnevnik-S\u030cta-se-ove-sezone-nosi-na-ulicama-Berlina6.jpg\"><img loading=\"lazy\" decoding=\"async\" width=\"2500\" height=\"1564\" src=\"https:\/\/mrm-style.com\/sr\/wp-content\/uploads\/2021\/11\/Modni-Dnevnik-S\u030cta-se-ove-sezone-nosi-na-ulicama-Berlina6.jpg\" alt=\"\" class=\"wp-image-7592\" srcset=\"https:\/\/mrm-style.com\/sr\/wp-content\/uploads\/2021\/11\/Modni-Dnevnik-S\u030cta-se-ove-sezone-nosi-na-ulicama-Berlina6.jpg 2500w, https:\/\/mrm-style.com\/sr\/wp-content\/uploads\/2021\/11\/Modni-Dnevnik-S\u030cta-se-ove-sezone-nosi-na-ulicama-Berlina6-300x188.jpg 300w, https:\/\/mrm-style.com\/sr\/wp-content\/uploads\/2021\/11\/Modni-Dnevnik-S\u030cta-se-ove-sezone-nosi-na-ulicama-Berlina6-1024x641.jpg 1024w, https:\/\/mrm-style.com\/sr\/wp-content\/uploads\/2021\/11\/Modni-Dnevnik-S\u030cta-se-ove-sezone-nosi-na-ulicama-Berlina6-768x480.jpg 768w, https:\/\/mrm-style.com\/sr\/wp-content\/uploads\/2021\/11\/Modni-Dnevnik-S\u030cta-se-ove-sezone-nosi-na-ulicama-Berlina6-1536x961.jpg 1536w, https:\/\/mrm-style.com\/sr\/wp-content\/uploads\/2021\/11\/Modni-Dnevnik-S\u030cta-se-ove-sezone-nosi-na-ulicama-Berlina6-2048x1281.jpg 2048w, https:\/\/mrm-style.com\/sr\/wp-content\/uploads\/2021\/11\/Modni-Dnevnik-S\u030cta-se-ove-sezone-nosi-na-ulicama-Berlina6-1440x901.jpg 1440w, https:\/\/mrm-style.com\/sr\/wp-content\/uploads\/2021\/11\/Modni-Dnevnik-S\u030cta-se-ove-sezone-nosi-na-ulicama-Berlina6-800x500.jpg 800w, https:\/\/mrm-style.com\/sr\/wp-content\/uploads\/2021\/11\/Modni-Dnevnik-S\u030cta-se-ove-sezone-nosi-na-ulicama-Berlina6-550x344.jpg 550w, https:\/\/mrm-style.com\/sr\/wp-content\/uploads\/2021\/11\/Modni-Dnevnik-S\u030cta-se-ove-sezone-nosi-na-ulicama-Berlina6-1920x1201.jpg 1920w, https:\/\/mrm-style.com\/sr\/wp-content\/uploads\/2021\/11\/Modni-Dnevnik-S\u030cta-se-ove-sezone-nosi-na-ulicama-Berlina6-1726x1080.jpg 1726w, https:\/\/mrm-style.com\/sr\/wp-content\/uploads\/2021\/11\/Modni-Dnevnik-S\u030cta-se-ove-sezone-nosi-na-ulicama-Berlina6-959x600.jpg 959w\" sizes=\"auto, (max-width: 2500px) 100vw, 2500px\" \/><\/a><\/figure><\/div>\n\n\n\n<p>Ovaj outfit sam se potrudio da upotpunim \u010duvenim <strong><em><a href=\"https:\/\/www.jacobcohenshop.eu\/en\/535-2983-jacob-cohen-j688.html#\/31-size-29\">Jacob Coh\u00ebn<\/a><\/em><\/strong> farmerkama i elegantnim kamel d\u017eemperom, komadima koji su se idealno uklopili u ovu odevnu kombinaciju. Klasi\u010dne farmerke i ka\u0161mirski d\u017eemper su uvek najbolja i apsolutno nepogre\u0161iv odabir kada je u pitanju jesenja moda za mu\u0161karce.<\/p>\n\n\n\n<div class=\"wp-block-image\"><figure class=\"aligncenter size-full\"><a href=\"https:\/\/mrm-style.com\/sr\/wp-content\/uploads\/2021\/11\/Modni-Dnevnik-S\u030cta-se-ove-sezone-nosi-na-ulicama-Berlina7.jpg\"><img loading=\"lazy\" decoding=\"async\" width=\"1600\" height=\"2399\" src=\"https:\/\/mrm-style.com\/sr\/wp-content\/uploads\/2021\/11\/Modni-Dnevnik-S\u030cta-se-ove-sezone-nosi-na-ulicama-Berlina7.jpg\" alt=\"\" class=\"wp-image-7593\" srcset=\"https:\/\/mrm-style.com\/sr\/wp-content\/uploads\/2021\/11\/Modni-Dnevnik-S\u030cta-se-ove-sezone-nosi-na-ulicama-Berlina7.jpg 1600w, https:\/\/mrm-style.com\/sr\/wp-content\/uploads\/2021\/11\/Modni-Dnevnik-S\u030cta-se-ove-sezone-nosi-na-ulicama-Berlina7-200x300.jpg 200w, https:\/\/mrm-style.com\/sr\/wp-content\/uploads\/2021\/11\/Modni-Dnevnik-S\u030cta-se-ove-sezone-nosi-na-ulicama-Berlina7-683x1024.jpg 683w, https:\/\/mrm-style.com\/sr\/wp-content\/uploads\/2021\/11\/Modni-Dnevnik-S\u030cta-se-ove-sezone-nosi-na-ulicama-Berlina7-768x1152.jpg 768w, https:\/\/mrm-style.com\/sr\/wp-content\/uploads\/2021\/11\/Modni-Dnevnik-S\u030cta-se-ove-sezone-nosi-na-ulicama-Berlina7-1024x1536.jpg 1024w, https:\/\/mrm-style.com\/sr\/wp-content\/uploads\/2021\/11\/Modni-Dnevnik-S\u030cta-se-ove-sezone-nosi-na-ulicama-Berlina7-1366x2048.jpg 1366w, https:\/\/mrm-style.com\/sr\/wp-content\/uploads\/2021\/11\/Modni-Dnevnik-S\u030cta-se-ove-sezone-nosi-na-ulicama-Berlina7-1440x2159.jpg 1440w, https:\/\/mrm-style.com\/sr\/wp-content\/uploads\/2021\/11\/Modni-Dnevnik-S\u030cta-se-ove-sezone-nosi-na-ulicama-Berlina7-800x1200.jpg 800w, https:\/\/mrm-style.com\/sr\/wp-content\/uploads\/2021\/11\/Modni-Dnevnik-S\u030cta-se-ove-sezone-nosi-na-ulicama-Berlina7-550x825.jpg 550w, https:\/\/mrm-style.com\/sr\/wp-content\/uploads\/2021\/11\/Modni-Dnevnik-S\u030cta-se-ove-sezone-nosi-na-ulicama-Berlina7-720x1080.jpg 720w, https:\/\/mrm-style.com\/sr\/wp-content\/uploads\/2021\/11\/Modni-Dnevnik-S\u030cta-se-ove-sezone-nosi-na-ulicama-Berlina7-400x600.jpg 400w\" sizes=\"auto, (max-width: 1600px) 100vw, 1600px\" \/><\/a><\/figure><\/div>\n\n\n\n<p>Pri\u010da o <em><strong><a href=\"https:\/\/www.jacobcohen.com\/\">Jacob Coh\u00ebn<\/a><\/strong><\/em> brendu po\u010dinje sa \u010dvrstim verovanjem u jedan san! Modna imperija koja je svoja vrata otvorila 1985. godine vo\u0111ena intuicijom Tatoa Bardela, ostvareno zahvaljuju\u0107i kreativnom geniju njegovog sina Nikole Bardela po\u010detkom 2000-ih, podeljeno i nastavljeno danas kreativnim pravcem njegove supruge D\u017eenifer. <\/p>\n\n\n\n<div class=\"wp-block-image\"><figure class=\"aligncenter size-full\"><a href=\"https:\/\/mrm-style.com\/sr\/wp-content\/uploads\/2021\/11\/Modni-Dnevnik-S\u030cta-se-ove-sezone-nosi-na-ulicama-Berlina10.jpg\"><img loading=\"lazy\" decoding=\"async\" width=\"2399\" height=\"1600\" src=\"https:\/\/mrm-style.com\/sr\/wp-content\/uploads\/2021\/11\/Modni-Dnevnik-S\u030cta-se-ove-sezone-nosi-na-ulicama-Berlina10.jpg\" alt=\"\" class=\"wp-image-7596\" srcset=\"https:\/\/mrm-style.com\/sr\/wp-content\/uploads\/2021\/11\/Modni-Dnevnik-S\u030cta-se-ove-sezone-nosi-na-ulicama-Berlina10.jpg 2399w, https:\/\/mrm-style.com\/sr\/wp-content\/uploads\/2021\/11\/Modni-Dnevnik-S\u030cta-se-ove-sezone-nosi-na-ulicama-Berlina10-300x200.jpg 300w, https:\/\/mrm-style.com\/sr\/wp-content\/uploads\/2021\/11\/Modni-Dnevnik-S\u030cta-se-ove-sezone-nosi-na-ulicama-Berlina10-1024x683.jpg 1024w, https:\/\/mrm-style.com\/sr\/wp-content\/uploads\/2021\/11\/Modni-Dnevnik-S\u030cta-se-ove-sezone-nosi-na-ulicama-Berlina10-768x512.jpg 768w, https:\/\/mrm-style.com\/sr\/wp-content\/uploads\/2021\/11\/Modni-Dnevnik-S\u030cta-se-ove-sezone-nosi-na-ulicama-Berlina10-1536x1024.jpg 1536w, https:\/\/mrm-style.com\/sr\/wp-content\/uploads\/2021\/11\/Modni-Dnevnik-S\u030cta-se-ove-sezone-nosi-na-ulicama-Berlina10-2048x1366.jpg 2048w, https:\/\/mrm-style.com\/sr\/wp-content\/uploads\/2021\/11\/Modni-Dnevnik-S\u030cta-se-ove-sezone-nosi-na-ulicama-Berlina10-1440x960.jpg 1440w, https:\/\/mrm-style.com\/sr\/wp-content\/uploads\/2021\/11\/Modni-Dnevnik-S\u030cta-se-ove-sezone-nosi-na-ulicama-Berlina10-800x534.jpg 800w, https:\/\/mrm-style.com\/sr\/wp-content\/uploads\/2021\/11\/Modni-Dnevnik-S\u030cta-se-ove-sezone-nosi-na-ulicama-Berlina10-550x367.jpg 550w, https:\/\/mrm-style.com\/sr\/wp-content\/uploads\/2021\/11\/Modni-Dnevnik-S\u030cta-se-ove-sezone-nosi-na-ulicama-Berlina10-1920x1281.jpg 1920w, https:\/\/mrm-style.com\/sr\/wp-content\/uploads\/2021\/11\/Modni-Dnevnik-S\u030cta-se-ove-sezone-nosi-na-ulicama-Berlina10-1619x1080.jpg 1619w, https:\/\/mrm-style.com\/sr\/wp-content\/uploads\/2021\/11\/Modni-Dnevnik-S\u030cta-se-ove-sezone-nosi-na-ulicama-Berlina10-900x600.jpg 900w\" sizes=\"auto, (max-width: 2399px) 100vw, 2399px\" \/><\/a><\/figure><\/div>\n\n\n\n<p>Brend koji je u po\u010detku bio zami\u0161ljen kao bogata teksas kolekcija koja se ru\u010dno izra\u0111uje u Italiji u kojoj je ovaj materijal u istoriji prvi put predlo\u017een kao statusni simbol, predvi\u0111aju\u0107i tako koncept casual svakodnevnog izgleda koji \u0107e uskoro postati &#8220;obavezan&#8221;.<\/p>\n\n\n\n<p><em><strong><a href=\"https:\/\/www.jacobcohen.com\/\">Jacob Coh\u00ebn<\/a><\/strong><\/em> je jedan od brendova koji je oduvek kontinuirano vr\u0161io ulaganja u modernizaciju proizvodnje i istra\u017eivanje tr\u017ei\u0161ta, da bi svojim kupcima obezbedio ekskluzivni kvalitet i izuzetan komfor. Danas je Jacob Coh\u00ebn postao referentna ta\u010dka za svakodnevni luksuz shva\u0107en kao na\u010din razmi\u0161ljanja, \u017eivljenja i obla\u010denja. Ako \u017eelite da shvatite su\u0161tinu brenda, Jacob Coh\u00ebn predstavlja kult luksuznog teksasa, \u0161to zna\u010di jednostavan na\u010din \u017eivota.<\/p>\n\n\n\n<div class=\"wp-block-image\"><figure class=\"aligncenter size-full\"><a href=\"https:\/\/mrm-style.com\/sr\/wp-content\/uploads\/2021\/11\/Modni-Dnevnik-S\u030cta-se-ove-sezone-nosi-na-ulicama-Berlina11.jpg\"><img loading=\"lazy\" decoding=\"async\" width=\"2399\" height=\"1600\" src=\"https:\/\/mrm-style.com\/sr\/wp-content\/uploads\/2021\/11\/Modni-Dnevnik-S\u030cta-se-ove-sezone-nosi-na-ulicama-Berlina11.jpg\" alt=\"\" class=\"wp-image-7597\" srcset=\"https:\/\/mrm-style.com\/sr\/wp-content\/uploads\/2021\/11\/Modni-Dnevnik-S\u030cta-se-ove-sezone-nosi-na-ulicama-Berlina11.jpg 2399w, https:\/\/mrm-style.com\/sr\/wp-content\/uploads\/2021\/11\/Modni-Dnevnik-S\u030cta-se-ove-sezone-nosi-na-ulicama-Berlina11-300x200.jpg 300w, https:\/\/mrm-style.com\/sr\/wp-content\/uploads\/2021\/11\/Modni-Dnevnik-S\u030cta-se-ove-sezone-nosi-na-ulicama-Berlina11-1024x683.jpg 1024w, https:\/\/mrm-style.com\/sr\/wp-content\/uploads\/2021\/11\/Modni-Dnevnik-S\u030cta-se-ove-sezone-nosi-na-ulicama-Berlina11-768x512.jpg 768w, https:\/\/mrm-style.com\/sr\/wp-content\/uploads\/2021\/11\/Modni-Dnevnik-S\u030cta-se-ove-sezone-nosi-na-ulicama-Berlina11-1536x1024.jpg 1536w, https:\/\/mrm-style.com\/sr\/wp-content\/uploads\/2021\/11\/Modni-Dnevnik-S\u030cta-se-ove-sezone-nosi-na-ulicama-Berlina11-2048x1366.jpg 2048w, https:\/\/mrm-style.com\/sr\/wp-content\/uploads\/2021\/11\/Modni-Dnevnik-S\u030cta-se-ove-sezone-nosi-na-ulicama-Berlina11-1440x960.jpg 1440w, https:\/\/mrm-style.com\/sr\/wp-content\/uploads\/2021\/11\/Modni-Dnevnik-S\u030cta-se-ove-sezone-nosi-na-ulicama-Berlina11-800x534.jpg 800w, https:\/\/mrm-style.com\/sr\/wp-content\/uploads\/2021\/11\/Modni-Dnevnik-S\u030cta-se-ove-sezone-nosi-na-ulicama-Berlina11-550x367.jpg 550w, https:\/\/mrm-style.com\/sr\/wp-content\/uploads\/2021\/11\/Modni-Dnevnik-S\u030cta-se-ove-sezone-nosi-na-ulicama-Berlina11-1920x1281.jpg 1920w, https:\/\/mrm-style.com\/sr\/wp-content\/uploads\/2021\/11\/Modni-Dnevnik-S\u030cta-se-ove-sezone-nosi-na-ulicama-Berlina11-1619x1080.jpg 1619w, https:\/\/mrm-style.com\/sr\/wp-content\/uploads\/2021\/11\/Modni-Dnevnik-S\u030cta-se-ove-sezone-nosi-na-ulicama-Berlina11-900x600.jpg 900w\" sizes=\"auto, (max-width: 2399px) 100vw, 2399px\" \/><\/a><\/figure><\/div>\n\n\n\n<p>Farmerke koje imate prilike da vidite u dana\u0161njem postu su iz najnovije kolekcije Jesen &#8211; Zima 2021\/22. U pitanju je model iz limitirane serije <strong><em><a href=\"https:\/\/www.jacobcohenshop.eu\/en\/535-2983-jacob-cohen-j688.html#\/31-size-29\">J688<\/a><\/em><\/strong>. Kao osoba koja ima problema sa \u0161irokim kukovima i retko prona\u0111em dobre farmerke koje odgovaraju mojoj gra\u0111i, nisam imao problem da odaberem farmerke jer sve Jacob Coh\u00ebn farmerke imaju dosta elastina.<\/p>\n\n\n\n<div class=\"wp-block-image\"><figure class=\"aligncenter size-full\"><a href=\"https:\/\/mrm-style.com\/sr\/wp-content\/uploads\/2021\/11\/Modni-Dnevnik-S\u030cta-se-ove-sezone-nosi-na-ulicama-Berlina9.jpg\"><img loading=\"lazy\" decoding=\"async\" width=\"1600\" height=\"2399\" src=\"https:\/\/mrm-style.com\/sr\/wp-content\/uploads\/2021\/11\/Modni-Dnevnik-S\u030cta-se-ove-sezone-nosi-na-ulicama-Berlina9.jpg\" alt=\"\" class=\"wp-image-7595\" srcset=\"https:\/\/mrm-style.com\/sr\/wp-content\/uploads\/2021\/11\/Modni-Dnevnik-S\u030cta-se-ove-sezone-nosi-na-ulicama-Berlina9.jpg 1600w, https:\/\/mrm-style.com\/sr\/wp-content\/uploads\/2021\/11\/Modni-Dnevnik-S\u030cta-se-ove-sezone-nosi-na-ulicama-Berlina9-200x300.jpg 200w, https:\/\/mrm-style.com\/sr\/wp-content\/uploads\/2021\/11\/Modni-Dnevnik-S\u030cta-se-ove-sezone-nosi-na-ulicama-Berlina9-683x1024.jpg 683w, https:\/\/mrm-style.com\/sr\/wp-content\/uploads\/2021\/11\/Modni-Dnevnik-S\u030cta-se-ove-sezone-nosi-na-ulicama-Berlina9-768x1152.jpg 768w, https:\/\/mrm-style.com\/sr\/wp-content\/uploads\/2021\/11\/Modni-Dnevnik-S\u030cta-se-ove-sezone-nosi-na-ulicama-Berlina9-1024x1536.jpg 1024w, https:\/\/mrm-style.com\/sr\/wp-content\/uploads\/2021\/11\/Modni-Dnevnik-S\u030cta-se-ove-sezone-nosi-na-ulicama-Berlina9-1366x2048.jpg 1366w, https:\/\/mrm-style.com\/sr\/wp-content\/uploads\/2021\/11\/Modni-Dnevnik-S\u030cta-se-ove-sezone-nosi-na-ulicama-Berlina9-1440x2159.jpg 1440w, https:\/\/mrm-style.com\/sr\/wp-content\/uploads\/2021\/11\/Modni-Dnevnik-S\u030cta-se-ove-sezone-nosi-na-ulicama-Berlina9-800x1200.jpg 800w, https:\/\/mrm-style.com\/sr\/wp-content\/uploads\/2021\/11\/Modni-Dnevnik-S\u030cta-se-ove-sezone-nosi-na-ulicama-Berlina9-550x825.jpg 550w, https:\/\/mrm-style.com\/sr\/wp-content\/uploads\/2021\/11\/Modni-Dnevnik-S\u030cta-se-ove-sezone-nosi-na-ulicama-Berlina9-720x1080.jpg 720w, https:\/\/mrm-style.com\/sr\/wp-content\/uploads\/2021\/11\/Modni-Dnevnik-S\u030cta-se-ove-sezone-nosi-na-ulicama-Berlina9-400x600.jpg 400w\" sizes=\"auto, (max-width: 1600px) 100vw, 1600px\" \/><\/a><\/figure><\/div>\n\n\n\n<h2 class=\"has-text-align-center wp-block-heading\"><strong>OUTFIT<\/strong><\/h2>\n\n\n\n<p class=\"has-text-align-center\"><em>Krznena jakna:<\/em> <strong><a href=\"https:\/\/skandinavikfur.com\/mens-multicolor-hooded-mink-fur-coat\/\">SKANDINAVIK Fur<\/a><\/strong><\/p>\n\n\n\n<p class=\"has-text-align-center\"><em>D\u017eemper:<\/em> <strong><a href=\"https:\/\/stenstroms.com\/en\/men\/knitwear\/crew-neck\/4200412255220\">Stenstr\u00f6ms<\/a><\/strong><\/p>\n\n\n\n<p class=\"has-text-align-center\"><em>Farmerke:<\/em> <strong><a href=\"https:\/\/www.jacobcohenshop.eu\/en\/535-2983-jacob-cohen-j688.html#\/31-size-29\">Jacob Coh\u00ebn<\/a><\/strong><\/p>\n\n\n\n<p class=\"has-text-align-center\"><em>Patike:<\/em> <strong><a href=\"https:\/\/www.robertocavalli.com\/en-rs\/\">Roberto Cavalli<\/a><\/strong><\/p>\n\n\n\n<div class=\"wp-block-image\"><figure class=\"aligncenter size-full\"><a href=\"https:\/\/mrm-style.com\/sr\/wp-content\/uploads\/2021\/11\/Modni-Dnevnik-S\u030cta-se-ove-sezone-nosi-na-ulicama-Berlina8.jpg\"><img loading=\"lazy\" decoding=\"async\" width=\"2399\" height=\"1600\" src=\"https:\/\/mrm-style.com\/sr\/wp-content\/uploads\/2021\/11\/Modni-Dnevnik-S\u030cta-se-ove-sezone-nosi-na-ulicama-Berlina8.jpg\" alt=\"\" class=\"wp-image-7594\" srcset=\"https:\/\/mrm-style.com\/sr\/wp-content\/uploads\/2021\/11\/Modni-Dnevnik-S\u030cta-se-ove-sezone-nosi-na-ulicama-Berlina8.jpg 2399w, https:\/\/mrm-style.com\/sr\/wp-content\/uploads\/2021\/11\/Modni-Dnevnik-S\u030cta-se-ove-sezone-nosi-na-ulicama-Berlina8-300x200.jpg 300w, https:\/\/mrm-style.com\/sr\/wp-content\/uploads\/2021\/11\/Modni-Dnevnik-S\u030cta-se-ove-sezone-nosi-na-ulicama-Berlina8-1024x683.jpg 1024w, https:\/\/mrm-style.com\/sr\/wp-content\/uploads\/2021\/11\/Modni-Dnevnik-S\u030cta-se-ove-sezone-nosi-na-ulicama-Berlina8-768x512.jpg 768w, https:\/\/mrm-style.com\/sr\/wp-content\/uploads\/2021\/11\/Modni-Dnevnik-S\u030cta-se-ove-sezone-nosi-na-ulicama-Berlina8-1536x1024.jpg 1536w, https:\/\/mrm-style.com\/sr\/wp-content\/uploads\/2021\/11\/Modni-Dnevnik-S\u030cta-se-ove-sezone-nosi-na-ulicama-Berlina8-2048x1366.jpg 2048w, https:\/\/mrm-style.com\/sr\/wp-content\/uploads\/2021\/11\/Modni-Dnevnik-S\u030cta-se-ove-sezone-nosi-na-ulicama-Berlina8-1440x960.jpg 1440w, https:\/\/mrm-style.com\/sr\/wp-content\/uploads\/2021\/11\/Modni-Dnevnik-S\u030cta-se-ove-sezone-nosi-na-ulicama-Berlina8-800x534.jpg 800w, https:\/\/mrm-style.com\/sr\/wp-content\/uploads\/2021\/11\/Modni-Dnevnik-S\u030cta-se-ove-sezone-nosi-na-ulicama-Berlina8-550x367.jpg 550w, https:\/\/mrm-style.com\/sr\/wp-content\/uploads\/2021\/11\/Modni-Dnevnik-S\u030cta-se-ove-sezone-nosi-na-ulicama-Berlina8-1920x1281.jpg 1920w, https:\/\/mrm-style.com\/sr\/wp-content\/uploads\/2021\/11\/Modni-Dnevnik-S\u030cta-se-ove-sezone-nosi-na-ulicama-Berlina8-1619x1080.jpg 1619w, https:\/\/mrm-style.com\/sr\/wp-content\/uploads\/2021\/11\/Modni-Dnevnik-S\u030cta-se-ove-sezone-nosi-na-ulicama-Berlina8-900x600.jpg 900w\" sizes=\"auto, (max-width: 2399px) 100vw, 2399px\" \/><\/a><\/figure><\/div>\n\n\n\n<p>Po\u0161to je celokupan dana\u0161nji outfit bio u odre\u0111enom svakodnevnom opu\u0161tenom tonu sa farmerkama, odlu\u010dio sam da obujem svoje omiljene Roberto Cavalli duboke patike od kroko ko\u017ee. Moram priznati da su one na neobi\u010dan na\u010din upotpunile ovaj outfit.   Naravno, tamno \u010dokolada braon boja se odli\u010dno uklopila uz boje koje preovla\u0111uju u mom garderoberu. <em><strong><a href=\"https:\/\/www.robertocavalli.com\/en-rs\/\">Roberto Cavalli<\/a><\/strong><\/em> je \u010duveni italijanski brend koji se nalazi u samom vrhu modne industrije i osvojio modnu scenu. <\/p>\n\n\n\n<div class=\"wp-block-image\"><figure class=\"aligncenter size-full\"><a href=\"https:\/\/mrm-style.com\/sr\/wp-content\/uploads\/2021\/11\/Modni-Dnevnik-S\u030cta-se-ove-sezone-nosi-na-ulicama-Berlina14.jpg\"><img loading=\"lazy\" decoding=\"async\" width=\"2399\" height=\"1600\" src=\"https:\/\/mrm-style.com\/sr\/wp-content\/uploads\/2021\/11\/Modni-Dnevnik-S\u030cta-se-ove-sezone-nosi-na-ulicama-Berlina14.jpg\" alt=\"\" class=\"wp-image-7600\" srcset=\"https:\/\/mrm-style.com\/sr\/wp-content\/uploads\/2021\/11\/Modni-Dnevnik-S\u030cta-se-ove-sezone-nosi-na-ulicama-Berlina14.jpg 2399w, https:\/\/mrm-style.com\/sr\/wp-content\/uploads\/2021\/11\/Modni-Dnevnik-S\u030cta-se-ove-sezone-nosi-na-ulicama-Berlina14-300x200.jpg 300w, https:\/\/mrm-style.com\/sr\/wp-content\/uploads\/2021\/11\/Modni-Dnevnik-S\u030cta-se-ove-sezone-nosi-na-ulicama-Berlina14-1024x683.jpg 1024w, https:\/\/mrm-style.com\/sr\/wp-content\/uploads\/2021\/11\/Modni-Dnevnik-S\u030cta-se-ove-sezone-nosi-na-ulicama-Berlina14-768x512.jpg 768w, https:\/\/mrm-style.com\/sr\/wp-content\/uploads\/2021\/11\/Modni-Dnevnik-S\u030cta-se-ove-sezone-nosi-na-ulicama-Berlina14-1536x1024.jpg 1536w, https:\/\/mrm-style.com\/sr\/wp-content\/uploads\/2021\/11\/Modni-Dnevnik-S\u030cta-se-ove-sezone-nosi-na-ulicama-Berlina14-2048x1366.jpg 2048w, https:\/\/mrm-style.com\/sr\/wp-content\/uploads\/2021\/11\/Modni-Dnevnik-S\u030cta-se-ove-sezone-nosi-na-ulicama-Berlina14-1440x960.jpg 1440w, https:\/\/mrm-style.com\/sr\/wp-content\/uploads\/2021\/11\/Modni-Dnevnik-S\u030cta-se-ove-sezone-nosi-na-ulicama-Berlina14-800x534.jpg 800w, https:\/\/mrm-style.com\/sr\/wp-content\/uploads\/2021\/11\/Modni-Dnevnik-S\u030cta-se-ove-sezone-nosi-na-ulicama-Berlina14-550x367.jpg 550w, https:\/\/mrm-style.com\/sr\/wp-content\/uploads\/2021\/11\/Modni-Dnevnik-S\u030cta-se-ove-sezone-nosi-na-ulicama-Berlina14-1920x1281.jpg 1920w, https:\/\/mrm-style.com\/sr\/wp-content\/uploads\/2021\/11\/Modni-Dnevnik-S\u030cta-se-ove-sezone-nosi-na-ulicama-Berlina14-1619x1080.jpg 1619w, https:\/\/mrm-style.com\/sr\/wp-content\/uploads\/2021\/11\/Modni-Dnevnik-S\u030cta-se-ove-sezone-nosi-na-ulicama-Berlina14-900x600.jpg 900w\" sizes=\"auto, (max-width: 2399px) 100vw, 2399px\" \/><\/a><\/figure><\/div>\n\n\n\n<p>Nakon vi\u0161egodi\u0161njih uspeha uspeo je da  zauzme visoku poziciju u svetu mode i poznat je po proizvodnji \u010duvenih jarkih printova i ko\u017enih dodataka od egzoti\u010dnih ko\u017ea.<\/p>\n\n\n\n<div class=\"wp-block-image\"><figure class=\"aligncenter size-full\"><a href=\"https:\/\/mrm-style.com\/sr\/wp-content\/uploads\/2021\/11\/Modni-Dnevnik-S\u030cta-se-ove-sezone-nosi-na-ulicama-Berlina15.jpg\"><img loading=\"lazy\" decoding=\"async\" width=\"2399\" height=\"1600\" src=\"https:\/\/mrm-style.com\/sr\/wp-content\/uploads\/2021\/11\/Modni-Dnevnik-S\u030cta-se-ove-sezone-nosi-na-ulicama-Berlina15.jpg\" alt=\"\" class=\"wp-image-7601\" srcset=\"https:\/\/mrm-style.com\/sr\/wp-content\/uploads\/2021\/11\/Modni-Dnevnik-S\u030cta-se-ove-sezone-nosi-na-ulicama-Berlina15.jpg 2399w, https:\/\/mrm-style.com\/sr\/wp-content\/uploads\/2021\/11\/Modni-Dnevnik-S\u030cta-se-ove-sezone-nosi-na-ulicama-Berlina15-300x200.jpg 300w, https:\/\/mrm-style.com\/sr\/wp-content\/uploads\/2021\/11\/Modni-Dnevnik-S\u030cta-se-ove-sezone-nosi-na-ulicama-Berlina15-1024x683.jpg 1024w, https:\/\/mrm-style.com\/sr\/wp-content\/uploads\/2021\/11\/Modni-Dnevnik-S\u030cta-se-ove-sezone-nosi-na-ulicama-Berlina15-768x512.jpg 768w, https:\/\/mrm-style.com\/sr\/wp-content\/uploads\/2021\/11\/Modni-Dnevnik-S\u030cta-se-ove-sezone-nosi-na-ulicama-Berlina15-1536x1024.jpg 1536w, https:\/\/mrm-style.com\/sr\/wp-content\/uploads\/2021\/11\/Modni-Dnevnik-S\u030cta-se-ove-sezone-nosi-na-ulicama-Berlina15-2048x1366.jpg 2048w, https:\/\/mrm-style.com\/sr\/wp-content\/uploads\/2021\/11\/Modni-Dnevnik-S\u030cta-se-ove-sezone-nosi-na-ulicama-Berlina15-1440x960.jpg 1440w, https:\/\/mrm-style.com\/sr\/wp-content\/uploads\/2021\/11\/Modni-Dnevnik-S\u030cta-se-ove-sezone-nosi-na-ulicama-Berlina15-800x534.jpg 800w, https:\/\/mrm-style.com\/sr\/wp-content\/uploads\/2021\/11\/Modni-Dnevnik-S\u030cta-se-ove-sezone-nosi-na-ulicama-Berlina15-550x367.jpg 550w, https:\/\/mrm-style.com\/sr\/wp-content\/uploads\/2021\/11\/Modni-Dnevnik-S\u030cta-se-ove-sezone-nosi-na-ulicama-Berlina15-1920x1281.jpg 1920w, https:\/\/mrm-style.com\/sr\/wp-content\/uploads\/2021\/11\/Modni-Dnevnik-S\u030cta-se-ove-sezone-nosi-na-ulicama-Berlina15-1619x1080.jpg 1619w, https:\/\/mrm-style.com\/sr\/wp-content\/uploads\/2021\/11\/Modni-Dnevnik-S\u030cta-se-ove-sezone-nosi-na-ulicama-Berlina15-900x600.jpg 900w\" sizes=\"auto, (max-width: 2399px) 100vw, 2399px\" \/><\/a><\/figure><\/div>\n\n\n\n<p>Dragi moji ljubitelji mode, do\u0161li smo do kraja ovog specijalnog posta gde smo zajedno otkrili lepotu i sjaj jesenjih odevnih kombinacija! Vidimo se uskoro i nastavljamo na\u0161e modne  avanture na Mr.M blogu! Kako vam se svidela moja dana\u0161nja odevna kombinacija? <\/p>\n\n\n\n<p>Zaista sam se potrudio da vam sa puno ljubavi pripremim dana\u0161nji post i nadam se da \u0107e vam se svideti! <\/p>\n\n\n\n<div class=\"wp-block-image\"><figure class=\"aligncenter size-full\"><a href=\"https:\/\/mrm-style.com\/sr\/wp-content\/uploads\/2021\/11\/Modni-Dnevnik-S\u030cta-se-ove-sezone-nosi-na-ulicama-Berlina2.jpg\"><img loading=\"lazy\" decoding=\"async\" width=\"1600\" height=\"2294\" src=\"https:\/\/mrm-style.com\/sr\/wp-content\/uploads\/2021\/11\/Modni-Dnevnik-S\u030cta-se-ove-sezone-nosi-na-ulicama-Berlina2.jpg\" alt=\"\" class=\"wp-image-7588\" srcset=\"https:\/\/mrm-style.com\/sr\/wp-content\/uploads\/2021\/11\/Modni-Dnevnik-S\u030cta-se-ove-sezone-nosi-na-ulicama-Berlina2.jpg 1600w, https:\/\/mrm-style.com\/sr\/wp-content\/uploads\/2021\/11\/Modni-Dnevnik-S\u030cta-se-ove-sezone-nosi-na-ulicama-Berlina2-209x300.jpg 209w, https:\/\/mrm-style.com\/sr\/wp-content\/uploads\/2021\/11\/Modni-Dnevnik-S\u030cta-se-ove-sezone-nosi-na-ulicama-Berlina2-714x1024.jpg 714w, https:\/\/mrm-style.com\/sr\/wp-content\/uploads\/2021\/11\/Modni-Dnevnik-S\u030cta-se-ove-sezone-nosi-na-ulicama-Berlina2-768x1101.jpg 768w, https:\/\/mrm-style.com\/sr\/wp-content\/uploads\/2021\/11\/Modni-Dnevnik-S\u030cta-se-ove-sezone-nosi-na-ulicama-Berlina2-1071x1536.jpg 1071w, https:\/\/mrm-style.com\/sr\/wp-content\/uploads\/2021\/11\/Modni-Dnevnik-S\u030cta-se-ove-sezone-nosi-na-ulicama-Berlina2-1428x2048.jpg 1428w, https:\/\/mrm-style.com\/sr\/wp-content\/uploads\/2021\/11\/Modni-Dnevnik-S\u030cta-se-ove-sezone-nosi-na-ulicama-Berlina2-1440x2065.jpg 1440w, https:\/\/mrm-style.com\/sr\/wp-content\/uploads\/2021\/11\/Modni-Dnevnik-S\u030cta-se-ove-sezone-nosi-na-ulicama-Berlina2-800x1147.jpg 800w, https:\/\/mrm-style.com\/sr\/wp-content\/uploads\/2021\/11\/Modni-Dnevnik-S\u030cta-se-ove-sezone-nosi-na-ulicama-Berlina2-550x789.jpg 550w, https:\/\/mrm-style.com\/sr\/wp-content\/uploads\/2021\/11\/Modni-Dnevnik-S\u030cta-se-ove-sezone-nosi-na-ulicama-Berlina2-753x1080.jpg 753w, https:\/\/mrm-style.com\/sr\/wp-content\/uploads\/2021\/11\/Modni-Dnevnik-S\u030cta-se-ove-sezone-nosi-na-ulicama-Berlina2-418x600.jpg 418w\" sizes=\"auto, (max-width: 1600px) 100vw, 1600px\" \/><\/a><\/figure><\/div>\n\n\n\n<p>Savetujem vam da zbog trenutne zdrastvene situacije sa novim sojem Lambda Korona virusa u skoro svim kako evropskim, tako i zemljama \u0161irom sveta poslu\u0161ate moj savet. Ako imate potrebu da iza\u0111ete na sve\u017e vazduh, malo pro\u0161etate i razbistrite misli i u\u017eivate u \u010darima leta, slobodno to u\u010dinite, ali ne odlazite na mesta gde ima dosta ljudi i na taj na\u010din podsti\u010dete stvaranje gu\u017eve. <\/p>\n\n\n\n<div class=\"wp-block-image\"><figure class=\"aligncenter size-full\"><a href=\"https:\/\/mrm-style.com\/sr\/wp-content\/uploads\/2021\/11\/Modni-Dnevnik-S\u030cta-se-ove-sezone-nosi-na-ulicama-Berlina12.jpg\"><img loading=\"lazy\" decoding=\"async\" width=\"1600\" height=\"2399\" src=\"https:\/\/mrm-style.com\/sr\/wp-content\/uploads\/2021\/11\/Modni-Dnevnik-S\u030cta-se-ove-sezone-nosi-na-ulicama-Berlina12.jpg\" alt=\"\" class=\"wp-image-7598\" srcset=\"https:\/\/mrm-style.com\/sr\/wp-content\/uploads\/2021\/11\/Modni-Dnevnik-S\u030cta-se-ove-sezone-nosi-na-ulicama-Berlina12.jpg 1600w, https:\/\/mrm-style.com\/sr\/wp-content\/uploads\/2021\/11\/Modni-Dnevnik-S\u030cta-se-ove-sezone-nosi-na-ulicama-Berlina12-200x300.jpg 200w, https:\/\/mrm-style.com\/sr\/wp-content\/uploads\/2021\/11\/Modni-Dnevnik-S\u030cta-se-ove-sezone-nosi-na-ulicama-Berlina12-683x1024.jpg 683w, https:\/\/mrm-style.com\/sr\/wp-content\/uploads\/2021\/11\/Modni-Dnevnik-S\u030cta-se-ove-sezone-nosi-na-ulicama-Berlina12-768x1152.jpg 768w, https:\/\/mrm-style.com\/sr\/wp-content\/uploads\/2021\/11\/Modni-Dnevnik-S\u030cta-se-ove-sezone-nosi-na-ulicama-Berlina12-1024x1536.jpg 1024w, https:\/\/mrm-style.com\/sr\/wp-content\/uploads\/2021\/11\/Modni-Dnevnik-S\u030cta-se-ove-sezone-nosi-na-ulicama-Berlina12-1366x2048.jpg 1366w, https:\/\/mrm-style.com\/sr\/wp-content\/uploads\/2021\/11\/Modni-Dnevnik-S\u030cta-se-ove-sezone-nosi-na-ulicama-Berlina12-1440x2159.jpg 1440w, https:\/\/mrm-style.com\/sr\/wp-content\/uploads\/2021\/11\/Modni-Dnevnik-S\u030cta-se-ove-sezone-nosi-na-ulicama-Berlina12-800x1200.jpg 800w, https:\/\/mrm-style.com\/sr\/wp-content\/uploads\/2021\/11\/Modni-Dnevnik-S\u030cta-se-ove-sezone-nosi-na-ulicama-Berlina12-550x825.jpg 550w, https:\/\/mrm-style.com\/sr\/wp-content\/uploads\/2021\/11\/Modni-Dnevnik-S\u030cta-se-ove-sezone-nosi-na-ulicama-Berlina12-720x1080.jpg 720w, https:\/\/mrm-style.com\/sr\/wp-content\/uploads\/2021\/11\/Modni-Dnevnik-S\u030cta-se-ove-sezone-nosi-na-ulicama-Berlina12-400x600.jpg 400w\" sizes=\"auto, (max-width: 1600px) 100vw, 1600px\" \/><\/a><\/figure><\/div>\n\n\n\n<p>Ako ste se vakcinisali (obe doze vakcine)  potrebno je da nosite masku zbog sopstvene sigurnosti. Sezona jesenjih putovanja je u toku i mnogi su odlu\u010dili da jesen provedu u evropskim  metropolama, zamolio bih vas da po\u0161tujete lokalne zakone vezane za  zdrastvenu za\u0161titu zajednice.<\/p>\n\n\n\n<p>Ako imate neka pitanja, komentare, predloge ili neku poruku za mene, mo\u017eete mi pisati dole u komentarima. Naravno, kao i uvek mo\u017eete me kontaktirati putem mejla ili kanala na dru\u0161tvenim mre\u017eama, koje mo\u017eete prona\u0107i na stranici\u00a0<em><strong><a href=\"https:\/\/mrm-style.com\/sr\/kontakt\/\">KONTAKT<\/a><\/strong><\/em>. Vidimo se uskoro!<\/p>\n\n\n\n<p><em>S ljubavlju iz Berlina,<\/em><br><strong>Mr.M<\/strong><\/p>\n\n\n\n<div class=\"wp-block-image\"><figure class=\"aligncenter size-full\"><a href=\"https:\/\/mrm-style.com\/sr\/wp-content\/uploads\/2021\/11\/Modni-Dnevnik-S\u030cta-se-ove-sezone-nosi-na-ulicama-Berlina13.jpg\"><img loading=\"lazy\" decoding=\"async\" width=\"2399\" height=\"1600\" src=\"https:\/\/mrm-style.com\/sr\/wp-content\/uploads\/2021\/11\/Modni-Dnevnik-S\u030cta-se-ove-sezone-nosi-na-ulicama-Berlina13.jpg\" alt=\"\" class=\"wp-image-7599\" srcset=\"https:\/\/mrm-style.com\/sr\/wp-content\/uploads\/2021\/11\/Modni-Dnevnik-S\u030cta-se-ove-sezone-nosi-na-ulicama-Berlina13.jpg 2399w, https:\/\/mrm-style.com\/sr\/wp-content\/uploads\/2021\/11\/Modni-Dnevnik-S\u030cta-se-ove-sezone-nosi-na-ulicama-Berlina13-300x200.jpg 300w, https:\/\/mrm-style.com\/sr\/wp-content\/uploads\/2021\/11\/Modni-Dnevnik-S\u030cta-se-ove-sezone-nosi-na-ulicama-Berlina13-1024x683.jpg 1024w, https:\/\/mrm-style.com\/sr\/wp-content\/uploads\/2021\/11\/Modni-Dnevnik-S\u030cta-se-ove-sezone-nosi-na-ulicama-Berlina13-768x512.jpg 768w, https:\/\/mrm-style.com\/sr\/wp-content\/uploads\/2021\/11\/Modni-Dnevnik-S\u030cta-se-ove-sezone-nosi-na-ulicama-Berlina13-1536x1024.jpg 1536w, https:\/\/mrm-style.com\/sr\/wp-content\/uploads\/2021\/11\/Modni-Dnevnik-S\u030cta-se-ove-sezone-nosi-na-ulicama-Berlina13-2048x1366.jpg 2048w, https:\/\/mrm-style.com\/sr\/wp-content\/uploads\/2021\/11\/Modni-Dnevnik-S\u030cta-se-ove-sezone-nosi-na-ulicama-Berlina13-1440x960.jpg 1440w, https:\/\/mrm-style.com\/sr\/wp-content\/uploads\/2021\/11\/Modni-Dnevnik-S\u030cta-se-ove-sezone-nosi-na-ulicama-Berlina13-800x534.jpg 800w, https:\/\/mrm-style.com\/sr\/wp-content\/uploads\/2021\/11\/Modni-Dnevnik-S\u030cta-se-ove-sezone-nosi-na-ulicama-Berlina13-550x367.jpg 550w, https:\/\/mrm-style.com\/sr\/wp-content\/uploads\/2021\/11\/Modni-Dnevnik-S\u030cta-se-ove-sezone-nosi-na-ulicama-Berlina13-1920x1281.jpg 1920w, https:\/\/mrm-style.com\/sr\/wp-content\/uploads\/2021\/11\/Modni-Dnevnik-S\u030cta-se-ove-sezone-nosi-na-ulicama-Berlina13-1619x1080.jpg 1619w, https:\/\/mrm-style.com\/sr\/wp-content\/uploads\/2021\/11\/Modni-Dnevnik-S\u030cta-se-ove-sezone-nosi-na-ulicama-Berlina13-900x600.jpg 900w\" sizes=\"auto, (max-width: 2399px) 100vw, 2399px\" \/><\/a><\/figure><\/div>\n\n\n\n<p class=\"has-text-align-center\"><strong><em>Ovaj post je sponzorisan od strane <a href=\"https:\/\/skandinavikfur.com\/\">SKANDINAVIK FUR<\/a>, <\/em><a href=\"https:\/\/www.jacobcohen.com\/\"><em>Jacob<\/em> <em>Coh\u00ebn<\/em><\/a>, <em><a href=\"https:\/\/stenstroms.com\/en\">Stenstr\u00f6ms<\/a> i <a href=\"https:\/\/www.robertocavalli.com\/en-rs\/\">Roberto Cavalli<\/a> brendova. Ovaj post predstavlja moju li\u010dnu i iskrenu recenziju njihovih proizvoda.<\/em><\/strong><\/p>\n","protected":false},"excerpt":{"rendered":"<p>Dragi moji ljubitelje mode, dobro do\u0161li u novu modnu avanturu na Mr.M blogu. U dana\u0161njem blog postu prikaza\u0107u vam neke modne komade koje ove godine mo\u017eete sresti na ulicama prestonice Nema\u010dke &#8211; Berlina. Berlin je sam po sebi neobi\u010dna modna metropola koja je poznata po uli\u010dnoj, urbanoj modi sa nekim neobi\u010dnim detaljima koji mogu zaseniti turiste koji pose\u0107uju ovaj grad u Evropi koji bukvalno &#8220;\u017eivi 24 \u010dasa&#8221;. Ovu krznenu jaknu ste imali prilike da vidite u elegantnijem izdanju sa klasi\u010dnim pantalonama &#8211; post. Kada se odlu\u010dite na kupovinu luksuznog, vanvremenskog,&#8230; <span class=\"more\"><a class=\"more-link\" href=\"https:\/\/mrm-style.com\/sr\/modni-dnevnik-sta-se-ove-sezone-nosi-na-ulicama-berlina\/\">Read More<\/a><\/span><\/p>\n","protected":false},"author":1,"featured_media":7592,"comment_status":"open","ping_status":"open","sticky":false,"template":"","format":"standard","meta":{"om_disable_all_campaigns":false,"_monsterinsights_skip_tracking":false,"_monsterinsights_sitenote_active":false,"_monsterinsights_sitenote_note":"","_monsterinsights_sitenote_category":0,"footnotes":""},"categories":[52,159],"tags":[131,133,6634,7148,56,89,1075,1117,54,55,2331,3862,3149,3194,1825,5310,7058,6631,90,142],"class_list":["post-7585","post","type-post","status-publish","format-standard","has-post-thumbnail","hentry","category-moda","category-outfit-post","tag-berlin","tag-deutschland","tag-jacob-cohen","tag-made-in-greece","tag-marko-tadic","tag-moda","tag-modni-blog","tag-modni-bloger","tag-mr-m","tag-mr-m-by-marko-tadic","tag-mrmbymarkotadic","tag-mrmbymarkotadic-instagram","tag-muska-moda","tag-muska-odeca","tag-nemacka","tag-roberto-cavalli","tag-skandinavik-fur","tag-stenstroms","tag-stil","tag-ulicni-stil"],"aioseo_notices":[],"_links":{"self":[{"href":"https:\/\/mrm-style.com\/sr\/wp-json\/wp\/v2\/posts\/7585","targetHints":{"allow":["GET"]}}],"collection":[{"href":"https:\/\/mrm-style.com\/sr\/wp-json\/wp\/v2\/posts"}],"about":[{"href":"https:\/\/mrm-style.com\/sr\/wp-json\/wp\/v2\/types\/post"}],"author":[{"embeddable":true,"href":"https:\/\/mrm-style.com\/sr\/wp-json\/wp\/v2\/users\/1"}],"replies":[{"embeddable":true,"href":"https:\/\/mrm-style.com\/sr\/wp-json\/wp\/v2\/comments?post=7585"}],"version-history":[{"count":10,"href":"https:\/\/mrm-style.com\/sr\/wp-json\/wp\/v2\/posts\/7585\/revisions"}],"predecessor-version":[{"id":7613,"href":"https:\/\/mrm-style.com\/sr\/wp-json\/wp\/v2\/posts\/7585\/revisions\/7613"}],"wp:featuredmedia":[{"embeddable":true,"href":"https:\/\/mrm-style.com\/sr\/wp-json\/wp\/v2\/media\/7592"}],"wp:attachment":[{"href":"https:\/\/mrm-style.com\/sr\/wp-json\/wp\/v2\/media?parent=7585"}],"wp:term":[{"taxonomy":"category","embeddable":true,"href":"https:\/\/mrm-style.com\/sr\/wp-json\/wp\/v2\/categories?post=7585"},{"taxonomy":"post_tag","embeddable":true,"href":"https:\/\/mrm-style.com\/sr\/wp-json\/wp\/v2\/tags?post=7585"}],"curies":[{"name":"wp","href":"https:\/\/api.w.org\/{rel}","templated":true}]}}